{"data":[{"id":"9782343093062","title":"Apprentissage en contexte culturel plurilingue et num\u00e9rique","description":"Les recherches pr\u00e9sent\u00e9es mettent l'accent sur l'importance de la contextualisation dans la mise en oeuvre et la qualit\u00e9 du processus d'enseignement \/ apprentissage. A l'heure de la mondialisation et de la g\u00e9n\u00e9ralisation de l'utilisation d'Internet et des r\u00e9seaux sociaux, elles aident \u00e0 mieux comprendre les rapports entre TICE, cognition, langue, culture et apprentissage.","authors":["Denis Legros","Afsata Par\u00e9-Kabor\u00e9","Fran\u00e7ois Sawadogo"],"category_codes":["9000000","9100000"],"visuals":{"large":"https:\/\/images.epagine.fr\/062\/9782343093062_1_75.jpg","medium":"https:\/\/images.epagine.fr\/062\/9782343093062_1_m.jpg","thumbnail":"https:\/\/images.epagine.fr\/062\/9782343093062_1_v.jpg"},"orderable":true,"show_badge":true,"formatted_price":"35,00&nbsp;\u20ac","formatted_published_date":"23 mai 2016","publisher_availability_label":"Sur commande","short_details":"Denis Legros, Afsata Par\u00e9-Kabor\u00e9, Fran\u00e7ois Sawadogo \u2014 \u00c9ditions L'Harmattan","translator":null,"weight":400,"page_count":332,"readership":null,"editor":"\u00c9ditions L'Harmattan","price":3500,"published_date":"2016-05-22T22:00:00.000000Z","support":"Grand format","publisher_availability":1,"stock":0,"editions":[],"url":"https:\/\/quaidesbrumes.com\/ouvrage\/9782343093062\/apprentissage-en-contexte-culturel-plurilingue-et-numerique"},{"id":"9782013604208","title":"Le dialecte berb\u00e8re de R'\u00e9dam\u00e8s","description":"Le dialecte berb\u00e8re de R'\u00e9dam\u00e8s \/ par A. de C. Motylinski...\r\nDate de l'\u00e9dition originale : 1904\r\nCollection : Publications de l'\u00c9cole des lettres d'Alger\r\n\r\nLe pr\u00e9sent ouvrage s'inscrit dans une politique de conservation patrimoniale des ouvrages de la litt\u00e9rature Fran\u00e7aise mise en place avec la BNF.\r\nHACHETTE LIVRE et la BNF proposent ainsi un catalogue de titres indisponibles, la BNF ayant num\u00e9ris\u00e9 ces oeuvres et HACHETTE LIVRE les imprimant \u00e0 la demande.\r\nCertains de ces ouvrages refl\u00e8tent des courants de pens\u00e9e caract\u00e9ristiques de leur \u00e9poque, mais qui seraient aujourd'hui jug\u00e9s condamnables.\r\nIls n'en appartiennent pas moins \u00e0 l'histoire des id\u00e9es en France et sont susceptibles de pr\u00e9senter un int\u00e9r\u00eat scientifique ou historique.\r\nLe sens de notre d\u00e9marche \u00e9ditoriale consiste ainsi \u00e0 permettre l'acc\u00e8s \u00e0 ces oeuvres sans pour autant que nous en cautionnions en aucune fa\u00e7on le contenu.\r\n\r\nPour plus d'informations, rendez-vous sur www.hachettebnf.fr","authors":["Calassanti-Motylinsk"],"category_codes":["9000000","9100000"],"visuals":{"large":"https:\/\/images.epagine.fr\/208\/9782013604208_1_75.jpg","medium":"https:\/\/images.epagine.fr\/208\/9782013604208_1_m.jpg","thumbnail":"https:\/\/images.epagine.fr\/208\/9782013604208_1_v.jpg"},"orderable":true,"show_badge":true,"formatted_price":"17,50&nbsp;\u20ac","formatted_published_date":"1er mai 2016","publisher_availability_label":"Sur commande","short_details":"Calassanti-Motylinsk \u2014 Hachette BNF","translator":null,"weight":243,"page_count":166,"readership":null,"editor":"Hachette BNF","price":1750,"published_date":"2016-04-30T22:00:00.000000Z","support":"Grand format","publisher_availability":1,"stock":0,"editions":[],"url":"https:\/\/quaidesbrumes.com\/ouvrage\/9782013604208\/le-dialecte-berbere-de-redames"},{"id":"9782013604307","title":"L'\u00e9cole primaire et l'\u00e9ducation morale d\u00e9mocratique","description":"L'\u00e9cole primaire et l'\u00e9ducation morale d\u00e9mocratique \/ Alfred Moulet,... ; pr\u00e9face de F. Buisson,...\r\nDate de l'\u00e9dition originale : 1915\r\n\r\nLe pr\u00e9sent ouvrage s'inscrit dans une politique de conservation patrimoniale des ouvrages de la litt\u00e9rature Fran\u00e7aise mise en place avec la BNF.\r\nHACHETTE LIVRE et la BNF proposent ainsi un catalogue de titres indisponibles, la BNF ayant num\u00e9ris\u00e9 ces oeuvres et HACHETTE LIVRE les imprimant \u00e0 la demande.\r\nCertains de ces ouvrages refl\u00e8tent des courants de pens\u00e9e caract\u00e9ristiques de leur \u00e9poque, mais qui seraient aujourd'hui jug\u00e9s condamnables.\r\nIls n'en appartiennent pas moins \u00e0 l'histoire des id\u00e9es en France et sont susceptibles de pr\u00e9senter un int\u00e9r\u00eat scientifique ou historique.\r\nLe sens de notre d\u00e9marche \u00e9ditoriale consiste ainsi \u00e0 permettre l'acc\u00e8s \u00e0 ces oeuvres sans pour autant que nous en cautionnions en aucune fa\u00e7on le contenu.\r\n\r\nPour plus d'informations, rendez-vous sur www.hachettebnf.fr","authors":["Moulet"],"category_codes":["9000000","9100000","9100500"],"visuals":{"large":"https:\/\/images.epagine.fr\/307\/9782013604307_1_75.jpg","medium":"https:\/\/images.epagine.fr\/307\/9782013604307_1_m.jpg","thumbnail":"https:\/\/images.epagine.fr\/307\/9782013604307_1_v.jpg"},"orderable":true,"show_badge":true,"formatted_price":"26,50&nbsp;\u20ac","formatted_published_date":"1er mai 2016","publisher_availability_label":"Sur commande","short_details":"Moulet \u2014 Hachette BNF","translator":null,"weight":568,"page_count":404,"readership":null,"editor":"Hachette BNF","price":2650,"published_date":"2016-04-30T22:00:00.000000Z","support":"Grand format","publisher_availability":1,"stock":0,"editions":[],"url":"https:\/\/quaidesbrumes.com\/ouvrage\/9782013604307\/lecole-primaire-et-leducation-morale-democratique"},{"id":"9782013605168","title":"Dressage simplifi\u00e9 du cheval de selle","description":"Dressage simplifi\u00e9 du cheval de selle\r\nDate de l'\u00e9dition originale : 1886\r\n\r\nLe pr\u00e9sent ouvrage s'inscrit dans une politique de conservation patrimoniale des ouvrages de la litt\u00e9rature Fran\u00e7aise mise en place avec la BNF.\r\nHACHETTE LIVRE et la BNF proposent ainsi un catalogue de titres indisponibles, la BNF ayant num\u00e9ris\u00e9 ces oeuvres et HACHETTE LIVRE les imprimant \u00e0 la demande.\r\nCertains de ces ouvrages refl\u00e8tent des courants de pens\u00e9e caract\u00e9ristiques de leur \u00e9poque, mais qui seraient aujourd'hui jug\u00e9s condamnables.\r\nIls n'en appartiennent pas moins \u00e0 l'histoire des id\u00e9es en France et sont susceptibles de pr\u00e9senter un int\u00e9r\u00eat scientifique ou historique.\r\nLe sens de notre d\u00e9marche \u00e9ditoriale consiste ainsi \u00e0 permettre l'acc\u00e8s \u00e0 ces oeuvres sans pour autant que nous en cautionnions en aucune fa\u00e7on le contenu.\r\n\r\nPour plus d'informations, rendez-vous sur www.hachettebnf.fr","authors":["Musany F."],"category_codes":["9000000","9100000","9100500"],"visuals":{"large":"https:\/\/images.epagine.fr\/168\/9782013605168_1_75.jpg","medium":"https:\/\/images.epagine.fr\/168\/9782013605168_1_m.jpg","thumbnail":"https:\/\/images.epagine.fr\/168\/9782013605168_1_v.jpg"},"orderable":true,"show_badge":true,"formatted_price":"16,00&nbsp;\u20ac","formatted_published_date":"1er mai 2016","publisher_availability_label":"Sur commande","short_details":"Musany F. \u2014 Hachette BNF","translator":null,"weight":176,"page_count":114,"readership":null,"editor":"Hachette BNF","price":1600,"published_date":"2016-04-30T22:00:00.000000Z","support":"Grand format","publisher_availability":1,"stock":0,"editions":[],"url":"https:\/\/quaidesbrumes.com\/ouvrage\/9782013605168\/dressage-simplifie-du-cheval-de-selle"},{"id":"9782013605595","title":"Biblioth\u00e8que de feu M. le Dr H. Schl\u00e9gel","description":"Biblioth\u00e8que de feu M. le Dr H. Schl\u00e9gel,...\r\nDate de l'\u00e9dition originale : 1884\r\n[Collection (Livres). Schl\u00e9gel, H. (Dr). 1884]\r\n\r\nLe pr\u00e9sent ouvrage s'inscrit dans une politique de conservation patrimoniale des ouvrages de la litt\u00e9rature Fran\u00e7aise mise en place avec la BNF.\r\nHACHETTE LIVRE et la BNF proposent ainsi un catalogue de titres indisponibles, la BNF ayant num\u00e9ris\u00e9 ces oeuvres et HACHETTE LIVRE les imprimant \u00e0 la demande.\r\nCertains de ces ouvrages refl\u00e8tent des courants de pens\u00e9e caract\u00e9ristiques de leur \u00e9poque, mais qui seraient aujourd'hui jug\u00e9s condamnables.\r\nIls n'en appartiennent pas moins \u00e0 l'histoire des id\u00e9es en France et sont susceptibles de pr\u00e9senter un int\u00e9r\u00eat scientifique ou historique.\r\nLe sens de notre d\u00e9marche \u00e9ditoriale consiste ainsi \u00e0 permettre l'acc\u00e8s \u00e0 ces oeuvres sans pour autant que nous en cautionnions en aucune fa\u00e7on le contenu.\r\n\r\nPour plus d'informations, rendez-vous sur www.hachettebnf.fr","authors":[],"category_codes":["9000000","9100000","9100400"],"visuals":{"large":"https:\/\/images.epagine.fr\/595\/9782013605595_1_75.jpg","medium":"https:\/\/images.epagine.fr\/595\/9782013605595_1_m.jpg","thumbnail":"https:\/\/images.epagine.fr\/595\/9782013605595_1_v.jpg"},"orderable":true,"show_badge":true,"formatted_price":"18,00&nbsp;\u20ac","formatted_published_date":"1er mai 2016","publisher_availability_label":"Sur commande","short_details":"Hachette BNF","translator":null,"weight":254,"page_count":172,"readership":null,"editor":"Hachette BNF","price":1800,"published_date":"2016-04-30T22:00:00.000000Z","support":"Grand format","publisher_availability":1,"stock":0,"editions":[],"url":"https:\/\/quaidesbrumes.com\/ouvrage\/9782013605595\/bibliotheque-de-feu-m-le-dr-h-schlegel"},{"id":"9782013606103","title":"Collection Eug\u00e8ne Piot. Antiquit\u00e9s","description":"Collection Eug\u00e8ne Piot. Antiquit\u00e9s...\r\nDate de l'\u00e9dition originale : 1890\r\n[Collection (Art). Piot, Eug\u00e8ne. 1890]\r\n\r\nLe pr\u00e9sent ouvrage s'inscrit dans une politique de conservation patrimoniale des ouvrages de la litt\u00e9rature Fran\u00e7aise mise en place avec la BNF.\r\nHACHETTE LIVRE et la BNF proposent ainsi un catalogue de titres indisponibles, la BNF ayant num\u00e9ris\u00e9 ces oeuvres et HACHETTE LIVRE les imprimant \u00e0 la demande.\r\nCertains de ces ouvrages refl\u00e8tent des courants de pens\u00e9e caract\u00e9ristiques de leur \u00e9poque, mais qui seraient aujourd'hui jug\u00e9s condamnables.\r\nIls n'en appartiennent pas moins \u00e0 l'histoire des id\u00e9es en France et sont susceptibles de pr\u00e9senter un int\u00e9r\u00eat scientifique ou historique.\r\nLe sens de notre d\u00e9marche \u00e9ditoriale consiste ainsi \u00e0 permettre l'acc\u00e8s \u00e0 ces oeuvres sans pour autant que nous en cautionnions en aucune fa\u00e7on le contenu.\r\n\r\nPour plus d'informations, rendez-vous sur www.hachettebnf.fr","authors":[],"category_codes":["9000000","9100000","9100400"],"visuals":{"large":"https:\/\/images.epagine.fr\/103\/9782013606103_1_75.jpg","medium":"https:\/\/images.epagine.fr\/103\/9782013606103_1_m.jpg","thumbnail":"https:\/\/images.epagine.fr\/103\/9782013606103_1_v.jpg"},"orderable":true,"show_badge":true,"formatted_price":"18,00&nbsp;\u20ac","formatted_published_date":"1er mai 2016","publisher_availability_label":"Sur commande","short_details":"Hachette BNF","translator":null,"weight":254,"page_count":172,"readership":null,"editor":"Hachette BNF","price":1800,"published_date":"2016-04-30T22:00:00.000000Z","support":"Grand format","publisher_availability":1,"stock":0,"editions":[],"url":"https:\/\/quaidesbrumes.com\/ouvrage\/9782013606103\/collection-eugene-piot-antiquites"},{"id":"9782013606301","title":"Premi\u00e8res notions d'\u00e9ducation physique rationnelle et de r\u00e9g\u00e9n\u00e9ration de la race","description":"Premi\u00e8res notions d'\u00e9ducation physique rationnelle et de r\u00e9g\u00e9n\u00e9ration de la race \u00e0 l'usage des \u00e9tablissements scolaires dans les colonies, par M. Ch. Vareilles,...\r\nDate de l'\u00e9dition originale : 1919\r\n\r\nLe pr\u00e9sent ouvrage s'inscrit dans une politique de conservation patrimoniale des ouvrages de la litt\u00e9rature Fran\u00e7aise mise en place avec la BNF.\r\nHACHETTE LIVRE et la BNF proposent ainsi un catalogue de titres indisponibles, la BNF ayant num\u00e9ris\u00e9 ces oeuvres et HACHETTE LIVRE les imprimant \u00e0 la demande.\r\nCertains de ces ouvrages refl\u00e8tent des courants de pens\u00e9e caract\u00e9ristiques de leur \u00e9poque, mais qui seraient aujourd'hui jug\u00e9s condamnables.\r\nIls n'en appartiennent pas moins \u00e0 l'histoire des id\u00e9es en France et sont susceptibles de pr\u00e9senter un int\u00e9r\u00eat scientifique ou historique.\r\nLe sens de notre d\u00e9marche \u00e9ditoriale consiste ainsi \u00e0 permettre l'acc\u00e8s \u00e0 ces oeuvres sans pour autant que nous en cautionnions en aucune fa\u00e7on le contenu.\r\n\r\nPour plus d'informations, rendez-vous sur www.hachettebnf.fr","authors":["Vareilles Charles"],"category_codes":["9000000","9100000","9100500"],"visuals":{"large":"https:\/\/images.epagine.fr\/301\/9782013606301_1_75.jpg","medium":"https:\/\/images.epagine.fr\/301\/9782013606301_1_m.jpg","thumbnail":"https:\/\/images.epagine.fr\/301\/9782013606301_1_v.jpg"},"orderable":true,"show_badge":true,"formatted_price":"16,50&nbsp;\u20ac","formatted_published_date":"1er mai 2016","publisher_availability_label":"Sur commande","short_details":"Vareilles Charles \u2014 Hachette BNF","translator":null,"weight":180,"page_count":120,"readership":null,"editor":"Hachette BNF","price":1650,"published_date":"2016-04-30T22:00:00.000000Z","support":"Grand format","publisher_availability":1,"stock":0,"editions":[],"url":"https:\/\/quaidesbrumes.com\/ouvrage\/9782013606301\/premieres-notions-deducation-physique-rationnelle-et-de-regeneration-de-la-race"},{"id":"9782343081458","title":"Mes rencontres avec les langues : Une approche empirique de la connaissance des langues","description":"La connaissance des langues inclut une grande part d'imitation, ainsi qu'une conception des \"langues\" \u00e9largie. Afin d'expliquer pourquoi certains peuples se comprennent, et d'autres non, la phon\u00e9tique, la g\u00e9ographie et l'histoire, sont de s\u00e9rieux atouts. Par ailleurs, le linguiste doit voyager, aller \u00e0 la rencontre des peuples, et donc se faire ethnologue ou philosophe. L'auteur nous am\u00e8ne donc \u00e0 reconsid\u00e9rer ce qui nous semble trop souvent un acquis.","authors":["Jean-R\u00e9gis Mirbeau-Gauvin"],"category_codes":["9000000","9100000"],"visuals":{"large":"https:\/\/images.epagine.fr\/458\/9782343081458_1_75.jpg","medium":"https:\/\/images.epagine.fr\/458\/9782343081458_1_m.jpg","thumbnail":"https:\/\/images.epagine.fr\/458\/9782343081458_1_v.jpg"},"orderable":true,"show_badge":true,"formatted_price":"30,00&nbsp;\u20ac","formatted_published_date":"22 juin 2016","publisher_availability_label":"Sur commande","short_details":"Jean-R\u00e9gis Mirbeau-Gauvin \u2014 \u00c9ditions L'Harmattan","translator":null,"weight":325,"page_count":276,"readership":null,"editor":"\u00c9ditions L'Harmattan","price":3000,"published_date":"2016-06-21T22:00:00.000000Z","support":"Grand format","publisher_availability":1,"stock":0,"editions":[],"url":"https:\/\/quaidesbrumes.com\/ouvrage\/9782343081458\/mes-rencontres-avec-les-langues-une-approche-empirique-de-la-connaissance-des-langues"},{"id":"9782372760096","title":"La r\u00e9gionalit\u00e9 lexicale du fran\u00e7ais au Moyen \u00c2ge : volume th\u00e9matique issu du colloque de Zurich","description":"La variation diatopique du lexique fran\u00e7ais m\u00e9di\u00e9val constitue une dimension linguistique \u00e0 part enti\u00e8re qui est depuis toujours largement sous-estim\u00e9e - et sous-exploit\u00e9e - par les historiens de la langue, les philologues, les \u00e9diteurs de texte et m\u00eame les lexicographes.\r\n\r\nLe pr\u00e9sent volume souhaite d\u00e9passer les approches centenaires qui ont consid\u00e9r\u00e9 la r\u00e9gionalit\u00e9 lexicale essentiellement au niveau microscopique des lex\u00e8mes ou des textes individuels. Son objectif est d'appr\u00e9hender le ph\u00e9nom\u00e8ne de mani\u00e8re syst\u00e9matique en le pla\u00e7ant dans le cadre interpr\u00e9tatif de la linguistique variationnelle actuelle. \r\n\r\nLe volume comporte deux volets: (i) un inventaire de 2 800 lex\u00e8mes r\u00e9gionaux provenant du territoire d'o\u00efl continental et \u00e9tabli notamment \u00e0 partir de l'oeuvre int\u00e9grale de Gilles Roques, en l'honneur duquel le colloque a \u00e9t\u00e9 r\u00e9alis\u00e9; (ii) une s\u00e9rie d'\u00e9tudes th\u00e9matiques qui tentent d'identifier la place de la r\u00e9gionalit\u00e9 lexicale dans la lexicographie du fran\u00e7ais, dans l'\u00e9volution du diasyst\u00e8me entre le 9e et le 20e si\u00e8cle et dans les diff\u00e9rents genres textuels (litt\u00e9rature profane et religieuse, textes documentaires). Ils mettent \u00e9galement en relief le r\u00f4le du contact linguistique pour la r\u00e9gionalit\u00e9 lexicale et le r\u00f4le de cette derni\u00e8re dans la formation d'une vari\u00e9t\u00e9 standard en comparant le fran\u00e7ais avec les langues voisines (anglais, espagnol et italien).","authors":["Martin Glessgen","David Trotter"],"category_codes":["9000000","9100000","9100200","9100204"],"visuals":{"large":"https:\/\/images.epagine.fr\/096\/9782372760096_1_75.jpg","medium":"https:\/\/images.epagine.fr\/096\/9782372760096_1_m.jpg","thumbnail":"https:\/\/images.epagine.fr\/096\/9782372760096_1_v.jpg"},"orderable":true,"show_badge":true,"formatted_price":"60,00&nbsp;\u20ac","formatted_published_date":"19 juillet 2016","publisher_availability_label":"Sur commande","short_details":"Martin Glessgen, David Trotter \u2014 Eliphi","translator":null,"weight":1300,"page_count":638,"readership":null,"editor":"Eliphi","price":6000,"published_date":"2016-07-18T22:00:00.000000Z","support":"Grand format","publisher_availability":1,"stock":0,"editions":[],"url":"https:\/\/quaidesbrumes.com\/ouvrage\/9782372760096\/la-regionalite-lexicale-du-francais-au-moyen-age-volume-thematique-issu-du-colloque-de-zurich"},{"id":"9782372760102","title":"I centri di espansione nel cambio semantico : per un'interpretazione cognitiva del Franz\u00f6sisches Etymologisches W\u00f6rterbuch","description":"Gli studi di Peter Koch e di Andreas Blank hanno dimostrato l'importanza dei 'centri di espansione' semantica nell'organizzazione interna del lessico, cio\u00e8 di parole predisposte alla creazione di nuovi elementi lessicali. Dato che la parola \u00e8 la realizzazione linguistica di un concetto, per identificare i fattori che definiscono questa alta produttivit\u00e0 semantica occorre ricercare le caratteristiche specifiche di tali concetti cognitivamente salienti.\r\n\r\nL'analisi del presente volume \u00e8 incentrata su un corpus lessicale di 230 etimi ricavati dallo spoglio sistematico del Franz\u00f6sisches Etymologisches W\u00f6rterbuch (FEW) e si sviluppa su due livelli: tramite un'osservazione macroscopica i centri di espansione identificati sono distribuiti in un inventario gerarchizzato di ambiti concettuali salienti, mentre un'osservazione microscopica esamina i tipi di processo semantico-lessicale dei concetti produttivi; in questo modo i tre principali cambi semantici - metafora, metonimia e cambi tassonomici - sono integrati in una nuova gerarchizzazione.\r\nIl presente studio semasiologico-cognitivo sviluppa in modo innovativo il concetto di 'centro di espansione' applicando questa teorizzazione agli straordinari materiali del FEW.","authors":["Linda Steiner"],"category_codes":["9000000","9100000","9100200","9100204"],"visuals":{"large":"https:\/\/images.epagine.fr\/102\/9782372760102_1_75.jpg","medium":"https:\/\/images.epagine.fr\/102\/9782372760102_1_m.jpg","thumbnail":"https:\/\/images.epagine.fr\/102\/9782372760102_1_v.jpg"},"orderable":true,"show_badge":true,"formatted_price":"40,00&nbsp;\u20ac","formatted_published_date":"19 juillet 2016","publisher_availability_label":"Sur commande","short_details":"Linda Steiner \u2014 Eliphi","translator":null,"weight":600,"page_count":260,"readership":null,"editor":"Eliphi","price":4000,"published_date":"2016-07-18T22:00:00.000000Z","support":"Grand format","publisher_availability":1,"stock":0,"editions":[],"url":"https:\/\/quaidesbrumes.com\/ouvrage\/9782372760102\/i-centri-di-espansione-nel-cambio-semantico-per-uninterpretazione-cognitiva-del-franzosisches-etymologisches-worterbuch"},{"id":"9782372760119","title":"L'elemento amerindo nella lingua italiana: lessico, etimologia, storia","description":"L'opera esamina, attraverso un'indagine storico-etimologica condotta con il metodo del Lessico Etimologico Italiano, gli amerindianismi nel sistema lessicale italiano il cui etimo remoto \u00e8 da ricercarsi nelle principali lingue indigene del Centro e del Sud America. L'ingresso di tali parole nella lingua non \u00e8 quasi mai diretto: gli amerindianismi giungono mediati dalle diverse lingue di cultura europee.\r\n\r\nNel presente lavoro, dopo aver fatto una panoramica generale delle lingue amerindie in questione, della relativa lessicografia e dei rapporti tra Vecchio e Nuovo Mondo, viene presentata la storia di ciascun amerindianismo, mostrando oltre all'etimo remoto anche quello prossimo dato dalla lingua europea di mediazione, e, in alcuni casi, anche la sua presenza in codici secondari.\r\n\r\nSi propone cos\u00ec un bilancio complessivo, e tendenzialmente esaustivo almeno in rapporto all'italiano, di uno dei capitoli pi\u00f9 importanti della storia lessicale europea.","authors":["Angelo Variano"],"category_codes":["9000000","9100000","9100200","9100204"],"visuals":{"large":"https:\/\/images.epagine.fr\/119\/9782372760119_1_75.jpg","medium":"https:\/\/images.epagine.fr\/119\/9782372760119_1_m.jpg","thumbnail":"https:\/\/images.epagine.fr\/119\/9782372760119_1_v.jpg"},"orderable":true,"show_badge":true,"formatted_price":"45,00&nbsp;\u20ac","formatted_published_date":"19 juillet 2016","publisher_availability_label":"Sur commande","short_details":"Angelo Variano \u2014 Eliphi","translator":null,"weight":800,"page_count":398,"readership":null,"editor":"Eliphi","price":4500,"published_date":"2016-07-18T22:00:00.000000Z","support":"Grand format","publisher_availability":1,"stock":0,"editions":[],"url":"https:\/\/quaidesbrumes.com\/ouvrage\/9782372760119\/lelemento-amerindo-nella-lingua-italiana-lessico-etimologia-storia"},{"id":"9782343095943","title":"Du local au global ; pratiques et id\u00e9ologies linguistiques en contexte montr\u00e9alais","description":"A l'\u00e9chelle de la francophonie, Montr\u00e9al repr\u00e9sente un cas de figure particulier qui en fait un lieu d'observation privil\u00e9gi\u00e9 pour les sociolinguistes. Ces neuf articles pr\u00e9sentent des aspects vari\u00e9s de la situation sociolinguistique montr\u00e9alaise. L'objectif est de mieux comprendre comment les diff\u00e9rentes dynamiques qui affectent la ville - et qui r\u00e9sultent des multiples r\u00f4les sociaux, \u00e9conomiques et culturels qui sont les siens - affectent les pratiques langagi\u00e8res des Montr\u00e9alais et leurs rapports aux langues en pr\u00e9sence dans la m\u00e9tropole.\r","authors":["Collectif"],"category_codes":["9000000","9100000","9100300","9100301"],"visuals":{"large":"https:\/\/images.epagine.fr\/943\/9782343095943_1_75.jpg","medium":"https:\/\/images.epagine.fr\/943\/9782343095943_1_m.jpg","thumbnail":"https:\/\/images.epagine.fr\/943\/9782343095943_1_v.jpg"},"orderable":true,"show_badge":true,"formatted_price":"29,00&nbsp;\u20ac","formatted_published_date":"21 juillet 2016","publisher_availability_label":"Sur commande","short_details":"Collectif \u2014 \u00c9ditions L'Harmattan","translator":null,"weight":395,"page_count":258,"readership":null,"editor":"\u00c9ditions L'Harmattan","price":2900,"published_date":"2016-07-20T22:00:00.000000Z","support":"Grand format","publisher_availability":1,"stock":0,"editions":[],"url":"https:\/\/quaidesbrumes.com\/ouvrage\/9782343095943\/du-local-au-global-pratiques-et-ideologies-linguistiques-en-contexte-montrealais"},{"id":"9782806635709","title":"Politiques linguistiques et enseignement-apprentissage de fran\u00e7ais : quelles perspectives pour la pluralit\u00e9 linguistique ?","description":"Revue de la F\u00e9d\u00e9ration internationale des professeurs de fran\u00e7ais.","authors":[],"category_codes":["9000000","9100000","9100500"],"visuals":{"large":"https:\/\/images.epagine.fr\/709\/9782806635709_1_75.jpg","medium":"https:\/\/images.epagine.fr\/709\/9782806635709_1_m.jpg","thumbnail":"https:\/\/images.epagine.fr\/709\/9782806635709_1_v.jpg"},"orderable":true,"show_badge":true,"formatted_price":"21,50&nbsp;\u20ac","formatted_published_date":"21 juillet 2016","publisher_availability_label":"Sur commande","short_details":"EME EDITIONS","translator":null,"weight":285,"page_count":192,"readership":null,"editor":"EME EDITIONS","price":2150,"published_date":"2016-07-20T22:00:00.000000Z","support":"Grand format","publisher_availability":1,"stock":0,"editions":[],"url":"https:\/\/quaidesbrumes.com\/ouvrage\/9782806635709\/politiques-linguistiques-et-enseignement-apprentissage-de-francais-quelles-perspectives-pour-la-pluralite-linguistique"},{"id":"9782014087260","title":"Tableaux d'arithmetique, ou introduction a l'etude pratique et theorique du calcul","description":"Le pr\u00e9sent ouvrage s'inscrit dans une politique de conservation patrimoniale des ouvrages de la litt\u00e9rature Fran\u00e7aise mise en place avec la BNF. HACHETTE LIVRE et la BNF proposent ainsi un catalogue de titres indisponibles, la BNF ayant num\u00e9ris\u00e9 ces oeuvres et HACHETTE LIVRE les imprimant \u00e0 la demande. Certains de ces ouvrages refl\u00e8tent des courants de pens\u00e9e caract\u00e9ristiques de leur \u00e9poque, mais qui seraient aujourd'hui jug\u00e9s condamnables. Ils n'en appartiennent pas moins \u00e0 l'histoire des id\u00e9es en France et sont susceptibles de pr\u00e9senter un int\u00e9r\u00eat scientifique ou historique. Le sens de notre d\u00e9marche \u00e9ditoriale consiste ainsi \u00e0 permettre l'acc\u00e8s \u00e0 ces oeuvres sans pour autant que nous en cautionnions en aucune fa\u00e7on le contenu. Pour plus d'informations, rendez-vous sur www.hachettebnf.fr\r","authors":["Rauber-J-B"],"category_codes":["9000000","9100000","9100500"],"visuals":{"large":"https:\/\/images.epagine.fr\/260\/9782014087260_1_75.jpg","medium":"https:\/\/images.epagine.fr\/260\/9782014087260_1_m.jpg","thumbnail":"https:\/\/images.epagine.fr\/260\/9782014087260_1_v.jpg"},"orderable":true,"show_badge":true,"formatted_price":"11,00&nbsp;\u20ac","formatted_published_date":"1er juillet 2017","publisher_availability_label":"Sur commande","short_details":"Rauber-J-B \u2014 Hachette BNF","translator":null,"weight":83,"page_count":null,"readership":null,"editor":"Hachette BNF","price":1100,"published_date":"2017-06-30T22:00:00.000000Z","support":"Grand format","publisher_availability":1,"stock":0,"editions":[],"url":"https:\/\/quaidesbrumes.com\/ouvrage\/9782014087260\/tableaux-darithmetique-ou-introduction-a-letude-pratique-et-theorique-du-calcul"},{"id":"9791023601763","title":"Vers une \u00e9cole de la r\u00e9ussite ; le num\u00e9rique et les neurosciences au service de la transmission","description":"Et si la r\u00e9ussite scolaire \u00e9tait \u00e0 la port\u00e9e de tous les \u00e9l\u00e8ves\u00a0? Et si l'excellence de l'instruction \u00e9tait enfin accessible \u00e0 tous\u00a0? Il est d\u00e9sormais possible de d\u00e9passer le constat d'\u00e9chec de l'\u00e9cole et de relancer l'ascenseur social. Secou\u00e9 par la r\u00e9volution num\u00e9rique, le monde de l'\u00e9ducation d\u00e9couvre de nouvelles possibilit\u00e9s d'apprentissage, mais tombe facilement dans de nombreux pi\u00e8ges, avec pour premi\u00e8re victime la transmission des savoirs. La r\u00e9forme du coll\u00e8ge 2016 est une preuve de plus de la baisse du niveau d'exigence de l'institution scolaire. En parall\u00e8le, les neurosciences comprennent de plus en plus pr\u00e9cis\u00e9ment comment fonctionne le cerveau des \u00e9l\u00e8ves. Ces d\u00e9couvertes nous enseignent comment aider les \u00e9l\u00e8ves \u00e0 apprendre. Or ces avanc\u00e9es scientifiques vont \u00e0 l'encontre de beaucoup d'id\u00e9es p\u00e9dagogiques mises en oeuvre en France depuis quarante ans. Tirant parti avec discernement de ces deux r\u00e9volutions, l'\u00e9quipe des Cours Griffon a mis au point une p\u00e9dagogie attractive et efficace, int\u00e9grant des cours en ligne (diffus\u00e9s par Internet). Cette p\u00e9dagogie a d\u00e9j\u00e0 permis \u00e0 de nombreux \u00e9l\u00e8ves de renouer avec la r\u00e9ussite scolaire et de retrouver confiance en eux. La lutte contre les in\u00e9galit\u00e9s (sociales, financi\u00e8res et g\u00e9ographiques) peut d\u00e9sormais \u00eatre abord\u00e9e sous un angle nouveau. Le n\u00e9cessaire sursaut dont la France a besoin devient possible. Parents, professeurs, psychologues et \u00e9ducateurs trouveront dans cet ouvrage de nouvelles pistes pour agir au quotidien afin d'accro\u00eetre la motivation, le niveau scolaire et l'autonomie des enfants dont ils ont la charge.\r","authors":["Xavier Griffon du bellay"],"category_codes":["9000000","9100000","9100500"],"visuals":{"large":"https:\/\/images.epagine.fr\/763\/9791023601763_1_75.jpg","medium":"https:\/\/images.epagine.fr\/763\/9791023601763_1_m.jpg","thumbnail":"https:\/\/images.epagine.fr\/763\/9791023601763_1_v.jpg"},"orderable":true,"show_badge":true,"formatted_price":"14,00&nbsp;\u20ac","formatted_published_date":"20 juillet 2016","publisher_availability_label":"Sur commande","short_details":"Xavier Griffon du bellay \u2014 Publishroom","translator":null,"weight":200,"page_count":160,"readership":null,"editor":"Publishroom","price":1400,"published_date":"2016-07-19T22:00:00.000000Z","support":"Grand format","publisher_availability":1,"stock":0,"editions":[],"url":"https:\/\/quaidesbrumes.com\/ouvrage\/9791023601763\/vers-une-ecole-de-la-reussite-le-numerique-et-les-neurosciences-au-service-de-la-transmission"},{"id":"9782013610773","title":"Catalogue de beaux et bons livres modernes","description":"[Titre ? 26 mars (Deuxi\u00e8me partie). H\u00f4tel Drouot]\r\nDate de l'\u00e9dition originale : 1898\r\n[Vente (Livres). 1898-03-26. Paris][Collection (Livres). Vaughan, Ernest. 1898]\r\n\r\nLe pr\u00e9sent ouvrage s'inscrit dans une politique de conservation patrimoniale des ouvrages de la litt\u00e9rature Fran\u00e7aise mise en place avec la BNF.\r\nHACHETTE LIVRE et la BNF proposent ainsi un catalogue de titres indisponibles, la BNF ayant num\u00e9ris\u00e9 ces oeuvres et HACHETTE LIVRE les imprimant \u00e0 la demande.\r\nCertains de ces ouvrages refl\u00e8tent des courants de pens\u00e9e caract\u00e9ristiques de leur \u00e9poque, mais qui seraient aujourd'hui jug\u00e9s condamnables.\r\nIls n'en appartiennent pas moins \u00e0 l'histoire des id\u00e9es en France et sont susceptibles de pr\u00e9senter un int\u00e9r\u00eat scientifique ou historique.\r\nLe sens de notre d\u00e9marche \u00e9ditoriale consiste ainsi \u00e0 permettre l'acc\u00e8s \u00e0 ces oeuvres sans pour autant que nous en cautionnions en aucune fa\u00e7on le contenu.\r\n\r\nPour plus d'informations, rendez-vous sur www.hachettebnf.fr","authors":["Th. Belin"],"category_codes":["9000000","9100000","9100400"],"visuals":{"large":"https:\/\/images.epagine.fr\/773\/9782013610773_1_75.jpg","medium":"https:\/\/images.epagine.fr\/773\/9782013610773_1_m.jpg","thumbnail":"https:\/\/images.epagine.fr\/773\/9782013610773_1_v.jpg"},"orderable":true,"show_badge":true,"formatted_price":"11,50&nbsp;\u20ac","formatted_published_date":"1er mai 2016","publisher_availability_label":"Sur commande","short_details":"Th. Belin \u2014 Hachette BNF","translator":null,"weight":102,"page_count":62,"readership":null,"editor":"Hachette BNF","price":1150,"published_date":"2016-04-30T22:00:00.000000Z","support":"Grand format","publisher_availability":1,"stock":0,"editions":[],"url":"https:\/\/quaidesbrumes.com\/ouvrage\/9782013610773\/catalogue-de-beaux-et-bons-livres-modernes"},{"id":"9782013610780","title":"Catalogue de la biblioth\u00e8que de Feu M.G Renouard. Partie 1","description":"[Titre ? 18 mai (Premi\u00e8re partie). H\u00f4tel Drouot]\r\nDate de l'\u00e9dition originale : 1898\r\n[Vente (Livres). 1898-05-18. Paris][Collection (Livres). Renouard, G.. 1898]\r\n\r\nLe pr\u00e9sent ouvrage s'inscrit dans une politique de conservation patrimoniale des ouvrages de la litt\u00e9rature Fran\u00e7aise mise en place avec la BNF.\r\nHACHETTE LIVRE et la BNF proposent ainsi un catalogue de titres indisponibles, la BNF ayant num\u00e9ris\u00e9 ces oeuvres et HACHETTE LIVRE les imprimant \u00e0 la demande.\r\nCertains de ces ouvrages refl\u00e8tent des courants de pens\u00e9e caract\u00e9ristiques de leur \u00e9poque, mais qui seraient aujourd'hui jug\u00e9s condamnables.\r\nIls n'en appartiennent pas moins \u00e0 l'histoire des id\u00e9es en France et sont susceptibles de pr\u00e9senter un int\u00e9r\u00eat scientifique ou historique.\r\nLe sens de notre d\u00e9marche \u00e9ditoriale consiste ainsi \u00e0 permettre l'acc\u00e8s \u00e0 ces oeuvres sans pour autant que nous en cautionnions en aucune fa\u00e7on le contenu.\r\n\r\nPour plus d'informations, rendez-vous sur www.hachettebnf.fr","authors":["Em. Paul"],"category_codes":["9000000","9100000","9100400"],"visuals":{"large":"https:\/\/images.epagine.fr\/780\/9782013610780_1_75.jpg","medium":"https:\/\/images.epagine.fr\/780\/9782013610780_1_m.jpg","thumbnail":"https:\/\/images.epagine.fr\/780\/9782013610780_1_v.jpg"},"orderable":true,"show_badge":true,"formatted_price":"9,50&nbsp;\u20ac","formatted_published_date":"1er mai 2016","publisher_availability_label":"Sur commande","short_details":"Em. Paul \u2014 Hachette BNF","translator":null,"weight":67,"page_count":34,"readership":null,"editor":"Hachette BNF","price":950,"published_date":"2016-04-30T22:00:00.000000Z","support":"Grand format","publisher_availability":1,"stock":0,"editions":[],"url":"https:\/\/quaidesbrumes.com\/ouvrage\/9782013610780\/catalogue-de-la-bibliotheque-de-feu-mg-renouard-partie-1"},{"id":"9782013610964","title":"Catalogue de la biblioth\u00e8que de Feu M.G Renouard. Partie 2","description":"[Titre ? 20 mai Deuxi\u00e8me partie]\r\nDate de l'\u00e9dition originale : 1898\r\n[Vente (Livres). 1898-05-20. Paris][Collection (Livres). Renouard, G.. 1898]\r\n\r\nLe pr\u00e9sent ouvrage s'inscrit dans une politique de conservation patrimoniale des ouvrages de la litt\u00e9rature Fran\u00e7aise mise en place avec la BNF.\r\nHACHETTE LIVRE et la BNF proposent ainsi un catalogue de titres indisponibles, la BNF ayant num\u00e9ris\u00e9 ces oeuvres et HACHETTE LIVRE les imprimant \u00e0 la demande.\r\nCertains de ces ouvrages refl\u00e8tent des courants de pens\u00e9e caract\u00e9ristiques de leur \u00e9poque, mais qui seraient aujourd'hui jug\u00e9s condamnables.\r\nIls n'en appartiennent pas moins \u00e0 l'histoire des id\u00e9es en France et sont susceptibles de pr\u00e9senter un int\u00e9r\u00eat scientifique ou historique.\r\nLe sens de notre d\u00e9marche \u00e9ditoriale consiste ainsi \u00e0 permettre l'acc\u00e8s \u00e0 ces oeuvres sans pour autant que nous en cautionnions en aucune fa\u00e7on le contenu.\r\n\r\nPour plus d'informations, rendez-vous sur www.hachettebnf.fr","authors":["Em. Paul"],"category_codes":["9000000","9100000","9100400"],"visuals":{"large":"https:\/\/images.epagine.fr\/964\/9782013610964_1_75.jpg","medium":"https:\/\/images.epagine.fr\/964\/9782013610964_1_m.jpg","thumbnail":"https:\/\/images.epagine.fr\/964\/9782013610964_1_v.jpg"},"orderable":true,"show_badge":true,"formatted_price":"9,50&nbsp;\u20ac","formatted_published_date":"1er mai 2016","publisher_availability_label":"Sur commande","short_details":"Em. Paul \u2014 Hachette BNF","translator":null,"weight":64,"page_count":32,"readership":null,"editor":"Hachette BNF","price":950,"published_date":"2016-04-30T22:00:00.000000Z","support":"Grand format","publisher_availability":1,"stock":0,"editions":[],"url":"https:\/\/quaidesbrumes.com\/ouvrage\/9782013610964\/catalogue-de-la-bibliotheque-de-feu-mg-renouard-partie-2"},{"id":"9782013610971","title":"Cours \u00e9l\u00e9mentaire d'agriculture, \u00e0 l'usage de l'enseignement primaire sup\u00e9rieur & secondaire moderne","description":"Cours \u00e9l\u00e9mentaire d'agriculture, \u00e0 l'usage de l'enseignement primaire sup\u00e9rieur et de l'enseignement secondaire moderne, par V. Barillot,...\r\nDate de l'\u00e9dition originale : 1895\r\n\r\nLe pr\u00e9sent ouvrage s'inscrit dans une politique de conservation patrimoniale des ouvrages de la litt\u00e9rature Fran\u00e7aise mise en place avec la BNF.\r\nHACHETTE LIVRE et la BNF proposent ainsi un catalogue de titres indisponibles, la BNF ayant num\u00e9ris\u00e9 ces oeuvres et HACHETTE LIVRE les imprimant \u00e0 la demande.\r\nCertains de ces ouvrages refl\u00e8tent des courants de pens\u00e9e caract\u00e9ristiques de leur \u00e9poque, mais qui seraient aujourd'hui jug\u00e9s condamnables.\r\nIls n'en appartiennent pas moins \u00e0 l'histoire des id\u00e9es en France et sont susceptibles de pr\u00e9senter un int\u00e9r\u00eat scientifique ou historique.\r\nLe sens de notre d\u00e9marche \u00e9ditoriale consiste ainsi \u00e0 permettre l'acc\u00e8s \u00e0 ces oeuvres sans pour autant que nous en cautionnions en aucune fa\u00e7on le contenu.\r\n\r\nPour plus d'informations, rendez-vous sur www.hachettebnf.fr","authors":["Barillot V."],"category_codes":["9000000","9100000","9100500"],"visuals":{"large":"https:\/\/images.epagine.fr\/971\/9782013610971_1_75.jpg","medium":"https:\/\/images.epagine.fr\/971\/9782013610971_1_m.jpg","thumbnail":"https:\/\/images.epagine.fr\/971\/9782013610971_1_v.jpg"},"orderable":true,"show_badge":true,"formatted_price":"28,00&nbsp;\u20ac","formatted_published_date":"1er mai 2016","publisher_availability_label":"Sur commande","short_details":"Barillot V. \u2014 Hachette BNF","translator":null,"weight":610,"page_count":436,"readership":null,"editor":"Hachette BNF","price":2800,"published_date":"2016-04-30T22:00:00.000000Z","support":"Grand format","publisher_availability":1,"stock":0,"editions":[],"url":"https:\/\/quaidesbrumes.com\/ouvrage\/9782013610971\/cours-elementaire-dagriculture-a-lusage-de-lenseignement-primaire-superieur-secondaire-moderne"},{"id":"9781784051693","title":"Appropriation sociale des MOOC en France","description":"Alors que les universit\u00e9s am\u00e9ricaines ont d\u00e9j\u00e0 fait des MOOC l'un des axes majeurs de leur d\u00e9veloppement international, la France s'interroge sur ses capacit\u00e9s \u00e0 relever le d\u00e9fi de la diffusion g\u00e9n\u00e9ralis\u00e9e des savoirs par le biais de ces cours en ligne gratuits et ouverts \u00e0 tous.\u00a0Suite \u00e0 l'\u00e9mergence des MOOC au niveau mondial, cet ouvrage retrace leur gen\u00e8se et examine les processus d'appropriation mis en oeuvre depuis leur adoption en France jusqu'aux premi\u00e8res tentatives d'institutionnalisation (FUN). Implant\u00e9s sur notre territoire sans remaniement, les mod\u00e8les des premiers MOOC nord-am\u00e9ricains sont confront\u00e9s aux conjonctures socio-\u00e9conomiques fran\u00e7aises. Entre tensions et adaptations, les processus de r\u00e9gulation sont ici minutieusement observ\u00e9s et analys\u00e9s en tenant compte de la dimension interculturelle des MOOC.\u00a0Fond\u00e9e sur des r\u00e9sultats exp\u00e9rimentaux obtenus \u00e0 partir d'enqu\u00eates et d'entretiens de terrain, cette \u00e9tude conduit \u00e0 entrevoir des perspectives plausibles quant au devenir des MOOC en France.\r","authors":["Emmanuelle Chevry p\u00e9bayle","Bernard Coulibaly","Isabelle Rossini","Marc Trestini"],"category_codes":["9000000","9100000","9100400","9100403"],"visuals":{"large":"https:\/\/images.epagine.fr\/693\/9781784051693_1_75.jpg","medium":"https:\/\/images.epagine.fr\/693\/9781784051693_1_m.jpg","thumbnail":"https:\/\/images.epagine.fr\/693\/9781784051693_1_v.jpg"},"orderable":true,"show_badge":true,"formatted_price":"22,16&nbsp;\u20ac","formatted_published_date":"22 juillet 2016","publisher_availability_label":"Sur commande","short_details":"Emmanuelle Chevry p\u00e9bayle, Bernard Coulibaly, Isabelle Rossini, Marc Trestini \u2014 Iste","translator":null,"weight":255,"page_count":230,"readership":null,"editor":"Iste","price":2216,"published_date":"2016-07-21T22:00:00.000000Z","support":"Grand format","publisher_availability":1,"stock":0,"editions":[],"url":"https:\/\/quaidesbrumes.com\/ouvrage\/9781784051693\/appropriation-sociale-des-mooc-en-france"},{"id":"9782013611244","title":"Le\u00e7ons de zoologie, conformes aux programmes officiels du 31 mai 1902, pour la classe de troisi\u00e8me B","description":"Le\u00e7ons de zoologie, conformes aux programmes officiels du 31 mai 1902, pour la classe de troisi\u00e8me B, par Er. Belzung,...\r\nDate de l'\u00e9dition originale : 1905\r\n\r\nLe pr\u00e9sent ouvrage s'inscrit dans une politique de conservation patrimoniale des ouvrages de la litt\u00e9rature Fran\u00e7aise mise en place avec la BNF.\r\nHACHETTE LIVRE et la BNF proposent ainsi un catalogue de titres indisponibles, la BNF ayant num\u00e9ris\u00e9 ces oeuvres et HACHETTE LIVRE les imprimant \u00e0 la demande.\r\nCertains de ces ouvrages refl\u00e8tent des courants de pens\u00e9e caract\u00e9ristiques de leur \u00e9poque, mais qui seraient aujourd'hui jug\u00e9s condamnables.\r\nIls n'en appartiennent pas moins \u00e0 l'histoire des id\u00e9es en France et sont susceptibles de pr\u00e9senter un int\u00e9r\u00eat scientifique ou historique.\r\nLe sens de notre d\u00e9marche \u00e9ditoriale consiste ainsi \u00e0 permettre l'acc\u00e8s \u00e0 ces oeuvres sans pour autant que nous en cautionnions en aucune fa\u00e7on le contenu.\r\n\r\nPour plus d'informations, rendez-vous sur www.hachettebnf.fr","authors":["Belzung Er"],"category_codes":["9000000","9100000","9100500"],"visuals":{"large":"https:\/\/images.epagine.fr\/244\/9782013611244_1_75.jpg","medium":"https:\/\/images.epagine.fr\/244\/9782013611244_1_m.jpg","thumbnail":"https:\/\/images.epagine.fr\/244\/9782013611244_1_v.jpg"},"orderable":true,"show_badge":true,"formatted_price":"25,50&nbsp;\u20ac","formatted_published_date":"1er mai 2016","publisher_availability_label":"Sur commande","short_details":"Belzung Er \u2014 Hachette BNF","translator":null,"weight":540,"page_count":386,"readership":null,"editor":"Hachette BNF","price":2550,"published_date":"2016-04-30T22:00:00.000000Z","support":"Grand format","publisher_availability":1,"stock":0,"editions":[],"url":"https:\/\/quaidesbrumes.com\/ouvrage\/9782013611244\/lecons-de-zoologie-conformes-aux-programmes-officiels-du-31-mai-1902-pour-la-classe-de-troisieme-b"},{"id":"9782013611282","title":"Bibliographie haute-marnaise. Catalogue d'ouvrages et de pi\u00e8ces de la Haute-Marne","description":"Bibliographie haute-marnaise. Catalogue d'ouvrages et de pi\u00e8ces concernant le d\u00e9partement de la Haute-Marne, offerts \u00e0 la biblioth\u00e8que d\u00e9partementale Barotte, par Arthur Daguin,...\r\nDate de l'\u00e9dition originale : 1883\r\n\r\nLe pr\u00e9sent ouvrage s'inscrit dans une politique de conservation patrimoniale des ouvrages de la litt\u00e9rature Fran\u00e7aise mise en place avec la BNF.\r\nHACHETTE LIVRE et la BNF proposent ainsi un catalogue de titres indisponibles, la BNF ayant num\u00e9ris\u00e9 ces oeuvres et HACHETTE LIVRE les imprimant \u00e0 la demande.\r\nCertains de ces ouvrages refl\u00e8tent des courants de pens\u00e9e caract\u00e9ristiques de leur \u00e9poque, mais qui seraient aujourd'hui jug\u00e9s condamnables.\r\nIls n'en appartiennent pas moins \u00e0 l'histoire des id\u00e9es en France et sont susceptibles de pr\u00e9senter un int\u00e9r\u00eat scientifique ou historique.\r\nLe sens de notre d\u00e9marche \u00e9ditoriale consiste ainsi \u00e0 permettre l'acc\u00e8s \u00e0 ces oeuvres sans pour autant que nous en cautionnions en aucune fa\u00e7on le contenu.\r\n\r\nPour plus d'informations, rendez-vous sur www.hachettebnf.fr","authors":["Daguin Arthur"],"category_codes":["9000000","9100000","9100400"],"visuals":{"large":"https:\/\/images.epagine.fr\/282\/9782013611282_1_75.jpg","medium":"https:\/\/images.epagine.fr\/282\/9782013611282_1_m.jpg","thumbnail":"https:\/\/images.epagine.fr\/282\/9782013611282_1_v.jpg"},"orderable":true,"show_badge":true,"formatted_price":"16,50&nbsp;\u20ac","formatted_published_date":"1er mai 2016","publisher_availability_label":"Sur commande","short_details":"Daguin Arthur \u2014 Hachette BNF","translator":null,"weight":210,"page_count":140,"readership":null,"editor":"Hachette BNF","price":1650,"published_date":"2016-04-30T22:00:00.000000Z","support":"Grand format","publisher_availability":1,"stock":0,"editions":[],"url":"https:\/\/quaidesbrumes.com\/ouvrage\/9782013611282\/bibliographie-haute-marnaise-catalogue-douvrages-et-de-pieces-de-la-haute-marne"},{"id":"9782013611411","title":"Catalogue des tableaux, esquisses, \u00e9tudes et aquarelles par de La Rochenoire","description":"Catalogue des tableaux, esquisses, \u00e9tudes et aquarelles par de La Rochenoire,... Vente les 4-5 d\u00e9cembre 1899...\r\nDate de l'\u00e9dition originale : 1899\r\n[Vente (Art). 1899-12-05. Paris][Collection (Art). La Rochenoire, Charles-Emile-Julien de. 1899]\r\n\r\nLe pr\u00e9sent ouvrage s'inscrit dans une politique de conservation patrimoniale des ouvrages de la litt\u00e9rature Fran\u00e7aise mise en place avec la BNF.\r\nHACHETTE LIVRE et la BNF proposent ainsi un catalogue de titres indisponibles, la BNF ayant num\u00e9ris\u00e9 ces oeuvres et HACHETTE LIVRE les imprimant \u00e0 la demande.\r\nCertains de ces ouvrages refl\u00e8tent des courants de pens\u00e9e caract\u00e9ristiques de leur \u00e9poque, mais qui seraient aujourd'hui jug\u00e9s condamnables.\r\nIls n'en appartiennent pas moins \u00e0 l'histoire des id\u00e9es en France et sont susceptibles de pr\u00e9senter un int\u00e9r\u00eat scientifique ou historique.\r\nLe sens de notre d\u00e9marche \u00e9ditoriale consiste ainsi \u00e0 permettre l'acc\u00e8s \u00e0 ces oeuvres sans pour autant que nous en cautionnions en aucune fa\u00e7on le contenu.\r\n\r\nPour plus d'informations, rendez-vous sur www.hachettebnf.fr","authors":["B. Lasquin"],"category_codes":["9000000","9100000","9100400"],"visuals":{"large":"https:\/\/images.epagine.fr\/411\/9782013611411_1_75.jpg","medium":"https:\/\/images.epagine.fr\/411\/9782013611411_1_m.jpg","thumbnail":"https:\/\/images.epagine.fr\/411\/9782013611411_1_v.jpg"},"orderable":true,"show_badge":true,"formatted_price":"9,50&nbsp;\u20ac","formatted_published_date":"1er mai 2016","publisher_availability_label":"Sur commande","short_details":"B. Lasquin \u2014 Hachette BNF","translator":null,"weight":59,"page_count":28,"readership":null,"editor":"Hachette BNF","price":950,"published_date":"2016-04-30T22:00:00.000000Z","support":"Grand format","publisher_availability":1,"stock":0,"editions":[],"url":"https:\/\/quaidesbrumes.com\/ouvrage\/9782013611411\/catalogue-des-tableaux-esquisses-etudes-et-aquarelles-par-de-la-rochenoire"},{"id":"9782013611428","title":"Catalogue de costumes militaires des arm\u00e9es europ\u00e9ennes : vente : les 3 et 4 juin 1891","description":"Catalogue... de costumes militaires des arm\u00e9es europ\u00e9ennes : vente : les 3 et 4 juin 1891...\r\nDate de l'\u00e9dition originale : 1891\r\n[Vente (Art). 1891-06-03 - 1891-06-04. Paris]\r\n\r\nLe pr\u00e9sent ouvrage s'inscrit dans une politique de conservation patrimoniale des ouvrages de la litt\u00e9rature Fran\u00e7aise mise en place avec la BNF.\r\nHACHETTE LIVRE et la BNF proposent ainsi un catalogue de titres indisponibles, la BNF ayant num\u00e9ris\u00e9 ces oeuvres et HACHETTE LIVRE les imprimant \u00e0 la demande.\r\nCertains de ces ouvrages refl\u00e8tent des courants de pens\u00e9e caract\u00e9ristiques de leur \u00e9poque, mais qui seraient aujourd'hui jug\u00e9s condamnables.\r\nIls n'en appartiennent pas moins \u00e0 l'histoire des id\u00e9es en France et sont susceptibles de pr\u00e9senter un int\u00e9r\u00eat scientifique ou historique.\r\nLe sens de notre d\u00e9marche \u00e9ditoriale consiste ainsi \u00e0 permettre l'acc\u00e8s \u00e0 ces oeuvres sans pour autant que nous en cautionnions en aucune fa\u00e7on le contenu.\r\n\r\nPour plus d'informations, rendez-vous sur www.hachettebnf.fr","authors":["Porquet"],"category_codes":["9000000","9100000","9100400"],"visuals":{"large":"https:\/\/images.epagine.fr\/428\/9782013611428_1_75.jpg","medium":"https:\/\/images.epagine.fr\/428\/9782013611428_1_m.jpg","thumbnail":"https:\/\/images.epagine.fr\/428\/9782013611428_1_v.jpg"},"orderable":true,"show_badge":true,"formatted_price":"9,50&nbsp;\u20ac","formatted_published_date":"1er mai 2016","publisher_availability_label":"Sur commande","short_details":"Porquet \u2014 Hachette BNF","translator":null,"weight":70,"page_count":36,"readership":null,"editor":"Hachette BNF","price":950,"published_date":"2016-04-30T22:00:00.000000Z","support":"Grand format","publisher_availability":1,"stock":0,"editions":[],"url":"https:\/\/quaidesbrumes.com\/ouvrage\/9782013611428\/catalogue-de-costumes-militaires-des-armees-europeennes-vente-les-3-et-4-juin-1891"}]}