{"data":[{"id":"9788415313694","title":"Berriro eta behin - euskara dela eta","description":null,"authors":[" Arrieta Ugartetxea"],"category_codes":["9000000","9100000","9100300","9100306"],"visuals":{"large":"https:\/\/quaidesbrumes.com\/img\/book-placeholder.png","medium":"https:\/\/quaidesbrumes.com\/img\/book-placeholder.png","thumbnail":"https:\/\/quaidesbrumes.com\/img\/book-placeholder.png"},"orderable":true,"show_badge":true,"formatted_price":"15,00&nbsp;\u20ac","formatted_published_date":"24 d\u00e9cembre 2013","publisher_availability_label":"Sur commande","short_details":" Arrieta Ugartetxea \u2014 Txalaparta","translator":null,"weight":401,"page_count":null,"readership":null,"editor":"Txalaparta","price":1500,"published_date":"2013-12-23T23:00:00.000000Z","support":"Grand format","publisher_availability":1,"stock":0,"editions":[],"url":"https:\/\/quaidesbrumes.com\/ouvrage\/9788415313694\/berriro-eta-behin-euskara-dela-eta"},{"id":"9782014088892","title":"Nouvel alphabet, instructif et pittoresque, illustre","description":"Le pr\u00e9sent ouvrage s'inscrit dans une politique de conservation patrimoniale des ouvrages de la litt\u00e9rature Fran\u00e7aise mise en place avec la BNF. HACHETTE LIVRE et la BNF proposent ainsi un catalogue de titres indisponibles, la BNF ayant num\u00e9ris\u00e9 ces oeuvres et HACHETTE LIVRE les imprimant \u00e0 la demande. Certains de ces ouvrages refl\u00e8tent des courants de pens\u00e9e caract\u00e9ristiques de leur \u00e9poque, mais qui seraient aujourd'hui jug\u00e9s condamnables. Ils n'en appartiennent pas moins \u00e0 l'histoire des id\u00e9es en France et sont susceptibles de pr\u00e9senter un int\u00e9r\u00eat scientifique ou historique. Le sens de notre d\u00e9marche \u00e9ditoriale consiste ainsi \u00e0 permettre l'acc\u00e8s \u00e0 ces oeuvres sans pour autant que nous en cautionnions en aucune fa\u00e7on le contenu. Pour plus d'informations, rendez-vous sur www.hachettebnf.fr","authors":[],"category_codes":["9000000","9100000","9100500"],"visuals":{"large":"https:\/\/images.epagine.fr\/892\/9782014088892_1_75.jpg","medium":"https:\/\/images.epagine.fr\/892\/9782014088892_1_m.jpg","thumbnail":"https:\/\/images.epagine.fr\/892\/9782014088892_1_v.jpg"},"orderable":true,"show_badge":true,"formatted_price":"11,00&nbsp;\u20ac","formatted_published_date":"1er juillet 2017","publisher_availability_label":"Sur commande","short_details":"Hachette BNF","translator":null,"weight":92,"page_count":null,"readership":null,"editor":"Hachette BNF","price":1100,"published_date":"2017-06-30T22:00:00.000000Z","support":"Grand format","publisher_availability":1,"stock":0,"editions":[],"url":"https:\/\/quaidesbrumes.com\/ouvrage\/9782014088892\/nouvel-alphabet-instructif-et-pittoresque-illustre"},{"id":"9782312019949","title":"Faire d\u00e9couvrir la biologie \u00e0 vos enfants","description":"Cet ouvrage s'adresse aux \u00e9l\u00e8ves et \u00e9tudiants voulant d\u00e9-couvrir les bases fondamentales et les grands concepts de la biologie avec une m\u00e9thode explicite et une mise en forme concise,  claire et visuelle. Chaque chapitre est structur\u00e9 de la mani\u00e8re suivante : - zoom sur les notions essentielles, illustr\u00e9es par de nombreux sch\u00e9mas, tableaux, dessins et photos ; - mise en avant de d\u00e9finitions. Gr\u00e2ce \u00e0 ce livre..Aujourd'hui vous n'avez plus de raisons de ne pas comprendre ce qu'est la Biologie.","authors":["Youssef Salama"],"category_codes":["9000000","9100000","9100500"],"visuals":{"large":"https:\/\/images.epagine.fr\/949\/9782312019949_1_75.jpg","medium":"https:\/\/images.epagine.fr\/949\/9782312019949_1_m.jpg","thumbnail":"https:\/\/images.epagine.fr\/949\/9782312019949_1_v.jpg"},"orderable":true,"show_badge":true,"formatted_price":"17,00&nbsp;\u20ac","formatted_published_date":"10 janvier 2014","publisher_availability_label":"Sur commande","short_details":"Youssef Salama \u2014 Editions du Net","translator":null,"weight":133,"page_count":74,"readership":null,"editor":"Editions du Net","price":1700,"published_date":"2014-01-09T23:00:00.000000Z","support":"Grand format","publisher_availability":1,"stock":0,"editions":[],"url":"https:\/\/quaidesbrumes.com\/ouvrage\/9782312019949\/faire-decouvrir-la-biologie-a-vos-enfants"},{"id":"9782359352658","title":"Oralit\u00e9 et didactique du fran\u00e7ais langue \u00e9trang\u00e8re","description":"Retour sur un parcours de recherche dans les domaines de la didactique des langues en FLM - FLE (fran\u00e7ais langue maternelle, fran\u00e7ais langue \u00e9trang\u00e8re) privil\u00e9giant l'\u00e9tude de la variation et de l'ins\u00e9curit\u00e9 linguistiques, l'ouvrage s'interroge sur les modes de pens\u00e9e et de parole socialement discut\u00e9s, voire exclus.\r\nLes premiers chapitres abordent les difficult\u00e9s de l'\u00e9crit. Les suivants portent sur la dimension sociale du langage ordinaire \u00e0 commencer par les discours parl\u00e9s spontan\u00e9s \u00e9loign\u00e9s des formats attendus. On interroge enfin la pluralit\u00e9 des langages et des standards du monde d'aujourd'hui, avec une r\u00e9flexion sur la gestion des normes et le danger d'y enfermer la pens\u00e9e.\r\nCet ouvrage s'adresse aux chercheurs, aux formateurs et aux acteurs \u00e9ducatifs soucieux d'enrichir leur culture scientifique et leur expertise.","authors":["Corinne Weber"],"category_codes":["9000000","9100000","9100200","9100204"],"visuals":{"large":"https:\/\/quaidesbrumes.com\/img\/book-placeholder.png","medium":"https:\/\/quaidesbrumes.com\/img\/book-placeholder.png","thumbnail":"https:\/\/quaidesbrumes.com\/img\/book-placeholder.png"},"orderable":true,"show_badge":true,"formatted_price":"30,00&nbsp;\u20ac","formatted_published_date":"8 septembre 2022","publisher_availability_label":"Sur commande","short_details":"Corinne Weber \u2014 LAMBERT-LUCAS","translator":null,"weight":300,"page_count":184,"readership":null,"editor":"LAMBERT-LUCAS","price":3000,"published_date":"2022-09-07T22:00:00.000000Z","support":"Grand format","publisher_availability":1,"stock":0,"editions":[],"url":"https:\/\/quaidesbrumes.com\/ouvrage\/9782359352658\/oralite-et-didactique-du-francais-langue-etrangere"},{"id":"9782705688547","title":"Mallarm\u00e9 ou L'obscurit\u00e9 lumineuse : Colloque de Cerisy","description":"Organis\u00e9 \u00e0 la fin d'un si\u00e8cle, le vingti\u00e8me, o\u00f9 Mallarm\u00e9 avait \u00e9t\u00e9 en quelque sorte d\u00e9multipli\u00e9, ce colloque a notamment permis que d'importantes personnalit\u00e9s (dont Antoine Compagnon, Jacques Ranci\u00e8re, Jean Ricardou, Michael Riffaterre, Salah St\u00e9ti\u00e9) confrontent,\r\nsans dogmatisme abusif, leurs th\u00e9matiques et leurs positions. Ainsi ont \u00e9t\u00e9 abord\u00e9s certaines oeuvres (dont le Sonnet en -yx et Igitur), la question bibliographique et la r\u00e9ception parodique, ainsi que le rapport \u00e0 l'histoire et au politique, au Livre, au th\u00e9\u00e2tre et \u00e0 la peinture, voire \u00e0 la diff\u00e9rence sexuelle, sans oublier, \u00e9videmment, des sp\u00e9culations plus strictement\r\npo\u00e9tiques. Le pr\u00e9sent ouvrage propose en outre cinq lettres in\u00e9dites de Mallarm\u00e9 \u00e0 Marcel Schwob, ce qui compl\u00e8te cet ensemble d\u00e9j\u00e0 fort riche.","authors":["Bertrand Marchal"],"category_codes":["9000000","9100000"],"visuals":{"large":"https:\/\/images.epagine.fr\/547\/9782705688547_1_75.jpg","medium":"https:\/\/images.epagine.fr\/547\/9782705688547_1_m.jpg","thumbnail":"https:\/\/images.epagine.fr\/547\/9782705688547_1_v.jpg"},"orderable":true,"show_badge":true,"formatted_price":"36,00&nbsp;\u20ac","formatted_published_date":"23 avril 2014","publisher_availability_label":"Sur commande","short_details":"Bertrand Marchal \u2014 Hermann","translator":null,"weight":537,"page_count":388,"readership":null,"editor":"Hermann","price":3600,"published_date":"2014-04-22T22:00:00.000000Z","support":"Grand format","publisher_availability":1,"stock":0,"editions":[],"url":"https:\/\/quaidesbrumes.com\/ouvrage\/9782705688547\/mallarme-ou-lobscurite-lumineuse-colloque-de-cerisy"},{"id":"9782359350982","title":"Le son et l'oreille - six essais sur les manuscrits saussuriens de harvard","description":null,"authors":["Herman Parret"],"category_codes":["9000000","9100000","9100200"],"visuals":{"large":"https:\/\/quaidesbrumes.com\/img\/book-placeholder.png","medium":"https:\/\/quaidesbrumes.com\/img\/book-placeholder.png","thumbnail":"https:\/\/quaidesbrumes.com\/img\/book-placeholder.png"},"orderable":true,"show_badge":true,"formatted_price":"18,00&nbsp;\u20ac","formatted_published_date":"5 mars 2014","publisher_availability_label":"Sur commande","short_details":"Herman Parret \u2014 LAMBERT-LUCAS","translator":null,"weight":200,"page_count":null,"readership":null,"editor":"LAMBERT-LUCAS","price":1800,"published_date":"2014-03-04T23:00:00.000000Z","support":"Grand format","publisher_availability":1,"stock":0,"editions":[],"url":"https:\/\/quaidesbrumes.com\/ouvrage\/9782359350982\/le-son-et-loreille-six-essais-sur-les-manuscrits-saussuriens-de-harvard"},{"id":"9782343034195","title":"La France en classe de g\u00e9ographie ; propositions d'\u00e9l\u00e8ves et de professeurs","description":"Quelle place faire aux \u00e9l\u00e8ves dans le travail de d\u00e9finition g\u00e9ographique de la France ? Ces questions ont anim\u00e9 un groupe de professeurs du secondaire accompagn\u00e9 par deux enseignants-chercheurs en didactique de la g\u00e9ographie et en analyse du travail.","authors":["Jean-Fran\u00e7ois Th\u00e9mines"],"category_codes":["9000000","9100000","9100500"],"visuals":{"large":"https:\/\/images.epagine.fr\/195\/9782343034195_1_75.jpg","medium":"https:\/\/images.epagine.fr\/195\/9782343034195_1_m.jpg","thumbnail":"https:\/\/images.epagine.fr\/195\/9782343034195_1_v.jpg"},"orderable":true,"show_badge":true,"formatted_price":"26,00&nbsp;\u20ac","formatted_published_date":"14 mai 2014","publisher_availability_label":"Sur commande","short_details":"Jean-Fran\u00e7ois Th\u00e9mines \u2014 \u00c9ditions L'Harmattan","translator":null,"weight":300,"page_count":238,"readership":null,"editor":"\u00c9ditions L'Harmattan","price":2600,"published_date":"2014-05-13T22:00:00.000000Z","support":"Grand format","publisher_availability":1,"stock":0,"editions":[],"url":"https:\/\/quaidesbrumes.com\/ouvrage\/9782343034195\/la-france-en-classe-de-geographie-propositions-deleves-et-de-professeurs"},{"id":"9782014088779","title":"Nouvel alphabet en francais divise par syllabes. 2e edition","description":"Le pr\u00e9sent ouvrage s'inscrit dans une politique de conservation patrimoniale des ouvrages de la litt\u00e9rature Fran\u00e7aise mise en place avec la BNF. HACHETTE LIVRE et la BNF proposent ainsi un catalogue de titres indisponibles, la BNF ayant num\u00e9ris\u00e9 ces oeuvres et HACHETTE LIVRE les imprimant \u00e0 la demande. Certains de ces ouvrages refl\u00e8tent des courants de pens\u00e9e caract\u00e9ristiques de leur \u00e9poque, mais qui seraient aujourd'hui jug\u00e9s condamnables. Ils n'en appartiennent pas moins \u00e0 l'histoire des id\u00e9es en France et sont susceptibles de pr\u00e9senter un int\u00e9r\u00eat scientifique ou historique. Le sens de notre d\u00e9marche \u00e9ditoriale consiste ainsi \u00e0 permettre l'acc\u00e8s \u00e0 ces oeuvres sans pour autant que nous en cautionnions en aucune fa\u00e7on le contenu. Pour plus d'informations, rendez-vous sur www.hachettebnf.fr","authors":[],"category_codes":["9000000","9100000","9100500"],"visuals":{"large":"https:\/\/images.epagine.fr\/779\/9782014088779_1_75.jpg","medium":"https:\/\/images.epagine.fr\/779\/9782014088779_1_m.jpg","thumbnail":"https:\/\/images.epagine.fr\/779\/9782014088779_1_v.jpg"},"orderable":true,"show_badge":true,"formatted_price":"11,50&nbsp;\u20ac","formatted_published_date":"1er juillet 2017","publisher_availability_label":"Sur commande","short_details":"Hachette BNF","translator":null,"weight":108,"page_count":null,"readership":null,"editor":"Hachette BNF","price":1150,"published_date":"2017-06-30T22:00:00.000000Z","support":"Grand format","publisher_availability":1,"stock":0,"editions":[],"url":"https:\/\/quaidesbrumes.com\/ouvrage\/9782014088779\/nouvel-alphabet-en-francais-divise-par-syllabes-2e-edition"},{"id":"9782806101464","title":"Temps de l'\u00e9criture : Enregistrements et repr\u00e9sentations","description":"Nombre de logiciels permettent d'observer l'\u00e9criture enregistr\u00e9e sans qu'aucun ouvrage en fran\u00e7ais ne fasse le point sur la question. En s'adressant aux chercheurs, enseignants et \u00e9tudiants afin qu'ils puissent tirer avantage de ces logiciels, cet ouvrage tente de poser des rep\u00e8res. Il r\u00e9unit des descriptions et des mises en application en r\u00e9f\u00e9rence \u00e0 la linguistique, la g\u00e9n\u00e9tique de l'\u00e9criture, la psycholinguistique, la traduction, l'\u00e9criture professionnelle et la didactique des langues.","authors":["Gilles Caporossi","Christophe Leblay"],"category_codes":["9000000","9100000","9100200"],"visuals":{"large":"https:\/\/images.epagine.fr\/464\/9782806101464_1_75.jpg","medium":"https:\/\/images.epagine.fr\/464\/9782806101464_1_m.jpg","thumbnail":"https:\/\/images.epagine.fr\/464\/9782806101464_1_v.jpg"},"orderable":true,"show_badge":true,"formatted_price":"29,00&nbsp;\u20ac","formatted_published_date":"3 f\u00e9vrier 2014","publisher_availability_label":"Sur commande","short_details":"Gilles Caporossi, Christophe Leblay \u2014 ACADEMIA","translator":null,"weight":310,"page_count":252,"readership":null,"editor":"ACADEMIA","price":2900,"published_date":"2014-02-02T23:00:00.000000Z","support":"Grand format","publisher_availability":1,"stock":0,"editions":[],"url":"https:\/\/quaidesbrumes.com\/ouvrage\/9782806101464\/temps-de-lecriture-enregistrements-et-representations"},{"id":"9782705688691","title":"L'espace du dictionnaire ; expressions - impressoins","description":"Le dictionnaire est le film  plus que la photographie de la langue fran\u00e7aise. La photographie est morte. Le film est vivant. Nous jouons avec les mots. Ils font partie de notre vie quotidienne, de notre bonne humeur et de notre angoisse et tristesse. Les mots sont en vie s'ils sont dans la vie. Au fonds, le dictionnaire de la langue fran\u00e7aise, tout en \u00e9tant fictif comme tout dictionnaire, leur donne du souffle, celui du r\u00eave. \r\nIl cumule les \u00e9tats de la langue, en suit l'\u00e9volution de syst\u00e8me, fait l'inventaire des mots, se r\u00e9v\u00e8le comme un cercle englobant le temps : c'est le plus beau dossier de pr\u00e9sentation d'une communaut\u00e9 parlante, celle de la France et des pays qui ont choisi la langue fran\u00e7aise en partage.","authors":["Collectif","Marilia Marchetti","Giovanni Dotoli","C\u00e9leste Boccuzzi","Cettina Rizzo"],"category_codes":["9000000","9100000","9100200","9100204"],"visuals":{"large":"https:\/\/images.epagine.fr\/691\/9782705688691_1_75.jpg","medium":"https:\/\/images.epagine.fr\/691\/9782705688691_1_m.jpg","thumbnail":"https:\/\/images.epagine.fr\/691\/9782705688691_1_v.jpg"},"orderable":true,"show_badge":true,"formatted_price":"38,00&nbsp;\u20ac","formatted_published_date":"12 juin 2014","publisher_availability_label":"Sur commande","short_details":"Collectif, Marilia Marchetti, Giovanni Dotoli, C\u00e9leste Boccuzzi, Cettina Rizzo \u2014 Hermann","translator":null,"weight":484,"page_count":304,"readership":null,"editor":"Hermann","price":3800,"published_date":"2014-06-11T22:00:00.000000Z","support":"Grand format","publisher_availability":1,"stock":0,"editions":[],"url":"https:\/\/quaidesbrumes.com\/ouvrage\/9782705688691\/lespace-du-dictionnaire-expressions-impressoins"},{"id":"9782705688738","title":"Recherches de visages : Une actualit\u00e9 de la psychanalyse","description":"Ce qui doit faire l'originalit\u00e9 de cet ouvrage est moins une succession d'articles sur le th\u00e8me du visage qui, d'une fa\u00e7on ou d'une autre, seraient li\u00e9s par ce nom commun, qu'une tentative de penser le visage comme un op\u00e9rateur conceptuel dans le champ de la psychopathologie clinique. Il s'est agi de rendre sensible par le choix des auteurs une unit\u00e9 de direction, une ambition commune de constituer un point de questionnement, un espace renouvel\u00e9 de la recherche actuelle dans les sciences humaines autour de la \u00ab fonction visage \u00bb. Nous souhaitons ainsi penser et faire penser sur les formes actuelles de la rencontre sujet \/objet et les formes nouvelles du discours dans ce que nous voulons bien nommer la clinique contemporaine \u00e0 partir de trois orientations de recherche : psychanalyse et visage, anthropologie et visage, image num\u00e9rique et visage.","authors":["Eric Bidaud"],"category_codes":["9000000","9100000"],"visuals":{"large":"https:\/\/images.epagine.fr\/738\/9782705688738_1_75.jpg","medium":"https:\/\/images.epagine.fr\/738\/9782705688738_1_m.jpg","thumbnail":"https:\/\/images.epagine.fr\/738\/9782705688738_1_v.jpg"},"orderable":true,"show_badge":true,"formatted_price":"34,00&nbsp;\u20ac","formatted_published_date":"19 septembre 2014","publisher_availability_label":"Sur commande","short_details":"Eric Bidaud \u2014 Hermann","translator":null,"weight":387,"page_count":260,"readership":null,"editor":"Hermann","price":3400,"published_date":"2014-09-18T22:00:00.000000Z","support":"Grand format","publisher_availability":1,"stock":0,"editions":[],"url":"https:\/\/quaidesbrumes.com\/ouvrage\/9782705688738\/recherches-de-visages-une-actualite-de-la-psychanalyse"},{"id":"9782806101136","title":"Leurres de la qualit\u00e9 dans l'enseignement sup\u00e9rieur ; variations internationales sur un th\u00e8me ambigu","description":"Les textes rassembl\u00e9s dans ce volume font \u00e9tat de la diversit\u00e9 des pratiques internationales, en ce qui concerne les m\u00e9thodes, les crit\u00e8res et surtout les usages tr\u00e8s diff\u00e9rents de l'\u00e9valuation des formations ainsi que de l'irr\u00e9ductible multiplicit\u00e9 des projets que cherche \u00e0 servir simultan\u00e9ment la d\u00e9marche \" Qualit\u00e9 \" dans l'enseignement sup\u00e9rieur. En soulignant les ambigu\u00eft\u00e9s d'un dispositif tout \u00e0 la fois discursif et technique, ils cherchent \u00e0 en d\u00e9jouer les \u00e9ventuels \" leurres \".","authors":["Catherine Fallon","Bruno Leclercq"],"category_codes":["9000000","9100000","9100500"],"visuals":{"large":"https:\/\/images.epagine.fr\/136\/9782806101136_1_75.jpg","medium":"https:\/\/images.epagine.fr\/136\/9782806101136_1_m.jpg","thumbnail":"https:\/\/images.epagine.fr\/136\/9782806101136_1_v.jpg"},"orderable":true,"show_badge":true,"formatted_price":"32,00&nbsp;\u20ac","formatted_published_date":"19 mai 2014","publisher_availability_label":"Sur commande","short_details":"Catherine Fallon, Bruno Leclercq \u2014 ACADEMIA","translator":null,"weight":515,"page_count":400,"readership":null,"editor":"ACADEMIA","price":3200,"published_date":"2014-05-18T22:00:00.000000Z","support":"Grand format","publisher_availability":1,"stock":0,"editions":[],"url":"https:\/\/quaidesbrumes.com\/ouvrage\/9782806101136\/leurres-de-la-qualite-dans-lenseignement-superieur-variations-internationales-sur-un-theme-ambigu"},{"id":"9788497830720","title":"Idazlan hautatuak - jean-louis davant","description":null,"authors":["Jean-Louis Davant"],"category_codes":["9000000","9100000","9100300","9100306"],"visuals":{"large":"https:\/\/quaidesbrumes.com\/img\/book-placeholder.png","medium":"https:\/\/quaidesbrumes.com\/img\/book-placeholder.png","thumbnail":"https:\/\/quaidesbrumes.com\/img\/book-placeholder.png"},"orderable":true,"show_badge":true,"formatted_price":"5,95&nbsp;\u20ac","formatted_published_date":"2 mars 2004","publisher_availability_label":"Sur commande","short_details":"Jean-Louis Davant \u2014 Elkar","translator":null,"weight":201,"page_count":null,"readership":null,"editor":"Elkar","price":595,"published_date":"2004-03-01T23:00:00.000000Z","support":"Grand format","publisher_availability":1,"stock":0,"editions":[],"url":"https:\/\/quaidesbrumes.com\/ouvrage\/9788497830720\/idazlan-hautatuak-jean-louis-davant"},{"id":"9782343042312","title":"La beaut\u00e9 \u00e0 la rencontre de l'\u00e9ducation ; acad\u00e9mie internationale de th\u00e9\u00e2tre pour enfants","description":"Peu de personnes sont convaincues de la n\u00e9cessit\u00e9 de la formation esth\u00e9tique dans l'\u00e9ducation des enfants. Si Diderot affirme que le talent du com\u00e9dien, c'est celui de la simulation, autrement dit l'art du mensonge, comment croire que le th\u00e9\u00e2tre puisse d\u00e9velopper le sens moral d'un enfant ? La sc\u00e8ne n'est pas un lieu o\u00f9 l'on apprend \u00e0 \"faire semblant\", mais un lieu de rencontres, o\u00f9 l'on d\u00e9couvre qui l'on est, en prenant le risque de se donner tel qu'on est.","authors":["Elisabeth Toulet"],"category_codes":["9000000","9100000","9100500"],"visuals":{"large":"https:\/\/images.epagine.fr\/312\/9782343042312_1_75.jpg","medium":"https:\/\/images.epagine.fr\/312\/9782343042312_1_m.jpg","thumbnail":"https:\/\/images.epagine.fr\/312\/9782343042312_1_v.jpg"},"orderable":true,"show_badge":true,"formatted_price":"31,50&nbsp;\u20ac","formatted_published_date":"29 juillet 2014","publisher_availability_label":"Sur commande","short_details":"Elisabeth Toulet \u2014 \u00c9ditions L'Harmattan","translator":null,"weight":405,"page_count":250,"readership":null,"editor":"\u00c9ditions L'Harmattan","price":3150,"published_date":"2014-07-28T22:00:00.000000Z","support":"Grand format","publisher_availability":1,"stock":0,"editions":[],"url":"https:\/\/quaidesbrumes.com\/ouvrage\/9782343042312\/la-beaute-a-la-rencontre-de-leducation-academie-internationale-de-theatre-pour-enfants"},{"id":"9782343035956","title":"\u00c9l\u00e8ves en difficult\u00e9 : tout un programme ; programme personnalis\u00e9 de r\u00e9ussite \u00e9ducative","description":"Prendre en compte la difficult\u00e9 scolaire \u00e0 l'\u00e9cole primaire comme au coll\u00e8ge constitue un enjeu fort de cr\u00e9dibilit\u00e9 pour un syst\u00e8me \u00e9ducatif qui vise \u00e0 promouvoir l'\u00e9galit\u00e9 de r\u00e9ussite des \u00e9l\u00e8ves. Autour du \"Programme Personnalis\u00e9 de R\u00e9ussite Educative\", voici une r\u00e9flexion sur le sens et les enjeux d'une personnalisation des enseignements en vue d'\u00e9tablir un diagnostic permettant de cibler des objectifs de travail et insistant sur l'importance des \u00e9changes entre professionnels, afin d'ajuster l'aide \u00e0 apporter.","authors":["Martine Janner-Raimondi"],"category_codes":["9000000","9100000","9100500"],"visuals":{"large":"https:\/\/images.epagine.fr\/956\/9782343035956_1_75.jpg","medium":"https:\/\/images.epagine.fr\/956\/9782343035956_1_m.jpg","thumbnail":"https:\/\/images.epagine.fr\/956\/9782343035956_1_v.jpg"},"orderable":true,"show_badge":true,"formatted_price":"24,00&nbsp;\u20ac","formatted_published_date":"30 juillet 2014","publisher_availability_label":"Sur commande","short_details":"Martine Janner-Raimondi \u2014 \u00c9ditions L'Harmattan","translator":null,"weight":285,"page_count":228,"readership":null,"editor":"\u00c9ditions L'Harmattan","price":2400,"published_date":"2014-07-29T22:00:00.000000Z","support":"Grand format","publisher_availability":1,"stock":0,"editions":[],"url":"https:\/\/quaidesbrumes.com\/ouvrage\/9782343035956\/eleves-en-difficulte-tout-un-programme-programme-personnalise-de-reussite-educative"},{"id":"9782013408028","title":"Le nouveau dictionnaire suisse, francois-allemand et allemand-francois","description":"Le nouveau dictionnaire suisse, fran\u00e7ois-allemand et allemand-fran\u00e7ois , contenant un tr\u00e8s grand nombre de mots, proverbes... par Fran\u00e7ois-Louis Po\u00ebtevin,...\r\nDate de l'\u00e9dition originale : 1754 Sujet de l'ouvrage : Fran\u00e7ais (langue) -- Dictionnaires allemandsAllemand (langue) -- Dictionnaires fran\u00e7ais Ce livre est la reproduction fid\u00e8le d'une oeuvre publi\u00e9e avant 1920 et fait partie d'une collection de livres r\u00e9imprim\u00e9s \u00e0 la demande \u00e9dit\u00e9e par Hachette Livre, dans le cadre d'un partenariat avec la Biblioth\u00e8que nationale de France, offrant l'opportunit\u00e9 d'acc\u00e9der \u00e0 des ouvrages anciens et souvent rares issus des fonds patrimoniaux de la BnF.\r\nLes oeuvres faisant partie de cette collection ont \u00e9t\u00e9 num\u00e9ris\u00e9es par la BnF et sont pr\u00e9sentes sur Gallica, sa biblioth\u00e8que num\u00e9rique.\r\n\r\nEn entreprenant de redonner vie \u00e0 ces ouvrages au travers d'une collection de livres r\u00e9imprim\u00e9s \u00e0 la demande, nous leur donnons la possibilit\u00e9 de rencontrer un public \u00e9largi et participons \u00e0 la transmission de connaissances et de savoirs parfois difficilement accessibles.\r\nNous avons cherch\u00e9 \u00e0 concilier la reproduction fid\u00e8le d'un livre ancien \u00e0 partir de sa version num\u00e9ris\u00e9e avec le souci d'un confort de lecture optimal. Nous esp\u00e9rons que les ouvrages de cette nouvelle collection vous apporteront enti\u00e8re satisfaction.\r\n\r\nPour plus d'informations, rendez-vous sur www.hachettebnf.fr","authors":["Poetevin F L."],"category_codes":["9000000","9100000"],"visuals":{"large":"https:\/\/images.epagine.fr\/028\/9782013408028_1_75.jpg","medium":"https:\/\/images.epagine.fr\/028\/9782013408028_1_m.jpg","thumbnail":"https:\/\/images.epagine.fr\/028\/9782013408028_1_v.jpg"},"orderable":true,"show_badge":true,"formatted_price":"33,40&nbsp;\u20ac","formatted_published_date":"1er septembre 2014","publisher_availability_label":"Sur commande","short_details":"Poetevin F L. \u2014 Hachette BNF","translator":null,"weight":844,"page_count":null,"readership":null,"editor":"Hachette BNF","price":3340,"published_date":"2014-08-31T22:00:00.000000Z","support":"Grand format","publisher_availability":1,"stock":0,"editions":["9782013466615"],"url":"https:\/\/quaidesbrumes.com\/ouvrage\/9782013408028\/le-nouveau-dictionnaire-suisse-francois-allemand-et-allemand-francois"},{"id":"9782013408226","title":"Maitre italien, ou grammaire francoise et italienne de veneroni","description":"Ma\u00eetre italien, ou Grammaire fran\u00e7oise et italienne de Veneroni ... Nouvelle \u00e9dition... enti\u00e8rement refondue... augment\u00e9e d'un recueil des italicismes, des synonymes italiens, d'un nouveau trait\u00e9 de la po\u00e9sie italienne, d'un vocabulaire po\u00e9tique... et de plusieurs additions dans le vocabulaire des deux langues, par C.-M. Gattel,...\r\nDate de l'\u00e9dition originale : 1800 Sujet de l'ouvrage : Italien (langue) -- Grammaire Ce livre est la reproduction fid\u00e8le d'une oeuvre publi\u00e9e avant 1920 et fait partie d'une collection de livres r\u00e9imprim\u00e9s \u00e0 la demande \u00e9dit\u00e9e par Hachette Livre, dans le cadre d'un partenariat avec la Biblioth\u00e8que nationale de France, offrant l'opportunit\u00e9 d'acc\u00e9der \u00e0 des ouvrages anciens et souvent rares issus des fonds patrimoniaux de la BnF.\r\nLes oeuvres faisant partie de cette collection ont \u00e9t\u00e9 num\u00e9ris\u00e9es par la BnF et sont pr\u00e9sentes sur Gallica, sa biblioth\u00e8que num\u00e9rique.\r\n\r\nEn entreprenant de redonner vie \u00e0 ces ouvrages au travers d'une collection de livres r\u00e9imprim\u00e9s \u00e0 la demande, nous leur donnons la possibilit\u00e9 de rencontrer un public \u00e9largi et participons \u00e0 la transmission de connaissances et de savoirs parfois difficilement accessibles.\r\nNous avons cherch\u00e9 \u00e0 concilier la reproduction fid\u00e8le d'un livre ancien \u00e0 partir de sa version num\u00e9ris\u00e9e avec le souci d'un confort de lecture optimal. Nous esp\u00e9rons que les ouvrages de cette nouvelle collection vous apporteront enti\u00e8re satisfaction.\r\n\r\nPour plus d'informations, rendez-vous sur www.hachettebnf.fr","authors":["Veneroni"],"category_codes":["9000000","9100000"],"visuals":{"large":"https:\/\/images.epagine.fr\/226\/9782013408226_1_75.jpg","medium":"https:\/\/images.epagine.fr\/226\/9782013408226_1_m.jpg","thumbnail":"https:\/\/images.epagine.fr\/226\/9782013408226_1_v.jpg"},"orderable":true,"show_badge":true,"formatted_price":"33,00&nbsp;\u20ac","formatted_published_date":"1er septembre 2014","publisher_availability_label":"Sur commande","short_details":"Veneroni \u2014 Hachette BNF","translator":null,"weight":822,"page_count":null,"readership":null,"editor":"Hachette BNF","price":3300,"published_date":"2014-08-31T22:00:00.000000Z","support":"Grand format","publisher_availability":1,"stock":0,"editions":[],"url":"https:\/\/quaidesbrumes.com\/ouvrage\/9782013408226\/maitre-italien-ou-grammaire-francoise-et-italienne-de-veneroni"},{"id":"9782014088861","title":"Nouvel alphabet instructif et pittoresque. illustre de 100 jolies gravures","description":"Le pr\u00e9sent ouvrage s'inscrit dans une politique de conservation patrimoniale des ouvrages de la litt\u00e9rature Fran\u00e7aise mise en place avec la BNF. HACHETTE LIVRE et la BNF proposent ainsi un catalogue de titres indisponibles, la BNF ayant num\u00e9ris\u00e9 ces oeuvres et HACHETTE LIVRE les imprimant \u00e0 la demande. Certains de ces ouvrages refl\u00e8tent des courants de pens\u00e9e caract\u00e9ristiques de leur \u00e9poque, mais qui seraient aujourd'hui jug\u00e9s condamnables. Ils n'en appartiennent pas moins \u00e0 l'histoire des id\u00e9es en France et sont susceptibles de pr\u00e9senter un int\u00e9r\u00eat scientifique ou historique. Le sens de notre d\u00e9marche \u00e9ditoriale consiste ainsi \u00e0 permettre l'acc\u00e8s \u00e0 ces oeuvres sans pour autant que nous en cautionnions en aucune fa\u00e7on le contenu. Pour plus d'informations, rendez-vous sur www.hachettebnf.fr","authors":[],"category_codes":["9000000","9100000","9100500"],"visuals":{"large":"https:\/\/images.epagine.fr\/861\/9782014088861_1_75.jpg","medium":"https:\/\/images.epagine.fr\/861\/9782014088861_1_m.jpg","thumbnail":"https:\/\/images.epagine.fr\/861\/9782014088861_1_v.jpg"},"orderable":true,"show_badge":true,"formatted_price":"11,00&nbsp;\u20ac","formatted_published_date":"1er juillet 2017","publisher_availability_label":"Sur commande","short_details":"Hachette BNF","translator":null,"weight":92,"page_count":null,"readership":null,"editor":"Hachette BNF","price":1100,"published_date":"2017-06-30T22:00:00.000000Z","support":"Grand format","publisher_availability":1,"stock":0,"editions":[],"url":"https:\/\/quaidesbrumes.com\/ouvrage\/9782014088861\/nouvel-alphabet-instructif-et-pittoresque-illustre-de-100-jolies-gravures"},{"id":"9782013414616","title":"Grammaire generale des grammaires francaises","description":"Grammaire g\u00e9n\u00e9rale des grammaires fran\u00e7aises : pr\u00e9sentant la solution analytique, raisonn\u00e9e et logique de toutes les questions grammaticales anciennes et nouvelles (7e \u00e9d. rev. et corr.) \/ par Napol\u00e9on La ; 7e \u00e9d. rev. et corr. par MM. L. Barr\u00e9 et D. Ch\u00e9surolles Date de l'\u00e9dition originale : 1856 Sujet de l'ouvrage : Fran\u00e7ais (langue) -- Grammaire historique Ce livre est la reproduction fid\u00e8le d'une oeuvre publi\u00e9e avant 1920 et fait partie d'une collection de livres r\u00e9imprim\u00e9s \u00e0 la demande \u00e9dit\u00e9e par Hachette Livre, dans le cadre d'un partenariat avec la Biblioth\u00e8que nationale de France, offrant l'opportunit\u00e9 d'acc\u00e9der \u00e0 des ouvrages anciens et souvent rares issus des fonds patrimoniaux de la BnF.\r\nLes oeuvres faisant partie de cette collection ont \u00e9t\u00e9 num\u00e9ris\u00e9es par la BnF et sont pr\u00e9sentes sur Gallica, sa biblioth\u00e8que num\u00e9rique.\r\n\r\nEn entreprenant de redonner vie \u00e0 ces ouvrages au travers d'une collection de livres r\u00e9imprim\u00e9s \u00e0 la demande, nous leur donnons la possibilit\u00e9 de rencontrer un public \u00e9largi et participons \u00e0 la transmission de connaissances et de savoirs parfois difficilement accessibles.\r\nNous avons cherch\u00e9 \u00e0 concilier la reproduction fid\u00e8le d'un livre ancien \u00e0 partir de sa version num\u00e9ris\u00e9e avec le souci d'un confort de lecture optimal. Nous esp\u00e9rons que les ouvrages de cette nouvelle collection vous apporteront enti\u00e8re satisfaction.\r\n\r\nPour plus d'informations, rendez-vous sur www.hachettebnf.fr","authors":["Landais Napoleon"],"category_codes":["9000000","9100000"],"visuals":{"large":"https:\/\/images.epagine.fr\/616\/9782013414616_1_75.jpg","medium":"https:\/\/images.epagine.fr\/616\/9782013414616_1_m.jpg","thumbnail":"https:\/\/images.epagine.fr\/616\/9782013414616_1_v.jpg"},"orderable":true,"show_badge":true,"formatted_price":"34,40&nbsp;\u20ac","formatted_published_date":"1er septembre 2014","publisher_availability_label":"Sur commande","short_details":"Landais Napoleon \u2014 Hachette BNF","translator":null,"weight":876,"page_count":null,"readership":null,"editor":"Hachette BNF","price":3440,"published_date":"2014-08-31T22:00:00.000000Z","support":"Grand format","publisher_availability":1,"stock":0,"editions":[],"url":"https:\/\/quaidesbrumes.com\/ouvrage\/9782013414616\/grammaire-generale-des-grammaires-francaises"},{"id":"9782336302577","title":"L'orientation scolaire et professionnelle en RD Congo ; guide pratique","description":"D\u00e9crochages, redoublements, \u00e9checs scolaires, le manque de services d'orientation scolaire met en difficult\u00e9 l'enseignement en RD Congo. Il faut alors trouver un autre moyen d'aider les candidats \u00e0 choisir une fili\u00e8re d'\u00e9tudes: mais selon quels crit\u00e8res ? Comment aborder la question de la professionnalisation ? L'auteur constitue un inventaire synth\u00e9tique, avec un descriptif de la totalit\u00e9 des fili\u00e8res et de leurs d\u00e9bouch\u00e9s, et une s\u00e9rie de conseils pour mieux appr\u00e9hender le choix de l'orientation.","authors":["Patrick wenda t. Tshilumba"],"category_codes":["9000000","9100000","9100500"],"visuals":{"large":"https:\/\/images.epagine.fr\/577\/9782336302577_1_75.jpg","medium":"https:\/\/images.epagine.fr\/577\/9782336302577_1_m.jpg","thumbnail":"https:\/\/images.epagine.fr\/577\/9782336302577_1_v.jpg"},"orderable":true,"show_badge":true,"formatted_price":"21,50&nbsp;\u20ac","formatted_published_date":"27 mai 2014","publisher_availability_label":"Sur commande","short_details":"Patrick wenda t. Tshilumba \u2014 \u00c9ditions L'Harmattan","translator":null,"weight":255,"page_count":204,"readership":null,"editor":"\u00c9ditions L'Harmattan","price":2150,"published_date":"2014-05-26T22:00:00.000000Z","support":"Grand format","publisher_availability":1,"stock":0,"editions":[],"url":"https:\/\/quaidesbrumes.com\/ouvrage\/9782336302577\/lorientation-scolaire-et-professionnelle-en-rd-congo-guide-pratique"},{"id":"9782013423007","title":"Notes, essais et etudes sur la guyane francaise et le developpement de ses ressources variees - et s","description":"Notes, essais et \u00e9tudes sur la Guyane fran\u00e7aise et le d\u00e9veloppement de ses ressources vari\u00e9es et sp\u00e9cialement de ses richesses aurif\u00e8res, filoniennes et alluvionnaires , par Arthur Dangoise,... avec la collaboration, pour la partie essentiellement technique, de L. Pottereau,...\r\nDate de l'\u00e9dition originale : 1905 Sujet de l'ouvrage : GuyaneFrance -- Colonies -- Histoire Ce livre est la reproduction fid\u00e8le d'une oeuvre publi\u00e9e avant 1920 et fait partie d'une collection de livres r\u00e9imprim\u00e9s \u00e0 la demande \u00e9dit\u00e9e par Hachette Livre, dans le cadre d'un partenariat avec la Biblioth\u00e8que nationale de France, offrant l'opportunit\u00e9 d'acc\u00e9der \u00e0 des ouvrages anciens et souvent rares issus des fonds patrimoniaux de la BnF.\r\nLes oeuvres faisant partie de cette collection ont \u00e9t\u00e9 num\u00e9ris\u00e9es par la BnF et sont pr\u00e9sentes sur Gallica, sa biblioth\u00e8que num\u00e9rique.\r\n\r\nEn entreprenant de redonner vie \u00e0 ces ouvrages au travers d'une collection de livres r\u00e9imprim\u00e9s \u00e0 la demande, nous leur donnons la possibilit\u00e9 de rencontrer un public \u00e9largi et participons \u00e0 la transmission de connaissances et de savoirs parfois difficilement accessibles.\r\nNous avons cherch\u00e9 \u00e0 concilier la reproduction fid\u00e8le d'un livre ancien \u00e0 partir de sa version num\u00e9ris\u00e9e avec le souci d'un confort de lecture optimal. Nous esp\u00e9rons que les ouvrages de cette nouvelle collection vous apporteront enti\u00e8re satisfaction.\r\n\r\nPour plus d'informations, rendez-vous sur www.hachettebnf.fr http:\/\/gallica.bnf.fr\/ark:\/12148\/bpt6k58399954","authors":["Dangoise Arthur"],"category_codes":["9000000","9100000","9100500"],"visuals":{"large":"https:\/\/images.epagine.fr\/007\/9782013423007_1_75.jpg","medium":"https:\/\/images.epagine.fr\/007\/9782013423007_1_m.jpg","thumbnail":"https:\/\/images.epagine.fr\/007\/9782013423007_1_v.jpg"},"orderable":true,"show_badge":true,"formatted_price":"21,50&nbsp;\u20ac","formatted_published_date":"1er septembre 2014","publisher_availability_label":"Sur commande","short_details":"Dangoise Arthur \u2014 Hachette BNF","translator":null,"weight":380,"page_count":null,"readership":null,"editor":"Hachette BNF","price":2150,"published_date":"2014-08-31T22:00:00.000000Z","support":"Grand format","publisher_availability":1,"stock":0,"editions":[],"url":"https:\/\/quaidesbrumes.com\/ouvrage\/9782013423007\/notes-essais-et-etudes-sur-la-guyane-francaise-et-le-developpement-de-ses-ressources-variees-et-s"},{"id":"9782013415095","title":"L'histoire et l'oeuvre de l'ecole francaise d'athenes","description":"L'histoire et l'oeuvre de l'\u00c9cole fran\u00e7aise d'Ath\u00e8nes \/ Georges Radet,...\r\nDate de l'\u00e9dition originale : 1901 Sujet de l'ouvrage : \u00c9cole fran\u00e7aise d'arch\u00e9ologie d'Ath\u00e8nes Ce livre est la reproduction fid\u00e8le d'une oeuvre publi\u00e9e avant 1920 et fait partie d'une collection de livres r\u00e9imprim\u00e9s \u00e0 la demande \u00e9dit\u00e9e par Hachette Livre, dans le cadre d'un partenariat avec la Biblioth\u00e8que nationale de France, offrant l'opportunit\u00e9 d'acc\u00e9der \u00e0 des ouvrages anciens et souvent rares issus des fonds patrimoniaux de la BnF.\r\nLes oeuvres faisant partie de cette collection ont \u00e9t\u00e9 num\u00e9ris\u00e9es par la BnF et sont pr\u00e9sentes sur Gallica, sa biblioth\u00e8que num\u00e9rique.\r\n\r\nEn entreprenant de redonner vie \u00e0 ces ouvrages au travers d'une collection de livres r\u00e9imprim\u00e9s \u00e0 la demande, nous leur donnons la possibilit\u00e9 de rencontrer un public \u00e9largi et participons \u00e0 la transmission de connaissances et de savoirs parfois difficilement accessibles.\r\nNous avons cherch\u00e9 \u00e0 concilier la reproduction fid\u00e8le d'un livre ancien \u00e0 partir de sa version num\u00e9ris\u00e9e avec le souci d'un confort de lecture optimal. Nous esp\u00e9rons que les ouvrages de cette nouvelle collection vous apporteront enti\u00e8re satisfaction.\r\n\r\nPour plus d'informations, rendez-vous sur www.hachettebnf.fr","authors":["Radet Georges"],"category_codes":["9000000","9100000","9100500"],"visuals":{"large":"https:\/\/images.epagine.fr\/095\/9782013415095_1_75.jpg","medium":"https:\/\/images.epagine.fr\/095\/9782013415095_1_m.jpg","thumbnail":"https:\/\/images.epagine.fr\/095\/9782013415095_1_v.jpg"},"orderable":true,"show_badge":true,"formatted_price":"32,00&nbsp;\u20ac","formatted_published_date":"1er septembre 2014","publisher_availability_label":"Sur commande","short_details":"Radet Georges \u2014 Hachette BNF","translator":null,"weight":740,"page_count":null,"readership":null,"editor":"Hachette BNF","price":3200,"published_date":"2014-08-31T22:00:00.000000Z","support":"Grand format","publisher_availability":1,"stock":0,"editions":[],"url":"https:\/\/quaidesbrumes.com\/ouvrage\/9782013415095\/lhistoire-et-loeuvre-de-lecole-francaise-dathenes"},{"id":"9782013423830","title":"Etude sur la constitution rythmique et metrique du drame grec","description":"\u00c9tude sur la constitution rythmique et m\u00e9trique du drame grec \/ par M\u00e9d\u00e9ric Dufour,...\r\nDate de l'\u00e9dition originale : 1893-1895 Sujet de l'ouvrage : Th\u00e9\u00e2tre grec -- M\u00e9trique et rythmique Collection : Travaux et m\u00e9moires des facult\u00e9s de Lille ; 3 (10, 14)-4 (17) Ce livre est la reproduction fid\u00e8le d'une oeuvre publi\u00e9e avant 1920 et fait partie d'une collection de livres r\u00e9imprim\u00e9s \u00e0 la demande \u00e9dit\u00e9e par Hachette Livre, dans le cadre d'un partenariat avec la Biblioth\u00e8que nationale de France, offrant l'opportunit\u00e9 d'acc\u00e9der \u00e0 des ouvrages anciens et souvent rares issus des fonds patrimoniaux de la BnF.\r\nLes oeuvres faisant partie de cette collection ont \u00e9t\u00e9 num\u00e9ris\u00e9es par la BnF et sont pr\u00e9sentes sur Gallica, sa biblioth\u00e8que num\u00e9rique.\r\n\r\nEn entreprenant de redonner vie \u00e0 ces ouvrages au travers d'une collection de livres r\u00e9imprim\u00e9s \u00e0 la demande, nous leur donnons la possibilit\u00e9 de rencontrer un public \u00e9largi et participons \u00e0 la transmission de connaissances et de savoirs parfois difficilement accessibles.\r\nNous avons cherch\u00e9 \u00e0 concilier la reproduction fid\u00e8le d'un livre ancien \u00e0 partir de sa version num\u00e9ris\u00e9e avec le souci d'un confort de lecture optimal. Nous esp\u00e9rons que les ouvrages de cette nouvelle collection vous apporteront enti\u00e8re satisfaction.\r\n\r\nPour plus d'informations, rendez-vous sur www.hachettebnf.fr http:\/\/gallica.bnf.fr\/ark:\/12148\/bpt6k69547d","authors":["Dufour Mederic"],"category_codes":["9000000","9100000"],"visuals":{"large":"https:\/\/images.epagine.fr\/830\/9782013423830_1_75.jpg","medium":"https:\/\/images.epagine.fr\/830\/9782013423830_1_m.jpg","thumbnail":"https:\/\/images.epagine.fr\/830\/9782013423830_1_v.jpg"},"orderable":true,"show_badge":true,"formatted_price":"12,90&nbsp;\u20ac","formatted_published_date":"1er septembre 2014","publisher_availability_label":"Sur commande","short_details":"Dufour Mederic \u2014 Hachette BNF","translator":null,"weight":120,"page_count":null,"readership":null,"editor":"Hachette BNF","price":1290,"published_date":"2014-08-31T22:00:00.000000Z","support":"Grand format","publisher_availability":1,"stock":0,"editions":[],"url":"https:\/\/quaidesbrumes.com\/ouvrage\/9782013423830\/etude-sur-la-constitution-rythmique-et-metrique-du-drame-grec"},{"id":"9782013423854","title":"Etude sur l'organisation administrative du tonkin et des pays de protectorat - : communication faite","description":"\u00c9tude sur l'organisation administrative du Tonkin et des pays de protectorat : communication faite \u00e0 la Soci\u00e9t\u00e9 de g\u00e9ographie dans la s\u00e9ance du 19 f\u00e9vrier 1886 \/ par Louis Dunoyer de Segonzac,...\r\nDate de l'\u00e9dition originale : 1886 Sujet de l'ouvrage : France -- Colonies -- HistoireTonkin Ce livre est la reproduction fid\u00e8le d'une oeuvre publi\u00e9e avant 1920 et fait partie d'une collection de livres r\u00e9imprim\u00e9s \u00e0 la demande \u00e9dit\u00e9e par Hachette Livre, dans le cadre d'un partenariat avec la Biblioth\u00e8que nationale de France, offrant l'opportunit\u00e9 d'acc\u00e9der \u00e0 des ouvrages anciens et souvent rares issus des fonds patrimoniaux de la BnF.\r\nLes oeuvres faisant partie de cette collection ont \u00e9t\u00e9 num\u00e9ris\u00e9es par la BnF et sont pr\u00e9sentes sur Gallica, sa biblioth\u00e8que num\u00e9rique.\r\n\r\nEn entreprenant de redonner vie \u00e0 ces ouvrages au travers d'une collection de livres r\u00e9imprim\u00e9s \u00e0 la demande, nous leur donnons la possibilit\u00e9 de rencontrer un public \u00e9largi et participons \u00e0 la transmission de connaissances et de savoirs parfois difficilement accessibles.\r\nNous avons cherch\u00e9 \u00e0 concilier la reproduction fid\u00e8le d'un livre ancien \u00e0 partir de sa version num\u00e9ris\u00e9e avec le souci d'un confort de lecture optimal. Nous esp\u00e9rons que les ouvrages de cette nouvelle collection vous apporteront enti\u00e8re satisfaction.\r\n\r\nPour plus d'informations, rendez-vous sur www.hachettebnf.fr http:\/\/gallica.bnf.fr\/ark:\/12148\/bpt6k5790769k","authors":["Dunoyer De Segonzac"],"category_codes":["9000000","9100000","9100500"],"visuals":{"large":"https:\/\/images.epagine.fr\/854\/9782013423854_1_75.jpg","medium":"https:\/\/images.epagine.fr\/854\/9782013423854_1_m.jpg","thumbnail":"https:\/\/images.epagine.fr\/854\/9782013423854_1_v.jpg"},"orderable":true,"show_badge":true,"formatted_price":"9,50&nbsp;\u20ac","formatted_published_date":"1er septembre 2014","publisher_availability_label":"Sur commande","short_details":"Dunoyer De Segonzac \u2014 Hachette BNF","translator":null,"weight":48,"page_count":null,"readership":null,"editor":"Hachette BNF","price":950,"published_date":"2014-08-31T22:00:00.000000Z","support":"Grand format","publisher_availability":1,"stock":0,"editions":[],"url":"https:\/\/quaidesbrumes.com\/ouvrage\/9782013423854\/etude-sur-lorganisation-administrative-du-tonkin-et-des-pays-de-protectorat-communication-faite"}]}