{"data":[{"id":"9782705669775","title":"R\u00e9cusation des doctrines philosophiques","description":"Les trois opuscules ici traduits (Production virile du si\u00e8cle, R\u00e9cusation des doctrines philosophiques, Pens\u00e9es et vues sur l'interpr\u00e9tation de la nature), bien que publi\u00e9s apr\u00e8s la mort de Bacon, apparaissent comme autant d'esquisses de YInstauratio Magna. Inscrits dans le projet de la r\u00e9forme du savoir, ils participent   comme le reste de l'oeuvre proprement philosophique   d'une ambition d\u00e9\u00e7ue : devant les obstacles institutionnels qui bloquent la r\u00e9alisation du projet, il s'agit, en se bornant d\u00e9sormais au terrain th\u00e9orique, de populariser les id\u00e9es nouvelles. Le probl\u00e8me n'est plus de mettre au point un programme de reconstruction des sciences, mais bien de trouver un mode d'exposition susceptible d'emporter l'adh\u00e9sion du public. Les opuscules peuvent d\u00e8s lors \u00eatre consid\u00e9r\u00e9s comme autant d'\u00ab exp\u00e9riences \u00bb destin\u00e9es \u00e0 tester les r\u00e9actions du lecteur et \u00e0 \u00e9valuer les moyens de s'attirer la meilleure audience possible ; bref, comme trois variations litt\u00e9raires sur un m\u00eame th\u00e8me, r\u00e9gies par trois mod\u00e8les distincts, o\u00f9 l'urgence d'une prise nouvelle sur la nature requiert une expression opportune   et la trouve. Dans tous les cas, la proc\u00e9dure classique de la r\u00e9futation (qui suppose un terrain commun o\u00f9 s'ouvre la discussion) s'estompe au b\u00e9n\u00e9fice de la r\u00e9cusation (o\u00f9 la pol\u00e9mique globale tend \u00e0 remplacer l'argumentation proprement dialectique) : une analyse critique des spectacles mont\u00e9s par la tradition y rep\u00e8re comme le th\u00e9\u00e2tre des tendances ordinaires \u00e0 l'esprit humain. Mais cette perspective demeure r\u00e9solument m\u00e9thodique, parall\u00e8le en cela du moins \u00e0 la place que la logique traditionnelle r\u00e9servait \u00e0 la r\u00e9futation, dans la phase n\u00e9gative de sa strat\u00e9gie. Car la d\u00e9nonciation des idoles constitue d\u00e9j\u00e0 un premier pas dans la r\u00e9forme du savoir.","authors":["Francis Bacon"],"category_codes":["9000000","9080000","9080200","9080204"],"visuals":{"large":"https:\/\/images.epagine.fr\/775\/9782705669775_1_75.jpg","medium":"https:\/\/images.epagine.fr\/775\/9782705669775_1_m.jpg","thumbnail":"https:\/\/images.epagine.fr\/775\/9782705669775_1_v.jpg"},"orderable":true,"show_badge":true,"formatted_price":"34,00&nbsp;\u20ac","formatted_published_date":"17 avril 2010","publisher_availability_label":"Sur commande","short_details":"Francis Bacon \u2014 Hermann","translator":null,"weight":298,"page_count":220,"readership":null,"editor":"Hermann","price":3400,"published_date":"2010-04-16T22:00:00.000000Z","support":"Grand format","publisher_availability":1,"stock":0,"editions":[],"url":"https:\/\/quaidesbrumes.com\/ouvrage\/9782705669775\/recusation-des-doctrines-philosophiques"},{"id":"9782705669782","title":"Fran\u00e7is Bacon et la r\u00e9forme du savoir","description":"Homme d'\u00c9tat adul\u00e9, puis contest\u00e9, philosophe t\u00e2tonnant et assez tard affirm\u00e9 comme tel, Francis Bacon n'est certes pas un penseur ordinaire. Il demeure n\u00e9anmoins, dans la \u00ab traditive \u00bb qu'il affectionnait tant, celui qui a su faire passer un message \u00e0 la fois inscrit dans une r\u00e9cente tradition de renouvellement des humanit\u00e9s et dans une r\u00e9solue et ambitieuse entreprise de r\u00e9forme des savoirs, les deux \u00e9tant \u00e0 tout moment parfaitement compl\u00e9mentaires. Penseur d'envergure revendiqu\u00e9e, il n'h\u00e9site pas \u00e0 d\u00e9ployer ses ailes et \u00e0 annoncer sans vergogne l'av\u00e8nement d'une certaine \u00ab modernit\u00e9 \u00bb, ce qui   dans le vocabulaire qui lui est propre   se traduit par l'expression Novum Organum, hommage rendu \u00e0 Aristote en m\u00eame temps que volont\u00e9 de s'en lib\u00e9rer et de b\u00e2tir du neuf sur de l'ancien, s'il est vrai que les nains juch\u00e9s sur les \u00e9paules d'un g\u00e9ant repr\u00e9sentent l'ascendance de la nouvelle g\u00e9n\u00e9ration sur l'ancienne, puisque leur regard portera naturellement plus loin quelle qu'ait \u00e9t\u00e9 leur dette l\u00e9gitime vis-\u00e0-vis des illustres anc\u00eatres. La v\u00e9rit\u00e9 est fille du temps : fille de son temps sans doute ; mais, tout aussi bien, fille des g\u00e9n\u00e9rations qui l'ont pr\u00e9c\u00e9d\u00e9e et l'ont ainsi form\u00e9e : tradition, novation se trouvent inextricablement m\u00eal\u00e9es. Toute rupture suppose un h\u00e9ritage et l'on n'inaugure qu'en regard d'un legs. Toute vell\u00e9it\u00e9 de r\u00e9novation, de r\u00e9formation, de r\u00e9-instauration install\u00e9e dans le projet d'une Instauratio qui ne saurait \u00eatre que magna, rencontre dans la diversit\u00e9 m\u00eame de ses interpr\u00e9tations ou traductions l'association de l'exig\u00e9e projection vers l'avenir et de l'in\u00e9vitable prise en consid\u00e9ration d'un pass\u00e9 ainsi revu et corrig\u00e9.","authors":["Didier Deleul\u00e9"],"category_codes":["9000000","9080000","9080200","9080204"],"visuals":{"large":"https:\/\/images.epagine.fr\/782\/9782705669782_1_75.jpg","medium":"https:\/\/images.epagine.fr\/782\/9782705669782_1_m.jpg","thumbnail":"https:\/\/images.epagine.fr\/782\/9782705669782_1_v.jpg"},"orderable":true,"show_badge":true,"formatted_price":"36,00&nbsp;\u20ac","formatted_published_date":"17 avril 2010","publisher_availability_label":"Sur commande","short_details":"Didier Deleul\u00e9 \u2014 Hermann","translator":null,"weight":250,"page_count":199,"readership":null,"editor":"Hermann","price":3600,"published_date":"2010-04-16T22:00:00.000000Z","support":"Grand format","publisher_availability":1,"stock":0,"editions":[],"url":"https:\/\/quaidesbrumes.com\/ouvrage\/9782705669782\/francis-bacon-et-la-reforme-du-savoir"},{"id":"9782705669942","title":"Agenda de la pens\u00e9e contemporaine Tome 16","description":"\u00ab La fonction anthropologique du droit \u00bb par Philippe Raynaud ;                                                                                                                                                                                                                                                                                                                                                                                                                           \u00ab La soci\u00e9t\u00e9 lib\u00e9rale \"d\u00e9voil\u00e9e\" \u00bb par Beno\u00eet Heilbrunn ;                                                                                                                                                                                                                                                                                                                                                                                                                        \u00ab Oeuvrer\/D\u00e9soeuvrer : En qu\u00eate d'un nouveau paradigme \u00bb Entretien avec Giorgio Agamben ;                                                                                                                                                                                                                                                                                                                                                                                                   \u00ab De la relativit\u00e9 du relativisme \u00bb par \u00c9tienne Klein ;                                                                                                                                                                                                                                                                                                                                                                                                                              \u00ab Le spectateur \u00e0 venir \u00bb par Fran\u00e7ois Roussel ;                                                                                                                                                                                                                                                                                                                                                                                \u00ab \u00c9loge de la prose \u00bb par Pierre Chartier ;                                                                                                                                                                                                                                                                                                                                                                                        \u00ab De la psychiatrie \u00e0 la sant\u00e9 mentale \u00bb par Jean-Loup Motchane ;                                                                                                                                                                                                                                                                                                                                                   \u00ab Pr\u00e9sents, ils sont absents \u00bb par Fran\u00e7ois Jullien.","authors":["Julien Francois"],"category_codes":["9000000","9080000"],"visuals":{"large":"https:\/\/images.epagine.fr\/942\/9782705669942_1_75.jpg","medium":"https:\/\/images.epagine.fr\/942\/9782705669942_1_m.jpg","thumbnail":"https:\/\/images.epagine.fr\/942\/9782705669942_1_v.jpg"},"orderable":true,"show_badge":true,"formatted_price":"25,00&nbsp;\u20ac","formatted_published_date":"17 avril 2010","publisher_availability_label":"Sur commande","short_details":"Julien Francois \u2014 Hermann","translator":null,"weight":120,"page_count":124,"readership":null,"editor":"Hermann","price":2500,"published_date":"2010-04-16T22:00:00.000000Z","support":"Grand format","publisher_availability":1,"stock":0,"editions":[],"url":"https:\/\/quaidesbrumes.com\/ouvrage\/9782705669942\/agenda-de-la-pensee-contemporaine-tome-16"},{"id":"9782296082397","title":"Marx, l'association et la libert\u00e9 Tome 2 ; la communaut\u00e9 en question","description":"Dans un court passage du premier chapitre du Capital, Marx pose une \u00e9tonnante analogie entre une robinsonnade, un mod\u00e8le d'\u00e9conomie simple sans \u00e9changes, et une r\u00e9union d'hommes libres, qui est un des noms du communisme.\r\nLa transparence et la simplicit\u00e9 paraissent communes \u00e0 ces deux formes. En mettant au centre d'une lecture de Marx ce passage, le but a \u00e9t\u00e9 d'examiner deux ensembles de questions. D'un c\u00f4t\u00e9, si une certaine clart\u00e9 est une note essentielle du communisme et de la communaut\u00e9, une telle forme est-elle possible; est-elle souhaitable ? De l'autre, quels seraient plus pr\u00e9cis\u00e9ment les domaines d'activit\u00e9, individuels ou collectifs, subsum\u00e9s sous le concept d'une communaut\u00e9 transparente ? Comment comprendre la th\u00e8se d'un libre d\u00e9ploiement des forces individuelles dans le communisme ? Tenter de r\u00e9pondre \u00e0 ces questions supposait d'inclure dans la lecture certaines critiques r\u00e9guli\u00e8rement adress\u00e9es \u00e0 Marx, de mani\u00e8re \u00e0 mieux saisir le sens de ses propos les plus probl\u00e9matiques, au moins en apparence.\r\nUne premi\u00e8re \u00e9tape est ainsi consacr\u00e9e \u00e0 la possibilit\u00e9 institutionnelle et \u00e9conomique, au sens large, de l'association communiste. La seconde tente de pr\u00e9ciser l'id\u00e9e qu'a pu se faire Marx de la libert\u00e9 individuelle comme libre activit\u00e9.\r","authors":["Paul S\u00e9r\u00e9ni"],"category_codes":["9000000","9080000","9080200","9080204"],"visuals":{"large":"https:\/\/images.epagine.fr\/397\/9782296082397_1_75.jpg","medium":"https:\/\/images.epagine.fr\/397\/9782296082397_1_m.jpg","thumbnail":"https:\/\/images.epagine.fr\/397\/9782296082397_1_v.jpg"},"orderable":true,"show_badge":true,"formatted_price":"24,00&nbsp;\u20ac","formatted_published_date":"17 mars 2010","publisher_availability_label":"Sur commande","short_details":"Paul S\u00e9r\u00e9ni \u2014 \u00c9ditions L'Harmattan","translator":null,"weight":335,"page_count":null,"readership":null,"editor":"\u00c9ditions L'Harmattan","price":2400,"published_date":"2010-03-16T23:00:00.000000Z","support":"Grand format","publisher_availability":1,"stock":0,"editions":[],"url":"https:\/\/quaidesbrumes.com\/ouvrage\/9782296082397\/marx-lassociation-et-la-liberte-tome-2-la-communaute-en-question"},{"id":"9782296113381","title":"Histoire \u00e0 l'oeuvre ; trois \u00e9tudes sur Emmanuel L\u00e9vinas","description":"Emmanuel Levinas interpr\u00e8te l'histoire de la philosophie, saisie sous le rapport de la philosophie de l'histoire, comme le lieu privil\u00e9gi\u00e9 o\u00f9 s'\u00e9labore le sens commun et la \"sagesse des nations\". Les trois \u00e9tudes ici rassembl\u00e9es cherchent \u00e0 d\u00e9limiter les horizons d'une autre fa\u00e7on de concevoir l'histoire et, partant, l'historicit\u00e9 concr\u00e8te \u00e0 l'aune de cat\u00e9gories qui sont celles d'une nouvelle praxis.\r","authors":["Georges-Elia Sarfati"],"category_codes":["9000000","9080000","9080200","9080204"],"visuals":{"large":"https:\/\/images.epagine.fr\/381\/9782296113381_1_75.jpg","medium":"https:\/\/images.epagine.fr\/381\/9782296113381_1_m.jpg","thumbnail":"https:\/\/images.epagine.fr\/381\/9782296113381_1_v.jpg"},"orderable":true,"show_badge":true,"formatted_price":"18,50&nbsp;\u20ac","formatted_published_date":"30 mars 2010","publisher_availability_label":"Sur commande","short_details":"Georges-Elia Sarfati \u2014 \u00c9ditions L'Harmattan","translator":null,"weight":230,"page_count":178,"readership":null,"editor":"\u00c9ditions L'Harmattan","price":1850,"published_date":"2010-03-29T22:00:00.000000Z","support":"Grand format","publisher_availability":1,"stock":0,"editions":[],"url":"https:\/\/quaidesbrumes.com\/ouvrage\/9782296113381\/histoire-a-loeuvre-trois-etudes-sur-emmanuel-levinas"},{"id":"9782296061842","title":"La mati\u00e8re et l'esprit ; conversations avec moi-m\u00eame ; qui?, pourquoi?, comment?","description":"Voici un livre tonifiant qui nous indique les raisons de notre existence, ses joies et ses souffrances. Un peu didactique, pas trop, il nous entra\u00eene dans une vision globale. La vie a-t-elle un but ? La d\u00e9it\u00e9 est-elle une id\u00e9e ? humaine ? La physique moderne, les religions vont aider \u00e0 comprendre la multitude du monde dans sa qu\u00eate d'unit\u00e9.\r","authors":["Jean-claude Baschet"],"category_codes":["9000000","9080000","9080200","9080204"],"visuals":{"large":"https:\/\/images.epagine.fr\/842\/9782296061842_1_75.jpg","medium":"https:\/\/images.epagine.fr\/842\/9782296061842_1_m.jpg","thumbnail":"https:\/\/images.epagine.fr\/842\/9782296061842_1_v.jpg"},"orderable":true,"show_badge":true,"formatted_price":"14,50&nbsp;\u20ac","formatted_published_date":"24 septembre 2008","publisher_availability_label":"Sur commande","short_details":"Jean-claude Baschet \u2014 \u00c9ditions L'Harmattan","translator":null,"weight":205,"page_count":142,"readership":null,"editor":"\u00c9ditions L'Harmattan","price":1450,"published_date":"2008-09-23T22:00:00.000000Z","support":"Grand format","publisher_availability":1,"stock":0,"editions":[],"url":"https:\/\/quaidesbrumes.com\/ouvrage\/9782296061842\/la-matiere-et-lesprit-conversations-avec-moi-meme-qui-pourquoi-comment"},{"id":"9782848981314","title":"\u00e0 la rencontre de... Karl Marx","description":"Revenant pas \u00e0 pas, ann\u00e9e apr\u00e8s ann\u00e9e, sur les traces de Marx, Jean-Emmanuel Ducoin s'interroge : comment et pourquoi son oeuvre s'est impos\u00e9e \u00e0 lui. Il questionne l'histoire du marxisme, la biographie de l'auteur du 'Capital', les conditions objectives, personnelles et publiques, dans lesquelles sa pens\u00e9e a pris son essor. Plus exactement, il en fait la g\u00e9n\u00e9alogie au regard de sa propre histoire, la prend \u00e0 bras-le-corps. Ce qui compte pour Jean-Emmanuel Ducoin, ce n'est pas de tenir un \u00e9ni\u00e8me discours magistral sur Marx mais tout au contraire de confronter l'intime au public. Confronter son histoire d'enfant de communistes \u00e9lev\u00e9 chez les j\u00e9suites \u00e0 l'histoire de Marx lui-m\u00eame, replac\u00e9e sans cesse dans la grande Histoire. Jean-Emmanuel Ducoin est un journaliste, essayiste et \u00e9crivain fran\u00e7ais. Depuis 1999, il est r\u00e9dacteur en chef du quotidien 'L'Humanit\u00e9' o\u00f9 il est \u00e9galement \u00e9ditorialiste et chroniqueur. Il est aussi le secr\u00e9taire national de l'association 'Les Amis de L'Humanit\u00e9'.\r","authors":["Jean-emmanuel Ducoin"],"category_codes":["9000000","9080000","9080200","9080204"],"visuals":{"large":"https:\/\/images.epagine.fr\/314\/9782848981314_1_75.jpg","medium":"https:\/\/images.epagine.fr\/314\/9782848981314_1_m.jpg","thumbnail":"https:\/\/images.epagine.fr\/314\/9782848981314_1_v.jpg"},"orderable":true,"show_badge":true,"formatted_price":"15,20&nbsp;\u20ac","formatted_published_date":"1er septembre 2011","publisher_availability_label":"Sur commande","short_details":"Jean-emmanuel Ducoin \u2014 Oxus","translator":null,"weight":228,"page_count":141,"readership":null,"editor":"Oxus","price":1520,"published_date":"2011-08-31T22:00:00.000000Z","support":"Grand format","publisher_availability":1,"stock":0,"editions":[],"url":"https:\/\/quaidesbrumes.com\/ouvrage\/9782848981314\/a-la-rencontre-de-karl-marx"},{"id":"9782351953303","title":"Manuel pratique de m\u00e9ditation","description":"Nombreux sont ceux qui m\u00e9ditent pour trouver la force de faire face aux confrontations inconfortables et exigeantes du quotidien. D'autres recherchent un chemin vers eux-m\u00eames et rencontrent des difficult\u00e9s parfois insurmontables pour acc\u00e9der \u00e0 une m\u00e9ditation r\u00e9ellement profitable. Certains encore, bien que sinc\u00e8res, n'ont pas une connaissance suffisante pour aller au bout de leur aspiration. Pour tous ceux-l\u00e0, ce livre est la r\u00e9ponse ! Une partie th\u00e9orique vous rappellera les bases essentielles de la m\u00e9ditation : les buts \u00e0 poser, les m\u00e9canismes \u00e0 l'oeuvre, les obstacles rencontr\u00e9s, les \u00e9cueils \u00e0 \u00e9viter, leur sens, leur fonction, les moyens de les d\u00e9passer. Une partie pratique vous enseignera la posture juste, la respiration juste, l'observation juste, ainsi que tous les petits secrets \u00e0 conna\u00eetre pour m\u00e9diter correctement. L'envie de pratiquer deviendra irr\u00e9sistible.\r","authors":["Selim A\u00efssel"],"category_codes":["7000000","7050000","7050300","7050305"],"visuals":{"large":"https:\/\/images.epagine.fr\/303\/9782351953303_1_75.jpg","medium":"https:\/\/images.epagine.fr\/303\/9782351953303_1_m.jpg","thumbnail":"https:\/\/images.epagine.fr\/303\/9782351953303_1_v.jpg"},"orderable":true,"show_badge":true,"formatted_price":"19,90&nbsp;\u20ac","formatted_published_date":"11 juin 2019","publisher_availability_label":"Sur commande","short_details":"Selim A\u00efssel \u2014 Ecce","translator":null,"weight":308,"page_count":260,"readership":null,"editor":"Ecce","price":1990,"published_date":"2019-06-10T22:00:00.000000Z","support":"Grand format","publisher_availability":1,"stock":0,"editions":[],"url":"https:\/\/quaidesbrumes.com\/ouvrage\/9782351953303\/manuel-pratique-de-meditation"},{"id":"9782829303234","title":"Cite de platon","description":null,"authors":["Marti Alain"],"category_codes":["9000000","9080000"],"visuals":{"large":"https:\/\/images.epagine.fr\/234\/9782829303234_1_75.jpg","medium":"https:\/\/images.epagine.fr\/234\/9782829303234_1_m.jpg","thumbnail":"https:\/\/images.epagine.fr\/234\/9782829303234_1_v.jpg"},"orderable":true,"show_badge":true,"formatted_price":"27,00&nbsp;\u20ac","formatted_published_date":"8 juin 2011","publisher_availability_label":"Sur commande","short_details":"Marti Alain \u2014 \u00c9ditions L'Harmattan","translator":null,"weight":400,"page_count":null,"readership":null,"editor":"\u00c9ditions L'Harmattan","price":2700,"published_date":"2011-06-07T22:00:00.000000Z","support":"Grand format","publisher_availability":1,"stock":0,"editions":[],"url":"https:\/\/quaidesbrumes.com\/ouvrage\/9782829303234\/cite-de-platon"},{"id":"9782705680473","title":"Les philosophes et l'histoire au XVIIIe si\u00e8cle","description":"Qu'est-ce que l'histoire ? Comment l'\u00e9crire ? De l'Antiquit\u00e9 \u00e0 nos jours, historiens et philosophes se sont pos\u00e9 ces questions sans jamais les \u00e9puiser tant leurs enjeux m\u00e9moriels, politiques et philosophiques sont essentiels. De Montesquieu \u00e0 Mably, de Voltaire \u00e0 d'Holbach, sans oublier d'Alembert, Diderot, Raynal, Rousseau et quelques autres, les philosophes du XVIIIe si\u00e8cle ont accord\u00e9 une place capitale \u00e0 l'historiographie et particip\u00e9 \u00e0 ce d\u00e9bat mill\u00e9naire en se pronon\u00e7ant sur la bonne mani\u00e8re d'\u00e9crire l'histoire et en oeuvrant pour une historiographie des Lumi\u00e8res qui jouera un r\u00f4le d\u00e9terminant dans l'av\u00e8nement de l'histoire moderne des XIXe et XXe si\u00e8cles. Leur r\u00e9flexion fut d'autant plus riche et utile qu'elle n'\u00e9tait pas homog\u00e8ne, que les conceptions et les pratiques de chacun n'\u00e9manaient pas d'une doctrine uniforme admise de tous, mais d'une recherche foisonnante nourrie de pol\u00e9miques et d'innovations.\r\nProduit par des litt\u00e9raires, des historiens et des philosophes sp\u00e9cialistes du XVIIIe si\u00e8cle, ce volume est consacr\u00e9 aux divers aspects m\u00e9thodologiques, philosophiques et politiques de l'historiographie des Lumi\u00e8res, aux modalit\u00e9s selon lesquelles les philosophes entendaient perfectionner l'\u00e9criture de l'histoire pour r\u00e9former les moeurs et les mentalit\u00e9s et changer in fine le cours de l'Histoire.","authors":["Collectif"],"category_codes":["9000000","9080000","9080200"],"visuals":{"large":"https:\/\/images.epagine.fr\/473\/9782705680473_1_75.jpg","medium":"https:\/\/images.epagine.fr\/473\/9782705680473_1_m.jpg","thumbnail":"https:\/\/images.epagine.fr\/473\/9782705680473_1_v.jpg"},"orderable":true,"show_badge":true,"formatted_price":"44,00&nbsp;\u20ac","formatted_published_date":"14 septembre 2011","publisher_availability_label":"Sur commande","short_details":"Collectif \u2014 Hermann","translator":null,"weight":528,"page_count":344,"readership":null,"editor":"Hermann","price":4400,"published_date":"2011-09-13T22:00:00.000000Z","support":"Grand format","publisher_availability":1,"stock":0,"editions":[],"url":"https:\/\/quaidesbrumes.com\/ouvrage\/9782705680473\/les-philosophes-et-lhistoire-au-xviiie-siecle"},{"id":"9782271070869","title":"Souvenirs d'Allemagne","description":"Bienvenue au pays de la m\u00e9taphysique, avec Victor Cousin pour guide, qui fit de ce voyage outre-Rhin l'un des grands piliers de sa r\u00e9flexion sur l'enseignement de la philosophie en France. Un document fascinant r\u00e9dig\u00e9 par Cousin au fil de son p\u00e9riple, de Mayence \u00e0 Hanovre  et de Dresde \u00e0 Berlin, que l'on lira \u00e0 la fois comme un carnet de route et comme une introduction magistrale \u00e0 la pens\u00e9e allemande. Voyage d'initiation, de p\u00e8lerinage, d'\u00e9merveillement pour le jeune professeur de la Sorbonne, qui fait alors connaissance avec quelques \" montres sacr\u00e9s \" alors peu connus du public fran\u00e7ais : Hegel, Schleiermacher, Schlegel... Avec ces prestigieux interlocuteurs, il discute de la morale de Kant, de l'ontologie de Leibniz, de l'id\u00e9alisme de Schelling, de l'\u00e9thique de Fichte, de l'avenir des sciences et de l'histoire en marche... L'occasion, pour Cousin, de tirer des enseignements \u00e9clair\u00e9s sur les grandes tendances de la philosophie contemporaine, de cerner au plus pr\u00e8s leur influence sur l'organisation de l'universit\u00e9 allemande, et de m\u00e9diter les le\u00e7ons que la France pourrait en tirer... Il saura s'en souvenir lorsque, des ann\u00e9es plus tard, Louis-Philippe lui confiera le minist\u00e8re de l'Instruction publique.\r","authors":["Victor Cousin"],"category_codes":["9000000","9080000","9080200","9080204"],"visuals":{"large":"https:\/\/images.epagine.fr\/869\/9782271070869_1_75.jpg","medium":"https:\/\/images.epagine.fr\/869\/9782271070869_1_m.jpg","thumbnail":"https:\/\/images.epagine.fr\/869\/9782271070869_1_v.jpg"},"orderable":true,"show_badge":true,"formatted_price":"10,00&nbsp;\u20ac","formatted_published_date":"28 avril 2011","publisher_availability_label":"Sur commande","short_details":"Victor Cousin \u2014 CNRS","translator":null,"weight":220,"page_count":225,"readership":null,"editor":"CNRS","price":1000,"published_date":"2011-04-27T22:00:00.000000Z","support":"Grand format","publisher_availability":1,"stock":0,"editions":[],"url":"https:\/\/quaidesbrumes.com\/ouvrage\/9782271070869\/souvenirs-dallemagne"},{"id":"9782812114137","title":"Spicil\u00e8ge Tome 2","description":"Le certitisme et le scepticisme philosophique seraient morts. Le conditionnalisme anthrosophique serait n\u00e9. Le parm\u00e9nidisme philosophique aurait disparu. L'H\u00e9raclit\u00e9\u00efsme anthrosophique serait apparu. L'ex paradigme anthrosophique du \u00ab serait \u00bb et de l' \u00ab aurait \u00bb qui se serait substitu\u00e9 au paradigme philosophique et dogmatique de l' \u00ab est \u00bb, de l' \u00ab \u00e9tait \u00bb, du \u00ab sera \u00bb, de l' \u00ab ai \u00bb, de l' \u00ab avait \u00bb et de l' \u00ab aura \u00bb aurait tr\u00e9pass\u00e9 en se d\u00e9dogmatisant davantage. Le nouveau paradigme anthrosophique du \u00ab seraite \u00bb et de l'  \u00ab auraite \u00bb serait \u00e9dit\u00e9. Par cons\u00e9quent, il s'agirait d'un conditionnalisme du langage anthrosophique davantage rationalis\u00e9 et beaucoup plus tol\u00e9riste, d'un langage en d\u00e9dogmatisation perp\u00e9tuelle. Il serait \u00e9dit\u00e9 sous sa forme \u00ab fran\u00e7aise \u00bb. Mais il ne s'agirait pas d'un \u00ab fran\u00e7ais \u00bb propre \u00e0 une culture puisqu'il pourrait s'universaliser, se traduire dans toutes les langues du monde.\r","authors":["Cyrille de L'ir\u00e9el olou"],"category_codes":["9000000","9080000","9080200","9080204"],"visuals":{"large":"https:\/\/images.epagine.fr\/137\/9782812114137_1_75.jpg","medium":"https:\/\/images.epagine.fr\/137\/9782812114137_1_m.jpg","thumbnail":"https:\/\/images.epagine.fr\/137\/9782812114137_1_v.jpg"},"orderable":true,"show_badge":true,"formatted_price":"25,00&nbsp;\u20ac","formatted_published_date":"10 juin 2009","publisher_availability_label":"Sur commande","short_details":"Cyrille de L'ir\u00e9el olou \u2014 Edilivre","translator":null,"weight":720,"page_count":null,"readership":null,"editor":"Edilivre","price":2500,"published_date":"2009-06-09T22:00:00.000000Z","support":"Grand format","publisher_availability":1,"stock":0,"editions":[],"url":"https:\/\/quaidesbrumes.com\/ouvrage\/9782812114137\/spicilege-tome-2"},{"id":"9782352885153","title":"Je pense donc je suis ! tout ce que vous devez savoir sur les philosophes et la philosophie","description":"Les \"penseurs\" aiment bien faire comme si la vie \u00e9tait horriblement compliqu\u00e9e. Mais la philosophie est-elle vraiment si complexe ? Est-elle aussi obscure et bizarre qu'on l'imagine ? Avec ce livre, la philo ne fait plus peur et devient passionnante ! 2500 ans d'histoire de la pens\u00e9e sont r\u00e9sum\u00e9s de mani\u00e8re claire et souvent amusante. De quoi se poser les bonnes questions et tenter de comprendre le monde et l'homme. La mani\u00e8re dont on vit, pense, mange, apprend, d\u00e9pense de l'argent, regarde une oeuvre... tout notre quotidien trouve son origine dans la pens\u00e9e des philosophes et leur philosophie. Pour tous ceux qui veulent comprendre nos soci\u00e9t\u00e9s, de la Gr\u00e8ce ancienne au XXIe si\u00e8cle, Je pense donc je suis, est un vade-mecum passionnant, complet et accessible. Des paradoxes de Z\u00e9non \u00e0 l'existentialisme de Sartre en passant par le rousseauisme, la m\u00e9taphysique de Kant et les th\u00e9ories de Marx, savourons la philo !\r","authors":["Lesley Levene"],"category_codes":["9000000","9080000","9080200","9080204"],"visuals":{"large":"https:\/\/images.epagine.fr\/153\/9782352885153_1_75.jpg","medium":"https:\/\/images.epagine.fr\/153\/9782352885153_1_m.jpg","thumbnail":"https:\/\/images.epagine.fr\/153\/9782352885153_1_v.jpg"},"orderable":true,"show_badge":true,"formatted_price":"18,95&nbsp;\u20ac","formatted_published_date":"23 mars 2011","publisher_availability_label":"Sur commande","short_details":"Lesley Levene \u2014 City \u00c9ditions","translator":null,"weight":195,"page_count":188,"readership":null,"editor":"City \u00c9ditions","price":1895,"published_date":"2011-03-22T23:00:00.000000Z","support":"Grand format","publisher_availability":1,"stock":0,"editions":[],"url":"https:\/\/quaidesbrumes.com\/ouvrage\/9782352885153\/je-pense-donc-je-suis-tout-ce-que-vous-devez-savoir-sur-les-philosophes-et-la-philosophie"},{"id":"9782916484129","title":"Le clignotement du soi - genese et institutions de l'ipseite","description":null,"authors":["Fazakas Istvan"],"category_codes":["9000000","9080000","9080700"],"visuals":{"large":"https:\/\/images.epagine.fr\/129\/9782916484129_1_75.jpg","medium":"https:\/\/images.epagine.fr\/129\/9782916484129_1_m.jpg","thumbnail":"https:\/\/images.epagine.fr\/129\/9782916484129_1_v.jpg"},"orderable":true,"show_badge":true,"formatted_price":"25,00&nbsp;\u20ac","formatted_published_date":"25 juin 2020","publisher_availability_label":"Sur commande","short_details":"Fazakas Istvan \u2014 Promotion De Phenomenologie","translator":null,"weight":430,"page_count":null,"readership":null,"editor":"Promotion De Phenomenologie","price":2500,"published_date":"2020-06-24T22:00:00.000000Z","support":"Grand format","publisher_availability":1,"stock":0,"editions":[],"url":"https:\/\/quaidesbrumes.com\/ouvrage\/9782916484129\/le-clignotement-du-soi-genese-et-institutions-de-lipseite"},{"id":"9782916484013","title":"L'attachement au r\u00e9el","description":null,"authors":["Guy Van kerckhoven"],"category_codes":["9000000","9080000","9080700"],"visuals":{"large":"https:\/\/images.epagine.fr\/013\/9782916484013_1_75.jpg","medium":"https:\/\/images.epagine.fr\/013\/9782916484013_1_m.jpg","thumbnail":"https:\/\/images.epagine.fr\/013\/9782916484013_1_v.jpg"},"orderable":true,"show_badge":true,"formatted_price":"20,00&nbsp;\u20ac","formatted_published_date":"1er octobre 2020","publisher_availability_label":"Sur commande","short_details":"Guy Van kerckhoven \u2014 Promotion De Phenomenologie","translator":null,"weight":369,"page_count":null,"readership":null,"editor":"Promotion De Phenomenologie","price":2000,"published_date":"2020-09-30T22:00:00.000000Z","support":"Grand format","publisher_availability":1,"stock":0,"editions":[],"url":"https:\/\/quaidesbrumes.com\/ouvrage\/9782916484013\/lattachement-au-reel"},{"id":"9782296966659","title":"Richard Rorty ; ou l'esprit du temps","description":"Richard Rorty est certainement l'un des philosophes contemporains qui ont contribu\u00e9 le plus directement \u00e0 la discussion internationale en philosophie. Cet ouvrage entend honorer sa m\u00e9moire en rappelant cet engagement, et en situant sa philosophie, dans ses propres termes, comme \u00ab la politique culturelle \u00bb qu'il a su promouvoir tout en pratiquant le dialogue philosophique comme le paradigme du dialogue transculturel dont nous avons aujourd'hui besoin.\r","authors":["Irma Angue medoux","Jacques Poulain"],"category_codes":["9000000","9080000","9080200","9080204"],"visuals":{"large":"https:\/\/images.epagine.fr\/659\/9782296966659_1_75.jpg","medium":"https:\/\/images.epagine.fr\/659\/9782296966659_1_m.jpg","thumbnail":"https:\/\/images.epagine.fr\/659\/9782296966659_1_v.jpg"},"orderable":true,"show_badge":true,"formatted_price":"21,50&nbsp;\u20ac","formatted_published_date":"14 f\u00e9vrier 2012","publisher_availability_label":"Sur commande","short_details":"Irma Angue medoux, Jacques Poulain \u2014 \u00c9ditions L'Harmattan","translator":null,"weight":250,"page_count":200,"readership":null,"editor":"\u00c9ditions L'Harmattan","price":2150,"published_date":"2012-02-13T23:00:00.000000Z","support":"Grand format","publisher_availability":1,"stock":0,"editions":[],"url":"https:\/\/quaidesbrumes.com\/ouvrage\/9782296966659\/richard-rorty-ou-lesprit-du-temps"},{"id":"9782011850010","title":"Cousin","description":"Cousin \/ par Eug\u00e8ne de Mirecourt Date de l'\u00e9dition originale : 1856 Sujet de l'ouvrage : Cousin, Victor (1792-1867) Collection : Les contemporains Ce livre est la reproduction fid\u00e8le d'une oeuvre publi\u00e9e avant 1920 et fait partie d'une collection de livres r\u00e9imprim\u00e9s \u00e0 la demande \u00e9dit\u00e9e par Hachette Livre, dans le cadre d'un partenariat avec la Biblioth\u00e8que nationale de France, offrant l'opportunit\u00e9 d'acc\u00e9der \u00e0 des ouvrages anciens et souvent rares issus des fonds patrimoniaux de la BnF.\r\nLes oeuvres faisant partie de cette collection ont \u00e9t\u00e9 num\u00e9ris\u00e9es par la BnF et sont pr\u00e9sentes sur Gallica, sa biblioth\u00e8que num\u00e9rique.\r\n\r\nEn entreprenant de redonner vie \u00e0 ces ouvrages au travers d'une collection de livres r\u00e9imprim\u00e9s \u00e0 la demande, nous leur donnons la possibilit\u00e9 de rencontrer un public \u00e9largi et participons \u00e0 la transmission de connaissances et de savoirs parfois difficilement accessibles.\r\nNous avons cherch\u00e9 \u00e0 concilier la reproduction fid\u00e8le d'un livre ancien \u00e0 partir de sa version num\u00e9ris\u00e9e avec le souci d'un confort de lecture optimal. Nous esp\u00e9rons que les ouvrages de cette nouvelle collection vous apporteront enti\u00e8re satisfaction.\r\n\r\nPour plus d'informations, rendez-vous sur www.hachettebnf.fr\r","authors":["Mirecourt Eugene"],"category_codes":["9000000","9080000"],"visuals":{"large":"https:\/\/images.epagine.fr\/010\/9782011850010_1_75.jpg","medium":"https:\/\/images.epagine.fr\/010\/9782011850010_1_m.jpg","thumbnail":"https:\/\/images.epagine.fr\/010\/9782011850010_1_v.jpg"},"orderable":true,"show_badge":true,"formatted_price":"14,90&nbsp;\u20ac","formatted_published_date":"1er avril 2013","publisher_availability_label":"Sur commande","short_details":"Mirecourt Eugene \u2014 Hachette BNF","translator":null,"weight":150,"page_count":null,"readership":null,"editor":"Hachette BNF","price":1490,"published_date":"2013-03-31T22:00:00.000000Z","support":"Grand format","publisher_availability":1,"stock":0,"editions":[],"url":"https:\/\/quaidesbrumes.com\/ouvrage\/9782011850010\/cousin"},{"id":"9782012531840","title":"Comment on devient alchimiste : trait\u00e9 d'herm\u00e9tisme et d'art spagyrique(\u00c9d.1897)","description":"Comment on devient alchimiste : trait\u00e9 d'herm\u00e9tisme et d'art spagyrique bas\u00e9 sur les clefs du tarot... \/ F. Jollivet-Castelot,... ; pr\u00e9face de Papus\r\nDate de l'\u00e9dition originale : 1897\r\nSujet de l'ouvrage : AlchimieTarot (divination)\r\n\r\nLe pr\u00e9sent ouvrage s'inscrit dans une politique de conservation patrimoniale des ouvrages de la litt\u00e9rature Fran\u00e7aise mise en place avec la BNF.\r\nHACHETTE LIVRE et la BNF proposent ainsi un catalogue de titres indisponibles, la BNF ayant num\u00e9ris\u00e9 ces oeuvres et HACHETTE LIVRE les imprimant \u00e0 la demande.\r\nCertains de ces ouvrages refl\u00e8tent des courants de pens\u00e9e caract\u00e9ristiques de leur \u00e9poque, mais qui seraient aujourd'hui jug\u00e9s condamnables.\r\nIls n'en appartiennent pas moins \u00e0 l'histoire des id\u00e9es en France et sont susceptibles de pr\u00e9senter un int\u00e9r\u00eat scientifique ou historique.\r\nLe sens de notre d\u00e9marche \u00e9ditoriale consiste ainsi \u00e0 permettre l'acc\u00e8s \u00e0 ces oeuvres sans pour autant que nous en cautionnions en aucune fa\u00e7on le contenu.\r\n\r\nPour plus d'informations, rendez-vous sur www.hachettebnf.fr","authors":["Jollivet-Castelot F."],"category_codes":["9000000","9080000"],"visuals":{"large":"https:\/\/images.epagine.fr\/840\/9782012531840_1_75.jpg","medium":"https:\/\/images.epagine.fr\/840\/9782012531840_1_m.jpg","thumbnail":"https:\/\/images.epagine.fr\/840\/9782012531840_1_v.jpg"},"orderable":true,"show_badge":true,"formatted_price":"28,50&nbsp;\u20ac","formatted_published_date":"1er mai 2012","publisher_availability_label":"Sur commande","short_details":"Jollivet-Castelot F. \u2014 Hachette BNF","translator":null,"weight":619,"page_count":443,"readership":null,"editor":"Hachette BNF","price":2850,"published_date":"2012-04-30T22:00:00.000000Z","support":"Grand format","publisher_availability":1,"stock":0,"editions":[],"url":"https:\/\/quaidesbrumes.com\/ouvrage\/9782012531840\/comment-on-devient-alchimiste-traite-dhermetisme-et-dart-spagyriqueed1897"},{"id":"9782012532434","title":"Constitution de la Rose-Croix : le Temple et le Graal (\u00c9d.1893)","description":"Constitution de la Rose-Croix : le Temple et le Graal \/ [sign\u00e9 : S\u00e2r P\u00e9ladan]\r\nDate de l'\u00e9dition originale : 1893\r\nSujet de l'ouvrage : Rose-croix\r\n\r\nLe pr\u00e9sent ouvrage s'inscrit dans une politique de conservation patrimoniale des ouvrages de la litt\u00e9rature Fran\u00e7aise mise en place avec la BNF.\r\nHACHETTE LIVRE et la BNF proposent ainsi un catalogue de titres indisponibles, la BNF ayant num\u00e9ris\u00e9 ces oeuvres et HACHETTE LIVRE les imprimant \u00e0 la demande.\r\nCertains de ces ouvrages refl\u00e8tent des courants de pens\u00e9e caract\u00e9ristiques de leur \u00e9poque, mais qui seraient aujourd'hui jug\u00e9s condamnables.\r\nIls n'en appartiennent pas moins \u00e0 l'histoire des id\u00e9es en France et sont susceptibles de pr\u00e9senter un int\u00e9r\u00eat scientifique ou historique.\r\nLe sens de notre d\u00e9marche \u00e9ditoriale consiste ainsi \u00e0 permettre l'acc\u00e8s \u00e0 ces oeuvres sans pour autant que nous en cautionnions en aucune fa\u00e7on le contenu.\r\n\r\nPour plus d'informations, rendez-vous sur www.hachettebnf.fr","authors":["Jos\u00e9phin P\u00e9ladan"],"category_codes":["9000000","9080000"],"visuals":{"large":"https:\/\/images.epagine.fr\/434\/9782012532434_1_75.jpg","medium":"https:\/\/images.epagine.fr\/434\/9782012532434_1_m.jpg","thumbnail":"https:\/\/images.epagine.fr\/434\/9782012532434_1_v.jpg"},"orderable":true,"show_badge":true,"formatted_price":"11,50&nbsp;\u20ac","formatted_published_date":"1er mai 2012","publisher_availability_label":"Sur commande","short_details":"Jos\u00e9phin P\u00e9ladan \u2014 Hachette BNF","translator":null,"weight":99,"page_count":59,"readership":null,"editor":"Hachette BNF","price":1150,"published_date":"2012-04-30T22:00:00.000000Z","support":"Grand format","publisher_availability":1,"stock":0,"editions":[],"url":"https:\/\/quaidesbrumes.com\/ouvrage\/9782012532434\/constitution-de-la-rose-croix-le-temple-et-le-graal-ed1893"},{"id":"9782012534179","title":"Cours de philosophie positive. [Tome 1] (\u00c9d.1830)","description":"Cours de philosophie positive. [Tome 1] \/ par M. Auguste Comte,...\r\nDate de l'\u00e9dition originale : 1830\r\nSujet de l'ouvrage : Positivisme\r\n\r\nLe pr\u00e9sent ouvrage s'inscrit dans une politique de conservation patrimoniale des ouvrages de la litt\u00e9rature Fran\u00e7aise mise en place avec la BNF.\r\nHACHETTE LIVRE et la BNF proposent ainsi un catalogue de titres indisponibles, la BNF ayant num\u00e9ris\u00e9 ces oeuvres et HACHETTE LIVRE les imprimant \u00e0 la demande.\r\nCertains de ces ouvrages refl\u00e8tent des courants de pens\u00e9e caract\u00e9ristiques de leur \u00e9poque, mais qui seraient aujourd'hui jug\u00e9s condamnables.\r\nIls n'en appartiennent pas moins \u00e0 l'histoire des id\u00e9es en France et sont susceptibles de pr\u00e9senter un int\u00e9r\u00eat scientifique ou historique.\r\nLe sens de notre d\u00e9marche \u00e9ditoriale consiste ainsi \u00e0 permettre l'acc\u00e8s \u00e0 ces oeuvres sans pour autant que nous en cautionnions en aucune fa\u00e7on le contenu.\r\n\r\nPour plus d'informations, rendez-vous sur www.hachettebnf.fr","authors":["Auguste Comte"],"category_codes":["9000000","9080000"],"visuals":{"large":"https:\/\/images.epagine.fr\/179\/9782012534179_1_75.jpg","medium":"https:\/\/images.epagine.fr\/179\/9782012534179_1_m.jpg","thumbnail":"https:\/\/images.epagine.fr\/179\/9782012534179_1_v.jpg"},"orderable":true,"show_badge":true,"formatted_price":"39,40&nbsp;\u20ac","formatted_published_date":"1er mai 2012","publisher_availability_label":"Sur commande","short_details":"Auguste Comte \u2014 Hachette BNF","translator":null,"weight":1036,"page_count":751,"readership":null,"editor":"Hachette BNF","price":3940,"published_date":"2012-04-30T22:00:00.000000Z","support":"Grand format","publisher_availability":1,"stock":0,"editions":[],"url":"https:\/\/quaidesbrumes.com\/ouvrage\/9782012534179\/cours-de-philosophie-positive-tome-1-ed1830"},{"id":"9782012534186","title":"Cours de philosophie. Logique (\u00c9d.1892)","description":"Logique (3e \u00e9dition) \/ par Louis Liard,...\r\nDate de l'\u00e9dition originale : 1892\r\n\r\nLe pr\u00e9sent ouvrage s'inscrit dans une politique de conservation patrimoniale des ouvrages de la litt\u00e9rature Fran\u00e7aise mise en place avec la BNF.\r\nHACHETTE LIVRE et la BNF proposent ainsi un catalogue de titres indisponibles, la BNF ayant num\u00e9ris\u00e9 ces oeuvres et HACHETTE LIVRE les imprimant \u00e0 la demande.\r\nCertains de ces ouvrages refl\u00e8tent des courants de pens\u00e9e caract\u00e9ristiques de leur \u00e9poque, mais qui seraient aujourd'hui jug\u00e9s condamnables.\r\nIls n'en appartiennent pas moins \u00e0 l'histoire des id\u00e9es en France et sont susceptibles de pr\u00e9senter un int\u00e9r\u00eat scientifique ou historique.\r\nLe sens de notre d\u00e9marche \u00e9ditoriale consiste ainsi \u00e0 permettre l'acc\u00e8s \u00e0 ces oeuvres sans pour autant que nous en cautionnions en aucune fa\u00e7on le contenu.\r\n\r\nPour plus d'informations, rendez-vous sur www.hachettebnf.fr","authors":["Liard Louis"],"category_codes":["9000000","9080000"],"visuals":{"large":"https:\/\/images.epagine.fr\/186\/9782012534186_1_75.jpg","medium":"https:\/\/images.epagine.fr\/186\/9782012534186_1_m.jpg","thumbnail":"https:\/\/images.epagine.fr\/186\/9782012534186_1_v.jpg"},"orderable":true,"show_badge":true,"formatted_price":"20,50&nbsp;\u20ac","formatted_published_date":"1er juin 2012","publisher_availability_label":"Sur commande","short_details":"Liard Louis \u2014 Hachette BNF","translator":null,"weight":357,"page_count":248,"readership":null,"editor":"Hachette BNF","price":2050,"published_date":"2012-05-31T22:00:00.000000Z","support":"Grand format","publisher_availability":1,"stock":0,"editions":[],"url":"https:\/\/quaidesbrumes.com\/ouvrage\/9782012534186\/cours-de-philosophie-logique-ed1892"},{"id":"9782012534292","title":"Cours philosophique et interpr\u00e9tatif des initiations anciennes et modernes (\u00c9d.1841)","description":"Cours philosophique et interpr\u00e9tatif des initiations anciennes et modernes \/ par J.-M. Ragon\r\nDate de l'\u00e9dition originale : 1841\r\nSujet de l'ouvrage : Franc-ma\u00e7onnerie\r\n\r\nLe pr\u00e9sent ouvrage s'inscrit dans une politique de conservation patrimoniale des ouvrages de la litt\u00e9rature Fran\u00e7aise mise en place avec la BNF.\r\nHACHETTE LIVRE et la BNF proposent ainsi un catalogue de titres indisponibles, la BNF ayant num\u00e9ris\u00e9 ces oeuvres et HACHETTE LIVRE les imprimant \u00e0 la demande.\r\nCertains de ces ouvrages refl\u00e8tent des courants de pens\u00e9e caract\u00e9ristiques de leur \u00e9poque, mais qui seraient aujourd'hui jug\u00e9s condamnables.\r\nIls n'en appartiennent pas moins \u00e0 l'histoire des id\u00e9es en France et sont susceptibles de pr\u00e9senter un int\u00e9r\u00eat scientifique ou historique.\r\nLe sens de notre d\u00e9marche \u00e9ditoriale consiste ainsi \u00e0 permettre l'acc\u00e8s \u00e0 ces oeuvres sans pour autant que nous en cautionnions en aucune fa\u00e7on le contenu.\r\n\r\nPour plus d'informations, rendez-vous sur www.hachettebnf.fr","authors":["Jean-Marie Ragon"],"category_codes":["9000000","9080000"],"visuals":{"large":"https:\/\/images.epagine.fr\/292\/9782012534292_1_75.jpg","medium":"https:\/\/images.epagine.fr\/292\/9782012534292_1_m.jpg","thumbnail":"https:\/\/images.epagine.fr\/292\/9782012534292_1_v.jpg"},"orderable":true,"show_badge":true,"formatted_price":"26,50&nbsp;\u20ac","formatted_published_date":"1er mai 2012","publisher_availability_label":"Sur commande","short_details":"Jean-Marie Ragon \u2014 Hachette BNF","translator":null,"weight":582,"page_count":415,"readership":null,"editor":"Hachette BNF","price":2650,"published_date":"2012-04-30T22:00:00.000000Z","support":"Grand format","publisher_availability":1,"stock":0,"editions":[],"url":"https:\/\/quaidesbrumes.com\/ouvrage\/9782012534292\/cours-philosophique-et-interpretatif-des-initiations-anciennes-et-modernes-ed1841"},{"id":"9782012534483","title":"Critique de la raison pratique (\u00c9d.1888)","description":"Critique de la raison pratique \/ par Emmanuel Kant ; nouvelle traduction fran\u00e7aise, avec un avant-propos sur la philosophie de Kant en France, de 1773 \u00e0 1814, des notes philologiques et philosophiques, par F. Picavet,...\r\nDate de l'\u00e9dition originale : 1888\r\nCollection : Collection historique des grands philosophes\r\n\r\nLe pr\u00e9sent ouvrage s'inscrit dans une politique de conservation patrimoniale des ouvrages de la litt\u00e9rature Fran\u00e7aise mise en place avec la BNF.\r\nHACHETTE LIVRE et la BNF proposent ainsi un catalogue de titres indisponibles, la BNF ayant num\u00e9ris\u00e9 ces oeuvres et HACHETTE LIVRE les imprimant \u00e0 la demande.\r\nCertains de ces ouvrages refl\u00e8tent des courants de pens\u00e9e caract\u00e9ristiques de leur \u00e9poque, mais qui seraient aujourd'hui jug\u00e9s condamnables.\r\nIls n'en appartiennent pas moins \u00e0 l'histoire des id\u00e9es en France et sont susceptibles de pr\u00e9senter un int\u00e9r\u00eat scientifique ou historique.\r\nLe sens de notre d\u00e9marche \u00e9ditoriale consiste ainsi \u00e0 permettre l'acc\u00e8s \u00e0 ces oeuvres sans pour autant que nous en cautionnions en aucune fa\u00e7on le contenu.\r\n\r\nPour plus d'informations, rendez-vous sur www.hachettebnf.fr","authors":["Kant Emmanuel"],"category_codes":["9000000","9080000"],"visuals":{"large":"https:\/\/images.epagine.fr\/483\/9782012534483_1_75.jpg","medium":"https:\/\/images.epagine.fr\/483\/9782012534483_1_m.jpg","thumbnail":"https:\/\/images.epagine.fr\/483\/9782012534483_1_v.jpg"},"orderable":true,"show_badge":true,"formatted_price":"26,50&nbsp;\u20ac","formatted_published_date":"1er juin 2012","publisher_availability_label":"Sur commande","short_details":"Kant Emmanuel \u2014 Hachette BNF","translator":null,"weight":579,"page_count":413,"readership":null,"editor":"Hachette BNF","price":2650,"published_date":"2012-05-31T22:00:00.000000Z","support":"Grand format","publisher_availability":1,"stock":0,"editions":[],"url":"https:\/\/quaidesbrumes.com\/ouvrage\/9782012534483\/critique-de-la-raison-pratique-ed1888"},{"id":"9782012534490","title":"Critique de la raison pratique pr\u00e9c\u00e9d\u00e9e des Fondements de la m\u00e9taphysique des moeurs (\u00c9d.1848)","description":"Critique de la raison pratique ; pr\u00e9c\u00e9d\u00e9e des Fondements de la m\u00e9taphysique des moeurs \/ par Emm. Kant ; traduit de l'allemand par J. Barni,...\r\nDate de l'\u00e9dition originale : 1848\r\n\r\nLe pr\u00e9sent ouvrage s'inscrit dans une politique de conservation patrimoniale des ouvrages de la litt\u00e9rature Fran\u00e7aise mise en place avec la BNF.\r\nHACHETTE LIVRE et la BNF proposent ainsi un catalogue de titres indisponibles, la BNF ayant num\u00e9ris\u00e9 ces oeuvres et HACHETTE LIVRE les imprimant \u00e0 la demande.\r\nCertains de ces ouvrages refl\u00e8tent des courants de pens\u00e9e caract\u00e9ristiques de leur \u00e9poque, mais qui seraient aujourd'hui jug\u00e9s condamnables.\r\nIls n'en appartiennent pas moins \u00e0 l'histoire des id\u00e9es en France et sont susceptibles de pr\u00e9senter un int\u00e9r\u00eat scientifique ou historique.\r\nLe sens de notre d\u00e9marche \u00e9ditoriale consiste ainsi \u00e0 permettre l'acc\u00e8s \u00e0 ces oeuvres sans pour autant que nous en cautionnions en aucune fa\u00e7on le contenu.\r\n\r\nPour plus d'informations, rendez-vous sur www.hachettebnf.fr","authors":["Kant Emmanuel"],"category_codes":["9000000","9080000"],"visuals":{"large":"https:\/\/images.epagine.fr\/490\/9782012534490_1_75.jpg","medium":"https:\/\/images.epagine.fr\/490\/9782012534490_1_m.jpg","thumbnail":"https:\/\/images.epagine.fr\/490\/9782012534490_1_v.jpg"},"orderable":true,"show_badge":true,"formatted_price":"26,50&nbsp;\u20ac","formatted_published_date":"1er mai 2012","publisher_availability_label":"Sur commande","short_details":"Kant Emmanuel \u2014 Hachette BNF","translator":null,"weight":570,"page_count":407,"readership":null,"editor":"Hachette BNF","price":2650,"published_date":"2012-04-30T22:00:00.000000Z","support":"Grand format","publisher_availability":1,"stock":0,"editions":[],"url":"https:\/\/quaidesbrumes.com\/ouvrage\/9782012534490\/critique-de-la-raison-pratique-precedee-des-fondements-de-la-metaphysique-des-moeurs-ed1848"}]}