{"data":[{"id":"9782140344091","title":"La vie, angle mort de la science","description":"Si la vie est une \u00e9vidence, elle reste ind\u00e9finissable pour la connaissance scientifique. Notre \u00e9tude fait alors le lien entre connaissance scientifique et connaissance de la vie en montrant comment la science, rationalit\u00e9 oblige, perd une partie du r\u00e9el, gomme les individualit\u00e9s, se d\u00e9tourne du \u00ab ici et maintenant \u00bb de l'action. Il s'ensuit un renoncement de l'usage des sens, des pertes de cr\u00e9ativit\u00e9, un certain m\u00e9pris de la subjectivit\u00e9. Les sciences humaines se r\u00e9v\u00e8lent alors paradoxales lorsqu'elles traitent de question \u00ab de la vie \u00bb en se disant \u00ab scientifiques \u00bb.  L'auteur fait valoir d'autres formes de connaissances tout aussi rigoureuses pour approcher le R\u00e9el de la Vie. Mais cela suppose un mode de fonctionnement o\u00f9 l'homme se prend comme \u00e9chantillon de sa propre recherche, pour une connaissance de soi assum\u00e9e mais dans une rigoureuse \u00e9thique de la Connaissance.","authors":["Laurent M\u00e9n\u00e9goz"],"category_codes":["9000000","9080000","9080700","9080701"],"visuals":{"large":"https:\/\/images.epagine.fr\/091\/9782140344091_1_75.jpg","medium":"https:\/\/images.epagine.fr\/091\/9782140344091_1_m.jpg","thumbnail":"https:\/\/images.epagine.fr\/091\/9782140344091_1_v.jpg"},"orderable":true,"show_badge":true,"formatted_price":"28,00&nbsp;\u20ac","formatted_published_date":"5 avril 2023","publisher_availability_label":"Sur commande","short_details":"Laurent M\u00e9n\u00e9goz \u2014 \u00c9ditions L'Harmattan","translator":null,"weight":347,"page_count":282,"readership":null,"editor":"\u00c9ditions L'Harmattan","price":2800,"published_date":"2023-04-04T22:00:00.000000Z","support":"Grand format","publisher_availability":1,"stock":0,"editions":[],"url":"https:\/\/quaidesbrumes.com\/ouvrage\/9782140344091\/la-vie-angle-mort-de-la-science"},{"id":"9791092840155","title":"Oeuvres completes tome ii","description":"Le fran\u00e7ais actuel est devenu -\u00e0 plusieurs \u00e9gards- la langue des infid\u00e8les. Le Procurateur des infid\u00e8les, Raymond Lulle (1232-1316), souhaitait vigoureusement que plusieurs de ses ouvrages majeurs soient traduits dans la langue des infid\u00e8les. Il est temps de r\u00e9pondre conform\u00e9ment \u00e0 l'aspiration forte de Lulle, afin de transmettre aux lecteurs fran\u00e7ais la meilleure actualisation de son h\u00e9ritage m\u00e9di\u00e9val. C'est un devoir de m\u00e9moire -pour tout disciple de Lulle- de se soumettre \u00e0 l'intention de Magister Raymundus Lull, afin de rendre vivante la lettre de son oeuvre illustre.\r\n\r\n  Le tome II des Oeuvres Compl\u00e8tes comprend la traduction fran\u00e7aise de neuf ouvrages du Bienheureux -Art Compendieux de d\u00e9couvrir la V\u00e9rit\u00e9, Lecture compendieuse sur l'Art de d\u00e9couvrir la V\u00e9rit\u00e9, Art Notatoire, Livre de D\u00e9monstrations, Livre de l'ordre de chevalerie, Doctrine Pu\u00e9rile, Livre d'oraisons et contemplations de l'entendement, Livre contre Ant\u00e9christ, Livre du Gentil et des trois sages- qui d\u00e9veloppent la doctrine de l'Art de Lulle au d\u00e9but du remaniement quaternaire.\r\n\r\n  Le traducteur, Constantin Teleanu, recourt toujours \u00e0 l'original latin ou catalan des ouvrages de Lulle, afin de parfaire une traduction rigoureuse de son parler tant\u00f4t scolastique tant\u00f4t vernaculaire.\r\n\r\n  Raymond Lulle (1232-1316) se convertit gri\u00e8vement \u00e0 la p\u00e9nitence. Il est appel\u00e9 par J\u00e9sus-Christ \u00e0 rendre service \u00e0 Dieu au moyen de son Art G\u00e9n\u00e9ral. Le rayonnement de la sagesse infuse du Docteur Illumin\u00e9 \u00e9claire la tradition chr\u00e9tienne de son h\u00e9ritage spirituel.","authors":["Raymond Lulle"],"category_codes":["9000000","9080000","9080500"],"visuals":{"large":"https:\/\/images.epagine.fr\/155\/9791092840155_1_75.jpg","medium":"https:\/\/images.epagine.fr\/155\/9791092840155_1_m.jpg","thumbnail":"https:\/\/images.epagine.fr\/155\/9791092840155_1_v.jpg"},"orderable":true,"show_badge":true,"formatted_price":"247,00&nbsp;\u20ac","formatted_published_date":"18 mars 2020","publisher_availability_label":"Sur commande","short_details":"Raymond Lulle \u2014 Teleanu Constantin","translator":null,"weight":2500,"page_count":501,"readership":null,"editor":"Teleanu Constantin","price":24700,"published_date":"2020-03-17T23:00:00.000000Z","support":"Grand format","publisher_availability":1,"stock":0,"editions":[],"url":"https:\/\/quaidesbrumes.com\/ouvrage\/9791092840155\/oeuvres-completes-tome-ii"},{"id":"9782296041356","title":"Manifeste du philosophe-voyou ; un dialogue avec Michel Onfray","description":"Le philosophe-voyou est l'alliage de deux figures oppos\u00e9es, le philosophe pour l'abstrait, le voyou pour le sensible. Son credo, le mal n'est pas mauvais, il permet m\u00eame d'atteindre la vertu, est relay\u00e9 dans ce pamphlet au style pol\u00e9mique et sinc\u00e8re, d\u00e9sireux d'introduire le combat dans la philosophie en m\u00eame temps que la philosophie dans le monde de la cogne.","authors":["Olivier Saint-vincent","Rapha\u00ebl Saint-vincent"],"category_codes":["9000000","9080000","9080200","9080204"],"visuals":{"large":"https:\/\/images.epagine.fr\/356\/9782296041356_1_75.jpg","medium":"https:\/\/images.epagine.fr\/356\/9782296041356_1_m.jpg","thumbnail":"https:\/\/images.epagine.fr\/356\/9782296041356_1_v.jpg"},"orderable":true,"show_badge":true,"formatted_price":"13,50&nbsp;\u20ac","formatted_published_date":"4 d\u00e9cembre 2007","publisher_availability_label":"Sur commande","short_details":"Olivier Saint-vincent, Rapha\u00ebl Saint-vincent \u2014 \u00c9ditions L'Harmattan","translator":null,"weight":195,"page_count":148,"readership":null,"editor":"\u00c9ditions L'Harmattan","price":1350,"published_date":"2007-12-03T23:00:00.000000Z","support":"Grand format","publisher_availability":1,"stock":0,"editions":[],"url":"https:\/\/quaidesbrumes.com\/ouvrage\/9782296041356\/manifeste-du-philosophe-voyou-un-dialogue-avec-michel-onfray"},{"id":"9782200266738","title":"Comprendre l'histoire de la philosophie","description":"On ne pratique pas l'histoire de la philosophie sans mobiliser plus ou moins consciemment un certain point de vue sur la philosophie, et toute histoire de la philosophie vient en retour conforter les conceptions dont elle est issue. D'o\u00f9 l'importance pour tout \u00e9tudiant ou praticien de la philosophie de se mettre au clair avec les conceptions de l'histoire de la discipline. En explicitant les notions fondatrices de m\u00e9thode, de philosophie de l'histoire, d'herm\u00e9neutique, de relativisme, de lecture philosophique, cet ouvrage voudrait contribuer \u00e0 l'\u00e9laboration d'une r\u00e9flexion sur les mani\u00e8res d'historiciser la philosophie. Ce livre se veut, \u00e0 cette fin, \u00e0 la fois une r\u00e9f\u00e9rence et un outil. Il pr\u00e9sente les diverses conceptions r\u00e9pertori\u00e9es de l'histoire de la philosophie, analyse les difficult\u00e9s qu'elle rencontre et les distinctions par lesquelles elle cherche \u00e0 les surmonter, et rend accessibles les acquis de la recherche historiographique. Il aidera tout un chacun \u00e0 se situer en philosophie et \u00e0 enrichir la pratique de l'histoire de la discipline qu'il entend s'approprier.","authors":["Giolitto-C"],"category_codes":["9000000","9080000","9080200"],"visuals":{"large":"https:\/\/images.epagine.fr\/738\/9782200266738_1_75.jpg","medium":"https:\/\/images.epagine.fr\/738\/9782200266738_1_m.jpg","thumbnail":"https:\/\/images.epagine.fr\/738\/9782200266738_1_v.jpg"},"orderable":true,"show_badge":true,"formatted_price":"24,00&nbsp;\u20ac","formatted_published_date":"5 mars 2008","publisher_availability_label":"Sur commande","short_details":"Giolitto-C \u2014 Armand Colin","translator":null,"weight":294,"page_count":168,"readership":null,"editor":"Armand Colin","price":2400,"published_date":"2008-03-04T23:00:00.000000Z","support":"Grand format","publisher_availability":1,"stock":0,"editions":[],"url":"https:\/\/quaidesbrumes.com\/ouvrage\/9782200266738\/comprendre-lhistoire-de-la-philosophie"},{"id":"9782913612471","title":"Manifeste libertin : essai r\u00e9volutionnaire contre l'ordre moral antiraciste","description":"Le totalitarisme n'est jamais aussi despotique que lorsqu'il s'insinue comme l'instrument d'une morale transcendante. Contre l'\u00e9thique de l'intention, au nom de laquelle chacun est somm\u00e9 de confesser ses id\u00e9es et sentiments anti-discriminatoires, le Manifeste libertin revendique la libert\u00e9 de conscience et rend sa l\u00e9gitimit\u00e9 \u00e0 la loi imm\u00e9moriale du sang. \r\nRefusant toute solution r\u00e9actionnaire, \u00c9ric Delcroix fait le pari de l'immoralisme ; il appelle ses fr\u00e8res europ\u00e9ens \u00e0 lib\u00e9rer leur g\u00e9nie prom\u00e9th\u00e9en de l'ali\u00e9nation de l'antiracisme obsessionnel.","authors":["Eric Delcroix"],"category_codes":["9000000","9080000"],"visuals":{"large":"https:\/\/images.epagine.fr\/471\/9782913612471_1_75.jpg","medium":"https:\/\/images.epagine.fr\/471\/9782913612471_1_m.jpg","thumbnail":"https:\/\/images.epagine.fr\/471\/9782913612471_1_v.jpg"},"orderable":true,"show_badge":true,"formatted_price":"15,00&nbsp;\u20ac","formatted_published_date":"23 mai 2013","publisher_availability_label":"Sur commande","short_details":"Eric Delcroix \u2014 Akribeia","translator":null,"weight":0,"page_count":136,"readership":null,"editor":"Akribeia","price":1500,"published_date":"2013-05-22T22:00:00.000000Z","support":"Grand format","publisher_availability":1,"stock":0,"editions":[],"url":"https:\/\/quaidesbrumes.com\/ouvrage\/9782913612471\/manifeste-libertin-essai-revolutionnaire-contre-lordre-moral-antiraciste"},{"id":"9782226179128","title":"Sans offenser le genre humain","description":"Dix ans apr\u00e8s avoir arpent\u00e9, dans Le Silence des b\u00eates, les diverses traditions occidentales qui, des pr\u00e9socratiques \u00e0 Jacques Derrida, ont abord\u00e9 l'\u00e9nigme de l'animalit\u00e9, \u00c9lisabeth de Fontenay s'expose au risque et \u00e0 l'urgence des questions politiques qui s'imposent \u00e0 nous aujourd'hui. L'homme se rendil coupable d'un crime lorsqu'il tue ou fait souffrir une b\u00eate ? Faut-il reconna\u00eetre des droits aux animaux ?\r\nCette approche philosophique qui s'essaie \u00e0 travers sept perspectives diff\u00e9rentes atteste, on ne s'en \u00e9tonnera pas, un refus constant de dissocier le parti des b\u00eates et celui de l'exception humaine.","authors":["Elisabeth de Fontenay"],"category_codes":["9000000","9080000","9080200","9080204"],"visuals":{"large":"https:\/\/images.epagine.fr\/128\/9782226179128_1_75.jpg","medium":"https:\/\/images.epagine.fr\/128\/9782226179128_1_m.jpg","thumbnail":"https:\/\/images.epagine.fr\/128\/9782226179128_1_v.jpg"},"orderable":true,"show_badge":true,"formatted_price":"18,25&nbsp;\u20ac","formatted_published_date":"27 f\u00e9vrier 2008","publisher_availability_label":"Sur commande","short_details":"Elisabeth de Fontenay \u2014 Albin Michel","translator":null,"weight":310,"page_count":224,"readership":null,"editor":"Albin Michel","price":1825,"published_date":"2008-02-26T23:00:00.000000Z","support":"Grand format","publisher_availability":1,"stock":0,"editions":[],"url":"https:\/\/quaidesbrumes.com\/ouvrage\/9782226179128\/sans-offenser-le-genre-humain"},{"id":"9782343210414","title":"Critique de la pens\u00e9e dualiste et art contemporain","description":"Faut-il d\u00e9noncer un naturalisme occidental moderne conduisant \u00e0 d\u00e9truire une nature-objet ? La faute en incombe-t-elle \u00e0 une intelligence dualiste du monde ? Pens\u00e9es dualistes et anti-dualistes se r\u00e9pondent pourtant chez les modernes. Cet ouvrage montre comment les artistes t\u00e9moignent de ce d\u00e9bat, comment ils d\u00e9laissent une conception hyl\u00e9morphique dualiste de la cr\u00e9ation opposant forme et mati\u00e8re, pour une intelligence du geste. La num\u00e9risation g\u00e9n\u00e9rale du monde et la consid\u00e9ration d'une mati\u00e8re devenant elle-m\u00eame information les sollicitent aussi en les invitant \u00e0 faire oeuvre dans une intelligence ouverte et mobile du milieu, affranchie \u00e9galement des s\u00e9ductions de toute pens\u00e9e dualiste.","authors":["Pierre Paliard"],"category_codes":["9000000","9080000","9080700"],"visuals":{"large":"https:\/\/images.epagine.fr\/414\/9782343210414_1_75.jpg","medium":"https:\/\/images.epagine.fr\/414\/9782343210414_1_m.jpg","thumbnail":"https:\/\/images.epagine.fr\/414\/9782343210414_1_v.jpg"},"orderable":true,"show_badge":true,"formatted_price":"28,50&nbsp;\u20ac","formatted_published_date":"21 septembre 2020","publisher_availability_label":"Sur commande","short_details":"Pierre Paliard \u2014 \u00c9ditions L'Harmattan","translator":null,"weight":329,"page_count":264,"readership":null,"editor":"\u00c9ditions L'Harmattan","price":2850,"published_date":"2020-09-20T22:00:00.000000Z","support":"Grand format","publisher_availability":1,"stock":0,"editions":[],"url":"https:\/\/quaidesbrumes.com\/ouvrage\/9782343210414\/critique-de-la-pensee-dualiste-et-art-contemporain"},{"id":"9782296066205","title":"Intelligence et raison ; inteligencia y razon","description":"Intelligence et Raison est le troisi\u00e8me volume de la monumentale trilogie que Xavier Zubiri a consacr\u00e9e \u00e0 l'Intelligence sentante. Voil\u00e0 donc achev\u00e9e la traduction fran\u00e7aise d'une oeuvre qui subvertit profond\u00e9ment la r\u00e9flexion traditionnelle sur les relations intellectives entre le sujet et l'objet, entre l'homme et le monde. \"L'objet du savoir n'est pas l'objectivit\u00e9 ni l'\u00eatre, l'objet du savoir est la r\u00e9alit\u00e9. L\"intelligence (...) est la facult\u00e9 de la r\u00e9alit\u00e9\".","authors":["Xavier Zubiri","Philibert Secretan"],"category_codes":["9000000","9080000","9080200","9080204"],"visuals":{"large":"https:\/\/images.epagine.fr\/205\/9782296066205_1_75.jpg","medium":"https:\/\/images.epagine.fr\/205\/9782296066205_1_m.jpg","thumbnail":"https:\/\/images.epagine.fr\/205\/9782296066205_1_v.jpg"},"orderable":true,"show_badge":true,"formatted_price":"32,00&nbsp;\u20ac","formatted_published_date":"5 novembre 2008","publisher_availability_label":"Sur commande","short_details":"Xavier Zubiri, Philibert Secretan \u2014 \u00c9ditions L'Harmattan","translator":"PHILIBERT SECRETAN","weight":415,"page_count":338,"readership":null,"editor":"\u00c9ditions L'Harmattan","price":3200,"published_date":"2008-11-04T23:00:00.000000Z","support":"Grand format","publisher_availability":1,"stock":0,"editions":[],"url":"https:\/\/quaidesbrumes.com\/ouvrage\/9782296066205\/intelligence-et-raison-inteligencia-y-razon"},{"id":"9782296054967","title":"Structure dynamique de la realit\u00e9","description":"Xavier Zubiri, l'un des plus grands philosophes espagnols du XXe si\u00e8cle, expose ici une vision globale et dynamique de sa philosophie. Il reprend les principaux th\u00e8mes structurels de son travail pour en souligner les dynamiques, en analysant les diff\u00e9rents dynamismes essentiels \u00e0 l'oeuvre dans la r\u00e9alit\u00e9 du monde (mati\u00e8re, vie, individu, soci\u00e9t\u00e9, histoire).","authors":["Xavier Zubiri"],"category_codes":["9000000","9080000","9080200","9080204"],"visuals":{"large":"https:\/\/images.epagine.fr\/967\/9782296054967_1_75.jpg","medium":"https:\/\/images.epagine.fr\/967\/9782296054967_1_m.jpg","thumbnail":"https:\/\/images.epagine.fr\/967\/9782296054967_1_v.jpg"},"orderable":true,"show_badge":true,"formatted_price":"27,00&nbsp;\u20ac","formatted_published_date":"4 avril 2008","publisher_availability_label":"Sur commande","short_details":"Xavier Zubiri \u2014 \u00c9ditions L'Harmattan","translator":null,"weight":440,"page_count":266,"readership":null,"editor":"\u00c9ditions L'Harmattan","price":2700,"published_date":"2008-04-03T22:00:00.000000Z","support":"Grand format","publisher_availability":1,"stock":0,"editions":[],"url":"https:\/\/quaidesbrumes.com\/ouvrage\/9782296054967\/structure-dynamique-de-la-realite"},{"id":"9782322241613","title":"R\u00e9\u00e9duquer le peuple apr\u00e8s la terreur ; la philosophie politique et sociale de Billaud-Varenne","description":"Durant la R\u00e9volution Fran\u00e7aise, \u00e9v\u00e9nement unique dans l'Histoire du monde, des politiciens tels que Robespierre, Saint Just ou encore Billaud-Varenne engagent leur personne mais aussi leurs id\u00e9es au service de l'utopie r\u00e9volutionnaire. C'est au potentiel philosophique de ce dernier personnage que va s'int\u00e9resser \"R\u00e9\u00e9duquer le peuple apr\u00e8s la Terreur\". En analysant son ouvrage phare, l'auteur expose le projet philosophico-politique de Billaud-Varenne, ses attentes et ses espoirs pour la France lib\u00e9r\u00e9e de la Terreur.","authors":["Thomas Primerano"],"category_codes":["9000000","9080000","9080300","9080301"],"visuals":{"large":"https:\/\/images.epagine.fr\/613\/9782322241613_1_75.jpg","medium":"https:\/\/images.epagine.fr\/613\/9782322241613_1_m.jpg","thumbnail":"https:\/\/images.epagine.fr\/613\/9782322241613_1_v.jpg"},"orderable":true,"show_badge":true,"formatted_price":"10,99&nbsp;\u20ac","formatted_published_date":"17 septembre 2020","publisher_availability_label":"Sur commande","short_details":"Thomas Primerano \u2014 Books on Demand","translator":null,"weight":338,"page_count":316,"readership":null,"editor":"Books on Demand","price":1099,"published_date":"2020-09-16T22:00:00.000000Z","support":"Grand format","publisher_availability":1,"stock":0,"editions":[],"url":"https:\/\/quaidesbrumes.com\/ouvrage\/9782322241613\/reeduquer-le-peuple-apres-la-terreur-la-philosophie-politique-et-sociale-de-billaud-varenne"},{"id":"9782296067103","title":"Le gu\u00e9pard ou la m\u00e9lancolie du prince","description":"Ce recueil explore les m\u00e9andres de toute r\u00e9flexion r\u00e9sultante du rapport de force politique qui existe dans le monde aujourd'hui. L'ambition \u00e9vidente est de limiter l'effet pervers d'une forme tr\u00e8s rigoureuse qui affaiblirait le fond du message. C'est une po\u00e9sie africaine nouvelle engag\u00e9e, nue, directe, sans ambigu\u00eft\u00e9. Un changement de style de l'auteur qui ne retient pas son inspiration.\r\n","authors":["St\u00e9phanie Genin"],"category_codes":["1000000","1090000"],"visuals":{"large":"https:\/\/images.epagine.fr\/103\/9782296067103_1_75.jpg","medium":"https:\/\/images.epagine.fr\/103\/9782296067103_1_m.jpg","thumbnail":"https:\/\/images.epagine.fr\/103\/9782296067103_1_v.jpg"},"orderable":true,"show_badge":true,"formatted_price":"14,00&nbsp;\u20ac","formatted_published_date":"20 novembre 2008","publisher_availability_label":"Sur commande","short_details":"St\u00e9phanie Genin \u2014 \u00c9ditions L'Harmattan","translator":null,"weight":190,"page_count":138,"readership":null,"editor":"\u00c9ditions L'Harmattan","price":1400,"published_date":"2008-11-19T23:00:00.000000Z","support":"Grand format","publisher_availability":1,"stock":0,"editions":["9782296073203"],"url":"https:\/\/quaidesbrumes.com\/ouvrage\/9782296067103\/le-guepard-ou-la-melancolie-du-prince"},{"id":"9782296049277","title":"Husserl ou la ph\u00e9nom\u00e9nologie de l'immortalit\u00e9","description":"Afin de commencer \u00e0 penser, l'homme se tourne vers sa propre conscience, vers lui-m\u00eame comme \u00eatre pensant. Il commence par une analyse des ph\u00e9nom\u00e8nes pensables, des concepts id\u00e9aux, tels les nombres, ind\u00e9pendants des contingences du monde, et, par cette d\u00e9marche, codifi\u00e9e par Husserl, fait na\u00eetre une zone de la pens\u00e9e ouvrant sur l'immortalit\u00e9.","authors":["Nedel Arkadi"],"category_codes":["9000000","9080000","9080200","9080204"],"visuals":{"large":"https:\/\/images.epagine.fr\/277\/9782296049277_1_75.jpg","medium":"https:\/\/images.epagine.fr\/277\/9782296049277_1_m.jpg","thumbnail":"https:\/\/images.epagine.fr\/277\/9782296049277_1_v.jpg"},"orderable":true,"show_badge":true,"formatted_price":"13,50&nbsp;\u20ac","formatted_published_date":"7 f\u00e9vrier 2008","publisher_availability_label":"Sur commande","short_details":"Nedel Arkadi \u2014 \u00c9ditions L'Harmattan","translator":null,"weight":170,"page_count":126,"readership":null,"editor":"\u00c9ditions L'Harmattan","price":1350,"published_date":"2008-02-06T23:00:00.000000Z","support":"Grand format","publisher_availability":1,"stock":0,"editions":[],"url":"https:\/\/quaidesbrumes.com\/ouvrage\/9782296049277\/husserl-ou-la-phenomenologie-de-limmortalite"},{"id":"9782204092203","title":"L'\u00e9thique \u00e0 l'\u00e9preuve de la vie ; probl\u00e9matiques d'\u00e9thique fondamentale","description":"Les textes sur l'\u00e9thique, rassembl\u00e9s dans ce recueil, font appara\u00eetre des lignes de pens\u00e9e significatives : \r\n\r\n- L'intelligence de l'action induit la qu\u00eate du sens de l'existence humaine dans la r\u00e9alit\u00e9 de sa pr\u00e9sence au monde et dans la possibilit\u00e9 de son ouverture \u00e0 la Transcendance. Sur l'horizon de cette recherche vient au jour la probl\u00e9matique de la vie bonne. \r\n\r\n- Au sein de l'intersubjectivit\u00e9, la personne, en laquelle se nouent les dimensions fondamentales de l'\u00eatre humain, s'offre comme l'orient du dynamisme d'humanisation. Celui-ci repr\u00e9sente l'exigence \u00e9thique authentique qu'il y a lieu de soutenir pour honorer la dignit\u00e9 de tout sujet. \r\n\r\n- Dans la complexit\u00e9 des rapports humains, le sujet \u00e9prouve la vuln\u00e9rabilit\u00e9 de son \u00eatre ; la r\u00e9alit\u00e9 tragique de l'existence marqu\u00e9e par de multiples exp\u00e9riences douloureuses ne cesse d'interroger chacun sur la signification d'une esp\u00e9rance \u00e0 m\u00eame de renouveler la vie de tout humain.","authors":["Pierre Gire"],"category_codes":["9000000","9080000","9080200","9080204"],"visuals":{"large":"https:\/\/images.epagine.fr\/203\/9782204092203_1_75.jpg","medium":"https:\/\/images.epagine.fr\/203\/9782204092203_1_m.jpg","thumbnail":"https:\/\/images.epagine.fr\/203\/9782204092203_1_v.jpg"},"orderable":true,"show_badge":true,"formatted_price":"37,40&nbsp;\u20ac","formatted_published_date":"28 octobre 2010","publisher_availability_label":"Sur commande","short_details":"Pierre Gire \u2014 Les \u00e9ditions du Cerf","translator":null,"weight":504,"page_count":392,"readership":null,"editor":"Les \u00e9ditions du Cerf","price":3740,"published_date":"2010-10-27T22:00:00.000000Z","support":"Grand format","publisher_availability":1,"stock":0,"editions":[],"url":"https:\/\/quaidesbrumes.com\/ouvrage\/9782204092203\/lethique-a-lepreuve-de-la-vie-problematiques-dethique-fondamentale"},{"id":"9782843012112","title":"Pourquoi aimer ?","description":"Il se peut que ce soit le privil\u00e8ge de la philosophie de pouvoir faire table rase des pens\u00e9es anxiog\u00e8nes et tristes, comme toutes celles qui tournent autour de l'id\u00e9e (vraie, mais pour un ego pris au pi\u00e8ge de la d\u00e9pendance) qu'i'\/ n'y a pas d'amour heureux.\r\nMais y a-t-il quelque chose de commun entre la philia de la philosophie, qui est amiti\u00e9 partag\u00e9e et joyeuse, et le don \u00e9rotique absolu, sacrificiel, o\u00f9 se nouent dans la sombre lumi\u00e8re de la Chose aim\u00e9e la jouissance et la cruaut\u00e9, la mort \u00e0 soi et la divinisation de l'id\u00e9al, comme le veut l'amour mystique, et de fa\u00e7on presque semblable, l'amour de l'Art \u00e9rig\u00e9 en absolu ? Si tout amour est transgression des limites individuelles, l\u00e9gales et sociales, aller au-del\u00e0 de la condition humaine se paie d'un prix immense : le sacrifice de ce qui nous y attache, la recherche de l'amiti\u00e9, de l'amour personnel, du bonheur. Eros ne prend-il pas le visage du d\u00e9sastre, lorsque \u00e0 suivre ses exigences sans fin, l'ego consent \u00e0 sa propre perte ?\r\nPar bonheur, en contrepoint, l'exp\u00e9rience philosophique de l'amour oppose son humour et sa profonde l\u00e9g\u00e8ret\u00e9 \u00e0 cette exaltation mystique et\/ou \u00e9rotique, \u00e0 cette fascination du don absolu de soi, \u00e0 cette jouissance et cette cruaut\u00e9 qui ont partie li\u00e9e dans l'exigence d'amour absolu.\r\nSituer l'amour dans le registre de la joie, comme \u00e9panouissement de la puissance d'exister, de penser et d'agir, c'est l'ouverture prodigieuse que propose l'Ethique de Spinoza. N'offre-t-elle pas \u00e0 l'entendement et \u00e0 la vie, une tout autre possibilit\u00e9 d'amour que celle qui rel\u00e8ve de l'ego, du sujet s'asservissant lui-m\u00eame sous l'empire de la passion ? Ne trouve-t-elle pas son couronnement dans un amour de l'Etre qui fait la communaut\u00e9 v\u00e9ritable des esprits libres ? Nous avons demand\u00e9 \u00e0 la sagesse de cet amour (ou de cet humour) philosophique d'accompagner notre parcours sem\u00e9 de pi\u00e8ges et d'emb\u00fbches, comme Ath\u00e9na le fit pour Ulysse. La philosophie nous montre avec Aristote et la sagesse de l'amiti\u00e9 heureuse, avec Spinoza et la joie de comprendre et d'aimer, avec Kierkegaard et la s\u00e9duction musicale, comment l'esprit peut s'affranchir de la pesante servitude passionnelle, devenir libre et l\u00e9ger, - sans se priver du bonheur d'aimer...","authors":["Andr\u00e9 Simha"],"category_codes":["9000000","9080000","9080200","9080204"],"visuals":{"large":"https:\/\/images.epagine.fr\/112\/9782843012112_1_75.jpg","medium":"https:\/\/images.epagine.fr\/112\/9782843012112_1_m.jpg","thumbnail":"https:\/\/images.epagine.fr\/112\/9782843012112_1_v.jpg"},"orderable":true,"show_badge":true,"formatted_price":"12,00&nbsp;\u20ac","formatted_published_date":"31 mars 2008","publisher_availability_label":"Sur commande","short_details":"Andr\u00e9 Simha \u2014 Aleas","translator":null,"weight":220,"page_count":null,"readership":null,"editor":"Aleas","price":1200,"published_date":"2008-03-30T22:00:00.000000Z","support":"Grand format","publisher_availability":1,"stock":0,"editions":[],"url":"https:\/\/quaidesbrumes.com\/ouvrage\/9782843012112\/pourquoi-aimer"},{"id":"9782351220542","title":"Pierre Leroux ; penseur de l'humanit\u00e9","description":"Si le xviiie si\u00e8cle fut le si\u00e8cle des philosophes, la france est r\u00e9put\u00e9e n'avoir gu\u00e8re eu de grands penseurs au xixe si\u00e8cle.\r\n C'est oublier pierre leroux pour lequel ce livre revendique, apr\u00e8s deux si\u00e8cles, une grande place, la premi\u00e8re m\u00eame.  pierre leroux (1797-1871) est un fils du peuple qui devint philosophe autant qu'homme d'action, \u00e0 la t\u00eate de quatre grands journaux et comme repr\u00e9sentant du peuple sous la seconde r\u00e9publique.  ayant particip\u00e9 \u00e0 l'aventure saint-simonienne en 1830-1831, il fut le premier \u00e0 pointer le danger collectiviste.\r\n Leroux est aussi un \u00e9crivain, un penseur \u00e0 la fran\u00e7aise, dans la lign\u00e9e de rousseau.  mais il v\u00e9cut apr\u00e8s la r\u00e9volution : il a vu l'histoire bouger, fut acteur et t\u00e9moin de l'av\u00e8nement du monde moderne, et des premiers conflits du lib\u00e9ralisme et du socialisme.  les synth\u00e8ses que proposa ce penseur encyclop\u00e9dique, d\u00e8s les ann\u00e9es 1830, restent proph\u00e9tiques pour le lecteur du jeune xxie si\u00e8cle.  leroux combat les in\u00e9galit\u00e9s de classe, de race et de sexe, et explora tous les grands probl\u00e8mes en les mesurant \u00e0 l'aune de l'humanit\u00e9, plac\u00e9e au coeur de sa r\u00e9flexion.","authors":["Bruno Viard"],"category_codes":["9000000","9080000","9080200","9080204"],"visuals":{"large":"https:\/\/images.epagine.fr\/542\/9782351220542_1_75.jpg","medium":"https:\/\/images.epagine.fr\/542\/9782351220542_1_m.jpg","thumbnail":"https:\/\/images.epagine.fr\/542\/9782351220542_1_v.jpg"},"orderable":true,"show_badge":true,"formatted_price":"14,00&nbsp;\u20ac","formatted_published_date":"5 mars 2009","publisher_availability_label":"Sur commande","short_details":"Bruno Viard \u2014 Sulliver","translator":null,"weight":164,"page_count":144,"readership":"Tout public","editor":"Sulliver","price":1400,"published_date":"2009-03-04T23:00:00.000000Z","support":"Grand format","publisher_availability":1,"stock":0,"editions":[],"url":"https:\/\/quaidesbrumes.com\/ouvrage\/9782351220542\/pierre-leroux-penseur-de-lhumanite"},{"id":"9782845199606","title":"Pour toi qui grandis, ma fille","description":"\"Voici un beau texte pour aider les M\u00e8res de famille; \u00e0 faire lire \u00e0 sa fille, ou mieux \u00e0 lire avec elle, vers 13-14 ans et plus. Toi qui as 12, 13, 14 ans, ou peut-\u00eatre m\u00eame davantage, n'y a-t-il pas des jours o\u00f9 certaines questions viennent se poser \u00e0 toi avec insistance, o\u00f9 elles te harc\u00e8lent, o\u00f9 tu ne sais pas o\u00f9 leur trouver de r\u00e9ponse ? Toutes ces questions et bien d'autres encore qu'une jeune fille chr\u00e9tienne du XXIe si\u00e8cle se pose, la brochure que voici les traite franchement, clairement, dans une perspective r\u00e9solument moderne et \u00e0 la fois conforme aux enseignements de l'\u00c9glise.Et plus d'une maman aura int\u00e9r\u00eat \u00e0 lire ces pages en compagnie de sa fille, ne f\u00fbt-ce que pour montrer aux jeunes qu'on leur fait confiance pour accueillir ces myst\u00e8res avec l'esprit qui convient, l'esprit dans lequel, pr\u00e9cis\u00e9ment, l'auteur a con\u00e7u et r\u00e9dig\u00e9 ces pages d'initiation \u00e0 la vie.\"","authors":["Clement Tilmann"],"category_codes":["9000000","9080000"],"visuals":{"large":"https:\/\/images.epagine.fr\/606\/9782845199606_1_75.jpg","medium":"https:\/\/images.epagine.fr\/606\/9782845199606_1_m.jpg","thumbnail":"https:\/\/images.epagine.fr\/606\/9782845199606_1_v.jpg"},"orderable":true,"show_badge":true,"formatted_price":"5,00&nbsp;\u20ac","formatted_published_date":"12 ao\u00fbt 2021","publisher_availability_label":"Sur commande","short_details":"Clement Tilmann \u2014 Saint-Remi","translator":null,"weight":0,"page_count":49,"readership":null,"editor":"Saint-Remi","price":500,"published_date":"2021-08-11T22:00:00.000000Z","support":"Grand format","publisher_availability":1,"stock":0,"editions":[],"url":"https:\/\/quaidesbrumes.com\/ouvrage\/9782845199606\/pour-toi-qui-grandis-ma-fille"},{"id":"9782745321275","title":"Philosophes sans dieu ; textes ath\u00e9es clandestins du XVIII si\u00e8cle","description":"Bien avant le Syst\u00e8me de la nature du baron d'Holbach, qui couronnera en 1770 plusieurs d\u00e9cennies d'activit\u00e9 souterraine, l'ath\u00e9isme conna\u00eet une diffusion discr\u00e8te mais r\u00e9elle, qui traverse la culture des Lumi\u00e8res. Sa pr\u00e9sence fut certes alors minoritaire. Parmi plusieurs centaines d'\u00e9crits manuscrits antireligieux rep\u00e9r\u00e9s dans les biblioth\u00e8ques europ\u00e9ennes, seuls quelques-uns peuvent, en effet, \u00eatre incontestablement regard\u00e9s comme \"ath\u00e9es\". Ces derniers repr\u00e9sentent cependant, dans leur majorit\u00e9, les \u00e9crits les plus authentiquement philosophiques du corpus dit \"clandestin \", tant en vertu de leur engagement conceptuel que par le fait qu'ils se mesurent avec les figures les plus importantes de la pens\u00e9e europ\u00e9enne moderne: Descartes, Hobbes, Spinoza, Malebranche, Leibniz, Locke, etc.\r\nOn trouvera ici : I. Le Philosophe (Du Marsais). II. Origine des \u00eatres et esp\u00e8ces (Boulainviller). III. Lettre de Thrasybule \u00e0 Leucippe (F\u00e9ret). IV. Sur les preuves de l'existence de Dieu (Perrelle). V. Essais sur la recherche de la v\u00e9rit\u00e9. VI. R\u00e9flexions sur l'existence de l'\u00e2me et de Dieu. VII. Jordanus Brunus redivivus. VIII. De la raison (Holbach, d\u00e9marquant Toland).","authors":["Gianluca Mori","Alain Mothu"],"category_codes":["9000000","9080000","9080200","9080204"],"visuals":{"large":"https:\/\/images.epagine.fr\/275\/9782745321275_1_75.jpg","medium":"https:\/\/images.epagine.fr\/275\/9782745321275_1_m.jpg","thumbnail":"https:\/\/images.epagine.fr\/275\/9782745321275_1_v.jpg"},"orderable":true,"show_badge":true,"formatted_price":"12,50&nbsp;\u20ac","formatted_published_date":"7 octobre 2010","publisher_availability_label":"Sur commande","short_details":"Gianluca Mori, Alain Mothu \u2014 HONORE CHAMPION","translator":null,"weight":365,"page_count":400,"readership":null,"editor":"HONORE CHAMPION","price":1250,"published_date":"2010-10-06T22:00:00.000000Z","support":"Grand format","publisher_availability":1,"stock":0,"editions":[],"url":"https:\/\/quaidesbrumes.com\/ouvrage\/9782745321275\/philosophes-sans-dieu-textes-athees-clandestins-du-xviii-siecle"},{"id":"9782745321398","title":"Le citoyen","description":"\" Nous ne naissons pas moines, mais nous naissons citoyens \" s'\u00e9crie Ch\u00e9nier, au moment de la R\u00e9volution, cit\u00e9 par Pierre Larousse. Aborder \" le citoyen \" par les diverses entr\u00e9es du dictionnaire, du XVIe si\u00e8cle \u00e0 nos jours, c'est en v\u00e9rit\u00e9 explorer la signification du politique \u00e0 la lumi\u00e8re du langage, du symbolique et du culturel, alors que nombreux sont les sp\u00e9cialistes de la science politique qui stigmatisent, \u00e0 notre \u00e9poque, sa perte de sens. C'est la fameuse \" crise du politique \" ressentie par nos concitoyens et qui se comprend ais\u00e9ment si l'on sait que \" le citoyen \" est d'abord l'homme du symbole, du signe, de la diff\u00e9rence. Aristote avait d\u00e9j\u00e0 donn\u00e9 une d\u00e9finition de l'homme, qui reste d'une grande actualit\u00e9, \u00e0 la fois comme \" animal politique \" et \" animal parlant \".\r\n\r\nLa perspective langagi\u00e8re permet d'aborder l'\u00e9volution conceptuelle de la notion de citoyen de la Renaissance jusqu'\u00e0 nos jours. C'est aussi l'occasion de d\u00e9couvrir ou red\u00e9couvrir des formules oubli\u00e9es, par exemple la citoyennerie, le roi-citoyen, le ministre-citoyen, le soldat-citoyen, la m\u00e8re citoyenne, la muse citoyenne, ou encore le citoyen complet ou incomplet, de plein droit ou honoraire, restreint, de France ou de Paris. Sans oublier le citoyen d\u00e9signant l'animal attach\u00e9 \u00e0 un lieu : \" Comme ils sont dodus et gras, Ces bons citoyens du Maine \", s'exclame B\u00e9ranger pour d\u00e9signer quelques poissons et grenouilles...","authors":["Fr\u00e9d\u00e9ric Treffel"],"category_codes":["9000000","9080000","9080200","9080204"],"visuals":{"large":"https:\/\/images.epagine.fr\/398\/9782745321398_1_75.jpg","medium":"https:\/\/images.epagine.fr\/398\/9782745321398_1_m.jpg","thumbnail":"https:\/\/images.epagine.fr\/398\/9782745321398_1_v.jpg"},"orderable":true,"show_badge":true,"formatted_price":"10,00&nbsp;\u20ac","formatted_published_date":"7 octobre 2010","publisher_availability_label":"Sur commande","short_details":"Fr\u00e9d\u00e9ric Treffel \u2014 HONORE CHAMPION","translator":null,"weight":115,"page_count":135,"readership":null,"editor":"HONORE CHAMPION","price":1000,"published_date":"2010-10-06T22:00:00.000000Z","support":"Grand format","publisher_availability":1,"stock":0,"editions":[],"url":"https:\/\/quaidesbrumes.com\/ouvrage\/9782745321398\/le-citoyen"},{"id":"9782745321404","title":"La m\u00e8re","description":"\" Maman t\u00e9ton est f\u00e2ch\u00e9e \", lit-on en 1680, chez Richelet, en guise d'illustration pour une formule ch\u00e8re aux enfants d'alors d\u00e9signant ainsi leur nourrice. \" M\u00e8re : Celle qui a mis au monde quelque enfant. L'animal femelle qui a fait des petits \", rappelle par ailleurs l'Acad\u00e9mie en 1694, en l'assortissant de l'exemple \" Bonne m\u00e8re, mauvaise m\u00e8re \". \u00c0 Fureti\u00e8re de souligner combien la \" m\u00e8re adoptive \" est aussi profond\u00e9ment maman, mais attention, ajoute-t-il \u00e0 l'adresse de toutes les m\u00e8res : \" l'amour maternel est grand, mais il n'est pas toujours sage \" ! D'o\u00f9 le rappel d'\u00c9lisabeth Badinter qui pr\u00e9face cet ouvrage et insiste : l'amour maternel est un sentiment humain et \" comme tout sentiment, il est incertain, fragile et imparfait \".\r\n\r\nOn n'en comprend que mieux la F\u00eate des m\u00e8res, de c\u00e9l\u00e9bration nationale r\u00e9cente, mais b\u00e9n\u00e9ficiant de tr\u00e8s lointaines origines, telles que les Matronalia romaines. Parcourir plus de cinq si\u00e8cles avec force t\u00e9moignages et expressions (doux comme la t\u00eate de sa m\u00e8re), proverbes (les oisons veulent mener pa\u00eetre leur m\u00e8re) et formules (M\u00e8re aux chats, \u00e0 poux, des cailles, M\u00e8re Garuche, Ancelle, lyonnaise, Poularde, Denis, etc.), tel est le voyage ici propos\u00e9 dans l'histoire et au coeur de la langue. Quant \u00e0 l'\u00c9dit des m\u00e8res, l'index vous en indiquera la page d'explication...","authors":["Jean Pruvost","Samuel Souffi"],"category_codes":["9000000","9080000","9080200","9080204"],"visuals":{"large":"https:\/\/images.epagine.fr\/404\/9782745321404_1_75.jpg","medium":"https:\/\/images.epagine.fr\/404\/9782745321404_1_m.jpg","thumbnail":"https:\/\/images.epagine.fr\/404\/9782745321404_1_v.jpg"},"orderable":true,"show_badge":true,"formatted_price":"10,00&nbsp;\u20ac","formatted_published_date":"7 octobre 2010","publisher_availability_label":"Sur commande","short_details":"Jean Pruvost, Samuel Souffi \u2014 HONORE CHAMPION","translator":null,"weight":118,"page_count":143,"readership":null,"editor":"HONORE CHAMPION","price":1000,"published_date":"2010-10-06T22:00:00.000000Z","support":"Grand format","publisher_availability":1,"stock":0,"editions":[],"url":"https:\/\/quaidesbrumes.com\/ouvrage\/9782745321404\/la-mere"},{"id":"9782875250278","title":"Philosophie \u00e0 outrance ; cinq essais de m\u00e9taphysique contemporaine","description":"Bruno Pinchard poursuit dans ce livre son parti pris d'une invention m\u00e9taphysique contemporaine. Prenant acte des limites assum\u00e9es par les philosophies de l'esprit et ne souhaitant pas conteni rl'intelligence dans le seul exercice de formuler des tautologies, il cherche dans des mots-concr\u00e9tions : nom, masque, tarot, occultation, polyphonie, les r\u00e9sonances et les analogies d'une parole ant\u00e9rieure au discours. Il montre comment de telles rencontres tiennent curieusement t\u00eate au chaos...","authors":["Bruno Pinchard"],"category_codes":["9000000","9080000","9080200","9080204"],"visuals":{"large":"https:\/\/images.epagine.fr\/278\/9782875250278_1_75.jpg","medium":"https:\/\/images.epagine.fr\/278\/9782875250278_1_m.jpg","thumbnail":"https:\/\/images.epagine.fr\/278\/9782875250278_1_v.jpg"},"orderable":true,"show_badge":true,"formatted_price":"17,50&nbsp;\u20ac","formatted_published_date":"1er avril 2010","publisher_availability_label":"Sur commande","short_details":"Bruno Pinchard \u2014 EME EDITIONS","translator":null,"weight":350,"page_count":204,"readership":null,"editor":"EME EDITIONS","price":1750,"published_date":"2010-03-31T22:00:00.000000Z","support":"Grand format","publisher_availability":1,"stock":0,"editions":[],"url":"https:\/\/quaidesbrumes.com\/ouvrage\/9782875250278\/philosophie-a-outrance-cinq-essais-de-metaphysique-contemporaine"},{"id":"9782312124797","title":"Avez-vous du temps a m'accorder ? - passe et futur, modalites du present intemporel de la conscience","description":"Au d\u00e9but du vingti\u00e8me si\u00e8cle, on pense avoir atteint ce qu'il est possible de savoir sur le monde et avoir \u00e9labor\u00e9 une v\u00e9rit\u00e9 globale satisfaisante, car il n'y a plus grand-chose \u00e0 d\u00e9couvrir dans les domaines de la cosmologie et de la physique. Mais les travaux d'Einstein sur la Relativit\u00e9 restreinte posant, en 1905, les bases de la Relativit\u00e9 g\u00e9n\u00e9rale et de la M\u00e9canique quantique, provoquent des bouleversements intellectuels et des \u00e9changes passionn\u00e9s. Les changements conceptuels introduits par ces recherches n'affectent pas seulement le milieu des chercheurs. Le monde des philosophes doit int\u00e9grer des v\u00e9rit\u00e9s exp\u00e9rimentalement v\u00e9rifi\u00e9es qui bousculent les certitudes classiques du rationalisme. La r\u00e9alit\u00e9 perd de sa solidit\u00e9 dans l'esprit du penseur, la mati\u00e8re elle-m\u00eame se disperse et s'\u00e9vanouit dans la non-localit\u00e9, l'espace et le temps deviennent probl\u00e9matiques, l'id\u00e9alisme et le mat\u00e9rialisme balisant le chemin des philosophes se confondent dans leur commune origine au sein d'un Big Bang qui ne peut m\u00eame pas \u00eatre pos\u00e9 comme une origine de l'origine.","authors":["Soustre Robert"],"category_codes":["9000000","9080000"],"visuals":{"large":"https:\/\/images.epagine.fr\/797\/9782312124797_1_75.jpg","medium":"https:\/\/images.epagine.fr\/797\/9782312124797_1_m.jpg","thumbnail":"https:\/\/images.epagine.fr\/797\/9782312124797_1_v.jpg"},"orderable":true,"show_badge":true,"formatted_price":"15,00&nbsp;\u20ac","formatted_published_date":"1er septembre 2022","publisher_availability_label":"Sur commande","short_details":"Soustre Robert \u2014 Editions du Net","translator":null,"weight":158,"page_count":null,"readership":null,"editor":"Editions du Net","price":1500,"published_date":"2022-08-31T22:00:00.000000Z","support":"Grand format","publisher_availability":1,"stock":0,"editions":[],"url":"https:\/\/quaidesbrumes.com\/ouvrage\/9782312124797\/avez-vous-du-temps-a-maccorder-passe-et-futur-modalites-du-present-intemporel-de-la-conscience"},{"id":"9782812401619","title":"Oeuvres philosophiques Tome 1 : 1618-1637","description":"Le tome I des oeuvres Philosophiques de Descartes par F. Alqui\u00e9 (\u00e9dition revue) rassemble les premiers \u00e9crits de Descartes: les R\u00e8gles pour la direction de l'esprit, Le Monde, Le Trait\u00e9 de l'homme, Le Discours de la m\u00e9thode, les Essais, le Trait\u00e9 de la m\u00e9canique et des lettres qui vont de 1629 \u00e0 1637.","authors":["Ren\u00e9 Descartes"],"category_codes":["9000000","9080000","9080200","9080204"],"visuals":{"large":"https:\/\/images.epagine.fr\/619\/9782812401619_1_75.jpg","medium":"https:\/\/images.epagine.fr\/619\/9782812401619_1_m.jpg","thumbnail":"https:\/\/images.epagine.fr\/619\/9782812401619_1_v.jpg"},"orderable":true,"show_badge":true,"formatted_price":"48,00&nbsp;\u20ac","formatted_published_date":"5 juillet 2010","publisher_availability_label":"Sur commande","short_details":"Ren\u00e9 Descartes \u2014 CLASSIQUES GARNIER","translator":null,"weight":1120,"page_count":840,"readership":null,"editor":"CLASSIQUES GARNIER","price":4800,"published_date":"2010-07-04T22:00:00.000000Z","support":"Grand format","publisher_availability":1,"stock":0,"editions":[],"url":"https:\/\/quaidesbrumes.com\/ouvrage\/9782812401619\/oeuvres-philosophiques-tome-1-1618-1637"},{"id":"9782812401633","title":"Oeuvres philosophiques Tome 3 ; 1643-1650","description":"Le tome III des oeuvres Philosophiques de Descartes par F. Alqui\u00e9 (\u00e9dition revue) rassemble Les Principes de la philosophie, La Description du corps humain, Les Passions de l'\u00e2me, les lettres de 1643 \u00e0 1650 et les derniers \u00e9crits.","authors":["Ren\u00e9 Descartes"],"category_codes":["9000000","9080000","9080200","9080204"],"visuals":{"large":"https:\/\/images.epagine.fr\/633\/9782812401633_1_75.jpg","medium":"https:\/\/images.epagine.fr\/633\/9782812401633_1_m.jpg","thumbnail":"https:\/\/images.epagine.fr\/633\/9782812401633_1_v.jpg"},"orderable":true,"show_badge":true,"formatted_price":"49,00&nbsp;\u20ac","formatted_published_date":"5 juillet 2010","publisher_availability_label":"Sur commande","short_details":"Ren\u00e9 Descartes \u2014 CLASSIQUES GARNIER","translator":null,"weight":1368,"page_count":1154,"readership":null,"editor":"CLASSIQUES GARNIER","price":4900,"published_date":"2010-07-04T22:00:00.000000Z","support":"Grand format","publisher_availability":1,"stock":0,"editions":[],"url":"https:\/\/quaidesbrumes.com\/ouvrage\/9782812401633\/oeuvres-philosophiques-tome-3-1643-1650"},{"id":"9782249620997","title":"Humanisme et philosophie citoyenne ; Joseph Vialatoux et Jean Lacroix","description":"Contributions pluridisciplinaires sur la pens\u00e9e de l'historien J. Vialatoux (1880-1970) et du philosophe J. Lacroix (1900-1986), deux intellectuels lyonnais qui ont d\u00e9velopp\u00e9 un humanisme politique s'incrivant dans le catholicisme social de leur temps.\r\n\r\nHumanisme et philosophie citoyenne Joseph Vialatoux et Jean Lacroix Dans le dialogue entre la foi et la culture, entre la conviction croyante et l'intelligence, se dressent deux belles figures lyonnaises : Joseph Vialatoux (1880-1970) et Jean Lacroix (1900-1986). Tenu \u00e0 l'Universit\u00e9 catholique de Lyon en janvier 2008, le colloque, dont ce livre rassemble les actes, a permis de valoriser l'apport et la m\u00e9moire de ces deux grands intellectuels, tous deux repr\u00e9sentants d'une philosophie politique humaniste n\u00e9e \u00e0 l'\u00e9poque moderne et dont les valeurs permirent \u00e0 leurs contemporains d'affronter avec courage et lucidit\u00e9 quelques-uns des grands d\u00e9fis que l'histoire lance \u00e0 la morale, comme ce fut le cas avec l'apparition des totalitarismes. Ils t\u00e9moignent ainsi dans leurs \u00e9crits et leur enseignement, en particulier dans le cadre de la Chronique et des Semaines sociales, de la f\u00e9condit\u00e9 du catholicisme social, prouvant ainsi la capacit\u00e9 de la raison et de la foi r\u00e9unies de nourrir l'action. Les communications de ce colloque, marqu\u00e9 par le souci de la pluridisciplinarit\u00e9, font valoir l'exigence d'une philosophie engag\u00e9e dans l'histoire.","authors":["Emmanuel Gabellieri","Jean Lacroix"],"category_codes":["9000000","9080000","9080200","9080204"],"visuals":{"large":"https:\/\/images.epagine.fr\/997\/9782249620997_1_75.jpg","medium":"https:\/\/images.epagine.fr\/997\/9782249620997_1_m.jpg","thumbnail":"https:\/\/images.epagine.fr\/997\/9782249620997_1_v.jpg"},"orderable":true,"show_badge":true,"formatted_price":"25,40&nbsp;\u20ac","formatted_published_date":"3 mai 2010","publisher_availability_label":"Sur commande","short_details":"Emmanuel Gabellieri, Jean Lacroix \u2014 LETHIELLEUX","translator":null,"weight":686,"page_count":459,"readership":null,"editor":"LETHIELLEUX","price":2540,"published_date":"2010-05-02T22:00:00.000000Z","support":"Grand format","publisher_availability":1,"stock":0,"editions":[],"url":"https:\/\/quaidesbrumes.com\/ouvrage\/9782249620997\/humanisme-et-philosophie-citoyenne-joseph-vialatoux-et-jean-lacroix"}]}