{"data":[{"id":"9782296031760","title":"Les nu\u00e9es d'aristophane ; une initiation \u00e0 Eleusis en 423 avant notre \u00e8re","description":"Les Nu\u00e9es, la com\u00e9die d'Aristophane la plus \u00e9tudi\u00e9e, ne constituent pas seulement le premier t\u00e9moignage consacr\u00e9 \u00e0 Socrate, elles sont aussi une prodigieuse mine de renseignements sur la religion de l'Ath\u00e8nes classique. Aristophane a fait de l'initiation aux Myst\u00e8res d'Eleusis la toile de fond de sa com\u00e9die, sans pour autant faire preuve de la moindre impi\u00e9t\u00e9.\r","authors":["Simon Byl"],"category_codes":["9000000","9080000","9080200","9080204"],"visuals":{"large":"https:\/\/images.epagine.fr\/760\/9782296031760_1_75.jpg","medium":"https:\/\/images.epagine.fr\/760\/9782296031760_1_m.jpg","thumbnail":"https:\/\/images.epagine.fr\/760\/9782296031760_1_v.jpg"},"orderable":true,"show_badge":true,"formatted_price":"12,00&nbsp;\u20ac","formatted_published_date":"13 avril 2007","publisher_availability_label":"Sur commande","short_details":"Simon Byl \u2014 \u00c9ditions L'Harmattan","translator":null,"weight":130,"page_count":96,"readership":null,"editor":"\u00c9ditions L'Harmattan","price":1200,"published_date":"2007-04-12T22:00:00.000000Z","support":"Grand format","publisher_availability":1,"stock":0,"editions":[],"url":"https:\/\/quaidesbrumes.com\/ouvrage\/9782296031760\/les-nuees-daristophane-une-initiation-a-eleusis-en-423-avant-notre-ere"},{"id":"9782705666217","title":"Giovanni Pico","description":"1486 : Laurent de M\u00e9dicis, dit le Magnifique, r\u00e8gne sans partage sur la R\u00e9publique de Florence. Ses courtisans, grands seigneurs ou chefs de guerre, complotent pour obtenir ses faveurs et la charge de chancelier qui est vacante. Parmi eux, un prince de sang, homme de lettres et humaniste, dont les moeurs libertines offensent les uns, fascinent les autres : Giovanni Pico. A travers le r\u00e9cit de sa vie, faite d'aventures guerri\u00e8res, d'intrigues politiques ou amoureuses et de querelles intellectuelles, c'est toute la Renaissance italienne qui revit dans son infinie richesse, comme dans sa brutale r\u00e9alit\u00e9. \u00c9crit avec une plume \u00e9tonnamment l\u00e9g\u00e8re et pure, ce roman se veut une invitation au voyage dans l'univers f\u00e9roce et raffin\u00e9 du Quattrocento.","authors":["Guillaume de Sardes"],"category_codes":["9000000","9080000","9080200","9080204"],"visuals":{"large":"https:\/\/images.epagine.fr\/217\/9782705666217_1_75.jpg","medium":"https:\/\/images.epagine.fr\/217\/9782705666217_1_m.jpg","thumbnail":"https:\/\/images.epagine.fr\/217\/9782705666217_1_v.jpg"},"orderable":true,"show_badge":true,"formatted_price":"24,00&nbsp;\u20ac","formatted_published_date":"11 septembre 2007","publisher_availability_label":"Sur commande","short_details":"Guillaume de Sardes \u2014 Hermann","translator":null,"weight":196,"page_count":126,"readership":null,"editor":"Hermann","price":2400,"published_date":"2007-09-10T22:00:00.000000Z","support":"Grand format","publisher_availability":1,"stock":0,"editions":[],"url":"https:\/\/quaidesbrumes.com\/ouvrage\/9782705666217\/giovanni-pico"},{"id":"9782296033719","title":"Mondialisation, cultures et \u00e9thique","description":"Quels sont les enjeux de la mondialisation contemporaineoe Pourquoi prend-elle les formes que nous observons aujourd'huioe Pour saisir l'immense richesse du ph\u00e9nom\u00e8ne, il faut en consid\u00e9rer toute la complexit\u00e9 et l'histoire: c'est un processus ancien, marqu\u00e9 par la civilisation europ\u00e9enne, dont le syst\u00e8me de pens\u00e9e s'est consid\u00e9rablement d\u00e9velopp\u00e9 et enrichi au rythme de son expansion. Ce syst\u00e8me domine les relations internationales (\u00e9conomiques, politiques et culturelles) auxquelles les diff\u00e9rentes parties du monde, notamment l'Afrique, doivent s'adapter pour s'int\u00e9grer dans le nouveau r\u00e9seau mondial.\r","authors":["Jo\u00ebl Mysse"],"category_codes":["9000000","9080000","9080200","9080204"],"visuals":{"large":"https:\/\/images.epagine.fr\/719\/9782296033719_1_75.jpg","medium":"https:\/\/images.epagine.fr\/719\/9782296033719_1_m.jpg","thumbnail":"https:\/\/images.epagine.fr\/719\/9782296033719_1_v.jpg"},"orderable":true,"show_badge":true,"formatted_price":"19,00&nbsp;\u20ac","formatted_published_date":"21 mai 2007","publisher_availability_label":"Sur commande","short_details":"Jo\u00ebl Mysse \u2014 \u00c9ditions L'Harmattan","translator":null,"weight":220,"page_count":260,"readership":null,"editor":"\u00c9ditions L'Harmattan","price":1900,"published_date":"2007-05-20T22:00:00.000000Z","support":"Grand format","publisher_availability":1,"stock":0,"editions":[],"url":"https:\/\/quaidesbrumes.com\/ouvrage\/9782296033719\/mondialisation-cultures-et-ethique"},{"id":"9782296034488","title":"D\u00e9mocrite, platon et la physique des particules \u00e9l\u00e9mentaires","description":"C'est \u00e0 un long parcours qui va de l'Antiquit\u00e9 \u00e0 la physique quantique que, dans ce livre qui r\u00e9serve de multiples surprises, Iraj Nikseresht invite son lecteur. Adoptant une position historique, il montre avec clart\u00e9 et talent que la recherche contemporaine en physique ne peut ni ne doit \u00eatre radicalement coup\u00e9e des sp\u00e9culations anciennes.\r","authors":["Iraj Nikseresht"],"category_codes":["9000000","9080000","9080200","9080204"],"visuals":{"large":"https:\/\/images.epagine.fr\/488\/9782296034488_1_75.jpg","medium":"https:\/\/images.epagine.fr\/488\/9782296034488_1_m.jpg","thumbnail":"https:\/\/images.epagine.fr\/488\/9782296034488_1_v.jpg"},"orderable":true,"show_badge":true,"formatted_price":"29,50&nbsp;\u20ac","formatted_published_date":"24 mai 2007","publisher_availability_label":"Sur commande","short_details":"Iraj Nikseresht \u2014 \u00c9ditions L'Harmattan","translator":null,"weight":400,"page_count":328,"readership":null,"editor":"\u00c9ditions L'Harmattan","price":2950,"published_date":"2007-05-23T22:00:00.000000Z","support":"Grand format","publisher_availability":1,"stock":0,"editions":[],"url":"https:\/\/quaidesbrumes.com\/ouvrage\/9782296034488\/democrite-platon-et-la-physique-des-particules-elementaires"},{"id":"9782296025882","title":"La philosophie de louis lavelle : libert\u00e9 et participation","description":"Philosophe et moraliste, Louis Lavelle (1883-1951) a d\u00e9velopp\u00e9 une philosophie de l'existence oppos\u00e9e \u00e0 celle de Sartre. Il consid\u00e8re l'acte r\u00e9flexif comme le point de jonction entre le moi et l'Etre :  prendre conscience de soi, s'inventer soi-m\u00eame, c'est alors, certes, se reconna\u00eetre \u00e0 part enti\u00e8re, mais c'est aussi d\u00e9couvrir la pr\u00e9sence fondamentale de l'Absolu.\r","authors":["S\u00e9bastien Robert"],"category_codes":["9000000","9080000","9080200","9080204"],"visuals":{"large":"https:\/\/images.epagine.fr\/882\/9782296025882_1_75.jpg","medium":"https:\/\/images.epagine.fr\/882\/9782296025882_1_m.jpg","thumbnail":"https:\/\/images.epagine.fr\/882\/9782296025882_1_v.jpg"},"orderable":true,"show_badge":true,"formatted_price":"13,50&nbsp;\u20ac","formatted_published_date":"18 avril 2007","publisher_availability_label":"Sur commande","short_details":"S\u00e9bastien Robert \u2014 \u00c9ditions L'Harmattan","translator":null,"weight":166,"page_count":132,"readership":null,"editor":"\u00c9ditions L'Harmattan","price":1350,"published_date":"2007-04-17T22:00:00.000000Z","support":"Grand format","publisher_availability":1,"stock":0,"editions":[],"url":"https:\/\/quaidesbrumes.com\/ouvrage\/9782296025882\/la-philosophie-de-louis-lavelle-liberte-et-participation"},{"id":"9782296031722","title":"La technique et le fa\u00e7onnement du monde : mirages et d\u00e9senchantement","description":"L'ouvrage soul\u00e8ve une question br\u00fblante : et si les techniques, faisant syst\u00e8me, donnaient corps \u00e0 une sorte de pouss\u00e9e exponentielle de puissance qui asservit individus, groupes et soci\u00e9t\u00e9s ? S'imposant comme un ensemble irr\u00e9sistible de normes interd\u00e9pendantes, elles disciplinent corps et esprits selon un processus de totalisation en passe de devenir totalitaire, que seul une critique \u00e9thique et politique peut encore endiguer.\r","authors":["Gilbert Vincent"],"category_codes":["9000000","9080000","9080200","9080204"],"visuals":{"large":"https:\/\/images.epagine.fr\/722\/9782296031722_1_75.jpg","medium":"https:\/\/images.epagine.fr\/722\/9782296031722_1_m.jpg","thumbnail":"https:\/\/images.epagine.fr\/722\/9782296031722_1_v.jpg"},"orderable":true,"show_badge":true,"formatted_price":"24,00&nbsp;\u20ac","formatted_published_date":"23 avril 2007","publisher_availability_label":"Sur commande","short_details":"Gilbert Vincent \u2014 \u00c9ditions L'Harmattan","translator":null,"weight":290,"page_count":266,"readership":null,"editor":"\u00c9ditions L'Harmattan","price":2400,"published_date":"2007-04-22T22:00:00.000000Z","support":"Grand format","publisher_availability":1,"stock":0,"editions":[],"url":"https:\/\/quaidesbrumes.com\/ouvrage\/9782296031722\/la-technique-et-le-faconnement-du-monde-mirages-et-desenchantement"},{"id":"9782372981491","title":"Regards, commentaires de la Torah","description":"Comment concevoir que Dieu ait fa\u00e7onn\u00e9 l'univers sans y glisser une parole, un souffle, une orientation ? Une Cr\u00e9ation sans R\u00e9v\u00e9lation serait un corps sans \u00e2me. Dans chaque grain de sable, dans chaque battement d'aile, se trouve un message, m\u00eame si nous avons oubli\u00e9 comment le lire. Adam savait ce qu'il devait faire. Non par magie, mais par cette \u00e9vidence int\u00e9rieure que donne la Pr\u00e9sence divine. Ceux qui lui ont succ\u00e9d\u00e9 le savaient aussi, autrement : par la m\u00e9moire orale, par l'intuition, par la clart\u00e9 d'une conscience \u00e9veill\u00e9e. Quand l'esprit humain se dispose \u00e0 la justesse, Dieu parle encore, non par des mots, mais par l'\u00e9vidence du bien. Aujourd'hui, la parole divine semble plus voil\u00e9e. Le monde est trop bruyant. Mais ce n'est pas que Dieu se soit tu. C'est nous qui avons perdu la capacit\u00e9 d'\u00e9coute. Pourtant, le fil n'est jamais rompu. Sous le vacarme ambiant, r\u00e9side son \u00ab doux et subtil murmure \u00bb. Dieu attend toujours notre attention. C'est \u00e0 ce retournement du regard qu'invitent ces lectures de la Torah.\u00a0\r\nEric Ackermann est rabbin et aum\u00f4nier dans le monde m\u00e9dico-social.","authors":["Eric Ackermann"],"category_codes":["9000000","9080000","9080200","9080204"],"visuals":{"large":"https:\/\/images.epagine.fr\/491\/9782372981491_1_75.jpg","medium":"https:\/\/images.epagine.fr\/491\/9782372981491_1_m.jpg","thumbnail":"https:\/\/images.epagine.fr\/491\/9782372981491_1_v.jpg"},"orderable":false,"show_badge":true,"formatted_price":"14,00&nbsp;\u20ac","formatted_published_date":"10 juin 2026","publisher_availability_label":"\u00c0 para\u00eetre","short_details":"Eric Ackermann \u2014 Ad Solem","translator":null,"weight":0,"page_count":96,"readership":null,"editor":"Ad Solem","price":1400,"published_date":"2026-06-09T22:00:00.000000Z","support":"Grand format","publisher_availability":2,"stock":0,"editions":[],"url":"https:\/\/quaidesbrumes.com\/ouvrage\/9782372981491\/regards-commentaires-de-la-torah"},{"id":"9782296026056","title":"Comprendre l'\u00eatre humain ; pour une vision multidimensionnelle","description":"Propose une conception capable de traduire la complexit\u00e9 de l'\u00eatre humain, une conception capable de relier des points de vue distincts : physique, biologique, anthropologique, social, culturel.\r","authors":["Robin Fortin"],"category_codes":["9000000","9080000","9080200","9080204"],"visuals":{"large":"https:\/\/images.epagine.fr\/056\/9782296026056_1_75.jpg","medium":"https:\/\/images.epagine.fr\/056\/9782296026056_1_m.jpg","thumbnail":"https:\/\/images.epagine.fr\/056\/9782296026056_1_v.jpg"},"orderable":true,"show_badge":true,"formatted_price":"21,00&nbsp;\u20ac","formatted_published_date":"4 mai 2007","publisher_availability_label":"Sur commande","short_details":"Robin Fortin \u2014 \u00c9ditions L'Harmattan","translator":null,"weight":340,"page_count":228,"readership":null,"editor":"\u00c9ditions L'Harmattan","price":2100,"published_date":"2007-05-03T22:00:00.000000Z","support":"Grand format","publisher_availability":1,"stock":0,"editions":[],"url":"https:\/\/quaidesbrumes.com\/ouvrage\/9782296026056\/comprendre-letre-humain-pour-une-vision-multidimensionnelle"},{"id":"9782296032958","title":"Pouvoir et r\u00e9sistance ; foucault, deleuze, derrida, althusser","description":"Une r\u00e9interpr\u00e9tation des th\u00e9ories structuralistes du pouvoir par rapport \u00e0 la question de r\u00e9sistance au pouvoir, et notamment l'int\u00e9riorisation de cette derni\u00e8re. Cette \u00e9tude tente de d\u00e9passer les apories des th\u00e9ories structuralistes ou post-structuralistes de Foucault, Deleuze, Althusser ou Derrida, notamment \u00e0 travers leurs approches de la th\u00e9orie psychanalytique.\r","authors":["Yoshiyuki Sato"],"category_codes":["9000000","9080000","9080200","9080204"],"visuals":{"large":"https:\/\/images.epagine.fr\/958\/9782296032958_1_75.jpg","medium":"https:\/\/images.epagine.fr\/958\/9782296032958_1_m.jpg","thumbnail":"https:\/\/images.epagine.fr\/958\/9782296032958_1_v.jpg"},"orderable":true,"show_badge":true,"formatted_price":"23,00&nbsp;\u20ac","formatted_published_date":"7 mai 2007","publisher_availability_label":"Sur commande","short_details":"Yoshiyuki Sato \u2014 \u00c9ditions L'Harmattan","translator":null,"weight":270,"page_count":248,"readership":null,"editor":"\u00c9ditions L'Harmattan","price":2300,"published_date":"2007-05-06T22:00:00.000000Z","support":"Grand format","publisher_availability":1,"stock":0,"editions":[],"url":"https:\/\/quaidesbrumes.com\/ouvrage\/9782296032958\/pouvoir-et-resistance-foucault-deleuze-derrida-althusser"},{"id":"9782296033313","title":"La conscience humaine ; des flux \u00e9nergetiques r\u00e9flexifs, interactifs et transcendants","description":"Etant donn\u00e9 sa complexit\u00e9, aborder la conscience peut appara\u00eetre une gageure. Cette \u00e9tude en distingue les aspects r\u00e9flexifs et transcendants et en diff\u00e9rencie la nature chez d'autres esp\u00e8ces. La diversit\u00e9 de ses structures \u00e9merge d'un r\u00e9seau de boucles \u00e9nerg\u00e9tiques soumis \u00e0 des r\u00e9gulations internes et externes.\r","authors":["Pierre Marchais"],"category_codes":["9000000","9080000","9080200","9080204"],"visuals":{"large":"https:\/\/images.epagine.fr\/313\/9782296033313_1_75.jpg","medium":"https:\/\/images.epagine.fr\/313\/9782296033313_1_m.jpg","thumbnail":"https:\/\/images.epagine.fr\/313\/9782296033313_1_v.jpg"},"orderable":true,"show_badge":true,"formatted_price":"34,00&nbsp;\u20ac","formatted_published_date":"10 mai 2007","publisher_availability_label":"Sur commande","short_details":"Pierre Marchais \u2014 \u00c9ditions L'Harmattan","translator":null,"weight":600,"page_count":394,"readership":null,"editor":"\u00c9ditions L'Harmattan","price":3400,"published_date":"2007-05-09T22:00:00.000000Z","support":"Grand format","publisher_availability":1,"stock":0,"editions":[],"url":"https:\/\/quaidesbrumes.com\/ouvrage\/9782296033313\/la-conscience-humaine-des-flux-energetiques-reflexifs-interactifs-et-transcendants"},{"id":"9782296032859","title":"\u00e9thique du rapport au langage","description":"Le questionnement \u00e9thique se trouve renouvel\u00e9 par ces analyses du langage en action et comme action, agent par lequel se modulent les pratiques relationnelles, qui l'enrichissent de questions nouvelles sur de nouveaux terrains. Ainsi, une telle \u00e9thique, en r\u00e9v\u00e9lant \u00e0 autrui sa propre comp\u00e9tence communicationnelle, \u00e9l\u00e8ve la relation \u00e0 plusieurs \u00e0 la hauteur d'un \"nous\".\r","authors":["Monique Castillo"],"category_codes":["9000000","9080000","9080200","9080204"],"visuals":{"large":"https:\/\/images.epagine.fr\/859\/9782296032859_1_75.jpg","medium":"https:\/\/images.epagine.fr\/859\/9782296032859_1_m.jpg","thumbnail":"https:\/\/images.epagine.fr\/859\/9782296032859_1_v.jpg"},"orderable":true,"show_badge":true,"formatted_price":"19,00&nbsp;\u20ac","formatted_published_date":"1er juin 2007","publisher_availability_label":"Sur commande","short_details":"Monique Castillo \u2014 \u00c9ditions L'Harmattan","translator":null,"weight":270,"page_count":198,"readership":null,"editor":"\u00c9ditions L'Harmattan","price":1900,"published_date":"2007-05-31T22:00:00.000000Z","support":"Grand format","publisher_availability":1,"stock":0,"editions":[],"url":"https:\/\/quaidesbrumes.com\/ouvrage\/9782296032859\/ethique-du-rapport-au-langage"},{"id":"9782212538786","title":"Des philosophes pour bien vivre","description":"\"Vide est le discours du philosophe qui ne soigne aucune affection humaine\" \u00c9picure.\r\n\r\n\r\n\tDe la philo pour aimer la vie !\r\n\r\n\tPour reprendre confiance en nous, en les autres et en la vie, les lumi\u00e8res des philosophes \u00e9clairent nos pas, r\u00e9veillent notre courage et r\u00e9chauffent nos coeurs. Comme nous, les philosophes sont confront\u00e9s \u00e0 la question du sens de l'existence. Mais, allant plus loin que nous, ils proposent des r\u00e9ponses originales et fraient des chemins nouveaux.\r\n\r\n\tDe Platon \u00e0 Merleau-Ponty, en passant par Descartes, Kant, Spinoza, Nietzsche ou encore Freud, cet ouvrage convoque une trentaine de philosophes et extrait de leur pens\u00e9e des id\u00e9es savoureuses et des pistes d'action pour bien vivre.\r\n\r\n\t\u00c0 partir de th\u00e8mes aussi quotidiens et aussi importants que le rapport \u00e0 soi, au temps, aux autres, \u00e0 la mort, \u00e0 l'amour, \u00e0 la libert\u00e9, Eug\u00e9nie Vegleris, d'une plume vive et lumineuse, nous offre une incroyable rencontre avec les penseurs d'hier et d'aujourd'hui et nous donne la possibilit\u00e9 de composer notre propre sagesse de vie.\r\n\r\n\tOuvrage publi\u00e9 avec le concours du Centre national du livre.\r","authors":["Vegleris E"],"category_codes":["9000000","9080000","9080200","9080204"],"visuals":{"large":"https:\/\/images.epagine.fr\/786\/9782212538786_1_75.jpg","medium":"https:\/\/images.epagine.fr\/786\/9782212538786_1_m.jpg","thumbnail":"https:\/\/images.epagine.fr\/786\/9782212538786_1_v.jpg"},"orderable":true,"show_badge":true,"formatted_price":"20,20&nbsp;\u20ac","formatted_published_date":"5 juillet 2007","publisher_availability_label":"Sur commande","short_details":"Vegleris E \u2014 Organisation","translator":null,"weight":500,"page_count":332,"readership":null,"editor":"Organisation","price":2020,"published_date":"2007-07-04T22:00:00.000000Z","support":"Grand format","publisher_availability":1,"stock":0,"editions":[],"url":"https:\/\/quaidesbrumes.com\/ouvrage\/9782212538786\/des-philosophes-pour-bien-vivre"},{"id":"9782296032644","title":"Ce qui fait \u00e9poque ; philosophie et mise en r\u00e9cit du pr\u00e9sent","description":"Prenant \u00e0 t\u00e9moins la litt\u00e9rature, le cin\u00e9ma, mais aussi l'\u00e9v\u00e9nement qui interrompt le cours des choses, cet essai en forme de r\u00e9cit diffract\u00e9 s'efforce de baliser le champ de l'actuel de mani\u00e8re \u00e0 faire appara\u00eetre des possibles politiques. S'inscrivant dans la tradition inaugur\u00e9e par Foucault, il s'\u00e9tablit \u00e0 la charni\u00e8re de la philosophie et de la politique pour scruter les mutations contemporaines du gouvernement des vivants.\r","authors":["Alain Brossat"],"category_codes":["9000000","9080000","9080200","9080204"],"visuals":{"large":"https:\/\/images.epagine.fr\/644\/9782296032644_1_75.jpg","medium":"https:\/\/images.epagine.fr\/644\/9782296032644_1_m.jpg","thumbnail":"https:\/\/images.epagine.fr\/644\/9782296032644_1_v.jpg"},"orderable":true,"show_badge":true,"formatted_price":"24,00&nbsp;\u20ac","formatted_published_date":"18 juin 2007","publisher_availability_label":"Sur commande","short_details":"Alain Brossat \u2014 \u00c9ditions L'Harmattan","translator":null,"weight":390,"page_count":242,"readership":null,"editor":"\u00c9ditions L'Harmattan","price":2400,"published_date":"2007-06-17T22:00:00.000000Z","support":"Grand format","publisher_availability":1,"stock":0,"editions":[],"url":"https:\/\/quaidesbrumes.com\/ouvrage\/9782296032644\/ce-qui-fait-epoque-philosophie-et-mise-en-recit-du-present"},{"id":"9782234060500","title":"Adieu v\u00e9rit\u00e9 ou la ruse du philosophe","description":"La violence \u00e0 l'\u00e9gard de l'autre trouve, trop facilement, son cadre l\u00e9gitime. En effet, guerres \u00ab justes \u00bb, inquisitions en tous genres, occupations coloniales, goulags et g\u00e9nocides se r\u00e9clament toujours de la v\u00e9rit\u00e9.\r\nCe livre est une enqu\u00eate cherchant \u00e0 \u00e9lucider par quelle ruse la raison sert d'alibi au crime. En prise avec l'actualit\u00e9, c'est un essai o\u00f9 s'imbriquent activement - comme dans un reportage vivant - philosophie et histoire, id\u00e9es et \u00e9v\u00e9nements. Rappelant le d\u00e9bat entre Platon et les sophistes, l'auteur montre que la v\u00e9rit\u00e9 du philosophe poss\u00e8de la duplicit\u00e9 d'un Janus \u00e0 deux faces, vertueux de l'une, assassin de l'autre. En effet, elle peut donner le vrai pour le faux et le faux pour le vrai. Or cette qu\u00eate de la v\u00e9rit\u00e9 donne un sens aux \u00e9ternelles questions des hommes (la vie, la mort, le bonheur, le bien...) qui se soumettent ainsi, sans r\u00e9serve, au monde mental qu'ils s'inventent. Que voit-on alors ? La v\u00e9rit\u00e9 \u00e0 double face d'une repr\u00e9sentation du monde qui permet de tuer au nom d'une id\u00e9e : le meurtre devient logique dans le cadre de r\u00e9cits tenus pour \u00ab vrais \u00bb. \r\nD'embl\u00e9e le lecteur plonge dans le vif du sujet \u00e0 travers le r\u00e9cit r\u00e9el, biographique, de trois victimes des drames suivants : la guerre civile d'Espagne, la Seconde Guerre mondiale, le g\u00e9nocide cambodgien. Ce v\u00e9cu historique permet \u00e0 l'auteur de mettre en parall\u00e8le trois moments forts de la m\u00e9taphysique : Saint Augustin, Hegel, Heidegger et les id\u00e9aux qu'ils d\u00e9fendent. L'enqu\u00eate porte ses fruits : la possibilit\u00e9 de rationalisation du crime est au coeur m\u00eame de la raison, elle n'en constitue pas un produit d\u00e9riv\u00e9 incongru ou d\u00e9plaisant. L'AUTEUR Philosophe belge n\u00e9 au Portugal, Pierre De Roo vit aujourd'hui pr\u00e8s de Lisbonne. Apr\u00e8s des \u00e9tudes de physique, il s'est consacr\u00e9 \u00e0 la philosophie analytique, \u00e0 Wittgenstein en particulier, et travaille comme consultant en strat\u00e9gie aux quatre coins du monde. Outre de tr\u00e8s nombreux articles, De Roo a publi\u00e9 M\u00e9caniques du Destin : une approche philosophique des th\u00e9ories de l'avenir (Calmann-L\u00e9vy, 2001). .","authors":["Pierre De Roo"],"category_codes":["9000000","9080000","9080200","9080204"],"visuals":{"large":"https:\/\/images.epagine.fr\/500\/9782234060500_1_75.jpg","medium":"https:\/\/images.epagine.fr\/500\/9782234060500_1_m.jpg","thumbnail":"https:\/\/images.epagine.fr\/500\/9782234060500_1_v.jpg"},"orderable":true,"show_badge":true,"formatted_price":"23,00&nbsp;\u20ac","formatted_published_date":"17 octobre 2007","publisher_availability_label":"Sur commande","short_details":"Pierre De Roo \u2014 Stock","translator":null,"weight":258,"page_count":254,"readership":null,"editor":"Stock","price":2300,"published_date":"2007-10-16T22:00:00.000000Z","support":"Grand format","publisher_availability":1,"stock":0,"editions":[],"url":"https:\/\/quaidesbrumes.com\/ouvrage\/9782234060500\/adieu-verite-ou-la-ruse-du-philosophe"},{"id":"9782702138434","title":"La soci\u00e9t\u00e9 imm\u00e9diate","description":"La communication a connu deux r\u00e9volutions : celle n\u00e9e de l'invention de l'imprimerie par Gutenberg en 1456 - qui a mis des si\u00e8cles \u00e0 concerner le grand public et fut longtemps au service exclusif des \u00e9lites, v\u00e9hiculant d'abord des connaissances et des id\u00e9es -, et la r\u00e9volution num\u00e9rique que nous vivons aujourd'hui, foudroyante, sans contr\u00f4le, et qui est surtout un moyen de divertissement et de satisfaction rapide des d\u00e9sirs. Dans cet essai percutant, Pascal Jos\u00e8phe nous d\u00e9montre que la r\u00e9volution num\u00e9rique contient en germe la ruine de la notion de projet, qui suppose la m\u00e9diation du temps, et lui substitue le culte de l'imm\u00e9diatet\u00e9. La technologie et l'\u00e9conomie raccourcissent en effet le d\u00e9lai entre l'expression des besoins ou des d\u00e9sirs et leur satisfaction. En r\u00e9sulte une discordance des temps, c'est-\u00e0-dire une d\u00e9-synchronisation des temps individuel et social qui fait exploser les rythmes fondant la vie en collectivit\u00e9. Soumis comme nous le sommes au bombardement incessant des sollicitations externes, nous ne disposons plus des outils r\u00e9f\u00e9rentiels permettant de faire des choix : ni certitudes (religion, id\u00e9ologie politique), ni lieu, ni temps pour \u00e9changer avec les autres. Et Internet ? objectera-t-on. Comble du paradoxe : plus la communication g\u00e9n\u00e9ralis\u00e9e est exalt\u00e9e dans notre soci\u00e9t\u00e9 postmoderne, moins sa fonction m\u00e9diatrice est prise en compte. Nous sommes gav\u00e9s d'information et affam\u00e9s de sens. Comment d\u00e8s lors r\u00e9sister aux innombrables tentations dont nous sommes l'objet ? \r\nL'av\u00e8nement de l'\u00e8re de l'imm\u00e9diatet\u00e9 ne risque-t-il pas de nous ramener \u00e0 des temps ant\u00e9-civilis\u00e9s ? s'interroge Pascal Jos\u00e8phe. \u00ab Je veux, je prends \u00bb, \u00ab Je mise, je gagne \u00bb, \u00ab J'ai envie, je consomme. \u00bb En d'autres termes, n'est-elle pas en train de r\u00e9veiller la b\u00eate qui sommeille en nous et que dix mille ans de civilisation avaient domestiqu\u00e9e ?","authors":["Josephe-P"],"category_codes":["9000000","9080000","9080200","9080204"],"visuals":{"large":"https:\/\/images.epagine.fr\/434\/9782702138434_1_75.jpg","medium":"https:\/\/images.epagine.fr\/434\/9782702138434_1_m.jpg","thumbnail":"https:\/\/images.epagine.fr\/434\/9782702138434_1_v.jpg"},"orderable":true,"show_badge":true,"formatted_price":"20,40&nbsp;\u20ac","formatted_published_date":"23 janvier 2008","publisher_availability_label":"Sur commande","short_details":"Josephe-P \u2014 Calmann-L\u00e9vy","translator":null,"weight":300,"page_count":247,"readership":null,"editor":"Calmann-L\u00e9vy","price":2040,"published_date":"2008-01-22T23:00:00.000000Z","support":"Grand format","publisher_availability":1,"stock":0,"editions":[],"url":"https:\/\/quaidesbrumes.com\/ouvrage\/9782702138434\/la-societe-immediate"},{"id":"9782296036574","title":"Pour une r\u00e9\u00e9criture du constructivisme ; histoires et discours","description":"Nous ne connaissons pas la r\u00e9alit\u00e9 telle qu'elle existe v\u00e9ritablement. Au contraire, le monde est construit par le sujet cognitif. L'auteur prend ici ses distances avec l'argumentation constructiviste classique, qui repose sur des bases biologiques et psychologiques. Il vise \u00e0 conf\u00e9rer au constructivisme des fondements philosophiques et socioculturels, ambitieux projet qui l'am\u00e8ne \u00e0 red\u00e9finir les concepts capitaux de conscience, d'identit\u00e9, d'action, de communication, de v\u00e9rit\u00e9 et de morale.\r","authors":["Siegfried j. Schmidt"],"category_codes":["9000000","9080000","9080200","9080204"],"visuals":{"large":"https:\/\/images.epagine.fr\/574\/9782296036574_1_75.jpg","medium":"https:\/\/images.epagine.fr\/574\/9782296036574_1_m.jpg","thumbnail":"https:\/\/images.epagine.fr\/574\/9782296036574_1_v.jpg"},"orderable":true,"show_badge":true,"formatted_price":"16,00&nbsp;\u20ac","formatted_published_date":"2 juillet 2007","publisher_availability_label":"Sur commande","short_details":"Siegfried j. Schmidt \u2014 \u00c9ditions L'Harmattan","translator":null,"weight":180,"page_count":166,"readership":null,"editor":"\u00c9ditions L'Harmattan","price":1600,"published_date":"2007-07-01T22:00:00.000000Z","support":"Grand format","publisher_availability":1,"stock":0,"editions":[],"url":"https:\/\/quaidesbrumes.com\/ouvrage\/9782296036574\/pour-une-reecriture-du-constructivisme-histoires-et-discours"},{"id":"9782296034082","title":"La personne dans les soci\u00e9t\u00e9s techniciennes","description":"Les progr\u00e8s consid\u00e9rables des sciences ont donn\u00e9 lieu \u00e0 d'importantes nouvelles techniques qui ont pour cons\u00e9quences de modifier nos comportements individuels, nos relations avec les autres et en fin de compte, toute la soci\u00e9t\u00e9. Les technologies ne produisent-elles que des moyens suppl\u00e9mentaires \u00e0 l'usage de chacun ? Ou bien en modifiant nos fa\u00e7ons de penser, ne nous entra\u00eenent-elles pas, inconsciemment, vers une transformation de notre \u00eatre ?\r","authors":["R\u00e9gis Mache"],"category_codes":["9000000","9080000","9080200","9080204"],"visuals":{"large":"https:\/\/images.epagine.fr\/082\/9782296034082_1_75.jpg","medium":"https:\/\/images.epagine.fr\/082\/9782296034082_1_m.jpg","thumbnail":"https:\/\/images.epagine.fr\/082\/9782296034082_1_v.jpg"},"orderable":true,"show_badge":true,"formatted_price":"19,50&nbsp;\u20ac","formatted_published_date":"6 juillet 2007","publisher_availability_label":"Sur commande","short_details":"R\u00e9gis Mache \u2014 \u00c9ditions L'Harmattan","translator":null,"weight":270,"page_count":212,"readership":null,"editor":"\u00c9ditions L'Harmattan","price":1950,"published_date":"2007-07-05T22:00:00.000000Z","support":"Grand format","publisher_availability":1,"stock":0,"editions":[],"url":"https:\/\/quaidesbrumes.com\/ouvrage\/9782296034082\/la-personne-dans-les-societes-techniciennes"},{"id":"9782296037229","title":"De l'adh\u00e9rence ; une philosophie du croire, du vouloir, du sembler et du devoir","description":"Argumentation philosophique sur la croyance, la volont\u00e9, et d'autres concepts, cet essai part de l'analyse linguistique des verbes croire, vouloir, sembler, falloir..., dont le fonctionnement se caract\u00e9rise par l'adh\u00e9rence \u00e0 quelque chose qui n'est pas une simple proposition mais une maxime qui dit de l'\u00eatre ou de l'\"\u00e0-\u00eatre\", pour tenter de renouveler l'\u00e9tude de la \"vie mentale\".\r","authors":["Robert Forest"],"category_codes":["9000000","9080000","9080200","9080204"],"visuals":{"large":"https:\/\/images.epagine.fr\/229\/9782296037229_1_75.jpg","medium":"https:\/\/images.epagine.fr\/229\/9782296037229_1_m.jpg","thumbnail":"https:\/\/images.epagine.fr\/229\/9782296037229_1_v.jpg"},"orderable":true,"show_badge":true,"formatted_price":"24,00&nbsp;\u20ac","formatted_published_date":"5 juillet 2007","publisher_availability_label":"Sur commande","short_details":"Robert Forest \u2014 \u00c9ditions L'Harmattan","translator":null,"weight":330,"page_count":262,"readership":null,"editor":"\u00c9ditions L'Harmattan","price":2400,"published_date":"2007-07-04T22:00:00.000000Z","support":"Grand format","publisher_availability":1,"stock":0,"editions":[],"url":"https:\/\/quaidesbrumes.com\/ouvrage\/9782296037229\/de-ladherence-une-philosophie-du-croire-du-vouloir-du-sembler-et-du-devoir"},{"id":"9782296033566","title":"Introduction \u00e0 la casuistique","description":"La casuistique est g\u00e9n\u00e9ralement associ\u00e9e \u00e0 la confession : elle serait un artifice permettant de r\u00e9soudre des cas de conscience. En fait, elle sert \u00e0 appliquer avec justesse des normes morales connues. Elle est devenue outre-Atlantique une proc\u00e9dure pour inventer des normes \u00e0 partir de cas embarrassants rencontr\u00e9s en m\u00e9decine et en biologie. Elle peut apporter \u00e0 la r\u00e9flexion bio\u00e9thique une proc\u00e9dure argumentative conciliant souci de la situation singuli\u00e8re et exigence de conserver \u00e0 la norme morale sa force de prescription.\r","authors":["Serge Boarini"],"category_codes":["9000000","9080000","9080200","9080204"],"visuals":{"large":"https:\/\/images.epagine.fr\/566\/9782296033566_1_75.jpg","medium":"https:\/\/images.epagine.fr\/566\/9782296033566_1_m.jpg","thumbnail":"https:\/\/images.epagine.fr\/566\/9782296033566_1_v.jpg"},"orderable":true,"show_badge":true,"formatted_price":"15,00&nbsp;\u20ac","formatted_published_date":"15 mai 2007","publisher_availability_label":"Sur commande","short_details":"Serge Boarini \u2014 \u00c9ditions L'Harmattan","translator":null,"weight":170,"page_count":154,"readership":null,"editor":"\u00c9ditions L'Harmattan","price":1500,"published_date":"2007-05-14T22:00:00.000000Z","support":"Grand format","publisher_availability":1,"stock":0,"editions":[],"url":"https:\/\/quaidesbrumes.com\/ouvrage\/9782296033566\/introduction-a-la-casuistique"},{"id":"9782916492155","title":"Faut-il inventer le r\u00e9el ? \u00e9tude sur le principe","description":"\" Le voyageur (vous et moi) pense avec la totalit\u00e9 de son corps-esprit ; mais s'il tente de saisir le r\u00e9el par des \u00e9nonc\u00e9s, ceux-ci se vident de leur contenu. Il les utilise alors de mani\u00e8re contextuelle, c'est-\u00e0-dire que leur signification varie selon leur emplacement. Il ne cherche pas \u00e0 prouver mais \u00e0 induire.\r\nLes \u00e9nonc\u00e9s refl\u00e8tent toujours un aspect instantan\u00e9 du voyageur dans ses rapports avec lui-m\u00eame et avec le monde. Ainsi le texte reste n\u00e9cessairement inachev\u00e9. Il implique des contradictions en apparence irr\u00e9ductibles. Il doit \u00eatre lu comme une partition musicale \u00e9labor\u00e9e par le voyageur afin de pouvoir (sur)vivre. \"\r","authors":["Koroneos"],"category_codes":["9000000","9080000"],"visuals":{"large":"https:\/\/images.epagine.fr\/155\/9782916492155_1_75.jpg","medium":"https:\/\/images.epagine.fr\/155\/9782916492155_1_m.jpg","thumbnail":"https:\/\/images.epagine.fr\/155\/9782916492155_1_v.jpg"},"orderable":true,"show_badge":true,"formatted_price":"18,80&nbsp;\u20ac","formatted_published_date":"1er d\u00e9cembre 2007","publisher_availability_label":"Sur commande","short_details":"Koroneos \u2014 Le Grand Souffle","translator":null,"weight":300,"page_count":315,"readership":null,"editor":"Le Grand Souffle","price":1880,"published_date":"2007-11-30T23:00:00.000000Z","support":"Grand format","publisher_availability":1,"stock":0,"editions":[],"url":"https:\/\/quaidesbrumes.com\/ouvrage\/9782916492155\/faut-il-inventer-le-reel-etude-sur-le-principe"},{"id":"9782296036390","title":"Le jeu des sciences avec Heidegger et derrida Tome 1 ; sc\u00e8ne, retraits et r\u00e9gulation de l'al\u00e9atoire","description":"A travers la notion de jeu, d\u00e9finie par Derrida comme l'unit\u00e9 du hasard et de la n\u00e9cessit\u00e9, l'auteur entend affirmer la v\u00e9rit\u00e9 ph\u00e9nom\u00e9nologique des d\u00e9couvertes scientifiques majeures, en montrant comment le champ des sciences s'unifie et s'articule selon les principes philosophiques \u00e9dict\u00e9s par Husserl.\r","authors":["Fernando Belo"],"category_codes":["10000000","10040000"],"visuals":{"large":"https:\/\/images.epagine.fr\/390\/9782296036390_1_75.jpg","medium":"https:\/\/images.epagine.fr\/390\/9782296036390_1_m.jpg","thumbnail":"https:\/\/images.epagine.fr\/390\/9782296036390_1_v.jpg"},"orderable":true,"show_badge":true,"formatted_price":"40,00&nbsp;\u20ac","formatted_published_date":"22 octobre 2007","publisher_availability_label":"Sur commande","short_details":"Fernando Belo \u2014 \u00c9ditions L'Harmattan","translator":null,"weight":770,"page_count":472,"readership":null,"editor":"\u00c9ditions L'Harmattan","price":4000,"published_date":"2007-10-21T22:00:00.000000Z","support":"Grand format","publisher_availability":1,"stock":0,"editions":[],"url":"https:\/\/quaidesbrumes.com\/ouvrage\/9782296036390\/le-jeu-des-sciences-avec-heidegger-et-derrida-tome-1-scene-retraits-et-regulation-de-laleatoire"},{"id":"9782296036406","title":"Le jeu des sciences avec Heidegger et derrida Tome 2 ; la ph\u00e9nom\u00e9nologie reformul\u00e9e, en v\u00e9rit\u00e9","description":"A travers la notion de jeu, d\u00e9finie par Derrida comme l'unit\u00e9 du hasard et de la n\u00e9cessit\u00e9, l'auteur entend affirmer la v\u00e9rit\u00e9 ph\u00e9nom\u00e9nologique des d\u00e9couvertes scientifiques majeures, en montrant comment le champ des sciences s'unifie et s'articule selon les principes philosophiques \u00e9dict\u00e9s par Husserl.\r","authors":["Fernando Belo"],"category_codes":["9000000","9080000","9080200","9080204"],"visuals":{"large":"https:\/\/images.epagine.fr\/406\/9782296036406_1_75.jpg","medium":"https:\/\/images.epagine.fr\/406\/9782296036406_1_m.jpg","thumbnail":"https:\/\/images.epagine.fr\/406\/9782296036406_1_v.jpg"},"orderable":true,"show_badge":true,"formatted_price":"56,00&nbsp;\u20ac","formatted_published_date":"19 octobre 2007","publisher_availability_label":"Sur commande","short_details":"Fernando Belo \u2014 \u00c9ditions L'Harmattan","translator":null,"weight":1060,"page_count":670,"readership":null,"editor":"\u00c9ditions L'Harmattan","price":5600,"published_date":"2007-10-18T22:00:00.000000Z","support":"Grand format","publisher_availability":1,"stock":0,"editions":[],"url":"https:\/\/quaidesbrumes.com\/ouvrage\/9782296036406\/le-jeu-des-sciences-avec-heidegger-et-derrida-tome-2-la-phenomenologie-reformulee-en-verite"},{"id":"9782296042377","title":"L'autonomie de l'esth\u00e9tique ; Shaftesbury, Kant, Alison, Hegel et quelques autres","description":"La constitution de l'esth\u00e9tique en discipline autonome s'op\u00e8re aux XVIIe et XVIIIe si\u00e8cles. Les philosophes britanniques identifi\u00e8rent les principaux probl\u00e8mes dont elle se nourrit, tandis que les philosophes allemands poursuivirent cette recherche en l'impliquant dans une r\u00e9flexion \u00e9pist\u00e9mologique, et lui conf\u00e9r\u00e8rent un statut aujourd'hui remis en cause.\r","authors":["Dominique Ch\u00e2teau"],"category_codes":["9000000","9080000","9080200","9080204"],"visuals":{"large":"https:\/\/images.epagine.fr\/377\/9782296042377_1_75.jpg","medium":"https:\/\/images.epagine.fr\/377\/9782296042377_1_m.jpg","thumbnail":"https:\/\/images.epagine.fr\/377\/9782296042377_1_v.jpg"},"orderable":true,"show_badge":true,"formatted_price":"20,50&nbsp;\u20ac","formatted_published_date":"17 octobre 2007","publisher_availability_label":"Sur commande","short_details":"Dominique Ch\u00e2teau \u2014 \u00c9ditions L'Harmattan","translator":null,"weight":360,"page_count":212,"readership":null,"editor":"\u00c9ditions L'Harmattan","price":2050,"published_date":"2007-10-16T22:00:00.000000Z","support":"Grand format","publisher_availability":1,"stock":0,"editions":[],"url":"https:\/\/quaidesbrumes.com\/ouvrage\/9782296042377\/lautonomie-de-lesthetique-shaftesbury-kant-alison-hegel-et-quelques-autres"},{"id":"9782296043831","title":"Programme d'un cours complet de philosophie","description":"Adolphe-F\u00e9lix Gatien-Arnoult (1800-1886) fut l'\u00e9l\u00e8ve de Victor Cousin (1792-1867) et un personnage important au plan acad\u00e9mique et politique. On peut largement suivre sa pens\u00e9e philosophique au travers de l'enseignement de philosophie donn\u00e9 \u00e0 ses \u00e9l\u00e8ves de 1820 \u00e0 1830. En se reportant \u00e0 son Programme d'un cours complet de philosophie, ce livre constitue la premi\u00e8re exposition \u00e9l\u00e9mentaire de la nouvelle philosophie \u00e9clectique de l'\u00e9poque.\r","authors":["A-F Gatien-Arnoult"],"category_codes":["9000000","9080000","9080200"],"visuals":{"large":"https:\/\/images.epagine.fr\/831\/9782296043831_1_75.jpg","medium":"https:\/\/images.epagine.fr\/831\/9782296043831_1_m.jpg","thumbnail":"https:\/\/images.epagine.fr\/831\/9782296043831_1_v.jpg"},"orderable":true,"show_badge":true,"formatted_price":"32,50&nbsp;\u20ac","formatted_published_date":"26 f\u00e9vrier 2008","publisher_availability_label":"Sur commande","short_details":"A-F Gatien-Arnoult \u2014 \u00c9ditions L'Harmattan","translator":null,"weight":515,"page_count":344,"readership":null,"editor":"\u00c9ditions L'Harmattan","price":3250,"published_date":"2008-02-25T23:00:00.000000Z","support":"Grand format","publisher_availability":1,"stock":0,"editions":[],"url":"https:\/\/quaidesbrumes.com\/ouvrage\/9782296043831\/programme-dun-cours-complet-de-philosophie"}]}