{"data":[{"id":"9782734210559","title":"Roger cousinet, un philosophe \u00e0 l'\u00e9preuve de la p\u00e9dagogie","description":"l'histoire de la p\u00e9dagogie du xxe si\u00e8cle est paradoxalement mal connue aujourd'hui, alors m\u00eame que des pol\u00e9miques r\u00e9currentes opposent modernit\u00e9 et tradition.\r\n la pr\u00e9sente r\u00e9\u00e9dition de textes fondateurs de la pens\u00e9e de roger cousinet tente de combler cette lacune. auteur repr\u00e9sentatif des rapports entre la philosophie et les sciences humaines et sociales, il est aussi un acteur fran\u00e7ais \u00e9minent du mouvement de l'education nouvelle durant la premi\u00e8re moiti\u00e9 du xxe si\u00e8cle. son itin\u00e9raire, enfin, est d'autant plus int\u00e9ressant qu'il croise celui de nombreuses personnalit\u00e9s du monde scientifique et politique qui contribu\u00e8rent en france mais aussi en europe \u00e0 proposer des alternatives en mati\u00e8re d'organisation scolaire.\r\ncet ouvrage s'adresse aux philosophes et historiens de l'\u00e9cole, ainsi qu'aux enseignants et acteurs de l'\u00e9ducation d\u00e9sirant mesurer l'h\u00e9ritage des id\u00e9es du  xxe si\u00e8cle \u00e0 travers leur approfondissement et la compr\u00e9hension de leur influence dans un contexte o\u00f9 le besoin d'un ressourcement de la pens\u00e9e \u00e9ducative et p\u00e9dagogique reste sensible.\r\n","authors":["Laurent Gutierrez","Dominique Ottavi"],"category_codes":["9000000","9080000","9080200","9080204"],"visuals":{"large":"https:\/\/images.epagine.fr\/559\/9782734210559_1_75.jpg","medium":"https:\/\/images.epagine.fr\/559\/9782734210559_1_m.jpg","thumbnail":"https:\/\/images.epagine.fr\/559\/9782734210559_1_v.jpg"},"orderable":true,"show_badge":true,"formatted_price":"19,00&nbsp;\u20ac","formatted_published_date":"13 avril 2007","publisher_availability_label":"Sur commande","short_details":"Laurent Gutierrez, Dominique Ottavi \u2014 Institut National De Recherche Pedagogique","translator":null,"weight":190,"page_count":110,"readership":null,"editor":"Institut National De Recherche Pedagogique","price":1900,"published_date":"2007-04-12T22:00:00.000000Z","support":"Grand format","publisher_availability":1,"stock":0,"editions":[],"url":"https:\/\/quaidesbrumes.com\/ouvrage\/9782734210559\/roger-cousinet-un-philosophe-a-lepreuve-de-la-pedagogie"},{"id":"9782296024335","title":"De la mesure ; qu'entend-on par fait physique ?","description":"Dans le monde quantique, un instrument de mesure est une entit\u00e9 physique qui, \u00e0 la fois, interagit avec ce qu'elle mesure, et r\u00e9v\u00e8le une information sur ce qui arrive. Il est donc dot\u00e9 de \"propri\u00e9t\u00e9s s\u00e9mantiques\", qui r\u00e9v\u00e8lent l'effet de feed-back caract\u00e9ristique du syst\u00e8me autor\u00e9flexif que constitue toute mesure ou d\u00e9tection quantique, et mettent ainsi au d\u00e9fi, sans les contredire, les principes de la logique.","authors":["Jacques Croizer"],"category_codes":["9000000","9080000","9080200","9080204"],"visuals":{"large":"https:\/\/images.epagine.fr\/335\/9782296024335_1_75.jpg","medium":"https:\/\/images.epagine.fr\/335\/9782296024335_1_m.jpg","thumbnail":"https:\/\/images.epagine.fr\/335\/9782296024335_1_v.jpg"},"orderable":true,"show_badge":true,"formatted_price":"19,50&nbsp;\u20ac","formatted_published_date":"20 f\u00e9vrier 2007","publisher_availability_label":"Sur commande","short_details":"Jacques Croizer \u2014 \u00c9ditions L'Harmattan","translator":null,"weight":270,"page_count":210,"readership":null,"editor":"\u00c9ditions L'Harmattan","price":1950,"published_date":"2007-02-19T23:00:00.000000Z","support":"Grand format","publisher_availability":1,"stock":0,"editions":[],"url":"https:\/\/quaidesbrumes.com\/ouvrage\/9782296024335\/de-la-mesure-quentend-on-par-fait-physique"},{"id":"9782296027367","title":"La d\u00e9construction, une critique","description":"Cet ouvrage pr\u00e9sente la d\u00e9construction franco-am\u00e9ricaine dans un contexte philosophique et litt\u00e9raire. Il s'agit de situer les diff\u00e9rentes approches th\u00e9oriques qui s'en r\u00e9clament par rapport aux discussions r\u00e9centes, qui n\u00e9gligent souvent ses origines dialectiques, nietzsch\u00e9ennes et romantiques. Les principales critiques dont elle est l'objet, notamment de la part de l'Ecole de Francfort, sont \u00e9galement analys\u00e9es.","authors":["Pierre Zima"],"category_codes":["9000000","9080000","9080200","9080204"],"visuals":{"large":"https:\/\/images.epagine.fr\/367\/9782296027367_1_75.jpg","medium":"https:\/\/images.epagine.fr\/367\/9782296027367_1_m.jpg","thumbnail":"https:\/\/images.epagine.fr\/367\/9782296027367_1_v.jpg"},"orderable":true,"show_badge":true,"formatted_price":"13,00&nbsp;\u20ac","formatted_published_date":"20 f\u00e9vrier 2007","publisher_availability_label":"Sur commande","short_details":"Pierre Zima \u2014 \u00c9ditions L'Harmattan","translator":null,"weight":170,"page_count":126,"readership":null,"editor":"\u00c9ditions L'Harmattan","price":1300,"published_date":"2007-02-19T23:00:00.000000Z","support":"Grand format","publisher_availability":1,"stock":0,"editions":[],"url":"https:\/\/quaidesbrumes.com\/ouvrage\/9782296027367\/la-deconstruction-une-critique"},{"id":"9782296027718","title":"Intelligence et logos ; inteligencia y logos","description":"Dans ce deuxi\u00e8me volume de sa trilogie sur l'intelligence con\u00e7ue comme appr\u00e9hension du r\u00e9el, l'auteur dialectise les mouvements de cette facult\u00e9 dans un \"champ\" de r\u00e9alit\u00e9s o\u00f9 une chose mise \u00e0 distance renvoie \u00e0 une autre. Cette distance permet alors les op\u00e9rations essentielles du jugement et de la v\u00e9rification, donc de l'ensemble des structures du savoir.","authors":["Xavier Zubiri"],"category_codes":["9000000","9080000","9080200","9080204"],"visuals":{"large":"https:\/\/images.epagine.fr\/718\/9782296027718_1_75.jpg","medium":"https:\/\/images.epagine.fr\/718\/9782296027718_1_m.jpg","thumbnail":"https:\/\/images.epagine.fr\/718\/9782296027718_1_v.jpg"},"orderable":true,"show_badge":true,"formatted_price":"32,50&nbsp;\u20ac","formatted_published_date":"20 f\u00e9vrier 2007","publisher_availability_label":"Sur commande","short_details":"Xavier Zubiri \u2014 \u00c9ditions L'Harmattan","translator":null,"weight":450,"page_count":356,"readership":null,"editor":"\u00c9ditions L'Harmattan","price":3250,"published_date":"2007-02-19T23:00:00.000000Z","support":"Grand format","publisher_availability":1,"stock":0,"editions":[],"url":"https:\/\/quaidesbrumes.com\/ouvrage\/9782296027718\/intelligence-et-logos-inteligencia-y-logos"},{"id":"9782296028210","title":"Critique de la philosophie de Thomas Reid","description":"Thomas Reid (1710-1796) reste une des figures majeures de l'Ecosse des lumi\u00e8res.\r\nLa pens\u00e9e originale de ce philosophe du sens commun, et surtout sa psychologie, a exerc\u00e9 une influence d\u00e9terminante sur les philosophes fran\u00e7ais du d\u00e9but du XIXe si\u00e8cle. Reid utilisera la m\u00e9thode inductive pour d\u00e9velopper la science ou philosophie de l'esprit qui sera lue et \u00e9tudi\u00e9e par les plus fameux philosophes fran\u00e7ais du d\u00e9but du XIXe si\u00e8cle. Dans une savante et c\u00e9l\u00e8bre introduction \u00e9crite en 1836, Th\u00e9odore Jouffroy (1796-1842) avait jug\u00e9 l'ensemble de la philosophie \u00e9cossaise lors de la traduction fran\u00e7aise de l'oeuvre de Reid.\r\nIl en avait fait apercevoir d'une part le m\u00e9rite et de l'autre l'insuffisance. Ce travail sera continu\u00e9 par son fameux \u00e9l\u00e8ve Adolphe Garnier (1800-1864). C'est le 25 mai 1840 que Garnier soutient en Sorbonne sa th\u00e8se fran\u00e7aise sur la Critique de la philosophie de Thomas Reid. La premi\u00e8re partie de ce travail consiste en un simple expos\u00e9 de la doctrine de Reid sur les facult\u00e9s mentales. La seconde partie est une critique de la psychologie du philosophe \u00e9cossais.\r\nCette psychologie eut un immense succ\u00e8s en France au cours de la premi\u00e8re moiti\u00e9 du XIXe si\u00e8cle apr\u00e8s les le\u00e7ons de Pierre Paul Royer-Collard (1763-1845) puis de Victor Cousin (1792-1867) qui ont vu dans cette philosophie un moyen de combattre le sensualisme condillacien repr\u00e9sent\u00e9 alors \u00e0 la Sorbonne par l'enseignement de Pierre Laromigui\u00e8re (1756-1837). Les psychologues \u00e9clectiques fran\u00e7ais vont s'efforcer alors de rendre accessible au public les plus fameux \u00e9crits de cette \u00e9cole \u00e9cossaise repr\u00e9sent\u00e9e alors par la philosophie de Thomas Reid.\r\nLa critique de Garnier sur la philosophie de Reid reste une r\u00e9f\u00e9rence incontournable en philosophie. Nous reproduisons ici en \u00e9dition fac simile l'ouvrage de Garnier : Critique de la philosophie de Thomas Reid. Cette th\u00e8se est pr\u00e9c\u00e9d\u00e9e de la fameuse introduction qu'a donn\u00e9e Th\u00e9odore Jouffroy lors de la traduction fran\u00e7aise de l'oeuvre de Reid en 1836. Ce livre s'adresse aux philosophes, aux psychologues et aux historiens int\u00e9ress\u00e9s \u00e0 la red\u00e9couverte de la philosophie et de la psychologie \u00e9cossaise du XVIIIe si\u00e8cle.","authors":["Adolphe Garnier"],"category_codes":["9000000","9080000","9080200","9080204"],"visuals":{"large":"https:\/\/images.epagine.fr\/210\/9782296028210_1_75.jpg","medium":"https:\/\/images.epagine.fr\/210\/9782296028210_1_m.jpg","thumbnail":"https:\/\/images.epagine.fr\/210\/9782296028210_1_v.jpg"},"orderable":true,"show_badge":true,"formatted_price":"23,00&nbsp;\u20ac","formatted_published_date":"22 f\u00e9vrier 2007","publisher_availability_label":"Sur commande","short_details":"Adolphe Garnier \u2014 \u00c9ditions L'Harmattan","translator":null,"weight":270,"page_count":122,"readership":null,"editor":"\u00c9ditions L'Harmattan","price":2300,"published_date":"2007-02-21T23:00:00.000000Z","support":"Grand format","publisher_availability":1,"stock":0,"editions":["9782012800793"],"url":"https:\/\/quaidesbrumes.com\/ouvrage\/9782296028210\/critique-de-la-philosophie-de-thomas-reid"},{"id":"9782848280189","title":"La libert\u00e9 de choisir","description":"Au del\u00e0 du d\u00e9bat sur la part de l'inn\u00e9 et celle de l'acquis sur la d\u00e9termination\r\nde l'\u00eatre humain, de sa personnalit\u00e9, de ses go\u00fbts ; d'un point de vue\r\nm\u00e9taphysique, peut-on consid\u00e9rer que l'homme soit libre ? Comment\r\n\u00e9voquer sa responsabilit\u00e9 sans une part de choix et d'autod\u00e9termination ? La\r\nloi religieuse m\u00e9nage-t-elle une zone de libert\u00e9 \u00e0 celui qui l'observe oe","authors":["P.Petit Ohayon"],"category_codes":["9000000","9080000","9080200","9080204"],"visuals":{"large":"https:\/\/quaidesbrumes.com\/img\/book-placeholder.png","medium":"https:\/\/quaidesbrumes.com\/img\/book-placeholder.png","thumbnail":"https:\/\/quaidesbrumes.com\/img\/book-placeholder.png"},"orderable":true,"show_badge":true,"formatted_price":"6,90&nbsp;\u20ac","formatted_published_date":"1er juin 2005","publisher_availability_label":"Sur commande","short_details":"P.Petit Ohayon \u2014 Biblieurope","translator":null,"weight":90,"page_count":null,"readership":null,"editor":"Biblieurope","price":690,"published_date":"2005-05-31T22:00:00.000000Z","support":"Grand format","publisher_availability":1,"stock":0,"editions":[],"url":"https:\/\/quaidesbrumes.com\/ouvrage\/9782848280189\/la-liberte-de-choisir"},{"id":"9782070785056","title":"Une querelle avec alain badiou, philosophe","description":"\u00ab Dans un ouvrage r\u00e9cent au titre insolite - Port\u00e9es du mot \"juif\" - le philosophe Alain Badiou propose quelques th\u00e8ses radicales. Il d\u00e9finit Isra\u00ebl comme un \u00c9tat racialiste, colonial et g\u00e9nocidaire, il conseille au peuple juif d'oublier le g\u00e9nocide dont il a \u00e9t\u00e9 l'objet pendant la derni\u00e8re guerre, il explique que le mot \"juif\", en tant qu'il assume une position d'exception, trouve son sens final dans la m\u00e9taphysique hitl\u00e9rienne. Nous voici donc face \u00e0 un nouveau carnaval philosophique puisque tout y est \u00e0 l'envers : l'\u00c9tat d'Isra\u00ebl est d\u00e9crit comme un \u00c9tat antis\u00e9mite, le film Shoah de Claude Lanzmann devient un film nazi, le v\u00e9ritable juif est celui qui rompt avec ce nom, le vrai juif c'est le Palestinien, c'est saint Paul, c'est Badiou lui-m\u00eame, etc. Un carnaval philosophique d'une inqui\u00e9tante \u00e9tranget\u00e9. Ou plut\u00f4t d'une inqui\u00e9tante familiarit\u00e9 tant Alain Badiou, en donnant une formalisation philosophique \u00e0 ce qui pourrait n'\u00eatre qu'une fantasmagorie personnelle, entre en r\u00e9sonance avec le bruit de fond de l'\u00e9poque et des propagandes.\r\nComment interpr\u00e9ter cette position dans le champ politique et philosophique contemporain ? Quelles significations donner \u00e0 l'extr\u00eame violence de ces th\u00e8ses ? \u00c0 quelles transformations, \u00e0 quels plis, \u00e0 quels accidents de l'histoire de la pens\u00e9e associer le livre de Badiou dans la rumeur contemporaine sur la criminalit\u00e9 de l'\u00c9tat d'Isra\u00ebl et d\u00e9sormais, gr\u00e2ce \u00e0 lui, sur la criminalit\u00e9 du mot \"juif\" lui-m\u00eame ? \u00bb \u00c9ric Marty.","authors":["Eric Marty"],"category_codes":["9000000","9080000","9080200","9080204"],"visuals":{"large":"https:\/\/images.epagine.fr\/056\/9782070785056_1_75.jpg","medium":"https:\/\/images.epagine.fr\/056\/9782070785056_1_m.jpg","thumbnail":"https:\/\/images.epagine.fr\/056\/9782070785056_1_v.jpg"},"orderable":true,"show_badge":true,"formatted_price":"16,25&nbsp;\u20ac","formatted_published_date":"10 mai 2007","publisher_availability_label":"Sur commande","short_details":"Eric Marty \u2014 Gallimard","translator":null,"weight":240,"page_count":184,"readership":null,"editor":"Gallimard","price":1625,"published_date":"2007-05-09T22:00:00.000000Z","support":"Grand format","publisher_availability":1,"stock":0,"editions":[],"url":"https:\/\/quaidesbrumes.com\/ouvrage\/9782070785056\/une-querelle-avec-alain-badiou-philosophe"},{"id":"9782911398315","title":"Les juifs et l'argent","description":"Voici un livre qui tend \u00e0 faire assumer par les juifs une condamnation\r\ns\u00e9culaire. Oui, le juif et l'argent, c'est la m\u00eame chose. Cette relation\r\ncorrespond \u00e0 une loi. Contrairement \u00e0 ce qui est habituellement formul\u00e9,\r\nl'argent est du c\u00f4t\u00e9 de l'homme, contre tous les ordres, et tous les\r\ntotalitarismes.\r\n\u00c0 travers une lecture de Derrida, Levinas, Nietzsche... l'auteur, avocat, po\u00e8te,\r\n\u00e9crivain et critique d'art, montre comment le juif a pr\u00e9serv\u00e9 parmi les nations,\r\nau travers de la symbolique de l'argent, l'espace de l'alt\u00e9rit\u00e9 et de la libert\u00e9","authors":["Edouard Valdman"],"category_codes":["9000000","9080000"],"visuals":{"large":"https:\/\/quaidesbrumes.com\/img\/book-placeholder.png","medium":"https:\/\/quaidesbrumes.com\/img\/book-placeholder.png","thumbnail":"https:\/\/quaidesbrumes.com\/img\/book-placeholder.png"},"orderable":true,"show_badge":true,"formatted_price":"11,00&nbsp;\u20ac","formatted_published_date":"30 mars 1999","publisher_availability_label":"Sur commande","short_details":"Edouard Valdman \u2014 Biblieurope","translator":null,"weight":130,"page_count":null,"readership":null,"editor":"Biblieurope","price":1100,"published_date":"1999-03-29T22:00:00.000000Z","support":"Grand format","publisher_availability":1,"stock":0,"editions":[],"url":"https:\/\/quaidesbrumes.com\/ouvrage\/9782911398315\/les-juifs-et-largent"},{"id":"9782296069503","title":"Philosophie r\u00e9publicaine et colonialisme ; origines, contradictions et \u00e9checs sous la IIIe r\u00e9publique","description":"La philosophie r\u00e9publicaine, inspir\u00e9e de l'esprit des Lumi\u00e8res et du positivisme, a trouv\u00e9 son expression la plus compl\u00e8te sous la Troisi\u00e8me R\u00e9publique et poss\u00e8de des notions politiques aux sources diverses mais compl\u00e9mentaires. Les th\u00e8mes de l'esclavagisme et du capitalisme, toujours d'actualit\u00e9, sont ici trait\u00e9s pour comprendre la justification des choix politiques des r\u00e9publicains, entre contradictions et h\u00e9sitations, en mati\u00e8re coloniale.","authors":["St\u00e9phanie Couderc-morandeau"],"category_codes":["9000000","9080000","9080200","9080204"],"visuals":{"large":"https:\/\/images.epagine.fr\/503\/9782296069503_1_75.jpg","medium":"https:\/\/images.epagine.fr\/503\/9782296069503_1_m.jpg","thumbnail":"https:\/\/images.epagine.fr\/503\/9782296069503_1_v.jpg"},"orderable":true,"show_badge":true,"formatted_price":"30,00&nbsp;\u20ac","formatted_published_date":"30 octobre 2008","publisher_availability_label":"Sur commande","short_details":"St\u00e9phanie Couderc-morandeau \u2014 \u00c9ditions L'Harmattan","translator":null,"weight":395,"page_count":294,"readership":null,"editor":"\u00c9ditions L'Harmattan","price":3000,"published_date":"2008-10-29T23:00:00.000000Z","support":"Grand format","publisher_availability":1,"stock":0,"editions":[],"url":"https:\/\/quaidesbrumes.com\/ouvrage\/9782296069503\/philosophie-republicaine-et-colonialisme-origines-contradictions-et-echecs-sous-la-iiie-republique"},{"id":"9782912868381","title":"Cultures et soci\u00e9t\u00e9s science de l'homme n.2 ; les sens. une anthropologie du sensible","description":"Les limites du corps, comme celles de l'univers de l'homme, sont celles fournies par les syst\u00e8mes symboliques dont il est tributaire. Comme la langue le corps est une mesure du monde, un filet jet\u00e9 sur la foule des stimulations qui assaillent l'individu au long de sa vie quotidienne et qui ne retient dans ses mailles que celles qui lui paraissent les plus signifiantes. \u00c0 chaque instant \u00e0 travers son corps, l'individu interpr\u00e8te son environnement et agit sur lui en fonction des orientations int\u00e9rioris\u00e9es par l'\u00e9ducation ou l'habitude. La sensation est imm\u00e9diatement immerg\u00e9e dans la perception. Entre la sensation et la perception, il y a la facult\u00e9 de connaissance qui rappelle que l'homme n'est pas un organisme biologique mais une cr\u00e9ature du sens. Voir (Christophe Wulf), entendre (Fran\u00e7oise Gr\u00fcnd), go\u00fbter (Jean-Pierre Corbeau), toucher (Florence Vinit) ou sentir (Jo\u00ebl Candau) le monde c'est en permanence le penser \u00e0 travers le prisme d'un organe sensoriel. La vigilance ou l'attention n'est pas toujours de mise. M\u00eame si l'individu n'en poss\u00e8de qu'une infime lucidit\u00e9, il ne cesse au fil de l'\u00e9coulement des jours de trier parmi la profusion de stimulations qui le traversent. Face au monde l'homme n'est jamais un oeil, une oreille, une main, une bouche ou un nez, mais un regard, une \u00e9coute, un toucher, une gustation ou une olfaction. L'environnement n'est que le pr\u00e9texte de ce que l'homme en tire. \u00c0 tout instant l'individu institue le monde sensoriel o\u00f9 il baigne en un monde de sens. La perception n'est pas l'empreinte d'un objet sur un organe sensoriel passif, mais une activit\u00e9 de connaissance dilu\u00e9e dans l'\u00e9vidence ou fruit d'une r\u00e9flexion. Ce n'est pas le r\u00e9el que les hommes per\u00e7oivent mais d\u00e9j\u00e0 un monde de significations (David Howes).","authors":["David Le Breton"],"category_codes":["9000000","9080000"],"visuals":{"large":"https:\/\/images.epagine.fr\/381\/9782912868381_1_75.jpg","medium":"https:\/\/images.epagine.fr\/381\/9782912868381_1_m.jpg","thumbnail":"https:\/\/images.epagine.fr\/381\/9782912868381_1_v.jpg"},"orderable":true,"show_badge":true,"formatted_price":"16,00&nbsp;\u20ac","formatted_published_date":"21 juin 2007","publisher_availability_label":"Sur commande","short_details":"David Le Breton \u2014 Teraedre","translator":null,"weight":190,"page_count":142,"readership":null,"editor":"Teraedre","price":1600,"published_date":"2007-06-20T22:00:00.000000Z","support":"Grand format","publisher_availability":1,"stock":0,"editions":[],"url":"https:\/\/quaidesbrumes.com\/ouvrage\/9782912868381\/cultures-et-societes-science-de-lhomme-n2-les-sens-une-anthropologie-du-sensible"},{"id":"9782296025271","title":"La force de la doxa ; rh\u00e9torique de la d\u00e9cision et de la d\u00e9lib\u00e9ration","description":"A partir d'une \u00e9tude g\u00e9n\u00e9tique et historique du genre d\u00e9lib\u00e9ratif, l'auteur se propose de restituer \u00e0 la doxa - cet univers de croyances et de repr\u00e9sentations suppos\u00e9es - sa validit\u00e9 dans l'\u00e9mergence de d\u00e9cisions politiques qui puissent valoir pour tous et pour chacun, de r\u00e9habiliter l'usage rh\u00e9torique de la langue, en repensant les conditions de persuasion d'une parole socialement n\u00e9goci\u00e9e, donc vou\u00e9e au doute et \u00e0 l'incertitude.\r\n","authors":["Lo\u00efc Nicolas"],"category_codes":["9000000","9080000","9080200","9080204"],"visuals":{"large":"https:\/\/images.epagine.fr\/271\/9782296025271_1_75.jpg","medium":"https:\/\/images.epagine.fr\/271\/9782296025271_1_m.jpg","thumbnail":"https:\/\/images.epagine.fr\/271\/9782296025271_1_v.jpg"},"orderable":true,"show_badge":true,"formatted_price":"20,00&nbsp;\u20ac","formatted_published_date":"15 janvier 2007","publisher_availability_label":"Sur commande","short_details":"Lo\u00efc Nicolas \u2014 \u00c9ditions L'Harmattan","translator":null,"weight":245,"page_count":224,"readership":null,"editor":"\u00c9ditions L'Harmattan","price":2000,"published_date":"2007-01-14T23:00:00.000000Z","support":"Grand format","publisher_availability":1,"stock":0,"editions":["9782296026131"],"url":"https:\/\/quaidesbrumes.com\/ouvrage\/9782296025271\/la-force-de-la-doxa-rhetorique-de-la-decision-et-de-la-deliberation"},{"id":"9782296026896","title":"Hommes et dieux ; une approche raisonn\u00e9e de la religion","description":"Existe-t-il un Dieu, sorte d'\u00eatre supr\u00eame, ou non ? Est-ce Dieu qui a cr\u00e9e l'homme ou l'homme qui a cr\u00e9e Dieu ? Toujours est-il qu'une multitude de dieux a hant\u00e9 l'imaginaire, les r\u00eaves, les passions, les folies des hommes. Ces dieux, chim\u00e8res ou non, vivent au moins autant que nous vivons avec eux. Que dire de ces chim\u00e8res ? Si l'on peut se bercer d'amour ou de po\u00e9sie, pourquoi pas de religion oe","authors":["Henri L\u00e9andre"],"category_codes":["9000000","9080000","9080200","9080204"],"visuals":{"large":"https:\/\/images.epagine.fr\/896\/9782296026896_1_75.jpg","medium":"https:\/\/images.epagine.fr\/896\/9782296026896_1_m.jpg","thumbnail":"https:\/\/images.epagine.fr\/896\/9782296026896_1_v.jpg"},"orderable":true,"show_badge":true,"formatted_price":"31,50&nbsp;\u20ac","formatted_published_date":"15 janvier 2007","publisher_availability_label":"Sur commande","short_details":"Henri L\u00e9andre \u2014 \u00c9ditions L'Harmattan","translator":null,"weight":370,"page_count":350,"readership":null,"editor":"\u00c9ditions L'Harmattan","price":3150,"published_date":"2007-01-14T23:00:00.000000Z","support":"Grand format","publisher_availability":1,"stock":0,"editions":[],"url":"https:\/\/quaidesbrumes.com\/ouvrage\/9782296026896\/hommes-et-dieux-une-approche-raisonnee-de-la-religion"},{"id":"9782912753281","title":"De la fausse science et de la pr\u00e9tendue ignorance","description":"\u00ab\u00a0Un des premiers avantages de l'ignorance est de n'\u00eatre ni vain, ni p\u00e9dant, ni cuistre, ni \u00e9l\u00e8ve de l'Ecole normale. Tout livre qui tombe sous la main de l'ignorant lui est bon, car on ne lui a pas appris pourquoi tel ouvrage est bon ni pourquoi tel autre est mauvais. Il faut le lire et chercher s'il contient de la moelle ou de filandreuses \u00e9toupes.\u00a0\u00bb\r\nJules Fleury-Husson, dit Champfleury (1821-1889), homme de lettres boh\u00e8me, \u00e9crivit de nombreux contes et des romans de moeurs. Il consacra des \u00e9tudes \u00e9rudites \u00e0 la caricature et aux fa\u00efences.","authors":["Champfleury"],"category_codes":["9000000","9080000","9080200","9080204"],"visuals":{"large":"https:\/\/images.epagine.fr\/281\/9782912753281_1_75.jpg","medium":"https:\/\/images.epagine.fr\/281\/9782912753281_1_m.jpg","thumbnail":"https:\/\/images.epagine.fr\/281\/9782912753281_1_v.jpg"},"orderable":true,"show_badge":true,"formatted_price":"5,90&nbsp;\u20ac","formatted_published_date":"15 septembre 2007","publisher_availability_label":"Sur commande","short_details":"Champfleury \u2014 Editions La Breche","translator":null,"weight":32,"page_count":19,"readership":null,"editor":"Editions La Breche","price":590,"published_date":"2007-09-14T22:00:00.000000Z","support":"Poche","publisher_availability":1,"stock":0,"editions":[],"url":"https:\/\/quaidesbrumes.com\/ouvrage\/9782912753281\/de-la-fausse-science-et-de-la-pretendue-ignorance"},{"id":"9782296014978","title":"Michel Foucault ; savoir et pouvoir de la m\u00e9decine","description":"Michel Foucault a fait de la m\u00e9decine l'un de ses objets d'\u00e9tude majeur. Un examen attentif de l'ensemble de l'oeuvre montre qu'il a retrac\u00e9 une g\u00e9n\u00e9alogie du pouvoir m\u00e9dical sous toutes ses formes et qu'il a \u00e9labor\u00e9 une histoire critique de la m\u00e9dicalisation de la soci\u00e9t\u00e9. Ses analyses \u00e9clairent la place de la m\u00e9decine au coeur de notre soci\u00e9t\u00e9. La lecture propos\u00e9e ici prend appui sur la r\u00e9f\u00e9rence foucaldienne \u00e0 la pratique m\u00e9dicale pour confronter l'exercice de la m\u00e9decine et celui de la philosophie.","authors":["Bernard Vandewalle"],"category_codes":["9000000","9080000","9080200","9080204"],"visuals":{"large":"https:\/\/images.epagine.fr\/978\/9782296014978_1_75.jpg","medium":"https:\/\/images.epagine.fr\/978\/9782296014978_1_m.jpg","thumbnail":"https:\/\/images.epagine.fr\/978\/9782296014978_1_v.jpg"},"orderable":true,"show_badge":true,"formatted_price":"15,50&nbsp;\u20ac","formatted_published_date":"15 novembre 2006","publisher_availability_label":"Sur commande","short_details":"Bernard Vandewalle \u2014 \u00c9ditions L'Harmattan","translator":null,"weight":185,"page_count":162,"readership":null,"editor":"\u00c9ditions L'Harmattan","price":1550,"published_date":"2006-11-14T23:00:00.000000Z","support":"Grand format","publisher_availability":1,"stock":0,"editions":[],"url":"https:\/\/quaidesbrumes.com\/ouvrage\/9782296014978\/michel-foucault-savoir-et-pouvoir-de-la-medecine"},{"id":"9782081203624","title":"Agenda de la pens\u00e9e contemporaine Tome 7","description":"\r\n\r\n\r\n","authors":["Fran\u00e7ois Jullien"],"category_codes":["9000000","9080000","9080200","9080204"],"visuals":{"large":"https:\/\/images.epagine.fr\/624\/9782081203624_1_75.jpg","medium":"https:\/\/images.epagine.fr\/624\/9782081203624_1_m.jpg","thumbnail":"https:\/\/images.epagine.fr\/624\/9782081203624_1_v.jpg"},"orderable":true,"show_badge":true,"formatted_price":"12,20&nbsp;\u20ac","formatted_published_date":"25 avril 2007","publisher_availability_label":"Sur commande","short_details":"Fran\u00e7ois Jullien \u2014 Flammarion","translator":null,"weight":192,"page_count":203,"readership":null,"editor":"Flammarion","price":1220,"published_date":"2007-04-24T22:00:00.000000Z","support":"Grand format","publisher_availability":1,"stock":0,"editions":[],"url":"https:\/\/quaidesbrumes.com\/ouvrage\/9782081203624\/agenda-de-la-pensee-contemporaine-tome-7"},{"id":"9782296027008","title":"Naissance de la philosophie espagnole ; sem tob et la philosophie hispano-h\u00e9bra\u00efque du xiv si\u00e8cle","description":"L'histoire de la pens\u00e9e espagnole avait oubli\u00e9 ses origines juives et litt\u00e9raires profond\u00e9ment originales. Se r\u00e9v\u00e8le une mentalit\u00e9 dialectique qui ne pr\u00f4ne aucun syst\u00e8me philosophique ferm\u00e9, mais une vision multidimensionnelle, post-moderne avant l'heure. Le savoir, subjectif et sceptique, dynamique et tol\u00e9rant, doit fuir le dogme pour se relativiser en morale, politique et esth\u00e9tique, capables d'\u00e9clairer le chaos du monde.","authors":["Ilia Galan"],"category_codes":["9000000","9080000","9080200"],"visuals":{"large":"https:\/\/images.epagine.fr\/008\/9782296027008_1_75.jpg","medium":"https:\/\/images.epagine.fr\/008\/9782296027008_1_m.jpg","thumbnail":"https:\/\/images.epagine.fr\/008\/9782296027008_1_v.jpg"},"orderable":true,"show_badge":true,"formatted_price":"27,50&nbsp;\u20ac","formatted_published_date":"1er f\u00e9vrier 2007","publisher_availability_label":"Sur commande","short_details":"Ilia Galan \u2014 \u00c9ditions L'Harmattan","translator":null,"weight":330,"page_count":306,"readership":null,"editor":"\u00c9ditions L'Harmattan","price":2750,"published_date":"2007-01-31T23:00:00.000000Z","support":"Grand format","publisher_availability":1,"stock":0,"editions":[],"url":"https:\/\/quaidesbrumes.com\/ouvrage\/9782296027008\/naissance-de-la-philosophie-espagnole-sem-tob-et-la-philosophie-hispano-hebraique-du-xiv-siecle"},{"id":"9782881891618","title":"Commentaires sur les drames - myst\u00e8res de Rudolf Steiner","description":null,"authors":["Hugo Reimann"],"category_codes":["9000000","9080000","9080100"],"visuals":{"large":"https:\/\/quaidesbrumes.com\/img\/book-placeholder.png","medium":"https:\/\/quaidesbrumes.com\/img\/book-placeholder.png","thumbnail":"https:\/\/quaidesbrumes.com\/img\/book-placeholder.png"},"orderable":true,"show_badge":true,"formatted_price":"32,00&nbsp;\u20ac","formatted_published_date":"1er janvier 2003","publisher_availability_label":"Sur commande","short_details":"Hugo Reimann \u2014 Anthroposophiques Romandes","translator":null,"weight":820,"page_count":250,"readership":null,"editor":"Anthroposophiques Romandes","price":3200,"published_date":"2002-12-31T23:00:00.000000Z","support":"Grand format","publisher_availability":1,"stock":0,"editions":[],"url":"https:\/\/quaidesbrumes.com\/ouvrage\/9782881891618\/commentaires-sur-les-drames-mysteres-de-rudolf-steiner"},{"id":"9782296017825","title":"Trois lectures du ph\u00e9don de platon ; pour une approche onto-th\u00e9o-psychologique","description":"Le Ph\u00e9don est l'un des dialogues les plus c\u00e9l\u00e8bres de Platon. Il met en sc\u00e8ne la mort de Socrate, condamn\u00e9 par la cit\u00e9 parce qu'elle n'avait pas compris son enseignement, trop novateur pour ses contemporains. L'auteur analyse ici les id\u00e9es religieuses et ontologiques de ce testament spirituel, v\u00e9ritable le\u00e7on vivante de philosophie, invitant le lecteur \u00e0 entrer dans la pens\u00e9e platonicienne et \u00e0 vivre en vrai philosophe.","authors":["Marc Durand"],"category_codes":["9000000","9080000","9080200","9080204"],"visuals":{"large":"https:\/\/images.epagine.fr\/825\/9782296017825_1_75.jpg","medium":"https:\/\/images.epagine.fr\/825\/9782296017825_1_m.jpg","thumbnail":"https:\/\/images.epagine.fr\/825\/9782296017825_1_v.jpg"},"orderable":true,"show_badge":true,"formatted_price":"25,50&nbsp;\u20ac","formatted_published_date":"1er d\u00e9cembre 2006","publisher_availability_label":"Sur commande","short_details":"Marc Durand \u2014 \u00c9ditions L'Harmattan","translator":null,"weight":440,"page_count":270,"readership":null,"editor":"\u00c9ditions L'Harmattan","price":2550,"published_date":"2006-11-30T23:00:00.000000Z","support":"Grand format","publisher_availability":1,"stock":0,"editions":[],"url":"https:\/\/quaidesbrumes.com\/ouvrage\/9782296017825\/trois-lectures-du-phedon-de-platon-pour-une-approche-onto-theo-psychologique"},{"id":"9782296019553","title":"Essai sur le sens de la philosophie de la religion","description":"Se distinguant de la th\u00e9ologie et des sciences de la religion, la philosophie de la religion tente de d\u00e9gager les traits dominants comparables d'une religion \u00e0 l'autre. Elle fait converger la philosophie et la religion (le mod\u00e8le h\u00e9g\u00e9lien demeurant l'un des plus abouti). A l'heure o\u00f9 le dialogue entre religions est devenu un imp\u00e9ratif, les \u00e9tudes sur la philosophie de la religion sont d'une actualit\u00e9 \u00e9vidente.","authors":["Philibert Secretan"],"category_codes":["9000000","9080000","9080200","9080204"],"visuals":{"large":"https:\/\/images.epagine.fr\/553\/9782296019553_1_75.jpg","medium":"https:\/\/images.epagine.fr\/553\/9782296019553_1_m.jpg","thumbnail":"https:\/\/images.epagine.fr\/553\/9782296019553_1_v.jpg"},"orderable":true,"show_badge":true,"formatted_price":"14,50&nbsp;\u20ac","formatted_published_date":"1er d\u00e9cembre 2006","publisher_availability_label":"Sur commande","short_details":"Philibert Secretan \u2014 \u00c9ditions L'Harmattan","translator":null,"weight":170,"page_count":148,"readership":null,"editor":"\u00c9ditions L'Harmattan","price":1450,"published_date":"2006-11-30T23:00:00.000000Z","support":"Grand format","publisher_availability":1,"stock":0,"editions":[],"url":"https:\/\/quaidesbrumes.com\/ouvrage\/9782296019553\/essai-sur-le-sens-de-la-philosophie-de-la-religion"},{"id":"9782296023710","title":"Historia philosophiae ; hommage \u00e0 alexis philonenko","description":null,"authors":["Milkos Vet\u00f6"],"category_codes":["9000000","9080000"],"visuals":{"large":"https:\/\/quaidesbrumes.com\/img\/book-placeholder.png","medium":"https:\/\/quaidesbrumes.com\/img\/book-placeholder.png","thumbnail":"https:\/\/quaidesbrumes.com\/img\/book-placeholder.png"},"orderable":true,"show_badge":true,"formatted_price":"22,00&nbsp;\u20ac","formatted_published_date":"21 mars 2007","publisher_availability_label":"Sur commande","short_details":"Milkos Vet\u00f6 \u2014 \u00c9ditions L'Harmattan","translator":null,"weight":436,"page_count":260,"readership":null,"editor":"\u00c9ditions L'Harmattan","price":2200,"published_date":"2007-03-20T23:00:00.000000Z","support":"Grand format","publisher_availability":1,"stock":0,"editions":[],"url":"https:\/\/quaidesbrumes.com\/ouvrage\/9782296023710\/historia-philosophiae-hommage-a-alexis-philonenko"},{"id":"9782296027091","title":"Ranci\u00e8re et jacotot : une critique du concept d'autorit\u00e9","description":"Le discr\u00e9dit qui frappe la notion d'autorit\u00e9, en particulier dans le champ de l'\u00e9ducation, soul\u00e8ve de nombreuses interrogations, auxquelles le travail de Ranci\u00e8re autour de la figure du \"ma\u00eetre ignorant\", qui r\u00e9unit autorit\u00e9 et \u00e9mancipation, autorit\u00e9 et \u00e9galit\u00e9, aide \u00e0 trouver des r\u00e9ponses pertinentes, \u00e9clair\u00e9es par les consid\u00e9rations p\u00e9dagogiques lumineuses de Joseph Jacotot \u00e0 ce ma\u00eetre du XIXe si\u00e8cle.\r\n\r\n","authors":["Maria beatriz Greco"],"category_codes":["9000000","9080000","9080200","9080204"],"visuals":{"large":"https:\/\/images.epagine.fr\/091\/9782296027091_1_75.jpg","medium":"https:\/\/images.epagine.fr\/091\/9782296027091_1_m.jpg","thumbnail":"https:\/\/images.epagine.fr\/091\/9782296027091_1_v.jpg"},"orderable":true,"show_badge":true,"formatted_price":"16,00&nbsp;\u20ac","formatted_published_date":"19 mars 2007","publisher_availability_label":"Sur commande","short_details":"Maria beatriz Greco \u2014 \u00c9ditions L'Harmattan","translator":null,"weight":180,"page_count":168,"readership":null,"editor":"\u00c9ditions L'Harmattan","price":1600,"published_date":"2007-03-18T23:00:00.000000Z","support":"Grand format","publisher_availability":1,"stock":0,"editions":[],"url":"https:\/\/quaidesbrumes.com\/ouvrage\/9782296027091\/ranciere-et-jacotot-une-critique-du-concept-dautorite"},{"id":"9782296028395","title":"Sartre et la morale","description":"L'ouvrage analyse synth\u00e9tiquement la tentative sartrienne de poser les fondements th\u00e9oriques d'une nouvelle morale, conformes aux exigences philosophiques de l'existentialisme. Reconstruite en sa totalit\u00e9, son \u00e9volution, d'une approche ontologico-ph\u00e9nom\u00e9nologique vers une morale existentialo-marxiste, se fait alors clairement jour.","authors":["Arno M\u00fcnster"],"category_codes":["9000000","9080000","9080200","9080204"],"visuals":{"large":"https:\/\/images.epagine.fr\/395\/9782296028395_1_75.jpg","medium":"https:\/\/images.epagine.fr\/395\/9782296028395_1_m.jpg","thumbnail":"https:\/\/images.epagine.fr\/395\/9782296028395_1_v.jpg"},"orderable":true,"show_badge":true,"formatted_price":"16,50&nbsp;\u20ac","formatted_published_date":"16 mars 2007","publisher_availability_label":"Sur commande","short_details":"Arno M\u00fcnster \u2014 \u00c9ditions L'Harmattan","translator":null,"weight":230,"page_count":175,"readership":null,"editor":"\u00c9ditions L'Harmattan","price":1650,"published_date":"2007-03-15T23:00:00.000000Z","support":"Grand format","publisher_availability":1,"stock":0,"editions":[],"url":"https:\/\/quaidesbrumes.com\/ouvrage\/9782296028395\/sartre-et-la-morale"},{"id":"9782296028463","title":"Essai sur la religion d'apr\u00e8s auguste comte","description":"Reconstruire le syst\u00e8me religieux d'Auguste Comte en en montrant l'unit\u00e9, telle est l'ambition de cet essai de Walter Dussauze (1875-1908), qui y expose la \"religion de l'Humanit\u00e9\", rappelant que la recherche d'un pouvoir spirituel renforc\u00e9 \u00e9tait une pr\u00e9occupation de Comte depuis sa jeunesse.","authors":["Walter Dussauze"],"category_codes":["9000000","9080000","9080200","9080204"],"visuals":{"large":"https:\/\/images.epagine.fr\/463\/9782296028463_1_75.jpg","medium":"https:\/\/images.epagine.fr\/463\/9782296028463_1_m.jpg","thumbnail":"https:\/\/images.epagine.fr\/463\/9782296028463_1_v.jpg"},"orderable":true,"show_badge":true,"formatted_price":"12,50&nbsp;\u20ac","formatted_published_date":"16 mars 2007","publisher_availability_label":"Sur commande","short_details":"Walter Dussauze \u2014 \u00c9ditions L'Harmattan","translator":null,"weight":190,"page_count":116,"readership":null,"editor":"\u00c9ditions L'Harmattan","price":1250,"published_date":"2007-03-15T23:00:00.000000Z","support":"Grand format","publisher_availability":1,"stock":0,"editions":[],"url":"https:\/\/quaidesbrumes.com\/ouvrage\/9782296028463\/essai-sur-la-religion-dapres-auguste-comte"},{"id":"9782200269418","title":"Comprendre hume","description":"Hume, philosophe du scepticisme, a inaugur\u00e9 un style philosophique original et dynamique auxquels peuvent se rattacher quelques grands courants de la philosophie moderne contemporaine (Nietzsche, Popper, etc.).\r\nLe sceptique se d\u00e9finit lui-m\u00eame, non comme celui qui doute, mais comme celui qui cherche : ce sont les pouvoirs intellectuels de lhomme et les dispositions de la nature qui sont analys\u00e9s et mis en question.\r\nChez Hume, rien ne d\u00e9passe la nature humaine : toute science de la nature est une science de la nature humaine puisque la nature nest connaissable que dans ses effets sur lesprit humain. Il sensuit quaucune science nest absolue la connaissance est avant tout une croyance et que lhomme nest r\u00e9ellement inventif que dans les domaines des valeurs et de laction.","authors":["Simha-S"],"category_codes":["9000000","9080000","9080200","9080204"],"visuals":{"large":"https:\/\/images.epagine.fr\/418\/9782200269418_1_75.jpg","medium":"https:\/\/images.epagine.fr\/418\/9782200269418_1_m.jpg","thumbnail":"https:\/\/images.epagine.fr\/418\/9782200269418_1_v.jpg"},"orderable":true,"show_badge":true,"formatted_price":"28,00&nbsp;\u20ac","formatted_published_date":"13 juin 2007","publisher_availability_label":"Sur commande","short_details":"Simha-S \u2014 Armand Colin","translator":null,"weight":438,"page_count":256,"readership":null,"editor":"Armand Colin","price":2800,"published_date":"2007-06-12T22:00:00.000000Z","support":"Grand format","publisher_availability":1,"stock":0,"editions":[],"url":"https:\/\/quaidesbrumes.com\/ouvrage\/9782200269418\/comprendre-hume"}]}