{"data":[{"id":"9782911372735","title":"Relecture critique des origines de la philosophie","description":null,"authors":["Bilolo Ndinga"],"category_codes":["9000000","9080000"],"visuals":{"large":"https:\/\/quaidesbrumes.com\/img\/book-placeholder.png","medium":"https:\/\/quaidesbrumes.com\/img\/book-placeholder.png","thumbnail":"https:\/\/quaidesbrumes.com\/img\/book-placeholder.png"},"orderable":true,"show_badge":true,"formatted_price":"20,29&nbsp;\u20ac","formatted_published_date":"1er mars 2005","publisher_availability_label":"Sur commande","short_details":"Bilolo Ndinga \u2014 Menaibuc","translator":null,"weight":400,"page_count":null,"readership":null,"editor":"Menaibuc","price":2029,"published_date":"2005-02-28T23:00:00.000000Z","support":"Grand format","publisher_availability":1,"stock":0,"editions":[],"url":"https:\/\/quaidesbrumes.com\/ouvrage\/9782911372735\/relecture-critique-des-origines-de-la-philosophie"},{"id":"9782296000254","title":"\u00e9coute et fluance ; interferences auditives","description":"La perspective d\u00e9velopp\u00e9e par l'auteur est int\u00e9ressante, f\u00e9conde et inattendue par son ambition de s'attacher \u00e0 l'oeil dans sa relation \u00e0, c'est-\u00e0-dire dans les limites du Sujet du regard. A partir de la ph\u00e9nom\u00e9nologie husserlienne, l'auteur n'h\u00e9site pas \u00e0 introduire la Jeune Parque de Val\u00e9ry en poursuivant avec les interf\u00e9rences des plasticiens (Paik, Tacita Dean, Rebecca Horn) qui participent selon son propos, \u00e0 d\u00e9construire les habitudes du regard en substituant une conscience d'\u00e9coute aussi intensive que celle propos\u00e9e par des plasticiens du mot (Duras, Derrida, Jean-Luc Nancy, Sollers).","authors":["Murielle Martin"],"category_codes":["9000000","9080000","9080200","9080204"],"visuals":{"large":"https:\/\/images.epagine.fr\/254\/9782296000254_1_75.jpg","medium":"https:\/\/images.epagine.fr\/254\/9782296000254_1_m.jpg","thumbnail":"https:\/\/images.epagine.fr\/254\/9782296000254_1_v.jpg"},"orderable":true,"show_badge":true,"formatted_price":"29,00&nbsp;\u20ac","formatted_published_date":"15 mai 2006","publisher_availability_label":"Sur commande","short_details":"Murielle Martin \u2014 \u00c9ditions L'Harmattan","translator":null,"weight":518,"page_count":304,"readership":null,"editor":"\u00c9ditions L'Harmattan","price":2900,"published_date":"2006-05-14T22:00:00.000000Z","support":"Grand format","publisher_availability":1,"stock":0,"editions":[],"url":"https:\/\/quaidesbrumes.com\/ouvrage\/9782296000254\/ecoute-et-fluance-interferences-auditives"},{"id":"9782296006393","title":"Sartre : le philosophe, l'intellectuel et la politique","description":"\"Nous ne voulons pas avoir honte d'\u00e9crire et nous n'avons pas envie de parler pour ne rien dire (...) Nous ne voulons rien manquer de notre temps (...) Nous n'avons que cette vie \u00e0 vivre, au milieu de cette guerre, de cette r\u00e9volution peut-\u00eatre.\" En publiant ce texte-manifeste comportant le credo du futur \u00e9crivain-philosophe engag\u00e9, \u00e0 titre de pr\u00e9face au tout premier num\u00e9ro des Temps Modernes d'octobre 1945, Jean-Paul Sartre, en s'\u00e9lan\u00e7ant ainsi sur le voie de \"l'intellectuel total\", anticipait sur un destin exceptionnel qui devrait faire de lui, d\u00e9j\u00e0 au courant des ann\u00e9es 50, le nouveau Voltaire du XXe si\u00e8cle.","authors":["Arno M\u00fcnster","Jean-William Wallet"],"category_codes":["9000000","9080000","9080200","9080204"],"visuals":{"large":"https:\/\/images.epagine.fr\/393\/9782296006393_1_75.jpg","medium":"https:\/\/images.epagine.fr\/393\/9782296006393_1_m.jpg","thumbnail":"https:\/\/images.epagine.fr\/393\/9782296006393_1_v.jpg"},"orderable":true,"show_badge":true,"formatted_price":"22,00&nbsp;\u20ac","formatted_published_date":"15 mai 2006","publisher_availability_label":"Sur commande","short_details":"Arno M\u00fcnster, Jean-William Wallet \u2014 \u00c9ditions L'Harmattan","translator":null,"weight":292,"page_count":240,"readership":null,"editor":"\u00c9ditions L'Harmattan","price":2200,"published_date":"2006-05-14T22:00:00.000000Z","support":"Grand format","publisher_availability":1,"stock":0,"editions":[],"url":"https:\/\/quaidesbrumes.com\/ouvrage\/9782296006393\/sartre-le-philosophe-lintellectuel-et-la-politique"},{"id":"9782296009370","title":"Du principe esperance a l'eternel retour - concepts mineurs, etats d'esprit","description":"La philosophie est un \u00e9chiquier d'id\u00e9es, avec des pi\u00e8ces ma\u00eetresses, les concepts dominants, et les petits pions, les concepts mineurs. Le parti pris de cet essai a \u00e9t\u00e9 d'avancer le plus loin possible les petits pions entre deux lignes : l'une qui d\u00e9fend le Principe Esp\u00e9rance, oeuvre d'Ernst Bloch, peu lue aujourd'hui, l'autre qui saute de plain-pied dans la grande oeuvre inachev\u00e9e nietzsch\u00e9enne de l'Eternel Retour. En filigrane de la partie, nous avons eu recours \u00e0 deux strat\u00e8ges : Deleuze et Derrida.","authors":["Philippe Sergeant"],"category_codes":["9000000","9080000"],"visuals":{"large":"https:\/\/images.epagine.fr\/370\/9782296009370_1_75.jpg","medium":"https:\/\/images.epagine.fr\/370\/9782296009370_1_m.jpg","thumbnail":"https:\/\/images.epagine.fr\/370\/9782296009370_1_v.jpg"},"orderable":true,"show_badge":true,"formatted_price":"13,50&nbsp;\u20ac","formatted_published_date":"15 juin 2006","publisher_availability_label":"Sur commande","short_details":"Philippe Sergeant \u2014 \u00c9ditions L'Harmattan","translator":null,"weight":145,"page_count":132,"readership":null,"editor":"\u00c9ditions L'Harmattan","price":1350,"published_date":"2006-06-14T22:00:00.000000Z","support":"Grand format","publisher_availability":1,"stock":0,"editions":[],"url":"https:\/\/quaidesbrumes.com\/ouvrage\/9782296009370\/du-principe-esperance-a-leternel-retour-concepts-mineurs-etats-desprit"},{"id":"9782012529007","title":"Cato Major, De senectute dialogus (\u00c9d.1896)","description":"Cato Major, De senectute dialogus \/ Cicero ; texte latin publi\u00e9 avec une notice, un argument analytique et des notes en fran\u00e7ais par E. Charles,... Date de l'\u00e9dition originale : 1896[Caton l'Ancien, de la vieillesse (latin). 1896]. Le pr\u00e9sent ouvrage s'inscrit dans une politique de conservation patrimoniale des ouvrages de la litt\u00e9rature Fran\u00e7aise mise en place avec la BNF. HACHETTE LIVRE et la BNF proposent ainsi un catalogue de titres indisponibles, la BNF ayant num\u00e9ris\u00e9 ces oeuvres et HACHETTE LIVRE les imprimant \u00e0 la demande. Certains de ces ouvrages refl\u00e8tent des courants de pens\u00e9e caract\u00e9ristiques de leur \u00e9poque, mais qui seraient aujourd'hui jug\u00e9s condamnables. Ils n'en appartiennent pas moins \u00e0 l'histoire des id\u00e9es en France et sont susceptibles de pr\u00e9senter un int\u00e9r\u00eat scientifique ou historique. Le sens de notre d\u00e9marche \u00e9ditoriale consiste ainsi \u00e0 permettre l'acc\u00e8s \u00e0 ces oeuvres sans pour autant que nous en cautionnions en aucune fa\u00e7on le contenu.\r\nPour plus d'informations, rendez-vous sur www.hachettebnf.fr","authors":["Cic\u00e9ron"],"category_codes":["9000000","9080000"],"visuals":{"large":"https:\/\/images.epagine.fr\/007\/9782012529007_1_75.jpg","medium":"https:\/\/images.epagine.fr\/007\/9782012529007_1_m.jpg","thumbnail":"https:\/\/images.epagine.fr\/007\/9782012529007_1_v.jpg"},"orderable":true,"show_badge":true,"formatted_price":"13,90&nbsp;\u20ac","formatted_published_date":"1er mai 2012","publisher_availability_label":"Sur commande","short_details":"Cic\u00e9ron \u2014 Hachette BNF","translator":null,"weight":140,"page_count":88,"readership":null,"editor":"Hachette BNF","price":1390,"published_date":"2012-04-30T22:00:00.000000Z","support":"Grand format","publisher_availability":1,"stock":0,"editions":[],"url":"https:\/\/quaidesbrumes.com\/ouvrage\/9782012529007\/cato-major-de-senectute-dialogus-ed1896"},{"id":"9782296006942","title":"Philosophie de la religion et th\u00e9ologie chez Xavier Zubiri ; un texte de Xavier Zubiri","description":"Le grand penseur espagnol Xavier Zubiri n'est pas seulement l'auteur d'une remarquable trilogie sur l'intelligence; on lui doit \u00e9galement de nombreux travaux de philosophie de la religion. C'est cet aspect de l'oeuvre qu'a \u00e9tudi\u00e9 Antonio Gonzales. Les textes pr\u00e9sent\u00e9s d\u00e9gagent des probl\u00e8mes de m\u00e9thode et les enjeux m\u00e9taphysiques majeurs de th\u00e8mes th\u00e9ologiques tels que la Cr\u00e9ation ou l'Incarnation. Ils introduisent \u00e9galement \u00e0 un \u00e9crit de Zubiri lui-m\u00eame portant sur un aspect particuli\u00e8rement important de la th\u00e9ologie de Saint-Paul.","authors":["Antonio Gonzalez","Philibert Secretan"],"category_codes":["9000000","9080000","9080200","9080204"],"visuals":{"large":"https:\/\/images.epagine.fr\/942\/9782296006942_1_75.jpg","medium":"https:\/\/images.epagine.fr\/942\/9782296006942_1_m.jpg","thumbnail":"https:\/\/images.epagine.fr\/942\/9782296006942_1_v.jpg"},"orderable":true,"show_badge":true,"formatted_price":"19,00&nbsp;\u20ac","formatted_published_date":"15 mai 2006","publisher_availability_label":"Sur commande","short_details":"Antonio Gonzalez, Philibert Secretan \u2014 \u00c9ditions L'Harmattan","translator":"PHILIBERT SECRETAN","weight":256,"page_count":208,"readership":null,"editor":"\u00c9ditions L'Harmattan","price":1900,"published_date":"2006-05-14T22:00:00.000000Z","support":"Grand format","publisher_availability":1,"stock":0,"editions":[],"url":"https:\/\/quaidesbrumes.com\/ouvrage\/9782296006942\/philosophie-de-la-religion-et-theologie-chez-xavier-zubiri-un-texte-de-xavier-zubiri"},{"id":"9782296009721","title":"Proudhon, Dieu et la guerre ; une philosophie du combat","description":"La pens\u00e9e de Proudhon est complexe et se polarise sur des domaines aussi diversifi\u00e9s que l'\u00e9conomie, la politique, la religion ; la sociologie, l'art ou la morale. Deux concepts corr\u00e9latifs nous permettent de saisir la coh\u00e9rence de cet ensemble : Dieu et la guerre. Proudhon, en effet, pense syst\u00e9matiquement la guerre, loi universelle du genre humain, dans son rapport avec Dieu, c'est-\u00e0-dire l'Absolu. De cette mani\u00e8re il effectue l'arch\u00e9ologie de l'Etat, des pouvoirs, de la morale et des rapports sociaux en g\u00e9n\u00e9ral.","authors":["Edouard Jourdain"],"category_codes":["9000000","9080000","9080200","9080204"],"visuals":{"large":"https:\/\/images.epagine.fr\/721\/9782296009721_1_75.jpg","medium":"https:\/\/images.epagine.fr\/721\/9782296009721_1_m.jpg","thumbnail":"https:\/\/images.epagine.fr\/721\/9782296009721_1_v.jpg"},"orderable":true,"show_badge":true,"formatted_price":"23,00&nbsp;\u20ac","formatted_published_date":"15 juin 2006","publisher_availability_label":"Sur commande","short_details":"Edouard Jourdain \u2014 \u00c9ditions L'Harmattan","translator":null,"weight":314,"page_count":252,"readership":null,"editor":"\u00c9ditions L'Harmattan","price":2300,"published_date":"2006-06-14T22:00:00.000000Z","support":"Grand format","publisher_availability":1,"stock":0,"editions":[],"url":"https:\/\/quaidesbrumes.com\/ouvrage\/9782296009721\/proudhon-dieu-et-la-guerre-une-philosophie-du-combat"},{"id":"9782930342665","title":"Foucault \u00e0 l'oeuvre","description":"\"On pourrait \u00eatre tent\u00e9, comme c'est l'usage dans ce genre d'occasions, depointer quelques concepts clefs qui permettraient d'articuler une oeuvre \u00e0 sontemps, de rapporter des textes aux questions auxquelles ils r\u00e9pondaient, de balayerd'un seul regard, m\u00eame \u00e9clat\u00e9, toute l'ampleur de l'oeuvre.Tr\u00e8s vite on renonce. \u00ab Dispositif \u00bb ? \u00ab A priori \u00bb ? \u00ab Archive \u00bb ?\u00ab Epist\u00e9m\u00e8 \u00bb ? \u00ab Discours \u00bb ? \u00ab Pouvoir \u00bb ? \u00ab Justice \u00bb ? \u00ab Sens \u00bb ? \u00ab Norme \u00bb ?\u00ab Folie \u00bb ? Dans une premi\u00e8re strate conceptuelle. Mais...\"","authors":["Yves Chevalier","Catherine Loneux"],"category_codes":["9000000","9080000","9080200","9080204"],"visuals":{"large":"https:\/\/images.epagine.fr\/665\/9782930342665_1_75.jpg","medium":"https:\/\/images.epagine.fr\/665\/9782930342665_1_m.jpg","thumbnail":"https:\/\/images.epagine.fr\/665\/9782930342665_1_v.jpg"},"orderable":true,"show_badge":true,"formatted_price":"25,00&nbsp;\u20ac","formatted_published_date":"1er mars 2006","publisher_availability_label":"Sur commande","short_details":"Yves Chevalier, Catherine Loneux \u2014 EME EDITIONS","translator":null,"weight":290,"page_count":252,"readership":null,"editor":"EME EDITIONS","price":2500,"published_date":"2006-02-28T23:00:00.000000Z","support":"Grand format","publisher_availability":1,"stock":0,"editions":[],"url":"https:\/\/quaidesbrumes.com\/ouvrage\/9782930342665\/foucault-a-loeuvre"},{"id":"9782930342313","title":"Les petits Pr\u00e9socratiques ; l'aurore de la pens\u00e9e enfantine","description":"On \u00e9tudie de pr\u00e8s les origines de la pens\u00e9e dans l'Histoire avec son aube grecque et, dans le m\u00eame temps, on passe sous silence l'aurore dela pens\u00e9e chez l'individu. Faute de documents - ils n'\u00e9crivent pas ! - la parole des enfants est une parole perdue. Il est urgent de r\u00e9parer cet oubli et de faire conna\u00eetre la pens\u00e9e native \u00e0 tous ceux qui s'int\u00e9ressent aux grands commencements.","authors":["C. De Callatay Van Der Mersch"],"category_codes":["9000000","9080000","9080200","9080204"],"visuals":{"large":"https:\/\/images.epagine.fr\/313\/9782930342313_1_75.jpg","medium":"https:\/\/images.epagine.fr\/313\/9782930342313_1_m.jpg","thumbnail":"https:\/\/images.epagine.fr\/313\/9782930342313_1_v.jpg"},"orderable":true,"show_badge":true,"formatted_price":"15,00&nbsp;\u20ac","formatted_published_date":"1er septembre 2003","publisher_availability_label":"Sur commande","short_details":"C. De Callatay Van Der Mersch \u2014 EME EDITIONS","translator":null,"weight":130,"page_count":136,"readership":null,"editor":"EME EDITIONS","price":1500,"published_date":"2003-08-31T22:00:00.000000Z","support":"Grand format","publisher_availability":1,"stock":0,"editions":[],"url":"https:\/\/quaidesbrumes.com\/ouvrage\/9782930342313\/les-petits-presocratiques-laurore-de-la-pensee-enfantine"},{"id":"9782930342740","title":"L'aube qui vient ; essai sur la renaissance religieuse de l'occident","description":"\"La soci\u00e9t\u00e9 qui se met en place est plurielle : multiethnique, multireligieuse, multiculturelle. Nous vivons une v\u00e9ritable r\u00e9volution \u00e9conomique et culturelle. Dans ce contexte de changement, nos id\u00e9es sur le religieux sont souvent devenues \u00e9trang\u00e8res \u00e0 la r\u00e9alit\u00e9. Le religieux, pourtant, n'est pas en crise : Il a chang\u00e9 de visage. Le dogmatisme et l'institutionnel ont largement quitt\u00e9 la sph\u00e8re du religieux. Certes, les \u00e9glises se vident et - \u00e9ventuellement - les mosqu\u00e9es se remplissent....\"","authors":["Jacques Chopineau"],"category_codes":["9000000","9080000","9080200","9080204"],"visuals":{"large":"https:\/\/images.epagine.fr\/740\/9782930342740_1_75.jpg","medium":"https:\/\/images.epagine.fr\/740\/9782930342740_1_m.jpg","thumbnail":"https:\/\/images.epagine.fr\/740\/9782930342740_1_v.jpg"},"orderable":true,"show_badge":true,"formatted_price":"24,00&nbsp;\u20ac","formatted_published_date":"1er avril 2006","publisher_availability_label":"Sur commande","short_details":"Jacques Chopineau \u2014 EME EDITIONS","translator":null,"weight":380,"page_count":294,"readership":null,"editor":"EME EDITIONS","price":2400,"published_date":"2006-03-31T22:00:00.000000Z","support":"Grand format","publisher_availability":1,"stock":0,"editions":[],"url":"https:\/\/quaidesbrumes.com\/ouvrage\/9782930342740\/laube-qui-vient-essai-sur-la-renaissance-religieuse-de-loccident"},{"id":"9783487712918","title":"La d\u00e9cision de philosopher","description":"Ce livre est une tentative en vue de penser, avec Hegel, le commencement de la philosophie, comme d\u00e9cision de philosopher, r\u00e9solution radicale, en un sujet fini, de s'adonner \u00e0 la pens\u00e9e.\r\nLorsque la philosophie commence, \u00e0 chaque fois dans l'intensit\u00e9 d'un acte tr\u00e8s singulier en lequel la fragilit\u00e9 d'une vie se concentre, la confiance - qui est; d\u00e8j\u00e0, toute la raison - ne se laisse pas distinguer du courage. En cet acte majeur la conscience, qui aura tout d'abord rencontr\u00e9 sur son chemin la d\u00e9tresse ambig\u00fce d'un besoin avec l'appel lumineux d'un enseignement, et ainsi l'audace d'une premi\u00e8re affirmation, d'une premi\u00e8re d\u00e9cision venant au-devant d'elle, s'affirme alors elle-m\u00eame, dans l'int\u00e9riorisation totale de la tradition, comme pens\u00e9e de soi et de tout ce qui est, pens\u00e9e de soi pensant tout ce qui est, comme raison. La d\u00e9cision de philosopher est l'acte d'une abstraction absolue en laquelle le sujet fini se sacrifie, mais s'affrime en affirmant la raison, en se d\u00e9cidant pour elle, dans une intensification absolue de soi. Cet acte, celui d'une conscience finie, est bien alors, en sa v\u00e9rit\u00e9, l'energeia m\u00eame que Hegel pensait sous le nom de Savoir absolu.\r\nL'id\u00e9alisme allemand est affirm\u00e9 ici, pour la pens\u00e9e en son inqui\u00e9tude, en son effectivit\u00e9, en son pr\u00e9sent m\u00eame, comme une ressource, la ressource pour une affirmation, l'affirmation de la philosophie comme affirmation de la raison.","authors":["Emmanuel Cattin"],"category_codes":["9000000","9080000","9080200","9080204"],"visuals":{"large":"https:\/\/images.epagine.fr\/918\/9783487712918_1_75.jpg","medium":"https:\/\/images.epagine.fr\/918\/9783487712918_1_m.jpg","thumbnail":"https:\/\/images.epagine.fr\/918\/9783487712918_1_v.jpg"},"orderable":true,"show_badge":true,"formatted_price":"29,00&nbsp;\u20ac","formatted_published_date":"1er janvier 2005","publisher_availability_label":"Sur commande","short_details":"Emmanuel Cattin \u2014 Olms","translator":null,"weight":0,"page_count":132,"readership":null,"editor":"Olms","price":2900,"published_date":"2004-12-31T23:00:00.000000Z","support":"Grand format","publisher_availability":1,"stock":0,"editions":[],"url":"https:\/\/quaidesbrumes.com\/ouvrage\/9783487712918\/la-decision-de-philosopher"},{"id":"9782013654548","title":"Faits et commentaires","description":"Faits et commentaires \/ Herbert Spencer ; ouvrage traduit de l'anglais... par Auguste Dietrich http:\/\/gallica.bnf.fr\/ark:\/12148\/bpt6k5484386z","authors":["Herbert Spencer"],"category_codes":["9000000","9080000"],"visuals":{"large":"https:\/\/images.epagine.fr\/548\/9782013654548_1_75.jpg","medium":"https:\/\/images.epagine.fr\/548\/9782013654548_1_m.jpg","thumbnail":"https:\/\/images.epagine.fr\/548\/9782013654548_1_v.jpg"},"orderable":true,"show_badge":true,"formatted_price":"25,50&nbsp;\u20ac","formatted_published_date":"1er septembre 2013","publisher_availability_label":"Sur commande","short_details":"Herbert Spencer \u2014 Hachette BNF","translator":null,"weight":535,"page_count":null,"readership":null,"editor":"Hachette BNF","price":2550,"published_date":"2013-08-31T22:00:00.000000Z","support":"Grand format","publisher_availability":1,"stock":0,"editions":["9782019697761"],"url":"https:\/\/quaidesbrumes.com\/ouvrage\/9782013654548\/faits-et-commentaires"},{"id":"9782755401295","title":"La raison et le r\u00e9el","description":"La philosophie appara\u00eet souvent comme une activit\u00e9 intellectuelle qui multiplie \u00e0 loisir les probl\u00e8mes, sans donner aucune m\u00e9thode pour conna\u00eetre quelque certitude. L'habitude assez fr\u00e9quente de la consid\u00e9rer \u00e0 travers l'unique histoire de la philosophie semble accentuer l'impression que la diversit\u00e9 des syst\u00e8mes philosophiques ne permet pas de donner des r\u00e9ponses, laissant l'intelligence insatisfaite. Trente-deux ann\u00e9es d'enseignement ont permis \u00e0 l'auteur de comprendre comment l'on pouvait introduire \u00e0 la philosophie de jeunes intelligences conditionn\u00e9es, certes, par leur mani\u00e8re contemporaine de vivre et de penser, mais d\u00e9sireuses, aussi, de trouver, comme tout homme, un sens \u00e0 leur vie pour nourrir les d\u00e9cisions essentielles qui orienteront leur avenir. A sa mani\u00e8re, \u00e0 partir des ma\u00eetres qui lui ont appris \u00e0 raisonner, et nourri de son exp\u00e9rience, l'auteur aborde ici chaque notion du programme de Terminale et, comme il le fait en cours, traite des questions essentielles que ce programme permet d'aborder. Ainsi, \u00e0 partir d'un expos\u00e9 de chacune des notions propos\u00e9es, les \u00e9l\u00e8ves et tous ceux qui d\u00e9sirent s'introduire \u00e0 la philosophie en auront une premi\u00e8re approche. ","authors":["Echivard J-B."],"category_codes":["9000000","9080000"],"visuals":{"large":"https:\/\/images.epagine.fr\/295\/9782755401295_1_75.jpg","medium":"https:\/\/images.epagine.fr\/295\/9782755401295_1_m.jpg","thumbnail":"https:\/\/images.epagine.fr\/295\/9782755401295_1_v.jpg"},"orderable":true,"show_badge":true,"formatted_price":"18,30&nbsp;\u20ac","formatted_published_date":"30 novembre 2006","publisher_availability_label":"Sur commande","short_details":"Echivard J-B. \u2014 Francois-Xavier De Guibert","translator":null,"weight":240,"page_count":null,"readership":null,"editor":"Francois-Xavier De Guibert","price":1830,"published_date":"2006-11-29T23:00:00.000000Z","support":"Grand format","publisher_availability":1,"stock":0,"editions":[],"url":"https:\/\/quaidesbrumes.com\/ouvrage\/9782755401295\/la-raison-et-le-reel"},{"id":"9782296009240","title":"Kant et le probl\u00e8me du transcendantalisme","description":"Le probl\u00e8me de l'instauration du transcendantalisme criticiste comme \u00e9poch\u00e8 pose d'une mani\u00e8re radicale le probl\u00e8me du penser en son pouvoir d'effraction. L'architectonique de la raison pure est transcendant-ale, ce terme d\u00e9signant l'essence de la r\u00e9flexion transcendantale, soit la libert\u00e9 comme pouvoir propre au transcendantal d'\u00eatre, en tant que principe du mouvement architectonique, \u00e0 la fois immanent \u00e0 et au-del\u00e0 de tout contenu. La libert\u00e9 d'\u00eatre transcendant-ale doit donc aussi bien se comprendre comme trans-cendantale, c'est-\u00e0-dire pouvoir d'\u00eatre et de mettre \u00e0 distance.","authors":["Pascal Gaudet"],"category_codes":["9000000","9080000"],"visuals":{"large":"https:\/\/images.epagine.fr\/240\/9782296009240_1_75.jpg","medium":"https:\/\/images.epagine.fr\/240\/9782296009240_1_m.jpg","thumbnail":"https:\/\/images.epagine.fr\/240\/9782296009240_1_v.jpg"},"orderable":true,"show_badge":true,"formatted_price":"13,00&nbsp;\u20ac","formatted_published_date":"1er juillet 2006","publisher_availability_label":"Sur commande","short_details":"Pascal Gaudet \u2014 \u00c9ditions L'Harmattan","translator":null,"weight":175,"page_count":128,"readership":null,"editor":"\u00c9ditions L'Harmattan","price":1300,"published_date":"2006-06-30T22:00:00.000000Z","support":"Grand format","publisher_availability":1,"stock":0,"editions":[],"url":"https:\/\/quaidesbrumes.com\/ouvrage\/9782296009240\/kant-et-le-probleme-du-transcendantalisme"},{"id":"9782296010994","title":"Le droit, la nature et la volonte - essai sur les fondements de la normativite","description":"Le droit a-t-il pour origine la nature ou la volont\u00e9 ? La premi\u00e8re option nous place devant des probl\u00e8mes ontologiques et \u00e9pist\u00e9mologiques insurmontables, alors que la seconde semble nous mener au positivisme et \u00e0 l'abandon de toute critique des normes juridiques. S'inspirant de la philosophie kantienne, ce livre cherche \u00e0 construire un fondement de la normativit\u00e9 juridique qui \u00e9chappe aux \u00e9cueils cit\u00e9s. Le droit se construit constamment. Ainsi se d\u00e9gage la n\u00e9cessit\u00e9 d'un espace public de discussion o\u00f9 cette construction peut se faire.","authors":["Norbert Campagna"],"category_codes":["9000000","9080000"],"visuals":{"large":"https:\/\/images.epagine.fr\/994\/9782296010994_1_75.jpg","medium":"https:\/\/images.epagine.fr\/994\/9782296010994_1_m.jpg","thumbnail":"https:\/\/images.epagine.fr\/994\/9782296010994_1_v.jpg"},"orderable":true,"show_badge":true,"formatted_price":"21,50&nbsp;\u20ac","formatted_published_date":"1er juillet 2006","publisher_availability_label":"Sur commande","short_details":"Norbert Campagna \u2014 \u00c9ditions L'Harmattan","translator":null,"weight":255,"page_count":228,"readership":null,"editor":"\u00c9ditions L'Harmattan","price":2150,"published_date":"2006-06-30T22:00:00.000000Z","support":"Grand format","publisher_availability":1,"stock":0,"editions":[],"url":"https:\/\/quaidesbrumes.com\/ouvrage\/9782296010994\/le-droit-la-nature-et-la-volonte-essai-sur-les-fondements-de-la-normativite"},{"id":"9782296011007","title":"Ethique du sujet - problematiser a partir de foucault","description":"L'auteur questionne dans cet essai une certaine \u00e9thique de la fragilit\u00e9 et de l'\u00e9chec, initi\u00e9e avec la qu\u00eate antique, d\u00e9j\u00e0 pr\u00e9caire, de ce que Foucault appelait le \"souci de soi\", et encore manifeste \u00e0 travers les tourments identitaires des minorit\u00e9s actuelles. La figure du sujet s'y trouve r\u00e9habilit\u00e9e, apr\u00e8s une p\u00e9riode de discr\u00e9dit due \u00e0 certains courants de pens\u00e9e postmodernes, dimension pol\u00e9mique que l'ouvrage n'esquive pas.","authors":["Aubin Deckeyser"],"category_codes":["9000000","9080000"],"visuals":{"large":"https:\/\/images.epagine.fr\/007\/9782296011007_1_75.jpg","medium":"https:\/\/images.epagine.fr\/007\/9782296011007_1_m.jpg","thumbnail":"https:\/\/images.epagine.fr\/007\/9782296011007_1_v.jpg"},"orderable":true,"show_badge":true,"formatted_price":"27,00&nbsp;\u20ac","formatted_published_date":"1er juillet 2006","publisher_availability_label":"Sur commande","short_details":"Aubin Deckeyser \u2014 \u00c9ditions L'Harmattan","translator":null,"weight":468,"page_count":272,"readership":null,"editor":"\u00c9ditions L'Harmattan","price":2700,"published_date":"2006-06-30T22:00:00.000000Z","support":"Grand format","publisher_availability":1,"stock":0,"editions":[],"url":"https:\/\/quaidesbrumes.com\/ouvrage\/9782296011007\/ethique-du-sujet-problematiser-a-partir-de-foucault"},{"id":"9782846122139","title":"Petite philosophie pour ceux qui veulent atteindre le sommet de la montagne","description":"Atteindre le sommet de la montagne, r\u00e9aliser ses ambitions, s'accomplir pleinement, r\u00e9ussir sa vie priv\u00e9e et professionnelle, vivre en accord avec soi-m\u00eame, se d\u00e9passer, aller vers les \u00e9toiles...\r\nQui n'en a jamais r\u00eav\u00e9 ? Avec ce livre, Petite philosophie pour ceux qui veulent atteindre le sommet de la montagne, Catherine Rambert nous donne des moyens d'acc\u00e9der \u00e0 nos desseins. Elle nous rappelle que notre valeur ne s'estime ni \u00e0 nos dons naturels, ni \u00e0 notre physique, mais bien \u00e0 ce que nous saurons faire du potentiel que nous avons tous en nous. Petite philosophie pour ceux qui veulent atteindre le sommet de la montagne offre 366 pens\u00e9es \u00e0 m\u00e9diter, une chaque jour, pour nous aider \u00e0 prendre conscience que cheminer vers les sommets, o\u00f9 le regard que l'on pose sur le quotidien est plus pur qu'ailleurs, c'est d\u00e9j\u00e0 offrir un sens nouveau \u00e0 sa vie.\r\nPetite philosophie pour ceux qui veulent atteindre le sommet de la montagne : un livre indispensable pour progresser vers notre propre \u00e9panouissement.","authors":["Rambert-C"],"category_codes":["9000000","9080000","9080200","9080204"],"visuals":{"large":"https:\/\/images.epagine.fr\/139\/9782846122139_1_75.jpg","medium":"https:\/\/images.epagine.fr\/139\/9782846122139_1_m.jpg","thumbnail":"https:\/\/images.epagine.fr\/139\/9782846122139_1_v.jpg"},"orderable":true,"show_badge":true,"formatted_price":"17,25&nbsp;\u20ac","formatted_published_date":"2 novembre 2006","publisher_availability_label":"Sur commande","short_details":"Rambert-C \u2014 EDITIONS 1","translator":null,"weight":336,"page_count":404,"readership":null,"editor":"EDITIONS 1","price":1725,"published_date":"2006-11-01T23:00:00.000000Z","support":"Grand format","publisher_availability":1,"stock":0,"editions":[],"url":"https:\/\/quaidesbrumes.com\/ouvrage\/9782846122139\/petite-philosophie-pour-ceux-qui-veulent-atteindre-le-sommet-de-la-montagne"},{"id":"9782351220115","title":"Logique et transcendance","description":null,"authors":["Frithjof Schuon"],"category_codes":["9000000","9080000","9080200","9080204"],"visuals":{"large":"https:\/\/images.epagine.fr\/115\/9782351220115_1_75.jpg","medium":"https:\/\/images.epagine.fr\/115\/9782351220115_1_m.jpg","thumbnail":"https:\/\/images.epagine.fr\/115\/9782351220115_1_v.jpg"},"orderable":true,"show_badge":true,"formatted_price":"28,00&nbsp;\u20ac","formatted_published_date":"14 f\u00e9vrier 2007","publisher_availability_label":"Sur commande","short_details":"Frithjof Schuon \u2014 Sulliver","translator":null,"weight":370,"page_count":260,"readership":null,"editor":"Sulliver","price":2800,"published_date":"2007-02-13T23:00:00.000000Z","support":"Grand format","publisher_availability":1,"stock":0,"editions":[],"url":"https:\/\/quaidesbrumes.com\/ouvrage\/9782351220115\/logique-et-transcendance"},{"id":"9782296009301","title":"Encyclopedisme et poetique","description":"Diderot ne cesse de se r\u00e9clamer de la philosophie.  Dans ses \u00e9crits, la narration s'interrompt toujours pour laisser place aux personnages eux-m\u00eames sous forme de dialogue. Ce livre se compose de deux parties. La premi\u00e8re, consacr\u00e9e \u00e0 Platon, qui sert de pr\u00e9liminaire et de fondation, sur laquelle s'\u00e9l\u00e8ve la deuxi\u00e8me partie, consacr\u00e9e \u00e0 Diderot.","authors":["Eric Hervieu"],"category_codes":["9000000","9080000"],"visuals":{"large":"https:\/\/images.epagine.fr\/301\/9782296009301_1_75.jpg","medium":"https:\/\/images.epagine.fr\/301\/9782296009301_1_m.jpg","thumbnail":"https:\/\/images.epagine.fr\/301\/9782296009301_1_v.jpg"},"orderable":true,"show_badge":true,"formatted_price":"24,50&nbsp;\u20ac","formatted_published_date":"1er juin 2006","publisher_availability_label":"Sur commande","short_details":"Eric Hervieu \u2014 \u00c9ditions L'Harmattan","translator":null,"weight":330,"page_count":270,"readership":null,"editor":"\u00c9ditions L'Harmattan","price":2450,"published_date":"2006-05-31T22:00:00.000000Z","support":"Grand format","publisher_availability":1,"stock":0,"editions":[],"url":"https:\/\/quaidesbrumes.com\/ouvrage\/9782296009301\/encyclopedisme-et-poetique"},{"id":"9782070782659","title":"Le n\u00e9og\u00e2tisme g\u00e9latineux","description":"\u00abIl danse le jeune homme, l\u00e0-bas, oui. Il tourne, chavire, saute en l'air, s\u00e9duit les belles. Au petit matin quand on le ramasse \u00e9puis\u00e9 sur la piste et qu'on arrache son masque de jouvenceau, on d\u00e9couvre le visage \u00e9caill\u00e9 d'un vieillard ignoble en train de mourir.\u00bb","authors":["Daniel Accursi"],"category_codes":["9000000","9080000","9080200","9080204"],"visuals":{"large":"https:\/\/images.epagine.fr\/659\/9782070782659_1_75.jpg","medium":"https:\/\/images.epagine.fr\/659\/9782070782659_1_m.jpg","thumbnail":"https:\/\/images.epagine.fr\/659\/9782070782659_1_v.jpg"},"orderable":true,"show_badge":true,"formatted_price":"13,10&nbsp;\u20ac","formatted_published_date":"25 janvier 2007","publisher_availability_label":"Sur commande","short_details":"Daniel Accursi \u2014 Gallimard","translator":null,"weight":184,"page_count":114,"readership":null,"editor":"Gallimard","price":1310,"published_date":"2007-01-24T23:00:00.000000Z","support":"Grand format","publisher_availability":1,"stock":0,"editions":[],"url":"https:\/\/quaidesbrumes.com\/ouvrage\/9782070782659\/le-neogatisme-gelatineux"},{"id":"9782296012073","title":"L'agir philosophique dans le dialogue transculturel","description":"Les questions que posent les droits de l'homme, la mondialisation, les particularismes, l'universalit\u00e9, le relativisme des cultures et des droits, le localisme ou l'eurocentrisme, sont au coeur de cette philosophie transculturelle, qui soumet l'analyse du vivre-ensemble \u00e0 la d\u00e9marche \u00e9thico-politique, \u00e0 la dimension \u00e9pist\u00e9mologique, au fondement ontologique et \u00e0 l'option esth\u00e9tique, quatre dimensions compl\u00e9mentaires du dialogue que les auteurs tentent d'instaurer entre ces diff\u00e9rentes disciplines.","authors":["Collectif"],"category_codes":["9000000","9080000","9080200","9080204"],"visuals":{"large":"https:\/\/images.epagine.fr\/073\/9782296012073_1_75.jpg","medium":"https:\/\/images.epagine.fr\/073\/9782296012073_1_m.jpg","thumbnail":"https:\/\/images.epagine.fr\/073\/9782296012073_1_v.jpg"},"orderable":true,"show_badge":true,"formatted_price":"33,50&nbsp;\u20ac","formatted_published_date":"15 septembre 2006","publisher_availability_label":"Sur commande","short_details":"Collectif \u2014 \u00c9ditions L'Harmattan","translator":null,"weight":490,"page_count":358,"readership":null,"editor":"\u00c9ditions L'Harmattan","price":3350,"published_date":"2006-09-14T22:00:00.000000Z","support":"Grand format","publisher_availability":1,"stock":0,"editions":[],"url":"https:\/\/quaidesbrumes.com\/ouvrage\/9782296012073\/lagir-philosophique-dans-le-dialogue-transculturel"},{"id":"9782296023536","title":"Qu'est ce qu'un appareil ? benjamin, lyotard, ranci\u00e8re","description":"Benjamin fut le premier \u00e0 utiliser le terme d'\"appareil\" technique en rapport avec les arts. Lyotard a introduit la notion de surface d'inscription et de bloc d'\u00e9criture. Ranci\u00e8re, avec ses \"r\u00e9gimes\" de l'art, a permis de nouer politique et esth\u00e9tique. Restait \u00e0 distinguer les appareils culturels, conditions des arts, de ces derniers, pour leur accorder un mode d'existence sp\u00e9cifique, ce que se propose le pr\u00e9sent ouvrage.\r\n\r\n","authors":["Jean-louis D\u00e9otte"],"category_codes":["9000000","9080000","9080200","9080204"],"visuals":{"large":"https:\/\/images.epagine.fr\/536\/9782296023536_1_75.jpg","medium":"https:\/\/images.epagine.fr\/536\/9782296023536_1_m.jpg","thumbnail":"https:\/\/images.epagine.fr\/536\/9782296023536_1_v.jpg"},"orderable":true,"show_badge":true,"formatted_price":"13,00&nbsp;\u20ac","formatted_published_date":"1er f\u00e9vrier 2007","publisher_availability_label":"Sur commande","short_details":"Jean-louis D\u00e9otte \u2014 \u00c9ditions L'Harmattan","translator":null,"weight":170,"page_count":124,"readership":null,"editor":"\u00c9ditions L'Harmattan","price":1300,"published_date":"2007-01-31T23:00:00.000000Z","support":"Grand format","publisher_availability":1,"stock":0,"editions":[],"url":"https:\/\/quaidesbrumes.com\/ouvrage\/9782296023536\/quest-ce-quun-appareil-benjamin-lyotard-ranciere"},{"id":"9782711735068","title":"Revue de philosophie economique t.13","description":null,"authors":["Gregam"],"category_codes":["9000000","9080000"],"visuals":{"large":"https:\/\/quaidesbrumes.com\/img\/book-placeholder.png","medium":"https:\/\/quaidesbrumes.com\/img\/book-placeholder.png","thumbnail":"https:\/\/quaidesbrumes.com\/img\/book-placeholder.png"},"orderable":true,"show_badge":true,"formatted_price":"30,00&nbsp;\u20ac","formatted_published_date":"31 octobre 2006","publisher_availability_label":"Sur commande","short_details":"Gregam \u2014 Vuibert","translator":null,"weight":601,"page_count":null,"readership":null,"editor":"Vuibert","price":3000,"published_date":"2006-10-30T23:00:00.000000Z","support":"Grand format","publisher_availability":1,"stock":0,"editions":[],"url":"https:\/\/quaidesbrumes.com\/ouvrage\/9782711735068\/revue-de-philosophie-economique-t13"},{"id":"9782296009455","title":"Autour de Thomas More ; le politique, le philosophe et la foi : quels enjeux aujourd'hui ?","description":"Thomas More est connu pour \u00eatre l'auteur de L'Utopie. Pour ceux qui sont engag\u00e9s dans la cit\u00e9, en quoi peut-il nous interroger","authors":["Michel Boyanc\u00e9"],"category_codes":["9000000","9080000","9080200","9080204"],"visuals":{"large":"https:\/\/images.epagine.fr\/455\/9782296009455_1_75.jpg","medium":"https:\/\/images.epagine.fr\/455\/9782296009455_1_m.jpg","thumbnail":"https:\/\/images.epagine.fr\/455\/9782296009455_1_v.jpg"},"orderable":true,"show_badge":true,"formatted_price":"12,00&nbsp;\u20ac","formatted_published_date":"1er septembre 2006","publisher_availability_label":"Sur commande","short_details":"Michel Boyanc\u00e9 \u2014 \u00c9ditions L'Harmattan","translator":null,"weight":110,"page_count":92,"readership":null,"editor":"\u00c9ditions L'Harmattan","price":1200,"published_date":"2006-08-31T22:00:00.000000Z","support":"Grand format","publisher_availability":1,"stock":0,"editions":[],"url":"https:\/\/quaidesbrumes.com\/ouvrage\/9782296009455\/autour-de-thomas-more-le-politique-le-philosophe-et-la-foi-quels-enjeux-aujourdhui"}]}