{"data":[{"id":"9785747592353","title":"Une mathematique de la personne","description":null,"authors":["Alain Guillon"],"category_codes":["9000000","9120000","9120200","9120204"],"visuals":{"large":"https:\/\/quaidesbrumes.com\/img\/book-placeholder.png","medium":"https:\/\/quaidesbrumes.com\/img\/book-placeholder.png","thumbnail":"https:\/\/quaidesbrumes.com\/img\/book-placeholder.png"},"orderable":true,"show_badge":true,"formatted_price":"23,20&nbsp;\u20ac","formatted_published_date":"5 octobre 2005","publisher_availability_label":"Sur commande","short_details":"Alain Guillon \u2014 \u00c9ditions L'Harmattan","translator":null,"weight":0,"page_count":256,"readership":null,"editor":"\u00c9ditions L'Harmattan","price":2320,"published_date":"2005-10-04T22:00:00.000000Z","support":"Grand format","publisher_availability":1,"stock":0,"editions":["9782747592352"],"url":"https:\/\/quaidesbrumes.com\/ouvrage\/9785747592353\/une-mathematique-de-la-personne"},{"id":"9782204079112","title":"Le\u00e7ons pour la paix","description":"\" Ces Le\u00e7ons pour la paix sont ma contribution au d\u00e9fi le plus urgent de l'humanit\u00e9. Je veux, \u00e0 ma place, encourager la paix. Je crois que la paix passe aujourd'hui par la r\u00e9conciliation des croyants des grandes confessions sur les cinq continents. Je veux essayer d'analyser ce qui complique et grippe les rapports entre les traditions jud\u00e9ochr\u00e9tiennes et les pays de confession musulmane. [...] Suivant mon habitude, je ferai r\u00e9f\u00e9rence \u00e0 l'arri\u00e8re-fond de la d\u00e9mographie comme t\u00e9moin de l'\u00e9tat du monde et de sa sant\u00e9. J'utiliserai la chronologie historique et ses grandes figures pour saisir les moments et les lieux de l'incompr\u00e9hension qui a pu s'envenimer jusqu'\u00e0 l'aboutissement d'une guerre end\u00e9mique au Moyen-Orient, justifi\u00e9e aujourd'hui par une \"croisade\" contre le mal en Irak, en Afghanistan, aux fronti\u00e8res du Pakistan, de l'Iran, d'Isra\u00ebl et jusque dans les banlieues des grandes m\u00e9tropoles occidentales. Je ne peux mettre de c\u00f4t\u00e9 le livre de la Bible qui contient toute la sagesse du monde, et qu'on brandit dangereusement au nom d'un imp\u00e9rialisme anachronique, alors qu'il rec\u00e8le pour moi, comme pour des centaines de millions d'hommes et de femmes, la Vie et l'Esp\u00e9rance. J'esp\u00e8re que ces \"le\u00e7ons\" d'un vieux professeur, les plus sinc\u00e8res possibles, permettront \u00e0 tout lecteur bienveillant d'avancer avec moi sur le chemin fragile de la paix. \" -- \"These lessons for peace are my contribution to humanity's most urgent challenge. From where I stand, I would like to encourage peace. I think that today, peace must come through reconciliation between believers of the great confessions throughout the five continents. I would like to attempt an analysis of what complicates and stifles relations between Judeo-Christian traditions and the Muslim countries. [...] As usual, I will refer to a demographic background as a testimony to the state of the world today. I will use historical chronology and its great representations to identify the points in time and the places where incomprehension became acrimonious to the extent of an endemic war in the Middle East, justified today by the 'crusade' against evil in Iraq, Afghanistan, to the borders of Pakistan, Iran, Israel and even as far as the suburbs of great Western cities. I cannot simply lay aside the Bible, the book that contains all the wisdom in the world, and is now being dangerously brandished in the name of anachronic imperialism; while it contains, for me and for hundreds of millions of men and women, Life and Hope. I hope these 'lessons' from an old teacher, as sincere as they possibly could be, will allow all readers of goodwill to move forward with me on the fragile road to peace.'","authors":["Pierre Chaunu"],"category_codes":["9000000","9080000","9080200","9080204"],"visuals":{"large":"https:\/\/images.epagine.fr\/112\/9782204079112_1_75.jpg","medium":"https:\/\/images.epagine.fr\/112\/9782204079112_1_m.jpg","thumbnail":"https:\/\/images.epagine.fr\/112\/9782204079112_1_v.jpg"},"orderable":true,"show_badge":true,"formatted_price":"18,70&nbsp;\u20ac","formatted_published_date":"18 mai 2006","publisher_availability_label":"Sur commande","short_details":"Pierre Chaunu \u2014 Les \u00e9ditions du Cerf","translator":null,"weight":126,"page_count":120,"readership":null,"editor":"Les \u00e9ditions du Cerf","price":1870,"published_date":"2006-05-17T22:00:00.000000Z","support":"Grand format","publisher_availability":1,"stock":0,"editions":[],"url":"https:\/\/quaidesbrumes.com\/ouvrage\/9782204079112\/lecons-pour-la-paix"},{"id":"9782755400595","title":"Philosophie morale et politique Tome 3 ; une introduction \u00e0 la philosophie ; les probl\u00e8mes des lectures de saint Thomas d'Aquin aux oeuvres principales d'Aristote","description":"Dans le volume pr\u00e9c\u00e9dent, nous avons \u00e9tudi\u00e9 ce qui concerne la raison sp\u00e9culative, que ce soit lorsqu'elle r\u00e9fl\u00e9chit sur elle-m\u00eame, comme dans la Science rationnelle, ou lorsqu'elle \u00e9tudie les \u00eatres naturels, comme dans les Libri naturales.\r\nOr l'une des grandes distinctions introduites par Aristote est celle qui existe entre la raison sp\u00e9culative, th\u00e9or\u00e9tique et la raison pratique, entre une connaissance qui cherche \u00e0 conna\u00eetre pour conna\u00eetre et contempler l'ordre de l'univers, et une connaissance qui se met au service de l'agir moral et politique de l'\u00eatre humain. Thomas d'Aquin, en commentant l'Ethique \u00e0 Nicomaque et La Politique d'Aristote, nous livre une \u00e9tude capitale sur les caract\u00e9ristiques essentielles de l'agir moral et politique de l'\u00eatre humain.\r\nEt, dans les pro\u00e8mes de ses commentaires, il pr\u00e9sente l'objet et la finalit\u00e9 de la raison pratique morale et politique ainsi que la mani\u00e8re dont on peut consid\u00e9rer les actes moraux et politiques de chaque personne. Si l'on a pu parler de \"science morale\", il semble n\u00e9cessaire de lire les deux pro\u00e8mes de saint Thomas \u00e0 ses deux commentaires - ainsi que les commentaires qu'il fait de ce qu'il estime \u00eatre les propres pro\u00e8mes d'Aristote - pour s'apercevoir que la \"science morale\" ne peut pas \u00eatre dite science au m\u00eame titre que les \"sciences\" de la nature, qu'une philosophie morale et politique ne peut pas raisonner comme raisonne une philosophie de la nature.\r\nC'est donc \u00e0 la d\u00e9couverte de l'ordre pratique, moral et politique, que ces pro\u00e8mes de saint Thomas nous invitent. On remarquera qu'on ne s\u00e9pare pas ce qui concerne la morale et ce qui revient \u00e0 la \"politique\", tant il est vrai que la r\u00e9alit\u00e9 de l'agir humain d\u00e9pend des intentions, des choix, des d\u00e9cisions personnelles de chacun, mais \u00e9galement d'une participation effective et n\u00e9cessaire de chaque personne \u00e0 diverses communaut\u00e9s, et d'abord \u00e0 la communaut\u00e9 familiale dont il est naturellement une partie.\r\nLe bien propre que chacun cherche et d\u00e9sire est toujours relatif \u00e0 un bien commun, d\u00e9sir\u00e9 et v\u00e9cu \u00e0 plusieurs et pour plusieurs.","authors":["Jean-baptiste Echivard"],"category_codes":["9000000","9080000","9080200","9080204"],"visuals":{"large":"https:\/\/images.epagine.fr\/595\/9782755400595_1_75.jpg","medium":"https:\/\/images.epagine.fr\/595\/9782755400595_1_m.jpg","thumbnail":"https:\/\/images.epagine.fr\/595\/9782755400595_1_v.jpg"},"orderable":true,"show_badge":true,"formatted_price":"35,60&nbsp;\u20ac","formatted_published_date":"22 juin 2006","publisher_availability_label":"Sur commande","short_details":"Jean-baptiste Echivard \u2014 Francois-Xavier De Guibert","translator":null,"weight":450,"page_count":null,"readership":null,"editor":"Francois-Xavier De Guibert","price":3560,"published_date":"2006-06-21T22:00:00.000000Z","support":"Grand format","publisher_availability":1,"stock":0,"editions":[],"url":"https:\/\/quaidesbrumes.com\/ouvrage\/9782755400595\/philosophie-morale-et-politique-tome-3-une-introduction-a-la-philosophie-les-problemes-des-lectures-de-saint-thomas-daquin-aux-oeuvres-principales-daristote"},{"id":"9782747599191","title":"Nietzsche et le probl\u00e8me des valeurs","description":"Vouloir la domination, telle est bien l'interpr\u00e9tation de la puissance que se font les impuissants. Cette interpr\u00e9tation a pour elle la force de l'\u00e9vidence car c'est toujours la ma\u00eetrise, comme fonctionnement institu\u00e9 de la puissance, que nous percevons d'un oeil grossier. Les lectures r\u00e9actives de Nietzsche se trouvent ainsi pi\u00e9g\u00e9es lorsqu'elle mettent en avant certaines \"valeurs nietzsch\u00e9ennes\". Elles ne font que r\u00e9v\u00e9ler l'id\u00e9al de ma\u00eetrise qui anime leurs interpr\u00e9tations de la volont\u00e9 de puissance. Elles oublient de se voir fonctionner en Nietzsche.","authors":["Harold Bernat-Winter"],"category_codes":["9000000","9080000","9080200","9080204"],"visuals":{"large":"https:\/\/images.epagine.fr\/191\/9782747599191_1_75.jpg","medium":"https:\/\/images.epagine.fr\/191\/9782747599191_1_m.jpg","thumbnail":"https:\/\/images.epagine.fr\/191\/9782747599191_1_v.jpg"},"orderable":true,"show_badge":true,"formatted_price":"19,50&nbsp;\u20ac","formatted_published_date":"15 f\u00e9vrier 2006","publisher_availability_label":"Sur commande","short_details":"Harold Bernat-Winter \u2014 \u00c9ditions L'Harmattan","translator":null,"weight":230,"page_count":184,"readership":null,"editor":"\u00c9ditions L'Harmattan","price":1950,"published_date":"2006-02-14T23:00:00.000000Z","support":"Grand format","publisher_availability":1,"stock":0,"editions":[],"url":"https:\/\/quaidesbrumes.com\/ouvrage\/9782747599191\/nietzsche-et-le-probleme-des-valeurs"},{"id":"9782296000148","title":"Nietzsche et la metaphore cognitive","description":"Les fameux cours de Nietzsche sur la rh\u00e9torique classique laissent d'abord deviner une fondation anthropologique du langage, formul\u00e9e en partie gr\u00e2ce \u00e0 G. Gerber et G. Humboldt, en partie au moyen de notions plus anciennes, tir\u00e9es de la Rh\u00e9torique, des Lois et de Ion. De nombreuses \u00e9tudes visent, depuis trente ans, \u00e0 expliquer cette fondation dans le d\u00e9tail, afin de faire toute la lumi\u00e8re sur une myst\u00e9rieuse m\u00e9taphore d\u00e9crite \u00e0 partir de l'anthropologie. S'agit-il d'une m\u00e9taphore non langagi\u00e8re, voire non-naturelle, qui imprimerait, par d'imperceptibles bonds, un mouvement \u00e0 la signification transmettant aux apparences verbales des accents inou\u00efs oe","authors":["Ignace Haaz"],"category_codes":["9000000","9080000"],"visuals":{"large":"https:\/\/images.epagine.fr\/148\/9782296000148_1_75.jpg","medium":"https:\/\/images.epagine.fr\/148\/9782296000148_1_m.jpg","thumbnail":"https:\/\/images.epagine.fr\/148\/9782296000148_1_v.jpg"},"orderable":true,"show_badge":true,"formatted_price":"32,00&nbsp;\u20ac","formatted_published_date":"15 janvier 2006","publisher_availability_label":"Sur commande","short_details":"Ignace Haaz \u2014 \u00c9ditions L'Harmattan","translator":null,"weight":365,"page_count":293,"readership":null,"editor":"\u00c9ditions L'Harmattan","price":3200,"published_date":"2006-01-14T23:00:00.000000Z","support":"Grand format","publisher_availability":1,"stock":0,"editions":[],"url":"https:\/\/quaidesbrumes.com\/ouvrage\/9782296000148\/nietzsche-et-la-metaphore-cognitive"},{"id":"9782747599207","title":"Comme un veilleur attend l'aurore - ecritures, religions et modernite","description":"Philippe Leclercq, a pass\u00e9 plusieurs ann\u00e9es dans un monast\u00e8re, a \u00e9tudi\u00e9 la th\u00e9ologie et est mari\u00e9 \u00e0 une  musulmane ; fort de cette exp\u00e9rience de dialogue interreligieux il propose une relecture de la Bible \u00e0 travers deux ensembles de textes se rapportant aux personnages de Jacob et David ainsi qu' une r\u00e9flexion portant sur les crit\u00e8res d'autenticit\u00e9 d'une d\u00e9marche religieuse et sur les articulations possibles entre les trois grandes religions monoth\u00e9istes.","authors":["Philippe Leclercq"],"category_codes":["7000000","7010000","7010600"],"visuals":{"large":"https:\/\/images.epagine.fr\/207\/9782747599207_1_75.jpg","medium":"https:\/\/images.epagine.fr\/207\/9782747599207_1_m.jpg","thumbnail":"https:\/\/images.epagine.fr\/207\/9782747599207_1_v.jpg"},"orderable":true,"show_badge":true,"formatted_price":"17,50&nbsp;\u20ac","formatted_published_date":"15 janvier 2006","publisher_availability_label":"Sur commande","short_details":"Philippe Leclercq \u2014 \u00c9ditions L'Harmattan","translator":null,"weight":200,"page_count":177,"readership":null,"editor":"\u00c9ditions L'Harmattan","price":1750,"published_date":"2006-01-14T23:00:00.000000Z","support":"Grand format","publisher_availability":1,"stock":0,"editions":[],"url":"https:\/\/quaidesbrumes.com\/ouvrage\/9782747599207\/comme-un-veilleur-attend-laurore-ecritures-religions-et-modernite"},{"id":"9782747599221","title":"Breves meditations sur la creation du monde","description":"Dans Gen\u00e8se le fait de dire est par lui-m\u00eame g\u00e9n\u00e9rateur de choses dont la beaut\u00e9 est d\u00e9j\u00e0 dans la beaut\u00e9 des mots. C'est par l'impact de la Parole sur le non-\u00eatre qu'advient le fait-d'\u00eatre pour la mati\u00e8re, les animaux et les plantes dans la profusion et l'all\u00e9gresse. En nommant les choses, Dieu a fait le bonheur du monde. Le discours sibyllin mais tout-puissant de Dieu dit la floraison de l'\u00e9tant sous toutes ses guises.","authors":["Jean-Marc Rouvi\u00e8re"],"category_codes":["7000000","7010000","7010600"],"visuals":{"large":"https:\/\/images.epagine.fr\/221\/9782747599221_1_75.jpg","medium":"https:\/\/images.epagine.fr\/221\/9782747599221_1_m.jpg","thumbnail":"https:\/\/images.epagine.fr\/221\/9782747599221_1_v.jpg"},"orderable":true,"show_badge":true,"formatted_price":"12,00&nbsp;\u20ac","formatted_published_date":"15 janvier 2006","publisher_availability_label":"Sur commande","short_details":"Jean-Marc Rouvi\u00e8re \u2014 \u00c9ditions L'Harmattan","translator":null,"weight":115,"page_count":96,"readership":null,"editor":"\u00c9ditions L'Harmattan","price":1200,"published_date":"2006-01-14T23:00:00.000000Z","support":"Grand format","publisher_availability":1,"stock":0,"editions":[],"url":"https:\/\/quaidesbrumes.com\/ouvrage\/9782747599221\/breves-meditations-sur-la-creation-du-monde"},{"id":"9782747599856","title":"Heidegger et la libert\u00e9 ; le dasein face \u00e0 la technique","description":"Il appara\u00eetra que nous cherchons prioritairement \u00e0 nous distinguer de cette lecture \u00e0 livre ouvert, imm\u00e9diate, qui caract\u00e9rise une certaine \u00e9cole du commentaire de l'oeuvre, qui suppose que la v\u00e9rit\u00e9 du Tournant est dans ce que dit Heidegger. Mais il appara\u00eetra aussi, en des termes plus subtils, que nous ne pouvons totalement souscrire \u00e0 l'autre grand courant de l'interpr\u00e9tation qui, m\u00eame s'il reconna\u00eet deux niveaux conceptuels dans la pens\u00e9e de Heidegger, dit encore que le discours existentiel est innocent par rapport \u00e0 la question de l'\u00eatre, au sens le plus p\u00e9joratif du terme.","authors":["Andr\u00e9 Jean-\u00e9douard"],"category_codes":["9000000","9080000","9080200","9080204"],"visuals":{"large":"https:\/\/images.epagine.fr\/856\/9782747599856_1_75.jpg","medium":"https:\/\/images.epagine.fr\/856\/9782747599856_1_m.jpg","thumbnail":"https:\/\/images.epagine.fr\/856\/9782747599856_1_v.jpg"},"orderable":true,"show_badge":true,"formatted_price":"27,50&nbsp;\u20ac","formatted_published_date":"15 janvier 2006","publisher_availability_label":"Sur commande","short_details":"Andr\u00e9 Jean-\u00e9douard \u2014 \u00c9ditions L'Harmattan","translator":null,"weight":325,"page_count":302,"readership":null,"editor":"\u00c9ditions L'Harmattan","price":2750,"published_date":"2006-01-14T23:00:00.000000Z","support":"Grand format","publisher_availability":1,"stock":0,"editions":[],"url":"https:\/\/quaidesbrumes.com\/ouvrage\/9782747599856\/heidegger-et-la-liberte-le-dasein-face-a-la-technique"},{"id":"9782296000247","title":"Chamfort - moraliste du siecle des lumieres","description":"Chamfort, moraliste le plus repr\u00e9sentatif du XVIII\u00e8me si\u00e8cle, est vite admis dans les \"salons\", introduit dans l'intimit\u00e9 des \"grands\". Il \u00e9crit des \"petits papiers\", accumul\u00e9s en secret, qui vont constituer l'oeuvre posthume du moraliste. Le tocsin de la R\u00e9volution sonne et fait de Chamfort le premier des r\u00e9publicains. H\u00e9las la r\u00e9publique n'est bient\u00f4t plus celle r\u00eav\u00e9e par notre r\u00e9volt\u00e9, la R\u00e9volution est trahie. Il refuse la Terreur, en stigmatise les horreurs. D\u00e9nonc\u00e9, calomni\u00e9, arr\u00eat\u00e9, Chamfort, homme libre, pr\u00e9f\u00e9ra choisir la mort.","authors":["Paul Toublanc"],"category_codes":["1000000","1060000"],"visuals":{"large":"https:\/\/images.epagine.fr\/247\/9782296000247_1_75.jpg","medium":"https:\/\/images.epagine.fr\/247\/9782296000247_1_m.jpg","thumbnail":"https:\/\/images.epagine.fr\/247\/9782296000247_1_v.jpg"},"orderable":true,"show_badge":true,"formatted_price":"14,50&nbsp;\u20ac","formatted_published_date":"1er mars 2006","publisher_availability_label":"Sur commande","short_details":"Paul Toublanc \u2014 \u00c9ditions L'Harmattan","translator":null,"weight":162,"page_count":144,"readership":null,"editor":"\u00c9ditions L'Harmattan","price":1450,"published_date":"2006-02-28T23:00:00.000000Z","support":"Grand format","publisher_availability":1,"stock":0,"editions":[],"url":"https:\/\/quaidesbrumes.com\/ouvrage\/9782296000247\/chamfort-moraliste-du-siecle-des-lumieres"},{"id":"9782296001770","title":"La democratie liberale en proces","description":"La d\u00e9mocratie est sur toutes le l\u00e8vres, hante les discours politiques. Fonctionnant comme s\u00e9same et mot d'ordre, il suffit de l'\u00e9noncer pour faire consensus et r\u00e9duire au silence. Que masque ce rapport incantatoire \u00e0 la  d\u00e9mocratie ? La d\u00e9mocratie n'est plus seulement un r\u00e9gime politique, mais surtout un \u00e9tat sociale. Peut-on encore parler de d\u00e9mocratie sans faire r\u00e9f\u00e9rence \u00e0 son fondement m\u00eame : le \"peuple\" oe","authors":["Samuel Pelras"],"category_codes":["9000000","9080000"],"visuals":{"large":"https:\/\/images.epagine.fr\/770\/9782296001770_1_75.jpg","medium":"https:\/\/images.epagine.fr\/770\/9782296001770_1_m.jpg","thumbnail":"https:\/\/images.epagine.fr\/770\/9782296001770_1_v.jpg"},"orderable":true,"show_badge":true,"formatted_price":"24,50&nbsp;\u20ac","formatted_published_date":"1er mars 2006","publisher_availability_label":"Sur commande","short_details":"Samuel Pelras \u2014 \u00c9ditions L'Harmattan","translator":null,"weight":290,"page_count":null,"readership":null,"editor":"\u00c9ditions L'Harmattan","price":2450,"published_date":"2006-02-28T23:00:00.000000Z","support":"Grand format","publisher_availability":1,"stock":0,"editions":[],"url":"https:\/\/quaidesbrumes.com\/ouvrage\/9782296001770\/la-democratie-liberale-en-proces"},{"id":"9782296003118","title":"Ignace de Loyola et Gaston Fessard ; l'un par l'autre","description":"Mich\u00e8le Aumont consid\u00e9ra les probl\u00e8mes socio\u00e9conomiques, socioculturels et sociopolitiques de notre Hexagone dans leur insertion mondiale et leurs exigences prospectives. Ainsi form\u00e9e, elle s'employa \u00e0 creuser et \u00e0 faire conna\u00eetre l'Humaniste ignatien de Gaston Fessard. Etendu sur douze ann\u00e9es, ce travail conduisit \u00e0 une relecture philosophique, spirituelle et mystique d'Ignace de Loyola, le fondateur des j\u00e9suites. Celle-ci engendra, \u00e0 son tour, une \"lecture crois\u00e9e\" Ignace de Loyola-Gaston Fessard, qui convie ici lecteurs de tous horizons et chercheurs interdisciplinaires.","authors":["Mich\u00e8le Aumont"],"category_codes":["9000000","9080000","9080200","9080204"],"visuals":{"large":"https:\/\/images.epagine.fr\/118\/9782296003118_1_75.jpg","medium":"https:\/\/images.epagine.fr\/118\/9782296003118_1_m.jpg","thumbnail":"https:\/\/images.epagine.fr\/118\/9782296003118_1_v.jpg"},"orderable":true,"show_badge":true,"formatted_price":"27,00&nbsp;\u20ac","formatted_published_date":"1er mars 2006","publisher_availability_label":"Sur commande","short_details":"Mich\u00e8le Aumont \u2014 \u00c9ditions L'Harmattan","translator":null,"weight":366,"page_count":298,"readership":null,"editor":"\u00c9ditions L'Harmattan","price":2700,"published_date":"2006-02-28T23:00:00.000000Z","support":"Grand format","publisher_availability":1,"stock":0,"editions":[],"url":"https:\/\/quaidesbrumes.com\/ouvrage\/9782296003118\/ignace-de-loyola-et-gaston-fessard-lun-par-lautre"},{"id":"9782755401110","title":"Une introduction \u00e0 la philosophie m\u00e9taphysique","description":"si un organisme a besoin d'une \u00e2me pour que chaque organe et chaque facult\u00e9 puisse vivre, la m\u00e9taphysique ne serait-elle pas cette \" \u00e2me \" de toutes les disciplines philosophiques qui les unifierait et les ordonnerait les unes par rapport aux autres ? en vue de quoi l'univers et la personne existent-ilsoe quelle est ou quelles sont leur(s) cause(s) premi\u00e8re(s) ? toutes ces questions se posent naturellement \u00e0 tout homme d\u00e8s lors qu'il s'efforce de comprendre le sens de l'existence.\r\n dans son questionnement, comme dans son existence quotidienne, il rencontre un jour ou l'autre la question de dieu, cause premi\u00e8re et finale de l'univers et de la personne et, apr\u00e8s l'\u00e9tude des disciplines philosophiques particuli\u00e8res, il peut \u00eatre conduit \u00e0 consid\u00e9rer ce qu'il y a de commun \u00e0 tout \u00eatre : l'\u00eatre en tant qu'\u00eatre et non plus seulement l'\u00eatre en tant que mouvement, comme dans la philosophie de la nature, ou l'\u00eatre en tant qu'\u00eatre de raison, comme dans la science rationnelle.\r\n c'est pourquoi la m\u00e9taphysique selon ces deux types de questionnements se nomme \" philosophie premi\u00e8re \" - c'est la science de l'\u00eatre en tant qu'\u00eatre - ou \" th\u00e9ologie philosophique \" - c'est la science qui pose la question de dieu, son existence, sa nature. or souvent on refuse \u00e0 la m\u00e9ta-physique le nom de \" th\u00e9ologie \" : cela semble d\u00e9roger \u00e0 la stricte rationalit\u00e9 philosophique. l'int\u00e9r\u00eat des textes pr\u00e9sent\u00e9s ici est peut-\u00eatre alors d'unir la consid\u00e9ration sur l'\u00eatre en tant qu'\u00eatre, et celle sur dieu, cause premi\u00e8re et finale de tous les \u00eatres.\r\n m\u00e9taphysique, philosophie premi\u00e8re, th\u00e9ologie philosophique, sagesse, tous ces noms se compl\u00e8tent ainsi et s'enrichissent mutuellement, donnant vie et unit\u00e9 \u00e0 l'ensemble des disciplines philosophiques.\r\n","authors":["Jean-baptiste Echivard"],"category_codes":["9000000","9080000","9080200"],"visuals":{"large":"https:\/\/images.epagine.fr\/110\/9782755401110_1_75.jpg","medium":"https:\/\/images.epagine.fr\/110\/9782755401110_1_m.jpg","thumbnail":"https:\/\/images.epagine.fr\/110\/9782755401110_1_v.jpg"},"orderable":true,"show_badge":true,"formatted_price":"32,50&nbsp;\u20ac","formatted_published_date":"13 avril 2007","publisher_availability_label":"Sur commande","short_details":"Jean-baptiste Echivard \u2014 Francois-Xavier De Guibert","translator":null,"weight":390,"page_count":null,"readership":null,"editor":"Francois-Xavier De Guibert","price":3250,"published_date":"2007-04-12T22:00:00.000000Z","support":"Grand format","publisher_availability":1,"stock":0,"editions":[],"url":"https:\/\/quaidesbrumes.com\/ouvrage\/9782755401110\/une-introduction-a-la-philosophie-metaphysique"},{"id":"9782296000568","title":"La recherche philosophique et l'organisation des masters en France et en Europe","description":"Voici un \u00e9tat des lieux de la formation et de la recherche dans une discipline de sciences humaines, la philosophie, mais il aborde aussi des questions aussi d\u00e9cisives que la place de la philosophie dans la culture, les contenus et les m\u00e9thodes de la philosophie, et au-del\u00e0 de la discipline, les questions relatives aux pratiques nationales de la recherche. Il constitue \u00e0 la fois un livre blanc des r\u00e9formes en cours en Europe, et une contribution aux d\u00e9bats publics sur les questions universitaires fondamentales.","authors":["Claude Debru","Jean-Jacques Wunenburger"],"category_codes":["9000000","9080000","9080200","9080204"],"visuals":{"large":"https:\/\/images.epagine.fr\/568\/9782296000568_1_75.jpg","medium":"https:\/\/images.epagine.fr\/568\/9782296000568_1_m.jpg","thumbnail":"https:\/\/images.epagine.fr\/568\/9782296000568_1_v.jpg"},"orderable":true,"show_badge":true,"formatted_price":"22,00&nbsp;\u20ac","formatted_published_date":"1er f\u00e9vrier 2006","publisher_availability_label":"Sur commande","short_details":"Claude Debru, Jean-Jacques Wunenburger \u2014 \u00c9ditions L'Harmattan","translator":null,"weight":300,"page_count":236,"readership":null,"editor":"\u00c9ditions L'Harmattan","price":2200,"published_date":"2006-01-31T23:00:00.000000Z","support":"Grand format","publisher_availability":1,"stock":0,"editions":[],"url":"https:\/\/quaidesbrumes.com\/ouvrage\/9782296000568\/la-recherche-philosophique-et-lorganisation-des-masters-en-france-et-en-europe"},{"id":"9782296001428","title":"La dimension tragique du sacrifice","description":"Les trag\u00e9dies se construisent autour d'un sacrifice et le sacrifice nous renvoie \u00e0 l'\u00e9nigmatique notion de destin. C'est \u00e0 l'approche des grandes figures sacrificielles, occidentales et orientales (Iphig\u00e9nie, Isaac, le Christ, Praj\u00e2pati), dans leur lecture ancienne et moderne (Euripide, Sophocle, H\u00f6lderlin, Nietzsche, Kierkegaard, Bataille), que cette \u00e9tude tente de saisir l'enracinement de cet acte dans notre sentiment du tragique et ce que doit ce sentiment au rapport sacrificiel que l'homme port \u00e0 sa vie.","authors":["St\u00e9phanie Genin"],"category_codes":["9000000","9080000","9080200","9080204"],"visuals":{"large":"https:\/\/images.epagine.fr\/428\/9782296001428_1_75.jpg","medium":"https:\/\/images.epagine.fr\/428\/9782296001428_1_m.jpg","thumbnail":"https:\/\/images.epagine.fr\/428\/9782296001428_1_v.jpg"},"orderable":true,"show_badge":true,"formatted_price":"16,00&nbsp;\u20ac","formatted_published_date":"1er f\u00e9vrier 2006","publisher_availability_label":"Sur commande","short_details":"St\u00e9phanie Genin \u2014 \u00c9ditions L'Harmattan","translator":null,"weight":216,"page_count":172,"readership":null,"editor":"\u00c9ditions L'Harmattan","price":1600,"published_date":"2006-01-31T23:00:00.000000Z","support":"Grand format","publisher_availability":1,"stock":0,"editions":[],"url":"https:\/\/quaidesbrumes.com\/ouvrage\/9782296001428\/la-dimension-tragique-du-sacrifice"},{"id":"9782296002616","title":"Hannah Arendt, une pens\u00e9e trinitaire ; une nouvelle approche de son oeuvre","description":"Face aux exc\u00e8s de la pens\u00e9e binaire, Hannah Arendt oppose une pens\u00e9e trinitaire qui remet en jeu ce que la binarit\u00e9 rejette ou minore : la pluralit\u00e9. Entre le \"Un\" et le \"Tout\", il y a toujours une place pour le troisi\u00e8me \u00e9l\u00e9ment. Un \u00e9v\u00e9nement est toujours obtenu apr\u00e8s la cristallisation de trois \u00e9l\u00e9ments. Cette propri\u00e9t\u00e9 s'applique aux notions et s'\u00e9tend \u00e0 tout le corpus arendtien. Cette structure \"trois-en-un\" permet d'appr\u00e9hender diff\u00e9remment les nombreux noeuds probl\u00e9matiques qui pars\u00e8ment son oeuvre.","authors":["Christian Delmas"],"category_codes":["9000000","9080000","9080200","9080204"],"visuals":{"large":"https:\/\/images.epagine.fr\/616\/9782296002616_1_75.jpg","medium":"https:\/\/images.epagine.fr\/616\/9782296002616_1_m.jpg","thumbnail":"https:\/\/images.epagine.fr\/616\/9782296002616_1_v.jpg"},"orderable":true,"show_badge":true,"formatted_price":"29,00&nbsp;\u20ac","formatted_published_date":"1er mars 2006","publisher_availability_label":"Sur commande","short_details":"Christian Delmas \u2014 \u00c9ditions L'Harmattan","translator":null,"weight":442,"page_count":308,"readership":null,"editor":"\u00c9ditions L'Harmattan","price":2900,"published_date":"2006-02-28T23:00:00.000000Z","support":"Grand format","publisher_availability":1,"stock":0,"editions":[],"url":"https:\/\/quaidesbrumes.com\/ouvrage\/9782296002616\/hannah-arendt-une-pensee-trinitaire-une-nouvelle-approche-de-son-oeuvre"},{"id":"9782747599917","title":"Le rapport a l'oeuvre","description":"Les textes rassembl\u00e9s dans ce volume sont issus d'un cycle de conf\u00e9rences ayant pour th\u00e8me \"Le rapport \u00e0 l'oeuvre\". Des litt\u00e9raires, des comparatistes, des philosophes de l'art et des artistes venant des Antilles, de France, du Canada et de Grande-Bretagne \u00e9clairent de leur point de vue cette question. Le notion d'oeuvre est prise ici au sens de production litt\u00e9raire, plastique et musicale. Evoquer l'oeuvre d'art am\u00e8ne \u00e0 prendre en compte le cr\u00e9ateur, le regardeur et le critique ; chacun entretenant avec l'oeuvre une relation privil\u00e9gi\u00e9e et \u00e0 chaque fois singuli\u00e8re.","authors":["Berthet\/Chali"],"category_codes":["6000000","6010000"],"visuals":{"large":"https:\/\/images.epagine.fr\/917\/9782747599917_1_75.jpg","medium":"https:\/\/images.epagine.fr\/917\/9782747599917_1_m.jpg","thumbnail":"https:\/\/images.epagine.fr\/917\/9782747599917_1_v.jpg"},"orderable":true,"show_badge":true,"formatted_price":"23,00&nbsp;\u20ac","formatted_published_date":"1er f\u00e9vrier 2006","publisher_availability_label":"Sur commande","short_details":"Berthet\/Chali \u2014 \u00c9ditions L'Harmattan","translator":null,"weight":345,"page_count":null,"readership":null,"editor":"\u00c9ditions L'Harmattan","price":2300,"published_date":"2006-01-31T23:00:00.000000Z","support":"Grand format","publisher_availability":1,"stock":0,"editions":[],"url":"https:\/\/quaidesbrumes.com\/ouvrage\/9782747599917\/le-rapport-a-loeuvre"},{"id":"9782296000414","title":"Par-del\u00e0 le bien et le mal ; pr\u00e9lude \u00e0 une philosophie de l'avenir","description":"\"C'est un livre effroyable qui cette fois m'a coul\u00e9 de l'\u00e2me, un livre noir comme la s\u00e9pia de la seiche\", \u00e9crit Nietzsche qui, de sa critique acerbe, parcourt 19 si\u00e8cles dans l'histoire europ\u00e9enne, per\u00e7ant \u00e0 jour le fond du nihilisme occidental. Ang\u00e8le Kremer-Marietti a su rendre dans sa traduction le mouvement m\u00eame du style nietzsch\u00e9en. Sa pr\u00e9sentation de l'oeuvre met particuli\u00e8rement en relief les bouleversements qu'implique la position d'analyste prise par le grand penseur dont on mesure la fulgurante actualit\u00e9.","authors":["Friedrich Nietzsche","Ang\u00e8le Kremer-marietti"],"category_codes":["9000000","9080000","9080200","9080204"],"visuals":{"large":"https:\/\/images.epagine.fr\/414\/9782296000414_1_75.jpg","medium":"https:\/\/images.epagine.fr\/414\/9782296000414_1_m.jpg","thumbnail":"https:\/\/images.epagine.fr\/414\/9782296000414_1_v.jpg"},"orderable":true,"show_badge":true,"formatted_price":"26,50&nbsp;\u20ac","formatted_published_date":"1er f\u00e9vrier 2006","publisher_availability_label":"Sur commande","short_details":"Friedrich Nietzsche, Ang\u00e8le Kremer-marietti \u2014 \u00c9ditions L'Harmattan","translator":"ANGELE KREMER-MARIETTI","weight":364,"page_count":292,"readership":null,"editor":"\u00c9ditions L'Harmattan","price":2650,"published_date":"2006-01-31T23:00:00.000000Z","support":"Grand format","publisher_availability":1,"stock":0,"editions":[],"url":"https:\/\/quaidesbrumes.com\/ouvrage\/9782296000414\/par-dela-le-bien-et-le-mal-prelude-a-une-philosophie-de-lavenir"},{"id":"9782296000421","title":"Contribution \u00e0 la g\u00e9n\u00e9alogie de la morale","description":"L'analyse g\u00e9n\u00e9alogique des concepts moraux les d\u00e9finit dans leur r\u00e9alit\u00e9 sociale. La g\u00e9n\u00e9alogie est donc l'histoire de la filiation et de l'engendrement des valeurs et des concepts que des hommes ont \u00e9labor\u00e9s pour \"s\u00e9lectionner\" l'homme ; ce qui veut dire : soit pour l'exploiter au service de quelques-uns, soit au contraire \"pour promouvoir l'humanit\u00e9 enti\u00e8re\".","authors":["Friedrich Nietzsche"],"category_codes":["9000000","9080000","9080200","9080204"],"visuals":{"large":"https:\/\/images.epagine.fr\/421\/9782296000421_1_75.jpg","medium":"https:\/\/images.epagine.fr\/421\/9782296000421_1_m.jpg","thumbnail":"https:\/\/images.epagine.fr\/421\/9782296000421_1_v.jpg"},"orderable":true,"show_badge":true,"formatted_price":"27,50&nbsp;\u20ac","formatted_published_date":"1er f\u00e9vrier 2006","publisher_availability_label":"Sur commande","short_details":"Friedrich Nietzsche \u2014 \u00c9ditions L'Harmattan","translator":null,"weight":380,"page_count":310,"readership":null,"editor":"\u00c9ditions L'Harmattan","price":2750,"published_date":"2006-01-31T23:00:00.000000Z","support":"Grand format","publisher_availability":1,"stock":0,"editions":[],"url":"https:\/\/quaidesbrumes.com\/ouvrage\/9782296000421\/contribution-a-la-genealogie-de-la-morale"},{"id":"9782296005174","title":"Juger n'est pas jouer","description":"Dans ce flux incessant des jugements que nous portons sur la vie, sur le monde et les autres, certains sont n\u00e9cessaires et l\u00e9gitimes, d'autres r\u00e9v\u00e8lent au contraire une propension \u00e0 porter un regard malveillant sur les fa\u00e7ons d'\u00eatre, de penser, de vivre de ceux que nous c\u00f4toyons. Quelles sont les conditions requises pour que nos jugements soient \u00e9thiquement acceptables ? Comment juger les autres, puisque nous y sommes quotidiennement oblig\u00e9s, sans pour autant les condamner ?","authors":["Fondation Ostad Elahi"],"category_codes":["9000000","9080000"],"visuals":{"large":"https:\/\/images.epagine.fr\/174\/9782296005174_1_75.jpg","medium":"https:\/\/images.epagine.fr\/174\/9782296005174_1_m.jpg","thumbnail":"https:\/\/images.epagine.fr\/174\/9782296005174_1_v.jpg"},"orderable":true,"show_badge":true,"formatted_price":"13,00&nbsp;\u20ac","formatted_published_date":"15 avril 2006","publisher_availability_label":"Sur commande","short_details":"Fondation Ostad Elahi \u2014 \u00c9ditions L'Harmattan","translator":null,"weight":140,"page_count":122,"readership":null,"editor":"\u00c9ditions L'Harmattan","price":1300,"published_date":"2006-04-14T22:00:00.000000Z","support":"Grand format","publisher_availability":1,"stock":0,"editions":[],"url":"https:\/\/quaidesbrumes.com\/ouvrage\/9782296005174\/juger-nest-pas-jouer"},{"id":"9782296005181","title":"Jean-paul sartre ou les chemins de l'existentialisme","description":"L'auteur a essay\u00e9 de d\u00e9montrer le positionnement de Jean-Paul Sartre sous la banni\u00e8re de l'ontologie d\u00e8s sa cr\u00e9ation de jeunesse, sans laquelle il est difficile de comprendre la place du philosophe fran\u00e7ais dans l'histoire de la ph\u00e9nom\u00e9nologie. La nouvelle formule cr\u00e9\u00e9e par Jean-Paul Sartre, \u00e0 savoir \"l'ontologie ph\u00e9nom\u00e9nologique\" est une forme sp\u00e9cifique de l'ontologie moderne de l'humain comprenant \u00e9galement des questions fondamentales caract\u00e9ristiques de n'importe quelle pens\u00e9e philosophique.uu","authors":["Petre Mares"],"category_codes":["9000000","9080000"],"visuals":{"large":"https:\/\/images.epagine.fr\/181\/9782296005181_1_75.jpg","medium":"https:\/\/images.epagine.fr\/181\/9782296005181_1_m.jpg","thumbnail":"https:\/\/images.epagine.fr\/181\/9782296005181_1_v.jpg"},"orderable":true,"show_badge":true,"formatted_price":"24,00&nbsp;\u20ac","formatted_published_date":"1er mai 2006","publisher_availability_label":"Sur commande","short_details":"Petre Mares \u2014 \u00c9ditions L'Harmattan","translator":null,"weight":280,"page_count":258,"readership":null,"editor":"\u00c9ditions L'Harmattan","price":2400,"published_date":"2006-04-30T22:00:00.000000Z","support":"Grand format","publisher_availability":1,"stock":0,"editions":[],"url":"https:\/\/quaidesbrumes.com\/ouvrage\/9782296005181\/jean-paul-sartre-ou-les-chemins-de-lexistentialisme"},{"id":"9782296005198","title":"Trois ecoles quebecoises d'ethique appliquee - sherbrooke, rimouski et montreal","description":"Alors que la demande sociale autour des questions d'\u00e9thique se fait fortement entendre en Europe, les chercheurs qu\u00e9b\u00e9cois s'y sont int\u00e9ress\u00e9s depuis plusieurs d\u00e9cennies. Voici des recherches issues des p\u00f4les g\u00e9ographiques : une approche marqu\u00e9e par le questionnement sociologique \u00e0 Rimouski, par la bio\u00e9thique \u00e0 Montr\u00e9al et une approche marqu\u00e9e par le dialogue et l'intervention \u00e0 Sherbrooke.","authors":["Alain L\u00e9tourneau"],"category_codes":["9000000","9080000"],"visuals":{"large":"https:\/\/images.epagine.fr\/198\/9782296005198_1_75.jpg","medium":"https:\/\/images.epagine.fr\/198\/9782296005198_1_m.jpg","thumbnail":"https:\/\/images.epagine.fr\/198\/9782296005198_1_v.jpg"},"orderable":true,"show_badge":true,"formatted_price":"27,50&nbsp;\u20ac","formatted_published_date":"2 avril 2006","publisher_availability_label":"Sur commande","short_details":"Alain L\u00e9tourneau \u2014 \u00c9ditions L'Harmattan","translator":null,"weight":320,"page_count":302,"readership":null,"editor":"\u00c9ditions L'Harmattan","price":2750,"published_date":"2006-04-01T22:00:00.000000Z","support":"Grand format","publisher_availability":1,"stock":0,"editions":[],"url":"https:\/\/quaidesbrumes.com\/ouvrage\/9782296005198\/trois-ecoles-quebecoises-dethique-appliquee-sherbrooke-rimouski-et-montreal"},{"id":"9782747598781","title":"La libert\u00e9 de circulation des travailleurs : R\u00e9flexion \u00e0 partir des nouveaux \u00c9tats de l'Union europ\u00e9enne","description":"Au fil du temps les textes communautaires ont \u00e9tabli des principes fondamentaux concernant la circulation des travailleurs, mais celle-ci s'est vue remise en question dans le contexte de l'\u00e9largissement de l'Union europ\u00e9enne. Dans quelle mesure les travailleurs europ\u00e9ens ont-ils la possibilit\u00e9 de circuler librement ? Le r\u00e9gime de la p\u00e9riode transitoire a donn\u00e9 lieu \u00e0 des discussions et des positions contrast\u00e9es. A travers cette r\u00e9flexion sur la circulation des travailleurs apparaissent des questions sur le but m\u00eame de cet \u00e9largissement.","authors":["Victoria Tonev Stratula"],"category_codes":["9000000","9080000"],"visuals":{"large":"https:\/\/images.epagine.fr\/781\/9782747598781_1_75.jpg","medium":"https:\/\/images.epagine.fr\/781\/9782747598781_1_m.jpg","thumbnail":"https:\/\/images.epagine.fr\/781\/9782747598781_1_v.jpg"},"orderable":true,"show_badge":true,"formatted_price":"17,50&nbsp;\u20ac","formatted_published_date":"1er f\u00e9vrier 2006","publisher_availability_label":"Sur commande","short_details":"Victoria Tonev Stratula \u2014 \u00c9ditions L'Harmattan","translator":null,"weight":198,"page_count":182,"readership":null,"editor":"\u00c9ditions L'Harmattan","price":1750,"published_date":"2006-01-31T23:00:00.000000Z","support":"Grand format","publisher_availability":1,"stock":0,"editions":[],"url":"https:\/\/quaidesbrumes.com\/ouvrage\/9782747598781\/la-liberte-de-circulation-des-travailleurs-reflexion-a-partir-des-nouveaux-etats-de-lunion-europeenne"},{"id":"9782296007277","title":"Jean Borella : la r\u00e9volution m\u00e9taphysique","description":"La m\u00e9taphysique rena\u00eet perp\u00e9tuellement de ses cendres. Ni Galil\u00e9e, ni Kant, ni Marx, ni Freud, ni le structuralisme n'auront pu la faire taire. La \"r\u00e9volution m\u00e9taphysique\", c'est arr\u00eater de penser avec des mots, pour laisser les \"id\u00e9es\" se penser en nous, c'est convertir l'intelligence au symbole et ainsi d\u00e9couvrir que la m\u00e9taphysique elle-m\u00eame est subordonn\u00e9e \u00e0 la r\u00e9v\u00e9lation. Et c'est \"Jean Borella\", \u00e0 travers son oeuvre - sur 50 ans d\u00e9j\u00e0 -, qui nous guide ici sur le chemin de cette conversion.","authors":["Bruno B\u00e9rard"],"category_codes":["9000000","9080000","9080200","9080204"],"visuals":{"large":"https:\/\/images.epagine.fr\/277\/9782296007277_1_75.jpg","medium":"https:\/\/images.epagine.fr\/277\/9782296007277_1_m.jpg","thumbnail":"https:\/\/images.epagine.fr\/277\/9782296007277_1_v.jpg"},"orderable":true,"show_badge":true,"formatted_price":"33,50&nbsp;\u20ac","formatted_published_date":"1er mai 2006","publisher_availability_label":"Sur commande","short_details":"Bruno B\u00e9rard \u2014 \u00c9ditions L'Harmattan","translator":null,"weight":498,"page_count":374,"readership":null,"editor":"\u00c9ditions L'Harmattan","price":3350,"published_date":"2006-04-30T22:00:00.000000Z","support":"Grand format","publisher_availability":1,"stock":0,"editions":[],"url":"https:\/\/quaidesbrumes.com\/ouvrage\/9782296007277\/jean-borella-la-revolution-metaphysique"},{"id":"9782296006256","title":"Organodynamisme et neurocognitivisme","description":"L'organodynamisme (mis au point par Henry Ey entre 1938 et 1977) est une structure d'accueil et de coexistence qui a, d\u00e8s le d\u00e9but, renonc\u00e9 \u00e0 s'opposer \u00e0 la Psychanalyse, qu'il int\u00e8gre positivement dans son p\u00f4le \"dynamique\". Mais il n'y aurait pas non plus de contradictions majeures entre le grand plaidoyer de Ey pour un \"corps psychique\" ou un \"devenir conscient\" et ce que peuvent d\u00e9ployer comme efforts les th\u00e9oriciens cognitivistes. Si les \u00e9coles de pens\u00e9es sont diff\u00e9rentes et leur coexistence est parfois probl\u00e9matique, c'est aussi que l'\"humanisme m\u00e9dical\" est en crise. Loin de tout dogmatisme, l'auteur entrevoit des raisons d'esp\u00e9rer mais pointe aussi ce qui n'est pas \"n\u00e9gociable\".","authors":["Robert-michel Palem"],"category_codes":["9000000","9080000"],"visuals":{"large":"https:\/\/images.epagine.fr\/256\/9782296006256_1_75.jpg","medium":"https:\/\/images.epagine.fr\/256\/9782296006256_1_m.jpg","thumbnail":"https:\/\/images.epagine.fr\/256\/9782296006256_1_v.jpg"},"orderable":true,"show_badge":true,"formatted_price":"17,50&nbsp;\u20ac","formatted_published_date":"15 avril 2006","publisher_availability_label":"Sur commande","short_details":"Robert-michel Palem \u2014 \u00c9ditions L'Harmattan","translator":null,"weight":178,"page_count":156,"readership":null,"editor":"\u00c9ditions L'Harmattan","price":1750,"published_date":"2006-04-14T22:00:00.000000Z","support":"Grand format","publisher_availability":1,"stock":0,"editions":[],"url":"https:\/\/quaidesbrumes.com\/ouvrage\/9782296006256\/organodynamisme-et-neurocognitivisme"}]}