{"data":[{"id":"9782747594110","title":"La nuit de l'insomnie : Philosophie du nocturne","description":"L'insomnie est fondamentalement rupture. Par elle, les moeurs nocturnes se voient remises en question. L'insomnie rompt avec le sommeil qui coule de source. Ce qui n'est pas vu, sur lequel nous nous endormons habituellement, c'est cela qu'il tient lieu d'observer en profondeur par l'interm\u00e9diaire de l'insomnie. La philosophie est l'insomnie qui trouve dans la nuit l'infini du savoir, de cette v\u00e9rit\u00e9 qui \u00e9chappe \u00e0 l'oubli du sommeil.","authors":["Xavier Pietrobon"],"category_codes":["9000000","9080000"],"visuals":{"large":"https:\/\/images.epagine.fr\/110\/9782747594110_1_75.jpg","medium":"https:\/\/images.epagine.fr\/110\/9782747594110_1_m.jpg","thumbnail":"https:\/\/images.epagine.fr\/110\/9782747594110_1_v.jpg"},"orderable":true,"show_badge":true,"formatted_price":"29,00&nbsp;\u20ac","formatted_published_date":"15 novembre 2005","publisher_availability_label":"Sur commande","short_details":"Xavier Pietrobon \u2014 \u00c9ditions L'Harmattan","translator":null,"weight":395,"page_count":106,"readership":null,"editor":"\u00c9ditions L'Harmattan","price":2900,"published_date":"2005-11-14T23:00:00.000000Z","support":"Grand format","publisher_availability":1,"stock":0,"editions":[],"url":"https:\/\/quaidesbrumes.com\/ouvrage\/9782747594110\/la-nuit-de-linsomnie-philosophie-du-nocturne"},{"id":"9782234056725","title":"Chemins qui m\u00e8nent ailleurs ; dialogues philosophiques","description":"Trop souvent, la philosophie se pr\u00e9sente comme une s\u00e9rie de probl\u00e8mes qui seraient \u00e0 la fois in\u00e9vitables et insolubles pour tout esprit normalement constitu\u00e9 et qui fait de la philosophie : Dieu, les relations du corps et de l?\u00e2me, la libert\u00e9, le bonheur, etc.\r\nHenri Atlan et Roger-Pol Droit souhaitent indiquer des chemins qui m\u00e8nent ailleurs ? paraphrasant ainsi le titre de Heidegger, Chemins qui ne m\u00e8nent nulle part. Ils conduisent vers des contr\u00e9es intellectuelles o\u00f9 ces grandes impasses, tout simplement, n?existent pas. La pens\u00e9e juive, celle du Talmud comme de la Kabbale, la pens\u00e9e indienne, celle du  brahmanisme et du bouddhisme, forment des univers philosophiques o\u00f9 nos interrogations r\u00e9put\u00e9es les plus n\u00e9cessaires n?ont plus de consistance.\r\nIl est donc possible de revisiter quelques grands th\u00e8mes fondamentaux de la pens\u00e9e philosophique occidentale en montrant qu?ils ne poss\u00e8dent plus, d\u00e8s qu?on les d\u00e9place ailleurs, le m\u00eame sens ni la m\u00eame n\u00e9cessit\u00e9. Le dialogue entre Henri Atlan et Roger-Pol Droit avance dans cette direction, susceptible de modifier ce que nous appelons  \u00ab universel \u00bb.\r\nLes auteurs parlent clair. Leur \u00e9change de vues s?adresse \u00e0 un large public. Aucune connaissance sp\u00e9cialis\u00e9e n?est requise pour suivre cette tentative d?ouvrir la pens\u00e9e \u00e0 de nouveaux horizons. Pour faciliter les rep\u00e8res, les principaux textes auxquels les auteurs font r\u00e9f\u00e9rence sont reproduits sous forme d?encadr\u00e9s.","authors":["Henri Atlan","Roger-Pol Droit"],"category_codes":["9000000","9080000","9080200","9080204"],"visuals":{"large":"https:\/\/images.epagine.fr\/725\/9782234056725_1_75.jpg","medium":"https:\/\/images.epagine.fr\/725\/9782234056725_1_m.jpg","thumbnail":"https:\/\/images.epagine.fr\/725\/9782234056725_1_v.jpg"},"orderable":true,"show_badge":true,"formatted_price":"24,00&nbsp;\u20ac","formatted_published_date":"12 octobre 2005","publisher_availability_label":"Sur commande","short_details":"Henri Atlan, Roger-Pol Droit \u2014 Stock","translator":null,"weight":226,"page_count":195,"readership":null,"editor":"Stock","price":2400,"published_date":"2005-10-11T22:00:00.000000Z","support":"Grand format","publisher_availability":1,"stock":0,"editions":[],"url":"https:\/\/quaidesbrumes.com\/ouvrage\/9782234056725\/chemins-qui-menent-ailleurs-dialogues-philosophiques"},{"id":"9782747595056","title":"Le Hasard : Une id\u00e9e, un concept, un outil","description":"Le hasard est aujourd'hui partout dans notre univers social et intellectuel, et plus on l'observe, plus on l'\u00e9tudie, plus il appara\u00eet riche, d\u00e9licat, voire paradoxal. Les textes r\u00e9unis dans cet ouvrage n'ont nullement la pr\u00e9tention de fournir une id\u00e9e \u00e9quilibr\u00e9e, compl\u00e8te de tout ce qui aujourd'hui dans nos savoirs \u00e9voque d'abord une id\u00e9e -en physique et en math\u00e9matique-, puis est devenu un concept, pour en arriver aujourd'hui \u00e0 \u00eatre un outil multiforme, pr\u00e9cis, complexe et surtout indispensable.\r","authors":["Nicolas Bouleau","Nicolas Gauvrit","Louis Goubin","Herv\u00e9 Le Bras","Jacques Patarin","Daniel Schwartz"],"category_codes":["9000000","9080000"],"visuals":{"large":"https:\/\/images.epagine.fr\/056\/9782747595056_1_75.jpg","medium":"https:\/\/images.epagine.fr\/056\/9782747595056_1_m.jpg","thumbnail":"https:\/\/images.epagine.fr\/056\/9782747595056_1_v.jpg"},"orderable":true,"show_badge":true,"formatted_price":"19,00&nbsp;\u20ac","formatted_published_date":"15 novembre 2005","publisher_availability_label":"Sur commande","short_details":"Nicolas Bouleau, Nicolas Gauvrit, Louis Goubin, Herv\u00e9 Le Bras, Jacques Patarin, Daniel Schwartz \u2014 \u00c9ditions L'Harmattan","translator":null,"weight":225,"page_count":204,"readership":null,"editor":"\u00c9ditions L'Harmattan","price":1900,"published_date":"2005-11-14T23:00:00.000000Z","support":"Grand format","publisher_availability":1,"stock":0,"editions":[],"url":"https:\/\/quaidesbrumes.com\/ouvrage\/9782747595056\/le-hasard-une-idee-un-concept-un-outil"},{"id":"9782204080590","title":"M\u00e9taphysique de l'\u00eatre","description":"La m\u00e9taphysique est aujourd'hui contest\u00e9e de toute part comme \u00e9tant soit d\u00e9nu\u00e9e de sens soit inaccessible \u00e0 l'esprit humain. Et pourtant, qu'il le veuille ou non, l'homme fait constamment de la m\u00e9taphysique parce qu'il est un animal m\u00e9taphysique. Apr\u00e8s une introduction consacr\u00e9e au sens et \u00e0 l'enjeu de la m\u00e9taphysique, le pr\u00e9sent ouvrage tente, dans un premier temps, de poser la question de la m\u00e9taphysique en revisitant de mani\u00e8re \u00e0 la fois bienveillante et critique quatre grandes figures qui se sont d\u00e9battues avec la pens\u00e9e m\u00e9taphysique : Thomas d'Aquin, Kant, Hegel et Heidegger. De ce parcours se d\u00e9gagent des pistes pour une approche contemporaine de l'interrogation m\u00e9taphysique. Elles pointent en direction d'une pens\u00e9e m\u00e9taphysique de l'\u00eatre (Thomas d'Aquin) dont le r\u00e9alisme int\u00e8gre la subjectivit\u00e9 transcendantale moderne (Kant) sans que la totalit\u00e9 ainsi obtenue se dialectise dans un syst\u00e8me de la n\u00e9gativit\u00e9 absolue (Hegel) ni que l'existence humaine y soit plac\u00e9e devant la positivit\u00e9 \u00e9nigmatique d'un \u00eatre hypostasi\u00e9 et indiff\u00e9renci\u00e9 (Heidegger). La seconde partie est consacr\u00e9e, \u00e0 partir de cette perspective, au d\u00e9ploiement organique d'une pens\u00e9e m\u00e9taphysique de l'\u00eatre. On y part de l'\u00eatre comme fondement de la pens\u00e9e et de son interrogation, comme fondement de l'esprit tant pratique que th\u00e9orique, pour s'\u00e9lever ensuite, par l'abstraction m\u00e9taphysique correctement comprise, \u00e0 la saisie de l'\u00eatre en lui-m\u00eame en sa positivit\u00e9 et sa pl\u00e9nitude originaires. Dans un ultime effort, la pens\u00e9e se laisse entra\u00eener, au fil de la triple diff\u00e9rence entre le Je et le Tu, entre les \u00e9tants et l'\u00eatre, et enfin entre les \u00e9tants, l'\u00eatre et Dieu, jusqu'\u00e0 la pens\u00e9e m\u00e9taphysique de Dieu et de la cr\u00e9ation. L'\u00eatre appara\u00eet ainsi comme similitude de la pens\u00e9e divine, ce qui ouvre le champ d'une pens\u00e9e positive de l'analogie et de l'exemplarit\u00e9. L'ouvrage se termine par une m\u00e9ditation du rapport entre m\u00e9taphysique de l'\u00eatre et r\u00e9v\u00e9lation chr\u00e9tienne. Tout en cherchant \u00e0 traiter les questions substantiellement, l'ouvrage cherche, sur le plan p\u00e9dagogique, \u00e0 ne pas \u00eatre r\u00e9serv\u00e9 aux sp\u00e9cialistes et se veut largement accessible aux esprits cultiv\u00e9s et aux \u00e9tudiants en philosophie. -- Metaphysics is widely put into question today as being meaningless or inaccessible to the human mind. Yet, whether we like it or not, man is always using metaphysics because man is a metaphysical creature. After an introduction devoted to the meaning and the challenges of metaphysics, this book poses the question of metaphysics by revisiting, with an open but critical mind, the four great figures who are debated with metaphysical thought: Thomas Aquinas, Kant, Hegel and Heidegger. What emerge are possible contemporary approaches to metaphysical interrogation. They all lead toward a metaphysical notion of the being (Thomas Aquinas) whose realism integrates modern transcendental subjectivity (Kant), without the totality thus obtained becoming dialectic in a system of absolute negativity (Hegel) or human existence being placed in front of the enigmatic positivity of a hypostasized and indifferenciated being (Heidegger). Part two, starting out from that perspective, deals with the organic deployment of a metaphysical notion of the being. It starts out from the being as the foundation of thought and interrogation [...] then moves on, via metaphysical abstraction correctly understood, to grasping the being in its inherent positivism and plenitude. The work is concluded by a meditation on the relation between the metaphysics of the being and the Christian revelation.","authors":["Andr\u00e9 L\u00e9onard"],"category_codes":["9000000","9080000","9080200","9080204"],"visuals":{"large":"https:\/\/images.epagine.fr\/590\/9782204080590_1_75.jpg","medium":"https:\/\/images.epagine.fr\/590\/9782204080590_1_m.jpg","thumbnail":"https:\/\/images.epagine.fr\/590\/9782204080590_1_v.jpg"},"orderable":true,"show_badge":true,"formatted_price":"48,00&nbsp;\u20ac","formatted_published_date":"25 mai 2006","publisher_availability_label":"Sur commande","short_details":"Andr\u00e9 L\u00e9onard \u2014 Les \u00e9ditions du Cerf","translator":null,"weight":600,"page_count":448,"readership":null,"editor":"Les \u00e9ditions du Cerf","price":4800,"published_date":"2006-05-24T22:00:00.000000Z","support":"Grand format","publisher_availability":1,"stock":0,"editions":[],"url":"https:\/\/quaidesbrumes.com\/ouvrage\/9782204080590\/metaphysique-de-letre"},{"id":"9782745314079","title":"Benjamin constant ; les principes et l'histoire","description":null,"authors":["Emeric Travers"],"category_codes":["9000000","9080000","9080200","9080204"],"visuals":{"large":"https:\/\/quaidesbrumes.com\/img\/book-placeholder.png","medium":"https:\/\/quaidesbrumes.com\/img\/book-placeholder.png","thumbnail":"https:\/\/quaidesbrumes.com\/img\/book-placeholder.png"},"orderable":true,"show_badge":true,"formatted_price":"99,00&nbsp;\u20ac","formatted_published_date":"13 d\u00e9cembre 2005","publisher_availability_label":"Sur commande","short_details":"Emeric Travers \u2014 HONORE CHAMPION","translator":null,"weight":1601,"page_count":672,"readership":null,"editor":"HONORE CHAMPION","price":9900,"published_date":"2005-12-12T23:00:00.000000Z","support":"Grand format","publisher_availability":1,"stock":0,"editions":[],"url":"https:\/\/quaidesbrumes.com\/ouvrage\/9782745314079\/benjamin-constant-les-principes-et-lhistoire"},{"id":"9782915806113","title":"Solutions s\u00e9miotiques","description":null,"authors":["Erik Bertin","Nicolas Couegnas"],"category_codes":["9000000","9080000","9080200","9080204"],"visuals":{"large":"https:\/\/images.epagine.fr\/113\/9782915806113_1_75.jpg","medium":"https:\/\/images.epagine.fr\/113\/9782915806113_1_m.jpg","thumbnail":"https:\/\/images.epagine.fr\/113\/9782915806113_1_v.jpg"},"orderable":true,"show_badge":true,"formatted_price":"18,00&nbsp;\u20ac","formatted_published_date":"1er septembre 2005","publisher_availability_label":"Sur commande","short_details":"Erik Bertin, Nicolas Couegnas \u2014 LAMBERT-LUCAS","translator":null,"weight":245,"page_count":null,"readership":null,"editor":"LAMBERT-LUCAS","price":1800,"published_date":"2005-08-31T22:00:00.000000Z","support":"Grand format","publisher_availability":1,"stock":0,"editions":[],"url":"https:\/\/quaidesbrumes.com\/ouvrage\/9782915806113\/solutions-semiotiques"},{"id":"9782234058200","title":"Alain ; le premier intellectuel","description":"Le philosophe \u00c9mile Chartier, plus connu sous le pseudonyme d'Alain (1868-1951), a travers\u00e9 la IIIe R\u00e9publique dans son entier : il y a impos\u00e9 une certaine image du philosophe, longtemps rest\u00e9e symbole du style fran\u00e7ais par excellence. Toute sa vie, il s'est identifi\u00e9 \u00e0 son r\u00f4le de professeur de kh\u00e2gne, puisqu'il a toujours refus\u00e9 de rejoindre l'universit\u00e9 m\u00eame lorsque sa c\u00e9l\u00e9brit\u00e9 le lui aurait permis. Mais Alain est aussi connu pour avoir invent\u00e9 un genre particulier : le journalisme philosophique. Pendant plusieurs d\u00e9cennies, il a publi\u00e9 quotidiennement dans diff\u00e9rents journaux ses fameux Propos, qui feront davantage pour sa l\u00e9gende que ses livres de philosophie pure. Enfin, il a incarn\u00e9 dans l'entre-deux guerres le pacifisme r\u00e9solu, lui qui s'\u00e9tait port\u00e9 volontaire pendant la Grande Guerre. Sa conviction la\u00efque et r\u00e9publicaine, son pacifisme acharn\u00e9 ont fait de lui le chantre de la culture radicale des ann\u00e9es 1920-1930. \u00c0 travers lui, ce sont les milieux de l'enseignement, de la politique sous la IIIe R\u00e9publique et du journalisme en Province et \u00e0 Paris que l'on voit d\u00e9filer.","authors":["Thierry Leterre"],"category_codes":["9000000","9080000","9080200","9080204"],"visuals":{"large":"https:\/\/images.epagine.fr\/200\/9782234058200_1_75.jpg","medium":"https:\/\/images.epagine.fr\/200\/9782234058200_1_m.jpg","thumbnail":"https:\/\/images.epagine.fr\/200\/9782234058200_1_v.jpg"},"orderable":true,"show_badge":true,"formatted_price":"28,00&nbsp;\u20ac","formatted_published_date":"22 f\u00e9vrier 2006","publisher_availability_label":"Sur commande","short_details":"Thierry Leterre \u2014 Stock","translator":null,"weight":875,"page_count":589,"readership":null,"editor":"Stock","price":2800,"published_date":"2006-02-21T23:00:00.000000Z","support":"Grand format","publisher_availability":1,"stock":0,"editions":[],"url":"https:\/\/quaidesbrumes.com\/ouvrage\/9782234058200\/alain-le-premier-intellectuel"},{"id":"9782747590440","title":"Le signe de l'humain : Une philosophie de la technique","description":"Devons-nous avoir peur de la technique? L'humanit\u00e9 est-elle irr\u00e9m\u00e9diablement condamn\u00e9e \u00e0 se voir enserr\u00e9e dans un \"syst\u00e8me technicien\" la conduisant \u00e0 sa perte? Pour r\u00e9pondre \u00e0 l'angoisse, il n'y a gu\u00e8re que les r\u00e9ponses de l'arch\u00e9ologie: pour \u00e9valuer la technique, d'abord chercher d'o\u00f9 elle vient. L'histoire des techniques est le chemin oblig\u00e9 pour aboutir \u00e0 une philosophie de la technologie. Et l'enqu\u00eate conduit \u00e0 d\u00e9couvrir que la technique, pr\u00e9sent\u00e9e par tant d'auteurs comme anti-naturelle, voire m\u00eame comme anti-humaine, est en fait ce qui fonde l'homme dans son humanit\u00e9.","authors":["Jean C. Baudet"],"category_codes":["10000000","10010000","10010700"],"visuals":{"large":"https:\/\/images.epagine.fr\/440\/9782747590440_1_75.jpg","medium":"https:\/\/images.epagine.fr\/440\/9782747590440_1_m.jpg","thumbnail":"https:\/\/images.epagine.fr\/440\/9782747590440_1_v.jpg"},"orderable":true,"show_badge":true,"formatted_price":"17,50&nbsp;\u20ac","formatted_published_date":"15 septembre 2005","publisher_availability_label":"Sur commande","short_details":"Jean C. Baudet \u2014 \u00c9ditions L'Harmattan","translator":null,"weight":235,"page_count":180,"readership":null,"editor":"\u00c9ditions L'Harmattan","price":1750,"published_date":"2005-09-14T22:00:00.000000Z","support":"Grand format","publisher_availability":1,"stock":0,"editions":[],"url":"https:\/\/quaidesbrumes.com\/ouvrage\/9782747590440\/le-signe-de-lhumain-une-philosophie-de-la-technique"},{"id":"9782747591881","title":"Principes de psychologie physiologique : Volume II","description":"C'est dans ce volume que le syst\u00e8me psychologique de Wundt, fond\u00e9 sur le concept d'aperception, appara\u00eet clairement pour la premi\u00e8re fois. Ind\u00e9pendamment de la fa\u00e7on dont nous avons simplement conscience d'une repr\u00e9sentation le besoin se fait imp\u00e9rieusement sentir de donner un nom particulier \u00e0 la saisie de cette repr\u00e9sentation par l'attention. Ce qui entre dans la conscience d'une mani\u00e8re g\u00e9n\u00e9rale est per\u00e7u, ce qui entre dans l'attention est aper\u00e7u. Wundt pense avec Leibniz et Kant que l'aperception est le fondement de la conscience de soi.\r","authors":["Wilhelm Wundt"],"category_codes":["9000000","9080000"],"visuals":{"large":"https:\/\/images.epagine.fr\/881\/9782747591881_1_75.jpg","medium":"https:\/\/images.epagine.fr\/881\/9782747591881_1_m.jpg","thumbnail":"https:\/\/images.epagine.fr\/881\/9782747591881_1_v.jpg"},"orderable":true,"show_badge":true,"formatted_price":"48,50&nbsp;\u20ac","formatted_published_date":"15 septembre 2005","publisher_availability_label":"Sur commande","short_details":"Wilhelm Wundt \u2014 \u00c9ditions L'Harmattan","translator":null,"weight":710,"page_count":534,"readership":null,"editor":"\u00c9ditions L'Harmattan","price":4850,"published_date":"2005-09-14T22:00:00.000000Z","support":"Grand format","publisher_availability":1,"stock":0,"editions":[],"url":"https:\/\/quaidesbrumes.com\/ouvrage\/9782747591881\/principes-de-psychologie-physiologique-volume-ii"},{"id":"9782747591126","title":"Respecter la vie, disposer de sa mort ! - pour une loi vincent humbert","description":"\"Je vous demande le droit de mourir !\" A l'interpellation de Vincent Humbert les parlementaires ont r\u00e9pondu, dans la loi promulgu\u00e9e le 22 avril 2005, par un droit tout \u00e0 fait particulier, celui de \"laisser mourir sans faire mourir\".Si quelqu'un endure de terribles souffrances, s'il a conscience de sa d\u00e9gradation physique ou mentale, allant jusqu'\u00e0 souhaiter d\u00e9lib\u00e9r\u00e9ment la mort, est-ce un homicide de la h\u00e2ter ? Toute personne a droit \u00e0 sa libert\u00e9, \u00e0 sa dignit\u00e9, ce droit absolu que chacun peut revendiquer.\r","authors":["Catherine Leguay"],"category_codes":["9000000","9120000","9120300","9120311"],"visuals":{"large":"https:\/\/images.epagine.fr\/126\/9782747591126_1_75.jpg","medium":"https:\/\/images.epagine.fr\/126\/9782747591126_1_m.jpg","thumbnail":"https:\/\/images.epagine.fr\/126\/9782747591126_1_v.jpg"},"orderable":true,"show_badge":true,"formatted_price":"23,00&nbsp;\u20ac","formatted_published_date":"15 septembre 2005","publisher_availability_label":"Sur commande","short_details":"Catherine Leguay \u2014 \u00c9ditions L'Harmattan","translator":null,"weight":390,"page_count":288,"readership":null,"editor":"\u00c9ditions L'Harmattan","price":2300,"published_date":"2005-09-14T22:00:00.000000Z","support":"Grand format","publisher_availability":1,"stock":0,"editions":[],"url":"https:\/\/quaidesbrumes.com\/ouvrage\/9782747591126\/respecter-la-vie-disposer-de-sa-mort-pour-une-loi-vincent-humbert"},{"id":"9782335028676","title":"La logique subjective","description":"Impression en \u00ab gros caract\u00e8res \u00bb.  Extrait :  Les mati\u00e8res contenues dans cette partie de la philosophie qui va maintenant nous occuper sont les m\u00eames que l'on rencontre dans la plupart des trait\u00e9s de logique. Mais dans mon syst\u00e8me, il faut le bien remarquer, elles sont \u00e9troitement li\u00e9es \u00e0 toutes celles que l'on d\u00e9signe g\u00e9n\u00e9ralement sous d'autres noms\r","authors":["Georg Wilhelm Friedrich Hegel"],"category_codes":["9000000","9080000"],"visuals":{"large":"https:\/\/images.epagine.fr\/676\/9782335028676_1_75.jpg","medium":"https:\/\/images.epagine.fr\/676\/9782335028676_1_m.jpg","thumbnail":"https:\/\/images.epagine.fr\/676\/9782335028676_1_v.jpg"},"orderable":true,"show_badge":true,"formatted_price":"19,99&nbsp;\u20ac","formatted_published_date":"14 octobre 2015","publisher_availability_label":"Sur commande","short_details":"Georg Wilhelm Friedrich Hegel \u2014 LIGARAN","translator":null,"weight":249,"page_count":140,"readership":null,"editor":"LIGARAN","price":1999,"published_date":"2015-10-13T22:00:00.000000Z","support":"Grand format","publisher_availability":1,"stock":0,"editions":["9782335028485","9782019696962"],"url":"https:\/\/quaidesbrumes.com\/ouvrage\/9782335028676\/la-logique-subjective"},{"id":"9782747595506","title":"Don et echange - legitimation iii","description":"Don et \u00e9change... Les deux mots associ\u00e9s font contraste. Le don est cens\u00e9 exclure l'\u00e9change, c'est-\u00e0-dire le rendu. L'\u00e9change suppose-t-il le don ? Cet ouvrage veut compl\u00e9ter sur le registre de l'inconscient ce qui a \u00e9t\u00e9 dit par des anthropologues, des sociologues, des juristes et des philosophes. C'est \u00e0 partir du pulsionnel qu'est envisag\u00e9 ici une analyse du don et de l'\u00e9change.\r","authors":["Moreau De Bellaing L"],"category_codes":["9000000","9080000"],"visuals":{"large":"https:\/\/images.epagine.fr\/506\/9782747595506_1_75.jpg","medium":"https:\/\/images.epagine.fr\/506\/9782747595506_1_m.jpg","thumbnail":"https:\/\/images.epagine.fr\/506\/9782747595506_1_v.jpg"},"orderable":true,"show_badge":true,"formatted_price":"33,50&nbsp;\u20ac","formatted_published_date":"1er d\u00e9cembre 2005","publisher_availability_label":"Sur commande","short_details":"Moreau De Bellaing L \u2014 \u00c9ditions L'Harmattan","translator":null,"weight":585,"page_count":362,"readership":null,"editor":"\u00c9ditions L'Harmattan","price":3350,"published_date":"2005-11-30T23:00:00.000000Z","support":"Grand format","publisher_availability":1,"stock":0,"editions":[],"url":"https:\/\/quaidesbrumes.com\/ouvrage\/9782747595506\/don-et-echange-legitimation-iii"},{"id":"9782747590471","title":"Ren\u00e9 Girard : du mim\u00e9tisme \u00e0 l'hominisation ; \u00abla violence diff\u00e9rante\u00bb","description":"Le processus d'hominisation n'est ni plus ni moins que la solution \u00e0 la violence engendr\u00e9e par l'imitation des d\u00e9sirs. Si l'Homme s'arrache \u00e0 la Nature, c'est parce qu'il acc\u00e8de \u00e0 un mode de gestion particulier de la violence. Ne pouvant l'affronter face \u00e0 face sans risquer d'amplifier ses d\u00e9g\u00e2ts, il la d\u00e9place sans cesse sur des boucs \u00e9missaires dont la veine commune rassemble. Ce mod\u00e8le girardien nous aide \u00e0 comprendre comment l'origine de la Culture n'est autre que l'apparition d'un mode de gestion particulier de la violence.\r","authors":["St\u00e9phane Vinolo"],"category_codes":["9000000","9080000","9080200","9080204"],"visuals":{"large":"https:\/\/images.epagine.fr\/471\/9782747590471_1_75.jpg","medium":"https:\/\/images.epagine.fr\/471\/9782747590471_1_m.jpg","thumbnail":"https:\/\/images.epagine.fr\/471\/9782747590471_1_v.jpg"},"orderable":true,"show_badge":true,"formatted_price":"24,00&nbsp;\u20ac","formatted_published_date":"1er janvier 2006","publisher_availability_label":"Sur commande","short_details":"St\u00e9phane Vinolo \u2014 \u00c9ditions L'Harmattan","translator":null,"weight":320,"page_count":264,"readership":null,"editor":"\u00c9ditions L'Harmattan","price":2400,"published_date":"2005-12-31T23:00:00.000000Z","support":"Grand format","publisher_availability":1,"stock":0,"editions":[],"url":"https:\/\/quaidesbrumes.com\/ouvrage\/9782747590471\/rene-girard-du-mimetisme-a-lhominisation-la-violence-differante"},{"id":"9782747595025","title":"L'\u00e9preuve du regard","description":"La mise en image de l' \"horreur\" semble \u00eatre une \u00e9preuve insurmontable: comment repr\u00e9senter ce que nous cherchons \u00e0 fuir et qualifions volontiers d'inimaginableoe S'il para\u00eet insens\u00e9 d'en vouloir faire un objet de regard, l'art s'est pourtant souvent pench\u00e9 sur cet \"irrepr\u00e9sentable\". Qu'il ait m\u00eame parfois \u00e9t\u00e9 le seul \u00e0 lui donner un visage laisse supposer que l'approche artistique reste le meilleur moyen de lui faire face et d'y porter un regard autrement impossible .\r","authors":["Augustin Besnier"],"category_codes":["9000000","9080000","9080200","9080204"],"visuals":{"large":"https:\/\/images.epagine.fr\/025\/9782747595025_1_75.jpg","medium":"https:\/\/images.epagine.fr\/025\/9782747595025_1_m.jpg","thumbnail":"https:\/\/images.epagine.fr\/025\/9782747595025_1_v.jpg"},"orderable":true,"show_badge":true,"formatted_price":"13,50&nbsp;\u20ac","formatted_published_date":"1er janvier 2006","publisher_availability_label":"Sur commande","short_details":"Augustin Besnier \u2014 \u00c9ditions L'Harmattan","translator":null,"weight":170,"page_count":132,"readership":null,"editor":"\u00c9ditions L'Harmattan","price":1350,"published_date":"2005-12-31T23:00:00.000000Z","support":"Grand format","publisher_availability":1,"stock":0,"editions":[],"url":"https:\/\/quaidesbrumes.com\/ouvrage\/9782747595025\/lepreuve-du-regard"},{"id":"9782747597883","title":"Le principe de pascal-hume et le fondement des sciences physiques","description":"La pens\u00e9e contemporaine est oblit\u00e9r\u00e9e par un divorce tr\u00e8s profond entre la m\u00e9taphysique et la th\u00e9orie scientifique. L'existence de la mati\u00e8re, qui constitue pour la physique une hypoth\u00e8se fondamentale, est mise en question par la philosophie depuis la critique humienne du principe de causalit\u00e9. L'auteur montre que cette existence peut \u00eatre d\u00e9montr\u00e9e logiquement gr\u00e2ce \u00e0 un principe diff\u00e9rent qui peut \u00eatre formul\u00e9 comme un principe a priori de probabilit\u00e9, une r\u00e9volution dans la conception de la raison qui fait appara\u00eetre une continuit\u00e9 entre Pascal-Hume et Kant.\r","authors":["Jean-ren\u00e9 Vernes"],"category_codes":["9000000","9080000","9080200","9080204"],"visuals":{"large":"https:\/\/images.epagine.fr\/883\/9782747597883_1_75.jpg","medium":"https:\/\/images.epagine.fr\/883\/9782747597883_1_m.jpg","thumbnail":"https:\/\/images.epagine.fr\/883\/9782747597883_1_v.jpg"},"orderable":true,"show_badge":true,"formatted_price":"11,50&nbsp;\u20ac","formatted_published_date":"1er janvier 2006","publisher_availability_label":"Sur commande","short_details":"Jean-ren\u00e9 Vernes \u2014 \u00c9ditions L'Harmattan","translator":null,"weight":105,"page_count":74,"readership":null,"editor":"\u00c9ditions L'Harmattan","price":1150,"published_date":"2005-12-31T23:00:00.000000Z","support":"Grand format","publisher_availability":1,"stock":0,"editions":[],"url":"https:\/\/quaidesbrumes.com\/ouvrage\/9782747597883\/le-principe-de-pascal-hume-et-le-fondement-des-sciences-physiques"},{"id":"9782747598286","title":"L\u00e9vinas et la psychanalyse ; enqu\u00eate sur une aversion","description":"La pens\u00e9e de L\u00e9vinas a donn\u00e9 lieu \u00e0 des rapprochements avec quelques-uns des plus grands noms de la psychanalyse post freudienne : Jacques Lacan, Nicolas Abraham. Cet ouvrage se centre sur le rapprochement qu'il fait de la th\u00e9orie freudienne de l'Oedipe du paganisme et de l'antis\u00e9mitisme. Apr\u00e8s avoir fait l'inventaire des r\u00e9f\u00e9rences de L\u00e9vinas \u00e0 Freud et la psychanalyse, voici une analyse de sa posture critique en fonction de son projet philosophique envisag\u00e9 dans sa globalit\u00e9.\r","authors":["Paul Bercherie","Mariluise Neuhaus"],"category_codes":["9000000","9080000","9080200","9080204"],"visuals":{"large":"https:\/\/images.epagine.fr\/286\/9782747598286_1_75.jpg","medium":"https:\/\/images.epagine.fr\/286\/9782747598286_1_m.jpg","thumbnail":"https:\/\/images.epagine.fr\/286\/9782747598286_1_v.jpg"},"orderable":true,"show_badge":true,"formatted_price":"13,00&nbsp;\u20ac","formatted_published_date":"1er janvier 2006","publisher_availability_label":"Sur commande","short_details":"Paul Bercherie, Mariluise Neuhaus \u2014 \u00c9ditions L'Harmattan","translator":null,"weight":140,"page_count":120,"readership":null,"editor":"\u00c9ditions L'Harmattan","price":1300,"published_date":"2005-12-31T23:00:00.000000Z","support":"Grand format","publisher_availability":1,"stock":0,"editions":[],"url":"https:\/\/quaidesbrumes.com\/ouvrage\/9782747598286\/levinas-et-la-psychanalyse-enquete-sur-une-aversion"},{"id":"9782747599764","title":"Pour une esth\u00e9tique du renouveau","description":"Ce livre se veut provocant. Les opinions d\u00e9finitives et tranch\u00e9es de l'auteur sur Marcel Duchamp, Andy Warhol, qu'il ne reconna\u00eet pas comme des artistes majeurs de notre temps, peuvent choquer mais on ne peut pas rester insensible \u00e0 son interrogation radicale sur le \"vivre\", qui sourd de chaque page. On ne peut pas, non plus, ne pas s'interroger sur la conception de l'art que l'auteur fustige, celle de ceux que Pierre Berg\u00e9 appelle les \"faiseurs d'art contemporain\".\r","authors":["St\u00e9phane Dion"],"category_codes":["6000000","6010000","6010400"],"visuals":{"large":"https:\/\/images.epagine.fr\/764\/9782747599764_1_75.jpg","medium":"https:\/\/images.epagine.fr\/764\/9782747599764_1_m.jpg","thumbnail":"https:\/\/images.epagine.fr\/764\/9782747599764_1_v.jpg"},"orderable":true,"show_badge":true,"formatted_price":"19,00&nbsp;\u20ac","formatted_published_date":"1er janvier 2006","publisher_availability_label":"Sur commande","short_details":"St\u00e9phane Dion \u2014 \u00c9ditions L'Harmattan","translator":null,"weight":220,"page_count":198,"readership":null,"editor":"\u00c9ditions L'Harmattan","price":1900,"published_date":"2005-12-31T23:00:00.000000Z","support":"Grand format","publisher_availability":1,"stock":0,"editions":[],"url":"https:\/\/quaidesbrumes.com\/ouvrage\/9782747599764\/pour-une-esthetique-du-renouveau"},{"id":"9782876734388","title":"L'ordre humain","description":"Au terme de l'\u00e9volution animale, l'apparition de l'homme marque une rupture.\r\nNon seulement sa faiblesse l'oblige \u00e0 recourir \u00e0 divers artifices pour se v\u00eatir, se prot\u00e9ger des intemp\u00e9ries et des fauves, chasser et se nourrir, mais, la rupture d'avec l'ordre naturel consomm\u00e9e, il entre dans un processus sans fin de d\u00e9veloppement d'un ordre proprement humain et artificiel, toujours plus \u00e9loign\u00e9 de la nature, \u00e0 laquelle il appartient mais de laquelle il ne cesse de s'\u00e9chapper. Pour l'homme le monde est radicalement inachev\u00e9.\r\nIl vit en effet dans une permanente insatisfaction, moteur d'un proc\u00e8s d'humanisation qui creuse entre lui et le monde lui ab\u00eeme impossible \u00e0 combler. Cet ouvrage d\u00e9crit cette dimension humaine en la d\u00e9clinant selon quatre grands ordres. L'ordre des b\u00e2tisseurs. Etre fragile, l'homme a d\u00fb construire des abris, mais tr\u00e8s vite il fut question de bien autre chose quand il \u00e9leva pour les dieux et pour les princes des b\u00e2timents faits pour d\u00e9fier le temps.\r\nL'architecture raconte l'homme in travers l'espace et le temps. Il fallait en rep\u00e9rer les articulations. L'ordre de la repr\u00e9sentation. Musique, po\u00e9sie, sculpture ou peinture, l'artifice est aussi l'image in travers laquelle nous nous arrachons \u00e0 la nature premi\u00e8re. Dans ce jeu de miroirs que les hommes ont instaur\u00e9 depuis les premi\u00e8res repr\u00e9sentations sur les parois des grottes, nous ne cessons de conjuguer la rupture d'avec une imm\u00e9diate pr\u00e9sence \u00e0 nous-m\u00eames.\r\nL'ordre des techniques. S'il avait suffi de se doter des outils indispensables \u00e0 notre survie, le d\u00e9veloppement technique aurait pu s'arr\u00eater \u00e0 l'aube du n\u00e9olithique. Il n'en fut rien. Dans la fr\u00e9n\u00e9sie technique il s'agit bien plut\u00f4t d'accomplir cette t\u00e2che d'humanisation \u00e0 laquelle l'incompl\u00e9tude du monde nous condamne. L'ordre de l'information. L\u00e0 encore l'humanit\u00e9 ne pouvait pas en rester au strict et n\u00e9cessaire \u00e9change d'information tel que certains animaux sociaux le pratiquent.\r\nL'ordre humain, c'est aussi celui d'un \u00e9change cr\u00e9ateur d'ordre, une mani\u00e8re symbolique d'organiser le monde.\r","authors":["G\u00e9rard Chazal"],"category_codes":["9000000","9080000"],"visuals":{"large":"https:\/\/images.epagine.fr\/388\/9782876734388_1_75.jpg","medium":"https:\/\/images.epagine.fr\/388\/9782876734388_1_m.jpg","thumbnail":"https:\/\/images.epagine.fr\/388\/9782876734388_1_v.jpg"},"orderable":true,"show_badge":true,"formatted_price":"25,00&nbsp;\u20ac","formatted_published_date":"13 avril 2006","publisher_availability_label":"Sur commande","short_details":"G\u00e9rard Chazal \u2014 CHAMP VALLON","translator":null,"weight":405,"page_count":285,"readership":null,"editor":"CHAMP VALLON","price":2500,"published_date":"2006-04-12T22:00:00.000000Z","support":"Grand format","publisher_availability":1,"stock":0,"editions":[],"url":"https:\/\/quaidesbrumes.com\/ouvrage\/9782876734388\/lordre-humain"},{"id":"9782747596350","title":"Philosophie et th\u00e9ologie en dialogue ; 1996-2006 ; Lipt une trace","description":"Philosophie et th\u00e9ologie : aujourd'hui les fronti\u00e8res semblent s'\u00eatre d\u00e9plac\u00e9es. En effet, la philosophie fran\u00e7aise plus que jamais s'occupe de th\u00e9ologie, alors que la th\u00e9ologie cherche dans la pens\u00e9e contemporaine les moyens de son propre renouvellement. Ancr\u00e9 dans une pratique commune de la philosophie et de la th\u00e9ologie, ce volume rassemble diverses contributions de philosophes et de th\u00e9ologiens d'une m\u00eame g\u00e9n\u00e9ration, ayant tent\u00e9 de r\u00e9fl\u00e9chir ensemble \u00e0 la nouveaut\u00e9 de ce rapport.\r","authors":["Collectif","Emmanuel Falque","Agata Zielinski"],"category_codes":["9000000","9080000","9080200","9080204"],"visuals":{"large":"https:\/\/images.epagine.fr\/350\/9782747596350_1_75.jpg","medium":"https:\/\/images.epagine.fr\/350\/9782747596350_1_m.jpg","thumbnail":"https:\/\/images.epagine.fr\/350\/9782747596350_1_v.jpg"},"orderable":true,"show_badge":true,"formatted_price":"20,00&nbsp;\u20ac","formatted_published_date":"1er d\u00e9cembre 2005","publisher_availability_label":"Sur commande","short_details":"Collectif, Emmanuel Falque, Agata Zielinski \u2014 \u00c9ditions L'Harmattan","translator":null,"weight":330,"page_count":200,"readership":null,"editor":"\u00c9ditions L'Harmattan","price":2000,"published_date":"2005-11-30T23:00:00.000000Z","support":"Grand format","publisher_availability":1,"stock":0,"editions":[],"url":"https:\/\/quaidesbrumes.com\/ouvrage\/9782747596350\/philosophie-et-theologie-en-dialogue-1996-2006-lipt-une-trace"},{"id":"9782747588881","title":"M\u00e9taphysique et philosophie transcendantale selon Kant","description":"La philosophie transcendantale de Kant, en tant que science m\u00e9taphysique r\u00e9form\u00e9e et syst\u00e8me des connaissances rationnelles pures, est-elle pr\u00e9esquiss\u00e9e dans sa philosophie critique, ou bien reste-t-elle un horizon pour le criticisme, son prolongement et son ach\u00e8vement futurs. Comment s'articulent, dans l'oeuvre kantienne, le m\u00e9taphysique, le sp\u00e9culatif, le critique et le transcendantal, voire le transcendant ? C'est \u00e0 ces questions fondamentales du kantisme que le pr\u00e9sent volume tente d'apporter quelques \u00e9l\u00e9ments de r\u00e9ponse.","authors":["Mai Lequan"],"category_codes":["9000000","9080000"],"visuals":{"large":"https:\/\/images.epagine.fr\/881\/9782747588881_1_75.jpg","medium":"https:\/\/images.epagine.fr\/881\/9782747588881_1_m.jpg","thumbnail":"https:\/\/images.epagine.fr\/881\/9782747588881_1_v.jpg"},"orderable":true,"show_badge":true,"formatted_price":"27,00&nbsp;\u20ac","formatted_published_date":"1er octobre 2005","publisher_availability_label":"Sur commande","short_details":"Mai Lequan \u2014 \u00c9ditions L'Harmattan","translator":null,"weight":310,"page_count":292,"readership":null,"editor":"\u00c9ditions L'Harmattan","price":2700,"published_date":"2005-09-30T22:00:00.000000Z","support":"Grand format","publisher_availability":1,"stock":0,"editions":[],"url":"https:\/\/quaidesbrumes.com\/ouvrage\/9782747588881\/metaphysique-et-philosophie-transcendantale-selon-kant"},{"id":"9782747591669","title":"Individu et technologie","description":"Cet ouvrage est sign\u00e9 par deux auteurs: un philosophe et un scientifique. L'objet de leur recherche n'est autre que l'individu d'aujourd'hui. Celui-ci, plac\u00e9 dans un monde \u00e0 haute densit\u00e9 technologique, peut et doit \u00eatre pens\u00e9, tant sur le plan scientifique que philosophique. Prenant la parole \u00e0 tour de r\u00f4le, ils abordent aux temps pass\u00e9, pr\u00e9sent et futur, la relation entre l'homme et l'artefact, en la situant dans la perspective de la r\u00e9flexion actuelle sur l'\u00e9cologie.\r","authors":["Bernard Baudry","Stanislas Breton"],"category_codes":["9000000","9080000"],"visuals":{"large":"https:\/\/images.epagine.fr\/669\/9782747591669_1_75.jpg","medium":"https:\/\/images.epagine.fr\/669\/9782747591669_1_m.jpg","thumbnail":"https:\/\/images.epagine.fr\/669\/9782747591669_1_v.jpg"},"orderable":true,"show_badge":true,"formatted_price":"16,00&nbsp;\u20ac","formatted_published_date":"1er octobre 2005","publisher_availability_label":"Sur commande","short_details":"Bernard Baudry, Stanislas Breton \u2014 \u00c9ditions L'Harmattan","translator":null,"weight":180,"page_count":164,"readership":null,"editor":"\u00c9ditions L'Harmattan","price":1600,"published_date":"2005-09-30T22:00:00.000000Z","support":"Grand format","publisher_availability":1,"stock":0,"editions":[],"url":"https:\/\/quaidesbrumes.com\/ouvrage\/9782747591669\/individu-et-technologie"},{"id":"9782747592109","title":"Th\u00e9orie-r\u00e9bellion : Un ultimatum","description":"Qu'il s'agisse de d\u00e9noncer le marasme th\u00e9orique et les d\u00e9missions en s\u00e9rie dans la pens\u00e9e qui font l'ordinaire de la \"vie intellectuelle\" en France et ailleurs depuis presque 30 ans, ou qu'il s'agisse plut\u00f4t d'\u00e9noncer un programme, dans tous les cas les r\u00e9ponses \u00e0 l'appel lanc\u00e9 sont de r\u00e9bellion. Le d\u00e9veloppement de la th\u00e9orie-r\u00e9bellion, c'est-\u00e0-dire de la r\u00e9bellion par les voies de la th\u00e9orie est un ultimatum \u00e0 l'adresse de ceux qui ne travaillent pas \u00e0 une pens\u00e9e inventive, exigeante, tranchante, jubilatoire, dont les sans-philosophie se font un devoir d'honorer d'une guerre leur d\u00e9faillance \u00e0 y satisfaire.\r\n\r\nTextes de : Tristan Aguilar, Aristides Alonso, Juan Asensio, Rosane Azevedo de Araujo, Jason Barker, Ward Blanton, Ray Brassier, Laurent Carraz, Hugues Choplin, Jacques Colette, Carlos Contreras Guala, Mathias Daval, Creston Davis, Natalie Depraz, Danilo Di Manno de Almeida, le Dojo cin\u00e9ma, Bruno Duval, Cyril Epstein, Jean-Pierre Faye, Oliver Feltham, Fabrice Flipo, Jacques Fradin, Genevi\u00e8ve Fraisse, Gilles Grelet, Paul Hegarty, Gilbert Hottois, Gilbert Kieffer, Jean-Michel Lacrosse, Fran\u00e7ois Laruelle, Michel Maffesoli, Potiguara Mendes da Silveira Jr., Lafcadio Mortimer, Valentine Moulard-Leonard, Didier Moulinier, Janusz Przychodzen, Sathya Rao, Herv\u00e9 Regnauld, Pierre Riffard, Anne-Fran\u00e7oise Schmid, Pascal Sevez, Boris Sirbey, Richard S\u00fcnder, Francis Wybrands.","authors":["Gilles Grelet"],"category_codes":["9000000","9080000"],"visuals":{"large":"https:\/\/images.epagine.fr\/109\/9782747592109_1_75.jpg","medium":"https:\/\/images.epagine.fr\/109\/9782747592109_1_m.jpg","thumbnail":"https:\/\/images.epagine.fr\/109\/9782747592109_1_v.jpg"},"orderable":true,"show_badge":true,"formatted_price":"16,00&nbsp;\u20ac","formatted_published_date":"1er octobre 2005","publisher_availability_label":"Sur commande","short_details":"Gilles Grelet \u2014 \u00c9ditions L'Harmattan","translator":null,"weight":180,"page_count":162,"readership":null,"editor":"\u00c9ditions L'Harmattan","price":1600,"published_date":"2005-09-30T22:00:00.000000Z","support":"Grand format","publisher_availability":1,"stock":0,"editions":[],"url":"https:\/\/quaidesbrumes.com\/ouvrage\/9782747592109\/theorie-rebellion-un-ultimatum"},{"id":"9782748017212","title":"De l'energie primordiale a la conscience universelle et le fantasme de dieu","description":null,"authors":["Claude Raulet"],"category_codes":["9000000","9080000","9080200","9080204"],"visuals":{"large":"https:\/\/quaidesbrumes.com\/img\/book-placeholder.png","medium":"https:\/\/quaidesbrumes.com\/img\/book-placeholder.png","thumbnail":"https:\/\/quaidesbrumes.com\/img\/book-placeholder.png"},"orderable":true,"show_badge":true,"formatted_price":"20,00&nbsp;\u20ac","formatted_published_date":"5 juillet 2004","publisher_availability_label":"Sur commande","short_details":"Claude Raulet \u2014 Societe Des Ecrivains","translator":null,"weight":0,"page_count":null,"readership":null,"editor":"Societe Des Ecrivains","price":2000,"published_date":"2004-07-04T22:00:00.000000Z","support":"Grand format","publisher_availability":1,"stock":0,"editions":[],"url":"https:\/\/quaidesbrumes.com\/ouvrage\/9782748017212\/de-lenergie-primordiale-a-la-conscience-universelle-et-le-fantasme-de-dieu"},{"id":"9782902707317","title":"C.g. jung et la voie des profondeurs","description":"Dans l'actuel climat de d\u00e9tresse spirituelle, parmi les ruines des id\u00e9ologies dont celles de la psychanalyse, un astre poursuit sa mont\u00e9e silencieuse et s\u00fbre : celui de Carl-Gustav Jung, le p\u00e8re de la psychologie des profondeurs.\r\nLe pr\u00e9sent volume vise \u00e0 faire mieux conna\u00eetre la figure de celui en qui Hermann Hesse voyait \" une montagne immense, titi extraordinaire g\u00e9nie \" et \u00e0 fournir aux lecteurs une introduction \u00e0 son oeuvre qui soit \u00e0 la fois claire, centrale et sans concession aux modes passag\u00e8res de pens\u00e9e et de langage. Pour le r\u00e9aliser, Etienne Perrot et Francine Saint Ren\u00e9 Taillandier se sont assur\u00e9 le concours de sp\u00e9cialistes internationaux hautement qualifi\u00e9s, dont certains, comme Marie-Louise von Franz, Barbara Hannah, Aniela Jaff\u00e9 et Gerhard Adler, sont d\u00e9j\u00e0 bien connus du public francophone.\r\nDeux \u00e9vocations de la personnalit\u00e9 de Jung encadrent un r\u00e9cit de la lutte courageuse de ce dernier contre le nazisme. La voie junguienne est ensuite examin\u00e9e sous des formes vari\u00e9es, mais toujours reli\u00e9es \u00e0 ce qui en est le centre et le but : le Soi, r\u00e9alit\u00e9 transpersonnelle au coeur de l'homme. Sont \u00e9tudi\u00e9s successivement le processus d'individuation, l'imagination active, la synchronicit\u00e9 (unus mundus), le lien avec l'alchimie, etc.\r","authors":["Collectif"],"category_codes":["9000000","9080000","9080200","9080204"],"visuals":{"large":"https:\/\/images.epagine.fr\/317\/9782902707317_1_75.jpg","medium":"https:\/\/images.epagine.fr\/317\/9782902707317_1_m.jpg","thumbnail":"https:\/\/images.epagine.fr\/317\/9782902707317_1_v.jpg"},"orderable":true,"show_badge":true,"formatted_price":"22,00&nbsp;\u20ac","formatted_published_date":"10 juin 2003","publisher_availability_label":"Sur commande","short_details":"Collectif \u2014 Fontaine De Pierre","translator":null,"weight":672,"page_count":390,"readership":null,"editor":"Fontaine De Pierre","price":2200,"published_date":"2003-06-09T22:00:00.000000Z","support":"Grand format","publisher_availability":1,"stock":0,"editions":[],"url":"https:\/\/quaidesbrumes.com\/ouvrage\/9782902707317\/cg-jung-et-la-voie-des-profondeurs"}]}