{"data":[{"id":"9782747584210","title":"La philosophie de la culture grecque","description":"Investigations pr\u00e9cises et comparatistes: sto\u00efcisme\/Kant, sto\u00efcisme\/christianisme, philosophes grecs\/Montaigne, cosmos grec\/pens\u00e9e scientifique, philosophique, \u00e9thique et juridique contemporaine, Denys l'Ar\u00e9opagite\/Leibniz, philosophie grecque\/po\u00e9sie, renaissance de Bovelles par Pierre Magnard, novation hell\u00e9nique par Evangh\u00e9los Moutsopoulos. Ce comparatisme implique une \u00e9pist\u00e9mologie de la philosophie - et m\u00eame de la po\u00e9sie.\r","authors":["Jean-Marc Gabaude"],"category_codes":["9000000","9080000"],"visuals":{"large":"https:\/\/images.epagine.fr\/210\/9782747584210_1_75.jpg","medium":"https:\/\/images.epagine.fr\/210\/9782747584210_1_m.jpg","thumbnail":"https:\/\/images.epagine.fr\/210\/9782747584210_1_v.jpg"},"orderable":true,"show_badge":true,"formatted_price":"27,50&nbsp;\u20ac","formatted_published_date":"2 juin 2005","publisher_availability_label":"Sur commande","short_details":"Jean-Marc Gabaude \u2014 \u00c9ditions L'Harmattan","translator":null,"weight":500,"page_count":300,"readership":null,"editor":"\u00c9ditions L'Harmattan","price":2750,"published_date":"2005-06-01T22:00:00.000000Z","support":"Grand format","publisher_availability":1,"stock":0,"editions":[],"url":"https:\/\/quaidesbrumes.com\/ouvrage\/9782747584210\/la-philosophie-de-la-culture-grecque"},{"id":"9782747589994","title":"Qu'est-ce que la philosophie? - asclepios et les amis de la sagesse","description":"Qu'est-ce que la philosophieoe Cette question simple ne devrait pas poser de v\u00e9ritables difficult\u00e9s puisque nous utilisons r\u00e9guli\u00e8rement le mot ainsi que ceux de m\u00eame famille (philosophe, philosopher). Mais une fois que l'on a rappel\u00e9 son origine grecque et son \u00e9tymologie, beaucoup se trouvent embarrass\u00e9s. Puisque la philosophie est n\u00e9e chez les Hell\u00e8nes avant d'\u00eatre transmise aux Romains, c'est en s'int\u00e9ressant \u00e0 cette longue p\u00e9riode qui va de Thal\u00e8s de Milet (640-548 av. J.C.) \u00e0 Plotin (204-270) que l'on pourra trouver une r\u00e9ponse.\r","authors":["Howard Hair"],"category_codes":["9000000","9080000"],"visuals":{"large":"https:\/\/images.epagine.fr\/994\/9782747589994_1_75.jpg","medium":"https:\/\/images.epagine.fr\/994\/9782747589994_1_m.jpg","thumbnail":"https:\/\/images.epagine.fr\/994\/9782747589994_1_v.jpg"},"orderable":true,"show_badge":true,"formatted_price":"14,00&nbsp;\u20ac","formatted_published_date":"1er septembre 2005","publisher_availability_label":"Sur commande","short_details":"Howard Hair \u2014 \u00c9ditions L'Harmattan","translator":null,"weight":180,"page_count":140,"readership":null,"editor":"\u00c9ditions L'Harmattan","price":1400,"published_date":"2005-08-31T22:00:00.000000Z","support":"Grand format","publisher_availability":1,"stock":0,"editions":[],"url":"https:\/\/quaidesbrumes.com\/ouvrage\/9782747589994\/quest-ce-que-la-philosophie-asclepios-et-les-amis-de-la-sagesse"},{"id":"9782296005105","title":"Quand l'evenement depasse le previsible... - critique de l'horloge deterministe","description":"L'inattendu peut transformer le cours du temps. Dans un premier moment, il provoque la surprise, m\u00eame si apr\u00e8s coup il peut s'av\u00e9rer pr\u00e9visible. Contrairement \u00e0 ce que laisse croire le pessimisme ambiant, l'\u00e9ventail des possibles ne cesse de s'\u00e9largir. Comment nous approcher des \u00e9v\u00e9nements dont la plan\u00e8te a besoin pour assurer l'avenir du genre humain ? Quels \u00e9v\u00e9nements peuvent permettre de donner \u00e0 ceux qui n'ont jamais exerc\u00e9 librement et rationnellement leur pouvoir, d'\u00eatre enfin acteurs de leur vie et de leur connaissance oe\r","authors":["Arnaud Spire"],"category_codes":["9000000","9080000"],"visuals":{"large":"https:\/\/images.epagine.fr\/105\/9782296005105_1_75.jpg","medium":"https:\/\/images.epagine.fr\/105\/9782296005105_1_m.jpg","thumbnail":"https:\/\/images.epagine.fr\/105\/9782296005105_1_v.jpg"},"orderable":true,"show_badge":true,"formatted_price":"18,00&nbsp;\u20ac","formatted_published_date":"15 mars 2006","publisher_availability_label":"Sur commande","short_details":"Arnaud Spire \u2014 \u00c9ditions L'Harmattan","translator":null,"weight":210,"page_count":190,"readership":null,"editor":"\u00c9ditions L'Harmattan","price":1800,"published_date":"2006-03-14T23:00:00.000000Z","support":"Grand format","publisher_availability":1,"stock":0,"editions":[],"url":"https:\/\/quaidesbrumes.com\/ouvrage\/9782296005105\/quand-levenement-depasse-le-previsible-critique-de-lhorloge-deterministe"},{"id":"9782234058064","title":"Nouvelle petite philosophie","description":"Comment rendre la philosophie vivante et accessible \u00e0 des non-sp\u00e9cialistes ? En s?adressant \u00e0 Albert Jacquard ! Interrog\u00e9 par Huguette Plan\u00e8s, professeur de philosophie au lyc\u00e9e d?Albi, Albert Jacquard examine un certain nombre de notions dont quelques-unes appartiennent au programme des classes de terminale ? totalitarisme, rationnel\/irrationnel, violence, d\u00e9sir, citoyennet\u00e9, par exemple ? et d?autres font partie des questions dont chacun entend parler tous les jours ? bio\u00e9thique, \u00e9cologie, droits des femmes, internet, jeunesse, mondialisation, solidarit\u00e9, etc. \r\nAvec des mots simples, il nous rend accessibles des univers de pens\u00e9e qu?on croyait r\u00e9serv\u00e9s aux sp\u00e9cialistes.","authors":["Albert Jacquard","Huguette Plan\u00e8s"],"category_codes":["9000000","9080000","9080200","9080204"],"visuals":{"large":"https:\/\/images.epagine.fr\/064\/9782234058064_1_75.jpg","medium":"https:\/\/images.epagine.fr\/064\/9782234058064_1_m.jpg","thumbnail":"https:\/\/images.epagine.fr\/064\/9782234058064_1_v.jpg"},"orderable":true,"show_badge":true,"formatted_price":"20,50&nbsp;\u20ac","formatted_published_date":"14 septembre 2005","publisher_availability_label":"Sur commande","short_details":"Albert Jacquard, Huguette Plan\u00e8s \u2014 Stock","translator":null,"weight":282,"page_count":252,"readership":null,"editor":"Stock","price":2050,"published_date":"2005-09-13T22:00:00.000000Z","support":"Grand format","publisher_availability":1,"stock":0,"editions":[],"url":"https:\/\/quaidesbrumes.com\/ouvrage\/9782234058064\/nouvelle-petite-philosophie"},{"id":"9782296115910","title":"De la d\u00e9mesure \u00e0 l'\u00e9quilibre : quel projet politique ? Di-Apol","description":"A chaque \u00e9poque il y eut un monde en d\u00e9composition et un monde en devenir. On ne r\u00e9sout pas une crise, on l'accompagne. Il y a un \u00e9quilibre qui se cherche en permanence, des tendances qui s'affrontent, des dominances qui menacent. DI - APOL (Dionysos et Apollon), ces t\u00e9moins de la mesure et de la d\u00e9mesure, propose une action politique qui \u00e9claire le sens de l'\u00e9quilibre. Le vrai projet politique \u00e0 inventer, c'est l'\u00e9thique de la mesure qui saura instruire le bonheur de demain \u00e0 travers l'\u00e9quilibre de nos vies.\r","authors":["Antoine Tillie"],"category_codes":["9000000","9080000","9080200","9080204"],"visuals":{"large":"https:\/\/images.epagine.fr\/910\/9782296115910_1_75.jpg","medium":"https:\/\/images.epagine.fr\/910\/9782296115910_1_m.jpg","thumbnail":"https:\/\/images.epagine.fr\/910\/9782296115910_1_v.jpg"},"orderable":true,"show_badge":true,"formatted_price":"21,50&nbsp;\u20ac","formatted_published_date":"7 avril 2010","publisher_availability_label":"Sur commande","short_details":"Antoine Tillie \u2014 \u00c9ditions L'Harmattan","translator":null,"weight":320,"page_count":null,"readership":null,"editor":"\u00c9ditions L'Harmattan","price":2150,"published_date":"2010-04-06T22:00:00.000000Z","support":"Grand format","publisher_availability":1,"stock":0,"editions":[],"url":"https:\/\/quaidesbrumes.com\/ouvrage\/9782296115910\/de-la-demesure-a-lequilibre-quel-projet-politique-di-apol"},{"id":"9782747588607","title":"Le sens des choses : Une logique d'organisation de l'univers","description":"Mais quelle est donc cette raison simple, car naturelle, qui expliquerait que les strat\u00e9gies appliqu\u00e9es par une bact\u00e9rie pour survivre n'ont rien \u00e0 envier \u00e0 celles que d\u00e9ploie une entreprise moderne pour s'affirmer sur son march\u00e9 ? Par-del\u00e0 les fronti\u00e8res qui cloisonnent les champs de connaissance, l'auteur vous entra\u00eene \u00e0 la d\u00e9couverte d'une logique naturelle d'organisation jusqu'\u00e0 pr\u00e9sent inexpliqu\u00e9e. Par des exemples simples, il d\u00e9code diverses situations dans la nature, la soci\u00e9t\u00e9, l'entreprise, la vie quotidienne.","authors":["Henri Lozano"],"category_codes":["9000000","9080000"],"visuals":{"large":"https:\/\/images.epagine.fr\/607\/9782747588607_1_75.jpg","medium":"https:\/\/images.epagine.fr\/607\/9782747588607_1_m.jpg","thumbnail":"https:\/\/images.epagine.fr\/607\/9782747588607_1_v.jpg"},"orderable":true,"show_badge":true,"formatted_price":"12,50&nbsp;\u20ac","formatted_published_date":"1er septembre 2005","publisher_availability_label":"Sur commande","short_details":"Henri Lozano \u2014 \u00c9ditions L'Harmattan","translator":null,"weight":155,"page_count":114,"readership":null,"editor":"\u00c9ditions L'Harmattan","price":1250,"published_date":"2005-08-31T22:00:00.000000Z","support":"Grand format","publisher_availability":1,"stock":0,"editions":[],"url":"https:\/\/quaidesbrumes.com\/ouvrage\/9782747588607\/le-sens-des-choses-une-logique-dorganisation-de-lunivers"},{"id":"9782747588645","title":"De Prom\u00e9th\u00e9e au mythe du progr\u00e8s : Mythologie de l'id\u00e9al progressiste","description":"Le mythe du progr\u00e8s est un pur produit de la culture occidentale. Combinaison a priori inattendue de la rencontre entre Imaginaire et Rationalisme, il puise ses lointaines racines au coeur de la tradition mythologique classique, aupr\u00e8s de la figure de Prom\u00e9th\u00e9e. Quelques si\u00e8cles plus tard, l'id\u00e9e de progr\u00e8s se dessine plus pr\u00e9cis\u00e9ment : elle b\u00e9n\u00e9ficie alors de l'influence de la culture jud\u00e9o-chr\u00e9tienne \u00e0 la fois dans la consid\u00e9ration d'un principe de progression de l'histoire de l'humanit\u00e9, mais \u00e9galement dans la repr\u00e9sentation attribu\u00e9 \u00e0 l'homme quant \u00e0 son rapport \u00e0 la nature.\r","authors":["Sylvie Mullie"],"category_codes":["9000000","9080000"],"visuals":{"large":"https:\/\/images.epagine.fr\/645\/9782747588645_1_75.jpg","medium":"https:\/\/images.epagine.fr\/645\/9782747588645_1_m.jpg","thumbnail":"https:\/\/images.epagine.fr\/645\/9782747588645_1_v.jpg"},"orderable":true,"show_badge":true,"formatted_price":"20,50&nbsp;\u20ac","formatted_published_date":"1er septembre 2005","publisher_availability_label":"Sur commande","short_details":"Sylvie Mullie \u2014 \u00c9ditions L'Harmattan","translator":null,"weight":280,"page_count":218,"readership":null,"editor":"\u00c9ditions L'Harmattan","price":2050,"published_date":"2005-08-31T22:00:00.000000Z","support":"Grand format","publisher_availability":1,"stock":0,"editions":[],"url":"https:\/\/quaidesbrumes.com\/ouvrage\/9782747588645\/de-promethee-au-mythe-du-progres-mythologie-de-lideal-progressiste"},{"id":"9782296005211","title":"Philosophie et psychologie","description":"On oublie trop souvent que le psychologue Pierre Janet (1859-1947) a aussi \u00e9t\u00e9 un \u00e9minent professeur de philosophie. C'est en 1896 que Janet fait imprimer son cours de philosophie pour les lyc\u00e9es. Ce livre r\u00e9sume toutes ses id\u00e9es en la mati\u00e8re (psychologie, logique, morale, m\u00e9taphysique, histoire des doctrines) avant qu'il n'acc\u00e8de \u00e0 l'enseignement sup\u00e9rieur et se consacre pleinement \u00e0 d\u00e9velopper sa psychologie. Nous reproduisons ici l'\u00e9dition originale (1896) du livre de Janet Philosophie qui fut r\u00e9\u00e9dit\u00e9 \u00e0 maintes reprises. La lecture de cet ouvrage donne les bases philosophiques sur lesquelles l'auteur s'est appuy\u00e9 pour \u00e9difier sa psychologie.\r","authors":["Pierre Janet"],"category_codes":["9000000","9080000"],"visuals":{"large":"https:\/\/images.epagine.fr\/211\/9782296005211_1_75.jpg","medium":"https:\/\/images.epagine.fr\/211\/9782296005211_1_m.jpg","thumbnail":"https:\/\/images.epagine.fr\/211\/9782296005211_1_v.jpg"},"orderable":true,"show_badge":true,"formatted_price":"38,00&nbsp;\u20ac","formatted_published_date":"15 mars 2006","publisher_availability_label":"Sur commande","short_details":"Pierre Janet \u2014 \u00c9ditions L'Harmattan","translator":null,"weight":468,"page_count":424,"readership":null,"editor":"\u00c9ditions L'Harmattan","price":3800,"published_date":"2006-03-14T23:00:00.000000Z","support":"Grand format","publisher_availability":1,"stock":0,"editions":[],"url":"https:\/\/quaidesbrumes.com\/ouvrage\/9782296005211\/philosophie-et-psychologie"},{"id":"9782343148830","title":"Descartes \u00e0 la lumi\u00e8re de l'\u00e9vidence ; exercice spirituel et controverses","description":"\"C'est \u00e0 une toute nouvelle lecture des \"\"M\u00e9ditations m\u00e9taphysiques\"\" de Descartes que ce livre nous convie. Sont mises en avant des erreurs de traduction du latin, sources d'incompr\u00e9hensions et de contre-sens. L'auteur souligne le r\u00f4le central de l'\u00e9vidence dans la pens\u00e9e de Descartes. Plus qu'un commentaire, l'ouvrage se pr\u00e9sente comme une exp\u00e9rience de pens\u00e9e, un exercice spirituel, une m\u00e9ditation. Il est suivi d'un d\u00e9bat avec des commentateurs reconnus de la pens\u00e9e cart\u00e9sienne. Tout ceci pour se distancier d'un soi-disant \u00ab rationalisme cart\u00e9sien \u00bb.\"","authors":["Francoise Pochon-Wesolek"],"category_codes":["9000000","9080000","9080600"],"visuals":{"large":"https:\/\/images.epagine.fr\/830\/9782343148830_1_75.jpg","medium":"https:\/\/images.epagine.fr\/830\/9782343148830_1_m.jpg","thumbnail":"https:\/\/images.epagine.fr\/830\/9782343148830_1_v.jpg"},"orderable":true,"show_badge":true,"formatted_price":"21,50&nbsp;\u20ac","formatted_published_date":"18 mai 2018","publisher_availability_label":"Sur commande","short_details":"Francoise Pochon-Wesolek \u2014 \u00c9ditions L'Harmattan","translator":null,"weight":294,"page_count":182,"readership":null,"editor":"\u00c9ditions L'Harmattan","price":2150,"published_date":"2018-05-17T22:00:00.000000Z","support":"Grand format","publisher_availability":1,"stock":0,"editions":[],"url":"https:\/\/quaidesbrumes.com\/ouvrage\/9782343148830\/descartes-a-la-lumiere-de-levidence-exercice-spirituel-et-controverses"},{"id":"9782747585866","title":"Penser la connaissance et la technique apr\u00e8s Simondon","description":"Second volet de Penser l'individuation, Penser la connaissance et la technique apr\u00e8s Simondon poursuit et ach\u00e8ve l'ex\u00e9g\u00e8se de l'ensemble de l'oeuvre de Simondon, mais en donnant \u00e0 cette ex\u00e9g\u00e8se un tour plus pol\u00e9mique. Aujourd'hui d\u00e9couverte ou red\u00e9couverte par un nombre croissant de philosophes et scientifiques, la pens\u00e9e de Simondon ne s'est pas content\u00e9e de r\u00e9habiliter la philosophie de la nature sous la forme d'une ontologie g\u00e9n\u00e9tique non-objectivante. Elle a aussi voulu r\u00e9habiliter d'une part l'analogie, d'autre part la technique.\r","authors":["Jean-hugues Barth\u00e9lemy"],"category_codes":["9000000","9080000"],"visuals":{"large":"https:\/\/images.epagine.fr\/866\/9782747585866_1_75.jpg","medium":"https:\/\/images.epagine.fr\/866\/9782747585866_1_m.jpg","thumbnail":"https:\/\/images.epagine.fr\/866\/9782747585866_1_v.jpg"},"orderable":true,"show_badge":true,"formatted_price":"30,00&nbsp;\u20ac","formatted_published_date":"1er juin 2005","publisher_availability_label":"Sur commande","short_details":"Jean-hugues Barth\u00e9lemy \u2014 \u00c9ditions L'Harmattan","translator":null,"weight":390,"page_count":314,"readership":null,"editor":"\u00c9ditions L'Harmattan","price":3000,"published_date":"2005-05-31T22:00:00.000000Z","support":"Grand format","publisher_availability":1,"stock":0,"editions":[],"url":"https:\/\/quaidesbrumes.com\/ouvrage\/9782747585866\/penser-la-connaissance-et-la-technique-apres-simondon"},{"id":"9782200344719","title":"Les th\u00e9ories de la justice dans l'Antiquit\u00e9","description":"Nouvelle pr\u00e9sentationL'Antiquit\u00e9 a largement f\u00e9cond\u00e9 les approches modernes et contemporaines de la justice en Occident. Le pr\u00e9sent ouvrage se propose de restituer la richesse du d\u00e9bat antique sur la justice et de pr\u00e9senter les th\u00e8ses les plus remarquables, tout en faisant ressortir continuit\u00e9s et points de rupture. D'H\u00e9siode \u00e0 Plotin en passant par les Pr\u00e9socratiques, les Sophistes, Platon, Aristote, \u00c9picure et les Sto\u00efciens, se d\u00e9clinent des positions th\u00e9oriques tr\u00e8s structur\u00e9es, sous-tendues par des oppositions ma\u00eetresses, comme ch\u00e2timent et purification, apparence et vertu, int\u00e9r\u00eat et g\u00e9n\u00e9rosit\u00e9, force et harmonie, \u00e9galit\u00e9 arithm\u00e9tique et proportionnelle, nature et convention. L'on comprend alors pourquoi, par-d\u00e9l\u00e0 le christianisme, notre modernit\u00e9 cherche \u00e0 lire son avenir dans son origine.Jean-Fran\u00e7ois BALAUD\u00c9 est ma\u00eetre de conf\u00e9rences \u00e0 l'universit\u00e9 de Paris-X Nanterre.Approches pr\u00e9-platoniciennes de la justice. Platon : la philosophie et le devoir de justice. Aristote et les P\u00e9ripat\u00e9ticiens : les justices. \u00c9picurisme et sto\u00efcisme : la justice entre \u00e9thique et politique.","authors":["Balaude J-F."],"category_codes":["9000000","9080000"],"visuals":{"large":"https:\/\/images.epagine.fr\/719\/9782200344719_1_75.jpg","medium":"https:\/\/images.epagine.fr\/719\/9782200344719_1_m.jpg","thumbnail":"https:\/\/images.epagine.fr\/719\/9782200344719_1_v.jpg"},"orderable":true,"show_badge":true,"formatted_price":"13,00&nbsp;\u20ac","formatted_published_date":"1er juillet 2005","publisher_availability_label":"Sur commande","short_details":"Balaude J-F. \u2014 Armand Colin","translator":null,"weight":127,"page_count":128,"readership":null,"editor":"Armand Colin","price":1300,"published_date":"2005-06-30T22:00:00.000000Z","support":"Grand format","publisher_availability":1,"stock":0,"editions":[],"url":"https:\/\/quaidesbrumes.com\/ouvrage\/9782200344719\/les-theories-de-la-justice-dans-lantiquite"},{"id":"9782246720010","title":"Trait\u00e9 de savoir survivre par temps obscurs","description":"Philippe Val est apparu au premier plan de la sc\u00e8ne politique quand il a publi\u00e9, en f\u00e9vrier 2005, dans Charlie-Hebdo, les fameuses caricatures danoises de Mahomet. Mais depuis plus de dix ans, cet \u00e9ditorialiste aff\u00fbt\u00e9, brillant, moqueur, engag\u00e9 \u00e0 gauche mais en homme libre, n'\u00e9pargne ni les uns, ni les autres. Il a affich\u00e9 son \u00ab Oui \u00bb \u00e0 la constitution europ\u00e9enne, et son \u00ab Non \u00bb aux islamistes en cravate. Il combat les multinationales inhumaines, mais aussi les arracheurs de cultures transg\u00e9niques? Ses prises de position, souvent \u00e9tonnantes, toujours \u00e9tay\u00e9es, ont fait de lui une personnalit\u00e9 iconoclaste, admir\u00e9e, contest\u00e9e, centrale. Apr\u00e8s des ann\u00e9es de travail et de lecture, aiguillonn\u00e9 par un monde aux plaques tectoniques en perp\u00e9tuelle friction, mais qu'il estime passionnant, riche, plein de beaut\u00e9s, Philippe Val nous confie son premier grand essai : un \u00ab trait\u00e9 de savoir-survivre par temps obscurs \u00bb. En vingt-trois chapitres parfaitement embo\u00eet\u00e9s, tress\u00e9s de citations, de lectures, de films, de faits historiques, il tente de d\u00e9finir ce que pourrait \u00eatre un \u00ab nouvel homme des lumi\u00e8res \u00bb. Comment ne pas se laisser \u00ab dominer par l'esp\u00e8ce \u00bb ; comment sublimer notre part sombre, faite de violence et de ressentiment ; comment agir en homme libre. Bref, comment ne pas donner prise \u00e0 la culture du \u00abmalaise dans la civilisation \u00bb, pente si courante dans un temps qui a connu les totalitarismes, la terreur, l'abjection ?Philippe Val nous propose aujourd'hui sa \u00ab m\u00e9thode \u00bb. Dans ces pages, nulle froide r\u00e9thorique, mais une approche spinoziste : \u00ab Si dieu le veut. Le but des Lumi\u00e8res a \u00e9t\u00e9 de rendre absurdes et impronon\u00e7ables ces mots qui scellent le mariage de l'individu avec son propre malheur. C'est par le travail de la pens\u00e9e que commence le divorce. S'il est vain de penser que l'on \u00e9liminera un jour la souffrance, on peut en revanche conjurer la tristesse, qui n'est pas seulement la cons\u00e9quence, mais aussi la cause de nos malheurs. Lecteur, si mon livre te donne l'intuition que la joie est moins inaccessible qu'il n'y para\u00eet, j'aurai atteint mon but. Il est difficile de tenir une certitude dans ce monde changeant mais il en est une que Verlaine \u00e9nonce dans \u00ab Ecoutez la chanson \u00bb : \u00ab Allez ! rien n'est meilleur \u00e0 l \u00e2me \/ Que de faire une \u00e2me moins triste. \u00bb","authors":["Philippe Val"],"category_codes":["9000000","9080000","9080200","9080204"],"visuals":{"large":"https:\/\/images.epagine.fr\/010\/9782246720010_1_75.jpg","medium":"https:\/\/images.epagine.fr\/010\/9782246720010_1_m.jpg","thumbnail":"https:\/\/images.epagine.fr\/010\/9782246720010_1_v.jpg"},"orderable":true,"show_badge":true,"formatted_price":"17,90&nbsp;\u20ac","formatted_published_date":"10 janvier 2007","publisher_availability_label":"Sur commande","short_details":"Philippe Val \u2014 \u00c9ditions Grasset","translator":null,"weight":257,"page_count":252,"readership":null,"editor":"\u00c9ditions Grasset","price":1790,"published_date":"2007-01-09T23:00:00.000000Z","support":"Grand format","publisher_availability":1,"stock":0,"editions":[],"url":"https:\/\/quaidesbrumes.com\/ouvrage\/9782246720010\/traite-de-savoir-survivre-par-temps-obscurs"},{"id":"9782350040578","title":"Eloge du sport","description":"En quoi, pour des millions de spectateurs, consiste la fascination du sport, si l'int\u00e9r\u00eat ne se borne pas seulement \u00e0 la question : qui remportera la victoire, qui sera perdant oe\r\nL'auteur met son doigt de philosophe sur un ph\u00e9nom\u00e8ne de masse en invitant le lecteur \u00e0 partager avec lui certains moments d'extase o\u00f9, sid\u00e9r\u00e9, il s'est trouv\u00e9 devant le spectacle de la beaut\u00e9 athl\u00e9tique. C'est cette notion de pr\u00e9sence que partage le sportif et le spectateur, quand le premier \" s'abandonne dans une intensit\u00e9 focalis\u00e9e \" au moment extr\u00eame de son art et que l'autre \u00e9prouve une jouissance esth\u00e9tique incomparable. \r\n\r","authors":["Hans-ulrich Gumbrecht"],"category_codes":["9000000","9080000","9080200","9080204"],"visuals":{"large":"https:\/\/images.epagine.fr\/578\/9782350040578_1_75.jpg","medium":"https:\/\/images.epagine.fr\/578\/9782350040578_1_m.jpg","thumbnail":"https:\/\/images.epagine.fr\/578\/9782350040578_1_v.jpg"},"orderable":true,"show_badge":true,"formatted_price":"20,30&nbsp;\u20ac","formatted_published_date":"18 mai 2006","publisher_availability_label":"Sur commande","short_details":"Hans-ulrich Gumbrecht \u2014 \u00c9ditions Buchet\/Chastel","translator":null,"weight":330,"page_count":205,"readership":null,"editor":"\u00c9ditions Buchet\/Chastel","price":2030,"published_date":"2006-05-17T22:00:00.000000Z","support":"Grand format","publisher_availability":1,"stock":0,"editions":[],"url":"https:\/\/quaidesbrumes.com\/ouvrage\/9782350040578\/eloge-du-sport"},{"id":"9782200345631","title":"D'une cit\u00e9 l'autre - Essai sur la politique platonicienne, de la \"R\u00e9publique\" aux \"Lois\" : Essai sur la politique platonicienne, de la \"R\u00e9publique\" aux \"Lois\"","description":"Platon est-il s\u00e9rieux ? Au sortir de la R\u00e9publique, on s'interroge. Si oui, Popper a raison : voici l'anc\u00eatre du totalitarisme. Si non, doit-on admettre, avec L. Strauss, que le vrai s\u00e9rieux, chez ce disciple en ironie de Socrate, est de ne pas se prendre au s\u00e9rieux ? La R\u00e9publique ne serait-elle d\u00e9cid\u00e9ment qu'une utopie impossible, destin\u00e9e \u00e0 montrer la n\u00e9cessit\u00e9 d'en rabattre pour qui se d\u00e9bat dans les limites de la politique r\u00e9elle ?Il y a au moins un indice de bon sens : si Platon avait jug\u00e9 la R\u00e9publique pleinement satisfaisante, il n'aurait pas \u00e9crit les Lois. L'histoire a voulu que, durablement, seule la premi\u00e8re retienne vraiment l'attention, les Lois, testament politique inachev\u00e9, restant une mani\u00e8re de continent oubli\u00e9.S'inscrivant dans le mouvement actuel de r\u00e9exploration de ces derni\u00e8res, le pr\u00e9sent ouvrage resitue la pens\u00e9e politique de Platon dans le seul contexte pertinent, celui d'une \u00e9volution qui, d'une cit\u00e9 l'autre, \u00e9pouse le profond changement de perspective op\u00e9r\u00e9 par le platonisme tardif. Int\u00e9grant les apports du Politique ou du Tim\u00e9e, Christophe Rogue en propose une interpr\u00e9tation novatrice et f\u00e9conde.Il nous montre un Platon \u00e9tonnamment \u00ab moderne \u00bb, qui d\u00e9couvre l'importance de l'histoire et en formalise la notion, s'alarme du d\u00e9sordre \u00e9conomique, et con\u00e7oit une cit\u00e9 \u00e0 la fois ancr\u00e9e dans le r\u00e9el et fid\u00e8le au projet d'origine. Une cit\u00e9 confront\u00e9e aux interrogations m\u00eames que rencontre notre temps : rendre la loi l\u00e9gitime et la faire aimer, subordonner l'\u00e9conomie \u00e0 la politique, construire un ordre \u00e0 l'\u00e9preuve du temps. Dans cette cit\u00e9 r\u00e9concili\u00e9e avec l'humain, Platon trouvera mati\u00e8re \u00e0 un d\u00e9passement des approches qui a nourri la modernit\u00e9 politique, d'Aristote aux th\u00e9ories du contrat.Christophe ROGUE est normalien, agr\u00e9g\u00e9 et docteur en philosophie. Sp\u00e9cialiste de Platon, il a collabor\u00e9 \u00e0 de nombreux ouvrages et est notamment l'auteur, chez Armand Colin, d'un ouvrage de pr\u00e9sentation de la pens\u00e9e platonicienne (Comprendre Platon, 2002).Introduction. Les chemins qui m\u00e8nent \u00e0 la cit\u00e9. Les voyages de Platon. Le philosophe en exil. Le chemin de Cnossos. Le r\u00eave de la Callipolis. Gyg\u00e8s et le cauchemar de Platon. La politique au risque de l'\u00e9conomie. La stasis, maladie de la cit\u00e9. La communaut\u00e9 id\u00e9ale. La cit\u00e9 hors du temps. La loi de l'histoire. La loi de la d\u00e9cadence politique. La double aporie de la R\u00e9publique. Le mythe, la l\u00e9gende et le temps pr\u00e9sent. Vers la cit\u00e9 r\u00e9elle. La parole l\u00e9gitime. Le partage des signes. Le sophiste et la ma\u00eetrise des signes. La nomocratie. La parole sacralis\u00e9e. Raconter des histoires. La cit\u00e9 des propri\u00e9taires-paysans. Ath\u00e8nes et le naufrage de la politique. La g\u00e9ographie de la cit\u00e9. Unit\u00e9 du corps politique et urbanisme. Le mod\u00e8le de l'oikonomia. La politique \u00e9conomique platonicienne. La politique selon la nature.Les institutions de la cit\u00e9. Les r\u00e9volutions circulaires. Savoir garder la mesure. Les syssities. Conclusion : La cit\u00e9 r\u00e9elle.","authors":["Christophe Rouge"],"category_codes":["9000000","9080000"],"visuals":{"large":"https:\/\/images.epagine.fr\/631\/9782200345631_1_75.jpg","medium":"https:\/\/images.epagine.fr\/631\/9782200345631_1_m.jpg","thumbnail":"https:\/\/images.epagine.fr\/631\/9782200345631_1_v.jpg"},"orderable":true,"show_badge":true,"formatted_price":"32,00&nbsp;\u20ac","formatted_published_date":"12 janvier 2006","publisher_availability_label":"Sur commande","short_details":"Christophe Rouge \u2014 Armand Colin","translator":null,"weight":277,"page_count":190,"readership":null,"editor":"Armand Colin","price":3200,"published_date":"2006-01-11T23:00:00.000000Z","support":"Grand format","publisher_availability":1,"stock":0,"editions":[],"url":"https:\/\/quaidesbrumes.com\/ouvrage\/9782200345631\/dune-cite-lautre-essai-sur-la-politique-platonicienne-de-la-republique-aux-lois-essai-sur-la-politique-platonicienne-de-la-republique-aux-lois"},{"id":"9782747586375","title":"Le C\u00f4t\u00e9 du Caf\u00e9 des Phares : Pratique du d\u00e9bat philosophique","description":"Les caf\u00e9s-philo sont des microcosmes de la r\u00e9publique. On n'y participe pas pour subir un examen ni pour apprendre, mais pour tenter, avec d'autres bonnes volont\u00e9s, d'arracher le maximum de sens aux absurdit\u00e9s et aux brutalit\u00e9s du monde. N'est-ce pas l\u00e0, apr\u00e8s tout, la d\u00e9finition m\u00eame de l'activit\u00e9 philosophique? C. Godin","authors":["Carlos Gravito"],"category_codes":["9000000","9080000"],"visuals":{"large":"https:\/\/images.epagine.fr\/375\/9782747586375_1_75.jpg","medium":"https:\/\/images.epagine.fr\/375\/9782747586375_1_m.jpg","thumbnail":"https:\/\/images.epagine.fr\/375\/9782747586375_1_v.jpg"},"orderable":true,"show_badge":true,"formatted_price":"24,00&nbsp;\u20ac","formatted_published_date":"15 juin 2005","publisher_availability_label":"Sur commande","short_details":"Carlos Gravito \u2014 \u00c9ditions L'Harmattan","translator":null,"weight":285,"page_count":264,"readership":null,"editor":"\u00c9ditions L'Harmattan","price":2400,"published_date":"2005-06-14T22:00:00.000000Z","support":"Grand format","publisher_availability":1,"stock":0,"editions":[],"url":"https:\/\/quaidesbrumes.com\/ouvrage\/9782747586375\/le-cote-du-cafe-des-phares-pratique-du-debat-philosophique"},{"id":"9782747587655","title":"Exp\u00e9rience et fragment dans l'esth\u00e9tique musicale d'Adorno","description":"Exp\u00e9rience et fragment: deux cat\u00e9gories centrales qui se croisent sans cesse dans les \u00e9crits de Th. W. Adorno sur l'art et la musique. A leur intersection r\u00e9sonne l'inqui\u00e9tude du philosophe sur le devenir de l'oeuvre emport\u00e9e par un monde se figeant dans l'oubli. Or, pr\u00e9cis\u00e9ment dans ce monde, \u00e9crit Adorno, \"continue de r\u00e9gner ce qui a besoin de l'art comme de son correctif : la contradiction entre ce qui existe et le vrai, entre l'am\u00e9nagement de la vie et l'humanit\u00e9\".\r","authors":["Jean-Paul Olive"],"category_codes":["6000000","6030000"],"visuals":{"large":"https:\/\/images.epagine.fr\/655\/9782747587655_1_75.jpg","medium":"https:\/\/images.epagine.fr\/655\/9782747587655_1_m.jpg","thumbnail":"https:\/\/images.epagine.fr\/655\/9782747587655_1_v.jpg"},"orderable":true,"show_badge":true,"formatted_price":"28,50&nbsp;\u20ac","formatted_published_date":"15 juin 2005","publisher_availability_label":"Sur commande","short_details":"Jean-Paul Olive \u2014 \u00c9ditions L'Harmattan","translator":null,"weight":425,"page_count":318,"readership":null,"editor":"\u00c9ditions L'Harmattan","price":2850,"published_date":"2005-06-14T22:00:00.000000Z","support":"Grand format","publisher_availability":1,"stock":0,"editions":[],"url":"https:\/\/quaidesbrumes.com\/ouvrage\/9782747587655\/experience-et-fragment-dans-lesthetique-musicale-dadorno"},{"id":"9782747587686","title":"Foucault et la psychologie","description":"Dans ce livre le grand m\u00e9rite de l'auteur est de nous proposer une analyse syst\u00e9matique de la psychologie dans l'oeuvre de Foucault, jamais entreprise jusqu'\u00e0 maintenant. Son travail s'\u00e9tend de Maladie mentale et personnalit\u00e9 au Souci de soi. Dans le premier ouvrage, Foucault pr\u00f4ne une psychologie mat\u00e9rialiste. A la fin de son oeuvre il cong\u00e9die cette discipline au profit d'une esth\u00e9tique de l'existence. La condamnation de Foucault par les psychiatres tient aux violentes diatribes de Henri Ey.\r","authors":["Sa\u00efd Chebili"],"category_codes":["9000000","9080000"],"visuals":{"large":"https:\/\/images.epagine.fr\/686\/9782747587686_1_75.jpg","medium":"https:\/\/images.epagine.fr\/686\/9782747587686_1_m.jpg","thumbnail":"https:\/\/images.epagine.fr\/686\/9782747587686_1_v.jpg"},"orderable":true,"show_badge":true,"formatted_price":"27,00&nbsp;\u20ac","formatted_published_date":"15 juin 2005","publisher_availability_label":"Sur commande","short_details":"Sa\u00efd Chebili \u2014 \u00c9ditions L'Harmattan","translator":null,"weight":395,"page_count":284,"readership":null,"editor":"\u00c9ditions L'Harmattan","price":2700,"published_date":"2005-06-14T22:00:00.000000Z","support":"Grand format","publisher_availability":1,"stock":0,"editions":[],"url":"https:\/\/quaidesbrumes.com\/ouvrage\/9782747587686\/foucault-et-la-psychologie"},{"id":"9782747587594","title":"De l'intelligence : Tome 2","description":"Le second volume du philosophe fran\u00e7ais Hippolyte Taine (1828-1893) sur l'Intelligence (1870) est essentiellement centr\u00e9 sur les diverses sortes de connaissances. Il \u00e9tudie les conditions auxquelles la connaissance se constitue, de ses objets consid\u00e9r\u00e9s en g\u00e9n\u00e9ral et de sa port\u00e9e. Pour Taine, notre perception ext\u00e9rieure est un r\u00eave du dedans, qui se trouve en harmonie avec les choses du dehors, et au lieu de dire que l'hallucination est une perception ext\u00e9rieure fausse, il faut dire que la perception ext\u00e9rieure est une hallucination vraie...\r","authors":["Hippolyte Taine"],"category_codes":["9000000","9090000"],"visuals":{"large":"https:\/\/images.epagine.fr\/594\/9782747587594_1_75.jpg","medium":"https:\/\/images.epagine.fr\/594\/9782747587594_1_m.jpg","thumbnail":"https:\/\/images.epagine.fr\/594\/9782747587594_1_v.jpg"},"orderable":true,"show_badge":true,"formatted_price":"51,00&nbsp;\u20ac","formatted_published_date":"1er juillet 2005","publisher_availability_label":"Sur commande","short_details":"Hippolyte Taine \u2014 \u00c9ditions L'Harmattan","translator":null,"weight":620,"page_count":510,"readership":null,"editor":"\u00c9ditions L'Harmattan","price":5100,"published_date":"2005-06-30T22:00:00.000000Z","support":"Grand format","publisher_availability":1,"stock":0,"editions":[],"url":"https:\/\/quaidesbrumes.com\/ouvrage\/9782747587594\/de-lintelligence-tome-2"},{"id":"9782747594196","title":"M\u00e9taphysique et psychologie","description":"L'ouvrage du philosophe et psychologue suisse Th\u00e9odore Flournoy (1854-1920) est une sorte de commentaire, de d\u00e9veloppement \u00e0 la port\u00e9e de tous concernant la question des rapports entre le cerveau et l'esprit. Il montre que la psychologie doit renoncer \u00e0 toutes les discussions m\u00e9taphysiques si elle veut s'\u00e9manciper en tant que science car elle ne retirerait aucun profit \u00e0 chercher \u00e0 analyser comment l'\u00e2me agit sur le corps et le corps sur l'\u00e2me. La lecture de ce livre constitue un v\u00e9ritable stimulant pour l'esprit que l'on peut continuer par celle des \u00e9crits de Bergson et de Binet avant d'aborder des auteurs plus r\u00e9cents.\r","authors":["Theodore Flournoy"],"category_codes":["9000000","9080000"],"visuals":{"large":"https:\/\/images.epagine.fr\/196\/9782747594196_1_75.jpg","medium":"https:\/\/images.epagine.fr\/196\/9782747594196_1_m.jpg","thumbnail":"https:\/\/images.epagine.fr\/196\/9782747594196_1_v.jpg"},"orderable":true,"show_badge":true,"formatted_price":"15,00&nbsp;\u20ac","formatted_published_date":"1er novembre 2005","publisher_availability_label":"Sur commande","short_details":"Theodore Flournoy \u2014 \u00c9ditions L'Harmattan","translator":null,"weight":175,"page_count":136,"readership":null,"editor":"\u00c9ditions L'Harmattan","price":1500,"published_date":"2005-10-31T23:00:00.000000Z","support":"Grand format","publisher_availability":1,"stock":0,"editions":["9782012798588"],"url":"https:\/\/quaidesbrumes.com\/ouvrage\/9782747594196\/metaphysique-et-psychologie"},{"id":"9782213623757","title":"Meditations metaphysiques sur les vraies ou les fausses idees de la justice, 1759","description":"CORPUS DES OEUVRES DE PHILOSOPHIE EN LANGUE FRANCAISE sous la direction de Michel Serres de l'Acad\u00e9mie fran\u00e7aise.","authors":["Aguesseau H-F."],"category_codes":["9000000","9080000"],"visuals":{"large":"https:\/\/images.epagine.fr\/757\/9782213623757_1_75.jpg","medium":"https:\/\/images.epagine.fr\/757\/9782213623757_1_m.jpg","thumbnail":"https:\/\/images.epagine.fr\/757\/9782213623757_1_v.jpg"},"orderable":true,"show_badge":true,"formatted_price":"59,90&nbsp;\u20ac","formatted_published_date":"9 novembre 2005","publisher_availability_label":"Sur commande","short_details":"Aguesseau H-F. \u2014 Fayard","translator":null,"weight":1060,"page_count":812,"readership":null,"editor":"Fayard","price":5990,"published_date":"2005-11-08T23:00:00.000000Z","support":"Grand format","publisher_availability":1,"stock":0,"editions":[],"url":"https:\/\/quaidesbrumes.com\/ouvrage\/9782213623757\/meditations-metaphysiques-sur-les-vraies-ou-les-fausses-idees-de-la-justice-1759"},{"id":"9782747590556","title":"Europe, diversit\u00e9 culturelle et mondialisations","description":"La \"diversit\u00e9 culturelle\" est invoqu\u00e9e \u00e0 tout propos, sans \u00e9valuation critique et avec une inflation verbale qui ne cesse de cro\u00eetre. Face \u00e0 la publicisation mercantile de ce concept, cet ouvrage se veut un lieu d'inventaire, d'analyse, de confrontation et d'\u00e9laboration de propositions visant \u00e0 b\u00e2tir des passerelles entre les acquis de la recherche sur la diversit\u00e9 culturelle et les nouvelles questions politiques, \u00e9conomiques, sociales et philosophiques que suscitent les mondialisation en cours.\r","authors":["Fran\u00e7ois de Bernard","Collectif"],"category_codes":["9000000","9080000","9080200","9080204"],"visuals":{"large":"https:\/\/images.epagine.fr\/556\/9782747590556_1_75.jpg","medium":"https:\/\/images.epagine.fr\/556\/9782747590556_1_m.jpg","thumbnail":"https:\/\/images.epagine.fr\/556\/9782747590556_1_v.jpg"},"orderable":true,"show_badge":true,"formatted_price":"22,50&nbsp;\u20ac","formatted_published_date":"15 septembre 2005","publisher_availability_label":"Sur commande","short_details":"Fran\u00e7ois de Bernard, Collectif \u2014 \u00c9ditions L'Harmattan","translator":null,"weight":315,"page_count":222,"readership":null,"editor":"\u00c9ditions L'Harmattan","price":2250,"published_date":"2005-09-14T22:00:00.000000Z","support":"Grand format","publisher_availability":1,"stock":0,"editions":[],"url":"https:\/\/quaidesbrumes.com\/ouvrage\/9782747590556\/europe-diversite-culturelle-et-mondialisations"},{"id":"9782747590617","title":"Des justices a la justice - l'elaboration de l'esprit de justice","description":"L'esprit de justice va s'\u00e9laborer, progresser ou r\u00e9gresser au cours du d\u00e9veloppement des civilisations parall\u00e8lement \u00e0 la maturation du mode de pens\u00e9e, \u00e0 l'affrontement de l'affectivit\u00e9, \u00e0 l'\u00e9l\u00e9vation du niveau spirituel de la religiosit\u00e9 et au progr\u00e8s de l'organisation civique.Tout au long de l'ouvrage nous allons suivre cette progression du concept de justice \u00e0 travers l'histoire de quelques civilisations exemplaires jusqu'\u00e0 l'\u00e9mergence de l'esprit de justice.\r","authors":["Pierre Delteil"],"category_codes":["8000000","8030000","8030200"],"visuals":{"large":"https:\/\/images.epagine.fr\/617\/9782747590617_1_75.jpg","medium":"https:\/\/images.epagine.fr\/617\/9782747590617_1_m.jpg","thumbnail":"https:\/\/images.epagine.fr\/617\/9782747590617_1_v.jpg"},"orderable":true,"show_badge":true,"formatted_price":"40,00&nbsp;\u20ac","formatted_published_date":"1er septembre 2005","publisher_availability_label":"Sur commande","short_details":"Pierre Delteil \u2014 \u00c9ditions L'Harmattan","translator":null,"weight":730,"page_count":454,"readership":null,"editor":"\u00c9ditions L'Harmattan","price":4000,"published_date":"2005-08-31T22:00:00.000000Z","support":"Grand format","publisher_availability":1,"stock":0,"editions":[],"url":"https:\/\/quaidesbrumes.com\/ouvrage\/9782747590617\/des-justices-a-la-justice-lelaboration-de-lesprit-de-justice"},{"id":"9782234059016","title":"Nous ne sommes pas faits pour la mort","description":"\u00ab Ma m\u00e8re est morte. C'est dans l'ordre des choses. Sa lente agonie m\u00e9dicalement assist\u00e9e suivie de sa cr\u00e9mation m'ont boulevers\u00e9 et r\u00e9volt\u00e9. Nous sommes d\u00e9nu\u00e9s d'imagination comme jamais devant la mort. Nos soci\u00e9t\u00e9s, uniquement pr\u00e9occup\u00e9es du mourir, n'ont plus le d\u00e9sir de se repr\u00e9senter \u00e0 elles-m\u00eames la mort. L\u00e0 o\u00f9 les po\u00e8tes se montraient des explorateurs audacieux - les Anglais particuli\u00e8rement, avec Shakespeare et Donne -, l\u00e0 o\u00f9 Giotto ou Van Eyck promettaient dans leur peinture la paix de l'au-del\u00e0, les artistes contemporains font \u00e9talage de mutisme. La philosophie elle-m\u00eame l\u00e9gitime ce refus de l'imagination avec Heidegger qui transforme l'horizon de la mort en origine absolue. De l\u00e0 ce sentiment d'un nihilisme fondamental qui accable aujourd'hui la Terre. Voici que nous devenons nos propres terroristes. \u00bb Jacques Darras","authors":["Jacques Darras"],"category_codes":["9000000","9080000","9080200","9080204"],"visuals":{"large":"https:\/\/images.epagine.fr\/016\/9782234059016_1_75.jpg","medium":"https:\/\/images.epagine.fr\/016\/9782234059016_1_m.jpg","thumbnail":"https:\/\/images.epagine.fr\/016\/9782234059016_1_v.jpg"},"orderable":true,"show_badge":true,"formatted_price":"22,50&nbsp;\u20ac","formatted_published_date":"15 mars 2006","publisher_availability_label":"Sur commande","short_details":"Jacques Darras \u2014 Stock","translator":null,"weight":199,"page_count":185,"readership":null,"editor":"Stock","price":2250,"published_date":"2006-03-14T23:00:00.000000Z","support":"Grand format","publisher_availability":1,"stock":0,"editions":[],"url":"https:\/\/quaidesbrumes.com\/ouvrage\/9782234059016\/nous-ne-sommes-pas-faits-pour-la-mort"},{"id":"9782747595889","title":"La science pervertie","description":"Ce livre est n\u00e9 d'un mouvement de col\u00e8re en entendant certains astrophysiciens s'exprimer comme si leurs mod\u00e8les th\u00e9oriques \u00e9taient capables de faire na\u00eetre l'Univers, de reproduire la totalit\u00e9 de l'histoire cosmique et enfin d'engendrer la vie. Or le pouvoir quasi divin dont ces savants se pr\u00e9valent ainsi est largement usurp\u00e9. Ils travestissent la v\u00e9rit\u00e9 en interpr\u00e9tant des faits de fa\u00e7on tendancieuse et en arrivent \u00e0 \u00e9noncer des contrev\u00e9rit\u00e9s. Ainsi pervertie, la science d\u00e9rive vers un spiritualisme malsain propre \u00e0 cr\u00e9er la confusion entre physique des astres et m\u00e9taphysique.\r","authors":["Christian Magnan"],"category_codes":["9000000","9080000"],"visuals":{"large":"https:\/\/images.epagine.fr\/889\/9782747595889_1_75.jpg","medium":"https:\/\/images.epagine.fr\/889\/9782747595889_1_m.jpg","thumbnail":"https:\/\/images.epagine.fr\/889\/9782747595889_1_v.jpg"},"orderable":true,"show_badge":true,"formatted_price":"31,00&nbsp;\u20ac","formatted_published_date":"15 novembre 2005","publisher_availability_label":"Sur commande","short_details":"Christian Magnan \u2014 \u00c9ditions L'Harmattan","translator":null,"weight":375,"page_count":344,"readership":null,"editor":"\u00c9ditions L'Harmattan","price":3100,"published_date":"2005-11-14T23:00:00.000000Z","support":"Grand format","publisher_availability":1,"stock":0,"editions":[],"url":"https:\/\/quaidesbrumes.com\/ouvrage\/9782747595889\/la-science-pervertie"}]}