{"data":[{"id":"9782738407900","title":"Le buffle dans le labyrinthe Tome 2 ; confluences euro-asiatiques","description":"Yves Vad\u00e9 - Le prince et le dragon.\r\nMichel Meslin - De la transe chamanique \u00e0 l'extase du sage.\r\nYvonne de Sike - \"La marche sur le feu\". Du rite traditionnel \u00e0 la spiritualit\u00e9 moderne.\r\nErnest-Marie Laperrousaz - La datation d'un texte : carrefour de disciplines (\u00e0 propos des manuscrits de la mer Morte).\r\nPertev Naili Boratav - Le cerf dans la tradition turque.\r\nTeresa Battesti - Contes des tisseuses de Saqour (Iran).\r\nPhilippe Seringe - Le symbolisme du miroir.\r\nBernard Dupaigne - La femme du chasseur.\r\nMarc Le Court - De quelques aspects du probl\u00e8me des poisons et modificateurs de conscience dans le contexte de la Pr\u00e9histoire.\r\nMariel J. Brunhes-Delamare - \"Aimons notre patrie et r\u00e9parons la Grande Muraille\" (Den Xiaoping, P\u00e9kin, 1984).\r\nViviana P\u00e2ques - Projection du mythe dans l'espace et dans le temps.\r\nPaul du Breuil - Comparatismes euro-asiatiques et \u00e9clectisme oriental.\r","authors":["Collectif"],"category_codes":["9000000","9080000","9080200","9080204"],"visuals":{"large":"https:\/\/images.epagine.fr\/900\/9782738407900_1_75.jpg","medium":"https:\/\/images.epagine.fr\/900\/9782738407900_1_m.jpg","thumbnail":"https:\/\/images.epagine.fr\/900\/9782738407900_1_v.jpg"},"orderable":true,"show_badge":true,"formatted_price":"21,00&nbsp;\u20ac","formatted_published_date":"23 juin 1989","publisher_availability_label":"Sur commande","short_details":"Collectif \u2014 \u00c9ditions L'Harmattan","translator":null,"weight":286,"page_count":224,"readership":null,"editor":"\u00c9ditions L'Harmattan","price":2100,"published_date":"1989-06-22T22:00:00.000000Z","support":"Grand format","publisher_availability":1,"stock":0,"editions":[],"url":"https:\/\/quaidesbrumes.com\/ouvrage\/9782738407900\/le-buffle-dans-le-labyrinthe-tome-2-confluences-euro-asiatiques"},{"id":"9782747577021","title":"La d\u00e9solation du monde : Politique, guerre et paix","description":"La politique \u00e9tatique ne se laisse pas penser sans la possibilit\u00e9 de la guerre. Renouveler la politique, la penser aux conditions de la paix, supposerait qu'elle soit, dans ses fondements et dans ses pratiques, dissoci\u00e9e de la \"vie de l'Etat\". Cette question redoutable, cet essai l'aborde de front. Sortir de la logique de la guerre sans fin, c'est, plaide l'auteur, inscrire la politique sous un paradigme nouveau, celui du rassemblement. Mais ceci supposerait, comme l'ont sugg\u00e9r\u00e9 Nietzsche et Heidegger, que notre monde soit \u00e0 nouveau habitable...\r","authors":["Philippe Hauser"],"category_codes":["9000000","9080000"],"visuals":{"large":"https:\/\/images.epagine.fr\/021\/9782747577021_1_75.jpg","medium":"https:\/\/images.epagine.fr\/021\/9782747577021_1_m.jpg","thumbnail":"https:\/\/images.epagine.fr\/021\/9782747577021_1_v.jpg"},"orderable":true,"show_badge":true,"formatted_price":"18,00&nbsp;\u20ac","formatted_published_date":"2 f\u00e9vrier 2005","publisher_availability_label":"Sur commande","short_details":"Philippe Hauser \u2014 \u00c9ditions L'Harmattan","translator":null,"weight":260,"page_count":190,"readership":null,"editor":"\u00c9ditions L'Harmattan","price":1800,"published_date":"2005-02-01T23:00:00.000000Z","support":"Grand format","publisher_availability":1,"stock":0,"editions":[],"url":"https:\/\/quaidesbrumes.com\/ouvrage\/9782747577021\/la-desolation-du-monde-politique-guerre-et-paix"},{"id":"9782747577199","title":"Ecole de Francfort","description":"L'auteur analyse les rapports entre le lib\u00e9ralisme, l'individualisme, la particularit\u00e9 (individuelle) et quelques concepts fondamentaux de la Th\u00e9orie critique de l'Ecole de Francfort. Situ\u00e9e au centre de cet ouvrage, la dialectique n\u00e9gative d'Adorno appara\u00eet comme une critique radicale de l'immanence historique pr\u00e9conis\u00e9e par Hegel, Marx et certains n\u00e9omarxistes. D'autres approches critiques sont comment\u00e9es, celles de Benjamin, Horkheimer, Marcuse, Lowenthal et Fromm.","authors":["Pierre V. Zima"],"category_codes":["9000000","9080000"],"visuals":{"large":"https:\/\/images.epagine.fr\/199\/9782747577199_1_75.jpg","medium":"https:\/\/images.epagine.fr\/199\/9782747577199_1_m.jpg","thumbnail":"https:\/\/images.epagine.fr\/199\/9782747577199_1_v.jpg"},"orderable":true,"show_badge":true,"formatted_price":"21,00&nbsp;\u20ac","formatted_published_date":"2 f\u00e9vrier 2005","publisher_availability_label":"Sur commande","short_details":"Pierre V. Zima \u2014 \u00c9ditions L'Harmattan","translator":null,"weight":250,"page_count":222,"readership":null,"editor":"\u00c9ditions L'Harmattan","price":2100,"published_date":"2005-02-01T23:00:00.000000Z","support":"Grand format","publisher_availability":1,"stock":0,"editions":[],"url":"https:\/\/quaidesbrumes.com\/ouvrage\/9782747577199\/ecole-de-francfort"},{"id":"9782747583060","title":"Une fiction reconstruite : Europe de l'Est, post-socialisme et r\u00e9tro avant-garde","description":"Ce livre prend comme point de d\u00e9part une diff\u00e9rence qu'il y a entre l'Europe de l'Est et celle de l'Ouest et que l'auteur tente de conceptualiser d'un point de vue philosophique. La majeure partie de ce livre est centr\u00e9e sur les projets artistiques et les concepts d'une s\u00e9lection d'artistes qui les d\u00e9veloppent sur le territoire de l'ex-Yougoslavie. Ils se rattachent \u00e0 la notion de \"r\u00e9tro avant-garde\", un concept qui repr\u00e9sente une 'r\u00e9volution de velours\" dans l'art et la culture est europ\u00e9ens. Voici une investigation d\u00e9taill\u00e9e de strat\u00e9gies sp\u00e9cifiques post-socialistes dans le champ de l'art et des m\u00e9dias.\r","authors":["Marina Grzinic"],"category_codes":["9000000","9080000"],"visuals":{"large":"https:\/\/images.epagine.fr\/060\/9782747583060_1_75.jpg","medium":"https:\/\/images.epagine.fr\/060\/9782747583060_1_m.jpg","thumbnail":"https:\/\/images.epagine.fr\/060\/9782747583060_1_v.jpg"},"orderable":true,"show_badge":true,"formatted_price":"21,50&nbsp;\u20ac","formatted_published_date":"15 mai 2005","publisher_availability_label":"Sur commande","short_details":"Marina Grzinic \u2014 \u00c9ditions L'Harmattan","translator":null,"weight":300,"page_count":238,"readership":null,"editor":"\u00c9ditions L'Harmattan","price":2150,"published_date":"2005-05-14T22:00:00.000000Z","support":"Grand format","publisher_availability":1,"stock":0,"editions":[],"url":"https:\/\/quaidesbrumes.com\/ouvrage\/9782747583060\/une-fiction-reconstruite-europe-de-lest-post-socialisme-et-retro-avant-garde"},{"id":"9782747584289","title":"Gilles deleuze, l'epreuve du temps","description":"L'oeuvre philosophique de Gilles Deleuze (1925-1995) est un syst\u00e8me du multiple dans lequel le temps occupe une place pr\u00e9pond\u00e9rante. Qu'il s'agisse des textes consacr\u00e9s \u00e0 l'\u00e9tude de la pens\u00e9e d'un auteur ou de ceux exposant le syst\u00e8me du philosophe, les diff\u00e9rentes multiplicit\u00e9s ainsi mises en place s'agencent selon une dynamique temporelle schizophr\u00e9nique partout \u00e0 l'oeuvre. Comment relever ce qui ressortirait d'une temporalit\u00e9 deleuzienne ? Entre essai et commentaire, ce livre tente de retrouver le sens de l'articulation  temporelle au coeur de la pens\u00e9e de Deleuze.\r","authors":["Yann Laporte"],"category_codes":["9000000","9080000","9080200","9080204"],"visuals":{"large":"https:\/\/images.epagine.fr\/289\/9782747584289_1_75.jpg","medium":"https:\/\/images.epagine.fr\/289\/9782747584289_1_m.jpg","thumbnail":"https:\/\/images.epagine.fr\/289\/9782747584289_1_v.jpg"},"orderable":true,"show_badge":true,"formatted_price":"17,50&nbsp;\u20ac","formatted_published_date":"15 mai 2005","publisher_availability_label":"Sur commande","short_details":"Yann Laporte \u2014 \u00c9ditions L'Harmattan","translator":null,"weight":240,"page_count":188,"readership":null,"editor":"\u00c9ditions L'Harmattan","price":1750,"published_date":"2005-05-14T22:00:00.000000Z","support":"Grand format","publisher_availability":1,"stock":0,"editions":[],"url":"https:\/\/quaidesbrumes.com\/ouvrage\/9782747584289\/gilles-deleuze-lepreuve-du-temps"},{"id":"9782747584517","title":"Husserl et Zubiri : Six \u00e9tudes pour une controverse","description":"L'auteur reprend autour de Husserl, cr\u00e9ateur de la ph\u00e9nom\u00e9nologie, et de Xavier Zubiri le tr\u00e8s ancien d\u00e9bat entre id\u00e9alisme et r\u00e9alisme. Influenc\u00e9 par Husserl et Heidegger, Zubiri a \u00e9labor\u00e9 un r\u00e9alisme transcendantal qui corrige les erreurs du r\u00e9alisme na\u00eff et qui d\u00e9passe le r\u00e9alisme critique. L'auteur illustre ce qu'il  appelle un \"combat de g\u00e9ants\" et montre comment les deux hommes portent en avant la r\u00e9flexion philosophique, tant dans sa m\u00e9thodologie que dans ses positions m\u00e9taphysiques les plus fondamentales.\r","authors":["Victor Manuel Tirado San Juan"],"category_codes":["9000000","9080000"],"visuals":{"large":"https:\/\/images.epagine.fr\/517\/9782747584517_1_75.jpg","medium":"https:\/\/images.epagine.fr\/517\/9782747584517_1_m.jpg","thumbnail":"https:\/\/images.epagine.fr\/517\/9782747584517_1_v.jpg"},"orderable":true,"show_badge":true,"formatted_price":"17,50&nbsp;\u20ac","formatted_published_date":"15 mai 2005","publisher_availability_label":"Sur commande","short_details":"Victor Manuel Tirado San Juan \u2014 \u00c9ditions L'Harmattan","translator":null,"weight":235,"page_count":184,"readership":null,"editor":"\u00c9ditions L'Harmattan","price":1750,"published_date":"2005-05-14T22:00:00.000000Z","support":"Grand format","publisher_availability":1,"stock":0,"editions":[],"url":"https:\/\/quaidesbrumes.com\/ouvrage\/9782747584517\/husserl-et-zubiri-six-etudes-pour-une-controverse"},{"id":"9782738472045","title":"Socrate enseignant  de Platon \u00e0 nous","description":"Tout le monde sait que Socrate ne savait qu'une chose : il ne savait rien. Mais faut-il le croire sur ce point ? Socrate a pass\u00e9 son temps \u00e0 enseigner. Sur les places publiques ou dans les maisons particuli\u00e8res, des jeunes gens se pressent autour de lui. C'est qu'il a sa m\u00e9thode \u00e0 lui et qu'il ne parle pas pour ne rien dire. En quoi consiste sa m\u00e9thode ? A vous interroger pour vous faire r\u00e9fl\u00e9chir. Socrate ne vous impose pas des id\u00e9es toutes faites. Sur des questions aussi difficiles que l'amiti\u00e9, le devoir, la beaut\u00e9, la sagesse, il vous force m\u00eame \u00e0 penser par vous-m\u00eame.","authors":["Roger Texier"],"category_codes":["9000000","9080000"],"visuals":{"large":"https:\/\/images.epagine.fr\/045\/9782738472045_1_75.jpg","medium":"https:\/\/images.epagine.fr\/045\/9782738472045_1_m.jpg","thumbnail":"https:\/\/images.epagine.fr\/045\/9782738472045_1_v.jpg"},"orderable":true,"show_badge":true,"formatted_price":"29,50&nbsp;\u20ac","formatted_published_date":"3 mai 2000","publisher_availability_label":"Sur commande","short_details":"Roger Texier \u2014 \u00c9ditions L'Harmattan","translator":null,"weight":390,"page_count":318,"readership":null,"editor":"\u00c9ditions L'Harmattan","price":2950,"published_date":"2000-05-02T22:00:00.000000Z","support":"Grand format","publisher_availability":1,"stock":0,"editions":[],"url":"https:\/\/quaidesbrumes.com\/ouvrage\/9782738472045\/socrate-enseignant-de-platon-a-nous"},{"id":"9782738473943","title":"Le probl\u00e8me de la connaissance dans la philosophie de Charles Renouvier","description":"L'oeuvre de Charles Renouvier (1815-1903), aujourd'hui injustement oubli\u00e9e, a jou\u00e9 un r\u00f4le non n\u00e9gligeable dans l'histoire intellectuelle et politique de la France au moment de l'\u00e9dification des grandes institutions r\u00e9publicaines ; et cela, en proposant une th\u00e9orie de la connaissance centr\u00e9e sur les \" lois de la repr\u00e9sentation \" et dirig\u00e9e contre l'Absolu, l'Infini, la Substance, c'est-\u00e0-dire contre les \" idoles \" de la m\u00e9taphysique, accus\u00e9es d'encombrer de \" dogmes \" et de \" myst\u00e8res \" tous les domaines du savoir, y compris les math\u00e9matiques.\r","authors":["Laurent Fedi"],"category_codes":["9000000","9080000","9080200","9080204"],"visuals":{"large":"https:\/\/images.epagine.fr\/943\/9782738473943_1_75.jpg","medium":"https:\/\/images.epagine.fr\/943\/9782738473943_1_m.jpg","thumbnail":"https:\/\/images.epagine.fr\/943\/9782738473943_1_v.jpg"},"orderable":true,"show_badge":true,"formatted_price":"41,50&nbsp;\u20ac","formatted_published_date":"12 mars 1999","publisher_availability_label":"Sur commande","short_details":"Laurent Fedi \u2014 \u00c9ditions L'Harmattan","translator":null,"weight":574,"page_count":478,"readership":null,"editor":"\u00c9ditions L'Harmattan","price":4150,"published_date":"1999-03-11T23:00:00.000000Z","support":"Grand format","publisher_availability":1,"stock":0,"editions":[],"url":"https:\/\/quaidesbrumes.com\/ouvrage\/9782738473943\/le-probleme-de-la-connaissance-dans-la-philosophie-de-charles-renouvier"},{"id":"9782738475046","title":"Esth\u00e9tique de l'amour ; Tristan et Iseut","description":"Peut-on penser l'amour ? S'il est vrai que l'amour \" est une grande d\u00e9couverte du Moyen Age \", comme l'\u00e9crivait Gustave Cohen, l'imaginaire contemporain conserve de Tristan et Iseut la figure embl\u00e9matique de l'amour-passion.\r\nA l'encontre des constructions de Denis de Rougemont, qui y voit la repr\u00e9sentation mal\u00e9fique d'un d\u00e9sir mortif\u00e8re, ce livre montre que l'amour, bu avec le \" vin herb\u00e9 \", est dans sa v\u00e9rit\u00e9 indiscernable de l'ivresse dionysiaque, innocente, incommensurable et inassimilable \u00e0 l'ordinaire des rapports sociaux. Cette \u00e9tude bouleverse les interpr\u00e9tations classiques du roman, et demande aux textes primitifs du XIIe si\u00e8cle l'\u00e9tayage d'une approche authentique.\r\nLecture transversale, qui sollicite des disciplines que la critique classique a coutume de dissocier : litt\u00e9rature, histoire m\u00e9di\u00e9vale, sociologie politique, psychanalyse, philosophie. Ces perspectives diff\u00e9rentes convergent cependant vers la mise au jour, au coeur de la cr\u00e9ation artistique qu'est Tristan et Iseut, d'une esth\u00e9tique originale de l'amour.\r","authors":["Claude Sahel"],"category_codes":["9000000","9080000","9080200","9080204"],"visuals":{"large":"https:\/\/images.epagine.fr\/046\/9782738475046_1_75.jpg","medium":"https:\/\/images.epagine.fr\/046\/9782738475046_1_m.jpg","thumbnail":"https:\/\/images.epagine.fr\/046\/9782738475046_1_v.jpg"},"orderable":true,"show_badge":true,"formatted_price":"27,50&nbsp;\u20ac","formatted_published_date":"3 mai 2000","publisher_availability_label":"Sur commande","short_details":"Claude Sahel \u2014 \u00c9ditions L'Harmattan","translator":null,"weight":386,"page_count":296,"readership":null,"editor":"\u00c9ditions L'Harmattan","price":2750,"published_date":"2000-05-02T22:00:00.000000Z","support":"Grand format","publisher_availability":1,"stock":0,"editions":[],"url":"https:\/\/quaidesbrumes.com\/ouvrage\/9782738475046\/esthetique-de-lamour-tristan-et-iseut"},{"id":"9782738476951","title":"Les mille visages de Napol\u00e9on","description":"Et si on avait pu le photographier ? Cela aurait tout chang\u00e9.\r\nChang\u00e9 quoi, nul ne peut le dire, mais on est s\u00fbr que sa photographie aurait boulevers\u00e9 tout un ordre des choses. Ce livre se propose donc de revisiter certaines parties de l'immense iconographie napol\u00e9onienne comme si elles \u00e9taient hant\u00e9es par l'absence de photographie. Les portraits ex\u00e9cut\u00e9s par les ma\u00eetres Gros, David, Girodet, Delaroche, Detaille et tant d'autres - nous apparaissent alors comme autant de tentatives plus ou moins r\u00e9ussies, mais toujours path\u00e9tiques, pour nous faire croire \u00e0 l'exactitude de leurs images et nous consoler de ce constat fatidique : Napol\u00e9on a manqu\u00e9 le rendez-vous de la photographie.\r\nLe lecteur est invit\u00e9 ici \u00e0 suivre, au fil d'une analyse de plus de quarante tableaux ou dessins, le d\u00e9veloppement de cet effort impressionnant pour repr\u00e9senter Napol\u00e9on non pas tel qu'il fut, mais tel que la photographie aurait pu le faire \u00eatre et alors m\u00eame que la plupart de ces artistes \u00e9taient bien loin d'imaginer quelque chose comme la photographie. Illusion r\u00e9trospective de spectateur moderne ? En tout cas, on voit clairement se mettre en place la plus troublante des strat\u00e9gies de compensation : ce qu'il s'agit de compenser, ce n'est pas la disparition irr\u00e9parable de Napol\u00e9on, mais l'inexistence des modalit\u00e9s id\u00e9ales de son d\u00e9doublement dans l'imaginaire par capture photo-lumineuse, selon la plus myst\u00e9rieuse des pr\u00e9figurations.\r","authors":["Michel Covin"],"category_codes":["9000000","9080000","9080200","9080204"],"visuals":{"large":"https:\/\/images.epagine.fr\/951\/9782738476951_1_75.jpg","medium":"https:\/\/images.epagine.fr\/951\/9782738476951_1_m.jpg","thumbnail":"https:\/\/images.epagine.fr\/951\/9782738476951_1_v.jpg"},"orderable":true,"show_badge":true,"formatted_price":"22,50&nbsp;\u20ac","formatted_published_date":"3 mai 2000","publisher_availability_label":"Sur commande","short_details":"Michel Covin \u2014 \u00c9ditions L'Harmattan","translator":null,"weight":310,"page_count":256,"readership":null,"editor":"\u00c9ditions L'Harmattan","price":2250,"published_date":"2000-05-02T22:00:00.000000Z","support":"Grand format","publisher_availability":1,"stock":0,"editions":[],"url":"https:\/\/quaidesbrumes.com\/ouvrage\/9782738476951\/les-mille-visages-de-napoleon"},{"id":"9791041929672","title":"Pour vaincre le destin","description":"Le Destin (du verbe destiner) est, selon les fatalistes, l'encha\u00eenement n\u00e9cessaire et in\u00e9vitable des \u00e9v\u00e9nements qui se succ\u00e8dent sans interruption.\r\nD'apr\u00e8s les anciens, le Destin donne \u00e0 chaque individu, au moment de sa naissance, la part de bien ou de mal qui lui revient, sans change- ment possible. Ses conditions \u00e9taient r\u00e9gl\u00e9es d'avance par les grandes divinit\u00e9s. Celles-ci, presque impuissantes \u00e0 modifier sa marche et ses manifestations, le subissaient aussi dans une certaine mesure : \u00ab Zeus lui- m\u00eame \u00e9tait soumis au destin. \u00bb","authors":["Hector Durville"],"category_codes":["9000000","9080000","9080600"],"visuals":{"large":"https:\/\/images.epagine.fr\/672\/9791041929672_1_75.jpg","medium":"https:\/\/images.epagine.fr\/672\/9791041929672_1_m.jpg","thumbnail":"https:\/\/images.epagine.fr\/672\/9791041929672_1_v.jpg"},"orderable":true,"show_badge":true,"formatted_price":"8,00&nbsp;\u20ac","formatted_published_date":"10 mai 2023","publisher_availability_label":"Sur commande","short_details":"Hector Durville \u2014 Shs Editions","translator":null,"weight":69,"page_count":42,"readership":null,"editor":"Shs Editions","price":800,"published_date":"2023-05-09T22:00:00.000000Z","support":"Grand format","publisher_availability":1,"stock":0,"editions":[],"url":"https:\/\/quaidesbrumes.com\/ouvrage\/9791041929672\/pour-vaincre-le-destin"},{"id":"9782738468086","title":"\u00e9tudes sur l'id\u00e9alisme allemand","description":"Apr\u00e8s l'\u00e9nonc\u00e9 du  projet  de l'id\u00e9alisme allemand, quatre textes sont consacr\u00e9s \u00e0 Kant. Ceux qui suivent illustrent le mouvement de cette pens\u00e9e \u00e0 travers Fichte, le jeune Schelling jusqu'\u00e0 son aboutissement dans le syst\u00e8me de Hegel. En revanche les trois derniers \u00e9crits marquent l'autre voie de la sp\u00e9culation postkantienne, la remise en question de l'id\u00e9alisme absolu, notamment par la seconde philosophie de Schelling. Un ouvrage qui met en lumi\u00e8re des aspects essentiels de cet immense mouvement philosophique.","authors":["Miklos Vet\u00f6"],"category_codes":["9000000","9080000","9080200","9080204"],"visuals":{"large":"https:\/\/images.epagine.fr\/086\/9782738468086_1_75.jpg","medium":"https:\/\/images.epagine.fr\/086\/9782738468086_1_m.jpg","thumbnail":"https:\/\/images.epagine.fr\/086\/9782738468086_1_v.jpg"},"orderable":true,"show_badge":true,"formatted_price":"26,00&nbsp;\u20ac","formatted_published_date":"3 mai 2000","publisher_availability_label":"Sur commande","short_details":"Miklos Vet\u00f6 \u2014 \u00c9ditions L'Harmattan","translator":null,"weight":374,"page_count":304,"readership":null,"editor":"\u00c9ditions L'Harmattan","price":2600,"published_date":"2000-05-02T22:00:00.000000Z","support":"Grand format","publisher_availability":1,"stock":0,"editions":[],"url":"https:\/\/quaidesbrumes.com\/ouvrage\/9782738468086\/etudes-sur-lidealisme-allemand"},{"id":"9782738470706","title":"Les volcans r\u00e9sign\u00e9s","description":"Ce livre est une r\u00e9flexion \u00e0 caract\u00e8re po\u00e9tique et philosophique sur l'homme, qui montre le bien-\u00eatre mais surtout le mal-\u00eatre de l'individu dans la soci\u00e9t\u00e9.\r","authors":["Ridha Smine"],"category_codes":["9000000","9080000","9080200","9080204"],"visuals":{"large":"https:\/\/images.epagine.fr\/706\/9782738470706_1_75.jpg","medium":"https:\/\/images.epagine.fr\/706\/9782738470706_1_m.jpg","thumbnail":"https:\/\/images.epagine.fr\/706\/9782738470706_1_v.jpg"},"orderable":true,"show_badge":true,"formatted_price":"12,00&nbsp;\u20ac","formatted_published_date":"3 mai 2000","publisher_availability_label":"Sur commande","short_details":"Ridha Smine \u2014 \u00c9ditions L'Harmattan","translator":null,"weight":112,"page_count":null,"readership":null,"editor":"\u00c9ditions L'Harmattan","price":1200,"published_date":"2000-05-02T22:00:00.000000Z","support":"Grand format","publisher_availability":1,"stock":0,"editions":[],"url":"https:\/\/quaidesbrumes.com\/ouvrage\/9782738470706\/les-volcans-resignes"},{"id":"9782738472236","title":"Pour un art actuel ; l'art \u00e0 l'heure d'internet","description":"Fred Forest est le premier artiste \u00e0 avoir mis en vente, en premi\u00e8re mondiale, une oeuvre num\u00e9rique \" Parcelle\/ R\u00e9seau \" sur Internet... Ce livre de r\u00e9flexion critique sur le devenir de l'art montre que les choses changent. Cet ouvrage livre une r\u00e9flexion approfondie sur les arts technologiques, les arts en r\u00e9seaux et la culture en \u00e9mergence, esquisse les nouvelles perspectives qui s'ouvrent \u00e0 l'artiste dans le r\u00f4le r\u00e9nov\u00e9 de producteur de sens qui lui est d\u00e9volu au seuil du XXI\u00e8me si\u00e8cle.\r","authors":["Fred Forest"],"category_codes":["9000000","9080000","9080200","9080204"],"visuals":{"large":"https:\/\/images.epagine.fr\/236\/9782738472236_1_75.jpg","medium":"https:\/\/images.epagine.fr\/236\/9782738472236_1_m.jpg","thumbnail":"https:\/\/images.epagine.fr\/236\/9782738472236_1_v.jpg"},"orderable":true,"show_badge":true,"formatted_price":"24,00&nbsp;\u20ac","formatted_published_date":"15 novembre 1998","publisher_availability_label":"Sur commande","short_details":"Fred Forest \u2014 \u00c9ditions L'Harmattan","translator":null,"weight":370,"page_count":282,"readership":null,"editor":"\u00c9ditions L'Harmattan","price":2400,"published_date":"1998-11-14T23:00:00.000000Z","support":"Grand format","publisher_availability":1,"stock":0,"editions":[],"url":"https:\/\/quaidesbrumes.com\/ouvrage\/9782738472236\/pour-un-art-actuel-lart-a-lheure-dinternet"},{"id":"9782738474520","title":"G\u00e9ographie et complexit\u00e9 ; les espaces de la nostalgie","description":"L'aventurier des mers ou du d\u00e9sert fascine nos contemporains, lui qui trace son chemin \u00e9ph\u00e9m\u00e8re et exerce sa souverainet\u00e9 sur l'espace sans pouvoir ni titre de propri\u00e9t\u00e9. Plus la civilisation d\u00e9territorialise les individus, en les faisant converger vers des espaces abstraits, unidimensionnels et surcod\u00e9s, plus ils aspirent \u00e0 une g\u00e9ographie mythique, cordiale et existentielle, qui conjugue, avant de les dissocier, les regards et les usages du monde.","authors":["Michel Roux"],"category_codes":["9000000","9080000","9080200","9080204"],"visuals":{"large":"https:\/\/images.epagine.fr\/520\/9782738474520_1_75.jpg","medium":"https:\/\/images.epagine.fr\/520\/9782738474520_1_m.jpg","thumbnail":"https:\/\/images.epagine.fr\/520\/9782738474520_1_v.jpg"},"orderable":true,"show_badge":true,"formatted_price":"29,50&nbsp;\u20ac","formatted_published_date":"3 mai 2000","publisher_availability_label":"Sur commande","short_details":"Michel Roux \u2014 \u00c9ditions L'Harmattan","translator":null,"weight":408,"page_count":336,"readership":null,"editor":"\u00c9ditions L'Harmattan","price":2950,"published_date":"2000-05-02T22:00:00.000000Z","support":"Grand format","publisher_availability":1,"stock":0,"editions":[],"url":"https:\/\/quaidesbrumes.com\/ouvrage\/9782738474520\/geographie-et-complexite-les-espaces-de-la-nostalgie"},{"id":"9782858029068","title":"Les philosophes entre le lyc\u00e9e et l'avant-garde ; les m\u00e9tamorphoses de la philosophie dans la France d'aujourd'hui","description":null,"authors":["Louis Pinto"],"category_codes":["9000000","9080000","9080200","9080204"],"visuals":{"large":"https:\/\/images.epagine.fr\/068\/9782858029068_1_75.jpg","medium":"https:\/\/images.epagine.fr\/068\/9782858029068_1_m.jpg","thumbnail":"https:\/\/images.epagine.fr\/068\/9782858029068_1_v.jpg"},"orderable":true,"show_badge":true,"formatted_price":"21,50&nbsp;\u20ac","formatted_published_date":"3 mai 2000","publisher_availability_label":"Sur commande","short_details":"Louis Pinto \u2014 \u00c9ditions L'Harmattan","translator":null,"weight":288,"page_count":230,"readership":null,"editor":"\u00c9ditions L'Harmattan","price":2150,"published_date":"2000-05-02T22:00:00.000000Z","support":"Grand format","publisher_availability":1,"stock":0,"editions":[],"url":"https:\/\/quaidesbrumes.com\/ouvrage\/9782858029068\/les-philosophes-entre-le-lycee-et-lavant-garde-les-metamorphoses-de-la-philosophie-dans-la-france-daujourdhui"},{"id":"9782738473790","title":"La vertu politique : Machiavel et Montesquieu","description":"Ce livre fournit des armes intellectuelles pour penser quelques probl\u00e8mes de la d\u00e9mocratie aujourd'hui. Comment reconstruire des valeurs sans les soumettre \u00e0 une transcendance non humaine ? Comment redonner de la valeur \u00e0 la politique, articuler politique et \u00e9thique sans dissoudre la politique dans la morale ? Henri Drei \u00e9claire ces questionnements par une enqu\u00eate sur Machiavel et Montesquieu.","authors":["Henri Drei"],"category_codes":["9000000","9080000","9080200","9080204"],"visuals":{"large":"https:\/\/images.epagine.fr\/790\/9782738473790_1_75.jpg","medium":"https:\/\/images.epagine.fr\/790\/9782738473790_1_m.jpg","thumbnail":"https:\/\/images.epagine.fr\/790\/9782738473790_1_v.jpg"},"orderable":true,"show_badge":true,"formatted_price":"26,00&nbsp;\u20ac","formatted_published_date":"3 mai 2000","publisher_availability_label":"Sur commande","short_details":"Henri Drei \u2014 \u00c9ditions L'Harmattan","translator":null,"weight":350,"page_count":286,"readership":null,"editor":"\u00c9ditions L'Harmattan","price":2600,"published_date":"2000-05-02T22:00:00.000000Z","support":"Grand format","publisher_availability":1,"stock":0,"editions":[],"url":"https:\/\/quaidesbrumes.com\/ouvrage\/9782738473790\/la-vertu-politique-machiavel-et-montesquieu"},{"id":"9782738471819","title":"Norme et symbole ; les fondements philosophiques de l'obligation","description":"Se situant \u00e0 la fois dans les champs de la philosophie morale, de la logique et de l'\u00e9pist\u00e9mologie, mettant \u00e0 profit son appartenance \u00e0 la culture de tradition orale caract\u00e9ristique de l'Afrique traditionnelle et sa connaissance de la culture et de la philosophie de type occidental, John Aglo a essay\u00e9 d'\u00e9laborer ici une th\u00e9orie g\u00e9n\u00e9rale de la norme.","authors":["John Aglo"],"category_codes":["9000000","9080000","9080200","9080204"],"visuals":{"large":"https:\/\/images.epagine.fr\/819\/9782738471819_1_75.jpg","medium":"https:\/\/images.epagine.fr\/819\/9782738471819_1_m.jpg","thumbnail":"https:\/\/images.epagine.fr\/819\/9782738471819_1_v.jpg"},"orderable":true,"show_badge":true,"formatted_price":"31,50&nbsp;\u20ac","formatted_published_date":"3 mai 2000","publisher_availability_label":"Sur commande","short_details":"John Aglo \u2014 \u00c9ditions L'Harmattan","translator":null,"weight":436,"page_count":360,"readership":null,"editor":"\u00c9ditions L'Harmattan","price":3150,"published_date":"2000-05-02T22:00:00.000000Z","support":"Grand format","publisher_availability":1,"stock":0,"editions":[],"url":"https:\/\/quaidesbrumes.com\/ouvrage\/9782738471819\/norme-et-symbole-les-fondements-philosophiques-de-lobligation"},{"id":"9782747578691","title":"Introduction aux enneades ; l'ontologie subversive de plotin","description":"De prime abord, les Enn\u00e9ades de Plotin troublent tout projet de lecture m\u00e9thodique. La profusion des analyses, la richesse des aper\u00e7us, la teneur m\u00e9taphysique de l'ensemble en font une somme qui suscite parfois un sentiment d' \"inqui\u00e9tante \u00e9tranget\u00e9\". Peu \u00e0 peu se dessine pourtant, d'un paragraphe \u00e0 l'autre, d'un trait\u00e9 \u00e0 l'autre, l'architecture secr\u00e8te de l'oeuvre. Tout s'ordonne autour d'une seule interrogation d\u00e9clin\u00e9e \u00e0 l'infini: l'\u00eatre se dit-il, oui ou non, en un seul sensoe \r","authors":["Alain Panero"],"category_codes":["9000000","9080000","9080200","9080204"],"visuals":{"large":"https:\/\/images.epagine.fr\/691\/9782747578691_1_75.jpg","medium":"https:\/\/images.epagine.fr\/691\/9782747578691_1_m.jpg","thumbnail":"https:\/\/images.epagine.fr\/691\/9782747578691_1_v.jpg"},"orderable":true,"show_badge":true,"formatted_price":"22,50&nbsp;\u20ac","formatted_published_date":"2 mars 2005","publisher_availability_label":"Sur commande","short_details":"Alain Panero \u2014 \u00c9ditions L'Harmattan","translator":null,"weight":501,"page_count":246,"readership":null,"editor":"\u00c9ditions L'Harmattan","price":2250,"published_date":"2005-03-01T23:00:00.000000Z","support":"Grand format","publisher_availability":1,"stock":0,"editions":[],"url":"https:\/\/quaidesbrumes.com\/ouvrage\/9782747578691\/introduction-aux-enneades-lontologie-subversive-de-plotin"},{"id":"9782738449870","title":"Hommage \u00e0 Sarajevo ; destruction de l'image \/image de la destruction","description":"Cette rencontre d'intellectuels-artistes-philosophes entend rendre hommage \u00e0 Sarajevo, d\u00e9clar\u00e9e cette ann\u00e9e-l\u00e0 \" capitale culturelle de l'Europe \". Elle qui n'existait plus alors, apparemment, que par une image : l'image de sa destruction, semblait nous prouver \" que l'image ne sait rien faire de la destruction, sinon la d\u00e9truire, la rendre indolore et sans effet, [...] alors qu'elle rendait accessible, l'inaccessible : sa v\u00e9rit\u00e9 \" (B. Tackels).\r","authors":["Collectif"],"category_codes":["9000000","9080000","9080200","9080204"],"visuals":{"large":"https:\/\/images.epagine.fr\/870\/9782738449870_1_75.jpg","medium":"https:\/\/images.epagine.fr\/870\/9782738449870_1_m.jpg","thumbnail":"https:\/\/images.epagine.fr\/870\/9782738449870_1_v.jpg"},"orderable":true,"show_badge":true,"formatted_price":"22,50&nbsp;\u20ac","formatted_published_date":"3 mai 2000","publisher_availability_label":"Sur commande","short_details":"Collectif \u2014 \u00c9ditions L'Harmattan","translator":null,"weight":312,"page_count":110,"readership":null,"editor":"\u00c9ditions L'Harmattan","price":2250,"published_date":"2000-05-02T22:00:00.000000Z","support":"Grand format","publisher_availability":1,"stock":0,"editions":[],"url":"https:\/\/quaidesbrumes.com\/ouvrage\/9782738449870\/hommage-a-sarajevo-destruction-de-limage-image-de-la-destruction"},{"id":"9782747576642","title":"Paul ricoeur - de l'attestation du soi","description":"\"Par quelle porte faut-il entrer dans l'oeuvre si vaste et si vari\u00e9e d'un philosophe comme Ricoeur ? Par la porte de la philosophie herm\u00e9neutique, ph\u00e9nom\u00e9nologique, \u00e9thique, politique; ou peut-\u00eatre encore par la porte de la philosophie de la religion, du langage, du droit, de l'histoire, etc. ? Cette pens\u00e9e, \u00e0 plusieurs facettes, aurait-elle un principe unitaire qui sauverait ces facettes de l'apparente dispersionoe Quel serait le point nodal de cette pens\u00e9e dont la diversit\u00e9 m\u00e9thodologique et th\u00e9matique \u00e9tonne ? \r","authors":["Ilunga Kayombo B."],"category_codes":["9000000","9080000"],"visuals":{"large":"https:\/\/images.epagine.fr\/642\/9782747576642_1_75.jpg","medium":"https:\/\/images.epagine.fr\/642\/9782747576642_1_m.jpg","thumbnail":"https:\/\/images.epagine.fr\/642\/9782747576642_1_v.jpg"},"orderable":true,"show_badge":true,"formatted_price":"34,00&nbsp;\u20ac","formatted_published_date":"2 mars 2005","publisher_availability_label":"Sur commande","short_details":"Ilunga Kayombo B. \u2014 \u00c9ditions L'Harmattan","translator":null,"weight":630,"page_count":398,"readership":null,"editor":"\u00c9ditions L'Harmattan","price":3400,"published_date":"2005-03-01T23:00:00.000000Z","support":"Grand format","publisher_availability":1,"stock":0,"editions":[],"url":"https:\/\/quaidesbrumes.com\/ouvrage\/9782747576642\/paul-ricoeur-de-lattestation-du-soi"},{"id":"9782747578738","title":"Le th\u00e8me de l'enfance dans la philosophie de Descartes","description":"Descartes est l'un des philosophes qui a suscit\u00e9 le plus grand nombre de commentaires. Il semble, \u00e0 premi\u00e8re lecture, qu'il ait peu parl\u00e9 de l'enfance, en tout cas de la sienne. La notion d'enfance \"en g\u00e9n\u00e9ral\" ne semble ni secondaire ni marginale pour Descartes. Le projet de ce livre est d'appliquer ce th\u00e8me \u00e0 quelques-unes des grandes id\u00e9es sur lesquelles la philosophie cart\u00e9sienne prend appui : la physiologie du foetus et sa relation \u00e0 la m\u00e8re, la gen\u00e8se de l'homme adulte, l'importance du langage, la complexit\u00e9 des relations entre l'\u00e2me et la corps.\r","authors":["Odette Barbero"],"category_codes":["9000000","9080000"],"visuals":{"large":"https:\/\/images.epagine.fr\/738\/9782747578738_1_75.jpg","medium":"https:\/\/images.epagine.fr\/738\/9782747578738_1_m.jpg","thumbnail":"https:\/\/images.epagine.fr\/738\/9782747578738_1_v.jpg"},"orderable":true,"show_badge":true,"formatted_price":"21,50&nbsp;\u20ac","formatted_published_date":"2 mars 2005","publisher_availability_label":"Sur commande","short_details":"Odette Barbero \u2014 \u00c9ditions L'Harmattan","translator":null,"weight":300,"page_count":234,"readership":null,"editor":"\u00c9ditions L'Harmattan","price":2150,"published_date":"2005-03-01T23:00:00.000000Z","support":"Grand format","publisher_availability":1,"stock":0,"editions":[],"url":"https:\/\/quaidesbrumes.com\/ouvrage\/9782747578738\/le-theme-de-lenfance-dans-la-philosophie-de-descartes"},{"id":"9782204080101","title":"Kierkegaard et autour","description":"A l'occasion du 150e anniversaire de la mort de S\u00f8ren Aabye Kierkegaard (1813-1855), cette s\u00e9rie d'\u00e9tudes propos\u00e9e par le philosophe fran\u00e7ais Andr\u00e9 Clair contribue \u00e0 situer ce penseur danois dans le r\u00e9seau moderne des philosophies de l'existence. Penseur singulier, mais nullement isol\u00e9, Kierkegaard y est ainsi mis en perspective avec d'autres philosophes (de Descartes \u00e0 L\u00e9vinas). Si l'interrogation \u00e9thique est privil\u00e9gi\u00e9e, les autres aspects d'une oeuvre complexe mais unifi\u00e9e sont \u00e9galement bien pr\u00e9sents. De m\u00eame que les pr\u00e9c\u00e9dents livres d'Andr\u00e9 Clair sur Kierkegaard, celui-ci se situe dans le contexte des d\u00e9bats internationaux, en insistant toujours \u00e0 la fois sur l'unit\u00e9 de l'oeuvre et sur la singularit\u00e9 de chaque \u00e9crit. Andr\u00e9 Clair poursuit son entreprise philosophique de lecture de grands textes, dans le but notamment de mettre en lumi\u00e8re la mani\u00e8re dont la dimension d\u00e9ontologique de l'\u00e9thique doit \u00eatre rapport\u00e9e aux enracinements et aux traditions dans lesquels s'inscrivent les fins que poursuit un sujet \u00e9thique. -- On the 150th anniversary of the death of S\u00f8ren Aabye Kierkegaard (1813-1855), this series of studies from the French philosopher Andr\u00e9 Clair helps to situate the Danish thinker in the ensemble of modern philosophies of existence. Kierkegaard's unique but not isolated thinking is placed alongside that of other philosophers (from Descartes to L\u00e9vinas). Although the author focuses on ethics, other aspects of Kierkegaard's complex but unified work are also present. Like Andr\u00e9 Clair's previous books on Kierkegaard, this volume is placed in the context of international debates, always insisting on both the unity of the whole work and the uniqueness of each part. Andr\u00e9 Clair continues his philosophical task of reading great texts with the special aim of demonstrating how the deontological dimension of ethics must be in keeping with the roots and the traditions in which the finality of an ethical subject is inscribed.","authors":["Andr\u00e9 Clair"],"category_codes":["9000000","9080000"],"visuals":{"large":"https:\/\/images.epagine.fr\/101\/9782204080101_1_75.jpg","medium":"https:\/\/images.epagine.fr\/101\/9782204080101_1_m.jpg","thumbnail":"https:\/\/images.epagine.fr\/101\/9782204080101_1_v.jpg"},"orderable":true,"show_badge":true,"formatted_price":"19,80&nbsp;\u20ac","formatted_published_date":"24 novembre 2005","publisher_availability_label":"Sur commande","short_details":"Andr\u00e9 Clair \u2014 Les \u00e9ditions du Cerf","translator":null,"weight":200,"page_count":140,"readership":null,"editor":"Les \u00e9ditions du Cerf","price":1980,"published_date":"2005-11-23T23:00:00.000000Z","support":"Grand format","publisher_availability":1,"stock":0,"editions":[],"url":"https:\/\/quaidesbrumes.com\/ouvrage\/9782204080101\/kierkegaard-et-autour"},{"id":"9782296114821","title":"Repenser l'humain ; la fin des \u00e9vidences","description":"O\u00f9 l'humain commence-t-il et o\u00f9 finit-il ? Auparavant, la chose \u00e9tait claire : l'homme \u00e9tait le seul \u00eatre parlant, dou\u00e9 de raison. Aujourd'hui ce privil\u00e8ge est relativis\u00e9 : on insiste sur la ressemblance et les continuit\u00e9s entre l'homme et certains animaux. Notre passion \u00e9galitaire aurait-elle c\u00e9d\u00e9 \u00e0 l'emballement, en s'\u00e9tendant aux animaux ? Des interrogations \u00e9thiques et juridiques in\u00e9dites naissent : quels droits pour les animaux ? Peut-on autoriser le clonage, ou la fabrication d'hybrides homme-machine ? Les auteurs ont pens\u00e9 que ces questions m\u00e9ritaient r\u00e9flexion.\r","authors":["Jean-luc Blaquart","Jean-baptiste Lecuit"],"category_codes":["9000000","9080000","9080200","9080204"],"visuals":{"large":"https:\/\/images.epagine.fr\/821\/9782296114821_1_75.jpg","medium":"https:\/\/images.epagine.fr\/821\/9782296114821_1_m.jpg","thumbnail":"https:\/\/images.epagine.fr\/821\/9782296114821_1_v.jpg"},"orderable":true,"show_badge":true,"formatted_price":"18,50&nbsp;\u20ac","formatted_published_date":"15 avril 2010","publisher_availability_label":"Sur commande","short_details":"Jean-luc Blaquart, Jean-baptiste Lecuit \u2014 \u00c9ditions L'Harmattan","translator":null,"weight":240,"page_count":175,"readership":null,"editor":"\u00c9ditions L'Harmattan","price":1850,"published_date":"2010-04-14T22:00:00.000000Z","support":"Grand format","publisher_availability":1,"stock":0,"editions":[],"url":"https:\/\/quaidesbrumes.com\/ouvrage\/9782296114821\/repenser-lhumain-la-fin-des-evidences"}]}