{"data":[{"id":"9782913126176","title":"L'individuel et le collectif","description":"En 2002, se tint \u00e0 Douala un colloque de philosophie, dans le cadre d'un programme que co-dirig\u00e8rent Th\u00e9r\u00e8se Bell\u00e8 Wangu\u00e8 et Yves Michaud, la premi\u00e8re pour l'universit\u00e9 de Douala, le second pour l'Universit\u00e9 Paris I, sur le th\u00e8me : l'Individuel et le Collectif. Ce livre - le second de la collection Ma\u00e2t Special Issues - nous en livre les actes et \u00e9tudie, \u00e0 travers les contributions ici r\u00e9unies, quelques uns des aspects de cette question surd\u00e9termin\u00e9e des rapports de l'individuel et du collectif. Dans les quatre parties qui le constituent, on examine tour \u00e0 tour des concepts cl\u00e9s et apparent\u00e9s, le rapport \u00e0 l'ordre politique, l'extension aux sciences et \u00e0 d'autres domaines dont la croyance, les rites, l'art ou la m\u00e9decine traditionnelle. A l'occasion de l'analyse des concepts, l'ouvrage affronte la question difficile de la d\u00e9termination de l'identit\u00e9, irr\u00e9m\u00e9diablement projet plut\u00f4t que propri\u00e9t\u00e9 distinctive d\u00e9finitive, celle de la nature du cogito, de l'alt\u00e9rit\u00e9, de la diff\u00e9rence, pose le probl\u00e8me communicationnel en un univers de strat\u00e9gies multiples et concurrentes, celle de la disciplinarisation comme pont entre les deux entit\u00e9s. Dans l'univers du politique, le livre \u00e9tudie le probl\u00e8me de l'absoluit\u00e9 de l'Un en rapport avec le contexte d\u00e9mocratique, les difficult\u00e9s d'une mise en coh\u00e9rence de l'ethnie et de la nation, l'intol\u00e9rance antir\u00e9publicaine de ceux qui ont charge de faire vivre la chose publique, la mondialisation ou les d\u00e9sordres sanctifi\u00e9s du collectif, l'appel panafricaniste et ses traductions dans les constitutions (qui pr\u00e9-th\u00e9orisent le vivre-ensemble dans la loi fondamentale). La question de l'individuel et du collectif se rapporte aussi aux sciences et au discours sur celles-ci. Sur ce sujet, le livre \u00e9tudie l'invention scientifique en tant, qu'elle est l'occasion de l'affirmation de l'individu, la nature \u00e9thique du rationalisme, la solidarit\u00e9 profonde entre la croyance et la science ou la constitution des soci\u00e9t\u00e9s savantes et la naissance des disciplines. Une question aussi vaste ne peut vraiment \u00eatre circonscrite en un livre, f\u00fbt-il compos\u00e9 d'une bonne vingtaine de contributions. Cet ouvrage ouvre le questionnement \u00e0 l'art et \u00e0 son rapport au peuple, explore les probl\u00e8mes complexes soulev\u00e9s par la tradith\u00e9rapie, la place de la foi tout comme le poids de la ritualisation dans la socialisation des individus.","authors":["Lucien Ayissi","Therese Belle Wangue","Yves Michaud","Pierre Nzinzi"],"category_codes":["9000000","9080000"],"visuals":{"large":"https:\/\/images.epagine.fr\/176\/9782913126176_1_75.jpg","medium":"https:\/\/images.epagine.fr\/176\/9782913126176_1_m.jpg","thumbnail":"https:\/\/images.epagine.fr\/176\/9782913126176_1_v.jpg"},"orderable":true,"show_badge":true,"formatted_price":"30,48&nbsp;\u20ac","formatted_published_date":"2 mai 2005","publisher_availability_label":"Sur commande","short_details":"Lucien Ayissi, Therese Belle Wangue, Yves Michaud, Pierre Nzinzi \u2014 DIANOIA","translator":null,"weight":285,"page_count":304,"readership":null,"editor":"DIANOIA","price":3048,"published_date":"2005-05-01T22:00:00.000000Z","support":"Grand format","publisher_availability":1,"stock":0,"editions":[],"url":"https:\/\/quaidesbrumes.com\/ouvrage\/9782913126176\/lindividuel-et-le-collectif"},{"id":"9782738406651","title":"La lecture Tome 3 ; le sens et l'\u00e9motion","description":null,"authors":["Nicolas Zavialoff"],"category_codes":["9000000","9080000"],"visuals":{"large":"https:\/\/images.epagine.fr\/651\/9782738406651_1_75.jpg","medium":"https:\/\/images.epagine.fr\/651\/9782738406651_1_m.jpg","thumbnail":"https:\/\/images.epagine.fr\/651\/9782738406651_1_v.jpg"},"orderable":true,"show_badge":true,"formatted_price":"13,50&nbsp;\u20ac","formatted_published_date":"3 mai 2000","publisher_availability_label":"Sur commande","short_details":"Nicolas Zavialoff \u2014 \u00c9ditions L'Harmattan","translator":null,"weight":224,"page_count":null,"readership":null,"editor":"\u00c9ditions L'Harmattan","price":1350,"published_date":"2000-05-02T22:00:00.000000Z","support":"Grand format","publisher_availability":1,"stock":0,"editions":[],"url":"https:\/\/quaidesbrumes.com\/ouvrage\/9782738406651\/la-lecture-tome-3-le-sens-et-lemotion"},{"id":"9782738451620","title":"Initiation \u00e0 la pens\u00e9e de Fran\u00e7ois Laruelle ; qu'est-ce que la non-philosophie ?","description":"L'ouvrage de Juan Diego BLANCO initie \u00e0 une pens\u00e9e - celle de Fran\u00e7ois Laruelle - et pr\u00e9pare \u00e0 une discipline nouvelle - la \" non-philosophie \". Au moment o\u00f9 la philosophie s'affiche sur la sc\u00e8ne m\u00e9diatique, tandis que les nostalgiques s'efforcent de contredire sa mort ou son d\u00e9clin, Fran\u00e7ois Laruelle trace une troisi\u00e8me voie : celle d'une pratique de la philosophie qui ne soit plus elle-m\u00eame seulement philosophique mais tout autant mystique, scientifique et esth\u00e9tique. L'auteur explore sa gen\u00e8se et ses aspects multiples \u00e0 travers la totalit\u00e9 d'une oeuvre r\u00e9put\u00e9e difficile. Cette initiation est pr\u00e9c\u00e9d\u00e9e d'un essai de Fran\u00e7ois Laruelle sur les origines, le sens et les limites de la non-philosophie.\r","authors":["Juan diego Blanco","Fran\u00e7ois Laruelle"],"category_codes":["9000000","9080000","9080200","9080204"],"visuals":{"large":"https:\/\/images.epagine.fr\/620\/9782738451620_1_75.jpg","medium":"https:\/\/images.epagine.fr\/620\/9782738451620_1_m.jpg","thumbnail":"https:\/\/images.epagine.fr\/620\/9782738451620_1_v.jpg"},"orderable":true,"show_badge":true,"formatted_price":"24,00&nbsp;\u20ac","formatted_published_date":"1er mars 1997","publisher_availability_label":"Sur commande","short_details":"Juan diego Blanco, Fran\u00e7ois Laruelle \u2014 \u00c9ditions L'Harmattan","translator":null,"weight":336,"page_count":268,"readership":null,"editor":"\u00c9ditions L'Harmattan","price":2400,"published_date":"1997-02-28T23:00:00.000000Z","support":"Grand format","publisher_availability":1,"stock":0,"editions":[],"url":"https:\/\/quaidesbrumes.com\/ouvrage\/9782738451620\/initiation-a-la-pensee-de-francois-laruelle-quest-ce-que-la-non-philosophie"},{"id":"9782738471062","title":"Alt\u00e9rit\u00e9s : entre visible et invisible","description":"L'avantage avec une notion comme celle de l'autre c'est qu'elle est ind\u00e9termin\u00e9e.\r\nL'inconv\u00e9nient c'est qu'elle est vide. Mais ce n'est pas en termes de concept qu'il faut la penser. C'est tout au plus, et rien de moins, qu'un axe. D\u00e9placer l'axe \u00e9gocentr\u00e9 autour duquel tourne notre modernit\u00e9, telle serait une des contributions de ce recueil. Comment penser l'humanit\u00e9 multiple, le droit, l'identit\u00e9 personnelle \u00e0 l'\u00e9preuve de l'alt\u00e9rit\u00e9 singuli\u00e8re d'autrui ? Le parcours choisi va du visible sous l'esp\u00e8ce du corps, du sentir, de la chair ou, si l'on veut, de l'identit\u00e9 et de la culture \u00e0 l'invisible: la personne objet de respect et le sujet du droit.\r\nQuestion de responsabilit\u00e9. Question de libert\u00e9. Questions ouvertes.\r","authors":["Jean-fran\u00e7ois Rey"],"category_codes":["9000000","9080000","9080200","9080204"],"visuals":{"large":"https:\/\/images.epagine.fr\/062\/9782738471062_1_75.jpg","medium":"https:\/\/images.epagine.fr\/062\/9782738471062_1_m.jpg","thumbnail":"https:\/\/images.epagine.fr\/062\/9782738471062_1_v.jpg"},"orderable":true,"show_badge":true,"formatted_price":"19,00&nbsp;\u20ac","formatted_published_date":"1er novembre 1998","publisher_availability_label":"Sur commande","short_details":"Jean-fran\u00e7ois Rey \u2014 \u00c9ditions L'Harmattan","translator":null,"weight":316,"page_count":208,"readership":null,"editor":"\u00c9ditions L'Harmattan","price":1900,"published_date":"1998-10-31T23:00:00.000000Z","support":"Grand format","publisher_availability":1,"stock":0,"editions":[],"url":"https:\/\/quaidesbrumes.com\/ouvrage\/9782738471062\/alterites-entre-visible-et-invisible"},{"id":"9782738473844","title":"L'\u00e9v\u00e8nement et l'observateur","description":"Bien que soient apparues \u00e0 nouveau diff\u00e9rentes tendances vers \" l'humanit\u00e9 \" et le dialogue, ce qui s'exprime aujourd'hui comme besoin d'historicit\u00e9 et de subjectivit\u00e9 repose enti\u00e8rement sur le d\u00e9saccord entre acteur et auteur ainsi que sur la distance entre action et interpr\u00e9tation.\r\nVico d\u00e9clarait, il est vrai, que nous pouvons conna\u00eetre l'histoire puisque nous la faisons. On a trop souvent n\u00e9glig\u00e9 d'ajouter que cette connaissance souffre de la distance : nous ne pouvons pas faire et conna\u00eetre en m\u00eame temps. Et le d\u00e9bat avec la conscience de nos limites op\u00e8re pr\u00e9cis\u00e9ment dans le cadre de cette distance. Plus nous avons tendance \u00e0 r\u00e9duire cette distance, plus nous nous apercevons que nous ne pouvons l'annuler.\r\nCette \u00e9tude explore quelques liens entre l'observateur et son historicit\u00e9. Le lecteur ne trouvera ni d\u00e9finitions, ni mod\u00e8les. Seulement des probl\u00e8mes. On ne parlera pas non plus \" d'observateur id\u00e9al \", ni on n'entreprendra d'\u00e9tudes de cas o\u00f9 les hommes interagissent comme observateurs et comme interpr\u00e8tes. Tout reste ici limit\u00e9 \u00e0 la trame des sujets et du discours.\r","authors":["Alfonso m. Iacono","Ansaldi Saverio"],"category_codes":["9000000","9080000","9080200","9080204"],"visuals":{"large":"https:\/\/images.epagine.fr\/844\/9782738473844_1_75.jpg","medium":"https:\/\/images.epagine.fr\/844\/9782738473844_1_m.jpg","thumbnail":"https:\/\/images.epagine.fr\/844\/9782738473844_1_v.jpg"},"orderable":true,"show_badge":true,"formatted_price":"15,50&nbsp;\u20ac","formatted_published_date":"15 janvier 1999","publisher_availability_label":"Sur commande","short_details":"Alfonso m. Iacono, Ansaldi Saverio \u2014 \u00c9ditions L'Harmattan","translator":"SAVERIO ANSALDI","weight":196,"page_count":160,"readership":null,"editor":"\u00c9ditions L'Harmattan","price":1550,"published_date":"1999-01-14T23:00:00.000000Z","support":"Grand format","publisher_availability":1,"stock":0,"editions":[],"url":"https:\/\/quaidesbrumes.com\/ouvrage\/9782738473844\/levenement-et-lobservateur"},{"id":"9782738473882","title":"Syst\u00e8me min\u00e9ralogique et cosmologie chez Novalis","description":"En 1797, le jeune Friedrich von Hardenberg, plus connu sous le nom de plume Novalis, d\u00e9cide de s'engager dans des \u00e9tudes scientifiques \u00e0 la c\u00e9l\u00e8bre Acad\u00e9mie des Mines de Freiberg fond\u00e9e dans le dernier quart du XVIIIe si\u00e8cle. Jusqu'\u00e0 sa mort pr\u00e9coce en 1801, Novalis ne cessera d'\u00e9tudier les sciences de la terre en ayant \u00e0 l'esprit une possible harmonisation des diff\u00e9rents champs du savoir, \u00e0 l'image de la r\u00e9alit\u00e9 tellurique, tout \u00e0 la fois m\u00eal\u00e9e et organis\u00e9e.\r","authors":["Laurent Margantin"],"category_codes":["9000000","9080000","9080200","9080204"],"visuals":{"large":"https:\/\/images.epagine.fr\/882\/9782738473882_1_75.jpg","medium":"https:\/\/images.epagine.fr\/882\/9782738473882_1_m.jpg","thumbnail":"https:\/\/images.epagine.fr\/882\/9782738473882_1_v.jpg"},"orderable":true,"show_badge":true,"formatted_price":"26,00&nbsp;\u20ac","formatted_published_date":"15 f\u00e9vrier 1999","publisher_availability_label":"Sur commande","short_details":"Laurent Margantin \u2014 \u00c9ditions L'Harmattan","translator":null,"weight":364,"page_count":304,"readership":null,"editor":"\u00c9ditions L'Harmattan","price":2600,"published_date":"1999-02-14T23:00:00.000000Z","support":"Grand format","publisher_availability":1,"stock":0,"editions":[],"url":"https:\/\/quaidesbrumes.com\/ouvrage\/9782738473882\/systeme-mineralogique-et-cosmologie-chez-novalis"},{"id":"9782738474742","title":"Nietzsche et Schopenhauer : encore et toujours la pr\u00e9destination","description":"Dante, au Paradis, demande \u00e0 son \u00e9lue : \" Pourquoi tu fus toi seule pr\u00e9destin\u00e9e ? \".\r\nEn guise de r\u00e9ponse, il n'aura qu'un cri r\u00e9sonnant comme le tonnerre qui le dissuadera de questionner plus avant... Nietzsche et Schopenhauer, eux, n'auront pas peur de cette question qui met en jeu indissociablement leur identit\u00e9 singuli\u00e8re et leur statut de philosophe. Le premier, au p\u00e9ril de sa raison, g\u00e8re l'h\u00e9ritage de la mort de Dieu, en assumant la disparition du P\u00e8re. Nous devons \u00e0 l'un et \u00e0 l'autre la consid\u00e9ration de la valeur de la singularit\u00e9, valeur ineffable, accessible seulement \u00e0 l'amour \u00e9lectif, divin ou humain.\r\nLe classement des hommes en genres, esp\u00e8ces, races, n'en est que la caricature ; l'individualisme contemporain en est sans doute la d\u00e9composition.\r","authors":["Marie-jos\u00e9 Pernin segissement"],"category_codes":["9000000","9080000","9080200","9080204"],"visuals":{"large":"https:\/\/images.epagine.fr\/742\/9782738474742_1_75.jpg","medium":"https:\/\/images.epagine.fr\/742\/9782738474742_1_m.jpg","thumbnail":"https:\/\/images.epagine.fr\/742\/9782738474742_1_v.jpg"},"orderable":true,"show_badge":true,"formatted_price":"43,50&nbsp;\u20ac","formatted_published_date":"3 mai 2000","publisher_availability_label":"Sur commande","short_details":"Marie-jos\u00e9 Pernin segissement \u2014 \u00c9ditions L'Harmattan","translator":null,"weight":608,"page_count":512,"readership":null,"editor":"\u00c9ditions L'Harmattan","price":4350,"published_date":"2000-05-02T22:00:00.000000Z","support":"Grand format","publisher_availability":1,"stock":0,"editions":[],"url":"https:\/\/quaidesbrumes.com\/ouvrage\/9782738474742\/nietzsche-et-schopenhauer-encore-et-toujours-la-predestination"},{"id":"9782746500655","title":"L'Incandescent","description":"Apr\u00e8s avoir successivement \u00e9tudi\u00e9 la communication, le corps humain et ses sens, l'instruction, les grands bouleversements de notre \u00e9poque et nos rapports avec le monde, Michel Serres aborde enfin la d\u00e9finition m\u00eame de l'homme. Ce livre, particuli\u00e8rement important dans son oeuvre, nous permet de mieux comprendre notre pass\u00e9, notre pr\u00e9sent et de r\u00e9fl\u00e9chir \u00e0 l'avenir que nous choisirons. Qu'est-ce que l'homme ? Laissant toute diff\u00e9rence qui le logerait dans une niche sp\u00e9cifique comme les autres vivants, il se d\u00e9sp\u00e9cialise et devient incandescent, comme un feu transparent o\u00f9 miroitent toutes les couleurs. La flamme qui en \u00e9mane pourra-t-elle un jour br\u00fbler nos maux ? \u00bb","authors":["Michel Serres"],"category_codes":["1000000","1070000","1070400"],"visuals":{"large":"https:\/\/images.epagine.fr\/655\/9782746500655_1_75.jpg","medium":"https:\/\/images.epagine.fr\/655\/9782746500655_1_m.jpg","thumbnail":"https:\/\/images.epagine.fr\/655\/9782746500655_1_v.jpg"},"orderable":true,"show_badge":true,"formatted_price":"22,00&nbsp;\u20ac","formatted_published_date":"26 f\u00e9vrier 2003","publisher_availability_label":"Sur commande","short_details":"Michel Serres \u2014 Le Pommier","translator":null,"weight":398,"page_count":356,"readership":null,"editor":"Le Pommier","price":2200,"published_date":"2003-02-25T23:00:00.000000Z","support":"Grand format","publisher_availability":1,"stock":0,"editions":[],"url":"https:\/\/quaidesbrumes.com\/ouvrage\/9782746500655\/lincandescent"},{"id":"9782738448705","title":"Pour une clinique de la douleur psychique","description":null,"authors":["Mich\u00e8le Bertrand"],"category_codes":["9000000","9120000","9120200"],"visuals":{"large":"https:\/\/images.epagine.fr\/705\/9782738448705_1_75.jpg","medium":"https:\/\/images.epagine.fr\/705\/9782738448705_1_m.jpg","thumbnail":"https:\/\/images.epagine.fr\/705\/9782738448705_1_v.jpg"},"orderable":true,"show_badge":true,"formatted_price":"13,50&nbsp;\u20ac","formatted_published_date":"20 f\u00e9vrier 1997","publisher_availability_label":"Sur commande","short_details":"Mich\u00e8le Bertrand \u2014 \u00c9ditions L'Harmattan","translator":null,"weight":212,"page_count":142,"readership":null,"editor":"\u00c9ditions L'Harmattan","price":1350,"published_date":"1997-02-19T23:00:00.000000Z","support":"Grand format","publisher_availability":1,"stock":0,"editions":[],"url":"https:\/\/quaidesbrumes.com\/ouvrage\/9782738448705\/pour-une-clinique-de-la-douleur-psychique"},{"id":"9782738451224","title":"Le cerveau et la pens\u00e9e ; critique des fondements de la neurophilosophie","description":"La r\u00e9duction de la pens\u00e9e \u00e0 ses infrastructures c\u00e9r\u00e9brales se heurte \u00e0 des \u00e9l\u00e9ments d'ordre \u00e9pist\u00e9mologique consid\u00e9rables. C'est dans l'aval de ces probl\u00e8mes impliquant la confrontation des donn\u00e9es physiologiques aux r\u00e9alit\u00e9s cliniques que s'inscrit cet essai. Il aborde les fondements th\u00e9oriques des neurosciences contemporaines comme la mise en perspective des recherches sur le cerveau dans le discours actuel des sciences humaines.\r","authors":["Christian Poirel"],"category_codes":["9000000","9080000","9080200","9080204"],"visuals":{"large":"https:\/\/images.epagine.fr\/224\/9782738451224_1_75.jpg","medium":"https:\/\/images.epagine.fr\/224\/9782738451224_1_m.jpg","thumbnail":"https:\/\/images.epagine.fr\/224\/9782738451224_1_v.jpg"},"orderable":true,"show_badge":true,"formatted_price":"19,00&nbsp;\u20ac","formatted_published_date":"1er f\u00e9vrier 1997","publisher_availability_label":"Sur commande","short_details":"Christian Poirel \u2014 \u00c9ditions L'Harmattan","translator":null,"weight":270,"page_count":174,"readership":null,"editor":"\u00c9ditions L'Harmattan","price":1900,"published_date":"1997-01-31T23:00:00.000000Z","support":"Grand format","publisher_availability":1,"stock":0,"editions":[],"url":"https:\/\/quaidesbrumes.com\/ouvrage\/9782738451224\/le-cerveau-et-la-pensee-critique-des-fondements-de-la-neurophilosophie"},{"id":"9782738469755","title":"Le po\u00e8te et la modernit\u00e9 ; po\u00e9tiques de l'individu de g\u00e9rard de nerval \u00e0 antonin artaud","description":"En montrant que les conditions politiques, \u00e9conomiques et sociales accentuent chez le po\u00e8te plus que chez tout autre individu le dualisme cart\u00e9sien entre substance pensante et substance \u00e9tendue, l'auteur entend faire mieux comprendre les m\u00e9canismes qui battent en br\u00e8che le mythe de l'individu indivis. La p\u00e9riode qui court de la seconde g\u00e9n\u00e9ration romantique \u00e0 la mort d'Antonin Artaud est, sur ce point, caract\u00e9ristique. L' auteur relit cette histoire \u00e0 la lumi\u00e8re de trajectoires qui, pour \u00eatre individualis\u00e9es, n'en convergent pas moins vers la perception commune que la singularit\u00e9 de chacun est menac\u00e9e de disparition.\r","authors":["Thierry Galibert"],"category_codes":["9000000","9080000","9080200","9080204"],"visuals":{"large":"https:\/\/images.epagine.fr\/755\/9782738469755_1_75.jpg","medium":"https:\/\/images.epagine.fr\/755\/9782738469755_1_m.jpg","thumbnail":"https:\/\/images.epagine.fr\/755\/9782738469755_1_v.jpg"},"orderable":true,"show_badge":true,"formatted_price":"24,00&nbsp;\u20ac","formatted_published_date":"3 mai 2000","publisher_availability_label":"Sur commande","short_details":"Thierry Galibert \u2014 \u00c9ditions L'Harmattan","translator":null,"weight":314,"page_count":256,"readership":null,"editor":"\u00c9ditions L'Harmattan","price":2400,"published_date":"2000-05-02T22:00:00.000000Z","support":"Grand format","publisher_availability":1,"stock":0,"editions":[],"url":"https:\/\/quaidesbrumes.com\/ouvrage\/9782738469755\/le-poete-et-la-modernite-poetiques-de-lindividu-de-gerard-de-nerval-a-antonin-artaud"},{"id":"9782738472151","title":"La gen\u00e8se de l'id\u00e9e de temps ; avec une introduction par Alfred Fouill\u00e9e","description":"\"Point de temps hors des d\u00e9sirs et des souvenirs, c'est-\u00e0-dire de certaines images qui, se juxtaposant comme se juxtaposent les objets qui les ont produites, engendrent tout \u00e0 la fois l'apparence du temps et de l'espace.\r\nLe temps, \u00e0 l'origine, n'existe pas plus dans notre conscience m\u00eame que dans un sablier. Nos sensations et nos pens\u00e9es ressemblent aux grains de sable qui s'\u00e9chappent par l'\u00e9troite ouverture. Comme ces grains de sable, elles s'excluent et se repoussent l'une l'autre en leur diversit\u00e9, au lieu de se fondre absolument l'une dans l'autre ce filet qui tombe peu \u00e0 peu, c'est le temps.\" La premi\u00e8re \u00e9dition de La Gen\u00e8se de l'id\u00e9e de temps, ouvrage posthume, date de 1890, avec une introduction de Alfred Fouill\u00e9e et une pr\u00e9face de l'auteur Le pr\u00e9sent reprint est pr\u00e9c\u00e9d\u00e9 d'un liminaire r\u00e9dig\u00e9 par Thierry Paquot.\r","authors":["M. Guyau"],"category_codes":["9000000","9080000"],"visuals":{"large":"https:\/\/images.epagine.fr\/151\/9782738472151_1_75.jpg","medium":"https:\/\/images.epagine.fr\/151\/9782738472151_1_m.jpg","thumbnail":"https:\/\/images.epagine.fr\/151\/9782738472151_1_v.jpg"},"orderable":true,"show_badge":true,"formatted_price":"19,00&nbsp;\u20ac","formatted_published_date":"3 mai 2000","publisher_availability_label":"Sur commande","short_details":"M. Guyau \u2014 \u00c9ditions L'Harmattan","translator":null,"weight":238,"page_count":140,"readership":null,"editor":"\u00c9ditions L'Harmattan","price":1900,"published_date":"2000-05-02T22:00:00.000000Z","support":"Grand format","publisher_availability":1,"stock":0,"editions":[],"url":"https:\/\/quaidesbrumes.com\/ouvrage\/9782738472151\/la-genese-de-lidee-de-temps-avec-une-introduction-par-alfred-fouillee"},{"id":"9782738474896","title":"La passion du r\u00e9el ; esquisse ph\u00e9nom\u00e9nologique","description":"(...) Tragique et \" belle \", c'est-\u00e0-dire impossible, la r\u00e9alit\u00e9 nous est pourtant indispensable...\r\nCette feuille bris\u00e9e, verte et noire, cette feuille qui montre dans sa blessure la profondeur de ce qui est, cette feuille infinie est pr\u00e9sence pure, et par cons\u00e9quent mon salut (Bonnefoy). Le \" salut \" n'est pas \u00e0 chercher loin de la r\u00e9alit\u00e9, dans un autre monde plus conforme \u00e0 nos attentes. Il est \u00e0 chercher du c\u00f4t\u00e9 de ce qui est, c'est-\u00e0-dire du c\u00f4t\u00e9 de l'inattendu. L'\u00e9vasion hors du r\u00e9el est mortelle.\r\nL'all\u00e9gorie de la caverne de Platon nous enseigne d\u00e9j\u00e0, \u00e0 sa fa\u00e7on, qu'une humanit\u00e9 priv\u00e9e de r\u00e9alit\u00e9 (abandonn\u00e9e au rien des apparences ou des \" ombres \") est une humanit\u00e9 en quelque sorte priv\u00e9e d'elle-m\u00eame, r\u00e9duite \u00e0 rien. La sagesse s'oppose \u00e0 la folie comme \u00e0 l'abandon ou \u00e0 la perte de la r\u00e9alit\u00e9. Elle exige, \u00e0 titre de condition essentielle, pr\u00e9sence au r\u00e9el, \u00e9veil ou r\u00e9veil. Centr\u00e9es sur quelques figures classiques ou contemporaines (H\u00e9raclite, Virilio, Bonnefoy, etc.), les esquisses rassembl\u00e9es dans ce volume replacent la question du r\u00e9el (plus que jamais actuelle \u00e0 l'\u00e8re du virtuel) au coeur de la philosophie.\r\nPartiellement publi\u00e9s dans des revues au cours de ces derni\u00e8res ann\u00e9es, ces textes renvoient les uns aux autres et forment un tout.\r","authors":["R\u00e9my Paindavoine"],"category_codes":["9000000","9080000","9080200","9080204"],"visuals":{"large":"https:\/\/images.epagine.fr\/896\/9782738474896_1_75.jpg","medium":"https:\/\/images.epagine.fr\/896\/9782738474896_1_m.jpg","thumbnail":"https:\/\/images.epagine.fr\/896\/9782738474896_1_v.jpg"},"orderable":true,"show_badge":true,"formatted_price":"13,50&nbsp;\u20ac","formatted_published_date":"3 mai 2000","publisher_availability_label":"Sur commande","short_details":"R\u00e9my Paindavoine \u2014 \u00c9ditions L'Harmattan","translator":null,"weight":172,"page_count":128,"readership":null,"editor":"\u00c9ditions L'Harmattan","price":1350,"published_date":"2000-05-02T22:00:00.000000Z","support":"Grand format","publisher_availability":1,"stock":0,"editions":[],"url":"https:\/\/quaidesbrumes.com\/ouvrage\/9782738474896\/la-passion-du-reel-esquisse-phenomenologique"},{"id":"9782747581271","title":"Le d\u00e9fi du politique ; totalitarisme et d\u00e9mocratie chez Claude Lefort","description":"L'oeuvre de Claude Lefort est marqu\u00e9e par la passion de comprendre l'origine des r\u00e9gimes totalitaires et l'av\u00e8nement de la d\u00e9mocratie moderne. Dans ce livre nous nous efforcerons d'exposer la d\u00e9marche qui m\u00e8ne Lefort \u00e0 la d\u00e9couverte de la dimension symbolique de la soci\u00e9t\u00e9 d\u00e9mocratique. Le politique sera le domaine propre de cette enqu\u00eate. Lefort nous invite \u00e0 voir dans la d\u00e9mocratie une forme de soci\u00e9t\u00e9 qui s'institue et se maintient dans la distinction des plans du pouvoir, de la loi et du savoir, et dans l'ind\u00e9termination ultime de l'\u00eatre du social. \r","authors":["Esteban Molina"],"category_codes":["9000000","9080000","9080200","9080204"],"visuals":{"large":"https:\/\/images.epagine.fr\/271\/9782747581271_1_75.jpg","medium":"https:\/\/images.epagine.fr\/271\/9782747581271_1_m.jpg","thumbnail":"https:\/\/images.epagine.fr\/271\/9782747581271_1_v.jpg"},"orderable":true,"show_badge":true,"formatted_price":"27,50&nbsp;\u20ac","formatted_published_date":"2 mars 2005","publisher_availability_label":"Sur commande","short_details":"Esteban Molina \u2014 \u00c9ditions L'Harmattan","translator":null,"weight":350,"page_count":304,"readership":null,"editor":"\u00c9ditions L'Harmattan","price":2750,"published_date":"2005-03-01T23:00:00.000000Z","support":"Grand format","publisher_availability":1,"stock":0,"editions":[],"url":"https:\/\/quaidesbrumes.com\/ouvrage\/9782747581271\/le-defi-du-politique-totalitarisme-et-democratie-chez-claude-lefort"},{"id":"9782747581608","title":"El\u00e9ments d'esth\u00e9tique arabo-islamique","description":"L'\u00e9tendue spatiale et temporelle de l'art arabo-islamique a toujours constitu\u00e9 la principale difficult\u00e9 pour les chercheurs, tant historiens de l'art que philosophes esth\u00e9ticiens. L'art arabo-islamique s'est d\u00e9velopp\u00e9 dans un grand ensemble qui s'\u00e9tend de l'Espagne, vers les pays d'Afrique du nord (Maghreb), l'Asie Mineure. Si la peinture arabo-islamique est non figurative dans sa quasi-totalit\u00e9 et si la sculpture y est presque inexistante, c'est surtout pour des raisons \u00e9pist\u00e9miques. L'\u00e9pist\u00e9m\u00e9 arabe, entre le VII\u00b0 et le XIV\u00b0 si\u00e8cle, n'a pas ouvert une enqu\u00eate syst\u00e9matique sur l'homme et la nature.\r","authors":["Taoufik Cherif"],"category_codes":["7000000","7030000"],"visuals":{"large":"https:\/\/images.epagine.fr\/608\/9782747581608_1_75.jpg","medium":"https:\/\/images.epagine.fr\/608\/9782747581608_1_m.jpg","thumbnail":"https:\/\/images.epagine.fr\/608\/9782747581608_1_v.jpg"},"orderable":true,"show_badge":true,"formatted_price":"11,50&nbsp;\u20ac","formatted_published_date":"2 mars 2005","publisher_availability_label":"Sur commande","short_details":"Taoufik Cherif \u2014 \u00c9ditions L'Harmattan","translator":null,"weight":100,"page_count":74,"readership":null,"editor":"\u00c9ditions L'Harmattan","price":1150,"published_date":"2005-03-01T23:00:00.000000Z","support":"Grand format","publisher_availability":1,"stock":0,"editions":[],"url":"https:\/\/quaidesbrumes.com\/ouvrage\/9782747581608\/elements-desthetique-arabo-islamique"},{"id":"9782747578400","title":"L'\u00e9thique des petits actes","description":"Le message est simple : chacun de nos actes les plus anodins rec\u00e8le une cl\u00e9 du perfectionnement \u00e9thique. En apprenant \u00e0 la saisir, elle contribue par ailleurs dans une tr\u00e8s large mesure au d\u00e9veloppement de notre propre humanit\u00e9 : c'est en effet dans ce r\u00e9servoir in\u00e9puisable - les innombrables occasions d'agir \u00e9thiquement offertes par notre quotidien - qu'il est possible de trouver la mati\u00e8re premi\u00e8re de la construction de soi. Cet ouvrage ouvre des pistes de pratique \u00e9thique qui serait l'investissement de notre vie quotidienne par une densit\u00e9 d'intention nouvelle.","authors":["Fondation Ostad Elah"],"category_codes":["9000000","9080000"],"visuals":{"large":"https:\/\/images.epagine.fr\/400\/9782747578400_1_75.jpg","medium":"https:\/\/images.epagine.fr\/400\/9782747578400_1_m.jpg","thumbnail":"https:\/\/images.epagine.fr\/400\/9782747578400_1_v.jpg"},"orderable":true,"show_badge":true,"formatted_price":"12,00&nbsp;\u20ac","formatted_published_date":"2 mars 2005","publisher_availability_label":"Sur commande","short_details":"Fondation Ostad Elah \u2014 \u00c9ditions L'Harmattan","translator":null,"weight":100,"page_count":77,"readership":null,"editor":"\u00c9ditions L'Harmattan","price":1200,"published_date":"2005-03-01T23:00:00.000000Z","support":"Grand format","publisher_availability":1,"stock":0,"editions":[],"url":"https:\/\/quaidesbrumes.com\/ouvrage\/9782747578400\/lethique-des-petits-actes"},{"id":"9782747580595","title":"Math\u00e9matique et v\u00e9rit\u00e9 : Une philosophie du nombre","description":"Apr\u00e8s la perte de nombreux rep\u00e8res religieux, culturels et politiques, l'homme postmoderne va-t-il devoir renoncer \u00e0 la seule v\u00e9rit\u00e9 qui lui paraissait certaine, absolue et indestructible, la v\u00e9rit\u00e9 math\u00e9matique ? L'av\u00e8nement de la th\u00e9orie des ensembles (Dedekind et Cantor), la d\u00e9couverte des paradoxes ensemblistes (Russell), la crise des fondements (Hilbert), le th\u00e9or\u00e8me d'incompl\u00e9tude (Godel), l'effondrement de l'entreprise bourbakiste et l'arriv\u00e9e des nouvelles philosophies am\u00e9ricaines niant la v\u00e9rit\u00e9 math\u00e9matique, tout cela nous conduit-il \u00e0 la certitude de l'impossibilit\u00e9 de savoir?","authors":["Jean C. Baudet"],"category_codes":["9000000","9080000"],"visuals":{"large":"https:\/\/images.epagine.fr\/595\/9782747580595_1_75.jpg","medium":"https:\/\/images.epagine.fr\/595\/9782747580595_1_m.jpg","thumbnail":"https:\/\/images.epagine.fr\/595\/9782747580595_1_v.jpg"},"orderable":true,"show_badge":true,"formatted_price":"17,50&nbsp;\u20ac","formatted_published_date":"2 mars 2005","publisher_availability_label":"Sur commande","short_details":"Jean C. Baudet \u2014 \u00c9ditions L'Harmattan","translator":null,"weight":200,"page_count":184,"readership":null,"editor":"\u00c9ditions L'Harmattan","price":1750,"published_date":"2005-03-01T23:00:00.000000Z","support":"Grand format","publisher_availability":1,"stock":0,"editions":[],"url":"https:\/\/quaidesbrumes.com\/ouvrage\/9782747580595\/mathematique-et-verite-une-philosophie-du-nombre"},{"id":"9782915018080","title":"La sortie au jour","description":"Le divertissement prot\u00e8ge les uns de Dieu, les autres du n\u00e9ant. Entre le bar o\u00f9 il vivote et les comp\u00e9titions de tarot auxquelles il lui arrive de participer, le narrateur de ce journal revient, au fil des jours, sur la disparition de sa compagne, neuf ans apr\u00e8s le drame. Arrach\u00e9e aux tr\u00e9fonds de l'oubli, de l'abjection de soi, sa langue hurle, foudroie, se fait hirsute et parfois trouve en son vortex le fragile \u00e9quilibre d'un retour \u00e0 soi.\r\nAinsi, pass\u00e9e par une m\u00e9moration suffocante, presque sans issue, il semble reprendre son souffle, comme un mineur qui remonte \u00e0 l'air libre ou comme une cr\u00e9ature osirienne qui a enfin travers\u00e9 le royaume des morts.\r\nCette chronique, achev\u00e9e en 1996, demeurait dans le retrait ironique de son titre, comme si le danger de tout \u00e9crire n'\u00e9tait pas \u00e9cart\u00e9....\r","authors":["Michel Karpinski"],"category_codes":["9000000","9080000","9080200","9080204"],"visuals":{"large":"https:\/\/images.epagine.fr\/080\/9782915018080_1_75.jpg","medium":"https:\/\/images.epagine.fr\/080\/9782915018080_1_m.jpg","thumbnail":"https:\/\/images.epagine.fr\/080\/9782915018080_1_v.jpg"},"orderable":true,"show_badge":true,"formatted_price":"15,00&nbsp;\u20ac","formatted_published_date":"7 f\u00e9vrier 2005","publisher_availability_label":"Sur commande","short_details":"Michel Karpinski \u2014 Quidam \u00c9diteur","translator":null,"weight":215,"page_count":145,"readership":null,"editor":"Quidam \u00c9diteur","price":1500,"published_date":"2005-02-06T23:00:00.000000Z","support":"Grand format","publisher_availability":1,"stock":0,"editions":[],"url":"https:\/\/quaidesbrumes.com\/ouvrage\/9782915018080\/la-sortie-au-jour"},{"id":"9782747578783","title":"Agon dans les tragedies d'eschyle","description":"La rivalit\u00e9, l'affrontement, le combat ont jou\u00e9 un r\u00f4le primordial dans l'av\u00e8nement, la croissance et la conservation de la civilisation de la Gr\u00e8ce antique, puis incidemment de la n\u00f4tre. Les grecs appelaient \"Ag\u00f4n\" une telle d\u00e9termination. Cet essai veut s'attacher \u00e0 d\u00e9crire les modalit\u00e9s, les formes, les fonctions de l'affrontement dans les trag\u00e9dies d'Eschyle, le plus ancien des trois grands tragiques grecs.\r","authors":["Marc Durand"],"category_codes":["1000000","1010000"],"visuals":{"large":"https:\/\/images.epagine.fr\/783\/9782747578783_1_75.jpg","medium":"https:\/\/images.epagine.fr\/783\/9782747578783_1_m.jpg","thumbnail":"https:\/\/images.epagine.fr\/783\/9782747578783_1_v.jpg"},"orderable":true,"show_badge":true,"formatted_price":"15,00&nbsp;\u20ac","formatted_published_date":"1er mai 2005","publisher_availability_label":"Sur commande","short_details":"Marc Durand \u2014 \u00c9ditions L'Harmattan","translator":null,"weight":280,"page_count":160,"readership":null,"editor":"\u00c9ditions L'Harmattan","price":1500,"published_date":"2005-04-30T22:00:00.000000Z","support":"Grand format","publisher_availability":1,"stock":0,"editions":[],"url":"https:\/\/quaidesbrumes.com\/ouvrage\/9782747578783\/agon-dans-les-tragedies-deschyle"},{"id":"9782747578394","title":"Prom\u00e9th\u00e9e d\u00e9cha\u00een\u00e9 : Qui a peur de l'individu?","description":"La figure de Prom\u00e9th\u00e9e est associ\u00e9e au r\u00e8gne triomphant de la technique. L'homme prom\u00e9th\u00e9en, ayant re\u00e7u le feu divin, serait responsable de tous les maux. L'individu, ce Prom\u00e9th\u00e9e moderne, est \u00e0 la fois l'objet de toutes les attentions et de toutes les critiques. On le dit suffisamment libre pour \u00eatre un consommateur averti dans une \u00e9conomie de march\u00e9, mais trop inconscient pour se rendre compte des dommages provoqu\u00e9s par son \u00e9go\u00efsme, son narcissisme exacerb\u00e9 ou son d\u00e9sengagement politique.\r","authors":["Harold Bernat-Winter"],"category_codes":["9000000","9080000"],"visuals":{"large":"https:\/\/images.epagine.fr\/394\/9782747578394_1_75.jpg","medium":"https:\/\/images.epagine.fr\/394\/9782747578394_1_m.jpg","thumbnail":"https:\/\/images.epagine.fr\/394\/9782747578394_1_v.jpg"},"orderable":true,"show_badge":true,"formatted_price":"14,50&nbsp;\u20ac","formatted_published_date":"2 f\u00e9vrier 2005","publisher_availability_label":"Sur commande","short_details":"Harold Bernat-Winter \u2014 \u00c9ditions L'Harmattan","translator":null,"weight":160,"page_count":148,"readership":null,"editor":"\u00c9ditions L'Harmattan","price":1450,"published_date":"2005-02-01T23:00:00.000000Z","support":"Grand format","publisher_availability":1,"stock":0,"editions":[],"url":"https:\/\/quaidesbrumes.com\/ouvrage\/9782747578394\/promethee-dechaine-qui-a-peur-de-lindividu"},{"id":"9782738471321","title":"Eros et f\u00e9condit\u00e9 chez le jeune Levinas","description":"Si la philosophie de Levinas est tenue pour \u00eatre une \u00e9thique, cet aspect dissimule bien souvent les th\u00e8mes sur lesquels elle s'appuie.\r\nCet ouvrage vise \u00e0 retracer la gen\u00e8se de l'\u00e9thique dans l'oeuvre l\u00e9vinassienne, et \u00e0 r\u00e9habiliter la notion d'eros, g\u00e9n\u00e9ralement subordonn\u00e9e dans l'oeuvre de maturit\u00e9. Chez cet auteur, l'eros est ins\u00e9parable de l'id\u00e9e d'une f\u00e9condit\u00e9, qui occupe une position cruciale dans cette pens\u00e9e dont l'enjeu av\u00e9r\u00e9 est d'\u00e9chapper \u00e0 une philosophie de l'\u00eatre - enjeu le plus affirm\u00e9 par Levinas, et auquel il marquera sans doute la plus grande fid\u00e9lit\u00e9.\r\nUne question se pose alors : si l'exigence consiste \u00e0 \u00e9chapper \u00e0 l'\u00eatre, n'est-elle pas trahie par le fait de voir dans la f\u00e9condit\u00e9 son ultime expression ?\r","authors":["Jean-luc Thayse"],"category_codes":["9000000","9080000","9080200","9080204"],"visuals":{"large":"https:\/\/images.epagine.fr\/321\/9782738471321_1_75.jpg","medium":"https:\/\/images.epagine.fr\/321\/9782738471321_1_m.jpg","thumbnail":"https:\/\/images.epagine.fr\/321\/9782738471321_1_v.jpg"},"orderable":true,"show_badge":true,"formatted_price":"29,50&nbsp;\u20ac","formatted_published_date":"3 mai 2000","publisher_availability_label":"Sur commande","short_details":"Jean-luc Thayse \u2014 \u00c9ditions L'Harmattan","translator":null,"weight":456,"page_count":336,"readership":null,"editor":"\u00c9ditions L'Harmattan","price":2950,"published_date":"2000-05-02T22:00:00.000000Z","support":"Grand format","publisher_availability":1,"stock":0,"editions":[],"url":"https:\/\/quaidesbrumes.com\/ouvrage\/9782738471321\/eros-et-fecondite-chez-le-jeune-levinas"},{"id":"9782951822658","title":"Numero 2004 des annales de phenomenologie","description":null,"authors":["Collectif"],"category_codes":["9000000","9080000","9080200","9080204"],"visuals":{"large":"https:\/\/quaidesbrumes.com\/img\/book-placeholder.png","medium":"https:\/\/quaidesbrumes.com\/img\/book-placeholder.png","thumbnail":"https:\/\/quaidesbrumes.com\/img\/book-placeholder.png"},"orderable":true,"show_badge":true,"formatted_price":"20,00&nbsp;\u20ac","formatted_published_date":"1er f\u00e9vrier 2005","publisher_availability_label":"Sur commande","short_details":"Collectif \u2014 Promotion De Phenomenologie","translator":null,"weight":482,"page_count":null,"readership":null,"editor":"Promotion De Phenomenologie","price":2000,"published_date":"2005-01-31T23:00:00.000000Z","support":"Grand format","publisher_availability":1,"stock":0,"editions":[],"url":"https:\/\/quaidesbrumes.com\/ouvrage\/9782951822658\/numero-2004-des-annales-de-phenomenologie"},{"id":"9782913167469","title":"La fourmi et la philosophie","description":"Jean Lilensten est astronome au CNRS, Pascal Dupont est entomologiste. Amoureux de la philosophie, ils se sont rendu compte \u00e0 travers leurs lectures que leurs d\u00e9formations intellectuelles de scientifiques les ont fait aborder de nombreux probl\u00e8mes d'une fa\u00e7on diff\u00e9rente des vrais philosophes, souvent plus na\u00efve sans doute, bas\u00e9e sur des d\u00e9finitions que la r\u00e9alit\u00e9, l'exp\u00e9rience teste, valide ou infirme. Ils ont souhait\u00e9 avant tout d\u00e9velopper une philosophie qui ne soit pas en contradiction avec les sciences de la nature, physique, chimie, biologie . Ni un nouveau d\u00e9veloppement sur le th\u00e8me du naturalisme rousseauiste, mais une philosophie qui soit en accord avec les th\u00e9ories scientifiques. Jean Lilensten a publi\u00e9 6 livres scientifiques : 2 pour enfants, 2 pour tous publics et 2 pour des universitaires.\r\n- Tu sais, Rabbi, pendant ces vingt ann\u00e9es de r\u00e9flexion solitaire au sommet de ma montagne, seul dans la froidure de l'hiver, seul dans la chaleur de l'\u00e9t\u00e9, au cours de ces vingt ann\u00e9es de r\u00e9flexion, j'ai d\u00e9couvert que la vie, Rabbi, la vie, c'est comme un grand jet d'eau. \r\n- Ah, oui, Jacob mon fils ? La vie est comme un grand jet d'eau ?... Int\u00e9ressant... Tr\u00e8s int\u00e9ressant. Mais... tu es bien certain que la vie c'est comme... \r\n- Hum... H\u00e9 bien... A bien y r\u00e9fl\u00e9chir, Rabbi, peut-\u00eatre que finalement, la vie n'est pas comme un jet d'eau.\r\nLe d\u00e9but du livre examine les contraintes que les sciences de la nature imposent \u00e0 l'\u00e9laboration d\u00b9une philosophie. Puis divers sujets classiques sont abord\u00e9s \u00e0 l'aune de ses crit\u00e8res. L'id\u00e9e de nature humaine tout d'abord, sans recours aux religions ou aux croyances. D'autres d\u00e9finitions font cheminer le lecteur de la notion de libert\u00e9(s) \u00e0 celle de droit, de devoir(s.) Une large part du livre aborde les concepts d'existence et d'essence, ce qui permet de poser une th\u00e9orie de la personnalit\u00e9. Le fait scientifique, occult\u00e9 par bien des philosophies, est un \u00e9l\u00e9ment central de l'\u00e9volution de nos soci\u00e9t\u00e9s. Nous abordons donc la d\u00e9finition de la science, elle qui constitue notre travail quotidien. Tout le long du texte, une fourmi philosophe nous accompagne. Comme une pause, comme un regard distanci\u00e9, elle illustre le propos de sa gouaille ou de sa po\u00e9sie. Des \" histoires \" de fourmis ou d'insectes sont autant de r\u00e9cr\u00e9ations \u00e0 r\u00e9fl\u00e9chir, qui d\u00e9busquent l\u00b9anthropomorphisme et \u00e9largissent la vision de la soci\u00e9t\u00e9 humaine.","authors":["Pascal Dupont","Jean Lilenstein","Olivier Anne le\u00efla"],"category_codes":["9000000","9080000","9080200","9080204"],"visuals":{"large":"https:\/\/images.epagine.fr\/469\/9782913167469_1_75.jpg","medium":"https:\/\/images.epagine.fr\/469\/9782913167469_1_m.jpg","thumbnail":"https:\/\/images.epagine.fr\/469\/9782913167469_1_v.jpg"},"orderable":true,"show_badge":true,"formatted_price":"16,00&nbsp;\u20ac","formatted_published_date":"26 septembre 2005","publisher_availability_label":"Sur commande","short_details":"Pascal Dupont, Jean Lilenstein, Olivier Anne le\u00efla \u2014 Odin","translator":null,"weight":166,"page_count":134,"readership":null,"editor":"Odin","price":1600,"published_date":"2005-09-25T22:00:00.000000Z","support":"Grand format","publisher_availability":1,"stock":0,"editions":[],"url":"https:\/\/quaidesbrumes.com\/ouvrage\/9782913167469\/la-fourmi-et-la-philosophie"},{"id":"9782738446800","title":"Le sacr\u00e9 et le religieux : Expression dans la psychose","description":"Le sacr\u00e9 est omnipr\u00e9sent dans les mentalit\u00e9s et les civilisations de toutes les \u00e9poques. Il exprime une qu\u00eate d'absolu, d'irrationnel et de transcendance et se manifeste \u00e0 la fois dans les religions officielles et dans une multitude de courants qui peuvent donner lieu \u00e0 d'\u00e9tranges d\u00e9rives.  \r\nDes forces obscures r\u00f4dent, \u00e0 l'aff\u00fbt de chaque destin. C'est sur leur autel que sacrifie le superstitieux ; \u00e0 elles que s'adressent les rituels priv\u00e9s de l'obsessionnel ; elles qui t\u00e9tanisent l'hyst\u00e9rique et qui entra\u00eenent sur les sentiers du d\u00e9lire. Leur fait \u00e9cho le Dieu \u00e9nigmatique, perceptible aux effets de s\u00e9duction qu'il produit sur l'homme qui le cherche, sujet \u00e9pris de v\u00e9rit\u00e9, aux contours dissous dans l'\u00e9lan amoureux, transf\u00e9rentiel ou mystique.  \r\nComment faire la diff\u00e9rence entre une conviction d\u00e9lirante, l'authenticit\u00e9 et la diversit\u00e9 des croyances ? O\u00f9 se situe le religieux, le sacr\u00e9, le mystique ? L'art est-il \u00ab religieux \u00bb ou \u00absacr\u00e9\u00bb ? Et qu'en est-il dans l'expression des psychotiques?","authors":["Muriel Laharie"],"category_codes":["9000000","9120000","9120200"],"visuals":{"large":"https:\/\/images.epagine.fr\/800\/9782738446800_1_75.jpg","medium":"https:\/\/images.epagine.fr\/800\/9782738446800_1_m.jpg","thumbnail":"https:\/\/images.epagine.fr\/800\/9782738446800_1_v.jpg"},"orderable":true,"show_badge":true,"formatted_price":"22,50&nbsp;\u20ac","formatted_published_date":"20 f\u00e9vrier 1997","publisher_availability_label":"Sur commande","short_details":"Muriel Laharie \u2014 \u00c9ditions L'Harmattan","translator":null,"weight":300,"page_count":240,"readership":null,"editor":"\u00c9ditions L'Harmattan","price":2250,"published_date":"1997-02-19T23:00:00.000000Z","support":"Grand format","publisher_availability":1,"stock":0,"editions":[],"url":"https:\/\/quaidesbrumes.com\/ouvrage\/9782738446800\/le-sacre-et-le-religieux-expression-dans-la-psychose"}]}