{"data":[{"id":"9782747569149","title":"Raison et syst\u00e8me chez Hegel : De la Ph\u00e9nom\u00e9nologie de l'Esprit \u00e0 l'Encyclop\u00e9die des Sciences Philosophiques","description":"Le d\u00e9ploiement du syst\u00e8me h\u00e9g\u00e9lien est ins\u00e9parable de sa gen\u00e8se et de sa maturation au sein d'une pluralit\u00e9 d'oeuvres majeures qui constituent le corpus de l'id\u00e9alisme allemand. La reconstitution du fondement de la \"Critique de la raison pure\" et le probl\u00e8me de la fondation du savoir philosophique constituent l'une des principales clefs pour entrer dans l'intelligence des philosophies post-kantiennes. Ce \"d\u00e9tour\" par l'id\u00e9alisme post-kantien peut seul \u00e9clairer les passages les plus difficiles de la Ph\u00e9nom\u00e9nologie de l'Esprit, et les grandes articulations de l'Encyclop\u00e9die des Sciences Philosophiques.","authors":["Charles-Eric Saint Germain"],"category_codes":["9000000","9080000"],"visuals":{"large":"https:\/\/images.epagine.fr\/149\/9782747569149_1_75.jpg","medium":"https:\/\/images.epagine.fr\/149\/9782747569149_1_m.jpg","thumbnail":"https:\/\/images.epagine.fr\/149\/9782747569149_1_v.jpg"},"orderable":true,"show_badge":true,"formatted_price":"42,00&nbsp;\u20ac","formatted_published_date":"2 octobre 2004","publisher_availability_label":"Sur commande","short_details":"Charles-Eric Saint Germain \u2014 \u00c9ditions L'Harmattan","translator":null,"weight":850,"page_count":530,"readership":null,"editor":"\u00c9ditions L'Harmattan","price":4200,"published_date":"2004-10-01T22:00:00.000000Z","support":"Grand format","publisher_availability":1,"stock":0,"editions":[],"url":"https:\/\/quaidesbrumes.com\/ouvrage\/9782747569149\/raison-et-systeme-chez-hegel-de-la-phenomenologie-de-lesprit-a-lencyclopedie-des-sciences-philosophiques"},{"id":"9782747570510","title":"Aristote et la m\u00e9decine : Le fait et la cause","description":"De l'analyse de la techn\u00e9 m\u00e9dicale, Platon avait d\u00e9gag\u00e9 ce qui fait d'elle un mod\u00e8le de comp\u00e9tence et de rationalit\u00e9 et ce qui permet \u00e0 partir d'elle un \u00e9clairage m\u00e9taphorique sur la cit\u00e9. Avec Aristote, la philosophie rencontre v\u00e9ritablement la m\u00e9decine, non plus comme activit\u00e9 de r\u00e9f\u00e9rence pour d'autres fins mais comme une science du visible. Un discours m\u00e9dical nouveau, oeuvre exemplaire de la raison, va r\u00e9sulter de cette confrontation.","authors":["Jean Lombard"],"category_codes":["9000000","9080000"],"visuals":{"large":"https:\/\/images.epagine.fr\/510\/9782747570510_1_75.jpg","medium":"https:\/\/images.epagine.fr\/510\/9782747570510_1_m.jpg","thumbnail":"https:\/\/images.epagine.fr\/510\/9782747570510_1_v.jpg"},"orderable":true,"show_badge":true,"formatted_price":"15,50&nbsp;\u20ac","formatted_published_date":"2 octobre 2004","publisher_availability_label":"Sur commande","short_details":"Jean Lombard \u2014 \u00c9ditions L'Harmattan","translator":null,"weight":180,"page_count":160,"readership":null,"editor":"\u00c9ditions L'Harmattan","price":1550,"published_date":"2004-10-01T22:00:00.000000Z","support":"Grand format","publisher_availability":1,"stock":0,"editions":[],"url":"https:\/\/quaidesbrumes.com\/ouvrage\/9782747570510\/aristote-et-la-medecine-le-fait-et-la-cause"},{"id":"9782830911510","title":"Enqu\u00eate philosophique sur la dignit\u00e9","description":"La dignit\u00e9 est l'une des notions \u00e9thiques aujourd'hui les plus sollicit\u00e9es, particuli\u00e8rement lorsqu'il est question des biotechnologies. Mais si elle est tr\u00e8s souvent invoqu\u00e9e, il est difficile de savoir quel sens pr\u00e9cis lui est donn\u00e9. Il est donc n\u00e9cessaire, si l'on veut \u00e9viter d'en rester \u00e0 une \u00e9thique des \" bons sentiments \", d'en clarifier la signification. C'est l\u00e0 une t\u00e2che complexe, en ce que ce concept a une double r\u00e9f\u00e9rence, \u00e0 l'\u00e9thique d'une part (la dignit\u00e9 doit \u00eatre respect\u00e9e) et \u00e0 l'anthropologie ou \u00e0 la m\u00e9taphysique d'autre part (la dignit\u00e9 est attach\u00e9e \u00e0 ce qu'est l'\u00eatre humain). Bref, la dignit\u00e9 est une notion philosophique plac\u00e9e \u00e0 la charni\u00e8re de l'\u00e9thique et de l'anthropologie, entre ce qui doit \u00eatre et ce qui est. Ayant \u00e9lucid\u00e9 le sens et la port\u00e9e du concept de dignit\u00e9, Bernard Baertschi examine ensuite si les biotechnologies contemporaines (le g\u00e9nie g\u00e9n\u00e9tique, la procr\u00e9ation m\u00e9dicalement assist\u00e9e, le clonage et les x\u00e9notransplantations) respectent ou non la dignit\u00e9 de l'\u00eatre humain.\r","authors":["Bernard Baertschi"],"category_codes":["9000000","9080000","9080200","9080204"],"visuals":{"large":"https:\/\/images.epagine.fr\/510\/9782830911510_1_75.jpg","medium":"https:\/\/images.epagine.fr\/510\/9782830911510_1_m.jpg","thumbnail":"https:\/\/images.epagine.fr\/510\/9782830911510_1_v.jpg"},"orderable":true,"show_badge":true,"formatted_price":"30,00&nbsp;\u20ac","formatted_published_date":"17 juin 2019","publisher_availability_label":"Sur commande","short_details":"Bernard Baertschi \u2014 \u00c9ditions Labor et Fides","translator":null,"weight":410,"page_count":310,"readership":null,"editor":"\u00c9ditions Labor et Fides","price":3000,"published_date":"2019-06-16T22:00:00.000000Z","support":"Grand format","publisher_availability":1,"stock":0,"editions":[],"url":"https:\/\/quaidesbrumes.com\/ouvrage\/9782830911510\/enquete-philosophique-sur-la-dignite"},{"id":"9782747564786","title":"Adorno, une \u00e9thique de la souffrance","description":"\"La persistance de la souffrance, de l'angoisse et de la peur contraint la pens\u00e9e qui n'a pu se r\u00e9aliser \u00e0 ne pas se saborder. Maintenant qu'il est trop tard, elle devrait savoir sans se leurrer pourquoi le monde qui pourrait \u00eatre le paradis hic et nunc peut demain devenir l'enfer. C'est en une telle prise de conscience que consisterait \u00e0 vrai dire la philosophie.\" Th. W. Adorno\r","authors":["Bourahima Ouattara"],"category_codes":["9000000","9080000"],"visuals":{"large":"https:\/\/images.epagine.fr\/786\/9782747564786_1_75.jpg","medium":"https:\/\/images.epagine.fr\/786\/9782747564786_1_m.jpg","thumbnail":"https:\/\/images.epagine.fr\/786\/9782747564786_1_v.jpg"},"orderable":true,"show_badge":true,"formatted_price":"15,50&nbsp;\u20ac","formatted_published_date":"2 juin 2004","publisher_availability_label":"Sur commande","short_details":"Bourahima Ouattara \u2014 \u00c9ditions L'Harmattan","translator":null,"weight":210,"page_count":168,"readership":null,"editor":"\u00c9ditions L'Harmattan","price":1550,"published_date":"2004-06-01T22:00:00.000000Z","support":"Grand format","publisher_availability":1,"stock":0,"editions":[],"url":"https:\/\/quaidesbrumes.com\/ouvrage\/9782747564786\/adorno-une-ethique-de-la-souffrance"},{"id":"9782747562843","title":"Probleme, solutions et impasses de la pragmatique","description":"La modernit\u00e9 occidentale semble frapp\u00e9e d'impuissance au coeur m\u00eame de son id\u00e9al de progr\u00e8s et d'\u00e9mancipation mutuelle par l'isolation rationnelle des seules r\u00e9alit\u00e9s de perception et d'action n\u00e9cessaires: alors qu'elle ne devait produire que le meilleur des mondes possibles, elle s'aper\u00e7oit ne produire en fait que le pire. Cet \u00e9chec doit \u00eatre reconnu comme une cons\u00e9quence in\u00e9vitable du probl\u00e8me inh\u00e9rent \u00e0 la dynamique exp\u00e9rimentale qui porte l'\u00e9volution du rationalisme, \u00e0 savoir la mise en suspens de toute certitude pass\u00e9e, pr\u00e9sente ou future. \r","authors":["Eric Rozet"],"category_codes":["9000000","9080000"],"visuals":{"large":"https:\/\/images.epagine.fr\/843\/9782747562843_1_75.jpg","medium":"https:\/\/images.epagine.fr\/843\/9782747562843_1_m.jpg","thumbnail":"https:\/\/images.epagine.fr\/843\/9782747562843_1_v.jpg"},"orderable":true,"show_badge":true,"formatted_price":"34,50&nbsp;\u20ac","formatted_published_date":"2 juin 2004","publisher_availability_label":"Sur commande","short_details":"Eric Rozet \u2014 \u00c9ditions L'Harmattan","translator":null,"weight":500,"page_count":410,"readership":null,"editor":"\u00c9ditions L'Harmattan","price":3450,"published_date":"2004-06-01T22:00:00.000000Z","support":"Grand format","publisher_availability":1,"stock":0,"editions":[],"url":"https:\/\/quaidesbrumes.com\/ouvrage\/9782747562843\/probleme-solutions-et-impasses-de-la-pragmatique"},{"id":"9782747549882","title":"Probl\u00e8mes de conscience","description":"La conscience est \u00e0 la fois le plus banal et le plus myst\u00e9rieux des ph\u00e9nom\u00e8nes. Elle est banale en ce que nous acc\u00e9dons si naturellement \u00e0 ses contenus que d'aucuns croient qu'on y acc\u00e8de de mani\u00e8re privil\u00e9gi\u00e9e. En revanche, elle se fait absolument myst\u00e9rieuse d\u00e8s qu'on cherche \u00e0 savoir avec rigueur en quoi elle consiste et comment elle fonctionne. Pour ces raisons, certains philosophes voient dans la conscience un ph\u00e9nom\u00e8ne qui, de par sa nature m\u00eame, est hors de port\u00e9e du sch\u00e8me explicatif le plus fructueux construit par l'humanit\u00e9, soit la science naturelle.\r","authors":["Dominique Boucher","Robert Lantin","Joseph Levine","Martin Montminy","Pierre Poirier","Christine Tappolet"],"category_codes":["9000000","9080000"],"visuals":{"large":"https:\/\/images.epagine.fr\/882\/9782747549882_1_75.jpg","medium":"https:\/\/images.epagine.fr\/882\/9782747549882_1_m.jpg","thumbnail":"https:\/\/images.epagine.fr\/882\/9782747549882_1_v.jpg"},"orderable":true,"show_badge":true,"formatted_price":"29,00&nbsp;\u20ac","formatted_published_date":"2 juin 2004","publisher_availability_label":"Sur commande","short_details":"Dominique Boucher, Robert Lantin, Joseph Levine, Martin Montminy, Pierre Poirier, Christine Tappolet \u2014 \u00c9ditions L'Harmattan","translator":null,"weight":430,"page_count":318,"readership":null,"editor":"\u00c9ditions L'Harmattan","price":2900,"published_date":"2004-06-01T22:00:00.000000Z","support":"Grand format","publisher_availability":1,"stock":0,"editions":[],"url":"https:\/\/quaidesbrumes.com\/ouvrage\/9782747549882\/problemes-de-conscience"},{"id":"9782747565806","title":"Le sens de chacun : Intelligence de l'autor\u00e9f\u00e9rence en action","description":"Le sens qui taraude chaque individu peut-il se ramener \u00e0 un jeu de significations qui serait le produit des seuls \u00e9changes avec autrui ? Une r\u00e9ponse n\u00e9gative apport\u00e9e \u00e0 cette question, implique qu'il faille consid\u00e9rer que le sens proc\u00e8de surtout de l'individu lui-m\u00eame. Autrement dit, de ce qu'il fait \u00e9merger du rapport qu'il entretient avec lui-m\u00eame, c'est-\u00e0-dire de son autor\u00e9f\u00e9rence.","authors":["Georges Lerbet"],"category_codes":["9000000","9080000"],"visuals":{"large":"https:\/\/images.epagine.fr\/806\/9782747565806_1_75.jpg","medium":"https:\/\/images.epagine.fr\/806\/9782747565806_1_m.jpg","thumbnail":"https:\/\/images.epagine.fr\/806\/9782747565806_1_v.jpg"},"orderable":true,"show_badge":true,"formatted_price":"14,50&nbsp;\u20ac","formatted_published_date":"2 juin 2004","publisher_availability_label":"Sur commande","short_details":"Georges Lerbet \u2014 \u00c9ditions L'Harmattan","translator":null,"weight":164,"page_count":146,"readership":null,"editor":"\u00c9ditions L'Harmattan","price":1450,"published_date":"2004-06-01T22:00:00.000000Z","support":"Grand format","publisher_availability":1,"stock":0,"editions":[],"url":"https:\/\/quaidesbrumes.com\/ouvrage\/9782747565806\/le-sens-de-chacun-intelligence-de-lautoreference-en-action"},{"id":"9782812461149","title":"La perception, entre cognition et esth\u00e9tique","description":"La perception est dot\u00e9e d'une double nature: elle donne \u00e0 conna\u00eetre le monde et engage une relation de (d\u00e9)plaisir avec des apparences. Cette \u00e9tude pluridisciplinaire entend \u00e9clairer les interactions qui, \u00e0 la charni\u00e8re du cognitif et de l'esth\u00e9tique, se d\u00e9ploient dans l'exp\u00e9rience perceptive.\r","authors":["Collectif"],"category_codes":["9000000","9080000","9080700"],"visuals":{"large":"https:\/\/images.epagine.fr\/149\/9782812461149_1_75.jpg","medium":"https:\/\/images.epagine.fr\/149\/9782812461149_1_m.jpg","thumbnail":"https:\/\/images.epagine.fr\/149\/9782812461149_1_v.jpg"},"orderable":true,"show_badge":true,"formatted_price":"73,00&nbsp;\u20ac","formatted_published_date":"27 janvier 2016","publisher_availability_label":"Sur commande","short_details":"Collectif \u2014 CLASSIQUES GARNIER","translator":null,"weight":492,"page_count":270,"readership":null,"editor":"CLASSIQUES GARNIER","price":7300,"published_date":"2016-01-26T23:00:00.000000Z","support":"Grand format","publisher_availability":1,"stock":0,"editions":["9782812461132"],"url":"https:\/\/quaidesbrumes.com\/ouvrage\/9782812461149\/la-perception-entre-cognition-et-esthetique"},{"id":"9782406080725","title":"La philosophie de la biologie avant la biologie ; une histoire du vitalisme","description":"Ce travail pr\u00e9sente le mat\u00e9rialisme des XVIIe-XVIIIe si\u00e8cles comme l'oppos\u00e9 d'une m\u00e9taphysique des forces vitales imagin\u00e9e par la suite. Tant le mat\u00e9rialisme que le vitalisme cherchent \u00e0 saisir les d\u00e9placements scientifiques post\u00e9rieurs \u00e0 la r\u00e9volution scientifique, qui aboutissent \u00e0\u00a0la \u00ab biologie \u00bb \u00e0 la fin du XVIIIe si\u00e8cle.\r","authors":["Charles Wolfe"],"category_codes":["10000000","10010000","10010300"],"visuals":{"large":"https:\/\/images.epagine.fr\/725\/9782406080725_1_75.jpg","medium":"https:\/\/images.epagine.fr\/725\/9782406080725_1_m.jpg","thumbnail":"https:\/\/images.epagine.fr\/725\/9782406080725_1_v.jpg"},"orderable":true,"show_badge":true,"formatted_price":"56,00&nbsp;\u20ac","formatted_published_date":"18 avril 2019","publisher_availability_label":"Sur commande","short_details":"Charles Wolfe \u2014 CLASSIQUES GARNIER","translator":null,"weight":690,"page_count":514,"readership":null,"editor":"CLASSIQUES GARNIER","price":5600,"published_date":"2019-04-17T22:00:00.000000Z","support":"Grand format","publisher_availability":1,"stock":0,"editions":["9782406080732"],"url":"https:\/\/quaidesbrumes.com\/ouvrage\/9782406080725\/la-philosophie-de-la-biologie-avant-la-biologie-une-histoire-du-vitalisme"},{"id":"9782406077350","title":"\u00e9tudes de philosophie Tome 10 ; les raisons du doute ; \u00e9tudes sur le scepticisme antique","description":"Ce volume r\u00e9unit des \u00e9tudes de sp\u00e9cialistes de la pens\u00e9e sceptique dans l'antiquit\u00e9. Elles portent aussi bien sur le pyrrhonisme que sur la nouvelle Acad\u00e9mie ou l'empirisme m\u00e9dical et utilisent une vari\u00e9t\u00e9 d'approches (syst\u00e9matique, historiographique) afin de mieux comprendre l'\u00e9nigme du scepticisme.\r","authors":["Collectif"],"category_codes":["9000000","9080000","9080200","9080208"],"visuals":{"large":"https:\/\/images.epagine.fr\/350\/9782406077350_1_75.jpg","medium":"https:\/\/images.epagine.fr\/350\/9782406077350_1_m.jpg","thumbnail":"https:\/\/images.epagine.fr\/350\/9782406077350_1_v.jpg"},"orderable":true,"show_badge":true,"formatted_price":"39,00&nbsp;\u20ac","formatted_published_date":"17 juillet 2019","publisher_availability_label":"Sur commande","short_details":"Collectif \u2014 CLASSIQUES GARNIER","translator":null,"weight":468,"page_count":332,"readership":null,"editor":"CLASSIQUES GARNIER","price":3900,"published_date":"2019-07-16T22:00:00.000000Z","support":"Grand format","publisher_availability":1,"stock":0,"editions":[],"url":"https:\/\/quaidesbrumes.com\/ouvrage\/9782406077350\/etudes-de-philosophie-tome-10-les-raisons-du-doute-etudes-sur-le-scepticisme-antique"},{"id":"9782913126183","title":"Pens\u00e9e, symbole et repr\u00e9sentation : Logique et psychologie chez Frege et Husserl","description":"Cet ouvrage confronte les pens\u00e9es de Frege \u00e0 Husserl \u00e0 propos du psychologisme et pose la question de savoir comment ces deux penseurs ont pu \u00e0 la fois lutter contre l'influence grandissante de ce courant et parvenir \u00e0 une telle incompr\u00e9hension mutuelle. L'auteur cherche \u00e0 montrer comment la diff\u00e9rence de perspective sur les sciences math\u00e9matiques les a conduits \u00e0 s'opposer sur le statut de la logique et de son rapport \u00e0 la pens\u00e9e. S'ils s'accordent pour reconna\u00eetre que l'arithm\u00e9tique implique le recours \u00e0 la pens\u00e9e, l'un parvient \u00e0 une logique symbolique, et l'autre \u00e0 une logique transcendantale, deux perspectives qui supposent des id\u00e9es tr\u00e8s diff\u00e9rentes de ce que signifie \" penser \". Quels rapports la pens\u00e9e entretient-elle avec la repr\u00e9sentation et avec les symboles ? L'esprit qui pense, aussi bien dans les math\u00e9matiques que dans la logique, n'est - il qu'un simple \" automate \" qui d\u00e9veloppe les cons\u00e9quences de la v\u00e9rit\u00e9 ou est-il responsable des lois qu'il d\u00e9couvre ? Par-del\u00e0 l'\u00e9tude des divergences sur le statut de la logique, de la psychologie et de leur rapport aux math\u00e9matiques, il s'agit d'explorer une divergence plus profonde sur le rapport de la pens\u00e9e \u00e0 la n\u00e9cessit\u00e9 et \u00e0 la libert\u00e9.","authors":["Xavier Verley"],"category_codes":["9000000","9080000"],"visuals":{"large":"https:\/\/images.epagine.fr\/183\/9782913126183_1_75.jpg","medium":"https:\/\/images.epagine.fr\/183\/9782913126183_1_m.jpg","thumbnail":"https:\/\/images.epagine.fr\/183\/9782913126183_1_v.jpg"},"orderable":true,"show_badge":true,"formatted_price":"30,48&nbsp;\u20ac","formatted_published_date":"7 f\u00e9vrier 2005","publisher_availability_label":"Sur commande","short_details":"Xavier Verley \u2014 DIANOIA","translator":null,"weight":365,"page_count":285,"readership":null,"editor":"DIANOIA","price":3048,"published_date":"2005-02-06T23:00:00.000000Z","support":"Grand format","publisher_availability":1,"stock":0,"editions":[],"url":"https:\/\/quaidesbrumes.com\/ouvrage\/9782913126183\/pensee-symbole-et-representation-logique-et-psychologie-chez-frege-et-husserl"},{"id":"9782845780439","title":"La Philosophie des math\u00e9matiques de Kant","description":"\" On a reproch\u00e9 \u00e0 cette \u00e9tude de n'\u00eatre pas assez historique, de ne pas se replacer suffisamment au point de vue et au temps de Kant.\r\nAssur\u00e9ment, nous n'avons pas cru devoir en \u00e9liminer toute pr\u00e9occupation critique ou dogmatique. Mais, alors que tant d'historiens ont profit\u00e9 du centenaire de la mort de Kant pour comparer sa doctrine aux id\u00e9es du temps pr\u00e9sent, et ont cru pouvoir la louer de s'accorder avec elles, en vanter la vitalit\u00e9 et la modernit\u00e9, nous avions bien le droit d'instituer, en un autre domaine, une comparaison semblable et d'en tirer, dans ce domaine, des conclusions moins favorables au kantisme.\r\nExiger qu'on juge toujours un philosophe \"de l'int\u00e9rieur\", \u00e0 son point de vue et \u00e0 celui de son temps, c'est admettre qu'il n'y a pas de v\u00e9rit\u00e9 en philosophie, qu'un syst\u00e8me philosophique est une oeuvre d'art qui ne vaut que par son unit\u00e9 intrins\u00e8que et son harmonie. D'ailleurs, m\u00eame \u00e0 ce point de vue, le syst\u00e8me de Kant reste encore sujet \u00e0 critique. Son savant commentateur (Vahinger, Commentar zu Kans Kritik der reinen Vernunft) n'a-t-il pas d\u00e9clar\u00e9 que \" la Critique de la Raison pure est l'oeuvre la plus g\u00e9niale et la plus pleine de contradictions de toute l'histoire de la philosophie \" ? Nous avons eu l'occasion (et l'audace) de remarquer quelques-unes de ces contradictions.\r\nEn philosophie comme ailleurs, le respect superstitieux du fait historique aboutit au dilettantisme et au scepticisme. \" Louis Couturat.\r","authors":["Louis Couturat"],"category_codes":["9000000","9080000","9080200","9080204"],"visuals":{"large":"https:\/\/images.epagine.fr\/439\/9782845780439_1_75.jpg","medium":"https:\/\/images.epagine.fr\/439\/9782845780439_1_m.jpg","thumbnail":"https:\/\/images.epagine.fr\/439\/9782845780439_1_v.jpg"},"orderable":true,"show_badge":true,"formatted_price":"15,20&nbsp;\u20ac","formatted_published_date":"1er septembre 2004","publisher_availability_label":"Sur commande","short_details":"Louis Couturat \u2014 MANUCIUS","translator":null,"weight":146,"page_count":null,"readership":null,"editor":"MANUCIUS","price":1520,"published_date":"2004-08-31T22:00:00.000000Z","support":"Grand format","publisher_availability":1,"stock":0,"editions":[],"url":"https:\/\/quaidesbrumes.com\/ouvrage\/9782845780439\/la-philosophie-des-mathematiques-de-kant"},{"id":"9782747575225","title":"Paul Val\u00e9ry, les philosophes, la philosophie (66\/67)","description":"Bien que Val\u00e9ry r\u00e9cuse la philosophie en maints endroits de ses \u00e9crits, on admettra qu'il lui donne paradoxalement, et sans doute par d\u00e9faut, une place centrale dans sa r\u00e9flexion. C'est sur le th\u00e8me de Val\u00e9ry et la Philosophie, sous l'angle de l'esth\u00e9tique po\u00e9tique ou celui de la philosophie des \"Cahiers\", qu'est consacr\u00e9 ce num\u00e9ro.\r","authors":["Anne Mairesse"],"category_codes":["9000000","9080000"],"visuals":{"large":"https:\/\/images.epagine.fr\/225\/9782747575225_1_75.jpg","medium":"https:\/\/images.epagine.fr\/225\/9782747575225_1_m.jpg","thumbnail":"https:\/\/images.epagine.fr\/225\/9782747575225_1_v.jpg"},"orderable":true,"show_badge":true,"formatted_price":"26,00&nbsp;\u20ac","formatted_published_date":"2 d\u00e9cembre 2004","publisher_availability_label":"Sur commande","short_details":"Anne Mairesse \u2014 \u00c9ditions L'Harmattan","translator":null,"weight":390,"page_count":280,"readership":null,"editor":"\u00c9ditions L'Harmattan","price":2600,"published_date":"2004-12-01T23:00:00.000000Z","support":"Grand format","publisher_availability":1,"stock":0,"editions":[],"url":"https:\/\/quaidesbrumes.com\/ouvrage\/9782747575225\/paul-valery-les-philosophes-la-philosophie-6667"},{"id":"9782747572330","title":"Le plaisir esth\u00e9tique : Naissance d'une notion","description":"Comment comprendre ce que l'on d\u00e9signe commun\u00e9ment par \"plaisir esth\u00e9tique\" ? C'est dans une perspective historique et g\u00e9n\u00e9alogique que l'auteur aborde la question. De Pascal \u00e0 Hume et Kant, en passant par Du Bos et les penseurs de l'Encyclop\u00e9die, l'ouvrage retrace la pertinence philosophique de la notion de plaisir pour la reconnaissance de la sensibilit\u00e9 et la construction de la subjectivit\u00e9 esth\u00e9tique.","authors":["Agn\u00e8s Lontrade"],"category_codes":["9000000","9080000"],"visuals":{"large":"https:\/\/images.epagine.fr\/330\/9782747572330_1_75.jpg","medium":"https:\/\/images.epagine.fr\/330\/9782747572330_1_m.jpg","thumbnail":"https:\/\/images.epagine.fr\/330\/9782747572330_1_v.jpg"},"orderable":true,"show_badge":true,"formatted_price":"21,00&nbsp;\u20ac","formatted_published_date":"2 d\u00e9cembre 2004","publisher_availability_label":"Sur commande","short_details":"Agn\u00e8s Lontrade \u2014 \u00c9ditions L'Harmattan","translator":null,"weight":255,"page_count":200,"readership":null,"editor":"\u00c9ditions L'Harmattan","price":2100,"published_date":"2004-12-01T23:00:00.000000Z","support":"Grand format","publisher_availability":1,"stock":0,"editions":[],"url":"https:\/\/quaidesbrumes.com\/ouvrage\/9782747572330\/le-plaisir-esthetique-naissance-dune-notion"},{"id":"9782747574778","title":"Une autre r\u00e9publique : 1791 - L'occasion et le destin d'une initiative r\u00e9publicaine","description":"Juin 1791 : le roi s'est enfui. Apr\u00e8s la R\u00e9volution de la souverainet\u00e9, voici l'occasion d'instaurer la r\u00e9publique. Mais comment garantir une repr\u00e9sentation d\u00e9mocratique ? Comment construire une confiance publique ? C'est non seulement dans des formes institutionnelles neuves, mais dans l'instauration m\u00eame du d\u00e9bat sur les \"choses publiques\" que la r\u00e9publique doit prendre forme et force. Invention politique dont la nouveaut\u00e9 risqu\u00e9e fut emport\u00e9e dans la tourmente de la Terreur, un \"autre r\u00e9publicanisme\" a donc \u00e9t\u00e9 pens\u00e9 et tent\u00e9, fid\u00e8le aux principes et au souffle r\u00e9volutionnaires.","authors":["Laurence Cornu"],"category_codes":["9000000","9050000","9050200"],"visuals":{"large":"https:\/\/images.epagine.fr\/778\/9782747574778_1_75.jpg","medium":"https:\/\/images.epagine.fr\/778\/9782747574778_1_m.jpg","thumbnail":"https:\/\/images.epagine.fr\/778\/9782747574778_1_v.jpg"},"orderable":true,"show_badge":true,"formatted_price":"34,50&nbsp;\u20ac","formatted_published_date":"2 d\u00e9cembre 2004","publisher_availability_label":"Sur commande","short_details":"Laurence Cornu \u2014 \u00c9ditions L'Harmattan","translator":null,"weight":480,"page_count":398,"readership":null,"editor":"\u00c9ditions L'Harmattan","price":3450,"published_date":"2004-12-01T23:00:00.000000Z","support":"Grand format","publisher_availability":1,"stock":0,"editions":[],"url":"https:\/\/quaidesbrumes.com\/ouvrage\/9782747574778\/une-autre-republique-1791-loccasion-et-le-destin-dune-initiative-republicaine"},{"id":"9782747570695","title":"Les cl\u00e9s du nouveau mill\u00e9naire : Symbiose et interdisciplinarit\u00e9","description":"Notre \u00e9poque est marqu\u00e9e par une pens\u00e9e essentiellement ax\u00e9e sur l'analyse, la sp\u00e9cialisation et le r\u00e9ductionnisme des proc\u00e9dures mentales dont on ne saurait contester l'int\u00e9r\u00eat mais qui, \u00e0 la longue, pr\u00e9sentent l'inconv\u00e9nient de faire totalement abstraction des notions capitales de symbiose et d'interdisciplinarit\u00e9. Pour l'auteur, la v\u00e9rit\u00e9 \u00e9merge d'une judicieuse alternance des logiques de sp\u00e9cialisation et d'interdisciplinarit\u00e9, tant au niveau de l'activit\u00e9 culturelle que scientifique, \u00e9conomique, politique ou religieuse.\r","authors":["Fernand Criqui"],"category_codes":["9000000","9080000"],"visuals":{"large":"https:\/\/images.epagine.fr\/695\/9782747570695_1_75.jpg","medium":"https:\/\/images.epagine.fr\/695\/9782747570695_1_m.jpg","thumbnail":"https:\/\/images.epagine.fr\/695\/9782747570695_1_v.jpg"},"orderable":true,"show_badge":true,"formatted_price":"31,00&nbsp;\u20ac","formatted_published_date":"2 d\u00e9cembre 2004","publisher_availability_label":"Sur commande","short_details":"Fernand Criqui \u2014 \u00c9ditions L'Harmattan","translator":null,"weight":410,"page_count":344,"readership":null,"editor":"\u00c9ditions L'Harmattan","price":3100,"published_date":"2004-12-01T23:00:00.000000Z","support":"Grand format","publisher_availability":1,"stock":0,"editions":[],"url":"https:\/\/quaidesbrumes.com\/ouvrage\/9782747570695\/les-cles-du-nouveau-millenaire-symbiose-et-interdisciplinarite"},{"id":"9782747572859","title":"La mimesis creatrice dans la poetique et la rhetorique d'aristote","description":"Rafika Ben Mrad, auteur de Principes et causes dans les Analytiques d'Aristote, s'\u00e9l\u00e8ve contre la mani\u00e8re d'interpr\u00e9ter Aristote qui s'est impos\u00e9e jusqu'ici: elle tente d'ouvrir une orientation pour relancer Aristote aujourd'hui. Cette tendance, consciente du changement de l'ordre ontologico-cognitif de la connaissance depuis la Renaissance, a pour effet de renverser l'ordre de la lecture de l'Organon, partant d\u00e9sormais de la Po\u00e9tique et de la Rh\u00e9torique sans perdre de m\u00e9moire la le\u00e7on du Stagirite, qui est de faire des Analytiques une prop\u00e9deutique \u00e0 toute science.\r","authors":["Rafika Ben Mrad"],"category_codes":["9000000","9080000"],"visuals":{"large":"https:\/\/images.epagine.fr\/859\/9782747572859_1_75.jpg","medium":"https:\/\/images.epagine.fr\/859\/9782747572859_1_m.jpg","thumbnail":"https:\/\/images.epagine.fr\/859\/9782747572859_1_v.jpg"},"orderable":true,"show_badge":true,"formatted_price":"17,50&nbsp;\u20ac","formatted_published_date":"2 octobre 2004","publisher_availability_label":"Sur commande","short_details":"Rafika Ben Mrad \u2014 \u00c9ditions L'Harmattan","translator":null,"weight":240,"page_count":170,"readership":null,"editor":"\u00c9ditions L'Harmattan","price":1750,"published_date":"2004-10-01T22:00:00.000000Z","support":"Grand format","publisher_availability":1,"stock":0,"editions":[],"url":"https:\/\/quaidesbrumes.com\/ouvrage\/9782747572859\/la-mimesis-creatrice-dans-la-poetique-et-la-rhetorique-daristote"},{"id":"9782848540016","title":"Jacques derrida ou le pretexte derobe","description":null,"authors":["Jean-Philippe Pastor"],"category_codes":["9000000","9080000","9080200","9080204"],"visuals":{"large":"https:\/\/quaidesbrumes.com\/img\/book-placeholder.png","medium":"https:\/\/quaidesbrumes.com\/img\/book-placeholder.png","thumbnail":"https:\/\/quaidesbrumes.com\/img\/book-placeholder.png"},"orderable":true,"show_badge":true,"formatted_price":"25,00&nbsp;\u20ac","formatted_published_date":"24 octobre 2004","publisher_availability_label":"Sur commande","short_details":"Jean-Philippe Pastor \u2014 Moonstone","translator":null,"weight":501,"page_count":null,"readership":null,"editor":"Moonstone","price":2500,"published_date":"2004-10-23T22:00:00.000000Z","support":"Grand format","publisher_availability":1,"stock":0,"editions":[],"url":"https:\/\/quaidesbrumes.com\/ouvrage\/9782848540016\/jacques-derrida-ou-le-pretexte-derobe"},{"id":"9782748018998","title":"Miroir des reves","description":null,"authors":["Jean-Claude Perrar"],"category_codes":["9000000","9080000","9080200","9080204"],"visuals":{"large":"https:\/\/quaidesbrumes.com\/img\/book-placeholder.png","medium":"https:\/\/quaidesbrumes.com\/img\/book-placeholder.png","thumbnail":"https:\/\/quaidesbrumes.com\/img\/book-placeholder.png"},"orderable":true,"show_badge":true,"formatted_price":"17,00&nbsp;\u20ac","formatted_published_date":"6 septembre 2004","publisher_availability_label":"Sur commande","short_details":"Jean-Claude Perrar \u2014 Societe Des Ecrivains","translator":null,"weight":0,"page_count":null,"readership":null,"editor":"Societe Des Ecrivains","price":1700,"published_date":"2004-09-05T22:00:00.000000Z","support":"Grand format","publisher_availability":1,"stock":0,"editions":[],"url":"https:\/\/quaidesbrumes.com\/ouvrage\/9782748018998\/miroir-des-reves"},{"id":"9782747568319","title":"Carlos Monsivais \u00e0 l'\u00e9coute du peuple mexicain","description":"\"Le premier \u00e9crivain libre du Mexique moderne\": dans un pays o\u00f9 l'on r\u00e9duit facilement la culture populaire \u00e0 une chor\u00e9graphie insignifiante au service d'un nationalisme vid\u00e9 de sa vocation int\u00e9gratrice, la plume de Carlos Monsivais dessine un visage \"jouissant et combatif\" des \"masses\" mexicaines contemporaines. Ses chroniques et ses essais explorent le \"Mexique invisible\" de ceux qui n'ont pas voix au chapitre de l'appartenance nationale. Monsivais l'intellectuel tente de se mettre \u00e0 l'\u00e9coute des majorit\u00e9s silencieuses.\r","authors":["Laura Brondino"],"category_codes":["9000000","9120000","9120200"],"visuals":{"large":"https:\/\/images.epagine.fr\/319\/9782747568319_1_75.jpg","medium":"https:\/\/images.epagine.fr\/319\/9782747568319_1_m.jpg","thumbnail":"https:\/\/images.epagine.fr\/319\/9782747568319_1_v.jpg"},"orderable":true,"show_badge":true,"formatted_price":"14,50&nbsp;\u20ac","formatted_published_date":"1er novembre 2004","publisher_availability_label":"Sur commande","short_details":"Laura Brondino \u2014 \u00c9ditions L'Harmattan","translator":null,"weight":190,"page_count":148,"readership":null,"editor":"\u00c9ditions L'Harmattan","price":1450,"published_date":"2004-10-31T23:00:00.000000Z","support":"Grand format","publisher_availability":1,"stock":0,"editions":[],"url":"https:\/\/quaidesbrumes.com\/ouvrage\/9782747568319\/carlos-monsivais-a-lecoute-du-peuple-mexicain"},{"id":"9782747569132","title":"La philosophie de la lib\u00e9ration en Am\u00e9rique Latine","description":"On doit \u00e0 l'Am\u00e9rique Latine la \"th\u00e9ologie de la lib\u00e9ration\" qui a renouvel\u00e9 toute pens\u00e9e religieuse contemporaine, et celle-ci a trouv\u00e9 ses fondements philosophiques dans les \u00e9crits de l'Argentin Enrique Dussel. En fait, la \"philosophie de la lib\u00e9ration\" dont il est l'initiateur m\u00e9rite d'\u00eatre rattach\u00e9e \u00e0 celle de grands ma\u00eetres europ\u00e9ens, en particulier Kant, Marx, Lukacs. Avec Enrique Dussel, l'auteur surmonte \" le pessimisme\" l\u00e9thargique de la gauche europ\u00e9enne \u00e0 la d\u00e9bandade\", et montre qu'un discours marxiste latino-am\u00e9ricain a l'originalit\u00e9 suffisante pour nous permettre de remonter la pente.","authors":["Antonino Infranca"],"category_codes":["9000000","9080000"],"visuals":{"large":"https:\/\/images.epagine.fr\/132\/9782747569132_1_75.jpg","medium":"https:\/\/images.epagine.fr\/132\/9782747569132_1_m.jpg","thumbnail":"https:\/\/images.epagine.fr\/132\/9782747569132_1_v.jpg"},"orderable":true,"show_badge":true,"formatted_price":"17,50&nbsp;\u20ac","formatted_published_date":"1er novembre 2004","publisher_availability_label":"Sur commande","short_details":"Antonino Infranca \u2014 \u00c9ditions L'Harmattan","translator":null,"weight":202,"page_count":182,"readership":null,"editor":"\u00c9ditions L'Harmattan","price":1750,"published_date":"2004-10-31T23:00:00.000000Z","support":"Grand format","publisher_availability":1,"stock":0,"editions":[],"url":"https:\/\/quaidesbrumes.com\/ouvrage\/9782747569132\/la-philosophie-de-la-liberation-en-amerique-latine"},{"id":"9782747567589","title":"La question de l'humain entre l'\u00e9thique et l'anthropologie","description":"\"Que doit-on garantir de mani\u00e8re prioritaire \u00e0 chacun?\" Cette question renvoie \u00e0 une pluralit\u00e9 de conceptions de l'humain, qui se rattachent \u00e0 la diversit\u00e9 des cultures, des contextes et des d\u00e9fis auxquels les hommes et les femmes de la plan\u00e8te doivent faire face. L'affirmation de l'humain comme exigence \u00e9thique universelle serait-elle d\u00e8s lors illusoire?","authors":["Hubert Faes","Paul Fornet-Betancourt","Nathalie Frogneux","Alfredo Gomez-muller","Marc Grassin","Fred Poch\u00e9"],"category_codes":["9000000","9080000"],"visuals":{"large":"https:\/\/images.epagine.fr\/589\/9782747567589_1_75.jpg","medium":"https:\/\/images.epagine.fr\/589\/9782747567589_1_m.jpg","thumbnail":"https:\/\/images.epagine.fr\/589\/9782747567589_1_v.jpg"},"orderable":true,"show_badge":true,"formatted_price":"22,00&nbsp;\u20ac","formatted_published_date":"1er novembre 2004","publisher_availability_label":"Sur commande","short_details":"Hubert Faes, Paul Fornet-Betancourt, Nathalie Frogneux, Alfredo Gomez-muller, Marc Grassin, Fred Poch\u00e9 \u2014 \u00c9ditions L'Harmattan","translator":null,"weight":300,"page_count":234,"readership":null,"editor":"\u00c9ditions L'Harmattan","price":2200,"published_date":"2004-10-31T23:00:00.000000Z","support":"Grand format","publisher_availability":1,"stock":0,"editions":[],"url":"https:\/\/quaidesbrumes.com\/ouvrage\/9782747567589\/la-question-de-lhumain-entre-lethique-et-lanthropologie"},{"id":"9782747566650","title":"L'\u00e9cran, de l'ic\u00f4ne au virtuel ; la r\u00e9sistance de l'infigurable","description":"Depuis l'\u00e9cran de t\u00e9l\u00e9vision, jusqu'\u00e0 l'\u00e9cran de l'ordinateur, en passant par le moniteur de vid\u00e9osurveillance, l'\u00e9cran de t\u00e9l\u00e9phone et tous les \u00e9crans-interfaces entre l'homme et la machine, il semble bien qu'un certain rapport contemporain  au visible s'articule \u00e0 la probl\u00e9matique de l'\u00e9cran. L'image-\u00e9cran est-elle une innovation contemporaine ? N'existe-t-il pas depuis toujours deux types d'images : celles de l'ordre et de la ressemblance, sur le mod\u00e8le du reflet ;  les autres qui exc\u00e8dent la figure, un au-del\u00e0 du cadre oe\r","authors":["Stephanie Katz"],"category_codes":["9000000","9080000","9080200","9080204"],"visuals":{"large":"https:\/\/images.epagine.fr\/650\/9782747566650_1_75.jpg","medium":"https:\/\/images.epagine.fr\/650\/9782747566650_1_m.jpg","thumbnail":"https:\/\/images.epagine.fr\/650\/9782747566650_1_v.jpg"},"orderable":true,"show_badge":true,"formatted_price":"26,50&nbsp;\u20ac","formatted_published_date":"2 juin 2004","publisher_availability_label":"Sur commande","short_details":"Stephanie Katz \u2014 \u00c9ditions L'Harmattan","translator":null,"weight":501,"page_count":268,"readership":null,"editor":"\u00c9ditions L'Harmattan","price":2650,"published_date":"2004-06-01T22:00:00.000000Z","support":"Grand format","publisher_availability":1,"stock":0,"editions":[],"url":"https:\/\/quaidesbrumes.com\/ouvrage\/9782747566650\/lecran-de-licone-au-virtuel-la-resistance-de-linfigurable"},{"id":"9782747566063","title":"Engels : philosophie et sciences","description":"Ce livre entend retracer la d\u00e9marche d'Engels dans ce qu'elle instaure de proprement personnel. L'int\u00e9r\u00eat pour son rapport th\u00e9orique, articul\u00e9 sur le th\u00e8me de la \"vengeance posthume\" de la philosophie, a permis d'exposer sa lecture de l'histoire et de la philosophie et l'approche des sciences de son temps. Engels ouvre sur le rapport Hegel-Darwin-Marx \u00e0 partir de la relation traditionnelle de la philosophie et des sciences. D'o\u00f9 le paradoxal office de la \"d\u00e9funte philosophie\" dans l'acte de fondation de la doctrine \u00e9labor\u00e9e avec Marx et, plus g\u00e9n\u00e9ralement, dans la pratique des sciences.\r","authors":["Mohamed Moulfi"],"category_codes":["9000000","9080000"],"visuals":{"large":"https:\/\/images.epagine.fr\/063\/9782747566063_1_75.jpg","medium":"https:\/\/images.epagine.fr\/063\/9782747566063_1_m.jpg","thumbnail":"https:\/\/images.epagine.fr\/063\/9782747566063_1_v.jpg"},"orderable":true,"show_badge":true,"formatted_price":"22,50&nbsp;\u20ac","formatted_published_date":"2 juin 2004","publisher_availability_label":"Sur commande","short_details":"Mohamed Moulfi \u2014 \u00c9ditions L'Harmattan","translator":null,"weight":300,"page_count":244,"readership":null,"editor":"\u00c9ditions L'Harmattan","price":2250,"published_date":"2004-06-01T22:00:00.000000Z","support":"Grand format","publisher_availability":1,"stock":0,"editions":[],"url":"https:\/\/quaidesbrumes.com\/ouvrage\/9782747566063\/engels-philosophie-et-sciences"}]}