{"data":[{"id":"9782200264772","title":"La raison ; analyse de la notion, \u00e9tude de textes : Platon, Aristote, Kant, Heidegger","description":"La raison est-elle cette facult\u00e9 naturelle en l'homme qu'a d\u00e9crite une certaine tradition philosophique ? En v\u00e9rit\u00e9 non, elle a une histoire, ou plut\u00f4t, est histoire. Configuration culturelle, elle a un lieu et une date de naissance, et un devenir. La question aujourd'hui, qui ne para\u00eetra intempestive qu'aux aveugles, est de savoir si nous n'assistons pas \u00e0 son d\u00e9clin.Analyse de la notion. Sous le terme de logos, le monde grec n'entend pas une propri\u00e9t\u00e9 qui ferait de l'homme une exception dans la nature, mais la structure complexe des harmoniques en lesquelles se dit l'identit\u00e9 de la pens\u00e9e et de l'\u00eatre. Le XVIIe si\u00e8cle, identifiant la raison \u00e0 l'humanit\u00e9, en consacre la souverainet\u00e9 sur le monde. Mais n'y a-t-il pas l\u00e0 une illusion par laquelle, les pouvoirs de la rationalit\u00e9 semblant pourtant ainsi affirm\u00e9s, la puissance lib\u00e9ratrice de la raison est en fait occult\u00e9e ? Sans doute, cette puissance est-elle pleinement av\u00e9r\u00e9e par une raison saisie dans son mouvement dialectique et sa fondamentale historicit\u00e9. Mais le r\u00e8gne apparemment sans partage de la rationalit\u00e9 calculatrice \u00e0 l'\u00e9poque contemporaine ne signe-t-il pas, sinon la mort, du moins l'atrophie de la raison ?\u00c9tude de textes. Platon, dans un texte fameux du Ph\u00e9don, donne l'occasion \u00e0 Socrate d'\u00e9noncer la d\u00e9cision rationnelle fondatrice de la philosophie. Cette d\u00e9cision, bien loin de nous exiler en quelque lieu \u00e9tranger, nous renvoie \u00e0 nous-m\u00eames et \u00e0 l'essentielle question de notre bonheur : le Livre X de l'\u00c9thique \u00e0 Nicomaque d'Aristote exprime cette solidarit\u00e9 forte de la rationalit\u00e9 et de la vie heureuse. Tournant le dos \u00e0 l'exigence eud\u00e9moniste, la Critique de la raison pratique de Kant fait de la raison, saisie en sa pleine autod\u00e9termination, le fondement de la norme morale. C'est de l'abandon de cette vis\u00e9e normative que Heidegger, dans Que veut dire \u00ab penser \u00bb ?, prend acte en opposant les droits de la pens\u00e9e aux pr\u00e9tentions de la raison.Alain LACROIX, agr\u00e9g\u00e9 de l'Universit\u00e9, ancien \u00e9l\u00e8ve de l'\u00c9cole Normale Sup\u00e9rieure de Saint-Cloud, enseigne la philosophie en Premi\u00e8re Sup\u00e9rieure au Lyc\u00e9e Paul C\u00e9zanne \u00e0 Aix-en-Provence.\r\nCrise de la raison et raisons de la crise. Analyse de la notion. \u00ab Le miracle grec \u00bb et l'\u00e9quivoque ontologique de la m\u00e9taphysique. La raison subjective. La raison comme production de concepts et lib\u00e9ration. La raison dialectique. Quelle raison ? \u00c9tude de textes. Raison et d\u00e9cision ontologique. Bonheur et raison. Raison th\u00e9orique et raison pratique. La pens\u00e9e contre la raison.","authors":["Alain Lacroix"],"category_codes":["9000000","9080000","9080200"],"visuals":{"large":"https:\/\/images.epagine.fr\/772\/9782200264772_1_75.jpg","medium":"https:\/\/images.epagine.fr\/772\/9782200264772_1_m.jpg","thumbnail":"https:\/\/images.epagine.fr\/772\/9782200264772_1_v.jpg"},"orderable":true,"show_badge":true,"formatted_price":"26,00&nbsp;\u20ac","formatted_published_date":"1er janvier 2005","publisher_availability_label":"Sur commande","short_details":"Alain Lacroix \u2014 Armand Colin","translator":null,"weight":277,"page_count":188,"readership":null,"editor":"Armand Colin","price":2600,"published_date":"2004-12-31T23:00:00.000000Z","support":"Grand format","publisher_availability":1,"stock":0,"editions":[],"url":"https:\/\/quaidesbrumes.com\/ouvrage\/9782200264772\/la-raison-analyse-de-la-notion-etude-de-textes-platon-aristote-kant-heidegger"},{"id":"9782998855664","title":"Le positivisme est un culte des morts","description":null,"authors":["Raquel Capurro"],"category_codes":["9000000","9080000","9080200","9080204"],"visuals":{"large":"https:\/\/quaidesbrumes.com\/img\/book-placeholder.png","medium":"https:\/\/quaidesbrumes.com\/img\/book-placeholder.png","thumbnail":"https:\/\/quaidesbrumes.com\/img\/book-placeholder.png"},"orderable":true,"show_badge":true,"formatted_price":"21,00&nbsp;\u20ac","formatted_published_date":"1er novembre 2004","publisher_availability_label":"Sur commande","short_details":"Raquel Capurro \u2014 Epel","translator":null,"weight":255,"page_count":null,"readership":null,"editor":"Epel","price":2100,"published_date":"2004-10-31T23:00:00.000000Z","support":"Grand format","publisher_availability":1,"stock":0,"editions":[],"url":"https:\/\/quaidesbrumes.com\/ouvrage\/9782998855664\/le-positivisme-est-un-culte-des-morts"},{"id":"9782738420787","title":"Discours sur l'\u00e9galit\u00e9  parmi les hommes ; penser l'alternative","description":null,"authors":["Tony Andr\u00e9ani","F\u00e9ray Marc"],"category_codes":["9000000","9080000","9080200","9080204"],"visuals":{"large":"https:\/\/images.epagine.fr\/787\/9782738420787_1_75.jpg","medium":"https:\/\/images.epagine.fr\/787\/9782738420787_1_m.jpg","thumbnail":"https:\/\/images.epagine.fr\/787\/9782738420787_1_v.jpg"},"orderable":true,"show_badge":true,"formatted_price":"43,50&nbsp;\u20ac","formatted_published_date":"3 mai 2000","publisher_availability_label":"Sur commande","short_details":"Tony Andr\u00e9ani, F\u00e9ray Marc \u2014 \u00c9ditions L'Harmattan","translator":null,"weight":686,"page_count":null,"readership":null,"editor":"\u00c9ditions L'Harmattan","price":4350,"published_date":"2000-05-02T22:00:00.000000Z","support":"Grand format","publisher_availability":1,"stock":0,"editions":[],"url":"https:\/\/quaidesbrumes.com\/ouvrage\/9782738420787\/discours-sur-legalite-parmi-les-hommes-penser-lalternative"},{"id":"9782738468635","title":"L'imaginaire des philosophes","description":"Les \u00e9tudes ici r\u00e9unies invitent \u00e0 une approche neuve du discours philosophique, depuis son expression antique ou moderne jusqu'\u00e0 son \u00e9mergence contemporaine: de Platon \u00e0 Vattimo, de Descartes \u00e0 Cioran, ce sont des langages fort diff\u00e9rents qui sont analys\u00e9s, des pens\u00e9es tr\u00e8s \u00e9loign\u00e9es parfois. Le projet de ce livre est de montrer le rapport original qui se cr\u00e9e entre l'id\u00e9e et sa figuration chez ces auteurs qui, de bon ou de mauvais gr\u00e9 sont des \u00e9crivains.","authors":["Bruno Curatolo","Jacques Poirier"],"category_codes":["9000000","9080000","9080200","9080204"],"visuals":{"large":"https:\/\/images.epagine.fr\/635\/9782738468635_1_75.jpg","medium":"https:\/\/images.epagine.fr\/635\/9782738468635_1_m.jpg","thumbnail":"https:\/\/images.epagine.fr\/635\/9782738468635_1_v.jpg"},"orderable":true,"show_badge":true,"formatted_price":"33,00&nbsp;\u20ac","formatted_published_date":"3 mai 2000","publisher_availability_label":"Sur commande","short_details":"Bruno Curatolo, Jacques Poirier \u2014 \u00c9ditions L'Harmattan","translator":null,"weight":466,"page_count":384,"readership":null,"editor":"\u00c9ditions L'Harmattan","price":3300,"published_date":"2000-05-02T22:00:00.000000Z","support":"Grand format","publisher_availability":1,"stock":0,"editions":[],"url":"https:\/\/quaidesbrumes.com\/ouvrage\/9782738468635\/limaginaire-des-philosophes"},{"id":"9782738472830","title":"Deux \u00e9tudes sur les distorsions de A. Kert\u00e9sz ; la diff\u00e9rence entre l'image, la femme aux distortions","description":"Quand en 1932 le jeune Andr\u00e9 Kert\u00e9sz re\u00e7oit une commande du magazine Sourire pour des photographies de nu, il a l'occasion de r\u00e9aliser un projet m\u00e9dit\u00e9 depuis longtemps : celui de photographier les images que renvoie un miroir d\u00e9formant d'un corps de femme.\r\nIl r\u00e9alise ainsi un ensemble remarquable de photographies connues sous le nom de Distorsions. Ces images font imm\u00e9diatement scandale. Interdites, censur\u00e9es, elles sont rarement vues avant les ann\u00e9es soixante-dix : le corps f\u00e9minin y subit des transformations tellement surprenantes que le regard commun s'en trouve chavir\u00e9. Ce livre rassemble deux \u00e9tudes \u00e0 propos des Distorsions. Dans la premi\u00e8re, Fr\u00e9d\u00e9ric Lambert retrace le cheminement de leur invention, l'histoire des r\u00e9actions qu'elles ont suscit\u00e9es et en propose une interpr\u00e9tation inform\u00e9e par la psychanalyse.\r\nDans la seconde, Jean-Pierre Esquenazi fait de l'oeuvre de Kert\u00e9sz un mod\u00e8le pour une esth\u00e9tique de la photographie qui ne serait plus d\u00e9pendante de la repr\u00e9sentation, qui privil\u00e9gierait la m\u00e9tamorphose et le jeu sur le temps et qui produirait des \u00eatres fantomatiques mais porteurs de pens\u00e9es intimes.\r","authors":["Jean-Pierre Esquenazi","Fr\u00e9d\u00e9ric Lambert"],"category_codes":["9000000","9080000","9080200","9080204"],"visuals":{"large":"https:\/\/images.epagine.fr\/830\/9782738472830_1_75.jpg","medium":"https:\/\/images.epagine.fr\/830\/9782738472830_1_m.jpg","thumbnail":"https:\/\/images.epagine.fr\/830\/9782738472830_1_v.jpg"},"orderable":true,"show_badge":true,"formatted_price":"16,00&nbsp;\u20ac","formatted_published_date":"3 mai 2000","publisher_availability_label":"Sur commande","short_details":"Jean-Pierre Esquenazi, Fr\u00e9d\u00e9ric Lambert \u2014 \u00c9ditions L'Harmattan","translator":null,"weight":274,"page_count":176,"readership":null,"editor":"\u00c9ditions L'Harmattan","price":1600,"published_date":"2000-05-02T22:00:00.000000Z","support":"Grand format","publisher_availability":1,"stock":0,"editions":[],"url":"https:\/\/quaidesbrumes.com\/ouvrage\/9782738472830\/deux-etudes-sur-les-distorsions-de-a-kertesz-la-difference-entre-limage-la-femme-aux-distortions"},{"id":"9782738410573","title":"Du cosmos \u00e0 l'homme - Comprendre la complexit\u00e9","description":" \r","authors":[],"category_codes":["6000000","6040000","6040900"],"visuals":{"large":"https:\/\/images.epagine.fr\/573\/9782738410573_1_75.jpg","medium":"https:\/\/images.epagine.fr\/573\/9782738410573_1_m.jpg","thumbnail":"https:\/\/images.epagine.fr\/573\/9782738410573_1_v.jpg"},"orderable":true,"show_badge":true,"formatted_price":"24,00&nbsp;\u20ac","formatted_published_date":"3 mai 2000","publisher_availability_label":"Sur commande","short_details":"\u00c9ditions L'Harmattan","translator":null,"weight":298,"page_count":240,"readership":null,"editor":"\u00c9ditions L'Harmattan","price":2400,"published_date":"2000-05-02T22:00:00.000000Z","support":"Grand format","publisher_availability":1,"stock":0,"editions":[],"url":"https:\/\/quaidesbrumes.com\/ouvrage\/9782738410573\/du-cosmos-a-lhomme-comprendre-la-complexite"},{"id":"9782738470478","title":"Pour une clinique du r\u00e9el ; Lacan et ses didactic(h)ien","description":"Et si le bonheur n'\u00e9tait qu'une question de choix identificatoire ? Et si l'identification \u00e0 l'Autre n'\u00e9tait qu'un des moyens mis en oeuvre pour r\u00e9parer les dommages produits par la survenue d'une b\u00e9vue, d'une \u00e9pissure au niveau du noeud fondamental du sujet par exemple? Privation, Frustration, Castration sont ici les nominations de l'entre-deux qu'examine cet ouvrage et o\u00f9 un sujet est susceptible de basculer lorsqu'il d\u00e9sesp\u00e8re de trouver sa place dans l'\u00e9change social.","authors":["Sto\u00efan Sto\u00efanoff-nenoff"],"category_codes":["9000000","9080000"],"visuals":{"large":"https:\/\/images.epagine.fr\/478\/9782738470478_1_75.jpg","medium":"https:\/\/images.epagine.fr\/478\/9782738470478_1_m.jpg","thumbnail":"https:\/\/images.epagine.fr\/478\/9782738470478_1_v.jpg"},"orderable":true,"show_badge":true,"formatted_price":"22,50&nbsp;\u20ac","formatted_published_date":"25 f\u00e9vrier 1999","publisher_availability_label":"Sur commande","short_details":"Sto\u00efan Sto\u00efanoff-nenoff \u2014 \u00c9ditions L'Harmattan","translator":null,"weight":374,"page_count":206,"readership":null,"editor":"\u00c9ditions L'Harmattan","price":2250,"published_date":"1999-02-24T23:00:00.000000Z","support":"Grand format","publisher_availability":1,"stock":0,"editions":[],"url":"https:\/\/quaidesbrumes.com\/ouvrage\/9782738470478\/pour-une-clinique-du-reel-lacan-et-ses-didactichien"},{"id":"9782747576758","title":"Christ et intersubjectivit\u00e9 chez Marcel, Stein, Wojtyla et Henry","description":"Quatre philosophes chr\u00e9tiens aux destins exemplaires sont convoqu\u00e9s dans cet ouvrage consacr\u00e9 au th\u00e8me de la rencontre dans le Christ. L'un, devenu Pape sous le nom de Jean-Paul II a canonis\u00e9 l'autre, Edith Stein dont la vie et la pens\u00e9e ont \u00e9t\u00e9 infl\u00e9chie par la rencontre avec le Christ. C'est la philosophie de l'intersubjectivit\u00e9 qui a conduit Gabriel Marcel au Verbe incarn\u00e9. Apr\u00e8s avoir contribu\u00e9 puissamment au renouvellement de la ph\u00e9nom\u00e9nologie, Michel Henry trouva ses ultimes marques dans la christologie assumant fonction d'op\u00e9rateur de l'intersubjectivit\u00e9.\r","authors":["Jad Hatem"],"category_codes":["9000000","9080000"],"visuals":{"large":"https:\/\/images.epagine.fr\/758\/9782747576758_1_75.jpg","medium":"https:\/\/images.epagine.fr\/758\/9782747576758_1_m.jpg","thumbnail":"https:\/\/images.epagine.fr\/758\/9782747576758_1_v.jpg"},"orderable":true,"show_badge":true,"formatted_price":"15,50&nbsp;\u20ac","formatted_published_date":"2 janvier 2005","publisher_availability_label":"Sur commande","short_details":"Jad Hatem \u2014 \u00c9ditions L'Harmattan","translator":null,"weight":210,"page_count":168,"readership":null,"editor":"\u00c9ditions L'Harmattan","price":1550,"published_date":"2005-01-01T23:00:00.000000Z","support":"Grand format","publisher_availability":1,"stock":0,"editions":[],"url":"https:\/\/quaidesbrumes.com\/ouvrage\/9782747576758\/christ-et-intersubjectivite-chez-marcel-stein-wojtyla-et-henry"},{"id":"9782738473035","title":"VIE ET MORT CHES LES BETSIMISARAKA DE MADAGASCAR : Essai d'anthropologie philosophique","description":"A Madagascar tout semble s'articuler autour de ces deux p\u00f4les que sont la vie et la mort. Ici, les rapports homme - nature et les relations des hommes entre eux s'inscrivent \u00e0 l'int\u00e9rieur de cette vision unitaire du monde, o\u00f9 divinit\u00e9s c\u00e9lestes et divinit\u00e9s chtoniennes, vivants et morts, pass\u00e9, pr\u00e9sent et avenir s'interf\u00e8rent. Tout projet de d\u00e9veloppement \u00e0 Madagascar doit tenir compte de cette r\u00e9alit\u00e9.\r","authors":["Eug\u00e8ne r\u00e9gis Mangalaza"],"category_codes":["9000000","9080000"],"visuals":{"large":"https:\/\/images.epagine.fr\/035\/9782738473035_1_75.jpg","medium":"https:\/\/images.epagine.fr\/035\/9782738473035_1_m.jpg","thumbnail":"https:\/\/images.epagine.fr\/035\/9782738473035_1_v.jpg"},"orderable":true,"show_badge":true,"formatted_price":"32,00&nbsp;\u20ac","formatted_published_date":"3 mai 2000","publisher_availability_label":"Sur commande","short_details":"Eug\u00e8ne r\u00e9gis Mangalaza \u2014 \u00c9ditions L'Harmattan","translator":null,"weight":458,"page_count":332,"readership":null,"editor":"\u00c9ditions L'Harmattan","price":3200,"published_date":"2000-05-02T22:00:00.000000Z","support":"Grand format","publisher_availability":1,"stock":0,"editions":[],"url":"https:\/\/quaidesbrumes.com\/ouvrage\/9782738473035\/vie-et-mort-ches-les-betsimisaraka-de-madagascar-essai-danthropologie-philosophique"},{"id":"9782747575775","title":"Ironie et solidarit\u00e9","description":"En publiant L'Homme sp\u00e9culaire (1990), Richard Rorty a provoqu\u00e9 une fracture fondamentale dans la philosophie. Deux th\u00e8mes s'entrem\u00ealent ici pour pr\u00e9senter ce pragmatiste de renomm\u00e9e mondiale (il a \u00e9t\u00e9 traduit en plus de 25 langues): celui de l'autocr\u00e9ation de l'individu par la pratique de l'ironie philosophique envers la connaissance de tout ce qui peut nous d\u00e9finir, et celui de la mani\u00e8re dont l'individu contribue au fa\u00e7onnage de la soci\u00e9t\u00e9 en coop\u00e9rant \u00e0 des actions convergentes: la solidarit\u00e9.\r","authors":["Marc Van den bossche"],"category_codes":["9000000","9080000"],"visuals":{"large":"https:\/\/images.epagine.fr\/775\/9782747575775_1_75.jpg","medium":"https:\/\/images.epagine.fr\/775\/9782747575775_1_m.jpg","thumbnail":"https:\/\/images.epagine.fr\/775\/9782747575775_1_v.jpg"},"orderable":true,"show_badge":true,"formatted_price":"17,50&nbsp;\u20ac","formatted_published_date":"2 janvier 2005","publisher_availability_label":"Sur commande","short_details":"Marc Van den bossche \u2014 \u00c9ditions L'Harmattan","translator":null,"weight":235,"page_count":186,"readership":null,"editor":"\u00c9ditions L'Harmattan","price":1750,"published_date":"2005-01-01T23:00:00.000000Z","support":"Grand format","publisher_availability":1,"stock":0,"editions":[],"url":"https:\/\/quaidesbrumes.com\/ouvrage\/9782747575775\/ironie-et-solidarite"},{"id":"9782747576260","title":"Julien Freund : Penseur \"machiav\u00e9lien\" de la politique","description":"La r\u00e9\u00e9dition r\u00e9cente de l'essence du politique de Julien Freund, avec une pr\u00e9face de P.-A. Taguieff a suscit\u00e9 un certain nombre d'articles \u00e9logieux qui ont tous soulign\u00e9 l'importance de cet auteur et l'actualit\u00e9 de son oeuvre. Ce premier ouvrage en langue fran\u00e7aise consacr\u00e9 \u00e0 ce philosophe, politologue et sociologue atypique permettra \u00e0 chacun de faire connaissance - ou de mieux saisir - la pens\u00e9e politique de Julien Freund, ses sources intellectuelles et sa philosophie, tout en la situant dans le contexte des ann\u00e9es 1950-1990.\r","authors":["S\u00e9bastien De La Touanne"],"category_codes":["9000000","9080000"],"visuals":{"large":"https:\/\/images.epagine.fr\/260\/9782747576260_1_75.jpg","medium":"https:\/\/images.epagine.fr\/260\/9782747576260_1_m.jpg","thumbnail":"https:\/\/images.epagine.fr\/260\/9782747576260_1_v.jpg"},"orderable":true,"show_badge":true,"formatted_price":"29,00&nbsp;\u20ac","formatted_published_date":"2 janvier 2005","publisher_availability_label":"Sur commande","short_details":"S\u00e9bastien De La Touanne \u2014 \u00c9ditions L'Harmattan","translator":null,"weight":405,"page_count":330,"readership":null,"editor":"\u00c9ditions L'Harmattan","price":2900,"published_date":"2005-01-01T23:00:00.000000Z","support":"Grand format","publisher_availability":1,"stock":0,"editions":[],"url":"https:\/\/quaidesbrumes.com\/ouvrage\/9782747576260\/julien-freund-penseur-machiavelien-de-la-politique"},{"id":"9782738475411","title":"Figure, figural","description":"On peut dire de la figure ce que Paulhan disait de l'\u00e9tymologie : ce mot fait sa propre r\u00e9clame. Le sujet de la figure renvoie en effet, \u00e0 une multiplicit\u00e9 de sujets, une infinie vari\u00e9t\u00e9 de figures.Ce recueil de textes veut attester la vari\u00e9t\u00e9 des figures autant qu'explorer l'\u00e9nigme du visage et \u00e9prouver la variation figurale.\r","authors":["Francois Aubral","Dominique Ch\u00e2teau"],"category_codes":["9000000","9080000","9080200","9080204"],"visuals":{"large":"https:\/\/images.epagine.fr\/411\/9782738475411_1_75.jpg","medium":"https:\/\/images.epagine.fr\/411\/9782738475411_1_m.jpg","thumbnail":"https:\/\/images.epagine.fr\/411\/9782738475411_1_v.jpg"},"orderable":true,"show_badge":true,"formatted_price":"29,50&nbsp;\u20ac","formatted_published_date":"3 mai 2000","publisher_availability_label":"Sur commande","short_details":"Francois Aubral, Dominique Ch\u00e2teau \u2014 \u00c9ditions L'Harmattan","translator":null,"weight":352,"page_count":288,"readership":null,"editor":"\u00c9ditions L'Harmattan","price":2950,"published_date":"2000-05-02T22:00:00.000000Z","support":"Grand format","publisher_availability":1,"stock":0,"editions":[],"url":"https:\/\/quaidesbrumes.com\/ouvrage\/9782738475411\/figure-figural"},{"id":"9782747570459","title":"Le retour du politique : Politique de la finitude","description":"La vie politique en France est marqu\u00e9e par une forme de d\u00e9sarroi. Le vide religieux, id\u00e9ologique, politique, conjugu\u00e9 aux progr\u00e8s des sciences et des techniques provoque une forme de \"d\u00e9senchantement de la politique\". Nous sommes entr\u00e9s dans l'\u00e8re de la politique comme une technique, au d\u00e9triment d'une r\u00e9flexion sur le sens. Si l'on veut redonner du sens \u00e0 une politique d\u00e9senchant\u00e9e, c'est avec l'existence dans sa subjectivit\u00e9, son affectivit\u00e9, son int\u00e9riorit\u00e9 qu'il convient de renouer.\r","authors":["Fr\u00e9d\u00e9ric Treffel"],"category_codes":["9000000","9080000"],"visuals":{"large":"https:\/\/images.epagine.fr\/459\/9782747570459_1_75.jpg","medium":"https:\/\/images.epagine.fr\/459\/9782747570459_1_m.jpg","thumbnail":"https:\/\/images.epagine.fr\/459\/9782747570459_1_v.jpg"},"orderable":true,"show_badge":true,"formatted_price":"33,50&nbsp;\u20ac","formatted_published_date":"1er novembre 2004","publisher_availability_label":"Sur commande","short_details":"Fr\u00e9d\u00e9ric Treffel \u2014 \u00c9ditions L'Harmattan","translator":null,"weight":415,"page_count":390,"readership":null,"editor":"\u00c9ditions L'Harmattan","price":3350,"published_date":"2004-10-31T23:00:00.000000Z","support":"Grand format","publisher_availability":1,"stock":0,"editions":[],"url":"https:\/\/quaidesbrumes.com\/ouvrage\/9782747570459\/le-retour-du-politique-politique-de-la-finitude"},{"id":"9782738473950","title":"Le r\u00e9el et le fantastique","description":"Il y a dans ce livre une interpr\u00e9tation du fantastique et une interpr\u00e9tation de la philosophie \u00e0 la lumi\u00e8re de la mise en perspective r\u00e9ciproque de l'un par l'autre. D'un c\u00f4t\u00e9 l'auteur se demande ce qui arrive au fond dans le sentiment du fantastique, pour en donner une logique. D'un autre, il pose la question de savoir pourquoi la philosophie avait pu consid\u00e9rer qu'il \u00e9tait fondamental de trouver une issue au fantastique. Autrement dit, s'il y a en fin de compte, pour l'id\u00e9e que l'on doit pouvoir se faire du r\u00e9el, \" quelque chose qui \u00e9chappe au fantastique \".\r","authors":["Alain Chareyre-m\u00e9jan"],"category_codes":["9000000","9080000"],"visuals":{"large":"https:\/\/images.epagine.fr\/950\/9782738473950_1_75.jpg","medium":"https:\/\/images.epagine.fr\/950\/9782738473950_1_m.jpg","thumbnail":"https:\/\/images.epagine.fr\/950\/9782738473950_1_v.jpg"},"orderable":true,"show_badge":true,"formatted_price":"21,50&nbsp;\u20ac","formatted_published_date":"3 mai 2000","publisher_availability_label":"Sur commande","short_details":"Alain Chareyre-m\u00e9jan \u2014 \u00c9ditions L'Harmattan","translator":null,"weight":262,"page_count":208,"readership":null,"editor":"\u00c9ditions L'Harmattan","price":2150,"published_date":"2000-05-02T22:00:00.000000Z","support":"Grand format","publisher_availability":1,"stock":0,"editions":[],"url":"https:\/\/quaidesbrumes.com\/ouvrage\/9782738473950\/le-reel-et-le-fantastique"},{"id":"9782747574631","title":"Heidegger et l'exacerbation du centre - aux fondements de l'authenticite nazie ?","description":"Apr\u00e8s \"l'aube de l'Un\", \"le Cercle accompli\", \"la cit\u00e9 harmonieuse selon Marx\", l'auteur poursuit sa relecture de l'histoire philosophique europ\u00e9enne, \u00e0 partir de la grille conceptuelle de la r\u00e9ciprocit\u00e9 ontologie-centralisme. Celle-ci fournit la cl\u00e9 de l'activisme politique, puis des formes de d\u00e9sengagement de Heidegger, mais aussi des modifications de sa compr\u00e9hension de l'Etre de l'\u00e9tant . et de l'Allemagne.\r","authors":["Renaud Denuit"],"category_codes":["9000000","9080000"],"visuals":{"large":"https:\/\/images.epagine.fr\/631\/9782747574631_1_75.jpg","medium":"https:\/\/images.epagine.fr\/631\/9782747574631_1_m.jpg","thumbnail":"https:\/\/images.epagine.fr\/631\/9782747574631_1_v.jpg"},"orderable":true,"show_badge":true,"formatted_price":"31,00&nbsp;\u20ac","formatted_published_date":"2 novembre 2004","publisher_availability_label":"Sur commande","short_details":"Renaud Denuit \u2014 \u00c9ditions L'Harmattan","translator":null,"weight":365,"page_count":340,"readership":null,"editor":"\u00c9ditions L'Harmattan","price":3100,"published_date":"2004-11-01T23:00:00.000000Z","support":"Grand format","publisher_availability":1,"stock":0,"editions":[],"url":"https:\/\/quaidesbrumes.com\/ouvrage\/9782747574631\/heidegger-et-lexacerbation-du-centre-aux-fondements-de-lauthenticite-nazie"},{"id":"9782738475565","title":"L'h\u00e9ritage darwinien","description":"Une approche transdisciplinaire de la th\u00e9orie \u00e9volutionniste darwinienne si souvent remise en cause de nos jours.\r","authors":[],"category_codes":["9000000","9010000"],"visuals":{"large":"https:\/\/images.epagine.fr\/565\/9782738475565_1_75.jpg","medium":"https:\/\/images.epagine.fr\/565\/9782738475565_1_m.jpg","thumbnail":"https:\/\/images.epagine.fr\/565\/9782738475565_1_v.jpg"},"orderable":true,"show_badge":true,"formatted_price":"21,00&nbsp;\u20ac","formatted_published_date":"3 mai 2000","publisher_availability_label":"Sur commande","short_details":"\u00c9ditions L'Harmattan","translator":null,"weight":380,"page_count":null,"readership":null,"editor":"\u00c9ditions L'Harmattan","price":2100,"published_date":"2000-05-02T22:00:00.000000Z","support":"Grand format","publisher_availability":1,"stock":0,"editions":[],"url":"https:\/\/quaidesbrumes.com\/ouvrage\/9782738475565\/lheritage-darwinien"},{"id":"9782747570992","title":"Le sujet g\u00e9om\u00e9trique : Pour une solution de l'union de l'\u00e2me et du corps dans la philosophie de R. Descartes","description":"Descartes a subi toutes les d\u00e9formations possibles, mais la pire sans doute, contemporaine, est celle qui tend \u00e0 le r\u00e9duire \u00e0 ses trois premi\u00e8res M\u00e9ditations m\u00e9taphysiques. On oublie qu'il y en a trois autres qui reviennent vers le monde mat\u00e9riel et la r\u00e9alit\u00e9 corporelle de l'homme. On caricature volontiers la moiti\u00e9 de son oeuvre, on oublie simplement l'autre; or c'est pr\u00e9cis\u00e9ment celle-l\u00e0 qui polarise tout le syst\u00e8me vers la r\u00e9alit\u00e9 quotidienne et naturelle de l'homme. Cet ouvrage tente de d\u00e9voiler la silhouette enti\u00e8re du syst\u00e8me cart\u00e9sien.","authors":["Yves Mayzaud"],"category_codes":["9000000","9080000"],"visuals":{"large":"https:\/\/images.epagine.fr\/992\/9782747570992_1_75.jpg","medium":"https:\/\/images.epagine.fr\/992\/9782747570992_1_m.jpg","thumbnail":"https:\/\/images.epagine.fr\/992\/9782747570992_1_v.jpg"},"orderable":true,"show_badge":true,"formatted_price":"18,50&nbsp;\u20ac","formatted_published_date":"2 novembre 2004","publisher_availability_label":"Sur commande","short_details":"Yves Mayzaud \u2014 \u00c9ditions L'Harmattan","translator":null,"weight":245,"page_count":190,"readership":null,"editor":"\u00c9ditions L'Harmattan","price":1850,"published_date":"2004-11-01T23:00:00.000000Z","support":"Grand format","publisher_availability":1,"stock":0,"editions":[],"url":"https:\/\/quaidesbrumes.com\/ouvrage\/9782747570992\/le-sujet-geometrique-pour-une-solution-de-lunion-de-lame-et-du-corps-dans-la-philosophie-de-r-descartes"},{"id":"9782213620930","title":"Le systeme de l'ame, 1664","description":"N\u00e9 \u00e0 Saint-Jean d'Ass\u00e9, pr\u00e8s du Mans, mort \u00e0 Paris, Marin Cureau de La Chambre fut m\u00e9decin du chancelier S\u00e9guier ; Richelieu le fit entrer \u00e0 l'Acad\u00e9mie fran\u00e7aise le 2 janvier 1635. Sa carri\u00e8re brillante s'explique par le fait qu'il est conservateur et rassurant en m\u00e9taphysique - il suit Aristote et Thomas d'Aquin -, mais moderne et efficace en m\u00e9decine et en physique. Il fait partie des physiciens qui se r\u00e9unissent chez Habert de Montmor, o\u00f9 il rencontre Gassendi. Bourdelot, Petit, Roberval, Pascal, Rohault, Auzout. Il sera conseiller d'Etat, m\u00e9decin ordinaire du roi (Louis XIV), et l'un des premiers membres de l'Acad\u00e9mie des sciences en 1666.","authors":["Cureau De La Chambre"],"category_codes":["9000000","9080000"],"visuals":{"large":"https:\/\/images.epagine.fr\/930\/9782213620930_1_75.jpg","medium":"https:\/\/images.epagine.fr\/930\/9782213620930_1_m.jpg","thumbnail":"https:\/\/images.epagine.fr\/930\/9782213620930_1_v.jpg"},"orderable":true,"show_badge":true,"formatted_price":"32,50&nbsp;\u20ac","formatted_published_date":"27 octobre 2004","publisher_availability_label":"Sur commande","short_details":"Cureau De La Chambre \u2014 Fayard","translator":null,"weight":493,"page_count":315,"readership":null,"editor":"Fayard","price":3250,"published_date":"2004-10-26T22:00:00.000000Z","support":"Grand format","publisher_availability":1,"stock":0,"editions":[],"url":"https:\/\/quaidesbrumes.com\/ouvrage\/9782213620930\/le-systeme-de-lame-1664"},{"id":"9782738424785","title":"L'intime civilis\u00e9 ; sexualit\u00e9 priv\u00e9e et int\u00e9r\u00eat public","description":null,"authors":["Jean-marie Sztalryd"],"category_codes":["9000000","9080000"],"visuals":{"large":"https:\/\/images.epagine.fr\/785\/9782738424785_1_75.jpg","medium":"https:\/\/images.epagine.fr\/785\/9782738424785_1_m.jpg","thumbnail":"https:\/\/images.epagine.fr\/785\/9782738424785_1_v.jpg"},"orderable":true,"show_badge":true,"formatted_price":"15,50&nbsp;\u20ac","formatted_published_date":"3 mai 2000","publisher_availability_label":"Sur commande","short_details":"Jean-marie Sztalryd \u2014 \u00c9ditions L'Harmattan","translator":null,"weight":222,"page_count":null,"readership":null,"editor":"\u00c9ditions L'Harmattan","price":1550,"published_date":"2000-05-02T22:00:00.000000Z","support":"Grand format","publisher_availability":1,"stock":0,"editions":[],"url":"https:\/\/quaidesbrumes.com\/ouvrage\/9782738424785\/lintime-civilise-sexualite-privee-et-interet-public"},{"id":"9782903880057","title":"Socrate est un homme : essai","description":"Notre esprit doit r\u00e9pondre \u00e0 Socrate qui nous interpelle \u00e0 jamais. Un pr\u00e9texte pour mieux se conna\u00eetre soi-m\u00eame face au monde, \u00e0 la mort et aux exigences de l'existence. Pour l'auteur, la compr\u00e9hension des questions essentielles est ins\u00e9parable de celle de l'esprit. J. D\u00e9sobrie propose en cons\u00e9quence une exploration scientifique, psychologique et th\u00e9ologique des myst\u00e8res de notre psychisme.\r","authors":["Jean Desobrie"],"category_codes":["9000000","9080000"],"visuals":{"large":"https:\/\/images.epagine.fr\/057\/9782903880057_1_75.jpg","medium":"https:\/\/images.epagine.fr\/057\/9782903880057_1_m.jpg","thumbnail":"https:\/\/images.epagine.fr\/057\/9782903880057_1_v.jpg"},"orderable":true,"show_badge":true,"formatted_price":"18,00&nbsp;\u20ac","formatted_published_date":"1er novembre 2004","publisher_availability_label":"Sur commande","short_details":"Jean Desobrie \u2014 Roger","translator":null,"weight":270,"page_count":192,"readership":null,"editor":"Roger","price":1800,"published_date":"2004-10-31T23:00:00.000000Z","support":"Grand format","publisher_availability":1,"stock":0,"editions":[],"url":"https:\/\/quaidesbrumes.com\/ouvrage\/9782903880057\/socrate-est-un-homme-essai"},{"id":"9782738415653","title":"Futur anterieur 11 - vol11","description":"La marche du temps : Infinit\u00e9 de la communication\/ finitude du d\u00e9sir (Toni Negri), Du Wategate au nouvel ordre mondial. Naissance de l'information universelle (G\u00e9rard Soulier).\r\nArticles : Po\u00efesis, praxis et communication. Sur la th\u00e9orie sociale d'Habermas (Jean Marie Vincent), R\u00e9el et virtuel (Jean-Louis Weissberg), Vers une auto po\u00ebtique de la communication (F\u00e9lix Guattari), \"Con !pute !\", ou les formes d'indignation avec l'ordinateur (Nicolas Auray), O\u00f9 l'\u00e9cran fait \u00e9cran. De quelques tendances (Claude Amey), Reality shows : le sujet et l'exp\u00e9rience.Variations sur quelques th\u00e9mes benjaminiens (Maurizio Lazzarato), Chronique du dinosaure III : La faim de l'histoire (Pierre Macherey), Monogrammes VII (Jean-Luc Nancy), La fin de la grande illusion. Les sciences sociales , la modernit\u00e9 et l'\u00c9tat (Peter Wagner), Qu'est-ce qu'un concept en psychanalyse ? Esquisse d'une logique modale (Hector Yankelevitch).\r\nLectures : Note sur les conflits dans la production culturelle (Maurizio Lazzarato), RMI : un nouveau mode de gestion du travail (Laurent Guilloteau), La communication comme r\u00e9cit partag\u00e9 (Philippe Zarifian), Juger selon Hannah Arendt (Jean Marie Vincent).\r","authors":[],"category_codes":["9000000","9080000"],"visuals":{"large":"https:\/\/images.epagine.fr\/653\/9782738415653_1_75.jpg","medium":"https:\/\/images.epagine.fr\/653\/9782738415653_1_m.jpg","thumbnail":"https:\/\/images.epagine.fr\/653\/9782738415653_1_v.jpg"},"orderable":true,"show_badge":true,"formatted_price":"18,00&nbsp;\u20ac","formatted_published_date":"3 mai 2000","publisher_availability_label":"Sur commande","short_details":"\u00c9ditions L'Harmattan","translator":null,"weight":204,"page_count":null,"readership":null,"editor":"\u00c9ditions L'Harmattan","price":1800,"published_date":"2000-05-02T22:00:00.000000Z","support":"Grand format","publisher_availability":1,"stock":0,"editions":[],"url":"https:\/\/quaidesbrumes.com\/ouvrage\/9782738415653\/futur-anterieur-11-vol11"},{"id":"9782738422187","title":"Mutations du monde vecu - vol18","description":"\"Nous vivons une situation o\u00f9 les certitudes du monde v\u00e9cu qui ont une port\u00e9e existentielle pour les hommes , sont menac\u00e9es et m\u00eame souvent d\u00e9truites\" C'est autour de ce constat que Futur Ant\u00e9rieur organise ce num\u00e9ro, il le fait \u00e0 partir de perspectives th\u00e9oriques diff\u00e9rentes, en ouvrant en particulier une r\u00e9flexion sur psychanalyse et quotidien, il le fait aussi en analysant plusieurs questions qui font aujourd'hui l'actualit\u00e9 de la vie quotidienne : le monde v\u00e9cu \u00e0 l'\u00e9preuve de la r\u00e9unification allemande, les enjeux d'un revenu de citoyennet\u00e9, l'exploitation et ses r\u00e9alit\u00e9s v\u00e9cues. Futur Ant\u00e9rieur entend \u00eatre un espace o\u00f9 la r\u00e9flexion critique poursuive son cours, les trois contributions qui ouvrent ce num\u00e9ro, l'interrogation de P. Lantz sur l'inclination nietzsch\u00e9enne de Lefebvre, l'enqu\u00eate de P. Virno entre vie et philosophie et la lecture que fait P. Napoli des le\u00e7ons de Foucault sur l'historicisme.-, participent de ce projet.\r","authors":[],"category_codes":["9000000","9080000"],"visuals":{"large":"https:\/\/images.epagine.fr\/187\/9782738422187_1_75.jpg","medium":"https:\/\/images.epagine.fr\/187\/9782738422187_1_m.jpg","thumbnail":"https:\/\/images.epagine.fr\/187\/9782738422187_1_v.jpg"},"orderable":true,"show_badge":true,"formatted_price":"14,50&nbsp;\u20ac","formatted_published_date":"3 mai 2000","publisher_availability_label":"Sur commande","short_details":"\u00c9ditions L'Harmattan","translator":null,"weight":204,"page_count":null,"readership":null,"editor":"\u00c9ditions L'Harmattan","price":1450,"published_date":"2000-05-02T22:00:00.000000Z","support":"Grand format","publisher_availability":1,"stock":0,"editions":[],"url":"https:\/\/quaidesbrumes.com\/ouvrage\/9782738422187\/mutations-du-monde-vecu-vol18"},{"id":"9782738471796","title":"Socrate une philosophie du d\u00e9nuement","description":"Socrate demeure une \u00e9nigme.\r\nIl se refuse \u00e0 \u00e9crire et \u00e0 laisser d'autre oeuvre que sa vie. Il rejette les richesses, au point d'aller pieds nus. Il incite ses disciples \u00e0 une vie modeste. Il endure l'effort, la guerre, en r\u00e9p\u00e9tant que vertu et savoir suffisent au bonheur. Il questionne chacun, le prive de ses certitudes, en une enqu\u00eate inlassable qu'il finit, devant le tribunal, par pr\u00e9f\u00e9rer sa vie. Ses id\u00e9es, s'il en forme, ne sont s\u00e9par\u00e9es ni de ce monde ni de ce mode de vie.\r\nSa philosophie demeure-t-elle, comme sa pi\u00e9t\u00e9, doucement ironique ? En choisissant la pauvret\u00e9 volontaire, l'endurance agr\u00e9able, le d\u00e9pouillement dialogal, l'inscience et l'impi\u00e9t\u00e9, Socrate invite \u00e0 la plus vive et la plus riche des exigences philosophiques. Peut-on remonter, des gestes les plus quotidiens de la \" vie socratique \", \u00e0 une telle unit\u00e9 de la pens\u00e9e de Socrate ?\r","authors":["Jean-paul Galibert"],"category_codes":["9000000","9080000","9080200","9080204"],"visuals":{"large":"https:\/\/images.epagine.fr\/796\/9782738471796_1_75.jpg","medium":"https:\/\/images.epagine.fr\/796\/9782738471796_1_m.jpg","thumbnail":"https:\/\/images.epagine.fr\/796\/9782738471796_1_v.jpg"},"orderable":true,"show_badge":true,"formatted_price":"22,50&nbsp;\u20ac","formatted_published_date":"3 mai 2000","publisher_availability_label":"Sur commande","short_details":"Jean-paul Galibert \u2014 \u00c9ditions L'Harmattan","translator":null,"weight":314,"page_count":null,"readership":null,"editor":"\u00c9ditions L'Harmattan","price":2250,"published_date":"2000-05-02T22:00:00.000000Z","support":"Grand format","publisher_availability":1,"stock":0,"editions":[],"url":"https:\/\/quaidesbrumes.com\/ouvrage\/9782738471796\/socrate-une-philosophie-du-denuement"},{"id":"9782738472113","title":"Foucault et Kant ; critique clinique \u00e9thique","description":"L'id\u00e9e que l'oeuvre de Michel Foucault puisse \u00eatre consid\u00e9r\u00e9e comme une r\u00e9\u00e9criture, un  palimpseste  du Kantisme nous est sugg\u00e9r\u00e9e par ses commentaires des \u00e9crits de Kant sur les Lumi\u00e8res et la R\u00e9volution. En r\u00e9alit\u00e9, et c'est la th\u00e8se qui est soutenue dans cet ouvrage, l'inspiration kantienne accompagne \u00e0 distance le parcours entier de la recherche de Foucault. In\u00e9dit \u00e0 ce jour, ce texte en 1961 discute des probl\u00e8mes de l'anthropologie pragmatique kantienne.","authors":["Mariapaola Fimiani"],"category_codes":["9000000","9080000","9080200","9080204"],"visuals":{"large":"https:\/\/images.epagine.fr\/113\/9782738472113_1_75.jpg","medium":"https:\/\/images.epagine.fr\/113\/9782738472113_1_m.jpg","thumbnail":"https:\/\/images.epagine.fr\/113\/9782738472113_1_v.jpg"},"orderable":true,"show_badge":true,"formatted_price":"14,50&nbsp;\u20ac","formatted_published_date":"3 mai 2000","publisher_availability_label":"Sur commande","short_details":"Mariapaola Fimiani \u2014 \u00c9ditions L'Harmattan","translator":null,"weight":184,"page_count":144,"readership":null,"editor":"\u00c9ditions L'Harmattan","price":1450,"published_date":"2000-05-02T22:00:00.000000Z","support":"Grand format","publisher_availability":1,"stock":0,"editions":[],"url":"https:\/\/quaidesbrumes.com\/ouvrage\/9782738472113\/foucault-et-kant-critique-clinique-ethique"}]}