{"data":[{"id":"9782747564885","title":"Le probleme du droit et des valeurs morales - l'aventure humaine, entre le bien et le mal","description":"L'auteur suit et, avec une approche critique, enregistre, dans le domaine de la philosophie morale et de la philosophie du droit, les inqui\u00e9tudes des penseurs au cours d'un itin\u00e9raire de trois mille ans, c'est-\u00e0-dire depuis que les hommes ont pris conscience du mal qu'est l'injustice dans la vie en soci\u00e9t\u00e9. L'essence de la justice, l'essence de l'\u00e9quit\u00e9, et l'essence de la vertu pure sont les grandes questions philosophiques qui pr\u00e9occupent ou devraient pr\u00e9occuper, tout homme qui pense et tout citoyen digne de ce nom.\r","authors":["Kostas Beys"],"category_codes":["9000000","9080000"],"visuals":{"large":"https:\/\/images.epagine.fr\/885\/9782747564885_1_75.jpg","medium":"https:\/\/images.epagine.fr\/885\/9782747564885_1_m.jpg","thumbnail":"https:\/\/images.epagine.fr\/885\/9782747564885_1_v.jpg"},"orderable":true,"show_badge":true,"formatted_price":"31,00&nbsp;\u20ac","formatted_published_date":"2 juin 2004","publisher_availability_label":"Sur commande","short_details":"Kostas Beys \u2014 \u00c9ditions L'Harmattan","translator":null,"weight":540,"page_count":332,"readership":null,"editor":"\u00c9ditions L'Harmattan","price":3100,"published_date":"2004-06-01T22:00:00.000000Z","support":"Grand format","publisher_availability":1,"stock":0,"editions":[],"url":"https:\/\/quaidesbrumes.com\/ouvrage\/9782747564885\/le-probleme-du-droit-et-des-valeurs-morales-laventure-humaine-entre-le-bien-et-le-mal"},{"id":"9782747565585","title":"La logique du contenu sur la logique interne","description":"La logique du contenu est la logique interne d'une th\u00e9orie. La th\u00e9orie est ici math\u00e9matique et la th\u00e9orie math\u00e9matique premi\u00e8re est l'arithm\u00e9tique et ses extensions, ce que l'on peut bien appeler l'arithm\u00e9tique g\u00e9n\u00e9rale apr\u00e8s Kronecker. Le programme kroneckerien (et antifr\u00e9g\u00e9en) dans les fondements des math\u00e9matiques signifie que l'on doit fonder la logique et le reste des math\u00e9matiques sur l'arithm\u00e9tique au sens de la th\u00e9orie des nombres et non au sens de l'arithm\u00e9tique ensembliste de Peano ou de Dedekind. \r","authors":["Yvon Gauthier"],"category_codes":["9000000","9080000","9080200","9080204"],"visuals":{"large":"https:\/\/images.epagine.fr\/585\/9782747565585_1_75.jpg","medium":"https:\/\/images.epagine.fr\/585\/9782747565585_1_m.jpg","thumbnail":"https:\/\/images.epagine.fr\/585\/9782747565585_1_v.jpg"},"orderable":true,"show_badge":true,"formatted_price":"17,50&nbsp;\u20ac","formatted_published_date":"2 juin 2004","publisher_availability_label":"Sur commande","short_details":"Yvon Gauthier \u2014 \u00c9ditions L'Harmattan","translator":null,"weight":205,"page_count":175,"readership":null,"editor":"\u00c9ditions L'Harmattan","price":1750,"published_date":"2004-06-01T22:00:00.000000Z","support":"Grand format","publisher_availability":1,"stock":0,"editions":[],"url":"https:\/\/quaidesbrumes.com\/ouvrage\/9782747565585\/la-logique-du-contenu-sur-la-logique-interne"},{"id":"9782747563659","title":"Les m\u00e9taphores du corps","description":"Les recherches en histoire des sciences, en m\u00e9decine, en philosophie, en sciences humaines ont montr\u00e9 la richesse d'un discours sur le corps dans la qu\u00eate toujours renouvel\u00e9e de notre humanit\u00e9. Comment penser cette pr\u00e9sence du corps ? Il s'agit de comprendre ce qu'il y a de d\u00e9cisif dans le choix des m\u00e9taphores du corps dans des perspectives aussi diff\u00e9rentes que: la philosophie cart\u00e9sienne, l'histoire des math\u00e9matiques, l'anatomie et ses mesures, le v\u00e9ritable feuilleton de la d\u00e9couverte des anesth\u00e9siques, mais encore les sciences cognitives, la plastination, la figure du chef en politique.","authors":["Christian Salomon"],"category_codes":["9000000","9080000"],"visuals":{"large":"https:\/\/images.epagine.fr\/659\/9782747563659_1_75.jpg","medium":"https:\/\/images.epagine.fr\/659\/9782747563659_1_m.jpg","thumbnail":"https:\/\/images.epagine.fr\/659\/9782747563659_1_v.jpg"},"orderable":true,"show_badge":true,"formatted_price":"17,50&nbsp;\u20ac","formatted_published_date":"2 juin 2004","publisher_availability_label":"Sur commande","short_details":"Christian Salomon \u2014 \u00c9ditions L'Harmattan","translator":null,"weight":220,"page_count":175,"readership":null,"editor":"\u00c9ditions L'Harmattan","price":1750,"published_date":"2004-06-01T22:00:00.000000Z","support":"Grand format","publisher_availability":1,"stock":0,"editions":[],"url":"https:\/\/quaidesbrumes.com\/ouvrage\/9782747563659\/les-metaphores-du-corps"},{"id":"9782747562034","title":"Kant et la facult\u00e9 de juger","description":"L'ouvrage montre que la \"Critique de la facult\u00e9 de juger\" doit \u00eatre vue dans une perspective d'ensemble des Critiques kantiennes. L'auteur essaie d'\u00e9tablir que le jugement r\u00e9fl\u00e9chissant est \u00e0 la base de tous les jugements des Critiques ant\u00e9rieures \u00e0 la \"Critique de la facult\u00e9 de juger\". Il consid\u00e8re, en cons\u00e9quence, que la \"Critique de la facult\u00e9 de juger\" n'est pas une oeuvre autonome. De plus, le probl\u00e8me de l'unit\u00e9 de cette oeuvre est pos\u00e9 de fa\u00e7on nouvelle, car le jugement r\u00e9fl\u00e9chissant \u00e9tablit une unit\u00e9 entre le beau et la t\u00e9l\u00e9ologie.\r","authors":["Jurgen Brankel"],"category_codes":["9000000","9080000"],"visuals":{"large":"https:\/\/images.epagine.fr\/034\/9782747562034_1_75.jpg","medium":"https:\/\/images.epagine.fr\/034\/9782747562034_1_m.jpg","thumbnail":"https:\/\/images.epagine.fr\/034\/9782747562034_1_v.jpg"},"orderable":true,"show_badge":true,"formatted_price":"14,00&nbsp;\u20ac","formatted_published_date":"2 mai 2004","publisher_availability_label":"Sur commande","short_details":"Jurgen Brankel \u2014 \u00c9ditions L'Harmattan","translator":null,"weight":180,"page_count":140,"readership":null,"editor":"\u00c9ditions L'Harmattan","price":1400,"published_date":"2004-05-01T22:00:00.000000Z","support":"Grand format","publisher_availability":1,"stock":0,"editions":[],"url":"https:\/\/quaidesbrumes.com\/ouvrage\/9782747562034\/kant-et-la-faculte-de-juger"},{"id":"9782747565028","title":"Zarathoustra-Bouddha ; vers un lexique commun ; naissance et sp\u00e9culations sur la philosophie de Dionysos","description":"\r\n            il peut sans doute para\u00eetre surprenant de vouloir faire un rapprochement entre ces deux noms, bouddha et nietzsche, que tout semble opposer : plus de 2 500 ans les s\u00e9parent ; l'un est fondateur d'une religion, l'autre est l'ennemi du christianisme.\r\n alors qu'une v\u00e9ritable \" bouddhamania \" s'empare de l'europe, \u00e9branlant ainsi non seulement nos conceptions religieuses mais aussi notre exercice de la la\u00efcit\u00e9, il parait opportun de brosser le portrait de ces deux philosophes ath\u00e9es, de l'orient et de l'occident et de tenter, par-del\u00e0 ce qui les s\u00e9pare, de les rapprocher afin d'entrevoir une philosophie de l'avenir.  nous r\u00e9pondrons ainsi peut-\u00eatre \u00e0 l'intuition nietzsch\u00e9enne selon laquelle \" seule une telle combinaison apportera aux futurs penseurs la solution \u00e0 l'\u00e9nigme du monde \".\r\n\r\n        \r","authors":["Christian Globensky"],"category_codes":["9000000","9080000","9080200","9080204"],"visuals":{"large":"https:\/\/images.epagine.fr\/028\/9782747565028_1_75.jpg","medium":"https:\/\/images.epagine.fr\/028\/9782747565028_1_m.jpg","thumbnail":"https:\/\/images.epagine.fr\/028\/9782747565028_1_v.jpg"},"orderable":true,"show_badge":true,"formatted_price":"19,00&nbsp;\u20ac","formatted_published_date":"4 mai 2004","publisher_availability_label":"Sur commande","short_details":"Christian Globensky \u2014 \u00c9ditions L'Harmattan","translator":null,"weight":275,"page_count":218,"readership":null,"editor":"\u00c9ditions L'Harmattan","price":1900,"published_date":"2004-05-03T22:00:00.000000Z","support":"Grand format","publisher_availability":1,"stock":0,"editions":[],"url":"https:\/\/quaidesbrumes.com\/ouvrage\/9782747565028\/zarathoustra-bouddha-vers-un-lexique-commun-naissance-et-speculations-sur-la-philosophie-de-dionysos"},{"id":"9782747563307","title":"La societe amoureuse ; notes sur fourrier pour une revision de l'ethique amoureuse et sexuelle","description":"L'\u00e9thique amoureuse et sexuelle \u00e0 laquelle est li\u00e9e la soci\u00e9t\u00e9 occidentale est une \u00e9thique fortement r\u00e9pressive qui a son chef de file dans le pouvoir eccl\u00e9siastique. La proposition la plus hautement lib\u00e9ratoire en ce domaine, est contenue dans une oeuvre de Fourier, Ce \"nouveau monde amoureux\", qui fut publi\u00e9e seulement en 1967 et a rejoint une certaine r\u00e9sonance dans les ann\u00e9es de la \"r\u00e9volution sexuelle\" et du f\u00e9minisme. Ce livre na\u00eet d'une m\u00e9ditation sur l'oeuvre de Fourier dans l'ambiance du processus moderne de lib\u00e9ration, et pr\u00f4ne avec force le d\u00e9passement de l'\u00e9thique r\u00e9pressive.\r","authors":["Arrigo Colombo","Marie-Josephe Beauchard"],"category_codes":["9000000","9080000","9080200","9080204"],"visuals":{"large":"https:\/\/images.epagine.fr\/307\/9782747563307_1_75.jpg","medium":"https:\/\/images.epagine.fr\/307\/9782747563307_1_m.jpg","thumbnail":"https:\/\/images.epagine.fr\/307\/9782747563307_1_v.jpg"},"orderable":true,"show_badge":true,"formatted_price":"21,50&nbsp;\u20ac","formatted_published_date":"2 juin 2004","publisher_availability_label":"Sur commande","short_details":"Arrigo Colombo, Marie-Josephe Beauchard \u2014 \u00c9ditions L'Harmattan","translator":"MARIE-JOSEPHE BEAUCHARD","weight":501,"page_count":230,"readership":null,"editor":"\u00c9ditions L'Harmattan","price":2150,"published_date":"2004-06-01T22:00:00.000000Z","support":"Grand format","publisher_availability":1,"stock":0,"editions":[],"url":"https:\/\/quaidesbrumes.com\/ouvrage\/9782747563307\/la-societe-amoureuse-notes-sur-fourrier-pour-une-revision-de-lethique-amoureuse-et-sexuelle"},{"id":"9782735211050","title":"Nietzsche par-del\u00e0 le bien et le mal","description":null,"authors":["Danielle P\u00e9russel"],"category_codes":["9000000","9080000","9080200","9080204"],"visuals":{"large":"https:\/\/images.epagine.fr\/050\/9782735211050_1_75.jpg","medium":"https:\/\/images.epagine.fr\/050\/9782735211050_1_m.jpg","thumbnail":"https:\/\/images.epagine.fr\/050\/9782735211050_1_v.jpg"},"orderable":true,"show_badge":true,"formatted_price":"6,10&nbsp;\u20ac","formatted_published_date":"1er novembre 1995","publisher_availability_label":"Sur commande","short_details":"Danielle P\u00e9russel \u2014 BERTRAND LACOSTE","translator":null,"weight":433,"page_count":null,"readership":null,"editor":"BERTRAND LACOSTE","price":610,"published_date":"1995-10-31T23:00:00.000000Z","support":"Grand format","publisher_availability":1,"stock":0,"editions":[],"url":"https:\/\/quaidesbrumes.com\/ouvrage\/9782735211050\/nietzsche-par-dela-le-bien-et-le-mal"},{"id":"9782735211074","title":"Platon ; l'Hippias majeur","description":null,"authors":["Jo\u00ebl Jung"],"category_codes":["9000000","9080000","9080200","9080204"],"visuals":{"large":"https:\/\/images.epagine.fr\/074\/9782735211074_1_75.jpg","medium":"https:\/\/images.epagine.fr\/074\/9782735211074_1_m.jpg","thumbnail":"https:\/\/images.epagine.fr\/074\/9782735211074_1_v.jpg"},"orderable":true,"show_badge":true,"formatted_price":"6,10&nbsp;\u20ac","formatted_published_date":"1er novembre 1995","publisher_availability_label":"Sur commande","short_details":"Jo\u00ebl Jung \u2014 BERTRAND LACOSTE","translator":null,"weight":789,"page_count":null,"readership":null,"editor":"BERTRAND LACOSTE","price":610,"published_date":"1995-10-31T23:00:00.000000Z","support":"Grand format","publisher_availability":1,"stock":0,"editions":[],"url":"https:\/\/quaidesbrumes.com\/ouvrage\/9782735211074\/platon-lhippias-majeur"},{"id":"9782406142720","title":"Anthropologies philosophiques allemandes : de Johann Friedrich Herbart \u00e0 Helmuth Plessner","description":"Longtemps sous-estim\u00e9e en France, l'anthropologie philosophique joue un r\u00f4le essentiel en Allemagne, entre philosophie et sciences humaines : place de l'homme dans la nature et l'Histoire ; l'individu et autrui ; relations entre groupes humains.","authors":["Collectif","Pierre-Fran\u00e7ois Moreau","Charlotte Morel"],"category_codes":["9000000","9080000","9080200","9080204"],"visuals":{"large":"https:\/\/images.epagine.fr\/720\/9782406142720_1_75.jpg","medium":"https:\/\/images.epagine.fr\/720\/9782406142720_1_m.jpg","thumbnail":"https:\/\/images.epagine.fr\/720\/9782406142720_1_v.jpg"},"orderable":true,"show_badge":true,"formatted_price":"32,00&nbsp;\u20ac","formatted_published_date":"22 f\u00e9vrier 2023","publisher_availability_label":"Sur commande","short_details":"Collectif, Pierre-Fran\u00e7ois Moreau, Charlotte Morel \u2014 CLASSIQUES GARNIER","translator":null,"weight":344,"page_count":258,"readership":null,"editor":"CLASSIQUES GARNIER","price":3200,"published_date":"2023-02-21T23:00:00.000000Z","support":"Grand format","publisher_availability":1,"stock":0,"editions":["9782406142737"],"url":"https:\/\/quaidesbrumes.com\/ouvrage\/9782406142720\/anthropologies-philosophiques-allemandes-de-johann-friedrich-herbart-a-helmuth-plessner"},{"id":"9782842200084","title":"\u00e9thique et politique ; 5e semaine congolaise de philosophie","description":"De l'Ethique \u00e0 Nicomaque au Principe Responsabilit\u00e9 de Hans Jonas, les fins de l'homme - notamment la r\u00e9alisation parfaite de soi, pour chaque \u00eatre, l'humanit\u00e9 de l'homme, l'humanit\u00e9 raisonnable dans ses formes les plus achev\u00e9es - s'instruisent universellement, selon l'espace public et politique des Etats, de ces cat\u00e9gories fondamentales de l'existence.\r\nLa triade philosophie-d\u00e9mocratie-progr\u00e8s d\u00e9bouche sur la th\u00e8se principale de Platon selon laquelle, l'Etat est injuste et il faut le r\u00e9former. Si Platon consid\u00e8re la vie terrestre comme une prison, sa th\u00e9orie de la participation, conduit au pluralisme des id\u00e9es, au dialogue, \u00e0 l'esprit de tol\u00e9rance, \u00e0 la paix perp\u00e9tuelle, dit Kant, condition de la r\u00e9alisation de la R\u00e9publique et d'accomplissement de la d\u00e9mocratie dans un progr\u00e8s allant in\u00e9luctablement \u00e0 l'infini.\r\nJustice, libert\u00e9, dignit\u00e9, \u00e9galit\u00e9 et n\u00e9cessit\u00e9 d'un vouloir-vivre-ensemble se d\u00e9gagent de cet ouvrage, mais avec le constat s\u00e9v\u00e8re d'une mim\u00e9sis n\u00e9gro-africaine destructurante. Toute autocratie ne peut s'\u00e9terniser puisque la libert\u00e9 est immanente \u00e0 l'homme. Les textes pr\u00e9sent\u00e9s ici ont pour ambition de r\u00e9interroger le socle philosophique de l'\u00e9thique et de la politique, de tenter d'en d\u00e9gager le sens, la finalit\u00e9 et d'en souligner l'actualit\u00e9 en ce d\u00e9but du XXIe si\u00e8cle.\r","authors":["David Mavouangui"],"category_codes":["9000000","9080000","9080200","9080204"],"visuals":{"large":"https:\/\/images.epagine.fr\/084\/9782842200084_1_75.jpg","medium":"https:\/\/images.epagine.fr\/084\/9782842200084_1_m.jpg","thumbnail":"https:\/\/images.epagine.fr\/084\/9782842200084_1_v.jpg"},"orderable":true,"show_badge":true,"formatted_price":"28,00&nbsp;\u20ac","formatted_published_date":"1er juillet 2004","publisher_availability_label":"Sur commande","short_details":"David Mavouangui \u2014 Paari","translator":null,"weight":285,"page_count":null,"readership":null,"editor":"Paari","price":2800,"published_date":"2004-06-30T22:00:00.000000Z","support":"Grand format","publisher_availability":1,"stock":0,"editions":[],"url":"https:\/\/quaidesbrumes.com\/ouvrage\/9782842200084\/ethique-et-politique-5e-semaine-congolaise-de-philosophie"},{"id":"9782848540153","title":"Devenir et temporalite ; la creation des possibles chez cornelius casoriadis","description":"Quelque chose de singulier et d'in\u00e9dit s'est pass\u00e9 en France, \u00e0 la bordure entre philosophie et sciences sociales, au cours des derni\u00e8res d\u00e9cennies du XX\u00e8me si\u00e8cle. \r\nLes philosophes les plus pr\u00e9sents, les plus enseign\u00e9s et plus traduits dans le monde sont aujourd'hui des penseurs fran\u00e7ais de la g\u00e9n\u00e9ration de Levinas, Ricoeur ou Lacan, puis de celle d'Althusser, Derrida, Foucault, Deleuze, Lyotard etc. \r\nCastoriadis est incontestablement un des acteurs cl\u00e9 de la p\u00e9riode. Le livre de J.Ph Pastor interroge ici quelques-unes des th\u00e9matiques les plus reprises du grand philosophe, en s'effor\u00e7ant d'assumer l'h\u00e9ritage de son ma\u00eetre-livre \" L'institution imaginaire de la soci\u00e9t\u00e9 \".\r\n\r","authors":["Jean-Philippe Pastor"],"category_codes":["9000000","9080000","9080200","9080204"],"visuals":{"large":"https:\/\/images.epagine.fr\/153\/9782848540153_1_75.jpg","medium":"https:\/\/images.epagine.fr\/153\/9782848540153_1_m.jpg","thumbnail":"https:\/\/images.epagine.fr\/153\/9782848540153_1_v.jpg"},"orderable":true,"show_badge":true,"formatted_price":"24,00&nbsp;\u20ac","formatted_published_date":"15 d\u00e9cembre 2003","publisher_availability_label":"Sur commande","short_details":"Jean-Philippe Pastor \u2014 Moonstone","translator":null,"weight":430,"page_count":380,"readership":null,"editor":"Moonstone","price":2400,"published_date":"2003-12-14T23:00:00.000000Z","support":"Grand format","publisher_availability":1,"stock":0,"editions":[],"url":"https:\/\/quaidesbrumes.com\/ouvrage\/9782848540153\/devenir-et-temporalite-la-creation-des-possibles-chez-cornelius-casoriadis"},{"id":"9782812430299","title":"Montaigne : Une anthropologie des passions","description":"Cet ouvrage pr\u00e9sente la premi\u00e8re \u00e9tude consacr\u00e9e \u00e0 la philosophie des passions chez Montaigne. L'id\u00e9e de sagesse montanienne est pr\u00e9sent\u00e9e sous un nouveau jour. Th\u00e9oriquement originale, l'anthropologie des passions de Montaigne influencera les penseurs de l'\u00e2ge classique, en particulier Descartes et Hobbes.\r\n\r\n \r\nThis is the first study dedicated to the philosophy of the passions in Montaigne's work. It presents the wisdom of Montaigne in a new light. Theoretically original, Montaigne's anthropology of the passions is an influence on thinkers of the classical age, particularly Descartes and Hobbes.\r","authors":["Emiliano Ferrari"],"category_codes":["9000000","9080000","9080200","9080204"],"visuals":{"large":"https:\/\/images.epagine.fr\/299\/9782812430299_1_75.jpg","medium":"https:\/\/images.epagine.fr\/299\/9782812430299_1_m.jpg","thumbnail":"https:\/\/images.epagine.fr\/299\/9782812430299_1_v.jpg"},"orderable":true,"show_badge":true,"formatted_price":"36,00&nbsp;\u20ac","formatted_published_date":"3 septembre 2014","publisher_availability_label":"Sur commande","short_details":"Emiliano Ferrari \u2014 CLASSIQUES GARNIER","translator":null,"weight":478,"page_count":340,"readership":null,"editor":"CLASSIQUES GARNIER","price":3600,"published_date":"2014-09-02T22:00:00.000000Z","support":"Grand format","publisher_availability":1,"stock":0,"editions":["9782812430305"],"url":"https:\/\/quaidesbrumes.com\/ouvrage\/9782812430299\/montaigne-une-anthropologie-des-passions"},{"id":"9782830913392","title":"L'instant d'un geste : le sujet, l'ethique et le don","description":"Notre \u00e9poque semble fascin\u00e9e par la figure de l'individu occidental qui se fonde et se construit lui-m\u00eame.\r\n Devenir soi-m\u00eame par soi-m\u00eame : tel est l'imp\u00e9ratif qui s'impose \u00e0 chacun comme une t\u00e2che \u00e0 accomplir.  or celui qui veut exister dans la singularit\u00e9 de son \u00eatre se d\u00e9couvre parfois vacillant dans un monde qui le soutient mal.  jean-daniel causse interroge cette vision de soi et il propose de retrouver le don comme source de l'\u00eatre et de l'acte.  c'est dans ce qu'il re\u00e7oit, souvent \u00e0 son insu, que l'\u00eatre humain trouve de nouvelles possibilit\u00e9s pour penser et agir.\r\n La notion d'agape, centrale dans le christianisme, nomme le don qui travaille au coeur de l'\u00e9thique et de ses imp\u00e9ratifs, mais produit aussi un \" exc\u00e8s \" ou un \" en plus \" dont il faut rendre compte.  dans cet essai, l'auteur reprend les enjeux de l'\u00e9thique, notamment notre rapport \u00e0 l'autre comme semblable et diff\u00e9rent.  a travers une tr\u00e8s belle lecture critique de l\u00e9vinas, freud, lacan, kant, et surtout de ricoeur, il montre pourquoi et comment le don constitue un sujet capable d'\u00eatre et d'aimer.\r","authors":["Jean-daniel Causse"],"category_codes":["9000000","9120000","9120200"],"visuals":{"large":"https:\/\/images.epagine.fr\/392\/9782830913392_1_75.jpg","medium":"https:\/\/images.epagine.fr\/392\/9782830913392_1_m.jpg","thumbnail":"https:\/\/images.epagine.fr\/392\/9782830913392_1_v.jpg"},"orderable":true,"show_badge":true,"formatted_price":"20,10&nbsp;\u20ac","formatted_published_date":"18 septembre 2008","publisher_availability_label":"Sur commande","short_details":"Jean-daniel Causse \u2014 \u00c9ditions Labor et Fides","translator":null,"weight":195,"page_count":118,"readership":null,"editor":"\u00c9ditions Labor et Fides","price":2010,"published_date":"2008-09-17T22:00:00.000000Z","support":"Grand format","publisher_availability":1,"stock":0,"editions":[],"url":"https:\/\/quaidesbrumes.com\/ouvrage\/9782830913392\/linstant-dun-geste-le-sujet-lethique-et-le-don"},{"id":"9782747563178","title":"L'esth\u00e9tique dans le syst\u00e8me h\u00e9g\u00e9lien","description":"L'esth\u00e9tique h\u00e9g\u00e9lienne est, dans la litt\u00e9rature critique philosophique, un domaine peu explor\u00e9, voire confin\u00e9 aux marges de l'h\u00e9g\u00e9lianisme. Peu de travaux envisagent l'esth\u00e9tique h\u00e9g\u00e9lienne pour elle-m\u00eame. Il s'agit, dans ce recueil, apr\u00e8s l'Esth\u00e9tique de Hegel publi\u00e9 aux \u00e9ditions l'Harmattan en 1997, de d\u00e9terminer, sans parti pris, sa place et sa fonction dans le syst\u00e8me h\u00e9g\u00e9lien, dans une mise en perspective de l'esth\u00e9tique par rapport, notamment \u00e0 la religion, \u00e0 la logique et \u00e0 la philosophie de l'esprit.\r","authors":["Caroline Guibet Lafaye","Jean-Louis Vieillard-Baron"],"category_codes":["9000000","9080000","9080200","9080204"],"visuals":{"large":"https:\/\/images.epagine.fr\/178\/9782747563178_1_75.jpg","medium":"https:\/\/images.epagine.fr\/178\/9782747563178_1_m.jpg","thumbnail":"https:\/\/images.epagine.fr\/178\/9782747563178_1_v.jpg"},"orderable":true,"show_badge":true,"formatted_price":"12,50&nbsp;\u20ac","formatted_published_date":"2 juin 2004","publisher_availability_label":"Sur commande","short_details":"Caroline Guibet Lafaye, Jean-Louis Vieillard-Baron \u2014 \u00c9ditions L'Harmattan","translator":null,"weight":160,"page_count":113,"readership":null,"editor":"\u00c9ditions L'Harmattan","price":1250,"published_date":"2004-06-01T22:00:00.000000Z","support":"Grand format","publisher_availability":1,"stock":0,"editions":[],"url":"https:\/\/quaidesbrumes.com\/ouvrage\/9782747563178\/lesthetique-dans-le-systeme-hegelien"},{"id":"9782747563666","title":"Logique de la conception : Figures de s\u00e9miotique g\u00e9n\u00e9rale d'apr\u00e8s Charles S. Peirce","description":"Comment les hommes parviennent-ils \u00e0 \"se faire une id\u00e9e\" de quelque chose? La question appartient depuis toujours aux \u00e9pist\u00e9mologues des sciences. Mais c'est aussi celle des architectes et des artistes. Le d\u00e9veloppement massif des artefacts techniques dans les sciences de l'ing\u00e9nieur repose aujourd'hui la question de la nature de l'activit\u00e9 de conception aux praticiens des nouvelles technologies de l'intelligence, dans des champs disciplinaires de plus en plus diversifi\u00e9s et \u00e9largis.","authors":["Bernard Morand"],"category_codes":["9000000","9080000"],"visuals":{"large":"https:\/\/images.epagine.fr\/666\/9782747563666_1_75.jpg","medium":"https:\/\/images.epagine.fr\/666\/9782747563666_1_m.jpg","thumbnail":"https:\/\/images.epagine.fr\/666\/9782747563666_1_v.jpg"},"orderable":true,"show_badge":true,"formatted_price":"30,00&nbsp;\u20ac","formatted_published_date":"2 juin 2004","publisher_availability_label":"Sur commande","short_details":"Bernard Morand \u2014 \u00c9ditions L'Harmattan","translator":null,"weight":370,"page_count":290,"readership":null,"editor":"\u00c9ditions L'Harmattan","price":3000,"published_date":"2004-06-01T22:00:00.000000Z","support":"Grand format","publisher_availability":1,"stock":0,"editions":[],"url":"https:\/\/quaidesbrumes.com\/ouvrage\/9782747563666\/logique-de-la-conception-figures-de-semiotique-generale-dapres-charles-s-peirce"},{"id":"9782707144386","title":"L'exp\u00e9rience de l'injustice ; reconnaissance et clinique de l'injustice","description":"\r\n            comment transformer les d\u00e9finitions communes de la justice sociale afin qu'elles puissent rendre compte des formes aujourd'hui les plus caract\u00e9ristiques de l'injustice sociale ? comment leur faire rendre compte des souffrances de \" ceux qui ont trop \u00e0 dire pour pouvoir le dire \" ? telles sont les questions auxquelles ce livre se propose de r\u00e9pondre.\r\n dans une d\u00e9marche originale, emmanuel renault reprend et \u00e9largit la th\u00e9orie de la reconnaissance \u00e9labor\u00e9e par le philosophe allemand axel honneth, afin de proposer une grammaire des luttes sociales mais aussi une grille d'analyse des injustices que ces luttes prennent rarement en charge.  c'est par la reconnaissance que les autres et la soci\u00e9t\u00e9 lui accordent que chacun peut b\u00e9n\u00e9ficier des conditions substantielles d'une vie digne d'\u00eatre v\u00e9cue.\r\n inversement, les d\u00e9nis de reconnaissance sont \u00e0 l'origine de souffrances sociales et psychiques majeures.  dans cette perspective, l'auteur proc\u00e8de \u00e0 un examen critique des th\u00e9ories contemporaines qui structurent notre pens\u00e9e politique et sociale, propos\u00e9es par j.  rawls, j.  habermas, m.  walzer et c.  taylor, p bourdieu, t.  negri, etc.  s'appuyant sur les travaux de la sociologie et la psychologie sociale qui analysent les mouvements sociaux, les restructurations du travail ou les souffrances engendr\u00e9es par la pr\u00e9carisation ou par l'exclusion, il tente d'\u00e9laborer une th\u00e9orie globale permettant d'\u00e9clairer la multiplicit\u00e9 des ph\u00e9nom\u00e8nes \u00e9tudi\u00e9s.\r\n ce livre soutient que la philosophie doit prendre l'injustice au s\u00e9rieux, car c'est en elle que se d\u00e9terminent les enjeux des discours sur la justice.  il propose ainsi une philosophie assumant sa dimension politique, reconnaissant qu'elle se meut \u00e0 l'int\u00e9rieur du monde r\u00e9el et non simplement dans le ciel des id\u00e9es.  il offre un argumentaire global au service de ceux qui font l'exp\u00e9rience quotidienne de l'injustice et sont en cons\u00e9quence int\u00e9ress\u00e9s \u00e0 la transformation de l'ordre social existant.\r\n\r\n        \r","authors":["Emmanuel Renault"],"category_codes":["9000000","9080000","9080200","9080204"],"visuals":{"large":"https:\/\/images.epagine.fr\/386\/9782707144386_1_75.jpg","medium":"https:\/\/images.epagine.fr\/386\/9782707144386_1_m.jpg","thumbnail":"https:\/\/images.epagine.fr\/386\/9782707144386_1_v.jpg"},"orderable":true,"show_badge":true,"formatted_price":"32,00&nbsp;\u20ac","formatted_published_date":"14 octobre 2004","publisher_availability_label":"Sur commande","short_details":"Emmanuel Renault \u2014 La d\u00e9couverte","translator":null,"weight":430,"page_count":412,"readership":null,"editor":"La d\u00e9couverte","price":3200,"published_date":"2004-10-13T22:00:00.000000Z","support":"Grand format","publisher_availability":1,"stock":0,"editions":[],"url":"https:\/\/quaidesbrumes.com\/ouvrage\/9782707144386\/lexperience-de-linjustice-reconnaissance-et-clinique-de-linjustice"},{"id":"9782747545006","title":"De la raison \u00e0 l'ordre : Gen\u00e8se de la philosophie de Malebranche","description":"S'il est vrai qu'en cons\u00e9quence du p\u00each\u00e9 l'\u00e2me est assujettie \u00e0 son corps, quelle libert\u00e9 l'homme peut-il encore avoir de faire par lui-m\u00eame son salut? Si Dieu est seule cause de l'impulsion qu'il donne \u00e0 l'homme vers le bien, quelle libert\u00e9 Malebranche peut-il reconna\u00eetre \u00e0 notre volont\u00e9? Si l'unique libert\u00e9 que nous ayons est celle de suspendre ce mouvement, ne nous reste-t-il de libert\u00e9 que pour consentir \u00e0 la douceur de la finitude et nous d\u00e9rober \u00e0 l'attente de l'infini?","authors":["Pierrette Bonet"],"category_codes":["9000000","9080000"],"visuals":{"large":"https:\/\/images.epagine.fr\/006\/9782747545006_1_75.jpg","medium":"https:\/\/images.epagine.fr\/006\/9782747545006_1_m.jpg","thumbnail":"https:\/\/images.epagine.fr\/006\/9782747545006_1_v.jpg"},"orderable":true,"show_badge":true,"formatted_price":"23,00&nbsp;\u20ac","formatted_published_date":"2 mai 2004","publisher_availability_label":"Sur commande","short_details":"Pierrette Bonet \u2014 \u00c9ditions L'Harmattan","translator":null,"weight":270,"page_count":250,"readership":null,"editor":"\u00c9ditions L'Harmattan","price":2300,"published_date":"2004-05-01T22:00:00.000000Z","support":"Grand format","publisher_availability":1,"stock":0,"editions":[],"url":"https:\/\/quaidesbrumes.com\/ouvrage\/9782747545006\/de-la-raison-a-lordre-genese-de-la-philosophie-de-malebranche"},{"id":"9782747562751","title":"L'\u00e9ducation morale au-del\u00e0 de la citoyennet\u00e9","description":"L'enseignement de la morale est, souvent, per\u00e7u comme une forme d'endoctrinement, un \"syst\u00e8me de commandement\". C'est pourquoi de nombreuses voix se sont \u00e9lev\u00e9es, afin de revendiquer un enseignement moralement neutre. Dans le syst\u00e8me \u00e9ducatif fran\u00e7ais, on a souvent pens\u00e9 l'\u00e9ducation \u00e0 la citoyennet\u00e9 comme une issue \u00e0 ce dilemme. Le probl\u00e8me r\u00e9side, toutefois, dans l'oubli de la dimension philosophique. En faisant du d\u00e9veloppement moral l'objet d'une \u00e9tude exclusivement \"scientifique\", on sacrifie l'exigence d'\u00e9mancipation de l'individu au profit d'une seule fin : l'adaptation \u00e0 la soci\u00e9t\u00e9.\r","authors":["Fouad Nohra"],"category_codes":["9000000","9080000"],"visuals":{"large":"https:\/\/images.epagine.fr\/751\/9782747562751_1_75.jpg","medium":"https:\/\/images.epagine.fr\/751\/9782747562751_1_m.jpg","thumbnail":"https:\/\/images.epagine.fr\/751\/9782747562751_1_v.jpg"},"orderable":true,"show_badge":true,"formatted_price":"14,00&nbsp;\u20ac","formatted_published_date":"2 mai 2004","publisher_availability_label":"Sur commande","short_details":"Fouad Nohra \u2014 \u00c9ditions L'Harmattan","translator":null,"weight":165,"page_count":148,"readership":null,"editor":"\u00c9ditions L'Harmattan","price":1400,"published_date":"2004-05-01T22:00:00.000000Z","support":"Grand format","publisher_availability":1,"stock":0,"editions":[],"url":"https:\/\/quaidesbrumes.com\/ouvrage\/9782747562751\/leducation-morale-au-dela-de-la-citoyennete"},{"id":"9782747563437","title":"Principes et causes dans les Analytiques Seconds d'Aristote","description":"Oeuvre colossale du corpus aristot\u00e9licien, les \"Analytiques Seconds\" auraient aujourd'hui d\u00e9nonc\u00e9 les cercles et les \u00e9coles qui se veulent \"Analytique du langage\" et qui font du langage non seulement  une institution \u00e0 part mais une strat\u00e9gie de l'ici et maintenant pr\u00e9tendant ainsi \u00e0 l'objectivit\u00e9 en se justifiant dans les \"situations\", les \"tableaux\" ou encore dans les \"configurations\". Ce qui structure et l\u00e9gitime le Non-dit, le Tacite, l'Indicible. en ignorant l'essentiel: le langage comme entit\u00e9 vivante.","authors":["Rafika Ben Mrad"],"category_codes":["9000000","9080000"],"visuals":{"large":"https:\/\/images.epagine.fr\/437\/9782747563437_1_75.jpg","medium":"https:\/\/images.epagine.fr\/437\/9782747563437_1_m.jpg","thumbnail":"https:\/\/images.epagine.fr\/437\/9782747563437_1_v.jpg"},"orderable":true,"show_badge":true,"formatted_price":"13,00&nbsp;\u20ac","formatted_published_date":"2 mai 2004","publisher_availability_label":"Sur commande","short_details":"Rafika Ben Mrad \u2014 \u00c9ditions L'Harmattan","translator":null,"weight":140,"page_count":117,"readership":null,"editor":"\u00c9ditions L'Harmattan","price":1300,"published_date":"2004-05-01T22:00:00.000000Z","support":"Grand format","publisher_availability":1,"stock":0,"editions":[],"url":"https:\/\/quaidesbrumes.com\/ouvrage\/9782747563437\/principes-et-causes-dans-les-analytiques-seconds-daristote"},{"id":"9782872097562","title":"Passeurs de religions ; entre Orient et Occident","description":"Deux questions fondamentales sous-tendent ce volume: celle des efforts d'inculturation locale consentie par les repr\u00e9sentants des diff\u00e9rents mouvements philosophiques et religieux, ainsi que celle des exigences ou des n\u00e9cessit\u00e9s d'acculturation qui s'imposent \u00e0 leurs adeptes, au moins potentiels. L'ensemble d\u00e9bouchant naturellement sur le probl\u00e8me des identit\u00e9s culturelles.","authors":["Paul Servais"],"category_codes":["9000000","9080000","9080200","9080204"],"visuals":{"large":"https:\/\/images.epagine.fr\/562\/9782872097562_1_75.jpg","medium":"https:\/\/images.epagine.fr\/562\/9782872097562_1_m.jpg","thumbnail":"https:\/\/images.epagine.fr\/562\/9782872097562_1_v.jpg"},"orderable":true,"show_badge":true,"formatted_price":"52,50&nbsp;\u20ac","formatted_published_date":"1er septembre 2004","publisher_availability_label":"Sur commande","short_details":"Paul Servais \u2014 ACADEMIA","translator":null,"weight":770,"page_count":428,"readership":null,"editor":"ACADEMIA","price":5250,"published_date":"2004-08-31T22:00:00.000000Z","support":"Grand format","publisher_availability":1,"stock":0,"editions":[],"url":"https:\/\/quaidesbrumes.com\/ouvrage\/9782872097562\/passeurs-de-religions-entre-orient-et-occident"},{"id":"9782747567992","title":"La construction collective de la realite","description":"Nos croyances et opinions sont p\u00e9n\u00e9tr\u00e9es de cette id\u00e9e que le r\u00e9el est toujours d\u00e9j\u00e0 l\u00e0, devant nous, et qu'il nous suffit d'ouvrir les yeux pour savoir ce qu'il en est du monde. Lorsque ces croyances ou ces comportements sont mis en d\u00e9faut, c'est vers les sciences que nous nous tournons afin de trouver le garant de l'objectivit\u00e9 et de la v\u00e9rit\u00e9. Or, les sciences actuelles aboutissent \u00e0 des r\u00e9sultats th\u00e9oriques qui contredisent sans cesse les modes de penser spontan\u00e9s de la vie quotidienne. D\u00e9s lors, comment \u00e9laborer une r\u00e9alit\u00e9 partag\u00e9e et tenue pour objective oe\r","authors":["C\u00e9dric Cagnat"],"category_codes":["9000000","9080000"],"visuals":{"large":"https:\/\/images.epagine.fr\/992\/9782747567992_1_75.jpg","medium":"https:\/\/images.epagine.fr\/992\/9782747567992_1_m.jpg","thumbnail":"https:\/\/images.epagine.fr\/992\/9782747567992_1_v.jpg"},"orderable":true,"show_badge":true,"formatted_price":"17,50&nbsp;\u20ac","formatted_published_date":"2 octobre 2004","publisher_availability_label":"Sur commande","short_details":"C\u00e9dric Cagnat \u2014 \u00c9ditions L'Harmattan","translator":null,"weight":240,"page_count":188,"readership":null,"editor":"\u00c9ditions L'Harmattan","price":1750,"published_date":"2004-10-01T22:00:00.000000Z","support":"Grand format","publisher_availability":1,"stock":0,"editions":[],"url":"https:\/\/quaidesbrumes.com\/ouvrage\/9782747567992\/la-construction-collective-de-la-realite"},{"id":"9782747571920","title":"L'empire des choses : Quatuor pour la fin des Temps","description":"Sommes-nous parvenus \u00e0 la fin des Temps? La mort de Dieu annonc\u00e9e par Nietzsche et celle de l'homme par Michel Foucault auraient-elles entra\u00een\u00e9 la mort de la politique, de l'art et de la religion? La culture de masse n'est-elle pas devenue la religion du march\u00e9 mondial et la soci\u00e9t\u00e9 du spectacle le r\u00e8gne de la marchandise. Comme dans le film Matrix, la technique semble avoir pris le pouvoir et emprisonn\u00e9 les hommes dans un monde virtuel. La th\u00e8se de ce livre est la suivante: l'empire des choses est le miroir bris\u00e9 du r\u00e8gne de Dieu.","authors":["Alain Durel"],"category_codes":["9000000","9080000"],"visuals":{"large":"https:\/\/images.epagine.fr\/920\/9782747571920_1_75.jpg","medium":"https:\/\/images.epagine.fr\/920\/9782747571920_1_m.jpg","thumbnail":"https:\/\/images.epagine.fr\/920\/9782747571920_1_v.jpg"},"orderable":true,"show_badge":true,"formatted_price":"29,00&nbsp;\u20ac","formatted_published_date":"2 octobre 2004","publisher_availability_label":"Sur commande","short_details":"Alain Durel \u2014 \u00c9ditions L'Harmattan","translator":null,"weight":485,"page_count":298,"readership":null,"editor":"\u00c9ditions L'Harmattan","price":2900,"published_date":"2004-10-01T22:00:00.000000Z","support":"Grand format","publisher_availability":1,"stock":0,"editions":[],"url":"https:\/\/quaidesbrumes.com\/ouvrage\/9782747571920\/lempire-des-choses-quatuor-pour-la-fin-des-temps"},{"id":"9782747572118","title":"Le lib\u00e9ralisme dans la pens\u00e9e de Michel Foucault : Un lib\u00e9ralisme sans libert\u00e9","description":"Premi\u00e8re introduction au s\u00e9minaire de 1978-1979 de Michel Foucault au Coll\u00e8ge de France. Depuis la mort de Michel Foucault en 1984, de nombreuses ex\u00e9g\u00e8ses ou critiques de sa pens\u00e9e ont \u00e9t\u00e9 \u00e9crites. Un lib\u00e9ralisme sans libert\u00e9 interroge l'obstination avec laquelle Foucault tente de proposer de nouvelles cat\u00e9gories de philosophie politique qui ne soient pas l'exclusive d'une philosophie du pouvoir. En effet, l'introduction du terme de lib\u00e9ralisme est concomitante de la cr\u00e9ation de concepts comme ceux de biopolitique, de gouvernementalit\u00e9.\r","authors":["Maria Bonnafous-boucher"],"category_codes":["9000000","9080000"],"visuals":{"large":"https:\/\/images.epagine.fr\/118\/9782747572118_1_75.jpg","medium":"https:\/\/images.epagine.fr\/118\/9782747572118_1_m.jpg","thumbnail":"https:\/\/images.epagine.fr\/118\/9782747572118_1_v.jpg"},"orderable":true,"show_badge":true,"formatted_price":"14,00&nbsp;\u20ac","formatted_published_date":"2 octobre 2004","publisher_availability_label":"Sur commande","short_details":"Maria Bonnafous-boucher \u2014 \u00c9ditions L'Harmattan","translator":null,"weight":165,"page_count":144,"readership":null,"editor":"\u00c9ditions L'Harmattan","price":1400,"published_date":"2004-10-01T22:00:00.000000Z","support":"Grand format","publisher_availability":1,"stock":0,"editions":[],"url":"https:\/\/quaidesbrumes.com\/ouvrage\/9782747572118\/le-liberalisme-dans-la-pensee-de-michel-foucault-un-liberalisme-sans-liberte"},{"id":"9782747572668","title":"Pasteur et la philosophie","description":"Cette \u00e9tude sur les rapports de Pasteur avec la philosophie et les philosophes veut combler une lacune. Si quelques \u00e9tudes existent sur l'oeuvre de Pasteur d'un point de vue \u00e9pist\u00e9mologique ou sociologique, aucune ne traite des sources philosophiques de son oeuvre scientifique et de sa pens\u00e9e intime. L'esprit de Pasteur, s'il est gouvern\u00e9 par l'activit\u00e9 scientifique, rec\u00e8le des convictions intuitives ou ancr\u00e9es par son \u00e9ducation. Pasteur est donc analys\u00e9 en tant que philosophe, malgr\u00e9 lui, puisqu'il voulait s\u00e9parer totalement les domaines de la science et de la philosophie.","authors":["Patrice Pinet"],"category_codes":["1000000","1060000"],"visuals":{"large":"https:\/\/images.epagine.fr\/668\/9782747572668_1_75.jpg","medium":"https:\/\/images.epagine.fr\/668\/9782747572668_1_m.jpg","thumbnail":"https:\/\/images.epagine.fr\/668\/9782747572668_1_v.jpg"},"orderable":true,"show_badge":true,"formatted_price":"22,00&nbsp;\u20ac","formatted_published_date":"2 octobre 2004","publisher_availability_label":"Sur commande","short_details":"Patrice Pinet \u2014 \u00c9ditions L'Harmattan","translator":null,"weight":265,"page_count":234,"readership":null,"editor":"\u00c9ditions L'Harmattan","price":2200,"published_date":"2004-10-01T22:00:00.000000Z","support":"Grand format","publisher_availability":1,"stock":0,"editions":[],"url":"https:\/\/quaidesbrumes.com\/ouvrage\/9782747572668\/pasteur-et-la-philosophie"}]}