{"data":[{"id":"9782747548731","title":"Fran\u00e7ois Laruelle et la gnose non-philosophique","description":"Il s'agit ici du d\u00e9p\u00e9rissement des Autorit\u00e9s ; il s'agit ici du salut de chacun. En analysant les principes de toute l'autorit\u00e9, et en se ressouvenant de l'essence de chaque homme, la non-philosophie d\u00e9montre pourquoi partout au monde il y a servitude ou malheur, et pourquoi il ne peut y avoir lib\u00e9ration qu'en H\u00e9r\u00e9sie. On y appelle Gnose la connaissance h\u00e9r\u00e9tique et qui sauve. Qu' y a-t-il conna\u00eetre ? Simplement ceci que l'homme et les Autorit\u00e9s n'ont rien de commun. Qu'y-a-t-il \u00e0 faire ? Critiquer radicalement.","authors":["Jean-luc Rannou"],"category_codes":["9000000","9080000","9080200","9080204"],"visuals":{"large":"https:\/\/images.epagine.fr\/731\/9782747548731_1_75.jpg","medium":"https:\/\/images.epagine.fr\/731\/9782747548731_1_m.jpg","thumbnail":"https:\/\/images.epagine.fr\/731\/9782747548731_1_v.jpg"},"orderable":true,"show_badge":true,"formatted_price":"15,00&nbsp;\u20ac","formatted_published_date":"1er octobre 2003","publisher_availability_label":"Sur commande","short_details":"Jean-luc Rannou \u2014 \u00c9ditions L'Harmattan","translator":null,"weight":235,"page_count":170,"readership":null,"editor":"\u00c9ditions L'Harmattan","price":1500,"published_date":"2003-09-30T22:00:00.000000Z","support":"Grand format","publisher_availability":1,"stock":0,"editions":["9782747548946"],"url":"https:\/\/quaidesbrumes.com\/ouvrage\/9782747548731\/francois-laruelle-et-la-gnose-non-philosophique"},{"id":"9782343137605","title":"De l'esth\u00e9tique de la violence","description":"\"L Esth\u00e9tique de la Violence est-elle une c\u00e9l\u00e9bration de la violence ? Pour l auteure, si le verbe s int\u00e8gre \u00e0 l action, on ne peut pas pour autant, confondre agir et \u00e9crire. La violence est amour et puissance de la vie et la po\u00e9sie est mystique de la vie.  - \"","authors":["Genevi\u00e8ve Clancy","Bruno Cany"],"category_codes":["6000000","6010000","6010400"],"visuals":{"large":"https:\/\/images.epagine.fr\/605\/9782343137605_1_75.jpg","medium":"https:\/\/images.epagine.fr\/605\/9782343137605_1_m.jpg","thumbnail":"https:\/\/images.epagine.fr\/605\/9782343137605_1_v.jpg"},"orderable":true,"show_badge":true,"formatted_price":"22,00&nbsp;\u20ac","formatted_published_date":"2 f\u00e9vrier 2018","publisher_availability_label":"Sur commande","short_details":"Genevi\u00e8ve Clancy, Bruno Cany \u2014 \u00c9ditions L'Harmattan","translator":null,"weight":272,"page_count":218,"readership":null,"editor":"\u00c9ditions L'Harmattan","price":2200,"published_date":"2018-02-01T23:00:00.000000Z","support":"Grand format","publisher_availability":1,"stock":0,"editions":[],"url":"https:\/\/quaidesbrumes.com\/ouvrage\/9782343137605\/de-lesthetique-de-la-violence"},{"id":"9782200265687","title":"Le devoir de justice ; pour une inscription politique de la philosophie","description":"L\u00e9vinas d\u00e9finit la philosophie comme l'instance de traduction de la responsabilit\u00e9 \u00e9thique dans des institutions juridiques. Le philosophe se trouverait ainsi soumis \u00e0 une double injonction : entendre l'exigence de justice et travailler le corps du politique pour que cette justice trouve une forme garantissant son effectivit\u00e9.Il s'agit dans ce livre, \u00e0 travers une patiente travers\u00e9e de l'oeuvre kantienne, de donner \u00e0 la philosophie les moyens de son ambition politique, qui semblent faire d\u00e9faut \u00e0 L\u00e9vinas. Deux directions sont ici privil\u00e9gi\u00e9es. Celle d'abord d'une d\u00e9finition de la justice, comme Id\u00e9e normative de toute action politique, et que Kant propose dans les textes qu'il consacre au droit ou \u00e0 l'histoire. Celle ensuite d'une analyse du jugement kantien comme instrument du passage entre la raison et le sensible, que Kant voit \u00e0 l'oeuvre dans le jugement du sublime mais que l'on pourrait d\u00e9placer vers le lieu propre de la philosophie, l'\u00e9cart s\u00e9parant l'Id\u00e9e de la justice et la r\u00e9alit\u00e9 sensible de la politique.\u00c0 travers cette lecture de Kant, il n'est question que de donner chair au devoir de justice. Recevoir son exigence, ne jamais transiger sur la duret\u00e9 de ce qu'elle prescrit, ne pas cesser de juger ce qui doit \u00eatre fait, ne pas oublier non plus que ce qui se fera ne satisfera jamais aux conditions d'une justice parfaite : l'oeuvre de la philosophie ne peut se d\u00e9ployer que dans la douleur d'un labeur patient. L'effet politique de la pens\u00e9e est \u00e0 ce prix.Olivier DEKENS est professeur agr\u00e9g\u00e9 de philosophie, docteur en philosophie et charg\u00e9 de cours \u00e0 l'Universit\u00e9 de Tours. Il est l'auteur de plusieurs ouvrages portant sur l'histoire de la philosophie moderne et contemporaine. Il a notamment publi\u00e9 Comprendre Kant (Armand Colin, 2003).\r\nIntroduction. Le lieu de la philosophie. Topologie du politique. D'un point de vue g\u00e9ographique sur la philosophie kantienne. Situations du droit. R\u00e9alit\u00e9s du droit. Les terres de la philosophie. Interlude : \u00c9pures - du politique. Juger le politique. Situations du politique I. Situations du jugement I - cartographie. Consonance et convenance. Les conditions de la convenance. Conflit et r\u00e9seau des facult\u00e9s. Situations du jugement II - typologie. Juger du sublime. Situations du politique II. Interlude : Juger - pour une communaut\u00e9 du jugement. Le devoir de culture et la politique de la convenance. Histoire de la civilisation et g\u00e9ographie de la culture. R\u00e9ceptivit\u00e9 aux Id\u00e9es et inscription de la loi. De la culture au jugement. Les figures de l'Angemessenheit. Conclusion : Le devoir de philosophie.","authors":["Olivier Dekens"],"category_codes":["9000000","9080000","9080200","9080204"],"visuals":{"large":"https:\/\/images.epagine.fr\/687\/9782200265687_1_75.jpg","medium":"https:\/\/images.epagine.fr\/687\/9782200265687_1_m.jpg","thumbnail":"https:\/\/images.epagine.fr\/687\/9782200265687_1_v.jpg"},"orderable":true,"show_badge":true,"formatted_price":"28,00&nbsp;\u20ac","formatted_published_date":"1er mai 2004","publisher_availability_label":"Sur commande","short_details":"Olivier Dekens \u2014 Armand Colin","translator":null,"weight":329,"page_count":285,"readership":null,"editor":"Armand Colin","price":2800,"published_date":"2004-04-30T22:00:00.000000Z","support":"Grand format","publisher_availability":1,"stock":0,"editions":[],"url":"https:\/\/quaidesbrumes.com\/ouvrage\/9782200265687\/le-devoir-de-justice-pour-une-inscription-politique-de-la-philosophie"},{"id":"9782747558617","title":"Auguste Comte - L'\u00e9ducation positive","description":"L'\u00e9ducation, telle que Comte en dessine les grandes lignes tout au long de son oeuvre, correspond \u00e0 celle que souhaita un vaste courant de pens\u00e9e que l'on appelle le \"positivisme\" et qui d\u00e9borde, dans le temps et dans l'espace, son oeuvre fondatrice. L'histoire de l'humanit\u00e9 n'est autre chose que celle de son \u00e9ducation, au sens large comme au sens le plus \u00e9troit, \u00e9ducation \u00e0 la fois de l'esp\u00e8ce et de l'individu, morale, sociale, politique en m\u00eame temps qu'intellectuelle.","authors":["Bernard Jolibert"],"category_codes":["12000000","12230000"],"visuals":{"large":"https:\/\/images.epagine.fr\/617\/9782747558617_1_75.jpg","medium":"https:\/\/images.epagine.fr\/617\/9782747558617_1_m.jpg","thumbnail":"https:\/\/images.epagine.fr\/617\/9782747558617_1_v.jpg"},"orderable":true,"show_badge":true,"formatted_price":"14,00&nbsp;\u20ac","formatted_published_date":"1er f\u00e9vrier 2004","publisher_availability_label":"Sur commande","short_details":"Bernard Jolibert \u2014 \u00c9ditions L'Harmattan","translator":null,"weight":200,"page_count":144,"readership":null,"editor":"\u00c9ditions L'Harmattan","price":1400,"published_date":"2004-01-31T23:00:00.000000Z","support":"Grand format","publisher_availability":1,"stock":0,"editions":[],"url":"https:\/\/quaidesbrumes.com\/ouvrage\/9782747558617\/auguste-comte-leducation-positive"},{"id":"9782749501413","title":"Le discours de la m\u00e9thode de Descartes","description":"Cette collection a pour ambition de donner aux \u00e9l\u00e8ves \u00e0 la fois une vue d'ensemble sur les oeuvres, indispensable pour comprendre leurs enjeux philosophiques, et les outils pour lire et comprendre un extrait pr\u00e9cis. Dans chaque ouvrage, on trouve une pr\u00e9sentation de l'ensemble de l'oeuvre, le texte int\u00e9gral d'une partie de l'oeuvre et des outils pour la lecture (index des notions, bibliographie....)","authors":["S Peyturaux"],"category_codes":["9000000","9080000","9080200","9080204"],"visuals":{"large":"https:\/\/images.epagine.fr\/413\/9782749501413_1_75.jpg","medium":"https:\/\/images.epagine.fr\/413\/9782749501413_1_m.jpg","thumbnail":"https:\/\/images.epagine.fr\/413\/9782749501413_1_v.jpg"},"orderable":true,"show_badge":true,"formatted_price":"8,50&nbsp;\u20ac","formatted_published_date":"23 juillet 2003","publisher_availability_label":"Sur commande","short_details":"S Peyturaux \u2014 \u00c9ditions Br\u00e9al","translator":null,"weight":120,"page_count":128,"readership":null,"editor":"\u00c9ditions Br\u00e9al","price":850,"published_date":"2003-07-22T22:00:00.000000Z","support":"Poche","publisher_availability":1,"stock":0,"editions":[],"url":"https:\/\/quaidesbrumes.com\/ouvrage\/9782749501413\/le-discours-de-la-methode-de-descartes"},{"id":"9782747559270","title":"Citoyen du monde : Enjeux, responsabilit\u00e9s, concepts","description":"Comment comprendre cette notion de citoyen du monde, et comment surtout nous situer par rapport \u00e0 elle, nous qui sommes citoyens d'un Etat, habitants d'un pays, soucieux de droit et de nos droits, et soucieux de nos luttes? Nous qui sommes aussi engag\u00e9s dans nos activit\u00e9s professionnelles, d\u00e9finis par de multiples particularismes, et d'abord par nos langues? Ce livre veut apporter des \u00e9l\u00e9ments de r\u00e9ponse et d'\u00e9claircissements \u00e0 ces diff\u00e9rentes questions, au moins dans le but de dessiner nettement les contours de cette notion de citoyennet\u00e9 du monde ainsi que ses enjeux.","authors":[],"category_codes":["9000000","9080000"],"visuals":{"large":"https:\/\/images.epagine.fr\/270\/9782747559270_1_75.jpg","medium":"https:\/\/images.epagine.fr\/270\/9782747559270_1_m.jpg","thumbnail":"https:\/\/images.epagine.fr\/270\/9782747559270_1_v.jpg"},"orderable":true,"show_badge":true,"formatted_price":"31,00&nbsp;\u20ac","formatted_published_date":"1er f\u00e9vrier 2004","publisher_availability_label":"Sur commande","short_details":"\u00c9ditions L'Harmattan","translator":null,"weight":526,"page_count":328,"readership":null,"editor":"\u00c9ditions L'Harmattan","price":3100,"published_date":"2004-01-31T23:00:00.000000Z","support":"Grand format","publisher_availability":1,"stock":0,"editions":[],"url":"https:\/\/quaidesbrumes.com\/ouvrage\/9782747559270\/citoyen-du-monde-enjeux-responsabilites-concepts"},{"id":"9782747556279","title":"Le constructivisme : Tome III - Mod\u00e9liser pour comprendre","description":"\"Mod\u00e9liser pour comprendre\", et ainsi s'attacher \u00e0 comprendre nos exp\u00e9riences de nos relations au monde: en les repr\u00e9sentant par d'artificieux syst\u00e8mes de symboles, des mod\u00e8les que nous construisons, par lesquels nous nous exer\u00e7ons \u00e0 raisonner et \u00e0 \u00e9changer, nous parvenons \u00e0 nous rendre intelligible l'\u00e9trange aventure de la connaissance dans laquelle, depuis l'origine, l'humanit\u00e9 s'est engag\u00e9e? Ce tome III poursuit cette \"qu\u00eate inachev\u00e9e\" dont les deux premiers tomes d\u00e9crivent les premi\u00e8res \u00e9tapes. Exer\u00e7ons notre ingenium, \"cette \u00e9trange facult\u00e9 de l'esprit humain qui est de relier\".","authors":["Jjean-Louis Le Moigne"],"category_codes":["9000000","9080000"],"visuals":{"large":"https:\/\/images.epagine.fr\/279\/9782747556279_1_75.jpg","medium":"https:\/\/images.epagine.fr\/279\/9782747556279_1_m.jpg","thumbnail":"https:\/\/images.epagine.fr\/279\/9782747556279_1_v.jpg"},"orderable":true,"show_badge":true,"formatted_price":"32,50&nbsp;\u20ac","formatted_published_date":"1er f\u00e9vrier 2004","publisher_availability_label":"Sur commande","short_details":"Jjean-Louis Le Moigne \u2014 \u00c9ditions L'Harmattan","translator":null,"weight":360,"page_count":335,"readership":null,"editor":"\u00c9ditions L'Harmattan","price":3250,"published_date":"2004-01-31T23:00:00.000000Z","support":"Grand format","publisher_availability":1,"stock":0,"editions":[],"url":"https:\/\/quaidesbrumes.com\/ouvrage\/9782747556279\/le-constructivisme-tome-iii-modeliser-pour-comprendre"},{"id":"9782747558976","title":"Le d\u00e9sir bouc \u00e9missaire : Tableaux du d\u00e9sir sacrifi\u00e9 \u00e0 la violence","description":"Le  d\u00e9sir n'est pas responsable de la violence alors que notre civilisation, dans ses l\u00e9gendes et ses religions, par ses normes morales et sociales, \u00e0 travers son histoire et la vie quotidienne, fait du d\u00e9sir un bouc \u00e9missaire, sacrifi\u00e9 \u00e0 la violence. Ce sacrifice est cens\u00e9 neutraliser la violence mais lui donne au contraire libre cours. Ce livre offre une r\u00e9habilitation et ouvre la perspective d'une philosophie positive du d\u00e9sir qui mise sur le d\u00e9sir pour vaincre la violence.","authors":["Jean-pierre Chevillot"],"category_codes":["9000000","9080000"],"visuals":{"large":"https:\/\/images.epagine.fr\/976\/9782747558976_1_75.jpg","medium":"https:\/\/images.epagine.fr\/976\/9782747558976_1_m.jpg","thumbnail":"https:\/\/images.epagine.fr\/976\/9782747558976_1_v.jpg"},"orderable":true,"show_badge":true,"formatted_price":"27,00&nbsp;\u20ac","formatted_published_date":"1er f\u00e9vrier 2004","publisher_availability_label":"Sur commande","short_details":"Jean-pierre Chevillot \u2014 \u00c9ditions L'Harmattan","translator":null,"weight":388,"page_count":288,"readership":null,"editor":"\u00c9ditions L'Harmattan","price":2700,"published_date":"2004-01-31T23:00:00.000000Z","support":"Grand format","publisher_availability":1,"stock":0,"editions":[],"url":"https:\/\/quaidesbrumes.com\/ouvrage\/9782747558976\/le-desir-bouc-emissaire-tableaux-du-desir-sacrifie-a-la-violence"},{"id":"9782747558914","title":"L'imagination l\u00e9gitim\u00e9e : La conscience imaginative dans la ph\u00e9nom\u00e9nologie proto-transcendantale de Husserl","description":"Cette \u00e9tude propose un examen du sinueux processus de l\u00e9gitimation de l'imagination au sein de la th\u00e9orie naissante de l'intentionnalit\u00e9 dans l'oeuvre du premier Husserl. Le pr\u00e9sent ouvrage rend alors compte de l'ouverture progressive du champ ph\u00e9nom\u00e9nal \u00e0 la dimension imaginative de la conscience. La ph\u00e9nom\u00e9nologie husserlienne parvient ainsi \u00e0 am\u00e9nager \u00e0 l'imagination un statut propre, \u00e0 la suite de quoi cette derni\u00e8re acc\u00e8de de plein droit au rang de modalit\u00e9 canonique de l'intentionnalit\u00e9, au m\u00eame titre que  la perception et la signification.","authors":["Samuel Dubosson"],"category_codes":["9000000","9080000"],"visuals":{"large":"https:\/\/images.epagine.fr\/914\/9782747558914_1_75.jpg","medium":"https:\/\/images.epagine.fr\/914\/9782747558914_1_m.jpg","thumbnail":"https:\/\/images.epagine.fr\/914\/9782747558914_1_v.jpg"},"orderable":true,"show_badge":true,"formatted_price":"17,50&nbsp;\u20ac","formatted_published_date":"1er f\u00e9vrier 2004","publisher_availability_label":"Sur commande","short_details":"Samuel Dubosson \u2014 \u00c9ditions L'Harmattan","translator":null,"weight":235,"page_count":175,"readership":null,"editor":"\u00c9ditions L'Harmattan","price":1750,"published_date":"2004-01-31T23:00:00.000000Z","support":"Grand format","publisher_availability":1,"stock":0,"editions":[],"url":"https:\/\/quaidesbrumes.com\/ouvrage\/9782747558914\/limagination-legitimee-la-conscience-imaginative-dans-la-phenomenologie-proto-transcendantale-de-husserl"},{"id":"9782747558075","title":"La katharsis chez Aristote","description":"L'\u00e9tude du concept de katharsis chez Aristote et des pr\u00e9d\u00e9cesseurs, nous ouvre diverses perspectives, tant th\u00e9rapeutique que \u00e9tico-religieuse. Mais de ces deux perspectives s'esquisse une troisi\u00e8me, celle de la politique. Elle prend tout son sens quand on remet la katharsis dans le contexte de la cit\u00e9. Le spectateur est avant tout un citoyen et la trag\u00e9die met en sc\u00e8ne des moments de la vie quotidienne.","authors":["Magali Pailler"],"category_codes":["9000000","9080000"],"visuals":{"large":"https:\/\/images.epagine.fr\/075\/9782747558075_1_75.jpg","medium":"https:\/\/images.epagine.fr\/075\/9782747558075_1_m.jpg","thumbnail":"https:\/\/images.epagine.fr\/075\/9782747558075_1_v.jpg"},"orderable":true,"show_badge":true,"formatted_price":"13,00&nbsp;\u20ac","formatted_published_date":"1er f\u00e9vrier 2004","publisher_availability_label":"Sur commande","short_details":"Magali Pailler \u2014 \u00c9ditions L'Harmattan","translator":null,"weight":156,"page_count":115,"readership":null,"editor":"\u00c9ditions L'Harmattan","price":1300,"published_date":"2004-01-31T23:00:00.000000Z","support":"Grand format","publisher_availability":1,"stock":0,"editions":[],"url":"https:\/\/quaidesbrumes.com\/ouvrage\/9782747558075\/la-katharsis-chez-aristote"},{"id":"9782747559775","title":"Bibliographies des \u00e9tudes girardiennes en France et en Italie","description":"Voil\u00e0 le premier ouvrage bibliographique d\u00e9di\u00e9 \u00e0 l'oeuvre du penseur fran\u00e7ais et aux \u00e9tudes consacr\u00e9es \u00e0 la th\u00e9orie mim\u00e9tique, ou qui s'en inspirent, publi\u00e9es en France, en Italie et dans les pays francophones pendant ces quatre d\u00e9cennies. Il s'agit d'un outil pratique et exhaustif pour s'orienter dans ce vaste d\u00e9bat pluridisciplinaire, indispensable \u00e0 tout chercheur en sciences humaines et \u00e0 tout lecteur soucieux de s'informer sur un des plus riches paradigmes de la recherche actuelle.","authors":["Federica Casini"],"category_codes":["9000000","9080000","9080200","9080204"],"visuals":{"large":"https:\/\/images.epagine.fr\/775\/9782747559775_1_75.jpg","medium":"https:\/\/images.epagine.fr\/775\/9782747559775_1_m.jpg","thumbnail":"https:\/\/images.epagine.fr\/775\/9782747559775_1_v.jpg"},"orderable":true,"show_badge":true,"formatted_price":"19,00&nbsp;\u20ac","formatted_published_date":"2 mars 2004","publisher_availability_label":"Sur commande","short_details":"Federica Casini \u2014 \u00c9ditions L'Harmattan","translator":null,"weight":230,"page_count":206,"readership":null,"editor":"\u00c9ditions L'Harmattan","price":1900,"published_date":"2004-03-01T23:00:00.000000Z","support":"Grand format","publisher_availability":1,"stock":0,"editions":[],"url":"https:\/\/quaidesbrumes.com\/ouvrage\/9782747559775\/bibliographies-des-etudes-girardiennes-en-france-et-en-italie"},{"id":"9782747560696","title":"Burke et Kant interpr\u00e8tes de la r\u00e9volution fran\u00e7aise","description":"Ev\u00e9nement majeur de la modernit\u00e9, la R\u00e9volution fran\u00e7aise fut l'occasion de d\u00e9bats ex\u00e9g\u00e9tiques passionn\u00e9s. Parmi les diff\u00e9rents protagonistes des controverses philosophico-politiques d'alors, on a coutume de voir en Burke le h\u00e9raut de la contre-r\u00e9volution, et \u00e0 consid\u00e9rer Kant comme le tenant allemand du r\u00e9publicanisme r\u00e9volutionnaire. Mais \u00e0 y regarder de plus pr\u00e8s, la R\u00e9volution fran\u00e7aise inaugure de s\u00e9rieuses \u00e9quivoques chez les deux auteurs, au point que l'on peut sugg\u00e9rer un curieux paradoxe: Burke contre-r\u00e9volutionnaire n'est pas burkien, et Kant r\u00e9volutionnaire n est pas kantien.","authors":["Benjamin Delannoy"],"category_codes":["9000000","9080000"],"visuals":{"large":"https:\/\/images.epagine.fr\/696\/9782747560696_1_75.jpg","medium":"https:\/\/images.epagine.fr\/696\/9782747560696_1_m.jpg","thumbnail":"https:\/\/images.epagine.fr\/696\/9782747560696_1_v.jpg"},"orderable":true,"show_badge":true,"formatted_price":"14,00&nbsp;\u20ac","formatted_published_date":"2 mars 2004","publisher_availability_label":"Sur commande","short_details":"Benjamin Delannoy \u2014 \u00c9ditions L'Harmattan","translator":null,"weight":180,"page_count":142,"readership":null,"editor":"\u00c9ditions L'Harmattan","price":1400,"published_date":"2004-03-01T23:00:00.000000Z","support":"Grand format","publisher_availability":1,"stock":0,"editions":[],"url":"https:\/\/quaidesbrumes.com\/ouvrage\/9782747560696\/burke-et-kant-interpretes-de-la-revolution-francaise"},{"id":"9782747559201","title":"Le phenomene dieu - l'experience monotheiste","description":"Par-dessous les religions institutionnalis\u00e9es, le ph\u00e9nom\u00e8ne Dieu ne semble avoir \u00e9t\u00e9 attaqu\u00e9 jusqu'\u00e0 pr\u00e9sent que sous un angle dogmatique qui tient tout pour acquis. Mais \u00e0 travers les mythes et leurs m\u00e9diations sacr\u00e9s, surtout le jeu de langage th\u00e9iste, se d\u00e9gage l'essence du monoth\u00e9isme comme Surpersonne, explicit\u00e9e comme Puissance Favorable. Chaque personne, constitu\u00e9e en divinit\u00e9 \u00e0 l'\u00e9gard d'elle-m\u00eame, a comme souci fondamental son propre salut au sens de sant\u00e9.","authors":["Rotiv Atanev"],"category_codes":["7000000","7040000"],"visuals":{"large":"https:\/\/images.epagine.fr\/201\/9782747559201_1_75.jpg","medium":"https:\/\/images.epagine.fr\/201\/9782747559201_1_m.jpg","thumbnail":"https:\/\/images.epagine.fr\/201\/9782747559201_1_v.jpg"},"orderable":true,"show_badge":true,"formatted_price":"27,00&nbsp;\u20ac","formatted_published_date":"2 mars 2004","publisher_availability_label":"Sur commande","short_details":"Rotiv Atanev \u2014 \u00c9ditions L'Harmattan","translator":null,"weight":450,"page_count":276,"readership":null,"editor":"\u00c9ditions L'Harmattan","price":2700,"published_date":"2004-03-01T23:00:00.000000Z","support":"Grand format","publisher_availability":1,"stock":0,"editions":[],"url":"https:\/\/quaidesbrumes.com\/ouvrage\/9782747559201\/le-phenomene-dieu-lexperience-monotheiste"},{"id":"9782738473189","title":"\u00e9l\u00e9ments pour une morale civique","description":"Le citoyen d'une R\u00e9publique qui renoncerait \u00e0 l'exercice du raisonnement pour prendre ses d\u00e9cisions et agir moralement se verrait expos\u00e9 au simple conformisme.\r\nIl ne verrait pas plus de valeur dans la d\u00e9mocratie que dans la secte. Ce petit livre d'esprit la\u00efque se veut une aide et un entra\u00eenement, il s'offre \u00e0 toutes les discussions et tous les contradicteurs. Il lutte contre les illusions de morale qui donnent des allures de respectabilit\u00e9 aux dictatures. Nous ne sommes pas des pantins, nous sommes des humains. Le r\u00e9el social, avec tous ses enchev\u00eatrements, permet une morale d'explorateur qui sera un combat pour la vie, l'aventure, gr\u00e2ce \u00e0 quelques outils simples, quelques \u00e9l\u00e9ments.","authors":["Sylvie Coirault-neuburger"],"category_codes":["9000000","9080000","9080200","9080204"],"visuals":{"large":"https:\/\/images.epagine.fr\/189\/9782738473189_1_75.jpg","medium":"https:\/\/images.epagine.fr\/189\/9782738473189_1_m.jpg","thumbnail":"https:\/\/images.epagine.fr\/189\/9782738473189_1_v.jpg"},"orderable":true,"show_badge":true,"formatted_price":"13,00&nbsp;\u20ac","formatted_published_date":"3 mai 2000","publisher_availability_label":"Sur commande","short_details":"Sylvie Coirault-neuburger \u2014 \u00c9ditions L'Harmattan","translator":null,"weight":166,"page_count":126,"readership":null,"editor":"\u00c9ditions L'Harmattan","price":1300,"published_date":"2000-05-02T22:00:00.000000Z","support":"Grand format","publisher_availability":1,"stock":0,"editions":[],"url":"https:\/\/quaidesbrumes.com\/ouvrage\/9782738473189\/elements-pour-une-morale-civique"},{"id":"9782747561358","title":"Pour une pens\u00e9e africaine \u00e9mancipatrice","description":"Les conditions d'existence d'une philosophie africaine \u00e9mancipatrice font toujours d\u00e9bat. Au-del\u00e0 du rejet de l'europ\u00e9ocentrisme, ce discours devra s'affirmer comme une conscience critique du savoir et de l'agir social, une philosophie autonome, \u00e0 la fois ancr\u00e9e en Afrique et ouverte \u00e0 l'autre. Les probl\u00e9matiques de l'\u00e9ducation, de l'usage des langues vernaculaires, du dialogue interculturel, du genre, de la d\u00e9mocratie et des conditions de \"renaissance\" du continent comptent parmi les chantiers les plus importants d'une pens\u00e9e africaine \u00e9mancip\u00e9e.","authors":[],"category_codes":["9000000","9080000"],"visuals":{"large":"https:\/\/images.epagine.fr\/358\/9782747561358_1_75.jpg","medium":"https:\/\/images.epagine.fr\/358\/9782747561358_1_m.jpg","thumbnail":"https:\/\/images.epagine.fr\/358\/9782747561358_1_v.jpg"},"orderable":true,"show_badge":true,"formatted_price":"19,00&nbsp;\u20ac","formatted_published_date":"2 mars 2004","publisher_availability_label":"Sur commande","short_details":"\u00c9ditions L'Harmattan","translator":null,"weight":275,"page_count":200,"readership":null,"editor":"\u00c9ditions L'Harmattan","price":1900,"published_date":"2004-03-01T23:00:00.000000Z","support":"Grand format","publisher_availability":1,"stock":0,"editions":[],"url":"https:\/\/quaidesbrumes.com\/ouvrage\/9782747561358\/pour-une-pensee-africaine-emancipatrice"},{"id":"9782747560030","title":"La raison pratique au XXe si\u00e8cle : Trajets et figures","description":"Comment penser la notion de raison pratique? La question est \u00e0 l'ordre du jour: depuis le milieu du XXe si\u00e8cle, les tentatives de r\u00e9habilitation de la philosophie pratique se multiplient. Nombreux sont ceux qui proclament le primat de la raison pratique, envers et contre la primaut\u00e9 que l'on aurait trop longtemps accord\u00e9e \u00e0 la raison th\u00e9orique et aussi, souvent,  en remplacement des philosophies de l'histoire, si populaires au XIXe et au d\u00e9but du XXe si\u00e8cle. Plusieurs des contributions rassembl\u00e9es dans ce volume r\u00e9examinent les diff\u00e9rentes approches, adopt\u00e9es par les d\u00e9fenseurs dune raison pratique.","authors":["Myriam Bienenstock","Andr\u00e9 Tosel"],"category_codes":["9000000","9080000"],"visuals":{"large":"https:\/\/images.epagine.fr\/030\/9782747560030_1_75.jpg","medium":"https:\/\/images.epagine.fr\/030\/9782747560030_1_m.jpg","thumbnail":"https:\/\/images.epagine.fr\/030\/9782747560030_1_v.jpg"},"orderable":true,"show_badge":true,"formatted_price":"31,50&nbsp;\u20ac","formatted_published_date":"2 mars 2004","publisher_availability_label":"Sur commande","short_details":"Myriam Bienenstock, Andr\u00e9 Tosel \u2014 \u00c9ditions L'Harmattan","translator":null,"weight":430,"page_count":354,"readership":null,"editor":"\u00c9ditions L'Harmattan","price":3150,"published_date":"2004-03-01T23:00:00.000000Z","support":"Grand format","publisher_availability":1,"stock":0,"editions":[],"url":"https:\/\/quaidesbrumes.com\/ouvrage\/9782747560030\/la-raison-pratique-au-xxe-siecle-trajets-et-figures"},{"id":"9782747552738","title":"La fronti\u00e8re entre guerre et paix : Du signe au sexe, le th\u00e9\u00e2tre sacrificiel de l'homme","description":"Pourquoi l'homme peut se r\u00e9duire \u00e0 une histoire qui n'est autre que celle de la violence et de la guerre. Derri\u00e8re cela existe une fronti\u00e8re qui se d\u00e9couvre comme un concept prot\u00e9iforme, et qui appara\u00eet au carrefour du mythe et de la philosophie, de l'histoire et de la g\u00e9ographie, des sciences du langage et de la psychanalyse. Cette fronti\u00e8re accouche de l'homme pour mieux le sacrifier. Cette paradoxale naissance, c'est le d\u00e9doublement que signe et sexe op\u00e8rent dans une division autant fondatrice de diff\u00e9rences et d'identit\u00e9s que de guerres et de paix illusoires.","authors":["Laurent Chevalier"],"category_codes":["9000000","9080000"],"visuals":{"large":"https:\/\/images.epagine.fr\/738\/9782747552738_1_75.jpg","medium":"https:\/\/images.epagine.fr\/738\/9782747552738_1_m.jpg","thumbnail":"https:\/\/images.epagine.fr\/738\/9782747552738_1_v.jpg"},"orderable":true,"show_badge":true,"formatted_price":"34,50&nbsp;\u20ac","formatted_published_date":"1er f\u00e9vrier 2004","publisher_availability_label":"Sur commande","short_details":"Laurent Chevalier \u2014 \u00c9ditions L'Harmattan","translator":null,"weight":650,"page_count":444,"readership":null,"editor":"\u00c9ditions L'Harmattan","price":3450,"published_date":"2004-01-31T23:00:00.000000Z","support":"Grand format","publisher_availability":1,"stock":0,"editions":[],"url":"https:\/\/quaidesbrumes.com\/ouvrage\/9782747552738\/la-frontiere-entre-guerre-et-paix-du-signe-au-sexe-le-theatre-sacrificiel-de-lhomme"},{"id":"9782747560009","title":"Individualit\u00e9 et subjectivit\u00e9 chez Nietzsche","description":"Par del\u00e0 la composition fragmentaire et parfois d'apparence contradictoire de l'oeuvre de Nietzsche, une coh\u00e9rence peut \u00eatre trouv\u00e9e autour du couple de notions \"individualit\u00e9\" et \"subjectivit\u00e9\" qui traversent sa recherche comme leitmotiv, de \"La Naissance de la Trag\u00e9die\" jusqu'\u00e0 \"Ecce Homo\". Nourrie d'un rapport complexe au Moi physique et psychologique souffrant du philosophe, cette bipolarit\u00e9 a pu servir de fondement \u00e0 sa critique esth\u00e9tique puis \u00e9thique, voire politique, des valeurs chr\u00e9tiennes et modernes occidentales.","authors":["Christophe Col\u00e9ra"],"category_codes":["9000000","9080000"],"visuals":{"large":"https:\/\/images.epagine.fr\/009\/9782747560009_1_75.jpg","medium":"https:\/\/images.epagine.fr\/009\/9782747560009_1_m.jpg","thumbnail":"https:\/\/images.epagine.fr\/009\/9782747560009_1_v.jpg"},"orderable":true,"show_badge":true,"formatted_price":"14,00&nbsp;\u20ac","formatted_published_date":"1er f\u00e9vrier 2004","publisher_availability_label":"Sur commande","short_details":"Christophe Col\u00e9ra \u2014 \u00c9ditions L'Harmattan","translator":null,"weight":180,"page_count":144,"readership":null,"editor":"\u00c9ditions L'Harmattan","price":1400,"published_date":"2004-01-31T23:00:00.000000Z","support":"Grand format","publisher_availability":1,"stock":0,"editions":[],"url":"https:\/\/quaidesbrumes.com\/ouvrage\/9782747560009\/individualite-et-subjectivite-chez-nietzsche"},{"id":"9782747562089","title":"L'amour ; hommage \u00e0 Albert Camus","description":"Ce qui rend notre condition absurde, ce n'est pas tant la mort individuelle face \u00e0 laquelle on ne peut rien ; c'est la malfaisance humaine qui met \u00e0 l'agonie notre \u00eatre relationnel libre de l'ego en l'emprisonnant dans des rapports de domination et de possession. Ce qui rend la vie humaine insens\u00e9e, c'est notre imaginaire toute-puissance qui met \u00e0 mort l'espoir et le r\u00e9confort du relationnel atemporel pr\u00e9sent dans l'amour sachant \u00e9chapper aux rapports de pouvoir.","authors":["Sylvie Portnoy Lanzenberg"],"category_codes":["9000000","9080000","9080200","9080204"],"visuals":{"large":"https:\/\/images.epagine.fr\/089\/9782747562089_1_75.jpg","medium":"https:\/\/images.epagine.fr\/089\/9782747562089_1_m.jpg","thumbnail":"https:\/\/images.epagine.fr\/089\/9782747562089_1_v.jpg"},"orderable":true,"show_badge":true,"formatted_price":"12,00&nbsp;\u20ac","formatted_published_date":"2 mars 2004","publisher_availability_label":"Sur commande","short_details":"Sylvie Portnoy Lanzenberg \u2014 \u00c9ditions L'Harmattan","translator":null,"weight":401,"page_count":96,"readership":null,"editor":"\u00c9ditions L'Harmattan","price":1200,"published_date":"2004-03-01T23:00:00.000000Z","support":"Grand format","publisher_availability":1,"stock":0,"editions":[],"url":"https:\/\/quaidesbrumes.com\/ouvrage\/9782747562089\/lamour-hommage-a-albert-camus"},{"id":"9782747560962","title":"Les cathedrales sauvages de la philosophie de la nature et des espaces proteges","description":"Le pr\u00e9sent ouvrage investit modestement l'histoire, la philosophie et la sociologie au regard des \"espaces prot\u00e9g\u00e9s\" des Alpes, sorte de prismes de nos modalit\u00e9s environnementales. Il esquisse d'abord une histoire de nos sensibilit\u00e9s envers l'environnement ; il parcourt ensuite les philosophies de la nature et leurs grands concepts; enfin, il analyse les Alpes, ces \"cath\u00e9drales sauvages\", dont l'usage atteste toute la complexit\u00e9 et la n\u00e9cessit\u00e9 de nouvelles politiques environnementales.","authors":["Regis Defurnaux"],"category_codes":["9000000","9080000"],"visuals":{"large":"https:\/\/images.epagine.fr\/962\/9782747560962_1_75.jpg","medium":"https:\/\/images.epagine.fr\/962\/9782747560962_1_m.jpg","thumbnail":"https:\/\/images.epagine.fr\/962\/9782747560962_1_v.jpg"},"orderable":true,"show_badge":true,"formatted_price":"15,00&nbsp;\u20ac","formatted_published_date":"2 mars 2004","publisher_availability_label":"Sur commande","short_details":"Regis Defurnaux \u2014 \u00c9ditions L'Harmattan","translator":null,"weight":205,"page_count":158,"readership":null,"editor":"\u00c9ditions L'Harmattan","price":1500,"published_date":"2004-03-01T23:00:00.000000Z","support":"Grand format","publisher_availability":1,"stock":0,"editions":[],"url":"https:\/\/quaidesbrumes.com\/ouvrage\/9782747560962\/les-cathedrales-sauvages-de-la-philosophie-de-la-nature-et-des-espaces-proteges"},{"id":"9782747560719","title":"Na\u00eetre, vivre, et passer : La mort d\u00e9mythifi\u00e9e","description":"Une r\u00e9flexion sur la mort, \u00e9crite dans un langage simple, aborde le concept sous diverses acceptations que le terme recouvre, des m\u00e9taphysiques aux plus pragmatiques. Une promenade chez Platon et Aristote, une autre chez les ramapith\u00e8ques, une \u00e9chapp\u00e9e dans l'astronomie, une plong\u00e9e dans la pens\u00e9e avec une traque de l'\u00e2me, une travers\u00e9e des grandes religions, une n\u00e9cessaire explication neurobiologique, autant de propos qui s'encha\u00eenent pour p\u00e9n\u00e9trer un ph\u00e9nom\u00e8ne insituable, ind\u00e9finissable, incontournable et insondable, jusqu'\u00e0 mettre en question sa r\u00e9alit\u00e9.","authors":["Jean Haechler"],"category_codes":["9000000","9080000"],"visuals":{"large":"https:\/\/images.epagine.fr\/719\/9782747560719_1_75.jpg","medium":"https:\/\/images.epagine.fr\/719\/9782747560719_1_m.jpg","thumbnail":"https:\/\/images.epagine.fr\/719\/9782747560719_1_v.jpg"},"orderable":true,"show_badge":true,"formatted_price":"25,00&nbsp;\u20ac","formatted_published_date":"2 mars 2004","publisher_availability_label":"Sur commande","short_details":"Jean Haechler \u2014 \u00c9ditions L'Harmattan","translator":null,"weight":410,"page_count":270,"readership":null,"editor":"\u00c9ditions L'Harmattan","price":2500,"published_date":"2004-03-01T23:00:00.000000Z","support":"Grand format","publisher_availability":1,"stock":0,"editions":[],"url":"https:\/\/quaidesbrumes.com\/ouvrage\/9782747560719\/naitre-vivre-et-passer-la-mort-demythifiee"},{"id":"9782747559614","title":"Les significations du \"corps\" dans la philosophie classique","description":"De l'animal \u00e0 l'homme-machine, le corps, \u00e0 l'\u00e2ge classique, se plie aux lois d'un m\u00e9canisme g\u00e9n\u00e9ralis\u00e9. Mais au-del\u00e0 de cette \u00e9vidence, le corps se pr\u00eate \u00e0 de multiples usages et significations, forts \u00e9quivoques. Ce sont les significations du corps au XVII si\u00e8cle, chez Descartes, Pascal, Spinoza, Malebranche et Leibniz, qu'il s'agit d'\u00e9clairer ici.","authors":[],"category_codes":["9000000","9080000"],"visuals":{"large":"https:\/\/images.epagine.fr\/614\/9782747559614_1_75.jpg","medium":"https:\/\/images.epagine.fr\/614\/9782747559614_1_m.jpg","thumbnail":"https:\/\/images.epagine.fr\/614\/9782747559614_1_v.jpg"},"orderable":true,"show_badge":true,"formatted_price":"20,50&nbsp;\u20ac","formatted_published_date":"1er f\u00e9vrier 2004","publisher_availability_label":"Sur commande","short_details":"\u00c9ditions L'Harmattan","translator":null,"weight":215,"page_count":192,"readership":null,"editor":"\u00c9ditions L'Harmattan","price":2050,"published_date":"2004-01-31T23:00:00.000000Z","support":"Grand format","publisher_availability":1,"stock":0,"editions":[],"url":"https:\/\/quaidesbrumes.com\/ouvrage\/9782747559614\/les-significations-du-corps-dans-la-philosophie-classique"},{"id":"9782711617142","title":"Philosophie et interiorite","description":null,"authors":["Louis Lavelle"],"category_codes":["9000000","9080000","9080200","9080204"],"visuals":{"large":"https:\/\/images.epagine.fr\/142\/9782711617142_1_75.jpg","medium":"https:\/\/images.epagine.fr\/142\/9782711617142_1_m.jpg","thumbnail":"https:\/\/images.epagine.fr\/142\/9782711617142_1_v.jpg"},"orderable":true,"show_badge":true,"formatted_price":"9,00&nbsp;\u20ac","formatted_published_date":"27 octobre 2004","publisher_availability_label":"Sur commande","short_details":"Louis Lavelle \u2014 Vrin","translator":null,"weight":200,"page_count":null,"readership":null,"editor":"Vrin","price":900,"published_date":"2004-10-26T22:00:00.000000Z","support":"Grand format","publisher_availability":1,"stock":0,"editions":[],"url":"https:\/\/quaidesbrumes.com\/ouvrage\/9782711617142\/philosophie-et-interiorite"},{"id":"9782204076005","title":"Un imperatif de communication","description":null,"authors":["Aviau De Ternay H D."],"category_codes":["9000000","9080000"],"visuals":{"large":"https:\/\/images.epagine.fr\/005\/9782204076005_1_75.jpg","medium":"https:\/\/images.epagine.fr\/005\/9782204076005_1_m.jpg","thumbnail":"https:\/\/images.epagine.fr\/005\/9782204076005_1_v.jpg"},"orderable":true,"show_badge":true,"formatted_price":"61,60&nbsp;\u20ac","formatted_published_date":"6 janvier 2005","publisher_availability_label":"Sur commande","short_details":"Aviau De Ternay H D. \u2014 Les \u00e9ditions du Cerf","translator":null,"weight":684,"page_count":480,"readership":null,"editor":"Les \u00e9ditions du Cerf","price":6160,"published_date":"2005-01-05T23:00:00.000000Z","support":"Grand format","publisher_availability":1,"stock":0,"editions":[],"url":"https:\/\/quaidesbrumes.com\/ouvrage\/9782204076005\/un-imperatif-de-communication"}]}