{"data":[{"id":"9782747548168","title":"Genealogie pragmatique - l'homme a l'epreuve de lui-meme","description":"Les deux projets philosophiques majeurs de notre \u00e9poque, la pragmatique universelle (Habermas), et la g\u00e9n\u00e9alogie historique (Foucault) sont soumis ici \u00e0 l'\u00e9preuve de l'anthropobiologie humaine et du langage. La d\u00e9couverte de l'homme comme animal retard\u00e9 (n\u00e9ot\u00e9nique) qui na\u00eet un an trop t\u00f4t contraint l'homme au langage pour surmonter sa condition. Dans le langage, les choses sont pens\u00e9es aussi vraies que les objets r\u00e9els pour arriver \u00e0 r\u00e9fl\u00e9chir (Poulain). Cette dynamique cognitive du vrai nous assure un jugement d'objectivit\u00e9. Mais \u00e9tant donn\u00e9 que l'homme ne peut se transformer qu'en commun, un jugement de reconnaissance est toujours n\u00e9cessaire.\r","authors":["William Gonzalez"],"category_codes":["9000000","9080000"],"visuals":{"large":"https:\/\/images.epagine.fr\/168\/9782747548168_1_75.jpg","medium":"https:\/\/images.epagine.fr\/168\/9782747548168_1_m.jpg","thumbnail":"https:\/\/images.epagine.fr\/168\/9782747548168_1_v.jpg"},"orderable":true,"show_badge":true,"formatted_price":"28,00&nbsp;\u20ac","formatted_published_date":"1er novembre 2003","publisher_availability_label":"Sur commande","short_details":"William Gonzalez \u2014 \u00c9ditions L'Harmattan","translator":null,"weight":400,"page_count":320,"readership":null,"editor":"\u00c9ditions L'Harmattan","price":2800,"published_date":"2003-10-31T23:00:00.000000Z","support":"Grand format","publisher_availability":1,"stock":0,"editions":[],"url":"https:\/\/quaidesbrumes.com\/ouvrage\/9782747548168\/genealogie-pragmatique-lhomme-a-lepreuve-de-lui-meme"},{"id":"9782747549578","title":"Qu'est-ce que penser","description":"La question : \"Qu'est-ce que penser ?\" n'est pas trait\u00e9e ici dans la perspective th\u00e9orique d'une d\u00e9finition \"epist\u00e9mologique\" (c'est-\u00e0-dire repr\u00e9sentationnelle) du penser. L'essence de l'effectivit\u00e9 du penser, de son mouvement de constitution, mais aussi la signification et la valeur de la pens\u00e9e pour l'homme ne sauraient \u00eatre mises au jour que dans l'experience m\u00eame de la pratique pensante. A cet \u00e9gard, l'exp\u00e9rience de la pratique kantienne de la pens\u00e9e se r\u00e9v\u00e8le \u00eatre particuli\u00e8rement \u00e9clairante : interpr\u00e9t\u00e9e comme auto-institu\u00e9e dans l'id\u00e9e du sens commun, la pens\u00e9e se manifeste comme une pratique de la libert\u00e9 et un lieu de fondation de l'humanit\u00e9.\r","authors":["Pascal Gaudet"],"category_codes":["9000000","9080000"],"visuals":{"large":"https:\/\/images.epagine.fr\/578\/9782747549578_1_75.jpg","medium":"https:\/\/images.epagine.fr\/578\/9782747549578_1_m.jpg","thumbnail":"https:\/\/images.epagine.fr\/578\/9782747549578_1_v.jpg"},"orderable":true,"show_badge":true,"formatted_price":"11,00&nbsp;\u20ac","formatted_published_date":"1er novembre 2003","publisher_availability_label":"Sur commande","short_details":"Pascal Gaudet \u2014 \u00c9ditions L'Harmattan","translator":null,"weight":130,"page_count":90,"readership":null,"editor":"\u00c9ditions L'Harmattan","price":1100,"published_date":"2003-10-31T23:00:00.000000Z","support":"Grand format","publisher_availability":1,"stock":0,"editions":[],"url":"https:\/\/quaidesbrumes.com\/ouvrage\/9782747549578\/quest-ce-que-penser"},{"id":"9782747549790","title":"L'esth\u00e9tique de Hegel","description":"Esth\u00e9tique kantienne et esth\u00e9tique h\u00e9g\u00e9lienne se pr\u00e9sentent comme l'origine duale de l'esth\u00e9tique, en tant que th\u00e9orie de la sensibilit\u00e9 et philosophie de l'art. Tout semble les opposer. Pourtant le fil conducteur d'une analyse logique permet de saisir entre elles, une filiation. Celle-ci se r\u00e9v\u00e8le \u00e0 partir de l'actualisation esth\u00e9tique de la table kantienne des concepts purs de l'entendement de la Premi\u00e8re Critique . De la m\u00eame fa\u00e7on, c'est \u00e0 partir de l'actualisation des cat\u00e9gories (formes, essence, mati\u00e8re, contenu, effectivit\u00e9, possibilit\u00e9, n\u00e9cessit\u00e9) et des principe de la Grande Logique que l'esth\u00e9tique h\u00e9gelienne se d\u00e9ploie en son autonomie.\r","authors":["Caroline Guibet Lafaye"],"category_codes":["9000000","9080000","9080200","9080204"],"visuals":{"large":"https:\/\/images.epagine.fr\/790\/9782747549790_1_75.jpg","medium":"https:\/\/images.epagine.fr\/790\/9782747549790_1_m.jpg","thumbnail":"https:\/\/images.epagine.fr\/790\/9782747549790_1_v.jpg"},"orderable":true,"show_badge":true,"formatted_price":"26,00&nbsp;\u20ac","formatted_published_date":"1er novembre 2003","publisher_availability_label":"Sur commande","short_details":"Caroline Guibet Lafaye \u2014 \u00c9ditions L'Harmattan","translator":null,"weight":504,"page_count":276,"readership":null,"editor":"\u00c9ditions L'Harmattan","price":2600,"published_date":"2003-10-31T23:00:00.000000Z","support":"Grand format","publisher_availability":1,"stock":0,"editions":[],"url":"https:\/\/quaidesbrumes.com\/ouvrage\/9782747549790\/lesthetique-de-hegel"},{"id":"9782875621313","title":"Intelligibilit\u00e9 de la pratique","description":"L'\u00ab Homme \u00bb ou la \u00ab structure \u00bb, la \u00ab philosophie du sujet \u00bb ou la \u00ab philosophie du concept \u00bb: ces oppositions balis\u00e9es dans le cadre de la \u00ab querelle de l'humanisme \u00bb ont la dent dure. Elles contribuent \u00e0 surd\u00e9terminer la mani\u00e8re dont nous h\u00e9ritons, aujourd'hui encore, de la vie intellectuelle des ann\u00e9es soixante. Ce livre se situe d\u00e9lib\u00e9r\u00e9ment apr\u00e8s cette querelle: \u00e0 rebours des pol\u00e9miques convenues et des dialogues de sourds, il propose une reconstruction dialogique du probl\u00e8me de la pratique et de son primat suppos\u00e9 sur la th\u00e9orie, comme enjeu commun \u00e0 trois auteurs r\u00e9put\u00e9s incompatibles: Althusser, Foucault et Sartre. Privil\u00e9giant le caract\u00e8re intempestif des th\u00e8ses \u00e0 la syst\u00e9maticit\u00e9 des oeuvres, l'ouvrage suit le fil conducteur des rapports entre pratique et structure, prenant la forme d'une \u00ab th\u00e9orie des ensembles pratiques \u00bb.\r\nLe dialogue ainsi reconstruit accorde une importance toute particuli\u00e8re \u00e0 la critique par Althusser des philosophies de la praxis constituante - parmi lesquelles la Critique de la raison dialectique de Sartre occupe une place majeure - au profit d'une analyse structurale des pratiques constitu\u00e9es. Ce geste althuss\u00e9rien a un co\u00fbt, qui consiste \u00e0 \u00e9carter l'ancrage historique et empirique des pratiques au profit d'une th\u00e9orie de l'histoire comme \u00ab proc\u00e8s sans sujet \u00bb.\r\nFoucault et Sartre se d\u00e9marquent nettement du traitement althuss\u00e9rien de l'intelligibilit\u00e9 des pratiques. Il s'agit pour eux de sonder l'intelligibilit\u00e9 des pratiques \u00e0 m\u00eame le concret: celui des archives de pratiques pass\u00e9es chez Foucault, celui de la dialectique comme logique de l'action en cours chez Sartre. Contre l'id\u00e9e galvaud\u00e9e d'un Sartre vieillissant parmi ses contemporains, s'ouvre alors la possibilit\u00e9 d'un v\u00e9ritable dialogue entre Foucault, Sartre, et les sciences sociales sur la question d'une histoire politique de la v\u00e9rit\u00e9, qui contribue \u00e0 remanier en profondeur les rapports entre th\u00e9orie et pratique.","authors":["Herv\u00e9 Oulc'hen"],"category_codes":["9000000","9080000","9080700"],"visuals":{"large":"https:\/\/images.epagine.fr\/313\/9782875621313_1_75.jpg","medium":"https:\/\/images.epagine.fr\/313\/9782875621313_1_m.jpg","thumbnail":"https:\/\/images.epagine.fr\/313\/9782875621313_1_v.jpg"},"orderable":true,"show_badge":true,"formatted_price":"37,00&nbsp;\u20ac","formatted_published_date":"17 octobre 2017","publisher_availability_label":"Sur commande","short_details":"Herv\u00e9 Oulc'hen \u2014 PULG","translator":null,"weight":817,"page_count":416,"readership":null,"editor":"PULG","price":3700,"published_date":"2017-10-16T22:00:00.000000Z","support":"Grand format","publisher_availability":1,"stock":0,"editions":[],"url":"https:\/\/quaidesbrumes.com\/ouvrage\/9782875621313\/intelligibilite-de-la-pratique"},{"id":"9782406160557","title":"Charles P\u00e9guy : Quatre conf\u00e9rences","description":"En 1954, Jean Hyppolite, professeur d'histoire de la philosophie \u00e0 la Sorbonne, donne ces quatre conf\u00e9rences au Centre europ\u00e9en universitaire de Nancy. Il s'agit du seul travail qu'Hyppolite a consacr\u00e9 \u00e0 l'auteur de Clio, et l'une des rares lectures philosophiques de P\u00e9guy.","authors":["Jean Hyppolite"],"category_codes":["9000000","9080000","9080700"],"visuals":{"large":"https:\/\/images.epagine.fr\/557\/9782406160557_1_75.jpg","medium":"https:\/\/images.epagine.fr\/557\/9782406160557_1_m.jpg","thumbnail":"https:\/\/images.epagine.fr\/557\/9782406160557_1_v.jpg"},"orderable":true,"show_badge":true,"formatted_price":"74,00&nbsp;\u20ac","formatted_published_date":"24 janvier 2024","publisher_availability_label":"Sur commande","short_details":"Jean Hyppolite \u2014 CLASSIQUES GARNIER","translator":null,"weight":340,"page_count":146,"readership":null,"editor":"CLASSIQUES GARNIER","price":7400,"published_date":"2024-01-23T23:00:00.000000Z","support":"Grand format","publisher_availability":1,"stock":0,"editions":["9782406160540"],"url":"https:\/\/quaidesbrumes.com\/ouvrage\/9782406160557\/charles-peguy-quatre-conferences"},{"id":"9782747548342","title":"Les fondements epist\u00e9mologiques du developpement durable","description":"Ce travail jette une lumi\u00e8re sur la philosophie et l'histoire de la physique ainsi que sur l'epist\u00e9mologie des sciences li\u00e9es aux cons\u00e9quences \u00e9thiques et de civilisation que les probl\u00e9matiques du d\u00e9veloppement durable, relatives aux \u00e9quilibres entre questions environnementales, de d\u00e9veloppement \u00e9conomique et de justice sociale conduisent, aujourd'hui, bon gr\u00e8s mal gr\u00e8 \u00e0 se poser. A partir de Newton, la physique est devenue la premi\u00e8re source de savoir, en s'\u00e9mancipant notamment de la philosophie, avec ses objectifs de la recherche d'unit\u00e9 de la connaissance, de la certitude et de l'objectivit\u00e9.\r","authors":["Carmine Camerini"],"category_codes":["9000000","9080000"],"visuals":{"large":"https:\/\/images.epagine.fr\/342\/9782747548342_1_75.jpg","medium":"https:\/\/images.epagine.fr\/342\/9782747548342_1_m.jpg","thumbnail":"https:\/\/images.epagine.fr\/342\/9782747548342_1_v.jpg"},"orderable":true,"show_badge":true,"formatted_price":"13,50&nbsp;\u20ac","formatted_published_date":"1er novembre 2003","publisher_availability_label":"Sur commande","short_details":"Carmine Camerini \u2014 \u00c9ditions L'Harmattan","translator":null,"weight":200,"page_count":144,"readership":null,"editor":"\u00c9ditions L'Harmattan","price":1350,"published_date":"2003-10-31T23:00:00.000000Z","support":"Grand format","publisher_availability":1,"stock":0,"editions":[],"url":"https:\/\/quaidesbrumes.com\/ouvrage\/9782747548342\/les-fondements-epistemologiques-du-developpement-durable"},{"id":"9782747547536","title":"Hannah Arendt : Education et modernit\u00e9","description":"Dans les ann\u00e9es soixante, Hannah Arendt avait diagnostiqu\u00e9 le caract\u00e8re fatal de la subversion de l'\u00e9ducation par la p\u00e9dagogie et du transfert de l'autorit\u00e9 au monde enfant, qui ont gagn\u00e9 depuis tous les syst\u00e8mes \u00e9ducatifs occidentaux. Mais c'est son oeuvre tout enti\u00e8re qui en r\u00e9v\u00e8le le \"sens\", \u00e0 la lumi\u00e8re des ruptures du si\u00e8cle, de la perte de la tradition, de la crainte d'un retour du mal, de l'ali\u00e9nation du monde moderne. Elle a \u00e9difi\u00e9 la philosophie de l'\u00e9ducation de la modernit\u00e9 et elle a renouvel\u00e9 la promesse humaniste de rendre \"tous les commencements possibles\".","authors":["Jean Lombard"],"category_codes":["12000000","12230000"],"visuals":{"large":"https:\/\/images.epagine.fr\/536\/9782747547536_1_75.jpg","medium":"https:\/\/images.epagine.fr\/536\/9782747547536_1_m.jpg","thumbnail":"https:\/\/images.epagine.fr\/536\/9782747547536_1_v.jpg"},"orderable":true,"show_badge":true,"formatted_price":"13,00&nbsp;\u20ac","formatted_published_date":"1er novembre 2003","publisher_availability_label":"Sur commande","short_details":"Jean Lombard \u2014 \u00c9ditions L'Harmattan","translator":null,"weight":175,"page_count":115,"readership":null,"editor":"\u00c9ditions L'Harmattan","price":1300,"published_date":"2003-10-31T23:00:00.000000Z","support":"Grand format","publisher_availability":1,"stock":0,"editions":[],"url":"https:\/\/quaidesbrumes.com\/ouvrage\/9782747547536\/hannah-arendt-education-et-modernite"},{"id":"9782711314942","title":"L'esprit du christianisme et son destin ; l'esprit du judaisme et autres essais","description":null,"authors":["Olivier Depr\u00e9"],"category_codes":["9000000","9080000","9080200","9080204"],"visuals":{"large":"https:\/\/quaidesbrumes.com\/img\/book-placeholder.png","medium":"https:\/\/quaidesbrumes.com\/img\/book-placeholder.png","thumbnail":"https:\/\/quaidesbrumes.com\/img\/book-placeholder.png"},"orderable":true,"show_badge":true,"formatted_price":"7,50&nbsp;\u20ac","formatted_published_date":"15 septembre 2003","publisher_availability_label":"Sur commande","short_details":"Olivier Depr\u00e9 \u2014 Vrin","translator":null,"weight":0,"page_count":256,"readership":null,"editor":"Vrin","price":750,"published_date":"2003-09-14T22:00:00.000000Z","support":"Grand format","publisher_availability":1,"stock":0,"editions":[],"url":"https:\/\/quaidesbrumes.com\/ouvrage\/9782711314942\/lesprit-du-christianisme-et-son-destin-lesprit-du-judaisme-et-autres-essais"},{"id":"9782747553131","title":"Cinq lecons de philosophie ; aristote, kant, comte, bergson, husserl","description":"Dans cet ouvrage l'auteur interroge Aristote, Kant, Comte, Bergson et Husserl sur ce que repr\u00e9sente pour eux la philosophie comme science. Dans ces le\u00e7ons, Zubiri fait preuve d'un talent didactique exceptionnel. Le traducteur a jug\u00e9 utile de rajouter une sixi\u00e8me le\u00e7on o\u00f9 il renvoie \u00e0 Zubiri sa propre question : qu'est-ce qu'\u00e0 votre sens la science philosophique ? Cet ouvrage constitue une p\u00e9n\u00e9tration au coeur du g\u00e9nie philosophique.\r","authors":["Xavier Zubiri","Philibert Secretan"],"category_codes":["9000000","9080000","9080200","9080204"],"visuals":{"large":"https:\/\/images.epagine.fr\/131\/9782747553131_1_75.jpg","medium":"https:\/\/images.epagine.fr\/131\/9782747553131_1_m.jpg","thumbnail":"https:\/\/images.epagine.fr\/131\/9782747553131_1_v.jpg"},"orderable":true,"show_badge":true,"formatted_price":"25,00&nbsp;\u20ac","formatted_published_date":"1er d\u00e9cembre 2003","publisher_availability_label":"Sur commande","short_details":"Xavier Zubiri, Philibert Secretan \u2014 \u00c9ditions L'Harmattan","translator":"PHILIBERT SECRETAN","weight":365,"page_count":280,"readership":null,"editor":"\u00c9ditions L'Harmattan","price":2500,"published_date":"2003-11-30T23:00:00.000000Z","support":"Grand format","publisher_availability":1,"stock":0,"editions":[],"url":"https:\/\/quaidesbrumes.com\/ouvrage\/9782747553131\/cinq-lecons-de-philosophie-aristote-kant-comte-bergson-husserl"},{"id":"9782747553933","title":"Commons et Hayek : D\u00e9fenseurs de la th\u00e9orie normative du droit","description":"La distinction entre ordre spontan\u00e9 et ordre construit a servi ici de point de comparaison entre Commons et Hayek. Chez le second, conform\u00e9ment \u00e0 un mod\u00e8le fond\u00e9 sur l'\u00e9conomie de march\u00e9, l'ordre spontan\u00e9 l'emporte sur l'ordre construit tandis que le premier met en lumi\u00e8re les interactions existantes entre les deux conceptions. Toutefois, il demeure une lacune dans les pens\u00e9es des deux auteurs : le r\u00f4le du langage et des signes dans la science du droit.\r","authors":["Paul Dubouchet"],"category_codes":["9000000","9080000"],"visuals":{"large":"https:\/\/images.epagine.fr\/933\/9782747553933_1_75.jpg","medium":"https:\/\/images.epagine.fr\/933\/9782747553933_1_m.jpg","thumbnail":"https:\/\/images.epagine.fr\/933\/9782747553933_1_v.jpg"},"orderable":true,"show_badge":true,"formatted_price":"18,50&nbsp;\u20ac","formatted_published_date":"1er d\u00e9cembre 2003","publisher_availability_label":"Sur commande","short_details":"Paul Dubouchet \u2014 \u00c9ditions L'Harmattan","translator":null,"weight":270,"page_count":212,"readership":null,"editor":"\u00c9ditions L'Harmattan","price":1850,"published_date":"2003-11-30T23:00:00.000000Z","support":"Grand format","publisher_availability":1,"stock":0,"editions":[],"url":"https:\/\/quaidesbrumes.com\/ouvrage\/9782747553933\/commons-et-hayek-defenseurs-de-la-theorie-normative-du-droit"},{"id":"9782747552806","title":"Essai sur la nature et la conduite des passions et affections avec illustrations sur le sens moral (1728)","description":"Francis Hutcheson (1694-1746) est un philosophe m\u00e9connu. La traduction de l'essai pr\u00e9sent\u00e9 ici est in\u00e9dite. il met en valeur des probl\u00e8mes fondamentaux, notamment en ce qui concerne l'\u00e9pist\u00e9mologie de la morale : quels sont les r\u00f4les respectifs jou\u00e9s par la raison, les sens ou l'\u00e9motion dans les jugements moraux ? Existe-t-il un principe fondamental de l'\u00e9thique ?\r","authors":["Francis Hutcheson"],"category_codes":["9000000","9080000","9080200","9080204"],"visuals":{"large":"https:\/\/images.epagine.fr\/806\/9782747552806_1_75.jpg","medium":"https:\/\/images.epagine.fr\/806\/9782747552806_1_m.jpg","thumbnail":"https:\/\/images.epagine.fr\/806\/9782747552806_1_v.jpg"},"orderable":true,"show_badge":true,"formatted_price":"11,50&nbsp;\u20ac","formatted_published_date":"1er d\u00e9cembre 2003","publisher_availability_label":"Sur commande","short_details":"Francis Hutcheson \u2014 \u00c9ditions L'Harmattan","translator":null,"weight":301,"page_count":126,"readership":null,"editor":"\u00c9ditions L'Harmattan","price":1150,"published_date":"2003-11-30T23:00:00.000000Z","support":"Grand format","publisher_availability":1,"stock":0,"editions":[],"url":"https:\/\/quaidesbrumes.com\/ouvrage\/9782747552806\/essai-sur-la-nature-et-la-conduite-des-passions-et-affections-avec-illustrations-sur-le-sens-moral-1728"},{"id":"9782747553056","title":"Passagers clandestins","description":"Rencontres entre philosophes, artistes et po\u00e8tes pour tenter de d\u00e9terminer un champ commun de sensibilit\u00e9s. Pour l'autre, le regard des artistes cr\u00e9\u00e9 une passerelle entre philosophes et po\u00e8tes. On y retrouve Deleuze, Ryckmans, Nerval, Uexk\u00fcll, Anne Fagot-Largeault, Gilbert Hottois, Gilbert Simondon, Marc Ferroud, le pseudo-Aristote et  Gilbert Simondon, Pior Kowalski, Marcel Detienne, Paolo Cristofolini, Jackie Pigeaud, Duchamp, Rutebeuf, Luc Meichler, Claude Richard, Fran\u00e7ois Jullien, G\u00e9rard Thalmann, Shitao,  Alaiin Jouffroy, Daniel Pommereule, Agamben, Sloterdijk.","authors":["Philippe Sergeant"],"category_codes":["9000000","9080000"],"visuals":{"large":"https:\/\/images.epagine.fr\/056\/9782747553056_1_75.jpg","medium":"https:\/\/images.epagine.fr\/056\/9782747553056_1_m.jpg","thumbnail":"https:\/\/images.epagine.fr\/056\/9782747553056_1_v.jpg"},"orderable":true,"show_badge":true,"formatted_price":"16,00&nbsp;\u20ac","formatted_published_date":"1er d\u00e9cembre 2003","publisher_availability_label":"Sur commande","short_details":"Philippe Sergeant \u2014 \u00c9ditions L'Harmattan","translator":null,"weight":220,"page_count":176,"readership":null,"editor":"\u00c9ditions L'Harmattan","price":1600,"published_date":"2003-11-30T23:00:00.000000Z","support":"Grand format","publisher_availability":1,"stock":0,"editions":[],"url":"https:\/\/quaidesbrumes.com\/ouvrage\/9782747553056\/passagers-clandestins"},{"id":"9782747552479","title":"Th\u00e9orie critique du discours : La discursivit\u00e9 entre Adorno et le postmodernisme","description":"Ce recueil d'articles propose une alternative \u00e0 la n\u00e9gation esth\u00e9tique pr\u00e9conis\u00e9e par Theodor W. Adorno apr\u00e8s la Seconde Guerre mondiale. L'auteur trouve cette alternative dans la structure discursive de la Th\u00e9orie critique de Horkheimer et Adorno. Comme ces philosophes, il prend comme point de d\u00e9part une critique du dualisme monologique de l'id\u00e9ologie et de la communication commerciale; mais au lieu de faire aboutir cette critique \u00e0 une n\u00e9gation radicale de la soci\u00e9t\u00e9 existante, il l'oriente vers l'alt\u00e9rit\u00e9 et vers le dialogue avec l'Autre - jadis \u00e9bauch\u00e9 par Bakhtine. L'approche d\u00e9velopp\u00e9e dans l'ouvrage se distingue des th\u00e9ories postmodernes.\r","authors":["Pierre V. Zima"],"category_codes":["9000000","9080000"],"visuals":{"large":"https:\/\/images.epagine.fr\/479\/9782747552479_1_75.jpg","medium":"https:\/\/images.epagine.fr\/479\/9782747552479_1_m.jpg","thumbnail":"https:\/\/images.epagine.fr\/479\/9782747552479_1_v.jpg"},"orderable":true,"show_badge":true,"formatted_price":"17,50&nbsp;\u20ac","formatted_published_date":"1er d\u00e9cembre 2004","publisher_availability_label":"Sur commande","short_details":"Pierre V. Zima \u2014 \u00c9ditions L'Harmattan","translator":null,"weight":256,"page_count":192,"readership":null,"editor":"\u00c9ditions L'Harmattan","price":1750,"published_date":"2004-11-30T23:00:00.000000Z","support":"Grand format","publisher_availability":1,"stock":0,"editions":[],"url":"https:\/\/quaidesbrumes.com\/ouvrage\/9782747552479\/theorie-critique-du-discours-la-discursivite-entre-adorno-et-le-postmodernisme"},{"id":"9782220051468","title":"Qu'est-ce que la philosophie juive ?","description":"Le pr\u00e9sent essai se veut une introduction \u00e0 la philosophie juive, \u00e0 travers trois s\u00e9quences privil\u00e9gi\u00e9es : alexandrine (Philon), arabo-m\u00e9di\u00e9vale (Ma\u00efmonide), et allemande (Mendelssohn, Hermann Cohen, Rosenzweig, Buber et Levinas).\r\nL'auteur tente de penser cette discontinuit\u00e9 comme autant d'arrachements impos\u00e9s \u00e0 la pens\u00e9e juive, sans cesse oblig\u00e9e de passer de la figure au concept, du particulier \u00e0 l'universel, de la transcendance absolue \u00e0 l'immanence relative.\r\nA chaque fois appara\u00eet ainsi la tension tr\u00e8s f\u00e9conde qui obligea ces philosophes \u00e0 \" \u00e9noncer en grec des principes que la Gr\u00e8ce ignorait \", pour reprendre l'heureuse formule d'Emmanuel L\u00e9vinas : chance incomparable pour la philosophie juive, bien s\u00fbr, mais aussi et surtout pour la philosophie tout court.\r","authors":["G\u00e9rard Bensussan"],"category_codes":["9000000","9080000","9080200","9080204"],"visuals":{"large":"https:\/\/images.epagine.fr\/468\/9782220051468_1_75.jpg","medium":"https:\/\/images.epagine.fr\/468\/9782220051468_1_m.jpg","thumbnail":"https:\/\/images.epagine.fr\/468\/9782220051468_1_v.jpg"},"orderable":true,"show_badge":true,"formatted_price":"22,40&nbsp;\u20ac","formatted_published_date":"14 janvier 2004","publisher_availability_label":"Sur commande","short_details":"G\u00e9rard Bensussan \u2014 Descl\u00e9e de Brouwer","translator":null,"weight":189,"page_count":210,"readership":null,"editor":"Descl\u00e9e de Brouwer","price":2240,"published_date":"2004-01-13T23:00:00.000000Z","support":"Grand format","publisher_availability":1,"stock":0,"editions":[],"url":"https:\/\/quaidesbrumes.com\/ouvrage\/9782220051468\/quest-ce-que-la-philosophie-juive"},{"id":"9782130814573","title":"Image et m\u00e9moire ; \u00e9crits sur l'image, la danse et le cin\u00e9ma","description":"Au coeur de toute image se love un myst\u00e8re in\u00e9puisable : celui qui en fait quelque chose de vivant et non de mort, d'anim\u00e9 et non d'inanim\u00e9. Ce myst\u00e8re n'a cess\u00e9 de pr\u00e9occuper penseurs et po\u00e8tes, artistes et cin\u00e9astes, chor\u00e9graphes et \u00e9crivains - pour qui, tous, la qu\u00eate de l'image constitue l'interminable moteur de la cr\u00e9ation. Dans les essais profonds et virtuoses r\u00e9unis dans ce recueil, Giorgio Agamben \u00e9voque certains d'entre eux, tels Guy Debord, Friedrich Nietzsche, Bill Viola et Victor Segalen. Il dessine, au milieu de leurs textes ou de leurs oeuvres, l'ombre port\u00e9e qu'y occupe l'\u00e9nigme de l'image. De cette ombre port\u00e9e, il finit par proposer le nom, comme une hypoth\u00e8se laiss\u00e9e en suspens : celui de la nymphe, cr\u00e9ature divine mais cr\u00e9\u00e9e \u00e0 l'image de l'homme, et qui ne peut trouver que dans l'amour de celui-ci la possibilit\u00e9 d'\u00eatre elle-m\u00eame.","authors":["Giorgio Agamben"],"category_codes":["9000000","9080000","9080700"],"visuals":{"large":"https:\/\/images.epagine.fr\/573\/9782130814573_1_75.jpg","medium":"https:\/\/images.epagine.fr\/573\/9782130814573_1_m.jpg","thumbnail":"https:\/\/images.epagine.fr\/573\/9782130814573_1_v.jpg"},"orderable":false,"show_badge":true,"formatted_price":"15,00&nbsp;\u20ac","formatted_published_date":null,"publisher_availability_label":"\u00c0 para\u00eetre","short_details":"Giorgio Agamben \u2014 PUF","translator":null,"weight":0,"page_count":112,"readership":null,"editor":"PUF","price":1500,"published_date":null,"support":"Grand format","publisher_availability":2,"stock":0,"editions":[],"url":"https:\/\/quaidesbrumes.com\/ouvrage\/9782130814573\/image-et-memoire-ecrits-sur-limage-la-danse-et-le-cinema"},{"id":"9782844980083","title":"Le chevalier de vivens, un philosophe des lumi\u00e8res en guyenne","description":"Fran\u00e7ois de Vivens (1697-1780) a v\u00e9cu en Guyenne, \u00e0 Clairac, dans l'Agenais. Voisin et intime de Montesquieu, il se voua \u00e0 la connaissance et au bien public.\r\nEn un temps o\u00f9 l'\u00e9conomie de la France est toute enti\u00e8re fond\u00e9e sur l'agriculture, il formule dans ce domaine des id\u00e9es novatrices. Technicien avis\u00e9, il se penche avec succ\u00e8s sur les probl\u00e8mes de la r\u00e9gularisation des cours d'eau. Physicien, il est aussi l'auteur anonyme de deux publications th\u00e9oriques sur le mouvement et la gravitation. Philosophe enfin, il s'exprime par deux ouvrages dont un semble perdu. Homme de salon recherch\u00e9 pour le charme de sa fr\u00e9quentation, homme d'esprit, de culture et de coeur, il force l'int\u00e9r\u00eat et l'estime.\r","authors":["Jean Haechler"],"category_codes":["9000000","9080000","9080200","9080204"],"visuals":{"large":"https:\/\/images.epagine.fr\/083\/9782844980083_1_75.jpg","medium":"https:\/\/images.epagine.fr\/083\/9782844980083_1_m.jpg","thumbnail":"https:\/\/images.epagine.fr\/083\/9782844980083_1_v.jpg"},"orderable":true,"show_badge":true,"formatted_price":"15,00&nbsp;\u20ac","formatted_published_date":"12 mai 2000","publisher_availability_label":"Sur commande","short_details":"Jean Haechler \u2014 Aub\u00e9ron","translator":null,"weight":200,"page_count":null,"readership":null,"editor":"Aub\u00e9ron","price":1500,"published_date":"2000-05-11T22:00:00.000000Z","support":"Grand format","publisher_availability":1,"stock":0,"editions":[],"url":"https:\/\/quaidesbrumes.com\/ouvrage\/9782844980083\/le-chevalier-de-vivens-un-philosophe-des-lumieres-en-guyenne"},{"id":"9782747555975","title":"Ethique classique et ethique moderne - lineaments d'une ethique de l'etre","description":"La pens\u00e9e moderne est confront\u00e9e \u00e0 des difficult\u00e9s insurmontables pour r\u00e9soudre les probl\u00e8mes des soci\u00e9t\u00e9s modernes, alors que ce qui lui fait face, la pens\u00e9e classique, peut nous guider \u00e0 travers un monde compliqu\u00e9. C'est la th\u00e8se de ce livre qui n'est pas un livre sociologique. Il fait m\u00eame usage d'un concept obscur, le concept de l'\u00eatre, qui n'est pas nouveau. Il permet de voir les choses ordinaires sous une lumi\u00e8re nouvelle. C'est pourquoi un trait\u00e9 de concepts peut avoir des cons\u00e9quences surprenantes sur la perception des faits et que la philosophie peut agir sur la pratique. Et c'est ce que ce livre s'est propos\u00e9 d'atteindre.\r","authors":["Ulrich Steinvorth"],"category_codes":["9000000","9080000"],"visuals":{"large":"https:\/\/images.epagine.fr\/975\/9782747555975_1_75.jpg","medium":"https:\/\/images.epagine.fr\/975\/9782747555975_1_m.jpg","thumbnail":"https:\/\/images.epagine.fr\/975\/9782747555975_1_v.jpg"},"orderable":true,"show_badge":true,"formatted_price":"15,50&nbsp;\u20ac","formatted_published_date":"1er janvier 2004","publisher_availability_label":"Sur commande","short_details":"Ulrich Steinvorth \u2014 \u00c9ditions L'Harmattan","translator":null,"weight":208,"page_count":160,"readership":null,"editor":"\u00c9ditions L'Harmattan","price":1550,"published_date":"2003-12-31T23:00:00.000000Z","support":"Grand format","publisher_availability":1,"stock":0,"editions":[],"url":"https:\/\/quaidesbrumes.com\/ouvrage\/9782747555975\/ethique-classique-et-ethique-moderne-lineaments-dune-ethique-de-letre"},{"id":"9782747556798","title":"Paradoxes de la loi saint-augustin et kierkegaard","description":"Saint Augustin et Kierkegaard nous invitent \u00e0 explorer les enjeux existentiels de la loi mais aussi \u00e0 faire face \u00e0 cette \u00e9trange aspiration \u00e0 un \"au-del\u00e0\" de l'\u00e9thique, \u00e0 une transgression habit\u00e9e. L'auteur nous montre comment la loi se manifeste essentiellement chez eux comme Don, pour explorer ensuite sa n\u00e9gativit\u00e9, son caract\u00e8re douloureux. Il s'interroge enfin avec eux sur les possibilit\u00e9s d'un au-del\u00e0 de la loi, c'est-\u00e0-dire d'une nouvelle fondation de la loi.\r","authors":[],"category_codes":["9000000","9080000","9080200","9080204"],"visuals":{"large":"https:\/\/images.epagine.fr\/798\/9782747556798_1_75.jpg","medium":"https:\/\/images.epagine.fr\/798\/9782747556798_1_m.jpg","thumbnail":"https:\/\/images.epagine.fr\/798\/9782747556798_1_v.jpg"},"orderable":true,"show_badge":true,"formatted_price":"11,50&nbsp;\u20ac","formatted_published_date":"1er janvier 2004","publisher_availability_label":"Sur commande","short_details":"\u00c9ditions L'Harmattan","translator":null,"weight":155,"page_count":110,"readership":null,"editor":"\u00c9ditions L'Harmattan","price":1150,"published_date":"2003-12-31T23:00:00.000000Z","support":"Grand format","publisher_availability":1,"stock":0,"editions":[],"url":"https:\/\/quaidesbrumes.com\/ouvrage\/9782747556798\/paradoxes-de-la-loi-saint-augustin-et-kierkegaard"},{"id":"9782747557306","title":"Points de vue - pour philippe junod","description":"La question du point de vue, bien qu'encore peu th\u00e9oris\u00e9e, mod\u00e9lise aujourd'hui nombre d'\u00e9tudes dans le champ d'une histoire de l'art qui s'int\u00e9resse de plus en plus \u00e0 la place du spectateur, aux dispositifs optiques, \u00e0 la perception et \u00e0 la r\u00e9ception des oeuvres. Cette \u00e9tude traite des m\u00e9diations optiques, s'int\u00e9resse aux m\u00e9diations chronologiques et \u00e0 la question de l'alt\u00e9rit\u00e9. Autour de la peinture, de la photographie, de l'architecture, de la couleur, du faux, de l'iconoclasme ou de la critique, les auteurs donnent leur point de vue sur la question du point de vue...\r","authors":[],"category_codes":["6000000","6010000","6010400"],"visuals":{"large":"https:\/\/images.epagine.fr\/306\/9782747557306_1_75.jpg","medium":"https:\/\/images.epagine.fr\/306\/9782747557306_1_m.jpg","thumbnail":"https:\/\/images.epagine.fr\/306\/9782747557306_1_v.jpg"},"orderable":true,"show_badge":true,"formatted_price":"31,50&nbsp;\u20ac","formatted_published_date":"1er janvier 2004","publisher_availability_label":"Sur commande","short_details":"\u00c9ditions L'Harmattan","translator":null,"weight":585,"page_count":384,"readership":null,"editor":"\u00c9ditions L'Harmattan","price":3150,"published_date":"2003-12-31T23:00:00.000000Z","support":"Grand format","publisher_availability":1,"stock":0,"editions":[],"url":"https:\/\/quaidesbrumes.com\/ouvrage\/9782747557306\/points-de-vue-pour-philippe-junod"},{"id":"9782747552417","title":"Pour une philosophie de la formation et du soin : La mise en perspective des pratiques","description":"L'intention premi\u00e8re de l'auteur est de montrer que la formation et le soin, tant en leurs conceptions que dans leurs pratiques, sont indissociables. La deuxi\u00e8me intention est d'avancer dans une d\u00e9marche de penser l'action en ses pratiques, \u00e0 dessein d'instaurer, dans le domaine de la formation et du soin, un champ d'intercompr\u00e9hension propice \u00e0 des mises en oeuvre en partenariat. Une troisi\u00e8me est de mettre en \u00e9vidence l'importance du travail philosophique dans l'\u00e9laboration d'une d\u00e9marche de pens\u00e9e situant la formation et le soin dans notre existence.\r","authors":["Bernard Honor\u00e9"],"category_codes":["9000000","9080000"],"visuals":{"large":"https:\/\/images.epagine.fr\/417\/9782747552417_1_75.jpg","medium":"https:\/\/images.epagine.fr\/417\/9782747552417_1_m.jpg","thumbnail":"https:\/\/images.epagine.fr\/417\/9782747552417_1_v.jpg"},"orderable":true,"show_badge":true,"formatted_price":"22,50&nbsp;\u20ac","formatted_published_date":"1er d\u00e9cembre 2003","publisher_availability_label":"Sur commande","short_details":"Bernard Honor\u00e9 \u2014 \u00c9ditions L'Harmattan","translator":null,"weight":322,"page_count":258,"readership":null,"editor":"\u00c9ditions L'Harmattan","price":2250,"published_date":"2003-11-30T23:00:00.000000Z","support":"Grand format","publisher_availability":1,"stock":0,"editions":[],"url":"https:\/\/quaidesbrumes.com\/ouvrage\/9782747552417\/pour-une-philosophie-de-la-formation-et-du-soin-la-mise-en-perspective-des-pratiques"},{"id":"9787475547759","title":"L'aube de l'un","description":null,"authors":["Renaud Denuit"],"category_codes":["9000000","9080000","9080200","9080204"],"visuals":{"large":"https:\/\/quaidesbrumes.com\/img\/book-placeholder.png","medium":"https:\/\/quaidesbrumes.com\/img\/book-placeholder.png","thumbnail":"https:\/\/quaidesbrumes.com\/img\/book-placeholder.png"},"orderable":true,"show_badge":true,"formatted_price":"22,00&nbsp;\u20ac","formatted_published_date":"13 janvier 2004","publisher_availability_label":"Sur commande","short_details":"Renaud Denuit \u2014 \u00c9ditions L'Harmattan","translator":null,"weight":0,"page_count":null,"readership":null,"editor":"\u00c9ditions L'Harmattan","price":2200,"published_date":"2004-01-12T23:00:00.000000Z","support":"Grand format","publisher_availability":1,"stock":0,"editions":[],"url":"https:\/\/quaidesbrumes.com\/ouvrage\/9787475547759\/laube-de-lun"},{"id":"9782220054018","title":"Politiques de Ca\u00efn ; en dialogue avec Ren\u00e9 Girard","description":"Le pr\u00e9sent ouvrage rassemble des essais de philosophes, d'anthropologues et de biblistes, qui tous se r\u00e9clament \u00e0 des degr\u00e9s divers de la pens\u00e9e de Ren\u00e9 Girard. \r\nIls nous reconduisent \u00e0 l'un des paradigmes les plus significatifs de la politique : la lutte entre fr\u00e8res. Fortement enracin\u00e9 dans la tradition h\u00e9bra\u00efque, ce conflit a \u00e9t\u00e9 occult\u00e9 par celui du p\u00e8re et du fils, propre \u00e0 la tradition grecque. Or celle-ci a domin\u00e9 depuis des si\u00e8cles les th\u00e9ories politiques, \u00e9largissant aux institutions le sch\u00e9ma p\u00e8re-souverain, fils-sujet. Les auteurs mettent donc en \u00e9vidence la th\u00e8se selon laquelle celui qui d\u00e9tient le pouvoir ne repr\u00e9sente pas le p\u00e8re mais le fr\u00e8re, qui a usurp\u00e9 cette place. Ce pouvoir arbitraire r\u00e9v\u00e8le le geste politique du premier assassin de l'humanit\u00e9. \r\nAussi une r\u00e9flexion sur la possibilit\u00e9 d'une co-habitation pacifique entre les hommes ne peut-elle se passer de la r\u00e9f\u00e9rence \u00e0 Ca\u00efn et Abel. Avec eux commence l'histoire de l'humanit\u00e9. D'autre part, suivant la th\u00e8se de Ren\u00e9 Girard, les auteurs du pr\u00e9sent recueil reconnaissent dans le religieux la premi\u00e8re r\u00e9ponse proprement humaine aux probl\u00e8mes pos\u00e9s par le d\u00e9cha\u00eenement de la violence. Pour y r\u00e9pondre et pour assurer leur survie, d\u00e8s les temps plus recul\u00e9s, les hommes ont \u00e9tabli des institutions, religieuses d'abord, politiques ensuite.","authors":["Collectif"],"category_codes":["9000000","9080000","9080200","9080204"],"visuals":{"large":"https:\/\/images.epagine.fr\/018\/9782220054018_1_75.jpg","medium":"https:\/\/images.epagine.fr\/018\/9782220054018_1_m.jpg","thumbnail":"https:\/\/images.epagine.fr\/018\/9782220054018_1_v.jpg"},"orderable":true,"show_badge":true,"formatted_price":"25,40&nbsp;\u20ac","formatted_published_date":"8 mars 2004","publisher_availability_label":"Sur commande","short_details":"Collectif \u2014 Descl\u00e9e de Brouwer","translator":null,"weight":359,"page_count":310,"readership":null,"editor":"Descl\u00e9e de Brouwer","price":2540,"published_date":"2004-03-07T23:00:00.000000Z","support":"Grand format","publisher_availability":1,"stock":0,"editions":[],"url":"https:\/\/quaidesbrumes.com\/ouvrage\/9782220054018\/politiques-de-cain-en-dialogue-avec-rene-girard"},{"id":"9782747550703","title":"H\u00e9raclite et le Bouddha : Deux pens\u00e9e du devenir universel","description":"On red\u00e9couvre que les pens\u00e9es de l'Inde partagent avec les philosophies grecques de l'Antiquit\u00e9 une m\u00eame recherche d'un \u00e9tat de sagesse libre et sereine. H\u00e9raclite et le Bouddha, qui v\u00e9curent tous deux au sixi\u00e8me si\u00e8cle avnt J.C., sont deux figures qui illustrent parfaitement cette convergence, jusque dans l'affirmation fondamentale sur laquelle ils \u00e9difient leur sagesse : le monde n'est que perp\u00e9tuel changement, il n'existe nulle identit\u00e9 stable capable d'\u00e9chapper au devenir universel.\r","authors":["Isabelle Dup\u00e9ron"],"category_codes":["7000000","7050000"],"visuals":{"large":"https:\/\/images.epagine.fr\/703\/9782747550703_1_75.jpg","medium":"https:\/\/images.epagine.fr\/703\/9782747550703_1_m.jpg","thumbnail":"https:\/\/images.epagine.fr\/703\/9782747550703_1_v.jpg"},"orderable":true,"show_badge":true,"formatted_price":"21,00&nbsp;\u20ac","formatted_published_date":"1er novembre 2003","publisher_availability_label":"Sur commande","short_details":"Isabelle Dup\u00e9ron \u2014 \u00c9ditions L'Harmattan","translator":null,"weight":305,"page_count":236,"readership":null,"editor":"\u00c9ditions L'Harmattan","price":2100,"published_date":"2003-10-31T23:00:00.000000Z","support":"Grand format","publisher_availability":1,"stock":0,"editions":[],"url":"https:\/\/quaidesbrumes.com\/ouvrage\/9782747550703\/heraclite-et-le-bouddha-deux-pensee-du-devenir-universel"},{"id":"9782747551120","title":"Freud : philosophe?","description":"L'auteur projette un nouvel \u00e9clairage sur la pens\u00e9e psychanalytique depuis l'oeuvre de deux philosophes : Aristote, le p\u00e8re de la philosophie occidentale, et Descartes, le p\u00e8re de la philosophie contemporaine. Sous cet \u00e9clairage, les concepts d\u00e9velopp\u00e9s en psychanalyse se situent tr\u00e8s justement \u00e0 la fronti\u00e8re entre l'exp\u00e9rience du discours fantasmatique et l'intelligence du fait discursif, l\u00e0 pr\u00e9cis\u00e9ment o\u00f9 l'homme trouve sa d\u00e9finition authentique. La question se pose d\u00e8s lors : Freud fut-il un philosophe ou un scientifique?\r","authors":["Claude Brodeur"],"category_codes":["9000000","9080000"],"visuals":{"large":"https:\/\/images.epagine.fr\/120\/9782747551120_1_75.jpg","medium":"https:\/\/images.epagine.fr\/120\/9782747551120_1_m.jpg","thumbnail":"https:\/\/images.epagine.fr\/120\/9782747551120_1_v.jpg"},"orderable":true,"show_badge":true,"formatted_price":"14,50&nbsp;\u20ac","formatted_published_date":"1er novembre 2003","publisher_availability_label":"Sur commande","short_details":"Claude Brodeur \u2014 \u00c9ditions L'Harmattan","translator":null,"weight":210,"page_count":155,"readership":null,"editor":"\u00c9ditions L'Harmattan","price":1450,"published_date":"2003-10-31T23:00:00.000000Z","support":"Grand format","publisher_availability":1,"stock":0,"editions":[],"url":"https:\/\/quaidesbrumes.com\/ouvrage\/9782747551120\/freud-philosophe"}]}