{"data":[{"id":"9782747545174","title":"Pouvoir et impuissance : Philosophie et politique chez Spinoza","description":"Pour Spinoza, tout pouvoir politique est toujours implicitement th\u00e9ologique : il a pour cause l'impuissance pratique de la raison. Il appara\u00eet en effet que dans le Tractatus theologico-politicus, la philosophie ne peut \u00e9dicter des lois susceptibles de contenir la barbarie, lois qui, pour \u00eatre efficaces, doivent \u00eatre inspir\u00e9es par la foi, condition de l'ob\u00e9issance civile. Or la foi est une modalit\u00e9 de l'imaginaire; si la raison poss\u00e8de la puissance th\u00e9orique d'en conna\u00eetre les m\u00e9canismes, elle reste incapable de substituer la philosophie \u00e0 la religion lorsqu'il s'agit de garantir la paix civile.\r","authors":["Bertrand Dejardin"],"category_codes":["9000000","9080000"],"visuals":{"large":"https:\/\/images.epagine.fr\/174\/9782747545174_1_75.jpg","medium":"https:\/\/images.epagine.fr\/174\/9782747545174_1_m.jpg","thumbnail":"https:\/\/images.epagine.fr\/174\/9782747545174_1_v.jpg"},"orderable":true,"show_badge":true,"formatted_price":"38,00&nbsp;\u20ac","formatted_published_date":"1er novembre 2003","publisher_availability_label":"Sur commande","short_details":"Bertrand Dejardin \u2014 \u00c9ditions L'Harmattan","translator":null,"weight":725,"page_count":450,"readership":null,"editor":"\u00c9ditions L'Harmattan","price":3800,"published_date":"2003-10-31T23:00:00.000000Z","support":"Grand format","publisher_availability":1,"stock":0,"editions":[],"url":"https:\/\/quaidesbrumes.com\/ouvrage\/9782747545174\/pouvoir-et-impuissance-philosophie-et-politique-chez-spinoza"},{"id":"9782747541695","title":"Quatre approches de la magie : Du Rond des Sorciers \u00e0 Harry Potter","description":"Avec le d\u00e9ferlement de l'affectivit\u00e9, du sentiment, de l'\u00e9motion d\u00fb aux sollicitations constantes des m\u00e9dias et de la publicit\u00e9, la mentalit\u00e9 magique reprend actuellement la place consid\u00e9rable qu'elle occupait dans le pass\u00e9 et qu'elle avait en partie perdue depuis trois si\u00e8cles. Quatre auteurs, biens connus, Claude Seignolle, Peter Straub, Stephen king, Joanne K. Rowling nous proposent leurs images personnelles : la magie du fond des \u00e2ges, la magie-spectacle et le magicien diabolique, l'utilisation des pratiques magiques pour combattre une entit\u00e9 mal\u00e9fique, les, aventures d'un jeune sorcier dans une \u00e9cole de magiciens.","authors":["Roland Ernould"],"category_codes":["9000000","9070000","9070200"],"visuals":{"large":"https:\/\/images.epagine.fr\/695\/9782747541695_1_75.jpg","medium":"https:\/\/images.epagine.fr\/695\/9782747541695_1_m.jpg","thumbnail":"https:\/\/images.epagine.fr\/695\/9782747541695_1_v.jpg"},"orderable":true,"show_badge":true,"formatted_price":"24,00&nbsp;\u20ac","formatted_published_date":"1er novembre 2003","publisher_availability_label":"Sur commande","short_details":"Roland Ernould \u2014 \u00c9ditions L'Harmattan","translator":null,"weight":340,"page_count":273,"readership":null,"editor":"\u00c9ditions L'Harmattan","price":2400,"published_date":"2003-10-31T23:00:00.000000Z","support":"Grand format","publisher_availability":1,"stock":0,"editions":[],"url":"https:\/\/quaidesbrumes.com\/ouvrage\/9782747541695\/quatre-approches-de-la-magie-du-rond-des-sorciers-a-harry-potter"},{"id":"9782747541008","title":"L'autre, le meme et le bestiaire - les representations strategiques du nationalisme argentin - ruptu","description":"Ce livre porte sur les transformations au niveau strat\u00e9gique du nationalisme argentin. Il s'agit d'appr\u00e9hender comment les changements op\u00e9r\u00e9s au niveau national et international l'ont influenc\u00e9 en essayant de comprendre les continuit\u00e9s et les diff\u00e9rences dans la perception de la menace entre contextes de la guerre  froide et du d\u00e9sordre global.\r","authors":["Edgardo Manero"],"category_codes":["9000000","9080000"],"visuals":{"large":"https:\/\/images.epagine.fr\/008\/9782747541008_1_75.jpg","medium":"https:\/\/images.epagine.fr\/008\/9782747541008_1_m.jpg","thumbnail":"https:\/\/images.epagine.fr\/008\/9782747541008_1_v.jpg"},"orderable":true,"show_badge":true,"formatted_price":"47,50&nbsp;\u20ac","formatted_published_date":"1er novembre 2003","publisher_availability_label":"Sur commande","short_details":"Edgardo Manero \u2014 \u00c9ditions L'Harmattan","translator":null,"weight":975,"page_count":604,"readership":null,"editor":"\u00c9ditions L'Harmattan","price":4750,"published_date":"2003-10-31T23:00:00.000000Z","support":"Grand format","publisher_availability":1,"stock":0,"editions":[],"url":"https:\/\/quaidesbrumes.com\/ouvrage\/9782747541008\/lautre-le-meme-et-le-bestiaire-les-representations-strategiques-du-nationalisme-argentin-ruptu"},{"id":"9782747544603","title":"L'Esprit des syst\u00e8mes : L'id\u00e9alisme allemand et la question du savoir absolu","description":"Le pr\u00e9sent livre, qui a pour ambition d'\u00e9laborer une herm\u00e9neutique du savoir absolu, tente d'\u00e9lucider les syst\u00e8mes de l'id\u00e9alisme allemand ( Ficthe, Schelling, Hegel) \u00e0 partir du rapport du sujet au discours qui en constitue la condition de possibilit\u00e9. Les syst\u00e8mes du savoir absolu sont nos modernes pyramides : \u00e9difices \u00e9normes et fragiles, elles abritent un sujet qui, occupant la place du mort, est cens\u00e9 vivre une meilleure vie. Ces montagnes nous surplombent et nous fascinent : nous nous effrayons de leur taille et, sceptiques, doutons que la momie puisse conna\u00eetre des jours meilleurs.\r","authors":["Christophe Laudou"],"category_codes":["9000000","9080000"],"visuals":{"large":"https:\/\/images.epagine.fr\/603\/9782747544603_1_75.jpg","medium":"https:\/\/images.epagine.fr\/603\/9782747544603_1_m.jpg","thumbnail":"https:\/\/images.epagine.fr\/603\/9782747544603_1_v.jpg"},"orderable":true,"show_badge":true,"formatted_price":"28,00&nbsp;\u20ac","formatted_published_date":"1er novembre 2003","publisher_availability_label":"Sur commande","short_details":"Christophe Laudou \u2014 \u00c9ditions L'Harmattan","translator":null,"weight":395,"page_count":318,"readership":null,"editor":"\u00c9ditions L'Harmattan","price":2800,"published_date":"2003-10-31T23:00:00.000000Z","support":"Grand format","publisher_availability":1,"stock":0,"editions":[],"url":"https:\/\/quaidesbrumes.com\/ouvrage\/9782747544603\/lesprit-des-systemes-lidealisme-allemand-et-la-question-du-savoir-absolu"},{"id":"9782747545389","title":"Essai de dialectique","description":"Quand le philosophe vise le tout, sans limitation ni borne, il est amen\u00e9 \u00e0 d\u00e9couvrir que le r\u00e9el comme tel, est dialectique : est en somme dialogue avec lui-m\u00eame, dialogue int\u00e9rieur \u00e0 l'\u00eatre, et pas moins dialogue avec toute r\u00e9alit\u00e9 autre. Ceci s'\u00e9tend aux plus divers domaines : l'\u00eatre tout court , le conna\u00eetre et la conscience, la libert\u00e9, la sexualit\u00e9, toute l'histoire \u00e9galement. J.Y. Calvez, qui a parcouru bien des secteurs de la reflexion en d\u00e9bat avec la pens\u00e9e de Marx,comme celles des historiens politiques allemands du XIXe si\u00e8cle,\r\n rassemble ici ses vues fondamentales.","authors":["Jean-yves Calvez"],"category_codes":["9000000","9080000"],"visuals":{"large":"https:\/\/images.epagine.fr\/389\/9782747545389_1_75.jpg","medium":"https:\/\/images.epagine.fr\/389\/9782747545389_1_m.jpg","thumbnail":"https:\/\/images.epagine.fr\/389\/9782747545389_1_v.jpg"},"orderable":true,"show_badge":true,"formatted_price":"15,00&nbsp;\u20ac","formatted_published_date":"1er novembre 2003","publisher_availability_label":"Sur commande","short_details":"Jean-yves Calvez \u2014 \u00c9ditions L'Harmattan","translator":null,"weight":200,"page_count":166,"readership":null,"editor":"\u00c9ditions L'Harmattan","price":1500,"published_date":"2003-10-31T23:00:00.000000Z","support":"Grand format","publisher_availability":1,"stock":0,"editions":[],"url":"https:\/\/quaidesbrumes.com\/ouvrage\/9782747545389\/essai-de-dialectique"},{"id":"9782747550512","title":"Aux abords de l'identit\u00e9 latino am\u00e9ricaine","description":"A travers une lecture transdisciplinaire o\u00f9 la philosophie sert de guide et dialogue avec l'histoire, l'anthropologie, les sciences sociales et la litt\u00e9rature, cet essai parle de l'identit\u00e9 culturelle latino-am\u00e9ricaine. Il relate la rencontre et les difficiles liens entre le concept \"d'identit\u00e9\" et l'Am\u00e9rique latine. Il tente de dire comment et pourquoi les vieux mots ne nous servent plus \u00e0 parler, \u00e0 raconter ce que l'on s'est accord\u00e9 \u00e0 appeler \"Am\u00e9rique latine\".\r","authors":["Gladys Olivera Grotti"],"category_codes":["9000000","9080000"],"visuals":{"large":"https:\/\/images.epagine.fr\/512\/9782747550512_1_75.jpg","medium":"https:\/\/images.epagine.fr\/512\/9782747550512_1_m.jpg","thumbnail":"https:\/\/images.epagine.fr\/512\/9782747550512_1_v.jpg"},"orderable":true,"show_badge":true,"formatted_price":"28,00&nbsp;\u20ac","formatted_published_date":"1er novembre 2003","publisher_availability_label":"Sur commande","short_details":"Gladys Olivera Grotti \u2014 \u00c9ditions L'Harmattan","translator":null,"weight":528,"page_count":326,"readership":null,"editor":"\u00c9ditions L'Harmattan","price":2800,"published_date":"2003-10-31T23:00:00.000000Z","support":"Grand format","publisher_availability":1,"stock":0,"editions":[],"url":"https:\/\/quaidesbrumes.com\/ouvrage\/9782747550512\/aux-abords-de-lidentite-latino-americaine"},{"id":"9782747545952","title":"Logique de la raison et logique de l'intelligence","description":null,"authors":["Arturo Ardao","Maurice Audibert"],"category_codes":["9000000","9080000","9080200","9080204"],"visuals":{"large":"https:\/\/images.epagine.fr\/952\/9782747545952_1_75.jpg","medium":"https:\/\/images.epagine.fr\/952\/9782747545952_1_m.jpg","thumbnail":"https:\/\/images.epagine.fr\/952\/9782747545952_1_v.jpg"},"orderable":true,"show_badge":true,"formatted_price":"12,50&nbsp;\u20ac","formatted_published_date":"1er novembre 2003","publisher_availability_label":"Sur commande","short_details":"Arturo Ardao, Maurice Audibert \u2014 \u00c9ditions L'Harmattan","translator":"MAURICE AUDIBERT","weight":180,"page_count":128,"readership":null,"editor":"\u00c9ditions L'Harmattan","price":1250,"published_date":"2003-10-31T23:00:00.000000Z","support":"Grand format","publisher_availability":1,"stock":0,"editions":[],"url":"https:\/\/quaidesbrumes.com\/ouvrage\/9782747545952\/logique-de-la-raison-et-logique-de-lintelligence"},{"id":"9782013240956","title":"Simples notions de morale civique, les droits et les devoirs du citoyen","description":"Simples notions de morale civique, les droits et les devoirs du citoyen , par Charles Schuwer,...\r\nDate de l'\u00e9dition originale : 1882 Sujet de l'ouvrage : France (1870-1940, 3e R\u00e9publique) Ce livre est la reproduction fid\u00e8le d'une oeuvre publi\u00e9e avant 1920 et fait partie d'une collection de livres r\u00e9imprim\u00e9s \u00e0 la demande \u00e9dit\u00e9e par Hachette Livre, dans le cadre d'un partenariat avec la Biblioth\u00e8que nationale de France, offrant l'opportunit\u00e9 d'acc\u00e9der \u00e0 des ouvrages anciens et souvent rares issus des fonds patrimoniaux de la BnF.\r\nLes oeuvres faisant partie de cette collection ont \u00e9t\u00e9 num\u00e9ris\u00e9es par la BnF et sont pr\u00e9sentes sur Gallica, sa biblioth\u00e8que num\u00e9rique.\r\n\r\nEn entreprenant de redonner vie \u00e0 ces ouvrages au travers d'une collection de livres r\u00e9imprim\u00e9s \u00e0 la demande, nous leur donnons la possibilit\u00e9 de rencontrer un public \u00e9largi et participons \u00e0 la transmission de connaissances et de savoirs parfois difficilement accessibles.\r\nNous avons cherch\u00e9 \u00e0 concilier la reproduction fid\u00e8le d'un livre ancien \u00e0 partir de sa version num\u00e9ris\u00e9e avec le souci d'un confort de lecture optimal. Nous esp\u00e9rons que les ouvrages de cette nouvelle collection vous apporteront enti\u00e8re satisfaction.\r\n\r\nPour plus d'informations, rendez-vous sur www.hachettebnf.fr\r","authors":["Schuwer Charles"],"category_codes":["9000000","9080000"],"visuals":{"large":"https:\/\/images.epagine.fr\/956\/9782013240956_1_75.jpg","medium":"https:\/\/images.epagine.fr\/956\/9782013240956_1_m.jpg","thumbnail":"https:\/\/images.epagine.fr\/956\/9782013240956_1_v.jpg"},"orderable":true,"show_badge":true,"formatted_price":"11,50&nbsp;\u20ac","formatted_published_date":"1er septembre 2013","publisher_availability_label":"Sur commande","short_details":"Schuwer Charles \u2014 Hachette BNF","translator":null,"weight":110,"page_count":null,"readership":null,"editor":"Hachette BNF","price":1150,"published_date":"2013-08-31T22:00:00.000000Z","support":"Grand format","publisher_availability":1,"stock":0,"editions":[],"url":"https:\/\/quaidesbrumes.com\/ouvrage\/9782013240956\/simples-notions-de-morale-civique-les-droits-et-les-devoirs-du-citoyen"},{"id":"9782747551885","title":"Internet et globalisation esthetique ; l'avenir de l'art et de la philosophie a l'epoque des reseaux","description":"L'auteur, th\u00e9oricien de l'esth\u00e9tique de la communication et du sublime technologique, essaie de d\u00e9montrer qu'aujourd'hui l'esth\u00e9tique et la philosophie tout enti\u00e8res doivent tenir compte et se confronter \u00e0 certains \u00e9tats induits par les technologie : l'existence d'une communication vide, le boulversement radical de l'art et de l'esth\u00e9tique, la pr\u00e9sence dissimul\u00e9e mais toujours pr\u00e9pond\u00e9rante de la technologie dans la configuration de l'ontologie contemporaine.\r","authors":["Mario Costa","Giordano Di Nicola"],"category_codes":["9000000","9080000","9080200","9080204"],"visuals":{"large":"https:\/\/images.epagine.fr\/885\/9782747551885_1_75.jpg","medium":"https:\/\/images.epagine.fr\/885\/9782747551885_1_m.jpg","thumbnail":"https:\/\/images.epagine.fr\/885\/9782747551885_1_v.jpg"},"orderable":true,"show_badge":true,"formatted_price":"13,50&nbsp;\u20ac","formatted_published_date":"1er novembre 2003","publisher_availability_label":"Sur commande","short_details":"Mario Costa, Giordano Di Nicola \u2014 \u00c9ditions L'Harmattan","translator":"GIORDANO DI NICOLA","weight":190,"page_count":126,"readership":null,"editor":"\u00c9ditions L'Harmattan","price":1350,"published_date":"2003-10-31T23:00:00.000000Z","support":"Grand format","publisher_availability":1,"stock":0,"editions":[],"url":"https:\/\/quaidesbrumes.com\/ouvrage\/9782747551885\/internet-et-globalisation-esthetique-lavenir-de-lart-et-de-la-philosophie-a-lepoque-des-reseaux"},{"id":"9782747552646","title":"L'ordre symbolique de la mere","description":"Ce livre pr\u00e9sente une recherche personnelle inspir\u00e9e par un concept, \"l'ordre symbolique de la m\u00e8re\", issu d'une r\u00e9flexion politique et philosophique men\u00e9e depuis plusieurs ann\u00e9es avec d'autres femmes de l'universit\u00e9 de V\u00e9rone. Ce livre se diff\u00e9rencie de toute la production f\u00e9ministe concernant le maternel sur un point crucial : ce n'est pas un livre sur le maternel mais, bien d'avantage, sur le fait d'\u00eatre n\u00e9(e) d'une m\u00e8re. \"J'ai d\u00e9couvert la puissance symbolique de la relation d'une femme avec sa m\u00e8re et la possibilit\u00e9 de devenir m\u00e8re \u00e0 mon tour..\"\r","authors":["Luisa Muraro","Francesca Solari"],"category_codes":["9000000","9080000","9080200","9080204"],"visuals":{"large":"https:\/\/images.epagine.fr\/646\/9782747552646_1_75.jpg","medium":"https:\/\/images.epagine.fr\/646\/9782747552646_1_m.jpg","thumbnail":"https:\/\/images.epagine.fr\/646\/9782747552646_1_v.jpg"},"orderable":true,"show_badge":true,"formatted_price":"17,50&nbsp;\u20ac","formatted_published_date":"1er novembre 2003","publisher_availability_label":"Sur commande","short_details":"Luisa Muraro, Francesca Solari \u2014 \u00c9ditions L'Harmattan","translator":"FRANCESCA SOLARI","weight":240,"page_count":162,"readership":null,"editor":"\u00c9ditions L'Harmattan","price":1750,"published_date":"2003-10-31T23:00:00.000000Z","support":"Grand format","publisher_availability":1,"stock":0,"editions":[],"url":"https:\/\/quaidesbrumes.com\/ouvrage\/9782747552646\/lordre-symbolique-de-la-mere"},{"id":"9782829302572","title":"Parole bris\u00e9e","description":"Comment parler de la souffrance alors que celle-ci brise en \u00e9clats le sujet ? Dans cet essai philosophique, l'auteur s'emploie \u00e0 dire la souffrance au moyen de d\u00e9veloppements proprement philosophiques, mais aussi esth\u00e9tiques ou \u00e9thiques. Il a aussi recours \u00e0 des po\u00e8mes, des aphorismes et de tr\u00e8s brefs r\u00e9cits dans sa tentative d'\u00e9laborer une pens\u00e9e existentielle soucieuse de l'homme, de sa fragilit\u00e9 et de sa finitude.","authors":["Michel Cornu"],"category_codes":["9000000","9080000"],"visuals":{"large":"https:\/\/images.epagine.fr\/572\/9782829302572_1_75.jpg","medium":"https:\/\/images.epagine.fr\/572\/9782829302572_1_m.jpg","thumbnail":"https:\/\/images.epagine.fr\/572\/9782829302572_1_v.jpg"},"orderable":true,"show_badge":true,"formatted_price":"17,00&nbsp;\u20ac","formatted_published_date":"1er septembre 2004","publisher_availability_label":"Sur commande","short_details":"Michel Cornu \u2014 Tricorne","translator":null,"weight":350,"page_count":180,"readership":null,"editor":"Tricorne","price":1700,"published_date":"2004-08-31T22:00:00.000000Z","support":"Grand format","publisher_availability":1,"stock":0,"editions":[],"url":"https:\/\/quaidesbrumes.com\/ouvrage\/9782829302572\/parole-brisee"},{"id":"9782200265502","title":"La philosophie d\u00e9sormais","description":"\u00c0 la question socratique, celle qui, face \u00e0 l'avocat de la violence, fait surgir la philosophie en contrechamp, ne s'agirait-il pas d\u00e9sormais de r\u00e9pondre en termes plus ironiques encore ? Se tenir au plus pr\u00e8s de ce mot invent\u00e9 dans le champ magn\u00e9tique de la mer \u00c9g\u00e9e - philosophie - est en effet une t\u00e2che qui s'oriente au plus loin.\u00ab C'est au temps du grand danger qu'apparaissent les philosophes \u00bb, \u00e9non\u00e7ait Nietzsche, renouant avec H\u00e9raclite l'\u00c9ph\u00e9sien : autant il est vrai que la prise de Milet fut le premier d\u00e9fi adress\u00e9 par l'histoire \u00e0 la pens\u00e9e, autant il s'impose, face au p\u00e9ril de notre aujourd'hui, de penser les bords d'une nouvelle r\u00e9volution copernicienne. Pour demain.Jusqu'ici les philosophes n'ont fait que mettre en examen les r\u00e9cits \u00e0 la lumi\u00e8re du concept et de sa raison. Il est temps d'examiner cette \u00ab raison \u00bb sous le regard de la puissance narrative qui en dessine le littoral : l\u00e0 o\u00f9 elle aborde.Il revient \u00e0 la tentative philosophique, et \u00e0 elle seule sans doute, d'op\u00e9rer cette travers\u00e9e dans le multiple des langues et langages que nous attendons et sans laquelle plus une tour ne restera debout. Tel doit \u00eatre son discours - se m\u00ealant au mouvement m\u00eame de son archive - sous peine de d\u00e9finitif oubli d'elle-m\u00eame.La philosophie, d\u00e9sormais ? L'apprentissage des mouvements qui rendent possibles toutes transformations - dangereuses ou secourables, et n\u00e9cessaires.Jean Pierre FAYE d\u00e9veloppe une oeuvre dont le corps philosophique prend ses figures dans Langages totalitaires. La Raison narrative, La D\u00e9raison antis\u00e9mite et son langage, Le Vrai Nietzsche, Le Si\u00e8cle des id\u00e9ologies. S'y d\u00e9couvre par approches successives l'analyse du concept de transfomat, esquiss\u00e9 dans Qu'est-ce que la philosophie ? dont ce livre est une reprise \u00ab transformatiste \u00bb redessin\u00e9e et approfondie.\r\nQuestion sur l'\u00eatre. La venue philosophique. La querelle de l'\u00eatre. \u00c9thique des langages. Le transformat. Apprentissage philosophique. Narrations divines et questions paradoxales.","authors":["Jean-Pierre Faye"],"category_codes":["9000000","9080000","9080200","9080204"],"visuals":{"large":"https:\/\/images.epagine.fr\/502\/9782200265502_1_75.jpg","medium":"https:\/\/images.epagine.fr\/502\/9782200265502_1_m.jpg","thumbnail":"https:\/\/images.epagine.fr\/502\/9782200265502_1_v.jpg"},"orderable":true,"show_badge":true,"formatted_price":"32,00&nbsp;\u20ac","formatted_published_date":"1er f\u00e9vrier 2004","publisher_availability_label":"Sur commande","short_details":"Jean-Pierre Faye \u2014 Armand Colin","translator":null,"weight":275,"page_count":230,"readership":null,"editor":"Armand Colin","price":3200,"published_date":"2004-01-31T23:00:00.000000Z","support":"Grand format","publisher_availability":1,"stock":0,"editions":[],"url":"https:\/\/quaidesbrumes.com\/ouvrage\/9782200265502\/la-philosophie-desormais"},{"id":"9782204113021","title":"L'allocation universelle","description":"Allocation universelle : revenu social primaire distribu\u00e9 \u00e9galitairement de fa\u00e7on inconditionnelle. Il s'agit d'un v\u00e9ritable revenu de citoyennet\u00e9. M\u00eame si l'\u00e9conomie se ranime, elle n'apportera par elle-m\u00eame aucune solution \u00e0 l'exclusion sociale.\r\nLa crise nous appelle \u00e0 r\u00e9fl\u00e9chir sur un nouveau paradigme de la r\u00e9partition : assurer un revenu de base \u00e0 tous les citoyens, quelle que soit leur situation dans la production. Riches ou pauvres, actifs ou ch\u00f4meurs, \u00e9tudiants ou retrait\u00e9s. C'est en d\u00e9veloppant un droit ind\u00e9pendant au revenu, lequel favoriserait aussi l'essor d'un \u00ab secteur quaternaire \u00bb d'activit\u00e9s personnelles que le droit au travail cessera d'\u00eatre une hypocrisie.\r\nUn livre fondamental \u00e0 l'heure o\u00f9 se sont d\u00e9grad\u00e9es les perspectives sociales et o\u00f9 les \u00e9carts de richesse n'ont jamais \u00e9t\u00e9 si importants. La France est au bord de la d\u00e9pression : ce livre propose une voie pour l'\u00e9viter.\r\nProfesseur des universit\u00e9s, titulaire de la Chaire de philosophie de l'Europe \u00e0 la Maison des Sciences de l'Homme de Nantes, docteur \u00ab honoris causa \u00bb de l'universit\u00e9 de Lausanne, Jean-Marc Ferry est l'un des premiers intellectuels \u00e0 avoir d\u00e9fendu, en France, le revenu universel.","authors":["Jean-Marc Ferry"],"category_codes":["9000000","9080000"],"visuals":{"large":"https:\/\/images.epagine.fr\/021\/9782204113021_1_75.jpg","medium":"https:\/\/images.epagine.fr\/021\/9782204113021_1_m.jpg","thumbnail":"https:\/\/images.epagine.fr\/021\/9782204113021_1_v.jpg"},"orderable":true,"show_badge":true,"formatted_price":"11,00&nbsp;\u20ac","formatted_published_date":"18 avril 2016","publisher_availability_label":"Sur commande","short_details":"Jean-Marc Ferry \u2014 Lexio","translator":null,"weight":120,"page_count":144,"readership":null,"editor":"Lexio","price":1100,"published_date":"2016-04-17T22:00:00.000000Z","support":"Poche","publisher_availability":1,"stock":0,"editions":[],"url":"https:\/\/quaidesbrumes.com\/ouvrage\/9782204113021\/lallocation-universelle"},{"id":"9782738449658","title":"Futur ant\u00e9rieur : Marx apr\u00e8s les marxismes Tome 1 ; Marx \u00e0 la question","description":"L'oeuvre de Marx fait partie de la culture du vingti\u00e8me si\u00e8cle comme elle fera partie de la culture du troisi\u00e8me mill\u00e9naire qui va commencer. Marx \u00e9tait un homme de d\u00e9couverte plus que de doctrine et il importe de le restituer en tant que tel, c'est-\u00e0-dire dans les succ\u00e8s, les insucc\u00e8s et les b\u00e9vues de ses explorations. Il s'agit d'entretenir avec lui un rapport critique intransigeant, \u00e9loign\u00e9 de tout culte et de toute complaisance. Ce qui importe d'examiner, ce sont les grands th\u00e8mes qui ont pouss\u00e9 en avant la pens\u00e9e de Marx et l'ont conduite au-del\u00e0 de ce qui \u00e9tait habituel de penser. Marx et son oeuvre restent un d\u00e9fi pour notre \u00e9poque\r","authors":["Michel Vakaloulis","Jean-marie Vincent"],"category_codes":["9000000","9080000","9080200","9080204"],"visuals":{"large":"https:\/\/images.epagine.fr\/658\/9782738449658_1_75.jpg","medium":"https:\/\/images.epagine.fr\/658\/9782738449658_1_m.jpg","thumbnail":"https:\/\/images.epagine.fr\/658\/9782738449658_1_v.jpg"},"orderable":true,"show_badge":true,"formatted_price":"33,00&nbsp;\u20ac","formatted_published_date":"1er f\u00e9vrier 1997","publisher_availability_label":"Sur commande","short_details":"Michel Vakaloulis, Jean-marie Vincent \u2014 \u00c9ditions L'Harmattan","translator":null,"weight":460,"page_count":384,"readership":null,"editor":"\u00c9ditions L'Harmattan","price":3300,"published_date":"1997-01-31T23:00:00.000000Z","support":"Grand format","publisher_availability":1,"stock":0,"editions":[],"url":"https:\/\/quaidesbrumes.com\/ouvrage\/9782738449658\/futur-anterieur-marx-apres-les-marxismes-tome-1-marx-a-la-question"},{"id":"9782884820394","title":"Refonder l'ecole catholique","description":"Alors que l'\u00c9ducation nationale s'arc-boute sur sa la\u00efcit\u00e9 et que l'\u00c9cole catholique affiche sa mondanit\u00e9, le moment semble \u00eatre venu de s'interroger sur les fondements et les conditions d'une authentique \u00c9cole catholique.\r\nLoin d'\u00eatre le pr\u00e9texte \u00e0 un repli communautaire ou identitaire, l'\u00c9cole catholique est avant tout un lieu de culture, o\u00f9 les lumi\u00e8res de la R\u00e9v\u00e9lation rejoignent l'exp\u00e9rience de la sagesse humaine pour constituer ensemble une anthropologie digne de l'homme et de sa finalit\u00e9. Mais quelle finalit\u00e9 ? La r\u00e9ponse implique une vision du monde diff\u00e9rente selon que la perspective est \" radicalement naturelle \", comme dans l'\u00c9cole la\u00efque, ou \" naturellement surnaturelle \", ainsi qu'il devrait en \u00eatre dans l'\u00c9cole catholique.\r\nL'homme est un \u00eatre de culture, appel\u00e9 \u00e0 faire de sa vie une ouvre nourrie au contact des livres, des sciences, de ce d\u00e9p\u00f4t de sagesse acquis par l'homme au long de son cheminement dans l'histoire et transmis par l'\u00e9cole. Mais il est aussi, et avant tout, un \u00eatre spirituel que sa soif de libert\u00e9 et sa vocation portent au-del\u00e0 des plates ambitions auxquelles le la\u00efcisme militant veut de toutes ses forces le cantonner.\r\nDans ce livre, le \" catholicisme \" de l'\u00c9cole ne rel\u00e8ve pas d'une culture de sacristie mais d'un humanisme authentique, qui sait \" ce qui est dans l'homme \" parce que l'Incarnation de la Parole constitue la lumi\u00e8re essentielle, \u00e9clairant les rapports entre Dieu et le monde, la foi et la culture. C'est la conviction et la foi qui habitent l'auteur de ce livre, Jean-Daniel Nordmann, directeur de l'\u00e9cole La Garanderie, \u00e0 Lausanne en Suisse.\r\nCe livre est le fruit d'une longue exp\u00e9rience de l'enseignement, \u00e0 la fois th\u00e9orique et pratique. Il constitue un authentique trait\u00e9 de p\u00e9dagogie chr\u00e9tienne.\r","authors":["Jean-daniel Nordmann"],"category_codes":["9000000","9080000"],"visuals":{"large":"https:\/\/images.epagine.fr\/394\/9782884820394_1_75.jpg","medium":"https:\/\/images.epagine.fr\/394\/9782884820394_1_m.jpg","thumbnail":"https:\/\/images.epagine.fr\/394\/9782884820394_1_v.jpg"},"orderable":true,"show_badge":true,"formatted_price":"20,99&nbsp;\u20ac","formatted_published_date":"7 octobre 2004","publisher_availability_label":"Sur commande","short_details":"Jean-daniel Nordmann \u2014 AD SOLEM","translator":null,"weight":205,"page_count":157,"readership":null,"editor":"AD SOLEM","price":2099,"published_date":"2004-10-06T22:00:00.000000Z","support":"Grand format","publisher_availability":1,"stock":0,"editions":[],"url":"https:\/\/quaidesbrumes.com\/ouvrage\/9782884820394\/refonder-lecole-catholique"},{"id":"9782747551410","title":"Logos et langage chez Plotin et avant Plotin","description":"Dans cet ouvrage collectif il s'agit de mettre l'accent sur la philosophie de Plotin qui, tr\u00e8s curieusement, n'avait pas \u00e9t\u00e9 du tout abord\u00e9e par certains ouvrages collectifs de r\u00e9f\u00e9rence en mati\u00e8re de Logos et de philosophie du langage dans l'Antiquit\u00e9. Mettre l'accent sur la philosophie du Logos et du langage chez Plotin, sans pour autant n\u00e9gliger les th\u00e9ories philosophiques de ses pr\u00e9d\u00e9cesseurs d'H\u00e9raclite aux Sto\u00eeciens, constitue donc l'objectif principal du pr\u00e9sent ouvrage.\r","authors":["Michel Fattal"],"category_codes":["9000000","9080000"],"visuals":{"large":"https:\/\/images.epagine.fr\/410\/9782747551410_1_75.jpg","medium":"https:\/\/images.epagine.fr\/410\/9782747551410_1_m.jpg","thumbnail":"https:\/\/images.epagine.fr\/410\/9782747551410_1_v.jpg"},"orderable":true,"show_badge":true,"formatted_price":"35,00&nbsp;\u20ac","formatted_published_date":"1er novembre 2003","publisher_availability_label":"Sur commande","short_details":"Michel Fattal \u2014 \u00c9ditions L'Harmattan","translator":null,"weight":455,"page_count":366,"readership":null,"editor":"\u00c9ditions L'Harmattan","price":3500,"published_date":"2003-10-31T23:00:00.000000Z","support":"Grand format","publisher_availability":1,"stock":0,"editions":[],"url":"https:\/\/quaidesbrumes.com\/ouvrage\/9782747551410\/logos-et-langage-chez-plotin-et-avant-plotin"},{"id":"9782220051260","title":"Les promesses de l'oeuvre - artaud, nietzsche, simone weil","description":"Le pr\u00e9sent essai reprend les propos mis en place dans Le temps du cr\u00e9dit o\u00f9 l'auteur analysait l'irruption du cr\u00e9dit comme moteur des soci\u00e9t\u00e9s modernes. Les oeuvres de Artaud, Nietzsche et Simone Weil sont ici consid\u00e9r\u00e9es comme symptomatiques : toutes trois se construisent dans la communaut\u00e9 qu'elles cherchent \u00e0 instituer par la confiance sans cesse requise de leurs lecteurs. Ces trois \u00e9tudes m\u00e9nagent des rapprochements avec d'autres auteurs : Bentham, Kierkegaard, Musil, P\u00e9guy ou Val\u00e9ry qui, eux aussi, sont attentifs au statut fiduciaire de certains discours, par lesquels s'\u00e9clairent les enjeux de notre civilisation : \u00e0 la fois ce qui la menace et ce sur quoi elle repose. Dans ces diff\u00e9rentes configurations, l'oeuvre en qu\u00eate d'une communaut\u00e9 appara\u00eet comme ce qui doit s'arracher, non sans violence, aux contraintes de ce cr\u00e9dit et \u00e0 l'assujettissement qu'il repr\u00e9sente. Ne reposant sur rien, elle a parfois la forme \u00e9trange d'une promesse singuli\u00e8re, s'adressant \u00e0 un \" nous \" toujours probl\u00e9matique \r","authors":["Jean-Michel Rey"],"category_codes":["9000000","9080000","9080200","9080204"],"visuals":{"large":"https:\/\/images.epagine.fr\/260\/9782220051260_1_75.jpg","medium":"https:\/\/images.epagine.fr\/260\/9782220051260_1_m.jpg","thumbnail":"https:\/\/images.epagine.fr\/260\/9782220051260_1_v.jpg"},"orderable":true,"show_badge":true,"formatted_price":"22,90&nbsp;\u20ac","formatted_published_date":"20 octobre 2003","publisher_availability_label":"Sur commande","short_details":"Jean-Michel Rey \u2014 Descl\u00e9e de Brouwer","translator":null,"weight":269,"page_count":null,"readership":null,"editor":"Descl\u00e9e de Brouwer","price":2290,"published_date":"2003-10-19T22:00:00.000000Z","support":"Grand format","publisher_availability":1,"stock":0,"editions":[],"url":"https:\/\/quaidesbrumes.com\/ouvrage\/9782220051260\/les-promesses-de-loeuvre-artaud-nietzsche-simone-weil"},{"id":"9782747554770","title":"L'AUBE DE L'UN : L'articulation entre ontologie et centralisme politique d'H\u00e9raclite \u00e0 Aristote Volume I - Volume I","description":"L'invention de la d\u00e9mocratie, par les Grecs anciens, puisait son inspiration chez leurs \u00e9minents philosophes ; contre ce genre de raccourci, ce livre, ainsi que celui qui lui fait suite, Le Cercle accompli, apporte une argumentation m\u00e9thodique. Pourquoi la grande tradition m\u00e9taphysique, jusque Marx et Heidegger inclus, a-t-elle \"eu un probl\u00e8me\" avec la d\u00e9mocratie, son impr\u00e9visibilit\u00e9, son ouverture. Une telle enqu\u00eate implique de remonter jusqu'\u00e0 H\u00e9raclite et Parm\u00e9nide, en scrutant la dimension sociale et politique du premier discours ontologique. Ensuite, d'en v\u00e9rifier la permanence dans les principes platoniciens.\r","authors":["Renaud Denuit"],"category_codes":["9000000","9080000"],"visuals":{"large":"https:\/\/images.epagine.fr\/770\/9782747554770_1_75.jpg","medium":"https:\/\/images.epagine.fr\/770\/9782747554770_1_m.jpg","thumbnail":"https:\/\/images.epagine.fr\/770\/9782747554770_1_v.jpg"},"orderable":true,"show_badge":true,"formatted_price":"24,00&nbsp;\u20ac","formatted_published_date":"1er d\u00e9cembre 2003","publisher_availability_label":"Sur commande","short_details":"Renaud Denuit \u2014 \u00c9ditions L'Harmattan","translator":null,"weight":335,"page_count":262,"readership":null,"editor":"\u00c9ditions L'Harmattan","price":2400,"published_date":"2003-11-30T23:00:00.000000Z","support":"Grand format","publisher_availability":1,"stock":0,"editions":[],"url":"https:\/\/quaidesbrumes.com\/ouvrage\/9782747554770\/laube-de-lun-larticulation-entre-ontologie-et-centralisme-politique-dheraclite-a-aristote-volume-i-volume-i"},{"id":"9782747554152","title":"LA TRACE DANS LE PALIMPSESTE \/ LECTURES DE LEVINAS","description":"Cet ouvrage se propose d'offrir au public un instrument pour aborder l'\u00e9criture \u00e9trang\u00e8re d'Emmanuel L\u00e9vinas \r\n(1906-1995). Ce philosophe est un t\u00e9moin essentiel du XXe si\u00e8cle. Voyageur de langues et territoires divers (le fran\u00e7ais, l'allemand, le russe, l'h\u00e9breu), \u00e9migrant \u00e0 travers des pens\u00e9es diff\u00e9rentes, L\u00e9vinas a travers\u00e9 le si\u00e8cle et il en a connu ses expressions d'amour et de haine. Une initiation \u00e0 lire l'actualit\u00e9 de la pens\u00e9e L\u00e9vinasienne pour penser l'avenir autrement.","authors":["Silvana Rabinovich"],"category_codes":["9000000","9080000"],"visuals":{"large":"https:\/\/images.epagine.fr\/152\/9782747554152_1_75.jpg","medium":"https:\/\/images.epagine.fr\/152\/9782747554152_1_m.jpg","thumbnail":"https:\/\/images.epagine.fr\/152\/9782747554152_1_v.jpg"},"orderable":true,"show_badge":true,"formatted_price":"27,50&nbsp;\u20ac","formatted_published_date":"1er d\u00e9cembre 2003","publisher_availability_label":"Sur commande","short_details":"Silvana Rabinovich \u2014 \u00c9ditions L'Harmattan","translator":null,"weight":408,"page_count":300,"readership":null,"editor":"\u00c9ditions L'Harmattan","price":2750,"published_date":"2003-11-30T23:00:00.000000Z","support":"Grand format","publisher_availability":1,"stock":0,"editions":[],"url":"https:\/\/quaidesbrumes.com\/ouvrage\/9782747554152\/la-trace-dans-le-palimpseste-lectures-de-levinas"},{"id":"9782747552172","title":"Commentaire des essais et conferences de bergson","description":"Entre 1901 et 1934 Bergson publie seize \u00e9tudes : Le r\u00eave, l'Effort intellectuel, Introduction \u00e0 la m\u00e9taphysique, Notice sur Ravaisson, le Paralogisme psycho-physiologique, le Souvenir du pr\u00e9sent, l'intuition philosophique,... Pour ressaisir leur puissance d'interpellation et de r\u00e9sonance, il convenait de les lire en respectant l'ordre chronologique de leur premi\u00e8re parution. Injustement rel\u00e9gu\u00e9 \u00e0 l'arri\u00e8re-plan par les commentateurs, c'est l'ensemble de la philosophie bergsonienne qui prend un nouveau visage.\r","authors":["Alain Panero"],"category_codes":["9000000","9080000"],"visuals":{"large":"https:\/\/images.epagine.fr\/172\/9782747552172_1_75.jpg","medium":"https:\/\/images.epagine.fr\/172\/9782747552172_1_m.jpg","thumbnail":"https:\/\/images.epagine.fr\/172\/9782747552172_1_v.jpg"},"orderable":true,"show_badge":true,"formatted_price":"28,00&nbsp;\u20ac","formatted_published_date":"1er novembre 2003","publisher_availability_label":"Sur commande","short_details":"Alain Panero \u2014 \u00c9ditions L'Harmattan","translator":null,"weight":410,"page_count":325,"readership":null,"editor":"\u00c9ditions L'Harmattan","price":2800,"published_date":"2003-10-31T23:00:00.000000Z","support":"Grand format","publisher_availability":1,"stock":0,"editions":[],"url":"https:\/\/quaidesbrumes.com\/ouvrage\/9782747552172\/commentaire-des-essais-et-conferences-de-bergson"},{"id":"9782747546362","title":"AUGUSTE COMTE : 1798-1998","description":"Le positivisme, initi\u00e9 par l'oeuvre d'Auguste Comte, est vite devenu une r\u00e9f\u00e9rence dominante, et tr\u00e8s vite  aussi une \u00e9tiquette largement distribu\u00e9e, tant par ceux qui s'en sont declar\u00e9s militants que par ceux qui veulent inspirer la suspicion, voire jeter l'anath\u00e8me. Pourtant, bien qu'ils soient souvent \u00e9voqu\u00e9s, et peut-\u00eatre m\u00eame \u00e0 cause de ces emplois fr\u00e9quents et multiples, les positivismes, celui de Comte et ceux qu'on d\u00e9signe comme tels, restent assez mal connus, et leur sont donn\u00e9es des acceptions les plus diverses.","authors":[],"category_codes":["9000000","9080000"],"visuals":{"large":"https:\/\/images.epagine.fr\/362\/9782747546362_1_75.jpg","medium":"https:\/\/images.epagine.fr\/362\/9782747546362_1_m.jpg","thumbnail":"https:\/\/images.epagine.fr\/362\/9782747546362_1_v.jpg"},"orderable":true,"show_badge":true,"formatted_price":"31,50&nbsp;\u20ac","formatted_published_date":"1er novembre 2003","publisher_availability_label":"Sur commande","short_details":"\u00c9ditions L'Harmattan","translator":null,"weight":770,"page_count":440,"readership":null,"editor":"\u00c9ditions L'Harmattan","price":3150,"published_date":"2003-10-31T23:00:00.000000Z","support":"Grand format","publisher_availability":1,"stock":0,"editions":[],"url":"https:\/\/quaidesbrumes.com\/ouvrage\/9782747546362\/auguste-comte-1798-1998"},{"id":"9782747549110","title":"Lignes sans retour : Textes et fragments posthumes","description":"A la poursuite de l'\u00e9ternel passager des grands vaisseaux nocturnes qui font route sur des lignes sans retour\", Georges Morel se pr\u00e9sente ailleurs comme un terrien : \"Je n'ai rien tant aim\u00e9 dans mon enfance que l'odeur calme et forte de la gl\u00e8be, de l'humus et de la mousse brune-am\u00e8re\". N'a-t-il pas pass\u00e9 sa vie \u00e0 labourer les champs de la philosophie, en professionnel rigoureux et tenace ? Mais \"la po\u00e9sie et la philosophie ne font pas nombre. La po\u00e9sie est l'\u00e9clat, souvent peu reluisant, ,de la philosophie qu'elle fait voler en \u00e9clats...","authors":["Georges Morel"],"category_codes":["9000000","9080000"],"visuals":{"large":"https:\/\/images.epagine.fr\/110\/9782747549110_1_75.jpg","medium":"https:\/\/images.epagine.fr\/110\/9782747549110_1_m.jpg","thumbnail":"https:\/\/images.epagine.fr\/110\/9782747549110_1_v.jpg"},"orderable":true,"show_badge":true,"formatted_price":"18,00&nbsp;\u20ac","formatted_published_date":"2 octobre 2003","publisher_availability_label":"Sur commande","short_details":"Georges Morel \u2014 \u00c9ditions L'Harmattan","translator":null,"weight":290,"page_count":206,"readership":null,"editor":"\u00c9ditions L'Harmattan","price":1800,"published_date":"2003-10-01T22:00:00.000000Z","support":"Grand format","publisher_availability":1,"stock":0,"editions":[],"url":"https:\/\/quaidesbrumes.com\/ouvrage\/9782747549110\/lignes-sans-retour-textes-et-fragments-posthumes"},{"id":"9782747546478","title":"Enjeu philosophique du conte romantique - conceptions esthetiques de novalis","description":"\"Po\u00e8me magique\", consid\u00e9r\u00e9 comme une v\u00e9ritable oeuvre de r\u00e9f\u00e9rence, le conte \"Henri d'Ofterdigen\" ouvre de nouvelles perspectives, en r\u00e9action contre l'Aufkl\u00e4rung et en contrepoint au \"Wilhem Meister\" de Goethe. Dans sa r\u00e9flexion, par des dialogues \u00e0 des fins \u00e9ducatives ou par l'\u00e9volution de mythes succeptibles de confirmer sa vocation de po\u00e8te, Novalis m\u00e8ne une introspection qui apporte une nouvelle dimension \u00e0 l'oeuvre litt\u00e9raire.\r","authors":["Suzanne Mace"],"category_codes":["1000000","1010000"],"visuals":{"large":"https:\/\/images.epagine.fr\/478\/9782747546478_1_75.jpg","medium":"https:\/\/images.epagine.fr\/478\/9782747546478_1_m.jpg","thumbnail":"https:\/\/images.epagine.fr\/478\/9782747546478_1_v.jpg"},"orderable":true,"show_badge":true,"formatted_price":"24,50&nbsp;\u20ac","formatted_published_date":"1er novembre 2003","publisher_availability_label":"Sur commande","short_details":"Suzanne Mace \u2014 \u00c9ditions L'Harmattan","translator":null,"weight":365,"page_count":274,"readership":null,"editor":"\u00c9ditions L'Harmattan","price":2450,"published_date":"2003-10-31T23:00:00.000000Z","support":"Grand format","publisher_availability":1,"stock":0,"editions":[],"url":"https:\/\/quaidesbrumes.com\/ouvrage\/9782747546478\/enjeu-philosophique-du-conte-romantique-conceptions-esthetiques-de-novalis"},{"id":"9782747549950","title":"Expression et speculation dans l'idealisme hegelien","description":"Ce travail a pour but d'analyser l'enjeu du d\u00e9passement de l'expression linguistique pour la production du discours de l'esprit absolu, d'un discours qui a int\u00e9gr\u00e9 \u00e0 soi la diff\u00e9rence du dit et du dire, du sens et de sa pr\u00e9sentation : la rel\u00e8ve de l'expression langagi\u00e8re permet de poser le sens authentiquement sp\u00e9culatif de la compr\u00e9hension. L\u00e0 se joue entre autres la capacit\u00e9 de l'id\u00e9alisme h\u00e9gelien \u00e0 surmonter les apories de la philosophie de l'entendement, pr\u00e9d\u00e9termin\u00e9e logiquement par le mod\u00e8le de la r\u00e9f\u00e9rentialit\u00e9, et ainsi \u00e0 renverser les pr\u00e9suppos\u00e9s s\u00e9miotiques de l'id\u00e9alisme kantien.\r","authors":["Isabel Weiss"],"category_codes":["9000000","9080000"],"visuals":{"large":"https:\/\/images.epagine.fr\/950\/9782747549950_1_75.jpg","medium":"https:\/\/images.epagine.fr\/950\/9782747549950_1_m.jpg","thumbnail":"https:\/\/images.epagine.fr\/950\/9782747549950_1_v.jpg"},"orderable":true,"show_badge":true,"formatted_price":"19,00&nbsp;\u20ac","formatted_published_date":"1er novembre 2003","publisher_availability_label":"Sur commande","short_details":"Isabel Weiss \u2014 \u00c9ditions L'Harmattan","translator":null,"weight":270,"page_count":208,"readership":null,"editor":"\u00c9ditions L'Harmattan","price":1900,"published_date":"2003-10-31T23:00:00.000000Z","support":"Grand format","publisher_availability":1,"stock":0,"editions":[],"url":"https:\/\/quaidesbrumes.com\/ouvrage\/9782747549950\/expression-et-speculation-dans-lidealisme-hegelien"}]}