{"data":[{"id":"9782747537766","title":"NAISSANCE DE LA VOLONT\u00c9","description":"La volont\u00e9 est l'\u00e9l\u00e9ment sp\u00e9cifique de l'\u00eatre humain, le trait caract\u00e9ristique propre qui le distingue de tout autre \u00eatre du monde. Elle est v\u00e9hicul\u00e9e par la force du d\u00e9sir mais sa v\u00e9rit\u00e9 est dans l'exercice du choix entre le bien et le mal. En d\u00e9pit de sa tendance essentielle \u00e0 dominer l'ext\u00e9rieur, la volont\u00e9, indivisible et inali\u00e9nable, s'accomplit dans un agir immanent. L'analyse des moments d'articulation de cette immanence est conduite pour  une \u00e9tude historico-sp\u00e9culative qui retrouve les origines de la notion dans la pens\u00e9e antique et m\u00e9di\u00e9vale. Apr\u00e8s l'expos\u00e9 de ces commencements, l'ouvrage pr\u00e9sente les grands moments de la Philosophie de la Volont\u00e9 dans la pens\u00e9e moderne.\r","authors":["Mikios Miklos"],"category_codes":["9000000","9080000"],"visuals":{"large":"https:\/\/images.epagine.fr\/766\/9782747537766_1_75.jpg","medium":"https:\/\/images.epagine.fr\/766\/9782747537766_1_m.jpg","thumbnail":"https:\/\/images.epagine.fr\/766\/9782747537766_1_v.jpg"},"orderable":true,"show_badge":true,"formatted_price":"28,50&nbsp;\u20ac","formatted_published_date":"1er novembre 2003","publisher_availability_label":"Sur commande","short_details":"Mikios Miklos \u2014 \u00c9ditions L'Harmattan","translator":null,"weight":356,"page_count":336,"readership":null,"editor":"\u00c9ditions L'Harmattan","price":2850,"published_date":"2003-10-31T23:00:00.000000Z","support":"Grand format","publisher_availability":1,"stock":0,"editions":[],"url":"https:\/\/quaidesbrumes.com\/ouvrage\/9782747537766\/naissance-de-la-volonte"},{"id":"9782909698885","title":"Discours de la methode creatrice","description":null,"authors":["Gaudin\/L'Yvonnet"],"category_codes":["9000000","9080000"],"visuals":{"large":"https:\/\/images.epagine.fr\/885\/9782909698885_1_75.jpg","medium":"https:\/\/images.epagine.fr\/885\/9782909698885_1_m.jpg","thumbnail":"https:\/\/images.epagine.fr\/885\/9782909698885_1_v.jpg"},"orderable":true,"show_badge":true,"formatted_price":"9,94&nbsp;\u20ac","formatted_published_date":"25 avril 2003","publisher_availability_label":"Sur commande","short_details":"Gaudin\/L'Yvonnet \u2014 RELIE","translator":null,"weight":160,"page_count":172,"readership":null,"editor":"RELIE","price":994,"published_date":"2003-04-24T22:00:00.000000Z","support":"Grand format","publisher_availability":1,"stock":0,"editions":[],"url":"https:\/\/quaidesbrumes.com\/ouvrage\/9782909698885\/discours-de-la-methode-creatrice"},{"id":"9782747537278","title":"Les anes rouges - genealogie des figures critiques de l'institution philosophique en france","description":"Les \"\u00e2nes rouges\".. Dans son \"Propos\" du 5 mai 1931, Alain d\u00e9signe ainsi \"ceux qu'on ne peut atteler, qui ne croient rien\". Par analogie, nous avons donn\u00e9 ce nom \u00e0 diff\u00e9rentes figures (Lagneau, Alain, Nizan, Politzer, Sartre, Beauvoir et d'autres moins connues) qui ont critiqu\u00e9 de l'int\u00e9rieur l'enseignement de la philosophie dans le but de modifier son programme, ses modalit\u00e9s d'examens et pour d\u00e9noncer les moyens de l\u00e9gitimation et de reproduction de son institution. Cette \u00e9tude cherche \u00e0 d\u00e9terminer les structures de base de l'institution philosophique, \u00e0 isoler les conditions politiques et \u00e9conomiques de son \u00e9volution et \u00e0 \u00e9clairer la relation qui s'instaure entre l'enseignant et l'institution.\r","authors":["Jean-Marc Levent"],"category_codes":["9000000","9080000"],"visuals":{"large":"https:\/\/images.epagine.fr\/278\/9782747537278_1_75.jpg","medium":"https:\/\/images.epagine.fr\/278\/9782747537278_1_m.jpg","thumbnail":"https:\/\/images.epagine.fr\/278\/9782747537278_1_v.jpg"},"orderable":true,"show_badge":true,"formatted_price":"25,00&nbsp;\u20ac","formatted_published_date":"1er novembre 2003","publisher_availability_label":"Sur commande","short_details":"Jean-Marc Levent \u2014 \u00c9ditions L'Harmattan","translator":null,"weight":362,"page_count":285,"readership":null,"editor":"\u00c9ditions L'Harmattan","price":2500,"published_date":"2003-10-31T23:00:00.000000Z","support":"Grand format","publisher_availability":1,"stock":0,"editions":[],"url":"https:\/\/quaidesbrumes.com\/ouvrage\/9782747537278\/les-anes-rouges-genealogie-des-figures-critiques-de-linstitution-philosophique-en-france"},{"id":"9782747537193","title":"IDEE D'ETRANGER CHEZ LES PHILOSOPHES DES LUMIERES","description":"Au XVIIIe si\u00e8cle, p\u00e9riode o\u00f9 la connaissance du monde est d\u00e9j\u00e0 tr\u00e8s compl\u00e8te, les philosophes des Lumi\u00e8res sont directement confront\u00e9s \u00e0 l'alt\u00e9rit\u00e9, ce qui suscite leur r\u00e9flexion sur les plans politiques et religieux bien-s\u00f9r, mais aussi sociologique et culturel. Chacun fait \u00e0 sa mani\u00e8re l'\u00e9loge de la tol\u00e9rance, mais paradoxalement chaque pens\u00e9e reste profond\u00e9ment herm\u00e9tique \u00e0 l'accueil de la diff\u00e9rence. Quoique posant les bases des nationalismes futurs, les philosophes assurent ainsi le renouvellement et la p\u00e9rennisation des valeurs humanistes en les inscrivant au coeur de l'Europe.\r","authors":["Hubert Fran\u00e7ois Baysson"],"category_codes":["9000000","9080000"],"visuals":{"large":"https:\/\/images.epagine.fr\/193\/9782747537193_1_75.jpg","medium":"https:\/\/images.epagine.fr\/193\/9782747537193_1_m.jpg","thumbnail":"https:\/\/images.epagine.fr\/193\/9782747537193_1_v.jpg"},"orderable":true,"show_badge":true,"formatted_price":"42,00&nbsp;\u20ac","formatted_published_date":"1er novembre 2003","publisher_availability_label":"Sur commande","short_details":"Hubert Fran\u00e7ois Baysson \u2014 \u00c9ditions L'Harmattan","translator":null,"weight":550,"page_count":457,"readership":null,"editor":"\u00c9ditions L'Harmattan","price":4200,"published_date":"2003-10-31T23:00:00.000000Z","support":"Grand format","publisher_availability":1,"stock":0,"editions":[],"url":"https:\/\/quaidesbrumes.com\/ouvrage\/9782747537193\/idee-detranger-chez-les-philosophes-des-lumieres"},{"id":"9782747536776","title":"POURQUOI L'ETHIQUE ? : LA VOIE DU BONHEUR SELON ARISTOTE","description":"Pourquoi l'\u00e9thique ? Parce qu'elle nous est impos\u00e9e d\u00e8s notre naissance diront certains. Parce qu'en son absence c'est le chaos diront d'autres. N'est-elle pas indispensable pour g\u00e9rer les rapports de violence entre les hommes ? Dans les deux cas l'\u00e9thique nous limite, et nous la tra\u00eenons comme un boulet. Cependant les Anciens, qui ne manquaient pas de sagesse, voyaient un lien \u00e9troit entre \u00e9thique et bonheur. Aristote insistait particuli\u00e8rement sur le fait que notre d\u00e9sir d'\u00eatre heureux est le lieu m\u00eame de l'enracinement de la morale.","authors":["Howard Hair"],"category_codes":["9000000","9080000"],"visuals":{"large":"https:\/\/images.epagine.fr\/776\/9782747536776_1_75.jpg","medium":"https:\/\/images.epagine.fr\/776\/9782747536776_1_m.jpg","thumbnail":"https:\/\/images.epagine.fr\/776\/9782747536776_1_v.jpg"},"orderable":true,"show_badge":true,"formatted_price":"20,00&nbsp;\u20ac","formatted_published_date":"1er novembre 2003","publisher_availability_label":"Sur commande","short_details":"Howard Hair \u2014 \u00c9ditions L'Harmattan","translator":null,"weight":275,"page_count":200,"readership":null,"editor":"\u00c9ditions L'Harmattan","price":2000,"published_date":"2003-10-31T23:00:00.000000Z","support":"Grand format","publisher_availability":1,"stock":0,"editions":[],"url":"https:\/\/quaidesbrumes.com\/ouvrage\/9782747536776\/pourquoi-lethique-la-voie-du-bonheur-selon-aristote"},{"id":"9782701002286","title":"Philosophie et science","description":null,"authors":["Robert Jean-Dominiqu"],"category_codes":["9000000","9080000"],"visuals":{"large":"https:\/\/images.epagine.fr\/286\/9782701002286_1_75.jpg","medium":"https:\/\/images.epagine.fr\/286\/9782701002286_1_m.jpg","thumbnail":"https:\/\/images.epagine.fr\/286\/9782701002286_1_v.jpg"},"orderable":true,"show_badge":true,"formatted_price":"24,00&nbsp;\u20ac","formatted_published_date":"1er avril 1997","publisher_availability_label":"Sur commande","short_details":"Robert Jean-Dominiqu \u2014 Beauchesne","translator":null,"weight":418,"page_count":384,"readership":null,"editor":"Beauchesne","price":2400,"published_date":"1997-03-31T22:00:00.000000Z","support":"Grand format","publisher_availability":1,"stock":0,"editions":[],"url":"https:\/\/quaidesbrumes.com\/ouvrage\/9782701002286\/philosophie-et-science"},{"id":"9782701002361","title":"Le verbe dans l'histoire","description":null,"authors":["Giao Nguyen Hong"],"category_codes":["9000000","9080000"],"visuals":{"large":"https:\/\/images.epagine.fr\/361\/9782701002361_1_75.jpg","medium":"https:\/\/images.epagine.fr\/361\/9782701002361_1_m.jpg","thumbnail":"https:\/\/images.epagine.fr\/361\/9782701002361_1_v.jpg"},"orderable":true,"show_badge":true,"formatted_price":"63,00&nbsp;\u20ac","formatted_published_date":"1er avril 1974","publisher_availability_label":"Sur commande","short_details":"Giao Nguyen Hong \u2014 Beauchesne","translator":null,"weight":544,"page_count":428,"readership":null,"editor":"Beauchesne","price":6300,"published_date":"1974-03-31T23:00:00.000000Z","support":"Grand format","publisher_availability":1,"stock":0,"editions":[],"url":"https:\/\/quaidesbrumes.com\/ouvrage\/9782701002361\/le-verbe-dans-lhistoire"},{"id":"9782701002392","title":"BAP n\u00b020 - Pour conna\u00eetre Dieu","description":null,"authors":["Marcel Francois"],"category_codes":["9000000","9080000"],"visuals":{"large":"https:\/\/images.epagine.fr\/392\/9782701002392_1_75.jpg","medium":"https:\/\/images.epagine.fr\/392\/9782701002392_1_m.jpg","thumbnail":"https:\/\/images.epagine.fr\/392\/9782701002392_1_v.jpg"},"orderable":true,"show_badge":true,"formatted_price":"39,00&nbsp;\u20ac","formatted_published_date":"1er avril 1975","publisher_availability_label":"Sur commande","short_details":"Marcel Francois \u2014 Beauchesne","translator":null,"weight":436,"page_count":406,"readership":null,"editor":"Beauchesne","price":3900,"published_date":"1975-03-31T23:00:00.000000Z","support":"Grand format","publisher_availability":1,"stock":0,"editions":[],"url":"https:\/\/quaidesbrumes.com\/ouvrage\/9782701002392\/bap-n20-pour-connaitre-dieu"},{"id":"9782701002415","title":"BAP n\u00b022 - Science et m\u00e9taphysique","description":null,"authors":["Collectif"],"category_codes":["9000000","9080000"],"visuals":{"large":"https:\/\/images.epagine.fr\/415\/9782701002415_1_75.jpg","medium":"https:\/\/images.epagine.fr\/415\/9782701002415_1_m.jpg","thumbnail":"https:\/\/images.epagine.fr\/415\/9782701002415_1_v.jpg"},"orderable":true,"show_badge":true,"formatted_price":"36,00&nbsp;\u20ac","formatted_published_date":"1er avril 1997","publisher_availability_label":"Sur commande","short_details":"Collectif \u2014 Beauchesne","translator":null,"weight":240,"page_count":256,"readership":null,"editor":"Beauchesne","price":3600,"published_date":"1997-03-31T22:00:00.000000Z","support":"Grand format","publisher_availability":1,"stock":0,"editions":[],"url":"https:\/\/quaidesbrumes.com\/ouvrage\/9782701002415\/bap-n22-science-et-metaphysique"},{"id":"9782701002477","title":"BAP n\u00b028 - Platon et l'id\u00e9alisme allemand","description":null,"authors":["Vieillard-Baron Jean"],"category_codes":["9000000","9080000"],"visuals":{"large":"https:\/\/images.epagine.fr\/477\/9782701002477_1_75.jpg","medium":"https:\/\/images.epagine.fr\/477\/9782701002477_1_m.jpg","thumbnail":"https:\/\/images.epagine.fr\/477\/9782701002477_1_v.jpg"},"orderable":true,"show_badge":true,"formatted_price":"57,00&nbsp;\u20ac","formatted_published_date":"1er avril 1979","publisher_availability_label":"Sur commande","short_details":"Vieillard-Baron Jean \u2014 Beauchesne","translator":null,"weight":520,"page_count":408,"readership":null,"editor":"Beauchesne","price":5700,"published_date":"1979-03-31T23:00:00.000000Z","support":"Grand format","publisher_availability":1,"stock":0,"editions":[],"url":"https:\/\/quaidesbrumes.com\/ouvrage\/9782701002477\/bap-n28-platon-et-lidealisme-allemand"},{"id":"9782701002569","title":"La personne incarn\u00e9e","description":null,"authors":["Brunner Aguste"],"category_codes":["9000000","9080000"],"visuals":{"large":"https:\/\/images.epagine.fr\/569\/9782701002569_1_75.jpg","medium":"https:\/\/images.epagine.fr\/569\/9782701002569_1_m.jpg","thumbnail":"https:\/\/images.epagine.fr\/569\/9782701002569_1_v.jpg"},"orderable":true,"show_badge":true,"formatted_price":"54,00&nbsp;\u20ac","formatted_published_date":"1er avril 1947","publisher_availability_label":"Sur commande","short_details":"Brunner Aguste \u2014 Beauchesne","translator":null,"weight":344,"page_count":304,"readership":null,"editor":"Beauchesne","price":5400,"published_date":"1947-03-31T23:00:00.000000Z","support":"Grand format","publisher_availability":1,"stock":0,"editions":[],"url":"https:\/\/quaidesbrumes.com\/ouvrage\/9782701002569\/la-personne-incarnee"},{"id":"9782701002637","title":"Connaissance et amour","description":null,"authors":["Jean-pierre Bagot"],"category_codes":["9000000","9080000"],"visuals":{"large":"https:\/\/images.epagine.fr\/637\/9782701002637_1_75.jpg","medium":"https:\/\/images.epagine.fr\/637\/9782701002637_1_m.jpg","thumbnail":"https:\/\/images.epagine.fr\/637\/9782701002637_1_v.jpg"},"orderable":true,"show_badge":true,"formatted_price":"44,00&nbsp;\u20ac","formatted_published_date":"1er avril 1997","publisher_availability_label":"Sur commande","short_details":"Jean-pierre Bagot \u2014 Beauchesne","translator":null,"weight":292,"page_count":248,"readership":null,"editor":"Beauchesne","price":4400,"published_date":"1997-03-31T22:00:00.000000Z","support":"Grand format","publisher_availability":1,"stock":0,"editions":[],"url":"https:\/\/quaidesbrumes.com\/ouvrage\/9782701002637\/connaissance-et-amour"},{"id":"9782701011004","title":"BAP n\u00b044 - Po\u00e9tique du possible","description":"L'opposition du possible et du r\u00e9el est aussi ancienne que la m\u00e9taphysique elle-m\u00eame et se confond avec son projet. En entreprenant la d\u00e9construction de ce projet sur la base d'une ex\u00e9g\u00e8se rigoureuse de la probl\u00e9matique heideggerienne du possible, l'auteur d\u00e9montre le caract\u00e8re fondamental de la figuration qui ne se laisse pas cantonner dans le domaine esth\u00e9tique. La po\u00e9tique du possible comprend deux modalit\u00e9s essentielles : une herm\u00e9neutique ontologique et une herm\u00e9neutique eschatologique. Leur diff\u00e9rence et leur compl\u00e9mentarit\u00e9 permet d'articuler le rapport de la philosophie et de la th\u00e9ologie. Cette \u00e9tude s'ins\u00e8re dans un courant de pens\u00e9e tr\u00e8s actuel. Richard KEARNEY, disciple de Paul Ricoeur, fait partie de la nouvelle g\u00e9n\u00e9ration de philosophes, \u00e0 l'abri de la \u00ab philosophie mondaine \u00bb, qui s'engagent r\u00e9solument sur de nouveaux chemins de pens\u00e9e. Il est professeur \u00e0 l'Universit\u00e9 de Dublin (Irlande) et a su d\u00e9j\u00e0 s'imposer mondialement par ses premiers travaux.\r","authors":["Richard Kearney"],"category_codes":["9000000","9080000"],"visuals":{"large":"https:\/\/images.epagine.fr\/004\/9782701011004_1_75.jpg","medium":"https:\/\/images.epagine.fr\/004\/9782701011004_1_m.jpg","thumbnail":"https:\/\/images.epagine.fr\/004\/9782701011004_1_v.jpg"},"orderable":true,"show_badge":true,"formatted_price":"39,00&nbsp;\u20ac","formatted_published_date":"1er avril 1984","publisher_availability_label":"Sur commande","short_details":"Richard Kearney \u2014 Beauchesne","translator":null,"weight":384,"page_count":282,"readership":null,"editor":"Beauchesne","price":3900,"published_date":"1984-03-31T22:00:00.000000Z","support":"Grand format","publisher_availability":1,"stock":0,"editions":[],"url":"https:\/\/quaidesbrumes.com\/ouvrage\/9782701011004\/bap-n44-poetique-du-possible"},{"id":"9782701013411","title":"Les sciences religieuses - Le XIXe si\u00e8cle 1800-1914","description":"Le Dictionnaire des sciences religieuses au XIX\u00e8 si\u00e8cle (1800-1914) se pr\u00e9sente comme un instrument de travail qui fait le pont des connaissances sur la rencontre entre sciences et religions au XIX\u00e8 si\u00e8cle et qui indique les nouvelles recherches \u00e0 entreprendre. \r\nLe programme est rempli gr\u00e2ce \u00e0 714 notices biographies (avec bibliographies) consacr\u00e9es aux clercs et la\u00efcs qui, entre R\u00e9volution et Modernisme, ont oeuvr\u00e9 directement ou indirectement dans le champ des sciences religieuses : th\u00e9ologiens, historiens des religions, m\u00e9decins, savants et philosophes. Les personnages retenus appartiennent \u00e0 toutes les confessions influentes en France aussi bien qu\u00b4aux milieux rationalistes et libres penseurs. \r\nCet ouvrage a \u00e9t\u00e9 con\u00e7u et dirig\u00e9 et, pour une large part, r\u00e9dig\u00e9, par Fran\u00e7ois Laplanche, le sp\u00e9cialiste reconnu de l\u00b4histoire de l\u00b4ex\u00e9g\u00e8se qui, dans sa plus r\u00e9cente production (La Bible en France en mythe et critique. XVI\u00e8-XIX\u00e8 si\u00e8cle), a mis en \u00e9vidence l\u00b4originalit\u00e9 d\u00b4un XIX\u00e8 si\u00e8cle ignor\u00e9 jusqu\u00b4alors. \r\nCe Dictionnaire, qui a exig\u00e9 la participation de plus de cent auteurs venus de diverses sp\u00e9cialit\u00e9s, comprend encore une introduction, une bibliographie g\u00e9n\u00e9rale et des annexes incluant des listes d\u00b4enseignants des Instituts catholiques et de la section des Sciences religieuses de l\u00b4Ecole Pratique des Hautes Etudes. \r\nCe Dictionnaire se propose de combler une importante lacune de l\u00b4histoire intellectuelle nationale en mettant notamment en valeur la circulation des id\u00e9es entre la France et ses voisins, hollandais, anglais et plus encore allemands. Dans la longue dur\u00e9e, la rencontre des religions et de la modernit\u00e9 culturelle constitue en effet un vaste champ de probl\u00e8mes qui agitent encore notre actualit\u00e9. \r\nL\u00b4apport du Dictionnaire \u00e0 cette recherche tient \u00e0 la fois \u00e0 la place qu\u00b4y occupent des interm\u00e9diaires culturels jusqu\u00b4ici peu connus, comme les r\u00e9dacteurs de revues ou d\u00b4encyclop\u00e9dies sp\u00e9cialis\u00e9es, et \u00e0 l\u00b4approche scientifique des personnages de premier plan, tels Maurice Blondel, le P. de Grandmaison, Louis Duchesne, Louis Veuillot, y compris l\u00b4abb\u00e9 Gr\u00e9goire, Gerbet ou Loisy, ces derniers trop souvent objets d\u00b4appr\u00e9ciations partisanes.\r","authors":["Fran\u00e7ois Laplanche"],"category_codes":["9000000","9080000"],"visuals":{"large":"https:\/\/images.epagine.fr\/411\/9782701013411_1_75.jpg","medium":"https:\/\/images.epagine.fr\/411\/9782701013411_1_m.jpg","thumbnail":"https:\/\/images.epagine.fr\/411\/9782701013411_1_v.jpg"},"orderable":true,"show_badge":true,"formatted_price":"84,00&nbsp;\u20ac","formatted_published_date":"1er avril 1996","publisher_availability_label":"Sur commande","short_details":"Fran\u00e7ois Laplanche \u2014 Beauchesne","translator":null,"weight":1118,"page_count":678,"readership":null,"editor":"Beauchesne","price":8400,"published_date":"1996-03-31T22:00:00.000000Z","support":"Grand format","publisher_availability":1,"stock":0,"editions":[],"url":"https:\/\/quaidesbrumes.com\/ouvrage\/9782701013411\/les-sciences-religieuses-le-xixe-siecle-1800-1914"},{"id":"9782701013831","title":"BAP n\u00b064 - Pierre Chanut, ami de Descartes","description":null,"authors":["Reymond Jean-Francoi"],"category_codes":["9000000","9080000"],"visuals":{"large":"https:\/\/images.epagine.fr\/831\/9782701013831_1_75.jpg","medium":"https:\/\/images.epagine.fr\/831\/9782701013831_1_m.jpg","thumbnail":"https:\/\/images.epagine.fr\/831\/9782701013831_1_v.jpg"},"orderable":true,"show_badge":true,"formatted_price":"27,00&nbsp;\u20ac","formatted_published_date":"1er mars 1999","publisher_availability_label":"Sur commande","short_details":"Reymond Jean-Francoi \u2014 Beauchesne","translator":null,"weight":336,"page_count":256,"readership":null,"editor":"Beauchesne","price":2700,"published_date":"1999-02-28T23:00:00.000000Z","support":"Grand format","publisher_availability":1,"stock":0,"editions":[],"url":"https:\/\/quaidesbrumes.com\/ouvrage\/9782701013831\/bap-n64-pierre-chanut-ami-de-descartes"},{"id":"9782747543156","title":"Le\u00e7ons clermontoises I : Henri Bergson - Texte \u00e9tabli, pr\u00e9sent\u00e9 et annot\u00e9 par Renzo Ragghianti","description":"Apr\u00e8s le lyc\u00e9e d'Angers o\u00f9 il enseigne la philosophie \u00e0 partir d'octobre 1881, Bergson est nomm\u00e9 \u00e0 Clermont-Ferrand le 28 septembre 1883 : il y restera cinq ans. Ces le\u00e7ons transcrites au fur et \u00e0 mesure de l'exposition ou tout simplement dict\u00e9es, \u00e9tant en pur style oral nous font p\u00e9n\u00e9trer dans sa classe. M\u00eame si selon ses propos, dans l'enseignement on ne doit livrer que \" les v\u00e9rit\u00e9s traditionnelles \", ceci n'exclut pas que des th\u00e8mes proprement bergsonniens apparaissent d\u00e9j\u00e0 dans ses cours.\r","authors":["Renzo Ragghianti"],"category_codes":["9000000","9080000"],"visuals":{"large":"https:\/\/images.epagine.fr\/156\/9782747543156_1_75.jpg","medium":"https:\/\/images.epagine.fr\/156\/9782747543156_1_m.jpg","thumbnail":"https:\/\/images.epagine.fr\/156\/9782747543156_1_v.jpg"},"orderable":true,"show_badge":true,"formatted_price":"35,50&nbsp;\u20ac","formatted_published_date":"1er novembre 2003","publisher_availability_label":"Sur commande","short_details":"Renzo Ragghianti \u2014 \u00c9ditions L'Harmattan","translator":null,"weight":460,"page_count":376,"readership":null,"editor":"\u00c9ditions L'Harmattan","price":3550,"published_date":"2003-10-31T23:00:00.000000Z","support":"Grand format","publisher_availability":1,"stock":0,"editions":[],"url":"https:\/\/quaidesbrumes.com\/ouvrage\/9782747543156\/lecons-clermontoises-i-henri-bergson-texte-etabli-presente-et-annote-par-renzo-ragghianti"},{"id":"9782747542609","title":"Le Lib\u00e9ralisme, l'Innovation et la Question des Limites","description":"La compr\u00e9hension du lib\u00e9ralisme suppose qu'une attention suffisante soit accord\u00e9e tant \u00e0 la notion d'innovation elle-m\u00eame qu'\u00e0 la fa\u00e7on dont cette innovation se heurte constamment aux limites \u00e9conomiques, politiques et juridiques qui d\u00e9terminent la vie sociale. C'est ce que font les divers articles qui composent le pr\u00e9sent ouvrage, en d\u00e9crivant ses acteurs (l'entrepreneur, le prescripteur), ses enjeux (la valeur, l'espoir) et ses lieux (l'espace \u00e9conomique et l'espace politique).\r","authors":["Romain Laufer"],"category_codes":["9000000","9080000"],"visuals":{"large":"https:\/\/images.epagine.fr\/609\/9782747542609_1_75.jpg","medium":"https:\/\/images.epagine.fr\/609\/9782747542609_1_m.jpg","thumbnail":"https:\/\/images.epagine.fr\/609\/9782747542609_1_v.jpg"},"orderable":true,"show_badge":true,"formatted_price":"20,00&nbsp;\u20ac","formatted_published_date":"1er novembre 2003","publisher_availability_label":"Sur commande","short_details":"Romain Laufer \u2014 \u00c9ditions L'Harmattan","translator":null,"weight":300,"page_count":223,"readership":null,"editor":"\u00c9ditions L'Harmattan","price":2000,"published_date":"2003-10-31T23:00:00.000000Z","support":"Grand format","publisher_availability":1,"stock":0,"editions":[],"url":"https:\/\/quaidesbrumes.com\/ouvrage\/9782747542609\/le-liberalisme-linnovation-et-la-question-des-limites"},{"id":"9782747537247","title":"Merleau-Ponty dans l'invisible : L'Oeil et l'Esprit au miroir du Visible et de l'invisible","description":"Dans la stricte exigence du commentaire, l'auteur s'attache \u00e0 L' Oeil et l'Esprit, dernier livre du ph\u00e9nom\u00e9nologue Maurice Merleau-Ponty. Par ce travail \" quasi\" mot \u00e0 mot, et \u00e9clair\u00e9 par le Visible et l'invisible, rest\u00e9 inachev\u00e9, L' Oeil et l'Esprit se r\u00e9v\u00e8le dans son ambition r\u00e9elle mais peu soulign\u00e9e : celle d'introduire \u00e0 l'invisible pur. Ceci est comment\u00e9 par l'auteur en prenant pour t\u00e9moins C\u00e9zanne, Klee, Giacometti, Duchamp, Masson, Michaux.\r","authors":["Serge Valdinoci"],"category_codes":["9000000","9080000"],"visuals":{"large":"https:\/\/images.epagine.fr\/247\/9782747537247_1_75.jpg","medium":"https:\/\/images.epagine.fr\/247\/9782747537247_1_m.jpg","thumbnail":"https:\/\/images.epagine.fr\/247\/9782747537247_1_v.jpg"},"orderable":true,"show_badge":true,"formatted_price":"16,00&nbsp;\u20ac","formatted_published_date":"1er novembre 2003","publisher_availability_label":"Sur commande","short_details":"Serge Valdinoci \u2014 \u00c9ditions L'Harmattan","translator":null,"weight":225,"page_count":169,"readership":null,"editor":"\u00c9ditions L'Harmattan","price":1600,"published_date":"2003-10-31T23:00:00.000000Z","support":"Grand format","publisher_availability":1,"stock":0,"editions":[],"url":"https:\/\/quaidesbrumes.com\/ouvrage\/9782747537247\/merleau-ponty-dans-linvisible-loeil-et-lesprit-au-miroir-du-visible-et-de-linvisible"},{"id":"9782747545020","title":"Entre la quete de l'absolu et le principe de realite - melanges en l'honneur de jean-marie paul","description":"Qu'ils s'appellent K. Marx, R. Varnhagen, H. von Treitschke ou M. Stirner, L. von Fran\u00e7ois ou G. Sand, Fontane, Rilke, P. Klee ou encore Nietzsche, qu'ils aient connu la fin du XVIIIe, le XIXe ou  le XXe si\u00e8cle et leurs lots d'utopies, d'\u00e9checs, voire d'horreurs, tous ceux que les contributions de ces M\u00e9langes offert \u00e0 Jean-Marie Paul ont convoqu\u00e9s nous rappellent combien sont inchang\u00e9s les aspirations, les id\u00e9aux, les conflits et les d\u00e9chirements de l'homme face \u00e0 la soci\u00e9t\u00e9. J-M. Paul, haute figure de la germanistique fran\u00e7aise, sp\u00e9cialiste de litt\u00e9rature et de l'histoire des id\u00e9es, a enseign\u00e9 dans les universit\u00e9s de Dijon, de Nancy et D'Angers\r","authors":[],"category_codes":["9000000","9080000"],"visuals":{"large":"https:\/\/images.epagine.fr\/020\/9782747545020_1_75.jpg","medium":"https:\/\/images.epagine.fr\/020\/9782747545020_1_m.jpg","thumbnail":"https:\/\/images.epagine.fr\/020\/9782747545020_1_v.jpg"},"orderable":true,"show_badge":true,"formatted_price":"39,00&nbsp;\u20ac","formatted_published_date":"1er novembre 2003","publisher_availability_label":"Sur commande","short_details":"\u00c9ditions L'Harmattan","translator":null,"weight":575,"page_count":470,"readership":null,"editor":"\u00c9ditions L'Harmattan","price":3900,"published_date":"2003-10-31T23:00:00.000000Z","support":"Grand format","publisher_availability":1,"stock":0,"editions":[],"url":"https:\/\/quaidesbrumes.com\/ouvrage\/9782747545020\/entre-la-quete-de-labsolu-et-le-principe-de-realite-melanges-en-lhonneur-de-jean-marie-paul"},{"id":"9782738430403","title":"Le paradigme de la filiation","description":null,"authors":["Jean Gayon","Jean-Jacques Wunenburger"],"category_codes":["9000000","9080000"],"visuals":{"large":"https:\/\/images.epagine.fr\/403\/9782738430403_1_75.jpg","medium":"https:\/\/images.epagine.fr\/403\/9782738430403_1_m.jpg","thumbnail":"https:\/\/images.epagine.fr\/403\/9782738430403_1_v.jpg"},"orderable":true,"show_badge":true,"formatted_price":"40,00&nbsp;\u20ac","formatted_published_date":"3 mai 2000","publisher_availability_label":"Sur commande","short_details":"Jean Gayon, Jean-Jacques Wunenburger \u2014 \u00c9ditions L'Harmattan","translator":null,"weight":538,"page_count":444,"readership":null,"editor":"\u00c9ditions L'Harmattan","price":4000,"published_date":"2000-05-02T22:00:00.000000Z","support":"Grand format","publisher_availability":1,"stock":0,"editions":[],"url":"https:\/\/quaidesbrumes.com\/ouvrage\/9782738430403\/le-paradigme-de-la-filiation"},{"id":"9782747543323","title":"Deleuze et la question de la d\u00e9mocratie","description":"Pour qui veut comprendre la cassure qui traverse et travaille en profondeur le champ de la pens\u00e9e contemporaine, il convient de revenir et de s'interroger sur la philosophie politique de Gilles Deleuze, l'une des plus importantes de la modernit\u00e9 r\u00e9cente. Son oeuvre exige qu'on la questionne et probl\u00e9matise, surtout dans son rapport difficile et paradoxal \u00e0 la d\u00e9mocratie.\r","authors":["Philippe Mengu\u00e9"],"category_codes":["9000000","9080000"],"visuals":{"large":"https:\/\/images.epagine.fr\/323\/9782747543323_1_75.jpg","medium":"https:\/\/images.epagine.fr\/323\/9782747543323_1_m.jpg","thumbnail":"https:\/\/images.epagine.fr\/323\/9782747543323_1_v.jpg"},"orderable":true,"show_badge":true,"formatted_price":"20,50&nbsp;\u20ac","formatted_published_date":"1er novembre 2003","publisher_availability_label":"Sur commande","short_details":"Philippe Mengu\u00e9 \u2014 \u00c9ditions L'Harmattan","translator":null,"weight":295,"page_count":230,"readership":null,"editor":"\u00c9ditions L'Harmattan","price":2050,"published_date":"2003-10-31T23:00:00.000000Z","support":"Grand format","publisher_availability":1,"stock":0,"editions":[],"url":"https:\/\/quaidesbrumes.com\/ouvrage\/9782747543323\/deleuze-et-la-question-de-la-democratie"},{"id":"9782747544498","title":"Nietzsche et la vie spirituelle","description":"Nietzsche est universellement connu comme l'un des plus grands critiques de la religion. Sa contestation, cependant, se fonde toujours sur une pens\u00e9e affirmative. Le  pr\u00e9sent ouvrage a pour propos d'explorer le versant positif de la r\u00e9flexion de Nietzsche sur la vie spirituelle, entendue comme ensemble r\u00e9unissant l'asc\u00e9tique et la mystique. L'apport de Nietzsche \u00e0 la spiritualit\u00e9, trop souvent n\u00e9glig\u00e9, int\u00e9ressera aussi bien le connaisseur du grand philosophe que le lecteur soucieux d'aborder avec acuit\u00e9 la question de la valeur de l'existence.\r","authors":["Ivan Broisson"],"category_codes":["9000000","9080000"],"visuals":{"large":"https:\/\/images.epagine.fr\/498\/9782747544498_1_75.jpg","medium":"https:\/\/images.epagine.fr\/498\/9782747544498_1_m.jpg","thumbnail":"https:\/\/images.epagine.fr\/498\/9782747544498_1_v.jpg"},"orderable":true,"show_badge":true,"formatted_price":"18,00&nbsp;\u20ac","formatted_published_date":"1er novembre 2003","publisher_availability_label":"Sur commande","short_details":"Ivan Broisson \u2014 \u00c9ditions L'Harmattan","translator":null,"weight":260,"page_count":204,"readership":null,"editor":"\u00c9ditions L'Harmattan","price":1800,"published_date":"2003-10-31T23:00:00.000000Z","support":"Grand format","publisher_availability":1,"stock":0,"editions":[],"url":"https:\/\/quaidesbrumes.com\/ouvrage\/9782747544498\/nietzsche-et-la-vie-spirituelle"},{"id":"9782874153204","title":"L'humanisme","description":null,"authors":["Joelle Milquet"],"category_codes":["9000000","9080000","9080200","9080204"],"visuals":{"large":"https:\/\/quaidesbrumes.com\/img\/book-placeholder.png","medium":"https:\/\/quaidesbrumes.com\/img\/book-placeholder.png","thumbnail":"https:\/\/quaidesbrumes.com\/img\/book-placeholder.png"},"orderable":true,"show_badge":true,"formatted_price":"11,95&nbsp;\u20ac","formatted_published_date":"10 mars 2004","publisher_availability_label":"Sur commande","short_details":"Joelle Milquet \u2014 LUC PIRE","translator":null,"weight":160,"page_count":null,"readership":null,"editor":"LUC PIRE","price":1195,"published_date":"2004-03-09T23:00:00.000000Z","support":"Grand format","publisher_availability":1,"stock":0,"editions":[],"url":"https:\/\/quaidesbrumes.com\/ouvrage\/9782874153204\/lhumanisme"},{"id":"9782747545129","title":"La philosophie et l'africanite: critique d'un intellectualisme ferme","description":"Quel r\u00f4le jouent les intellectuels philosophes africains dans les multiples crises africaines des temps modernesoe Des efforts intellectuels se sont d\u00e9ploy\u00e9s pour corriger une image africaine n\u00e9gative. Exclusivement concentr\u00e9s sur cette probl\u00e9matique les intellectuels ont presque oubli\u00e9 les crises internes des soci\u00e9t\u00e9s africaines. Comment la r\u00e9flexion philosophique pourrait-elle aider l'Afrique?\r","authors":["Uwodi Monu M"],"category_codes":["9000000","9080000"],"visuals":{"large":"https:\/\/images.epagine.fr\/129\/9782747545129_1_75.jpg","medium":"https:\/\/images.epagine.fr\/129\/9782747545129_1_m.jpg","thumbnail":"https:\/\/images.epagine.fr\/129\/9782747545129_1_v.jpg"},"orderable":true,"show_badge":true,"formatted_price":"22,00&nbsp;\u20ac","formatted_published_date":"1er novembre 2003","publisher_availability_label":"Sur commande","short_details":"Uwodi Monu M \u2014 \u00c9ditions L'Harmattan","translator":null,"weight":320,"page_count":256,"readership":null,"editor":"\u00c9ditions L'Harmattan","price":2200,"published_date":"2003-10-31T23:00:00.000000Z","support":"Grand format","publisher_availability":1,"stock":0,"editions":[],"url":"https:\/\/quaidesbrumes.com\/ouvrage\/9782747545129\/la-philosophie-et-lafricanite-critique-dun-intellectualisme-ferme"}]}