{"data":[{"id":"9782913126114","title":"Probl\u00e8mes de l'empirisme ; \u00e9crits philosophiques Tome 2","description":"Dans ce livre, Feyerabend livre une s\u00e9rie de fiches de lecture sur quelques-unes des grandes th\u00e8ses \u00e9pist\u00e9mologiques contemporaines, ce qui l'am\u00e8ne \u00e0 pr\u00e9senter, puis \u00e0 \u00e9valuer et discuter les productions de ses coll\u00e8gues et ma\u00eetres. Les sujets concernent les popp\u00e9riens (Zahar, Watkins, Agassi), Popper lui-m\u00eame, son \"ami et fr\u00e8re en anarchisme\", Lakatos, Nagel, Kuhn ou Laudan. Le livre ne manque pas d'\u00e9voquer les p\u00e9riodes ant\u00e9rieures o\u00f9 apparaissent Whewell, Descartes, Bacon ou Newton.\r","authors":["Paul k. Feyerabend"],"category_codes":["9000000","9080000","9080200","9080204"],"visuals":{"large":"https:\/\/images.epagine.fr\/114\/9782913126114_1_75.jpg","medium":"https:\/\/images.epagine.fr\/114\/9782913126114_1_m.jpg","thumbnail":"https:\/\/images.epagine.fr\/114\/9782913126114_1_v.jpg"},"orderable":true,"show_badge":true,"formatted_price":"39,00&nbsp;\u20ac","formatted_published_date":"28 f\u00e9vrier 2003","publisher_availability_label":"Sur commande","short_details":"Paul k. Feyerabend \u2014 DIANOIA","translator":null,"weight":600,"page_count":464,"readership":null,"editor":"DIANOIA","price":3900,"published_date":"2003-02-27T23:00:00.000000Z","support":"Grand format","publisher_availability":1,"stock":0,"editions":[],"url":"https:\/\/quaidesbrumes.com\/ouvrage\/9782913126114\/problemes-de-lempirisme-ecrits-philosophiques-tome-2"},{"id":"9782747544467","title":"Le nom, le travail, le citoyen et sa vertu - lieux et usages du monde, i","description":"Le projet g\u00e9neral de ces Lieux et usages du monde, -dont ce livre constitue les trois premiers \u00e9chantillons-, est de dessiner une antropologie sans humanisme respectant la diversit\u00e9 de ces champs de l'exp\u00e9rience. A chaque fois, et selon les exigences propres de ces champs, on y repose la question de l'\u00e9mancipation. Ici l'auteur s'interroge sur le sens et l'importance que l'on doit attacher \u00e0 l'experience d'avoir \u00e9t\u00e9 mal nomm\u00e9.\r","authors":["Hubert Vincent"],"category_codes":["9000000","9080000"],"visuals":{"large":"https:\/\/images.epagine.fr\/467\/9782747544467_1_75.jpg","medium":"https:\/\/images.epagine.fr\/467\/9782747544467_1_m.jpg","thumbnail":"https:\/\/images.epagine.fr\/467\/9782747544467_1_v.jpg"},"orderable":true,"show_badge":true,"formatted_price":"18,00&nbsp;\u20ac","formatted_published_date":"1er novembre 2003","publisher_availability_label":"Sur commande","short_details":"Hubert Vincent \u2014 \u00c9ditions L'Harmattan","translator":null,"weight":270,"page_count":202,"readership":null,"editor":"\u00c9ditions L'Harmattan","price":1800,"published_date":"2003-10-31T23:00:00.000000Z","support":"Grand format","publisher_availability":1,"stock":0,"editions":[],"url":"https:\/\/quaidesbrumes.com\/ouvrage\/9782747544467\/le-nom-le-travail-le-citoyen-et-sa-vertu-lieux-et-usages-du-monde-i"},{"id":"9782747539562","title":"Sartre et Lacan : Le verbe \u00eatre, entre concept et fantasme","description":"Comment relier Sartre et Lacan lorsqu'il s'agit d'aborder des points aussi essentiels que l'inconscient, l'alt\u00e9rit\u00e9 ou l'acte ? Quel est le lien qui relie Sartre \"engag\u00e9\" \u00e0 la psychanalyse lacanienne ? Quel est chez Sartre la nature de l'alt\u00e9rit\u00e9 ? Qu'y a-t-il dans l'Etre de Sartre qui peut se rapprocher de l'Etre chez Lacan ? Et qu'en est-il de l'existence sartrienne par rapport \u00e0 l'ek-sistence lacanienne ? La r\u00e9ponse \u00e0 ces questions se fait par le biais de l'intrication de textes philosophiques, biographiques et autobiographiques de Sartre.","authors":["Sara Vassallo"],"category_codes":["9000000","9080000"],"visuals":{"large":"https:\/\/images.epagine.fr\/562\/9782747539562_1_75.jpg","medium":"https:\/\/images.epagine.fr\/562\/9782747539562_1_m.jpg","thumbnail":"https:\/\/images.epagine.fr\/562\/9782747539562_1_v.jpg"},"orderable":true,"show_badge":true,"formatted_price":"30,00&nbsp;\u20ac","formatted_published_date":"1er novembre 2003","publisher_availability_label":"Sur commande","short_details":"Sara Vassallo \u2014 \u00c9ditions L'Harmattan","translator":null,"weight":430,"page_count":324,"readership":null,"editor":"\u00c9ditions L'Harmattan","price":3000,"published_date":"2003-10-31T23:00:00.000000Z","support":"Grand format","publisher_availability":1,"stock":0,"editions":[],"url":"https:\/\/quaidesbrumes.com\/ouvrage\/9782747539562\/sartre-et-lacan-le-verbe-etre-entre-concept-et-fantasme"},{"id":"9782747540353","title":"Voyages - aux confins de la democratie - un mathematicien chez les politiques","description":"Quand un scientifique p\u00e9n\u00e8tre dans le monde de la politique, il ne peut s'emp\u00eacher de l'\u00e9tudier comme il \u00e9tudie la nature, et ce qu'il d\u00e9couvre est \u00e9trange. Pourquoi les femmes et les hommes politiques se conduisent-ils de fa\u00e7on si curieuse ? Pourquoi, par exemple, utilisent-ils la langue de bois qui semble tant d\u00e9plaire \u00e0 leurs auditeurs et non le langage de la raison ? Pourquoi les imp\u00f4ts augmentent-ils oeLa recherche de r\u00e9ponses \u00e0 ces questions, et \u00e0 d'autres analogues est \u00e0 l'origine de ce livre.\r","authors":["Michel Zisman"],"category_codes":["9000000","9080000"],"visuals":{"large":"https:\/\/images.epagine.fr\/353\/9782747540353_1_75.jpg","medium":"https:\/\/images.epagine.fr\/353\/9782747540353_1_m.jpg","thumbnail":"https:\/\/images.epagine.fr\/353\/9782747540353_1_v.jpg"},"orderable":true,"show_badge":true,"formatted_price":"26,50&nbsp;\u20ac","formatted_published_date":"1er novembre 2003","publisher_availability_label":"Sur commande","short_details":"Michel Zisman \u2014 \u00c9ditions L'Harmattan","translator":null,"weight":375,"page_count":308,"readership":null,"editor":"\u00c9ditions L'Harmattan","price":2650,"published_date":"2003-10-31T23:00:00.000000Z","support":"Grand format","publisher_availability":1,"stock":0,"editions":[],"url":"https:\/\/quaidesbrumes.com\/ouvrage\/9782747540353\/voyages-aux-confins-de-la-democratie-un-mathematicien-chez-les-politiques"},{"id":"9782747539449","title":"Regard sur \"l'\u00e9volution cr\u00e9atrice\"","description":"Que reste-t-il aujourd'hui de \"l'\u00e9volution cr\u00e9atrice\" de Bergson? Les progr\u00e8s prodigieux accomplis par les sciences - biologie, physique, thermodynamique- semblent devoir marquer du sceau de la caducit\u00e9 un livre \u00e9crit alors que la th\u00e9orie de la relativit\u00e9 vient de faire son apparition tandis que la biologie comme  science n'en est encore qu'\u00e0 ses d\u00e9buts. Pourtant \"l'\u00e9volution cr\u00e9atrice\" surprend le lecteur \u00e0 plus d'un titre. A l'heure o\u00f9 une \"R\u00e9forme de la pens\u00e9e\" s'impose de plus en plus, la r\u00e9conciliation de la science et de la philosophie est devenue urgente.","authors":["Jean Bardy"],"category_codes":["9000000","9080000"],"visuals":{"large":"https:\/\/images.epagine.fr\/449\/9782747539449_1_75.jpg","medium":"https:\/\/images.epagine.fr\/449\/9782747539449_1_m.jpg","thumbnail":"https:\/\/images.epagine.fr\/449\/9782747539449_1_v.jpg"},"orderable":true,"show_badge":true,"formatted_price":"11,50&nbsp;\u20ac","formatted_published_date":"1er novembre 2003","publisher_availability_label":"Sur commande","short_details":"Jean Bardy \u2014 \u00c9ditions L'Harmattan","translator":null,"weight":155,"page_count":110,"readership":null,"editor":"\u00c9ditions L'Harmattan","price":1150,"published_date":"2003-10-31T23:00:00.000000Z","support":"Grand format","publisher_availability":1,"stock":0,"editions":[],"url":"https:\/\/quaidesbrumes.com\/ouvrage\/9782747539449\/regard-sur-levolution-creatrice"},{"id":"9782747539081","title":"Au-dela du signe : gadamer et derrida - le depassement hermeneutique et deconstructiviste du dasein","description":"Cet ouvrage propose une confrontation entre l'herm\u00e9neutique de Gadamer et la d\u00e9construction de Derrida. Sur le fond de leur critique respective de Heidegger, il s'emploie \u00e0 faire appara\u00eetre les enjeux ontologiques de ces deux tentatives de d\u00e9passement de la m\u00e9taphysique, qui occupent une place dominante sur la sc\u00e8ne philosophique actuelle. Si dans cette pol\u00e9mique autour du legs heidegg\u00e9rien, le dernier mot n'appartient pas \u00e0 Heiddeger lui-m\u00eame, ne convient-il pas tout le moins de faire entendre sa voix plus clairement ?\r","authors":["Zoran Jankovic"],"category_codes":["9000000","9080000"],"visuals":{"large":"https:\/\/images.epagine.fr\/081\/9782747539081_1_75.jpg","medium":"https:\/\/images.epagine.fr\/081\/9782747539081_1_m.jpg","thumbnail":"https:\/\/images.epagine.fr\/081\/9782747539081_1_v.jpg"},"orderable":true,"show_badge":true,"formatted_price":"21,50&nbsp;\u20ac","formatted_published_date":"1er novembre 2003","publisher_availability_label":"Sur commande","short_details":"Zoran Jankovic \u2014 \u00c9ditions L'Harmattan","translator":null,"weight":340,"page_count":245,"readership":null,"editor":"\u00c9ditions L'Harmattan","price":2150,"published_date":"2003-10-31T23:00:00.000000Z","support":"Grand format","publisher_availability":1,"stock":0,"editions":[],"url":"https:\/\/quaidesbrumes.com\/ouvrage\/9782747539081\/au-dela-du-signe-gadamer-et-derrida-le-depassement-hermeneutique-et-deconstructiviste-du-dasein"},{"id":"9782747534970","title":"La conception des objets - son monde de fiction","description":"Notre monde est satur\u00e9 d'objets, techniques et artistiques, abstraits ou concrets. Comment sont-ils con\u00e7us ? Au nom de quoi ? Quels mat\u00e9riaux sont transform\u00e9s lors de cette conception ? Quelles fictions sont construites pour en soutenir les proc\u00e9dures ? Comment penser cet ensemble complexe de comp\u00e9tences, de cognitions, de performances, mobilis\u00e9 pour faire exister ce qui, au d\u00e9part, n'est que projet ? Cet essai engage \u00e0 sa mani\u00e8re des r\u00e9ponses \u00e0 toutes ces questions, qui en tous domaines, nous animent.\r","authors":["Daniel Guibert"],"category_codes":["6000000","6050000","6051000"],"visuals":{"large":"https:\/\/images.epagine.fr\/970\/9782747534970_1_75.jpg","medium":"https:\/\/images.epagine.fr\/970\/9782747534970_1_m.jpg","thumbnail":"https:\/\/images.epagine.fr\/970\/9782747534970_1_v.jpg"},"orderable":true,"show_badge":true,"formatted_price":"31,50&nbsp;\u20ac","formatted_published_date":"1er novembre 2003","publisher_availability_label":"Sur commande","short_details":"Daniel Guibert \u2014 \u00c9ditions L'Harmattan","translator":null,"weight":480,"page_count":356,"readership":null,"editor":"\u00c9ditions L'Harmattan","price":3150,"published_date":"2003-10-31T23:00:00.000000Z","support":"Grand format","publisher_availability":1,"stock":0,"editions":[],"url":"https:\/\/quaidesbrumes.com\/ouvrage\/9782747534970\/la-conception-des-objets-son-monde-de-fiction"},{"id":"9782747539951","title":"Simone Weil : La passion de la raison","description":"Ce recueil a voulu suivre l'oeuvre de Simone Weil. Il r\u00e9unit un ensemble d'\u00e9tudes qui s'emploient \u00e0 rendre compte de son cheminement. Il interroge une pens\u00e9e en gestation, une \u00e9criture en travail, bref, une m\u00e9thode qui est une langue et qui prend tous les risques de l'\"inexprimable\". Ces textes sondent l'ambivalence d'une oeuvre tendue entre philosophie politique, philosophie sp\u00e9culative et raisonnement th\u00e9ologique.","authors":[],"category_codes":["9000000","9080000"],"visuals":{"large":"https:\/\/images.epagine.fr\/951\/9782747539951_1_75.jpg","medium":"https:\/\/images.epagine.fr\/951\/9782747539951_1_m.jpg","thumbnail":"https:\/\/images.epagine.fr\/951\/9782747539951_1_v.jpg"},"orderable":true,"show_badge":true,"formatted_price":"23,00&nbsp;\u20ac","formatted_published_date":"1er novembre 2003","publisher_availability_label":"Sur commande","short_details":"\u00c9ditions L'Harmattan","translator":null,"weight":340,"page_count":260,"readership":null,"editor":"\u00c9ditions L'Harmattan","price":2300,"published_date":"2003-10-31T23:00:00.000000Z","support":"Grand format","publisher_availability":1,"stock":0,"editions":[],"url":"https:\/\/quaidesbrumes.com\/ouvrage\/9782747539951\/simone-weil-la-passion-de-la-raison"},{"id":"9782747541138","title":"Surmodernites : entre reve et technique","description":"Cet ouvrage critique propose une lecture contemporaine du modernisme dans les domaines de l'art, de la litt\u00e9rature, du cin\u00e9ma et de la th\u00e9orie sociale. Il aborde ainsi des questions essentiellement esth\u00e9tiques associ\u00e9es \u00e0 des mouvements tels que le cubisme, le surr\u00e9alisme et le situationnisme. Il explore la relation de ces mouvements au ph\u00e9nom\u00e8ne de la technique, saisie \u00e0 la fois comme sujet de l'art et du discours et comme mat\u00e9riau privil\u00e9gi\u00e9 de ceux-ci.\r","authors":["Pierre Taminiaux"],"category_codes":["6000000","6010000"],"visuals":{"large":"https:\/\/images.epagine.fr\/138\/9782747541138_1_75.jpg","medium":"https:\/\/images.epagine.fr\/138\/9782747541138_1_m.jpg","thumbnail":"https:\/\/images.epagine.fr\/138\/9782747541138_1_v.jpg"},"orderable":true,"show_badge":true,"formatted_price":"25,00&nbsp;\u20ac","formatted_published_date":"1er novembre 2003","publisher_availability_label":"Sur commande","short_details":"Pierre Taminiaux \u2014 \u00c9ditions L'Harmattan","translator":null,"weight":350,"page_count":285,"readership":null,"editor":"\u00c9ditions L'Harmattan","price":2500,"published_date":"2003-10-31T23:00:00.000000Z","support":"Grand format","publisher_availability":1,"stock":0,"editions":[],"url":"https:\/\/quaidesbrumes.com\/ouvrage\/9782747541138\/surmodernites-entre-reve-et-technique"},{"id":"9782747543217","title":"Hommage a oscar haac","description":"Ce volume est un ensemble de contributions qui vont d'un discours de la m\u00e9thode libertine, avec le jeu de la Gr\u00e2ce \u00e9clair\u00e9e et les mises en sc\u00e8ne conjointes d'un Dancourt et d'un Watteau, impliquant les concentrations temporelles de Marivaux, jusqu'\u00e0 des analyses sociales fort lucides de la condition du travailleur manuel. Erudit am\u00e9ricain, sp\u00e9cialiste du XIXe si\u00e8cle, Oscar Haac a \u00e9crit sur Michelet, G. Sand, Lammenais et P. Leroux. Il a traduit en anglais, les correspondances du comte-Mill.\r","authors":[],"category_codes":["9000000","9080000"],"visuals":{"large":"https:\/\/images.epagine.fr\/217\/9782747543217_1_75.jpg","medium":"https:\/\/images.epagine.fr\/217\/9782747543217_1_m.jpg","thumbnail":"https:\/\/images.epagine.fr\/217\/9782747543217_1_v.jpg"},"orderable":true,"show_badge":true,"formatted_price":"31,50&nbsp;\u20ac","formatted_published_date":"1er novembre 2003","publisher_availability_label":"Sur commande","short_details":"\u00c9ditions L'Harmattan","translator":null,"weight":515,"page_count":380,"readership":null,"editor":"\u00c9ditions L'Harmattan","price":3150,"published_date":"2003-10-31T23:00:00.000000Z","support":"Grand format","publisher_availability":1,"stock":0,"editions":[],"url":"https:\/\/quaidesbrumes.com\/ouvrage\/9782747543217\/hommage-a-oscar-haac"},{"id":"9782747540650","title":"Connaissance et concurrence - naufrage du dernier homme au crepuscule de la raison","description":"On a trop dit que l'homme est un animal rationnel. L'affirmer c'est oublier que ce qui singularise l'homme, c'est la conscience de soi d'o\u00f9 r\u00e9sultent la rationalit\u00e9 et toute l'aventure humaine qu'absorbe aujourd'hui le commerce dans l'indiff\u00e9rence.Ce livre indique et analyse la nature d'une alliance entre la connaissance et la concurrence, qui r\u00e9tr\u00e9cit le champ de la conscience. C'est une fusion historique qui s'oppose, \u00e0 la fois, aux all\u00e9gations de Hayek et aux pr\u00e9tentions de Fukuyama.\r","authors":["Said Koutani"],"category_codes":["9000000","9010000"],"visuals":{"large":"https:\/\/images.epagine.fr\/650\/9782747540650_1_75.jpg","medium":"https:\/\/images.epagine.fr\/650\/9782747540650_1_m.jpg","thumbnail":"https:\/\/images.epagine.fr\/650\/9782747540650_1_v.jpg"},"orderable":true,"show_badge":true,"formatted_price":"25,00&nbsp;\u20ac","formatted_published_date":"1er novembre 2003","publisher_availability_label":"Sur commande","short_details":"Said Koutani \u2014 \u00c9ditions L'Harmattan","translator":null,"weight":340,"page_count":278,"readership":null,"editor":"\u00c9ditions L'Harmattan","price":2500,"published_date":"2003-10-31T23:00:00.000000Z","support":"Grand format","publisher_availability":1,"stock":0,"editions":[],"url":"https:\/\/quaidesbrumes.com\/ouvrage\/9782747540650\/connaissance-et-concurrence-naufrage-du-dernier-homme-au-crepuscule-de-la-raison"},{"id":"9782747540261","title":"Philosophie et histoire","description":"Est-il possible de penser l'histoire sans r\u00e9p\u00e9ter la th\u00e8se h\u00e9g\u00e9lienne de la fin de l'histoire et sans aboutir au scepticisme. Les textes r\u00e9unis dans le pr\u00e9sent ouvrage se confrontent, chacun \u00e0 sa mani\u00e8re, \u00e0 cette pr\u00e9occupation fondamentale de la pens\u00e9e contemporaine. R\u00e9dig\u00e9s entre 1993 et 2002. Ils s'interrogent sur le r\u00f4le de la philosophie dans l'histoire et pointent vers le th\u00e8me de l'engagement qui constitue le principal d\u00e9fi auquel se heurte l'individu philosophe.\r","authors":["Mahamad\u00e9 Savadogo"],"category_codes":["9000000","9080000"],"visuals":{"large":"https:\/\/images.epagine.fr\/261\/9782747540261_1_75.jpg","medium":"https:\/\/images.epagine.fr\/261\/9782747540261_1_m.jpg","thumbnail":"https:\/\/images.epagine.fr\/261\/9782747540261_1_v.jpg"},"orderable":true,"show_badge":true,"formatted_price":"26,00&nbsp;\u20ac","formatted_published_date":"1er novembre 2003","publisher_availability_label":"Sur commande","short_details":"Mahamad\u00e9 Savadogo \u2014 \u00c9ditions L'Harmattan","translator":null,"weight":315,"page_count":255,"readership":null,"editor":"\u00c9ditions L'Harmattan","price":2600,"published_date":"2003-10-31T23:00:00.000000Z","support":"Grand format","publisher_availability":1,"stock":0,"editions":[],"url":"https:\/\/quaidesbrumes.com\/ouvrage\/9782747540261\/philosophie-et-histoire"},{"id":"9782012974258","title":"Essai d'un traite complet de philosophie, du point de vue du catholicisme et du progres. tome 1","description":"Essai d'un trait\u00e9 complet de philosophie, du point de vue du catholicisme et du progr\u00e8s. Tome 1 \/ par P.-J.-B. Buchez,...\r\nDate de l'\u00e9dition originale : 1838-1840 Sujet de l'ouvrage : Philosophie et religionProgr\u00e8s Ce livre est la reproduction fid\u00e8le d une uvre publi\u00e9e avant 1920 et fait partie d une collection de livres r\u00e9imprim\u00e9s \u00e0 la demande \u00e9dit\u00e9e par Hachette Livre, dans le cadre d un partenariat avec la Biblioth\u00e8que nationale de France, offrant l opportunit\u00e9 d acc\u00e9der \u00e0 des ouvrages anciens et souvent rares issus des fonds patrimoniaux de la BnF.\r\nLes uvres faisant partie de cette collection ont \u00e9t\u00e9 num\u00e9ris\u00e9es par la BnF et sont pr\u00e9sentes sur Gallica, sa biblioth\u00e8que num\u00e9rique.\r\n\r\nEn entreprenant de redonner vie \u00e0 ces ouvrages au travers d une collection de livres r\u00e9imprim\u00e9s \u00e0 la demande, nous leur donnons la possibilit\u00e9 de rencontrer un public \u00e9largi et participons \u00e0 la transmission de connaissances et de savoirs parfois difficilement accessibles.\r\nNous avons cherch\u00e9 \u00e0 concilier la reproduction fid\u00e8le d un livre ancien \u00e0 partir de sa version num\u00e9ris\u00e9e avec le souci d un confort de lecture optimal. Nous esp\u00e9rons que les ouvrages de cette nouvelle collection vous apporteront enti\u00e8re satisfaction.\r\n\r\nPour plus d informations, rendez-vous sur www.hachettebnf.fr\r","authors":["Buchez P-J-B."],"category_codes":["9000000","9080000"],"visuals":{"large":"https:\/\/images.epagine.fr\/258\/9782012974258_1_75.jpg","medium":"https:\/\/images.epagine.fr\/258\/9782012974258_1_m.jpg","thumbnail":"https:\/\/images.epagine.fr\/258\/9782012974258_1_v.jpg"},"orderable":true,"show_badge":true,"formatted_price":"33,00&nbsp;\u20ac","formatted_published_date":"1er juin 2013","publisher_availability_label":"Sur commande","short_details":"Buchez P-J-B. \u2014 Hachette BNF","translator":null,"weight":810,"page_count":null,"readership":null,"editor":"Hachette BNF","price":3300,"published_date":"2013-05-31T22:00:00.000000Z","support":"Grand format","publisher_availability":1,"stock":0,"editions":["9782329152271"],"url":"https:\/\/quaidesbrumes.com\/ouvrage\/9782012974258\/essai-dun-traite-complet-de-philosophie-du-point-de-vue-du-catholicisme-et-du-progres-tome-1"},{"id":"9782923165035","title":"Desir d'humanite ; le droit de rever","description":null,"authors":["Riccardo Petrella"],"category_codes":["9000000","9080000","9080200","9080204"],"visuals":{"large":"https:\/\/quaidesbrumes.com\/img\/book-placeholder.png","medium":"https:\/\/quaidesbrumes.com\/img\/book-placeholder.png","thumbnail":"https:\/\/quaidesbrumes.com\/img\/book-placeholder.png"},"orderable":true,"show_badge":true,"formatted_price":"23,50&nbsp;\u20ac","formatted_published_date":"15 juillet 2004","publisher_availability_label":"Sur commande","short_details":"Riccardo Petrella \u2014 \u00c9cosoci\u00e9t\u00e9","translator":null,"weight":0,"page_count":208,"readership":null,"editor":"\u00c9cosoci\u00e9t\u00e9","price":2350,"published_date":"2004-07-14T22:00:00.000000Z","support":"Grand format","publisher_availability":1,"stock":0,"editions":[],"url":"https:\/\/quaidesbrumes.com\/ouvrage\/9782923165035\/desir-dhumanite-le-droit-de-rever"},{"id":"9782747532204","title":"DU LIEN DE L'UN ET DE L'\u00caTRE CHEZ PLOTIN","description":"Plotin, n\u00e9 \u00e0 Alexandrie en 205 et p\u00e8re du n\u00e9oplatonisme est un des penseurs les plus originaux de l'histoire de la philosophie. Il voit le monde comme \u00e9manation de l'\u00eatre \u00e0 partir de l'Un dont tout provient. C'est pr\u00e9cis\u00e9ment dans son lien \u00e0 l'Un que l'homme retrouve sa provenance. Le lien de l'Un et de l'\u00eatre est ce lieu singulier dans lequel on peut lire la finalit\u00e9 de toute chose en comprenant son origine. Penser le lien de l'Un et de l'\u00eatre alors m\u00eame qu'ils s'opposent mais sont indissociables, nous invite \u00e0 reprendre l'unit\u00e9 entre continuit\u00e9 et alt\u00e9rit\u00e9.\r","authors":["Florent Tazzolio"],"category_codes":["9000000","9080000"],"visuals":{"large":"https:\/\/images.epagine.fr\/204\/9782747532204_1_75.jpg","medium":"https:\/\/images.epagine.fr\/204\/9782747532204_1_m.jpg","thumbnail":"https:\/\/images.epagine.fr\/204\/9782747532204_1_v.jpg"},"orderable":true,"show_badge":true,"formatted_price":"27,00&nbsp;\u20ac","formatted_published_date":"1er novembre 2003","publisher_availability_label":"Sur commande","short_details":"Florent Tazzolio \u2014 \u00c9ditions L'Harmattan","translator":null,"weight":380,"page_count":301,"readership":null,"editor":"\u00c9ditions L'Harmattan","price":2700,"published_date":"2003-10-31T23:00:00.000000Z","support":"Grand format","publisher_availability":1,"stock":0,"editions":[],"url":"https:\/\/quaidesbrumes.com\/ouvrage\/9782747532204\/du-lien-de-lun-et-de-letre-chez-plotin"},{"id":"9782747531504","title":"NIETZSCHE : SANT\u00c9 ET MALADIE, L'ART","description":"Qu'en est-il de la sant\u00e9 et de la maladie dans la pens\u00e9e de Nietzsche ? Nietzsche distingue la sant\u00e9 en tant que gu\u00e9rison, de la sant\u00e9 comme absence de maladie. La maladie est provisoire et associ\u00e9e \u00e0 la gu\u00e9rison, ou bien alors durable voire incurable. Ces diff\u00e9rents sens s'articulent en une dangereuse dialectique, o\u00f9 le m\u00e9decin entend favoriser la gu\u00e9rison, et le philosophie n'observer aucune pr\u00e9\u00e9minence du sain sur le malade. L'esth\u00e9tique est un champ privil\u00e9gi\u00e9 pour une telle philosophie m\u00e9dicale : en la tragique c\u00e9l\u00e9bration de l'apollinien et du dionysiaque se joue l'originaire dialectique de la sant\u00e9 et de la maladie.","authors":["Laurent Cherlonneix"],"category_codes":["9000000","9080000"],"visuals":{"large":"https:\/\/images.epagine.fr\/504\/9782747531504_1_75.jpg","medium":"https:\/\/images.epagine.fr\/504\/9782747531504_1_m.jpg","thumbnail":"https:\/\/images.epagine.fr\/504\/9782747531504_1_v.jpg"},"orderable":true,"show_badge":true,"formatted_price":"28,00&nbsp;\u20ac","formatted_published_date":"1er novembre 2003","publisher_availability_label":"Sur commande","short_details":"Laurent Cherlonneix \u2014 \u00c9ditions L'Harmattan","translator":null,"weight":408,"page_count":322,"readership":null,"editor":"\u00c9ditions L'Harmattan","price":2800,"published_date":"2003-10-31T23:00:00.000000Z","support":"Grand format","publisher_availability":1,"stock":0,"editions":[],"url":"https:\/\/quaidesbrumes.com\/ouvrage\/9782747531504\/nietzsche-sante-et-maladie-lart"},{"id":"9782747531511","title":"Philosophie medicale de nietzsche : la connaissance, la nature","description":"L'inflation m\u00e9taphorique du sanitaire dont nous sommes contemporains ne transforme-t-elle pas la terre en cet immense \u00ab\u00a0lieu de gu\u00e9rison\u00a0\u00bb jadis souhait\u00e9 par Zarathoustra ? La th\u00e9orie nietzsch\u00e9enne de la connaissance est un th\u00e9\u00e2tre privil\u00e9gi\u00e9 pour une telle philosophie m\u00e9dicale. La v\u00e9rit\u00e9 comme mensonge peut aussi bien favoriser la sant\u00e9 d'\u00e9quilibre que manifester une sant\u00e9 dynamique. Plus radicalement, elle peut empoisonner la vie du connaissant, lequel en gu\u00e9rissant peut devenir surhumain. La nature est aussi le lieu d'une telle dialectique o\u00f9 se rencontrent le dynamisme de la \u00ab\u00a0volont\u00e9 de puissance\u00a0\u00bb et le poison de l'\u00a0\u00ab\u00a0\u00e9ternel retour\u00a0\u00bb, lequel stimule la figure extraordinaire du \u00ab\u00a0surhomme\u00a0\u00bb.\r","authors":["Laurent Cherlonneix"],"category_codes":["9000000","9080000"],"visuals":{"large":"https:\/\/images.epagine.fr\/511\/9782747531511_1_75.jpg","medium":"https:\/\/images.epagine.fr\/511\/9782747531511_1_m.jpg","thumbnail":"https:\/\/images.epagine.fr\/511\/9782747531511_1_v.jpg"},"orderable":true,"show_badge":true,"formatted_price":"21,50&nbsp;\u20ac","formatted_published_date":"1er novembre 2003","publisher_availability_label":"Sur commande","short_details":"Laurent Cherlonneix \u2014 \u00c9ditions L'Harmattan","translator":null,"weight":286,"page_count":226,"readership":null,"editor":"\u00c9ditions L'Harmattan","price":2150,"published_date":"2003-10-31T23:00:00.000000Z","support":"Grand format","publisher_availability":1,"stock":0,"editions":[],"url":"https:\/\/quaidesbrumes.com\/ouvrage\/9782747531511\/philosophie-medicale-de-nietzsche-la-connaissance-la-nature"},{"id":"9782747540971","title":"Gen\u00e8se du logique dans la ph\u00e9nom\u00e9nologie transcendantale de Husserl","description":"Husserl a consacr\u00e9 le travail de toute sa vie \u00e0 un projet unique. Depuis l'\u00e9chec des recherches du Tome II de \"la Philosophie de l'arithm\u00e9tique\" \u00e0 la \"Krisis\", il a repris, \u00e0 chaque fois selon des perspectives divergentes, les s\u00e9ries d'analyses descriptives du fonctionnement de l'intentionnalit\u00e9. Ces \u00e9tapes se sont r\u00e9v\u00e9l\u00e9es autant d'occasions pour d\u00e9finir \u00e0 nouveau et r\u00e9organiser les concepts d\u00e9crivant les op\u00e9rations de la conscience dans la constitution de ses objets, quel que soit le statut de ces objets.\r","authors":["Regine Kaminski"],"category_codes":["9000000","9080000"],"visuals":{"large":"https:\/\/images.epagine.fr\/971\/9782747540971_1_75.jpg","medium":"https:\/\/images.epagine.fr\/971\/9782747540971_1_m.jpg","thumbnail":"https:\/\/images.epagine.fr\/971\/9782747540971_1_v.jpg"},"orderable":true,"show_badge":true,"formatted_price":"11,00&nbsp;\u20ac","formatted_published_date":"1er novembre 2003","publisher_availability_label":"Sur commande","short_details":"Regine Kaminski \u2014 \u00c9ditions L'Harmattan","translator":null,"weight":130,"page_count":89,"readership":null,"editor":"\u00c9ditions L'Harmattan","price":1100,"published_date":"2003-10-31T23:00:00.000000Z","support":"Grand format","publisher_availability":1,"stock":0,"editions":[],"url":"https:\/\/quaidesbrumes.com\/ouvrage\/9782747540971\/genese-du-logique-dans-la-phenomenologie-transcendantale-de-husserl"},{"id":"9782747541183","title":"Les Grecs et la vieillesse","description":"Comment les Grecs vivaient-ils leur troisi\u00e8me \u00e2ge \u00e0 l'\u00e9poque que nous consid\u00e9rons comme la plus prestigieuse de leur civilisation, c'est-\u00e0 -dire du VIIIe si\u00e8cle au IVe si\u00e8cle, avant notre \u00e8re ? L'auteur tente de r\u00e9pondre \u00e0 cette question gr\u00e0ce \u00e0 des sources essentiellement litt\u00e9raires qui am\u00e8nent le lecteur \u00e0 fr\u00e9quenter les plus grands esprits de l'Antiquit\u00e9 grecque, d'Hom\u00e8re \u00e0 \u00c9picure, en passant par Sophocle, Euripide, Platon, Aristote et les autres.","authors":["Andree Catrysse"],"category_codes":["9000000","9120000","9120400","9120406"],"visuals":{"large":"https:\/\/images.epagine.fr\/183\/9782747541183_1_75.jpg","medium":"https:\/\/images.epagine.fr\/183\/9782747541183_1_m.jpg","thumbnail":"https:\/\/images.epagine.fr\/183\/9782747541183_1_v.jpg"},"orderable":true,"show_badge":true,"formatted_price":"25,00&nbsp;\u20ac","formatted_published_date":"1er novembre 2003","publisher_availability_label":"Sur commande","short_details":"Andree Catrysse \u2014 \u00c9ditions L'Harmattan","translator":null,"weight":300,"page_count":241,"readership":null,"editor":"\u00c9ditions L'Harmattan","price":2500,"published_date":"2003-10-31T23:00:00.000000Z","support":"Grand format","publisher_availability":1,"stock":0,"editions":[],"url":"https:\/\/quaidesbrumes.com\/ouvrage\/9782747541183\/les-grecs-et-la-vieillesse"},{"id":"9782747540988","title":"Le siecle de la raison ; recherches sur la vraie theologie et sur la theologie fabuleuse","description":"C'est \u00e0 l'ombre de la guillotine, alors qu'il croit sa derni\u00e8re heure venue, que le citoyen Thomas PAINE, d\u00e9put\u00e9 \"brissotin\" \u00e0 la Convention, \u00e9crit \"Le si\u00e8cle de la Raison\", improprement appel\u00e9 la \"Bible des Ath\u00e9es\". Dans cette oeuvre antidogmatique con\u00e7ue comme un testament, Thomas PAINE livre ses r\u00e9flexions philosophiques. Aboutissement des Lumi\u00e8res, cet ouvrage marque aussi le d\u00e9but d'une critique mat\u00e9rialiste scientifique de la Bible et des religion monoth\u00e9istes.\r","authors":["Thomas Paine","Eliane Penicaud"],"category_codes":["9000000","9080000","9080200","9080204"],"visuals":{"large":"https:\/\/images.epagine.fr\/988\/9782747540988_1_75.jpg","medium":"https:\/\/images.epagine.fr\/988\/9782747540988_1_m.jpg","thumbnail":"https:\/\/images.epagine.fr\/988\/9782747540988_1_v.jpg"},"orderable":true,"show_badge":true,"formatted_price":"22,50&nbsp;\u20ac","formatted_published_date":"1er novembre 2003","publisher_availability_label":"Sur commande","short_details":"Thomas Paine, Eliane Penicaud \u2014 \u00c9ditions L'Harmattan","translator":"ELIANE PENICAUD","weight":320,"page_count":247,"readership":null,"editor":"\u00c9ditions L'Harmattan","price":2250,"published_date":"2003-10-31T23:00:00.000000Z","support":"Grand format","publisher_availability":1,"stock":0,"editions":[],"url":"https:\/\/quaidesbrumes.com\/ouvrage\/9782747540988\/le-siecle-de-la-raison-recherches-sur-la-vraie-theologie-et-sur-la-theologie-fabuleuse"},{"id":"9782858166909","title":"REVUE KAIROS Tome 22 : de Kant \u00e0 la ph\u00e9nom\u00e9nologie","description":null,"authors":["Collectif"],"category_codes":["9000000","9080000","9080200","9080204"],"visuals":{"large":"https:\/\/images.epagine.fr\/909\/9782858166909_1_75.jpg","medium":"https:\/\/images.epagine.fr\/909\/9782858166909_1_m.jpg","thumbnail":"https:\/\/images.epagine.fr\/909\/9782858166909_1_v.jpg"},"orderable":true,"show_badge":true,"formatted_price":"21,00&nbsp;\u20ac","formatted_published_date":"8 janvier 2004","publisher_availability_label":"Sur commande","short_details":"Collectif \u2014 Pu Du Midi","translator":null,"weight":530,"page_count":330,"readership":null,"editor":"Pu Du Midi","price":2100,"published_date":"2004-01-07T23:00:00.000000Z","support":"Grand format","publisher_availability":1,"stock":0,"editions":[],"url":"https:\/\/quaidesbrumes.com\/ouvrage\/9782858166909\/revue-kairos-tome-22-de-kant-a-la-phenomenologie"},{"id":"9782012974265","title":"Essai d'un traite complet de philosophie, du point de vue du catholicisme et du progres. tome 2","description":"Essai d'un trait\u00e9 complet de philosophie, du point de vue du catholicisme et du progr\u00e8s. Tome 2 \/ par P.-J.-B. Buchez,...\r\nDate de l'\u00e9dition originale : 1838-1840 Sujet de l'ouvrage : Philosophie et religionProgr\u00e8s Ce livre est la reproduction fid\u00e8le d une uvre publi\u00e9e avant 1920 et fait partie d une collection de livres r\u00e9imprim\u00e9s \u00e0 la demande \u00e9dit\u00e9e par Hachette Livre, dans le cadre d un partenariat avec la Biblioth\u00e8que nationale de France, offrant l opportunit\u00e9 d acc\u00e9der \u00e0 des ouvrages anciens et souvent rares issus des fonds patrimoniaux de la BnF.\r\nLes uvres faisant partie de cette collection ont \u00e9t\u00e9 num\u00e9ris\u00e9es par la BnF et sont pr\u00e9sentes sur Gallica, sa biblioth\u00e8que num\u00e9rique.\r\n\r\nEn entreprenant de redonner vie \u00e0 ces ouvrages au travers d une collection de livres r\u00e9imprim\u00e9s \u00e0 la demande, nous leur donnons la possibilit\u00e9 de rencontrer un public \u00e9largi et participons \u00e0 la transmission de connaissances et de savoirs parfois difficilement accessibles.\r\nNous avons cherch\u00e9 \u00e0 concilier la reproduction fid\u00e8le d un livre ancien \u00e0 partir de sa version num\u00e9ris\u00e9e avec le souci d un confort de lecture optimal. Nous esp\u00e9rons que les ouvrages de cette nouvelle collection vous apporteront enti\u00e8re satisfaction.\r\n\r\nPour plus d informations, rendez-vous sur www.hachettebnf.fr\r","authors":["Buchez P-J-B."],"category_codes":["9000000","9080000"],"visuals":{"large":"https:\/\/images.epagine.fr\/265\/9782012974265_1_75.jpg","medium":"https:\/\/images.epagine.fr\/265\/9782012974265_1_m.jpg","thumbnail":"https:\/\/images.epagine.fr\/265\/9782012974265_1_v.jpg"},"orderable":true,"show_badge":true,"formatted_price":"33,40&nbsp;\u20ac","formatted_published_date":"1er juin 2013","publisher_availability_label":"Sur commande","short_details":"Buchez P-J-B. \u2014 Hachette BNF","translator":null,"weight":839,"page_count":null,"readership":null,"editor":"Hachette BNF","price":3340,"published_date":"2013-05-31T22:00:00.000000Z","support":"Grand format","publisher_availability":1,"stock":0,"editions":["9782329152288"],"url":"https:\/\/quaidesbrumes.com\/ouvrage\/9782012974265\/essai-dun-traite-complet-de-philosophie-du-point-de-vue-du-catholicisme-et-du-progres-tome-2"},{"id":"9782747534413","title":"Decadence : homere","description":"Quand l'histoire bascule, qu'un monde ancien meurt et qu'un monde nouveau appara\u00eet, cette mort n'est jamais totale, cette nouveaut\u00e9 n'est jamais radicale. Il n'est pas indiff\u00e9rent que la fin de l'Antiquit\u00e9, notre arch\u00e9type de la d\u00e9cadence soit aussi l'\u00e9poque qui inventa l'id\u00e9e de modernit\u00e9, ni que le livre fondateur de la culture grecque ait eu pour sujet la douloureuse prise de conscience que les civilisations sont mortelles. Cette conscience a pouss\u00e9 Hom\u00e8re \u00e0 former une entreprise : choisir parmi les l\u00e9gendes que lui avait transmises la tradition orale et, avec cette mati\u00e8re, \u00e9crire la premi\u00e8re oeuvre litt\u00e9raire.\r","authors":["Marc Lebiez"],"category_codes":["9000000","9080000"],"visuals":{"large":"https:\/\/images.epagine.fr\/413\/9782747534413_1_75.jpg","medium":"https:\/\/images.epagine.fr\/413\/9782747534413_1_m.jpg","thumbnail":"https:\/\/images.epagine.fr\/413\/9782747534413_1_v.jpg"},"orderable":true,"show_badge":true,"formatted_price":"28,00&nbsp;\u20ac","formatted_published_date":"1er novembre 2003","publisher_availability_label":"Sur commande","short_details":"Marc Lebiez \u2014 \u00c9ditions L'Harmattan","translator":null,"weight":390,"page_count":312,"readership":null,"editor":"\u00c9ditions L'Harmattan","price":2800,"published_date":"2003-10-31T23:00:00.000000Z","support":"Grand format","publisher_availability":1,"stock":0,"editions":[],"url":"https:\/\/quaidesbrumes.com\/ouvrage\/9782747534413\/decadence-homere"},{"id":"9782296042810","title":"Quel ennui ! ; essai philosophique et litt\u00e9raire","description":"Cet essai d\u00e9cline toutes les variations possibles sur le th\u00e8me de l'ennui, t\u00e9moignant avec humour du c\u00f4t\u00e9 ludique de la philosophie moderne. Laissez-vous prendre aux mille facettes de ce jeu de Lettres qui vous enseignera qu'un propos sur l'ennui n'est pas d\u00e9nu\u00e9 de divertissement ni de po\u00e9sie !\r","authors":["Alain Jay"],"category_codes":["9000000","9080000","9080200","9080204"],"visuals":{"large":"https:\/\/images.epagine.fr\/810\/9782296042810_1_75.jpg","medium":"https:\/\/images.epagine.fr\/810\/9782296042810_1_m.jpg","thumbnail":"https:\/\/images.epagine.fr\/810\/9782296042810_1_v.jpg"},"orderable":true,"show_badge":true,"formatted_price":"14,00&nbsp;\u20ac","formatted_published_date":"5 novembre 2007","publisher_availability_label":"Sur commande","short_details":"Alain Jay \u2014 \u00c9ditions L'Harmattan","translator":null,"weight":200,"page_count":144,"readership":null,"editor":"\u00c9ditions L'Harmattan","price":1400,"published_date":"2007-11-04T23:00:00.000000Z","support":"Grand format","publisher_availability":1,"stock":0,"editions":[],"url":"https:\/\/quaidesbrumes.com\/ouvrage\/9782296042810\/quel-ennui-essai-philosophique-et-litteraire"}]}