{"data":[{"id":"9782747539722","title":"PEINER, OeUVRER, TRAVAILLER : Sur le travail et la condition humaine","description":"Notre soci\u00e9t\u00e9 conna\u00eet une crise du travail dont les d\u00e9bats r\u00e9cents sur les moyens de faire reculer le ch\u00f4mage et sur la fin du travail sont une manifestation particuli\u00e8rement vive. Le pr\u00e9sent ouvrage est une contribution philosophique \u00e0 la r\u00e9flexion sur le sens du travail. Il montre comment a chang\u00e9 le sens de la condition humaine et la place du travail dans cette condition. Une r\u00e9flexion en rapport constant avec la conception du travail de H. Arendt et qui s'attache aussi \u00e0 la d\u00e9finition de travail abstrait de K. Marx.\r","authors":["Hubert Faes"],"category_codes":["9000000","9080000"],"visuals":{"large":"https:\/\/images.epagine.fr\/722\/9782747539722_1_75.jpg","medium":"https:\/\/images.epagine.fr\/722\/9782747539722_1_m.jpg","thumbnail":"https:\/\/images.epagine.fr\/722\/9782747539722_1_v.jpg"},"orderable":true,"show_badge":true,"formatted_price":"15,00&nbsp;\u20ac","formatted_published_date":"1er novembre 2003","publisher_availability_label":"Sur commande","short_details":"Hubert Faes \u2014 \u00c9ditions L'Harmattan","translator":null,"weight":220,"page_count":163,"readership":null,"editor":"\u00c9ditions L'Harmattan","price":1500,"published_date":"2003-10-31T23:00:00.000000Z","support":"Grand format","publisher_availability":1,"stock":0,"editions":[],"url":"https:\/\/quaidesbrumes.com\/ouvrage\/9782747539722\/peiner-oeuvrer-travailler-sur-le-travail-et-la-condition-humaine"},{"id":"9782747540506","title":"PENSEE ET RATIONNEL : SPINOZA","description":"La formalisation math\u00e9matique qui caract\u00e9rise la pens\u00e9e rationnelle chez Spinoza permet de d\u00e9finir des mod\u00e8les pour \u00e9clairer les points essentiels de sa philosophie. Elle rend compte inversement de la coh\u00e9rence de sa r\u00e9flexion. L'articulation entre pens\u00e9e rationnelle et math\u00e9matique pose toutefois des difficult\u00e9s redoutables. Pourtant, c'est au travers de cette tension m\u00eame que l'on peut mettre en lumi\u00e8re l'absolue unit\u00e9 de la pens\u00e9e spinoziste.\r","authors":["Salomon Ofman"],"category_codes":["9000000","9080000"],"visuals":{"large":"https:\/\/images.epagine.fr\/506\/9782747540506_1_75.jpg","medium":"https:\/\/images.epagine.fr\/506\/9782747540506_1_m.jpg","thumbnail":"https:\/\/images.epagine.fr\/506\/9782747540506_1_v.jpg"},"orderable":true,"show_badge":true,"formatted_price":"38,00&nbsp;\u20ac","formatted_published_date":"1er novembre 2003","publisher_availability_label":"Sur commande","short_details":"Salomon Ofman \u2014 \u00c9ditions L'Harmattan","translator":null,"weight":522,"page_count":436,"readership":null,"editor":"\u00c9ditions L'Harmattan","price":3800,"published_date":"2003-10-31T23:00:00.000000Z","support":"Grand format","publisher_availability":1,"stock":0,"editions":[],"url":"https:\/\/quaidesbrumes.com\/ouvrage\/9782747540506\/pensee-et-rationnel-spinoza"},{"id":"9782747539807","title":"POUR UN PLEIN ACCES A L'ACTE D'ETRE AVEC THOMAS D'AQUIN ET ARISTOTE : R\u00e9enraciner le \"De ente et essentia\", prolonger la \"M\u00e9taphysique\"","description":"L'auteur prend appui sur une lecture enti\u00e8rement renouvel\u00e9e de la d\u00e9marche des livres Z et H de la \"M\u00e9taphysique\", ici pr\u00e9sent\u00e9e de mani\u00e8re relativement synth\u00e9tique, pour y confronter celle du \"De ente et essentia\". Il montre alors que si l'apport du th\u00e9ologien, partant du donn\u00e9 de foi de la cr\u00e9ation ex nihilo, peut et doit \u00eatre repris dans un prolongement philosophique \u00e0 l'apport de la \"M\u00e9taphysique\", il demande aussi a \u00eatre r\u00e9enracin\u00e9 dans l'acc\u00e8s ouvert par Aristote aux causes immanentes de l'exister par soi, s\u00e9par\u00e9 et un qui est celui des substances.\r","authors":["Marc Balmes"],"category_codes":["9000000","9080000"],"visuals":{"large":"https:\/\/images.epagine.fr\/807\/9782747539807_1_75.jpg","medium":"https:\/\/images.epagine.fr\/807\/9782747539807_1_m.jpg","thumbnail":"https:\/\/images.epagine.fr\/807\/9782747539807_1_v.jpg"},"orderable":true,"show_badge":true,"formatted_price":"17,50&nbsp;\u20ac","formatted_published_date":"1er novembre 2003","publisher_availability_label":"Sur commande","short_details":"Marc Balmes \u2014 \u00c9ditions L'Harmattan","translator":null,"weight":265,"page_count":190,"readership":null,"editor":"\u00c9ditions L'Harmattan","price":1750,"published_date":"2003-10-31T23:00:00.000000Z","support":"Grand format","publisher_availability":1,"stock":0,"editions":[],"url":"https:\/\/quaidesbrumes.com\/ouvrage\/9782747539807\/pour-un-plein-acces-a-lacte-detre-avec-thomas-daquin-et-aristote-reenraciner-le-de-ente-et-essentia-prolonger-la-metaphysique"},{"id":"9782705664503","title":"Introduction aux langages totalitaires ; th\u00e9orie et transformations du r\u00e9cit","description":"Le paradoxe de l'histoire, c'est qu'elle est ce lieu o\u00f9 le r\u00e9cit agit sur l'action et vient en changer la face. Ainsi la narration de l'histoire passe par une histoire des narrations. Le r\u00e9cit id\u00e9ologique de l'extr\u00eame droite italienne et allemande raconte l'histoire sur la base de certains mots, Etat totalitaire, Etat total. Avant-propos : Le cyclotron Goring et les langages de l'Etat total.","authors":["Jean-Pierre Faye"],"category_codes":["9000000","9080000","9080200","9080204"],"visuals":{"large":"https:\/\/images.epagine.fr\/503\/9782705664503_1_75.jpg","medium":"https:\/\/images.epagine.fr\/503\/9782705664503_1_m.jpg","thumbnail":"https:\/\/images.epagine.fr\/503\/9782705664503_1_v.jpg"},"orderable":true,"show_badge":true,"formatted_price":"24,00&nbsp;\u20ac","formatted_published_date":"6 mars 2003","publisher_availability_label":"Sur commande","short_details":"Jean-Pierre Faye \u2014 Hermann","translator":null,"weight":235,"page_count":170,"readership":null,"editor":"Hermann","price":2400,"published_date":"2003-03-05T23:00:00.000000Z","support":"Grand format","publisher_availability":1,"stock":0,"editions":[],"url":"https:\/\/quaidesbrumes.com\/ouvrage\/9782705664503\/introduction-aux-langages-totalitaires-theorie-et-transformations-du-recit"},{"id":"9782296044371","title":"Philosophie politique et \u00e9tat de la d\u00e9mocratie","description":"Cet ouvrage donne une dimension actuelle au d\u00e9bat autour de la philosophie politique dont les protagonistes sont Jacques Ranci\u00e8re, Alain Badiou, Miguel Abensour et Jacques Derrida, et offre une r\u00e9f\u00e9rence pour penser la question de la d\u00e9mocratie en France et en Am\u00e9rique du Sud.\r","authors":["Laura Brondino","Jorge Dotti","Patrice Vermeren"],"category_codes":["9000000","9080000","9080200","9080204"],"visuals":{"large":"https:\/\/images.epagine.fr\/371\/9782296044371_1_75.jpg","medium":"https:\/\/images.epagine.fr\/371\/9782296044371_1_m.jpg","thumbnail":"https:\/\/images.epagine.fr\/371\/9782296044371_1_v.jpg"},"orderable":true,"show_badge":true,"formatted_price":"32,50&nbsp;\u20ac","formatted_published_date":"7 novembre 2007","publisher_availability_label":"Sur commande","short_details":"Laura Brondino, Jorge Dotti, Patrice Vermeren \u2014 \u00c9ditions L'Harmattan","translator":null,"weight":430,"page_count":366,"readership":null,"editor":"\u00c9ditions L'Harmattan","price":3250,"published_date":"2007-11-06T23:00:00.000000Z","support":"Grand format","publisher_availability":1,"stock":0,"editions":[],"url":"https:\/\/quaidesbrumes.com\/ouvrage\/9782296044371\/philosophie-politique-et-etat-de-la-democratie"},{"id":"9782747536325","title":"ALIMENTATION ET LA DIFFERENTIATION DES SEXES : Analyse philosophique d'un r\u00e9cit de la chute de l'homme","description":"Comment expliquer et mettre \u00e0 jour le lien intime qui existe entre alimentation et sexualit\u00e9? En quoi l'incorporation alimentaire est-elle le ph\u00e9nom\u00e8ne biologique le plus \u00e9troitement li\u00e9 \u00e0 l'acte sexuel comme rencontre de deux \"corps\" qui dans le cas de la sexualit\u00e9, \u00e0 d\u00e9faut d'\u00eatre \u00e0 proprement parler assimil\u00e9s l'un par l'autre, \u00e9changent de leur substance et de leur \u00eatre au point d'en donner un fruit qui participe de l'un et de l'autre? Les justifications  d'un tel rapprochement, que nous avons tent\u00e9 de conceptualiser, et que la psychanalyse ne cessa de nourrir, trouvent dans les Saintes Ecritures leur plus vive expression.","authors":["Vanessa Rousseau"],"category_codes":["9000000","9080000"],"visuals":{"large":"https:\/\/images.epagine.fr\/325\/9782747536325_1_75.jpg","medium":"https:\/\/images.epagine.fr\/325\/9782747536325_1_m.jpg","thumbnail":"https:\/\/images.epagine.fr\/325\/9782747536325_1_v.jpg"},"orderable":true,"show_badge":true,"formatted_price":"17,50&nbsp;\u20ac","formatted_published_date":"1er novembre 2003","publisher_availability_label":"Sur commande","short_details":"Vanessa Rousseau \u2014 \u00c9ditions L'Harmattan","translator":null,"weight":266,"page_count":196,"readership":null,"editor":"\u00c9ditions L'Harmattan","price":1750,"published_date":"2003-10-31T23:00:00.000000Z","support":"Grand format","publisher_availability":1,"stock":0,"editions":[],"url":"https:\/\/quaidesbrumes.com\/ouvrage\/9782747536325\/alimentation-et-la-differentiation-des-sexes-analyse-philosophique-dun-recit-de-la-chute-de-lhomme"},{"id":"9782747534710","title":"Le constructivisme : Tome II - Epist\u00e9mologie de l' interdisciplinarit\u00e9","description":"\" Le fait nouveau, et de cons\u00e9quences incalculables pour l'avenir, est que la r\u00e9flexion \u00e9pist\u00e9mologique surgit de plus en plus \u00e0 l'int\u00e9rieur m\u00eame des sciences \" (J. Piaget) ; en particulier des \" nouvelles sciences \" qui ont \u00e9merg\u00e9 dans nos cultures depuis un demi-si\u00e8cle. Sciences de la communication et de la commande, de l'organisation et de l'information, sciences de l'\u00e9ducation et de la cognition, sciences de gestion, science informatique, etc. Nouvelles sciences qui doivent \u00eatre \" \u00e9prouv\u00e9e \" \u00e9pist\u00e9mologiquement autant que pragmatiquement. Il devient n\u00e9cessaire \" de soumettre \u00e0 une critique r\u00e9troactive les concepts, m\u00e9thode ou principes utilis\u00e9s jusque-l\u00e0 de mani\u00e8re \u00e0 d\u00e9terminer leur valeur \u00e9pist\u00e9mologique elle-m\u00eame.","authors":["Jjean-Louis Le Moigne"],"category_codes":["9000000","9080000"],"visuals":{"large":"https:\/\/images.epagine.fr\/710\/9782747534710_1_75.jpg","medium":"https:\/\/images.epagine.fr\/710\/9782747534710_1_m.jpg","thumbnail":"https:\/\/images.epagine.fr\/710\/9782747534710_1_v.jpg"},"orderable":true,"show_badge":true,"formatted_price":"34,50&nbsp;\u20ac","formatted_published_date":"1er novembre 2003","publisher_availability_label":"Sur commande","short_details":"Jjean-Louis Le Moigne \u2014 \u00c9ditions L'Harmattan","translator":null,"weight":485,"page_count":264,"readership":null,"editor":"\u00c9ditions L'Harmattan","price":3450,"published_date":"2003-10-31T23:00:00.000000Z","support":"Grand format","publisher_availability":1,"stock":0,"editions":[],"url":"https:\/\/quaidesbrumes.com\/ouvrage\/9782747534710\/le-constructivisme-tome-ii-epistemologie-de-l-interdisciplinarite"},{"id":"9872747534114","title":"L'\u00c9MANCIPATION","description":"La domination et l'ali\u00e9nation sont choses si courantes qu'elles ne se r\u00e9v\u00e8lent pleinement que par et dans l'acte qui \u00e9branle leur mainmise. La dynamique qui s'engendre alors s'appelle \u00e9mancipation.\r\n\r\nParce qu'en d\u00e9cillant le regard elle donne \u00e0 voir et \u00e0 comprendre, l'\u00e9mancipation est constitutive d'un savoir qui est \u00e0 la fois relecture du pass\u00e9 et critique du pr\u00e9sent. Autant dire qu'elle fait \u00e9clater la fermeture sur soi d'un pr\u00e9sent qui n'a jamais \u00e0 proposer que sa morne ou tragique r\u00e9p\u00e9tition. Que l'\u00e9mancipation ouvre ou rouvre l'avenir ne signifie pas qu'elle vise \u00e0 r\u00e9aliser une quelconque nature humaine, puisque \u00e0 l'inverse, c'est la dynamique \u00e9man-cipatrice qui lib\u00e8re ou cr\u00e9e des virtualit\u00e9s qui n'appara\u00eetraient ou m\u00eame n'exis-teraient pas sans elle. En l'absence de tels mouvements pris en acte et dans leur effectivit\u00e9, il n'existe aucun point de vue d'o\u00f9 elles pourraient s'\u00e9noncer et se d\u00e9duire a priori.\r\n\r\nL'\u00e9mancipation n'a pas besoin de preuves, c'est elle qui fait preuve.\r","authors":["Georges Navet"],"category_codes":["9000000","9080000","9080200","9080204"],"visuals":{"large":"https:\/\/images.epagine.fr\/114\/9872747534114_1_75.jpg","medium":"https:\/\/images.epagine.fr\/114\/9872747534114_1_m.jpg","thumbnail":"https:\/\/images.epagine.fr\/114\/9872747534114_1_v.jpg"},"orderable":true,"show_badge":true,"formatted_price":"14,00&nbsp;\u20ac","formatted_published_date":"3 janvier 2003","publisher_availability_label":"Sur commande","short_details":"Georges Navet \u2014 \u00c9ditions L'Harmattan","translator":null,"weight":0,"page_count":160,"readership":null,"editor":"\u00c9ditions L'Harmattan","price":1400,"published_date":"2003-01-02T23:00:00.000000Z","support":"Grand format","publisher_availability":1,"stock":0,"editions":[],"url":"https:\/\/quaidesbrumes.com\/ouvrage\/9872747534114\/lemancipation"},{"id":"9782271053763","title":"L'Europe des humanistes","description":null,"authors":["Collectif"],"category_codes":["9000000","9080000"],"visuals":{"large":"https:\/\/images.epagine.fr\/763\/9782271053763_1_75.jpg","medium":"https:\/\/images.epagine.fr\/763\/9782271053763_1_m.jpg","thumbnail":"https:\/\/images.epagine.fr\/763\/9782271053763_1_v.jpg"},"orderable":true,"show_badge":true,"formatted_price":"110,00&nbsp;\u20ac","formatted_published_date":"7 mai 2003","publisher_availability_label":"Sur commande","short_details":"Collectif \u2014 CNRS","translator":null,"weight":966,"page_count":542,"readership":null,"editor":"CNRS","price":11000,"published_date":"2003-05-06T22:00:00.000000Z","support":"Grand format","publisher_availability":1,"stock":0,"editions":[],"url":"https:\/\/quaidesbrumes.com\/ouvrage\/9782271053763\/leurope-des-humanistes"},{"id":"9782747530767","title":"Dynamique des formes et representation : - pour une biopsychologie de la pensee","description":"L'effort pour faire de l'esprit un objet de science, et non un simple sujet du discours se fonde ici sur une \u00ab\u00a0d\u00e9finition repr\u00e9sentationnaliste de la pens\u00e9e.\u00a0\u00bb Dans une approche moniste, mat\u00e9rialiste, mais non r\u00e9ductionniste de la r\u00e9alit\u00e9, la \u00ab\u00a0question de la transformation de la vie biologique du cerveau en activit\u00e9 psycho-symbolique\u00a0\u00bb s'impose comme le probl\u00e8me fondamental. L'\u00e9tude de la relation entre auto-organisation c\u00e9r\u00e9brale, perception des formes naturelles, apprentissage des formes culturelles et histoire individuelle est donc au coeur de cette investigation, qui s'appuie sur la \u00ab\u00a0th\u00e9orie darwinienne de l'\u00e9volution\u00a0\u00bb. Elle obligera \u00e0 un effort particuli\u00e8rement d\u00e9licat : articuler et unifier sciences du vivant et du cerveau, psychanalyse et psychologie de l'apprentissage.\r","authors":["Hayat Mickael"],"category_codes":["9000000","9080000"],"visuals":{"large":"https:\/\/images.epagine.fr\/767\/9782747530767_1_75.jpg","medium":"https:\/\/images.epagine.fr\/767\/9782747530767_1_m.jpg","thumbnail":"https:\/\/images.epagine.fr\/767\/9782747530767_1_v.jpg"},"orderable":true,"show_badge":true,"formatted_price":"24,00&nbsp;\u20ac","formatted_published_date":"1er novembre 2003","publisher_availability_label":"Sur commande","short_details":"Hayat Mickael \u2014 \u00c9ditions L'Harmattan","translator":null,"weight":356,"page_count":256,"readership":null,"editor":"\u00c9ditions L'Harmattan","price":2400,"published_date":"2003-10-31T23:00:00.000000Z","support":"Grand format","publisher_availability":1,"stock":0,"editions":[],"url":"https:\/\/quaidesbrumes.com\/ouvrage\/9782747530767\/dynamique-des-formes-et-representation-pour-une-biopsychologie-de-la-pensee"},{"id":"9782747531528","title":"L'homme et la theorie economique - etude d une solitude radicale","description":"Cet ouvrage s'efforce de dire aux philosophes que l'\u00e9conomie n'est pas par essence au service du pouvoir, et aux \u00e9conomistes que la philosophie n'est pas par essence incompr\u00e9hensible ou destructrice. Quels sont les visages et les passions de ces hommes appel\u00e9s \u00ab\u00a0\u00e9conomistes\u00a0\u00bb ? Quels sont ces mille visages et passions de l'histoire d'une pens\u00e9e, et de l'histoire tout court, qui parlent \u00e0 travers eux ? Un portrait de ces \u00e9conomistes ainsi que de ces hommes qu'ils pr\u00e9tendent d\u00e9crire.\r","authors":["Frederic Valeran"],"category_codes":["9000000","9080000"],"visuals":{"large":"https:\/\/images.epagine.fr\/528\/9782747531528_1_75.jpg","medium":"https:\/\/images.epagine.fr\/528\/9782747531528_1_m.jpg","thumbnail":"https:\/\/images.epagine.fr\/528\/9782747531528_1_v.jpg"},"orderable":true,"show_badge":true,"formatted_price":"16,00&nbsp;\u20ac","formatted_published_date":"1er novembre 2003","publisher_availability_label":"Sur commande","short_details":"Frederic Valeran \u2014 \u00c9ditions L'Harmattan","translator":null,"weight":212,"page_count":160,"readership":null,"editor":"\u00c9ditions L'Harmattan","price":1600,"published_date":"2003-10-31T23:00:00.000000Z","support":"Grand format","publisher_availability":1,"stock":0,"editions":[],"url":"https:\/\/quaidesbrumes.com\/ouvrage\/9782747531528\/lhomme-et-la-theorie-economique-etude-d-une-solitude-radicale"},{"id":"9782711304578","title":"Depression et son inquietante familiarite . esquisse","description":null,"authors":["Triandafillidis Alex"],"category_codes":["9000000","9080000"],"visuals":{"large":"https:\/\/quaidesbrumes.com\/img\/book-placeholder.png","medium":"https:\/\/quaidesbrumes.com\/img\/book-placeholder.png","thumbnail":"https:\/\/quaidesbrumes.com\/img\/book-placeholder.png"},"orderable":true,"show_badge":true,"formatted_price":"20,85&nbsp;\u20ac","formatted_published_date":"1er d\u00e9cembre 2004","publisher_availability_label":"Sur commande","short_details":"Triandafillidis Alex \u2014 \u00c9ditions L'Harmattan","translator":null,"weight":282,"page_count":null,"readership":null,"editor":"\u00c9ditions L'Harmattan","price":2085,"published_date":"2004-11-30T23:00:00.000000Z","support":"Grand format","publisher_availability":1,"stock":0,"editions":[],"url":"https:\/\/quaidesbrumes.com\/ouvrage\/9782711304578\/depression-et-son-inquietante-familiarite-esquisse"},{"id":"9782747530811","title":"Philosophie biosymbolique de l'humain et representation du reel","description":"Si les progr\u00e8s des connaissances scientifiques sur les rapports entre la parole, le geste et l'image permettent de mieux comprendre la continuit\u00e9 entre nature et culture, tout le probl\u00e8me est d'en proposer une th\u00e9orie globale qui n'\u00e9crase pas les diff\u00e9rences de registre et les diversit\u00e9s locales. Ce qui se dessine \u00e0 travers cette r\u00e9flexion d'ensemble, c'est une th\u00e9orie g\u00e9n\u00e9rale de l'histoire des pratiques et des savoirs comme histoire des moyens de repr\u00e9sentation, de symbolisation et de communication de formes dynamiques naturelles, techniques et symboliques. L'enjeu est double : la compr\u00e9hension globale de l'homme et de la r\u00e9alit\u00e9.\r","authors":["Hayat Mickael"],"category_codes":["9000000","9080000"],"visuals":{"large":"https:\/\/images.epagine.fr\/811\/9782747530811_1_75.jpg","medium":"https:\/\/images.epagine.fr\/811\/9782747530811_1_m.jpg","thumbnail":"https:\/\/images.epagine.fr\/811\/9782747530811_1_v.jpg"},"orderable":true,"show_badge":true,"formatted_price":"27,00&nbsp;\u20ac","formatted_published_date":"1er novembre 2003","publisher_availability_label":"Sur commande","short_details":"Hayat Mickael \u2014 \u00c9ditions L'Harmattan","translator":null,"weight":398,"page_count":298,"readership":null,"editor":"\u00c9ditions L'Harmattan","price":2700,"published_date":"2003-10-31T23:00:00.000000Z","support":"Grand format","publisher_availability":1,"stock":0,"editions":[],"url":"https:\/\/quaidesbrumes.com\/ouvrage\/9782747530811\/philosophie-biosymbolique-de-lhumain-et-representation-du-reel"},{"id":"9782747530774","title":"Psychanalyse et biologie","description":"L'\u00e9nigme humaine tient dans cette question : comment l'esprit symbolise-t-il la dynamique biologique ? Seule une meilleure compr\u00e9hension de la repr\u00e9sentation mentale peut nous aider \u00e0 y r\u00e9pondre. La pens\u00e9e, en effet, est une activit\u00e9 de repr\u00e9sentation. Telles sont les hypoth\u00e8ses de cette investigation. Or, la psychanalyse se fonde sur ces m\u00eames hypoth\u00e8ses. Du double point de vue psychologique et anthropologique, elle doit \u00eatre prise au s\u00e9rieux, mieux connue et approfondie, notamment pour \u00e9clairer la relation entre m\u00e9moire et symbolisation. Par un questionnement de la th\u00e9orie freudienne, ce travail cherche \u00e0 repenser l'enracinement biologique du symbolique.\r","authors":["Hayat Mickael"],"category_codes":["9000000","9080000"],"visuals":{"large":"https:\/\/images.epagine.fr\/774\/9782747530774_1_75.jpg","medium":"https:\/\/images.epagine.fr\/774\/9782747530774_1_m.jpg","thumbnail":"https:\/\/images.epagine.fr\/774\/9782747530774_1_v.jpg"},"orderable":true,"show_badge":true,"formatted_price":"21,50&nbsp;\u20ac","formatted_published_date":"1er novembre 2003","publisher_availability_label":"Sur commande","short_details":"Hayat Mickael \u2014 \u00c9ditions L'Harmattan","translator":null,"weight":332,"page_count":240,"readership":null,"editor":"\u00c9ditions L'Harmattan","price":2150,"published_date":"2003-10-31T23:00:00.000000Z","support":"Grand format","publisher_availability":1,"stock":0,"editions":[],"url":"https:\/\/quaidesbrumes.com\/ouvrage\/9782747530774\/psychanalyse-et-biologie"},{"id":"9782747532563","title":"RETOURS ET R\u00c9P\u00c9TITIONS DANS L'HISTOIRE DE GIL BLAS DE SANTIL","description":"Il est curieux de constater qu'apr\u00e8s plus de deux si\u00e8cle de popularit\u00e9, l'Histoire de Gil Blas de Santillane a perdu bon nombre de lecteur ces derni\u00e8res ann\u00e9es. D'o\u00f9 vient se d\u00e9sint\u00e9r\u00eat pour ce roman qui fut l'un des plus gros succ\u00e8s de librairies aux XVIIIe et XIXe si\u00e8cle ? Roman aux sources multiples, il est pourtant un texte foisonnant. Plus de 280 personnages nomm\u00e9s et 14 r\u00e9cits ench\u00e2ss\u00e9s : l'oeuvre de Lesage, fortement structur\u00e9e toutefois, est gouvern\u00e9e par un principe de retours et de r\u00e9p\u00e9titions. Les aventures du h\u00e9ros narrateur sont ponctu\u00e9es par les retours de personnages, de r\u00e9cits intercalaires, de motifs litt\u00e9raires traditionnels et de r\u00e9f\u00e9rences \u00e0 la mythologie antique ou \u00e0 la Bible.","authors":["Philippe Garnier"],"category_codes":["9000000","9070000","9070200"],"visuals":{"large":"https:\/\/images.epagine.fr\/563\/9782747532563_1_75.jpg","medium":"https:\/\/images.epagine.fr\/563\/9782747532563_1_m.jpg","thumbnail":"https:\/\/images.epagine.fr\/563\/9782747532563_1_v.jpg"},"orderable":true,"show_badge":true,"formatted_price":"20,50&nbsp;\u20ac","formatted_published_date":"1er novembre 2003","publisher_availability_label":"Sur commande","short_details":"Philippe Garnier \u2014 \u00c9ditions L'Harmattan","translator":null,"weight":298,"page_count":220,"readership":null,"editor":"\u00c9ditions L'Harmattan","price":2050,"published_date":"2003-10-31T23:00:00.000000Z","support":"Grand format","publisher_availability":1,"stock":0,"editions":[],"url":"https:\/\/quaidesbrumes.com\/ouvrage\/9782747532563\/retours-et-repetitions-dans-lhistoire-de-gil-blas-de-santil"},{"id":"9782747531559","title":"LES VIES DANS L'ENNUI - INSINUATIONS","description":"\u00ab Quittons cette Europe \u00bb, propose \u00e0 sa fa\u00e7on Arnaud Zohou, non en g\u00e9ographe, mais en penseur de l'alliance entre Europe et philosophie. Si la philosophie a d\u00e9guis\u00e9 l'ennui en le faisant passer pour preuve indirecte de la recherche d'absolu, en retour, la vie dans l'ennui manifeste \u00e0 qui en accepte l'\u00e9preuve, l'irr\u00e9ductible originalit\u00e9 de l'existence humaine. Il lib\u00e8re la conviction intime sur soi-m\u00eame, non plus dans l'identit\u00e9 oblig\u00e9e, mais aussi bien dans la multiplicit\u00e9 de soi comme dans ces r\u00e9gions d'Afrique de l'Ouest o\u00f9 plusieurs noms adviennent \u00e0 un seul homme. La le\u00e7on de l'ennui s'\u00e9nonce comme tel : \u00ab se laisser surprendre par la vie \u00bb.","authors":["Arnaud Codjo Zohou"],"category_codes":["9000000","9080000"],"visuals":{"large":"https:\/\/images.epagine.fr\/559\/9782747531559_1_75.jpg","medium":"https:\/\/images.epagine.fr\/559\/9782747531559_1_m.jpg","thumbnail":"https:\/\/images.epagine.fr\/559\/9782747531559_1_v.jpg"},"orderable":true,"show_badge":true,"formatted_price":"14,00&nbsp;\u20ac","formatted_published_date":"1er novembre 2003","publisher_availability_label":"Sur commande","short_details":"Arnaud Codjo Zohou \u2014 \u00c9ditions L'Harmattan","translator":null,"weight":182,"page_count":132,"readership":null,"editor":"\u00c9ditions L'Harmattan","price":1400,"published_date":"2003-10-31T23:00:00.000000Z","support":"Grand format","publisher_availability":1,"stock":0,"editions":[],"url":"https:\/\/quaidesbrumes.com\/ouvrage\/9782747531559\/les-vies-dans-lennui-insinuations"},{"id":"9782747532167","title":"Y a-t-il une education apres la modernite ?","description":"De l'\u00e9cole on attendrait encore que d'un enfant elle fasse un citoyen, quand elle est d\u00e9sormais le lieu d'une mutation, le laboratoire du sujet \u00e0 venir. Eduquer pour devenir libre, pour que chantent les lendemains, tel \u00e9tait le projet de la promesse. Qu'avons-nous fait ? Que faisons-nous ? Qu'est-ce qu'\u00e9duquer apr\u00e8s la modernit\u00e9, c'est-\u00e0-dire dedans, sans retour, c'est-\u00e0-dire maintenant ? Comment \u00e9duquer quand le lendemain, c'est aujourd'hui ? Qu'elle autre \u00e9cole s'invente ? avec qui ? contre qui ? et pour quel sujet ?\r","authors":[],"category_codes":["12000000","12230000"],"visuals":{"large":"https:\/\/images.epagine.fr\/167\/9782747532167_1_75.jpg","medium":"https:\/\/images.epagine.fr\/167\/9782747532167_1_m.jpg","thumbnail":"https:\/\/images.epagine.fr\/167\/9782747532167_1_v.jpg"},"orderable":true,"show_badge":true,"formatted_price":"16,00&nbsp;\u20ac","formatted_published_date":"1er novembre 2003","publisher_availability_label":"Sur commande","short_details":"\u00c9ditions L'Harmattan","translator":null,"weight":252,"page_count":178,"readership":null,"editor":"\u00c9ditions L'Harmattan","price":1600,"published_date":"2003-10-31T23:00:00.000000Z","support":"Grand format","publisher_availability":1,"stock":0,"editions":[],"url":"https:\/\/quaidesbrumes.com\/ouvrage\/9782747532167\/y-a-t-il-une-education-apres-la-modernite"},{"id":"9782200262501","title":"L'\u00e9preuve de soi","description":"L'actuel regain d'int\u00e9r\u00eat pour la philosophie t\u00e9moigne de l'attente la plus l\u00e9gitime qui soit, eu \u00e9gard aux pr\u00e9tentions traditionnelles et \u00e0 l'aura de cette discipline, mais \u00e9galement la plus difficile \u00e0 satisfaire : qu'elle m\u00e8ne celui qui \u00e9pouse ses chemins \u00e0 une v\u00e9ritable r\u00e9-appropriation de sa propre existence, \u00e0 une re-cr\u00e9ation personnelle.Impossible ici de se satisfaire d'un horizon de consolations aimables et de recettes de prosp\u00e9rit\u00e9, non plus que de vertiges th\u00e9orisants ou d'\u00e9rudition monomaniaque. Face \u00e0 un monde qui semble avoir d'avance consum\u00e9 nos \u00e9lans et consomm\u00e9 nos r\u00e9voltes, les postures et commodit\u00e9s ne sont plus de mise. Un retour d'authenticit\u00e9 s'impose \u00e0 l'engagement philosophique lui-m\u00eame. En fait, la mise \u00e0 l'\u00e9preuve de soi est passage oblig\u00e9, d\u00e8s lors que de mort de Dieu en chute des idoles de remplacement, nul ne peut plus pr\u00e9tendre faire surgir la valeur irr\u00e9ductible de l'humain d'ailleurs que de l'homme...D'o\u00f9 la pertinence et l'attrait de l'exploration, ici propos\u00e9e des voies traditionnelles et ressorts nouveaux d'une ma\u00efeutique propre \u00e0 faire na\u00eetre l'homme \u00e0 lui-m\u00eame, \u00e0 travers la mise \u00e0 nu et le retrait de tous les masques que nous imposent la vie en soci\u00e9t\u00e9 et le respect de ses codes. Poussant au d\u00e9racinement du moi comme \u00e0 une \u00e9tape n\u00e9cessaire au d\u00e9voilement de notre v\u00e9rit\u00e9, les auteurs de cet essai s'inscrivent dans la lointaine filiation de ces philosophes de l'Antiquit\u00e9 (Sto\u00efciens, Cyniques) qui vivaient leur philosophie comme un travail sur soi, voire une asc\u00e8se, et dans le prolongement de tout ce pan de la pens\u00e9e contemporaine qui, avec Foucault notamment, s'est employ\u00e9 \u00e0 armer la philosophie d'un pouvoir maximal de transformation crois\u00e9e de celui qui s'y adonne et du social qui l'environne.Cet ouvrage, dirig\u00e9 par Claire MARIN, est issu d'une recherche collective de professeurs agr\u00e9g\u00e9s de philosophie, anciens auditeurs ou \u00e9l\u00e8ves de l'\u00c9cole Normale Sup\u00e9rieure de Fontenay Saint-Cloud : Mathias GOY, Antoine KERINVEL, St\u00e9phane LEGRAND (Universit\u00e9 de Lille), Claire MARIN (Universit\u00e9 de Nice) et C\u00e9cile NICCO (Universit\u00e9 de Paris-IV Sorbonne).\r\nIntroduction. La philosophie comme discipline. L'\u00e9preuve. Histoire de la philosophie comme mani\u00e8re de vivre. Les deux paradigmes : th\u00e9rapeutique et esth\u00e9tique. L'exercice spirituel. L'exp\u00e9rience int\u00e9rieure : de Saint Augustin \u00e0 Bataille. Les grandes \u00e9preuves de l'esprit. Conduire la conduite des autres. L'existence th\u00e9\u00e2tralis\u00e9e.  Sculpte ta propre statue  : la construction de soi. Les vies d'exception. Vivre, en v\u00e9rit\u00e9 : la tentative radicale des Cyniques. L'engagement : du politique \u00e0 l'ontologique. Les m\u00e9tamorphoses du corps. Mourir. Montaigne, l'\u00e9criture et l'amiti\u00e9. Le corps souffrant de Nietzsche \u00e0 Canguilhem. Le corps par\u00e9 : peintures, tatouages et scarifications. Conclusion. Oser philosopher. Lever le voile d'ignorance : le r\u00f4le critique du philosophe. La pratique de soi dans la sph\u00e8re biopolitique. L'\u00e9ducation philosophique en question.","authors":["Claire Marin"],"category_codes":["9000000","9080000"],"visuals":{"large":"https:\/\/images.epagine.fr\/501\/9782200262501_1_75.jpg","medium":"https:\/\/images.epagine.fr\/501\/9782200262501_1_m.jpg","thumbnail":"https:\/\/images.epagine.fr\/501\/9782200262501_1_v.jpg"},"orderable":true,"show_badge":true,"formatted_price":"32,00&nbsp;\u20ac","formatted_published_date":"2 mai 2003","publisher_availability_label":"Sur commande","short_details":"Claire Marin \u2014 Armand Colin","translator":null,"weight":226,"page_count":190,"readership":null,"editor":"Armand Colin","price":3200,"published_date":"2003-05-01T22:00:00.000000Z","support":"Grand format","publisher_availability":1,"stock":0,"editions":[],"url":"https:\/\/quaidesbrumes.com\/ouvrage\/9782200262501\/lepreuve-de-soi"},{"id":"9782747541701","title":"Auschwitz oblige encore : Tentative pour penser le mal absolu \u00e0 partir du bien toujours relatif","description":"Auschwitz peut-il encore obliger la pens\u00e9e aujourd'hui ? C'est \u00e0 cette question que cet essai tente de r\u00e9pondre par l'affirmative, dans la trace vive du livre exceptionnel que Primo Levi r\u00e9digea en 1986, c'est \u00e0 dire quarante ans apr\u00e8s Auschwitz, intitul\u00e9 en fran\u00e7ais \"Les naufrag\u00e9s et les rescap\u00e9s\", mais egalement dans la lumi\u00e8re spectrale et inqui\u00e9tante de la mort violente que l'\u00e9crivain s'est donn\u00e9 un an plus tard, un matin d'avril 1987 \u00e0 Turin.","authors":["Helene Van Camp"],"category_codes":["9000000","9080000"],"visuals":{"large":"https:\/\/images.epagine.fr\/701\/9782747541701_1_75.jpg","medium":"https:\/\/images.epagine.fr\/701\/9782747541701_1_m.jpg","thumbnail":"https:\/\/images.epagine.fr\/701\/9782747541701_1_v.jpg"},"orderable":true,"show_badge":true,"formatted_price":"16,50&nbsp;\u20ac","formatted_published_date":"1er novembre 2003","publisher_availability_label":"Sur commande","short_details":"Helene Van Camp \u2014 \u00c9ditions L'Harmattan","translator":null,"weight":240,"page_count":192,"readership":null,"editor":"\u00c9ditions L'Harmattan","price":1650,"published_date":"2003-10-31T23:00:00.000000Z","support":"Grand format","publisher_availability":1,"stock":0,"editions":[],"url":"https:\/\/quaidesbrumes.com\/ouvrage\/9782747541701\/auschwitz-oblige-encore-tentative-pour-penser-le-mal-absolu-a-partir-du-bien-toujours-relatif"},{"id":"9782747544368","title":"Carnap, le symbolique et la philosophie","description":"La pens\u00e9e de Carnap con\u00e7oit la connaissance comme une construction qui part non pas des intuitions a priori mais de symboles entendus comme substituts du v\u00e9cu, projet\u00e9s dans l'espace. Dans cet ouvrage, l'auteur \u00e9tudie l'ensemble de l'oeuvre logique et \u00e9pist\u00e9mologique de Carnap et y d\u00e9c\u00e8le l'influence d'une philosophie, le symbolique, qu'il oppose \u00e0 la philosophie transcendantale. S'il faut chercher des influences, c'est du c\u00f4t\u00e9 de Wittgenstein, Russel et surtout, au d\u00e9but, de Mach qu'il faut s'arr\u00eater et non au kantisme et au n\u00e9okantisme.\r","authors":[],"category_codes":["9000000","9080000"],"visuals":{"large":"https:\/\/images.epagine.fr\/368\/9782747544368_1_75.jpg","medium":"https:\/\/images.epagine.fr\/368\/9782747544368_1_m.jpg","thumbnail":"https:\/\/images.epagine.fr\/368\/9782747544368_1_v.jpg"},"orderable":true,"show_badge":true,"formatted_price":"31,50&nbsp;\u20ac","formatted_published_date":"1er novembre 2003","publisher_availability_label":"Sur commande","short_details":"\u00c9ditions L'Harmattan","translator":null,"weight":435,"page_count":360,"readership":null,"editor":"\u00c9ditions L'Harmattan","price":3150,"published_date":"2003-10-31T23:00:00.000000Z","support":"Grand format","publisher_availability":1,"stock":0,"editions":[],"url":"https:\/\/quaidesbrumes.com\/ouvrage\/9782747544368\/carnap-le-symbolique-et-la-philosophie"},{"id":"9782747543491","title":"Le d\u00e9mon et le nombre","description":"La guerre des mondes est d\u00e9sormais actuelle. Les religions s'affrontent, les sciences se disputent, les soci\u00e9t\u00e9s se m\u00e9langent. Loin du consensus, la r\u00e9flexion est ici conflictuelle : le d\u00e9mon et le nombre repr\u00e9sentent les deux paradigmes de l'affrontement entre le mal et le bien, la folie et la raison, l'unique et la diff\u00e9rence, la religion et la science. Plut\u00f4t que de dissoudre le conflit, son \u00e9pist\u00e9mologie r\u00e9v\u00e8le combien la tradition occidentale tient dans cette opposition permanente : la d\u00e9finition d'un homme d\u00e9doubl\u00e9.","authors":["Herve Etchart"],"category_codes":["9000000","9080000"],"visuals":{"large":"https:\/\/images.epagine.fr\/491\/9782747543491_1_75.jpg","medium":"https:\/\/images.epagine.fr\/491\/9782747543491_1_m.jpg","thumbnail":"https:\/\/images.epagine.fr\/491\/9782747543491_1_v.jpg"},"orderable":true,"show_badge":true,"formatted_price":"19,50&nbsp;\u20ac","formatted_published_date":"1er novembre 2003","publisher_availability_label":"Sur commande","short_details":"Herve Etchart \u2014 \u00c9ditions L'Harmattan","translator":null,"weight":290,"page_count":214,"readership":null,"editor":"\u00c9ditions L'Harmattan","price":1950,"published_date":"2003-10-31T23:00:00.000000Z","support":"Grand format","publisher_availability":1,"stock":0,"editions":[],"url":"https:\/\/quaidesbrumes.com\/ouvrage\/9782747543491\/le-demon-et-le-nombre"},{"id":"9782747545310","title":"Enseigner - lieux et usages du monde ii","description":"La question g\u00e9n\u00e9rale qui est pos\u00e9e ici est bien : qu'est-ce qu'enseigner, et qu'est-ce qu'en devenir capable aujourd'hui ? Une telle question n'est pas simple, tant il semble que les enseignants soient expos\u00e9s \u00e0 diff\u00e9rents discours suppos\u00e9s leur dire comment ils doivent orienter leur activit\u00e9. La premi\u00e8re partie de l'ouvrage analyse ces diff\u00e9rents discours. La seconde trouve dans la notion de m\u00e9thode, largement retravaill\u00e9e et fond\u00e9e sur la notion de risque, les ressources d'une r\u00e9ponse \u00e0 cette question de l'orientation, et s'attache \u00e0 en d\u00e9velopper toutes les cons\u00e9quences.\r","authors":["Hubert Vincent"],"category_codes":["9000000","9080000"],"visuals":{"large":"https:\/\/images.epagine.fr\/310\/9782747545310_1_75.jpg","medium":"https:\/\/images.epagine.fr\/310\/9782747545310_1_m.jpg","thumbnail":"https:\/\/images.epagine.fr\/310\/9782747545310_1_v.jpg"},"orderable":true,"show_badge":true,"formatted_price":"18,50&nbsp;\u20ac","formatted_published_date":"1er novembre 2003","publisher_availability_label":"Sur commande","short_details":"Hubert Vincent \u2014 \u00c9ditions L'Harmattan","translator":null,"weight":290,"page_count":214,"readership":null,"editor":"\u00c9ditions L'Harmattan","price":1850,"published_date":"2003-10-31T23:00:00.000000Z","support":"Grand format","publisher_availability":1,"stock":0,"editions":[],"url":"https:\/\/quaidesbrumes.com\/ouvrage\/9782747545310\/enseigner-lieux-et-usages-du-monde-ii"},{"id":"9782747543750","title":"Esope au pays des philosophes","description":"Souvenons-nous d'Esope le fabuliste. Cet esclave grec qui s'est battu pour conqu\u00e9rir sa libert\u00e9 et sa dignit\u00e9 d'homme, sept si\u00e8cles avant J.C. Les uns disent qu'Esope \u00e9tait aussi petit que laid, d'autres qu'il \u00e9tait bossu, et tous affirment qu'il b\u00e9gayait. Mais qu'a-t-il fait pour qu'on en parle encore ?","authors":["Fran\u00e7oise Kerisel"],"category_codes":["2000000","2070000"],"visuals":{"large":"https:\/\/images.epagine.fr\/750\/9782747543750_1_75.jpg","medium":"https:\/\/images.epagine.fr\/750\/9782747543750_1_m.jpg","thumbnail":"https:\/\/images.epagine.fr\/750\/9782747543750_1_v.jpg"},"orderable":true,"show_badge":true,"formatted_price":"8,00&nbsp;\u20ac","formatted_published_date":"1er novembre 2003","publisher_availability_label":"Sur commande","short_details":"Fran\u00e7oise Kerisel \u2014 \u00c9ditions L'Harmattan","translator":null,"weight":95,"page_count":60,"readership":null,"editor":"\u00c9ditions L'Harmattan","price":800,"published_date":"2003-10-31T23:00:00.000000Z","support":"Grand format","publisher_availability":1,"stock":0,"editions":[],"url":"https:\/\/quaidesbrumes.com\/ouvrage\/9782747543750\/esope-au-pays-des-philosophes"},{"id":"9782913126107","title":"Deux lettres \u00e0 Thomas Kuhn ; sur une version pr\u00e9paratoire de La structure des r\u00e9volutions scientifiques","description":"Texte vivant, sans d\u00e9tour, les lettres de Feyerabend anticipent des arguments que l'on retrouvera dans la discussion du livre-\u00e9v\u00e9nement de Kuhn, en particulier chez les rationalistes critiques londoniens. Ces lettres traitent de nombre de sujets qui sont comme autant d'objets de litige, et paraissent surtout rev\u00eatir une importance particuli\u00e8re parce qu'ils d\u00e9passent finalement le cadre de ces correspondances \u00e0 Kuhn pour nous permettre de comprendre ce qui int\u00e9resse plus profond\u00e9ment Feyerabend.\r","authors":["Paul .K. Feyerabend"],"category_codes":["9000000","9080000","9080200","9080204"],"visuals":{"large":"https:\/\/images.epagine.fr\/107\/9782913126107_1_75.jpg","medium":"https:\/\/images.epagine.fr\/107\/9782913126107_1_m.jpg","thumbnail":"https:\/\/images.epagine.fr\/107\/9782913126107_1_v.jpg"},"orderable":true,"show_badge":true,"formatted_price":"15,00&nbsp;\u20ac","formatted_published_date":"28 f\u00e9vrier 2003","publisher_availability_label":"Sur commande","short_details":"Paul .K. Feyerabend \u2014 DIANOIA","translator":null,"weight":165,"page_count":120,"readership":null,"editor":"DIANOIA","price":1500,"published_date":"2003-02-27T23:00:00.000000Z","support":"Grand format","publisher_availability":1,"stock":0,"editions":[],"url":"https:\/\/quaidesbrumes.com\/ouvrage\/9782913126107\/deux-lettres-a-thomas-kuhn-sur-une-version-preparatoire-de-la-structure-des-revolutions-scientifiques"}]}