{"data":[{"id":"9782747526357","title":"LE \" MENTAL \" ET LE \" PHYSIQUE \"","description":"Comment d\u00e9crire le passage de la physique aux sciences cognitives ? Quelle identit\u00e9 peut-on \u00e9tablir entre le cerveau et l'esprit ? Form\u00e9 aux th\u00e9ories de la physique quantique, le philosophe autrichien in\u00e9dit en fran\u00e7ais, se tourne vers les sciences de la vie pour d\u00e9crire la cognition. Il esp\u00e8res y trouver des mod\u00e8les suffisants pour interpr\u00e9ter les relations entre les \u00e9tats mentaux et \u00e9tats physiques v\u00e9cus par le sujet humain.","authors":["Herbert Feigl"],"category_codes":["9000000","9080000"],"visuals":{"large":"https:\/\/images.epagine.fr\/357\/9782747526357_1_75.jpg","medium":"https:\/\/images.epagine.fr\/357\/9782747526357_1_m.jpg","thumbnail":"https:\/\/images.epagine.fr\/357\/9782747526357_1_v.jpg"},"orderable":true,"show_badge":true,"formatted_price":"27,00&nbsp;\u20ac","formatted_published_date":"1er janvier 2002","publisher_availability_label":"Sur commande","short_details":"Herbert Feigl \u2014 \u00c9ditions L'Harmattan","translator":null,"weight":412,"page_count":306,"readership":null,"editor":"\u00c9ditions L'Harmattan","price":2700,"published_date":"2001-12-31T23:00:00.000000Z","support":"Grand format","publisher_availability":1,"stock":0,"editions":[],"url":"https:\/\/quaidesbrumes.com\/ouvrage\/9782747526357\/le-mental-et-le-physique"},{"id":"9782080256645","title":"Sauver nos peaux","description":null,"authors":["Claire Marin"],"category_codes":["9000000","9080000"],"visuals":{"large":"https:\/\/quaidesbrumes.com\/img\/book-placeholder.png","medium":"https:\/\/quaidesbrumes.com\/img\/book-placeholder.png","thumbnail":"https:\/\/quaidesbrumes.com\/img\/book-placeholder.png"},"orderable":false,"show_badge":true,"formatted_price":"21,00&nbsp;\u20ac","formatted_published_date":"9 septembre 2026","publisher_availability_label":"\u00c0 para\u00eetre","short_details":"Claire Marin \u2014 Flammarion","translator":null,"weight":0,"page_count":220,"readership":null,"editor":"Flammarion","price":2100,"published_date":"2026-09-08T22:00:00.000000Z","support":"Grand format","publisher_availability":2,"stock":0,"editions":[],"url":"https:\/\/quaidesbrumes.com\/ouvrage\/9782080256645\/sauver-nos-peaux"},{"id":"9782747527712","title":"L'interpr\u00e9tation des g\u00e8nes : Un exemple de confusion des savoirs","description":"L'interpr\u00e9tation des r\u00eaves serait \u00e0 remplacer depuis 1980 par l'interpr\u00e9tation des g\u00e8nes. Cette confusion des savoirs est une des figures du mouvement entre les sciences de la vie et les sciences humaines afin de constituer du comportement g\u00e9n\u00e9tique. Le comportement g\u00e9n\u00e9tique sert d'alibi pour justifier une explication naturelle de la vie individuelle et sociale. Les succ\u00e8s de la recherche g\u00e9n\u00e9tique sont ici relativis\u00e9s par les enjeux philosophiques d\u00e9couverts.","authors":["Bernard Andrieu"],"category_codes":["9000000","9080000"],"visuals":{"large":"https:\/\/images.epagine.fr\/712\/9782747527712_1_75.jpg","medium":"https:\/\/images.epagine.fr\/712\/9782747527712_1_m.jpg","thumbnail":"https:\/\/images.epagine.fr\/712\/9782747527712_1_v.jpg"},"orderable":true,"show_badge":true,"formatted_price":"16,50&nbsp;\u20ac","formatted_published_date":"1er janvier 2002","publisher_availability_label":"Sur commande","short_details":"Bernard Andrieu \u2014 \u00c9ditions L'Harmattan","translator":null,"weight":242,"page_count":173,"readership":null,"editor":"\u00c9ditions L'Harmattan","price":1650,"published_date":"2001-12-31T23:00:00.000000Z","support":"Grand format","publisher_availability":1,"stock":0,"editions":[],"url":"https:\/\/quaidesbrumes.com\/ouvrage\/9782747527712\/linterpretation-des-genes-un-exemple-de-confusion-des-savoirs"},{"id":"9782322583546","title":"L'Enfant et le Triangle de Lumi\u00e8re : Conte mystique de Fran\u00e7ois Rey","description":"Un conte sensible et solidaire\r\nPort\u00e9e par 14 illustrations originales d'Ali\u00e9nor Marescaux, l'histoire plonge petits et grands dans un univers onirique et \u00e9mouvant. \u00c0 travers une \u00e9criture simple et po\u00e9tique, ce conte explore des th\u00e8mes universels (qu\u00eate de sens, lumi\u00e8re int\u00e9rieure et passage vers la compr\u00e9hension du monde) offrant une lecture accessible, profonde et riche en symboles. \r\nEn acqu\u00e9rant ce livre, vous soutenez une initiative solidaire: l'ensemble des b\u00e9n\u00e9fices est revers\u00e9 \u00e0 la section Rugby Sant\u00e9 du MHR Solidaire, qui accompagne des personnes atteintes de cancer gr\u00e2ce \u00e0 des activit\u00e9s physiques adapt\u00e9es favorisant bien-\u00eatre, reconstruction et lien social.\r","authors":["Fran\u00e7ois Rey"],"category_codes":["9000000","9080000"],"visuals":{"large":"https:\/\/images.epagine.fr\/546\/9782322583546_1_75.jpg","medium":"https:\/\/images.epagine.fr\/546\/9782322583546_1_m.jpg","thumbnail":"https:\/\/images.epagine.fr\/546\/9782322583546_1_v.jpg"},"orderable":true,"show_badge":true,"formatted_price":"21,99&nbsp;\u20ac","formatted_published_date":"27 f\u00e9vrier 2026","publisher_availability_label":"Sur commande","short_details":"Fran\u00e7ois Rey \u2014 Books on Demand","translator":null,"weight":207,"page_count":40,"readership":null,"editor":"Books on Demand","price":2199,"published_date":"2026-02-26T23:00:00.000000Z","support":"Grand format","publisher_availability":1,"stock":0,"editions":[],"url":"https:\/\/quaidesbrumes.com\/ouvrage\/9782322583546\/lenfant-et-le-triangle-de-lumiere-conte-mystique-de-francois-rey"},{"id":"9782013435758","title":"Lettre de l'assemblee generale de la partie francaise de saint-domingue aux chambres - du commerce e","description":"Lettre de l'assembl\u00e9e g\u00e9n\u00e9rale de la partie fran\u00e7aise de Saint-Domingue aux chambres du commerce et manufactures du royaume. (A bord du \"L\u00e9opard\", en rade de Brest, le 13 septembre 1790.) Date de l'\u00e9dition originale : 1790 Sujet de l'ouvrage : France -- Colonies -- HistoireAm\u00e9rique -- HistoireHa\u00efti (\u00eele) Ce livre est la reproduction fid\u00e8le d'une oeuvre publi\u00e9e avant 1920 et fait partie d'une collection de livres r\u00e9imprim\u00e9s \u00e0 la demande \u00e9dit\u00e9e par Hachette Livre, dans le cadre d'un partenariat avec la Biblioth\u00e8que nationale de France, offrant l'opportunit\u00e9 d'acc\u00e9der \u00e0 des ouvrages anciens et souvent rares issus des fonds patrimoniaux de la BnF.\r\nLes oeuvres faisant partie de cette collection ont \u00e9t\u00e9 num\u00e9ris\u00e9es par la BnF et sont pr\u00e9sentes sur Gallica, sa biblioth\u00e8que num\u00e9rique.\r\n\r\nEn entreprenant de redonner vie \u00e0 ces ouvrages au travers d'une collection de livres r\u00e9imprim\u00e9s \u00e0 la demande, nous leur donnons la possibilit\u00e9 de rencontrer un public \u00e9largi et participons \u00e0 la transmission de connaissances et de savoirs parfois difficilement accessibles.\r\nNous avons cherch\u00e9 \u00e0 concilier la reproduction fid\u00e8le d'un livre ancien \u00e0 partir de sa version num\u00e9ris\u00e9e avec le souci d'un confort de lecture optimal. Nous esp\u00e9rons que les ouvrages de cette nouvelle collection vous apporteront enti\u00e8re satisfaction.\r\n\r\nPour plus d'informations, rendez-vous sur www.hachettebnf.fr http:\/\/gallica.bnf.fr\/ark:\/12148\/bpt6k5786466w","authors":[],"category_codes":["9000000","9080000","9080600"],"visuals":{"large":"https:\/\/images.epagine.fr\/758\/9782013435758_1_75.jpg","medium":"https:\/\/images.epagine.fr\/758\/9782013435758_1_m.jpg","thumbnail":"https:\/\/images.epagine.fr\/758\/9782013435758_1_v.jpg"},"orderable":true,"show_badge":true,"formatted_price":"9,50&nbsp;\u20ac","formatted_published_date":"1er septembre 2014","publisher_availability_label":"Sur commande","short_details":"Hachette BNF","translator":null,"weight":45,"page_count":null,"readership":null,"editor":"Hachette BNF","price":950,"published_date":"2014-08-31T22:00:00.000000Z","support":"Grand format","publisher_availability":1,"stock":0,"editions":[],"url":"https:\/\/quaidesbrumes.com\/ouvrage\/9782013435758\/lettre-de-lassemblee-generale-de-la-partie-francaise-de-saint-domingue-aux-chambres-du-commerce-e"},{"id":"9782747528177","title":"LA RH\u00c9TORIQUE DES STO\u00cfCIENS","description":"Vers la fin du IVe si\u00e8cle, les Sto\u00efciens interviennent pour transformer le visage de l'art de la parole qui pr\u00e9valait alors. Ce livre d\u00e9gage les traits de la rh\u00e9torique sto\u00efcienne dans son ensemble, la place pr\u00e9pond\u00e9rante qu'elle occupe dans la philosophie du Portique, sa fonction dans l'enseignement philosophique, ses diverses formes stylistiques et sa contribution dans le domaine de la morale.","authors":["Maria Protopapas-marneli"],"category_codes":["9000000","9080000"],"visuals":{"large":"https:\/\/images.epagine.fr\/177\/9782747528177_1_75.jpg","medium":"https:\/\/images.epagine.fr\/177\/9782747528177_1_m.jpg","thumbnail":"https:\/\/images.epagine.fr\/177\/9782747528177_1_v.jpg"},"orderable":true,"show_badge":true,"formatted_price":"20,50&nbsp;\u20ac","formatted_published_date":"1er janvier 2002","publisher_availability_label":"Sur commande","short_details":"Maria Protopapas-marneli \u2014 \u00c9ditions L'Harmattan","translator":null,"weight":382,"page_count":222,"readership":null,"editor":"\u00c9ditions L'Harmattan","price":2050,"published_date":"2001-12-31T23:00:00.000000Z","support":"Grand format","publisher_availability":1,"stock":0,"editions":[],"url":"https:\/\/quaidesbrumes.com\/ouvrage\/9782747528177\/la-rhetorique-des-stoiciens"},{"id":"9782747528566","title":"Le systeme et le reve","description":"Le syst\u00e8me et le r\u00eave sont des exp\u00e9riences concr\u00e8tes de notre vie quotidienne que le sens commun se pla\u00eet \u00e0 opposer. Le syst\u00e8me suscite la m\u00e9fiance, le r\u00eave un engouement superficiel. L'histoire des mentalit\u00e9s, des id\u00e9ologies, l'histoire litt\u00e9raire ne v\u00e9rifient pas cette dichotomie. Hant\u00e9 par le r\u00eave, le syst\u00e8me est producteur d'utopies fanatiques, tandis que le r\u00eave avide de r\u00e9alit\u00e9 s'invente un univers gouvern\u00e9 par une logique syst\u00e9matiquement folle\u00a0; ces deux aspirations se comp\u00e9n\u00e9trent plus qu'elles ne s'excluent. L'\u00e9lucidation des concepts et de leur \u00e9volution dans les esth\u00e9tiques classique et romantique, les r\u00e9ponses apport\u00e9es par les oeuvres de Bachelard, Diderot, Schlegel, H\u00f6lderlin, Laforgue, Klee, Condorcet, Mann, posent quelques-uns des jalons d'une r\u00e9flexion sur une probl\u00e9matique in\u00e9puisable.","authors":["Jean-marie Paul"],"category_codes":["9000000","9080000"],"visuals":{"large":"https:\/\/images.epagine.fr\/566\/9782747528566_1_75.jpg","medium":"https:\/\/images.epagine.fr\/566\/9782747528566_1_m.jpg","thumbnail":"https:\/\/images.epagine.fr\/566\/9782747528566_1_v.jpg"},"orderable":true,"show_badge":true,"formatted_price":"27,00&nbsp;\u20ac","formatted_published_date":"1er novembre 2003","publisher_availability_label":"Sur commande","short_details":"Jean-marie Paul \u2014 \u00c9ditions L'Harmattan","translator":null,"weight":376,"page_count":300,"readership":null,"editor":"\u00c9ditions L'Harmattan","price":2700,"published_date":"2003-10-31T23:00:00.000000Z","support":"Grand format","publisher_availability":1,"stock":0,"editions":[],"url":"https:\/\/quaidesbrumes.com\/ouvrage\/9782747528566\/le-systeme-et-le-reve"},{"id":"9782747526418","title":"TH\u00c9ORIE G\u00c9N\u00c9RALE DE LA SCH\u00c9MATISATION : Epist\u00e9mologie des sciences cognitives","description":"Les sciences cognitives, la neurologie, la psychologie, l'intelligence artificielle ont pris une importance capitale depuis une vingtaine d'ann\u00e9es notamment dans le d\u00e9veloppement de l'informatique et de la robotique. Le pr\u00e9sent ouvrage vise \u00e0 faire le point des m\u00e9thodologies utilis\u00e9es : structure, mod\u00e8le, machine, th\u00e9orie des ensembles et des graphes. Il propose une \u00e9pist\u00e9mologie reposant sur la sch\u00e9matisation, les arch\u00e9types de l'arbre et du r\u00e9seau. Il fait le point des th\u00e9ories du sch\u00e8me depuis Kant, Bergson, Sartre, Revault d'Allones et Piaget.","authors":["Robert Estivals"],"category_codes":["9000000","9090000"],"visuals":{"large":"https:\/\/images.epagine.fr\/418\/9782747526418_1_75.jpg","medium":"https:\/\/images.epagine.fr\/418\/9782747526418_1_m.jpg","thumbnail":"https:\/\/images.epagine.fr\/418\/9782747526418_1_v.jpg"},"orderable":true,"show_badge":true,"formatted_price":"15,00&nbsp;\u20ac","formatted_published_date":"1er janvier 2002","publisher_availability_label":"Sur commande","short_details":"Robert Estivals \u2014 \u00c9ditions L'Harmattan","translator":null,"weight":222,"page_count":157,"readership":null,"editor":"\u00c9ditions L'Harmattan","price":1500,"published_date":"2001-12-31T23:00:00.000000Z","support":"Grand format","publisher_availability":1,"stock":0,"editions":[],"url":"https:\/\/quaidesbrumes.com\/ouvrage\/9782747526418\/theorie-generale-de-la-schematisation-epistemologie-des-sciences-cognitives"},{"id":"9782322584918","title":"Oppression et Libert\u00e9 : Une analyse critique du pouvoir et des fondements d'une philosophie sociale de la libert\u00e9","description":"L'oeuvre de Simone Weil, regroupee sous le titre \"Oppression et Liberte\", constitue l'un des piliers de la philosophie politique du XXe siecle. Ce recueil d'essais, dont le texte central fut redige en 1934, propose une analyse d'une lucidite implacable sur les mecanismes qui asservissent l'individu au sein des structures sociales modernes. L'auteure y delaisse les analyses purement economiques ou de classe pour explorer la nature profonde de l'oppression, qu'elle definit comme une fatalite liee a la specialisation des fonctions et a l'aveuglement de la machine sociale.\r\nDans son texte majeur, \"Reflexions sur les causes de l'oppression et de la liberte sociale\", Simone Weil opere une rupture avec le marxisme traditionnel tout en conservant une exigence de justice radicale. Elle y demontre que l'oppression n'est pas le fruit d'une volonte malveillante de quelques-uns, mais le resultat inevitable d'un desequilibre entre l'homme et ses outils de production. A travers une critique audacieuse de la bureaucratie, de la technocratie et de l'americanisation de l'industrie, elle anticipe avec une precision saisissante les derives des societes industrielles et le sentiment d'alienation de la condition ouvriere.\r\nL'interet litteraire et documentaire de cet ouvrage reside dans la demarche unique de Weil : allier la rigueur mathematique a une empathie profonde pour la souffrance humaine. Elle explore les themes de la liberte individuelle face a la force collective, la necessite de l'enracinement et la recherche d'une organisation sociale a taille humaine. En remettant en question la notion de progres et en analysant la \"religion de la production\", Simone Weil offre une cle de lecture indispensable pour comprendre les crises politiques contemporaines. Cet essai s'adresse aux lecteurs de philosophie politique, de sociologie et d'histoire, ainsi qu'a tous ceux qui cherchent a repenser la notion de souverainete individuelle dans un monde domine par l'abstraction technique. Ce texte de reference demeure une oeuvre de reflexion pure, exempte de toute complaisance ideologique, invitant a une reconstruction de la pensee sociale sur les bases de la verite et de l'attention.\r","authors":["Simone Weil"],"category_codes":["9000000","9080000"],"visuals":{"large":"https:\/\/images.epagine.fr\/918\/9782322584918_1_75.jpg","medium":"https:\/\/images.epagine.fr\/918\/9782322584918_1_m.jpg","thumbnail":"https:\/\/images.epagine.fr\/918\/9782322584918_1_v.jpg"},"orderable":true,"show_badge":true,"formatted_price":"19,90&nbsp;\u20ac","formatted_published_date":"16 avril 2026","publisher_availability_label":"Sur commande","short_details":"Simone Weil \u2014 Books on Demand","translator":null,"weight":306,"page_count":206,"readership":null,"editor":"Books on Demand","price":1990,"published_date":"2026-04-15T22:00:00.000000Z","support":"Grand format","publisher_availability":1,"stock":0,"editions":[],"url":"https:\/\/quaidesbrumes.com\/ouvrage\/9782322584918\/oppression-et-liberte-une-analyse-critique-du-pouvoir-et-des-fondements-dune-philosophie-sociale-de-la-liberte"},{"id":"9782329057590","title":"La vague mystique","description":"La vague mystique \/ Jules Sageret\r\nDate de l'\u00e9dition originale : 1920\r\n\r\nLe pr\u00e9sent ouvrage s'inscrit dans une politique de conservation patrimoniale des ouvrages de la litt\u00e9rature Fran\u00e7aise mise en place avec la BNF. \r\nHACHETTE LIVRE et la BNF proposent ainsi un catalogue de titres indisponibles, la BNF ayant num\u00e9ris\u00e9 ces oeuvres et HACHETTE LIVRE les imprimant \u00e0 la demande. \r\nCertains de ces ouvrages refl\u00e8tent des courants de pens\u00e9e caract\u00e9ristiques de leur \u00e9poque, mais qui seraient aujourd'hui jug\u00e9s condamnables. \r\nIls n'en appartiennent pas moins \u00e0 l'histoire des id\u00e9es en France et sont susceptibles de pr\u00e9senter un int\u00e9r\u00eat scientifique ou historique. \r\nLe sens de notre d\u00e9marche \u00e9ditoriale consiste ainsi \u00e0 permettre l'acc\u00e8s \u00e0 ces oeuvres sans pour autant que nous en cautionnions en aucune fa\u00e7on le contenu. \r\nPour plus d'informations, rendez-vous sur www.hachettebnf.fr","authors":["Jules Sageret"],"category_codes":["9000000","9080000"],"visuals":{"large":"https:\/\/images.epagine.fr\/590\/9782329057590_1_75.jpg","medium":"https:\/\/images.epagine.fr\/590\/9782329057590_1_m.jpg","thumbnail":"https:\/\/images.epagine.fr\/590\/9782329057590_1_v.jpg"},"orderable":true,"show_badge":true,"formatted_price":"19,00&nbsp;\u20ac","formatted_published_date":"1er septembre 2018","publisher_availability_label":"Sur commande","short_details":"Jules Sageret \u2014 Hachette BNF","translator":null,"weight":265,"page_count":194,"readership":null,"editor":"Hachette BNF","price":1900,"published_date":"2018-08-31T22:00:00.000000Z","support":"Grand format","publisher_availability":1,"stock":0,"editions":[],"url":"https:\/\/quaidesbrumes.com\/ouvrage\/9782329057590\/la-vague-mystique"},{"id":"9782747596381","title":"La philosophie d'Alain Badiou","description":"L'oeuvre en devenir d'Alain Badiou est l'objet d'un int\u00e9r\u00eat grandissant, en France aussi bien qu'en Europe et aux Etats-Unis. Badiou construit une science de l'\u00eatre, s'appuyant sur les d\u00e9veloppements de la th\u00e9orie math\u00e9matique des ensembles. Mais il est aussi le penseur de ces \u00e9v\u00e8nements qui font de l'homme un \u00eatre capable d'une vie authentique et engag\u00e9e. Qu'apporte donc Badiou par rapport \u00e0 Deleuze ou Derrida ? Comment accomplir le projet de Heidegger tout en destituant son romantisme ?","authors":["Fabien Tarby"],"category_codes":["9000000","9080000"],"visuals":{"large":"https:\/\/images.epagine.fr\/381\/9782747596381_1_75.jpg","medium":"https:\/\/images.epagine.fr\/381\/9782747596381_1_m.jpg","thumbnail":"https:\/\/images.epagine.fr\/381\/9782747596381_1_v.jpg"},"orderable":true,"show_badge":true,"formatted_price":"25,50&nbsp;\u20ac","formatted_published_date":"1er d\u00e9cembre 2005","publisher_availability_label":"Sur commande","short_details":"Fabien Tarby \u2014 \u00c9ditions L'Harmattan","translator":null,"weight":345,"page_count":280,"readership":null,"editor":"\u00c9ditions L'Harmattan","price":2550,"published_date":"2005-11-30T23:00:00.000000Z","support":"Grand format","publisher_availability":1,"stock":0,"editions":[],"url":"https:\/\/quaidesbrumes.com\/ouvrage\/9782747596381\/la-philosophie-dalain-badiou"},{"id":"9782747530040","title":"Du plaisir, de la douleur et de quelques autres","description":"La d\u00e9finition de la conscience comme manque d'\u00eatre parviendra-t-elle jamais \u00e0 nous persuader que nous serions condamn\u00e9s \u00e0 manquer de plaisir dans la jouissance, ou de douleur quand nous souffrons ? L'euphorie \u00e9rotique, ou l'enthousiasme esth\u00e9tique tournent en d\u00e9rision l'exclamation trop commune : \u00ab\u00a0Ah !\u00a0N'est-ce que cela !\u00a0\u00bb Et ne serait-il pas ind\u00e9cent d'expliquer \u00e0 l'agonisant qui se tord sur son lit, qu'il aura beau se d\u00e9mener, il manquera toujours de souffrir absolument ? On doit pouvoir d\u00e9noncer le mythe de la d\u00e9ception, ou de l'inaccessible pl\u00e9nitude des consciences.","authors":["Xavier Bard"],"category_codes":["9000000","9080000"],"visuals":{"large":"https:\/\/images.epagine.fr\/040\/9782747530040_1_75.jpg","medium":"https:\/\/images.epagine.fr\/040\/9782747530040_1_m.jpg","thumbnail":"https:\/\/images.epagine.fr\/040\/9782747530040_1_v.jpg"},"orderable":true,"show_badge":true,"formatted_price":"15,00&nbsp;\u20ac","formatted_published_date":"1er novembre 2003","publisher_availability_label":"Sur commande","short_details":"Xavier Bard \u2014 \u00c9ditions L'Harmattan","translator":null,"weight":218,"page_count":156,"readership":null,"editor":"\u00c9ditions L'Harmattan","price":1500,"published_date":"2003-10-31T23:00:00.000000Z","support":"Grand format","publisher_availability":1,"stock":0,"editions":[],"url":"https:\/\/quaidesbrumes.com\/ouvrage\/9782747530040\/du-plaisir-de-la-douleur-et-de-quelques-autres"},{"id":"9782747528399","title":"Le lien social dans le modele de l'individualisme prive - de chair et d os","description":"Depuis longtemps d\u00e9j\u00e0, le lien social est l'enjeu de multiples d\u00e9bats. Notre \u00e9poque ne fait pas exception, qui voit l'apparition d'une nouvelle figure identitaire qui vient questionner les bases sur lesquelles reposait depuis quelques d\u00e9cennies notre conception de la vie en communaut\u00e9. Un nombre de plus en plus important de gens est affect\u00e9 par la conjonction de deux ph\u00e9nom\u00e8nes : l'\u00e9rosion de l'id\u00e9e de temps long et l'omnipr\u00e9sence d'une nouvelle forme d'individualisme. Cette nouvelle fa\u00e7on d'\u00eatre-au-monde permet de comprendre que si nous vivons toujours en groupes, notre fa\u00e7on de le faire et les raisons qui nous y poussent sont en \u00e9volution constante.","authors":["Jean-Francois Venne"],"category_codes":["9000000","9120000","9120200"],"visuals":{"large":"https:\/\/images.epagine.fr\/399\/9782747528399_1_75.jpg","medium":"https:\/\/images.epagine.fr\/399\/9782747528399_1_m.jpg","thumbnail":"https:\/\/images.epagine.fr\/399\/9782747528399_1_v.jpg"},"orderable":true,"show_badge":true,"formatted_price":"17,50&nbsp;\u20ac","formatted_published_date":"1er novembre 2003","publisher_availability_label":"Sur commande","short_details":"Jean-Francois Venne \u2014 \u00c9ditions L'Harmattan","translator":null,"weight":240,"page_count":186,"readership":null,"editor":"\u00c9ditions L'Harmattan","price":1750,"published_date":"2003-10-31T23:00:00.000000Z","support":"Grand format","publisher_availability":1,"stock":0,"editions":[],"url":"https:\/\/quaidesbrumes.com\/ouvrage\/9782747528399\/le-lien-social-dans-le-modele-de-lindividualisme-prive-de-chair-et-d-os"},{"id":"9782747530026","title":"Pour une lecture critique de la transcendance de l'ego - contribution a l examen des consciences non","description":"L'id\u00e9e que les consciences puissent \u00eatre \u00abimpersonnelles\u00a0\u00bb est une initiative originale de Sartre qui se heurte \u00e0 de multiples formes de consciences, en particulier affectives. Nous ne sommes pas tent\u00e9 de dire : il y a de la souffrance en moi au lieu de : je souffre. De m\u00eame, quand je cours apr\u00e8s le tramway, le \u00abje\u00a0\u00bb n'a pas disparu, je me surveille du coin de l'oeil, essouffl\u00e9 et mesurant la distance \u00e0 parcourir. Il vaut mieux plaider pour une division de l'attention au monde et \u00e0 soi.","authors":["Xavier Bard"],"category_codes":["9000000","9080000"],"visuals":{"large":"https:\/\/images.epagine.fr\/026\/9782747530026_1_75.jpg","medium":"https:\/\/images.epagine.fr\/026\/9782747530026_1_m.jpg","thumbnail":"https:\/\/images.epagine.fr\/026\/9782747530026_1_v.jpg"},"orderable":true,"show_badge":true,"formatted_price":"13,00&nbsp;\u20ac","formatted_published_date":"1er novembre 2003","publisher_availability_label":"Sur commande","short_details":"Xavier Bard \u2014 \u00c9ditions L'Harmattan","translator":null,"weight":182,"page_count":125,"readership":null,"editor":"\u00c9ditions L'Harmattan","price":1300,"published_date":"2003-10-31T23:00:00.000000Z","support":"Grand format","publisher_availability":1,"stock":0,"editions":[],"url":"https:\/\/quaidesbrumes.com\/ouvrage\/9782747530026\/pour-une-lecture-critique-de-la-transcendance-de-lego-contribution-a-l-examen-des-consciences-non"},{"id":"9782747528498","title":"PROPOS PHILOSOPHIQUES SUR L'\u00c9DUCATION","description":"Apprendre \u00e0 conna\u00eetre le monde. Comment ? En se l'appropriant par l'\u00e9ducation. Pourtant, celle-ci n'est-elle pas une simple manipulation de l'\u00e9duqu\u00e9 par l'\u00e9ducateur ? Plus grave, l'\u00e9ducation actuelle semble aider l'\u00e9duqu\u00e9 \u00e0 avoir quelque chose plut\u00f4t qu'\u00e0 \u00eatre quelqu'un. N'est-ce pas l\u00e0 sa n\u00e9gation m\u00eame ? Par ailleurs, notre \u00e9cole semble pr\u00e9parer l'enfant \u00e0 r\u00e9p\u00e9ter ce qu'on lui a appris. Peut-elle former des cr\u00e9ateurs comp\u00e9tents ? Toutes ces questions rel\u00e8vent d'une philosophie de l'\u00e9ducation. Quelle est cette philosophie, son objectif, sa fonction ? Que peut-elle valoir ?","authors":["Hubert Hannoun"],"category_codes":["9000000","9080000"],"visuals":{"large":"https:\/\/images.epagine.fr\/498\/9782747528498_1_75.jpg","medium":"https:\/\/images.epagine.fr\/498\/9782747528498_1_m.jpg","thumbnail":"https:\/\/images.epagine.fr\/498\/9782747528498_1_v.jpg"},"orderable":true,"show_badge":true,"formatted_price":"16,00&nbsp;\u20ac","formatted_published_date":"1er novembre 2003","publisher_availability_label":"Sur commande","short_details":"Hubert Hannoun \u2014 \u00c9ditions L'Harmattan","translator":null,"weight":198,"page_count":149,"readership":null,"editor":"\u00c9ditions L'Harmattan","price":1600,"published_date":"2003-10-31T23:00:00.000000Z","support":"Grand format","publisher_availability":1,"stock":0,"editions":[],"url":"https:\/\/quaidesbrumes.com\/ouvrage\/9782747528498\/propos-philosophiques-sur-leducation"},{"id":"9782747531061","title":"Fragments : Lumi\u00e8res d'\u00e9ternit\u00e9","description":null,"authors":["Jean Bruyas"],"category_codes":["9000000","9050000","9050200"],"visuals":{"large":"https:\/\/images.epagine.fr\/061\/9782747531061_1_75.jpg","medium":"https:\/\/images.epagine.fr\/061\/9782747531061_1_m.jpg","thumbnail":"https:\/\/images.epagine.fr\/061\/9782747531061_1_v.jpg"},"orderable":true,"show_badge":true,"formatted_price":"42,00&nbsp;\u20ac","formatted_published_date":"1er novembre 2003","publisher_availability_label":"Sur commande","short_details":"Jean Bruyas \u2014 \u00c9ditions L'Harmattan","translator":null,"weight":690,"page_count":512,"readership":null,"editor":"\u00c9ditions L'Harmattan","price":4200,"published_date":"2003-10-31T23:00:00.000000Z","support":"Grand format","publisher_availability":1,"stock":0,"editions":[],"url":"https:\/\/quaidesbrumes.com\/ouvrage\/9782747531061\/fragments-lumieres-deternite"},{"id":"9782747530514","title":"Le vrai et le faux - essai d'ontologie topologique","description":"Les trois certitudes de principe que sont le pouvoir, la volont\u00e9 et la libert\u00e9 du sujet, nous disent-elles l'\u00eatre dans son effectivit\u00e9 ? Voil\u00e0 la question que Pascal J\u00e9r\u00f4me nous pose ici. Une exigence d'effectivit\u00e9 qui interroge les fondements d'un discours qui a toujours n\u00e9glig\u00e9 ce qui se passe en supposant sa contingence. Interrogations du discours et du sujet, au long desquelles l'auteur emporte tous ceux qui attendent de la philosophie qu'elle sache encore les surprendre. C'est \u00e0 ceux-l\u00e0 que Pascal J\u00e9r\u00f4me propose une pens\u00e9e in\u00e9dite de l'effectivit\u00e9 sur le lieu de l'\u00eatre, une pens\u00e9e topologique de l'ontologie.","authors":["Pascal Jerome"],"category_codes":["9000000","9080000"],"visuals":{"large":"https:\/\/images.epagine.fr\/514\/9782747530514_1_75.jpg","medium":"https:\/\/images.epagine.fr\/514\/9782747530514_1_m.jpg","thumbnail":"https:\/\/images.epagine.fr\/514\/9782747530514_1_v.jpg"},"orderable":true,"show_badge":true,"formatted_price":"33,50&nbsp;\u20ac","formatted_published_date":"1er janvier 2002","publisher_availability_label":"Sur commande","short_details":"Pascal Jerome \u2014 \u00c9ditions L'Harmattan","translator":null,"weight":438,"page_count":350,"readership":null,"editor":"\u00c9ditions L'Harmattan","price":3350,"published_date":"2001-12-31T23:00:00.000000Z","support":"Grand format","publisher_availability":1,"stock":0,"editions":[],"url":"https:\/\/quaidesbrumes.com\/ouvrage\/9782747530514\/le-vrai-et-le-faux-essai-dontologie-topologique"},{"id":"9782747533294","title":"LA GEN\u00c8SE DU SENS : Signification et exp\u00e9rience dans la ph\u00e9nom\u00e9nologie g\u00e9n\u00e9tique de Husserl","description":"En suivant le fil conducteur de la signification et de l'exp\u00e9rience , ce livre tente d'approfondir la ph\u00e9nom\u00e9nologie tardive de Husserl. La ph\u00e9nom\u00e9nologie se veut \u00eatre la philosophie de l'intuition et, en tant que telle, elle essaie d'\u00e9laborer un nouveau concept de sens. La philosophie husserlienne est une tentative constamment renouvel\u00e9e de saisir ce mouvement oscillant entre l'imm\u00e9diatet\u00e9 de l'intuition et le caract\u00e8re m\u00e9diat de tout sens.","authors":["Tamas Ullmann"],"category_codes":["9000000","9080000"],"visuals":{"large":"https:\/\/images.epagine.fr\/294\/9782747533294_1_75.jpg","medium":"https:\/\/images.epagine.fr\/294\/9782747533294_1_m.jpg","thumbnail":"https:\/\/images.epagine.fr\/294\/9782747533294_1_v.jpg"},"orderable":true,"show_badge":true,"formatted_price":"28,00&nbsp;\u20ac","formatted_published_date":"1er novembre 2003","publisher_availability_label":"Sur commande","short_details":"Tamas Ullmann \u2014 \u00c9ditions L'Harmattan","translator":null,"weight":432,"page_count":315,"readership":null,"editor":"\u00c9ditions L'Harmattan","price":2800,"published_date":"2003-10-31T23:00:00.000000Z","support":"Grand format","publisher_availability":1,"stock":0,"editions":[],"url":"https:\/\/quaidesbrumes.com\/ouvrage\/9782747533294\/la-genese-du-sens-signification-et-experience-dans-la-phenomenologie-genetique-de-husserl"},{"id":"9782220052274","title":"Gloses sur John Cage : suivies d'une Glose sur Meister Duchamp","description":"Le dixi\u00e8me anniversaire de la mort de John Cage (1912-1992) imposait. que fussent r\u00e9\u00e9dit\u00e9es les Gloses de Daniel Charles, ami proche du compositeur am\u00e9ricain.La pr\u00e9sente \u00e9dition, revue et augment\u00e9e, se pr\u00e9sente comme une suite de vingt-quatre textes, qui tous abordent de mani\u00e8re suggestive un aspect de l'oeuvre ou de la pens\u00e9e de l'artiste. On y voit comment celui qui suivit l'enseignement de Schonberg \u00e0 Los Angeles dans les ann\u00e9es 1930 s'extrait de tout ce que le dod\u00e9caphonisme peut encore avoir de traditionnel, pour pr\u00f4ner unen de\u00e7\u00e0 de la musique : univers des sons comme bruits, intervention de l'auditeur dans la texture m\u00eame de l'oeuvre, nouvelle posture artistique, qui n'accepte de renouer avec la repr\u00e9sentation que pour ouvrir l'oeuvre au monde qui l'environne.Les textes ici propos\u00e9s livrent l'essentiel d'un cheminement avec une oeuvre et une r\u00e9flexion qui n'ont rien perdu de leur charge subversive - et dont il n'est pas question de limiter l'impact \u00e0 la musique seule. Car c'est sur l'ensemble de l'art d'aujourd'hui, et peut-\u00eatre encore plus profond\u00e9ment sur la pens\u00e9e de notre temps, que John Cage a su agir.","authors":["Daniel Charles"],"category_codes":["9000000","9080000"],"visuals":{"large":"https:\/\/quaidesbrumes.com\/img\/book-placeholder.png","medium":"https:\/\/quaidesbrumes.com\/img\/book-placeholder.png","thumbnail":"https:\/\/quaidesbrumes.com\/img\/book-placeholder.png"},"orderable":true,"show_badge":true,"formatted_price":"24,40&nbsp;\u20ac","formatted_published_date":"22 octobre 2002","publisher_availability_label":"Sur commande","short_details":"Daniel Charles \u2014 Descl\u00e9e de Brouwer","translator":null,"weight":390,"page_count":384,"readership":null,"editor":"Descl\u00e9e de Brouwer","price":2440,"published_date":"2002-10-21T22:00:00.000000Z","support":"Grand format","publisher_availability":1,"stock":0,"editions":[],"url":"https:\/\/quaidesbrumes.com\/ouvrage\/9782220052274\/gloses-sur-john-cage-suivies-dune-glose-sur-meister-duchamp"},{"id":"9782747596374","title":"Mat\u00e9rialismes d'aujourd'hui : De Deleuze \u00e0 Badiou","description":"L'ouvrage propose une initiation aux philosophies de Gilles Deleuze et d'Alain Badiou. Il s'agit de rendre compte de certains aspects de la pens\u00e9e contemporaine. L'une et l'autre construisent un mat\u00e9rialisme d'un nouveau genre autour de la multiplicit\u00e9 des choses et du monde ; l'une comme l'autre nous montrent la force qu'il y aurait, pour les hommes \u00e0 soutenir des \u00e9v\u00e8nements qui nous engagent dans une vie authentique. Pourquoi confronter ces deux philosophies ? Parce qu'elles sont proches, et cependant s'affrontent.","authors":["Fabien Tarby"],"category_codes":["9000000","9080000"],"visuals":{"large":"https:\/\/images.epagine.fr\/374\/9782747596374_1_75.jpg","medium":"https:\/\/images.epagine.fr\/374\/9782747596374_1_m.jpg","thumbnail":"https:\/\/images.epagine.fr\/374\/9782747596374_1_v.jpg"},"orderable":true,"show_badge":true,"formatted_price":"17,50&nbsp;\u20ac","formatted_published_date":"1er d\u00e9cembre 2005","publisher_availability_label":"Sur commande","short_details":"Fabien Tarby \u2014 \u00c9ditions L'Harmattan","translator":null,"weight":230,"page_count":182,"readership":null,"editor":"\u00c9ditions L'Harmattan","price":1750,"published_date":"2005-11-30T23:00:00.000000Z","support":"Grand format","publisher_availability":1,"stock":0,"editions":[],"url":"https:\/\/quaidesbrumes.com\/ouvrage\/9782747596374\/materialismes-daujourdhui-de-deleuze-a-badiou"},{"id":"9782747538756","title":"HEIDEGGER ET LA QUESTION DE LA CHOSE : Esquisse d'une lecture interne","description":"En r\u00e9cusant les concepts de substance et d'objet, la pens\u00e9e heideggerienne a pos\u00e9, de fa\u00e7on cruciale, le probl\u00e8me ontologique de l'\"objectivit\u00e9\". Avec une attention constante aux textes, ce livre trace un fil \u00e0 travers l'oeuvre de Heidegger et d\u00e9gage \u00e0 nouveaux frais la port\u00e9e du \"tournant\" de sa pens\u00e9e. Pour la premi\u00e8re fois, l'articulation entre la question de l'\u00eatre et de la chose fait l'objet d'un examen circonstanci\u00e9.","authors":["Arnaud Dewalque"],"category_codes":["9000000","9080000"],"visuals":{"large":"https:\/\/images.epagine.fr\/756\/9782747538756_1_75.jpg","medium":"https:\/\/images.epagine.fr\/756\/9782747538756_1_m.jpg","thumbnail":"https:\/\/images.epagine.fr\/756\/9782747538756_1_v.jpg"},"orderable":true,"show_badge":true,"formatted_price":"18,00&nbsp;\u20ac","formatted_published_date":"1er novembre 2003","publisher_availability_label":"Sur commande","short_details":"Arnaud Dewalque \u2014 \u00c9ditions L'Harmattan","translator":null,"weight":260,"page_count":210,"readership":null,"editor":"\u00c9ditions L'Harmattan","price":1800,"published_date":"2003-10-31T23:00:00.000000Z","support":"Grand format","publisher_availability":1,"stock":0,"editions":[],"url":"https:\/\/quaidesbrumes.com\/ouvrage\/9782747538756\/heidegger-et-la-question-de-la-chose-esquisse-dune-lecture-interne"},{"id":"9782747539166","title":"CRITIQUE DE LA RAISON LINGUISTIQUE","description":"Cet ouvrage propose une \u00e9tude linguistique \u00e0 r\u00e9f\u00e9rence kantienne : une philosophie critique des fondements, c'est-\u00e0 dire des conditions de possibilit\u00e9 d'un objet qu'on croit \u00e0 tort facilement donn\u00e9, l'objet langue, et de son approche scientifique. L'auteur propose un panorama critique de ce qui a \u00e9t\u00e9 pens\u00e9 sur la langue et le langage, promeut ce qui lui para\u00eet valide dans la linguistique structurale, et justifie une conception de l'\u00e9nonciation qui fonde th\u00e9oriquement un programme d'\u00e9tude des langues.","authors":["Robert Forest"],"category_codes":["9000000","9080000"],"visuals":{"large":"https:\/\/images.epagine.fr\/166\/9782747539166_1_75.jpg","medium":"https:\/\/images.epagine.fr\/166\/9782747539166_1_m.jpg","thumbnail":"https:\/\/images.epagine.fr\/166\/9782747539166_1_v.jpg"},"orderable":true,"show_badge":true,"formatted_price":"28,00&nbsp;\u20ac","formatted_published_date":"1er novembre 2003","publisher_availability_label":"Sur commande","short_details":"Robert Forest \u2014 \u00c9ditions L'Harmattan","translator":null,"weight":404,"page_count":326,"readership":null,"editor":"\u00c9ditions L'Harmattan","price":2800,"published_date":"2003-10-31T23:00:00.000000Z","support":"Grand format","publisher_availability":1,"stock":0,"editions":[],"url":"https:\/\/quaidesbrumes.com\/ouvrage\/9782747539166\/critique-de-la-raison-linguistique"},{"id":"9782220051666","title":"Face au monde - atlas, jardins, georamas","description":"Bien avant l'\u00e9poque de  la terre vue du ciel , les cartes du monde ont fait l'objet d'un spectacle pour un public de plus en plus large. Ce livre \u00e9tudie ainsi la rencontre de la g\u00e9ographie et des arts dans la ville. Il d\u00e9crit le fonctionnement et raconte l'histoire de quelques espaces exemplaires. A la Renaissance, dans toute l'Europe, artistes et g\u00e9ographes ont \u00e9t\u00e9 convoqu\u00e9s pour montrer  \u00e0 la fois la grandeur du monde et celle des princes qui le dirigent. En France, sous l'Ancien R\u00e9gime et la R\u00e9volution fran\u00e7aise, plusieurs projets ont voulu transformer de grands jardins en immenses cartes, \u00e0 l'int\u00e9rieur desquelles le peuple aurait pu, en se promenant, voir le monde, apprendre sa g\u00e9ographie et conna\u00eetre le territoire du Royaume ou de la R\u00e9publique. Le XIXe si\u00e8cle invente un proc\u00e9d\u00e9 nouveau on sait peu en effet qu'\u00e0 c\u00f4t\u00e9 des panoramas un certain nombre de g\u00e9oramas ont \u00e9t\u00e9 b\u00e2tis \u00e0 Paris et \u00e0 Londres, o\u00f9 le public pouvait contempler, dans la p\u00e9nombre, de gigantesques cartes sph\u00e9riques du monde. Ces salles de spectacle ont connu un grand succ\u00e8s \u00e0 l'\u00e9poque des expositions universelles, avant de dispara\u00eetre brutalement au d\u00e9but du XXe si\u00e8cle, sans doute remplac\u00e9es par le cin\u00e9ma.","authors":["Jean-Marc Besse"],"category_codes":["9000000","9080000"],"visuals":{"large":"https:\/\/images.epagine.fr\/666\/9782220051666_1_75.jpg","medium":"https:\/\/images.epagine.fr\/666\/9782220051666_1_m.jpg","thumbnail":"https:\/\/images.epagine.fr\/666\/9782220051666_1_v.jpg"},"orderable":true,"show_badge":true,"formatted_price":"22,40&nbsp;\u20ac","formatted_published_date":"15 janvier 2003","publisher_availability_label":"Sur commande","short_details":"Jean-Marc Besse \u2014 Descl\u00e9e de Brouwer","translator":null,"weight":260,"page_count":243,"readership":null,"editor":"Descl\u00e9e de Brouwer","price":2240,"published_date":"2003-01-14T23:00:00.000000Z","support":"Grand format","publisher_availability":1,"stock":0,"editions":[],"url":"https:\/\/quaidesbrumes.com\/ouvrage\/9782220051666\/face-au-monde-atlas-jardins-georamas"},{"id":"9782747538862","title":"NIETZSCHE : GENEALOGIE DE L'INDIVIDU","description":"Quelle fut v\u00e9ritablement la place de l'individu dans l' oeuvre de Nietzsche ? Nombre de ses \u00e9crits proposent un \u00e9loge de l'individu et de ses valeurs (ind\u00e9pendance, \u00e9go\u00efsme), et une critique de la piti\u00e9 ou de l'altruisme. Mais peut-on vraiment qualifier d'individualiste sa pens\u00e9e ? Nietzsche adresse aussi maintes critiques aux individualistes de son \u00e9poque et relativise la place accord\u00e9e \u00e0 l'individu. En \u00e9tudiant cette position complexe et les apparentes contradictions, l'auteur explore les m\u00e9andres d'une pens\u00e9e qui se refuse \u00e0 \u00eatre syst\u00e9matique, dans le cheminement de laquelle l'individualisme appara\u00eet comme une \u00e9tape indispensable.","authors":["Gisele Souchon"],"category_codes":["9000000","9080000"],"visuals":{"large":"https:\/\/images.epagine.fr\/862\/9782747538862_1_75.jpg","medium":"https:\/\/images.epagine.fr\/862\/9782747538862_1_m.jpg","thumbnail":"https:\/\/images.epagine.fr\/862\/9782747538862_1_v.jpg"},"orderable":true,"show_badge":true,"formatted_price":"14,00&nbsp;\u20ac","formatted_published_date":"1er novembre 2003","publisher_availability_label":"Sur commande","short_details":"Gisele Souchon \u2014 \u00c9ditions L'Harmattan","translator":null,"weight":208,"page_count":150,"readership":null,"editor":"\u00c9ditions L'Harmattan","price":1400,"published_date":"2003-10-31T23:00:00.000000Z","support":"Grand format","publisher_availability":1,"stock":0,"editions":[],"url":"https:\/\/quaidesbrumes.com\/ouvrage\/9782747538862\/nietzsche-genealogie-de-lindividu"}]}