{"data":[{"id":"9782877753234","title":"Regards sur l'individu","description":"Les huit \u00e9tudes qui constituent l'ouvrage s'interrogent sur la notion d'individu, distincte mais proche des notions d'individualit\u00e9, de singulier, de singularit\u00e9, de personne et de personnalit\u00e9. En effet, comment penser la singuli\u00e8re existence d'un \u00eatre \u00e0 partir de concepts si g\u00e9n\u00e9raux et abstraits (substance, identit\u00e9, unit\u00e9) qu'ils n'individualisent pas beaucoup ? Ne conviendrait-il pas mieux de traiter l'individu comme la limite d'un principe, le principe d'individuation ? \u00c0 partir de la philosophie (les sto\u00efciens, Spinoza et Merleau-Ponty), de la logique et de la biologie les chercheurs exposent leurs points de vue mais sans les articuler.","authors":["Jean-Pierre Cl\u00e9ro"],"category_codes":["9000000","9080000"],"visuals":{"large":"https:\/\/images.epagine.fr\/234\/9782877753234_1_75.jpg","medium":"https:\/\/images.epagine.fr\/234\/9782877753234_1_m.jpg","thumbnail":"https:\/\/images.epagine.fr\/234\/9782877753234_1_v.jpg"},"orderable":true,"show_badge":true,"formatted_price":"20,00&nbsp;\u20ac","formatted_published_date":"1er avril 2002","publisher_availability_label":"Sur commande","short_details":"Jean-Pierre Cl\u00e9ro \u2014 Pu De Rouen","translator":null,"weight":246,"page_count":148,"readership":null,"editor":"Pu De Rouen","price":2000,"published_date":"2002-03-31T22:00:00.000000Z","support":"Grand format","publisher_availability":1,"stock":0,"editions":[],"url":"https:\/\/quaidesbrumes.com\/ouvrage\/9782877753234\/regards-sur-lindividu"},{"id":"9752711615370","title":"Voltaire","description":null,"authors":["Eliane Martin-Haag"],"category_codes":["9000000","9080000","9080200","9080204"],"visuals":{"large":"https:\/\/images.epagine.fr\/370\/9752711615370_1_75.jpg","medium":"https:\/\/images.epagine.fr\/370\/9752711615370_1_m.jpg","thumbnail":"https:\/\/images.epagine.fr\/370\/9752711615370_1_v.jpg"},"orderable":true,"show_badge":true,"formatted_price":"19,00&nbsp;\u20ac","formatted_published_date":"15 janvier 2002","publisher_availability_label":"Sur commande","short_details":"Eliane Martin-Haag \u2014 Vrin","translator":null,"weight":0,"page_count":null,"readership":null,"editor":"Vrin","price":1900,"published_date":"2002-01-14T23:00:00.000000Z","support":"Grand format","publisher_availability":1,"stock":0,"editions":[],"url":"https:\/\/quaidesbrumes.com\/ouvrage\/9752711615370\/voltaire"},{"id":"9782748900163","title":"En lisant euclide","description":"Le v\u00e9ritable enjeu de ce livre est de faire comprendre comment les concepts g\u00e9om\u00e9triques sont cr\u00e9\u00e9s et ordonn\u00e9s par l'esprit humain, \u00e0 l'oppos\u00e9 d'une g\u00e9om\u00e9trie rattach\u00e9e \u00e0 l'exp\u00e9rience sensible. Dans cette perspective, il faut lire les \u00c9l\u00e9ments comme un syst\u00e8me inachev\u00e9 et dans une dynamique de conqu\u00eate des fins poursuivies et des m\u00e9thodes.\r\nN\u00e9 \u00e0 Turin en 1875 et mort en 1961 en Argentine, math\u00e9maticien important de la premi\u00e8re partie du XXe si\u00e8cle, Beppo Levi a form\u00e9 de nombreux savants, dont Mario Bunge et Pedro Zadunaisky. Il a re\u00e7u en 1956 le prix Antonio Feltrinelli.\r\n\u00ab Pour proc\u00e9der \u00e0 une \u00e9valuation de type inductif sur le programme g\u00e9om\u00e9trique de Socrate, revenons \u00e0 La R\u00e9publique. \u00abTu sais ce que font les gens habiles en cette science : si l'on essaie de diviser l'unit\u00e9, ils se moquent et ne l'admettent pas. Si tu en fais de menus morceaux, ils la multiplient d'autant, de peur qu'elle n'apparaisse plus comme une, mais comme un assemblage de parties ; ils parlent des nombres qu'on ne peut saisir que par la pens\u00e9e et ne peut manier d'aucune autre fa\u00e7on.\u00bb  Socrate n'a pas mis de raillerie dans les mots \u00abde menus morceaux\u00bb ; bien au contraire, en disant : \u00abIls ne l'admettent pas\u00bb, il a exprim\u00e9 une d\u00e9termination de type rationnel. Pour comprendre de quelle d\u00e9termination il s'agit, nous devons nous rappeler que dans le livre V d'Euclide se trouve une th\u00e9orie des proportions entre diff\u00e9rents ordres de grandeur, construite exclusivement \u00e0 partir de multiplications ; et Socrate fait de m\u00eame les rares fois o\u00f9 il introduit dans ses raisonnements un exemple g\u00e9om\u00e9trique concret, toujours le m\u00eame, la comparaison du c\u00f4t\u00e9 et de la diagonale du carr\u00e9 ; par cons\u00e9quent, il est raisonnable d'interpr\u00e9ter ses mots comme une allusion concr\u00e8te aux th\u00e9ories de ses amis et disciples math\u00e9maticiens. \u00bb\r","authors":["Beppo Levi","Michele Penalva"],"category_codes":["9000000","9080000","9080200","9080204"],"visuals":{"large":"https:\/\/images.epagine.fr\/163\/9782748900163_1_75.jpg","medium":"https:\/\/images.epagine.fr\/163\/9782748900163_1_m.jpg","thumbnail":"https:\/\/images.epagine.fr\/163\/9782748900163_1_v.jpg"},"orderable":true,"show_badge":true,"formatted_price":"20,30&nbsp;\u20ac","formatted_published_date":"12 janvier 2004","publisher_availability_label":"Sur commande","short_details":"Beppo Levi, Michele Penalva \u2014 Agone","translator":"MICHELE PENALVA","weight":250,"page_count":215,"readership":null,"editor":"Agone","price":2030,"published_date":"2004-01-11T23:00:00.000000Z","support":"Grand format","publisher_availability":1,"stock":0,"editions":[],"url":"https:\/\/quaidesbrumes.com\/ouvrage\/9782748900163\/en-lisant-euclide"},{"id":"9782747524414","title":"L'EUG\u00c9NISME DE PLATON","description":"Essai d'arch\u00e9ologie philosophique des th\u00e9ories platoniciennes, cet ouvrage propose une exploration claire et document\u00e9e des origines et de la structure de l'eug\u00e9nisme du concepteur de Callipolis. Fran\u00e7ois-Xavier Ajavon nous invite \u00e0 un voyage inattendu au sein des sources h\u00e9t\u00e9roclites de la pens\u00e9e eug\u00e9nique platonicienne (po\u00e9sie, histoire ancienne, etc.), nous permettant de situer ais\u00e9ment cette volont\u00e9 antique de biocontr\u00f4le entre les champs \u00e9pist\u00e9mologiques du politique, de l'\u00e9conomique, de l'anthropologique et du religieux. La premi\u00e8re mise au point scientifique sur ce sujet.\r","authors":["Francois-Xavier Ajavon"],"category_codes":["9000000","9080000"],"visuals":{"large":"https:\/\/images.epagine.fr\/414\/9782747524414_1_75.jpg","medium":"https:\/\/images.epagine.fr\/414\/9782747524414_1_m.jpg","thumbnail":"https:\/\/images.epagine.fr\/414\/9782747524414_1_v.jpg"},"orderable":true,"show_badge":true,"formatted_price":"21,50&nbsp;\u20ac","formatted_published_date":"1er novembre 2003","publisher_availability_label":"Sur commande","short_details":"Francois-Xavier Ajavon \u2014 \u00c9ditions L'Harmattan","translator":null,"weight":304,"page_count":237,"readership":null,"editor":"\u00c9ditions L'Harmattan","price":2150,"published_date":"2003-10-31T23:00:00.000000Z","support":"Grand format","publisher_availability":1,"stock":0,"editions":[],"url":"https:\/\/quaidesbrumes.com\/ouvrage\/9782747524414\/leugenisme-de-platon"},{"id":"9782747522762","title":"FICHTE LA PHILOSOPHIE OU LA CONQU\u00caTE DE LA LIBERT\u00c9","description":"C'est Fichte qui a fait passer la philosophie sp\u00e9culative occidentale de l'\u00e2ge classique o\u00f9 l'homme cherchait son salut dans la connaissance de Dieu \u00e0 l'\u00e9poque moderne o\u00f9 il le trouve par la connaissance et la r\u00e9alisation de soi dans le monde. Son oeuvre principale, La th\u00e9orie de la science expos\u00e9e en 1804, conduit le lecteur sur la voie difficile mais \u00e9tincelante d'une \" auto-analyse \" o\u00f9 chacun peut trouver sa lib\u00e9ration et l'amorce d'une vie authentique. Le besoin de libert\u00e9 appara\u00eet ainsi comme le moteur de toute r\u00e9flexion philosophique, et de l'\u00e9volution individuelle des hommes comme de leur histoire collective.","authors":["Didier Julia"],"category_codes":["9000000","9080000"],"visuals":{"large":"https:\/\/images.epagine.fr\/762\/9782747522762_1_75.jpg","medium":"https:\/\/images.epagine.fr\/762\/9782747522762_1_m.jpg","thumbnail":"https:\/\/images.epagine.fr\/762\/9782747522762_1_v.jpg"},"orderable":true,"show_badge":true,"formatted_price":"16,50&nbsp;\u20ac","formatted_published_date":"1er janvier 2002","publisher_availability_label":"Sur commande","short_details":"Didier Julia \u2014 \u00c9ditions L'Harmattan","translator":null,"weight":236,"page_count":180,"readership":null,"editor":"\u00c9ditions L'Harmattan","price":1650,"published_date":"2001-12-31T23:00:00.000000Z","support":"Grand format","publisher_availability":1,"stock":0,"editions":[],"url":"https:\/\/quaidesbrumes.com\/ouvrage\/9782747522762\/fichte-la-philosophie-ou-la-conquete-de-la-liberte"},{"id":"9782747517966","title":"Mondialisation ; perspectives philosophiques","description":"Cet ouvrage, consacr\u00e9 aux effets de la mondialisation sur la soci\u00e9t\u00e9 et la culture, entend poursuivre la r\u00e9flexion sur un des moments d\u00e9terminants de l'histoire de l'humanit\u00e9. La mondialisation est-elle in\u00e9vitable ? Quels seront ses effets sur les petits Etats et les petites cultures ? Comment organiser politiquement le monde ? Comment r\u00e9partir la richesse au niveau plan\u00e9taire ? L'Internet rapproche-t-il les gens, les peuples ? Sur ces questions, une quinzaine de philosophes ont essay\u00e9 de jeter un \u00e9clairage nouveau.(Coll. Mercure du Nord, Co\u00e9dition Presses de l'Universit\u00e9 Laval)\r","authors":["Pierre-yves Bonin"],"category_codes":["9000000","9080000","9080200","9080204"],"visuals":{"large":"https:\/\/images.epagine.fr\/966\/9782747517966_1_75.jpg","medium":"https:\/\/images.epagine.fr\/966\/9782747517966_1_m.jpg","thumbnail":"https:\/\/images.epagine.fr\/966\/9782747517966_1_v.jpg"},"orderable":true,"show_badge":true,"formatted_price":"30,00&nbsp;\u20ac","formatted_published_date":"17 avril 2002","publisher_availability_label":"Sur commande","short_details":"Pierre-yves Bonin \u2014 \u00c9ditions L'Harmattan","translator":null,"weight":420,"page_count":371,"readership":null,"editor":"\u00c9ditions L'Harmattan","price":3000,"published_date":"2002-04-16T22:00:00.000000Z","support":"Grand format","publisher_availability":1,"stock":0,"editions":[],"url":"https:\/\/quaidesbrumes.com\/ouvrage\/9782747517966\/mondialisation-perspectives-philosophiques"},{"id":"9782747523172","title":"Sur le probleme de la philosophie","description":"Xavier Zubiri (1898-1983) porte sur la philosophie un regard original et ind\u00e9pendant, qui replace l'\u00e9tonnement et l'\u00e9tranget\u00e9 au coeur de la condition de la pens\u00e9e. I1 d\u00e9termine dans l'histoire de la philosophie des \" horizons \". \u00e8re par \u00e8re, qui en renouvellent le sens, notamment autour du th\u00e8me du cosmos et de la cr\u00e9ation. Conscient, comme le fut Husserl (dont il a suivi l'enseignement) , de la crise de la conscience europ\u00e9enne, Zubiri recherche les voies de relation, de renouement, avec une R\u00e9alit\u00e9 ultime, patiemment recherh\u00e9e et retrouv\u00e9e.\r","authors":["Xavier Zubiri","Philibert Secretan"],"category_codes":["9000000","9080000","9080200","9080204"],"visuals":{"large":"https:\/\/images.epagine.fr\/172\/9782747523172_1_75.jpg","medium":"https:\/\/images.epagine.fr\/172\/9782747523172_1_m.jpg","thumbnail":"https:\/\/images.epagine.fr\/172\/9782747523172_1_v.jpg"},"orderable":true,"show_badge":true,"formatted_price":"15,50&nbsp;\u20ac","formatted_published_date":"1er janvier 2002","publisher_availability_label":"Sur commande","short_details":"Xavier Zubiri, Philibert Secretan \u2014 \u00c9ditions L'Harmattan","translator":"PHILIBERT SECRETAN","weight":401,"page_count":174,"readership":null,"editor":"\u00c9ditions L'Harmattan","price":1550,"published_date":"2001-12-31T23:00:00.000000Z","support":"Grand format","publisher_availability":1,"stock":0,"editions":[],"url":"https:\/\/quaidesbrumes.com\/ouvrage\/9782747523172\/sur-le-probleme-de-la-philosophie"},{"id":"9782747526180","title":"APPROCHES DU R\u00c9EL","description":"On peut envisager le destin de l'homme comme une qu\u00eate interminable orient\u00e9e vers la d\u00e9couverte du r\u00e9el en soi, celle-ci pouvant se confondre avec la recherche de la \" v\u00e9rit\u00e9 \". Au cours de notre vie nous accumulons des mod\u00e8les de pens\u00e9e pour soutenir nos comportements dans des situations vari\u00e9es. Quelles sont les caract\u00e9ristiques de ces mod\u00e8les mentaux que nous construisons ? Quels sont les processus qui interviennent dans leur formation ? Comment pouvons-nous les \u00e9valuer pour ne retenir que le meilleurs d'entre eux ?\r","authors":["G\u00e9rard Tiry"],"category_codes":["9000000","9080000"],"visuals":{"large":"https:\/\/images.epagine.fr\/180\/9782747526180_1_75.jpg","medium":"https:\/\/images.epagine.fr\/180\/9782747526180_1_m.jpg","thumbnail":"https:\/\/images.epagine.fr\/180\/9782747526180_1_v.jpg"},"orderable":true,"show_badge":true,"formatted_price":"14,00&nbsp;\u20ac","formatted_published_date":"1er janvier 2002","publisher_availability_label":"Sur commande","short_details":"G\u00e9rard Tiry \u2014 \u00c9ditions L'Harmattan","translator":null,"weight":192,"page_count":141,"readership":null,"editor":"\u00c9ditions L'Harmattan","price":1400,"published_date":"2001-12-31T23:00:00.000000Z","support":"Grand format","publisher_availability":1,"stock":0,"editions":[],"url":"https:\/\/quaidesbrumes.com\/ouvrage\/9782747526180\/approches-du-reel"},{"id":"9782747525091","title":"En deca du principe de sujet - corps - langage - pratique - diesseits des subjektprinzips - korper -","description":"Les d\u00e9bats relatifs \u00e0 la mort du sujet se sont maintenant apais\u00e9s. Ce recueil pr\u00e9sente les transformations de la notion de sujet telles qu'elles peuvent appara\u00eetre aujourd'hui \u00e0 l'issue d'une confrontation de courants philosophiques contemporains fran\u00e7ais et allemands. La constitution du sujet s'\u00e9labore en relation avec la notion de pratique. Le rapport corporel au monde est discut\u00e9 \u00e0 partir des points de vue herm\u00e9neutique, ph\u00e9nom\u00e9nologique, d\u00e9constructiviste, psychanalytique et de la th\u00e9orie du discours, selon deux questions-cl\u00e9s : Comment comprendre la constitution corporelle du sujet ? Quel sens donner \u00e0 l'usage de signes dans ce cadre ?\r","authors":[],"category_codes":["9000000","9080000"],"visuals":{"large":"https:\/\/images.epagine.fr\/091\/9782747525091_1_75.jpg","medium":"https:\/\/images.epagine.fr\/091\/9782747525091_1_m.jpg","thumbnail":"https:\/\/images.epagine.fr\/091\/9782747525091_1_v.jpg"},"orderable":true,"show_badge":true,"formatted_price":"21,50&nbsp;\u20ac","formatted_published_date":"1er novembre 2003","publisher_availability_label":"Sur commande","short_details":"\u00c9ditions L'Harmattan","translator":null,"weight":304,"page_count":244,"readership":null,"editor":"\u00c9ditions L'Harmattan","price":2150,"published_date":"2003-10-31T23:00:00.000000Z","support":"Grand format","publisher_availability":1,"stock":0,"editions":[],"url":"https:\/\/quaidesbrumes.com\/ouvrage\/9782747525091\/en-deca-du-principe-de-sujet-corps-langage-pratique-diesseits-des-subjektprinzips-korper"},{"id":"9782747526050","title":"L'identite du vivant ou une autre logique du vivant","description":"Ce livre envisage d'une fa\u00e7on non conventionnelle les diff\u00e9rents aspects du vivant. Ces vues fournissent les \u00e9l\u00e9ments de base d'une mod\u00e9lisation de la vie : d\u00e9finition de la vie, r\u00f4le de l'information, analyse de la forme et utilisation des m\u00e9thodes physiques. Cette mod\u00e9lisation de l'\u00eatre vivant en tant que tout organis\u00e9 devait fournir les moyens de comprendre des questions telles que le vieillissement, l'origine des cancers ou les maladies psychosomatiques, le syst\u00e8me immunitaire.\r","authors":["Nibart\/Vincent"],"category_codes":["9000000","9080000"],"visuals":{"large":"https:\/\/images.epagine.fr\/050\/9782747526050_1_75.jpg","medium":"https:\/\/images.epagine.fr\/050\/9782747526050_1_m.jpg","thumbnail":"https:\/\/images.epagine.fr\/050\/9782747526050_1_v.jpg"},"orderable":true,"show_badge":true,"formatted_price":"30,00&nbsp;\u20ac","formatted_published_date":"1er janvier 2002","publisher_availability_label":"Sur commande","short_details":"Nibart\/Vincent \u2014 \u00c9ditions L'Harmattan","translator":null,"weight":458,"page_count":346,"readership":null,"editor":"\u00c9ditions L'Harmattan","price":3000,"published_date":"2001-12-31T23:00:00.000000Z","support":"Grand format","publisher_availability":1,"stock":0,"editions":[],"url":"https:\/\/quaidesbrumes.com\/ouvrage\/9782747526050\/lidentite-du-vivant-ou-une-autre-logique-du-vivant"},{"id":"9782747525084","title":"Marx, philosophe de l'intersubjectivite","description":"Marx est essentiellement un philosophe de l'interhumain. Il lui revient d'avoir envisag\u00e9 la pr\u00e9sence originaire de l'autre non seulement par sa parole qui sollicite r\u00e9ponse et adh\u00e9sion, par son acte ou par son sentiment, mais aussi par son travail. Ce dernier est le lieu, ou d'une rencontre qui signifie un surcro\u00eet d'\u00eatre, ou d'une relation corrompue par la m\u00e9diation de l'argent et l'appropriation qui aboutit \u00e0 la chosification de la personne. A cet univers inhumain Marx opposera le paradigme goeth\u00e9en de l'homme total.\r","authors":["Jad Hatem"],"category_codes":["9000000","9080000"],"visuals":{"large":"https:\/\/images.epagine.fr\/084\/9782747525084_1_75.jpg","medium":"https:\/\/images.epagine.fr\/084\/9782747525084_1_m.jpg","thumbnail":"https:\/\/images.epagine.fr\/084\/9782747525084_1_v.jpg"},"orderable":true,"show_badge":true,"formatted_price":"11,50&nbsp;\u20ac","formatted_published_date":"1er janvier 2002","publisher_availability_label":"Sur commande","short_details":"Jad Hatem \u2014 \u00c9ditions L'Harmattan","translator":null,"weight":158,"page_count":110,"readership":null,"editor":"\u00c9ditions L'Harmattan","price":1150,"published_date":"2001-12-31T23:00:00.000000Z","support":"Grand format","publisher_availability":1,"stock":0,"editions":[],"url":"https:\/\/quaidesbrumes.com\/ouvrage\/9782747525084\/marx-philosophe-de-lintersubjectivite"},{"id":"9782828918507","title":"Diog\u00e8ne","description":"Le philosophe grec Diog\u00e8ne est n\u00e9 \u00e0 Sinope, d'un p\u00e8re banquier. Ayant fui \u00e0 Ath\u00e8nes, il devient le disciple d'Anthisth\u00e8ne, fondateur de l'\u00e9cole cynique. D\u00e9non\u00e7ant l'artifice des conventions sociales, Diog\u00e8ne pr\u00e9conisait une vie simple, plus proche de la nature, et se pr\u00e9sentait comme un chien, d'o\u00f9 son surnom Diog\u00e8ne le Chien. Il vivait dehors, dans le d\u00e9nuement, v\u00eatu d'un simple manteau, muni d'un b\u00e2ton, d'une besace et d'une \u00e9cuelle, et se contentait d'une grande jarre couch\u00e9e sur le flanc pour dormir. Il subsistait gr\u00e2ce aux contributions de ses auditeurs ou m\u00e9c\u00e8nes.\r\n\r\nIl semble qu'il ne se privait pas de critiquer ouvertement les grands hommes et les autres philosophes de son temps (parmi lesquels Platon). Certaines des apostrophes qui lui sont attribu\u00e9es sont devenues c\u00e9l\u00e8bres, notamment \u00ab \u00d4te-toi de mon soleil \u00bb, une r\u00e9plique adress\u00e9e \u00e0 Alexandre le Grand, roi de Mac\u00e9doine.\r\n\r\nDiog\u00e8ne a \u00e9t\u00e9 l'humoriste le plus aim\u00e9 des Ath\u00e9niens, et plus tard du monde entier. Il est beaucoup moins connu comme Ma\u00eetre de l'\u00c9thique dans son enseignement au Cran\u00e9ion.\r\n\r\nCe livre relate les trois p\u00e9riodes distinctes de sa vie :\r\n\r\n\u00b7       Enfance et adolescence dans sa ville natale de Sinope. Il fait de la fausse monnaie et doit s'enfuir \u00e0 Ath\u00e8nes.\r\n\r\n\u00b7       Il devient le Chien d'Antisth\u00e8ne et l'idole des Ath\u00e9niens. C'est la p\u00e9riode la plus connue.\r\n\r\n\u00b7       Il est captur\u00e9 par des pirates et vendu comme esclave. Un riche Corinthien l'ach\u00e8te et l'installe au Cran\u00e9ion de Corinthe, o\u00f9 il enseigne jusqu'\u00e0 la fin de sa vie.\r\n\r\nSon temps est le IVe si\u00e8cle avant notre \u00e8re. Dans la premi\u00e8re moiti\u00e9, Ath\u00e8nes, vaincue par Sparte, reconstitue sa conf\u00e9d\u00e9ration maritime et redevient la premi\u00e8re puissance de Gr\u00e8ce. Dans la deuxi\u00e8me moiti\u00e9, la Mac\u00e9doine de Philippe, puis d'Alexandre, d\u00e9truit le monde hell\u00e9nique. Diog\u00e8ne se fait enterrer face contre terre pour ne pas voir \u00e7a.\r","authors":["Jean Hurtado"],"category_codes":["9000000","9080000","9080400"],"visuals":{"large":"https:\/\/images.epagine.fr\/507\/9782828918507_1_75.jpg","medium":"https:\/\/images.epagine.fr\/507\/9782828918507_1_m.jpg","thumbnail":"https:\/\/images.epagine.fr\/507\/9782828918507_1_v.jpg"},"orderable":true,"show_badge":true,"formatted_price":"10,00&nbsp;\u20ac","formatted_published_date":"2 juillet 2020","publisher_availability_label":"Sur commande","short_details":"Jean Hurtado \u2014 Favre","translator":null,"weight":145,"page_count":106,"readership":null,"editor":"Favre","price":1000,"published_date":"2020-07-01T22:00:00.000000Z","support":"Grand format","publisher_availability":1,"stock":0,"editions":[],"url":"https:\/\/quaidesbrumes.com\/ouvrage\/9782828918507\/diogene"},{"id":"9782747525121","title":"LA QUESTION DU HASARD DANS L'EVOLUTION : La philosophie \u00e0 l'\u00e9preuve de la biologie","description":"La th\u00e8se \u00e9volutionniste, selon laquelle toutes les esp\u00e8ces vivantes descendraient les unes des autres avec comme d\u00e9nominateur commun le m\u00eame anc\u00eatre, dissimule et justifie un discours sur les origines m\u00e9taphysiques de l'Homme. Le n\u00e9odarwinisme est une philosophie du hasard qui a pu asseoir son autorit\u00e9 gr\u00e2ce \u00e0 la g\u00e9n\u00e9tique. Or, certaines donn\u00e9es scientifiques ont manifestement \u00e9t\u00e9 \u00e9cart\u00e9es des discussions alors qu'elles pourraient nous en dire un peu plus sur le sens de l'\u00e9volution. L'auteur nous propose d'examiner la l\u00e9gitimit\u00e9 de la conception n\u00e9odarwinienne \u00e0 l'aide de ses connaissances \" oubli\u00e9es \".\r","authors":["Dominique Letellier"],"category_codes":["9000000","9080000"],"visuals":{"large":"https:\/\/images.epagine.fr\/121\/9782747525121_1_75.jpg","medium":"https:\/\/images.epagine.fr\/121\/9782747525121_1_m.jpg","thumbnail":"https:\/\/images.epagine.fr\/121\/9782747525121_1_v.jpg"},"orderable":true,"show_badge":true,"formatted_price":"15,00&nbsp;\u20ac","formatted_published_date":"1er janvier 2002","publisher_availability_label":"Sur commande","short_details":"Dominique Letellier \u2014 \u00c9ditions L'Harmattan","translator":null,"weight":206,"page_count":150,"readership":null,"editor":"\u00c9ditions L'Harmattan","price":1500,"published_date":"2001-12-31T23:00:00.000000Z","support":"Grand format","publisher_availability":1,"stock":0,"editions":[],"url":"https:\/\/quaidesbrumes.com\/ouvrage\/9782747525121\/la-question-du-hasard-dans-levolution-la-philosophie-a-lepreuve-de-la-biologie"},{"id":"9782710325239","title":"Le cr\u00e9puscule des illusions ; m\u00e9moires intempestifs","description":"\" La pratique de la philosophie consiste en la conqu\u00eate, pour chaque penseur, de sa part de v\u00e9rit\u00e9, \u00e9tant bien entendu que cette portion congrue, plus ou moins ample selon l'envergure mentale de l'int\u00e9ress\u00e9, n'autorise personne \u00e0 se croire propri\u00e9taire exclusif de l'espace mental, ni m\u00eame de la portion qu'il s'est attribu\u00e9e.\r\nNous ne pouvons acc\u00e9der qu'\u00e0 une v\u00e9rit\u00e9 en situation, et la recherche en ce sens ne s'ach\u00e8vera jamais. Tout individu qui se pr\u00e9sente en porte-parole de l'absolu se rend coupable de faux t\u00e9moignage ; sa pr\u00e9tention expose une contradiction dans les termes. \"\r","authors":["Georges Gusdorf"],"category_codes":["9000000","9080000","9080200","9080204"],"visuals":{"large":"https:\/\/images.epagine.fr\/239\/9782710325239_1_75.jpg","medium":"https:\/\/images.epagine.fr\/239\/9782710325239_1_m.jpg","thumbnail":"https:\/\/images.epagine.fr\/239\/9782710325239_1_v.jpg"},"orderable":true,"show_badge":true,"formatted_price":"10,20&nbsp;\u20ac","formatted_published_date":"9 octobre 2002","publisher_availability_label":"Sur commande","short_details":"Georges Gusdorf \u2014 \u00c9ditions de La Table Ronde","translator":null,"weight":238,"page_count":390,"readership":null,"editor":"\u00c9ditions de La Table Ronde","price":1020,"published_date":"2002-10-08T22:00:00.000000Z","support":"Poche","publisher_availability":1,"stock":0,"editions":[],"url":"https:\/\/quaidesbrumes.com\/ouvrage\/9782710325239\/le-crepuscule-des-illusions-memoires-intempestifs"},{"id":"9782830910681","title":"Histoire et hermeneutique - melanges offerts a gottfried hammann","description":null,"authors":["Martin Rose"],"category_codes":["9000000","9080000"],"visuals":{"large":"https:\/\/images.epagine.fr\/681\/9782830910681_1_75.jpg","medium":"https:\/\/images.epagine.fr\/681\/9782830910681_1_m.jpg","thumbnail":"https:\/\/images.epagine.fr\/681\/9782830910681_1_v.jpg"},"orderable":true,"show_badge":true,"formatted_price":"43,60&nbsp;\u20ac","formatted_published_date":"30 octobre 2002","publisher_availability_label":"Sur commande","short_details":"Martin Rose \u2014 \u00c9ditions Labor et Fides","translator":null,"weight":550,"page_count":440,"readership":null,"editor":"\u00c9ditions Labor et Fides","price":4360,"published_date":"2002-10-29T23:00:00.000000Z","support":"Grand format","publisher_availability":1,"stock":0,"editions":[],"url":"https:\/\/quaidesbrumes.com\/ouvrage\/9782830910681\/histoire-et-hermeneutique-melanges-offerts-a-gottfried-hammann"},{"id":"9782740304808","title":"Nietzsche Ou la Compensation","description":null,"authors":[],"category_codes":["9000000","9080000","9080200","9080204"],"visuals":{"large":"https:\/\/images.epagine.fr\/808\/9782740304808_1_75.jpg","medium":"https:\/\/images.epagine.fr\/808\/9782740304808_1_m.jpg","thumbnail":"https:\/\/images.epagine.fr\/808\/9782740304808_1_v.jpg"},"orderable":true,"show_badge":true,"formatted_price":"11,90&nbsp;\u20ac","formatted_published_date":"30 d\u00e9cembre 1999","publisher_availability_label":"Sur commande","short_details":"Pierre T\u00e9qui \u00c9diteur","translator":null,"weight":168,"page_count":200,"readership":null,"editor":"Pierre T\u00e9qui \u00c9diteur","price":1190,"published_date":"1999-12-29T23:00:00.000000Z","support":"Grand format","publisher_availability":1,"stock":0,"editions":[],"url":"https:\/\/quaidesbrumes.com\/ouvrage\/9782740304808\/nietzsche-ou-la-compensation"},{"id":"9782012985162","title":"Traite de l'enchainement des idees fondamentales dans les sciences et dans l'histoire. tome 2","description":"Trait\u00e9 de l'encha\u00eenement des id\u00e9es fondamentales dans les sciences et dans l'histoire, par M. Cournot,.... Tome 2 Date de l'\u00e9dition originale : 1861 Ce livre est la reproduction fid\u00e8le d une uvre publi\u00e9e avant 1920 et fait partie d une collection de livres r\u00e9imprim\u00e9s \u00e0 la demande \u00e9dit\u00e9e par Hachette Livre, dans le cadre d un partenariat avec la Biblioth\u00e8que nationale de France, offrant l opportunit\u00e9 d acc\u00e9der \u00e0 des ouvrages anciens et souvent rares issus des fonds patrimoniaux de la BnF.\r\nLes uvres faisant partie de cette collection ont \u00e9t\u00e9 num\u00e9ris\u00e9es par la BnF et sont pr\u00e9sentes sur Gallica, sa biblioth\u00e8que num\u00e9rique.\r\n\r\nEn entreprenant de redonner vie \u00e0 ces ouvrages au travers d une collection de livres r\u00e9imprim\u00e9s \u00e0 la demande, nous leur donnons la possibilit\u00e9 de rencontrer un public \u00e9largi et participons \u00e0 la transmission de connaissances et de savoirs parfois difficilement accessibles.\r\nNous avons cherch\u00e9 \u00e0 concilier la reproduction fid\u00e8le d un livre ancien \u00e0 partir de sa version num\u00e9ris\u00e9e avec le souci d un confort de lecture optimal. Nous esp\u00e9rons que les ouvrages de cette nouvelle collection vous apporteront enti\u00e8re satisfaction.\r\n\r\nPour plus d informations, rendez-vous sur www.hachettebnf.fr\r","authors":["Cournot A-A."],"category_codes":["9000000","9080000"],"visuals":{"large":"https:\/\/images.epagine.fr\/162\/9782012985162_1_75.jpg","medium":"https:\/\/images.epagine.fr\/162\/9782012985162_1_m.jpg","thumbnail":"https:\/\/images.epagine.fr\/162\/9782012985162_1_v.jpg"},"orderable":true,"show_badge":true,"formatted_price":"30,50&nbsp;\u20ac","formatted_published_date":"1er septembre 2013","publisher_availability_label":"Sur commande","short_details":"Cournot A-A. \u2014 Hachette BNF","translator":null,"weight":700,"page_count":null,"readership":null,"editor":"Hachette BNF","price":3050,"published_date":"2013-08-31T22:00:00.000000Z","support":"Grand format","publisher_availability":1,"stock":0,"editions":[],"url":"https:\/\/quaidesbrumes.com\/ouvrage\/9782012985162\/traite-de-lenchainement-des-idees-fondamentales-dans-les-sciences-et-dans-lhistoire-tome-2"},{"id":"9782220051420","title":"Hannah arendt, une juive - experience politique et histoire","description":"A la question: \" qui \u00eates-vous ? \", hannah arendt avait coutume de r\u00e9pondre : \" une juive \".\r\n Comme pour beaucoup de juifs n\u00e9s apr\u00e8s l'\u00e9mancipation, \" une juive \" ne d\u00e9signait pas pour elle l'empreinte que la tradition juive aurait laiss\u00e9e dans sa pens\u00e9e, mais une exp\u00e9rience v\u00e9cue dans un monde o\u00fa le totalitarisme dans sa version nazie - pr\u00e9tendant abolir la dimension politique de l'humain - fondait sa marche en avant sur l'an\u00e9antissement du peuple juif. \r\nCe livre explore la mani\u00e8re dont la grande th\u00e9oricienne du politique que fut hannah arendt puise \u00e0 la source de cette exp\u00e9rience pour \u00e9laborer certains aspects majeurs de sa pens\u00e9e.\r\n Mais il montre aussi comment sa r\u00e9flexion th\u00e9orique g\u00e9n\u00e9rale la conduisit \u00e0 une \u00e9lucidation politique des diff\u00e9rents d\u00e9fis que les juifs modernes eurent \u00e0 affronter, dont les principaux \u00e9taient ceux de l'\u00e9mancipation et de l'acc\u00e8s au politique.  sachant les pol\u00e9miques que les positions de hannah arendt ont suscit\u00e9es - et continuent de susciter - ce livre voudrait contribuer \u00e0 reconstituer non pas les r\u00e9ponses mais les questions d'arendt \u00e0 propos des parias et des parvenus juifs, de la politique du mouvement sioniste et de l'attitude des conseils juifs pendant les pers\u00e9cutions nazies.\r","authors":["Martine Leibovici"],"category_codes":["9000000","9080000","9080200","9080204"],"visuals":{"large":"https:\/\/images.epagine.fr\/420\/9782220051420_1_75.jpg","medium":"https:\/\/images.epagine.fr\/420\/9782220051420_1_m.jpg","thumbnail":"https:\/\/images.epagine.fr\/420\/9782220051420_1_v.jpg"},"orderable":true,"show_badge":true,"formatted_price":"29,00&nbsp;\u20ac","formatted_published_date":"10 juin 2002","publisher_availability_label":"Sur commande","short_details":"Martine Leibovici \u2014 Descl\u00e9e de Brouwer","translator":null,"weight":445,"page_count":485,"readership":null,"editor":"Descl\u00e9e de Brouwer","price":2900,"published_date":"2002-06-09T22:00:00.000000Z","support":"Grand format","publisher_availability":1,"stock":0,"editions":[],"url":"https:\/\/quaidesbrumes.com\/ouvrage\/9782220051420\/hannah-arendt-une-juive-experience-politique-et-histoire"},{"id":"9782220051772","title":"Les dieux ne sont jamais loin","description":"Ce livre traverse de fa\u00e7on vive et plaisante les mythes de l'Antiquit\u00e9, pour lesquels il constitue d\u00e9j\u00e0 en soi une excellente introduction.\r\nMais \u00e0 travers cet inventaire, c'est une approche de la pens\u00e9e mythique qu'il propose, allant de pair avec le constat de sa cruelle absence aujourd'hui. Les Anciens allaient et venaient du mythe \u00e0 la philosophie, de la l\u00e9gende \u00e0 l'histoire - et tout se passe comme si ces deux p\u00f4les antith\u00e9tiques s'inspiraient l'un l'autre. Mais avec l'av\u00e8nement du monoth\u00e9isme, ce va-et-vient souple s'est durci en deux p\u00f4les antith\u00e9tiques, pr\u00e9tendant \u00e0 la v\u00e9rit\u00e9 de mani\u00e8re exclusive : la religion et la science.\r\nPartant, c'est l'intelligibilit\u00e9 m\u00eame de la pens\u00e9e antique, mais aussi de la nature humaine, qui nous a peu \u00e0 peu \u00e9chapp\u00e9. L'acc\u00e9l\u00e9ration de l'histoire semble nous avoir fait naviguer entre deux \u00e9cueils : celui d'une domestication de la raison par la foi et celui d'une exclusion du mythique et du religieux par la raison. Ce combat mortif\u00e8re nous a finalement rendus exsangues, spectateurs impuissants d'une lutte entre les \" fous de Dieu \" et les ap\u00f4tres du march\u00e9.\r\nL'auteur n'h\u00e9site donc pas \u00e0 reprendre, avec humour et \u00e9rudition, le chemin des mythes - moins pour \u00e9chapper aux impasses de notre modernit\u00e9 que pour nous inviter \u00e0 entendre autrement ces l\u00e9gendes qui, au d\u00e9tour d'une histoire de d\u00e9luge ou de m\u00e9tamorphoses, nous plongent au coeur de l'homme.\r","authors":["Jerphagnon Julien"],"category_codes":["9000000","9080000","9080200","9080204"],"visuals":{"large":"https:\/\/images.epagine.fr\/772\/9782220051772_1_75.jpg","medium":"https:\/\/images.epagine.fr\/772\/9782220051772_1_m.jpg","thumbnail":"https:\/\/images.epagine.fr\/772\/9782220051772_1_v.jpg"},"orderable":true,"show_badge":true,"formatted_price":"19,80&nbsp;\u20ac","formatted_published_date":"18 septembre 2002","publisher_availability_label":"Sur commande","short_details":"Jerphagnon Julien \u2014 Descl\u00e9e de Brouwer","translator":null,"weight":255,"page_count":223,"readership":null,"editor":"Descl\u00e9e de Brouwer","price":1980,"published_date":"2002-09-17T22:00:00.000000Z","support":"Grand format","publisher_availability":1,"stock":0,"editions":[],"url":"https:\/\/quaidesbrumes.com\/ouvrage\/9782220051772\/les-dieux-ne-sont-jamais-loin"},{"id":"9782013651349","title":"Compendium de la philosophie chretienne comparee avec les doctrines des philosophes - anciens et des","description":"Compendium de la philosophie chr\u00e9tienne compar\u00e9e avec les doctrines des philosophes anciens et des philosophes modernes \/ d'apr\u00e8s Sanseverino,... par l'abb\u00e9 Corriol,... http:\/\/gallica.bnf.fr\/ark:\/12148\/bpt6k5492778f\r","authors":["Sanseverino\/Corriol"],"category_codes":["9000000","9080000"],"visuals":{"large":"https:\/\/images.epagine.fr\/349\/9782013651349_1_75.jpg","medium":"https:\/\/images.epagine.fr\/349\/9782013651349_1_m.jpg","thumbnail":"https:\/\/images.epagine.fr\/349\/9782013651349_1_v.jpg"},"orderable":true,"show_badge":true,"formatted_price":"33,00&nbsp;\u20ac","formatted_published_date":"1er septembre 2013","publisher_availability_label":"Sur commande","short_details":"Sanseverino\/Corriol \u2014 Hachette BNF","translator":null,"weight":820,"page_count":null,"readership":null,"editor":"Hachette BNF","price":3300,"published_date":"2013-08-31T22:00:00.000000Z","support":"Grand format","publisher_availability":1,"stock":0,"editions":[],"url":"https:\/\/quaidesbrumes.com\/ouvrage\/9782013651349\/compendium-de-la-philosophie-chretienne-comparee-avec-les-doctrines-des-philosophes-anciens-et-des"},{"id":"9782747526661","title":"ALAIN BADIOU : PENSER LE MULTIPLE","description":"Du 21 au 23 octobre 1999, s'est tenu \u00e0 Bordeaux un colloque international consacr\u00e9 \u00e0 l'oeuvre d'Alain Badiou, figure majeure de la philosophie contemporaine, mais aussi militant politique depuis toujours, math\u00e9maticien, romancier, essayiste, pamphl\u00e9taire, \u00e9diteur, aujourd'hui professeur \u00e0 l'Ecole Normale Suo\u00e9rieure de la rue d'Ulm. \" Penser le multiple \" pouvait ainsi d\u00e9signer \u00e0 la fois la discussion des th\u00e8ses fondamentales de l'ontologie math\u00e9matique d\u00e9velopp\u00e9e dans L'Etre et l'Ev\u00e9nement, et la tentative de prendre en compte les riches d\u00e9veloppements (litt\u00e9raires, politiques, analytiques, \u00e9thiques) de l'oeuvre.","authors":[],"category_codes":["9000000","9080000"],"visuals":{"large":"https:\/\/images.epagine.fr\/661\/9782747526661_1_75.jpg","medium":"https:\/\/images.epagine.fr\/661\/9782747526661_1_m.jpg","thumbnail":"https:\/\/images.epagine.fr\/661\/9782747526661_1_v.jpg"},"orderable":true,"show_badge":true,"formatted_price":"52,00&nbsp;\u20ac","formatted_published_date":"1er janvier 2002","publisher_availability_label":"Sur commande","short_details":"\u00c9ditions L'Harmattan","translator":null,"weight":1006,"page_count":576,"readership":null,"editor":"\u00c9ditions L'Harmattan","price":5200,"published_date":"2001-12-31T23:00:00.000000Z","support":"Grand format","publisher_availability":1,"stock":0,"editions":[],"url":"https:\/\/quaidesbrumes.com\/ouvrage\/9782747526661\/alain-badiou-penser-le-multiple"},{"id":"9782110731166","title":"Cooperation entre les etatsacp et les territoires et d","description":null,"authors":["Conseil Economique S"],"category_codes":["9000000","9080000"],"visuals":{"large":"https:\/\/quaidesbrumes.com\/img\/book-placeholder.png","medium":"https:\/\/quaidesbrumes.com\/img\/book-placeholder.png","thumbnail":"https:\/\/quaidesbrumes.com\/img\/book-placeholder.png"},"orderable":true,"show_badge":true,"formatted_price":"9,05&nbsp;\u20ac","formatted_published_date":"1er d\u00e9cembre 2004","publisher_availability_label":"Sur commande","short_details":"Conseil Economique S \u2014 \u00c9ditions L'Harmattan","translator":null,"weight":378,"page_count":null,"readership":null,"editor":"\u00c9ditions L'Harmattan","price":905,"published_date":"2004-11-30T23:00:00.000000Z","support":"Grand format","publisher_availability":1,"stock":0,"editions":[],"url":"https:\/\/quaidesbrumes.com\/ouvrage\/9782110731166\/cooperation-entre-les-etatsacp-et-les-territoires-et-d"},{"id":"9782747525756","title":"Le constructivisme : Tome I - Les enracinements","description":"Les \u00e9pist\u00e9mologies constructivistes nous invitent aujourd'hui \u00e0 reprendre la question trop souvent oubli\u00e9e de la l\u00e9gitimation des connaissances scientifiques. Les conventions \u00e9pist\u00e9mologiques traditionnelles (naturalistes, positivistes ou r\u00e9alistes) qui la garantissaient sont-elles \u00e9ternellement invariantes ? Depuis un si\u00e8cle, nombreux sont les scientifiques et \u00e9pist\u00e9mologues attentifs \u00e0 la pragmatique intelligible des actions humaines. Ils nous proposent d'autres conventions, aussi bien enracin\u00e9es dans nos cultures. Il importe d'expliciter loyalement les renouvellements des conventions \u00e9pist\u00e9mologiques l\u00e9gitimant la formation et l'enseignement des connaissances, ici et maintenant.","authors":["Jjean-Louis Le Moigne"],"category_codes":["9000000","9080000"],"visuals":{"large":"https:\/\/images.epagine.fr\/756\/9782747525756_1_75.jpg","medium":"https:\/\/images.epagine.fr\/756\/9782747525756_1_m.jpg","thumbnail":"https:\/\/images.epagine.fr\/756\/9782747525756_1_v.jpg"},"orderable":true,"show_badge":true,"formatted_price":"30,00&nbsp;\u20ac","formatted_published_date":"1er novembre 2003","publisher_availability_label":"Sur commande","short_details":"Jjean-Louis Le Moigne \u2014 \u00c9ditions L'Harmattan","translator":null,"weight":394,"page_count":300,"readership":null,"editor":"\u00c9ditions L'Harmattan","price":3000,"published_date":"2003-10-31T23:00:00.000000Z","support":"Grand format","publisher_availability":1,"stock":0,"editions":[],"url":"https:\/\/quaidesbrumes.com\/ouvrage\/9782747525756\/le-constructivisme-tome-i-les-enracinements"},{"id":"9782747526401","title":"LE FONDEMENT SELON SCHELLING","description":"Contrairement \u00e0 la majorit\u00e9 des historiens de la philosophie qui divisent en p\u00e9riodes l'oeuvre de Schelling, cet ouvrage montre, gr\u00e2ce \u00e0 l'id\u00e9e du Fondement, que ce sont plut\u00f4t la continuit\u00e9 et l'unit\u00e9 qui sont \u00e0 retenir. La notion a fait son apparition comme non-moi, se m\u00e9tamorphose en nature et temps, pour finir par se g\u00e9n\u00e9raliser comme raison-possibilit\u00e9. Oppos\u00e9 au Fondement est l'Existant qui est d'abord le moi, devient plus tard libert\u00e9 et g\u00e9n\u00e9rosit\u00e9, pour s'assumer et s'accomplir par la suite comme le bien lui-m\u00eame. Ce couple de concepts primordiaux et universels est \u00e0 la base du dernier grand syst\u00e8me m\u00e9taphysique qu'a connu le XIXe si\u00e8cle.","authors":["Mikios Miklos"],"category_codes":["9000000","9080000"],"visuals":{"large":"https:\/\/images.epagine.fr\/401\/9782747526401_1_75.jpg","medium":"https:\/\/images.epagine.fr\/401\/9782747526401_1_m.jpg","thumbnail":"https:\/\/images.epagine.fr\/401\/9782747526401_1_v.jpg"},"orderable":true,"show_badge":true,"formatted_price":"56,00&nbsp;\u20ac","formatted_published_date":"1er janvier 2002","publisher_availability_label":"Sur commande","short_details":"Mikios Miklos \u2014 \u00c9ditions L'Harmattan","translator":null,"weight":804,"page_count":664,"readership":null,"editor":"\u00c9ditions L'Harmattan","price":5600,"published_date":"2001-12-31T23:00:00.000000Z","support":"Grand format","publisher_availability":1,"stock":0,"editions":[],"url":"https:\/\/quaidesbrumes.com\/ouvrage\/9782747526401\/le-fondement-selon-schelling"}]}