{"data":[{"id":"9782747520355","title":"Les conceptions du corps chez ribot et nietzsche","description":"Nietzsche est lecteur de la recherche psychologique du XIXe, en particulier du philosophe Th\u00e9odule Ribot. Amateur du darwinisme, Nietzsche prend connaissance de la Revue philosophique de la France et de l'\u00e9tranger fond\u00e9e par Ribot et retranscrit le cadre op\u00e9ratoire du langage neurophysiologiste dans sa propre r\u00e9flexion. A partir de quelques documents remarquables de la Nietzsche-Forschung r\u00e9unis par l'auteur, de saisissantes analogies apparaissent entre les notes des Fragments posthumes (1879-89) et les sources des dix premi\u00e8res ann\u00e9es de la Revue philosophique de la France et de l'\u00e9tranger .\r","authors":["Ignace Haaz"],"category_codes":["9000000","9080000"],"visuals":{"large":"https:\/\/images.epagine.fr\/355\/9782747520355_1_75.jpg","medium":"https:\/\/images.epagine.fr\/355\/9782747520355_1_m.jpg","thumbnail":"https:\/\/images.epagine.fr\/355\/9782747520355_1_v.jpg"},"orderable":true,"show_badge":true,"formatted_price":"16,50&nbsp;\u20ac","formatted_published_date":"1er janvier 2002","publisher_availability_label":"Sur commande","short_details":"Ignace Haaz \u2014 \u00c9ditions L'Harmattan","translator":null,"weight":274,"page_count":196,"readership":null,"editor":"\u00c9ditions L'Harmattan","price":1650,"published_date":"2001-12-31T23:00:00.000000Z","support":"Grand format","publisher_availability":1,"stock":0,"editions":[],"url":"https:\/\/quaidesbrumes.com\/ouvrage\/9782747520355\/les-conceptions-du-corps-chez-ribot-et-nietzsche"},{"id":"9782747511254","title":"Heidegger et l'afrique - reception et paradoxe d'un \" dialogue \" monologique","description":"L'objectif de l'auteur de ce livre n'est pas de s'inscrire dans un d\u00e9bat st\u00e9rile en plaidant pour l'existence ou la non existence d'une \" philosophie africaine \". La v\u00e9ritable ligne de force de cet ouvrage est le dialogue interculturel, uniquement envisageable \u00e0 partir d'une appr\u00e9hension ontologique moul\u00e9e dans des identit\u00e9s ouvertes simultan\u00e9ment sur l'ips\u00e9it\u00e9 et l'alt\u00e9rit\u00e9. La cr\u00e9ation n'est envisageable que dans un dialogue anim\u00e9 par deux peuples cr\u00e9ateurs attach\u00e9s tous au service d'une culture.\r","authors":[],"category_codes":["9000000","9080000"],"visuals":{"large":"https:\/\/images.epagine.fr\/254\/9782747511254_1_75.jpg","medium":"https:\/\/images.epagine.fr\/254\/9782747511254_1_m.jpg","thumbnail":"https:\/\/images.epagine.fr\/254\/9782747511254_1_v.jpg"},"orderable":true,"show_badge":true,"formatted_price":"16,00&nbsp;\u20ac","formatted_published_date":"1er novembre 2003","publisher_availability_label":"Sur commande","short_details":"\u00c9ditions L'Harmattan","translator":null,"weight":266,"page_count":140,"readership":null,"editor":"\u00c9ditions L'Harmattan","price":1600,"published_date":"2003-10-31T23:00:00.000000Z","support":"Grand format","publisher_availability":1,"stock":0,"editions":[],"url":"https:\/\/quaidesbrumes.com\/ouvrage\/9782747511254\/heidegger-et-lafrique-reception-et-paradoxe-dun-dialogue-monologique"},{"id":"9782013650922","title":"Oeuvres de saint-simon & d'enfantin. volume 5","description":"Oeuvres de Saint-Simon & d'Enfantin. Volume 5 \/ pr\u00e9c\u00e9d\u00e9es de deux notices historiques et publi\u00e9es par les membres du Conseil institu\u00e9 par Enfantin pour l'ex\u00e9cution de ses derni\u00e8res volont\u00e9s. [Arl\u00e8s-Dufour ; Arthur Enfantin ; C\u00e9sar Lhabitant ; Laurent (de l'Ard\u00e8che) ; Henri Fournel ; Adolphe Gu\u00e9roult.] http:\/\/gallica.bnf.fr\/ark:\/12148\/bpt6k54602558\r","authors":["Saint-Simon\/Enfantin"],"category_codes":["9000000","9080000"],"visuals":{"large":"https:\/\/images.epagine.fr\/922\/9782013650922_1_75.jpg","medium":"https:\/\/images.epagine.fr\/922\/9782013650922_1_m.jpg","thumbnail":"https:\/\/images.epagine.fr\/922\/9782013650922_1_v.jpg"},"orderable":true,"show_badge":true,"formatted_price":"21,50&nbsp;\u20ac","formatted_published_date":"1er septembre 2013","publisher_availability_label":"Sur commande","short_details":"Saint-Simon\/Enfantin \u2014 Hachette BNF","translator":null,"weight":370,"page_count":null,"readership":null,"editor":"Hachette BNF","price":2150,"published_date":"2013-08-31T22:00:00.000000Z","support":"Grand format","publisher_availability":1,"stock":0,"editions":[],"url":"https:\/\/quaidesbrumes.com\/ouvrage\/9782013650922\/oeuvres-de-saint-simon-denfantin-volume-5"},{"id":"9782013650939","title":"Oeuvres de saint-simon & d'enfantin. volume 6","description":"Oeuvres de Saint-Simon & d'Enfantin. Volume 6 \/ pr\u00e9c\u00e9d\u00e9es de deux notices historiques et publi\u00e9es par les membres du Conseil institu\u00e9 par Enfantin pour l'ex\u00e9cution de ses derni\u00e8res volont\u00e9s. [Arl\u00e8s-Dufour ; Arthur Enfantin ; C\u00e9sar Lhabitant ; Laurent (de l'Ard\u00e8che) ; Henri Fournel ; Adolphe Gu\u00e9roult.] http:\/\/gallica.bnf.fr\/ark:\/12148\/bpt6k5414997w\r","authors":["Saint-Simon\/Enfantin"],"category_codes":["9000000","9080000"],"visuals":{"large":"https:\/\/images.epagine.fr\/939\/9782013650939_1_75.jpg","medium":"https:\/\/images.epagine.fr\/939\/9782013650939_1_m.jpg","thumbnail":"https:\/\/images.epagine.fr\/939\/9782013650939_1_v.jpg"},"orderable":true,"show_badge":true,"formatted_price":"21,50&nbsp;\u20ac","formatted_published_date":"1er septembre 2013","publisher_availability_label":"Sur commande","short_details":"Saint-Simon\/Enfantin \u2014 Hachette BNF","translator":null,"weight":373,"page_count":null,"readership":null,"editor":"Hachette BNF","price":2150,"published_date":"2013-08-31T22:00:00.000000Z","support":"Grand format","publisher_availability":1,"stock":0,"editions":[],"url":"https:\/\/quaidesbrumes.com\/ouvrage\/9782013650939\/oeuvres-de-saint-simon-denfantin-volume-6"},{"id":"9782013650946","title":"Oeuvres de saint-simon & d'enfantin. volume 7","description":"Oeuvres de Saint-Simon & d'Enfantin. Volume 7 \/ pr\u00e9c\u00e9d\u00e9es de deux notices historiques et publi\u00e9es par les membres du Conseil institu\u00e9 par Enfantin pour l'ex\u00e9cution de ses derni\u00e8res volont\u00e9s. [Arl\u00e8s-Dufour ; Arthur Enfantin ; C\u00e9sar Lhabitant ; Laurent (de l'Ard\u00e8che) ; Henri Fournel ; Adolphe Gu\u00e9roult.] http:\/\/gallica.bnf.fr\/ark:\/12148\/bpt6k5415138k\r","authors":["Saint-Simon\/Enfantin"],"category_codes":["9000000","9080000"],"visuals":{"large":"https:\/\/images.epagine.fr\/946\/9782013650946_1_75.jpg","medium":"https:\/\/images.epagine.fr\/946\/9782013650946_1_m.jpg","thumbnail":"https:\/\/images.epagine.fr\/946\/9782013650946_1_v.jpg"},"orderable":true,"show_badge":true,"formatted_price":"21,50&nbsp;\u20ac","formatted_published_date":"1er septembre 2013","publisher_availability_label":"Sur commande","short_details":"Saint-Simon\/Enfantin \u2014 Hachette BNF","translator":null,"weight":384,"page_count":null,"readership":null,"editor":"Hachette BNF","price":2150,"published_date":"2013-08-31T22:00:00.000000Z","support":"Grand format","publisher_availability":1,"stock":0,"editions":[],"url":"https:\/\/quaidesbrumes.com\/ouvrage\/9782013650946\/oeuvres-de-saint-simon-denfantin-volume-7"},{"id":"9782220050171","title":"Amiti\u00e9","description":"Le titre de cet essai s'est impos\u00e9 \u00e0 l'auteur lorsqu'il a cherch\u00e9 un verbe qui soit \u00e0 l'amiti\u00e9 ce que le verbe aimer est \u00e0 l'amour. Ce livre porte en effet non sur un \u00e9tat mais sur une relation dont il analyse diverses modalit\u00e9s pour en donner, au bout du compte, une image dynamique, un portrait mobile mais capable de restituer sur le plan du discours et de la pens\u00e9e quelque chose de ce qu'est l'amiti\u00e9 v\u00e9cue.  Tentant de cerner la place de l'amiti\u00e9 dans notre monde, le pr\u00e9sent essai tourne autour de quatre grands infinitifs, qui inscrivent dans le temps et l'espace la relation amicale : engager, \u00e9prouver, \u00e9changer et perdre.\r\n Donc pas un trait\u00e9 de l'amiti\u00e9, pas une philosophie de l'amiti\u00e9 qui dirait ce qu'elle est ou ce qu'elle doit \u00eatre, mais un essai philosophique qui cherche \u00e0 rendre compte de sa r\u00e9alit\u00e9 contrast\u00e9e, tant au travers des exp\u00e9riences que chacun peut en faire que de ses diff\u00e9rentes tentatives de th\u00e9orisations philosophiques.\r\n Car l'amiti\u00e9 change de valeur d'Aristote \u00e0 Rousseau : de positive et rationnelle qu'elle est pour le premier, elle devient chez le second, sous la forme de la compassion ou de la sympathie, une valeur beaucoup plus ambigu\u00eb, sujette \u00e0 maints retournements. D'o\u00f9 la n\u00e9cessit\u00e9 de penser ensemble des positions apparemment contraires.","authors":["Gilles A. Tiberghien"],"category_codes":["9000000","9080000","9080200","9080204"],"visuals":{"large":"https:\/\/images.epagine.fr\/171\/9782220050171_1_75.jpg","medium":"https:\/\/images.epagine.fr\/171\/9782220050171_1_m.jpg","thumbnail":"https:\/\/images.epagine.fr\/171\/9782220050171_1_v.jpg"},"orderable":true,"show_badge":true,"formatted_price":"18,30&nbsp;\u20ac","formatted_published_date":"14 mars 2002","publisher_availability_label":"Sur commande","short_details":"Gilles A. Tiberghien \u2014 Descl\u00e9e de Brouwer","translator":null,"weight":194,"page_count":176,"readership":null,"editor":"Descl\u00e9e de Brouwer","price":1830,"published_date":"2002-03-13T23:00:00.000000Z","support":"Grand format","publisher_availability":1,"stock":0,"editions":[],"url":"https:\/\/quaidesbrumes.com\/ouvrage\/9782220050171\/amitie"},{"id":"9782747522069","title":"Fichte et la philosophie transcendantale comme science - etude sur la naissance de la premiere doctr","description":"D\u00e8s les ann\u00e9es de formation de la Doctrine de la Science, Fichte souligne le caract\u00e8re scientifique de l'investigation. Le philosophe tient ensemble deux traditions diff\u00e9rentes, un h\u00e9ritage th\u00e9matique kantien et un h\u00e9ritage m\u00e9thodique classique. Comment la Doctrine de la Science se rapporte-t-elle aux savoirs, anciens ou naissants, de la logique, des math\u00e9matiques et de la psychologie ? Comment unir inspiration transcendantale critique et confection d'un savoir bien fond\u00e9, \u00e9tabli et articul\u00e9 ?\r","authors":["Jean-fran\u00e7ois Goubet"],"category_codes":["9000000","9080000"],"visuals":{"large":"https:\/\/images.epagine.fr\/069\/9782747522069_1_75.jpg","medium":"https:\/\/images.epagine.fr\/069\/9782747522069_1_m.jpg","thumbnail":"https:\/\/images.epagine.fr\/069\/9782747522069_1_v.jpg"},"orderable":true,"show_badge":true,"formatted_price":"38,00&nbsp;\u20ac","formatted_published_date":"1er janvier 2002","publisher_availability_label":"Sur commande","short_details":"Jean-fran\u00e7ois Goubet \u2014 \u00c9ditions L'Harmattan","translator":null,"weight":568,"page_count":432,"readership":null,"editor":"\u00c9ditions L'Harmattan","price":3800,"published_date":"2001-12-31T23:00:00.000000Z","support":"Grand format","publisher_availability":1,"stock":0,"editions":[],"url":"https:\/\/quaidesbrumes.com\/ouvrage\/9782747522069\/fichte-et-la-philosophie-transcendantale-comme-science-etude-sur-la-naissance-de-la-premiere-doctr"},{"id":"9782747516112","title":"HOMO ORTHOPEDICUS : Le corps et ses proth\u00e8ses \u00e0 l'\u00e9poque (post)moderniste","description":"A partir de 1900, sur les d\u00e9bris d'un anthropocentrisme pluris\u00e9culaire, naquit un homme nouveau, dont le corps n'\u00e9tait plus consid\u00e9r\u00e9 comme l'enveloppe de l'\u00e2me mais \u00e9tait interrog\u00e9 pour lui-m\u00eame, dans sa complexit\u00e9, dans sa vuln\u00e9rabilit\u00e9, et surtout dans sa susceptibilit\u00e9 \u00e0 interagir avec les nouvelles techniques. C'est dans ce contexte que le critique d'art Roberto Longhi lan\u00e7a la formule \" homo orthopedicus \". Cet ouvrage explore cette probl\u00e9matique \u00e9pineuse du corps et de ses proth\u00e8ses.\r","authors":[],"category_codes":["9000000","9080000"],"visuals":{"large":"https:\/\/images.epagine.fr\/112\/9782747516112_1_75.jpg","medium":"https:\/\/images.epagine.fr\/112\/9782747516112_1_m.jpg","thumbnail":"https:\/\/images.epagine.fr\/112\/9782747516112_1_v.jpg"},"orderable":true,"show_badge":true,"formatted_price":"44,50&nbsp;\u20ac","formatted_published_date":"1er novembre 2003","publisher_availability_label":"Sur commande","short_details":"\u00c9ditions L'Harmattan","translator":null,"weight":642,"page_count":525,"readership":null,"editor":"\u00c9ditions L'Harmattan","price":4450,"published_date":"2003-10-31T23:00:00.000000Z","support":"Grand format","publisher_availability":1,"stock":0,"editions":[],"url":"https:\/\/quaidesbrumes.com\/ouvrage\/9782747516112\/homo-orthopedicus-le-corps-et-ses-protheses-a-lepoque-postmoderniste"},{"id":"9782747520416","title":"PH\u00c9NOM\u00c9NOLOGIE DE LA R\u00c9FLEXION DANS LA PENS\u00c9E CRITIQUE DE KANT","description":"La philosophie critique de Kant est interpr\u00e9t\u00e9e ici comme une exp\u00e9rience de pens\u00e9e. La r\u00e9flexion transcendantale, comprise comme le pouvoir qui fonde la pens\u00e9e critique, est \u00e9tudi\u00e9e dans une perspective ph\u00e9nom\u00e9nologique, ce qui permet de suivre le travail de la pens\u00e9e dans le d\u00e9veloppement des trois Critiques. L'exp\u00e9rience kantienne de la pens\u00e9e se r\u00e9v\u00e8le \u00eatre une exp\u00e9rience de la libert\u00e9. Mais comment se manifeste la libert\u00e9 de la pens\u00e9e critique, soit l'exigence d'auto-fondation transcendantale ?","authors":["Pascal Gaudet"],"category_codes":["9000000","9080000"],"visuals":{"large":"https:\/\/images.epagine.fr\/416\/9782747520416_1_75.jpg","medium":"https:\/\/images.epagine.fr\/416\/9782747520416_1_m.jpg","thumbnail":"https:\/\/images.epagine.fr\/416\/9782747520416_1_v.jpg"},"orderable":true,"show_badge":true,"formatted_price":"18,00&nbsp;\u20ac","formatted_published_date":"1er janvier 2002","publisher_availability_label":"Sur commande","short_details":"Pascal Gaudet \u2014 \u00c9ditions L'Harmattan","translator":null,"weight":238,"page_count":194,"readership":null,"editor":"\u00c9ditions L'Harmattan","price":1800,"published_date":"2001-12-31T23:00:00.000000Z","support":"Grand format","publisher_availability":1,"stock":0,"editions":[],"url":"https:\/\/quaidesbrumes.com\/ouvrage\/9782747520416\/phenomenologie-de-la-reflexion-dans-la-pensee-critique-de-kant"},{"id":"9782747520362","title":"Le pouvoir et le salut","description":"L'auteur entra\u00eene Blaise Pascal dans le domaine du politique pour projeter sur les \" vertus r\u00e9publicaines \", sur la d\u00e9mocratie et sur le tragique de l'histoire, la lumi\u00e8re des trois ordres de la chair, des esprits et du coeur. Il s'agit d'apporter des \u00e9claircissements sur les aspects d\u00e9cisifs de nos sensibilit\u00e9s politiques, et sur nos r\u00e9actions aux \u00e9v\u00e9nements exigeant une prise de position. Une r\u00e9flexion philosophique qui ne se s\u00e9pare jamais de la foi chr\u00e9tienne.\r","authors":["Philibert Secretan"],"category_codes":["9000000","9080000"],"visuals":{"large":"https:\/\/images.epagine.fr\/362\/9782747520362_1_75.jpg","medium":"https:\/\/images.epagine.fr\/362\/9782747520362_1_m.jpg","thumbnail":"https:\/\/images.epagine.fr\/362\/9782747520362_1_v.jpg"},"orderable":true,"show_badge":true,"formatted_price":"26,50&nbsp;\u20ac","formatted_published_date":"1er janvier 2002","publisher_availability_label":"Sur commande","short_details":"Philibert Secretan \u2014 \u00c9ditions L'Harmattan","translator":null,"weight":374,"page_count":306,"readership":null,"editor":"\u00c9ditions L'Harmattan","price":2650,"published_date":"2001-12-31T23:00:00.000000Z","support":"Grand format","publisher_availability":1,"stock":0,"editions":[],"url":"https:\/\/quaidesbrumes.com\/ouvrage\/9782747520362\/le-pouvoir-et-le-salut"},{"id":"9782747521192","title":"Les raisons de l'esclavage","description":"Pourquoi l'esclavage ? Comment cette forme de domination de l'homme par l'homme a-t-elle r\u00e9ussi \u00e0 s'imposer \u00e0 certains moments de l'histoire ? Quelle en fut l'origine, et quel en est le fondement. Un fondement autre que le rapport de forces est-il seulement pensable ? La pens\u00e9e occidentale a parfois justifi\u00e9 l'esclavage, elle l'a rarement condamn\u00e9, son attitude la plus fr\u00e9quente fut le mutisme. N\u00e9anmoins, certains philosophes parmi lesquels : Aristote, Montesquieu, Marx, chacun \u00e0 leur fa\u00e7on, n'ont pas h\u00e9sit\u00e9 \u00e0 rendre raison de cette d\u00e9raison qu'est l'esclavage.","authors":["Bruno Guigue"],"category_codes":["9000000","9080000","9080200","9080204"],"visuals":{"large":"https:\/\/images.epagine.fr\/192\/9782747521192_1_75.jpg","medium":"https:\/\/images.epagine.fr\/192\/9782747521192_1_m.jpg","thumbnail":"https:\/\/images.epagine.fr\/192\/9782747521192_1_v.jpg"},"orderable":true,"show_badge":true,"formatted_price":"12,50&nbsp;\u20ac","formatted_published_date":"1er novembre 2003","publisher_availability_label":"Sur commande","short_details":"Bruno Guigue \u2014 \u00c9ditions L'Harmattan","translator":null,"weight":158,"page_count":125,"readership":null,"editor":"\u00c9ditions L'Harmattan","price":1250,"published_date":"2003-10-31T23:00:00.000000Z","support":"Grand format","publisher_availability":1,"stock":0,"editions":[],"url":"https:\/\/quaidesbrumes.com\/ouvrage\/9782747521192\/les-raisons-de-lesclavage"},{"id":"9782747521109","title":"LA RH\u00c9TORIQUE DES PHILOSOPHES : Essai sur les relations \u00e9pistolaires","description":"Cet ouvrage s'int\u00e9resse \u00e0 l'importance des techniques argumentatives dans les correspondances philosophiques du XVIIe si\u00e8cle : les philosophes, aussi c\u00e9l\u00e8bres soient-ils, (Descartes, Spinoza, Leibniz.) peuvent-ils se passer de rh\u00e9torique ? Par l'argumentation, c'est la question de la force du discours philosophique sur l'opinion, du pouvoir de la philosophie en mati\u00e8re de persuasion, qui est mise en jeu. Y a-t-il une place pour l'humour dans le discours philosophique ? Quelles sont les limites du discours philosophique ?","authors":["Olivier Abiteboul"],"category_codes":["9000000","9080000"],"visuals":{"large":"https:\/\/images.epagine.fr\/109\/9782747521109_1_75.jpg","medium":"https:\/\/images.epagine.fr\/109\/9782747521109_1_m.jpg","thumbnail":"https:\/\/images.epagine.fr\/109\/9782747521109_1_v.jpg"},"orderable":true,"show_badge":true,"formatted_price":"13,00&nbsp;\u20ac","formatted_published_date":"1er janvier 2002","publisher_availability_label":"Sur commande","short_details":"Olivier Abiteboul \u2014 \u00c9ditions L'Harmattan","translator":null,"weight":196,"page_count":150,"readership":null,"editor":"\u00c9ditions L'Harmattan","price":1300,"published_date":"2001-12-31T23:00:00.000000Z","support":"Grand format","publisher_availability":1,"stock":0,"editions":[],"url":"https:\/\/quaidesbrumes.com\/ouvrage\/9782747521109\/la-rhetorique-des-philosophes-essai-sur-les-relations-epistolaires"},{"id":"9782747527309","title":"L'ESPACE ET LE TEMPS CHEZ NEWTON ET CHEZ KANT : Essai d'explication de l'id\u00e9alisme kantien \u00e0 partir de Newton","description":"Dans l'Essai pour introduire en philosophie le concept de grandeur n\u00e9gative, Kant exprimait le d\u00e9sir d'introduire en philosophie certains concepts math\u00e9matiques tels que le concept de grandeur n\u00e9gative et le concept de l'infiniment petit. C'est pourquoi M. Bachta s'est propos\u00e9 d'\u00e9tudier le rapport de la philosophie de Kant avec la conception newtonienne de la math\u00e9matique du continu, cette derni\u00e8re ne pouvant se comprendre que dans la relation avec une conception particuli\u00e8re de l'espace et du temps. Ces analyses permettent d'inventorier tous les aspects sans exception de la philosophie kantienne li\u00e9s \u00e0 la math\u00e9matique du contenu.\r","authors":["Abdelkader Bachta"],"category_codes":["9000000","9080000"],"visuals":{"large":"https:\/\/images.epagine.fr\/309\/9782747527309_1_75.jpg","medium":"https:\/\/images.epagine.fr\/309\/9782747527309_1_m.jpg","thumbnail":"https:\/\/images.epagine.fr\/309\/9782747527309_1_v.jpg"},"orderable":true,"show_badge":true,"formatted_price":"38,00&nbsp;\u20ac","formatted_published_date":"1er janvier 2002","publisher_availability_label":"Sur commande","short_details":"Abdelkader Bachta \u2014 \u00c9ditions L'Harmattan","translator":null,"weight":752,"page_count":417,"readership":null,"editor":"\u00c9ditions L'Harmattan","price":3800,"published_date":"2001-12-31T23:00:00.000000Z","support":"Grand format","publisher_availability":1,"stock":0,"editions":[],"url":"https:\/\/quaidesbrumes.com\/ouvrage\/9782747527309\/lespace-et-le-temps-chez-newton-et-chez-kant-essai-dexplication-de-lidealisme-kantien-a-partir-de-newton"},{"id":"9782747526845","title":"Il etait une fois  le mal - la fracture ontologique","description":"Le Mal n'est d'aucune n\u00e9cessit\u00e9 et cependant nous peinons \u00e0 le croire seulement accidentel. Il tient une place \u00e9nigmatique dans la distribution des modalit\u00e9s et c'est peu de le dire absurde si sa contingence suffit \u00e0 le d\u00e9signer. Il ne borne pas seulement l'usage du sens, il le d\u00e9tourne. A l'origine, le Mal est le sens perverti de la parole. Il est esprit de mensonge. Men(s)-songe d'Ontologie, songe, en mots, de toute v\u00e9rit\u00e9 abolie. Comment, dans ces conditions, nous sera-t-il possible d'entrer dans le Myst\u00e8re d'une origine que rien, en parole, ne vient fonder ?\r","authors":["Fran\u00e7ois Besset"],"category_codes":["9000000","9080000"],"visuals":{"large":"https:\/\/images.epagine.fr\/845\/9782747526845_1_75.jpg","medium":"https:\/\/images.epagine.fr\/845\/9782747526845_1_m.jpg","thumbnail":"https:\/\/images.epagine.fr\/845\/9782747526845_1_v.jpg"},"orderable":true,"show_badge":true,"formatted_price":"25,00&nbsp;\u20ac","formatted_published_date":"1er novembre 2003","publisher_availability_label":"Sur commande","short_details":"Fran\u00e7ois Besset \u2014 \u00c9ditions L'Harmattan","translator":null,"weight":452,"page_count":270,"readership":null,"editor":"\u00c9ditions L'Harmattan","price":2500,"published_date":"2003-10-31T23:00:00.000000Z","support":"Grand format","publisher_availability":1,"stock":0,"editions":[],"url":"https:\/\/quaidesbrumes.com\/ouvrage\/9782747526845\/il-etait-une-fois-le-mal-la-fracture-ontologique"},{"id":"9782747526814","title":"Rousseau ou la revolution impossible","description":"\" L'\u00e9tat social n'est avantageux aux hommes qu'autant qu'ils ont tous quelque chose et qu'aucun d'eux n'a rien de trop \" \u00e9crit Rousseau. Une certaine redistribution des richesses est donc le pr\u00e9alable oblig\u00e9 d'une vie politique qui ne tourne pas \u00e0 la domination des uns sur les autres. Le pr\u00e9sent essai retrace la gen\u00e8se de l'in\u00e9galit\u00e9 telle que Rousseau la con\u00e7oit et en analyse les cons\u00e9quences. Rousseau ou la r\u00e9volution impossible constitue ainsi une introduction \u00e0 la lecture du Discours sur l'origine de l'in\u00e9galit\u00e9 et du Contrat social. Mais, par del\u00e0 l'\u00e9clairage apport\u00e9 \u00e0 des textes parfois difficiles, tous ceux qui ne se satisfont pas du cours pris par la vie politique dans les d\u00e9mocraties contemporaines devraient y trouver de quoi nourrir leur r\u00e9flexion critique.\r","authors":["Gerard Demouge"],"category_codes":["9000000","9080000"],"visuals":{"large":"https:\/\/images.epagine.fr\/814\/9782747526814_1_75.jpg","medium":"https:\/\/images.epagine.fr\/814\/9782747526814_1_m.jpg","thumbnail":"https:\/\/images.epagine.fr\/814\/9782747526814_1_v.jpg"},"orderable":true,"show_badge":true,"formatted_price":"34,50&nbsp;\u20ac","formatted_published_date":"1er janvier 2002","publisher_availability_label":"Sur commande","short_details":"Gerard Demouge \u2014 \u00c9ditions L'Harmattan","translator":null,"weight":570,"page_count":426,"readership":null,"editor":"\u00c9ditions L'Harmattan","price":3450,"published_date":"2001-12-31T23:00:00.000000Z","support":"Grand format","publisher_availability":1,"stock":0,"editions":[],"url":"https:\/\/quaidesbrumes.com\/ouvrage\/9782747526814\/rousseau-ou-la-revolution-impossible"},{"id":"9782843100376","title":"Le concept de societe","description":"Figure de proue des \u00e9changes et transferts culturels entre la France et l'Allemagne, Lorenz Stein (1815-1890) m\u00e9rite aujourd'hui toute notre attention : l'oeuvre de ce sociologue et philosophe du droit qui fut l'un des pionniers de la \" science de l'administration \", servit en effet de source d'inspiration \u00e0 bien des th\u00e9oriciens de l'Etat social moderne.\r\nMarx la consid\u00e9rait comme l'une des meilleures sources de la pens\u00e9e socialiste \u00e0 ses d\u00e9buts : un jugement qui fut repris dans la litt\u00e9rature marxiste ult\u00e9rieure. Stein lui-m\u00eame, qui avait pris appui, dans son traitement original de la \" question sociale \", tant sur la Philosophie du droit de Hegel que sur la nouvelle pens\u00e9e sociale fran\u00e7aise (celle de Saint-Simon et de Fourier, en particulier), avait pourtant \u00e9t\u00e9 tr\u00e8s r\u00e9serv\u00e9 sur les solutions propos\u00e9es, dans les courants de pens\u00e9e dits \" marxistes \", \u00e0 cette question.\r\nCherchant \u00e0 \u00e9viter toute r\u00e9ponse r\u00e9volutionnaire, il voulut plut\u00f4t faire progresser les r\u00e9formes sociales, en mettant l'accent sur la n\u00e9cessit\u00e9 de conduire les classes les plus d\u00e9favoris\u00e9es elles m\u00eames \u00e0 la propri\u00e9t\u00e9 et \u00e0 la culture. Est pr\u00e9sent\u00e9e ici, cent cinquante ans apr\u00e8s sa publication mais pour la premi\u00e8re fois en traduction fran\u00e7aise, la premi\u00e8re partie de l'Histoire du mouvement social en France, de 1789 \u00e0 nos jours : le texte m\u00eame qui, selon Herbert Marcuse, constitue le \" premier ouvrage sociologique allemand \".\r","authors":["Lorenz Stein","Marc Beghin"],"category_codes":["9000000","9080000","9080200","9080204"],"visuals":{"large":"https:\/\/images.epagine.fr\/376\/9782843100376_1_75.jpg","medium":"https:\/\/images.epagine.fr\/376\/9782843100376_1_m.jpg","thumbnail":"https:\/\/images.epagine.fr\/376\/9782843100376_1_v.jpg"},"orderable":true,"show_badge":true,"formatted_price":"15,00&nbsp;\u20ac","formatted_published_date":"1er avril 2002","publisher_availability_label":"Sur commande","short_details":"Lorenz Stein, Marc Beghin \u2014 Universite Grenoble Alpes","translator":"MARC BEGHIN","weight":212,"page_count":256,"readership":null,"editor":"Universite Grenoble Alpes","price":1500,"published_date":"2002-03-31T22:00:00.000000Z","support":"Grand format","publisher_availability":1,"stock":0,"editions":[],"url":"https:\/\/quaidesbrumes.com\/ouvrage\/9782843100376\/le-concept-de-societe"},{"id":"9782220051178","title":"Six rhapsodies froides sur le lieu, l'image et le souvenir","description":"Autour des notions d'image et de lieu, les six \u00e9tudes qui forment le pr\u00e9sent essai \u00e9clat\u00e9 tentent d'articuler la modernit\u00e9 artistique avec des probl\u00e9matiques m\u00e9di\u00e9vales et renaissantes de l'image que lie l'analyse du souvenir et de ses proc\u00e9dures. \r\nLes pratiques mn\u00e9moniques dans l'Italie des XIIIe et XIVe si\u00e8cles jettent ainsi une lumi\u00e8re neuve sur la \u00ab r\u00e9volution picturale \u00bb donn\u00e9e pour fondatrice de l'art moderne. Elles remettent en cause les grands r\u00e9cits qui ont gouvern\u00e9 son histoire. Les lieux de m\u00e9moire permettent de mieux appr\u00e9cier les relations entre art, monument et mus\u00e9e, telles que les ont red\u00e9finies des artistes comme Marcel Duchamp ou Joseph Beuys. Car comme l'avait anticip\u00e9 Alo\u00efs Riegl, le sort de l'art dans les soci\u00e9t\u00e9s modernes ne se s\u00e9pare de la gestion du souvenir et de ses objets, lieu commun o\u00f9 se forge une nouvelle exp\u00e9rience d\u00e9mocratique. \r\nJean-Philippe Antoine, philosophe et artiste, enseigne l'esth\u00e9tique \u00e0 Lyon III.\r","authors":["Antoine J-P."],"category_codes":["9000000","9080000"],"visuals":{"large":"https:\/\/images.epagine.fr\/178\/9782220051178_1_75.jpg","medium":"https:\/\/images.epagine.fr\/178\/9782220051178_1_m.jpg","thumbnail":"https:\/\/images.epagine.fr\/178\/9782220051178_1_v.jpg"},"orderable":true,"show_badge":true,"formatted_price":"21,90&nbsp;\u20ac","formatted_published_date":"22 avril 2002","publisher_availability_label":"Sur commande","short_details":"Antoine J-P. \u2014 Descl\u00e9e de Brouwer","translator":null,"weight":305,"page_count":301,"readership":null,"editor":"Descl\u00e9e de Brouwer","price":2190,"published_date":"2002-04-21T22:00:00.000000Z","support":"Grand format","publisher_availability":1,"stock":0,"editions":[],"url":"https:\/\/quaidesbrumes.com\/ouvrage\/9782220051178\/six-rhapsodies-froides-sur-le-lieu-limage-et-le-souvenir"},{"id":"9782747524582","title":"Condillac la statue et l'enfant ; philosophie et pedagogie au siecle des lumieres","description":"Par l'entremise d'une statue anim\u00e9e, Condillac d\u00e9crit dans le Trait\u00e9 des Sensations l'\u00e9veil de la conscience. Tel un nouveau-n\u00e9, la statue s'ouvre sur le monde. Rien n'est inscrit dans son \u00e2me, elle a tout \u00e0 apprendre, et sa complexit\u00e9 mentale se forge \u00e0 partir de ses premi\u00e8res impressions. L'auteur propose une relecture du Trait\u00e9 des Sensations qui met \u00e0 jour comment Condillac, en red\u00e9finissant le rapport entre le sensible et l'intelligible, parvient \u00e0 \u00e9laborer une nouvelle conception de l'homme, de l'enfant et de l'instruction.\r","authors":["Christine Quarfood","Yvette Johansson"],"category_codes":["9000000","9080000","9080200","9080204"],"visuals":{"large":"https:\/\/images.epagine.fr\/582\/9782747524582_1_75.jpg","medium":"https:\/\/images.epagine.fr\/582\/9782747524582_1_m.jpg","thumbnail":"https:\/\/images.epagine.fr\/582\/9782747524582_1_v.jpg"},"orderable":true,"show_badge":true,"formatted_price":"31,50&nbsp;\u20ac","formatted_published_date":"1er janvier 2002","publisher_availability_label":"Sur commande","short_details":"Christine Quarfood, Yvette Johansson \u2014 \u00c9ditions L'Harmattan","translator":"YVETTE JOHANSSON","weight":601,"page_count":382,"readership":null,"editor":"\u00c9ditions L'Harmattan","price":3150,"published_date":"2001-12-31T23:00:00.000000Z","support":"Grand format","publisher_availability":1,"stock":0,"editions":[],"url":"https:\/\/quaidesbrumes.com\/ouvrage\/9782747524582\/condillac-la-statue-et-lenfant-philosophie-et-pedagogie-au-siecle-des-lumieres"},{"id":"9782747521802","title":"L'APPEL DANS LA PENS\u00c9E DE JEAN-LOUIS CHR\u00c9TIEN, CONTEXTE ET INTRODUCTION","description":"Au coeur de notre quotidien, quand nous parlons et agissons, nous ne faisons jamais que r\u00e9pondre \u00e0 des appels qui nous sont lanc\u00e9s de toutes parts, par le monde et par les hommes. Il revient \u00e0 la philosophie de scruter les modes sous lesquels cet appel est donn\u00e9 \u00e0 l'homme. On trouvera dans ces pages un parcours qui entend poser le probl\u00e8me de l'appel dans la pens\u00e9e contemporaine, \u00e0 partir du r\u00e9cent d\u00e9bat \u00e0 propos des relations entre ph\u00e9nom\u00e9nologie, th\u00e9ologie et m\u00e9taphysique. Cet ouvrage propose un aper\u00e7u introductif des r\u00e9flexions de Jean-Louis Chr\u00e9tien \u00e0 propos de cette notion.","authors":["Beno\u00eet Thirion"],"category_codes":["9000000","9080000"],"visuals":{"large":"https:\/\/images.epagine.fr\/802\/9782747521802_1_75.jpg","medium":"https:\/\/images.epagine.fr\/802\/9782747521802_1_m.jpg","thumbnail":"https:\/\/images.epagine.fr\/802\/9782747521802_1_v.jpg"},"orderable":true,"show_badge":true,"formatted_price":"21,50&nbsp;\u20ac","formatted_published_date":"1er janvier 2002","publisher_availability_label":"Sur commande","short_details":"Beno\u00eet Thirion \u2014 \u00c9ditions L'Harmattan","translator":null,"weight":310,"page_count":238,"readership":null,"editor":"\u00c9ditions L'Harmattan","price":2150,"published_date":"2001-12-31T23:00:00.000000Z","support":"Grand format","publisher_availability":1,"stock":0,"editions":[],"url":"https:\/\/quaidesbrumes.com\/ouvrage\/9782747521802\/lappel-dans-la-pensee-de-jean-louis-chretien-contexte-et-introduction"},{"id":"9782747522908","title":"Concept de societe civile et idee du socialisme","description":"Dans quelle mesure une red\u00e9finition de la soci\u00e9t\u00e9 civile pourrait-elle, aujourd'hui, contribuer \u00e0 une reformulation du projet socialiste ? Pour r\u00e9pondre \u00e0 cette question, l'auteur r\u00e9fl\u00e9chit sur la diff\u00e9rence de statut des notions de \" soci\u00e9t\u00e9 civile \" et de \" socialisme \" d'un point de vue \u00e0 la fois historique et \u00e9pist\u00e9mologique. Il juge r\u00e9ductrice la conception, remontant \u00e0 Marx, de la soci\u00e9t\u00e9 civile comme soci\u00e9t\u00e9 bourgeoise, ou comme pure fonction \u00e9conomique des march\u00e9s capitalistes, lui pr\u00e9f\u00e9rant une autre conception de la soci\u00e9t\u00e9 civile comme condition d'\u00e9mergence de la citoyennet\u00e9 \u00e0 partir de la revendication d'autonomie des individualit\u00e9s priv\u00e9es.\r","authors":["Nasser Etemadi"],"category_codes":["9000000","9080000"],"visuals":{"large":"https:\/\/images.epagine.fr\/908\/9782747522908_1_75.jpg","medium":"https:\/\/images.epagine.fr\/908\/9782747522908_1_m.jpg","thumbnail":"https:\/\/images.epagine.fr\/908\/9782747522908_1_v.jpg"},"orderable":true,"show_badge":true,"formatted_price":"26,50&nbsp;\u20ac","formatted_published_date":"1er janvier 2002","publisher_availability_label":"Sur commande","short_details":"Nasser Etemadi \u2014 \u00c9ditions L'Harmattan","translator":null,"weight":384,"page_count":302,"readership":null,"editor":"\u00c9ditions L'Harmattan","price":2650,"published_date":"2001-12-31T23:00:00.000000Z","support":"Grand format","publisher_availability":1,"stock":0,"editions":[],"url":"https:\/\/quaidesbrumes.com\/ouvrage\/9782747522908\/concept-de-societe-civile-et-idee-du-socialisme"},{"id":"9782747523448","title":"Les \u00e9crivains et l'alcool","description":"Comment les roses de la litt\u00e9rature peuvent-elles na\u00eetre sur le fumier de l'alcoolisme ? Tel semble \u00eatre le paradoxe d'une activit\u00e9 qu'on peut seulement poursuivre dans la d\u00e9faillance et la naus\u00e9e, d'une richesse qui ne peut \u00eatre recueillie que dans la mis\u00e8re d'un corps qui se tra\u00eene et d'un esprit en proie \u00e0 l'id\u00e9e fixe. C'est pour tenter de comprendre que sont ici relus attentivement un certain nombre de textes d'\u00e9crivains alcooliques contemporains et ceux d'autres qui, sans avoir vou\u00e9 \u00e0 Bacchus un culte v\u00e9ritablement exemplaire, ne se r\u00e9v\u00e8lent pas moins pr\u00e9occup\u00e9s par la question. Citons p\u00eale-m\u00eale Marguerite Duras, Henri-Fran\u00e7ois Rey, Jean-Luc Melsen, Jean-Fran\u00e7ois Josselin, Michel Leiris, Michel D\u00e9on, Romain Gary, Joseph Kessel, Jack London, Ernest Hemingway, Bukowski, Antoine Blondin.","authors":["Michel Covin"],"category_codes":["9000000","9070000","9070200"],"visuals":{"large":"https:\/\/images.epagine.fr\/448\/9782747523448_1_75.jpg","medium":"https:\/\/images.epagine.fr\/448\/9782747523448_1_m.jpg","thumbnail":"https:\/\/images.epagine.fr\/448\/9782747523448_1_v.jpg"},"orderable":true,"show_badge":true,"formatted_price":"42,50&nbsp;\u20ac","formatted_published_date":"1er janvier 2002","publisher_availability_label":"Sur commande","short_details":"Michel Covin \u2014 \u00c9ditions L'Harmattan","translator":null,"weight":648,"page_count":492,"readership":null,"editor":"\u00c9ditions L'Harmattan","price":4250,"published_date":"2001-12-31T23:00:00.000000Z","support":"Grand format","publisher_availability":1,"stock":0,"editions":[],"url":"https:\/\/quaidesbrumes.com\/ouvrage\/9782747523448\/les-ecrivains-et-lalcool"},{"id":"9782747521956","title":"FANTASME DE LA COMMUNAUT\u00c9 ABSOLUE : Lien et d\u00e9liaison","description":"Un fantasme hante la communaut\u00e9 occidentale, celui d'une communaut\u00e9 absolue dont la politique aurait pour charge d'assurer l'unification totale. Ce lien communautaire refusant toute s\u00e9paration, n'est donc rien d'autre qu'une absence de lien ; et la politique en tant qu'instance de m\u00e9diation souveraine, serait appel\u00e9e \u00e0 dispara\u00eetre dans un lien qu'elle aurait pourtant constitu\u00e9. Il s'agit donc ici de penser le lien communautaire comme lien fissionnel, capable d'int\u00e9grer la part de l'Autre au coeur de l'Un , de penser la politique non comme mode de production de l'Un communautaire, mais comme interruption de ce fantasme.","authors":["Fr\u00e9d\u00e9ric Neyrat"],"category_codes":["9000000","9080000"],"visuals":{"large":"https:\/\/images.epagine.fr\/956\/9782747521956_1_75.jpg","medium":"https:\/\/images.epagine.fr\/956\/9782747521956_1_m.jpg","thumbnail":"https:\/\/images.epagine.fr\/956\/9782747521956_1_v.jpg"},"orderable":true,"show_badge":true,"formatted_price":"38,00&nbsp;\u20ac","formatted_published_date":"1er janvier 2002","publisher_availability_label":"Sur commande","short_details":"Fr\u00e9d\u00e9ric Neyrat \u2014 \u00c9ditions L'Harmattan","translator":null,"weight":540,"page_count":432,"readership":null,"editor":"\u00c9ditions L'Harmattan","price":3800,"published_date":"2001-12-31T23:00:00.000000Z","support":"Grand format","publisher_availability":1,"stock":0,"editions":[],"url":"https:\/\/quaidesbrumes.com\/ouvrage\/9782747521956\/fantasme-de-la-communaute-absolue-lien-et-deliaison"},{"id":"9782747520331","title":"LE PEUPLE-ARTISTE, CET \u00caTRE MONSTRUEUX : La communaut\u00e9 des pairs face \u00e0 la communaut\u00e9 des g\u00e9nies","description":"L'auteur s'attache \u00e0 construire et \u00e0 penser la notion d'artiste en conciliant l'homme ordinaire et le g\u00e9nie -que la modernit\u00e9 avait rendus contradictoires- . L'individu exceptionnel propos\u00e9 par l'histoire de l'art contredit les populations d'artistes dont les documents d'archives gardent le t\u00e9moignage. Le retour aux sources de la modernit\u00e9 r\u00e9tablit le lien l\u00e9gitime entre la \" population \" et l'\" exception \", et ce par le croisement des deux termes. L'artiste se r\u00e9v\u00e8le alors comme une m\u00e9taphore, un signifiant (le g\u00e9nie), renvoyant \u00e0 un autre signifiant (le peuple) dont il faut exprimer la soudure.\r","authors":["Maria Ivens"],"category_codes":["6000000","6010000"],"visuals":{"large":"https:\/\/images.epagine.fr\/331\/9782747520331_1_75.jpg","medium":"https:\/\/images.epagine.fr\/331\/9782747520331_1_m.jpg","thumbnail":"https:\/\/images.epagine.fr\/331\/9782747520331_1_v.jpg"},"orderable":true,"show_badge":true,"formatted_price":"26,50&nbsp;\u20ac","formatted_published_date":"1er janvier 2002","publisher_availability_label":"Sur commande","short_details":"Maria Ivens \u2014 \u00c9ditions L'Harmattan","translator":null,"weight":404,"page_count":304,"readership":null,"editor":"\u00c9ditions L'Harmattan","price":2650,"published_date":"2001-12-31T23:00:00.000000Z","support":"Grand format","publisher_availability":1,"stock":0,"editions":[],"url":"https:\/\/quaidesbrumes.com\/ouvrage\/9782747520331\/le-peuple-artiste-cet-etre-monstrueux-la-communaute-des-pairs-face-a-la-communaute-des-genies"},{"id":"9782013650953","title":"Oeuvres de saint-simon & d'enfantin. volume 9","description":"Oeuvres de Saint-Simon & d'Enfantin. Volume 9 \/ pr\u00e9c\u00e9d\u00e9es de deux notices historiques et publi\u00e9es par les membres du Conseil institu\u00e9 par Enfantin pour l'ex\u00e9cution de ses derni\u00e8res volont\u00e9s. [Arl\u00e8s-Dufour ; Arthur Enfantin ; C\u00e9sar Lhabitant ; Laurent (de l'Ard\u00e8che) ; Henri Fournel ; Adolphe Gu\u00e9roult.] http:\/\/gallica.bnf.fr\/ark:\/12148\/bpt6k54149989\r","authors":["Saint-Simon\/Enfantin"],"category_codes":["9000000","9080000"],"visuals":{"large":"https:\/\/images.epagine.fr\/953\/9782013650953_1_75.jpg","medium":"https:\/\/images.epagine.fr\/953\/9782013650953_1_m.jpg","thumbnail":"https:\/\/images.epagine.fr\/953\/9782013650953_1_v.jpg"},"orderable":true,"show_badge":true,"formatted_price":"20,50&nbsp;\u20ac","formatted_published_date":"1er septembre 2013","publisher_availability_label":"Sur commande","short_details":"Saint-Simon\/Enfantin \u2014 Hachette BNF","translator":null,"weight":359,"page_count":null,"readership":null,"editor":"Hachette BNF","price":2050,"published_date":"2013-08-31T22:00:00.000000Z","support":"Grand format","publisher_availability":1,"stock":0,"editions":[],"url":"https:\/\/quaidesbrumes.com\/ouvrage\/9782013650953\/oeuvres-de-saint-simon-denfantin-volume-9"}]}