{"data":[{"id":"9782747501156","title":"FICHTE DE L'ACTION \u00c0 L'IMAGE","description":"oeuvre d'un grand connaisseur de l'Id\u00e9alisme Allemand, ce livre pr\u00e9sente les moments essentiels du d\u00e9veloppement de la pens\u00e9e ficht\u00e9enne. Apr\u00e8s l'expos\u00e9 des cat\u00e9gories fondamentales de cette philosophie, cinq \u00e9tudes sont consacr\u00e9es \u00e0 cinq versions majeures de \r\nla \" Doctrine de la Science \". Elles sont concentr\u00e9es sur le d\u00e9chiffrement de ses th\u00e8ses m\u00e9taphysiques et \u00e9pist\u00e9mologiques. Ce livre jette une nouvelle lumi\u00e8re sur le r\u00f4le et la place de Fichte dans l'histoire de la philosophie postkantienne.","authors":["Mikios Miklos"],"category_codes":["9000000","9080000"],"visuals":{"large":"https:\/\/images.epagine.fr\/156\/9782747501156_1_75.jpg","medium":"https:\/\/images.epagine.fr\/156\/9782747501156_1_m.jpg","thumbnail":"https:\/\/images.epagine.fr\/156\/9782747501156_1_v.jpg"},"orderable":true,"show_badge":true,"formatted_price":"24,00&nbsp;\u20ac","formatted_published_date":"1er novembre 2003","publisher_availability_label":"Sur commande","short_details":"Mikios Miklos \u2014 \u00c9ditions L'Harmattan","translator":null,"weight":310,"page_count":256,"readership":null,"editor":"\u00c9ditions L'Harmattan","price":2400,"published_date":"2003-10-31T23:00:00.000000Z","support":"Grand format","publisher_availability":1,"stock":0,"editions":[],"url":"https:\/\/quaidesbrumes.com\/ouvrage\/9782747501156\/fichte-de-laction-a-limage"},{"id":"9782747500449","title":"LE TEMPS ET LA DUR\u00c9E","description":"Si nous vivons dans le temps de l'univers et du monde physique, nous poss\u00e9dons aussi un sens interne du temps, la dur\u00e9e v\u00e9cue. Qu'en est-il de celle-ci ? Est-elle, comme le disait Bergson, une donn\u00e9e imm\u00e9diate de la conscience ? Est-elle au contraire une construction de notre cerveau et m\u00eame de notre organisme individuel ? Sur ces questions, la psychanalyse, la psychologie scientifique et la biologie et plus encore aujourd'hui la neurobiologie nous apportent des \u00e9claircissements","authors":["Jean Walch"],"category_codes":["9000000","9080000"],"visuals":{"large":"https:\/\/images.epagine.fr\/449\/9782747500449_1_75.jpg","medium":"https:\/\/images.epagine.fr\/449\/9782747500449_1_m.jpg","thumbnail":"https:\/\/images.epagine.fr\/449\/9782747500449_1_v.jpg"},"orderable":true,"show_badge":true,"formatted_price":"24,00&nbsp;\u20ac","formatted_published_date":"1er novembre 2003","publisher_availability_label":"Sur commande","short_details":"Jean Walch \u2014 \u00c9ditions L'Harmattan","translator":null,"weight":338,"page_count":272,"readership":null,"editor":"\u00c9ditions L'Harmattan","price":2400,"published_date":"2003-10-31T23:00:00.000000Z","support":"Grand format","publisher_availability":1,"stock":0,"editions":[],"url":"https:\/\/quaidesbrumes.com\/ouvrage\/9782747500449\/le-temps-et-la-duree"},{"id":"9782738496331","title":"Comment l'esprit vint a l'homme ou l'aventure de la liberte","description":"Comment un animal, dont la structure neurologique est beaucoup plus complexe que celle des autres esp\u00e8ces, est-il devenu un homme ? Une r\u00e9ponse - hypoth\u00e9tique- est possible : l'interdit de l'inceste, qui ne rel\u00e8ve pas de la biologie, serait \u00e0 l'origine de l'humanisation. L'homme et la femme ont pu d\u00e9velopper ensemble conscience, langage et raison. Ils ont cr\u00e9\u00e9 le temps proprement humain, celui des g\u00e9n\u00e9rations et celui de l'histoire.","authors":["Janine Chanteur"],"category_codes":["9000000","9080000"],"visuals":{"large":"https:\/\/images.epagine.fr\/331\/9782738496331_1_75.jpg","medium":"https:\/\/images.epagine.fr\/331\/9782738496331_1_m.jpg","thumbnail":"https:\/\/images.epagine.fr\/331\/9782738496331_1_v.jpg"},"orderable":true,"show_badge":true,"formatted_price":"22,50&nbsp;\u20ac","formatted_published_date":"15 janvier 2001","publisher_availability_label":"Sur commande","short_details":"Janine Chanteur \u2014 \u00c9ditions L'Harmattan","translator":null,"weight":294,"page_count":null,"readership":null,"editor":"\u00c9ditions L'Harmattan","price":2250,"published_date":"2001-01-14T23:00:00.000000Z","support":"Grand format","publisher_availability":1,"stock":0,"editions":[],"url":"https:\/\/quaidesbrumes.com\/ouvrage\/9782738496331\/comment-lesprit-vint-a-lhomme-ou-laventure-de-la-liberte"},{"id":"9782872096213","title":"Heidegger et l'afrique reception et paradoxe d'un dialogue monologique","description":null,"authors":["Osongo Lukadi Antoin"],"category_codes":["9000000","9080000"],"visuals":{"large":"https:\/\/quaidesbrumes.com\/img\/book-placeholder.png","medium":"https:\/\/quaidesbrumes.com\/img\/book-placeholder.png","thumbnail":"https:\/\/quaidesbrumes.com\/img\/book-placeholder.png"},"orderable":true,"show_badge":true,"formatted_price":"19,50&nbsp;\u20ac","formatted_published_date":"7 juin 2006","publisher_availability_label":"Sur commande","short_details":"Osongo Lukadi Antoin \u2014 ACADEMIA","translator":null,"weight":265,"page_count":null,"readership":null,"editor":"ACADEMIA","price":1950,"published_date":"2006-06-06T22:00:00.000000Z","support":"Grand format","publisher_availability":1,"stock":0,"editions":[],"url":"https:\/\/quaidesbrumes.com\/ouvrage\/9782872096213\/heidegger-et-lafrique-reception-et-paradoxe-dun-dialogue-monologique"},{"id":"9782738499271","title":"La philosophie pratique \u00e0 l'\u00e9poque de l'ontologie fondamentale ; le dialogue de Heidegger avec k","description":"Cette recherche tente de possibiliser et de l\u00e9gitimer la pr\u00e9sence d'une philosophie pratique \u00e0 partir de la lecture critique par Heidegger de la philosophie th\u00e9orique et pratique kantienne. L'objet de cette d\u00e9marche consiste non seulement \u00e0 radicaliser la vis\u00e9e ontologique fondamentale de Heidegger mais \u00e9galement \u00e0 consolider celle-ci \u00e0 partir des concepts pratiques de souche aristot\u00e9licienne, kantienne et ficht\u00e9enne ; concepts sans lesquels il n'aurait pas \u00e9t\u00e9 possible \u00e0 Heidegger d'\u00e9laborer son ontologie fondamentale.","authors":["Antoine-Dover Osongo-Lukadi"],"category_codes":["9000000","9080000","9080200","9080204"],"visuals":{"large":"https:\/\/images.epagine.fr\/271\/9782738499271_1_75.jpg","medium":"https:\/\/images.epagine.fr\/271\/9782738499271_1_m.jpg","thumbnail":"https:\/\/images.epagine.fr\/271\/9782738499271_1_v.jpg"},"orderable":true,"show_badge":true,"formatted_price":"27,50&nbsp;\u20ac","formatted_published_date":"1er f\u00e9vrier 2001","publisher_availability_label":"Sur commande","short_details":"Antoine-Dover Osongo-Lukadi \u2014 \u00c9ditions L'Harmattan","translator":null,"weight":362,"page_count":305,"readership":null,"editor":"\u00c9ditions L'Harmattan","price":2750,"published_date":"2001-01-31T23:00:00.000000Z","support":"Grand format","publisher_availability":1,"stock":0,"editions":[],"url":"https:\/\/quaidesbrumes.com\/ouvrage\/9782738499271\/la-philosophie-pratique-a-lepoque-de-lontologie-fondamentale-le-dialogue-de-heidegger-avec-k"},{"id":"9782747506748","title":"HEIDEGGER ET LA TERRE : L'assise et le s\u00e9jour","description":"En se donnant pour t\u00e2che de penser la terre, Heidegger en r\u00e9v\u00e9lera essentiellement sa dimension de retrait, sa secr\u00e8te r\u00e9serve, sa profondeur abyssale. Pour la premi\u00e8re fois, la terre acc\u00e8de au statut d'une v\u00e9ritable dimension ontologique. En remontant vers une pens\u00e9e plus originelle, Heidegger d\u00e9livre la terre des repr\u00e9sentations dominantes qui en occultaient l'essence profonde, et la situe dans une perspective plus haute et plus vaste : celle qu'ouvre la question fondamentale de l'\u00eatre.","authors":["Alain Vuillot"],"category_codes":["9000000","9080000"],"visuals":{"large":"https:\/\/images.epagine.fr\/748\/9782747506748_1_75.jpg","medium":"https:\/\/images.epagine.fr\/748\/9782747506748_1_m.jpg","thumbnail":"https:\/\/images.epagine.fr\/748\/9782747506748_1_v.jpg"},"orderable":true,"show_badge":true,"formatted_price":"21,00&nbsp;\u20ac","formatted_published_date":"1er novembre 2003","publisher_availability_label":"Sur commande","short_details":"Alain Vuillot \u2014 \u00c9ditions L'Harmattan","translator":null,"weight":286,"page_count":204,"readership":null,"editor":"\u00c9ditions L'Harmattan","price":2100,"published_date":"2003-10-31T23:00:00.000000Z","support":"Grand format","publisher_availability":1,"stock":0,"editions":[],"url":"https:\/\/quaidesbrumes.com\/ouvrage\/9782747506748\/heidegger-et-la-terre-lassise-et-le-sejour"},{"id":"9782845340220","title":"Traces ; revers ; \u00e9cart","description":"\" \u00c0 travers l'emprunt des phrases d'autrui, Debore s'est fabriqu\u00e9 des masques, moins par dandysme que dans le but d'agrandir sa personnalit\u00e9 \u00e0 un type.\r\nIl en devenait exemplaire. Int\u00e9grant dans son existence des mod\u00e8les rencontr\u00e9s dans l'Histoire, il a utilis\u00e9 ces derniers pour enrichir sa vie et lui imposer une direction. Les figures de Villon, de Lacenaire ou de Cravan lui ont servi de surmoi litt\u00e9raire. S'il a refus\u00e9 de partager les valeurs de ses contemporains, qu'il tenait pour des illusions, il a \u00e9t\u00e9 \u00e0 l'\u00e9coute de ceux qui, avant lui, ne se sont pas satisfaits de l'existence, telle que la leur proposait la soci\u00e9t\u00e9 de leur temps.\r\nC'est la raison pour laquelle il a repris leurs propos, montrant par l\u00e0 qu'on choisit ses anc\u00eatres de la m\u00eame fa\u00e7on qu'on choisit son mode de vie. \" Debore va-t-il r\u00e9ussir \u00e0 proroger le grand oeuvre de Debord ? Vous le saurez en lisant cet ouvrage (au titre en palindrome) aux 221 paragraphes - \u00e0 l'instar de La Soci\u00e9t\u00e9 du spectacle, elle-m\u00eame \u00e0 l'instar des Ricordi de Guichardin... De secret livr\u00e9 \u00e0 secret cr\u00e9\u00e9, au moins le jeu reste, et le clou est boucl\u00e9.","authors":["Guy Debore"],"category_codes":["9000000","9080000","9080200","9080204"],"visuals":{"large":"https:\/\/images.epagine.fr\/220\/9782845340220_1_75.jpg","medium":"https:\/\/images.epagine.fr\/220\/9782845340220_1_m.jpg","thumbnail":"https:\/\/images.epagine.fr\/220\/9782845340220_1_v.jpg"},"orderable":true,"show_badge":true,"formatted_price":"9,25&nbsp;\u20ac","formatted_published_date":"28 ao\u00fbt 2001","publisher_availability_label":"Sur commande","short_details":"Guy Debore \u2014 SENS ET TONKA","translator":null,"weight":88,"page_count":214,"readership":null,"editor":"SENS ET TONKA","price":925,"published_date":"2001-08-27T22:00:00.000000Z","support":"Grand format","publisher_availability":1,"stock":0,"editions":[],"url":"https:\/\/quaidesbrumes.com\/ouvrage\/9782845340220\/traces-revers-ecart"},{"id":"9782747508421","title":"Pour un avenir de l'enseignement de la philosophie ; r\u00e9flexion sur l'enseignement de la philosophie","description":"Nous avons voulu rendre public le combat men\u00e9 par des professeurs de philosophie pour leur discipline, pour son enseignement, pour les \u00e9l\u00e8ves \u00e0 venir. Ces textes se veulent un espace de r\u00e9flexion pour un avenir de l'enseignement de la philosophie.","authors":["Collectif"],"category_codes":["9000000","9080000","9080200","9080204"],"visuals":{"large":"https:\/\/images.epagine.fr\/421\/9782747508421_1_75.jpg","medium":"https:\/\/images.epagine.fr\/421\/9782747508421_1_m.jpg","thumbnail":"https:\/\/images.epagine.fr\/421\/9782747508421_1_v.jpg"},"orderable":true,"show_badge":true,"formatted_price":"15,50&nbsp;\u20ac","formatted_published_date":"1er novembre 2003","publisher_availability_label":"Sur commande","short_details":"Collectif \u2014 \u00c9ditions L'Harmattan","translator":null,"weight":228,"page_count":166,"readership":null,"editor":"\u00c9ditions L'Harmattan","price":1550,"published_date":"2003-10-31T23:00:00.000000Z","support":"Grand format","publisher_availability":1,"stock":0,"editions":[],"url":"https:\/\/quaidesbrumes.com\/ouvrage\/9782747508421\/pour-un-avenir-de-lenseignement-de-la-philosophie-reflexion-sur-lenseignement-de-la-philosophie"},{"id":"9782747503211","title":"Le cercle du sujet dans la philosophie de paul ricoeur","description":"Qu'est-ce que la circularit\u00e9 de la pens\u00e9e philosophique ? Cet ouvrage explore une voie in\u00e9dite qui peut s'\u00e9noncer de la fa\u00e7on suivante : dans ses efforts pour poser des probl\u00e8mes et pour parvenir \u00e0 les \u00e9lucider, la pens\u00e9e philosophique se fonde sur une compr\u00e9hension pr\u00e9alable de ce qu'elle tente d'appr\u00e9hender. Ce th\u00e8me est d\u00e9velopp\u00e9 dans deux perspectives diff\u00e9rentes. Tout d'abord par une \u00e9tude approfondie de l'articulation g\u00e9n\u00e9rale du discours philosophique de Paul Ricoeur, ensuite dans une r\u00e9flexion sur la probl\u00e9matique g\u00e9n\u00e9rale d'une philosophie de l'interpr\u00e9tation.","authors":["Skulason Pall"],"category_codes":["9000000","9080000"],"visuals":{"large":"https:\/\/images.epagine.fr\/211\/9782747503211_1_75.jpg","medium":"https:\/\/images.epagine.fr\/211\/9782747503211_1_m.jpg","thumbnail":"https:\/\/images.epagine.fr\/211\/9782747503211_1_v.jpg"},"orderable":true,"show_badge":true,"formatted_price":"31,50&nbsp;\u20ac","formatted_published_date":"1er novembre 2003","publisher_availability_label":"Sur commande","short_details":"Skulason Pall \u2014 \u00c9ditions L'Harmattan","translator":null,"weight":490,"page_count":360,"readership":null,"editor":"\u00c9ditions L'Harmattan","price":3150,"published_date":"2003-10-31T23:00:00.000000Z","support":"Grand format","publisher_availability":1,"stock":0,"editions":[],"url":"https:\/\/quaidesbrumes.com\/ouvrage\/9782747503211\/le-cercle-du-sujet-dans-la-philosophie-de-paul-ricoeur"},{"id":"9782747589093","title":"Foucault - dans tous ses eclats","description":"Ce livre, publi\u00e9 vingt ans apr\u00e8s la disparition de Michel Foucault, rassemble quatre essais formant un prisme: y sont \u00e9tudi\u00e9es la critique de l'humanisme par l'auteur des Mots et les choses, la relation disput\u00e9e de sa pens\u00e9e \u00e0 celle de Heidegger, sa th\u00e9orie du \"dire vrai\" et, enfin, l'attention toute politique port\u00e9e par le philosophe au motif de la pl\u00e8be. Par des biais diff\u00e9rents sont abord\u00e9s des enjeux qui mettent en lumi\u00e8re l'actualit\u00e9 plus que persistante, intensifi\u00e9e, du travail de Foucault.","authors":["Brossat\/Carnevale"],"category_codes":["9000000","9080000"],"visuals":{"large":"https:\/\/images.epagine.fr\/093\/9782747589093_1_75.jpg","medium":"https:\/\/images.epagine.fr\/093\/9782747589093_1_m.jpg","thumbnail":"https:\/\/images.epagine.fr\/093\/9782747589093_1_v.jpg"},"orderable":true,"show_badge":true,"formatted_price":"22,50&nbsp;\u20ac","formatted_published_date":"1er octobre 2005","publisher_availability_label":"Sur commande","short_details":"Brossat\/Carnevale \u2014 \u00c9ditions L'Harmattan","translator":null,"weight":310,"page_count":null,"readership":null,"editor":"\u00c9ditions L'Harmattan","price":2250,"published_date":"2005-09-30T22:00:00.000000Z","support":"Grand format","publisher_availability":1,"stock":0,"editions":[],"url":"https:\/\/quaidesbrumes.com\/ouvrage\/9782747589093\/foucault-dans-tous-ses-eclats"},{"id":"9782747505277","title":"L'existentialisme - litterature et philosophie","description":"Cet ouvrage expose les sources \u00e0 partir desquelles l'existentialisme a jailli au milieu du vingti\u00e8me si\u00e8cle dans la culture occidentale, et notamment fran\u00e7aise. Il \u00e9tudie les oeuvres d'auteurs comme Sartre et Camus, autant attir\u00e9s par la philosophie, la litt\u00e9rature que la politique. D'autres auteurs ouvrent \u00e0 un monde spirituel certainement plus profond et plus riche d'avenir. L'\u00e9trange cohabitation entre litt\u00e9rature et philosophie qui a marqu\u00e9 l'\u00e9poque inventa de nouveaux rapports entre les domaines intellectuels dont nous sommes, en ce d\u00e9but de si\u00e8cle, les h\u00e9ritiers et les destinataires privil\u00e9gi\u00e9s.","authors":["Gilles Vannier"],"category_codes":["9000000","9080000"],"visuals":{"large":"https:\/\/images.epagine.fr\/277\/9782747505277_1_75.jpg","medium":"https:\/\/images.epagine.fr\/277\/9782747505277_1_m.jpg","thumbnail":"https:\/\/images.epagine.fr\/277\/9782747505277_1_v.jpg"},"orderable":true,"show_badge":true,"formatted_price":"15,50&nbsp;\u20ac","formatted_published_date":"1er novembre 2003","publisher_availability_label":"Sur commande","short_details":"Gilles Vannier \u2014 \u00c9ditions L'Harmattan","translator":null,"weight":250,"page_count":184,"readership":null,"editor":"\u00c9ditions L'Harmattan","price":1550,"published_date":"2003-10-31T23:00:00.000000Z","support":"Grand format","publisher_availability":1,"stock":0,"editions":[],"url":"https:\/\/quaidesbrumes.com\/ouvrage\/9782747505277\/lexistentialisme-litterature-et-philosophie"},{"id":"9782013384025","title":"L'ideal esthetique : esquisse d'une philosophie de la beaute","description":"L'id\u00e9al esth\u00e9tique : esquisse d'une philosophie de la beaut\u00e9 \/ par Fr. Roussel-Despierres http:\/\/gallica.bnf.fr\/ark:\/12148\/bpt6k55410708","authors":["Roussel-Despierres"],"category_codes":["9000000","9080000"],"visuals":{"large":"https:\/\/images.epagine.fr\/025\/9782013384025_1_75.jpg","medium":"https:\/\/images.epagine.fr\/025\/9782013384025_1_m.jpg","thumbnail":"https:\/\/images.epagine.fr\/025\/9782013384025_1_v.jpg"},"orderable":true,"show_badge":true,"formatted_price":"20,00&nbsp;\u20ac","formatted_published_date":"1er septembre 2013","publisher_availability_label":"Sur commande","short_details":"Roussel-Despierres \u2014 Hachette BNF","translator":null,"weight":322,"page_count":null,"readership":null,"editor":"Hachette BNF","price":2000,"published_date":"2013-08-31T22:00:00.000000Z","support":"Grand format","publisher_availability":1,"stock":0,"editions":[],"url":"https:\/\/quaidesbrumes.com\/ouvrage\/9782013384025\/lideal-esthetique-esquisse-dune-philosophie-de-la-beaute"},{"id":"9782747505970","title":"PHILOSOPHIE ET EXISTENCE","description":"La philosophie a-t-elle en sens pour l'existence ? Cet ouvrage \u00e9labore d'abord une gen\u00e8se de la perte du sens de la philosophie pour l'existence puis r\u00e9habilite ce sens, comme r\u00e9conciliation de l'individualit\u00e9 et de l'universalit\u00e9. En s'affrontant \u00e0 cette question, l'auteur esquisse un nouveau d\u00e9part pour la r\u00e9flexion philosophique par-del\u00e0 le pr\u00e9jug\u00e9 de la \" fin de la philosophie \".","authors":["Mahamad\u00e9 Savadogo"],"category_codes":["9000000","9080000"],"visuals":{"large":"https:\/\/images.epagine.fr\/970\/9782747505970_1_75.jpg","medium":"https:\/\/images.epagine.fr\/970\/9782747505970_1_m.jpg","thumbnail":"https:\/\/images.epagine.fr\/970\/9782747505970_1_v.jpg"},"orderable":true,"show_badge":true,"formatted_price":"28,50&nbsp;\u20ac","formatted_published_date":"1er novembre 2003","publisher_availability_label":"Sur commande","short_details":"Mahamad\u00e9 Savadogo \u2014 \u00c9ditions L'Harmattan","translator":null,"weight":350,"page_count":262,"readership":null,"editor":"\u00c9ditions L'Harmattan","price":2850,"published_date":"2003-10-31T23:00:00.000000Z","support":"Grand format","publisher_availability":1,"stock":0,"editions":[],"url":"https:\/\/quaidesbrumes.com\/ouvrage\/9782747505970\/philosophie-et-existence"},{"id":"9782747549981","title":"Radicalit\u00e9 et passibilit\u00e9 : Pour une ph\u00e9nom\u00e9nologie pratique","description":"La radicalit\u00e9 philosophique d'une ph\u00e9nom\u00e9nologie absolue ob\u00e9it au seul imp\u00e9ratif de l'accomplissement int\u00e9rieur de la Vie. A cette certitude affective ou imm\u00e9diate correspond la passibilit\u00e9 originaire de nos pouvoirs charnels tels que le besoin, la pulsion, le mouvement sensible et la cr\u00e9ation culturelle. Par cette voie, ce livre esquisse une ph\u00e9nom\u00e8nologie pratique garantissant seule l'unit\u00e9 d'une telle radicalit\u00e9 et passibilit\u00e9 au niveau de l'analyse ph\u00e9nom\u00e9nologique et de la compr\u00e9hension de notre \u00eatre. L'analyse repose sur ces deux notions cl\u00e9s que sont la radicalit\u00e9 et la passibilit\u00e9.","authors":["Rolf K\u00fchn"],"category_codes":["9000000","9080000"],"visuals":{"large":"https:\/\/images.epagine.fr\/981\/9782747549981_1_75.jpg","medium":"https:\/\/images.epagine.fr\/981\/9782747549981_1_m.jpg","thumbnail":"https:\/\/images.epagine.fr\/981\/9782747549981_1_v.jpg"},"orderable":true,"show_badge":true,"formatted_price":"24,50&nbsp;\u20ac","formatted_published_date":"1er novembre 2003","publisher_availability_label":"Sur commande","short_details":"Rolf K\u00fchn \u2014 \u00c9ditions L'Harmattan","translator":null,"weight":350,"page_count":272,"readership":null,"editor":"\u00c9ditions L'Harmattan","price":2450,"published_date":"2003-10-31T23:00:00.000000Z","support":"Grand format","publisher_availability":1,"stock":0,"editions":[],"url":"https:\/\/quaidesbrumes.com\/ouvrage\/9782747549981\/radicalite-et-passibilite-pour-une-phenomenologie-pratique"},{"id":"9782843210341","title":"Cioran ou le defi de l'etre","description":"Avec une lucidit\u00e9 implacable, cioran ne cessa de d\u00e9noncer les illusions de son temps, et le xxe si\u00e8cle s'\u00e9teignit sous ses impr\u00e9cations comme le xixe s'\u00e9tait achev\u00e9 sous les anath\u00e8mes de nietzsche.\r\n Mais, plus radical encore que son pr\u00e9d\u00e9cesseur, cioran, en refusant les ultimes leurres du surhomme et du suicide, renon\u00e7a \u00e0 sauver une r\u00e9alit\u00e9 qui \u00e0 jamais se d\u00e9robait.  du fond de son d\u00e9sespoir, il ne chercha plus qu'\u00e0 magnifier, h\u00e9ro\u00efque acteur, les seules apparences en composant et en jouant son propre r\u00f4le.  derri\u00e8re les miroitements d'aphorismes n\u00e9s sous l'inspiration de ses humeurs et dont le labyrinthe exprime le d\u00e9sir de se d\u00e9voiler tout en se d\u00e9robant, se dissimule une vision du monde qui constitue un syst\u00e8me coh\u00e9rent et achev\u00e9.\r\n C'est ce dernier que nicole parfait s'est attach\u00e9e \u00e0 reconstituer dans son int\u00e9gralit\u00e9, mettant en \u00e9vidence ses principes, sa construction, ses m\u00e9andres, ses faiblesses aussi.  dans cet ouvrage, l'odyss\u00e9e du penseur est sans cesse reli\u00e9e aux grandes \u00e9tapes de la vie de l'homme.","authors":["Nicole Parfait"],"category_codes":["9000000","9080000","9080200","9080204"],"visuals":{"large":"https:\/\/images.epagine.fr\/341\/9782843210341_1_75.jpg","medium":"https:\/\/images.epagine.fr\/341\/9782843210341_1_m.jpg","thumbnail":"https:\/\/images.epagine.fr\/341\/9782843210341_1_v.jpg"},"orderable":true,"show_badge":true,"formatted_price":"22,50&nbsp;\u20ac","formatted_published_date":"7 juin 2001","publisher_availability_label":"Sur commande","short_details":"Nicole Parfait \u2014 DESJONQUERES","translator":null,"weight":344,"page_count":256,"readership":null,"editor":"DESJONQUERES","price":2250,"published_date":"2001-06-06T22:00:00.000000Z","support":"Grand format","publisher_availability":1,"stock":0,"editions":[],"url":"https:\/\/quaidesbrumes.com\/ouvrage\/9782843210341\/cioran-ou-le-defi-de-letre"},{"id":"9782747503228","title":"Kant entre le d\u00e9sespoir et esp\u00e9rance","description":"Le couple de concepts d'esp\u00e9rance et de d\u00e9sespoir est aussi central \u00e0 l'oeuvre kantienne que les concepts de ph\u00e9nom\u00e8ne et d'Id\u00e9e ou encore de monde sensible et de monde intelligible. La distinction entre d\u00e9sespoir et esp\u00e9rance participe, chez Kant, de la distinction fondamentale entre l'ordre intelligible et l'ordre sensible. Alorsqu'est-ce que cet \" entre \" du d\u00e9sespoir et de l'esp\u00e9rance. Y a-t-il un passage possible entre ces deux \u00e9tats, ces deux mondes ?","authors":["Elodie Mailliet"],"category_codes":["9000000","9080000","9080200","9080204"],"visuals":{"large":"https:\/\/images.epagine.fr\/228\/9782747503228_1_75.jpg","medium":"https:\/\/images.epagine.fr\/228\/9782747503228_1_m.jpg","thumbnail":"https:\/\/images.epagine.fr\/228\/9782747503228_1_v.jpg"},"orderable":true,"show_badge":true,"formatted_price":"13,50&nbsp;\u20ac","formatted_published_date":"1er novembre 2003","publisher_availability_label":"Sur commande","short_details":"Elodie Mailliet \u2014 \u00c9ditions L'Harmattan","translator":null,"weight":170,"page_count":128,"readership":null,"editor":"\u00c9ditions L'Harmattan","price":1350,"published_date":"2003-10-31T23:00:00.000000Z","support":"Grand format","publisher_availability":1,"stock":0,"editions":[],"url":"https:\/\/quaidesbrumes.com\/ouvrage\/9782747503228\/kant-entre-le-desespoir-et-esperance"},{"id":"9782012970656","title":"Amusement philosophique sur le langage des betes","description":"Amusement philosophique sur le langage des :bestes: +b\u00eates+ , nouvelle edition. Augment\u00e9e d'un avertissement, d'un discours pr\u00e9liminaire, d'une critique, avec des notes, & de la r\u00e9tractation de l'auteur Date de l'\u00e9dition originale : 1750 Comprend : Lettre \u00e0 Madame la comtesse D*** pour servir de suppl\u00e9ment \u00e0 l'Amusement philosophique sur le langage des b\u00eates Ce livre est la reproduction fid\u00e8le d une uvre publi\u00e9e avant 1920 et fait partie d une collection de livres r\u00e9imprim\u00e9s \u00e0 la demande \u00e9dit\u00e9e par Hachette Livre, dans le cadre d un partenariat avec la Biblioth\u00e8que nationale de France, offrant l opportunit\u00e9 d acc\u00e9der \u00e0 des ouvrages anciens et souvent rares issus des fonds patrimoniaux de la BnF.\r\nLes uvres faisant partie de cette collection ont \u00e9t\u00e9 num\u00e9ris\u00e9es par la BnF et sont pr\u00e9sentes sur Gallica, sa biblioth\u00e8que num\u00e9rique.\r\n\r\nEn entreprenant de redonner vie \u00e0 ces ouvrages au travers d une collection de livres r\u00e9imprim\u00e9s \u00e0 la demande, nous leur donnons la possibilit\u00e9 de rencontrer un public \u00e9largi et participons \u00e0 la transmission de connaissances et de savoirs parfois difficilement accessibles.\r\nNous avons cherch\u00e9 \u00e0 concilier la reproduction fid\u00e8le d un livre ancien \u00e0 partir de sa version num\u00e9ris\u00e9e avec le souci d un confort de lecture optimal. Nous esp\u00e9rons que les ouvrages de cette nouvelle collection vous apporteront enti\u00e8re satisfaction.\r\n\r\nPour plus d informations, rendez-vous sur www.hachettebnf.fr","authors":["Bougeant G-H."],"category_codes":["9000000","9080000"],"visuals":{"large":"https:\/\/images.epagine.fr\/656\/9782012970656_1_75.jpg","medium":"https:\/\/images.epagine.fr\/656\/9782012970656_1_m.jpg","thumbnail":"https:\/\/images.epagine.fr\/656\/9782012970656_1_v.jpg"},"orderable":true,"show_badge":true,"formatted_price":"20,50&nbsp;\u20ac","formatted_published_date":"1er juin 2013","publisher_availability_label":"Sur commande","short_details":"Bougeant G-H. \u2014 Hachette BNF","translator":null,"weight":357,"page_count":null,"readership":null,"editor":"Hachette BNF","price":2050,"published_date":"2013-05-31T22:00:00.000000Z","support":"Grand format","publisher_availability":1,"stock":0,"editions":[],"url":"https:\/\/quaidesbrumes.com\/ouvrage\/9782012970656\/amusement-philosophique-sur-le-langage-des-betes"},{"id":"9782747514040","title":"Le consentement et la recherche \u00e9pid\u00e9miologique","description":"Le consentement inform\u00e9 est la pierre angulaire de l'\u00e9thique de la recherche et de la bio\u00e9thique elle-m\u00eame.\r\nDes \u00e9tudes transculturelles d\u00e9montrent que notre compr\u00e9hension de ce concept, cependant, a chang\u00e9 depuis que le Code de Nuremberg l'a \u00e9nonc\u00e9 pour la premi\u00e8re fois. La recherche actuelle dans le domaine de la sant\u00e9 pose de nouvelles questions en ce qui concerne les essais cliniques et l'emploi des placebos, les \u00e9tudes de populations ou les \u00e9tudes \u00e9pid\u00e9miologiques. Ce quatri\u00e8me et dernier volume de L'\u00e9thique de la recherche examine ces probl\u00e8mes et conclut la pr\u00e9sente r\u00e9flexion sur l'\u00e9thique de la recherche \u00e0 partir de perspectives historiques, philosophiques, juridiques et sociales.\r\nUne importante bibliographie, surtout de langue anglaise, couvre les sujets des quatre volumes.","authors":["Christian Herv\u00e9","Christian Mormont","Daniel N. Weisstub"],"category_codes":["9000000","9080000","9080200","9080204"],"visuals":{"large":"https:\/\/images.epagine.fr\/040\/9782747514040_1_75.jpg","medium":"https:\/\/images.epagine.fr\/040\/9782747514040_1_m.jpg","thumbnail":"https:\/\/images.epagine.fr\/040\/9782747514040_1_v.jpg"},"orderable":true,"show_badge":true,"formatted_price":"24,00&nbsp;\u20ac","formatted_published_date":"1er novembre 2003","publisher_availability_label":"Sur commande","short_details":"Christian Herv\u00e9, Christian Mormont, Daniel N. Weisstub \u2014 \u00c9ditions L'Harmattan","translator":null,"weight":352,"page_count":258,"readership":null,"editor":"\u00c9ditions L'Harmattan","price":2400,"published_date":"2003-10-31T23:00:00.000000Z","support":"Grand format","publisher_availability":1,"stock":0,"editions":[],"url":"https:\/\/quaidesbrumes.com\/ouvrage\/9782747514040\/le-consentement-et-la-recherche-epidemiologique"},{"id":"9782747513319","title":"Kant, \u00e9ducation et critique","description":"L'\u00e9ducation fut pour Kant \u00e0 la fois une pratique quotidienne, comme professeur d'Universit\u00e9 et une question centrale pour une philosophie critique qui pr\u00e9tend, red\u00e9finir l'activit\u00e9 du sujet dans le monde et les conditions de sa pens\u00e9e et de sa libert\u00e9. Cette nouvelle image de la pens\u00e9e et de son exercice s'accompagne d'une v\u00e9ritable r\u00e9volution copernicienne en p\u00e9dagogie. S'il n'y a pas de trait\u00e9 de p\u00e9dagogie constitu\u00e9 comme tel par Kant, la r\u00e9flexion p\u00e9dagogique est pourtant pr\u00e9sente dans l'ensemble de l'oeuvre proprement critique.","authors":["Bernard Vandewalle"],"category_codes":["9000000","9080000"],"visuals":{"large":"https:\/\/images.epagine.fr\/319\/9782747513319_1_75.jpg","medium":"https:\/\/images.epagine.fr\/319\/9782747513319_1_m.jpg","thumbnail":"https:\/\/images.epagine.fr\/319\/9782747513319_1_v.jpg"},"orderable":true,"show_badge":true,"formatted_price":"14,50&nbsp;\u20ac","formatted_published_date":"1er novembre 2003","publisher_availability_label":"Sur commande","short_details":"Bernard Vandewalle \u2014 \u00c9ditions L'Harmattan","translator":null,"weight":216,"page_count":152,"readership":null,"editor":"\u00c9ditions L'Harmattan","price":1450,"published_date":"2003-10-31T23:00:00.000000Z","support":"Grand format","publisher_availability":1,"stock":0,"editions":[],"url":"https:\/\/quaidesbrumes.com\/ouvrage\/9782747513319\/kant-education-et-critique"},{"id":"9782747510950","title":"PHILOSOPHIES ET POLITIQUES N\u00c9O-LIB\u00c9RALES DE L'\u00c9DUCATION DANS LE CHILI DE PINOCHET 1973-1983 : L'\u00e9cole du march\u00e9 contre l'\u00e9cole de l'\u00e9galit\u00e9","description":"Le Chili de Pinochet repr\u00e9sente une des premi\u00e8res exp\u00e9riences de politique n\u00e9o-lib\u00e9rale. En 1973, conservateurs catholiques et n\u00e9o-lib\u00e9raux ont trouv\u00e9 un terrain d'entente dans la critique de l'id\u00e9e d'\u00e9ducation publique et la libert\u00e9 des familles de choisir une \u00e9cole. Les cons\u00e9quences de leur politique ont \u00e9t\u00e9 violentes. \u00c0 la diff\u00e9rence des r\u00e9gimes fascistes qui ont voulu imposer aux enseignants la t\u00e2che de transmettre la culture officielle, le r\u00e9gime de Pinochet a vis\u00e9 avant tout \u00e0 vider le r\u00f4le de l'enseignant de sa qualit\u00e9 d'agent public de transmission culturelle.","authors":["Teresa Mariano longo"],"category_codes":["9000000","9120000","9120200"],"visuals":{"large":"https:\/\/images.epagine.fr\/950\/9782747510950_1_75.jpg","medium":"https:\/\/images.epagine.fr\/950\/9782747510950_1_m.jpg","thumbnail":"https:\/\/images.epagine.fr\/950\/9782747510950_1_v.jpg"},"orderable":true,"show_badge":true,"formatted_price":"36,00&nbsp;\u20ac","formatted_published_date":"1er novembre 2003","publisher_availability_label":"Sur commande","short_details":"Teresa Mariano longo \u2014 \u00c9ditions L'Harmattan","translator":null,"weight":684,"page_count":382,"readership":null,"editor":"\u00c9ditions L'Harmattan","price":3600,"published_date":"2003-10-31T23:00:00.000000Z","support":"Grand format","publisher_availability":1,"stock":0,"editions":[],"url":"https:\/\/quaidesbrumes.com\/ouvrage\/9782747510950\/philosophies-et-politiques-neo-liberales-de-leducation-dans-le-chili-de-pinochet-1973-1983-lecole-du-marche-contre-lecole-de-legalite"},{"id":"9782864323495","title":"Vive le mat\u00e9rialisme !","description":"Au regard du concept, le titre est redondant - du mat\u00e9rialisme, on ne sait rien, sinon qu'il vive !\r\nMais le m\u00e9pris o\u00f9 choit la vertu des partages rend opportun le retour au mot d'ordre, et au tract. Le rappel du mat\u00e9rialisme s'entend donc : \u00c0 bas le spiritualisme !\r\nCette juste clameur para\u00eet grossi\u00e8re, tant qu'on feint synonymes \u00ab spirituel \u00bb et \u00ab spiritualiste \u00bb. L'\u00e9motion spiritualiste, cependant, interdit l'ir\u00e9nisme : or, elle suscite aujourd'hui toutes sortes d' \u00ab affaires \u00bb, derri\u00e8re lesquelles il faut distinguer une conspiration.\r\nD\u00e8s lors, coup pour coup : qu'\u00e0 la conspiration spiritualiste s'oppose l'alliance mat\u00e9rialiste.\r\nSi le mat\u00e9rialisme, en effet, est \u00ab sans histoire \u00bb, parce qu'on n'en peut construire le concept, il a un \u00ab avenir \u00bb, parce qu'il eut toujours puissance d'intervention.\r\nLa philosophie, il est vrai, est avare d'interventions, parce qu'elle juge que celles-ci n'ont sens que lorsqu'un int\u00e9r\u00eat de la raison est clairement, distinctement encore, menac\u00e9. Aussi intervient-elle alors avec la derni\u00e8re brutalit\u00e9, rappel\u00e9e - si elle se tient \u00e0 la hauteur de l'id\u00e9e - \u00e0 sa base.\r\nLa base veut que l'esprit, faisant affaires, n'est pas tout. \r\nQue l'\u00eatre vient avant l'homme. \r\nQue mati\u00e8re signifie avant.\r\n\r\nSur l'une des premi\u00e8res pages du livre on peut lire :\r\nLe pr\u00e9sent texte est un tract. Comme il est de r\u00e8gle, aucun nom propre ne lui est attach\u00e9. L'auteur - car il y en a un - souhaite que sa d\u00e9claration soit lue sans qu'il soit fait acception de personne. les circonstances d\u00e9termineront si cet anonymat, appel\u00e9 par la structure, peut ou doit \u00eatre lev\u00e9. J.-C. M.\r\n\u00c0 ce jour l'anonymat est lev\u00e9.","authors":["Guy Lardreau"],"category_codes":["9000000","9080000","9080200","9080204"],"visuals":{"large":"https:\/\/images.epagine.fr\/495\/9782864323495_1_75.jpg","medium":"https:\/\/images.epagine.fr\/495\/9782864323495_1_m.jpg","thumbnail":"https:\/\/images.epagine.fr\/495\/9782864323495_1_v.jpg"},"orderable":true,"show_badge":true,"formatted_price":"9,63&nbsp;\u20ac","formatted_published_date":"9 janvier 2002","publisher_availability_label":"Sur commande","short_details":"Guy Lardreau \u2014 \u00c9ditions Verdier","translator":null,"weight":120,"page_count":80,"readership":null,"editor":"\u00c9ditions Verdier","price":963,"published_date":"2002-01-08T23:00:00.000000Z","support":"Grand format","publisher_availability":1,"stock":0,"editions":[],"url":"https:\/\/quaidesbrumes.com\/ouvrage\/9782864323495\/vive-le-materialisme"},{"id":"9782747503976","title":"LA CONVERSATION DE MONTAIGNE : Conf\u00e9rence et philosophie","description":"Cette \u00e9tude explore la voie d'une lecture compl\u00e8tement neuve de Montaigne en \u00e9pousant sa d\u00e9marche \" ondoyante \" d'\u00e9criture et de pens\u00e9e. La conversation de Montaigne, fascinante et l\u00e9g\u00e8re, ob\u00e9it \u00e0 des r\u00e8gles strictes et a pour fin d'embrasser dans la recherche de la v\u00e9rit\u00e9 le mouvement contradictoire et incessant de son esprit, l\u00e0 o\u00f9 les formes traditionnelles de l'expos\u00e9 philosophique sont incapables de saisir l'objet fuyant que le penseur \u00e9tudie : son \u00eatre propre.","authors":["Fran\u00e7ois-victor Rudent"],"category_codes":["9000000","9080000"],"visuals":{"large":"https:\/\/images.epagine.fr\/976\/9782747503976_1_75.jpg","medium":"https:\/\/images.epagine.fr\/976\/9782747503976_1_m.jpg","thumbnail":"https:\/\/images.epagine.fr\/976\/9782747503976_1_v.jpg"},"orderable":true,"show_badge":true,"formatted_price":"19,00&nbsp;\u20ac","formatted_published_date":"1er novembre 2003","publisher_availability_label":"Sur commande","short_details":"Fran\u00e7ois-victor Rudent \u2014 \u00c9ditions L'Harmattan","translator":null,"weight":268,"page_count":192,"readership":null,"editor":"\u00c9ditions L'Harmattan","price":1900,"published_date":"2003-10-31T23:00:00.000000Z","support":"Grand format","publisher_availability":1,"stock":0,"editions":[],"url":"https:\/\/quaidesbrumes.com\/ouvrage\/9782747503976\/la-conversation-de-montaigne-conference-et-philosophie"},{"id":"9782747507714","title":"L'\u00c9PIST\u00c9MOLOGIE SCIENTIFIQUE DES LUMI\u00c8RES","description":"Ce livre commence par d\u00e9finir \" l'\u00e9pist\u00e9mologie scientifique \" en g\u00e9n\u00e9ral. La premi\u00e8re partie s'int\u00e9resse fondamentalement \u00e0 la m\u00e9canique et \u00e0 la cosmologie. Maupertuis, Voltaire, Euler et d'Alembert y sont des rep\u00e8res essentiels. La seconde partie traite de l'infini math\u00e9matique en pr\u00e9cisant ses origines, sa contrepartie moderne, et en donnant un exemple de la situation dans la philosophie de l'\u00e9poque. Leibniz, Newton, d'Alembert et Rousseau y trouvent leur place.","authors":["Abdelkader Bachta"],"category_codes":["9000000","9080000"],"visuals":{"large":"https:\/\/images.epagine.fr\/714\/9782747507714_1_75.jpg","medium":"https:\/\/images.epagine.fr\/714\/9782747507714_1_m.jpg","thumbnail":"https:\/\/images.epagine.fr\/714\/9782747507714_1_v.jpg"},"orderable":true,"show_badge":true,"formatted_price":"21,00&nbsp;\u20ac","formatted_published_date":"1er novembre 2003","publisher_availability_label":"Sur commande","short_details":"Abdelkader Bachta \u2014 \u00c9ditions L'Harmattan","translator":null,"weight":282,"page_count":204,"readership":null,"editor":"\u00c9ditions L'Harmattan","price":2100,"published_date":"2003-10-31T23:00:00.000000Z","support":"Grand format","publisher_availability":1,"stock":0,"editions":[],"url":"https:\/\/quaidesbrumes.com\/ouvrage\/9782747507714\/lepistemologie-scientifique-des-lumieres"},{"id":"9782747509909","title":"R\u00e9flexions philosophiques et historiques","description":"L'\u00e9thique de l'exp\u00e9rimentation sur les \u00eatres humains a tenu une place centrale dans les d\u00e9bats bio\u00e9thiques depuis la promulgation du Code de Nuremberg.Ce premier des quatre volumes de l'\u00e9thique de la recherche apporte les fondements philosophiques et historiques du discours sur l'\u00e9thique de la recherche. Plus de cinquante ans apr\u00e8s, des questions majeures continuent \u00e0 interpeller philosophes, juristes et professionnels de la sant\u00e9.","authors":["Christian Herv\u00e9","Christian Mormont","Daniel N. Weisstub"],"category_codes":["9000000","9080000","9080200","9080204"],"visuals":{"large":"https:\/\/images.epagine.fr\/909\/9782747509909_1_75.jpg","medium":"https:\/\/images.epagine.fr\/909\/9782747509909_1_m.jpg","thumbnail":"https:\/\/images.epagine.fr\/909\/9782747509909_1_v.jpg"},"orderable":true,"show_badge":true,"formatted_price":"24,00&nbsp;\u20ac","formatted_published_date":"1er novembre 2003","publisher_availability_label":"Sur commande","short_details":"Christian Herv\u00e9, Christian Mormont, Daniel N. Weisstub \u2014 \u00c9ditions L'Harmattan","translator":null,"weight":376,"page_count":270,"readership":null,"editor":"\u00c9ditions L'Harmattan","price":2400,"published_date":"2003-10-31T23:00:00.000000Z","support":"Grand format","publisher_availability":1,"stock":0,"editions":[],"url":"https:\/\/quaidesbrumes.com\/ouvrage\/9782747509909\/reflexions-philosophiques-et-historiques"}]}