{"data":[{"id":"9782841861613","title":"Sous le signe de sion: l'antisemitisme nouveau est arrive","description":null,"authors":["Rapha\u00ebl Dra\u00ef"],"category_codes":["9000000","9080000"],"visuals":{"large":"https:\/\/images.epagine.fr\/613\/9782841861613_1_75.jpg","medium":"https:\/\/images.epagine.fr\/613\/9782841861613_1_m.jpg","thumbnail":"https:\/\/images.epagine.fr\/613\/9782841861613_1_v.jpg"},"orderable":true,"show_badge":true,"formatted_price":"19,27&nbsp;\u20ac","formatted_published_date":"1er avril 2002","publisher_availability_label":"Sur commande","short_details":"Rapha\u00ebl Dra\u00ef \u2014 MICHALON","translator":null,"weight":303,"page_count":255,"readership":null,"editor":"MICHALON","price":1927,"published_date":"2002-03-31T22:00:00.000000Z","support":"Grand format","publisher_availability":1,"stock":0,"editions":[],"url":"https:\/\/quaidesbrumes.com\/ouvrage\/9782841861613\/sous-le-signe-de-sion-lantisemitisme-nouveau-est-arrive"},{"id":"9782916492230","title":"Entendre Heidegger et autres exercices d'\u00e9coute","description":"C'est gr\u00e2ce \u00e0 Jean Beaufret que j'ai pu entendre. Sans lui, je n'aurais sans doute pas \u00e9t\u00e9 capable de porter attention au propos de Heidegger : il est au premier abord presque inaudible, tant ce qui y est dit demande qu'on ouvre grand les oreilles. Le renom du philosophe ne vient pas faciliter les choses. La gloire elle aussi est faite de malentendus.\r\nDissiper les malentendus est une entreprise fastidieuse : rien n'est plus obtus qu'un homme qui ne veut rien entendre. Le pr\u00e9sent livre ne se propose donc pas ce but. Il lui suffit amplement de mettre autant que possible les lecteurs au contact de ce que montre Heidegger, cette contr\u00e9e si proche, mais que nous avons les plus grandes peines du monde \u00e0 percevoir, et o\u00f9 tant de richesses dorment \u00e0 notre insu.\r\nLes textes ici rassembl\u00e9s, dont la moiti\u00e9 sont in\u00e9dits, ont \u00e9t\u00e9 \u00e9crits de 1983 \u00e0 2007. \r\nMon souhait le plus cher est que ce livre puisse donner envie d'\u00e9couter : un peu comme lors de ces instants d'attente joyeuse - quand, une fois le la donn\u00e9 \u00e0 l'orchestre, chaque instrument se met pour lui-m\u00eame \u00e0 s'accorder dans sa tessiture, au milieu d'un brouhaha croissant, jusqu'\u00e0 ce que s'installe soudain le silence o\u00f9 le concert peut commencer.\r\n\r\nFran\u00e7ois F\u00e9dier, d\u00e9cembre 2007\r","authors":["Fran\u00e7ois F\u00e9dier"],"category_codes":["9000000","9080000"],"visuals":{"large":"https:\/\/images.epagine.fr\/230\/9782916492230_1_75.jpg","medium":"https:\/\/images.epagine.fr\/230\/9782916492230_1_m.jpg","thumbnail":"https:\/\/images.epagine.fr\/230\/9782916492230_1_v.jpg"},"orderable":true,"show_badge":true,"formatted_price":"22,80&nbsp;\u20ac","formatted_published_date":"20 f\u00e9vrier 2008","publisher_availability_label":"Sur commande","short_details":"Fran\u00e7ois F\u00e9dier \u2014 Le Grand Souffle","translator":null,"weight":400,"page_count":432,"readership":null,"editor":"Le Grand Souffle","price":2280,"published_date":"2008-02-19T23:00:00.000000Z","support":"Grand format","publisher_availability":1,"stock":0,"editions":[],"url":"https:\/\/quaidesbrumes.com\/ouvrage\/9782916492230\/entendre-heidegger-et-autres-exercices-decoute"},{"id":"9782220050010","title":"Mysticisme et folie - essai sur la simplicite","description":"Gilles Deleuze pensa la schizophr\u00e9nie dans le cadre que Bergson donnait \u00e0 la mystique dans les Deux sources de la morale et de la religion.\r\nCe bergsonisme a conduit Deleuze \u00e0 une v\u00e9ritable mystique de la maladie mentale : les grands psychotiques auraient remplac\u00e9 les saints... L'intention de cet ouvrage est d'abord de produire une critique bergsonienne de cette \" schizo-mystique \", en montrant que la nuit obscure, o\u00f9 le mystique c\u00f4toie la folie, n'est pour Bergson que l'antichambre du mysticisme complet, qui, lui, est mysticisme de l'action.\r\nDe sorte que l'inhabituel, l'exceptionnel et le surhumain ne sauraient \u00eatre, selon lui, une cr\u00e9ation schizophr\u00e9nique d\u00e9tourn\u00e9e du quotidien mais bien la gestion simple et confiante du pr\u00e9sent. On a tort de penser que la maladie mentale permet \u00e0 la v\u00e9rit\u00e9 d'accomplir une perc\u00e9e qui lui est refus\u00e9e dans la sant\u00e9. La psychose n'est que secondairement la folie qui sauve les croyants ; elle est d'abord, comme l'enseigne l'attention \u00e0 la parole psychotique (celle d'H\u00f6lderlin, ou du danseur Nijinski), une exp\u00e9rience insupportable.\r\nMuette, la psychose ne transmet aux hommes aucun message de l'au-del\u00e0 ; elle est un sentiment extr\u00eame, mais sans objet et sans but. La philosophie de Bergson est ensuite critiqu\u00e9e pour ce qu'elle a rendu possible chez Deleuze. A une conception \" oc\u00e9anique \" de la libert\u00e9, o\u00f9 le sujet d'exception co\u00efncide avec lui-m\u00eame et s'ins\u00e8re dans l'absolu, l'auteur oppose les philosophies de F\u00efchte et de Lavelle, soucieuses de penser un absolu exigeant une pluralit\u00e9 intime de sujets particuliers.\r\nLoin d'attendre une r\u00e9g\u00e9n\u00e9ration qui leur viendrait d'\u00eatres surhumains, ces sujets devront donc se constituer par une d\u00e9marche originale de leur libert\u00e9.\r","authors":["Goddard J-C."],"category_codes":["9000000","9080000"],"visuals":{"large":"https:\/\/images.epagine.fr\/010\/9782220050010_1_75.jpg","medium":"https:\/\/images.epagine.fr\/010\/9782220050010_1_m.jpg","thumbnail":"https:\/\/images.epagine.fr\/010\/9782220050010_1_v.jpg"},"orderable":true,"show_badge":true,"formatted_price":"21,40&nbsp;\u20ac","formatted_published_date":"18 janvier 2002","publisher_availability_label":"Sur commande","short_details":"Goddard J-C. \u2014 Descl\u00e9e de Brouwer","translator":null,"weight":209,"page_count":191,"readership":null,"editor":"Descl\u00e9e de Brouwer","price":2140,"published_date":"2002-01-17T23:00:00.000000Z","support":"Grand format","publisher_availability":1,"stock":0,"editions":[],"url":"https:\/\/quaidesbrumes.com\/ouvrage\/9782220050010\/mysticisme-et-folie-essai-sur-la-simplicite"},{"id":"9782220050539","title":"Seul un Dieu peut encore nous sauver ; le nihilisme et son envers","description":"\" Seul un Lieu peut encore nous sauver \", d\u00e9clara de fa\u00e7on \u00e9nigmatique Martin Heidegger au cours d'un entretien t\u00e9l\u00e9vis\u00e9 en 1966. Bernard Sich\u00e8re fait, ici, le pari que cette parole terminale de Heidegger, loin d'\u00eatre secondaire, est une cl\u00e9 de son parcours de pens\u00e9e. De quel Dieu s'agit-il, et de quoi devrait-il nous sauver? \r\nA la seconde question, on peut d\u00e9j\u00e0 r\u00e9pondre \u00e0 la suite de Nietzsche: nous sauver du nihilisme comme v\u00e9rit\u00e9 \u00e0 la fois manifeste et secr\u00e8te des temps pr\u00e9sents. En dire plus suppose d'abord de revenir au grand texte de 1927 Etre et Temps d\u00e9finir l'homme comme Dasein est un trait de g\u00e9nie, car c'est supposer que la question de l'\u00eatre est d\u00e9cisive et que l'homme n'est homme que s'il accepte de se loger en elle. \r\nMais c'est apr\u00e8s 1933, l'ann\u00e9e terrible de la compromission avec le nazisme, que Heidegger va d\u00e9livrer sa pens\u00e9e du nihilisme de la volont\u00e9 de puissance. Trois sources de salut, en l'occurrence: d'abord les retrouvailles avec la parole des Grecs et les dieux de la Gr\u00e8ce; ensuite le dialogue passionn\u00e9 avec Nietzsche et avec le mot de Nietzsche \" Dieu est mort \" ; enfin la r\u00e9v\u00e9lation de la parole du po\u00e8te H\u00f6lderlin (\" Proche et difficile \u00e0 saisir est le Dieu \"). \r\nD'o\u00f9 la r\u00e9ponse \u00e0 la question initiale: seul un Dieu, advenant de nouveau dans \" la lumi\u00e8re de l'Etre \" peut nous sauver de la rage nihiliste en r\u00e9v\u00e9lant son envers glorieux et finalement si proche.\r","authors":["Bernard Sich\u00e8re"],"category_codes":["9000000","9080000","9080200","9080204"],"visuals":{"large":"https:\/\/images.epagine.fr\/539\/9782220050539_1_75.jpg","medium":"https:\/\/images.epagine.fr\/539\/9782220050539_1_m.jpg","thumbnail":"https:\/\/images.epagine.fr\/539\/9782220050539_1_v.jpg"},"orderable":true,"show_badge":true,"formatted_price":"23,20&nbsp;\u20ac","formatted_published_date":"18 janvier 2002","publisher_availability_label":"Sur commande","short_details":"Bernard Sich\u00e8re \u2014 Descl\u00e9e de Brouwer","translator":null,"weight":306,"page_count":324,"readership":null,"editor":"Descl\u00e9e de Brouwer","price":2320,"published_date":"2002-01-17T23:00:00.000000Z","support":"Grand format","publisher_availability":1,"stock":0,"editions":[],"url":"https:\/\/quaidesbrumes.com\/ouvrage\/9782220050539\/seul-un-dieu-peut-encore-nous-sauver-le-nihilisme-et-son-envers"},{"id":"9782747515788","title":"Kant, sant\u00e9 et critique","description":"Un Kant inattendu se r\u00e9v\u00e8le ici, attentif aux questions relatives \u00e0 la sant\u00e9 du corps et plus g\u00e9n\u00e9ralement \u00e0 ce qui participe du monde de la vie de l'homme dans ce qu'il a de plus sensible. La s\u00e9paration kantienne entre le sensible et l'intelligible ne dispense pas de chercher les passages possibles qui permettent de retrouver l'unit\u00e9 concr\u00e8te de la vie humaine. L'esth\u00e9tique est un terrain privil\u00e9gi\u00e9 pour une telle \u00e9lucidation du sens vital. Appara\u00eet comme \u00e9tant ici en jeu rien de moins que la capacit\u00e9 du kantisme \u00e0 interroger tout ce qui fait la densit\u00e9 de la vie humaine.\r","authors":["Bernard Vandewalle"],"category_codes":["9000000","9080000"],"visuals":{"large":"https:\/\/images.epagine.fr\/788\/9782747515788_1_75.jpg","medium":"https:\/\/images.epagine.fr\/788\/9782747515788_1_m.jpg","thumbnail":"https:\/\/images.epagine.fr\/788\/9782747515788_1_v.jpg"},"orderable":true,"show_badge":true,"formatted_price":"14,50&nbsp;\u20ac","formatted_published_date":"1er novembre 2003","publisher_availability_label":"Sur commande","short_details":"Bernard Vandewalle \u2014 \u00c9ditions L'Harmattan","translator":null,"weight":204,"page_count":145,"readership":null,"editor":"\u00c9ditions L'Harmattan","price":1450,"published_date":"2003-10-31T23:00:00.000000Z","support":"Grand format","publisher_availability":1,"stock":0,"editions":["9782747517959"],"url":"https:\/\/quaidesbrumes.com\/ouvrage\/9782747515788\/kant-sante-et-critique"},{"id":"9782747514811","title":"DE L'\u00c9NERGIE AU D\u00c9SIR, du sexe au cerveau, des sens \u00e0 l'esprit","description":"Cet essai porte sur les relations entre l'\u00e9nergie et le d\u00e9sir, entre la sexualit\u00e9 et la cr\u00e9ativit\u00e9, les sens et l'esprit, le r\u00e9el et l'imaginaire.\r\nLa dialectique du d\u00e9sir et de la jouissance est ici envisag\u00e9e \u00e0 travers la m\u00e9taphore scientifique de l'\u00e9nergie, d\u00e9sir et jouissance apparaissant alors comme ayant le m\u00eame rapport spatio-temporel qu'\u00e9nergie potentielle et \u00e9nergie cin\u00e9tique. Les langages vecteurs du d\u00e9sir (la musique, la litt\u00e9rature) sont structur\u00e9s par ce m\u00eame rapport.\r\nLa violence rompt l'harmonie entre le d\u00e9sir et la jouissance en sacrifiant le d\u00e9sir. Le tantrisme, le Cantique des cantiques, Tristan et Isolde, enseignent les conditions du retour de cette harmonie perdue.","authors":["Jean-pierre Chevillot"],"category_codes":["9000000","9120000","9120200"],"visuals":{"large":"https:\/\/images.epagine.fr\/811\/9782747514811_1_75.jpg","medium":"https:\/\/images.epagine.fr\/811\/9782747514811_1_m.jpg","thumbnail":"https:\/\/images.epagine.fr\/811\/9782747514811_1_v.jpg"},"orderable":true,"show_badge":true,"formatted_price":"26,00&nbsp;\u20ac","formatted_published_date":"1er novembre 2003","publisher_availability_label":"Sur commande","short_details":"Jean-pierre Chevillot \u2014 \u00c9ditions L'Harmattan","translator":null,"weight":394,"page_count":286,"readership":null,"editor":"\u00c9ditions L'Harmattan","price":2600,"published_date":"2003-10-31T23:00:00.000000Z","support":"Grand format","publisher_availability":1,"stock":0,"editions":[],"url":"https:\/\/quaidesbrumes.com\/ouvrage\/9782747514811\/de-lenergie-au-desir-du-sexe-au-cerveau-des-sens-a-lesprit"},{"id":"9782747503914","title":"DE LA VALEUR","description":"La philosophie ancienne et m\u00e9di\u00e9vale \u00e9tait centr\u00e9e sur l'\u00catre, la philosophie moderne sur la Connaissance, la philosophie contemporaine gravite autour de la Valeur. Du fait de sa r\u00e9cente \u00e9closion, cette philosophie a devant elle un champ illimit\u00e9. Et cela d'autant plus, par sa nature m\u00eame, elle concerne tout ce qui importe \u00e0 l'homme : morale, religion, art et litt\u00e9rature, droit et \u00e9conomie, science et technique.\r","authors":["Ivan Gobry"],"category_codes":["9000000","9080000"],"visuals":{"large":"https:\/\/images.epagine.fr\/914\/9782747503914_1_75.jpg","medium":"https:\/\/images.epagine.fr\/914\/9782747503914_1_m.jpg","thumbnail":"https:\/\/images.epagine.fr\/914\/9782747503914_1_v.jpg"},"orderable":true,"show_badge":true,"formatted_price":"50,00&nbsp;\u20ac","formatted_published_date":"1er novembre 2003","publisher_availability_label":"Sur commande","short_details":"Ivan Gobry \u2014 \u00c9ditions L'Harmattan","translator":null,"weight":1106,"page_count":700,"readership":null,"editor":"\u00c9ditions L'Harmattan","price":5000,"published_date":"2003-10-31T23:00:00.000000Z","support":"Grand format","publisher_availability":1,"stock":0,"editions":[],"url":"https:\/\/quaidesbrumes.com\/ouvrage\/9782747503914\/de-la-valeur"},{"id":"9782747510110","title":"L'ecole et les savoirs","description":"Le principe fondamental de l'\u00c9cole est que les savoirs ne sont pas seulement les r\u00e9sultats de la formation mais qu'ils sont eux-m\u00eames formateurs. Encore faut-il que les contenus et les modalit\u00e9s de l'enseignement ne compromettent pas cette fonction proprement scolaire. Or l'\u00c9cole d'aujourd'hui se d\u00e9scolarise sous la pression de la logique lib\u00e9rale, de l'attente sociale, du mod\u00e8le de l'entreprise, du p\u00e9dagogisme, des contre-cultures et de toutes les formes modernes d'irrespect pour l'\u00e9tude.\r","authors":["Jean Lombard"],"category_codes":["9000000","9080000"],"visuals":{"large":"https:\/\/images.epagine.fr\/110\/9782747510110_1_75.jpg","medium":"https:\/\/images.epagine.fr\/110\/9782747510110_1_m.jpg","thumbnail":"https:\/\/images.epagine.fr\/110\/9782747510110_1_v.jpg"},"orderable":true,"show_badge":true,"formatted_price":"15,50&nbsp;\u20ac","formatted_published_date":"1er novembre 2003","publisher_availability_label":"Sur commande","short_details":"Jean Lombard \u2014 \u00c9ditions L'Harmattan","translator":null,"weight":224,"page_count":157,"readership":null,"editor":"\u00c9ditions L'Harmattan","price":1550,"published_date":"2003-10-31T23:00:00.000000Z","support":"Grand format","publisher_availability":1,"stock":0,"editions":[],"url":"https:\/\/quaidesbrumes.com\/ouvrage\/9782747510110\/lecole-et-les-savoirs"},{"id":"9782747512121","title":"Prix moral de la modernite(le) essai sur la science la","description":"Otfried H\u00f6ffe part du concept de responsabilit\u00e9 et de la distinction entre deux conceptions de la connaissance scientifique (conception antique illustr\u00e9e par Aristote et conception moderne incarn\u00e9e par Bacon), pour aborder les grandes questions que le d\u00e9veloppement des sciences et des techniques pose \u00e0 l'\u00e9thique: la d\u00e9ontologie de la recherche g\u00e9n\u00e9tique, les liens entre recherche scientifique et \u00e9conomie, les probl\u00e8mes moraux, sociaux et environnementaux pos\u00e9s par la technique, etc. Il expose les fondements d'un nouvel esprit \u00e9thique qui fait reposer l'\u00e9thique appliqu\u00e9e sur une r\u00e9habilitation de la facult\u00e9 de juger morale.\r","authors":["Otfried H\u00f6ffe","Jean-Christophe Merle"],"category_codes":["9000000","9080000","9080200","9080204"],"visuals":{"large":"https:\/\/images.epagine.fr\/121\/9782747512121_1_75.jpg","medium":"https:\/\/images.epagine.fr\/121\/9782747512121_1_m.jpg","thumbnail":"https:\/\/images.epagine.fr\/121\/9782747512121_1_v.jpg"},"orderable":true,"show_badge":true,"formatted_price":"40,00&nbsp;\u20ac","formatted_published_date":"1er novembre 2003","publisher_availability_label":"Sur commande","short_details":"Otfried H\u00f6ffe, Jean-Christophe Merle \u2014 \u00c9ditions L'Harmattan","translator":"JEAN-CHRISTOPHE MERLE","weight":598,"page_count":445,"readership":null,"editor":"\u00c9ditions L'Harmattan","price":4000,"published_date":"2003-10-31T23:00:00.000000Z","support":"Grand format","publisher_availability":1,"stock":0,"editions":[],"url":"https:\/\/quaidesbrumes.com\/ouvrage\/9782747512121\/prix-moral-de-la-modernitele-essai-sur-la-science-la"},{"id":"9782747562621","title":"La volonte - approche philosophique et analytique","description":"Comment r\u00e9ussir \u00e0 atteindre son butoe Pourquoi certains semblent se jouer avec facilit\u00e9 des difficult\u00e9s de la vie quand d'autres ne semblent conna\u00eetre que des \u00e9checsoe Parce qu'il nous aide \u00e0 mieux comprendre ce qu'est la volont\u00e9, et les forces que celle-ci permet de lib\u00e9rer, cet ouvrage nous permet: de mieux rep\u00e9rer les potentialit\u00e9s qui sont en chacun de nous; d'organiser les bonnes rencontres et de d\u00e9truire les obstacles de tous ordres; d'exprimer notre pleine puissance et ainsi, \u00e0 partir de l\u00e0, de mieux r\u00e9ussir dans notre vie.\r","authors":["Lo\u00efck Roche"],"category_codes":["9000000","9080000"],"visuals":{"large":"https:\/\/images.epagine.fr\/621\/9782747562621_1_75.jpg","medium":"https:\/\/images.epagine.fr\/621\/9782747562621_1_m.jpg","thumbnail":"https:\/\/images.epagine.fr\/621\/9782747562621_1_v.jpg"},"orderable":true,"show_badge":true,"formatted_price":"26,00&nbsp;\u20ac","formatted_published_date":"1er d\u00e9cembre 2004","publisher_availability_label":"Sur commande","short_details":"Lo\u00efck Roche \u2014 \u00c9ditions L'Harmattan","translator":null,"weight":310,"page_count":286,"readership":null,"editor":"\u00c9ditions L'Harmattan","price":2600,"published_date":"2004-11-30T23:00:00.000000Z","support":"Grand format","publisher_availability":1,"stock":0,"editions":[],"url":"https:\/\/quaidesbrumes.com\/ouvrage\/9782747562621\/la-volonte-approche-philosophique-et-analytique"},{"id":"9782747509206","title":"Odorat et humanite en crise a l'heure du deodorant parfume - pour une reconnaissance de l'intelligen","description":"L'auteur se propose de v\u00e9rifier le caract\u00e8re int\u00e9gr\u00e9 de l'odorat, sens longtemps m\u00e9pris\u00e9 des philosophes pour d\u00e9gager son humanit\u00e9 essentielle. D\u00e8s lors toute perturbation de l'univers aromatique peut \u00eatre vue comme un sympt\u00f4me d'une atteinte de l'homme. Les odeurs, dans notre soci\u00e9t\u00e9, ne sont-elles pas disqualifi\u00e9es, privant l'homme de racines existentielles et limitant par l\u00e0 sa capacit\u00e9 d'imaginaire ? Ce double constat d'\u00e9chec pourrait d\u00e9boucher sur le mal existentiel majeur : une crise du d\u00e9sir.\r","authors":["H\u00e9l\u00e8ne Faivre"],"category_codes":["9000000","9080000"],"visuals":{"large":"https:\/\/images.epagine.fr\/206\/9782747509206_1_75.jpg","medium":"https:\/\/images.epagine.fr\/206\/9782747509206_1_m.jpg","thumbnail":"https:\/\/images.epagine.fr\/206\/9782747509206_1_v.jpg"},"orderable":true,"show_badge":true,"formatted_price":"22,50&nbsp;\u20ac","formatted_published_date":"1er novembre 2003","publisher_availability_label":"Sur commande","short_details":"H\u00e9l\u00e8ne Faivre \u2014 \u00c9ditions L'Harmattan","translator":null,"weight":354,"page_count":242,"readership":null,"editor":"\u00c9ditions L'Harmattan","price":2250,"published_date":"2003-10-31T23:00:00.000000Z","support":"Grand format","publisher_availability":1,"stock":0,"editions":[],"url":"https:\/\/quaidesbrumes.com\/ouvrage\/9782747509206\/odorat-et-humanite-en-crise-a-lheure-du-deodorant-parfume-pour-une-reconnaissance-de-lintelligen"},{"id":"9782747510097","title":"PENSER L'AFRIQUE : suivi de l'Afrique \"fragment\u00e9e\"","description":"En mobilisant les ressources de l'anthropologie, de l'ethnologie, de la science politique et de la philosophie, ce court texte signifie la modalit\u00e9 particuli\u00e8re d'\u00eatre au monde de l'Afrique n\u00e9gro-africaine. S'y d\u00e9couvrent une Afrique irr\u00e9ductible aux paradigmes de la rationalit\u00e9 et \u00e0 l'av\u00e8nement du sujet, une Afrique ayant paradoxalement anticip\u00e9 sur la faillite du rationalisme sans avoir accompli l'exp\u00e9rience h\u00e9g\u00e9lienne du Concept. \u00catre-en-tiers du monde et\/ou tiers-monde ?\r","authors":["Bourahima Ouattara"],"category_codes":["9000000","9080000"],"visuals":{"large":"https:\/\/images.epagine.fr\/097\/9782747510097_1_75.jpg","medium":"https:\/\/images.epagine.fr\/097\/9782747510097_1_m.jpg","thumbnail":"https:\/\/images.epagine.fr\/097\/9782747510097_1_v.jpg"},"orderable":true,"show_badge":true,"formatted_price":"14,50&nbsp;\u20ac","formatted_published_date":"1er novembre 2003","publisher_availability_label":"Sur commande","short_details":"Bourahima Ouattara \u2014 \u00c9ditions L'Harmattan","translator":null,"weight":232,"page_count":166,"readership":null,"editor":"\u00c9ditions L'Harmattan","price":1450,"published_date":"2003-10-31T23:00:00.000000Z","support":"Grand format","publisher_availability":1,"stock":0,"editions":[],"url":"https:\/\/quaidesbrumes.com\/ouvrage\/9782747510097\/penser-lafrique-suivi-de-lafrique-fragmentee"},{"id":"9782747508629","title":"Technogenese de la television - le diable en histoire des machines","description":"L'ouvrage se situe dans un courant d'histoire \u00e9pist\u00e9mologique qu'il \u00e9largit et v\u00e9rifie. Il traite d'une fa\u00e7on rigoureuse et compl\u00e8te des origines scientifico-techniques de la T\u00e9l\u00e9vision. Ce cas de la T\u00e9l\u00e9vision est exemplaire : il permet de poser avec un maximum de force et de clart\u00e9 les probl\u00e8mes de fond concernant la rationalit\u00e9 de l'histoire des sciences d'une part, de celle des techniques de l'autre, et du rapport entre les deux. L'exemple privil\u00e9gi\u00e9 de la T\u00e9l\u00e9vision, montre que l'histoire raisonn\u00e9e des inventions intellectuelles et mat\u00e9rielles peut avoir un int\u00e9r\u00eat directement en rapport avec des probl\u00e8mes culturels d'une br\u00fblante actualit\u00e9.\r","authors":["Jean Cazenobe"],"category_codes":["9000000","9080000"],"visuals":{"large":"https:\/\/images.epagine.fr\/629\/9782747508629_1_75.jpg","medium":"https:\/\/images.epagine.fr\/629\/9782747508629_1_m.jpg","thumbnail":"https:\/\/images.epagine.fr\/629\/9782747508629_1_v.jpg"},"orderable":true,"show_badge":true,"formatted_price":"38,00&nbsp;\u20ac","formatted_published_date":"1er novembre 2003","publisher_availability_label":"Sur commande","short_details":"Jean Cazenobe \u2014 \u00c9ditions L'Harmattan","translator":null,"weight":610,"page_count":448,"readership":null,"editor":"\u00c9ditions L'Harmattan","price":3800,"published_date":"2003-10-31T23:00:00.000000Z","support":"Grand format","publisher_availability":1,"stock":0,"editions":[],"url":"https:\/\/quaidesbrumes.com\/ouvrage\/9782747508629\/technogenese-de-la-television-le-diable-en-histoire-des-machines"},{"id":"9782747512053","title":"SCHELLING ET L'ELAN DU SYSTEME DE L'IDEALISME TRANSCENDANTAL","description":"Les textes ici rassembl\u00e9s ont en commun de voir dans le Syst\u00e8me de l'id\u00e9alisme transcendantal de Schelling un chef-d'oeuvre satur\u00e9 de contenu plut\u00f4t qu'un trait\u00e9 limpide, un ouvrage strat\u00e9gique plut\u00f4t qu'un il\u00f4t solitaire. Ils contribuent ainsi, de mani\u00e8re d\u00e9cisive, \u00e0 en renouveler l'image, et devraient finir par nous convaincre de ce que cette oeuvre puise dans sa prodigieuse instabilit\u00e9 son l\u00e9gitime pouvoir d'attrait, dans sa complexit\u00e9 interne son prestige v\u00e9ritable.","authors":["Mikios Miklos","Alexandra Roux"],"category_codes":["9000000","9080000"],"visuals":{"large":"https:\/\/images.epagine.fr\/053\/9782747512053_1_75.jpg","medium":"https:\/\/images.epagine.fr\/053\/9782747512053_1_m.jpg","thumbnail":"https:\/\/images.epagine.fr\/053\/9782747512053_1_v.jpg"},"orderable":true,"show_badge":true,"formatted_price":"26,00&nbsp;\u20ac","formatted_published_date":"1er novembre 2003","publisher_availability_label":"Sur commande","short_details":"Mikios Miklos, Alexandra Roux \u2014 \u00c9ditions L'Harmattan","translator":null,"weight":410,"page_count":304,"readership":null,"editor":"\u00c9ditions L'Harmattan","price":2600,"published_date":"2003-10-31T23:00:00.000000Z","support":"Grand format","publisher_availability":1,"stock":0,"editions":[],"url":"https:\/\/quaidesbrumes.com\/ouvrage\/9782747512053\/schelling-et-lelan-du-systeme-de-lidealisme-transcendantal"},{"id":"9782854284331","title":"Rencontres francophones sur la logique floue et ses applications (edition 1996)","description":null,"authors":["Collectif"],"category_codes":["9000000","9080000","9080200","9080204"],"visuals":{"large":"https:\/\/images.epagine.fr\/331\/9782854284331_1_75.jpg","medium":"https:\/\/images.epagine.fr\/331\/9782854284331_1_m.jpg","thumbnail":"https:\/\/images.epagine.fr\/331\/9782854284331_1_v.jpg"},"orderable":true,"show_badge":true,"formatted_price":"20,00&nbsp;\u20ac","formatted_published_date":"27 janvier 1997","publisher_availability_label":"Sur commande","short_details":"Collectif \u2014 CEPADUES","translator":null,"weight":610,"page_count":null,"readership":null,"editor":"CEPADUES","price":2000,"published_date":"1997-01-26T23:00:00.000000Z","support":"Grand format","publisher_availability":1,"stock":0,"editions":[],"url":"https:\/\/quaidesbrumes.com\/ouvrage\/9782854284331\/rencontres-francophones-sur-la-logique-floue-et-ses-applications-edition-1996"},{"id":"9782747511575","title":"LES CAT\u00c9GORIES DE L'UNIVERSEL : Simone Weil et Hannah Arendt","description":"Simone Weil, Hannah Arendt : deux \" femmes de pens\u00e9e \" du XXe si\u00e8cle, toutes deux travers\u00e9es par l'exigence d'une intelligence du politique et de l'humain qui soit \u00e0 la hauteur de leur temps et des urgences de l'action. Mais une diff\u00e9rence d'\u00e9poque aussi : entre les deux, il y a le climax de l'extermination des juifs d'Europe. Deux oeuvres, deux d\u00e9marches deux exp\u00e9riences entre lesquelles se d\u00e9ploient plusieurs d\u00e9nominateurs communs comme autant de signes d'\u00e9poque. Avec elles s'\u00e9bauche peut-\u00eatre ainsi une compr\u00e9hension cat\u00e9goriale de l'universalit\u00e9 de la condition humaine.","authors":[],"category_codes":["9000000","9080000"],"visuals":{"large":"https:\/\/images.epagine.fr\/575\/9782747511575_1_75.jpg","medium":"https:\/\/images.epagine.fr\/575\/9782747511575_1_m.jpg","thumbnail":"https:\/\/images.epagine.fr\/575\/9782747511575_1_v.jpg"},"orderable":true,"show_badge":true,"formatted_price":"31,50&nbsp;\u20ac","formatted_published_date":"1er novembre 2003","publisher_availability_label":"Sur commande","short_details":"\u00c9ditions L'Harmattan","translator":null,"weight":466,"page_count":350,"readership":null,"editor":"\u00c9ditions L'Harmattan","price":3150,"published_date":"2003-10-31T23:00:00.000000Z","support":"Grand format","publisher_availability":1,"stock":0,"editions":[],"url":"https:\/\/quaidesbrumes.com\/ouvrage\/9782747511575\/les-categories-de-luniversel-simone-weil-et-hannah-arendt"},{"id":"9782747506052","title":"L'experience kantienne de la pensee - reflexion et architectonique dans la critique de la raison pur","description":"L'effort kantien pour constituer la pens\u00e9e comme syst\u00e8me est indissociable du principe de l'auto-institution de l'essence de la pens\u00e9e comme exigence de syst\u00e9maticit\u00e9. Penser, c'est instituer une pens\u00e9e qui doit se fonder elle-m\u00eame en permanence dans le respect d'une certaine \" \u00e9thique \". Interrogeant la condition de possibilit\u00e9 de cette auto-fondation, l'ouvrage fait appara\u00eetre la pens\u00e9e comme exp\u00e9rience de la libert\u00e9 ou exp\u00e9rience des limites, la pens\u00e9e \u00e9tant \u00e0 la fois ce qui \" passe \" \u00e0 la limite et ce qui tend vers ses propres limites.\r","authors":["Pascal Gaudet"],"category_codes":["9000000","9080000"],"visuals":{"large":"https:\/\/images.epagine.fr\/052\/9782747506052_1_75.jpg","medium":"https:\/\/images.epagine.fr\/052\/9782747506052_1_m.jpg","thumbnail":"https:\/\/images.epagine.fr\/052\/9782747506052_1_v.jpg"},"orderable":true,"show_badge":true,"formatted_price":"34,50&nbsp;\u20ac","formatted_published_date":"1er novembre 2003","publisher_availability_label":"Sur commande","short_details":"Pascal Gaudet \u2014 \u00c9ditions L'Harmattan","translator":null,"weight":560,"page_count":415,"readership":null,"editor":"\u00c9ditions L'Harmattan","price":3450,"published_date":"2003-10-31T23:00:00.000000Z","support":"Grand format","publisher_availability":1,"stock":0,"editions":[],"url":"https:\/\/quaidesbrumes.com\/ouvrage\/9782747506052\/lexperience-kantienne-de-la-pensee-reflexion-et-architectonique-dans-la-critique-de-la-raison-pur"},{"id":"9782747518895","title":"LE R\u00caVE D\u00c9MOCRATIQUE DE LA PHILOSOPHIE : D'une rive \u00e0 l'autre de l'Atlantique suivie de ESSAI DE PHILOSOPHIE POPULAIRE","description":"Un ensemble de textes choisis de Am\u00e9d\u00e9e Jacques \u00e9minent professeur de philosophie au lyc\u00e9e Louis-Le-Grand pendant dix-neuf ans, qui destitu\u00e9 brutalement, se lancera dans le journalisme d\u00e9mocratique, quitte la France lors du coup d'\u00e9tat de Napol\u00e9on Bonaparte et d\u00e9cide de transporter son r\u00eave d\u00e9mocratique an Argentine. Il y aura invent\u00e9 sans doute une forme d'existence p\u00e9dagogique d'un savoir philosophique que le Second Empire avait laiss\u00e9 en France sans emploi.\r","authors":["Am\u00e9d\u00e9e Jacques","Patrice Vermeren"],"category_codes":["9000000","9080000"],"visuals":{"large":"https:\/\/images.epagine.fr\/895\/9782747518895_1_75.jpg","medium":"https:\/\/images.epagine.fr\/895\/9782747518895_1_m.jpg","thumbnail":"https:\/\/images.epagine.fr\/895\/9782747518895_1_v.jpg"},"orderable":true,"show_badge":true,"formatted_price":"28,00&nbsp;\u20ac","formatted_published_date":"1er novembre 2003","publisher_availability_label":"Sur commande","short_details":"Am\u00e9d\u00e9e Jacques, Patrice Vermeren \u2014 \u00c9ditions L'Harmattan","translator":null,"weight":442,"page_count":325,"readership":null,"editor":"\u00c9ditions L'Harmattan","price":2800,"published_date":"2003-10-31T23:00:00.000000Z","support":"Grand format","publisher_availability":1,"stock":0,"editions":[],"url":"https:\/\/quaidesbrumes.com\/ouvrage\/9782747518895\/le-reve-democratique-de-la-philosophie-dune-rive-a-lautre-de-latlantique-suivie-de-essai-de-philosophie-populaire"},{"id":"9782747512732","title":"Antih\u00e9rauts ; s\u00e9rialisme exclamationniste","description":"C\u00e9dric Yole, animateur de la Coordination Exclamationniste depuis sa cr\u00e9ation en 1998, nous livre ici un double recueil po\u00e9tique, \u00e9crit dans l'esprit des principes exclamationnistes. S\u00e9rialisme Exclamationniste est ainsi une r\u00e9ponse jubilatoire \u00e0 la po\u00e9sie sombre et solitaire de Antih\u00e9rauts. La voix de C\u00e9dric Yole tour \u00e0 tour intemporelle, cocasse, m\u00e9ditative et d'une urgente modernit\u00e9, porte l'\u00e9clat incertain et fi\u00e9vreux de cette crois\u00e9e de mill\u00e9naires.\r","authors":["C\u00e9dric Yole"],"category_codes":["9000000","9080000","9080200","9080204"],"visuals":{"large":"https:\/\/images.epagine.fr\/732\/9782747512732_1_75.jpg","medium":"https:\/\/images.epagine.fr\/732\/9782747512732_1_m.jpg","thumbnail":"https:\/\/images.epagine.fr\/732\/9782747512732_1_v.jpg"},"orderable":true,"show_badge":true,"formatted_price":"17,50&nbsp;\u20ac","formatted_published_date":"1er novembre 2003","publisher_availability_label":"Sur commande","short_details":"C\u00e9dric Yole \u2014 \u00c9ditions L'Harmattan","translator":null,"weight":266,"page_count":192,"readership":null,"editor":"\u00c9ditions L'Harmattan","price":1750,"published_date":"2003-10-31T23:00:00.000000Z","support":"Grand format","publisher_availability":1,"stock":0,"editions":[],"url":"https:\/\/quaidesbrumes.com\/ouvrage\/9782747512732\/antiherauts-serialisme-exclamationniste"},{"id":"9782747511032","title":"Le discours de la vie ; trois essais sur Platon, Kierkegaard et Nietzsche","description":"A cette t\u00e2che : narrer la vie, le penseur n'est pas moins vou\u00e9 que le po\u00e8te - tenu d'inventer un discours de la vie qui soit fid\u00e8le \u00e0 sa perp\u00e9tuelle invention, tenu de d\u00e9placer les fronti\u00e8res du possible et de l'impossible pour qu'un logos puisse d\u00e9sormais d\u00e9crire cette exp\u00e9rience premi\u00e8re, celle du monde de la vie. Qu'une ph\u00e9nom\u00e9nologie de la vie puisse se constituer effectivement en r\u00e9cit, les auteurs en donnent ici trois exemples : le mythe (Platon), le discours \u00e9difiant (Kierkegaard) et la pens\u00e9e po\u00e9tique du Zarathoustra (Nietzsche).\r","authors":["J\u00e9r\u00f4me de Gramont"],"category_codes":["9000000","9080000","9080200","9080204"],"visuals":{"large":"https:\/\/images.epagine.fr\/032\/9782747511032_1_75.jpg","medium":"https:\/\/images.epagine.fr\/032\/9782747511032_1_m.jpg","thumbnail":"https:\/\/images.epagine.fr\/032\/9782747511032_1_v.jpg"},"orderable":true,"show_badge":true,"formatted_price":"33,00&nbsp;\u20ac","formatted_published_date":"1er novembre 2003","publisher_availability_label":"Sur commande","short_details":"J\u00e9r\u00f4me de Gramont \u2014 \u00c9ditions L'Harmattan","translator":null,"weight":492,"page_count":368,"readership":null,"editor":"\u00c9ditions L'Harmattan","price":3300,"published_date":"2003-10-31T23:00:00.000000Z","support":"Grand format","publisher_availability":1,"stock":0,"editions":[],"url":"https:\/\/quaidesbrumes.com\/ouvrage\/9782747511032\/le-discours-de-la-vie-trois-essais-sur-platon-kierkegaard-et-nietzsche"},{"id":"9782747513258","title":"HEIDEGGER ET LA LIBERT\u00c9 : Le Projet politique de \" Sein und Zeit \"","description":"Il existe une pens\u00e9e politique chez Martin Hridegger qui n'est cependant pas assimilable \u00e0 la th\u00e9orie fasciste. Cet ouvrage rend philosophiquement compte de l'impossibilit\u00e9 de cette association r\u00e9ductrice. A partir du texte majeur qu'est \" Sein und Zeit \", cette \u00e9tude parvient \u00e0 lier la diversit\u00e9 des composants d'une r\u00e9flexion profond\u00e9ment humaniste qui fait de cette pens\u00e9e l'un des cheminements le plus radicalement novateur d\u00e9di\u00e9 au fait politique contemporain.\r","authors":["Andr\u00e9 Jean-\u00e9douard"],"category_codes":["9000000","9080000"],"visuals":{"large":"https:\/\/images.epagine.fr\/258\/9782747513258_1_75.jpg","medium":"https:\/\/images.epagine.fr\/258\/9782747513258_1_m.jpg","thumbnail":"https:\/\/images.epagine.fr\/258\/9782747513258_1_v.jpg"},"orderable":true,"show_badge":true,"formatted_price":"22,50&nbsp;\u20ac","formatted_published_date":"1er novembre 2003","publisher_availability_label":"Sur commande","short_details":"Andr\u00e9 Jean-\u00e9douard \u2014 \u00c9ditions L'Harmattan","translator":null,"weight":352,"page_count":258,"readership":null,"editor":"\u00c9ditions L'Harmattan","price":2250,"published_date":"2003-10-31T23:00:00.000000Z","support":"Grand format","publisher_availability":1,"stock":0,"editions":[],"url":"https:\/\/quaidesbrumes.com\/ouvrage\/9782747513258\/heidegger-et-la-liberte-le-projet-politique-de-sein-und-zeit"},{"id":"9782747510288","title":"Hindyye d'alep : mystique de la chair et jalousie divine","description":"Au XVIII si\u00e8cle, Hindiyy\u00e9, la plus grande mystique chr\u00e9tienne en Orient, voit l'amour sacr\u00e9 entre l'homme et le Christ comme un amour charnel. Rome a condamn\u00e9 la moniale et dissolu sa congr\u00e9gation. Mais l'auteur tente de cerner la personnalit\u00e9 de cette femme exceptionnelle, en \u00e9tudiant les textes qu'elle a \u00e9crits.\r","authors":["Jad Hatem"],"category_codes":["9000000","9080000"],"visuals":{"large":"https:\/\/images.epagine.fr\/288\/9782747510288_1_75.jpg","medium":"https:\/\/images.epagine.fr\/288\/9782747510288_1_m.jpg","thumbnail":"https:\/\/images.epagine.fr\/288\/9782747510288_1_v.jpg"},"orderable":true,"show_badge":true,"formatted_price":"13,50&nbsp;\u20ac","formatted_published_date":"1er novembre 2003","publisher_availability_label":"Sur commande","short_details":"Jad Hatem \u2014 \u00c9ditions L'Harmattan","translator":null,"weight":186,"page_count":146,"readership":null,"editor":"\u00c9ditions L'Harmattan","price":1350,"published_date":"2003-10-31T23:00:00.000000Z","support":"Grand format","publisher_availability":1,"stock":0,"editions":[],"url":"https:\/\/quaidesbrumes.com\/ouvrage\/9782747510288\/hindyye-dalep-mystique-de-la-chair-et-jalousie-divine"},{"id":"9782747512695","title":"NOUVELLE TH\u00c9ODIC\u00c9E d'apr\u00e8s la m\u00e9thode psychologique","description":"La querelle du panth\u00e9isme appara\u00eet comme un des \u00e9pisodes de la question de la la\u00efcit\u00e9 qui aboutira \u00e0 la s\u00e9paration de l'Eglise et de l'Etat. Elle vise le monopole universitaire sur les institutions de l'enseignement public et atteint son point culminant dans l'Essai sur le panth\u00e9isme (1843) de l'abb\u00e9 Maret et dans les discours de Cousin \u00e0 la Chambre des Pairs au printemps 1844. Dans les ann\u00e9es 30 c'est le \" parti pr\u00eatre \" qui r\u00e9clame la suppression de la th\u00e9odic\u00e9e, jug\u00e9e comme une pr\u00e9tention exag\u00e9r\u00e9e de la part de la philosophie de s'avancer sur le terrain de la th\u00e9ologie. D\u00e8s lors, cette Nouvelle Th\u00e9odic\u00e9e est un trait\u00e9 \u00e9l\u00e9mentaire \u00e0 l'usage des classes.\r","authors":["Victor Cousin","Renzo Ragghianti"],"category_codes":["9000000","9080000"],"visuals":{"large":"https:\/\/images.epagine.fr\/695\/9782747512695_1_75.jpg","medium":"https:\/\/images.epagine.fr\/695\/9782747512695_1_m.jpg","thumbnail":"https:\/\/images.epagine.fr\/695\/9782747512695_1_v.jpg"},"orderable":true,"show_badge":true,"formatted_price":"21,00&nbsp;\u20ac","formatted_published_date":"1er novembre 2003","publisher_availability_label":"Sur commande","short_details":"Victor Cousin, Renzo Ragghianti \u2014 \u00c9ditions L'Harmattan","translator":null,"weight":300,"page_count":216,"readership":null,"editor":"\u00c9ditions L'Harmattan","price":2100,"published_date":"2003-10-31T23:00:00.000000Z","support":"Grand format","publisher_availability":1,"stock":0,"editions":[],"url":"https:\/\/quaidesbrumes.com\/ouvrage\/9782747512695\/nouvelle-theodicee-dapres-la-methode-psychologique"},{"id":"9782913126053","title":"Ecrits philosophiques t.1 ; realisme rationalisme et methode scientifique","description":"Pendant les trente derni\u00e8res ann\u00e9es, Paul Feyerabend a d\u00e9velopp\u00e9 une approche extr\u00eamement distinctive et influente des probl\u00e8mes de philosophie des sciences.\r\nLes plus importants et s\u00e9minaux de ses articles sont maintenant r\u00e9unis en trois volumes, avec de nouvelles introductions qui fournissent une vue d'ensemble et mettent historiquement en perspective les discussions. Ce livre, le premier de la s\u00e9rie, pr\u00e9sente des articles sur l'interpr\u00e9tation des th\u00e9ories scientifiques, de m\u00eame que des textes appliquant les positions d\u00e9velopp\u00e9es \u00e0 des probl\u00e8mes particuliers, en philosophie et en physique.\r\nFeyerabend plaide avec grande force et imagination pour un pluralisme englobant et opportuniste. Pour ce faire, il mobilise une profonde connaissance de l'histoire et de la pratique scientifiques, et reste attentif aux larges implications philosophiques, pratiques et politiques des positions en concurrence. \" Tant que nous avions derri\u00e8re nos esprits l'id\u00e9e d'une r\u00e9alit\u00e9 ind\u00e9pendante pour tirer la pens\u00e9e dans la bonne direction, l'insistance de Feyerabend sur l'in\u00e9puisable diversit\u00e9 des normes possibles semblait purement provocatrice.\r\nMais sans une telle r\u00e9alit\u00e9, la charge de la preuve a bascul\u00e9. Il a en effet fait le travail historique pour montrer que des personnes saines ayant de bonnes id\u00e9es, tout \u00e0 la fois au sein de la science occidentale et hors de celle-ci, ont dress\u00e9 toutes sortes de valeurs intellectuelles diff\u00e9rentes. Apr\u00e8s Feyerabend, se contenter de faire un signe dans la direction de quelque suppos\u00e9 engagement intellectuel commun ne pourra plus tenir en \u00e9chec le relativisme.\r\nEn effet, Feyerabend a rendu tr\u00e8s difficile de voir comment nous pouvons continuer \u00e0 croire en la seule vraie voie th\u00e9orique \" The Times Literary Supplement. Cette \u00e9dition est pr\u00e9c\u00e9d\u00e9e d'une pr\u00e9sentation \u00e9toff\u00e9e du traducteur : \" La route vers Against Method \", qui s'emploie \u00e0 reconstruire la grammaire interne des mat\u00e9riaux r\u00e9unis dans ce livre, la logique de leur organisation, et montre comment, avec ces textes, nous entrons dans la g\u00e9n\u00e9alogie des positions feyerabendiennes et avons l'occasion d'une argumentation d\u00e9taill\u00e9e de ses grandes conceptions, ce qui les rend moins iconoclastes qu'elles ne paraissent d'ordinaire...\r","authors":["Paul K Feyerabend"],"category_codes":["9000000","9080000","9080200","9080204"],"visuals":{"large":"https:\/\/images.epagine.fr\/053\/9782913126053_1_75.jpg","medium":"https:\/\/images.epagine.fr\/053\/9782913126053_1_m.jpg","thumbnail":"https:\/\/images.epagine.fr\/053\/9782913126053_1_v.jpg"},"orderable":true,"show_badge":true,"formatted_price":"39,00&nbsp;\u20ac","formatted_published_date":"31 octobre 2002","publisher_availability_label":"Sur commande","short_details":"Paul K Feyerabend \u2014 DIANOIA","translator":null,"weight":480,"page_count":350,"readership":null,"editor":"DIANOIA","price":3900,"published_date":"2002-10-30T23:00:00.000000Z","support":"Grand format","publisher_availability":1,"stock":0,"editions":[],"url":"https:\/\/quaidesbrumes.com\/ouvrage\/9782913126053\/ecrits-philosophiques-t1-realisme-rationalisme-et-methode-scientifique"}]}