{"data":[{"id":"9782738471833","title":"Esth\u00e9tique du management ; gestion du beau et du sublime de kant \u00e0 gadamer","description":"Si entreprendre est un art, la gestion est une affaire d'esth\u00e9tique. Mais comment produit-on le beau ou le sublime. Suivant le conseil de Joseph Beuys qui insiste sur KUNST=KAPITAL, l'art est identique au capital dans l'entreprise de demain. Et nous voil\u00e0 en route pour une le\u00e7on de gestion. Enseign\u00e9e par les ma\u00eetres modernes de Kant \u00e0 Gadamer. Un vrai cours europ\u00e9en de M.B.A., c'est-\u00e0-dire un Master en Business Art.\r","authors":["Pierre Guillet de monthoux"],"category_codes":["9000000","9080000","9080200","9080204"],"visuals":{"large":"https:\/\/images.epagine.fr\/833\/9782738471833_1_75.jpg","medium":"https:\/\/images.epagine.fr\/833\/9782738471833_1_m.jpg","thumbnail":"https:\/\/images.epagine.fr\/833\/9782738471833_1_v.jpg"},"orderable":true,"show_badge":true,"formatted_price":"19,00&nbsp;\u20ac","formatted_published_date":"3 mai 2000","publisher_availability_label":"Sur commande","short_details":"Pierre Guillet de monthoux \u2014 \u00c9ditions L'Harmattan","translator":null,"weight":262,"page_count":202,"readership":null,"editor":"\u00c9ditions L'Harmattan","price":1900,"published_date":"2000-05-02T22:00:00.000000Z","support":"Grand format","publisher_availability":1,"stock":0,"editions":[],"url":"https:\/\/quaidesbrumes.com\/ouvrage\/9782738471833\/esthetique-du-management-gestion-du-beau-et-du-sublime-de-kant-a-gadamer"},{"id":"9782747514101","title":"Le service","description":"Le service, dans l'ensemble de ses dimensions politiques, \u00e9conomiques, sociales, etc., repose fondamentalement sur un h\u00e9ritage religieux. Il est l'effet r\u00e9el, l'acte prodigieux de la magie des mots capables de parler au corps en faisant voir et croire. Il est un produit naturel de la culture du minist\u00e8re de la Parole. Les trois incursions d'un instant dans la th\u00e9ologie pratique, dogmatique et historique r\u00e9unies dans cet ouvrage, mettent en \u00e9vidence la mat\u00e9rialit\u00e9 ind\u00e9niable de marques ext\u00e9rieures du service et de son inscription dans des codes de discours mill\u00e9naire.\r","authors":["St\u00e9phane Bratosin"],"category_codes":["9000000","9080000","9080200","9080204"],"visuals":{"large":"https:\/\/images.epagine.fr\/101\/9782747514101_1_75.jpg","medium":"https:\/\/images.epagine.fr\/101\/9782747514101_1_m.jpg","thumbnail":"https:\/\/images.epagine.fr\/101\/9782747514101_1_v.jpg"},"orderable":true,"show_badge":true,"formatted_price":"12,00&nbsp;\u20ac","formatted_published_date":"1er novembre 2003","publisher_availability_label":"Sur commande","short_details":"St\u00e9phane Bratosin \u2014 \u00c9ditions L'Harmattan","translator":null,"weight":168,"page_count":126,"readership":null,"editor":"\u00c9ditions L'Harmattan","price":1200,"published_date":"2003-10-31T23:00:00.000000Z","support":"Grand format","publisher_availability":1,"stock":0,"editions":[],"url":"https:\/\/quaidesbrumes.com\/ouvrage\/9782747514101\/le-service"},{"id":"9782747506328","title":"Du risque de philosopher - l'enseignement philosophique en question","description":"L'\u00e9cole doit s'adapter \u00e0 son monde, cela ne peut-\u00eatre autrement. Comment, est une autre affaire. Quelle est la place de la philosophie dans l'enseignement, est encore une autre question. Dans quelles mesure les exigences d'une \u00e9ducation de masse permettent-elles l'exercice d'un enseignement philosophique ? En faisant appara\u00eetre le risque de la singularit\u00e9, d'une pens\u00e9e autonome, la philosophie n'est-elle pas, paradoxalement, garante d'une d\u00e9mocratisation r\u00e9elle ?\r","authors":["Testefort J-P."],"category_codes":["9000000","9080000"],"visuals":{"large":"https:\/\/images.epagine.fr\/328\/9782747506328_1_75.jpg","medium":"https:\/\/images.epagine.fr\/328\/9782747506328_1_m.jpg","thumbnail":"https:\/\/images.epagine.fr\/328\/9782747506328_1_v.jpg"},"orderable":true,"show_badge":true,"formatted_price":"14,00&nbsp;\u20ac","formatted_published_date":"1er novembre 2003","publisher_availability_label":"Sur commande","short_details":"Testefort J-P. \u2014 \u00c9ditions L'Harmattan","translator":null,"weight":168,"page_count":116,"readership":null,"editor":"\u00c9ditions L'Harmattan","price":1400,"published_date":"2003-10-31T23:00:00.000000Z","support":"Grand format","publisher_availability":1,"stock":0,"editions":[],"url":"https:\/\/quaidesbrumes.com\/ouvrage\/9782747506328\/du-risque-de-philosopher-lenseignement-philosophique-en-question"},{"id":"9782747507349","title":"MONDES SAGES, MONDES FOUS DANS L'ITALIE DE LA RENAISSANCE ET DE L'\u00c2GE BAROQUE","description":"Au XVIe si\u00e8cle, la litt\u00e9rature italienne s'ouvre \u00e0 l'utopie \u00e0 travers une dizaine de textes majeurs. Il s'agit de r\u00e9cits d\u00e9crivant une cit\u00e9 imaginaire, dans un lieu \u00e9loign\u00e9, dont un voyageur explique l'organisation socio-politique. Mais ces pures fictions fonctionnent en fait comme autant de chambres d'\u00e9cho d'une soci\u00e9t\u00e9 en crise qui va d\u00e9boucher sur l'\u00e9poque moderne, en qu\u00eate d'une unit\u00e9 perdue ou anticip\u00e9e.\r","authors":["Catherine Kirkby-Pitiot"],"category_codes":["9000000","9080000"],"visuals":{"large":"https:\/\/images.epagine.fr\/349\/9782747507349_1_75.jpg","medium":"https:\/\/images.epagine.fr\/349\/9782747507349_1_m.jpg","thumbnail":"https:\/\/images.epagine.fr\/349\/9782747507349_1_v.jpg"},"orderable":true,"show_badge":true,"formatted_price":"26,00&nbsp;\u20ac","formatted_published_date":"1er novembre 2003","publisher_availability_label":"Sur commande","short_details":"Catherine Kirkby-Pitiot \u2014 \u00c9ditions L'Harmattan","translator":null,"weight":396,"page_count":288,"readership":null,"editor":"\u00c9ditions L'Harmattan","price":2600,"published_date":"2003-10-31T23:00:00.000000Z","support":"Grand format","publisher_availability":1,"stock":0,"editions":[],"url":"https:\/\/quaidesbrumes.com\/ouvrage\/9782747507349\/mondes-sages-mondes-fous-dans-litalie-de-la-renaissance-et-de-lage-baroque"},{"id":"9782872096237","title":"Population, d\u00e9veloppement, environnement : Pour des regards interdisciplinaires","description":"Cet ouvrage reprend une s\u00e9rie de six conf\u00e9rences que L\u00e9o Apostel fit, en 1993, dans le cadre de la chaire Francqui, au d\u00e9partement SPED de l'UCL. Le philosophe essaie d'\u00e9tablir des liaisons interdisciplinaires entre l'\u00e9cologie, la d\u00e9mographie et la th\u00e9orie du d\u00e9veloppement.","authors":["L\u00e9o Apostel"],"category_codes":["9000000","9080000","9080700"],"visuals":{"large":"https:\/\/images.epagine.fr\/237\/9782872096237_1_75.jpg","medium":"https:\/\/images.epagine.fr\/237\/9782872096237_1_m.jpg","thumbnail":"https:\/\/images.epagine.fr\/237\/9782872096237_1_v.jpg"},"orderable":true,"show_badge":true,"formatted_price":"28,00&nbsp;\u20ac","formatted_published_date":"11 d\u00e9cembre 2001","publisher_availability_label":"Sur commande","short_details":"L\u00e9o Apostel \u2014 ACADEMIA","translator":null,"weight":410,"page_count":250,"readership":null,"editor":"ACADEMIA","price":2800,"published_date":"2001-12-10T23:00:00.000000Z","support":"Grand format","publisher_availability":1,"stock":0,"editions":[],"url":"https:\/\/quaidesbrumes.com\/ouvrage\/9782872096237\/population-developpement-environnement-pour-des-regards-interdisciplinaires"},{"id":"9782747515689","title":"SARTRE OU LES AVENTURES DU SUJET : Essai sur les paradoxes de l'identit\u00e9 dans l'oeuvre philosophique du premier Sartre","description":"L'enjeu de cet essai est circonscrit \u00e0 l'unit\u00e9 probl\u00e9matique d'une oeuvre indissociablement philosophique et litt\u00e9raire. Comment l'auteur de L'imaginaire et de l'Etre et le N\u00e9ant est-il parvenu \u00e0 concilier la position irr\u00e9alisante de la conscience, le \" pacte litt\u00e9raire \" de la Naus\u00e9e avec un retour au r\u00e9el qui pr\u00e9tend d\u00e9boucher sur la mise en perspective concr\u00e8te et r\u00e9aliste d'une libert\u00e9 situ\u00e9e ? Quels sont les probl\u00e8mes que pose la construction philosophique et existentielle de l'identit\u00e9 que le premier Sartre s'est efforc\u00e9 de mettre en forme ?","authors":["Claude Poulette"],"category_codes":["9000000","9080000"],"visuals":{"large":"https:\/\/images.epagine.fr\/689\/9782747515689_1_75.jpg","medium":"https:\/\/images.epagine.fr\/689\/9782747515689_1_m.jpg","thumbnail":"https:\/\/images.epagine.fr\/689\/9782747515689_1_v.jpg"},"orderable":true,"show_badge":true,"formatted_price":"24,00&nbsp;\u20ac","formatted_published_date":"1er novembre 2003","publisher_availability_label":"Sur commande","short_details":"Claude Poulette \u2014 \u00c9ditions L'Harmattan","translator":null,"weight":344,"page_count":272,"readership":null,"editor":"\u00c9ditions L'Harmattan","price":2400,"published_date":"2003-10-31T23:00:00.000000Z","support":"Grand format","publisher_availability":1,"stock":0,"editions":[],"url":"https:\/\/quaidesbrumes.com\/ouvrage\/9782747515689\/sartre-ou-les-aventures-du-sujet-essai-sur-les-paradoxes-de-lidentite-dans-loeuvre-philosophique-du-premier-sartre"},{"id":"9782829302312","title":"De la France","description":"Le d\u00e9bat entre le directeur du journal Le Monde et celui du Nouvel Observateur, avec le philosophe, est loin d'\u00eatre banal et ouvre des perspectives sur le XXIe si\u00e8cle.\r","authors":["Jean-marie Colombani","Alain Finkielkraut","Jacques Julliard"],"category_codes":["9000000","9080000","9080200","9080204"],"visuals":{"large":"https:\/\/images.epagine.fr\/312\/9782829302312_1_75.jpg","medium":"https:\/\/images.epagine.fr\/312\/9782829302312_1_m.jpg","thumbnail":"https:\/\/images.epagine.fr\/312\/9782829302312_1_v.jpg"},"orderable":true,"show_badge":true,"formatted_price":"7,50&nbsp;\u20ac","formatted_published_date":"20 novembre 2001","publisher_availability_label":"Sur commande","short_details":"Jean-marie Colombani, Alain Finkielkraut, Jacques Julliard \u2014 Tricorne","translator":null,"weight":200,"page_count":64,"readership":null,"editor":"Tricorne","price":750,"published_date":"2001-11-19T23:00:00.000000Z","support":"Grand format","publisher_availability":1,"stock":0,"editions":[],"url":"https:\/\/quaidesbrumes.com\/ouvrage\/9782829302312\/de-la-france"},{"id":"9782747508766","title":"ANOREXIE MENTALE, UNE D\u00c9RAISON PHILOSOPHIQUE","description":"L'association de deux mots aussi antinomiques que d\u00e9raison et philosophique pour caract\u00e9riser l'anorexie mentale traduit l'ambigu\u00eft\u00e9 de cette maladie. L'anorexie mentale plonge ses racines dans les angoisses existentielles de l'adolescente ; comme si la fuite dans l'anorexie \u00e9tait la seule protection contre le vertige inacceptable que font na\u00eetre les id\u00e9es de libert\u00e9, de sexualit\u00e9, de vieillissement et de mort. L'ambivalence des liens de d\u00e9pendance avec les parents participent \u00e0 cette impossible n\u00e9cessit\u00e9 d'affronter la crise identitaire pubertaire.\r","authors":["Bernard Vialettes"],"category_codes":["9000000","9120000","9120300","9120311"],"visuals":{"large":"https:\/\/images.epagine.fr\/766\/9782747508766_1_75.jpg","medium":"https:\/\/images.epagine.fr\/766\/9782747508766_1_m.jpg","thumbnail":"https:\/\/images.epagine.fr\/766\/9782747508766_1_v.jpg"},"orderable":true,"show_badge":true,"formatted_price":"28,50&nbsp;\u20ac","formatted_published_date":"1er novembre 2003","publisher_availability_label":"Sur commande","short_details":"Bernard Vialettes \u2014 \u00c9ditions L'Harmattan","translator":null,"weight":368,"page_count":270,"readership":null,"editor":"\u00c9ditions L'Harmattan","price":2850,"published_date":"2003-10-31T23:00:00.000000Z","support":"Grand format","publisher_availability":1,"stock":0,"editions":[],"url":"https:\/\/quaidesbrumes.com\/ouvrage\/9782747508766\/anorexie-mentale-une-deraison-philosophique"},{"id":"9782747507592","title":"AUX ORIGINES DE LA COMMUNICATION HUMAINE","description":"L'auteur  pr\u00e9sente le bilan d'une cha\u00eene qui m\u00e8ne des premiers hommes \u00e0 Homo sapiens sapiens, c'est-\u00e0-dire \u00e0 nous-m\u00eames. Le langage est-il apparu subitement avec Homo sapiens sapiens ou bien s'agit-il d'une \u00e9volution progressive jusqu'\u00e0 Cro-Magnon ? Y a-t-il eu ou non pens\u00e9e sans langage chez les premiers hommes de la pr\u00e9histoire et jusqu'\u00e0 quel stade de leur \u00e9volution ? Une r\u00e9flexion sur le comportement cognitif des premiers hommes et sur les origines d'un langage gestuel, oral ou symbolique.","authors":["Claude Meyer"],"category_codes":["9000000","9080000"],"visuals":{"large":"https:\/\/images.epagine.fr\/592\/9782747507592_1_75.jpg","medium":"https:\/\/images.epagine.fr\/592\/9782747507592_1_m.jpg","thumbnail":"https:\/\/images.epagine.fr\/592\/9782747507592_1_v.jpg"},"orderable":true,"show_badge":true,"formatted_price":"22,50&nbsp;\u20ac","formatted_published_date":"1er novembre 2003","publisher_availability_label":"Sur commande","short_details":"Claude Meyer \u2014 \u00c9ditions L'Harmattan","translator":null,"weight":300,"page_count":240,"readership":null,"editor":"\u00c9ditions L'Harmattan","price":2250,"published_date":"2003-10-31T23:00:00.000000Z","support":"Grand format","publisher_availability":1,"stock":0,"editions":[],"url":"https:\/\/quaidesbrumes.com\/ouvrage\/9782747507592\/aux-origines-de-la-communication-humaine"},{"id":"9782747508490","title":"Esthetique de sartre (l') artistes et intellectuels","description":"Jean-Paul Sartre a fond\u00e9 son esth\u00e9tique sur l'analyse des oeuvres et des vies de nombreux artistes et \u00e9crivains. Dans ses \u00e9tudes sur Wols, Giacometti, Alexandre Calder, Gustave Flaubert, Charles Beaudelaire, St\u00e9phane Mallarm\u00e9, Jean Genet et le Tintoret, Sartre a d\u00e9velopp\u00e9 une m\u00e9thode de portrait qu'il a fond\u00e9e sur la philosophie. La reconstruction de cette m\u00e9thode permet de comprendre \u00e0 quel point Sartre s'est efforc\u00e9 durant toute sa vie de lier \u00e9troitement son activit\u00e9 litt\u00e9raire \u00e0 la philosophie.\r","authors":["Heiner Wittmann","Judith Yacar"],"category_codes":["9000000","9080000","9080200","9080204"],"visuals":{"large":"https:\/\/images.epagine.fr\/490\/9782747508490_1_75.jpg","medium":"https:\/\/images.epagine.fr\/490\/9782747508490_1_m.jpg","thumbnail":"https:\/\/images.epagine.fr\/490\/9782747508490_1_v.jpg"},"orderable":true,"show_badge":true,"formatted_price":"22,50&nbsp;\u20ac","formatted_published_date":"1er novembre 2003","publisher_availability_label":"Sur commande","short_details":"Heiner Wittmann, Judith Yacar \u2014 \u00c9ditions L'Harmattan","translator":"JUDITH YACAR","weight":354,"page_count":255,"readership":null,"editor":"\u00c9ditions L'Harmattan","price":2250,"published_date":"2003-10-31T23:00:00.000000Z","support":"Grand format","publisher_availability":1,"stock":0,"editions":[],"url":"https:\/\/quaidesbrumes.com\/ouvrage\/9782747508490\/esthetique-de-sartre-l-artistes-et-intellectuels"},{"id":"9782738494702","title":"LES R\u00c8GLES DE L'INTERACTION : Essais de philosophie sociologique","description":"Cet ouvrage tente de poser les bases philosophiques de la sociologie au moyen de l'interpr\u00e9tation des \u00e9crits de certains des penseurs les plus importants de notre tradition philosophique. Le noyau de cette \u00e9tude porte sur les formes du vivre ensemble que les r\u00e8gles de la socialit\u00e9 d\u00e9gag\u00e9es dans l'analyse de ces \u00e9crits permettent de rep\u00e9rer : r\u00e8gles de lutte (Machiavel), de coop\u00e9ration comp\u00e9titivit\u00e9 (Hobbes), strat\u00e9gique (Leibniz), \u00e9galitaire (Rousseau), enfin r\u00e8gles morales (Kant). L'ouvrage propose une philosophie de la socialit\u00e9 fond\u00e9e sur le pluralisme des r\u00e8gles de l'interaction.\r","authors":["Roberto Miguelez"],"category_codes":["9000000","9080000"],"visuals":{"large":"https:\/\/images.epagine.fr\/702\/9782738494702_1_75.jpg","medium":"https:\/\/images.epagine.fr\/702\/9782738494702_1_m.jpg","thumbnail":"https:\/\/images.epagine.fr\/702\/9782738494702_1_v.jpg"},"orderable":true,"show_badge":true,"formatted_price":"31,50&nbsp;\u20ac","formatted_published_date":"15 juin 2001","publisher_availability_label":"Sur commande","short_details":"Roberto Miguelez \u2014 \u00c9ditions L'Harmattan","translator":null,"weight":394,"page_count":344,"readership":null,"editor":"\u00c9ditions L'Harmattan","price":3150,"published_date":"2001-06-14T22:00:00.000000Z","support":"Grand format","publisher_availability":1,"stock":0,"editions":[],"url":"https:\/\/quaidesbrumes.com\/ouvrage\/9782738494702\/les-regles-de-linteraction-essais-de-philosophie-sociologique"},{"id":"9782220050294","title":"L'asie et nous","description":"Les attentats du 11 septembre 2001 ont rappel\u00e9 quelques \u00e9vidences trop oubli\u00e9es, et d'abord la fragilit\u00e9 de la paix.\r\nIls ont \u00e9galement mis au premier plan de l'actualit\u00e9 des pays - l'Afghanistan, le Pakistan - qui figurent parmi les laiss\u00e9s pour compte d'un ph\u00e9nom\u00e8ne majeur de notre temps, l'ascension de l'Asie. Cette ascension est n\u00e9e d'une remarquable croissance \u00e9conomique. L\u00e0 o\u00f9 la croissance s'est concentr\u00e9e, l\u00e0 o\u00f9 elle a rayonn\u00e9, au Japon, en Asie du sud-est puis en Chine, elle a apport\u00e9 plus de paix, int\u00e9rieure et ext\u00e9rieure, en m\u00eame temps qu'un incontestable renforcement de la puissance.\r\nComment expliquer cette croissance que le Japon a initi\u00e9e ? Quel est son avenir et quelles sont ses cons\u00e9quences sur l'\u00e9quilibre international ? O\u00f9 va la Chine ? Comment voit-on notre monde \u00e0 partir de l'Asie ? Le tiers-monde existe-t-il encore ? Comment \u00e9viter le conflit des civilisations ? R\u00e9pondant aux questions d'Aim\u00e9 Savard, Jean-Luc Domenach nous donne \u00e0 voir une Asie qu'il conna\u00eet bien une Asie \u00e0 la fois passionn\u00e9e et plurale, tout enti\u00e8re occup\u00e9e \u00e0 r\u00e9pondre au d\u00e9fi que lui a lanc\u00e9 l'Occident, mais divis\u00e9e par ses histoires et agit\u00e9e d\u00e9j\u00e0 par les contradictions de la modernit\u00e9 - une Asie que nous avons int\u00e9r\u00eat \u00e0 mieux conna\u00eetre pour comprendre les \u00e9volutions de notre monde.\r","authors":["Domenach\/Savard"],"category_codes":["9000000","9080000"],"visuals":{"large":"https:\/\/images.epagine.fr\/294\/9782220050294_1_75.jpg","medium":"https:\/\/images.epagine.fr\/294\/9782220050294_1_m.jpg","thumbnail":"https:\/\/images.epagine.fr\/294\/9782220050294_1_v.jpg"},"orderable":true,"show_badge":true,"formatted_price":"21,90&nbsp;\u20ac","formatted_published_date":"14 novembre 2001","publisher_availability_label":"Sur commande","short_details":"Domenach\/Savard \u2014 Descl\u00e9e de Brouwer","translator":null,"weight":356,"page_count":309,"readership":null,"editor":"Descl\u00e9e de Brouwer","price":2190,"published_date":"2001-11-13T23:00:00.000000Z","support":"Grand format","publisher_availability":1,"stock":0,"editions":[],"url":"https:\/\/quaidesbrumes.com\/ouvrage\/9782220050294\/lasie-et-nous"},{"id":"9782220050201","title":"Foi juive et croyance chretienne","description":"D\u00e8s son origine, le christianisme s'est d\u00e9fini comme le Nouvel Isra\u00ebl et le r\u00e9gime de la gr\u00e2ce a \u00e9t\u00e9 compris comme \u00e9tant l'accomplissement de la Loi. Cette affirmation est-elle fond\u00e9e ? Le pr\u00e9sent ouvrage d\u00e9veloppe la th\u00e8se selon laquelle le christianisme et le juda\u00efsme rel\u00e8vent en r\u00e9alit\u00e9 de deux intuitions et de deux logiques religieuses h\u00e9t\u00e9rog\u00e8nes : en d\u00e9pit des apparences le second ne proc\u00e8de pas du premier. Pour le dire autrement, les chr\u00e9tiens ne sont pas spirituellement des s\u00e9mites. Par del\u00e0 ses efforts r\u00e9cents tr\u00e8s estimables pour reconna\u00eetre la valeur de la foi juive, il conviendrait que le christianisme lib\u00e8re d\u00e9finitivement les Juifs de l'invitation fraternelle qui leur est faite de recevoir une croyance dont il s'imagine, en toute bonne foi mais \u00e0 tort, qu'elle leur est destin\u00e9e. S'affranchissant du poids d'une r\u00e9f\u00e9rence abusive et en r\u00e9alit\u00e9 inutile, le christianisme pourrait acc\u00e9der \u00e0 une intelligence pleine et enti\u00e8re de son \u00eatre religieux authentique.\r\n Se fondant, d'une part, sur des auteurs comme Ma\u00efmonide et Leibowitz, d'autre part, sur la tradition th\u00e9ologique et spirituelle de la patristique grecque, l'ouvrage renouvelle la probl\u00e9matique d'un h\u00e9r\u00e9siarque oubli\u00e9 du IIe si\u00e8cle : Marcion, l'\u00e9v\u00eaque de Sinope.","authors":["Jean-marc Joubert"],"category_codes":["9000000","9080000"],"visuals":{"large":"https:\/\/images.epagine.fr\/201\/9782220050201_1_75.jpg","medium":"https:\/\/images.epagine.fr\/201\/9782220050201_1_m.jpg","thumbnail":"https:\/\/images.epagine.fr\/201\/9782220050201_1_v.jpg"},"orderable":true,"show_badge":true,"formatted_price":"25,40&nbsp;\u20ac","formatted_published_date":"14 novembre 2001","publisher_availability_label":"Sur commande","short_details":"Jean-marc Joubert \u2014 Descl\u00e9e de Brouwer","translator":null,"weight":345,"page_count":338,"readership":null,"editor":"Descl\u00e9e de Brouwer","price":2540,"published_date":"2001-11-13T23:00:00.000000Z","support":"Grand format","publisher_availability":1,"stock":0,"editions":[],"url":"https:\/\/quaidesbrumes.com\/ouvrage\/9782220050201\/foi-juive-et-croyance-chretienne"},{"id":"9782841861613","title":"Sous le signe de sion: l'antisemitisme nouveau est arrive","description":null,"authors":["Rapha\u00ebl Dra\u00ef"],"category_codes":["9000000","9080000"],"visuals":{"large":"https:\/\/images.epagine.fr\/613\/9782841861613_1_75.jpg","medium":"https:\/\/images.epagine.fr\/613\/9782841861613_1_m.jpg","thumbnail":"https:\/\/images.epagine.fr\/613\/9782841861613_1_v.jpg"},"orderable":true,"show_badge":true,"formatted_price":"19,27&nbsp;\u20ac","formatted_published_date":"1er avril 2002","publisher_availability_label":"Sur commande","short_details":"Rapha\u00ebl Dra\u00ef \u2014 MICHALON","translator":null,"weight":303,"page_count":255,"readership":null,"editor":"MICHALON","price":1927,"published_date":"2002-03-31T22:00:00.000000Z","support":"Grand format","publisher_availability":1,"stock":0,"editions":[],"url":"https:\/\/quaidesbrumes.com\/ouvrage\/9782841861613\/sous-le-signe-de-sion-lantisemitisme-nouveau-est-arrive"},{"id":"9782916492230","title":"Entendre Heidegger et autres exercices d'\u00e9coute","description":"C'est gr\u00e2ce \u00e0 Jean Beaufret que j'ai pu entendre. Sans lui, je n'aurais sans doute pas \u00e9t\u00e9 capable de porter attention au propos de Heidegger : il est au premier abord presque inaudible, tant ce qui y est dit demande qu'on ouvre grand les oreilles. Le renom du philosophe ne vient pas faciliter les choses. La gloire elle aussi est faite de malentendus.\r\nDissiper les malentendus est une entreprise fastidieuse : rien n'est plus obtus qu'un homme qui ne veut rien entendre. Le pr\u00e9sent livre ne se propose donc pas ce but. Il lui suffit amplement de mettre autant que possible les lecteurs au contact de ce que montre Heidegger, cette contr\u00e9e si proche, mais que nous avons les plus grandes peines du monde \u00e0 percevoir, et o\u00f9 tant de richesses dorment \u00e0 notre insu.\r\nLes textes ici rassembl\u00e9s, dont la moiti\u00e9 sont in\u00e9dits, ont \u00e9t\u00e9 \u00e9crits de 1983 \u00e0 2007. \r\nMon souhait le plus cher est que ce livre puisse donner envie d'\u00e9couter : un peu comme lors de ces instants d'attente joyeuse - quand, une fois le la donn\u00e9 \u00e0 l'orchestre, chaque instrument se met pour lui-m\u00eame \u00e0 s'accorder dans sa tessiture, au milieu d'un brouhaha croissant, jusqu'\u00e0 ce que s'installe soudain le silence o\u00f9 le concert peut commencer.\r\n\r\nFran\u00e7ois F\u00e9dier, d\u00e9cembre 2007\r","authors":["Fran\u00e7ois F\u00e9dier"],"category_codes":["9000000","9080000"],"visuals":{"large":"https:\/\/images.epagine.fr\/230\/9782916492230_1_75.jpg","medium":"https:\/\/images.epagine.fr\/230\/9782916492230_1_m.jpg","thumbnail":"https:\/\/images.epagine.fr\/230\/9782916492230_1_v.jpg"},"orderable":true,"show_badge":true,"formatted_price":"22,80&nbsp;\u20ac","formatted_published_date":"20 f\u00e9vrier 2008","publisher_availability_label":"Sur commande","short_details":"Fran\u00e7ois F\u00e9dier \u2014 Le Grand Souffle","translator":null,"weight":400,"page_count":432,"readership":null,"editor":"Le Grand Souffle","price":2280,"published_date":"2008-02-19T23:00:00.000000Z","support":"Grand format","publisher_availability":1,"stock":0,"editions":[],"url":"https:\/\/quaidesbrumes.com\/ouvrage\/9782916492230\/entendre-heidegger-et-autres-exercices-decoute"},{"id":"9782220050010","title":"Mysticisme et folie - essai sur la simplicite","description":"Gilles Deleuze pensa la schizophr\u00e9nie dans le cadre que Bergson donnait \u00e0 la mystique dans les Deux sources de la morale et de la religion.\r\nCe bergsonisme a conduit Deleuze \u00e0 une v\u00e9ritable mystique de la maladie mentale : les grands psychotiques auraient remplac\u00e9 les saints... L'intention de cet ouvrage est d'abord de produire une critique bergsonienne de cette \" schizo-mystique \", en montrant que la nuit obscure, o\u00f9 le mystique c\u00f4toie la folie, n'est pour Bergson que l'antichambre du mysticisme complet, qui, lui, est mysticisme de l'action.\r\nDe sorte que l'inhabituel, l'exceptionnel et le surhumain ne sauraient \u00eatre, selon lui, une cr\u00e9ation schizophr\u00e9nique d\u00e9tourn\u00e9e du quotidien mais bien la gestion simple et confiante du pr\u00e9sent. On a tort de penser que la maladie mentale permet \u00e0 la v\u00e9rit\u00e9 d'accomplir une perc\u00e9e qui lui est refus\u00e9e dans la sant\u00e9. La psychose n'est que secondairement la folie qui sauve les croyants ; elle est d'abord, comme l'enseigne l'attention \u00e0 la parole psychotique (celle d'H\u00f6lderlin, ou du danseur Nijinski), une exp\u00e9rience insupportable.\r\nMuette, la psychose ne transmet aux hommes aucun message de l'au-del\u00e0 ; elle est un sentiment extr\u00eame, mais sans objet et sans but. La philosophie de Bergson est ensuite critiqu\u00e9e pour ce qu'elle a rendu possible chez Deleuze. A une conception \" oc\u00e9anique \" de la libert\u00e9, o\u00f9 le sujet d'exception co\u00efncide avec lui-m\u00eame et s'ins\u00e8re dans l'absolu, l'auteur oppose les philosophies de F\u00efchte et de Lavelle, soucieuses de penser un absolu exigeant une pluralit\u00e9 intime de sujets particuliers.\r\nLoin d'attendre une r\u00e9g\u00e9n\u00e9ration qui leur viendrait d'\u00eatres surhumains, ces sujets devront donc se constituer par une d\u00e9marche originale de leur libert\u00e9.\r","authors":["Goddard J-C."],"category_codes":["9000000","9080000"],"visuals":{"large":"https:\/\/images.epagine.fr\/010\/9782220050010_1_75.jpg","medium":"https:\/\/images.epagine.fr\/010\/9782220050010_1_m.jpg","thumbnail":"https:\/\/images.epagine.fr\/010\/9782220050010_1_v.jpg"},"orderable":true,"show_badge":true,"formatted_price":"21,40&nbsp;\u20ac","formatted_published_date":"18 janvier 2002","publisher_availability_label":"Sur commande","short_details":"Goddard J-C. \u2014 Descl\u00e9e de Brouwer","translator":null,"weight":209,"page_count":191,"readership":null,"editor":"Descl\u00e9e de Brouwer","price":2140,"published_date":"2002-01-17T23:00:00.000000Z","support":"Grand format","publisher_availability":1,"stock":0,"editions":[],"url":"https:\/\/quaidesbrumes.com\/ouvrage\/9782220050010\/mysticisme-et-folie-essai-sur-la-simplicite"},{"id":"9782220050539","title":"Seul un Dieu peut encore nous sauver ; le nihilisme et son envers","description":"\" Seul un Lieu peut encore nous sauver \", d\u00e9clara de fa\u00e7on \u00e9nigmatique Martin Heidegger au cours d'un entretien t\u00e9l\u00e9vis\u00e9 en 1966. Bernard Sich\u00e8re fait, ici, le pari que cette parole terminale de Heidegger, loin d'\u00eatre secondaire, est une cl\u00e9 de son parcours de pens\u00e9e. De quel Dieu s'agit-il, et de quoi devrait-il nous sauver? \r\nA la seconde question, on peut d\u00e9j\u00e0 r\u00e9pondre \u00e0 la suite de Nietzsche: nous sauver du nihilisme comme v\u00e9rit\u00e9 \u00e0 la fois manifeste et secr\u00e8te des temps pr\u00e9sents. En dire plus suppose d'abord de revenir au grand texte de 1927 Etre et Temps d\u00e9finir l'homme comme Dasein est un trait de g\u00e9nie, car c'est supposer que la question de l'\u00eatre est d\u00e9cisive et que l'homme n'est homme que s'il accepte de se loger en elle. \r\nMais c'est apr\u00e8s 1933, l'ann\u00e9e terrible de la compromission avec le nazisme, que Heidegger va d\u00e9livrer sa pens\u00e9e du nihilisme de la volont\u00e9 de puissance. Trois sources de salut, en l'occurrence: d'abord les retrouvailles avec la parole des Grecs et les dieux de la Gr\u00e8ce; ensuite le dialogue passionn\u00e9 avec Nietzsche et avec le mot de Nietzsche \" Dieu est mort \" ; enfin la r\u00e9v\u00e9lation de la parole du po\u00e8te H\u00f6lderlin (\" Proche et difficile \u00e0 saisir est le Dieu \"). \r\nD'o\u00f9 la r\u00e9ponse \u00e0 la question initiale: seul un Dieu, advenant de nouveau dans \" la lumi\u00e8re de l'Etre \" peut nous sauver de la rage nihiliste en r\u00e9v\u00e9lant son envers glorieux et finalement si proche.\r","authors":["Bernard Sich\u00e8re"],"category_codes":["9000000","9080000","9080200","9080204"],"visuals":{"large":"https:\/\/images.epagine.fr\/539\/9782220050539_1_75.jpg","medium":"https:\/\/images.epagine.fr\/539\/9782220050539_1_m.jpg","thumbnail":"https:\/\/images.epagine.fr\/539\/9782220050539_1_v.jpg"},"orderable":true,"show_badge":true,"formatted_price":"23,20&nbsp;\u20ac","formatted_published_date":"18 janvier 2002","publisher_availability_label":"Sur commande","short_details":"Bernard Sich\u00e8re \u2014 Descl\u00e9e de Brouwer","translator":null,"weight":306,"page_count":324,"readership":null,"editor":"Descl\u00e9e de Brouwer","price":2320,"published_date":"2002-01-17T23:00:00.000000Z","support":"Grand format","publisher_availability":1,"stock":0,"editions":[],"url":"https:\/\/quaidesbrumes.com\/ouvrage\/9782220050539\/seul-un-dieu-peut-encore-nous-sauver-le-nihilisme-et-son-envers"},{"id":"9782747515788","title":"Kant, sant\u00e9 et critique","description":"Un Kant inattendu se r\u00e9v\u00e8le ici, attentif aux questions relatives \u00e0 la sant\u00e9 du corps et plus g\u00e9n\u00e9ralement \u00e0 ce qui participe du monde de la vie de l'homme dans ce qu'il a de plus sensible. La s\u00e9paration kantienne entre le sensible et l'intelligible ne dispense pas de chercher les passages possibles qui permettent de retrouver l'unit\u00e9 concr\u00e8te de la vie humaine. L'esth\u00e9tique est un terrain privil\u00e9gi\u00e9 pour une telle \u00e9lucidation du sens vital. Appara\u00eet comme \u00e9tant ici en jeu rien de moins que la capacit\u00e9 du kantisme \u00e0 interroger tout ce qui fait la densit\u00e9 de la vie humaine.\r","authors":["Bernard Vandewalle"],"category_codes":["9000000","9080000"],"visuals":{"large":"https:\/\/images.epagine.fr\/788\/9782747515788_1_75.jpg","medium":"https:\/\/images.epagine.fr\/788\/9782747515788_1_m.jpg","thumbnail":"https:\/\/images.epagine.fr\/788\/9782747515788_1_v.jpg"},"orderable":true,"show_badge":true,"formatted_price":"14,50&nbsp;\u20ac","formatted_published_date":"1er novembre 2003","publisher_availability_label":"Sur commande","short_details":"Bernard Vandewalle \u2014 \u00c9ditions L'Harmattan","translator":null,"weight":204,"page_count":145,"readership":null,"editor":"\u00c9ditions L'Harmattan","price":1450,"published_date":"2003-10-31T23:00:00.000000Z","support":"Grand format","publisher_availability":1,"stock":0,"editions":["9782747517959"],"url":"https:\/\/quaidesbrumes.com\/ouvrage\/9782747515788\/kant-sante-et-critique"},{"id":"9782747514811","title":"DE L'\u00c9NERGIE AU D\u00c9SIR, du sexe au cerveau, des sens \u00e0 l'esprit","description":"Cet essai porte sur les relations entre l'\u00e9nergie et le d\u00e9sir, entre la sexualit\u00e9 et la cr\u00e9ativit\u00e9, les sens et l'esprit, le r\u00e9el et l'imaginaire.\r\nLa dialectique du d\u00e9sir et de la jouissance est ici envisag\u00e9e \u00e0 travers la m\u00e9taphore scientifique de l'\u00e9nergie, d\u00e9sir et jouissance apparaissant alors comme ayant le m\u00eame rapport spatio-temporel qu'\u00e9nergie potentielle et \u00e9nergie cin\u00e9tique. Les langages vecteurs du d\u00e9sir (la musique, la litt\u00e9rature) sont structur\u00e9s par ce m\u00eame rapport.\r\nLa violence rompt l'harmonie entre le d\u00e9sir et la jouissance en sacrifiant le d\u00e9sir. Le tantrisme, le Cantique des cantiques, Tristan et Isolde, enseignent les conditions du retour de cette harmonie perdue.","authors":["Jean-pierre Chevillot"],"category_codes":["9000000","9120000","9120200"],"visuals":{"large":"https:\/\/images.epagine.fr\/811\/9782747514811_1_75.jpg","medium":"https:\/\/images.epagine.fr\/811\/9782747514811_1_m.jpg","thumbnail":"https:\/\/images.epagine.fr\/811\/9782747514811_1_v.jpg"},"orderable":true,"show_badge":true,"formatted_price":"26,00&nbsp;\u20ac","formatted_published_date":"1er novembre 2003","publisher_availability_label":"Sur commande","short_details":"Jean-pierre Chevillot \u2014 \u00c9ditions L'Harmattan","translator":null,"weight":394,"page_count":286,"readership":null,"editor":"\u00c9ditions L'Harmattan","price":2600,"published_date":"2003-10-31T23:00:00.000000Z","support":"Grand format","publisher_availability":1,"stock":0,"editions":[],"url":"https:\/\/quaidesbrumes.com\/ouvrage\/9782747514811\/de-lenergie-au-desir-du-sexe-au-cerveau-des-sens-a-lesprit"},{"id":"9782747503914","title":"DE LA VALEUR","description":"La philosophie ancienne et m\u00e9di\u00e9vale \u00e9tait centr\u00e9e sur l'\u00catre, la philosophie moderne sur la Connaissance, la philosophie contemporaine gravite autour de la Valeur. Du fait de sa r\u00e9cente \u00e9closion, cette philosophie a devant elle un champ illimit\u00e9. Et cela d'autant plus, par sa nature m\u00eame, elle concerne tout ce qui importe \u00e0 l'homme : morale, religion, art et litt\u00e9rature, droit et \u00e9conomie, science et technique.\r","authors":["Ivan Gobry"],"category_codes":["9000000","9080000"],"visuals":{"large":"https:\/\/images.epagine.fr\/914\/9782747503914_1_75.jpg","medium":"https:\/\/images.epagine.fr\/914\/9782747503914_1_m.jpg","thumbnail":"https:\/\/images.epagine.fr\/914\/9782747503914_1_v.jpg"},"orderable":true,"show_badge":true,"formatted_price":"50,00&nbsp;\u20ac","formatted_published_date":"1er novembre 2003","publisher_availability_label":"Sur commande","short_details":"Ivan Gobry \u2014 \u00c9ditions L'Harmattan","translator":null,"weight":1106,"page_count":700,"readership":null,"editor":"\u00c9ditions L'Harmattan","price":5000,"published_date":"2003-10-31T23:00:00.000000Z","support":"Grand format","publisher_availability":1,"stock":0,"editions":[],"url":"https:\/\/quaidesbrumes.com\/ouvrage\/9782747503914\/de-la-valeur"},{"id":"9782747510110","title":"L'ecole et les savoirs","description":"Le principe fondamental de l'\u00c9cole est que les savoirs ne sont pas seulement les r\u00e9sultats de la formation mais qu'ils sont eux-m\u00eames formateurs. Encore faut-il que les contenus et les modalit\u00e9s de l'enseignement ne compromettent pas cette fonction proprement scolaire. Or l'\u00c9cole d'aujourd'hui se d\u00e9scolarise sous la pression de la logique lib\u00e9rale, de l'attente sociale, du mod\u00e8le de l'entreprise, du p\u00e9dagogisme, des contre-cultures et de toutes les formes modernes d'irrespect pour l'\u00e9tude.\r","authors":["Jean Lombard"],"category_codes":["9000000","9080000"],"visuals":{"large":"https:\/\/images.epagine.fr\/110\/9782747510110_1_75.jpg","medium":"https:\/\/images.epagine.fr\/110\/9782747510110_1_m.jpg","thumbnail":"https:\/\/images.epagine.fr\/110\/9782747510110_1_v.jpg"},"orderable":true,"show_badge":true,"formatted_price":"15,50&nbsp;\u20ac","formatted_published_date":"1er novembre 2003","publisher_availability_label":"Sur commande","short_details":"Jean Lombard \u2014 \u00c9ditions L'Harmattan","translator":null,"weight":224,"page_count":157,"readership":null,"editor":"\u00c9ditions L'Harmattan","price":1550,"published_date":"2003-10-31T23:00:00.000000Z","support":"Grand format","publisher_availability":1,"stock":0,"editions":[],"url":"https:\/\/quaidesbrumes.com\/ouvrage\/9782747510110\/lecole-et-les-savoirs"},{"id":"9782747512121","title":"Prix moral de la modernite(le) essai sur la science la","description":"Otfried H\u00f6ffe part du concept de responsabilit\u00e9 et de la distinction entre deux conceptions de la connaissance scientifique (conception antique illustr\u00e9e par Aristote et conception moderne incarn\u00e9e par Bacon), pour aborder les grandes questions que le d\u00e9veloppement des sciences et des techniques pose \u00e0 l'\u00e9thique: la d\u00e9ontologie de la recherche g\u00e9n\u00e9tique, les liens entre recherche scientifique et \u00e9conomie, les probl\u00e8mes moraux, sociaux et environnementaux pos\u00e9s par la technique, etc. Il expose les fondements d'un nouvel esprit \u00e9thique qui fait reposer l'\u00e9thique appliqu\u00e9e sur une r\u00e9habilitation de la facult\u00e9 de juger morale.\r","authors":["Otfried H\u00f6ffe","Jean-Christophe Merle"],"category_codes":["9000000","9080000","9080200","9080204"],"visuals":{"large":"https:\/\/images.epagine.fr\/121\/9782747512121_1_75.jpg","medium":"https:\/\/images.epagine.fr\/121\/9782747512121_1_m.jpg","thumbnail":"https:\/\/images.epagine.fr\/121\/9782747512121_1_v.jpg"},"orderable":true,"show_badge":true,"formatted_price":"40,00&nbsp;\u20ac","formatted_published_date":"1er novembre 2003","publisher_availability_label":"Sur commande","short_details":"Otfried H\u00f6ffe, Jean-Christophe Merle \u2014 \u00c9ditions L'Harmattan","translator":"JEAN-CHRISTOPHE MERLE","weight":598,"page_count":445,"readership":null,"editor":"\u00c9ditions L'Harmattan","price":4000,"published_date":"2003-10-31T23:00:00.000000Z","support":"Grand format","publisher_availability":1,"stock":0,"editions":[],"url":"https:\/\/quaidesbrumes.com\/ouvrage\/9782747512121\/prix-moral-de-la-modernitele-essai-sur-la-science-la"},{"id":"9782747562621","title":"La volonte - approche philosophique et analytique","description":"Comment r\u00e9ussir \u00e0 atteindre son butoe Pourquoi certains semblent se jouer avec facilit\u00e9 des difficult\u00e9s de la vie quand d'autres ne semblent conna\u00eetre que des \u00e9checsoe Parce qu'il nous aide \u00e0 mieux comprendre ce qu'est la volont\u00e9, et les forces que celle-ci permet de lib\u00e9rer, cet ouvrage nous permet: de mieux rep\u00e9rer les potentialit\u00e9s qui sont en chacun de nous; d'organiser les bonnes rencontres et de d\u00e9truire les obstacles de tous ordres; d'exprimer notre pleine puissance et ainsi, \u00e0 partir de l\u00e0, de mieux r\u00e9ussir dans notre vie.\r","authors":["Lo\u00efck Roche"],"category_codes":["9000000","9080000"],"visuals":{"large":"https:\/\/images.epagine.fr\/621\/9782747562621_1_75.jpg","medium":"https:\/\/images.epagine.fr\/621\/9782747562621_1_m.jpg","thumbnail":"https:\/\/images.epagine.fr\/621\/9782747562621_1_v.jpg"},"orderable":true,"show_badge":true,"formatted_price":"26,00&nbsp;\u20ac","formatted_published_date":"1er d\u00e9cembre 2004","publisher_availability_label":"Sur commande","short_details":"Lo\u00efck Roche \u2014 \u00c9ditions L'Harmattan","translator":null,"weight":310,"page_count":286,"readership":null,"editor":"\u00c9ditions L'Harmattan","price":2600,"published_date":"2004-11-30T23:00:00.000000Z","support":"Grand format","publisher_availability":1,"stock":0,"editions":[],"url":"https:\/\/quaidesbrumes.com\/ouvrage\/9782747562621\/la-volonte-approche-philosophique-et-analytique"},{"id":"9782747509206","title":"Odorat et humanite en crise a l'heure du deodorant parfume - pour une reconnaissance de l'intelligen","description":"L'auteur se propose de v\u00e9rifier le caract\u00e8re int\u00e9gr\u00e9 de l'odorat, sens longtemps m\u00e9pris\u00e9 des philosophes pour d\u00e9gager son humanit\u00e9 essentielle. D\u00e8s lors toute perturbation de l'univers aromatique peut \u00eatre vue comme un sympt\u00f4me d'une atteinte de l'homme. Les odeurs, dans notre soci\u00e9t\u00e9, ne sont-elles pas disqualifi\u00e9es, privant l'homme de racines existentielles et limitant par l\u00e0 sa capacit\u00e9 d'imaginaire ? Ce double constat d'\u00e9chec pourrait d\u00e9boucher sur le mal existentiel majeur : une crise du d\u00e9sir.\r","authors":["H\u00e9l\u00e8ne Faivre"],"category_codes":["9000000","9080000"],"visuals":{"large":"https:\/\/images.epagine.fr\/206\/9782747509206_1_75.jpg","medium":"https:\/\/images.epagine.fr\/206\/9782747509206_1_m.jpg","thumbnail":"https:\/\/images.epagine.fr\/206\/9782747509206_1_v.jpg"},"orderable":true,"show_badge":true,"formatted_price":"22,50&nbsp;\u20ac","formatted_published_date":"1er novembre 2003","publisher_availability_label":"Sur commande","short_details":"H\u00e9l\u00e8ne Faivre \u2014 \u00c9ditions L'Harmattan","translator":null,"weight":354,"page_count":242,"readership":null,"editor":"\u00c9ditions L'Harmattan","price":2250,"published_date":"2003-10-31T23:00:00.000000Z","support":"Grand format","publisher_availability":1,"stock":0,"editions":[],"url":"https:\/\/quaidesbrumes.com\/ouvrage\/9782747509206\/odorat-et-humanite-en-crise-a-lheure-du-deodorant-parfume-pour-une-reconnaissance-de-lintelligen"}]}