{"data":[{"id":"9782747505970","title":"PHILOSOPHIE ET EXISTENCE","description":"La philosophie a-t-elle en sens pour l'existence ? Cet ouvrage \u00e9labore d'abord une gen\u00e8se de la perte du sens de la philosophie pour l'existence puis r\u00e9habilite ce sens, comme r\u00e9conciliation de l'individualit\u00e9 et de l'universalit\u00e9. En s'affrontant \u00e0 cette question, l'auteur esquisse un nouveau d\u00e9part pour la r\u00e9flexion philosophique par-del\u00e0 le pr\u00e9jug\u00e9 de la \" fin de la philosophie \".","authors":["Mahamad\u00e9 Savadogo"],"category_codes":["9000000","9080000"],"visuals":{"large":"https:\/\/images.epagine.fr\/970\/9782747505970_1_75.jpg","medium":"https:\/\/images.epagine.fr\/970\/9782747505970_1_m.jpg","thumbnail":"https:\/\/images.epagine.fr\/970\/9782747505970_1_v.jpg"},"orderable":true,"show_badge":true,"formatted_price":"28,50&nbsp;\u20ac","formatted_published_date":"1er novembre 2003","publisher_availability_label":"Sur commande","short_details":"Mahamad\u00e9 Savadogo \u2014 \u00c9ditions L'Harmattan","translator":null,"weight":350,"page_count":262,"readership":null,"editor":"\u00c9ditions L'Harmattan","price":2850,"published_date":"2003-10-31T23:00:00.000000Z","support":"Grand format","publisher_availability":1,"stock":0,"editions":[],"url":"https:\/\/quaidesbrumes.com\/ouvrage\/9782747505970\/philosophie-et-existence"},{"id":"9782747549981","title":"Radicalit\u00e9 et passibilit\u00e9 : Pour une ph\u00e9nom\u00e9nologie pratique","description":"La radicalit\u00e9 philosophique d'une ph\u00e9nom\u00e9nologie absolue ob\u00e9it au seul imp\u00e9ratif de l'accomplissement int\u00e9rieur de la Vie. A cette certitude affective ou imm\u00e9diate correspond la passibilit\u00e9 originaire de nos pouvoirs charnels tels que le besoin, la pulsion, le mouvement sensible et la cr\u00e9ation culturelle. Par cette voie, ce livre esquisse une ph\u00e9nom\u00e8nologie pratique garantissant seule l'unit\u00e9 d'une telle radicalit\u00e9 et passibilit\u00e9 au niveau de l'analyse ph\u00e9nom\u00e9nologique et de la compr\u00e9hension de notre \u00eatre. L'analyse repose sur ces deux notions cl\u00e9s que sont la radicalit\u00e9 et la passibilit\u00e9.\r","authors":["Rolf K\u00fchn"],"category_codes":["9000000","9080000"],"visuals":{"large":"https:\/\/images.epagine.fr\/981\/9782747549981_1_75.jpg","medium":"https:\/\/images.epagine.fr\/981\/9782747549981_1_m.jpg","thumbnail":"https:\/\/images.epagine.fr\/981\/9782747549981_1_v.jpg"},"orderable":true,"show_badge":true,"formatted_price":"24,50&nbsp;\u20ac","formatted_published_date":"1er novembre 2003","publisher_availability_label":"Sur commande","short_details":"Rolf K\u00fchn \u2014 \u00c9ditions L'Harmattan","translator":null,"weight":350,"page_count":272,"readership":null,"editor":"\u00c9ditions L'Harmattan","price":2450,"published_date":"2003-10-31T23:00:00.000000Z","support":"Grand format","publisher_availability":1,"stock":0,"editions":[],"url":"https:\/\/quaidesbrumes.com\/ouvrage\/9782747549981\/radicalite-et-passibilite-pour-une-phenomenologie-pratique"},{"id":"9782843210341","title":"Cioran ou le defi de l'etre","description":"Avec une lucidit\u00e9 implacable, cioran ne cessa de d\u00e9noncer les illusions de son temps, et le xxe si\u00e8cle s'\u00e9teignit sous ses impr\u00e9cations comme le xixe s'\u00e9tait achev\u00e9 sous les anath\u00e8mes de nietzsche.\r\n Mais, plus radical encore que son pr\u00e9d\u00e9cesseur, cioran, en refusant les ultimes leurres du surhomme et du suicide, renon\u00e7a \u00e0 sauver une r\u00e9alit\u00e9 qui \u00e0 jamais se d\u00e9robait.  du fond de son d\u00e9sespoir, il ne chercha plus qu'\u00e0 magnifier, h\u00e9ro\u00efque acteur, les seules apparences en composant et en jouant son propre r\u00f4le.  derri\u00e8re les miroitements d'aphorismes n\u00e9s sous l'inspiration de ses humeurs et dont le labyrinthe exprime le d\u00e9sir de se d\u00e9voiler tout en se d\u00e9robant, se dissimule une vision du monde qui constitue un syst\u00e8me coh\u00e9rent et achev\u00e9.\r\n C'est ce dernier que nicole parfait s'est attach\u00e9e \u00e0 reconstituer dans son int\u00e9gralit\u00e9, mettant en \u00e9vidence ses principes, sa construction, ses m\u00e9andres, ses faiblesses aussi.  dans cet ouvrage, l'odyss\u00e9e du penseur est sans cesse reli\u00e9e aux grandes \u00e9tapes de la vie de l'homme.\r","authors":["Nicole Parfait"],"category_codes":["9000000","9080000","9080200","9080204"],"visuals":{"large":"https:\/\/images.epagine.fr\/341\/9782843210341_1_75.jpg","medium":"https:\/\/images.epagine.fr\/341\/9782843210341_1_m.jpg","thumbnail":"https:\/\/images.epagine.fr\/341\/9782843210341_1_v.jpg"},"orderable":true,"show_badge":true,"formatted_price":"22,50&nbsp;\u20ac","formatted_published_date":"7 juin 2001","publisher_availability_label":"Sur commande","short_details":"Nicole Parfait \u2014 DESJONQUERES","translator":null,"weight":344,"page_count":256,"readership":null,"editor":"DESJONQUERES","price":2250,"published_date":"2001-06-06T22:00:00.000000Z","support":"Grand format","publisher_availability":1,"stock":0,"editions":[],"url":"https:\/\/quaidesbrumes.com\/ouvrage\/9782843210341\/cioran-ou-le-defi-de-letre"},{"id":"9782747503228","title":"Kant entre le d\u00e9sespoir et esp\u00e9rance","description":"Le couple de concepts d'esp\u00e9rance et de d\u00e9sespoir est aussi central \u00e0 l'oeuvre kantienne que les concepts de ph\u00e9nom\u00e8ne et d'Id\u00e9e ou encore de monde sensible et de monde intelligible. La distinction entre d\u00e9sespoir et esp\u00e9rance participe, chez Kant, de la distinction fondamentale entre l'ordre intelligible et l'ordre sensible. Alorsqu'est-ce que cet \" entre \" du d\u00e9sespoir et de l'esp\u00e9rance. Y a-t-il un passage possible entre ces deux \u00e9tats, ces deux mondes ?\r","authors":["Elodie Mailliet"],"category_codes":["9000000","9080000","9080200","9080204"],"visuals":{"large":"https:\/\/images.epagine.fr\/228\/9782747503228_1_75.jpg","medium":"https:\/\/images.epagine.fr\/228\/9782747503228_1_m.jpg","thumbnail":"https:\/\/images.epagine.fr\/228\/9782747503228_1_v.jpg"},"orderable":true,"show_badge":true,"formatted_price":"13,50&nbsp;\u20ac","formatted_published_date":"1er novembre 2003","publisher_availability_label":"Sur commande","short_details":"Elodie Mailliet \u2014 \u00c9ditions L'Harmattan","translator":null,"weight":170,"page_count":128,"readership":null,"editor":"\u00c9ditions L'Harmattan","price":1350,"published_date":"2003-10-31T23:00:00.000000Z","support":"Grand format","publisher_availability":1,"stock":0,"editions":[],"url":"https:\/\/quaidesbrumes.com\/ouvrage\/9782747503228\/kant-entre-le-desespoir-et-esperance"},{"id":"9782012970656","title":"Amusement philosophique sur le langage des betes","description":"Amusement philosophique sur le langage des :bestes: +b\u00eates+ , nouvelle edition. Augment\u00e9e d'un avertissement, d'un discours pr\u00e9liminaire, d'une critique, avec des notes, & de la r\u00e9tractation de l'auteur Date de l'\u00e9dition originale : 1750 Comprend : Lettre \u00e0 Madame la comtesse D*** pour servir de suppl\u00e9ment \u00e0 l'Amusement philosophique sur le langage des b\u00eates Ce livre est la reproduction fid\u00e8le d une uvre publi\u00e9e avant 1920 et fait partie d une collection de livres r\u00e9imprim\u00e9s \u00e0 la demande \u00e9dit\u00e9e par Hachette Livre, dans le cadre d un partenariat avec la Biblioth\u00e8que nationale de France, offrant l opportunit\u00e9 d acc\u00e9der \u00e0 des ouvrages anciens et souvent rares issus des fonds patrimoniaux de la BnF.\r\nLes uvres faisant partie de cette collection ont \u00e9t\u00e9 num\u00e9ris\u00e9es par la BnF et sont pr\u00e9sentes sur Gallica, sa biblioth\u00e8que num\u00e9rique.\r\n\r\nEn entreprenant de redonner vie \u00e0 ces ouvrages au travers d une collection de livres r\u00e9imprim\u00e9s \u00e0 la demande, nous leur donnons la possibilit\u00e9 de rencontrer un public \u00e9largi et participons \u00e0 la transmission de connaissances et de savoirs parfois difficilement accessibles.\r\nNous avons cherch\u00e9 \u00e0 concilier la reproduction fid\u00e8le d un livre ancien \u00e0 partir de sa version num\u00e9ris\u00e9e avec le souci d un confort de lecture optimal. Nous esp\u00e9rons que les ouvrages de cette nouvelle collection vous apporteront enti\u00e8re satisfaction.\r\n\r\nPour plus d informations, rendez-vous sur www.hachettebnf.fr\r","authors":["Bougeant G-H."],"category_codes":["9000000","9080000"],"visuals":{"large":"https:\/\/images.epagine.fr\/656\/9782012970656_1_75.jpg","medium":"https:\/\/images.epagine.fr\/656\/9782012970656_1_m.jpg","thumbnail":"https:\/\/images.epagine.fr\/656\/9782012970656_1_v.jpg"},"orderable":true,"show_badge":true,"formatted_price":"20,50&nbsp;\u20ac","formatted_published_date":"1er juin 2013","publisher_availability_label":"Sur commande","short_details":"Bougeant G-H. \u2014 Hachette BNF","translator":null,"weight":357,"page_count":null,"readership":null,"editor":"Hachette BNF","price":2050,"published_date":"2013-05-31T22:00:00.000000Z","support":"Grand format","publisher_availability":1,"stock":0,"editions":[],"url":"https:\/\/quaidesbrumes.com\/ouvrage\/9782012970656\/amusement-philosophique-sur-le-langage-des-betes"},{"id":"9782747514040","title":"Le consentement et la recherche \u00e9pid\u00e9miologique","description":"Le consentement inform\u00e9 est la pierre angulaire de l'\u00e9thique de la recherche et de la bio\u00e9thique elle-m\u00eame.\r\nDes \u00e9tudes transculturelles d\u00e9montrent que notre compr\u00e9hension de ce concept, cependant, a chang\u00e9 depuis que le Code de Nuremberg l'a \u00e9nonc\u00e9 pour la premi\u00e8re fois. La recherche actuelle dans le domaine de la sant\u00e9 pose de nouvelles questions en ce qui concerne les essais cliniques et l'emploi des placebos, les \u00e9tudes de populations ou les \u00e9tudes \u00e9pid\u00e9miologiques. Ce quatri\u00e8me et dernier volume de L'\u00e9thique de la recherche examine ces probl\u00e8mes et conclut la pr\u00e9sente r\u00e9flexion sur l'\u00e9thique de la recherche \u00e0 partir de perspectives historiques, philosophiques, juridiques et sociales.\r\nUne importante bibliographie, surtout de langue anglaise, couvre les sujets des quatre volumes.\r","authors":["Christian Herv\u00e9","Christian Mormont","Daniel N. Weisstub"],"category_codes":["9000000","9080000","9080200","9080204"],"visuals":{"large":"https:\/\/images.epagine.fr\/040\/9782747514040_1_75.jpg","medium":"https:\/\/images.epagine.fr\/040\/9782747514040_1_m.jpg","thumbnail":"https:\/\/images.epagine.fr\/040\/9782747514040_1_v.jpg"},"orderable":true,"show_badge":true,"formatted_price":"24,00&nbsp;\u20ac","formatted_published_date":"1er novembre 2003","publisher_availability_label":"Sur commande","short_details":"Christian Herv\u00e9, Christian Mormont, Daniel N. Weisstub \u2014 \u00c9ditions L'Harmattan","translator":null,"weight":352,"page_count":258,"readership":null,"editor":"\u00c9ditions L'Harmattan","price":2400,"published_date":"2003-10-31T23:00:00.000000Z","support":"Grand format","publisher_availability":1,"stock":0,"editions":[],"url":"https:\/\/quaidesbrumes.com\/ouvrage\/9782747514040\/le-consentement-et-la-recherche-epidemiologique"},{"id":"9782747513319","title":"Kant, \u00e9ducation et critique","description":"L'\u00e9ducation fut pour Kant \u00e0 la fois une pratique quotidienne, comme professeur d'Universit\u00e9 et une question centrale pour une philosophie critique qui pr\u00e9tend, red\u00e9finir l'activit\u00e9 du sujet dans le monde et les conditions de sa pens\u00e9e et de sa libert\u00e9. Cette nouvelle image de la pens\u00e9e et de son exercice s'accompagne d'une v\u00e9ritable r\u00e9volution copernicienne en p\u00e9dagogie. S'il n'y a pas de trait\u00e9 de p\u00e9dagogie constitu\u00e9 comme tel par Kant, la r\u00e9flexion p\u00e9dagogique est pourtant pr\u00e9sente dans l'ensemble de l'oeuvre proprement critique.","authors":["Bernard Vandewalle"],"category_codes":["9000000","9080000"],"visuals":{"large":"https:\/\/images.epagine.fr\/319\/9782747513319_1_75.jpg","medium":"https:\/\/images.epagine.fr\/319\/9782747513319_1_m.jpg","thumbnail":"https:\/\/images.epagine.fr\/319\/9782747513319_1_v.jpg"},"orderable":true,"show_badge":true,"formatted_price":"14,50&nbsp;\u20ac","formatted_published_date":"1er novembre 2003","publisher_availability_label":"Sur commande","short_details":"Bernard Vandewalle \u2014 \u00c9ditions L'Harmattan","translator":null,"weight":216,"page_count":152,"readership":null,"editor":"\u00c9ditions L'Harmattan","price":1450,"published_date":"2003-10-31T23:00:00.000000Z","support":"Grand format","publisher_availability":1,"stock":0,"editions":[],"url":"https:\/\/quaidesbrumes.com\/ouvrage\/9782747513319\/kant-education-et-critique"},{"id":"9782747510950","title":"PHILOSOPHIES ET POLITIQUES N\u00c9O-LIB\u00c9RALES DE L'\u00c9DUCATION DANS LE CHILI DE PINOCHET 1973-1983 : L'\u00e9cole du march\u00e9 contre l'\u00e9cole de l'\u00e9galit\u00e9","description":"Le Chili de Pinochet repr\u00e9sente une des premi\u00e8res exp\u00e9riences de politique n\u00e9o-lib\u00e9rale. En 1973, conservateurs catholiques et n\u00e9o-lib\u00e9raux ont trouv\u00e9 un terrain d'entente dans la critique de l'id\u00e9e d'\u00e9ducation publique et la libert\u00e9 des familles de choisir une \u00e9cole. Les cons\u00e9quences de leur politique ont \u00e9t\u00e9 violentes. \u00c0 la diff\u00e9rence des r\u00e9gimes fascistes qui ont voulu imposer aux enseignants la t\u00e2che de transmettre la culture officielle, le r\u00e9gime de Pinochet a vis\u00e9 avant tout \u00e0 vider le r\u00f4le de l'enseignant de sa qualit\u00e9 d'agent public de transmission culturelle.","authors":["Teresa Mariano longo"],"category_codes":["9000000","9120000","9120200"],"visuals":{"large":"https:\/\/images.epagine.fr\/950\/9782747510950_1_75.jpg","medium":"https:\/\/images.epagine.fr\/950\/9782747510950_1_m.jpg","thumbnail":"https:\/\/images.epagine.fr\/950\/9782747510950_1_v.jpg"},"orderable":true,"show_badge":true,"formatted_price":"36,00&nbsp;\u20ac","formatted_published_date":"1er novembre 2003","publisher_availability_label":"Sur commande","short_details":"Teresa Mariano longo \u2014 \u00c9ditions L'Harmattan","translator":null,"weight":684,"page_count":382,"readership":null,"editor":"\u00c9ditions L'Harmattan","price":3600,"published_date":"2003-10-31T23:00:00.000000Z","support":"Grand format","publisher_availability":1,"stock":0,"editions":[],"url":"https:\/\/quaidesbrumes.com\/ouvrage\/9782747510950\/philosophies-et-politiques-neo-liberales-de-leducation-dans-le-chili-de-pinochet-1973-1983-lecole-du-marche-contre-lecole-de-legalite"},{"id":"9782864323495","title":"Vive le mat\u00e9rialisme !","description":"Au regard du concept, le titre est redondant - du mat\u00e9rialisme, on ne sait rien, sinon qu'il vive !\r\nMais le m\u00e9pris o\u00f9 choit la vertu des partages rend opportun le retour au mot d'ordre, et au tract. Le rappel du mat\u00e9rialisme s'entend donc : \u00c0 bas le spiritualisme !\r\nCette juste clameur para\u00eet grossi\u00e8re, tant qu'on feint synonymes \u00ab spirituel \u00bb et \u00ab spiritualiste \u00bb. L'\u00e9motion spiritualiste, cependant, interdit l'ir\u00e9nisme : or, elle suscite aujourd'hui toutes sortes d' \u00ab affaires \u00bb, derri\u00e8re lesquelles il faut distinguer une conspiration.\r\nD\u00e8s lors, coup pour coup : qu'\u00e0 la conspiration spiritualiste s'oppose l'alliance mat\u00e9rialiste.\r\nSi le mat\u00e9rialisme, en effet, est \u00ab sans histoire \u00bb, parce qu'on n'en peut construire le concept, il a un \u00ab avenir \u00bb, parce qu'il eut toujours puissance d'intervention.\r\nLa philosophie, il est vrai, est avare d'interventions, parce qu'elle juge que celles-ci n'ont sens que lorsqu'un int\u00e9r\u00eat de la raison est clairement, distinctement encore, menac\u00e9. Aussi intervient-elle alors avec la derni\u00e8re brutalit\u00e9, rappel\u00e9e - si elle se tient \u00e0 la hauteur de l'id\u00e9e - \u00e0 sa base.\r\nLa base veut que l'esprit, faisant affaires, n'est pas tout. \r\nQue l'\u00eatre vient avant l'homme. \r\nQue mati\u00e8re signifie avant.\r\n\r\nSur l'une des premi\u00e8res pages du livre on peut lire :\r\nLe pr\u00e9sent texte est un tract. Comme il est de r\u00e8gle, aucun nom propre ne lui est attach\u00e9. L'auteur - car il y en a un - souhaite que sa d\u00e9claration soit lue sans qu'il soit fait acception de personne. les circonstances d\u00e9termineront si cet anonymat, appel\u00e9 par la structure, peut ou doit \u00eatre lev\u00e9. J.-C. M.\r\n\u00c0 ce jour l'anonymat est lev\u00e9.\r","authors":["Guy Lardreau"],"category_codes":["9000000","9080000","9080200","9080204"],"visuals":{"large":"https:\/\/images.epagine.fr\/495\/9782864323495_1_75.jpg","medium":"https:\/\/images.epagine.fr\/495\/9782864323495_1_m.jpg","thumbnail":"https:\/\/images.epagine.fr\/495\/9782864323495_1_v.jpg"},"orderable":true,"show_badge":true,"formatted_price":"9,63&nbsp;\u20ac","formatted_published_date":"9 janvier 2002","publisher_availability_label":"Sur commande","short_details":"Guy Lardreau \u2014 \u00c9ditions Verdier","translator":null,"weight":120,"page_count":80,"readership":null,"editor":"\u00c9ditions Verdier","price":963,"published_date":"2002-01-08T23:00:00.000000Z","support":"Grand format","publisher_availability":1,"stock":0,"editions":[],"url":"https:\/\/quaidesbrumes.com\/ouvrage\/9782864323495\/vive-le-materialisme"},{"id":"9782747503976","title":"LA CONVERSATION DE MONTAIGNE : Conf\u00e9rence et philosophie","description":"Cette \u00e9tude explore la voie d'une lecture compl\u00e8tement neuve de Montaigne en \u00e9pousant sa d\u00e9marche \" ondoyante \" d'\u00e9criture et de pens\u00e9e. La conversation de Montaigne, fascinante et l\u00e9g\u00e8re, ob\u00e9it \u00e0 des r\u00e8gles strictes et a pour fin d'embrasser dans la recherche de la v\u00e9rit\u00e9 le mouvement contradictoire et incessant de son esprit, l\u00e0 o\u00f9 les formes traditionnelles de l'expos\u00e9 philosophique sont incapables de saisir l'objet fuyant que le penseur \u00e9tudie : son \u00eatre propre.\r","authors":["Fran\u00e7ois-victor Rudent"],"category_codes":["9000000","9080000"],"visuals":{"large":"https:\/\/images.epagine.fr\/976\/9782747503976_1_75.jpg","medium":"https:\/\/images.epagine.fr\/976\/9782747503976_1_m.jpg","thumbnail":"https:\/\/images.epagine.fr\/976\/9782747503976_1_v.jpg"},"orderable":true,"show_badge":true,"formatted_price":"19,00&nbsp;\u20ac","formatted_published_date":"1er novembre 2003","publisher_availability_label":"Sur commande","short_details":"Fran\u00e7ois-victor Rudent \u2014 \u00c9ditions L'Harmattan","translator":null,"weight":268,"page_count":192,"readership":null,"editor":"\u00c9ditions L'Harmattan","price":1900,"published_date":"2003-10-31T23:00:00.000000Z","support":"Grand format","publisher_availability":1,"stock":0,"editions":[],"url":"https:\/\/quaidesbrumes.com\/ouvrage\/9782747503976\/la-conversation-de-montaigne-conference-et-philosophie"},{"id":"9782747507714","title":"L'\u00c9PIST\u00c9MOLOGIE SCIENTIFIQUE DES LUMI\u00c8RES","description":"Ce livre commence par d\u00e9finir \" l'\u00e9pist\u00e9mologie scientifique \" en g\u00e9n\u00e9ral. La premi\u00e8re partie s'int\u00e9resse fondamentalement \u00e0 la m\u00e9canique et \u00e0 la cosmologie. Maupertuis, Voltaire, Euler et d'Alembert y sont des rep\u00e8res essentiels. La seconde partie traite de l'infini math\u00e9matique en pr\u00e9cisant ses origines, sa contrepartie moderne, et en donnant un exemple de la situation dans la philosophie de l'\u00e9poque. Leibniz, Newton, d'Alembert et Rousseau y trouvent leur place.\r","authors":["Abdelkader Bachta"],"category_codes":["9000000","9080000"],"visuals":{"large":"https:\/\/images.epagine.fr\/714\/9782747507714_1_75.jpg","medium":"https:\/\/images.epagine.fr\/714\/9782747507714_1_m.jpg","thumbnail":"https:\/\/images.epagine.fr\/714\/9782747507714_1_v.jpg"},"orderable":true,"show_badge":true,"formatted_price":"21,00&nbsp;\u20ac","formatted_published_date":"1er novembre 2003","publisher_availability_label":"Sur commande","short_details":"Abdelkader Bachta \u2014 \u00c9ditions L'Harmattan","translator":null,"weight":282,"page_count":204,"readership":null,"editor":"\u00c9ditions L'Harmattan","price":2100,"published_date":"2003-10-31T23:00:00.000000Z","support":"Grand format","publisher_availability":1,"stock":0,"editions":[],"url":"https:\/\/quaidesbrumes.com\/ouvrage\/9782747507714\/lepistemologie-scientifique-des-lumieres"},{"id":"9782747509909","title":"R\u00e9flexions philosophiques et historiques","description":"L'\u00e9thique de l'exp\u00e9rimentation sur les \u00eatres humains a tenu une place centrale dans les d\u00e9bats bio\u00e9thiques depuis la promulgation du Code de Nuremberg.Ce premier des quatre volumes de l'\u00e9thique de la recherche apporte les fondements philosophiques et historiques du discours sur l'\u00e9thique de la recherche. Plus de cinquante ans apr\u00e8s, des questions majeures continuent \u00e0 interpeller philosophes, juristes et professionnels de la sant\u00e9.\r","authors":["Christian Herv\u00e9","Christian Mormont","Daniel N. Weisstub"],"category_codes":["9000000","9080000","9080200","9080204"],"visuals":{"large":"https:\/\/images.epagine.fr\/909\/9782747509909_1_75.jpg","medium":"https:\/\/images.epagine.fr\/909\/9782747509909_1_m.jpg","thumbnail":"https:\/\/images.epagine.fr\/909\/9782747509909_1_v.jpg"},"orderable":true,"show_badge":true,"formatted_price":"24,00&nbsp;\u20ac","formatted_published_date":"1er novembre 2003","publisher_availability_label":"Sur commande","short_details":"Christian Herv\u00e9, Christian Mormont, Daniel N. Weisstub \u2014 \u00c9ditions L'Harmattan","translator":null,"weight":376,"page_count":270,"readership":null,"editor":"\u00c9ditions L'Harmattan","price":2400,"published_date":"2003-10-31T23:00:00.000000Z","support":"Grand format","publisher_availability":1,"stock":0,"editions":[],"url":"https:\/\/quaidesbrumes.com\/ouvrage\/9782747509909\/reflexions-philosophiques-et-historiques"},{"id":"9782747509916","title":"La r\u00e9gulation de la recherche","description":"Assurer une v\u00e9ritable r\u00e9gulation \u00e9thique de l'exp\u00e9rimentation sur les \u00eatres humains constitue un d\u00e9fi permanent auquel sont confront\u00e9s les d\u00e9cideurs partout dans le monde. Les conflits d'int\u00e9r\u00eat entre le sujet, le chercheur et la soci\u00e9t\u00e9 sont devenus patents. Dans une perspective historique, prospective et internationale, les auteurs font une revue des tendances en mati\u00e8re de r\u00e9gulation de la recherche. Ils abordent notamment les aspects juridiques et \u00e9thiques des mod\u00e8les de r\u00e9gulation, et l'\u00e9volution et la fonction des comit\u00e9s d'\u00e9thique.\r","authors":["Christian Herv\u00e9","Christian Mormont","Daniel N. Weisstub"],"category_codes":["9000000","9080000","9080700"],"visuals":{"large":"https:\/\/images.epagine.fr\/916\/9782747509916_1_75.jpg","medium":"https:\/\/images.epagine.fr\/916\/9782747509916_1_m.jpg","thumbnail":"https:\/\/images.epagine.fr\/916\/9782747509916_1_v.jpg"},"orderable":true,"show_badge":true,"formatted_price":"21,00&nbsp;\u20ac","formatted_published_date":"1er novembre 2003","publisher_availability_label":"Sur commande","short_details":"Christian Herv\u00e9, Christian Mormont, Daniel N. Weisstub \u2014 \u00c9ditions L'Harmattan","translator":null,"weight":320,"page_count":232,"readership":null,"editor":"\u00c9ditions L'Harmattan","price":2100,"published_date":"2003-10-31T23:00:00.000000Z","support":"Grand format","publisher_availability":1,"stock":0,"editions":[],"url":"https:\/\/quaidesbrumes.com\/ouvrage\/9782747509916\/la-regulation-de-la-recherche"},{"id":"9782747510516","title":"L'objet duchampien","description":"L'objet chez Duchamp n'est ni la chose ni la mati\u00e8re : c'est un concept artistique. L'objet duchampien fait dispara\u00eetre la signification habituelle d'une chose quotidienne sous un nouveau titre. Sur la base de cette d\u00e9finition de l'objet duchampien, les auteurs d\u00e9veloppent trois hypoth\u00e8ses : l'objet ou le mensonge pictural, ce qui n'est pas l'objet ou la chose elle-m\u00eame, et l'id\u00e9e duchampien ou la chose indirecte.\r","authors":["Young-girl Jang"],"category_codes":["9000000","9080000"],"visuals":{"large":"https:\/\/images.epagine.fr\/516\/9782747510516_1_75.jpg","medium":"https:\/\/images.epagine.fr\/516\/9782747510516_1_m.jpg","thumbnail":"https:\/\/images.epagine.fr\/516\/9782747510516_1_v.jpg"},"orderable":true,"show_badge":true,"formatted_price":"22,50&nbsp;\u20ac","formatted_published_date":"1er novembre 2003","publisher_availability_label":"Sur commande","short_details":"Young-girl Jang \u2014 \u00c9ditions L'Harmattan","translator":null,"weight":270,"page_count":194,"readership":null,"editor":"\u00c9ditions L'Harmattan","price":2250,"published_date":"2003-10-31T23:00:00.000000Z","support":"Grand format","publisher_availability":1,"stock":0,"editions":[],"url":"https:\/\/quaidesbrumes.com\/ouvrage\/9782747510516\/lobjet-duchampien"},{"id":"9782747504737","title":"S\u00c9MIOLOGIE DES DIALOGUES DIDACTIQUES","description":"Observer des groupes-classe, d\u00e9crire les \u00e9changes qui s'y d\u00e9roulent, analyser les conduites des participants, tel est l'objectif de cet ouvrage r\u00e9alis\u00e9 \u00e0 partir de l'enregistrement de nombreux groupes en situation d'enseignement-apprentissage du fran\u00e7ais. Ce travail d'exploration et d'interpr\u00e9tation des interactions ma\u00eetres-\u00e9l\u00e8ves propose des outils en provenance de diff\u00e9rents domaines des sciences humaines et sociales pour appr\u00e9hender la fabuleuse complexit\u00e9 de la communication didactique.\r","authors":["Violaine De Nuch\u00e8ze"],"category_codes":["9000000","9120000","9120200"],"visuals":{"large":"https:\/\/images.epagine.fr\/737\/9782747504737_1_75.jpg","medium":"https:\/\/images.epagine.fr\/737\/9782747504737_1_m.jpg","thumbnail":"https:\/\/images.epagine.fr\/737\/9782747504737_1_v.jpg"},"orderable":true,"show_badge":true,"formatted_price":"21,00&nbsp;\u20ac","formatted_published_date":"1er novembre 2003","publisher_availability_label":"Sur commande","short_details":"Violaine De Nuch\u00e8ze \u2014 \u00c9ditions L'Harmattan","translator":null,"weight":260,"page_count":210,"readership":null,"editor":"\u00c9ditions L'Harmattan","price":2100,"published_date":"2003-10-31T23:00:00.000000Z","support":"Grand format","publisher_availability":1,"stock":0,"editions":[],"url":"https:\/\/quaidesbrumes.com\/ouvrage\/9782747504737\/semiologie-des-dialogues-didactiques"},{"id":"9782841002726","title":"Les philosophies de l'humanit\u00e9","description":"Contrairement aux syst\u00e8mes scientifiques, les grandes philosophies ne sont jamais p\u00e9rim\u00e9es, elles traversent l'histoire et restent vivantes, riches d'enseignement.\r\nCe \" patrimoine \" philosophique rassemble les grands syst\u00e8mes d'interpr\u00e9tation de l'homme.\r\nLes visions totalitaires du monde se sont effondr\u00e9es, les religions ont perdu leur primat sur les consciences et la philosophie est maintenant plus que jamais appel\u00e9e au secours de l'individu et de la d\u00e9finition de son identit\u00e9.\r\nCe livre propose un tour du monde de l'ensemble des philosophies et de ce qu'elles peuvent nous apporter.\r\nUne premi\u00e8re partie brosse un panorama complet et facilement accessible de la philosophie occidentale dans le mouvement global de l'Histoire.\r\nOn prend ensuite des chemins de traverse pour aller chercher la philosophie ailleurs que dans sa stricte d\u00e9finition acad\u00e9mique et occidentale.\r\nEnfin, il est question des d\u00e9fis auxquels la philosophie est confront\u00e9e aujourd'hui et de son message.\r\nL'ensemble est compl\u00e9t\u00e9 de monographies sur une trentaine de philosophes parmi les plus c\u00e9l\u00e8bres.\r","authors":["Michel Malherbe"],"category_codes":["9000000","9080000","9080200","9080204"],"visuals":{"large":"https:\/\/images.epagine.fr\/726\/9782841002726_1_75.jpg","medium":"https:\/\/images.epagine.fr\/726\/9782841002726_1_m.jpg","thumbnail":"https:\/\/images.epagine.fr\/726\/9782841002726_1_v.jpg"},"orderable":true,"show_badge":true,"formatted_price":"21,50&nbsp;\u20ac","formatted_published_date":"30 ao\u00fbt 2001","publisher_availability_label":"Sur commande","short_details":"Michel Malherbe \u2014 \u00c9ditions Bartillat","translator":null,"weight":400,"page_count":510,"readership":null,"editor":"\u00c9ditions Bartillat","price":2150,"published_date":"2001-08-29T22:00:00.000000Z","support":"Grand format","publisher_availability":1,"stock":0,"editions":[],"url":"https:\/\/quaidesbrumes.com\/ouvrage\/9782841002726\/les-philosophies-de-lhumanite"},{"id":"9782747508681","title":"Les graphes existentiels","description":"Les graphes existentiels sont un expos\u00e9 m\u00e9thodique de la logique telle que la concevait le philosophe et math\u00e9maticien am\u00e9ricain Charles Peirce. Le lecteur y trouvera une vision analogique, implicite et r\u00e9volutionnairement claire d'une mati\u00e8re qui, rendue par l'alg\u00e8bre, para\u00eet au contraire s\u00e8che et ardue. Sous cette forme, mieux adapt\u00e9e aux esprits dot\u00e9s de facult\u00e9s intuitives fortes, la logique r\u00e9v\u00e8le mieux ses propres fondements.\r","authors":["Herv\u00e9 Krief"],"category_codes":["9000000","9080000"],"visuals":{"large":"https:\/\/images.epagine.fr\/681\/9782747508681_1_75.jpg","medium":"https:\/\/images.epagine.fr\/681\/9782747508681_1_m.jpg","thumbnail":"https:\/\/images.epagine.fr\/681\/9782747508681_1_v.jpg"},"orderable":true,"show_badge":true,"formatted_price":"13,00&nbsp;\u20ac","formatted_published_date":"1er novembre 2003","publisher_availability_label":"Sur commande","short_details":"Herv\u00e9 Krief \u2014 \u00c9ditions L'Harmattan","translator":null,"weight":194,"page_count":135,"readership":null,"editor":"\u00c9ditions L'Harmattan","price":1300,"published_date":"2003-10-31T23:00:00.000000Z","support":"Grand format","publisher_availability":1,"stock":0,"editions":[],"url":"https:\/\/quaidesbrumes.com\/ouvrage\/9782747508681\/les-graphes-existentiels"},{"id":"9782747509091","title":"LE TEMPS ET SES REPR\u00c9SENTATIONS","description":"Le th\u00e8me du temps \u00e0 tout d'abord touch\u00e9 des questions pointues de physique \u00e0 propos de la r\u00e9volution apport\u00e9e par la relativit\u00e9 \u00e0 sa repr\u00e9sentation, comme \u00e0 propos de la question, de la fl\u00e8che du temps. Mais la science a laiss\u00e9 place \u00e0 d'autres interrogations sur la fa\u00e7on dont le temps est v\u00e9cu par l'individu selon des rythmes diff\u00e9rents.\r","authors":[],"category_codes":["9000000","9080000"],"visuals":{"large":"https:\/\/images.epagine.fr\/091\/9782747509091_1_75.jpg","medium":"https:\/\/images.epagine.fr\/091\/9782747509091_1_m.jpg","thumbnail":"https:\/\/images.epagine.fr\/091\/9782747509091_1_v.jpg"},"orderable":true,"show_badge":true,"formatted_price":"29,50&nbsp;\u20ac","formatted_published_date":"1er novembre 2003","publisher_availability_label":"Sur commande","short_details":"\u00c9ditions L'Harmattan","translator":null,"weight":392,"page_count":285,"readership":null,"editor":"\u00c9ditions L'Harmattan","price":2950,"published_date":"2003-10-31T23:00:00.000000Z","support":"Grand format","publisher_availability":1,"stock":0,"editions":[],"url":"https:\/\/quaidesbrumes.com\/ouvrage\/9782747509091\/le-temps-et-ses-representations"},{"id":"9782747551007","title":"Rousseau et les sciences","description":"L'imagerie conventionnelle est loin d'associer le nom de Rousseau \u00e0 la connaissance scientifique. Ne fait-on pas commun\u00e9ment de son premier Discours une denonciation des m\u00e9faits des sciences ? Ne voit-on pas dans son oeuvre l'exaltation d'une nature pr\u00e9romantique, oppos\u00e9e \u00e0 celle des physiciens, des chimistes? En interrogeant pr\u00e9cis\u00e9ment les rapports entretenus par Rousseau avec la culture scientifique de son temps, ces \u00e9tudes mettent en \u00e9vidence le d\u00e9ni de la culture et de la pratique scientifique de Rousseau, le d\u00e9ni du r\u00f4le jou\u00e9 par les r\u00e9f\u00e9rents scientifiques dans l'\u00e9laboration de sa pens\u00e9e.","authors":[],"category_codes":["9000000","9080000"],"visuals":{"large":"https:\/\/images.epagine.fr\/007\/9782747551007_1_75.jpg","medium":"https:\/\/images.epagine.fr\/007\/9782747551007_1_m.jpg","thumbnail":"https:\/\/images.epagine.fr\/007\/9782747551007_1_v.jpg"},"orderable":true,"show_badge":true,"formatted_price":"31,00&nbsp;\u20ac","formatted_published_date":"1er novembre 2003","publisher_availability_label":"Sur commande","short_details":"\u00c9ditions L'Harmattan","translator":null,"weight":440,"page_count":315,"readership":null,"editor":"\u00c9ditions L'Harmattan","price":3100,"published_date":"2003-10-31T23:00:00.000000Z","support":"Grand format","publisher_availability":1,"stock":0,"editions":[],"url":"https:\/\/quaidesbrumes.com\/ouvrage\/9782747551007\/rousseau-et-les-sciences"},{"id":"9782915312126","title":"Comment d\u00e9jouer les pi\u00e8ges de l'information ; ou les r\u00e8gles d'or de la z\u00e9t\u00e9tique","description":null,"authors":["Henri Broch"],"category_codes":["9000000","9080000","9080200","9080204"],"visuals":{"large":"https:\/\/images.epagine.fr\/126\/9782915312126_1_75.jpg","medium":"https:\/\/images.epagine.fr\/126\/9782915312126_1_m.jpg","thumbnail":"https:\/\/images.epagine.fr\/126\/9782915312126_1_v.jpg"},"orderable":true,"show_badge":true,"formatted_price":"11,00&nbsp;\u20ac","formatted_published_date":"16 juin 2008","publisher_availability_label":"Sur commande","short_details":"Henri Broch \u2014 Book-E-Book","translator":null,"weight":160,"page_count":null,"readership":"Tout public","editor":"Book-E-Book","price":1100,"published_date":"2008-06-15T22:00:00.000000Z","support":"Grand format","publisher_availability":1,"stock":0,"editions":[],"url":"https:\/\/quaidesbrumes.com\/ouvrage\/9782915312126\/comment-dejouer-les-pieges-de-linformation-ou-les-regles-dor-de-la-zetetique"},{"id":"9782747516433","title":"LES H\u00c9RITIERS DE LEIBNIZ","description":"Lorsqu'on jette un regard r\u00e9trospectif sur le chemin qui m\u00e8ne de Leibniz jusqu'\u00e0 nous, on peut voir \u00e0 quelles profondes remises en cause ces lectures ont donn\u00e9 lieu. Pourtant, elles ont aussi \u00e9t\u00e9 les conditions de la r\u00e9alisation finale du projet d'une langue logique universelle. Il ne reste rien ou presque des principes pos\u00e9s au d\u00e9part : mais il n'en faut pas moins lire et relire Leibniz, philosophe d'un progr\u00e8s qui ne se fait pas sans douleur, sans subversion, sans reniement. C'est ce \u00e0 quoi nous invite cette \u00e9tude.\r","authors":["Jacques Croizer"],"category_codes":["9000000","9080000"],"visuals":{"large":"https:\/\/images.epagine.fr\/433\/9782747516433_1_75.jpg","medium":"https:\/\/images.epagine.fr\/433\/9782747516433_1_m.jpg","thumbnail":"https:\/\/images.epagine.fr\/433\/9782747516433_1_v.jpg"},"orderable":true,"show_badge":true,"formatted_price":"16,00&nbsp;\u20ac","formatted_published_date":"1er novembre 2003","publisher_availability_label":"Sur commande","short_details":"Jacques Croizer \u2014 \u00c9ditions L'Harmattan","translator":null,"weight":252,"page_count":176,"readership":null,"editor":"\u00c9ditions L'Harmattan","price":1600,"published_date":"2003-10-31T23:00:00.000000Z","support":"Grand format","publisher_availability":1,"stock":0,"editions":[],"url":"https:\/\/quaidesbrumes.com\/ouvrage\/9782747516433\/les-heritiers-de-leibniz"},{"id":"9782747511131","title":"L'ideal democratique entre l'universel et le particulier - essai de philosophie politique","description":"L'id\u00e9al d\u00e9mocratique est-il, oui ou non, un imp\u00e9ratif cat\u00e9gorique universel valable pour toute soci\u00e9t\u00e9 humaine quels qu'en soient l'h\u00e9ritage culturel et les particularismes socio-politiques, ou n'est il qu'un id\u00e9al contingent promu par une civilisation occcidentale triomphante ? Comment concilier l'aspiration \u00e0 l'universel, gage de notre commune humanit\u00e9, et le respect des particularismes des exp\u00e9riences humaines qui se tissent toujours et tout enti\u00e8res dans et par une histoire particuli\u00e8re ?\r","authors":["Boniface Kabor\u00e9"],"category_codes":["9000000","9080000"],"visuals":{"large":"https:\/\/images.epagine.fr\/131\/9782747511131_1_75.jpg","medium":"https:\/\/images.epagine.fr\/131\/9782747511131_1_m.jpg","thumbnail":"https:\/\/images.epagine.fr\/131\/9782747511131_1_v.jpg"},"orderable":true,"show_badge":true,"formatted_price":"27,50&nbsp;\u20ac","formatted_published_date":"1er novembre 2003","publisher_availability_label":"Sur commande","short_details":"Boniface Kabor\u00e9 \u2014 \u00c9ditions L'Harmattan","translator":null,"weight":400,"page_count":328,"readership":null,"editor":"\u00c9ditions L'Harmattan","price":2750,"published_date":"2003-10-31T23:00:00.000000Z","support":"Grand format","publisher_availability":1,"stock":0,"editions":[],"url":"https:\/\/quaidesbrumes.com\/ouvrage\/9782747511131\/lideal-democratique-entre-luniversel-et-le-particulier-essai-de-philosophie-politique"},{"id":"9782747516747","title":"L'image de l'europe a l'ombre de la guerre froide - la revue forum de friedrich torberg a vienne (19","description":"En 1954, Friedrich Torberg fonde \u00e0 Vienne la revue Forum qui sera financ\u00e9e jusqu'en 1961 par la CIA. Une revue politique et culturelle, bien repr\u00e9sentative du climat qui r\u00e8gne en Autriche \u00e0 l'\u00e9poque de la guerre froide, comme le d\u00e9montrent les documents in\u00e9dits. En huit ans, 634 articles et caricatures abordent le th\u00e8me de l'Europe et des pays europ\u00e9ens. La notion d'\u00e9tranger y joue un r\u00f4le important. Le discours sur la question europ\u00e9enne est tr\u00e8s r\u00e9v\u00e9lateur de l'\u00e9mergence d'une nouvelle conscience de la nation autrichienne.\r","authors":["Anne-marie Corbin"],"category_codes":["9000000","9080000"],"visuals":{"large":"https:\/\/images.epagine.fr\/747\/9782747516747_1_75.jpg","medium":"https:\/\/images.epagine.fr\/747\/9782747516747_1_m.jpg","thumbnail":"https:\/\/images.epagine.fr\/747\/9782747516747_1_v.jpg"},"orderable":true,"show_badge":true,"formatted_price":"33,00&nbsp;\u20ac","formatted_published_date":"1er novembre 2003","publisher_availability_label":"Sur commande","short_details":"Anne-marie Corbin \u2014 \u00c9ditions L'Harmattan","translator":null,"weight":510,"page_count":384,"readership":null,"editor":"\u00c9ditions L'Harmattan","price":3300,"published_date":"2003-10-31T23:00:00.000000Z","support":"Grand format","publisher_availability":1,"stock":0,"editions":[],"url":"https:\/\/quaidesbrumes.com\/ouvrage\/9782747516747\/limage-de-leurope-a-lombre-de-la-guerre-froide-la-revue-forum-de-friedrich-torberg-a-vienne-19"},{"id":"9782747516983","title":"LA M\u00c9TAPHYSIQUE DE L'HISTOIRE DE DOSTO\u00cfEVSKI : La philosophie de Dosto\u00efevski, tome 2","description":"Pierre Lambl\u00e9 explore dans de deuxi\u00e8me tome l'un des domaines les plus originaux et les plus passionnants de cette philosophie : la m\u00e9taphysique de l'Histoire de Dosto\u00efevski. \r\n\" Pierre Lambl\u00e9 a raison de mettre en question l'image de Dosto\u00efevski que Berdiaev et d'autres ont forg\u00e9e et de lui opposer celle d'un Dosto\u00efevski analyste rigoureux des forces et des m\u00e9canismes de l'Histoire, con\u00e7ue aussi comme une \" science de l'avenir \". (extrait de la pr\u00e9face de A . Dabezies)","authors":["Pierre Lamble"],"category_codes":["9000000","9080000"],"visuals":{"large":"https:\/\/images.epagine.fr\/983\/9782747516983_1_75.jpg","medium":"https:\/\/images.epagine.fr\/983\/9782747516983_1_m.jpg","thumbnail":"https:\/\/images.epagine.fr\/983\/9782747516983_1_v.jpg"},"orderable":true,"show_badge":true,"formatted_price":"33,00&nbsp;\u20ac","formatted_published_date":"1er novembre 2003","publisher_availability_label":"Sur commande","short_details":"Pierre Lamble \u2014 \u00c9ditions L'Harmattan","translator":null,"weight":494,"page_count":366,"readership":null,"editor":"\u00c9ditions L'Harmattan","price":3300,"published_date":"2003-10-31T23:00:00.000000Z","support":"Grand format","publisher_availability":1,"stock":0,"editions":[],"url":"https:\/\/quaidesbrumes.com\/ouvrage\/9782747516983\/la-metaphysique-de-lhistoire-de-dostoievski-la-philosophie-de-dostoievski-tome-2"}]}