{"data":[{"id":"9782747502627","title":"\u00c9ROTIQUE ESTH\u00c9TIQUE","description":"Qu'il s'agisse de la litt\u00e9rature, des arts plastiques, du cin\u00e9ma, de la vid\u00e9o, d'oeuvres multi-m\u00e9dias ou virtuelles, on assiste \u00e0 un v\u00e9ritable foisonnement de cr\u00e9ations artistiques autour du corps et de ce dieu pa\u00efen. Qu'ont \u00e0 dire sur les fac\u00e9ties d'Eros la philosophie, l'esth\u00e9tique, l'histoire de l'art, la s\u00e9miologie, la psychanalyse et la critique d'art ?","authors":["Francois Aubral"],"category_codes":["9000000","9080000"],"visuals":{"large":"https:\/\/images.epagine.fr\/627\/9782747502627_1_75.jpg","medium":"https:\/\/images.epagine.fr\/627\/9782747502627_1_m.jpg","thumbnail":"https:\/\/images.epagine.fr\/627\/9782747502627_1_v.jpg"},"orderable":true,"show_badge":true,"formatted_price":"31,50&nbsp;\u20ac","formatted_published_date":"1er novembre 2003","publisher_availability_label":"Sur commande","short_details":"Francois Aubral \u2014 \u00c9ditions L'Harmattan","translator":null,"weight":488,"page_count":350,"readership":null,"editor":"\u00c9ditions L'Harmattan","price":3150,"published_date":"2003-10-31T23:00:00.000000Z","support":"Grand format","publisher_availability":1,"stock":0,"editions":[],"url":"https:\/\/quaidesbrumes.com\/ouvrage\/9782747502627\/erotique-esthetique"},{"id":"9782747503488","title":"La paix barbare - essais sur la politique contemporaine","description":"Rassemblant des essais \u00e9crits au fil des dix derni\u00e8res ann\u00e9es, ce livre prend pour objet la figure \u00e9nigmatique d'un devenir d\u00e9mocratique de la politique mondiale qu'accompagne comme son ombre la prolif\u00e9ration des violences extr\u00eames. A la politique entendue comme mise \u00e0 l'\u00e9preuve de la diversit\u00e9 humaine tend \u00e0 se substituer une post-politique qui r\u00e9active toujours plus distinctement la figure imm\u00e9moriale du troupeau humain conduit par ses pasteurs avis\u00e9s.\r","authors":["Alain Brossat"],"category_codes":["9000000","9080000"],"visuals":{"large":"https:\/\/images.epagine.fr\/488\/9782747503488_1_75.jpg","medium":"https:\/\/images.epagine.fr\/488\/9782747503488_1_m.jpg","thumbnail":"https:\/\/images.epagine.fr\/488\/9782747503488_1_v.jpg"},"orderable":true,"show_badge":true,"formatted_price":"26,00&nbsp;\u20ac","formatted_published_date":"1er novembre 2003","publisher_availability_label":"Sur commande","short_details":"Alain Brossat \u2014 \u00c9ditions L'Harmattan","translator":null,"weight":532,"page_count":null,"readership":null,"editor":"\u00c9ditions L'Harmattan","price":2600,"published_date":"2003-10-31T23:00:00.000000Z","support":"Grand format","publisher_availability":1,"stock":0,"editions":[],"url":"https:\/\/quaidesbrumes.com\/ouvrage\/9782747503488\/la-paix-barbare-essais-sur-la-politique-contemporaine"},{"id":"9782213609799","title":"La physiologie, 1550","description":"Jean Femel (1497-1558) La Medicina de Jean Fernel parut \u00e0 Paris chez Wechel en 1554, sous la forme d'un volume in folio comportant trois parties: Physiologia, Pathologia, Therapeutice seu medendi ratio. Cet ouvrage fut souvent r\u00e9\u00e9dit\u00e9. Nous publions la premi\u00e8re partie, consacr\u00e9e \u00e0 la physiologie, dans la traduction int\u00e9grale de Charles de Saint Germain, parue a Paris en 1655 chez Jean Guignard le Jeune, sous le titre : Les sept livres de la Physiologie. Cette traduction, la seule qui existe en fran\u00e7ais, comporte quelques br\u00e8ves additions au texte de 1554, introduites ult\u00e9rieurement dans le texte latin de la Medicina. Nous reproduisons l'\u00e9dition de 1655, d'apr\u00e8s l'exemplaire conserv\u00e9 \u00e0 la Biblioth\u00e8que interuniversitaire de Montpellier. Le volume donne en annexe une liste de corrections qui ont \u00e9t\u00e9 int\u00e9gr\u00e9es au texte de la pr\u00e9sente \u00e9dition. Nous avons conserv\u00e9 l'orthographe, souvent variable, ainsi que la ponctuation du texte original, en corrigeant cependant certaines fautes manifestes (entre autres les inversions du masculin et du f\u00e9minin, du singulier et du pluriel, qui auraient pu nuire \u00e0 la compr\u00e9hension). Le traducteur ayant parfois omis des mots ou membres de phrases, nous les avons r\u00e9tablis dans le texte entre crochets, ou signal\u00e9s en note. J. Kany-Turpin","authors":["Fernel Jean"],"category_codes":["9000000","9080000"],"visuals":{"large":"https:\/\/images.epagine.fr\/799\/9782213609799_1_75.jpg","medium":"https:\/\/images.epagine.fr\/799\/9782213609799_1_m.jpg","thumbnail":"https:\/\/images.epagine.fr\/799\/9782213609799_1_v.jpg"},"orderable":true,"show_badge":true,"formatted_price":"52,80&nbsp;\u20ac","formatted_published_date":"1er juin 2001","publisher_availability_label":"Sur commande","short_details":"Fernel Jean \u2014 Fayard","translator":null,"weight":888,"page_count":672,"readership":null,"editor":"Fayard","price":5280,"published_date":"2001-05-31T22:00:00.000000Z","support":"Grand format","publisher_availability":1,"stock":0,"editions":[],"url":"https:\/\/quaidesbrumes.com\/ouvrage\/9782213609799\/la-physiologie-1550"},{"id":"9782747504300","title":"DE MONTESQUIEU LE MODERNE \u00c0 ROUSSEAU L'ANCIEN : La d\u00e9mocratie et la r\u00e9publique en question","description":"A la question \" \u00eates-vous d\u00e9mocrates ou r\u00e9publicains ? \" on ne peut r\u00e9pondre qu'\u00e0 partir du droit constitutionnel et de son histoire. Celle-ci conna\u00eet sa p\u00e9riode cruciale au XVIII\u00e8 si\u00e8cle, d'abord avec les deux projets constitutionnels oppos\u00e9s de \" Montesquieu le moderne \" et de \" Rousseau l'ancien \". Entre ces deux projets s'est dessin\u00e9 le destin (et l'enjeu) de la R\u00e9publique - en m\u00eame temps que celui de la d\u00e9mocratie.","authors":["Paul Dubouchet"],"category_codes":["9000000","9080000"],"visuals":{"large":"https:\/\/images.epagine.fr\/300\/9782747504300_1_75.jpg","medium":"https:\/\/images.epagine.fr\/300\/9782747504300_1_m.jpg","thumbnail":"https:\/\/images.epagine.fr\/300\/9782747504300_1_v.jpg"},"orderable":true,"show_badge":true,"formatted_price":"16,00&nbsp;\u20ac","formatted_published_date":"1er novembre 2003","publisher_availability_label":"Sur commande","short_details":"Paul Dubouchet \u2014 \u00c9ditions L'Harmattan","translator":null,"weight":184,"page_count":146,"readership":null,"editor":"\u00c9ditions L'Harmattan","price":1600,"published_date":"2003-10-31T23:00:00.000000Z","support":"Grand format","publisher_availability":1,"stock":0,"editions":[],"url":"https:\/\/quaidesbrumes.com\/ouvrage\/9782747504300\/de-montesquieu-le-moderne-a-rousseau-lancien-la-democratie-et-la-republique-en-question"},{"id":"9782747503990","title":"SPORT...ET D\u00c9SIR DE GUERRE","description":"Le sport, qui d\u00e9cha\u00eene les foules, serait-il un substitut symbolique de la guerre qui a toujours d\u00e9chir\u00e9 les hommes ? La relecture de l'histoire du sport permet l'esquisse de la notion de violence symbolique . Mais si le sport et la guerre entretiennent des relations privil\u00e9gi\u00e9es, il appara\u00eet aussi l\u00e9gitime d'approfondir la relation sport-paix, la place de l'eros et de la femme dans le sport, etc ... Se r\u00e9f\u00e9rant largement \u00e0 la pens\u00e9e de Ren\u00e9 Girard , cet ouvrage est avant tout une r\u00e9flexion sur la violence.","authors":["Claude Roggero"],"category_codes":["4000000","4070000"],"visuals":{"large":"https:\/\/images.epagine.fr\/990\/9782747503990_1_75.jpg","medium":"https:\/\/images.epagine.fr\/990\/9782747503990_1_m.jpg","thumbnail":"https:\/\/images.epagine.fr\/990\/9782747503990_1_v.jpg"},"orderable":true,"show_badge":true,"formatted_price":"31,50&nbsp;\u20ac","formatted_published_date":"1er novembre 2003","publisher_availability_label":"Sur commande","short_details":"Claude Roggero \u2014 \u00c9ditions L'Harmattan","translator":null,"weight":512,"page_count":378,"readership":null,"editor":"\u00c9ditions L'Harmattan","price":3150,"published_date":"2003-10-31T23:00:00.000000Z","support":"Grand format","publisher_availability":1,"stock":0,"editions":[],"url":"https:\/\/quaidesbrumes.com\/ouvrage\/9782747503990\/sportet-desir-de-guerre"},{"id":"9782905372888","title":"Sur la troisieme critique","description":null,"authors":["Collectif"],"category_codes":["9000000","9080000","9080200","9080204"],"visuals":{"large":"https:\/\/quaidesbrumes.com\/img\/book-placeholder.png","medium":"https:\/\/quaidesbrumes.com\/img\/book-placeholder.png","thumbnail":"https:\/\/quaidesbrumes.com\/img\/book-placeholder.png"},"orderable":true,"show_badge":true,"formatted_price":"15,00&nbsp;\u20ac","formatted_published_date":"1er f\u00e9vrier 1987","publisher_availability_label":"Sur commande","short_details":"Collectif \u2014 \u00c9ditions de l'\u00e9clat","translator":null,"weight":128,"page_count":null,"readership":null,"editor":"\u00c9ditions de l'\u00e9clat","price":1500,"published_date":"1987-01-31T23:00:00.000000Z","support":"Grand format","publisher_availability":1,"stock":0,"editions":[],"url":"https:\/\/quaidesbrumes.com\/ouvrage\/9782905372888\/sur-la-troisieme-critique"},{"id":"9780677503950","title":"La philosophie de Leibniz","description":"Reconstruction axiomatique de la philosophie de Leibniz \u00e0 partir de sa th\u00e9orie logique et m\u00e9taphysique de la substance, cet ouvrage constitue \u00e0 la fois la mise en \u00e9vidence de la structure du syst\u00e8me de Leibniz et une mise \u00e0 l'\u00e9preuve de certains de ses postulats fondamentaux.\r","authors":["Bertrand Russell"],"category_codes":["9000000","9080000","9080600","9080603"],"visuals":{"large":"https:\/\/images.epagine.fr\/950\/9780677503950_1_75.jpg","medium":"https:\/\/images.epagine.fr\/950\/9780677503950_1_m.jpg","thumbnail":"https:\/\/images.epagine.fr\/950\/9780677503950_1_v.jpg"},"orderable":true,"show_badge":true,"formatted_price":"21,00&nbsp;\u20ac","formatted_published_date":"1er janvier 2000","publisher_availability_label":"Sur commande","short_details":"Bertrand Russell \u2014 ARCHIVES CONTEMPORAINES","translator":null,"weight":320,"page_count":234,"readership":null,"editor":"ARCHIVES CONTEMPORAINES","price":2100,"published_date":"1999-12-31T23:00:00.000000Z","support":"Grand format","publisher_availability":1,"stock":0,"editions":[],"url":"https:\/\/quaidesbrumes.com\/ouvrage\/9780677503950\/la-philosophie-de-leibniz"},{"id":"9782747503099","title":"L\u00c9GER MARIE DESCHAMPS, UN PHILOSOPHE ENTRE LUMI\u00c8RES ET OUBLI","description":"Ce volume tente de mieux faire comprendre le philosophe L\u00e9ger-Marie Deschamps. Son syst\u00e8me philosophique, dont on a pr\u00e9tendu qu'il \u00e9tait pr\u00e9curseur de celui de Hegel, met en avant une grammaire m\u00e9taphysique subtile visant \u00e0 r\u00e9former radicalement la soci\u00e9t\u00e9, la lib\u00e9rant des lois tant civiles que religieuses, pour \u00e9tablir un \" \u00e9tat de moeurs \" enti\u00e8rement nouveau.","authors":["Eric Puisais"],"category_codes":["9000000","9080000"],"visuals":{"large":"https:\/\/images.epagine.fr\/099\/9782747503099_1_75.jpg","medium":"https:\/\/images.epagine.fr\/099\/9782747503099_1_m.jpg","thumbnail":"https:\/\/images.epagine.fr\/099\/9782747503099_1_v.jpg"},"orderable":true,"show_badge":true,"formatted_price":"15,50&nbsp;\u20ac","formatted_published_date":"1er novembre 2003","publisher_availability_label":"Sur commande","short_details":"Eric Puisais \u2014 \u00c9ditions L'Harmattan","translator":null,"weight":204,"page_count":162,"readership":null,"editor":"\u00c9ditions L'Harmattan","price":1550,"published_date":"2003-10-31T23:00:00.000000Z","support":"Grand format","publisher_availability":1,"stock":0,"editions":[],"url":"https:\/\/quaidesbrumes.com\/ouvrage\/9782747503099\/leger-marie-deschamps-un-philosophe-entre-lumieres-et-oubli"},{"id":"9782738499103","title":"La confusion du bien et du mal - le diable imitateur","description":"On a l'habitude de ne voir dans le mal que l'inspiration clairement identifiable pour faire le mal. Mais la situation de l'homme est plus complexe. Tout semble le pousser \u00e0 confondre le bien et le mal. C'est parce que dans le monde tel qu'il est \u00e0 un certain moment l'action morale ne peut devenir efficace qu'en devenant mauvaise que la confusion du bien et du mal ne peut se r\u00e9duire que progressivement, gr\u00e2ce aux ruses de l'action politique et \u00e0 une modification du concept de justice.\r","authors":["Coirault-Neuburger S"],"category_codes":["9000000","9080000"],"visuals":{"large":"https:\/\/images.epagine.fr\/103\/9782738499103_1_75.jpg","medium":"https:\/\/images.epagine.fr\/103\/9782738499103_1_m.jpg","thumbnail":"https:\/\/images.epagine.fr\/103\/9782738499103_1_v.jpg"},"orderable":true,"show_badge":true,"formatted_price":"19,00&nbsp;\u20ac","formatted_published_date":"1er janvier 2001","publisher_availability_label":"Sur commande","short_details":"Coirault-Neuburger S \u2014 \u00c9ditions L'Harmattan","translator":null,"weight":255,"page_count":202,"readership":null,"editor":"\u00c9ditions L'Harmattan","price":1900,"published_date":"2000-12-31T23:00:00.000000Z","support":"Grand format","publisher_availability":1,"stock":0,"editions":[],"url":"https:\/\/quaidesbrumes.com\/ouvrage\/9782738499103\/la-confusion-du-bien-et-du-mal-le-diable-imitateur"},{"id":"9782747505352","title":"PROUDHON ET L'ART","description":"Cet auteur est complexe, ce qui renforce son int\u00e9r\u00eat. Ses positions vis-\u00e0-vis de l'art comportent certaines ambigu\u00eft\u00e9s comme celle qui fait de lui, \u00e0 la fois un d\u00e9fenseur d'un art qualifi\u00e9 de moderne, d'id\u00e9es avant-gardistes et parall\u00e8lement, un moraliste pr\u00f4nant un art \" rationnel \", \u00e9ducateur, au service de la collectivit\u00e9. Cette \u00e9tude analyse les positions du philosophe vis-\u00e0-vis de l'art, des artistes, des critiques d'art, du public de m\u00eame que ses relations avec Gustave Courbet.\r","authors":["Dominique Berthet"],"category_codes":["6000000","6010000"],"visuals":{"large":"https:\/\/images.epagine.fr\/352\/9782747505352_1_75.jpg","medium":"https:\/\/images.epagine.fr\/352\/9782747505352_1_m.jpg","thumbnail":"https:\/\/images.epagine.fr\/352\/9782747505352_1_v.jpg"},"orderable":true,"show_badge":true,"formatted_price":"12,00&nbsp;\u20ac","formatted_published_date":"1er novembre 2003","publisher_availability_label":"Sur commande","short_details":"Dominique Berthet \u2014 \u00c9ditions L'Harmattan","translator":null,"weight":120,"page_count":122,"readership":null,"editor":"\u00c9ditions L'Harmattan","price":1200,"published_date":"2003-10-31T23:00:00.000000Z","support":"Grand format","publisher_availability":1,"stock":0,"editions":[],"url":"https:\/\/quaidesbrumes.com\/ouvrage\/9782747505352\/proudhon-et-lart"},{"id":"9782747506434","title":"ENTRE PHILOSOPHIE ET POLITIQUE : GIOVANNI GENTILE : Un philosophe engag\u00e9 sou le fascisme","description":"Ce livre tente d'apporter quelques \u00e9l\u00e9ments de r\u00e9flexion sur la philosophie italienne, en partant d'une vision crois\u00e9e de l'histoire et de la philosophie, depuis le Risorgimento jusqu'\u00e0 la Seconde Guerre mondiale. Dans ce contexte, le philosophe Gentile repr\u00e9sente une sorte de \" mod\u00e8le \", justement parce que son syst\u00e8me de pens\u00e9e instaure un lien n\u00e9cessaire entre l'histoire r\u00e9elle et la philosophie de l'esprit. Gr\u00e2ce \u00e0 cette figure de proue de l'intelligentia de l'\u00e9poque on peut s'interroger sur l'engagement de l'intellectuel, le statut de l'Etat-Nation, le r\u00f4le de l'\u00e9ducation, le danger du nationalisme.\r","authors":["Nadia Allegri Sidi-Maamar"],"category_codes":["9000000","9080000"],"visuals":{"large":"https:\/\/images.epagine.fr\/434\/9782747506434_1_75.jpg","medium":"https:\/\/images.epagine.fr\/434\/9782747506434_1_m.jpg","thumbnail":"https:\/\/images.epagine.fr\/434\/9782747506434_1_v.jpg"},"orderable":true,"show_badge":true,"formatted_price":"26,00&nbsp;\u20ac","formatted_published_date":"1er novembre 2003","publisher_availability_label":"Sur commande","short_details":"Nadia Allegri Sidi-Maamar \u2014 \u00c9ditions L'Harmattan","translator":null,"weight":402,"page_count":290,"readership":null,"editor":"\u00c9ditions L'Harmattan","price":2600,"published_date":"2003-10-31T23:00:00.000000Z","support":"Grand format","publisher_availability":1,"stock":0,"editions":[],"url":"https:\/\/quaidesbrumes.com\/ouvrage\/9782747506434\/entre-philosophie-et-politique-giovanni-gentile-un-philosophe-engage-sou-le-fascisme"},{"id":"9782763777436","title":"L'autre de la technique","description":null,"authors":["Collectif"],"category_codes":["9000000","9080000","9080200","9080204"],"visuals":{"large":"https:\/\/quaidesbrumes.com\/img\/book-placeholder.png","medium":"https:\/\/quaidesbrumes.com\/img\/book-placeholder.png","thumbnail":"https:\/\/quaidesbrumes.com\/img\/book-placeholder.png"},"orderable":true,"show_badge":true,"formatted_price":"25,92&nbsp;\u20ac","formatted_published_date":"1er f\u00e9vrier 2001","publisher_availability_label":"Sur commande","short_details":"Collectif \u2014 \u00c9ditions L'Harmattan","translator":null,"weight":0,"page_count":null,"readership":null,"editor":"\u00c9ditions L'Harmattan","price":2592,"published_date":"2001-01-31T23:00:00.000000Z","support":"Grand format","publisher_availability":1,"stock":0,"editions":[],"url":"https:\/\/quaidesbrumes.com\/ouvrage\/9782763777436\/lautre-de-la-technique"},{"id":"9782747501156","title":"FICHTE DE L'ACTION \u00c0 L'IMAGE","description":"oeuvre d'un grand connaisseur de l'Id\u00e9alisme Allemand, ce livre pr\u00e9sente les moments essentiels du d\u00e9veloppement de la pens\u00e9e ficht\u00e9enne. Apr\u00e8s l'expos\u00e9 des cat\u00e9gories fondamentales de cette philosophie, cinq \u00e9tudes sont consacr\u00e9es \u00e0 cinq versions majeures de \r\nla \" Doctrine de la Science \". Elles sont concentr\u00e9es sur le d\u00e9chiffrement de ses th\u00e8ses m\u00e9taphysiques et \u00e9pist\u00e9mologiques. Ce livre jette une nouvelle lumi\u00e8re sur le r\u00f4le et la place de Fichte dans l'histoire de la philosophie postkantienne.","authors":["Mikios Miklos"],"category_codes":["9000000","9080000"],"visuals":{"large":"https:\/\/images.epagine.fr\/156\/9782747501156_1_75.jpg","medium":"https:\/\/images.epagine.fr\/156\/9782747501156_1_m.jpg","thumbnail":"https:\/\/images.epagine.fr\/156\/9782747501156_1_v.jpg"},"orderable":true,"show_badge":true,"formatted_price":"24,00&nbsp;\u20ac","formatted_published_date":"1er novembre 2003","publisher_availability_label":"Sur commande","short_details":"Mikios Miklos \u2014 \u00c9ditions L'Harmattan","translator":null,"weight":310,"page_count":256,"readership":null,"editor":"\u00c9ditions L'Harmattan","price":2400,"published_date":"2003-10-31T23:00:00.000000Z","support":"Grand format","publisher_availability":1,"stock":0,"editions":[],"url":"https:\/\/quaidesbrumes.com\/ouvrage\/9782747501156\/fichte-de-laction-a-limage"},{"id":"9782747500449","title":"LE TEMPS ET LA DUR\u00c9E","description":"Si nous vivons dans le temps de l'univers et du monde physique, nous poss\u00e9dons aussi un sens interne du temps, la dur\u00e9e v\u00e9cue. Qu'en est-il de celle-ci ? Est-elle, comme le disait Bergson, une donn\u00e9e imm\u00e9diate de la conscience ? Est-elle au contraire une construction de notre cerveau et m\u00eame de notre organisme individuel ? Sur ces questions, la psychanalyse, la psychologie scientifique et la biologie et plus encore aujourd'hui la neurobiologie nous apportent des \u00e9claircissements","authors":["Jean Walch"],"category_codes":["9000000","9080000"],"visuals":{"large":"https:\/\/images.epagine.fr\/449\/9782747500449_1_75.jpg","medium":"https:\/\/images.epagine.fr\/449\/9782747500449_1_m.jpg","thumbnail":"https:\/\/images.epagine.fr\/449\/9782747500449_1_v.jpg"},"orderable":true,"show_badge":true,"formatted_price":"24,00&nbsp;\u20ac","formatted_published_date":"1er novembre 2003","publisher_availability_label":"Sur commande","short_details":"Jean Walch \u2014 \u00c9ditions L'Harmattan","translator":null,"weight":338,"page_count":272,"readership":null,"editor":"\u00c9ditions L'Harmattan","price":2400,"published_date":"2003-10-31T23:00:00.000000Z","support":"Grand format","publisher_availability":1,"stock":0,"editions":[],"url":"https:\/\/quaidesbrumes.com\/ouvrage\/9782747500449\/le-temps-et-la-duree"},{"id":"9782738496331","title":"Comment l'esprit vint a l'homme ou l'aventure de la liberte","description":"Comment un animal, dont la structure neurologique est beaucoup plus complexe que celle des autres esp\u00e8ces, est-il devenu un homme ? Une r\u00e9ponse - hypoth\u00e9tique- est possible : l'interdit de l'inceste, qui ne rel\u00e8ve pas de la biologie, serait \u00e0 l'origine de l'humanisation. L'homme et la femme ont pu d\u00e9velopper ensemble conscience, langage et raison. Ils ont cr\u00e9\u00e9 le temps proprement humain, celui des g\u00e9n\u00e9rations et celui de l'histoire.\r","authors":["Janine Chanteur"],"category_codes":["9000000","9080000"],"visuals":{"large":"https:\/\/images.epagine.fr\/331\/9782738496331_1_75.jpg","medium":"https:\/\/images.epagine.fr\/331\/9782738496331_1_m.jpg","thumbnail":"https:\/\/images.epagine.fr\/331\/9782738496331_1_v.jpg"},"orderable":true,"show_badge":true,"formatted_price":"22,50&nbsp;\u20ac","formatted_published_date":"15 janvier 2001","publisher_availability_label":"Sur commande","short_details":"Janine Chanteur \u2014 \u00c9ditions L'Harmattan","translator":null,"weight":294,"page_count":null,"readership":null,"editor":"\u00c9ditions L'Harmattan","price":2250,"published_date":"2001-01-14T23:00:00.000000Z","support":"Grand format","publisher_availability":1,"stock":0,"editions":[],"url":"https:\/\/quaidesbrumes.com\/ouvrage\/9782738496331\/comment-lesprit-vint-a-lhomme-ou-laventure-de-la-liberte"},{"id":"9782872096213","title":"Heidegger et l'afrique reception et paradoxe d'un dialogue monologique","description":null,"authors":["Osongo Lukadi Antoin"],"category_codes":["9000000","9080000"],"visuals":{"large":"https:\/\/quaidesbrumes.com\/img\/book-placeholder.png","medium":"https:\/\/quaidesbrumes.com\/img\/book-placeholder.png","thumbnail":"https:\/\/quaidesbrumes.com\/img\/book-placeholder.png"},"orderable":true,"show_badge":true,"formatted_price":"19,50&nbsp;\u20ac","formatted_published_date":"7 juin 2006","publisher_availability_label":"Sur commande","short_details":"Osongo Lukadi Antoin \u2014 ACADEMIA","translator":null,"weight":265,"page_count":null,"readership":null,"editor":"ACADEMIA","price":1950,"published_date":"2006-06-06T22:00:00.000000Z","support":"Grand format","publisher_availability":1,"stock":0,"editions":[],"url":"https:\/\/quaidesbrumes.com\/ouvrage\/9782872096213\/heidegger-et-lafrique-reception-et-paradoxe-dun-dialogue-monologique"},{"id":"9782738499271","title":"La philosophie pratique \u00e0 l'\u00e9poque de l'ontologie fondamentale ; le dialogue de Heidegger avec k","description":"Cette recherche tente de possibiliser et de l\u00e9gitimer la pr\u00e9sence d'une philosophie pratique \u00e0 partir de la lecture critique par Heidegger de la philosophie th\u00e9orique et pratique kantienne. L'objet de cette d\u00e9marche consiste non seulement \u00e0 radicaliser la vis\u00e9e ontologique fondamentale de Heidegger mais \u00e9galement \u00e0 consolider celle-ci \u00e0 partir des concepts pratiques de souche aristot\u00e9licienne, kantienne et ficht\u00e9enne ; concepts sans lesquels il n'aurait pas \u00e9t\u00e9 possible \u00e0 Heidegger d'\u00e9laborer son ontologie fondamentale.\r","authors":["Antoine-Dover Osongo-Lukadi"],"category_codes":["9000000","9080000","9080200","9080204"],"visuals":{"large":"https:\/\/images.epagine.fr\/271\/9782738499271_1_75.jpg","medium":"https:\/\/images.epagine.fr\/271\/9782738499271_1_m.jpg","thumbnail":"https:\/\/images.epagine.fr\/271\/9782738499271_1_v.jpg"},"orderable":true,"show_badge":true,"formatted_price":"27,50&nbsp;\u20ac","formatted_published_date":"1er f\u00e9vrier 2001","publisher_availability_label":"Sur commande","short_details":"Antoine-Dover Osongo-Lukadi \u2014 \u00c9ditions L'Harmattan","translator":null,"weight":362,"page_count":305,"readership":null,"editor":"\u00c9ditions L'Harmattan","price":2750,"published_date":"2001-01-31T23:00:00.000000Z","support":"Grand format","publisher_availability":1,"stock":0,"editions":[],"url":"https:\/\/quaidesbrumes.com\/ouvrage\/9782738499271\/la-philosophie-pratique-a-lepoque-de-lontologie-fondamentale-le-dialogue-de-heidegger-avec-k"},{"id":"9782747506748","title":"HEIDEGGER ET LA TERRE : L'assise et le s\u00e9jour","description":"En se donnant pour t\u00e2che de penser la terre, Heidegger en r\u00e9v\u00e9lera essentiellement sa dimension de retrait, sa secr\u00e8te r\u00e9serve, sa profondeur abyssale. Pour la premi\u00e8re fois, la terre acc\u00e8de au statut d'une v\u00e9ritable dimension ontologique. En remontant vers une pens\u00e9e plus originelle, Heidegger d\u00e9livre la terre des repr\u00e9sentations dominantes qui en occultaient l'essence profonde, et la situe dans une perspective plus haute et plus vaste : celle qu'ouvre la question fondamentale de l'\u00eatre.\r","authors":["Alain Vuillot"],"category_codes":["9000000","9080000"],"visuals":{"large":"https:\/\/images.epagine.fr\/748\/9782747506748_1_75.jpg","medium":"https:\/\/images.epagine.fr\/748\/9782747506748_1_m.jpg","thumbnail":"https:\/\/images.epagine.fr\/748\/9782747506748_1_v.jpg"},"orderable":true,"show_badge":true,"formatted_price":"21,00&nbsp;\u20ac","formatted_published_date":"1er novembre 2003","publisher_availability_label":"Sur commande","short_details":"Alain Vuillot \u2014 \u00c9ditions L'Harmattan","translator":null,"weight":286,"page_count":204,"readership":null,"editor":"\u00c9ditions L'Harmattan","price":2100,"published_date":"2003-10-31T23:00:00.000000Z","support":"Grand format","publisher_availability":1,"stock":0,"editions":[],"url":"https:\/\/quaidesbrumes.com\/ouvrage\/9782747506748\/heidegger-et-la-terre-lassise-et-le-sejour"},{"id":"9782845340220","title":"Traces ; revers ; \u00e9cart","description":"\" \u00c0 travers l'emprunt des phrases d'autrui, Debore s'est fabriqu\u00e9 des masques, moins par dandysme que dans le but d'agrandir sa personnalit\u00e9 \u00e0 un type.\r\nIl en devenait exemplaire. Int\u00e9grant dans son existence des mod\u00e8les rencontr\u00e9s dans l'Histoire, il a utilis\u00e9 ces derniers pour enrichir sa vie et lui imposer une direction. Les figures de Villon, de Lacenaire ou de Cravan lui ont servi de surmoi litt\u00e9raire. S'il a refus\u00e9 de partager les valeurs de ses contemporains, qu'il tenait pour des illusions, il a \u00e9t\u00e9 \u00e0 l'\u00e9coute de ceux qui, avant lui, ne se sont pas satisfaits de l'existence, telle que la leur proposait la soci\u00e9t\u00e9 de leur temps.\r\nC'est la raison pour laquelle il a repris leurs propos, montrant par l\u00e0 qu'on choisit ses anc\u00eatres de la m\u00eame fa\u00e7on qu'on choisit son mode de vie. \" Debore va-t-il r\u00e9ussir \u00e0 proroger le grand oeuvre de Debord ? Vous le saurez en lisant cet ouvrage (au titre en palindrome) aux 221 paragraphes - \u00e0 l'instar de La Soci\u00e9t\u00e9 du spectacle, elle-m\u00eame \u00e0 l'instar des Ricordi de Guichardin... De secret livr\u00e9 \u00e0 secret cr\u00e9\u00e9, au moins le jeu reste, et le clou est boucl\u00e9.\r","authors":["Guy Debore"],"category_codes":["9000000","9080000","9080200","9080204"],"visuals":{"large":"https:\/\/images.epagine.fr\/220\/9782845340220_1_75.jpg","medium":"https:\/\/images.epagine.fr\/220\/9782845340220_1_m.jpg","thumbnail":"https:\/\/images.epagine.fr\/220\/9782845340220_1_v.jpg"},"orderable":true,"show_badge":true,"formatted_price":"9,25&nbsp;\u20ac","formatted_published_date":"28 ao\u00fbt 2001","publisher_availability_label":"Sur commande","short_details":"Guy Debore \u2014 SENS ET TONKA","translator":null,"weight":88,"page_count":214,"readership":null,"editor":"SENS ET TONKA","price":925,"published_date":"2001-08-27T22:00:00.000000Z","support":"Grand format","publisher_availability":1,"stock":0,"editions":[],"url":"https:\/\/quaidesbrumes.com\/ouvrage\/9782845340220\/traces-revers-ecart"},{"id":"9782747508421","title":"Pour un avenir de l'enseignement de la philosophie ; r\u00e9flexion sur l'enseignement de la philosophie","description":"Nous avons voulu rendre public le combat men\u00e9 par des professeurs de philosophie pour leur discipline, pour son enseignement, pour les \u00e9l\u00e8ves \u00e0 venir. Ces textes se veulent un espace de r\u00e9flexion pour un avenir de l'enseignement de la philosophie.\r","authors":["Collectif"],"category_codes":["9000000","9080000","9080200","9080204"],"visuals":{"large":"https:\/\/images.epagine.fr\/421\/9782747508421_1_75.jpg","medium":"https:\/\/images.epagine.fr\/421\/9782747508421_1_m.jpg","thumbnail":"https:\/\/images.epagine.fr\/421\/9782747508421_1_v.jpg"},"orderable":true,"show_badge":true,"formatted_price":"15,50&nbsp;\u20ac","formatted_published_date":"1er novembre 2003","publisher_availability_label":"Sur commande","short_details":"Collectif \u2014 \u00c9ditions L'Harmattan","translator":null,"weight":228,"page_count":166,"readership":null,"editor":"\u00c9ditions L'Harmattan","price":1550,"published_date":"2003-10-31T23:00:00.000000Z","support":"Grand format","publisher_availability":1,"stock":0,"editions":[],"url":"https:\/\/quaidesbrumes.com\/ouvrage\/9782747508421\/pour-un-avenir-de-lenseignement-de-la-philosophie-reflexion-sur-lenseignement-de-la-philosophie"},{"id":"9782747503211","title":"Le cercle du sujet dans la philosophie de paul ricoeur","description":"Qu'est-ce que la circularit\u00e9 de la pens\u00e9e philosophique ? Cet ouvrage explore une voie in\u00e9dite qui peut s'\u00e9noncer de la fa\u00e7on suivante : dans ses efforts pour poser des probl\u00e8mes et pour parvenir \u00e0 les \u00e9lucider, la pens\u00e9e philosophique se fonde sur une compr\u00e9hension pr\u00e9alable de ce qu'elle tente d'appr\u00e9hender. Ce th\u00e8me est d\u00e9velopp\u00e9 dans deux perspectives diff\u00e9rentes. Tout d'abord par une \u00e9tude approfondie de l'articulation g\u00e9n\u00e9rale du discours philosophique de Paul Ricoeur, ensuite dans une r\u00e9flexion sur la probl\u00e9matique g\u00e9n\u00e9rale d'une philosophie de l'interpr\u00e9tation.\r","authors":["Skulason Pall"],"category_codes":["9000000","9080000"],"visuals":{"large":"https:\/\/images.epagine.fr\/211\/9782747503211_1_75.jpg","medium":"https:\/\/images.epagine.fr\/211\/9782747503211_1_m.jpg","thumbnail":"https:\/\/images.epagine.fr\/211\/9782747503211_1_v.jpg"},"orderable":true,"show_badge":true,"formatted_price":"31,50&nbsp;\u20ac","formatted_published_date":"1er novembre 2003","publisher_availability_label":"Sur commande","short_details":"Skulason Pall \u2014 \u00c9ditions L'Harmattan","translator":null,"weight":490,"page_count":360,"readership":null,"editor":"\u00c9ditions L'Harmattan","price":3150,"published_date":"2003-10-31T23:00:00.000000Z","support":"Grand format","publisher_availability":1,"stock":0,"editions":[],"url":"https:\/\/quaidesbrumes.com\/ouvrage\/9782747503211\/le-cercle-du-sujet-dans-la-philosophie-de-paul-ricoeur"},{"id":"9782747589093","title":"Foucault - dans tous ses eclats","description":"Ce livre, publi\u00e9 vingt ans apr\u00e8s la disparition de Michel Foucault, rassemble quatre essais formant un prisme: y sont \u00e9tudi\u00e9es la critique de l'humanisme par l'auteur des Mots et les choses, la relation disput\u00e9e de sa pens\u00e9e \u00e0 celle de Heidegger, sa th\u00e9orie du \"dire vrai\" et, enfin, l'attention toute politique port\u00e9e par le philosophe au motif de la pl\u00e8be. Par des biais diff\u00e9rents sont abord\u00e9s des enjeux qui mettent en lumi\u00e8re l'actualit\u00e9 plus que persistante, intensifi\u00e9e, du travail de Foucault.\r","authors":["Brossat\/Carnevale"],"category_codes":["9000000","9080000"],"visuals":{"large":"https:\/\/images.epagine.fr\/093\/9782747589093_1_75.jpg","medium":"https:\/\/images.epagine.fr\/093\/9782747589093_1_m.jpg","thumbnail":"https:\/\/images.epagine.fr\/093\/9782747589093_1_v.jpg"},"orderable":true,"show_badge":true,"formatted_price":"22,50&nbsp;\u20ac","formatted_published_date":"1er octobre 2005","publisher_availability_label":"Sur commande","short_details":"Brossat\/Carnevale \u2014 \u00c9ditions L'Harmattan","translator":null,"weight":310,"page_count":null,"readership":null,"editor":"\u00c9ditions L'Harmattan","price":2250,"published_date":"2005-09-30T22:00:00.000000Z","support":"Grand format","publisher_availability":1,"stock":0,"editions":[],"url":"https:\/\/quaidesbrumes.com\/ouvrage\/9782747589093\/foucault-dans-tous-ses-eclats"},{"id":"9782747505277","title":"L'existentialisme - litterature et philosophie","description":"Cet ouvrage expose les sources \u00e0 partir desquelles l'existentialisme a jailli au milieu du vingti\u00e8me si\u00e8cle dans la culture occidentale, et notamment fran\u00e7aise. Il \u00e9tudie les oeuvres d'auteurs comme Sartre et Camus, autant attir\u00e9s par la philosophie, la litt\u00e9rature que la politique. D'autres auteurs ouvrent \u00e0 un monde spirituel certainement plus profond et plus riche d'avenir. L'\u00e9trange cohabitation entre litt\u00e9rature et philosophie qui a marqu\u00e9 l'\u00e9poque inventa de nouveaux rapports entre les domaines intellectuels dont nous sommes, en ce d\u00e9but de si\u00e8cle, les h\u00e9ritiers et les destinataires privil\u00e9gi\u00e9s.\r","authors":["Gilles Vannier"],"category_codes":["9000000","9080000"],"visuals":{"large":"https:\/\/images.epagine.fr\/277\/9782747505277_1_75.jpg","medium":"https:\/\/images.epagine.fr\/277\/9782747505277_1_m.jpg","thumbnail":"https:\/\/images.epagine.fr\/277\/9782747505277_1_v.jpg"},"orderable":true,"show_badge":true,"formatted_price":"15,50&nbsp;\u20ac","formatted_published_date":"1er novembre 2003","publisher_availability_label":"Sur commande","short_details":"Gilles Vannier \u2014 \u00c9ditions L'Harmattan","translator":null,"weight":250,"page_count":184,"readership":null,"editor":"\u00c9ditions L'Harmattan","price":1550,"published_date":"2003-10-31T23:00:00.000000Z","support":"Grand format","publisher_availability":1,"stock":0,"editions":[],"url":"https:\/\/quaidesbrumes.com\/ouvrage\/9782747505277\/lexistentialisme-litterature-et-philosophie"},{"id":"9782013384025","title":"L'ideal esthetique : esquisse d'une philosophie de la beaute","description":"L'id\u00e9al esth\u00e9tique : esquisse d'une philosophie de la beaut\u00e9 \/ par Fr. Roussel-Despierres http:\/\/gallica.bnf.fr\/ark:\/12148\/bpt6k55410708\r","authors":["Roussel-Despierres"],"category_codes":["9000000","9080000"],"visuals":{"large":"https:\/\/images.epagine.fr\/025\/9782013384025_1_75.jpg","medium":"https:\/\/images.epagine.fr\/025\/9782013384025_1_m.jpg","thumbnail":"https:\/\/images.epagine.fr\/025\/9782013384025_1_v.jpg"},"orderable":true,"show_badge":true,"formatted_price":"20,00&nbsp;\u20ac","formatted_published_date":"1er septembre 2013","publisher_availability_label":"Sur commande","short_details":"Roussel-Despierres \u2014 Hachette BNF","translator":null,"weight":322,"page_count":null,"readership":null,"editor":"Hachette BNF","price":2000,"published_date":"2013-08-31T22:00:00.000000Z","support":"Grand format","publisher_availability":1,"stock":0,"editions":[],"url":"https:\/\/quaidesbrumes.com\/ouvrage\/9782013384025\/lideal-esthetique-esquisse-dune-philosophie-de-la-beaute"}]}