{"data":[{"id":"9782711692897","title":"La couleur","description":null,"authors":["L Couloubaritsis","J-J Wunenburger"],"category_codes":["9000000","9080000","9080200","9080204"],"visuals":{"large":"https:\/\/quaidesbrumes.com\/img\/book-placeholder.png","medium":"https:\/\/quaidesbrumes.com\/img\/book-placeholder.png","thumbnail":"https:\/\/quaidesbrumes.com\/img\/book-placeholder.png"},"orderable":true,"show_badge":true,"formatted_price":"24,39&nbsp;\u20ac","formatted_published_date":"28 avril 2000","publisher_availability_label":"Sur commande","short_details":"L Couloubaritsis, J-J Wunenburger \u2014 Ousia","translator":null,"weight":0,"page_count":384,"readership":null,"editor":"Ousia","price":2439,"published_date":"2000-04-27T22:00:00.000000Z","support":"Grand format","publisher_availability":1,"stock":0,"editions":[],"url":"https:\/\/quaidesbrumes.com\/ouvrage\/9782711692897\/la-couleur"},{"id":"9782711698349","title":"Idees pour une philosophie de l'art","description":null,"authors":["E Moutsopoulos"],"category_codes":["9000000","9080000","9080200","9080204"],"visuals":{"large":"https:\/\/quaidesbrumes.com\/img\/book-placeholder.png","medium":"https:\/\/quaidesbrumes.com\/img\/book-placeholder.png","thumbnail":"https:\/\/quaidesbrumes.com\/img\/book-placeholder.png"},"orderable":true,"show_badge":true,"formatted_price":"77,75&nbsp;\u20ac","formatted_published_date":"28 avril 2000","publisher_availability_label":"Sur commande","short_details":"E Moutsopoulos \u2014 Vrin","translator":null,"weight":0,"page_count":750,"readership":null,"editor":"Vrin","price":7775,"published_date":"2000-04-27T22:00:00.000000Z","support":"Grand format","publisher_availability":1,"stock":0,"editions":[],"url":"https:\/\/quaidesbrumes.com\/ouvrage\/9782711698349\/idees-pour-une-philosophie-de-lart"},{"id":"9782747541121","title":"La psychologie de th. jouffroy","description":"JOUFFROY (1796-1842) fut sans conteste celui qui d\u00e9veloppa au plus haut point la question psychologique au sein de l'\u00e9cole philosophique \u00e9clectique. Cet ouvrage est constitu\u00e9 de deux parties : la premi\u00e8re donne un r\u00e9sum\u00e9 fid\u00e8le de la psychologie de JOUFFROY pr\u00e9sent\u00e9e dans une perspective historique et la seconde contient ses plus fameux \u00e9crits sur la psychologie. L'int\u00e9r\u00eat de ces \u00e9crits est d'avoir montr\u00e9 la n\u00e9cessit\u00e9 de la constitution d'une nouvelle science poss\u00e9dant sa propre m\u00e9thode : la psychologie.\r","authors":["Serge Nicolas"],"category_codes":["9000000","9080000"],"visuals":{"large":"https:\/\/images.epagine.fr\/121\/9782747541121_1_75.jpg","medium":"https:\/\/images.epagine.fr\/121\/9782747541121_1_m.jpg","thumbnail":"https:\/\/images.epagine.fr\/121\/9782747541121_1_v.jpg"},"orderable":true,"show_badge":true,"formatted_price":"26,00&nbsp;\u20ac","formatted_published_date":"1er novembre 2003","publisher_availability_label":"Sur commande","short_details":"Serge Nicolas \u2014 \u00c9ditions L'Harmattan","translator":null,"weight":350,"page_count":288,"readership":null,"editor":"\u00c9ditions L'Harmattan","price":2600,"published_date":"2003-10-31T23:00:00.000000Z","support":"Grand format","publisher_availability":1,"stock":0,"editions":[],"url":"https:\/\/quaidesbrumes.com\/ouvrage\/9782747541121\/la-psychologie-de-th-jouffroy"},{"id":"9782013380331","title":"Histoire de la philosophie en angleterre : depuis bacon jusqu'a locke. tome 2","description":"Histoire de la philosophie en Angleterre : depuis Bacon jusqu'\u00e0 Locke. Tome 2 \/ par Charles de R\u00e9musat,... http:\/\/gallica.bnf.fr\/ark:\/12148\/bpt6k5404992j\r","authors":["Remusat Charles"],"category_codes":["9000000","9080000"],"visuals":{"large":"https:\/\/images.epagine.fr\/331\/9782013380331_1_75.jpg","medium":"https:\/\/images.epagine.fr\/331\/9782013380331_1_m.jpg","thumbnail":"https:\/\/images.epagine.fr\/331\/9782013380331_1_v.jpg"},"orderable":true,"show_badge":true,"formatted_price":"28,00&nbsp;\u20ac","formatted_published_date":"1er septembre 2013","publisher_availability_label":"Sur commande","short_details":"Remusat Charles \u2014 Hachette BNF","translator":null,"weight":606,"page_count":null,"readership":null,"editor":"Hachette BNF","price":2800,"published_date":"2013-08-31T22:00:00.000000Z","support":"Grand format","publisher_availability":1,"stock":0,"editions":[],"url":"https:\/\/quaidesbrumes.com\/ouvrage\/9782013380331\/histoire-de-la-philosophie-en-angleterre-depuis-bacon-jusqua-locke-tome-2"},{"id":"9782738488107","title":"LES FORMES DE L'EXTERIORITE DANS LA PHILOSOPHIE DE HUSSERL","description":"L'auteur pr\u00e9sente un travail de r\u00e9-interpr\u00e9tation de l'ensemble de la philosophie d'Husserl. Une des th\u00e8ses centrales soutenues est que le ph\u00e9nom\u00e9nologue Husserl et le philosophe id\u00e9aliste Husserl ne co\u00efncident pas, que l'on peut trouver dans les travaux ph\u00e9nom\u00e9nologiques de Husserl des d\u00e9veloppements originaux qui d\u00e9passent son id\u00e9alisme philosophique affich\u00e9, en direction d'une compr\u00e9hension du ph\u00e9nom\u00e8ne tout \u00e0 fait nouvelle.\r","authors":["Dominique Demange"],"category_codes":["9000000","9080000"],"visuals":{"large":"https:\/\/images.epagine.fr\/107\/9782738488107_1_75.jpg","medium":"https:\/\/images.epagine.fr\/107\/9782738488107_1_m.jpg","thumbnail":"https:\/\/images.epagine.fr\/107\/9782738488107_1_v.jpg"},"orderable":true,"show_badge":true,"formatted_price":"27,50&nbsp;\u20ac","formatted_published_date":"1er juin 2000","publisher_availability_label":"Sur commande","short_details":"Dominique Demange \u2014 \u00c9ditions L'Harmattan","translator":null,"weight":430,"page_count":320,"readership":null,"editor":"\u00c9ditions L'Harmattan","price":2750,"published_date":"2000-05-31T22:00:00.000000Z","support":"Grand format","publisher_availability":1,"stock":0,"editions":[],"url":"https:\/\/quaidesbrumes.com\/ouvrage\/9782738488107\/les-formes-de-lexteriorite-dans-la-philosophie-de-husserl"},{"id":"9782012967328","title":"De l'unite spirituelle, ou de la societe et de son but au dela du temps. tome 2,edition 2","description":"De l'unit\u00e9 spirituelle, ou De la soci\u00e9t\u00e9 et de son but au del\u00e0 du temps. Tome 2,Edition 2 \/ par Ant. Blanc St Bonnet Date de l'\u00e9dition originale : 1845 Ce livre est la reproduction fid\u00e8le d une uvre publi\u00e9e avant 1920 et fait partie d une collection de livres r\u00e9imprim\u00e9s \u00e0 la demande \u00e9dit\u00e9e par Hachette Livre, dans le cadre d un partenariat avec la Biblioth\u00e8que nationale de France, offrant l opportunit\u00e9 d acc\u00e9der \u00e0 des ouvrages anciens et souvent rares issus des fonds patrimoniaux de la BnF.\r\nLes uvres faisant partie de cette collection ont \u00e9t\u00e9 num\u00e9ris\u00e9es par la BnF et sont pr\u00e9sentes sur Gallica, sa biblioth\u00e8que num\u00e9rique.\r\n\r\nEn entreprenant de redonner vie \u00e0 ces ouvrages au travers d une collection de livres r\u00e9imprim\u00e9s \u00e0 la demande, nous leur donnons la possibilit\u00e9 de rencontrer un public \u00e9largi et participons \u00e0 la transmission de connaissances et de savoirs parfois difficilement accessibles.\r\nNous avons cherch\u00e9 \u00e0 concilier la reproduction fid\u00e8le d un livre ancien \u00e0 partir de sa version num\u00e9ris\u00e9e avec le souci d un confort de lecture optimal. Nous esp\u00e9rons que les ouvrages de cette nouvelle collection vous apporteront enti\u00e8re satisfaction.\r\n\r\nPour plus d informations, rendez-vous sur www.hachettebnf.fr\r","authors":["Blanc De Saint-Bonne"],"category_codes":["9000000","9080000"],"visuals":{"large":"https:\/\/images.epagine.fr\/328\/9782012967328_1_75.jpg","medium":"https:\/\/images.epagine.fr\/328\/9782012967328_1_m.jpg","thumbnail":"https:\/\/images.epagine.fr\/328\/9782012967328_1_v.jpg"},"orderable":true,"show_badge":true,"formatted_price":"36,00&nbsp;\u20ac","formatted_published_date":"1er juin 2013","publisher_availability_label":"Sur commande","short_details":"Blanc De Saint-Bonne \u2014 Hachette BNF","translator":null,"weight":940,"page_count":null,"readership":null,"editor":"Hachette BNF","price":3600,"published_date":"2013-05-31T22:00:00.000000Z","support":"Grand format","publisher_availability":1,"stock":0,"editions":[],"url":"https:\/\/quaidesbrumes.com\/ouvrage\/9782012967328\/de-lunite-spirituelle-ou-de-la-societe-et-de-son-but-au-dela-du-temps-tome-2edition-2"},{"id":"9782220047249","title":"L'insoumis - juifs, marocains et rebelles","description":"Rebelle juif et marocain, Abraham Serfaty a connu la prison et l'exil durant vingt-six ans jusqu'\u00e0 ce que le roi Mohammed VI le r\u00e9tablisse dans ses droits de citoyen et d'homme libre dans son pays.\r\nMais plus encore, la saga d'Abraham Serfaty se confond avec celle du Maroc contemporain. Patriote et communiste, il a r\u00eav\u00e9 de justice et de fraternit\u00e9. Brillant ing\u00e9nieur, il ne peut d\u00e9tourner ses yeux de la mis\u00e8re et de l'injustice. Il milite pour les droits des sans-droits : Palestiniens, Berb\u00e8res et Sahraouis. Il paiera le prix de son insoumission et en gardera les cicatrices des supplici\u00e9s. Dans ce livre, il dialogue avec l'anthropologue Mikha\u00ebl Elbaz.\r\nLeur complicit\u00e9 traverse ce r\u00e9cit o\u00f9 sont abord\u00e9es des questions fondamentales pour notre temps : la nation et les droits des minorit\u00e9s, le corps souffrant et la jouissance du pouvoir, la trag\u00e9die en Isra\u00ebl-Palestine, la d\u00e9mocratie au Maroc, la crise des religions de salut terrestre. On y retrouve les personnalit\u00e9s qui ont marqu\u00e9 son pays, pour le meilleur et pour le pire : le roi Hassan II, Mehdi Ben Barka, Driss Basri...\r\nPlus largement, Mikha\u00ebl Elbaz propose une histoire sociale de la diaspora jud\u00e9o-marocaine. Serfaty est \u00e0 ses yeux un paria-rebelle, un t\u00e9moin de ce juda\u00efsme bimill\u00e9naire englouti sous le feu crois\u00e9 des nationalismes. Il persiste et signe. Il a foi dans l'avenir de son peuple et appelle de ses voeux la r\u00e9conciliation en Terre Sainte. Ce r\u00e9cit \u00e9mouvant est celui d'un h\u00e9r\u00e9tique de la raison qui force le respect par son courage et sa culture de l'insoumission.\r","authors":["Elbaz\/Serfaty"],"category_codes":["9000000","9080000"],"visuals":{"large":"https:\/\/images.epagine.fr\/249\/9782220047249_1_75.jpg","medium":"https:\/\/images.epagine.fr\/249\/9782220047249_1_m.jpg","thumbnail":"https:\/\/images.epagine.fr\/249\/9782220047249_1_v.jpg"},"orderable":true,"show_badge":true,"formatted_price":"19,80&nbsp;\u20ac","formatted_published_date":"15 janvier 2001","publisher_availability_label":"Sur commande","short_details":"Elbaz\/Serfaty \u2014 Descl\u00e9e de Brouwer","translator":null,"weight":260,"page_count":300,"readership":null,"editor":"Descl\u00e9e de Brouwer","price":1980,"published_date":"2001-01-14T23:00:00.000000Z","support":"Grand format","publisher_availability":1,"stock":0,"editions":[],"url":"https:\/\/quaidesbrumes.com\/ouvrage\/9782220047249\/linsoumis-juifs-marocains-et-rebelles"},{"id":"9782738488824","title":"L'ESTHETIQUE LITTERAIRE DE CAMARA LAYE","description":"Une r\u00e9flexion sur l'esth\u00e9tique litt\u00e9raire de Camara Laye. Revenant sur les rapports entre le langage et le pouvoir, l'\u00e9crit et l'oral ou la philosophie et la litt\u00e9rature, ce livre est, \u00e0 bien des \u00e9gards, le d\u00e9bordement d'un certain champ de lecture et de discussion. Le but de ce travail n'est pas d'\u00e9tudier exhaustivement les r\u00e9cits de Laye, mais, d'abord, de reconna\u00eetre l'espace au sein duquel ses diff\u00e9rents r\u00e9cits trouvent leur place.\r","authors":["Ange-Severin Malanda"],"category_codes":["9000000","9120000","9120200"],"visuals":{"large":"https:\/\/images.epagine.fr\/824\/9782738488824_1_75.jpg","medium":"https:\/\/images.epagine.fr\/824\/9782738488824_1_m.jpg","thumbnail":"https:\/\/images.epagine.fr\/824\/9782738488824_1_v.jpg"},"orderable":true,"show_badge":true,"formatted_price":"14,50&nbsp;\u20ac","formatted_published_date":"1er mars 2000","publisher_availability_label":"Sur commande","short_details":"Ange-Severin Malanda \u2014 \u00c9ditions L'Harmattan","translator":null,"weight":202,"page_count":144,"readership":null,"editor":"\u00c9ditions L'Harmattan","price":1450,"published_date":"2000-02-29T23:00:00.000000Z","support":"Grand format","publisher_availability":1,"stock":0,"editions":[],"url":"https:\/\/quaidesbrumes.com\/ouvrage\/9782738488824\/lesthetique-litteraire-de-camara-laye"},{"id":"9782738488350","title":"L'euphorie - arts plastiques- cinema- philosophie","description":"Si l'enthousiasme est un concept esth\u00e9tique traditionnel, il n'en est pas de m\u00eame de son exasp\u00e9ration : l'euphorie. Ce petit ouvrage m\u00e8ne pourtant l'enqu\u00eate sur la place que l'\u00e9tat euphorique et son inverse la dysphorie ont pu tenir dans la cr\u00e9ation philosophique, artistique ou cin\u00e9matographique.\r","authors":["Collectif","Joel Gilles"],"category_codes":["9000000","9080000","9080200","9080204"],"visuals":{"large":"https:\/\/images.epagine.fr\/350\/9782738488350_1_75.jpg","medium":"https:\/\/images.epagine.fr\/350\/9782738488350_1_m.jpg","thumbnail":"https:\/\/images.epagine.fr\/350\/9782738488350_1_v.jpg"},"orderable":true,"show_badge":true,"formatted_price":"15,50&nbsp;\u20ac","formatted_published_date":"1er mars 2000","publisher_availability_label":"Sur commande","short_details":"Collectif, Joel Gilles \u2014 \u00c9ditions L'Harmattan","translator":null,"weight":224,"page_count":158,"readership":null,"editor":"\u00c9ditions L'Harmattan","price":1550,"published_date":"2000-02-29T23:00:00.000000Z","support":"Grand format","publisher_availability":1,"stock":0,"editions":[],"url":"https:\/\/quaidesbrumes.com\/ouvrage\/9782738488350\/leuphorie-arts-plastiques-cinema-philosophie"},{"id":"9782012967335","title":"De l'unite spirituelle, ou de la societe et de son but au dela du temps. tome 3,edition 2","description":"De l'unit\u00e9 spirituelle, ou De la soci\u00e9t\u00e9 et de son but au del\u00e0 du temps. Tome 3,Edition 2 \/ par Ant. Blanc St Bonnet Date de l'\u00e9dition originale : 1845 Ce livre est la reproduction fid\u00e8le d une uvre publi\u00e9e avant 1920 et fait partie d une collection de livres r\u00e9imprim\u00e9s \u00e0 la demande \u00e9dit\u00e9e par Hachette Livre, dans le cadre d un partenariat avec la Biblioth\u00e8que nationale de France, offrant l opportunit\u00e9 d acc\u00e9der \u00e0 des ouvrages anciens et souvent rares issus des fonds patrimoniaux de la BnF.\r\nLes uvres faisant partie de cette collection ont \u00e9t\u00e9 num\u00e9ris\u00e9es par la BnF et sont pr\u00e9sentes sur Gallica, sa biblioth\u00e8que num\u00e9rique.\r\n\r\nEn entreprenant de redonner vie \u00e0 ces ouvrages au travers d une collection de livres r\u00e9imprim\u00e9s \u00e0 la demande, nous leur donnons la possibilit\u00e9 de rencontrer un public \u00e9largi et participons \u00e0 la transmission de connaissances et de savoirs parfois difficilement accessibles.\r\nNous avons cherch\u00e9 \u00e0 concilier la reproduction fid\u00e8le d un livre ancien \u00e0 partir de sa version num\u00e9ris\u00e9e avec le souci d un confort de lecture optimal. Nous esp\u00e9rons que les ouvrages de cette nouvelle collection vous apporteront enti\u00e8re satisfaction.\r\n\r\nPour plus d informations, rendez-vous sur www.hachettebnf.fr\r","authors":["Blanc De Saint-Bonne"],"category_codes":["9000000","9080000"],"visuals":{"large":"https:\/\/images.epagine.fr\/335\/9782012967335_1_75.jpg","medium":"https:\/\/images.epagine.fr\/335\/9782012967335_1_m.jpg","thumbnail":"https:\/\/images.epagine.fr\/335\/9782012967335_1_v.jpg"},"orderable":true,"show_badge":true,"formatted_price":"33,00&nbsp;\u20ac","formatted_published_date":"1er juin 2013","publisher_availability_label":"Sur commande","short_details":"Blanc De Saint-Bonne \u2014 Hachette BNF","translator":null,"weight":830,"page_count":null,"readership":null,"editor":"Hachette BNF","price":3300,"published_date":"2013-05-31T22:00:00.000000Z","support":"Grand format","publisher_availability":1,"stock":0,"editions":[],"url":"https:\/\/quaidesbrumes.com\/ouvrage\/9782012967335\/de-lunite-spirituelle-ou-de-la-societe-et-de-son-but-au-dela-du-temps-tome-3edition-2"},{"id":"9782711683505","title":"Le temps philosophique n.7 ; presences grecques dans la pensee russe","description":null,"authors":["Annick Charles-Saget"],"category_codes":["9000000","9080000"],"visuals":{"large":"https:\/\/quaidesbrumes.com\/img\/book-placeholder.png","medium":"https:\/\/quaidesbrumes.com\/img\/book-placeholder.png","thumbnail":"https:\/\/quaidesbrumes.com\/img\/book-placeholder.png"},"orderable":true,"show_badge":true,"formatted_price":"12,20&nbsp;\u20ac","formatted_published_date":"18 juillet 2000","publisher_availability_label":"Sur commande","short_details":"Annick Charles-Saget \u2014 Vrin","translator":null,"weight":0,"page_count":146,"readership":null,"editor":"Vrin","price":1220,"published_date":"2000-07-17T22:00:00.000000Z","support":"Revue","publisher_availability":1,"stock":0,"editions":[],"url":"https:\/\/quaidesbrumes.com\/ouvrage\/9782711683505\/le-temps-philosophique-n7-presences-grecques-dans-la-pensee-russe"},{"id":"9782738495587","title":"L'INSPIRATION DES GRECS","description":"On s'est beaucoup \u00e9tonn\u00e9 de ce que le peuple grec ait \u00e9t\u00e9 si bien inspir\u00e9. Sans doute veut-on dire par-l\u00e0 son g\u00e9nie, mais on veut dire encore davantage : car on parle d'inspiration lorsque, d\u00e9masquant la pens\u00e9e, on lui reconna\u00eet une origine \u00e9trang\u00e8re, que figure la m\u00e9taphore de la respiration. L'inspiration est l'exp\u00e9rience d'une ext\u00e9riorit\u00e9 qu'on ne peut pas identifier, et dont la proximit\u00e9 est l'unique et irrationnel fondement de la cr\u00e9ation.\r","authors":["C\u00e9dric Lagandr\u00e9"],"category_codes":["9000000","9080000"],"visuals":{"large":"https:\/\/images.epagine.fr\/587\/9782738495587_1_75.jpg","medium":"https:\/\/images.epagine.fr\/587\/9782738495587_1_m.jpg","thumbnail":"https:\/\/images.epagine.fr\/587\/9782738495587_1_v.jpg"},"orderable":true,"show_badge":true,"formatted_price":"19,00&nbsp;\u20ac","formatted_published_date":"1er septembre 2000","publisher_availability_label":"Sur commande","short_details":"C\u00e9dric Lagandr\u00e9 \u2014 \u00c9ditions L'Harmattan","translator":null,"weight":240,"page_count":192,"readership":null,"editor":"\u00c9ditions L'Harmattan","price":1900,"published_date":"2000-08-31T22:00:00.000000Z","support":"Grand format","publisher_availability":1,"stock":0,"editions":[],"url":"https:\/\/quaidesbrumes.com\/ouvrage\/9782738495587\/linspiration-des-grecs"},{"id":"9782844900364","title":"Des intellectuels","description":"On n'a jamais vu personne renoncer \u00e0 soi-m\u00eame avec moins de raisons ni de profit que l'intellectuel depuis maintenant vingt ans.\r\nDe tous les sujets auxquels cette \u00e9poque pr\u00eate tristement \u00e0 penser, c'est le plus remarquable sans doute. Et contre lequel il ne sert \u00e0 rien d'en appeler \u00e0 tous ceux qui auraient mieux aim\u00e9 mourir qu'admettre jamais que rien pourrait les domestiquer. Leurs noms sont innombrables pourtant, qu'il ne sert \u00e0 rien d'opposer au nombre de ceux qui sont aujourd'hui pour la domination comme sont les animaux de compagnie.\r\nParce que la v\u00e9nalit\u00e9 des uns est sans pouvoir racheter la vanit\u00e9 des autres. Pire m\u00eame : il se peut que cette vanit\u00e9 ne cesse pas de hanter, mais comme un remords \u00e0 rebours, ce qu'a montr\u00e9 de v\u00e9nalit\u00e9 l'intellectuel depuis maintenant vingt ans. M.S.\r","authors":["Michel Surya"],"category_codes":["9000000","9080000"],"visuals":{"large":"https:\/\/images.epagine.fr\/364\/9782844900364_1_75.jpg","medium":"https:\/\/images.epagine.fr\/364\/9782844900364_1_m.jpg","thumbnail":"https:\/\/images.epagine.fr\/364\/9782844900364_1_v.jpg"},"orderable":true,"show_badge":true,"formatted_price":"7,61&nbsp;\u20ac","formatted_published_date":"10 mai 2000","publisher_availability_label":"Sur commande","short_details":"Michel Surya \u2014 \u00c9ditions Verdier","translator":null,"weight":90,"page_count":null,"readership":null,"editor":"\u00c9ditions Verdier","price":761,"published_date":"2000-05-09T22:00:00.000000Z","support":"Poche","publisher_availability":1,"stock":0,"editions":[],"url":"https:\/\/quaidesbrumes.com\/ouvrage\/9782844900364\/des-intellectuels"},{"id":"9782738494016","title":"Levy-bruhl ; la difference et l'archaique","description":"A quelle condition est-il encore possible de dire que la notion de diff\u00e9rence semble la plus appropri\u00e9e pour penser notre temps ? C'est l\u00e0 une interrogation centrale, qui accompagne la question de la \" mentalit\u00e9 primitive \" et la reconsid\u00e9ration de l'archa\u00efque comme lieu de suspension de l'identit\u00e9 et des r\u00e8gles impos\u00e9es par la logique et la technique. L'archa\u00efque envahit notre pr\u00e9sent, car il est la part jamais \u00e9teinte de son impuret\u00e9 dynamique. Et choisir de penser la r\u00e9gion de l'archa\u00efque signifie suivre un chemin d'acc\u00e8s \u00e0 l'\u00eatre qui s'est diff\u00e9renci\u00e9.\r","authors":["Mariapaola Fimiani","Nadine Le Lirzin"],"category_codes":["9000000","9080000","9080200","9080204"],"visuals":{"large":"https:\/\/images.epagine.fr\/016\/9782738494016_1_75.jpg","medium":"https:\/\/images.epagine.fr\/016\/9782738494016_1_m.jpg","thumbnail":"https:\/\/images.epagine.fr\/016\/9782738494016_1_v.jpg"},"orderable":true,"show_badge":true,"formatted_price":"13,50&nbsp;\u20ac","formatted_published_date":"1er septembre 2000","publisher_availability_label":"Sur commande","short_details":"Mariapaola Fimiani, Nadine Le Lirzin \u2014 \u00c9ditions L'Harmattan","translator":"NADINE LE LIRZIN","weight":178,"page_count":140,"readership":null,"editor":"\u00c9ditions L'Harmattan","price":1350,"published_date":"2000-08-31T22:00:00.000000Z","support":"Grand format","publisher_availability":1,"stock":0,"editions":[],"url":"https:\/\/quaidesbrumes.com\/ouvrage\/9782738494016\/levy-bruhl-la-difference-et-larchaique"},{"id":"9782829302114","title":"La morale internationale entre la politique et le droit","description":"De Nuremberg au Rwanda et \u00e0 Pinochet, la question des crimes contre l'humanit\u00e9 se pose : sont-ils imprescriptibles ? La justice est-elle un attribut de la souverainet\u00e9 ? A propos de Castro et des droits de l'homme, de Milosevic : le chef d'Etat est-il criminel ? Papon remplace-t-il Hitler en 1999 ? L'avis de Jank\u00e9l\u00e9vitch est-il celui de Badinter et de Daniel ?\r","authors":["Robert Badinter","Jean Daniel","Alain Finkielkraut"],"category_codes":["9000000","9080000","9080200","9080204"],"visuals":{"large":"https:\/\/images.epagine.fr\/114\/9782829302114_1_75.jpg","medium":"https:\/\/images.epagine.fr\/114\/9782829302114_1_m.jpg","thumbnail":"https:\/\/images.epagine.fr\/114\/9782829302114_1_v.jpg"},"orderable":true,"show_badge":true,"formatted_price":"7,50&nbsp;\u20ac","formatted_published_date":"29 octobre 2001","publisher_availability_label":"Sur commande","short_details":"Robert Badinter, Jean Daniel, Alain Finkielkraut \u2014 Tricorne","translator":null,"weight":80,"page_count":null,"readership":null,"editor":"Tricorne","price":750,"published_date":"2001-10-28T23:00:00.000000Z","support":"Grand format","publisher_availability":1,"stock":0,"editions":[],"url":"https:\/\/quaidesbrumes.com\/ouvrage\/9782829302114\/la-morale-internationale-entre-la-politique-et-le-droit"},{"id":"9782829302107","title":"O\u00f9 va le monde","description":"Sans pass\u00e9 ni projet, le monde est inquiet, \"pour six raisons\", habit\u00e9 par l'esp\u00e9rance ou la m\u00e9lancolie.\r\nRelisons Ellul ou Jank\u00e9l\u00e9vitch (la nostalgie). Face \u00e0 l'apoth\u00e9ose du touriste et de l'argent, on peut ha\u00efr l'identit\u00e9 mondialiste. Il faut r\u00e9sister au d\u00e9senchantement et retrouver le sens.\r","authors":["Alain Finkielkraut","Jean-claude Guillebaud","Denis Tillinac"],"category_codes":["9000000","9080000","9080200","9080204"],"visuals":{"large":"https:\/\/images.epagine.fr\/107\/9782829302107_1_75.jpg","medium":"https:\/\/images.epagine.fr\/107\/9782829302107_1_m.jpg","thumbnail":"https:\/\/images.epagine.fr\/107\/9782829302107_1_v.jpg"},"orderable":true,"show_badge":true,"formatted_price":"7,50&nbsp;\u20ac","formatted_published_date":"29 octobre 2001","publisher_availability_label":"Sur commande","short_details":"Alain Finkielkraut, Jean-claude Guillebaud, Denis Tillinac \u2014 Tricorne","translator":null,"weight":80,"page_count":null,"readership":null,"editor":"Tricorne","price":750,"published_date":"2001-10-28T23:00:00.000000Z","support":"Grand format","publisher_availability":1,"stock":0,"editions":[],"url":"https:\/\/quaidesbrumes.com\/ouvrage\/9782829302107\/ou-va-le-monde"},{"id":"9782868396532","title":"La folie des modernes - reponse a andre comte-sponville et a luc ferry","description":null,"authors":["Isabelle Pr\u00eatre"],"category_codes":["9000000","9080000"],"visuals":{"large":"https:\/\/images.epagine.fr\/532\/9782868396532_1_75.jpg","medium":"https:\/\/images.epagine.fr\/532\/9782868396532_1_m.jpg","thumbnail":"https:\/\/images.epagine.fr\/532\/9782868396532_1_v.jpg"},"orderable":true,"show_badge":true,"formatted_price":"17,10&nbsp;\u20ac","formatted_published_date":"11 octobre 2000","publisher_availability_label":"Sur commande","short_details":"Isabelle Pr\u00eatre \u2014 Francois-Xavier De Guibert","translator":null,"weight":175,"page_count":null,"readership":null,"editor":"Francois-Xavier De Guibert","price":1710,"published_date":"2000-10-10T22:00:00.000000Z","support":"Grand format","publisher_availability":1,"stock":0,"editions":[],"url":"https:\/\/quaidesbrumes.com\/ouvrage\/9782868396532\/la-folie-des-modernes-reponse-a-andre-comte-sponville-et-a-luc-ferry"},{"id":"9782738492999","title":"Critique des fondements de l'\u00e9poque","description":"Et si, plus que le sexe, c'\u00e9tait la mort que l'humanit\u00e9 europ\u00e9enne avait toujours tent\u00e9 de r\u00e9primer ? Mais c'est seulement \" en apparence \" qu'on peut \u00e9chapper \u00e0 la condition humaine. Au rebours de l'optimisme na\u00eff des Lumi\u00e8res, Rudolph Boehm se demande si nous ne sommes pas les jouets d'un jeu inhumain bien plus que joueurs, et si ce jeu ne nous fait pas perdre tout contact avec la r\u00e9alit\u00e9. Bien davantage que les critiques de la modernit\u00e9, c'est la tradition tout enti\u00e8re que Boehm nous invite \u00e0 r\u00e9\u00e9valuer d'un oeil frais.\r","authors":["Rudolph Boehm","Benoit-Thadee Standaert"],"category_codes":["9000000","9080000","9080200","9080204"],"visuals":{"large":"https:\/\/images.epagine.fr\/999\/9782738492999_1_75.jpg","medium":"https:\/\/images.epagine.fr\/999\/9782738492999_1_m.jpg","thumbnail":"https:\/\/images.epagine.fr\/999\/9782738492999_1_v.jpg"},"orderable":true,"show_badge":true,"formatted_price":"27,50&nbsp;\u20ac","formatted_published_date":"1er septembre 2000","publisher_availability_label":"Sur commande","short_details":"Rudolph Boehm, Benoit-Thadee Standaert \u2014 \u00c9ditions L'Harmattan","translator":"BENOIT-THADEE STANDAERT","weight":392,"page_count":322,"readership":null,"editor":"\u00c9ditions L'Harmattan","price":2750,"published_date":"2000-08-31T22:00:00.000000Z","support":"Grand format","publisher_availability":1,"stock":0,"editions":[],"url":"https:\/\/quaidesbrumes.com\/ouvrage\/9782738492999\/critique-des-fondements-de-lepoque"},{"id":"9782804721534","title":"Morale et contrat : recherche sur les fondements de la morale","description":"D. Gauthier entend \u00e9tablir, sur la base de la th\u00e9orie du choix rationnel, qu'il est possible de reconstruire et fonder en raison notre morale. Celle-ci peut en effet \u00eatre pens\u00e9e comme le r\u00e9sultat d'un accord entre personnes rationnelles. L'ouvrage souligne que les institutions des soci\u00e9t\u00e9s lib\u00e9rales naissent d'un tel contrat. Ces institutions, et la morale par l'accord sur laquelle elles reposent, pr\u00e9supposent une condition, celle qui attribue des droits aux individus. Morale et contrat, d'inspiration hobbesienne, rejoignrnt alors l'id\u00e9e lockienne des droits individuels, en la fondant rationnellement. La morale, ainsi comprise, n'a pas simplement la valeur d'un moyen pour l'individu rationnel.\r","authors":["Gauthier David"],"category_codes":["9000000","9080000","9080200","9080204"],"visuals":{"large":"https:\/\/images.epagine.fr\/534\/9782804721534_1_75.jpg","medium":"https:\/\/images.epagine.fr\/534\/9782804721534_1_m.jpg","thumbnail":"https:\/\/images.epagine.fr\/534\/9782804721534_1_v.jpg"},"orderable":true,"show_badge":true,"formatted_price":"44,99&nbsp;\u20ac","formatted_published_date":"20 avril 2022","publisher_availability_label":"Sur commande","short_details":"Gauthier David \u2014 \u00c9ditions Mardaga","translator":null,"weight":660,"page_count":432,"readership":null,"editor":"\u00c9ditions Mardaga","price":4499,"published_date":"2022-04-19T22:00:00.000000Z","support":"Grand format","publisher_availability":1,"stock":0,"editions":[],"url":"https:\/\/quaidesbrumes.com\/ouvrage\/9782804721534\/morale-et-contrat-recherche-sur-les-fondements-de-la-morale"},{"id":"9782738494917","title":"MARX, ENGELS ET LE SINGE","description":"Rencontre inattendue que celle de Marx et d'Engels avec le singe : l'occasion pour eux de s'impliquer dans le br\u00fblant d\u00e9bat sur l'origine de l'homme, \u00e0 la convergence des sciences biologiques et anthropologiques, sans parvenir \u00e0 s'affranchir des pr\u00e9jug\u00e9s de leur \u00e9poque et des impasses de leur doctrine. Vaste champ d'interrogations qui sont aussi les n\u00f4tres.\r","authors":["Bernard Naccache"],"category_codes":["9000000","9080000"],"visuals":{"large":"https:\/\/images.epagine.fr\/917\/9782738494917_1_75.jpg","medium":"https:\/\/images.epagine.fr\/917\/9782738494917_1_m.jpg","thumbnail":"https:\/\/images.epagine.fr\/917\/9782738494917_1_v.jpg"},"orderable":true,"show_badge":true,"formatted_price":"13,00&nbsp;\u20ac","formatted_published_date":"1er septembre 2000","publisher_availability_label":"Sur commande","short_details":"Bernard Naccache \u2014 \u00c9ditions L'Harmattan","translator":null,"weight":172,"page_count":128,"readership":null,"editor":"\u00c9ditions L'Harmattan","price":1300,"published_date":"2000-08-31T22:00:00.000000Z","support":"Grand format","publisher_availability":1,"stock":0,"editions":[],"url":"https:\/\/quaidesbrumes.com\/ouvrage\/9782738494917\/marx-engels-et-le-singe"},{"id":"9782911698033","title":"Que votre moi soit le bienvenu dans le monde","description":null,"authors":["Collectif"],"category_codes":["9000000","9080000","9080200","9080204"],"visuals":{"large":"https:\/\/quaidesbrumes.com\/img\/book-placeholder.png","medium":"https:\/\/quaidesbrumes.com\/img\/book-placeholder.png","thumbnail":"https:\/\/quaidesbrumes.com\/img\/book-placeholder.png"},"orderable":true,"show_badge":true,"formatted_price":"38,00&nbsp;\u20ac","formatted_published_date":"5 mars 2003","publisher_availability_label":"Sur commande","short_details":"Collectif \u2014 Cahiers Intempestifs","translator":null,"weight":423,"page_count":null,"readership":null,"editor":"Cahiers Intempestifs","price":3800,"published_date":"2003-03-04T23:00:00.000000Z","support":"Grand format","publisher_availability":1,"stock":0,"editions":[],"url":"https:\/\/quaidesbrumes.com\/ouvrage\/9782911698033\/que-votre-moi-soit-le-bienvenu-dans-le-monde"},{"id":"9782711699605","title":"Maitre eckhart ; une mystique du detachement","description":null,"authors":["Beno\u00eet Beyer de ryke"],"category_codes":["9000000","9080000"],"visuals":{"large":"https:\/\/images.epagine.fr\/605\/9782711699605_1_75.jpg","medium":"https:\/\/images.epagine.fr\/605\/9782711699605_1_m.jpg","thumbnail":"https:\/\/images.epagine.fr\/605\/9782711699605_1_v.jpg"},"orderable":true,"show_badge":true,"formatted_price":"8,38&nbsp;\u20ac","formatted_published_date":"1er septembre 2000","publisher_availability_label":"Sur commande","short_details":"Beno\u00eet Beyer de ryke \u2014 Ousia","translator":null,"weight":0,"page_count":192,"readership":null,"editor":"Ousia","price":838,"published_date":"2000-08-31T22:00:00.000000Z","support":"Poche","publisher_availability":1,"stock":0,"editions":[],"url":"https:\/\/quaidesbrumes.com\/ouvrage\/9782711699605\/maitre-eckhart-une-mystique-du-detachement"},{"id":"9782841861293","title":"Cornelius castoriadis - le projet d'autonomie","description":"L'horizon politique des soci\u00e9t\u00e9s contemporaines n'est pas clos.\r\nA rebours du scepticisme et du conformisme ambiants, telle fut la certitude de toujours de Cornelius Castoriadis (1922-1997), qui n'a eu de cesse de soutenir le projet d'une transformation sociale et politique radicale vers l'autonomie et la d\u00e9mocratie.\r\nCo-fondateur avec Claude Lefort du groupe et de la revue Socialisme ou Barbarie et critique pr\u00e9coce de la soci\u00e9t\u00e9 bureaucratique, th\u00e9oricien de l'imaginaire social avec son ma\u00eetre livre L'Institution imaginaire de la soci\u00e9t\u00e9, il a consacr\u00e9 une part essentielle de ses efforts \u00e0 repenser le projet de libert\u00e9, d'\u00e9galit\u00e9, de justice et d'autogouvernement en des termes nouveaux, ceux du projet d'autonomie.\r\nInaugur\u00e9 par la cr\u00e9ation conjointe, en Gr\u00e8ce ancienne, de la philosophie et de la politique, les deux ins\u00e9parables de la cr\u00e9ation de la d\u00e9mocratie, repris et \u00e9tendu \u00e0 l'\u00e9poque moderne, o\u00f9 il a anim\u00e9 les luttes pluris\u00e9culaires pour l'\u00e9mancipation, ce projet r\u00e9volutionnaire concerne de fa\u00e7on indissociable l'autonomie des individus et celle de la collectivit\u00e9. Visant la venue au jour d'une autor\u00e9flexivit\u00e9 et d'une activit\u00e9 instituante en vue de \" se donner soi-m\u00eame ses lois, sachant qu'on le fait \", tendu vers l'instauration d'une soci\u00e9t\u00e9 autonome, ou en d'autres termes, d'une d\u00e9mocratie v\u00e9ritable, il continue de d\u00e9finir le cadre d'un avenir possible pour nos soci\u00e9t\u00e9s.\r\nEn proposant une introduction \u00e0 l'oeuvre originale et exigeante de ce penseur hors norme, ce livre souhaite faciliter l'acc\u00e8s \u00e0 l'une des plus ambitieuses et f\u00e9condes tentatives contemporaines de repenser la question de la libert\u00e9 et de la d\u00e9mocratie.\r","authors":["G\u00e9rard David"],"category_codes":["9000000","9080000"],"visuals":{"large":"https:\/\/images.epagine.fr\/293\/9782841861293_1_75.jpg","medium":"https:\/\/images.epagine.fr\/293\/9782841861293_1_m.jpg","thumbnail":"https:\/\/images.epagine.fr\/293\/9782841861293_1_v.jpg"},"orderable":true,"show_badge":true,"formatted_price":"17,03&nbsp;\u20ac","formatted_published_date":"1er janvier 2001","publisher_availability_label":"Sur commande","short_details":"G\u00e9rard David \u2014 MICHALON","translator":null,"weight":242,"page_count":null,"readership":null,"editor":"MICHALON","price":1703,"published_date":"2000-12-31T23:00:00.000000Z","support":"Grand format","publisher_availability":1,"stock":0,"editions":[],"url":"https:\/\/quaidesbrumes.com\/ouvrage\/9782841861293\/cornelius-castoriadis-le-projet-dautonomie"},{"id":"9782711699612","title":"La philosophie de la cr\u00e9ation chez Achard de Saint-Victor","description":null,"authors":["Mohammad Ilkhani"],"category_codes":["9000000","9080000","9080200","9080204"],"visuals":{"large":"https:\/\/quaidesbrumes.com\/img\/book-placeholder.png","medium":"https:\/\/quaidesbrumes.com\/img\/book-placeholder.png","thumbnail":"https:\/\/quaidesbrumes.com\/img\/book-placeholder.png"},"orderable":true,"show_badge":true,"formatted_price":"25,61&nbsp;\u20ac","formatted_published_date":"1er septembre 2000","publisher_availability_label":"Sur commande","short_details":"Mohammad Ilkhani \u2014 Ousia","translator":null,"weight":0,"page_count":400,"readership":null,"editor":"Ousia","price":2561,"published_date":"2000-08-31T22:00:00.000000Z","support":"Grand format","publisher_availability":1,"stock":0,"editions":[],"url":"https:\/\/quaidesbrumes.com\/ouvrage\/9782711699612\/la-philosophie-de-la-creation-chez-achard-de-saint-victor"}]}