{"data":[{"id":"9782869119130","title":"Journal international de bioethique n.3 septembre 99","description":null,"authors":["Collectif"],"category_codes":["9000000","9080000"],"visuals":{"large":"https:\/\/quaidesbrumes.com\/img\/book-placeholder.png","medium":"https:\/\/quaidesbrumes.com\/img\/book-placeholder.png","thumbnail":"https:\/\/quaidesbrumes.com\/img\/book-placeholder.png"},"orderable":true,"show_badge":true,"formatted_price":"22,87&nbsp;\u20ac","formatted_published_date":"3 janvier 2000","publisher_availability_label":"Sur commande","short_details":"Collectif \u2014 Eska","translator":null,"weight":0,"page_count":null,"readership":null,"editor":"Eska","price":2287,"published_date":"2000-01-02T23:00:00.000000Z","support":"Revue","publisher_availability":1,"stock":0,"editions":[],"url":"https:\/\/quaidesbrumes.com\/ouvrage\/9782869119130\/journal-international-de-bioethique-n3-septembre-99"},{"id":"9782869118676","title":"Journal international de la bioethique n.1 et n.2 de mars et juin 99","description":null,"authors":["Collectif"],"category_codes":["9000000","9080000"],"visuals":{"large":"https:\/\/quaidesbrumes.com\/img\/book-placeholder.png","medium":"https:\/\/quaidesbrumes.com\/img\/book-placeholder.png","thumbnail":"https:\/\/quaidesbrumes.com\/img\/book-placeholder.png"},"orderable":true,"show_badge":true,"formatted_price":"20,58&nbsp;\u20ac","formatted_published_date":"3 janvier 2000","publisher_availability_label":"Sur commande","short_details":"Collectif \u2014 Eska","translator":null,"weight":0,"page_count":null,"readership":null,"editor":"Eska","price":2058,"published_date":"2000-01-02T23:00:00.000000Z","support":"Revue","publisher_availability":1,"stock":0,"editions":[],"url":"https:\/\/quaidesbrumes.com\/ouvrage\/9782869118676\/journal-international-de-la-bioethique-n1-et-n2-de-mars-et-juin-99"},{"id":"9782711677177","title":"Topologie du n\u00e9ant ; une approche de l'\u00e9cole de Kyoto","description":null,"authors":["Bernard Stevens"],"category_codes":["9000000","9080000","9080200","9080204"],"visuals":{"large":"https:\/\/quaidesbrumes.com\/img\/book-placeholder.png","medium":"https:\/\/quaidesbrumes.com\/img\/book-placeholder.png","thumbnail":"https:\/\/quaidesbrumes.com\/img\/book-placeholder.png"},"orderable":true,"show_badge":true,"formatted_price":"31,56&nbsp;\u20ac","formatted_published_date":"28 avril 2000","publisher_availability_label":"Sur commande","short_details":"Bernard Stevens \u2014 Peeters","translator":null,"weight":0,"page_count":240,"readership":null,"editor":"Peeters","price":3156,"published_date":"2000-04-27T22:00:00.000000Z","support":"Grand format","publisher_availability":1,"stock":0,"editions":[],"url":"https:\/\/quaidesbrumes.com\/ouvrage\/9782711677177\/topologie-du-neant-une-approche-de-lecole-de-kyoto"},{"id":"9782711677184","title":"Spinoza hebraisant ; l'hebreu dans le tractatus theologico-politicus et le compendium grammatices linguae hebraeae","description":null,"authors":["Philippe Cassuto"],"category_codes":["9000000","9080000","9080200","9080204"],"visuals":{"large":"https:\/\/quaidesbrumes.com\/img\/book-placeholder.png","medium":"https:\/\/quaidesbrumes.com\/img\/book-placeholder.png","thumbnail":"https:\/\/quaidesbrumes.com\/img\/book-placeholder.png"},"orderable":true,"show_badge":true,"formatted_price":"65,86&nbsp;\u20ac","formatted_published_date":"28 avril 2000","publisher_availability_label":"Sur commande","short_details":"Philippe Cassuto \u2014 Peeters","translator":null,"weight":0,"page_count":374,"readership":null,"editor":"Peeters","price":6586,"published_date":"2000-04-27T22:00:00.000000Z","support":"Grand format","publisher_availability":1,"stock":0,"editions":[],"url":"https:\/\/quaidesbrumes.com\/ouvrage\/9782711677184\/spinoza-hebraisant-lhebreu-dans-le-tractatus-theologico-politicus-et-le-compendium-grammatices-linguae-hebraeae"},{"id":"9782711699506","title":"Un debat ; in der diskussion ; debating dworkin","description":null,"authors":["Stefen Wesche","Veronique Zanetti"],"category_codes":["9000000","9080000","9080200","9080204"],"visuals":{"large":"https:\/\/quaidesbrumes.com\/img\/book-placeholder.png","medium":"https:\/\/quaidesbrumes.com\/img\/book-placeholder.png","thumbnail":"https:\/\/quaidesbrumes.com\/img\/book-placeholder.png"},"orderable":true,"show_badge":true,"formatted_price":"38,11&nbsp;\u20ac","formatted_published_date":"28 avril 2000","publisher_availability_label":"Sur commande","short_details":"Stefen Wesche, Veronique Zanetti \u2014 Ousia","translator":null,"weight":0,"page_count":528,"readership":null,"editor":"Ousia","price":3811,"published_date":"2000-04-27T22:00:00.000000Z","support":"Grand format","publisher_availability":1,"stock":0,"editions":[],"url":"https:\/\/quaidesbrumes.com\/ouvrage\/9782711699506\/un-debat-in-der-diskussion-debating-dworkin"},{"id":"9782738499035","title":"L'\u00c9VOLUTION CR\u00c9ATRICE D'HENRI BERGSON : Investigations critiques","description":"Apr\u00e8s un examen de la r\u00e9ception de l'ouvrage \u00e0 sa parution en 1907, Y. Conry le replace dans le contexte scientifique de la fin du XIX\u00e8 si\u00e8cle : lamarckisme, darwinisme, probl\u00e8mes de l'h\u00e9r\u00e9dit\u00e9, thermodynamique et atomisme. Les multiples r\u00e9f\u00e9rences aux travaux scientifiques, dans L'Evolution cr\u00e9atrice, sont explicit\u00e9es, afin de d\u00e9finir la philosophie des emprunts effectu\u00e9s par Bergson, mais aussi de d\u00e9crypter le sens v\u00e9ritable de ses r\u00e9ticences concernant certaines d\u00e9couvertes et ainsi de r\u00e9v\u00e9ler les raisons de certains non-dits bergsoniens.\r","authors":["Yvette Conry"],"category_codes":["9000000","9080000"],"visuals":{"large":"https:\/\/images.epagine.fr\/035\/9782738499035_1_75.jpg","medium":"https:\/\/images.epagine.fr\/035\/9782738499035_1_m.jpg","thumbnail":"https:\/\/images.epagine.fr\/035\/9782738499035_1_v.jpg"},"orderable":true,"show_badge":true,"formatted_price":"34,00&nbsp;\u20ac","formatted_published_date":"1er janvier 2001","publisher_availability_label":"Sur commande","short_details":"Yvette Conry \u2014 \u00c9ditions L'Harmattan","translator":null,"weight":444,"page_count":328,"readership":null,"editor":"\u00c9ditions L'Harmattan","price":3400,"published_date":"2000-12-31T23:00:00.000000Z","support":"Grand format","publisher_availability":1,"stock":0,"editions":[],"url":"https:\/\/quaidesbrumes.com\/ouvrage\/9782738499035\/levolution-creatrice-dhenri-bergson-investigations-critiques"},{"id":"9782845190269","title":"Laissez venir \u00e0 moi","description":"Livre pour enfants (Vies de Saint Tharcisius, J. Rimaud, Nellie du Dieu Saint, L. Berne, Imelda Lambertini, C.R. Sandrino, E. Janot, Les jeunes h\u00e9ros japonais)\r","authors":["Albert Bessieres"],"category_codes":["9000000","9080000"],"visuals":{"large":"https:\/\/images.epagine.fr\/269\/9782845190269_1_75.jpg","medium":"https:\/\/images.epagine.fr\/269\/9782845190269_1_m.jpg","thumbnail":"https:\/\/images.epagine.fr\/269\/9782845190269_1_v.jpg"},"orderable":true,"show_badge":true,"formatted_price":"14,00&nbsp;\u20ac","formatted_published_date":"8 juin 2015","publisher_availability_label":"Sur commande","short_details":"Albert Bessieres \u2014 Saint-Remi","translator":null,"weight":0,"page_count":190,"readership":null,"editor":"Saint-Remi","price":1400,"published_date":"2015-06-07T22:00:00.000000Z","support":"Grand format","publisher_availability":1,"stock":0,"editions":[],"url":"https:\/\/quaidesbrumes.com\/ouvrage\/9782845190269\/laissez-venir-a-moi"},{"id":"9782200250409","title":"Le pouvoir","description":"Si tout pouvoir n'est pas n\u00e9cessairement politique et si, contre l'hypoth\u00e8se de Michel Foucault, tout n'est pas pouvoir, toute d\u00e9finition du pouvoir est, elle, n\u00e9cessairement politique. Organis\u00e9 en trois grandes parties, cet ouvrage - dont le mot d'ordre pourrait \u00eatre \u00ab  penser avec Foucault contre Foucault  \u00bb  - a pour ambition de montrer l'enjeu politique des d\u00e9finitions possibles du pouvoir.La premi\u00e8re partie argumente l'id\u00e9e d'un pluralisme d\u00e9finitionnel permettant de justifier le pluralisme politique. Critiquant la d\u00e9finition monologique du pouvoir comme \u00ab  rapport de forces  \u00bb  par Foucault, et \u00e9galement les th\u00e8ses de Max Weber et de Hannah Arendt, l'auteur se r\u00e9f\u00e8re aux th\u00e9ories externalistes de la r\u00e9f\u00e9rence, d\u00e9fendues par Saul Kripke ou Hilary Putnam, dont il revendique le caract\u00e8re fructueux pour une r\u00e9flexion sur la d\u00e9finition du pouvoir. Dans la deuxi\u00e8me partie, en revanche, est mise en \u00e9vidence la relation \u00e9troite entre le pouvoir et la libert\u00e9, pens\u00e9e \u00e0 partir de Foucault et de la question du \u00ab  pouvoir sur soi  \u00bb. Il s'agit de d\u00e9montrer que le sens du pouvoir politique d\u00e9mocratique, au service de l'\u00e9panouissement de la libert\u00e9 des individus au sein de leurs communaut\u00e9s, a un fondement \u00e9thique. La derni\u00e8re partie est consacr\u00e9e \u00e0 l'h\u00e9ritage du christianisme dans la pens\u00e9e politique occidentale, afin de d\u00e9fendre, contre Carl Schmitt, l'id\u00e9e d'un sens \u00e9minemment positif et fondateur de l'apprentissage th\u00e9ologique des structures du politique moderne.Cet ouvrage est montre que la pens\u00e9e constitutionnaliste moderne renvoie \u00e0 un choix \u00e9thique quant \u00e0 la valeur de l'individu qui l\u00e9gitime le droit comme instance de d\u00e9fense et d'accomplissement de la libert\u00e9 politique.Jean-Cassien Billier,  agr\u00e9g\u00e9 de philosophie, ancien chercheur aupr\u00e8s de l'Institut de Florence, enseigne en classes de terminale et en classes pr\u00e9paratoires. Il a d\u00e9j\u00e0 publi\u00e9   Le Bonheur, la question philosophique  (Ellipses, 1997), et, aux \u00e9ditions Armand Colin,  Kant et le kantisme  (1997),  Exp\u00e9riences du pr\u00e9sent  (1998),  La Sensibilit\u00e9  (1998),  Savoir et ignorer  (1999).L'enjeu des d\u00e9finitions.  Le pouvoir sans d\u00e9finition. Pour une critique de Max Weber et de Hannah Arendt. Convergences et divergences avec la cratologie de Michel Foucault.  Le pouvoir sur soi.  Pouvoir sur soi et souci \u00e9thique. Politique de soi. Pouvoir et impuissance de la volont\u00e9. Les pouvoirs du sujet moderne. Le pouvoir dans l'h\u00e9ritage th\u00e9ologico-politique chr\u00e9tien.  Fondements de la r\u00e9flexion chr\u00e9tienne sur le pouvoir. La pluralit\u00e9 des voies. L'assaut des th\u00e9ologies. Christianisme et pens\u00e9e critique.","authors":["Jean-Cassien Biller"],"category_codes":["9000000","9080000","9080200","9080204"],"visuals":{"large":"https:\/\/images.epagine.fr\/409\/9782200250409_1_75.jpg","medium":"https:\/\/images.epagine.fr\/409\/9782200250409_1_m.jpg","thumbnail":"https:\/\/images.epagine.fr\/409\/9782200250409_1_v.jpg"},"orderable":true,"show_badge":true,"formatted_price":"22,00&nbsp;\u20ac","formatted_published_date":"1er septembre 2000","publisher_availability_label":"Sur commande","short_details":"Jean-Cassien Biller \u2014 Armand Colin","translator":null,"weight":224,"page_count":192,"readership":null,"editor":"Armand Colin","price":2200,"published_date":"2000-08-31T22:00:00.000000Z","support":"Grand format","publisher_availability":1,"stock":0,"editions":[],"url":"https:\/\/quaidesbrumes.com\/ouvrage\/9782200250409\/le-pouvoir"},{"id":"9782711677467","title":"Louis Massignon et l'Iran","description":null,"authors":["Eve Pierunek","Yann Richard"],"category_codes":["9000000","9080000","9080200","9080204"],"visuals":{"large":"https:\/\/quaidesbrumes.com\/img\/book-placeholder.png","medium":"https:\/\/quaidesbrumes.com\/img\/book-placeholder.png","thumbnail":"https:\/\/quaidesbrumes.com\/img\/book-placeholder.png"},"orderable":true,"show_badge":true,"formatted_price":"28,05&nbsp;\u20ac","formatted_published_date":"20 septembre 2000","publisher_availability_label":"Sur commande","short_details":"Eve Pierunek, Yann Richard \u2014 Peeters","translator":null,"weight":0,"page_count":null,"readership":null,"editor":"Peeters","price":2805,"published_date":"2000-09-19T22:00:00.000000Z","support":"Grand format","publisher_availability":1,"stock":0,"editions":[],"url":"https:\/\/quaidesbrumes.com\/ouvrage\/9782711677467\/louis-massignon-et-liran"},{"id":"9782738490193","title":"ESTHETIQUE DE L'ABSTRACTION : Essai sur le probl\u00e8me actuel de la peinture","description":"L'existence de fait d'une peinture dite \" abstraite \" pose un probl\u00e8me non seulement au public et aux th\u00e9oriciens, mais aussi aux artistes. Or, selon Charles-Pierre Bru, le probl\u00e8me de l'abstraction ne se poserait pas vraiment si l'abstraction ne pr\u00e9sentait pas simultan\u00e9ment un \" bon \" et un \" mauvais \" c\u00f4t\u00e9, si elle n'avait pas fait \u00e0 la fois \" gagner \" et \" perdre \" quelque chose au peintre. et cette simple remarque permet d\u00e9j\u00e0 de desserrer l'\u00e9treinte d'une alternative rigide entre la conception traditionnelle - \" figurative \" - de la peinture et sa conception abstraite actuelle.","authors":["Charles-Pierre Bru"],"category_codes":["9000000","9080000"],"visuals":{"large":"https:\/\/images.epagine.fr\/193\/9782738490193_1_75.jpg","medium":"https:\/\/images.epagine.fr\/193\/9782738490193_1_m.jpg","thumbnail":"https:\/\/images.epagine.fr\/193\/9782738490193_1_v.jpg"},"orderable":true,"show_badge":true,"formatted_price":"29,50&nbsp;\u20ac","formatted_published_date":"1er avril 2000","publisher_availability_label":"Sur commande","short_details":"Charles-Pierre Bru \u2014 \u00c9ditions L'Harmattan","translator":null,"weight":416,"page_count":334,"readership":null,"editor":"\u00c9ditions L'Harmattan","price":2950,"published_date":"2000-03-31T22:00:00.000000Z","support":"Grand format","publisher_availability":1,"stock":0,"editions":[],"url":"https:\/\/quaidesbrumes.com\/ouvrage\/9782738490193\/esthetique-de-labstraction-essai-sur-le-probleme-actuel-de-la-peinture"},{"id":"9782841620425","title":"L'infinitif des pensees","description":"Penser en acte : et l'homme pr\u00e9f\u00e8re consid\u00e9rer la formule comme simple juxtaposition de mots, quand il fait le constat d'une \" pens\u00e9e s\u00e9par\u00e9e de la vie \".\r\nCela viendrait-il de ce qu'il ne pense qu'avec des mots, qui le tirent le plus souvent vers ce qu'ils veulent commun\u00e9ment dire, et non plus vers ce qu'il voudrait, lui, penser ? Comment chercher, alors, une fa\u00e7on acceptable d'\u00eatre et de penser ? Tout au long de ses carnets d'Ouessant, de postfaces tardives \u00e0 Croire devoir penser, d'essais parall\u00e8les de transcriptions \u00e0 l'infinitif de Descartes, Nietzsche, Wittgenstein, Kant, Aristote ou Heidegger, et d'annotations au \" chantier de la philosophie \", Emmanuel Fournier d\u00e9taille avec une grande honn\u00eatet\u00e9 et un sens minutieux de l'humour ce qu'il entend par \" penser \u00e0 l'infinitif \".\r\nCroire devoir penser \u00e9tait paru en 1996 dans cette m\u00eame collection.\r","authors":["Emmanuel Fournier"],"category_codes":["9000000","9080000","9080200","9080204"],"visuals":{"large":"https:\/\/images.epagine.fr\/425\/9782841620425_1_75.jpg","medium":"https:\/\/images.epagine.fr\/425\/9782841620425_1_m.jpg","thumbnail":"https:\/\/images.epagine.fr\/425\/9782841620425_1_v.jpg"},"orderable":true,"show_badge":true,"formatted_price":"20,00&nbsp;\u20ac","formatted_published_date":"27 mars 2000","publisher_availability_label":"Sur commande","short_details":"Emmanuel Fournier \u2014 \u00c9ditions de l'\u00e9clat","translator":null,"weight":357,"page_count":null,"readership":null,"editor":"\u00c9ditions de l'\u00e9clat","price":2000,"published_date":"2000-03-26T22:00:00.000000Z","support":"Grand format","publisher_availability":1,"stock":0,"editions":[],"url":"https:\/\/quaidesbrumes.com\/ouvrage\/9782841620425\/linfinitif-des-pensees"},{"id":"9782738488978","title":"LES GRANDS RECITS MILITANTS DES XIXe ET XXe SIECLES : Religions de l'humanit\u00e9 et sciences de l'histoire","description":"Marc Angenot a choisi de prendre \u00e0 bras le corps les grands r\u00e9cits militants de toutes natures des XIXe et XXe si\u00e8cles ; il repense la question du \" socialisme scientifique \" en reconstituant l'histoire de la l\u00e9gitimation des rem\u00e8des ultimes aux maux sociaux, remontant aux proph\u00e8tes romantiques fondateurs de \" religions de l'humanit\u00e9 \". Il immerge le marxisme et les socialismes r\u00e9volutionnaires dans cet ensemble id\u00e9ologique de longue dur\u00e9e et il les fait voir et fait voir le probl\u00e8me de la l\u00e9gitimation politique sous une perspective neuve.\r","authors":["Marc Angenot"],"category_codes":["9000000","9080000"],"visuals":{"large":"https:\/\/images.epagine.fr\/978\/9782738488978_1_75.jpg","medium":"https:\/\/images.epagine.fr\/978\/9782738488978_1_m.jpg","thumbnail":"https:\/\/images.epagine.fr\/978\/9782738488978_1_v.jpg"},"orderable":true,"show_badge":true,"formatted_price":"21,00&nbsp;\u20ac","formatted_published_date":"1er avril 2000","publisher_availability_label":"Sur commande","short_details":"Marc Angenot \u2014 \u00c9ditions L'Harmattan","translator":null,"weight":310,"page_count":224,"readership":null,"editor":"\u00c9ditions L'Harmattan","price":2100,"published_date":"2000-03-31T22:00:00.000000Z","support":"Grand format","publisher_availability":1,"stock":0,"editions":[],"url":"https:\/\/quaidesbrumes.com\/ouvrage\/9782738488978\/les-grands-recits-militants-des-xixe-et-xxe-siecles-religions-de-lhumanite-et-sciences-de-lhistoire"},{"id":"9782738487872","title":"L'ETHIQUE DANS LA PRATIQUE DES SCIENCES HUMAINES : DILEMMES","description":"Des chercheurs en sciences humaines et sociales ont voulu r\u00e9fl\u00e9chir \u00e0 ce que \" l'\u00e9thique \" signifie dans leurs propres pratiques. Ils ont montr\u00e9 en quoi ils s'impliquent, comment ils (re)pensent la scientificit\u00e9 \u00e0 la lumi\u00e8re de l'\u00e9thique, quels principes ils pouvaient d\u00e9gager, quelles valeurs sous-jacentes expliciter. Chacun a choisi son mode de pr\u00e9sentation : fiction cin\u00e9matographique, r\u00e9cit, analyse, entretien, r\u00e9f\u00e9rences \u00e0 des auteurs, r\u00e9flexion th\u00e9orique.","authors":["Jacqueline Feldman"],"category_codes":["9000000","9080000"],"visuals":{"large":"https:\/\/images.epagine.fr\/872\/9782738487872_1_75.jpg","medium":"https:\/\/images.epagine.fr\/872\/9782738487872_1_m.jpg","thumbnail":"https:\/\/images.epagine.fr\/872\/9782738487872_1_v.jpg"},"orderable":true,"show_badge":true,"formatted_price":"32,50&nbsp;\u20ac","formatted_published_date":"1er f\u00e9vrier 2000","publisher_availability_label":"Sur commande","short_details":"Jacqueline Feldman \u2014 \u00c9ditions L'Harmattan","translator":null,"weight":366,"page_count":300,"readership":null,"editor":"\u00c9ditions L'Harmattan","price":3250,"published_date":"2000-01-31T23:00:00.000000Z","support":"Grand format","publisher_availability":1,"stock":0,"editions":[],"url":"https:\/\/quaidesbrumes.com\/ouvrage\/9782738487872\/lethique-dans-la-pratique-des-sciences-humaines-dilemmes"},{"id":"9782738488220","title":"ETUDES SUR PLOTIN","description":"La dimension internationale du pr\u00e9sent volume ainsi que la diversit\u00e9 des th\u00e8mes abord\u00e9s devraient permettre au lecteur d'appr\u00e9cier, au travers d'une vari\u00e9t\u00e9 d'approches, toute la richesse de la pens\u00e9e de l'Alexandrin au plan de l'esth\u00e9tique et de l'\u00e9thique, de la physique et de la m\u00e9taphysique, de la philosophie du langage, de la psychologie et de la no\u00e9tique. Il sera \u00e9galement question d'ex\u00e9g\u00e8se et de la r\u00e9ception m\u00e9di\u00e9vale arabe de son oeuvre.","authors":["Michel Fattal"],"category_codes":["9000000","9120000","9120200"],"visuals":{"large":"https:\/\/images.epagine.fr\/220\/9782738488220_1_75.jpg","medium":"https:\/\/images.epagine.fr\/220\/9782738488220_1_m.jpg","thumbnail":"https:\/\/images.epagine.fr\/220\/9782738488220_1_v.jpg"},"orderable":true,"show_badge":true,"formatted_price":"26,00&nbsp;\u20ac","formatted_published_date":"1er f\u00e9vrier 2000","publisher_availability_label":"Sur commande","short_details":"Michel Fattal \u2014 \u00c9ditions L'Harmattan","translator":null,"weight":330,"page_count":272,"readership":null,"editor":"\u00c9ditions L'Harmattan","price":2600,"published_date":"2000-01-31T23:00:00.000000Z","support":"Grand format","publisher_availability":1,"stock":0,"editions":[],"url":"https:\/\/quaidesbrumes.com\/ouvrage\/9782738488220\/etudes-sur-plotin"},{"id":"9782738488145","title":"METAMORPHOSES DE LA PHILOSOPHIE : Platon, Descartes, Kant, Nietzsche","description":"Pierre Fougeyrollas tente de pr\u00e9senter ici dans un langage clair et compr\u00e9hensible par le plus grand nombre la philosophie \u00e0 travers les principaux moments de son histoire : sa fondation par Platon, sa r\u00e9forme modernisatrice par Descartes, sa r\u00e9volution avec Kant et le probl\u00e8me de l'apr\u00e8s philosophie \u00e0 partir de Nietzsche.\r","authors":["Pierre Fougeyrollas"],"category_codes":["9000000","9080000"],"visuals":{"large":"https:\/\/images.epagine.fr\/145\/9782738488145_1_75.jpg","medium":"https:\/\/images.epagine.fr\/145\/9782738488145_1_m.jpg","thumbnail":"https:\/\/images.epagine.fr\/145\/9782738488145_1_v.jpg"},"orderable":true,"show_badge":true,"formatted_price":"33,00&nbsp;\u20ac","formatted_published_date":"1er f\u00e9vrier 2000","publisher_availability_label":"Sur commande","short_details":"Pierre Fougeyrollas \u2014 \u00c9ditions L'Harmattan","translator":null,"weight":502,"page_count":368,"readership":null,"editor":"\u00c9ditions L'Harmattan","price":3300,"published_date":"2000-01-31T23:00:00.000000Z","support":"Grand format","publisher_availability":1,"stock":0,"editions":[],"url":"https:\/\/quaidesbrumes.com\/ouvrage\/9782738488145\/metamorphoses-de-la-philosophie-platon-descartes-kant-nietzsche"},{"id":"9782862747583","title":"Vers un humanisme du IIIe mill\u00e9naire ; r\u00e9flexions pour un humanisme la\u00efque renouvel\u00e9","description":null,"authors":["Ligue Enseignement"],"category_codes":["9000000","9080000","9080200","9080204"],"visuals":{"large":"https:\/\/images.epagine.fr\/583\/9782862747583_1_75.jpg","medium":"https:\/\/images.epagine.fr\/583\/9782862747583_1_m.jpg","thumbnail":"https:\/\/images.epagine.fr\/583\/9782862747583_1_v.jpg"},"orderable":true,"show_badge":true,"formatted_price":"19,00&nbsp;\u20ac","formatted_published_date":"16 mai 2000","publisher_availability_label":"Sur commande","short_details":"Ligue Enseignement \u2014 Le Cherche Midi","translator":null,"weight":308,"page_count":120,"readership":null,"editor":"Le Cherche Midi","price":1900,"published_date":"2000-05-15T22:00:00.000000Z","support":"Grand format","publisher_availability":1,"stock":0,"editions":[],"url":"https:\/\/quaidesbrumes.com\/ouvrage\/9782862747583\/vers-un-humanisme-du-iiie-millenaire-reflexions-pour-un-humanisme-laique-renouvele"},{"id":"9782738490407","title":"L'ordre du temps ; essai sur le probl\u00e8me du temps chez Hegel","description":"\" Pour qui s'est initi\u00e9 comme ce fut presque la r\u00e8gle pour nous tous, \u00e0 la lecture de Hegel \u00e0 l'aide de Alexandre Koj\u00e8ve et de Jean Hyppolite, le livre de Paulo Arantes est surprenant. Le th\u00e8me central est bien toujours le temps ou \" l'\u00eatre-l\u00e0 \" du concept. Mais comme ces intrigantes figures que l'on trouve dans les ouvrages de la gestalt-psychologie, ce qui l\u00e0 \u00e9tait forme soudain devient fond, ce qui l\u00e0 \u00e9tait fond devient forme. Il s'agit l\u00e0 d'une op\u00e9ration simple : r\u00e9tablir l'empire de la science de la logique, contre les lectures disons existentialistes \". Bento Prado Junior\r","authors":["Paulo-Eduardo Arantes"],"category_codes":["9000000","9080000","9080200","9080204"],"visuals":{"large":"https:\/\/images.epagine.fr\/407\/9782738490407_1_75.jpg","medium":"https:\/\/images.epagine.fr\/407\/9782738490407_1_m.jpg","thumbnail":"https:\/\/images.epagine.fr\/407\/9782738490407_1_v.jpg"},"orderable":true,"show_badge":true,"formatted_price":"29,50&nbsp;\u20ac","formatted_published_date":"1er avril 2000","publisher_availability_label":"Sur commande","short_details":"Paulo-Eduardo Arantes \u2014 \u00c9ditions L'Harmattan","translator":null,"weight":454,"page_count":330,"readership":null,"editor":"\u00c9ditions L'Harmattan","price":2950,"published_date":"2000-03-31T22:00:00.000000Z","support":"Grand format","publisher_availability":1,"stock":0,"editions":[],"url":"https:\/\/quaidesbrumes.com\/ouvrage\/9782738490407\/lordre-du-temps-essai-sur-le-probleme-du-temps-chez-hegel"},{"id":"9782738490131","title":"Le philosophe comme fiction","description":"Que se passe-t-il lorsqu'un philosophe appara\u00eet comme tel dans un roman ? Sa pr\u00e9sence est toujours corr\u00e9lative d'une question sous-jacente : le monde est-il susceptible d'\u00eatre peu ou prou modifi\u00e9, comment, jusqu'o\u00f9, et avec quelles cons\u00e9quences positives ou n\u00e9gatives, par le discours d'un personnage qui se donne pour un d\u00e9tenteur de v\u00e9rit\u00e9 ?\r","authors":["Georges Navet"],"category_codes":["9000000","9080000","9080200","9080204"],"visuals":{"large":"https:\/\/images.epagine.fr\/131\/9782738490131_1_75.jpg","medium":"https:\/\/images.epagine.fr\/131\/9782738490131_1_m.jpg","thumbnail":"https:\/\/images.epagine.fr\/131\/9782738490131_1_v.jpg"},"orderable":true,"show_badge":true,"formatted_price":"21,00&nbsp;\u20ac","formatted_published_date":"1er avril 2000","publisher_availability_label":"Sur commande","short_details":"Georges Navet \u2014 \u00c9ditions L'Harmattan","translator":null,"weight":348,"page_count":192,"readership":null,"editor":"\u00c9ditions L'Harmattan","price":2100,"published_date":"2000-03-31T22:00:00.000000Z","support":"Grand format","publisher_availability":1,"stock":0,"editions":[],"url":"https:\/\/quaidesbrumes.com\/ouvrage\/9782738490131\/le-philosophe-comme-fiction"},{"id":"9782738491138","title":"DIDEROT DEVANT L'IMAGE","description":"Que signifie une image et comment le signifie-t-elle ? Diderot n'a cess\u00e9 d'interroger les peintures expos\u00e9es aux salons du Louvre, multipliant les pratiques de discours et les strat\u00e9gies de pens\u00e9e, dans des textes aussi divers que les articles de l'Encyclop\u00e9die, ses Lettres philosophiques, les Essais sur la peinture, ou les Salons.","authors":["Philippe Dean"],"category_codes":["9000000","9080000"],"visuals":{"large":"https:\/\/images.epagine.fr\/138\/9782738491138_1_75.jpg","medium":"https:\/\/images.epagine.fr\/138\/9782738491138_1_m.jpg","thumbnail":"https:\/\/images.epagine.fr\/138\/9782738491138_1_v.jpg"},"orderable":true,"show_badge":true,"formatted_price":"36,00&nbsp;\u20ac","formatted_published_date":"1er mai 2000","publisher_availability_label":"Sur commande","short_details":"Philippe Dean \u2014 \u00c9ditions L'Harmattan","translator":null,"weight":658,"page_count":402,"readership":null,"editor":"\u00c9ditions L'Harmattan","price":3600,"published_date":"2000-04-30T22:00:00.000000Z","support":"Grand format","publisher_availability":1,"stock":0,"editions":[],"url":"https:\/\/quaidesbrumes.com\/ouvrage\/9782738491138\/diderot-devant-limage"},{"id":"9782711699070","title":"Logique du lieu et oeuvre humaine","description":null,"authors":["A Berque","Ph Nys"],"category_codes":["9000000","9080000","9080200","9080204"],"visuals":{"large":"https:\/\/quaidesbrumes.com\/img\/book-placeholder.png","medium":"https:\/\/quaidesbrumes.com\/img\/book-placeholder.png","thumbnail":"https:\/\/quaidesbrumes.com\/img\/book-placeholder.png"},"orderable":true,"show_badge":true,"formatted_price":"21,34&nbsp;\u20ac","formatted_published_date":"28 avril 2000","publisher_availability_label":"Sur commande","short_details":"A Berque, Ph Nys \u2014 Vrin","translator":null,"weight":0,"page_count":280,"readership":null,"editor":"Vrin","price":2134,"published_date":"2000-04-27T22:00:00.000000Z","support":"Grand format","publisher_availability":1,"stock":0,"editions":[],"url":"https:\/\/quaidesbrumes.com\/ouvrage\/9782711699070\/logique-du-lieu-et-oeuvre-humaine"},{"id":"9782866792978","title":"Rendez votre stress creatif","description":"\u00eates-vous calme comme une mer \" d'huile \" ou secou\u00e9 par la temp\u00eate lorsque survient un \u00e9v\u00e9nement impr\u00e9vu, ou tout simplement sous l'effet de l'accumulation du travail, de la fatigue, etc. ?\r\n\r\nNous savons en effet que nous ne r\u00e9agissons pas tous de la m\u00eame mani\u00e8re face aux m\u00eames situations et que l'urgence peut \u00eatre stimulante... alors, qu'appelle-t-on le stress oejusqu'\u00e0 quel point et dans quelles conditions peut-il \u00eatre b\u00e9n\u00e9fique ? a partir de quand est-il nocif, engendrant notamment des maladies psychosomatiques ?\r\nPartant d'une vision globale de l'homme - \u00e0 la fois corps et esprit -, le docteur loron propose une m\u00e9thode visant \u00e0 d\u00e9velopper les ressources cr\u00e9atives de la personne. d\u00e9montant les m\u00e9canismes du stress, il en explique les causes et propose des solutions. il permet surtout de r\u00e9aliser un parcours pratique : dans ce but, le livre est constamment jalonn\u00e9 d'exercices ( relaxation, respiration, \u00e9vocations d'images, de souvenirs... ) et de conseils pratiques - alimentaires entre autres.\r\n\r\nUn ouvrage complet, \u00e0 la fois th\u00e9orique et pratique, pour ceux qui vivent des situations stressantes et pour leur entourage .\r\nAncien interne des h\u00f4pitaux de paris, ancien chef de clinique \u00e0 'l'h\u00f4pital de la. salp\u00eatri\u00e8re, dipl\u00f4m\u00e9 de l'institut erickson de paris, philippe loron est neurologue, sp\u00e9cialiste en th\u00e9rapie ericksonnienne. depuis plus de 8 ans, il anime des stages visant \u00e0 mieux conna\u00eetre ses potentialit\u00e9s c\u00e9r\u00e9brales pour mieux g\u00e9rer son stress. il intervient \u00e9galement en entreprise et dans les administrations\r","authors":[],"category_codes":["9000000","9080000"],"visuals":{"large":"https:\/\/images.epagine.fr\/978\/9782866792978_1_75.jpg","medium":"https:\/\/images.epagine.fr\/978\/9782866792978_1_m.jpg","thumbnail":"https:\/\/images.epagine.fr\/978\/9782866792978_1_v.jpg"},"orderable":true,"show_badge":true,"formatted_price":"16,80&nbsp;\u20ac","formatted_published_date":"27 septembre 2000","publisher_availability_label":"Sur commande","short_details":"Jubile - Le Sarment Editions","translator":null,"weight":419,"page_count":null,"readership":null,"editor":"Jubile - Le Sarment Editions","price":1680,"published_date":"2000-09-26T22:00:00.000000Z","support":"Grand format","publisher_availability":1,"stock":0,"editions":[],"url":"https:\/\/quaidesbrumes.com\/ouvrage\/9782866792978\/rendez-votre-stress-creatif"},{"id":"9782711677146","title":"Poetique du blanc ; vide et intervalle dans la civilisation de l'alphabet","description":null,"authors":["Anne-marie Christin"],"category_codes":["9000000","9080000","9080200","9080204"],"visuals":{"large":"https:\/\/quaidesbrumes.com\/img\/book-placeholder.png","medium":"https:\/\/quaidesbrumes.com\/img\/book-placeholder.png","thumbnail":"https:\/\/quaidesbrumes.com\/img\/book-placeholder.png"},"orderable":true,"show_badge":true,"formatted_price":"17,84&nbsp;\u20ac","formatted_published_date":"28 avril 2000","publisher_availability_label":"Sur commande","short_details":"Anne-marie Christin \u2014 Vrin","translator":null,"weight":0,"page_count":240,"readership":null,"editor":"Vrin","price":1784,"published_date":"2000-04-27T22:00:00.000000Z","support":"Grand format","publisher_availability":1,"stock":0,"editions":[],"url":"https:\/\/quaidesbrumes.com\/ouvrage\/9782711677146\/poetique-du-blanc-vide-et-intervalle-dans-la-civilisation-de-lalphabet"},{"id":"9782738491206","title":"L'EXPRESSIVITE CHEZ MERLEAU-PONTY : Du corps \u00e0 la peinture","description":"Maurice Merleau-Ponty (1908-1961), philosophe contemporain d'importance, apr\u00e8s un certain temps de purgatoire conna\u00eet actuellement un r\u00e9el engouement, tant en France qu'\u00e0 l'\u00e9tranger. Sa pens\u00e9e s'est d\u00e9ploy\u00e9e selon quatre axes : le corps, le langage, l'art et l'histoire. Ce livre a pour enjeu une reprise de l'int\u00e9rieur de la d\u00e9marche merleau-pontienne en interrogeant le corps, le langage et la peinture, \u00e0 la lumi\u00e8re de la question de l'expressivit\u00e9 originaire qui unit le sujet percevant au monde et \u00e0 son monde.\r","authors":["Jean-Yves Mercury"],"category_codes":["9000000","9080000"],"visuals":{"large":"https:\/\/images.epagine.fr\/206\/9782738491206_1_75.jpg","medium":"https:\/\/images.epagine.fr\/206\/9782738491206_1_m.jpg","thumbnail":"https:\/\/images.epagine.fr\/206\/9782738491206_1_v.jpg"},"orderable":true,"show_badge":true,"formatted_price":"33,00&nbsp;\u20ac","formatted_published_date":"1er mai 2000","publisher_availability_label":"Sur commande","short_details":"Jean-Yves Mercury \u2014 \u00c9ditions L'Harmattan","translator":null,"weight":492,"page_count":400,"readership":null,"editor":"\u00c9ditions L'Harmattan","price":3300,"published_date":"2000-04-30T22:00:00.000000Z","support":"Grand format","publisher_availability":1,"stock":0,"editions":[],"url":"https:\/\/quaidesbrumes.com\/ouvrage\/9782738491206\/lexpressivite-chez-merleau-ponty-du-corps-a-la-peinture"},{"id":"9782711699131","title":"Les enjeux du paysage","description":null,"authors":["Michel Collot"],"category_codes":["9000000","9080000","9080200","9080204"],"visuals":{"large":"https:\/\/quaidesbrumes.com\/img\/book-placeholder.png","medium":"https:\/\/quaidesbrumes.com\/img\/book-placeholder.png","thumbnail":"https:\/\/quaidesbrumes.com\/img\/book-placeholder.png"},"orderable":true,"show_badge":true,"formatted_price":"27,44&nbsp;\u20ac","formatted_published_date":"28 avril 2000","publisher_availability_label":"Sur commande","short_details":"Michel Collot \u2014 Ousia","translator":null,"weight":0,"page_count":368,"readership":null,"editor":"Ousia","price":2744,"published_date":"2000-04-27T22:00:00.000000Z","support":"Grand format","publisher_availability":1,"stock":0,"editions":[],"url":"https:\/\/quaidesbrumes.com\/ouvrage\/9782711699131\/les-enjeux-du-paysage"}]}