{"data":[{"id":"9782343121222","title":"Karl Raimund Popper, une \u00e9pistemologie sans visage et sans rivage Tome 2 ; analyses perspectivistes","description":"Ce deuxi\u00e8me volume se concentre sur un ensemble d'analyses perspectivistes autour de cette \u00e9pist\u00e9mologie sans visage et sans rivage de K.R. Popper : on scrute, sur la base de l'existant, ce qui peut permettre de comprendre le non-dit de Popper, cette ouverture ind\u00e9finie de la m\u00e9thodologie \u00e0 la m\u00e9taphysique.","authors":["Cahiers Epistemologi"],"category_codes":["9000000","9080000","9080700"],"visuals":{"large":"https:\/\/images.epagine.fr\/222\/9782343121222_1_75.jpg","medium":"https:\/\/images.epagine.fr\/222\/9782343121222_1_m.jpg","thumbnail":"https:\/\/images.epagine.fr\/222\/9782343121222_1_v.jpg"},"orderable":true,"show_badge":true,"formatted_price":"35,50&nbsp;\u20ac","formatted_published_date":"19 mai 2017","publisher_availability_label":"Sur commande","short_details":"Cahiers Epistemologi \u2014 \u00c9ditions L'Harmattan","translator":null,"weight":494,"page_count":324,"readership":null,"editor":"\u00c9ditions L'Harmattan","price":3550,"published_date":"2017-05-18T22:00:00.000000Z","support":"Grand format","publisher_availability":1,"stock":0,"editions":[],"url":"https:\/\/quaidesbrumes.com\/ouvrage\/9782343121222\/karl-raimund-popper-une-epistemologie-sans-visage-et-sans-rivage-tome-2-analyses-perspectivistes"},{"id":"9782013378826","title":"Lecons de philosophie. 4e edition","description":"Le\u00e7ons de philosophie (4e \u00e9dition) \/ par \u00c9lie Rabier,... http:\/\/gallica.bnf.fr\/ark:\/12148\/bpt6k5502991r\r","authors":["Rabier Elie"],"category_codes":["9000000","9080000"],"visuals":{"large":"https:\/\/images.epagine.fr\/826\/9782013378826_1_75.jpg","medium":"https:\/\/images.epagine.fr\/826\/9782013378826_1_m.jpg","thumbnail":"https:\/\/images.epagine.fr\/826\/9782013378826_1_v.jpg"},"orderable":true,"show_badge":true,"formatted_price":"26,00&nbsp;\u20ac","formatted_published_date":"1er septembre 2013","publisher_availability_label":"Sur commande","short_details":"Rabier Elie \u2014 Hachette BNF","translator":null,"weight":554,"page_count":null,"readership":null,"editor":"Hachette BNF","price":2600,"published_date":"2013-08-31T22:00:00.000000Z","support":"Grand format","publisher_availability":1,"stock":0,"editions":["9782019678968"],"url":"https:\/\/quaidesbrumes.com\/ouvrage\/9782013378826\/lecons-de-philosophie-4e-edition"},{"id":"9782738472663","title":"L'albanie entre la pensee totalitaire et la raison fragmentaire","description":"A travers deux lignes de r\u00e9flexions, \u00e9l\u00e9ments d'un seul et m\u00eame processus, qui ne cessent de s'enchev\u00eatrer tout au long des interpr\u00e9tations du livre, l'auteur affirme que les totalitarismes du XXe si\u00e8cle, bien que rupture tragique du cours des \u00e9v\u00e9nements, ne repr\u00e9sentent pas une r\u00e9alit\u00e9 \" hors histoire \" et \" hors culture \". Dans son livre, Artan Fuga fait appel \u00e0 la pens\u00e9e philosophique de Dewey, Heidegger, Merleau-Ponty, Ricoeur, etc. pour essayer de profiler une logique d'interaction cat\u00e9gorielle redonnant la voix aux acteurs sociaux de la Cit\u00e9 et qui servirait comme fondement d'un nouveau discours d\u00e9mocratique et d'un autre ensemble de cat\u00e9gories \u00e0 penser\r","authors":["Artan Fuga"],"category_codes":["9000000","9120000","9120200"],"visuals":{"large":"https:\/\/images.epagine.fr\/663\/9782738472663_1_75.jpg","medium":"https:\/\/images.epagine.fr\/663\/9782738472663_1_m.jpg","thumbnail":"https:\/\/images.epagine.fr\/663\/9782738472663_1_v.jpg"},"orderable":true,"show_badge":true,"formatted_price":"19,00&nbsp;\u20ac","formatted_published_date":"3 mai 2000","publisher_availability_label":"Sur commande","short_details":"Artan Fuga \u2014 \u00c9ditions L'Harmattan","translator":null,"weight":246,"page_count":null,"readership":null,"editor":"\u00c9ditions L'Harmattan","price":1900,"published_date":"2000-05-02T22:00:00.000000Z","support":"Grand format","publisher_availability":1,"stock":0,"editions":[],"url":"https:\/\/quaidesbrumes.com\/ouvrage\/9782738472663\/lalbanie-entre-la-pensee-totalitaire-et-la-raison-fragmentaire"},{"id":"9782845191525","title":"M\u00e9langes de philosophie catholique","description":"L'histoire de la 4303 - Platon et Aristote - La 4303 antique - Le concept, l\u00e9tude et le point de d\u00e9part de la 4303 catholique - Les syst\u00e8mes et les erreurs de la 4303 - La 4303 et la r\u00e9v\u00e9lation, la raison et la foi, la th\u00e9ologie, salut de la 4303 - La m\u00e9taphysique et l'ontologie - L'unit\u00e9 intellectuelle - La psychologie - L'immortalit\u00e9 de l'\u00e2me, les id\u00e9es inn\u00e9es - La th\u00e9odic\u00e9e - L'id\u00e9e de Dieu et le positivisme - Le doute m\u00e9thodique - Descartes p\u00e8re du naturalisme - Descartes et l'induction - Le XVIIe si\u00e8cle cart\u00e9sien - L'\u00e9cole cart\u00e9sienne et le progr\u00e8s de la science - Le retour \u00e0 la 4303 scolastique - La 4303 et l'\u00e9ducation intellectuelle.\r","authors":["Jean-Baptiste Aubry"],"category_codes":["9000000","9080000"],"visuals":{"large":"https:\/\/images.epagine.fr\/525\/9782845191525_1_75.jpg","medium":"https:\/\/images.epagine.fr\/525\/9782845191525_1_m.jpg","thumbnail":"https:\/\/images.epagine.fr\/525\/9782845191525_1_v.jpg"},"orderable":true,"show_badge":true,"formatted_price":"17,00&nbsp;\u20ac","formatted_published_date":"8 juin 2015","publisher_availability_label":"Sur commande","short_details":"Jean-Baptiste Aubry \u2014 Saint-Remi","translator":null,"weight":0,"page_count":307,"readership":null,"editor":"Saint-Remi","price":1700,"published_date":"2015-06-07T22:00:00.000000Z","support":"Grand format","publisher_availability":1,"stock":0,"editions":[],"url":"https:\/\/quaidesbrumes.com\/ouvrage\/9782845191525\/melanges-de-philosophie-catholique"},{"id":"9782012526273","title":"Biblioth\u00e8que des philosophes chimiques. Tome 4 (\u00c9d.1740-1754)","description":"Biblioth\u00e8que des philosophes chimiques. Tome 4 \/ . Nouvelle \u00e9dition, rev\u00fb\u00eb, corrig\u00e9e & augment\u00e9e de plusieurs philosophes, avec des figures & des notes pour faciliter l'intelligence de leur doctrine, par M. J. M. D. R.\r\nDate de l'\u00e9dition originale : 1740-1754\r\nComprend : Opuscule de la philosophie naturelle des m\u00e9taux\r\n\r\nLe pr\u00e9sent ouvrage s'inscrit dans une politique de conservation patrimoniale des ouvrages de la litt\u00e9rature Fran\u00e7aise mise en place avec la BNF.\r\nHACHETTE LIVRE et la BNF proposent ainsi un catalogue de titres indisponibles, la BNF ayant num\u00e9ris\u00e9 ces oeuvres et HACHETTE LIVRE les imprimant \u00e0 la demande.\r\nCertains de ces ouvrages refl\u00e8tent des courants de pens\u00e9e caract\u00e9ristiques de leur \u00e9poque, mais qui seraient aujourd'hui jug\u00e9s condamnables.\r\nIls n'en appartiennent pas moins \u00e0 l'histoire des id\u00e9es en France et sont susceptibles de pr\u00e9senter un int\u00e9r\u00eat scientifique ou historique.\r\nLe sens de notre d\u00e9marche \u00e9ditoriale consiste ainsi \u00e0 permettre l'acc\u00e8s \u00e0 ces oeuvres sans pour autant que nous en cautionnions en aucune fa\u00e7on le contenu.\r\n\r\nPour plus d'informations, rendez-vous sur www.hachettebnf.fr","authors":["Salmon William"],"category_codes":["9000000","9080000"],"visuals":{"large":"https:\/\/images.epagine.fr\/273\/9782012526273_1_75.jpg","medium":"https:\/\/images.epagine.fr\/273\/9782012526273_1_m.jpg","thumbnail":"https:\/\/images.epagine.fr\/273\/9782012526273_1_v.jpg"},"orderable":true,"show_badge":true,"formatted_price":"33,40&nbsp;\u20ac","formatted_published_date":"1er juin 2012","publisher_availability_label":"Sur commande","short_details":"Salmon William \u2014 Hachette BNF","translator":null,"weight":836,"page_count":603,"readership":null,"editor":"Hachette BNF","price":3340,"published_date":"2012-05-31T22:00:00.000000Z","support":"Grand format","publisher_availability":1,"stock":0,"editions":[],"url":"https:\/\/quaidesbrumes.com\/ouvrage\/9782012526273\/bibliotheque-des-philosophes-chimiques-tome-4-ed1740-1754"},{"id":"9782012789883","title":"La crise de la famille","description":"Quel parcours depuis la Famille 1945, respect\u00e9e de tous et aid\u00e9e par l'Etat, jusqu'au PACS 1999 ! Au cours d'une histoire mouvement\u00e9e, on voit que plus le pays s'enrichit, moins on fait d'enfants, moins on se marie, plus on se s\u00e9pare.\r\nLes lois peinent \u00e0 suivre les moeurs. Les prestations de l'Etat s'amenuisent. Lib\u00e9ration des femmes, \u00e9mancipation des adolescents, effacement des p\u00e8res : le d\u00e9maillage familial affranchit les individus. Mais \u00e0 l'aube du XXIe si\u00e8cle, il appara\u00eet que les enfants n'ont plus de rep\u00e8res, et que chacun aspire \u00e0 trouver parmi les siens une solidarit\u00e9 chaleureuse et durable. La famille aurait-elle de l'avenir ? Une d\u00e9monstration tr\u00e8s document\u00e9e qui bouscule les id\u00e9es re\u00e7ues.\r","authors":["Sullerot-E"],"category_codes":["9000000","9080000","9080200","9080204"],"visuals":{"large":"https:\/\/images.epagine.fr\/883\/9782012789883_1_75.jpg","medium":"https:\/\/images.epagine.fr\/883\/9782012789883_1_m.jpg","thumbnail":"https:\/\/images.epagine.fr\/883\/9782012789883_1_v.jpg"},"orderable":true,"show_badge":true,"formatted_price":"8,50&nbsp;\u20ac","formatted_published_date":"5 avril 2000","publisher_availability_label":"Sur commande","short_details":"Sullerot-E \u2014 Pluriel","translator":null,"weight":242,"page_count":null,"readership":null,"editor":"Pluriel","price":850,"published_date":"2000-04-04T22:00:00.000000Z","support":"Poche","publisher_availability":1,"stock":0,"editions":[],"url":"https:\/\/quaidesbrumes.com\/ouvrage\/9782012789883\/la-crise-de-la-famille"},{"id":"9782910814441","title":"Europe litterature philosophie n849\/850","description":"Recherche 9782910814441\r","authors":["Anonyme"],"category_codes":["9000000","9080000"],"visuals":{"large":"https:\/\/quaidesbrumes.com\/img\/book-placeholder.png","medium":"https:\/\/quaidesbrumes.com\/img\/book-placeholder.png","thumbnail":"https:\/\/quaidesbrumes.com\/img\/book-placeholder.png"},"orderable":true,"show_badge":true,"formatted_price":"18,30&nbsp;\u20ac","formatted_published_date":"12 janvier 2000","publisher_availability_label":"Sur commande","short_details":"Anonyme \u2014 Revue Europe","translator":null,"weight":445,"page_count":null,"readership":null,"editor":"Revue Europe","price":1830,"published_date":"2000-01-11T23:00:00.000000Z","support":"Revue","publisher_availability":1,"stock":0,"editions":[],"url":"https:\/\/quaidesbrumes.com\/ouvrage\/9782910814441\/europe-litterature-philosophie-n849850"},{"id":"9782747509350","title":"Les grandes figures du monde moderne","description":"Cet ouvrage raconte un grand r\u00e9cit : celui des faits, des institutions sociales et politiques, des grandes figures de la pens\u00e9e, de l'art, des lettres, de la science et de la technique qui ont constitu\u00e9 le monde moderne. Davantage synth\u00e8se qu'analyse, il guidera \" l'honn\u00eate homme \" contemporain dans ce beau voyage intellectuel, de la Renaissance \u00e0 la R\u00e9volution. Un CD-Rom interactif avec les illustrations en couleurs, et une bibliographie d'hyperliens Internet viennent enrichir cet ouvrage \u00e0 la fois classique et pionnier.","authors":["Boulad-Ayoud"],"category_codes":["9000000","9080000"],"visuals":{"large":"https:\/\/images.epagine.fr\/350\/9782747509350_1_75.jpg","medium":"https:\/\/images.epagine.fr\/350\/9782747509350_1_m.jpg","thumbnail":"https:\/\/images.epagine.fr\/350\/9782747509350_1_v.jpg"},"orderable":true,"show_badge":true,"formatted_price":"48,50&nbsp;\u20ac","formatted_published_date":"1er novembre 2003","publisher_availability_label":"Sur commande","short_details":"Boulad-Ayoud \u2014 \u00c9ditions L'Harmattan","translator":null,"weight":870,"page_count":584,"readership":null,"editor":"\u00c9ditions L'Harmattan","price":4850,"published_date":"2003-10-31T23:00:00.000000Z","support":"Grand format","publisher_availability":1,"stock":0,"editions":[],"url":"https:\/\/quaidesbrumes.com\/ouvrage\/9782747509350\/les-grandes-figures-du-monde-moderne"},{"id":"9782011856272","title":"Essais de morale et de critique","description":"Essais de morale et de critique \/ par Ernest Renan,...\r\nDate de l'\u00e9dition originale : 1859\r\n\r\nLe pr\u00e9sent ouvrage s'inscrit dans une politique de conservation patrimoniale des ouvrages de la litt\u00e9rature Fran\u00e7aise mise en place avec la BNF.\r\nHACHETTE LIVRE et la BNF proposent ainsi un catalogue de titres indisponibles, la BNF ayant num\u00e9ris\u00e9 ces oeuvres et HACHETTE LIVRE les imprimant \u00e0 la demande.\r\nCertains de ces ouvrages refl\u00e8tent des courants de pens\u00e9e caract\u00e9ristiques de leur \u00e9poque, mais qui seraient aujourd'hui jug\u00e9s condamnables.\r\nIls n'en appartiennent pas moins \u00e0 l'histoire des id\u00e9es en France et sont susceptibles de pr\u00e9senter un int\u00e9r\u00eat scientifique ou historique.\r\nLe sens de notre d\u00e9marche \u00e9ditoriale consiste ainsi \u00e0 permettre l'acc\u00e8s \u00e0 ces oeuvres sans pour autant que nous en cautionnions en aucune fa\u00e7on le contenu.\r\n\r\nPour plus d'informations, rendez-vous sur www.hachettebnf.fr","authors":["Ernest Renan"],"category_codes":["9000000","9080000"],"visuals":{"large":"https:\/\/images.epagine.fr\/272\/9782011856272_1_75.jpg","medium":"https:\/\/images.epagine.fr\/272\/9782011856272_1_m.jpg","thumbnail":"https:\/\/images.epagine.fr\/272\/9782011856272_1_v.jpg"},"orderable":true,"show_badge":true,"formatted_price":"30,50&nbsp;\u20ac","formatted_published_date":"1er avril 2013","publisher_availability_label":"Sur commande","short_details":"Ernest Renan \u2014 Hachette BNF","translator":null,"weight":695,"page_count":498,"readership":null,"editor":"Hachette BNF","price":3050,"published_date":"2013-03-31T22:00:00.000000Z","support":"Grand format","publisher_availability":1,"stock":0,"editions":[],"url":"https:\/\/quaidesbrumes.com\/ouvrage\/9782011856272\/essais-de-morale-et-de-critique"},{"id":"9782738499912","title":"L'ESTHETIQUE","description":"Comme tout grand syst\u00e8me, L'esth\u00e9tique de Tudor Vianu est \u00e0 la fois un vaste ouvrage d'information et de synth\u00e8se, o\u00f9 l'ambition de l'auteur, appuy\u00e9e par une culture encyclop\u00e9dique et un pr\u00e9paration philosophique des plus compl\u00e8tes, embrasse dans un seul regard l'ensemble du domaine esth\u00e9tique.\r","authors":["Tudor Vianu"],"category_codes":["9000000","9080000"],"visuals":{"large":"https:\/\/images.epagine.fr\/912\/9782738499912_1_75.jpg","medium":"https:\/\/images.epagine.fr\/912\/9782738499912_1_m.jpg","thumbnail":"https:\/\/images.epagine.fr\/912\/9782738499912_1_v.jpg"},"orderable":true,"show_badge":true,"formatted_price":"43,50&nbsp;\u20ac","formatted_published_date":"1er janvier 2001","publisher_availability_label":"Sur commande","short_details":"Tudor Vianu \u2014 \u00c9ditions L'Harmattan","translator":null,"weight":660,"page_count":488,"readership":null,"editor":"\u00c9ditions L'Harmattan","price":4350,"published_date":"2000-12-31T23:00:00.000000Z","support":"Grand format","publisher_availability":1,"stock":0,"editions":[],"url":"https:\/\/quaidesbrumes.com\/ouvrage\/9782738499912\/lesthetique"},{"id":"9782845191181","title":"L'art d'arriver au vrai","description":"V\u00e9ritable manuel de psychologie humaine et de logique pour apprendre \u00e0 \u00e9duquer son jugement. Conforme \u00e0 la 4303 thomiste.\r","authors":["Jacques Balmes"],"category_codes":["9000000","9080000"],"visuals":{"large":"https:\/\/images.epagine.fr\/181\/9782845191181_1_75.jpg","medium":"https:\/\/images.epagine.fr\/181\/9782845191181_1_m.jpg","thumbnail":"https:\/\/images.epagine.fr\/181\/9782845191181_1_v.jpg"},"orderable":true,"show_badge":true,"formatted_price":"18,00&nbsp;\u20ac","formatted_published_date":"8 juin 2015","publisher_availability_label":"Sur commande","short_details":"Jacques Balmes \u2014 Saint-Remi","translator":null,"weight":0,"page_count":298,"readership":null,"editor":"Saint-Remi","price":1800,"published_date":"2015-06-07T22:00:00.000000Z","support":"Grand format","publisher_availability":1,"stock":0,"editions":[],"url":"https:\/\/quaidesbrumes.com\/ouvrage\/9782845191181\/lart-darriver-au-vrai"},{"id":"9782705657932","title":"Philosophie et math\u00e9matique Tome 2","description":"L'id\u00e9e de la premi\u00e8re \u00e9dition scientifique et critique des OEuvres compl\u00e8tes de Diderot est n\u00e9e en 1958, lors de l'acquisition par la Biblioth\u00e8que nationale du fonds Vandeul. Ce riche ensemble de manuscrits provenant de la fille de Diderot, rest\u00e9 presque inexploit\u00e9, fut sauv\u00e9 par Herbert Dieckmann, professeur \u00e0 l'universit\u00e9 de Harvard. Aucun \u00e9diteur fran\u00e7ais n'ayant manifest\u00e9 d'int\u00e9r\u00eat pour une entreprise d'une telle envergure, Julien Cain, alors directeur des Biblioth\u00e8ques de France, fit appel \u00e0 Pierre B\u00e9r\u00e8s pour cr\u00e9er, en 1964, un Comit\u00e9 national d'\u00e9dition des oeuvres de Diderot o\u00f9 figuraient Andr\u00e9 Chastel, Herbert Dieckmann, Jean Fabre, Ren\u00e9 Pomeau, Jean Pommier, Ga\u00ebtan Picon et Jean Seznec. Une \u00e9quipe internationale fut constitu\u00e9e sous l'impulsion d'Herbert Dieckmann et de Jean Fabre, r\u00e9unissant plus de soixante sp\u00e9cialistes, chercheurs et universitaires fran\u00e7ais, am\u00e9ricains, italiens, allemands, danois, etc.\r\n \r\nEn 1975 parurent les trois premiers volumes des OEuvres compl\u00e8tes, d\u00e9sign\u00e9es d\u00e9sormais sous le sigle DPV du nom des membres fondateurs du Comit\u00e9 de publication : Herbert Dieckmann, Jacques Proust et Jean Varloot.\r\nApr\u00e8s la publication du tome XX, l'\u00e9dition connut des ann\u00e9es difficiles dues, pour l'essentiel, aux probl\u00e8mes particuli\u00e8rement ardus pos\u00e9s par les oeuvres de la derni\u00e8re p\u00e9riode. Leur r\u00e9solution doit beaucoup \u00e0 la mise en place d'un nouveau comit\u00e9 r\u00e9unissant des chercheurs qui ont une responsabilit\u00e9 directe dans les volumes \u00e0 para\u00eetre : Roland Mortier, Bertrand Binoche, Geroges Dulac, Gianluigi Goggi, Sergue\u00ef Karp et Didier Kahn. La relance de l'\u00e9dition se manifeste par la publication, \u00e0 l'automne 2004, du tome XXIV, pr\u00e9lude \u00e0 celle des derniers volumes pr\u00e9vus dans toutes les ann\u00e9es suivantes.\r\n \r\n\u00c9tablie \u00e0 partir des manuscrits, des premi\u00e8res \u00e9ditions et des r\u00e9visions de l'auteur, l'\u00e9dition des OEuvres compl\u00e8tes r\u00e9unit, pour chaque oeuvre, les diff\u00e9rentes \u00e9tapes de la r\u00e9flexion de Diderot et le meilleur texte. Un important appareil critique de variantes et d'\u00e9lucidations fournit les donn\u00e9es indispensables \u00e0 l'\u00e9tude. Le plan g\u00e9n\u00e9ral adopt\u00e9 pr\u00e9sente l'oeuvre dans son ordre chronologique, au sein duquel sont introduits quelques groupements originaux qui \u00e9clairent la continuit\u00e9 des th\u00e8mes du philosophe et de l'\u00e9crivain : id\u00e9es, fiction, critique, beaux-arts, encylop\u00e9die. Pour faciliter la lecture, l'orthographe a \u00e9t\u00e9 modernis\u00e9e.\r\n \r\nLa collection comporte trente-trois volumes, imprim\u00e9s sur papier v\u00e9lin en monotype Bembo et reli\u00e9s en toile sous rhodo\u00efd, avec tranchefile et t\u00eate dor\u00e9e. Le tirage est strictement limit\u00e9 \u00e0 deux mille exemplaires. Les volumes sont vendus soit sous forme de souscription \u00e0 la collection compl\u00e8te, soit \u00e0 l'unit\u00e9.","authors":["Denis Diderot"],"category_codes":["9000000","9080000","9080200","9080204"],"visuals":{"large":"https:\/\/images.epagine.fr\/932\/9782705657932_1_75.jpg","medium":"https:\/\/images.epagine.fr\/932\/9782705657932_1_m.jpg","thumbnail":"https:\/\/images.epagine.fr\/932\/9782705657932_1_v.jpg"},"orderable":true,"show_badge":true,"formatted_price":"250,00&nbsp;\u20ac","formatted_published_date":"7 novembre 2003","publisher_availability_label":"Sur commande","short_details":"Denis Diderot \u2014 Hermann","translator":null,"weight":1266,"page_count":482,"readership":null,"editor":"Hermann","price":25000,"published_date":"2003-11-06T23:00:00.000000Z","support":"Grand format","publisher_availability":1,"stock":0,"editions":[],"url":"https:\/\/quaidesbrumes.com\/ouvrage\/9782705657932\/philosophie-et-mathematique-tome-2"},{"id":"9782213603735","title":"Corps - quel defi pour la personne ?","description":"Du corps, il n'en aura jamais \u00e9t\u00e9 autant question qu'en cette aurore du troisi\u00e8me mill\u00e9naire. nos soci\u00e9t\u00e9s, en proie \u00e0 des mutations radicales, sont travaill\u00e9es par la qu\u00eate de nouveaux modes de vie. les avanc\u00e9es techniques rendent possible ce qui, jusque l\u00e0, n'\u00e9tait que de l'ordre du r\u00eave...en d\u00e9finitive, tout finit par converger vers le corps de l'homme devenu le centre d'enjeux \u00e9thiques, m\u00e9dicaux, politiques et culturels d\u00e9terminants.\r\n\r\nCe corps, qu'est-il appel\u00e9 \u00e0 devenir ? mais au fait, qu'est-il donc ? pourquoi le corps ?\r\n\r\nC'est \u00e0 une telle recherche qu'invite ce livre. en suivant le fil d'ariane du corps, il nous conduit au coeur de ce qu'il faut bien appeler le \"myst\u00e8re\" de la mati\u00e8re. peut-on red\u00e9couvrir la distinction de l'\u00e2me et du corps, de l'esprit et de la mati\u00e8re ? l\u00e0 est le passage oblig\u00e9 pour pointer la vraie finalit\u00e9 de la personne humaine. alors s'ouvre le chemin vers le plein accomplissement de l'homme. la mati\u00e8re vient d\u00e8s lors incarner l'amour v\u00e9cu jusqu'au bout.\r\n\r\nPascal haegel est docteur en m\u00e9decine et en philosophie. pr\u00eatre de la communaut\u00e9 saint-jean, il se consacre \u00e0 une activit\u00e9 d'enseignement et de formation tant dans le domaine philosophioque que th\u00e9ologique ainsi qu'\u00e0 un minist\u00e8re de pr\u00e9dication.\r","authors":["Haegel Pascal"],"category_codes":["9000000","9080000","9080200","9080204"],"visuals":{"large":"https:\/\/images.epagine.fr\/735\/9782213603735_1_75.jpg","medium":"https:\/\/images.epagine.fr\/735\/9782213603735_1_m.jpg","thumbnail":"https:\/\/images.epagine.fr\/735\/9782213603735_1_v.jpg"},"orderable":true,"show_badge":true,"formatted_price":"23,00&nbsp;\u20ac","formatted_published_date":"12 mai 1999","publisher_availability_label":"Sur commande","short_details":"Haegel Pascal \u2014 Jubile - Le Sarment Editions","translator":null,"weight":610,"page_count":null,"readership":null,"editor":"Jubile - Le Sarment Editions","price":2300,"published_date":"1999-05-11T22:00:00.000000Z","support":"Grand format","publisher_availability":1,"stock":0,"editions":[],"url":"https:\/\/quaidesbrumes.com\/ouvrage\/9782213603735\/corps-quel-defi-pour-la-personne"},{"id":"9782738480477","title":"De l'activit\u00e9 \u00e9valuative \u00e0 l'acte d'\u00e9valuation","description":"Les syst\u00e8mes d'\u00e9valuation reposent actuellement sur le caract\u00e8re irr\u00e9versible d'une sanction appr\u00e9ci\u00e9e comme une sentence. Une autre d\u00e9marche est possible si l'on consid\u00e8re le sujet comme producteur authentique des informations sur sa propre comp\u00e9tence. Pour \u00eatre valid\u00e9, c'est-\u00e0-dire accept\u00e9 et acceptable, l'acte d'\u00e9valuation doit impliquer cette relation communicationnelle jamais d\u00e9finitive.\r","authors":["Patrick Chardenet"],"category_codes":["9000000","9080000","9080200","9080204"],"visuals":{"large":"https:\/\/images.epagine.fr\/477\/9782738480477_1_75.jpg","medium":"https:\/\/images.epagine.fr\/477\/9782738480477_1_m.jpg","thumbnail":"https:\/\/images.epagine.fr\/477\/9782738480477_1_v.jpg"},"orderable":true,"show_badge":true,"formatted_price":"18,00&nbsp;\u20ac","formatted_published_date":"3 mai 2000","publisher_availability_label":"Sur commande","short_details":"Patrick Chardenet \u2014 \u00c9ditions L'Harmattan","translator":null,"weight":244,"page_count":160,"readership":null,"editor":"\u00c9ditions L'Harmattan","price":1800,"published_date":"2000-05-02T22:00:00.000000Z","support":"Grand format","publisher_availability":1,"stock":0,"editions":[],"url":"https:\/\/quaidesbrumes.com\/ouvrage\/9782738480477\/de-lactivite-evaluative-a-lacte-devaluation"},{"id":"9782738480323","title":"Entre Hegel et Marx ; points cruciaux de la philosophie Hegelienne du droit","description":"A ceux qui affirment qu'il n'y a pas de r\u00e9flexion marxienne sur le politique, les auteurs rappellent ce commencement de l'itin\u00e9raire critique de Marx qu'est la Critique du Droit Politique H\u00e9g\u00e9lien, examen pol\u00e9mique minutieux des paragraphes des Principes de la Philosophie du Droit de Hegel qui concerne pr\u00e9cis\u00e9ment la Constitution politique. Loin de consid\u00e9rer ce travail comme une oeuvre de jeunesse, n\u00e9gligeable, dont la faiblesse des assauts vient seulement grandir \u00e0 nouveau l'audace r\u00e9volutionnaire des analyses h\u00e9g\u00e9liennes de la Philosophie du droit, les auteurs ont voulu en souligner l'int\u00e9r\u00eat et la pertinence.","authors":["Solange Marcier-josa"],"category_codes":["9000000","9080000","9080200","9080204"],"visuals":{"large":"https:\/\/images.epagine.fr\/323\/9782738480323_1_75.jpg","medium":"https:\/\/images.epagine.fr\/323\/9782738480323_1_m.jpg","thumbnail":"https:\/\/images.epagine.fr\/323\/9782738480323_1_v.jpg"},"orderable":true,"show_badge":true,"formatted_price":"27,50&nbsp;\u20ac","formatted_published_date":"3 mai 2000","publisher_availability_label":"Sur commande","short_details":"Solange Marcier-josa \u2014 \u00c9ditions L'Harmattan","translator":null,"weight":366,"page_count":302,"readership":null,"editor":"\u00c9ditions L'Harmattan","price":2750,"published_date":"2000-05-02T22:00:00.000000Z","support":"Grand format","publisher_availability":1,"stock":0,"editions":[],"url":"https:\/\/quaidesbrumes.com\/ouvrage\/9782738480323\/entre-hegel-et-marx-points-cruciaux-de-la-philosophie-hegelienne-du-droit"},{"id":"9782738482129","title":"L'espace Marguerite ; empreintes d'enfance","description":"(R\u00e9cit)L'espace Marguerite est un lieu affectif, une n\u00e9buleuse de sentiments, dont l'expansion, par la venue d'une fille, puis de deux, s'organise autour de la conjonction de figures filiales ou maternelles. Quatre femmes, donc, engendrent ce domaine qu'elles habitent, o\u00f9 se fabriquent leurs attaches, leurs attachements, que l'auteur s'efforce de reconstruire par un travail de m\u00e9moire. Cette fiction passe par des r\u00e9miniscences, des r\u00eaveries, des associations libres et la lecture de vestiges familiaux.\r","authors":["Andr\u00e9e May"],"category_codes":["9000000","9080000","9080200","9080204"],"visuals":{"large":"https:\/\/images.epagine.fr\/129\/9782738482129_1_75.jpg","medium":"https:\/\/images.epagine.fr\/129\/9782738482129_1_m.jpg","thumbnail":"https:\/\/images.epagine.fr\/129\/9782738482129_1_v.jpg"},"orderable":true,"show_badge":true,"formatted_price":"12,00&nbsp;\u20ac","formatted_published_date":"1er septembre 1999","publisher_availability_label":"Sur commande","short_details":"Andr\u00e9e May \u2014 \u00c9ditions L'Harmattan","translator":null,"weight":184,"page_count":124,"readership":null,"editor":"\u00c9ditions L'Harmattan","price":1200,"published_date":"1999-08-31T22:00:00.000000Z","support":"Grand format","publisher_availability":1,"stock":0,"editions":[],"url":"https:\/\/quaidesbrumes.com\/ouvrage\/9782738482129\/lespace-marguerite-empreintes-denfance"},{"id":"9782738479891","title":"Le mouvement logique de l'opinion publique","description":"Nous avons saisi dans la logique de l'opinion publique la cat\u00e9gorie de contradiction comme force dialectique qui anime et r\u00e9alise la m\u00e9diation de l'opinion publique. La recherche sur la d\u00e9termination de la contradiction en sa forme logique nous a amen\u00e9s \u00e0 suivre les trois grands moments de la \" Logique \" - l'\u00catre, l'Essence et le Concept - afin de saisir la particularit\u00e9 contradictoire qui la compose. En m\u00eame temps le mouvement logique s'articule autour de l'exposition des figures du ph\u00e9nom\u00e8ne de communication dialectique entre le priv\u00e9 et le public.\r","authors":["Agemir Bavaresco"],"category_codes":["9000000","9080000"],"visuals":{"large":"https:\/\/images.epagine.fr\/891\/9782738479891_1_75.jpg","medium":"https:\/\/images.epagine.fr\/891\/9782738479891_1_m.jpg","thumbnail":"https:\/\/images.epagine.fr\/891\/9782738479891_1_v.jpg"},"orderable":true,"show_badge":true,"formatted_price":"21,00&nbsp;\u20ac","formatted_published_date":"3 mai 2000","publisher_availability_label":"Sur commande","short_details":"Agemir Bavaresco \u2014 \u00c9ditions L'Harmattan","translator":null,"weight":278,"page_count":null,"readership":null,"editor":"\u00c9ditions L'Harmattan","price":2100,"published_date":"2000-05-02T22:00:00.000000Z","support":"Grand format","publisher_availability":1,"stock":0,"editions":[],"url":"https:\/\/quaidesbrumes.com\/ouvrage\/9782738479891\/le-mouvement-logique-de-lopinion-publique"},{"id":"9782738461964","title":"\u00eatre et justice chez Aristote","description":null,"authors":["Nicolas K. Angelis"],"category_codes":["9000000","9080000","9080200","9080204"],"visuals":{"large":"https:\/\/images.epagine.fr\/964\/9782738461964_1_75.jpg","medium":"https:\/\/images.epagine.fr\/964\/9782738461964_1_m.jpg","thumbnail":"https:\/\/images.epagine.fr\/964\/9782738461964_1_v.jpg"},"orderable":true,"show_badge":true,"formatted_price":"46,25&nbsp;\u20ac","formatted_published_date":"24 septembre 1999","publisher_availability_label":"Sur commande","short_details":"Nicolas K. Angelis \u2014 \u00c9ditions L'Harmattan","translator":null,"weight":950,"page_count":null,"readership":null,"editor":"\u00c9ditions L'Harmattan","price":4625,"published_date":"1999-09-23T22:00:00.000000Z","support":"Grand format","publisher_availability":1,"stock":0,"editions":[],"url":"https:\/\/quaidesbrumes.com\/ouvrage\/9782738461964\/etre-et-justice-chez-aristote"},{"id":"9782738482310","title":"Platon et la m\u00e9decine : Le corps affaibli et l'\u00e2me attrist\u00e9e","description":"Platon traite de la m\u00e9decine examinant tour \u00e0 tour la maladie et la sant\u00e9, le diagnostic et le traitement, les sympt\u00f4mes et la gu\u00e9rison. Loin de confirmer que la pens\u00e9e platonicienne ait pu faire obstacle \u00e0 la pens\u00e9e scientifique, ces constantes interrogations sont une condition fondamentale de l'\u00e9laboration de la science.","authors":["Jean Lombard"],"category_codes":["9000000","9120000","9120200"],"visuals":{"large":"https:\/\/images.epagine.fr\/310\/9782738482310_1_75.jpg","medium":"https:\/\/images.epagine.fr\/310\/9782738482310_1_m.jpg","thumbnail":"https:\/\/images.epagine.fr\/310\/9782738482310_1_v.jpg"},"orderable":true,"show_badge":true,"formatted_price":"14,50&nbsp;\u20ac","formatted_published_date":"3 mai 2000","publisher_availability_label":"Sur commande","short_details":"Jean Lombard \u2014 \u00c9ditions L'Harmattan","translator":null,"weight":204,"page_count":150,"readership":null,"editor":"\u00c9ditions L'Harmattan","price":1450,"published_date":"2000-05-02T22:00:00.000000Z","support":"Grand format","publisher_availability":1,"stock":0,"editions":[],"url":"https:\/\/quaidesbrumes.com\/ouvrage\/9782738482310\/platon-et-la-medecine-le-corps-affaibli-et-lame-attristee"},{"id":"9782738482600","title":"Praxeologie (une) de la modernite","description":"Ce livre s'attache au d\u00e9bat philosophique concernant la contextualit\u00e9 et l'universalit\u00e9 d'une raison discursive. Il a pour objet la rationalit\u00e9 pragmatique moderne. Sa dimension discursive est celle d'une critique mutuelle entre la prax\u00e9ologie contextuelle et la pragmatique universelle. Il est con\u00e7u dans la perspective du \" tournant pragmatico-linguistique \" et il est orient\u00e9 vers l'\u00e9tude de cas particuliers, souvent en usant d'arguments par l'absurde. Il a pour but d'\u00e9laborer une conception am\u00e9lior\u00e9e d'une rationalit\u00e9 pragmatique en situation qui soit universellement valable.\r","authors":["Gunnar Skirbekk"],"category_codes":["9000000","9080000"],"visuals":{"large":"https:\/\/images.epagine.fr\/600\/9782738482600_1_75.jpg","medium":"https:\/\/images.epagine.fr\/600\/9782738482600_1_m.jpg","thumbnail":"https:\/\/images.epagine.fr\/600\/9782738482600_1_v.jpg"},"orderable":true,"show_badge":true,"formatted_price":"40,00&nbsp;\u20ac","formatted_published_date":"3 mai 2000","publisher_availability_label":"Sur commande","short_details":"Gunnar Skirbekk \u2014 \u00c9ditions L'Harmattan","translator":null,"weight":442,"page_count":null,"readership":null,"editor":"\u00c9ditions L'Harmattan","price":4000,"published_date":"2000-05-02T22:00:00.000000Z","support":"Grand format","publisher_availability":1,"stock":0,"editions":[],"url":"https:\/\/quaidesbrumes.com\/ouvrage\/9782738482600\/praxeologie-une-de-la-modernite"},{"id":"9782738482853","title":"Pr\u00e9sences du mat\u00e9rialisme ; colloque de Cerisy","description":"Comment se manifeste le questionnement mat\u00e9rialiste ? Quels peuvent \u00eatre les limites et le sens de cet enjeu ? De l'h\u00e9ritage grec et chinois aux postures de l'\u00e9pist\u00e9mologie contemporaine, cette rencontre interdisciplinaire a crois\u00e9 traditions clandestines, \u00e9critures philosophiques et regards anthropologiques : Lucr\u00e8ce, Sade et Bataille, mais aussi pens\u00e9e m\u00e9di\u00e9vale, esth\u00e9tique des Lumi\u00e8res, figures du marxisme, projet de la philosophie r\u00e9flexive, trajectoire d'un luxum, critique derridienne\r","authors":["Collectif"],"category_codes":["9000000","9080000","9080200","9080204"],"visuals":{"large":"https:\/\/images.epagine.fr\/853\/9782738482853_1_75.jpg","medium":"https:\/\/images.epagine.fr\/853\/9782738482853_1_m.jpg","thumbnail":"https:\/\/images.epagine.fr\/853\/9782738482853_1_v.jpg"},"orderable":true,"show_badge":true,"formatted_price":"24,00&nbsp;\u20ac","formatted_published_date":"3 mai 2000","publisher_availability_label":"Sur commande","short_details":"Collectif \u2014 \u00c9ditions L'Harmattan","translator":null,"weight":338,"page_count":262,"readership":null,"editor":"\u00c9ditions L'Harmattan","price":2400,"published_date":"2000-05-02T22:00:00.000000Z","support":"Grand format","publisher_availability":1,"stock":0,"editions":[],"url":"https:\/\/quaidesbrumes.com\/ouvrage\/9782738482853\/presences-du-materialisme-colloque-de-cerisy"},{"id":"9782200250850","title":"Nietzsche","description":"La philosophie de Nietzsche, penseur de l'esprit de la trag\u00e9die, nous invite \u00e0 une r\u00e9flexion cr\u00e9pusculaire sur l'id\u00e9e de d\u00e9cadence solidaire d'une conception nihiliste de l'homme et de la soci\u00e9t\u00e9. Si Dieu est mort, que reste-t-il \u00e0 l'homme priv\u00e9 de tout recours ?Cet ouvrage :\u00b7 d\u00e9gage les concepts essentiels \u00e0 la compr\u00e9hension d'une pens\u00e9e souvent paradoxale ;\u00b7 analyse les cons\u00e9quences de la mort de Dieu ;\u00b7 interroge les conceptions \u00e9thiques, esth\u00e9tiques et politiques de Nietzsche ;\u00b7 propose une interpr\u00e9tation du tragique indissociable d'un gai savoir  ;\u00b7 esquisse une r\u00e9flexion sur la pr\u00e9sence de Nietzsche dans la philosophie et dans les arts contemporains.Vladimir Biaggi, agr\u00e9g\u00e9 de philosophie, enseigne au lyc\u00e9e Paul-Langevin \u00e0 Martigues et est responsable de la formation des professeurs de philosophie \u00e0 Aix-en-Provence. Il a r\u00e9cemment publi\u00e9 Maupassant au salon (Balland) et Le Nihilisme (GF-Flammarion).\r\nL'acc\u00e8s \u00e0 l'oeuvre. La vie de Nietzsche. De la valeur des anecdotes. Une philosophie critique. Que pouvons-nous apprendre des Grecs ? La critique du socratisme. La critique de la m\u00e9taphysique. La force du n\u00e9gatif. Les maladies de la civilisation. Expressions du ressentiment. Dieu est mort ! Une philosophie de l'affirmation. Les formes du nihilisme. La volont\u00e9 de puissance. L'\u00e9ternel retour. Une philosophie de la cr\u00e9ation. Une pens\u00e9e de la libert\u00e9.","authors":["Vladimir Biaggi"],"category_codes":["9000000","9080000"],"visuals":{"large":"https:\/\/images.epagine.fr\/850\/9782200250850_1_75.jpg","medium":"https:\/\/images.epagine.fr\/850\/9782200250850_1_m.jpg","thumbnail":"https:\/\/images.epagine.fr\/850\/9782200250850_1_v.jpg"},"orderable":true,"show_badge":true,"formatted_price":"12,80&nbsp;\u20ac","formatted_published_date":"1er octobre 1999","publisher_availability_label":"Sur commande","short_details":"Vladimir Biaggi \u2014 Armand Colin","translator":null,"weight":98,"page_count":96,"readership":null,"editor":"Armand Colin","price":1280,"published_date":"1999-09-30T22:00:00.000000Z","support":"Grand format","publisher_availability":1,"stock":0,"editions":[],"url":"https:\/\/quaidesbrumes.com\/ouvrage\/9782200250850\/nietzsche"},{"id":"9782200219109","title":"Aristote","description":"Cette \u00e9tude met en lumi\u00e8re l'inventivit\u00e9, l'unit\u00e9, l'actualit\u00e9 d'Aristote :\u00b7 l'inventivit\u00e9 se marque par la construction de concepts nouveaux, la production de sciences in\u00e9dites ou la clarification d\u00e9cisive de sciences existantes, l'inauguration de m\u00e9thodes ;\u00b7 l'unit\u00e9 parut longtemps comme celle d'un syst\u00e8me qui reliait toutes les sciences \u00e0 un principe premier, et l\u00e9gitimait les in\u00e9galit\u00e9s sociales par les hi\u00e9rarchies cosmiques ;\u00b7 l'actualit\u00e9 tient \u00e0 la port\u00e9e anthropologique des analyses dont les fils multiples se conjuguent pour tisser le visage de l'homme accompli.Fran\u00e7ois Stirn, agr\u00e9g\u00e9 de philosophie, a d\u00e9j\u00e0 publi\u00e9 dans la collection Synth\u00e8se Les grands penseurs contemporains et, en collaboration avec Herv\u00e9 Vautrelle, Lexique de philosophie.\r\nVie et oeuvre d'Aristote. Br\u00e8ve biographie. L'oeuvre. Les sciences th\u00e9oriques. Vis\u00e9es et d\u00e9marches des sciences. Le syst\u00e8me du savoir. Limites du savoir. Les conditions de l'action. L'\u00e9thique. L'activit\u00e9 politique. Les conditions de la production. Dialectique et rh\u00e9torique. La cr\u00e9ation artistique. L'\u00e9ducation. L'aristot\u00e9lisme. Lectures plurielles. Une destin\u00e9e paradoxale. Un nouvel int\u00e9r\u00eat pour Aristote.","authors":["Stirn"],"category_codes":["9000000","9080000","9080200"],"visuals":{"large":"https:\/\/images.epagine.fr\/109\/9782200219109_1_75.jpg","medium":"https:\/\/images.epagine.fr\/109\/9782200219109_1_m.jpg","thumbnail":"https:\/\/images.epagine.fr\/109\/9782200219109_1_v.jpg"},"orderable":true,"show_badge":true,"formatted_price":"13,00&nbsp;\u20ac","formatted_published_date":"14 octobre 1999","publisher_availability_label":"Sur commande","short_details":"Stirn \u2014 Armand Colin","translator":null,"weight":107,"page_count":96,"readership":null,"editor":"Armand Colin","price":1300,"published_date":"1999-10-13T22:00:00.000000Z","support":"Grand format","publisher_availability":1,"stock":0,"editions":[],"url":"https:\/\/quaidesbrumes.com\/ouvrage\/9782200219109\/aristote"},{"id":"9782738482914","title":"L'entr\u00e9e en philosophie ; les premiers mots","description":"L'homme est un \u00eatre de parole autant que de chair et de sang. Mais celui qui commence \u00e0 parler ne dispose pas de l'\u00e9v\u00e9nement qui l'introduit dans la pens\u00e9e, pas plus qu'il n'est ma\u00eetre de ses derniers mots, eux encore \u00e0 venir. Sans doute est-ce de bien des mani\u00e8res que nous pouvons les d\u00e9cliner, dans le d\u00e9sarroi comme dans l'\u00e9blouissement : l'existence bless\u00e9e ou combl\u00e9e appelle le verbe. Ce qui la blesse force \u00e0 penser, et ouvre bien des dimensions (ontologie, politique ou th\u00e9ologie). Ce qui la comble donne \u00e0 penser (l'oeuvre d'art, sous ses multiples formes).\r","authors":["J\u00e9r\u00f4me de Gramont"],"category_codes":["9000000","9080000","9080200","9080204"],"visuals":{"large":"https:\/\/images.epagine.fr\/914\/9782738482914_1_75.jpg","medium":"https:\/\/images.epagine.fr\/914\/9782738482914_1_m.jpg","thumbnail":"https:\/\/images.epagine.fr\/914\/9782738482914_1_v.jpg"},"orderable":true,"show_badge":true,"formatted_price":"26,00&nbsp;\u20ac","formatted_published_date":"3 mai 2000","publisher_availability_label":"Sur commande","short_details":"J\u00e9r\u00f4me de Gramont \u2014 \u00c9ditions L'Harmattan","translator":null,"weight":400,"page_count":284,"readership":null,"editor":"\u00c9ditions L'Harmattan","price":2600,"published_date":"2000-05-02T22:00:00.000000Z","support":"Grand format","publisher_availability":1,"stock":0,"editions":[],"url":"https:\/\/quaidesbrumes.com\/ouvrage\/9782738482914\/lentree-en-philosophie-les-premiers-mots"}]}