{"data":[{"id":"9782738482303","title":"\u00e9tudes de philosophie ancienne et de ph\u00e9nomenologie","description":"Ce troisi\u00e8me num\u00e9ro des Cahiers de philosophie (de Paris XII-Val-de-Marne) comporte deux parties bien distinctes : la partie antique est consacr\u00e9e \u00e0 la philosophie hell\u00e9nistique ainsi qu'au moyen et n\u00e9o-platonisme. La partie ph\u00e9nom\u00e9nologique atteste avec \u00e9clat la tr\u00e8s grande vigueur et l'extraordinaire diversit\u00e9 des recherches actuelles.\r","authors":["Fran\u00e7oise Dastur","Carlos L\u00e9vy"],"category_codes":["9000000","9080000","9080200","9080204"],"visuals":{"large":"https:\/\/images.epagine.fr\/303\/9782738482303_1_75.jpg","medium":"https:\/\/images.epagine.fr\/303\/9782738482303_1_m.jpg","thumbnail":"https:\/\/images.epagine.fr\/303\/9782738482303_1_v.jpg"},"orderable":true,"show_badge":true,"formatted_price":"41,50&nbsp;\u20ac","formatted_published_date":"3 mai 2000","publisher_availability_label":"Sur commande","short_details":"Fran\u00e7oise Dastur, Carlos L\u00e9vy \u2014 \u00c9ditions L'Harmattan","translator":null,"weight":600,"page_count":488,"readership":null,"editor":"\u00c9ditions L'Harmattan","price":4150,"published_date":"2000-05-02T22:00:00.000000Z","support":"Grand format","publisher_availability":1,"stock":0,"editions":[],"url":"https:\/\/quaidesbrumes.com\/ouvrage\/9782738482303\/etudes-de-philosophie-ancienne-et-de-phenomenologie"},{"id":"9782200267995","title":"Le langage","description":"Nouvelle pr\u00e9sentationApr\u00e8s un rappel des probl\u00e9matiques antiques relatives au logos, cet ouvrage pr\u00e9sente les th\u00e9ories modernes qui ont fait passer, au XXe si\u00e8cle, la pens\u00e9e d'une philosophie de la conscience \u00e0 une th\u00e9orie du langage. La linguistique (Saussure, Jakobson, Chomsky), la philosophie analytique (Wittgenstein, Austin, Searle), le courant herm\u00e9neutique (Ricoeur, Gadamer), mais aussi les analyses de Cassirer relatives aux formes symboliques, la pens\u00e9e de Merleau-Ponty et de Jaspers font l'objet d'expos\u00e9s susceptibles d'\u00eatre le point de d\u00e9part d'une r\u00e9flexion philosophique authentiquement moderne sur le langage.L'auteur montre en effet que, par-del\u00e0 les disciplines objectivantes qui s'attachent \u00e0 \u00e9lucider le m\u00e9canisme du langage, seule la philosophie peut nous fournir une compr\u00e9hension d'ensemble de la parole humaine. La parole vive qui mobilise activement le langage pour faire sens, signifier, n'est pas r\u00e9ductible \u00e0 ce que ces sciences nous disent : syst\u00e8me sonore, montage neurologique, mobilisation ing\u00e9nieuse de l'appareil laryng\u00e9. Elle est l'\u00e9l\u00e9ment fondateur de l'humanit\u00e9 comme esp\u00e8ce pensante, berceau de l'\u00e2me raisonnable, lieu de son incarnation, de son institution.On peut bien objectiver la parole parl\u00e9e, d\u00e9sert\u00e9e par celui qui lui a donn\u00e9 naissance, mais l'essence de la parole doit \u00eatre cherch\u00e9e dans ce que Merleau-Ponty appelle la parole parlante. La distanciation symbolique qu'elle effectue \u00e0 l'\u00e9gard du r\u00e9el pose une transcendance au coeur m\u00eame de l'immanence, constituant l'exp\u00e9rience humaine comme ouverture.France Farago, agr\u00e9g\u00e9e de philosophie, enseigne en Premi\u00e8re sup\u00e9rieure au lyc\u00e9e Chaptal \u00e0 Paris. Elle a d\u00e9j\u00e0 publi\u00e9 aux \u00c9ditions Armand Colin dans la collection Cursus L'art (1998), dans la collection Synth\u00e8se Les grands courants de la pens\u00e9e politique et Les grands courants de la pens\u00e9e antique (1998), et a collabor\u00e9 aux trois tomes de l'Histoire de la philosophie (1993-1997).Le langage dans la pens\u00e9e antique. L'appr\u00e9hension moderne du langage : la linguistique. Wittgenstein et la philosophie analytique. Formes symboliques, herm\u00e9neutique, histoire du discours. Les mots, les id\u00e9es et les choses. Signifier et d\u00e9signer le monde : l'\u00e9criture, la lecture et le silence. Langage humain, langage animal. Merleau-Ponty : une ph\u00e9nom\u00e9nologie du langage et une philosophie de l'incarnation. L'au-del\u00e0 du langage.","authors":["France Farago"],"category_codes":["9000000","9080000","9080200"],"visuals":{"large":"https:\/\/images.epagine.fr\/995\/9782200267995_1_75.jpg","medium":"https:\/\/images.epagine.fr\/995\/9782200267995_1_m.jpg","thumbnail":"https:\/\/images.epagine.fr\/995\/9782200267995_1_v.jpg"},"orderable":true,"show_badge":true,"formatted_price":"22,00&nbsp;\u20ac","formatted_published_date":"1er juillet 2004","publisher_availability_label":"Sur commande","short_details":"France Farago \u2014 Armand Colin","translator":null,"weight":277,"page_count":192,"readership":null,"editor":"Armand Colin","price":2200,"published_date":"2004-06-30T22:00:00.000000Z","support":"Grand format","publisher_availability":1,"stock":0,"editions":[],"url":"https:\/\/quaidesbrumes.com\/ouvrage\/9782200267995\/le-langage"},{"id":"9782011857224","title":"Pierre leroux","description":"Pierre Leroux \/ par Eug\u00e8ne de Mirecourt Date de l'\u00e9dition originale : 1858 Sujet de l'ouvrage : Leroux, Pierre (1797-1871) Collection : Les contemporains Ce livre est la reproduction fid\u00e8le d'une oeuvre publi\u00e9e avant 1920 et fait partie d'une collection de livres r\u00e9imprim\u00e9s \u00e0 la demande \u00e9dit\u00e9e par Hachette Livre, dans le cadre d'un partenariat avec la Biblioth\u00e8que nationale de France, offrant l'opportunit\u00e9 d'acc\u00e9der \u00e0 des ouvrages anciens et souvent rares issus des fonds patrimoniaux de la BnF.\r\nLes oeuvres faisant partie de cette collection ont \u00e9t\u00e9 num\u00e9ris\u00e9es par la BnF et sont pr\u00e9sentes sur Gallica, sa biblioth\u00e8que num\u00e9rique.\r\n\r\nEn entreprenant de redonner vie \u00e0 ces ouvrages au travers d'une collection de livres r\u00e9imprim\u00e9s \u00e0 la demande, nous leur donnons la possibilit\u00e9 de rencontrer un public \u00e9largi et participons \u00e0 la transmission de connaissances et de savoirs parfois difficilement accessibles.\r\nNous avons cherch\u00e9 \u00e0 concilier la reproduction fid\u00e8le d'un livre ancien \u00e0 partir de sa version num\u00e9ris\u00e9e avec le souci d'un confort de lecture optimal. Nous esp\u00e9rons que les ouvrages de cette nouvelle collection vous apporteront enti\u00e8re satisfaction.\r\n\r\nPour plus d'informations, rendez-vous sur www.hachettebnf.fr\r","authors":["Mirecourt Eugene"],"category_codes":["9000000","9080000"],"visuals":{"large":"https:\/\/images.epagine.fr\/224\/9782011857224_1_75.jpg","medium":"https:\/\/images.epagine.fr\/224\/9782011857224_1_m.jpg","thumbnail":"https:\/\/images.epagine.fr\/224\/9782011857224_1_v.jpg"},"orderable":true,"show_badge":true,"formatted_price":"14,90&nbsp;\u20ac","formatted_published_date":"1er avril 2013","publisher_availability_label":"Sur commande","short_details":"Mirecourt Eugene \u2014 Hachette BNF","translator":null,"weight":150,"page_count":null,"readership":null,"editor":"Hachette BNF","price":1490,"published_date":"2013-03-31T22:00:00.000000Z","support":"Grand format","publisher_availability":1,"stock":0,"editions":[],"url":"https:\/\/quaidesbrumes.com\/ouvrage\/9782011857224\/pierre-leroux"},{"id":"9782738482235","title":"Hegel et la mystique germanique","description":"Il s'agit ici d'analyse, le jugement que Hegel porte sur la mystique et la fonction qu'il lui assigne dans le syst\u00e8me \u00e9thique et religieux, impliquant subjectivit\u00e9 et objectivit\u00e9, entendement et raison ; ensuite d'\u00e9clairer les similitudes de la philosophie h\u00e9g\u00e9lienne et de la pens\u00e9e B\u00f6hmienne, mises en sc\u00e8ne, sous l'\u00e9gide de la n\u00e9gativit\u00e9.\r","authors":["David K\u00f6nig"],"category_codes":["9000000","9080000","9080200","9080204"],"visuals":{"large":"https:\/\/images.epagine.fr\/235\/9782738482235_1_75.jpg","medium":"https:\/\/images.epagine.fr\/235\/9782738482235_1_m.jpg","thumbnail":"https:\/\/images.epagine.fr\/235\/9782738482235_1_v.jpg"},"orderable":true,"show_badge":true,"formatted_price":"22,50&nbsp;\u20ac","formatted_published_date":"3 mai 2000","publisher_availability_label":"Sur commande","short_details":"David K\u00f6nig \u2014 \u00c9ditions L'Harmattan","translator":null,"weight":278,"page_count":224,"readership":null,"editor":"\u00c9ditions L'Harmattan","price":2250,"published_date":"2000-05-02T22:00:00.000000Z","support":"Grand format","publisher_availability":1,"stock":0,"editions":[],"url":"https:\/\/quaidesbrumes.com\/ouvrage\/9782738482235\/hegel-et-la-mystique-germanique"},{"id":"9782738477255","title":"Quelques \u00e9nigmes scientifiques de l'antiquit\u00e9 \u00e0 notre temps ou retour \u00e0 Delphes","description":"Forces qui traversent l'espace, qu\u00eate de l'unit\u00e9, naissance de la lumi\u00e8re, ces \u00e9nigmes et quelques autres ont enfi\u00e9vr\u00e9 les penseurs des \u00e2ges anciens et continuent \u00e0 captiver les physiciens modernes. Ce livre trace l'histoire du lent cheminement de la pens\u00e9e devant plusieurs \u00e9nigmes de la science o\u00f9 les th\u00e9ories contemporaines, bien \u00e9loign\u00e9es des croyances de l'Antiquit\u00e9, s'animent pourtant, parfois, aux \u00e9chos assourdis de la Gr\u00e8ce.\r","authors":["Marcel Nordon"],"category_codes":["9000000","9080000","9080200","9080204"],"visuals":{"large":"https:\/\/images.epagine.fr\/255\/9782738477255_1_75.jpg","medium":"https:\/\/images.epagine.fr\/255\/9782738477255_1_m.jpg","thumbnail":"https:\/\/images.epagine.fr\/255\/9782738477255_1_v.jpg"},"orderable":true,"show_badge":true,"formatted_price":"24,00&nbsp;\u20ac","formatted_published_date":"3 mai 2000","publisher_availability_label":"Sur commande","short_details":"Marcel Nordon \u2014 \u00c9ditions L'Harmattan","translator":null,"weight":310,"page_count":null,"readership":null,"editor":"\u00c9ditions L'Harmattan","price":2400,"published_date":"2000-05-02T22:00:00.000000Z","support":"Grand format","publisher_availability":1,"stock":0,"editions":[],"url":"https:\/\/quaidesbrumes.com\/ouvrage\/9782738477255\/quelques-enigmes-scientifiques-de-lantiquite-a-notre-temps-ou-retour-a-delphes"},{"id":"9782738477477","title":"Lecture du commentaire de Thomas d'Aquin sur le traita de l'\u00e2me d'Aristote ; l'\u00e2me souffle de vie","description":"Le Trait\u00e9 de l'\u00e2me d'Aristote joue, dans l'histoire de la philosophie, un r\u00f4le crucial. Assumant toute la conception de la vie et de l'homme, depuis l'aube de la r\u00e9flexion jusqu'au d\u00e9clin de la Gr\u00e8ce, il est la source des plus riches d\u00e9veloppements de l'anthropologie musulmane et chr\u00e9tienne du Moyen \u00c2ge. L'intention de ce livre est de retrouver la perspective d'ensemble du trait\u00e9.\r","authors":["Guy-Fran\u00e7ois Delaporte"],"category_codes":["9000000","9080000","9080200","9080204"],"visuals":{"large":"https:\/\/images.epagine.fr\/477\/9782738477477_1_75.jpg","medium":"https:\/\/images.epagine.fr\/477\/9782738477477_1_m.jpg","thumbnail":"https:\/\/images.epagine.fr\/477\/9782738477477_1_v.jpg"},"orderable":true,"show_badge":true,"formatted_price":"18,50&nbsp;\u20ac","formatted_published_date":"3 mai 2000","publisher_availability_label":"Sur commande","short_details":"Guy-Fran\u00e7ois Delaporte \u2014 \u00c9ditions L'Harmattan","translator":null,"weight":222,"page_count":176,"readership":null,"editor":"\u00c9ditions L'Harmattan","price":1850,"published_date":"2000-05-02T22:00:00.000000Z","support":"Grand format","publisher_availability":1,"stock":0,"editions":[],"url":"https:\/\/quaidesbrumes.com\/ouvrage\/9782738477477\/lecture-du-commentaire-de-thomas-daquin-sur-le-traita-de-lame-daristote-lame-souffle-de-vie"},{"id":"9782738477347","title":"MIRC\u00c9A \u00c9LIADE : LA PHILOSOPHIE DU SACR\u00c9","description":"L'oeuvre de Mircea Eliade est marqu\u00e9e par un paradoxe. En effet, si les textes de l'auteur sont ais\u00e9ment accessibles et abondamment diffus\u00e9s, \u00e0 l'inverse les commentaires et ouvrages introductifs sont rares et souvent sp\u00e9cialis\u00e9s. L'histoire des religions telle que l'envisage Eliade, est un \" r\u00e9servoir de sens \" permettant de transcender le d\u00e9senchantement du monde occidental.","authors":["Stanislas Deprez"],"category_codes":["9000000","9080000"],"visuals":{"large":"https:\/\/images.epagine.fr\/347\/9782738477347_1_75.jpg","medium":"https:\/\/images.epagine.fr\/347\/9782738477347_1_m.jpg","thumbnail":"https:\/\/images.epagine.fr\/347\/9782738477347_1_v.jpg"},"orderable":true,"show_badge":true,"formatted_price":"18,00&nbsp;\u20ac","formatted_published_date":"3 mai 2000","publisher_availability_label":"Sur commande","short_details":"Stanislas Deprez \u2014 \u00c9ditions L'Harmattan","translator":null,"weight":200,"page_count":160,"readership":null,"editor":"\u00c9ditions L'Harmattan","price":1800,"published_date":"2000-05-02T22:00:00.000000Z","support":"Grand format","publisher_availability":1,"stock":0,"editions":[],"url":"https:\/\/quaidesbrumes.com\/ouvrage\/9782738477347\/mircea-eliade-la-philosophie-du-sacre"},{"id":"9782738477729","title":"La morale anomique de Jean-Marie Guyau","description":"Selon Guyau, le probl\u00e8me moral provient du fait que la morale contraint \u00e0 adopter une conduite profond\u00e9ment id\u00e9alis\u00e9e ( religieuse, dirigiste et autoritaire). L'alternative pr\u00e9sent\u00e9e par Guyau n'est pas celle de la morale du plaisir, mais celle de la morale de la vie, qui a comme objectif non pas le bonheur, mais l'\u00e9panouissement de la vie m\u00eame, ce qui constitue une nouveaut\u00e9 radicale.\r","authors":["Jordi Riba"],"category_codes":["9000000","9080000","9080200","9080204"],"visuals":{"large":"https:\/\/images.epagine.fr\/729\/9782738477729_1_75.jpg","medium":"https:\/\/images.epagine.fr\/729\/9782738477729_1_m.jpg","thumbnail":"https:\/\/images.epagine.fr\/729\/9782738477729_1_v.jpg"},"orderable":true,"show_badge":true,"formatted_price":"33,00&nbsp;\u20ac","formatted_published_date":"3 mai 2000","publisher_availability_label":"Sur commande","short_details":"Jordi Riba \u2014 \u00c9ditions L'Harmattan","translator":null,"weight":490,"page_count":414,"readership":null,"editor":"\u00c9ditions L'Harmattan","price":3300,"published_date":"2000-05-02T22:00:00.000000Z","support":"Grand format","publisher_availability":1,"stock":0,"editions":[],"url":"https:\/\/quaidesbrumes.com\/ouvrage\/9782738477729\/la-morale-anomique-de-jean-marie-guyau"},{"id":"9782738477927","title":"Les mouvements du discours - style, reference et dialogue dans des entretiens cliniques","description":"Partant d'une conception bakhtinienne du langage, cet ouvrage explore diverses figures de la construction du discours et des mouvements langagiers. La notion de style est mobilis\u00e9e pour rendre compte du sens global qui se dessine dans le discours tout en t\u00e9moignant de la sp\u00e9cificit\u00e9 de chaque sujet et de son travail langagier.\r","authors":["Salazar-Orvig Anne"],"category_codes":["9000000","9090000"],"visuals":{"large":"https:\/\/images.epagine.fr\/927\/9782738477927_1_75.jpg","medium":"https:\/\/images.epagine.fr\/927\/9782738477927_1_m.jpg","thumbnail":"https:\/\/images.epagine.fr\/927\/9782738477927_1_v.jpg"},"orderable":true,"show_badge":true,"formatted_price":"26,00&nbsp;\u20ac","formatted_published_date":"3 mai 2000","publisher_availability_label":"Sur commande","short_details":"Salazar-Orvig Anne \u2014 \u00c9ditions L'Harmattan","translator":null,"weight":404,"page_count":null,"readership":null,"editor":"\u00c9ditions L'Harmattan","price":2600,"published_date":"2000-05-02T22:00:00.000000Z","support":"Grand format","publisher_availability":1,"stock":0,"editions":[],"url":"https:\/\/quaidesbrumes.com\/ouvrage\/9782738477927\/les-mouvements-du-discours-style-reference-et-dialogue-dans-des-entretiens-cliniques"},{"id":"9782738477866","title":"LA QUESTION DE LA MORT","description":"Pour la connaissance, la mort constitue l'ab\u00eeme le plus redoutable qui soit. Le po\u00e8te, en la personne de Yeats, le sait fort bien qui \u00e9crit : \" l'homme a cr\u00e9\u00e9 la mort \". Parler de la mort, c'est une certaine mani\u00e8re pour l'homme de parler de lui-m\u00eame. \u00c0 premi\u00e8re vue, cette question doit commencer par se poser pour le moi, mais pour parvenir au fa\u00eete et au fondement d'elle-m\u00eame la question de la mort se pose in\u00e9vitablement pour autrui.\r","authors":["Alexandra Roux"],"category_codes":["9000000","9080000"],"visuals":{"large":"https:\/\/images.epagine.fr\/866\/9782738477866_1_75.jpg","medium":"https:\/\/images.epagine.fr\/866\/9782738477866_1_m.jpg","thumbnail":"https:\/\/images.epagine.fr\/866\/9782738477866_1_v.jpg"},"orderable":true,"show_badge":true,"formatted_price":"22,50&nbsp;\u20ac","formatted_published_date":"3 mai 2000","publisher_availability_label":"Sur commande","short_details":"Alexandra Roux \u2014 \u00c9ditions L'Harmattan","translator":null,"weight":292,"page_count":240,"readership":null,"editor":"\u00c9ditions L'Harmattan","price":2250,"published_date":"2000-05-02T22:00:00.000000Z","support":"Grand format","publisher_availability":1,"stock":0,"editions":[],"url":"https:\/\/quaidesbrumes.com\/ouvrage\/9782738477866\/la-question-de-la-mort"},{"id":"9782738477941","title":"Monde ouvert, pens\u00e9ee nomade ; en l'honneur de Georges-Hubert de Radkowski","description":"Pour le dixi\u00e8me anniversaire de sa mort, les admirateurs (philosophes et \u00e9conomistes) de Georges-Hubert de Radkowski se sont r\u00e9unis pour lui rendre hommage sous le tire \" Monde ouvert, pens\u00e9e nomade \". Son influence s'est exerc\u00e9e aussi bien sur des intellectuels que sur des chercheurs en sciences humaines. Radkowski est aussi repr\u00e9sentatif de cette cat\u00e9gorie de penseurs qui travaillent dans une langue \u00e9trang\u00e8re \u00e0 leur langue natale et b\u00e9n\u00e9ficient ainsi d'une double nationalit\u00e9 intellectuelle (fran\u00e7aise et polonaise).\r","authors":["Collectif","Yann Lepape"],"category_codes":["9000000","9080000","9080200","9080204"],"visuals":{"large":"https:\/\/images.epagine.fr\/941\/9782738477941_1_75.jpg","medium":"https:\/\/images.epagine.fr\/941\/9782738477941_1_m.jpg","thumbnail":"https:\/\/images.epagine.fr\/941\/9782738477941_1_v.jpg"},"orderable":true,"show_badge":true,"formatted_price":"19,00&nbsp;\u20ac","formatted_published_date":"15 mai 1999","publisher_availability_label":"Sur commande","short_details":"Collectif, Yann Lepape \u2014 \u00c9ditions L'Harmattan","translator":null,"weight":314,"page_count":200,"readership":null,"editor":"\u00c9ditions L'Harmattan","price":1900,"published_date":"1999-05-14T22:00:00.000000Z","support":"Grand format","publisher_availability":1,"stock":0,"editions":[],"url":"https:\/\/quaidesbrumes.com\/ouvrage\/9782738477941\/monde-ouvert-penseee-nomade-en-lhonneur-de-georges-hubert-de-radkowski"},{"id":"9782829302022","title":"La nation a l'epreuve","description":"L'article de R\u00e9gis Debray sur la Yougoslavie constitue le point de d\u00e9part d'une discussion sur les liens entre d\u00e9mocratie et nation. De P\u00e9guy \u00e0 Trotski, du foulard \u00e0 l'autorit\u00e9, de l'\u00e9cole au march\u00e9 mondial, on ne peut rien simplifier. Crise d'identit\u00e9 de la R\u00e9publique, de ses langues, qu'en est-il au juste ? Retranscription de l'\u00e9mission de radio R\u00e9pliques dirig\u00e9e par Alain Finkielkraut avec un invit\u00e9 : Edwy Plenel, alors directeur de la r\u00e9daction du Monde.","authors":["Alain Finkielkraut","Edwy Plenel"],"category_codes":["9000000","9080000","9080200","9080204"],"visuals":{"large":"https:\/\/images.epagine.fr\/022\/9782829302022_1_75.jpg","medium":"https:\/\/images.epagine.fr\/022\/9782829302022_1_m.jpg","thumbnail":"https:\/\/images.epagine.fr\/022\/9782829302022_1_v.jpg"},"orderable":true,"show_badge":true,"formatted_price":"7,50&nbsp;\u20ac","formatted_published_date":"29 octobre 2001","publisher_availability_label":"Sur commande","short_details":"Alain Finkielkraut, Edwy Plenel \u2014 Tricorne","translator":null,"weight":333,"page_count":56,"readership":null,"editor":"Tricorne","price":750,"published_date":"2001-10-28T23:00:00.000000Z","support":"Grand format","publisher_availability":1,"stock":0,"editions":[],"url":"https:\/\/quaidesbrumes.com\/ouvrage\/9782829302022\/la-nation-a-lepreuve"},{"id":"9782738478269","title":"ADORNO ET HEIDEGGER : UNE CONTROVERSE PHILOSOPHIQUE","description":"Cet ouvrage excave les lieux d'o\u00f9 l'on peut envisager \u00e0 la fois une \" communication \" des diff\u00e9rences grandes ou petites et des profondes affinit\u00e9s philosophiques entre les deux plus grands philosophes du XXe si\u00e8cle . Adorno et Heidegger : proximit\u00e9 et\/ou \u00e9loignement ? Telle est l'interrogation qui instruit une communication nagu\u00e8re refus\u00e9e et en laquelle s'oriente la controverse philosophique.","authors":["Bourahima Ouattara"],"category_codes":["9000000","9080000"],"visuals":{"large":"https:\/\/images.epagine.fr\/269\/9782738478269_1_75.jpg","medium":"https:\/\/images.epagine.fr\/269\/9782738478269_1_m.jpg","thumbnail":"https:\/\/images.epagine.fr\/269\/9782738478269_1_v.jpg"},"orderable":true,"show_badge":true,"formatted_price":"29,50&nbsp;\u20ac","formatted_published_date":"3 mai 2000","publisher_availability_label":"Sur commande","short_details":"Bourahima Ouattara \u2014 \u00c9ditions L'Harmattan","translator":null,"weight":384,"page_count":316,"readership":null,"editor":"\u00c9ditions L'Harmattan","price":2950,"published_date":"2000-05-02T22:00:00.000000Z","support":"Grand format","publisher_availability":1,"stock":0,"editions":[],"url":"https:\/\/quaidesbrumes.com\/ouvrage\/9782738478269\/adorno-et-heidegger-une-controverse-philosophique"},{"id":"9782738479112","title":"MOMENTS DU SURREALISME","description":"La dimension historique est essentielle au surr\u00e9alisme, \u00e0 la po\u00e9sie. Surprise, Nadja. Quel moment ! c'est ainsi que la beaut\u00e9 est et \" sera convulsive \", et qu'encore adviendra la r\u00e9volution, celle qui ne sera pas \" trahie \". ce recueil de textes rares ou in\u00e9dits, rassembl\u00e9 par l'auteur dans la foul\u00e9e de La Civilisation Surr\u00e9aliste (1976), se propose moins de nourrir les histoires Futures du surr\u00e9alisme que de rendre sensible et intelligible \u00e0 tous cette dimension historique.\r","authors":["Vincent Bounoure"],"category_codes":["9000000","9080000"],"visuals":{"large":"https:\/\/images.epagine.fr\/112\/9782738479112_1_75.jpg","medium":"https:\/\/images.epagine.fr\/112\/9782738479112_1_m.jpg","thumbnail":"https:\/\/images.epagine.fr\/112\/9782738479112_1_v.jpg"},"orderable":true,"show_badge":true,"formatted_price":"22,50&nbsp;\u20ac","formatted_published_date":"3 mai 2000","publisher_availability_label":"Sur commande","short_details":"Vincent Bounoure \u2014 \u00c9ditions L'Harmattan","translator":null,"weight":316,"page_count":258,"readership":null,"editor":"\u00c9ditions L'Harmattan","price":2250,"published_date":"2000-05-02T22:00:00.000000Z","support":"Grand format","publisher_availability":1,"stock":0,"editions":[],"url":"https:\/\/quaidesbrumes.com\/ouvrage\/9782738479112\/moments-du-surrealisme"},{"id":"9782738479204","title":"L'Orient au th\u00e9\u00e2tre du soleil","description":"Dans le panorama du th\u00e9\u00e2tre contemporain, les spectacles du Th\u00e9\u00e2tre du Soleil retiennent l'attention, non seulement par leur qualit\u00e9, leur beaut\u00e9 et l'\u00e9blouissement qu'ils suscitent chez les spectateurs, mais aussi par l'acuit\u00e9 et la vitalit\u00e9 avec lesquelles ils appr\u00e9hendent l'Histoire et la cr\u00e9ation artistique. La source formelle des th\u00e9\u00e2tres de l'Orient irrigue de plus en plus profond\u00e9ment les spectacles depuis Shakespeare et de fa\u00e7on spectaculaire dans \" Tambours sur la digue \".\r","authors":["Fran\u00e7oise Quillet"],"category_codes":["9000000","9080000","9080200","9080204"],"visuals":{"large":"https:\/\/images.epagine.fr\/204\/9782738479204_1_75.jpg","medium":"https:\/\/images.epagine.fr\/204\/9782738479204_1_m.jpg","thumbnail":"https:\/\/images.epagine.fr\/204\/9782738479204_1_v.jpg"},"orderable":true,"show_badge":true,"formatted_price":"33,50&nbsp;\u20ac","formatted_published_date":"3 mai 2000","publisher_availability_label":"Sur commande","short_details":"Fran\u00e7oise Quillet \u2014 \u00c9ditions L'Harmattan","translator":null,"weight":460,"page_count":328,"readership":null,"editor":"\u00c9ditions L'Harmattan","price":3350,"published_date":"2000-05-02T22:00:00.000000Z","support":"Grand format","publisher_availability":1,"stock":0,"editions":[],"url":"https:\/\/quaidesbrumes.com\/ouvrage\/9782738479204\/lorient-au-theatre-du-soleil"},{"id":"9782738484536","title":"SPIRITUALITES DU TEMPS PRESENT : Fragments d'une analyse, jalons pour sa recherche","description":"Comment \u00e9voquer le regain \u00e9nigmatique de l'int\u00e9r\u00eat du public pour les diff\u00e9rents modes d'expression de la spiritualit\u00e9 : mystique, sagesse, tradition renou\u00e9es, attrait pour l'\u00e9sot\u00e9risme. ? Loin d'une exhaustivit\u00e9 par d\u00e9finition impossible, loin d'une apolog\u00e9tique d\u00e9plac\u00e9e, l'espace la\u00efc de l'universit\u00e9 a voulu sur ce sujet r\u00e9pondre \u00e0 sa seule \" vocation \" : permettre l'examen critique et argument\u00e9. Question de tol\u00e9rance.","authors":["Jean-fran\u00e7ois Rey"],"category_codes":["9000000","9080000","9080200","9080204"],"visuals":{"large":"https:\/\/images.epagine.fr\/536\/9782738484536_1_75.jpg","medium":"https:\/\/images.epagine.fr\/536\/9782738484536_1_m.jpg","thumbnail":"https:\/\/images.epagine.fr\/536\/9782738484536_1_v.jpg"},"orderable":true,"show_badge":true,"formatted_price":"14,50&nbsp;\u20ac","formatted_published_date":"6 d\u00e9cembre 1999","publisher_availability_label":"Sur commande","short_details":"Jean-fran\u00e7ois Rey \u2014 \u00c9ditions L'Harmattan","translator":null,"weight":220,"page_count":156,"readership":null,"editor":"\u00c9ditions L'Harmattan","price":1450,"published_date":"1999-12-05T23:00:00.000000Z","support":"Grand format","publisher_availability":1,"stock":0,"editions":[],"url":"https:\/\/quaidesbrumes.com\/ouvrage\/9782738484536\/spiritualites-du-temps-present-fragments-dune-analyse-jalons-pour-sa-recherche"},{"id":"9782738484710","title":"Le paradoxe du bon ma\u00eetre ; essai sur l'autorit\u00e9 dans la fiction p\u00e9dagogique des lumi\u00e8res","description":"Depuis la Renaissance, la non directivit\u00e9 est l'id\u00e9al p\u00e9dagogique de l'Occident. L'enfant devrait construire lui-m\u00eame le savoir et les r\u00e8gles \u00e9thiques dont il aura besoin dans sa vie d'adulte et le ma\u00eetre c\u00e9der la place \u00e0 l'\u00e9cole de la  vraie vie . A partir d'une lecture de romans \u00e9ducatifs classiques, au premier chef desquels l'\u00c9mile de Rousseau, le paradoxe du bon ma\u00eetre entreprend de d\u00e9montrer les contradictions inh\u00e9rentes \u00e0 cet id\u00e9al.","authors":["B\u00e9atrice Durand"],"category_codes":["9000000","9080000","9080200","9080204"],"visuals":{"large":"https:\/\/images.epagine.fr\/710\/9782738484710_1_75.jpg","medium":"https:\/\/images.epagine.fr\/710\/9782738484710_1_m.jpg","thumbnail":"https:\/\/images.epagine.fr\/710\/9782738484710_1_v.jpg"},"orderable":true,"show_badge":true,"formatted_price":"16,00&nbsp;\u20ac","formatted_published_date":"3 mai 2000","publisher_availability_label":"Sur commande","short_details":"B\u00e9atrice Durand \u2014 \u00c9ditions L'Harmattan","translator":null,"weight":220,"page_count":176,"readership":null,"editor":"\u00c9ditions L'Harmattan","price":1600,"published_date":"2000-05-02T22:00:00.000000Z","support":"Grand format","publisher_availability":1,"stock":0,"editions":[],"url":"https:\/\/quaidesbrumes.com\/ouvrage\/9782738484710\/le-paradoxe-du-bon-maitre-essai-sur-lautorite-dans-la-fiction-pedagogique-des-lumieres"},{"id":"9782738484758","title":"Raison et d\u00e9raison de l'utopie","description":"Un vieux r\u00eave habite l'imaginaire de l'homme d'Occident. Le r\u00eave d'une soci\u00e9t\u00e9 o\u00f9 l'homme pourrait vivre libre, sans avoir \u00e0 redouter la mis\u00e8re, la violence de la guerre ou l'exploitation sauvage de sa vie et de sa libert\u00e9 et o\u00f9 la vie ne serait que sous le signe de la paix et de la concorde entre les hommes. C'est \u00e0 suivre ce r\u00eave dans sa constance et ses m\u00e9tamorphoses mais aussi ses d\u00e9rives dans notre histoire que s'attache ce livre.\r","authors":["Fran\u00e7ois Chirpaz"],"category_codes":["9000000","9080000","9080200","9080204"],"visuals":{"large":"https:\/\/images.epagine.fr\/758\/9782738484758_1_75.jpg","medium":"https:\/\/images.epagine.fr\/758\/9782738484758_1_m.jpg","thumbnail":"https:\/\/images.epagine.fr\/758\/9782738484758_1_v.jpg"},"orderable":true,"show_badge":true,"formatted_price":"22,50&nbsp;\u20ac","formatted_published_date":"3 mai 2000","publisher_availability_label":"Sur commande","short_details":"Fran\u00e7ois Chirpaz \u2014 \u00c9ditions L'Harmattan","translator":null,"weight":330,"page_count":240,"readership":null,"editor":"\u00c9ditions L'Harmattan","price":2250,"published_date":"2000-05-02T22:00:00.000000Z","support":"Grand format","publisher_availability":1,"stock":0,"editions":[],"url":"https:\/\/quaidesbrumes.com\/ouvrage\/9782738484758\/raison-et-deraison-de-lutopie"},{"id":"9782738480026","title":"Tol\u00e9rance et r\u00e9forme ; \u00e9l\u00e9ments pour une g\u00e9n\u00e9alogie du concept de tol\u00e9rance","description":"Qu'est-ce que la tol\u00e9rance ? Cette question renvoie imm\u00e9diatement \u00e0 la dimension historique. Ce livre apporte les premiers \u00e9l\u00e9ments d'une r\u00e9ponse, dans une perspective g\u00e9n\u00e9alogique. L'angle retenu est celui du rapport entre tol\u00e9rance et R\u00e9forme aux XVIe et XVIIe si\u00e8cles. Certes, la R\u00e9forme \u00e0 elle seule n'a pas fait na\u00eetre l'exigence de tol\u00e9rance, mais quelque chose d'essentiel se joue en son surgissement et son affirmation.\r","authors":["Nicolas Piqu\u00e9","Ghislain Waterlot"],"category_codes":["9000000","9080000","9080200","9080204"],"visuals":{"large":"https:\/\/images.epagine.fr\/026\/9782738480026_1_75.jpg","medium":"https:\/\/images.epagine.fr\/026\/9782738480026_1_m.jpg","thumbnail":"https:\/\/images.epagine.fr\/026\/9782738480026_1_v.jpg"},"orderable":true,"show_badge":true,"formatted_price":"21,00&nbsp;\u20ac","formatted_published_date":"3 mai 2000","publisher_availability_label":"Sur commande","short_details":"Nicolas Piqu\u00e9, Ghislain Waterlot \u2014 \u00c9ditions L'Harmattan","translator":null,"weight":292,"page_count":202,"readership":null,"editor":"\u00c9ditions L'Harmattan","price":2100,"published_date":"2000-05-02T22:00:00.000000Z","support":"Grand format","publisher_availability":1,"stock":0,"editions":[],"url":"https:\/\/quaidesbrumes.com\/ouvrage\/9782738480026\/tolerance-et-reforme-elements-pour-une-genealogie-du-concept-de-tolerance"},{"id":"9782200219727","title":"Le mal : Homme coupable, homme souffrant","description":"Qu'est-ce que le mal ? Question sans objet, d\u00e9clare Nietzsche en tentant d'\u00e9tablir la pens\u00e9e \u00ab  par-del\u00e0 bien et mal  \u00bb. Et pourtant : de Platon \u00e0 Hegel, d'Aristote \u00e0 Augustin et \u00e0 saint Thomas, de Proclus \u00e0 Kierkegaard en passant par Bayle, Leibniz, Kant ou Schelling - sans oublier, plus pr\u00e8s de nous, Nabert, Jonas, Ricoeur ou Arendt -, rares sont les penseurs qui ne l'ont pas prise au s\u00e9rieux. Ce livre montre comment elle a \u00e9t\u00e9 \u00e9labor\u00e9e par une tradition th\u00e9ologique et philosophique vieille de pr\u00e8s de trois mille ans, puis reprise et transform\u00e9e par l'exp\u00e9rience individuelle et par les grands cataclysmes de notre si\u00e8cle.Il se compose de deux parties correspondant aux deux formes principales du mal humain : la faute et la souffrance. L'une cherche les causes et les raisons de la volont\u00e9 mauvaise ; l'autre d\u00e9crit l'impasse vitale o\u00f9 prennent source la r\u00e9volte et le sentiment de l'injustifiable. Chacune part de l'examen d'une situation sp\u00e9culative qui fait ensuite l'objet d'une critique fond\u00e9e \u00e0 la fois sur une lecture attentive des grands textes et sur la confrontation avec les faits. Cette critique entra\u00eene la contestation du privil\u00e8ge traditionnel du mal moral et le recentrement de la r\u00e9flexion sur le mal physique, c'est-\u00e0-dire sur la souffrance. Elle montre en outre que le mal est moins ce sur quoi l'on glose, que ce contre quoi l'on lutte. La philosophie en qu\u00eate d'une r\u00e9ponse \u00e0 la question que celui-ci nous pose devra donc s'ouvrir \u00e0 ce qui n'est pas elle : la cr\u00e9ation, l'action, la parole, la foi.J\u00e9r\u00f4me Por\u00e9e, docteur \u00e8s lettres et sciences humaines, est professeur de philosophie \u00e0 Rennes. Il a publi\u00e9 notamment La Philosophie \u00e0 l'\u00e9preuve du mal : pour une ph\u00e9nom\u00e9nologie de la souffrance (Vrin, 1993).\r\nL'homme coupable. D'une m\u00e9taphysique de la libert\u00e9 \u00e0 une anthropologie de l'inhumain. Le p\u00e9ch\u00e9 originel. Mal d'ignorance et faiblesse de la volont\u00e9. La volont\u00e9 perverse. La volont\u00e9 indiff\u00e9rente. L'homme souffrant. D'une m\u00e9taphysique de l'ordre \u00e0 une ph\u00e9nom\u00e9nologie de la passivit\u00e9. Un monde en ordre. L'injustifiable. L'in\u00e9narrable. La souffrance originaire.","authors":["J\u00e9r\u00f4me Por\u00e9e"],"category_codes":["9000000","9080000"],"visuals":{"large":"https:\/\/images.epagine.fr\/727\/9782200219727_1_75.jpg","medium":"https:\/\/images.epagine.fr\/727\/9782200219727_1_m.jpg","thumbnail":"https:\/\/images.epagine.fr\/727\/9782200219727_1_v.jpg"},"orderable":true,"show_badge":true,"formatted_price":"30,00&nbsp;\u20ac","formatted_published_date":"1er mai 2000","publisher_availability_label":"Sur commande","short_details":"J\u00e9r\u00f4me Por\u00e9e \u2014 Armand Colin","translator":null,"weight":279,"page_count":192,"readership":null,"editor":"Armand Colin","price":3000,"published_date":"2000-04-30T22:00:00.000000Z","support":"Grand format","publisher_availability":1,"stock":0,"editions":[],"url":"https:\/\/quaidesbrumes.com\/ouvrage\/9782200219727\/le-mal-homme-coupable-homme-souffrant"},{"id":"9782738482761","title":"Adieu Descartes, la nuit des olympica ; essai sur le national-cartesianisme","description":"Cet ultime volume  rel\u00e8ve avec vigueur le d\u00e9fi d'un penser libre et nouveau, enfin d\u00e9barrass\u00e9 du r\u00e9v(f)rentiel cart\u00e9sien. Voltaire pas mort ! Tableaux, synopsis, lexique, aphorismes, l'\u00e9criture se diversifie \u00e0 l'extr\u00eame, fondant ce qui fait cet adieu \u00e0 Descartes un v\u00e9ritable manuel de militance philosophique pour le prochain mill\u00e9naire.\r","authors":["Herv\u00e9 Baudry"],"category_codes":["9000000","9080000","9080600"],"visuals":{"large":"https:\/\/images.epagine.fr\/761\/9782738482761_1_75.jpg","medium":"https:\/\/images.epagine.fr\/761\/9782738482761_1_m.jpg","thumbnail":"https:\/\/images.epagine.fr\/761\/9782738482761_1_v.jpg"},"orderable":true,"show_badge":true,"formatted_price":"19,00&nbsp;\u20ac","formatted_published_date":"3 mai 2000","publisher_availability_label":"Sur commande","short_details":"Herv\u00e9 Baudry \u2014 \u00c9ditions L'Harmattan","translator":null,"weight":260,"page_count":null,"readership":null,"editor":"\u00c9ditions L'Harmattan","price":1900,"published_date":"2000-05-02T22:00:00.000000Z","support":"Grand format","publisher_availability":1,"stock":0,"editions":[],"url":"https:\/\/quaidesbrumes.com\/ouvrage\/9782738482761\/adieu-descartes-la-nuit-des-olympica-essai-sur-le-national-cartesianisme"},{"id":"9782738484062","title":"Art et m\u00e9moire ; l'invention de l'oasis natale","description":"Quand l'histoire - la grande ou la petite - ne suffit plus pour dire ce qu'est l'art, ce qu'est l'exil, ce que fut l'arrachement \u00e0 la terre d'antan, ce qu'est un visage, ou encore quand le recours \u00e0 l'histoire ne suffit plus pour produire de l'art, des oeuvres destin\u00e9es \u00e0 contrer l'exil, ce que fut l'arrachement, \u00e0 conf\u00e9rer aux hommes la vue sur eux-m\u00eames ou sur le pays d'autrefois, alors il reste les histoires. Il reste la fable. Celle-ci s'av\u00e8re seule susceptible de faire oeuvre, de faire voir ce qu'est une oeuvre, ce qu'est l'oeuvre d'art.\r","authors":["Mohamed Rachdi"],"category_codes":["9000000","9080000","9080200","9080204"],"visuals":{"large":"https:\/\/images.epagine.fr\/062\/9782738484062_1_75.jpg","medium":"https:\/\/images.epagine.fr\/062\/9782738484062_1_m.jpg","thumbnail":"https:\/\/images.epagine.fr\/062\/9782738484062_1_v.jpg"},"orderable":true,"show_badge":true,"formatted_price":"21,00&nbsp;\u20ac","formatted_published_date":"3 mai 2000","publisher_availability_label":"Sur commande","short_details":"Mohamed Rachdi \u2014 \u00c9ditions L'Harmattan","translator":null,"weight":320,"page_count":null,"readership":null,"editor":"\u00c9ditions L'Harmattan","price":2100,"published_date":"2000-05-02T22:00:00.000000Z","support":"Grand format","publisher_availability":1,"stock":0,"editions":[],"url":"https:\/\/quaidesbrumes.com\/ouvrage\/9782738484062\/art-et-memoire-linvention-de-loasis-natale"},{"id":"9782738482747","title":"Descartes inutile, la nuit des olympica Tome 2 ; essai sur le national-cart\u00e9sianisme","description":"Dans ce second volume, le proc\u00e8s \u00e9tablit le bilan quasi nul de la \" science \" cart\u00e9sienne (math\u00e9matique, physique.) et d\u00e9bouche sur la critique des instances premi\u00e8res de la m\u00e9taphysique. Revendiquant l'h\u00e9ritage de L.Wittengstein \u00e0 H.Arendt, de Th. Adorno \u00e0 M.Foucault, ce livre s'adresse aussi \u00e0 tous ceux que les mystifications de la langue de bois et les injonctions du dogmatisme ont d\u00e9go\u00fbt\u00e9 du plaisir de philosopher.\r","authors":["Herv\u00e9 Baudry","G\u00e9rald Herv\u00e9"],"category_codes":["9000000","9080000","9080200","9080204"],"visuals":{"large":"https:\/\/images.epagine.fr\/747\/9782738482747_1_75.jpg","medium":"https:\/\/images.epagine.fr\/747\/9782738482747_1_m.jpg","thumbnail":"https:\/\/images.epagine.fr\/747\/9782738482747_1_v.jpg"},"orderable":true,"show_badge":true,"formatted_price":"29,50&nbsp;\u20ac","formatted_published_date":"3 mai 2000","publisher_availability_label":"Sur commande","short_details":"Herv\u00e9 Baudry, G\u00e9rald Herv\u00e9 \u2014 \u00c9ditions L'Harmattan","translator":null,"weight":410,"page_count":null,"readership":null,"editor":"\u00c9ditions L'Harmattan","price":2950,"published_date":"2000-05-02T22:00:00.000000Z","support":"Grand format","publisher_availability":1,"stock":0,"editions":[],"url":"https:\/\/quaidesbrumes.com\/ouvrage\/9782738482747\/descartes-inutile-la-nuit-des-olympica-tome-2-essai-sur-le-national-cartesianisme"},{"id":"9782738482730","title":"Descartes tel quel, la nuit des olympica Tome 1 ; essai sur le national-cart\u00e9sianisme","description":"Que cesse le mythe Descartes !Finissons-en avec l'imagerie nationale. Suivons Ren\u00e9 Descartes dans des moments cl\u00e9s de sa vie, ancrons-le dans son \u00e9poque de reconqu\u00eate catholique et de consolidation de l'absolutisme. Traquons en ses feintes le premier de ces hommes en qui Nietzsche d\u00e9non\u00e7ait un \" pr\u00eatre masqu\u00e9 \", le philosophe. L'auteur instruit le proc\u00e8s de cette source vive de la tradition fran\u00e7aise avec insolence et humour.\r","authors":["Herv\u00e9 Baudry","G\u00e9rald Herv\u00e9"],"category_codes":["9000000","9080000","9080200","9080204"],"visuals":{"large":"https:\/\/images.epagine.fr\/730\/9782738482730_1_75.jpg","medium":"https:\/\/images.epagine.fr\/730\/9782738482730_1_m.jpg","thumbnail":"https:\/\/images.epagine.fr\/730\/9782738482730_1_v.jpg"},"orderable":true,"show_badge":true,"formatted_price":"26,00&nbsp;\u20ac","formatted_published_date":"3 mai 2000","publisher_availability_label":"Sur commande","short_details":"Herv\u00e9 Baudry, G\u00e9rald Herv\u00e9 \u2014 \u00c9ditions L'Harmattan","translator":null,"weight":352,"page_count":null,"readership":null,"editor":"\u00c9ditions L'Harmattan","price":2600,"published_date":"2000-05-02T22:00:00.000000Z","support":"Grand format","publisher_availability":1,"stock":0,"editions":[],"url":"https:\/\/quaidesbrumes.com\/ouvrage\/9782738482730\/descartes-tel-quel-la-nuit-des-olympica-tome-1-essai-sur-le-national-cartesianisme"}]}