{"data":[{"id":"9782872094684","title":"Logique (la) formelle en afrique noire problematique enseign ement et essais","description":null,"authors":["Ntambue Tshimbulu Ra"],"category_codes":["9000000","9080000","9080200","9080204"],"visuals":{"large":"https:\/\/quaidesbrumes.com\/img\/book-placeholder.png","medium":"https:\/\/quaidesbrumes.com\/img\/book-placeholder.png","thumbnail":"https:\/\/quaidesbrumes.com\/img\/book-placeholder.png"},"orderable":true,"show_badge":true,"formatted_price":"15,00&nbsp;\u20ac","formatted_published_date":"30 octobre 1998","publisher_availability_label":"Sur commande","short_details":"Ntambue Tshimbulu Ra \u2014 ACADEMIA","translator":null,"weight":206,"page_count":null,"readership":null,"editor":"ACADEMIA","price":1500,"published_date":"1998-10-29T23:00:00.000000Z","support":"Grand format","publisher_availability":1,"stock":0,"editions":[],"url":"https:\/\/quaidesbrumes.com\/ouvrage\/9782872094684\/logique-la-formelle-en-afrique-noire-problematique-enseign-ement-et-essais"},{"id":"9782738465696","title":"Jawlensky ou le visage promis","description":"Nombreuses reproductions couleurs.\r","authors":["Itzhak Goldberg"],"category_codes":["6000000","6010000"],"visuals":{"large":"https:\/\/images.epagine.fr\/696\/9782738465696_1_75.jpg","medium":"https:\/\/images.epagine.fr\/696\/9782738465696_1_m.jpg","thumbnail":"https:\/\/images.epagine.fr\/696\/9782738465696_1_v.jpg"},"orderable":true,"show_badge":true,"formatted_price":"29,50&nbsp;\u20ac","formatted_published_date":"3 mai 2000","publisher_availability_label":"Sur commande","short_details":"Itzhak Goldberg \u2014 \u00c9ditions L'Harmattan","translator":null,"weight":402,"page_count":254,"readership":null,"editor":"\u00c9ditions L'Harmattan","price":2950,"published_date":"2000-05-02T22:00:00.000000Z","support":"Grand format","publisher_availability":1,"stock":0,"editions":[],"url":"https:\/\/quaidesbrumes.com\/ouvrage\/9782738465696\/jawlensky-ou-le-visage-promis"},{"id":"9782850768811","title":"L'\u00e9toile d'Herm\u00e8s ; fragments de philosophie herm\u00e9tique","description":null,"authors":["Mirko Sladek"],"category_codes":["9000000","9080000","9080200","9080204"],"visuals":{"large":"https:\/\/images.epagine.fr\/811\/9782850768811_1_75.jpg","medium":"https:\/\/images.epagine.fr\/811\/9782850768811_1_m.jpg","thumbnail":"https:\/\/images.epagine.fr\/811\/9782850768811_1_v.jpg"},"orderable":true,"show_badge":true,"formatted_price":"23,18&nbsp;\u20ac","formatted_published_date":"1er novembre 1998","publisher_availability_label":"Sur commande","short_details":"Mirko Sladek \u2014 Dervy Almora","translator":null,"weight":501,"page_count":null,"readership":null,"editor":"Dervy Almora","price":2318,"published_date":"1998-10-31T23:00:00.000000Z","support":"Grand format","publisher_availability":1,"stock":0,"editions":[],"url":"https:\/\/quaidesbrumes.com\/ouvrage\/9782850768811\/letoile-dhermes-fragments-de-philosophie-hermetique"},{"id":"9782738454362","title":"Futur ant\u00e9rieur : lire Althusser aujourd'hui","description":"Ce volume contient les contributions au colloque \u00ab Lire Althusser aujourd'hui \u00bb organis\u00e9 les 16 et 17 octobre 1995 \u00e0 l'Ecole normale sup\u00e9rieure, par l'Institut M\u00e9moires de l'Edition Contemporaine. La publication de l'Avenir dure longtemps, puis de nombreux autres in\u00e9dits, ont donn\u00e9 \u00e0 la pens\u00e9e de Louis Althusser un regain d'actualit\u00e9, indissociable d'une profonde modification de la lecture qui peut \u00eatre faite de son oeuvre. On ne peut pas lire Althusser aujourd'hui comme on le faisait de son vivant. A leur mani\u00e8re, chacun de ces expos\u00e9s tournent ainsi autour d'une m\u00eame question : qu'est-ce que lire Althusser aujourd'hui ?\r","authors":["Collectif"],"category_codes":["9000000","9080000","9080200","9080204"],"visuals":{"large":"https:\/\/images.epagine.fr\/362\/9782738454362_1_75.jpg","medium":"https:\/\/images.epagine.fr\/362\/9782738454362_1_m.jpg","thumbnail":"https:\/\/images.epagine.fr\/362\/9782738454362_1_v.jpg"},"orderable":true,"show_badge":true,"formatted_price":"15,50&nbsp;\u20ac","formatted_published_date":"3 mai 2000","publisher_availability_label":"Sur commande","short_details":"Collectif \u2014 \u00c9ditions L'Harmattan","translator":null,"weight":200,"page_count":156,"readership":null,"editor":"\u00c9ditions L'Harmattan","price":1550,"published_date":"2000-05-02T22:00:00.000000Z","support":"Grand format","publisher_availability":1,"stock":0,"editions":[],"url":"https:\/\/quaidesbrumes.com\/ouvrage\/9782738454362\/futur-anterieur-lire-althusser-aujourdhui"},{"id":"9782930281162","title":"Arrete de raler : 333 aphorismes y compris peu de longueur au sujet d une forme breve","description":null,"authors":["Pascal Durand"],"category_codes":["9000000","9080000"],"visuals":{"large":"https:\/\/images.epagine.fr\/162\/9782930281162_1_75.jpg","medium":"https:\/\/images.epagine.fr\/162\/9782930281162_1_m.jpg","thumbnail":"https:\/\/images.epagine.fr\/162\/9782930281162_1_v.jpg"},"orderable":true,"show_badge":true,"formatted_price":"16,00&nbsp;\u20ac","formatted_published_date":"27 octobre 2021","publisher_availability_label":"Sur commande","short_details":"Pascal Durand \u2014 Editions Antoine Degive","translator":null,"weight":160,"page_count":null,"readership":null,"editor":"Editions Antoine Degive","price":1600,"published_date":"2021-10-26T22:00:00.000000Z","support":"Grand format","publisher_availability":1,"stock":0,"editions":[],"url":"https:\/\/quaidesbrumes.com\/ouvrage\/9782930281162\/arrete-de-raler-333-aphorismes-y-compris-peu-de-longueur-au-sujet-d-une-forme-breve"},{"id":"9782747518055","title":"ANTHROPOLOGIE POLITIQUE DE THOMAS D'AQUIN","description":"Cette \u00e9tude essaie de suivre le cheminement de la question de l'homme dans la pens\u00e9e de Thomas d'Aquin, sans jamais perdre de vue la question de la dimension politique de l'existence humaine, qui devient peu \u00e0 peu la question centrale de cet ouvrage. Cette pens\u00e9e, qui s'efforce de penser l'homme, non seulement rend possible la pens\u00e9e du monde, mais pr\u00e9sente cette pens\u00e9e du monde comme la seule mani\u00e8re de penser l'homme. Autant dire que la t\u00e2che de la pens\u00e9e est infinie.\r","authors":["Yves Cattin"],"category_codes":["9000000","9080000"],"visuals":{"large":"https:\/\/images.epagine.fr\/055\/9782747518055_1_75.jpg","medium":"https:\/\/images.epagine.fr\/055\/9782747518055_1_m.jpg","thumbnail":"https:\/\/images.epagine.fr\/055\/9782747518055_1_v.jpg"},"orderable":true,"show_badge":true,"formatted_price":"21,50&nbsp;\u20ac","formatted_published_date":"1er novembre 2003","publisher_availability_label":"Sur commande","short_details":"Yves Cattin \u2014 \u00c9ditions L'Harmattan","translator":null,"weight":310,"page_count":226,"readership":null,"editor":"\u00c9ditions L'Harmattan","price":2150,"published_date":"2003-10-31T23:00:00.000000Z","support":"Grand format","publisher_availability":1,"stock":0,"editions":[],"url":"https:\/\/quaidesbrumes.com\/ouvrage\/9782747518055\/anthropologie-politique-de-thomas-daquin"},{"id":"9782908016512","title":"La tolerance au risque de l'histoire","description":null,"authors":["Cornaton"],"category_codes":["9000000","9080000","9080200","9080204"],"visuals":{"large":"https:\/\/images.epagine.fr\/512\/9782908016512_1_75.jpg","medium":"https:\/\/images.epagine.fr\/512\/9782908016512_1_m.jpg","thumbnail":"https:\/\/images.epagine.fr\/512\/9782908016512_1_v.jpg"},"orderable":true,"show_badge":true,"formatted_price":"15,24&nbsp;\u20ac","formatted_published_date":"17 avril 2003","publisher_availability_label":"Sur commande","short_details":"Cornaton \u2014 Aleas","translator":null,"weight":401,"page_count":null,"readership":null,"editor":"Aleas","price":1524,"published_date":"2003-04-16T22:00:00.000000Z","support":"Grand format","publisher_availability":1,"stock":0,"editions":[],"url":"https:\/\/quaidesbrumes.com\/ouvrage\/9782908016512\/la-tolerance-au-risque-de-lhistoire"},{"id":"9782908016673","title":"Le mode mineur de la creation","description":null,"authors":["Conte\/Le Gouic"],"category_codes":["9000000","9080000","9080200"],"visuals":{"large":"https:\/\/quaidesbrumes.com\/img\/book-placeholder.png","medium":"https:\/\/quaidesbrumes.com\/img\/book-placeholder.png","thumbnail":"https:\/\/quaidesbrumes.com\/img\/book-placeholder.png"},"orderable":true,"show_badge":true,"formatted_price":"19,82&nbsp;\u20ac","formatted_published_date":"8 mars 2003","publisher_availability_label":"Sur commande","short_details":"Conte\/Le Gouic \u2014 Aleas","translator":null,"weight":501,"page_count":null,"readership":null,"editor":"Aleas","price":1982,"published_date":"2003-03-07T23:00:00.000000Z","support":"Grand format","publisher_availability":1,"stock":0,"editions":[],"url":"https:\/\/quaidesbrumes.com\/ouvrage\/9782908016673\/le-mode-mineur-de-la-creation"},{"id":"9782868394651","title":"Nouvelles considerations sur la raison humaine","description":"A tout homme se pose la question primordiale de d\u00e9terminer quelles sont les r\u00e8gles sur lesquelles il est possible de fonder la validit\u00e9 de ses actes. A l'exp\u00e9rience, et contre Kant, tout ordre humain ne peut \u00eatre l\u00e9gitime que dans la mesure o\u00f9 il se conforme aux lois de l'ordre universel qu'il ne peut transgresser sous peine de se voir d\u00e9truit, par suite des d\u00e9sordres qui en r\u00e9sultent in\u00e9vitablement. Tout acte, pour \u00eatre l\u00e9gitime, doit correspondre \u00e0 une v\u00e9rit\u00e9 r\u00e9elle, c'est-\u00e0-dire la v\u00e9rit\u00e9 seule et unique qu'autorise la r\u00e9alit\u00e9, celle de l'ordre universel. Quelle est la capacit\u00e9 de la raison humaine \u00e0 appr\u00e9hender en v\u00e9rit\u00e9 ces r\u00e9alit\u00e9s normatives ? Entreprendre une r\u00e9flexion sur la notion de l\u00e9gitimit\u00e9 de l'action humaine et de ses multiples cons\u00e9quences, sous toutes les formes qu'elle peut rev\u00eatir - la l\u00e9gitimit\u00e9 du pouvoir d'Etat n'est pas la moindre - conduit donc \u00e0 entreprendre, avant tout autre travail sur ce sujet, une  Critique de la raison . Tel est l'objet du pr\u00e9sent ouvrage, premier d'une s\u00e9rie de trois dont le fil conducteur est la qu\u00eate de la l\u00e9gitimit\u00e9 de l'action.\r","authors":["Andr\u00e9 Gandillon"],"category_codes":["9000000","9080000"],"visuals":{"large":"https:\/\/quaidesbrumes.com\/img\/book-placeholder.png","medium":"https:\/\/quaidesbrumes.com\/img\/book-placeholder.png","thumbnail":"https:\/\/quaidesbrumes.com\/img\/book-placeholder.png"},"orderable":true,"show_badge":true,"formatted_price":"21,70&nbsp;\u20ac","formatted_published_date":"23 mai 1997","publisher_availability_label":"Sur commande","short_details":"Andr\u00e9 Gandillon \u2014 Francois-Xavier De Guibert","translator":null,"weight":315,"page_count":null,"readership":null,"editor":"Francois-Xavier De Guibert","price":2170,"published_date":"1997-05-22T22:00:00.000000Z","support":"Grand format","publisher_availability":1,"stock":0,"editions":[],"url":"https:\/\/quaidesbrumes.com\/ouvrage\/9782868394651\/nouvelles-considerations-sur-la-raison-humaine"},{"id":"9782738453242","title":"Education et scepticisme chez Montaigne ou p\u00e9dantisme et exercice du jugement","description":"Les d\u00e9bats actuels autour de l'\u00e9cole s'ordonnent, semble-t-il, autour de deux positions, jug\u00e9es inconciliables. Les uns tiennent que l'\u00e9cole est et doit demeurer un lieu de transmission du savoir. Les autres, au nom de motifs et de raisons multiples, plaident pour une n\u00e9cessaire \u00ab ouverture de l'\u00e9cole \u00e0 la vie ou \u00e0 l'enfant \u00bb. Les premiers se disent soucieux des savoirs et des disciplines ; les seconds, de p\u00e9dagogie. Ce qu'aucune des deux positions \u00e9voqu\u00e9es n'interroge, c'est le sens de l'exp\u00e9rience que nous faisons du savoir \u00e0 l'\u00e9cole. Cet ouvrage \u00e0 pour objet cette exp\u00e9rience. On retrouve ainsi toute une tradition culturelle, en particulier Montaigne et Val\u00e9ry, qui sous le nom de p\u00e9dantisme, chercha \u00e0 penser les difficult\u00e9s de cette exp\u00e9rience, autant qu'elle chercha \u00e0 appr\u00e9cier les conditions susceptibles de r\u00e9aliser une culture libre du jugement.\r","authors":["Hubert Vincent"],"category_codes":["9000000","9080000"],"visuals":{"large":"https:\/\/images.epagine.fr\/242\/9782738453242_1_75.jpg","medium":"https:\/\/images.epagine.fr\/242\/9782738453242_1_m.jpg","thumbnail":"https:\/\/images.epagine.fr\/242\/9782738453242_1_v.jpg"},"orderable":true,"show_badge":true,"formatted_price":"29,50&nbsp;\u20ac","formatted_published_date":"3 mai 2000","publisher_availability_label":"Sur commande","short_details":"Hubert Vincent \u2014 \u00c9ditions L'Harmattan","translator":null,"weight":384,"page_count":318,"readership":null,"editor":"\u00c9ditions L'Harmattan","price":2950,"published_date":"2000-05-02T22:00:00.000000Z","support":"Grand format","publisher_availability":1,"stock":0,"editions":[],"url":"https:\/\/quaidesbrumes.com\/ouvrage\/9782738453242\/education-et-scepticisme-chez-montaigne-ou-pedantisme-et-exercice-du-jugement"},{"id":"9782747579872","title":"Philosophie et doctrine du droit chez Kant, Fichte et Hegel","description":"O\u00f9, nous autres Fran\u00e7ais, pouvons-nous trouver ailleurs que dans la r\u00e9flexion juridique de Kant, de Fichte et de Hegel, la plus grande tentative de compr\u00e9hension rationnelle de toute vie juridique, du droit priv\u00e9 interne jusqu'au droit public international ? D'autant plus que cette tentative a d'abord voulu rendre compte et tirer les cons\u00e9quences de l'\u00e9v\u00e8nement majeur qui s'est pass\u00e9 chez nous, la R\u00e9volution et le bouleversement qu'elle a introduit dans toute la vie juridique, politique, \u00e9conomique et sociale.","authors":["Paul Dubouchet"],"category_codes":["9000000","9080000"],"visuals":{"large":"https:\/\/images.epagine.fr\/872\/9782747579872_1_75.jpg","medium":"https:\/\/images.epagine.fr\/872\/9782747579872_1_m.jpg","thumbnail":"https:\/\/images.epagine.fr\/872\/9782747579872_1_v.jpg"},"orderable":true,"show_badge":true,"formatted_price":"15,50&nbsp;\u20ac","formatted_published_date":"2 avril 2005","publisher_availability_label":"Sur commande","short_details":"Paul Dubouchet \u2014 \u00c9ditions L'Harmattan","translator":null,"weight":210,"page_count":164,"readership":null,"editor":"\u00c9ditions L'Harmattan","price":1550,"published_date":"2005-04-01T22:00:00.000000Z","support":"Grand format","publisher_availability":1,"stock":0,"editions":[],"url":"https:\/\/quaidesbrumes.com\/ouvrage\/9782747579872\/philosophie-et-doctrine-du-droit-chez-kant-fichte-et-hegel"},{"id":"9782738454201","title":"Contradiction et alt\u00e9ration chez J.J.Rousseau","description":"La \u00ab contradiction \u00bb structure la r\u00e9alit\u00e9 sociale-historique : telle est la th\u00e8se de Rousseau que les textes rassembl\u00e9s ici se proposent d'\u00e9clairer. Ainsi, la r\u00e9alit\u00e9 n'est pas simple, mais travaill\u00e9e par des processus complexes de transformations. Sur la sc\u00e8ne de l'histoire individuelle et collective, toute unit\u00e9 est unit\u00e9 de contraires. Le g\u00e9nie de Rousseau est d'interroger les pr\u00e9tendues harmonies, les unit\u00e9s non contradictoires, que l'on voudrait dispensatrices d'ordre et de paix. Ces harmonies d\u00e9guisent en fait des cha\u00eenes, que par l\u00e0 m\u00eame elles pr\u00e9servent de toute reconnaissance et de toute remise en cause. La critique des Philosophes et de leur id\u00e9ologie \u00e9conomique trouve l\u00e0 son fondement et sa vis\u00e9e.\r","authors":["Francis Imbert"],"category_codes":["9000000","9080000"],"visuals":{"large":"https:\/\/images.epagine.fr\/201\/9782738454201_1_75.jpg","medium":"https:\/\/images.epagine.fr\/201\/9782738454201_1_m.jpg","thumbnail":"https:\/\/images.epagine.fr\/201\/9782738454201_1_v.jpg"},"orderable":true,"show_badge":true,"formatted_price":"29,50&nbsp;\u20ac","formatted_published_date":"3 mai 2000","publisher_availability_label":"Sur commande","short_details":"Francis Imbert \u2014 \u00c9ditions L'Harmattan","translator":null,"weight":406,"page_count":332,"readership":null,"editor":"\u00c9ditions L'Harmattan","price":2950,"published_date":"2000-05-02T22:00:00.000000Z","support":"Grand format","publisher_availability":1,"stock":0,"editions":[],"url":"https:\/\/quaidesbrumes.com\/ouvrage\/9782738454201\/contradiction-et-alteration-chez-jjrousseau"},{"id":"9782738451774","title":"Les \u00e9chelons de l'\u00eatre : De la mol\u00e9cule \u00e0 l'esprit","description":"Cet ouvrage est une th\u00e9orie du vivant et de la conscience. L'auteur essaie principalement de r\u00e9pondre \u00e0 la question : \u00ab qu'est-ce que la vie, ou plus concr\u00e8tement, qu'est-ce qu'un vivant ? \u00bb. Cette notion est pr\u00e9sent\u00e9e comme un syst\u00e8me dont l'originalit\u00e9 est de poss\u00e9der une structure ambivalente, avec deux faces compl\u00e9mentaires : l'une, ext\u00e9rieure, compos\u00e9e de multiples parties observables ; l'autre, int\u00e9rieure, voil\u00e9e. Apparue chez les premiers vivants, cette structure est all\u00e9e en se d\u00e9veloppant avec la complexification croissante de la mati\u00e8re. C'est avec l'homme que le saut est le plus important : qu'est-ce qui fait que le fonctionnement du cerveau humain, dans ce qu'il a de plus sp\u00e9cifique, est la recherche du vrai, d'une qu\u00eate de la justice, ou encore d'une cr\u00e9ation de beaut\u00e9 ?\r","authors":["Michel Lefeuvre"],"category_codes":["9000000","9080000"],"visuals":{"large":"https:\/\/images.epagine.fr\/774\/9782738451774_1_75.jpg","medium":"https:\/\/images.epagine.fr\/774\/9782738451774_1_m.jpg","thumbnail":"https:\/\/images.epagine.fr\/774\/9782738451774_1_v.jpg"},"orderable":true,"show_badge":true,"formatted_price":"19,00&nbsp;\u20ac","formatted_published_date":"26 mai 1997","publisher_availability_label":"Sur commande","short_details":"Michel Lefeuvre \u2014 \u00c9ditions L'Harmattan","translator":null,"weight":252,"page_count":190,"readership":null,"editor":"\u00c9ditions L'Harmattan","price":1900,"published_date":"1997-05-25T22:00:00.000000Z","support":"Grand format","publisher_availability":1,"stock":0,"editions":[],"url":"https:\/\/quaidesbrumes.com\/ouvrage\/9782738451774\/les-echelons-de-letre-de-la-molecule-a-lesprit"},{"id":"9782738454676","title":"LA SCIENCE PREMIERE : Une pens\u00e9e pour le pr\u00e9sent et l'avenir","description":"Dans notre modernit\u00e9 occidentale, les sciences sont sp\u00e9cialis\u00e9es et en oublient leur origine commune. Une science dite premi\u00e8re porte rem\u00e8de \u00e0 cet \u00e9tat de chose sans d\u00e9g\u00e9n\u00e9rer en m\u00e9taphysique, ni contester l'autonomie des sciences locales. Elle \u00e9tudie globalement les lois d'invention du r\u00e9el - f\u00fbt-il \u00e9thique et politique - en amont des sciences locales et de la philosophie m\u00eame. Nietzsche et Husserl annoncent cette science nouvelle, dont la m\u00e9thode nomm\u00e9e europanalyse contribuera \u00e0 bouleverser l'occidentalo-centrisme.\r","authors":["Serge Valdinoci"],"category_codes":["9000000","9080000"],"visuals":{"large":"https:\/\/images.epagine.fr\/676\/9782738454676_1_75.jpg","medium":"https:\/\/images.epagine.fr\/676\/9782738454676_1_m.jpg","thumbnail":"https:\/\/images.epagine.fr\/676\/9782738454676_1_v.jpg"},"orderable":true,"show_badge":true,"formatted_price":"46,50&nbsp;\u20ac","formatted_published_date":"3 mai 2000","publisher_availability_label":"Sur commande","short_details":"Serge Valdinoci \u2014 \u00c9ditions L'Harmattan","translator":null,"weight":646,"page_count":540,"readership":null,"editor":"\u00c9ditions L'Harmattan","price":4650,"published_date":"2000-05-02T22:00:00.000000Z","support":"Grand format","publisher_availability":1,"stock":0,"editions":[],"url":"https:\/\/quaidesbrumes.com\/ouvrage\/9782738454676\/la-science-premiere-une-pensee-pour-le-present-et-lavenir"},{"id":"9782738454133","title":"Essai sur la quantit\u00e9, la qualit\u00e9, la relation chez Kant, Hegel, Deleuze : Les \"fleurs noires\" de la logique philosophique","description":"Cet essai aborde ensemble les pens\u00e9es de Kant, Hegel, et Deleuze, dont on sait combien elles sont en tension. Il s'agit pourtant ici de refuser les d\u00e9crets trop tranchants que les syst\u00e8mes institu\u00e9s portent les uns sur les autres. Les auteurs rapprochent trois dispositifs divergents : la compl\u00e9mentarit\u00e9 de l'intuition et de l'entendement dans le jugement synth\u00e9tique a priori ; la n\u00e9gativit\u00e9 distendant le M\u00eame jusqu'\u00e0 l'extr\u00eame de l'alt\u00e9rit\u00e9 dans la contradiction dialectique ; enfin, l'affirmation unilat\u00e9rale de l'intensit\u00e9 dans la pens\u00e9e de la diff\u00e9rence pure. Exploiter les fr\u00f4lements qui peuvent survenir dans la r\u00e9gulation de ces rapports, ce n'est pas vouloir les r\u00e9concilier. C'est, au contraire, se donner la possibilit\u00e9 de saisir leur diff\u00e9rence au moment m\u00eame o\u00f9 elle se fait.\r","authors":["Juliette Simont"],"category_codes":["9000000","9080000"],"visuals":{"large":"https:\/\/images.epagine.fr\/133\/9782738454133_1_75.jpg","medium":"https:\/\/images.epagine.fr\/133\/9782738454133_1_m.jpg","thumbnail":"https:\/\/images.epagine.fr\/133\/9782738454133_1_v.jpg"},"orderable":true,"show_badge":true,"formatted_price":"38,00&nbsp;\u20ac","formatted_published_date":"3 mai 2000","publisher_availability_label":"Sur commande","short_details":"Juliette Simont \u2014 \u00c9ditions L'Harmattan","translator":null,"weight":508,"page_count":426,"readership":null,"editor":"\u00c9ditions L'Harmattan","price":3800,"published_date":"2000-05-02T22:00:00.000000Z","support":"Grand format","publisher_availability":1,"stock":0,"editions":[],"url":"https:\/\/quaidesbrumes.com\/ouvrage\/9782738454133\/essai-sur-la-quantite-la-qualite-la-relation-chez-kant-hegel-deleuze-les-fleurs-noires-de-la-logique-philosophique"},{"id":"9782843210068","title":"Des lois de l'esprit","description":"Vauvenargues est le premier moraliste moderne. De l'Antiquit\u00e9 au Grand Si\u00e8cle, ses pr\u00e9d\u00e9cesseurs s'\u00e9taient adonn\u00e9s \u00e0 la satire de l'homme et des moeurs, se flattant sur la valeur de le\u00e7ons formul\u00e9es en aphorismes ing\u00e9nieux et vains. Lui, en revanche, croit au pouvoir de l'\u00e9loquence pour inspirer la vertu et la grandeur en la peignant. Il croit que s'adresser au sentiment du lecteur, au nom du sentiment qu'on \u00e9prouve, c'est atteindre aussi sa raison, car l'homme est un et ses facult\u00e9s forment un tout indissociable. Il veut \u00e9crire uniquement en vertu de ce que peuvent ressentir et conna\u00eetre le g\u00e9nie, le h\u00e9ros, la grande \u00e2me, \u00ab l'esprit \u00e9tendu \u00bb. Il souhaite que la pens\u00e9e s'appuie sur la r\u00e9alit\u00e9 du si\u00e8cle, jug\u00e9 dans son mouvement et ses d\u00e9ficiences, pour s'\u00e9lancer vers les id\u00e9es de gloire, de vertu, de beaut\u00e9.\r\nVauvenargues propose ainsi un h\u00e9ro\u00efsme contemporain, une noblesse nouvelle qui n'attend rien du monde, qu'il faut pourtant dominer, mais tout du moi qui s'y voue et de la lign\u00e9e qu'il se donne : exaltation d'une \u00e9thique universelle, inspir\u00e9e de l'antique, au b\u00e9n\u00e9fice d'un humanisme des Lumi\u00e8res privil\u00e9giant r\u00e9solument la personne. Le moraliste s'efface derri\u00e8re le \u00ab philosophe \u00bb, auquel il donne en retour les moyens d'agir sur le monde.\r","authors":["Vauvenargues"],"category_codes":["9000000","9080000"],"visuals":{"large":"https:\/\/quaidesbrumes.com\/img\/book-placeholder.png","medium":"https:\/\/quaidesbrumes.com\/img\/book-placeholder.png","thumbnail":"https:\/\/quaidesbrumes.com\/img\/book-placeholder.png"},"orderable":true,"show_badge":true,"formatted_price":"20,10&nbsp;\u20ac","formatted_published_date":"1er novembre 1998","publisher_availability_label":"Sur commande","short_details":"Vauvenargues \u2014 DESJONQUERES","translator":null,"weight":382,"page_count":320,"readership":null,"editor":"DESJONQUERES","price":2010,"published_date":"1998-10-31T23:00:00.000000Z","support":"Grand format","publisher_availability":1,"stock":0,"editions":[],"url":"https:\/\/quaidesbrumes.com\/ouvrage\/9782843210068\/des-lois-de-lesprit"},{"id":"9782738459077","title":"Structure, syst\u00e8me, champ et th\u00e9orie du sujet","description":"Des philosophes et des th\u00e9oriciens des sciences sociales, en se r\u00e9f\u00e9rant \u00e0 divers auteurs ou courants de pens\u00e9e tentent de r\u00e9pondre dans ce livre \u00e0 plusieurs questions : Les th\u00e9ories de l'action rationnelle sont-elles en train de damer le pion aux th\u00e9ories d'esprit structural ? Peut-on expliquer une structure, un syst\u00e8me ou un champ en terme d'interaction, de convention, de contrat ?\r","authors":["Collectif"],"category_codes":["9000000","9080000","9080200","9080204"],"visuals":{"large":"https:\/\/images.epagine.fr\/077\/9782738459077_1_75.jpg","medium":"https:\/\/images.epagine.fr\/077\/9782738459077_1_m.jpg","thumbnail":"https:\/\/images.epagine.fr\/077\/9782738459077_1_v.jpg"},"orderable":true,"show_badge":true,"formatted_price":"29,50&nbsp;\u20ac","formatted_published_date":"3 mai 2000","publisher_availability_label":"Sur commande","short_details":"Collectif \u2014 \u00c9ditions L'Harmattan","translator":null,"weight":470,"page_count":352,"readership":null,"editor":"\u00c9ditions L'Harmattan","price":2950,"published_date":"2000-05-02T22:00:00.000000Z","support":"Grand format","publisher_availability":1,"stock":0,"editions":[],"url":"https:\/\/quaidesbrumes.com\/ouvrage\/9782738459077\/structure-systeme-champ-et-theorie-du-sujet"},{"id":"9782738450241","title":"Dire l'\u00e9vidence : (Philosophie et rh\u00e9torique antiques)","description":"De nombreux articles \u00e9crits par des sp\u00e9cialistes de la rh\u00e9torique et de la philosophie, sur les proc\u00e9dures pour construire l'\u00e9vidence, sur les vraies ou fausses \u00e9vidences, sur les \u00ab \u00e9vidences \u00bb dans les diff\u00e9rents courants philosophiques, entre autres.\r","authors":["Carlos L\u00e9vy"],"category_codes":["9000000","9080000"],"visuals":{"large":"https:\/\/images.epagine.fr\/241\/9782738450241_1_75.jpg","medium":"https:\/\/images.epagine.fr\/241\/9782738450241_1_m.jpg","thumbnail":"https:\/\/images.epagine.fr\/241\/9782738450241_1_v.jpg"},"orderable":true,"show_badge":true,"formatted_price":"45,00&nbsp;\u20ac","formatted_published_date":"3 mai 2000","publisher_availability_label":"Sur commande","short_details":"Carlos L\u00e9vy \u2014 \u00c9ditions L'Harmattan","translator":null,"weight":614,"page_count":448,"readership":null,"editor":"\u00c9ditions L'Harmattan","price":4500,"published_date":"2000-05-02T22:00:00.000000Z","support":"Grand format","publisher_availability":1,"stock":0,"editions":[],"url":"https:\/\/quaidesbrumes.com\/ouvrage\/9782738450241\/dire-levidence-philosophie-et-rhetorique-antiques"},{"id":"9782738453211","title":"Eloge de la civilite - critique du citoyen moderne","description":"Sur ces bases, il d\u00e9gage un concept de \u00ab Communaut\u00e9 populaire \u00bb visant \u00e0 prendre le relais des notions de \u00ab Classe sociale \u00bb ou de \u00ab Soci\u00e9t\u00e9 \u00bb.\r","authors":["Philippe Zarifian"],"category_codes":["9000000","9110000","9110400"],"visuals":{"large":"https:\/\/images.epagine.fr\/211\/9782738453211_1_75.jpg","medium":"https:\/\/images.epagine.fr\/211\/9782738453211_1_m.jpg","thumbnail":"https:\/\/images.epagine.fr\/211\/9782738453211_1_v.jpg"},"orderable":true,"show_badge":true,"formatted_price":"24,00&nbsp;\u20ac","formatted_published_date":"3 mai 2000","publisher_availability_label":"Sur commande","short_details":"Philippe Zarifian \u2014 \u00c9ditions L'Harmattan","translator":null,"weight":328,"page_count":null,"readership":null,"editor":"\u00c9ditions L'Harmattan","price":2400,"published_date":"2000-05-02T22:00:00.000000Z","support":"Grand format","publisher_availability":1,"stock":0,"editions":[],"url":"https:\/\/quaidesbrumes.com\/ouvrage\/9782738453211\/eloge-de-la-civilite-critique-du-citoyen-moderne"},{"id":"9782012353138","title":"Nietzsche : La v\u00e9rit\u00e9 de la vie intense","description":"\"D\u00e9finir la philosophie de Nietzsche par la liaison \u00e9troite qu'elle \u00e9tablit entre la connaissance et l'existence, par la corr\u00e9lation qu'elle maintient d'un bout \u00e0 l'autre entre la qualit\u00e9 de la pens\u00e9e et la qualit\u00e9 de la vie, c'est sans doute l'atteindre dans sa tendance constitutive, rejoindre sa direction la plus personnelle. On peut d\u00e9finir la pens\u00e9e de Nietzsche tout enti\u00e8re par la conception du jugement de valeur qu'elle inclut. Son originalit\u00e9 consiste \u00e0 ne jamais dissocier le jugement de valeur du jugement de v\u00e9rit\u00e9. La valeur recouvre toujours un fait r\u00e9el : une illusion ne peut jamais \u00eatre la source d'une valeur. Et puisque ne valent que les faits, seule la pens\u00e9e exacte, respectueuse des faits, peut fonder une forme valable de l'existence. Chez Nietzsche, la v\u00e9rit\u00e9, que la th\u00e9orie de la culture et, plus largement, de l'existence, le principe des jugements de valeur.\"  Ga\u00e9tan Picon (1915-1976), agr\u00e9g\u00e9 de philosophie, a \u00e9t\u00e9 directeur des Arts et Lettres au minist\u00e8re des Affaires culturelles puis directeur d'\u00e9tudes \u00e0 l'Ecole pratique des hautes \u00e9tudes. Il est l'auteur de tr\u00e8s nombreux ouvrages, tant sur l'art que sur la litt\u00e9rature. Parmi eux : Panorama de la nouvelle litt\u00e9rature fran\u00e7aise (Gallimard, derni\u00e8re ed., 1988), Admirable tremblement du temps (Skira, coll. \"Les sentiers de la cr\u00e9ation\", 1970). Le pr\u00e9sent essai sur Nietzsche, r\u00e9dig\u00e9 en 1937, est in\u00e9dit.\r\nPr\u00e9face de Marc de Launay.","authors":["Ga\u00ebtan Picon"],"category_codes":["1000000","1070000","1070200"],"visuals":{"large":"https:\/\/images.epagine.fr\/138\/9782012353138_1_75.jpg","medium":"https:\/\/images.epagine.fr\/138\/9782012353138_1_m.jpg","thumbnail":"https:\/\/images.epagine.fr\/138\/9782012353138_1_v.jpg"},"orderable":true,"show_badge":true,"formatted_price":"19,10&nbsp;\u20ac","formatted_published_date":"21 janvier 1998","publisher_availability_label":"Sur commande","short_details":"Ga\u00ebtan Picon \u2014 Hachette Litteratures","translator":null,"weight":290,"page_count":250,"readership":null,"editor":"Hachette Litteratures","price":1910,"published_date":"1998-01-20T23:00:00.000000Z","support":"Grand format","publisher_availability":1,"stock":0,"editions":[],"url":"https:\/\/quaidesbrumes.com\/ouvrage\/9782012353138\/nietzsche-la-verite-de-la-vie-intense"},{"id":"9782738459039","title":"LE NOUVEAU REALISME SCIENTIFIQUE : Recherches philosophiques en microphysique","description":"Essai d'interpr\u00e9tation r\u00e9aliste de la M\u00e9canique Quantique, le nouveau r\u00e9alisme scientifique profess\u00e9 par ce livre est un r\u00e9alisme ouvert, conforme aux potentialit\u00e9s du r\u00e9el. Ce r\u00e9alisme d\u00e9passe l'\u00e9troitesse du r\u00e9alisme intuitif, ainsi que la na\u00efvet\u00e9 du positivisme. Prendre aujourd'hui parti en faveur du r\u00e9alisme scientifique, c'est prendre parti en faveur d'une conception du monde rationnel, fond\u00e9 sur les acquis des sciences.\r","authors":["Eftichios Bitsakis"],"category_codes":["9000000","9080000"],"visuals":{"large":"https:\/\/images.epagine.fr\/039\/9782738459039_1_75.jpg","medium":"https:\/\/images.epagine.fr\/039\/9782738459039_1_m.jpg","thumbnail":"https:\/\/images.epagine.fr\/039\/9782738459039_1_v.jpg"},"orderable":true,"show_badge":true,"formatted_price":"24,00&nbsp;\u20ac","formatted_published_date":"3 mai 2000","publisher_availability_label":"Sur commande","short_details":"Eftichios Bitsakis \u2014 \u00c9ditions L'Harmattan","translator":null,"weight":340,"page_count":272,"readership":null,"editor":"\u00c9ditions L'Harmattan","price":2400,"published_date":"2000-05-02T22:00:00.000000Z","support":"Grand format","publisher_availability":1,"stock":0,"editions":[],"url":"https:\/\/quaidesbrumes.com\/ouvrage\/9782738459039\/le-nouveau-realisme-scientifique-recherches-philosophiques-en-microphysique"},{"id":"9782705668747","title":"Philosophies d'ailleurs, tome 2 : Les pens\u00e9es h\u00e9bra\u00efques, arabes, persanes et \u00e9gyptiennes","description":"Ces extraits de textes philosophiques des diff\u00e9rentes traditions sont regroup\u00e9s par langue d'origine et pr\u00e9sent\u00e9s par divers sp\u00e9cialistes internationaux. Les corpus sont \u00e9clair\u00e9s par des \u00e9tudes de synth\u00e8se et accompagn\u00e9s de notes, glossaires et r\u00e9f\u00e9rences.","authors":["Roger-Pol Droit"],"category_codes":["9000000","9080000"],"visuals":{"large":"https:\/\/images.epagine.fr\/747\/9782705668747_1_75.jpg","medium":"https:\/\/images.epagine.fr\/747\/9782705668747_1_m.jpg","thumbnail":"https:\/\/images.epagine.fr\/747\/9782705668747_1_v.jpg"},"orderable":true,"show_badge":true,"formatted_price":"66,00&nbsp;\u20ac","formatted_published_date":"4 septembre 2009","publisher_availability_label":"Sur commande","short_details":"Roger-Pol Droit \u2014 Hermann","translator":null,"weight":549,"page_count":462,"readership":null,"editor":"Hermann","price":6600,"published_date":"2009-09-03T22:00:00.000000Z","support":"Grand format","publisher_availability":1,"stock":0,"editions":[],"url":"https:\/\/quaidesbrumes.com\/ouvrage\/9782705668747\/philosophies-dailleurs-tome-2-les-pensees-hebraiques-arabes-persanes-et-egyptiennes"},{"id":"9782845194625","title":"La proph\u00e9tie des papes attribu\u00e9e \u00e0 S. Malachie : \u00e9tude critique","description":"Saint Malachie (1094 \u2020 1148) fut archev\u00eaque de l'Irlande, ami du pape Innocent II et de saint Bernard de Clairvaux. Le caract\u00e8re m\u00eame de la proph\u00e9tie justifie l'amphibologie et le caract\u00e8re symbolique de chaque devise compos\u00e9e par s. Malachie (parfois un nom patronymique, un anagramme, un lieu de naissance propre au pr\u00e9lat d\u00e9sign\u00e9, sa personnalit\u00e9 ou son oeuvre et autres) ; il a fallu la sainte prudence et la grande science th\u00e9ologique de l'abb\u00e9 MA\u00ceTRE pour interpr\u00e9ter solidement le texte de SAINT MALACHIE : \u00ab les quelques consid\u00e9rations - \u00e9crit l'auteur - que nous aurons \u00e0 d\u00e9velopper sur les devises de l'avenir ne doivent trouver leur plan qu'\u00e0 titre de remarques pour la Fin de la Proph\u00e9tie, car elles ne doivent pas d\u00e9signer d'avance le personnage d'une mani\u00e8re certaine \u00e0 l'attention populaire(pp. 270 sq). \u00bb\r","authors":["Joseph Maitre"],"category_codes":["7000000","7020000","7020200","7020206"],"visuals":{"large":"https:\/\/images.epagine.fr\/625\/9782845194625_1_75.jpg","medium":"https:\/\/images.epagine.fr\/625\/9782845194625_1_m.jpg","thumbnail":"https:\/\/images.epagine.fr\/625\/9782845194625_1_v.jpg"},"orderable":true,"show_badge":true,"formatted_price":"45,00&nbsp;\u20ac","formatted_published_date":"8 juin 2015","publisher_availability_label":"Sur commande","short_details":"Joseph Maitre \u2014 Saint-Remi","translator":null,"weight":0,"page_count":880,"readership":null,"editor":"Saint-Remi","price":4500,"published_date":"2015-06-07T22:00:00.000000Z","support":"Grand format","publisher_availability":1,"stock":0,"editions":["9782012816589"],"url":"https:\/\/quaidesbrumes.com\/ouvrage\/9782845194625\/la-prophetie-des-papes-attribuee-a-s-malachie-etude-critique"},{"id":"9782845194779","title":"R\u00e9futation des mat\u00e9rialistes et des d\u00e9istes","description":"Par lui-m\u00eame, aucun corps ne peut se mouvoir, parce que la mati\u00e8re est inerte et purement passive ; en outre, c'est un principe admis par tous les philosophes et une chose \u00e9vidente pour tous, que le corps qui se meut, est m\u00fb par un autre agent. Ce dernier moteur ne peut \u00eatre un autre corps, puisque si aucun corps ne peut avoir le mouvement par lui-m\u00eame, encore moins peut-il le donner \u00e0 d'autres. Chaque corps doit donc n\u00e9cessairement recevoir le mouvement d'un agent qui ne soit pas mat\u00e9riel, mais spirituel. Or, on demande d'o\u00f9 cette mati\u00e8re et ces corps que nous voyons, ont re\u00e7u et re\u00e7oivent le mouvement ? Est-ce d'ailleurs ou d'eux-m\u00eames ? Le propos des mat\u00e9rialistes est incons\u00e9quent (p. 50, sq).\r","authors":["Alphonse de Liguori"],"category_codes":["9000000","9080000"],"visuals":{"large":"https:\/\/images.epagine.fr\/779\/9782845194779_1_75.jpg","medium":"https:\/\/images.epagine.fr\/779\/9782845194779_1_m.jpg","thumbnail":"https:\/\/images.epagine.fr\/779\/9782845194779_1_v.jpg"},"orderable":true,"show_badge":true,"formatted_price":"17,00&nbsp;\u20ac","formatted_published_date":"8 juin 2015","publisher_availability_label":"Sur commande","short_details":"Alphonse de Liguori \u2014 Saint-Remi","translator":null,"weight":0,"page_count":228,"readership":null,"editor":"Saint-Remi","price":1700,"published_date":"2015-06-07T22:00:00.000000Z","support":"Grand format","publisher_availability":1,"stock":0,"editions":[],"url":"https:\/\/quaidesbrumes.com\/ouvrage\/9782845194779\/refutation-des-materialistes-et-des-deistes"}]}