{"data":[{"id":"9782738466235","title":"Image et Absence : Essai sur le regard","description":"Les images nous hantent, nous agressent, nous fascinent. Elles encombrent notre corps, nos r\u00eaves et nos pens\u00e9es car elles mettent notre regard \u00e0 l'\u00e9preuve d'une absence : explosantes ou \u00e9vanescentes, elles meurent aussi sous forme de clich\u00e9s. Cet essai \u00e9tudie l'ambivalence de l'image selon son d\u00e9faut o\u00f9 son exc\u00e8s \u00e0 travers la philosophie, la peinture ou la litt\u00e9rature.\r","authors":["Fran\u00e7ois Noudelmann"],"category_codes":["9000000","9100000","9100400"],"visuals":{"large":"https:\/\/images.epagine.fr\/235\/9782738466235_1_75.jpg","medium":"https:\/\/images.epagine.fr\/235\/9782738466235_1_m.jpg","thumbnail":"https:\/\/images.epagine.fr\/235\/9782738466235_1_v.jpg"},"orderable":true,"show_badge":true,"formatted_price":"25,00&nbsp;\u20ac","formatted_published_date":"3 mai 2000","publisher_availability_label":"Sur commande","short_details":"Fran\u00e7ois Noudelmann \u2014 \u00c9ditions L'Harmattan","translator":null,"weight":294,"page_count":236,"readership":null,"editor":"\u00c9ditions L'Harmattan","price":2500,"published_date":"2000-05-02T22:00:00.000000Z","support":"Grand format","publisher_availability":1,"stock":0,"editions":[],"url":"https:\/\/quaidesbrumes.com\/ouvrage\/9782738466235\/image-et-absence-essai-sur-le-regard"},{"id":"9782738461308","title":"Services publics, solidarit\u00e9 et citoyennet\u00e9","description":"Les services publics seraient-ils l'expression d'un particularisme fran\u00e7ais d\u00e9pass\u00e9 ? Privatis\u00e9s, ne gagneraient-ils pas en qualit\u00e9, \u00e0 la plus grande satisfaction des usagers ? Les services publics passent pour un h\u00e9ritage encombrant : ils seraient trop co\u00fbteux et fourniraient \u00e0 l'Etat providence une l\u00e9gitimation abusive pour r\u00e9genter la vie sociale. Mais en imaginant qu'on pourrait faire l'\u00e9conomie des services publics, c'est au sens m\u00eame de la citoyennet\u00e9 qu'on porte atteinte. On met par l\u00e0 en danger l'exigence d\u00e9mocratique d'une participation de chacun \u00e0 la vie politique sous le signe de la justice.","authors":["Collectif"],"category_codes":["9000000","9080000","9080200","9080204"],"visuals":{"large":"https:\/\/images.epagine.fr\/308\/9782738461308_1_75.jpg","medium":"https:\/\/images.epagine.fr\/308\/9782738461308_1_m.jpg","thumbnail":"https:\/\/images.epagine.fr\/308\/9782738461308_1_v.jpg"},"orderable":true,"show_badge":true,"formatted_price":"22,50&nbsp;\u20ac","formatted_published_date":"3 mai 2000","publisher_availability_label":"Sur commande","short_details":"Collectif \u2014 \u00c9ditions L'Harmattan","translator":null,"weight":296,"page_count":240,"readership":null,"editor":"\u00c9ditions L'Harmattan","price":2250,"published_date":"2000-05-02T22:00:00.000000Z","support":"Grand format","publisher_availability":1,"stock":0,"editions":[],"url":"https:\/\/quaidesbrumes.com\/ouvrage\/9782738461308\/services-publics-solidarite-et-citoyennete"},{"id":"9782870603482","title":"Consensus impossible","description":null,"authors":["Edouard Delruelle"],"category_codes":["9000000","9080000","9080200","9080204"],"visuals":{"large":"https:\/\/quaidesbrumes.com\/img\/book-placeholder.png","medium":"https:\/\/quaidesbrumes.com\/img\/book-placeholder.png","thumbnail":"https:\/\/quaidesbrumes.com\/img\/book-placeholder.png"},"orderable":true,"show_badge":true,"formatted_price":"20,58&nbsp;\u20ac","formatted_published_date":"22 janvier 2004","publisher_availability_label":"Sur commande","short_details":"Edouard Delruelle \u2014 Ousia","translator":null,"weight":0,"page_count":null,"readership":null,"editor":"Ousia","price":2058,"published_date":"2004-01-21T23:00:00.000000Z","support":"Grand format","publisher_availability":1,"stock":0,"editions":[],"url":"https:\/\/quaidesbrumes.com\/ouvrage\/9782870603482\/consensus-impossible"},{"id":"9782910814076","title":"No 796\/797 - aout\/septembre 1995 - les ecrivains et la guerre","description":null,"authors":["Anonyme"],"category_codes":["9000000","9080000","9080200"],"visuals":{"large":"https:\/\/quaidesbrumes.com\/img\/book-placeholder.png","medium":"https:\/\/quaidesbrumes.com\/img\/book-placeholder.png","thumbnail":"https:\/\/quaidesbrumes.com\/img\/book-placeholder.png"},"orderable":true,"show_badge":true,"formatted_price":"16,77&nbsp;\u20ac","formatted_published_date":"6 septembre 1995","publisher_availability_label":"Sur commande","short_details":"Anonyme \u2014 Revue Europe","translator":null,"weight":308,"page_count":null,"readership":null,"editor":"Revue Europe","price":1677,"published_date":"1995-09-05T22:00:00.000000Z","support":"Revue","publisher_availability":1,"stock":0,"editions":[],"url":"https:\/\/quaidesbrumes.com\/ouvrage\/9782910814076\/no-796797-aoutseptembre-1995-les-ecrivains-et-la-guerre"},{"id":"9782872093632","title":"The Curry Howard isomorphism","description":null,"authors":["Cahiers Du Centre Lo"],"category_codes":["9000000","9080000","9080200","9080204"],"visuals":{"large":"https:\/\/images.epagine.fr\/632\/9782872093632_1_75.jpg","medium":"https:\/\/images.epagine.fr\/632\/9782872093632_1_m.jpg","thumbnail":"https:\/\/images.epagine.fr\/632\/9782872093632_1_v.jpg"},"orderable":true,"show_badge":true,"formatted_price":"45,73&nbsp;\u20ac","formatted_published_date":"30 octobre 1998","publisher_availability_label":"Sur commande","short_details":"Cahiers Du Centre Lo \u2014 ACADEMIA","translator":null,"weight":492,"page_count":null,"readership":null,"editor":"ACADEMIA","price":4573,"published_date":"1998-10-29T23:00:00.000000Z","support":"Grand format","publisher_availability":1,"stock":0,"editions":[],"url":"https:\/\/quaidesbrumes.com\/ouvrage\/9782872093632\/the-curry-howard-isomorphism"},{"id":"9782830911626","title":"Mots qui tuent, mots qui sauvent","description":"Violences et rivalit\u00e9s destructrices font partie du quotidien contemporain. Pourtant, jamais les savoirs n'ont \u00e9t\u00e9 aussi d\u00e9velopp\u00e9s et diffus\u00e9s que dans les soci\u00e9t\u00e9s modernes : jamais on a tant expliqu\u00e9, tant parl\u00e9. Existe-t-il un lien entre ces deux ph\u00e9nom\u00e8nes apparemment contradictoires ? Oui, r\u00e9pond l'auteur. Car pour mettre au point ces savoirs, la recherche a rel\u00e9gu\u00e9 dans l'ombre de larges plans de la r\u00e9alit\u00e9. Elle a oubli\u00e9 que, pour \u00eatre porteuses de paix, la pens\u00e9e et la parole devaient se faire l'\u00e9cho de l'exp\u00e9rience premi\u00e8re : le face-\u00e0-face avec autrui. Quand l'intelligence ne sait plus que chacun a droit des \u00e9gards, elle cesse d'\u00eatre au service de la vie. Et la logique devient celle de la guerre.\r","authors":["Yvan Mudry"],"category_codes":["9000000","9080000","9080200","9080204"],"visuals":{"large":"https:\/\/images.epagine.fr\/626\/9782830911626_1_75.jpg","medium":"https:\/\/images.epagine.fr\/626\/9782830911626_1_m.jpg","thumbnail":"https:\/\/images.epagine.fr\/626\/9782830911626_1_v.jpg"},"orderable":true,"show_badge":true,"formatted_price":"19,00&nbsp;\u20ac","formatted_published_date":"10 mars 2005","publisher_availability_label":"Sur commande","short_details":"Yvan Mudry \u2014 \u00c9ditions Labor et Fides","translator":null,"weight":220,"page_count":136,"readership":null,"editor":"\u00c9ditions Labor et Fides","price":1900,"published_date":"2005-03-09T23:00:00.000000Z","support":"Grand format","publisher_availability":1,"stock":0,"editions":[],"url":"https:\/\/quaidesbrumes.com\/ouvrage\/9782830911626\/mots-qui-tuent-mots-qui-sauvent"},{"id":"9782705655327","title":"Dialogues et lettres choisies","description":"Traduction et introduction de Paul-Henri Michel.\r\nLettres choisies et pr\u00e9sent\u00e9es par Giorgio di Santil'ana.\r\nPremi\u00e8re traduction fran\u00e7aise, entreprise \u00e0 l'initiative de l'Unesco.\r\n\r\nDans ses Dialogues, Galil\u00e9e d\u00e9crit l'univers d'une fa\u00e7on neuve, dans un style familier et caustique proche d'\u00c9rasme. Ses Lettres refl\u00e8tent la pens\u00e9e originale du math\u00e9maticien et du philosophe, la puissance de vie et le rayonnement de l'homme. Le volume comporte \u00e9galement le Discours des Com\u00e8tes et quelques fragments de l'Essayeur. Quelques-uns des textes les plus importants de l'histoire de la pens\u00e9e deviennent ainsi accessibles au public de langue fran\u00e7aise. La grande figure du XVIIe si\u00e8cle, et la grande r\u00e9volution intellectuelle, ce n'est pas Descartes, c'est Galil\u00e9e ; ce n'est pas, contrairement \u00e0 ce que disait P\u00e9guy, le \u00ab cavalier fran\u00e7ais \u00bb, mais le professeur italien. \r\n\r\nSommaire :\r\nDiscours des com\u00e8tes L'Essayeur Dialogue des grands syst\u00e8mes Dialogue des sciences nouvelles Introduction de Giorgio di Santillana Lettres choisies.","authors":["Galil\u00e9e"],"category_codes":["9000000","9080000","9080200","9080204"],"visuals":{"large":"https:\/\/images.epagine.fr\/327\/9782705655327_1_75.jpg","medium":"https:\/\/images.epagine.fr\/327\/9782705655327_1_m.jpg","thumbnail":"https:\/\/images.epagine.fr\/327\/9782705655327_1_v.jpg"},"orderable":true,"show_badge":true,"formatted_price":"38,00&nbsp;\u20ac","formatted_published_date":"19 septembre 1997","publisher_availability_label":"Sur commande","short_details":"Galil\u00e9e \u2014 Hermann","translator":null,"weight":528,"page_count":438,"readership":null,"editor":"Hermann","price":3800,"published_date":"1997-09-18T22:00:00.000000Z","support":"Grand format","publisher_availability":1,"stock":0,"editions":[],"url":"https:\/\/quaidesbrumes.com\/ouvrage\/9782705655327\/dialogues-et-lettres-choisies"},{"id":"9782876010529","title":"Illuminisme et contre-illuminisme au XVIII si\u00e8cle","description":null,"authors":["Robert Amadou"],"category_codes":["9000000","9080000","9080200","9080204"],"visuals":{"large":"https:\/\/images.epagine.fr\/529\/9782876010529_1_75.jpg","medium":"https:\/\/images.epagine.fr\/529\/9782876010529_1_m.jpg","thumbnail":"https:\/\/images.epagine.fr\/529\/9782876010529_1_v.jpg"},"orderable":true,"show_badge":true,"formatted_price":"15,40&nbsp;\u20ac","formatted_published_date":"1er juin 2005","publisher_availability_label":"Sur commande","short_details":"Robert Amadou \u2014 Cariscript","translator":null,"weight":152,"page_count":null,"readership":null,"editor":"Cariscript","price":1540,"published_date":"2005-05-31T22:00:00.000000Z","support":"Grand format","publisher_availability":1,"stock":0,"editions":[],"url":"https:\/\/quaidesbrumes.com\/ouvrage\/9782876010529\/illuminisme-et-contre-illuminisme-au-xviii-siecle"},{"id":"9782876010536","title":"Th\u00e9osophia ; aux sources n\u00e9oplatoniciennes er ch\u00e9tiennes (2e-6e si\u00e8cles)","description":null,"authors":["J-L Siemons"],"category_codes":["9000000","9080000","9080200","9080204"],"visuals":{"large":"https:\/\/images.epagine.fr\/536\/9782876010536_1_75.jpg","medium":"https:\/\/images.epagine.fr\/536\/9782876010536_1_m.jpg","thumbnail":"https:\/\/images.epagine.fr\/536\/9782876010536_1_v.jpg"},"orderable":true,"show_badge":true,"formatted_price":"14,30&nbsp;\u20ac","formatted_published_date":"1er juin 2005","publisher_availability_label":"Sur commande","short_details":"J-L Siemons \u2014 Cariscript","translator":null,"weight":82,"page_count":null,"readership":null,"editor":"Cariscript","price":1430,"published_date":"2005-05-31T22:00:00.000000Z","support":"Grand format","publisher_availability":1,"stock":0,"editions":[],"url":"https:\/\/quaidesbrumes.com\/ouvrage\/9782876010536\/theosophia-aux-sources-neoplatoniciennes-er-chetiennes-2e-6e-siecles"},{"id":"9782080676122","title":"\u00e9loge involontaire de la passion ; la femme au-dedans de l'homme","description":"Le mot passion devrait nous faire peur.\r\nAu sens propre, il indique la pathologie, la passivit\u00e9, la maladie qui nous tombe dessus, l'exc\u00e8s dont nous sommes les victimes. Or elle nous attire au point que nous la r\u00e9clamons. Nous souffrons de ne pas avoir une vie passionnante. Demandons-nous comment le retournement s'est op\u00e9r\u00e9, comment l'id\u00e9e nous est venue de croire la passion admirable. La litt\u00e9rature a montr\u00e9 l'exemple. La passion nous saisit quand l'envie nous prend de vivre de fa\u00e7on romanesque plut\u00f4t que sage.\r\nJusqu'au bout. Jusqu'\u00e0 la mort. Les menaces n'y font rien : mieux on comprend la passion, moins on la trouve condamnable. On aper\u00e7oit que la morale s'est fabriqu\u00e9e une \" passion \"sur mesure afin de repousser les comportements qui nous excitent spontan\u00e9ment. La morale n'aime pas vraiment la vie. Elle aime gouverner. Elle aime qu'on souffre. C'est pourquoi elle survalorise la mesure contre l'exc\u00e8s, la raison raisonnable contre le d\u00e9sir.\r\nElle montre tous les \" inconv\u00e9nients \" qu'on retire de l'amour et de la jouissance. On en arrive \u00e0 contester un acharnement si obstin\u00e9, quand bien m\u00eame on ne le voudrait pas. Car l'enjeu est de taille ; avec la passion, c'est la f\u00e9minit\u00e9 que la sagesse refuse, comme si \u00eatre une femme \u00e9tait une faute. Or, la femme est adorable, sous toutes ses formes ; la passion met en sc\u00e8ne la lib\u00e9ration de toutes les contraintes bien \u00e9lev\u00e9es.\r\nElle po\u00e9tise tout. Elle d\u00e9voile quelle place la f\u00e9minit\u00e9 revendique dans une culture \u00e9labor\u00e9e depuis tellement longtemps par des hommes.\r","authors":["Pierre-yves Bourdil"],"category_codes":["9000000","9080000","9080200","9080204"],"visuals":{"large":"https:\/\/images.epagine.fr\/122\/9782080676122_1_75.jpg","medium":"https:\/\/images.epagine.fr\/122\/9782080676122_1_m.jpg","thumbnail":"https:\/\/images.epagine.fr\/122\/9782080676122_1_v.jpg"},"orderable":true,"show_badge":true,"formatted_price":"14,70&nbsp;\u20ac","formatted_published_date":"1er novembre 1998","publisher_availability_label":"Sur commande","short_details":"Pierre-yves Bourdil \u2014 Flammarion","translator":null,"weight":265,"page_count":320,"readership":null,"editor":"Flammarion","price":1470,"published_date":"1998-10-31T23:00:00.000000Z","support":"Grand format","publisher_availability":1,"stock":0,"editions":[],"url":"https:\/\/quaidesbrumes.com\/ouvrage\/9782080676122\/eloge-involontaire-de-la-passion-la-femme-au-dedans-de-lhomme"},{"id":"9782905460349","title":"La proximite, essai sur la proximite dans l'oeuvre de heidegger","description":null,"authors":["Jean L\u00e9v\u00eaque"],"category_codes":["9000000","9080000","9080200","9080204"],"visuals":{"large":"https:\/\/quaidesbrumes.com\/img\/book-placeholder.png","medium":"https:\/\/quaidesbrumes.com\/img\/book-placeholder.png","thumbnail":"https:\/\/quaidesbrumes.com\/img\/book-placeholder.png"},"orderable":true,"show_badge":true,"formatted_price":"12,20&nbsp;\u20ac","formatted_published_date":"8 mars 2003","publisher_availability_label":"Sur commande","short_details":"Jean L\u00e9v\u00eaque \u2014 Osiris","translator":null,"weight":0,"page_count":null,"readership":null,"editor":"Osiris","price":1220,"published_date":"2003-03-07T23:00:00.000000Z","support":"Grand format","publisher_availability":1,"stock":0,"editions":[],"url":"https:\/\/quaidesbrumes.com\/ouvrage\/9782905460349\/la-proximite-essai-sur-la-proximite-dans-loeuvre-de-heidegger"},{"id":"9782876470194","title":"La geometrie","description":null,"authors":["Ren\u00e9 Descartes"],"category_codes":["10000000","10010000"],"visuals":{"large":"https:\/\/quaidesbrumes.com\/img\/book-placeholder.png","medium":"https:\/\/quaidesbrumes.com\/img\/book-placeholder.png","thumbnail":"https:\/\/quaidesbrumes.com\/img\/book-placeholder.png"},"orderable":true,"show_badge":true,"formatted_price":"20,00&nbsp;\u20ac","formatted_published_date":"3 mai 2000","publisher_availability_label":"Sur commande","short_details":"Ren\u00e9 Descartes \u2014 Jacques Gabay","translator":null,"weight":180,"page_count":null,"readership":null,"editor":"Jacques Gabay","price":2000,"published_date":"2000-05-02T22:00:00.000000Z","support":"Grand format","publisher_availability":1,"stock":0,"editions":["9791041940219","9782130594451"],"url":"https:\/\/quaidesbrumes.com\/ouvrage\/9782876470194\/la-geometrie"},{"id":"9782876470880","title":"La d\u00e9duction relativiste","description":null,"authors":["Emilie Meyerson"],"category_codes":["10000000","10000000"],"visuals":{"large":"https:\/\/quaidesbrumes.com\/img\/book-placeholder.png","medium":"https:\/\/quaidesbrumes.com\/img\/book-placeholder.png","thumbnail":"https:\/\/quaidesbrumes.com\/img\/book-placeholder.png"},"orderable":true,"show_badge":true,"formatted_price":"38,00&nbsp;\u20ac","formatted_published_date":"3 mai 2000","publisher_availability_label":"Sur commande","short_details":"Emilie Meyerson \u2014 Jacques Gabay","translator":null,"weight":410,"page_count":null,"readership":null,"editor":"Jacques Gabay","price":3800,"published_date":"2000-05-02T22:00:00.000000Z","support":"Grand format","publisher_availability":1,"stock":0,"editions":["9782329035659"],"url":"https:\/\/quaidesbrumes.com\/ouvrage\/9782876470880\/la-deduction-relativiste"},{"id":"9782738453341","title":"Consid\u00e9rations \u00e0 propos des discours de Machiavel sur la premi\u00e8re d\u00e9cade de Tite-Live","description":"En 1530, Francesco Guicciardini (ou Guichardin, 1483-1540) entreprend de r\u00e9diger des \u00ab consid\u00e9rations \u00bb consacr\u00e9es aux Discours sur la premi\u00e8re d\u00e9cade de Tite-Live. Le texte de Guicciardini est volontairement s\u00e9lectif, et reprend un dialogue interrompu trois ans plus t\u00f4t par la mort de Machiavel. Dans l'articulation des analyses des deux penseurs florentins \u00e9mergent une r\u00e9flexion politique et une fa\u00e7on d'\u00e9crire l'Histoire in\u00e9dite. Contemporaine et imm\u00e9diate, une nouvelle rationalit\u00e9 est d\u00e8s lors fond\u00e9e. Ni humaniste, ni thomiste, ni mercantile, elle est appel\u00e9e \u00e0 traduire la complexit\u00e9 de la r\u00e9alit\u00e9 et la violence in\u00e9luctable du gouvernement.\r","authors":["Francesco Guicciardini"],"category_codes":["9000000","9080000","9080200","9080204"],"visuals":{"large":"https:\/\/images.epagine.fr\/341\/9782738453341_1_75.jpg","medium":"https:\/\/images.epagine.fr\/341\/9782738453341_1_m.jpg","thumbnail":"https:\/\/images.epagine.fr\/341\/9782738453341_1_v.jpg"},"orderable":true,"show_badge":true,"formatted_price":"29,50&nbsp;\u20ac","formatted_published_date":"26 mai 1997","publisher_availability_label":"Sur commande","short_details":"Francesco Guicciardini \u2014 \u00c9ditions L'Harmattan","translator":null,"weight":396,"page_count":330,"readership":null,"editor":"\u00c9ditions L'Harmattan","price":2950,"published_date":"1997-05-25T22:00:00.000000Z","support":"Grand format","publisher_availability":1,"stock":0,"editions":[],"url":"https:\/\/quaidesbrumes.com\/ouvrage\/9782738453341\/considerations-a-propos-des-discours-de-machiavel-sur-la-premiere-decade-de-tite-live"},{"id":"9782738449412","title":"Husserl et M. Proust ; \u00e0 la recherche du moi perdu","description":"La philosophie g\u00e9n\u00e9tique de Husserl cherche \u00e0 ressaisir l'\u00e9nigme du monde comme \u00e9v\u00e8nement du logos. Il semble que Husserl ait trouv\u00e9 l'inspiration par l'interm\u00e9diaire de Schelling, car, pour ce dernier, \u00ab tout ce qui ne peut disjoindre commencement et fin se trouve en rotation \u00bb. Cette d\u00e9marche circulaire correspond aussi \u00e0 la structure d'A la recherche du temps perdu de Proust, dont le rapport gen\u00e8se\/narration pose le probl\u00e8me de l'origine de l'oeuvre d'art comme histoire de son engendrement dans l'exp\u00e9rience voil\u00e9e du narrateur. Seul un apprentissage initiatique du regard peut le transformer en moi cr\u00e9ateur. La pr\u00e9sente r\u00e9flexion contribue donc \u00e0 l'\u00e9claircissement d'une esth\u00e9tique du point de vue de l'exp\u00e9rience du sujet cr\u00e9ateur.\r","authors":["Monica m. Jaramillo-mahut"],"category_codes":["9000000","9080000","9080700","9080704"],"visuals":{"large":"https:\/\/images.epagine.fr\/412\/9782738449412_1_75.jpg","medium":"https:\/\/images.epagine.fr\/412\/9782738449412_1_m.jpg","thumbnail":"https:\/\/images.epagine.fr\/412\/9782738449412_1_v.jpg"},"orderable":true,"show_badge":true,"formatted_price":"27,50&nbsp;\u20ac","formatted_published_date":"26 mai 1997","publisher_availability_label":"Sur commande","short_details":"Monica m. Jaramillo-mahut \u2014 \u00c9ditions L'Harmattan","translator":null,"weight":360,"page_count":292,"readership":null,"editor":"\u00c9ditions L'Harmattan","price":2750,"published_date":"1997-05-25T22:00:00.000000Z","support":"Grand format","publisher_availability":1,"stock":0,"editions":[],"url":"https:\/\/quaidesbrumes.com\/ouvrage\/9782738449412\/husserl-et-m-proust-a-la-recherche-du-moi-perdu"},{"id":"9782904469374","title":"Changer d'orient","description":null,"authors":["Jean-michel Frank"],"category_codes":["9000000","9080000","9080600"],"visuals":{"large":"https:\/\/quaidesbrumes.com\/img\/book-placeholder.png","medium":"https:\/\/quaidesbrumes.com\/img\/book-placeholder.png","thumbnail":"https:\/\/quaidesbrumes.com\/img\/book-placeholder.png"},"orderable":true,"show_badge":true,"formatted_price":"11,80&nbsp;\u20ac","formatted_published_date":"1er janvier 1988","publisher_availability_label":"Sur commande","short_details":"Jean-michel Frank \u2014 Obsidiane","translator":null,"weight":250,"page_count":null,"readership":null,"editor":"Obsidiane","price":1180,"published_date":"1987-12-31T23:00:00.000000Z","support":"Grand format","publisher_availability":1,"stock":0,"editions":[],"url":"https:\/\/quaidesbrumes.com\/ouvrage\/9782904469374\/changer-dorient"},{"id":"9782220053394","title":"Le choix de pascal - entretiens avec benoit chantre","description":"Les socialistes fran\u00e7ais sont en panne, tiraill\u00e9s entre les contraintes d'un r\u00e9formisme mod\u00e9r\u00e9 et la tentation du romantisme r\u00e9volutionnaire aux couleurs de l'antimondialisme. Les d\u00e9clarations de leurs leaders n'y changent rien : nous sommes \u00e0 la fin d'un cycle de l'id\u00e9e socialiste. La gauche tout enti\u00e8re demande \u00e0 \u00eatre refond\u00e9e.\r\nC'est la n\u00e9cessit\u00e9 de cette refondation que Jacques Julliard affirme dans ce livre, \u00e0 travers un dialogue sur Blaise Pascal, sur les impasses du rousseauisme et la n\u00e9cessit\u00e9 de consid\u00e9rer le mal radical comme une composante essentielle de l'action politique. Cette discussion passionn\u00e9e est pour lui l'occasion de revenir sur ses engagements (la guerre d'Alg\u00e9rie, la CFDT, la Bosnie), sur son oeuvre d'historien du syndicalisme r\u00e9volutionnaire et sur ses convictions religieuses.\r\nA la fois autobiographie intellectuelle et livre d'intervention, ce dialogue sur l'origine toujours vive du socialisme fran\u00e7ais arrive \u00e0 point nomm\u00e9. Se r\u00e9f\u00e9rer \u00e0 Pascal contre Rousseau, c'est rappeler, face \u00e0 tous ceux qui voudraient \u00e9liminer le christianisme de l'histoire de l'Europe, qu'on ne saurait construire l'avenir sans regarder le pass\u00e9 en face.\r","authors":["Chantre\/Julliard"],"category_codes":["9000000","9080000"],"visuals":{"large":"https:\/\/images.epagine.fr\/394\/9782220053394_1_75.jpg","medium":"https:\/\/images.epagine.fr\/394\/9782220053394_1_m.jpg","thumbnail":"https:\/\/images.epagine.fr\/394\/9782220053394_1_v.jpg"},"orderable":true,"show_badge":true,"formatted_price":"21,40&nbsp;\u20ac","formatted_published_date":"6 octobre 2003","publisher_availability_label":"Sur commande","short_details":"Chantre\/Julliard \u2014 Descl\u00e9e de Brouwer","translator":null,"weight":369,"page_count":323,"readership":null,"editor":"Descl\u00e9e de Brouwer","price":2140,"published_date":"2003-10-05T22:00:00.000000Z","support":"Grand format","publisher_availability":1,"stock":0,"editions":[],"url":"https:\/\/quaidesbrumes.com\/ouvrage\/9782220053394\/le-choix-de-pascal-entretiens-avec-benoit-chantre"},{"id":"9782876732049","title":"Le miroir automate","description":"Lorsque les hommes invent\u00e8rent le levier pour mieux soulever et d\u00e9placer des fardeaux, on ne sait s'ils le firent en imitant et prolongeant leur bras.\r\nToutefois certains philosophes virent dans les machines des images de notre propre corps et puis\u00e8rent dans ce reflet m\u00e9canique de nous-m\u00eames des th\u00e9ories anthropologiques. Le Trait\u00e9 de l'Homme de Descartes, plus explicitement L'Homme Machine de La Mettrie, t\u00e9moignent de cet effort pour comprendre l'homme \u00e0 partir de ces r\u00e9alisations con\u00e7ues comme un prolongement et un reflet de lui-m\u00eame. Aujourd'hui, l'ordinateur qui a gagn\u00e9 tous les secteurs de l'activit\u00e9 humaine ne prolonge plus le corps, mais l'esprit.\r\nS'il est plus efficace que nous dans nombre de t\u00e2ches relevant de l'activit\u00e9 intellectuelle, peut-on poursuivre, pour l'esprit, l'analogie machinique que Descartes d\u00e9veloppait pour le corps ? D\u00e8s la naissance des premiers ordinateurs, ceux m\u00eames qui avaient pr\u00e9sid\u00e9 \u00e0 leur conception, Turing, von Neumann, ont pos\u00e9 la question de savoir si une machine pouvait penser La r\u00e9ponse, si elle n'est pas radicalement n\u00e9gative, aussi nuanc\u00e9e soit-elle, autorise la poursuite de cette philosophie de l'analogie.\r\nAu-del\u00e0 des craintes que peut susciter l'id\u00e9e d'une machine pensante, au-del\u00e0 aussi du mythe de l'automate ou de celui du Golem, il s'agit dans cet ouvrage d'engager une r\u00e9flexion pour, \u00e0 la fois, mieux d\u00e9terminer ce que le reflet informatique de notre esprit peut nous apprendre sur nous-m\u00eames et tracer les nouvelles limites qui s\u00e9parent l'homme de la machine qu'il a construite.\r","authors":["G\u00e9rard Chazal"],"category_codes":["9000000","9080000"],"visuals":{"large":"https:\/\/images.epagine.fr\/049\/9782876732049_1_75.jpg","medium":"https:\/\/images.epagine.fr\/049\/9782876732049_1_m.jpg","thumbnail":"https:\/\/images.epagine.fr\/049\/9782876732049_1_v.jpg"},"orderable":true,"show_badge":true,"formatted_price":"26,50&nbsp;\u20ac","formatted_published_date":"1er novembre 1998","publisher_availability_label":"Sur commande","short_details":"G\u00e9rard Chazal \u2014 CHAMP VALLON","translator":null,"weight":410,"page_count":null,"readership":null,"editor":"CHAMP VALLON","price":2650,"published_date":"1998-10-31T23:00:00.000000Z","support":"Grand format","publisher_availability":1,"stock":0,"editions":[],"url":"https:\/\/quaidesbrumes.com\/ouvrage\/9782876732049\/le-miroir-automate"},{"id":"9782841620227","title":"La sagesse grecque Tome 1 \u00e0 Tome 3","description":null,"authors":["Giorgio Colli"],"category_codes":["9000000","9080000","9080200","9080204"],"visuals":{"large":"https:\/\/images.epagine.fr\/227\/9782841620227_1_75.jpg","medium":"https:\/\/images.epagine.fr\/227\/9782841620227_1_m.jpg","thumbnail":"https:\/\/images.epagine.fr\/227\/9782841620227_1_v.jpg"},"orderable":true,"show_badge":true,"formatted_price":"112,00&nbsp;\u20ac","formatted_published_date":"1er novembre 1998","publisher_availability_label":"Sur commande","short_details":"Giorgio Colli \u2014 \u00c9ditions de l'\u00e9clat","translator":null,"weight":2116,"page_count":null,"readership":null,"editor":"\u00c9ditions de l'\u00e9clat","price":11200,"published_date":"1998-10-31T23:00:00.000000Z","support":"Grand format","publisher_availability":1,"stock":0,"editions":[],"url":"https:\/\/quaidesbrumes.com\/ouvrage\/9782841620227\/la-sagesse-grecque-tome-1-a-tome-3"},{"id":"9782905460134","title":"Le fragment i","description":null,"authors":["Jean L\u00e9v\u00eaque"],"category_codes":["9000000","9080000","9080200","9080204"],"visuals":{"large":"https:\/\/quaidesbrumes.com\/img\/book-placeholder.png","medium":"https:\/\/quaidesbrumes.com\/img\/book-placeholder.png","thumbnail":"https:\/\/quaidesbrumes.com\/img\/book-placeholder.png"},"orderable":true,"show_badge":true,"formatted_price":"10,67&nbsp;\u20ac","formatted_published_date":"22 janvier 2004","publisher_availability_label":"Sur commande","short_details":"Jean L\u00e9v\u00eaque \u2014 Osiris","translator":null,"weight":0,"page_count":null,"readership":null,"editor":"Osiris","price":1067,"published_date":"2004-01-21T23:00:00.000000Z","support":"Grand format","publisher_availability":1,"stock":0,"editions":[],"url":"https:\/\/quaidesbrumes.com\/ouvrage\/9782905460134\/le-fragment-i"},{"id":"9782905460325","title":"Le retrait et la nuit dans la tradition philosophique","description":null,"authors":["Jean L\u00e9v\u00eaque"],"category_codes":["9000000","9080000","9080200","9080204"],"visuals":{"large":"https:\/\/quaidesbrumes.com\/img\/book-placeholder.png","medium":"https:\/\/quaidesbrumes.com\/img\/book-placeholder.png","thumbnail":"https:\/\/quaidesbrumes.com\/img\/book-placeholder.png"},"orderable":true,"show_badge":true,"formatted_price":"12,96&nbsp;\u20ac","formatted_published_date":"22 janvier 2004","publisher_availability_label":"Sur commande","short_details":"Jean L\u00e9v\u00eaque \u2014 Osiris","translator":null,"weight":0,"page_count":null,"readership":null,"editor":"Osiris","price":1296,"published_date":"2004-01-21T23:00:00.000000Z","support":"Grand format","publisher_availability":1,"stock":0,"editions":[],"url":"https:\/\/quaidesbrumes.com\/ouvrage\/9782905460325\/le-retrait-et-la-nuit-dans-la-tradition-philosophique"},{"id":"9782905614681","title":"Merleau-Ponty, ph\u00e9nomenologie et exp\u00e9riences","description":null,"authors":["Collectif"],"category_codes":["9000000","9080000"],"visuals":{"large":"https:\/\/images.epagine.fr\/681\/9782905614681_1_75.jpg","medium":"https:\/\/images.epagine.fr\/681\/9782905614681_1_m.jpg","thumbnail":"https:\/\/images.epagine.fr\/681\/9782905614681_1_v.jpg"},"orderable":true,"show_badge":true,"formatted_price":"20,30&nbsp;\u20ac","formatted_published_date":"1er juillet 1993","publisher_availability_label":"Sur commande","short_details":"Collectif \u2014 MILLON","translator":null,"weight":250,"page_count":187,"readership":null,"editor":"MILLON","price":2030,"published_date":"1993-06-30T22:00:00.000000Z","support":"Grand format","publisher_availability":1,"stock":0,"editions":[],"url":"https:\/\/quaidesbrumes.com\/ouvrage\/9782905614681\/merleau-ponty-phenomenologie-et-experiences"},{"id":"9782905614926","title":"Matiere et dispersion","description":null,"authors":["Stanislas Breton"],"category_codes":["9000000","9080000"],"visuals":{"large":"https:\/\/quaidesbrumes.com\/img\/book-placeholder.png","medium":"https:\/\/quaidesbrumes.com\/img\/book-placeholder.png","thumbnail":"https:\/\/quaidesbrumes.com\/img\/book-placeholder.png"},"orderable":true,"show_badge":true,"formatted_price":"18,55&nbsp;\u20ac","formatted_published_date":"1er septembre 1993","publisher_availability_label":"Sur commande","short_details":"Stanislas Breton \u2014 MILLON","translator":null,"weight":266,"page_count":190,"readership":null,"editor":"MILLON","price":1855,"published_date":"1993-08-31T22:00:00.000000Z","support":"Grand format","publisher_availability":1,"stock":0,"editions":[],"url":"https:\/\/quaidesbrumes.com\/ouvrage\/9782905614926\/matiere-et-dispersion"},{"id":"9782329484402","title":"L'\u00c9loge de la folie, compos\u00e9 en forme de d\u00e9clamation. Nouvelle \u00e9dition","description":"L'\u00c9loge de la folie, compos\u00e9 en forme de d\u00e9clamation , par \u00c9rasme, et traduit M. Gueudeville, avec les notes de G\u00e9rard Listre, & les belles figures de Holbein... Nouvelle \u00e9dition revue...\r\nDate de l'\u00e9dition originale : 1777\r\nLe pr\u00e9sent ouvrage s'inscrit dans une politique de conservation patrimoniale des ouvrages de la litt\u00e9rature Fran\u00e7aise mise en place avec la BNF. \r\nHACHETTE LIVRE et la BNF proposent ainsi un catalogue de titres indisponibles, la BNF ayant num\u00e9ris\u00e9 ces oeuvres et HACHETTE LIVRE les imprimant \u00e0 la demande. \r\nCertains de ces ouvrages refl\u00e8tent des courants de pens\u00e9e caract\u00e9ristiques de leur \u00e9poque, mais qui seraient aujourd'hui jug\u00e9s condamnables. \r\nIls n'en appartiennent pas moins \u00e0 l'histoire des id\u00e9es en France et sont susceptibles de pr\u00e9senter un int\u00e9r\u00eat scientifique ou historique. \r\nLe sens de notre d\u00e9marche \u00e9ditoriale consiste ainsi \u00e0 permettre l'acc\u00e8s \u00e0 ces oeuvres sans pour autant que nous en cautionnions en aucune fa\u00e7on le contenu. \r\nPour plus d'informations, rendez-vous sur www.hachettebnf.fr","authors":["Nicolas Gueudeville","Ambrosius Holbein","G\u00e9rard Listre","Erasme"],"category_codes":["9000000","9080000"],"visuals":{"large":"https:\/\/quaidesbrumes.com\/img\/book-placeholder.png","medium":"https:\/\/quaidesbrumes.com\/img\/book-placeholder.png","thumbnail":"https:\/\/quaidesbrumes.com\/img\/book-placeholder.png"},"orderable":true,"show_badge":true,"formatted_price":"22,00&nbsp;\u20ac","formatted_published_date":"1er octobre 2020","publisher_availability_label":"Sur commande","short_details":"Nicolas Gueudeville, Ambrosius Holbein, G\u00e9rard Listre, Erasme \u2014 Hachette BNF","translator":null,"weight":400,"page_count":288,"readership":null,"editor":"Hachette BNF","price":2200,"published_date":"2020-09-30T22:00:00.000000Z","support":"Grand format","publisher_availability":1,"stock":0,"editions":[],"url":"https:\/\/quaidesbrumes.com\/ouvrage\/9782329484402\/leloge-de-la-folie-compose-en-forme-de-declamation-nouvelle-edition"}]}