{"data":[{"id":"9782852481466","title":"Anthroposophie avenir christia","description":null,"authors":["Lauer H.E."],"category_codes":["9000000","9080000","9080200","9080204"],"visuals":{"large":"https:\/\/quaidesbrumes.com\/img\/book-placeholder.png","medium":"https:\/\/quaidesbrumes.com\/img\/book-placeholder.png","thumbnail":"https:\/\/quaidesbrumes.com\/img\/book-placeholder.png"},"orderable":true,"show_badge":true,"formatted_price":"9,91&nbsp;\u20ac","formatted_published_date":"12 mars 2003","publisher_availability_label":"Sur commande","short_details":"Lauer H.E. \u2014 Triades","translator":null,"weight":22760,"page_count":null,"readership":null,"editor":"Triades","price":991,"published_date":"2003-03-11T23:00:00.000000Z","support":"Grand format","publisher_availability":1,"stock":0,"editions":[],"url":"https:\/\/quaidesbrumes.com\/ouvrage\/9782852481466\/anthroposophie-avenir-christia"},{"id":"9782866450779","title":"Isaiah Berlin : en toutes libert\u00e9s","description":null,"authors":["Berlin","Jahanbegloo"],"category_codes":["9000000","9080000","9080700"],"visuals":{"large":"https:\/\/quaidesbrumes.com\/img\/book-placeholder.png","medium":"https:\/\/quaidesbrumes.com\/img\/book-placeholder.png","thumbnail":"https:\/\/quaidesbrumes.com\/img\/book-placeholder.png"},"orderable":true,"show_badge":true,"formatted_price":"20,10&nbsp;\u20ac","formatted_published_date":"1er d\u00e9cembre 1990","publisher_availability_label":"Sur commande","short_details":"Berlin, Jahanbegloo \u2014 F\u00e9lin","translator":null,"weight":408,"page_count":256,"readership":null,"editor":"F\u00e9lin","price":2010,"published_date":"1990-11-30T23:00:00.000000Z","support":"Grand format","publisher_availability":1,"stock":0,"editions":[],"url":"https:\/\/quaidesbrumes.com\/ouvrage\/9782866450779\/isaiah-berlin-en-toutes-libertes"},{"id":"9782013665636","title":"Cercle des etudiants des facultes catholiques de lille sur diverses pratiques recentes - d'hyppnotis","description":"Cercle des \u00e9tudiants des facult\u00e9s catholiques de Lille sur diverses pratiques r\u00e9centes d'Hyppnotisme et de spiritisme... par un membre honoraire au cercle Date de l'\u00e9dition originale : 1887 Ce livre est la reproduction fid\u00e8le d'une oeuvre publi\u00e9e avant 1920 et fait partie d'une collection de livres r\u00e9imprim\u00e9s \u00e0 la demande \u00e9dit\u00e9e par Hachette Livre, dans le cadre d'un partenariat avec la Biblioth\u00e8que nationale de France, offrant l'opportunit\u00e9 d'acc\u00e9der \u00e0 des ouvrages anciens et souvent rares issus des fonds patrimoniaux de la BnF.\r\nLes oeuvres faisant partie de cette collection ont \u00e9t\u00e9 num\u00e9ris\u00e9es par la BnF et sont pr\u00e9sentes sur Gallica, sa biblioth\u00e8que num\u00e9rique.\r\n\r\nEn entreprenant de redonner vie \u00e0 ces ouvrages au travers d'une collection de livres r\u00e9imprim\u00e9s \u00e0 la demande, nous leur donnons la possibilit\u00e9 de rencontrer un public \u00e9largi et participons \u00e0 la transmission de connaissances et de savoirs parfois difficilement accessibles.\r\nNous avons cherch\u00e9 \u00e0 concilier la reproduction fid\u00e8le d'un livre ancien \u00e0 partir de sa version num\u00e9ris\u00e9e avec le souci d'un confort de lecture optimal. Nous esp\u00e9rons que les ouvrages de cette nouvelle collection vous apporteront enti\u00e8re satisfaction.\r\n\r\nPour plus d'informations, rendez-vous sur www.hachettebnf.fr http:\/\/gallica.bnf.fr\/ark:\/12148\/bpt6k5727390v","authors":[],"category_codes":["9000000","9080000"],"visuals":{"large":"https:\/\/images.epagine.fr\/636\/9782013665636_1_75.jpg","medium":"https:\/\/images.epagine.fr\/636\/9782013665636_1_m.jpg","thumbnail":"https:\/\/images.epagine.fr\/636\/9782013665636_1_v.jpg"},"orderable":true,"show_badge":true,"formatted_price":"11,50&nbsp;\u20ac","formatted_published_date":"1er janvier 2013","publisher_availability_label":"Sur commande","short_details":"Hachette BNF","translator":null,"weight":99,"page_count":null,"readership":null,"editor":"Hachette BNF","price":1150,"published_date":"2012-12-31T23:00:00.000000Z","support":"Grand format","publisher_availability":1,"stock":0,"editions":[],"url":"https:\/\/quaidesbrumes.com\/ouvrage\/9782013665636\/cercle-des-etudiants-des-facultes-catholiques-de-lille-sur-diverses-pratiques-recentes-dhyppnotis"},{"id":"9782866792169","title":"Guide totus - debout les peres !","description":"Exp\u00e9rience de p\u00e8re de famille nombreuse appuy\u00e9e sur de multiples t\u00e9moignages et r\u00e9flexions de parents et d'\u00e9ducateurs. Une r\u00e9v\u00e9lation de Dieu-P\u00e8re de qui tout homme tient sa paternit\u00e9. Par un p\u00e8re de famille par ailleurs ancien directeur de \"Famille Chr\u00e9t","authors":["Philippe Oswald"],"category_codes":["9000000","9080000"],"visuals":{"large":"https:\/\/images.epagine.fr\/169\/9782866792169_1_75.jpg","medium":"https:\/\/images.epagine.fr\/169\/9782866792169_1_m.jpg","thumbnail":"https:\/\/images.epagine.fr\/169\/9782866792169_1_v.jpg"},"orderable":true,"show_badge":true,"formatted_price":"12,00&nbsp;\u20ac","formatted_published_date":"8 juin 1998","publisher_availability_label":"Sur commande","short_details":"Philippe Oswald \u2014 Jubile - Le Sarment Editions","translator":null,"weight":174,"page_count":null,"readership":null,"editor":"Jubile - Le Sarment Editions","price":1200,"published_date":"1998-06-07T22:00:00.000000Z","support":"Grand format","publisher_availability":1,"stock":0,"editions":[],"url":"https:\/\/quaidesbrumes.com\/ouvrage\/9782866792169\/guide-totus-debout-les-peres"},{"id":"9782915640076","title":"Plus ca change plus c'est pareil","description":null,"authors":["Andr\u00e9 Vignau"],"category_codes":["9000000","9080000","9080200","9080204"],"visuals":{"large":"https:\/\/quaidesbrumes.com\/img\/book-placeholder.png","medium":"https:\/\/quaidesbrumes.com\/img\/book-placeholder.png","thumbnail":"https:\/\/quaidesbrumes.com\/img\/book-placeholder.png"},"orderable":true,"show_badge":true,"formatted_price":"15,00&nbsp;\u20ac","formatted_published_date":"20 juin 2005","publisher_availability_label":"Sur commande","short_details":"Andr\u00e9 Vignau \u2014 Les Points Sur Les I","translator":null,"weight":0,"page_count":null,"readership":null,"editor":"Les Points Sur Les I","price":1500,"published_date":"2005-06-19T22:00:00.000000Z","support":"Grand format","publisher_availability":1,"stock":0,"editions":[],"url":"https:\/\/quaidesbrumes.com\/ouvrage\/9782915640076\/plus-ca-change-plus-cest-pareil"},{"id":"9782013376792","title":"Extraction des cercueils royaux a saint-denis en 1793. relation authentique","description":"Extraction des cercueils royaux \u00e0 Saint-Denis en 1793. Relation authentique http:\/\/gallica.bnf.fr\/ark:\/12148\/bpt6k5612908r","authors":["Poirrier Germain"],"category_codes":["9000000","9080000"],"visuals":{"large":"https:\/\/images.epagine.fr\/792\/9782013376792_1_75.jpg","medium":"https:\/\/images.epagine.fr\/792\/9782013376792_1_m.jpg","thumbnail":"https:\/\/images.epagine.fr\/792\/9782013376792_1_v.jpg"},"orderable":true,"show_badge":true,"formatted_price":"11,00&nbsp;\u20ac","formatted_published_date":"1er septembre 2013","publisher_availability_label":"Sur commande","short_details":"Poirrier Germain \u2014 Hachette BNF","translator":null,"weight":92,"page_count":null,"readership":null,"editor":"Hachette BNF","price":1100,"published_date":"2013-08-31T22:00:00.000000Z","support":"Grand format","publisher_availability":1,"stock":0,"editions":[],"url":"https:\/\/quaidesbrumes.com\/ouvrage\/9782013376792\/extraction-des-cercueils-royaux-a-saint-denis-en-1793-relation-authentique"},{"id":"9782890075221","title":"M\u00e9thode et ex\u00e9g\u00e8se en histoire de la philosophie","description":null,"authors":["Yvon Lafrance"],"category_codes":["9000000","9080000","9080200","9080204"],"visuals":{"large":"https:\/\/quaidesbrumes.com\/img\/book-placeholder.png","medium":"https:\/\/quaidesbrumes.com\/img\/book-placeholder.png","thumbnail":"https:\/\/quaidesbrumes.com\/img\/book-placeholder.png"},"orderable":true,"show_badge":true,"formatted_price":"15,24&nbsp;\u20ac","formatted_published_date":"12 mars 2003","publisher_availability_label":"Sur commande","short_details":"Yvon Lafrance \u2014 Vrin","translator":null,"weight":0,"page_count":133,"readership":null,"editor":"Vrin","price":1524,"published_date":"2003-03-11T23:00:00.000000Z","support":"Grand format","publisher_availability":1,"stock":0,"editions":[],"url":"https:\/\/quaidesbrumes.com\/ouvrage\/9782890075221\/methode-et-exegese-en-histoire-de-la-philosophie"},{"id":"9782890077492","title":"La logique des id\u00e9es","description":null,"authors":["Sylvain Auroux"],"category_codes":["9000000","9080000","9080200","9080204"],"visuals":{"large":"https:\/\/quaidesbrumes.com\/img\/book-placeholder.png","medium":"https:\/\/quaidesbrumes.com\/img\/book-placeholder.png","thumbnail":"https:\/\/quaidesbrumes.com\/img\/book-placeholder.png"},"orderable":true,"show_badge":true,"formatted_price":"29,27&nbsp;\u20ac","formatted_published_date":"22 janvier 2004","publisher_availability_label":"Sur commande","short_details":"Sylvain Auroux \u2014 Vrin","translator":null,"weight":0,"page_count":null,"readership":null,"editor":"Vrin","price":2927,"published_date":"2004-01-21T23:00:00.000000Z","support":"Grand format","publisher_availability":1,"stock":0,"editions":["9782711697649"],"url":"https:\/\/quaidesbrumes.com\/ouvrage\/9782890077492\/la-logique-des-idees"},{"id":"9782876732452","title":"Formes, figures, r\u00e9alit\u00e9s ; esquisse d'une th\u00e9orie de la forme","description":"Le concept de forme, qui hanta la philosophie antique, a \u00e9t\u00e9 au cours du temps bien oubli\u00e9, victime d'une science triomphante fond\u00e9e sur l'usage restreint de la cause efficiente, m\u00e9canique et math\u00e9matis\u00e9e.\r\nLa forme fut longtemps victime des succ\u00e8s d'une physique alg\u00e9bris\u00e9e o\u00f9 le calcul s'\u00e9tait substitu\u00e9 \u00e0 la repr\u00e9sentation g\u00e9om\u00e9trique. Pourtant, c'est par les math\u00e9matiques et les sciences que la forme revient aujourd'hui comme concept op\u00e9ratoire et explicatif, dans l'\u00e9tude des syst\u00e8mes dynamiques ou dans celle de l'embryogen\u00e8se, par exemple. En t\u00e9moignent de nombreux travaux dont ceux, particuli\u00e8rement significatifs, de Ren\u00e9 Thom.\r\nBien s\u00fbr, nous ne sommes plus en pr\u00e9sence de l'antique cause formelle d'Aristote et de ses avatars scolastiques. La rigueur math\u00e9matique et les d\u00e9veloppements des sciences et techniques l'ont consid\u00e9rablement transform\u00e9e. Il s'agit donc ici de retrouver la notion de forme comme sch\u00e8me explicatif, si ce n'est universel, tout du moins transversal \u00e0 de nombreux domaines, des sciences aux arts, des techniques les plus primitives aux plus modernes.\r\nFace au savoir en miettes, le savant \u00e9tant de plus en plus enferm\u00e9 dans sa sp\u00e9cialit\u00e9, le r\u00f4le de la philosophie est bien d'articuler ce qui se donne de mani\u00e8re s\u00e9par\u00e9e. La philosophie est, par une sorte de n\u00e9cessit\u00e9, le lieu o\u00f9 tout se croise. Ni art ni science, elle est l'intersection des deux, le point de fuite qu'il faut donner aux savoirs \u00e9parpill\u00e9s. La forme et l'espace peuvent-ils f\u00e9conder la pens\u00e9e et fournir ce fond ontologique que r\u00e9clament le d\u00e9veloppement des connaissances et notre emprise sur le monde ? Telle est donc la question que ce travail veut aborder.","authors":["G\u00e9rard Chazal"],"category_codes":["9000000","9080000","9080200","9080204"],"visuals":{"large":"https:\/\/images.epagine.fr\/452\/9782876732452_1_75.jpg","medium":"https:\/\/images.epagine.fr\/452\/9782876732452_1_m.jpg","thumbnail":"https:\/\/images.epagine.fr\/452\/9782876732452_1_v.jpg"},"orderable":true,"show_badge":true,"formatted_price":"23,50&nbsp;\u20ac","formatted_published_date":"1er novembre 1998","publisher_availability_label":"Sur commande","short_details":"G\u00e9rard Chazal \u2014 CHAMP VALLON","translator":null,"weight":355,"page_count":null,"readership":null,"editor":"CHAMP VALLON","price":2350,"published_date":"1998-10-31T23:00:00.000000Z","support":"Grand format","publisher_availability":1,"stock":0,"editions":[],"url":"https:\/\/quaidesbrumes.com\/ouvrage\/9782876732452\/formes-figures-realites-esquisse-dune-theorie-de-la-forme"},{"id":"9782747582292","title":"Intersubjectivite et pratique - contributions a l'etude des pragmatismes dans la philosophie contemp","description":"Le pr\u00e9sent livre a pour objet la \"renaissance du pragmatisme\" dans la philosophie contemporaine, qu'il tente d'\u00e9clairer en analysant les relations syst\u00e9matiques entre le concept de pratique et celui d'intersubjectivit\u00e9. Il est le r\u00e9sultat de l'effort collectif de chercheurs issus de plusieurs pays, form\u00e9s dans des traditions philosophiques diff\u00e9rentes, et d\u00e9sireux de surmonter par le dialogue l'opposition entre philosophie anglo-am\u00e9ricaine et philosophie continentale. (Un ouvrage avec certains articles en Allemand et en Anglais)","authors":["Laudou\/Lauer\/Blank"],"category_codes":["9000000","9080000"],"visuals":{"large":"https:\/\/images.epagine.fr\/292\/9782747582292_1_75.jpg","medium":"https:\/\/images.epagine.fr\/292\/9782747582292_1_m.jpg","thumbnail":"https:\/\/images.epagine.fr\/292\/9782747582292_1_v.jpg"},"orderable":true,"show_badge":true,"formatted_price":"26,00&nbsp;\u20ac","formatted_published_date":"2 avril 2005","publisher_availability_label":"Sur commande","short_details":"Laudou\/Lauer\/Blank \u2014 \u00c9ditions L'Harmattan","translator":null,"weight":350,"page_count":282,"readership":null,"editor":"\u00c9ditions L'Harmattan","price":2600,"published_date":"2005-04-01T22:00:00.000000Z","support":"Grand format","publisher_availability":1,"stock":0,"editions":[],"url":"https:\/\/quaidesbrumes.com\/ouvrage\/9782747582292\/intersubjectivite-et-pratique-contributions-a-letude-des-pragmatismes-dans-la-philosophie-contemp"},{"id":"9782738452771","title":"Lectures de Cioran","description":"Cet ouvrage regroupe des articles qui ont \u00e9t\u00e9 r\u00e9unis \u00e0 la suite d'une rencontre, \u00e0 l'Institut fran\u00e7ais de Bucarest, d'\u00e9crivains et d'universitaires qui ont connu Cioran, comme Bertrand Poirot-Delpech, et de penseurs de la nouvelle g\u00e9n\u00e9ration, comme H.R. Patapievici. Une interview de sa compagne de toujours Simone Bou\u00e9 accompagne ces articles.","authors":["Collectif"],"category_codes":["9000000","9080000","9080200","9080204"],"visuals":{"large":"https:\/\/images.epagine.fr\/771\/9782738452771_1_75.jpg","medium":"https:\/\/images.epagine.fr\/771\/9782738452771_1_m.jpg","thumbnail":"https:\/\/images.epagine.fr\/771\/9782738452771_1_v.jpg"},"orderable":true,"show_badge":true,"formatted_price":"13,50&nbsp;\u20ac","formatted_published_date":"26 mai 1997","publisher_availability_label":"Sur commande","short_details":"Collectif \u2014 \u00c9ditions L'Harmattan","translator":null,"weight":142,"page_count":108,"readership":null,"editor":"\u00c9ditions L'Harmattan","price":1350,"published_date":"1997-05-25T22:00:00.000000Z","support":"Grand format","publisher_availability":1,"stock":0,"editions":[],"url":"https:\/\/quaidesbrumes.com\/ouvrage\/9782738452771\/lectures-de-cioran"},{"id":"9782738455314","title":"La valeur de l'oeuvre d'art","description":"Crise de d'art, d\u00e9clin des avant-gardes : \u00e0 la mort de l'art succ\u00e9derait d\u00e9sormais celle de l'esth\u00e9tique. Sp\u00e9culations, subventions, expositions, auraient ruin\u00e9 les pr\u00e9tentions de l'art \u00e0 l'autonomie, et d\u00e9sorient\u00e9 le jugement spontan\u00e9, et sap\u00e9 les fondements de l'esth\u00e9tique philosophique. Ce livre essaie au contraire de montrer que la philosophie peut encore aborder de fa\u00e7on fructueuse la question de la valeur de l'oeuvre d'art, \u00e0 condition de se confronter \u00e0 ce qu'elle r\u00e9pugne d'ordinaire \u00e0 penser, la relation de la valeur esth\u00e9tique \u00e0 la valeur \u00e9conomique. Expos\u00e9 au march\u00e9 et \u00e0 la rationalit\u00e9 scientifique, l'art ne perd pas forc\u00e9ment son \u00e2me, mais d\u00e9couvre le principe de toute valeur, la relation de la subjectivit\u00e9 \u00e0 la rationalit\u00e9 et \u00e0 l'\u00e9change.","authors":["V\u00e9ronique Fabbri"],"category_codes":["9000000","9080000"],"visuals":{"large":"https:\/\/images.epagine.fr\/314\/9782738455314_1_75.jpg","medium":"https:\/\/images.epagine.fr\/314\/9782738455314_1_m.jpg","thumbnail":"https:\/\/images.epagine.fr\/314\/9782738455314_1_v.jpg"},"orderable":true,"show_badge":true,"formatted_price":"42,00&nbsp;\u20ac","formatted_published_date":"3 mai 2000","publisher_availability_label":"Sur commande","short_details":"V\u00e9ronique Fabbri \u2014 \u00c9ditions L'Harmattan","translator":null,"weight":514,"page_count":null,"readership":null,"editor":"\u00c9ditions L'Harmattan","price":4200,"published_date":"2000-05-02T22:00:00.000000Z","support":"Grand format","publisher_availability":1,"stock":0,"editions":[],"url":"https:\/\/quaidesbrumes.com\/ouvrage\/9782738455314\/la-valeur-de-loeuvre-dart"},{"id":"9782747585880","title":"La quantification dans la logique moderne","description":"D\u00e9gager les processus exacts qui sont \u00e0 l'oeuvre derri\u00e8re l'acte apparemment simple de quantifier, tel fut et demeure aujourd'hui un des d\u00e9fis majeurs de la logique moderne et de la philosophie du langage. Trop souvent consid\u00e9r\u00e9e comme achev\u00e9e d\u00e8s la Begriffsschrift de G. Frege, la th\u00e9orie de la quantification est, de fait, le fruit d'une maturation progressive et multiple dans laquelle s'inscrivent des auteurs tels que C.S. Pierce, E. Schroder, B. Russell, T. Skolem, D. Hilbert ou encore S. Lesniewski et A. Tarski.","authors":["Pierre Joray"],"category_codes":["9000000","9080000"],"visuals":{"large":"https:\/\/images.epagine.fr\/880\/9782747585880_1_75.jpg","medium":"https:\/\/images.epagine.fr\/880\/9782747585880_1_m.jpg","thumbnail":"https:\/\/images.epagine.fr\/880\/9782747585880_1_v.jpg"},"orderable":true,"show_badge":true,"formatted_price":"32,50&nbsp;\u20ac","formatted_published_date":"2 juin 2005","publisher_availability_label":"Sur commande","short_details":"Pierre Joray \u2014 \u00c9ditions L'Harmattan","translator":null,"weight":410,"page_count":376,"readership":null,"editor":"\u00c9ditions L'Harmattan","price":3250,"published_date":"2005-06-01T22:00:00.000000Z","support":"Grand format","publisher_availability":1,"stock":0,"editions":[],"url":"https:\/\/quaidesbrumes.com\/ouvrage\/9782747585880\/la-quantification-dans-la-logique-moderne"},{"id":"9782738468888","title":"De la gr\u00e2ce et des vertus","description":"Que signifient gr\u00e2ce et vertu pour un lecteur de la fin du XX\u00e8me si\u00e8cle ? Probablement rien de si actuel qu'il ne faille, pour mesurer leur \u00e9rosion s\u00e9mantique, rappeler leur importance dans le pass\u00e9. Car la pratique des vertus et l'efficacit\u00e9 de la gr\u00e2ce ont \u00e9t\u00e9, dans la chr\u00e9tient\u00e9 m\u00e9di\u00e9vale, au coeur de la r\u00e9flexion morale sur les rapports de l'homme \u00e0 son Dieu. Les divergences persistaient tout en coexistant. Mais dans la Florence du Quattrocento, puis dans la France renaissante influenc\u00e9e par la pens\u00e9e r\u00e9form\u00e9e, gr\u00e2ce et vertu allaient conna\u00eetre des transformations qui affecteront durablement leur force et leur sens. Les \u00e9tudes r\u00e9eunies ici s'attachent \u00e0 diverses instances privil\u00e9gi\u00e9es de cette \u00e9volution, pour constituer une petite histoire sociale, litt\u00e9raire et philosophique de ces deux notions.","authors":["Collectif","Pierre-louis Vaillancourt","Marie-france Wagner"],"category_codes":["9000000","9080000","9080200","9080204"],"visuals":{"large":"https:\/\/images.epagine.fr\/888\/9782738468888_1_75.jpg","medium":"https:\/\/images.epagine.fr\/888\/9782738468888_1_m.jpg","thumbnail":"https:\/\/images.epagine.fr\/888\/9782738468888_1_v.jpg"},"orderable":true,"show_badge":true,"formatted_price":"29,50&nbsp;\u20ac","formatted_published_date":"3 mai 2000","publisher_availability_label":"Sur commande","short_details":"Collectif, Pierre-louis Vaillancourt, Marie-france Wagner \u2014 \u00c9ditions L'Harmattan","translator":null,"weight":390,"page_count":318,"readership":null,"editor":"\u00c9ditions L'Harmattan","price":2950,"published_date":"2000-05-02T22:00:00.000000Z","support":"Grand format","publisher_availability":1,"stock":0,"editions":[],"url":"https:\/\/quaidesbrumes.com\/ouvrage\/9782738468888\/de-la-grace-et-des-vertus"},{"id":"9782738453976","title":"Une discipline de la distance ; l'institutionnalisation universitaire des \u00e9tudes philosophiques au Chili","description":"Ce livre aborde le th\u00e8me de \u00ab l'institutionnalit\u00e9 \u00bb de la philosophie. La premi\u00e8re partie : L'usage de la philosophie au cours du XIXe si\u00e8cle et au d\u00e9but du XX\u00e8, \u00e9bauche \u00e0 grands traits l'inspiration philosophique qui a pr\u00e9sid\u00e9 \u00e0 la fondation de l'Universit\u00e9 du Chili et de l'Institut P\u00e9dagogique, ainsi que l'introduction du cours de philosophie, jusqu'\u00e0 l'installation du cours sp\u00e9cial pour la formation du Professeur d'Etat et la modalit\u00e9 d'enseignement qui y fut alors instaur\u00e9e. La seconde partie : Constitution comme discipline universitaire des \u00e9tudes de philosophie, examine le proc\u00e9d\u00e9 d'organisation de ces \u00e9tudes comme \u00ab espace intellectuel autonome \u00bb.","authors":["C\u00e9cilia Sanchez"],"category_codes":["9000000","9080000","9080200","9080204"],"visuals":{"large":"https:\/\/images.epagine.fr\/976\/9782738453976_1_75.jpg","medium":"https:\/\/images.epagine.fr\/976\/9782738453976_1_m.jpg","thumbnail":"https:\/\/images.epagine.fr\/976\/9782738453976_1_v.jpg"},"orderable":true,"show_badge":true,"formatted_price":"21,00&nbsp;\u20ac","formatted_published_date":"15 juin 1997","publisher_availability_label":"Sur commande","short_details":"C\u00e9cilia Sanchez \u2014 \u00c9ditions L'Harmattan","translator":null,"weight":304,"page_count":200,"readership":null,"editor":"\u00c9ditions L'Harmattan","price":2100,"published_date":"1997-06-14T22:00:00.000000Z","support":"Grand format","publisher_availability":1,"stock":0,"editions":[],"url":"https:\/\/quaidesbrumes.com\/ouvrage\/9782738453976\/une-discipline-de-la-distance-linstitutionnalisation-universitaire-des-etudes-philosophiques-au-chili"},{"id":"9782738453860","title":"L'ALT\u00c9RIT\u00c9 FONDATRICE : Compr\u00e9hension psycho-ph\u00e9nom\u00e9nologique du processus de fondement du sujet psychique","description":"L'ouvrage na\u00eet du rapprochement de deux observations : la premi\u00e8re, ph\u00e9nom\u00e9nologique, montre que les artistes d\u00e9gagent un don de pr\u00e9sence capable de restaurer la dynamique relationnelle de certains de leurs interlocuteurs; la seconde, psychologique, \u00e9tablit qu'un dysfonctionnement du lien \u00e0 l'autre se traduit tr\u00e8s souvent, au plan intrapsychique, par la sensation d'une alt\u00e9rit\u00e9 hostile et tyrannique avec laquelle il devient insupportable pour le sujet d'entretenir un quelconque commerce.\r\nL'exploration m\u00e9thodique de ce ph\u00e9nom\u00e8ne d'alt\u00e9ration contribue \u00e0 la compr\u00e9hension intime des fonctionnements psychologiques qui se produisent, en marge de la stricte vie repr\u00e9sentative, chez chacun d'entre nous.","authors":["Brigitte Leroy-Viemon"],"category_codes":["9000000","9080000"],"visuals":{"large":"https:\/\/images.epagine.fr\/860\/9782738453860_1_75.jpg","medium":"https:\/\/images.epagine.fr\/860\/9782738453860_1_m.jpg","thumbnail":"https:\/\/images.epagine.fr\/860\/9782738453860_1_v.jpg"},"orderable":true,"show_badge":true,"formatted_price":"27,50&nbsp;\u20ac","formatted_published_date":"3 mai 2000","publisher_availability_label":"Sur commande","short_details":"Brigitte Leroy-Viemon \u2014 \u00c9ditions L'Harmattan","translator":null,"weight":358,"page_count":302,"readership":null,"editor":"\u00c9ditions L'Harmattan","price":2750,"published_date":"2000-05-02T22:00:00.000000Z","support":"Grand format","publisher_availability":1,"stock":0,"editions":[],"url":"https:\/\/quaidesbrumes.com\/ouvrage\/9782738453860\/lalterite-fondatrice-comprehension-psycho-phenomenologique-du-processus-de-fondement-du-sujet-psychique"},{"id":"9782910112127","title":"Les limites de la connaissance de la nature","description":"L'Europe tout juste sortie de la \"Grande Guerre\" le manifeste clairement : au-del\u00e0 des apparences, la catastrophe r\u00e9sulte de l'impuissance des formes de la pens\u00e9e scientifique \u00e0 saisir la r\u00e9alit\u00e9 sociale, c'est-\u00e0-dire humaine. Comment d\u00e9passer consciemment ces limites ? Dans le premier cycle de conf\u00e9rences qu'il ait faites sous la double coupole du premier Goetheanum, Steiner s'attache \u00e0 montrer en quoi l'acquisition de facult\u00e9s sup\u00e9rieures - imagination, inspiration, intuition - donne acc\u00e8s \u00e0 la dimension spirituelle de l'\u00eatre humain. Son expos\u00e9 s'ach\u00e8ve sur deux conf\u00e9rences qui d\u00e9crivent dans sa sp\u00e9cificit\u00e9 le chemin d'initiation du scientifique. Vincent Choisnel a traduit scrupuleusement","authors":["Rudolf Steiner"],"category_codes":["9000000","9080000","9080200"],"visuals":{"large":"https:\/\/quaidesbrumes.com\/img\/book-placeholder.png","medium":"https:\/\/quaidesbrumes.com\/img\/book-placeholder.png","thumbnail":"https:\/\/quaidesbrumes.com\/img\/book-placeholder.png"},"orderable":true,"show_badge":true,"formatted_price":"16,80&nbsp;\u20ac","formatted_published_date":"30 avril 1995","publisher_availability_label":"Sur commande","short_details":"Rudolf Steiner \u2014 Novalis France","translator":null,"weight":0,"page_count":180,"readership":null,"editor":"Novalis France","price":1680,"published_date":"1995-04-29T22:00:00.000000Z","support":"Grand format","publisher_availability":1,"stock":0,"editions":[],"url":"https:\/\/quaidesbrumes.com\/ouvrage\/9782910112127\/les-limites-de-la-connaissance-de-la-nature"},{"id":"9782910210472","title":"Langage de la documentation","description":null,"authors":["Molard"],"category_codes":["9000000","9080000","9080200"],"visuals":{"large":"https:\/\/quaidesbrumes.com\/img\/book-placeholder.png","medium":"https:\/\/quaidesbrumes.com\/img\/book-placeholder.png","thumbnail":"https:\/\/quaidesbrumes.com\/img\/book-placeholder.png"},"orderable":true,"show_badge":true,"formatted_price":"7,47&nbsp;\u20ac","formatted_published_date":"22 janvier 2004","publisher_availability_label":"Sur commande","short_details":"Molard \u2014 Methodes Et Strategies","translator":null,"weight":0,"page_count":null,"readership":null,"editor":"Methodes Et Strategies","price":747,"published_date":"2004-01-21T23:00:00.000000Z","support":"Grand format","publisher_availability":1,"stock":0,"editions":[],"url":"https:\/\/quaidesbrumes.com\/ouvrage\/9782910210472\/langage-de-la-documentation"},{"id":"9782296055407","title":"Le cinquanti\u00e8me parall\u00e8le ;  petits essais sur les choses de l'esprit","description":"Sous une forme rapide et vari\u00e9e refl\u00e9tant le mouvement de la vie et la complexit\u00e9 du monde contemporain, et s'inspirant des Essais de Montaigne, ce choix de r\u00e9flexions, d'observations et d'impressions sur la litt\u00e9rature, la science, le cin\u00e9ma, la politique et bien d'autres sujets, donne en m\u00eame temps \u00e0 d\u00e9couvrir, en filigrane, le portrait d'un homme d'aujourd'hui.","authors":["Andr\u00e9 Michel"],"category_codes":["1000000","1060000"],"visuals":{"large":"https:\/\/images.epagine.fr\/407\/9782296055407_1_75.jpg","medium":"https:\/\/images.epagine.fr\/407\/9782296055407_1_m.jpg","thumbnail":"https:\/\/images.epagine.fr\/407\/9782296055407_1_v.jpg"},"orderable":true,"show_badge":true,"formatted_price":"31,50&nbsp;\u20ac","formatted_published_date":"18 avril 2008","publisher_availability_label":"Sur commande","short_details":"Andr\u00e9 Michel \u2014 \u00c9ditions L'Harmattan","translator":null,"weight":420,"page_count":302,"readership":null,"editor":"\u00c9ditions L'Harmattan","price":3150,"published_date":"2008-04-17T22:00:00.000000Z","support":"Grand format","publisher_availability":1,"stock":0,"editions":[],"url":"https:\/\/quaidesbrumes.com\/ouvrage\/9782296055407\/le-cinquantieme-parallele-petits-essais-sur-les-choses-de-lesprit"},{"id":"9783896652737","title":"La vision chez platon et aristote","description":"Tout en r\u00e9pondant scientifiquement \u00e0 la question Comment voit-on ?, Platon et Aristote abordent la question plus fondamentale : Qu'est-ce que voir ? Au-del\u00e0 des conceptions \u00e9pist\u00e9mologiques se dessine ainsi la pr\u00e9sence d'une lumi\u00e8re divine.","authors":["Anne Merker"],"category_codes":["9000000","9080000","9080200","9080204"],"visuals":{"large":"https:\/\/quaidesbrumes.com\/img\/book-placeholder.png","medium":"https:\/\/quaidesbrumes.com\/img\/book-placeholder.png","thumbnail":"https:\/\/quaidesbrumes.com\/img\/book-placeholder.png"},"orderable":true,"show_badge":true,"formatted_price":"48,00&nbsp;\u20ac","formatted_published_date":"12 mars 2004","publisher_availability_label":"Sur commande","short_details":"Anne Merker \u2014 Vrin","translator":null,"weight":0,"page_count":268,"readership":null,"editor":"Vrin","price":4800,"published_date":"2004-03-11T23:00:00.000000Z","support":"Grand format","publisher_availability":1,"stock":0,"editions":[],"url":"https:\/\/quaidesbrumes.com\/ouvrage\/9783896652737\/la-vision-chez-platon-et-aristote"},{"id":"9782804721145","title":"Discours, sexualit\u00e9 et pouvoir ; initiation \u00e0 Michel Foucault","description":"Comment s'articulent les discours, surtout lorsqu'ils traitent de sujets tabous, comme la sexualit\u00e9 ou le fonctionnement du pouvoir ? Telle aura \u00e9t\u00e9 la grande interrogation de Michel Foucault, que retrace Alan Sheridan avec une grande simplicit\u00e9 de style faisant de son ouvrage une introduction \u00e9l\u00e9gante et fid\u00e8le \u00e0 l'oeuvre de Foucault. L'\u00e9tude de Sheridan, qui va jusqu'\u00e0 l'histoire de la sexualit\u00e9, montre bien cet \u00e9largissement du champ de la raison, qu'a poursuivi Foucault au-del\u00e0 des fronti\u00e8res traditionnelles et dont on ne parlait pas avant lui.\r\n\r\nAlan Sheridan est un \u00e9crivain et traducteur britannique. Il a traduit des oeuvres de fiction, d'histoire, de philosophie, de critique litt\u00e9raire et de psychanalyse par des auteurs tels que Jean-Paul Sartre, Jacques Lacan, Michel Foucault, Alain Robbe-Grillet, Robert Pinget et beaucoup d'autres.","authors":["Alan Sheridan"],"category_codes":["9000000","9080000","9080700"],"visuals":{"large":"https:\/\/images.epagine.fr\/145\/9782804721145_1_75.jpg","medium":"https:\/\/images.epagine.fr\/145\/9782804721145_1_m.jpg","thumbnail":"https:\/\/images.epagine.fr\/145\/9782804721145_1_v.jpg"},"orderable":true,"show_badge":true,"formatted_price":"39,99&nbsp;\u20ac","formatted_published_date":"20 avril 2022","publisher_availability_label":"Sur commande","short_details":"Alan Sheridan \u2014 \u00c9ditions Mardaga","translator":null,"weight":448,"page_count":280,"readership":null,"editor":"\u00c9ditions Mardaga","price":3999,"published_date":"2022-04-19T22:00:00.000000Z","support":"Grand format","publisher_availability":1,"stock":0,"editions":[],"url":"https:\/\/quaidesbrumes.com\/ouvrage\/9782804721145\/discours-sexualite-et-pouvoir-initiation-a-michel-foucault"},{"id":"9782902707133","title":"Les trois pommes d'or","description":null,"authors":["Etienne Perrot"],"category_codes":["9000000","9080000","9080200","9080204"],"visuals":{"large":"https:\/\/images.epagine.fr\/133\/9782902707133_1_75.jpg","medium":"https:\/\/images.epagine.fr\/133\/9782902707133_1_m.jpg","thumbnail":"https:\/\/images.epagine.fr\/133\/9782902707133_1_v.jpg"},"orderable":true,"show_badge":true,"formatted_price":"18,50&nbsp;\u20ac","formatted_published_date":"1er avril 1981","publisher_availability_label":"Sur commande","short_details":"Etienne Perrot \u2014 Fontaine De Pierre","translator":null,"weight":476,"page_count":342,"readership":null,"editor":"Fontaine De Pierre","price":1850,"published_date":"1981-03-31T22:00:00.000000Z","support":"Grand format","publisher_availability":1,"stock":0,"editions":[],"url":"https:\/\/quaidesbrumes.com\/ouvrage\/9782902707133\/les-trois-pommes-dor"},{"id":"9782902707171","title":"La consolation d'isaie","description":null,"authors":["Etienne Perrot"],"category_codes":["9000000","9080000","9080200","9080204"],"visuals":{"large":"https:\/\/images.epagine.fr\/171\/9782902707171_1_75.jpg","medium":"https:\/\/images.epagine.fr\/171\/9782902707171_1_m.jpg","thumbnail":"https:\/\/images.epagine.fr\/171\/9782902707171_1_v.jpg"},"orderable":true,"show_badge":true,"formatted_price":"15,00&nbsp;\u20ac","formatted_published_date":"15 novembre 1982","publisher_availability_label":"Sur commande","short_details":"Etienne Perrot \u2014 Fontaine De Pierre","translator":null,"weight":402,"page_count":248,"readership":null,"editor":"Fontaine De Pierre","price":1500,"published_date":"1982-11-14T23:00:00.000000Z","support":"Grand format","publisher_availability":1,"stock":0,"editions":[],"url":"https:\/\/quaidesbrumes.com\/ouvrage\/9782902707171\/la-consolation-disaie"},{"id":"9782738466075","title":"Husserl-Heidegger : Influence de leur oeuvre en Russie","description":"La confrontation Husserl-Heidegger est par elle-m\u00eame une probl\u00e9matique philosophique. L'auteur la prend en consid\u00e9ration pour la situer dans un contexte d'interculturalit\u00e9. L'\u00e9tude historique des influences trouve ainsi son assise et son horizon philosophiques. L'auteur parcourt les derni\u00e8res d\u00e9cennies de l'histoire de la philosophie en Russie. Les r\u00e9f\u00e9rences \u00e0 Husserl et Heidegger participent \u00e0 l'ouverture de perspectives nouvelles dans le domaine philosophique.","authors":["Maryse Dennes"],"category_codes":["9000000","9080000"],"visuals":{"large":"https:\/\/images.epagine.fr\/075\/9782738466075_1_75.jpg","medium":"https:\/\/images.epagine.fr\/075\/9782738466075_1_m.jpg","thumbnail":"https:\/\/images.epagine.fr\/075\/9782738466075_1_v.jpg"},"orderable":true,"show_badge":true,"formatted_price":"29,50&nbsp;\u20ac","formatted_published_date":"3 mai 2000","publisher_availability_label":"Sur commande","short_details":"Maryse Dennes \u2014 \u00c9ditions L'Harmattan","translator":null,"weight":402,"page_count":334,"readership":null,"editor":"\u00c9ditions L'Harmattan","price":2950,"published_date":"2000-05-02T22:00:00.000000Z","support":"Grand format","publisher_availability":1,"stock":0,"editions":[],"url":"https:\/\/quaidesbrumes.com\/ouvrage\/9782738466075\/husserl-heidegger-influence-de-leur-oeuvre-en-russie"}]}