{"data":[{"id":"9782857070917","title":"Charles de bovelles - En son cinqui\u00e8me centenaire 1479-1979","description":null,"authors":["Collectif"],"category_codes":["9000000","9080000"],"visuals":{"large":"https:\/\/images.epagine.fr\/917\/9782857070917_1_75.jpg","medium":"https:\/\/images.epagine.fr\/917\/9782857070917_1_m.jpg","thumbnail":"https:\/\/images.epagine.fr\/917\/9782857070917_1_v.jpg"},"orderable":true,"show_badge":true,"formatted_price":"27,79&nbsp;\u20ac","formatted_published_date":"1er janvier 1990","publisher_availability_label":"Sur commande","short_details":"Collectif \u2014 Guy Tr\u00e9daniel \u00c9diteur","translator":null,"weight":470,"page_count":307,"readership":null,"editor":"Guy Tr\u00e9daniel \u00c9diteur","price":2779,"published_date":"1989-12-31T23:00:00.000000Z","support":"Grand format","publisher_availability":1,"stock":0,"editions":[],"url":"https:\/\/quaidesbrumes.com\/ouvrage\/9782857070917\/charles-de-bovelles-en-son-cinquieme-centenaire-1479-1979"},{"id":"9782329486000","title":"De la sagesse. Tome 2","description":"De la sagesse, trois livres. Tome 2 \/ , par Pierre Charron,... Nouvelle \u00e9dition, publi\u00e9e avec des sommaires et des notes... par Amaury Duval,...\r\nDate de l'\u00e9dition originale : 1820\r\nLe pr\u00e9sent ouvrage s'inscrit dans une politique de conservation patrimoniale des ouvrages de la litt\u00e9rature Fran\u00e7aise mise en place avec la BNF. \r\nHACHETTE LIVRE et la BNF proposent ainsi un catalogue de titres indisponibles, la BNF ayant num\u00e9ris\u00e9 ces oeuvres et HACHETTE LIVRE les imprimant \u00e0 la demande. \r\nCertains de ces ouvrages refl\u00e8tent des courants de pens\u00e9e caract\u00e9ristiques de leur \u00e9poque, mais qui seraient aujourd'hui jug\u00e9s condamnables. \r\nIls n'en appartiennent pas moins \u00e0 l'histoire des id\u00e9es en France et sont susceptibles de pr\u00e9senter un int\u00e9r\u00eat scientifique ou historique. \r\nLe sens de notre d\u00e9marche \u00e9ditoriale consiste ainsi \u00e0 permettre l'acc\u00e8s \u00e0 ces oeuvres sans pour autant que nous en cautionnions en aucune fa\u00e7on le contenu. \r\nPour plus d'informations, rendez-vous sur www.hachettebnf.fr","authors":["Pierre Charron","Amaury Duval","Eloi Johanneau"],"category_codes":["9000000","9080000","9080600"],"visuals":{"large":"https:\/\/quaidesbrumes.com\/img\/book-placeholder.png","medium":"https:\/\/quaidesbrumes.com\/img\/book-placeholder.png","thumbnail":"https:\/\/quaidesbrumes.com\/img\/book-placeholder.png"},"orderable":true,"show_badge":true,"formatted_price":"29,00&nbsp;\u20ac","formatted_published_date":"1er octobre 2020","publisher_availability_label":"Sur commande","short_details":"Pierre Charron, Amaury Duval, Eloi Johanneau \u2014 Hachette BNF","translator":null,"weight":638,"page_count":468,"readership":null,"editor":"Hachette BNF","price":2900,"published_date":"2020-09-30T22:00:00.000000Z","support":"Grand format","publisher_availability":1,"stock":0,"editions":[],"url":"https:\/\/quaidesbrumes.com\/ouvrage\/9782329486000\/de-la-sagesse-tome-2"},{"id":"9782329485997","title":"De la sagesse. Tome 3","description":"De la sagesse, trois livres. Tome 3 \/ , par Pierre Charron,... Nouvelle \u00e9dition, publi\u00e9e avec des sommaires et des notes... par Amaury Duval,...\r\nDate de l'\u00e9dition originale : 1820\r\nLe pr\u00e9sent ouvrage s'inscrit dans une politique de conservation patrimoniale des ouvrages de la litt\u00e9rature Fran\u00e7aise mise en place avec la BNF. \r\nHACHETTE LIVRE et la BNF proposent ainsi un catalogue de titres indisponibles, la BNF ayant num\u00e9ris\u00e9 ces oeuvres et HACHETTE LIVRE les imprimant \u00e0 la demande. \r\nCertains de ces ouvrages refl\u00e8tent des courants de pens\u00e9e caract\u00e9ristiques de leur \u00e9poque, mais qui seraient aujourd'hui jug\u00e9s condamnables. \r\nIls n'en appartiennent pas moins \u00e0 l'histoire des id\u00e9es en France et sont susceptibles de pr\u00e9senter un int\u00e9r\u00eat scientifique ou historique. \r\nLe sens de notre d\u00e9marche \u00e9ditoriale consiste ainsi \u00e0 permettre l'acc\u00e8s \u00e0 ces oeuvres sans pour autant que nous en cautionnions en aucune fa\u00e7on le contenu. \r\nPour plus d'informations, rendez-vous sur www.hachettebnf.fr","authors":["Pierre Charron","Amaury Duval","Eloi Johanneau"],"category_codes":["9000000","9080000","9080600"],"visuals":{"large":"https:\/\/quaidesbrumes.com\/img\/book-placeholder.png","medium":"https:\/\/quaidesbrumes.com\/img\/book-placeholder.png","thumbnail":"https:\/\/quaidesbrumes.com\/img\/book-placeholder.png"},"orderable":true,"show_badge":true,"formatted_price":"27,00&nbsp;\u20ac","formatted_published_date":"1er octobre 2020","publisher_availability_label":"Sur commande","short_details":"Pierre Charron, Amaury Duval, Eloi Johanneau \u2014 Hachette BNF","translator":null,"weight":576,"page_count":420,"readership":null,"editor":"Hachette BNF","price":2700,"published_date":"2020-09-30T22:00:00.000000Z","support":"Grand format","publisher_availability":1,"stock":0,"editions":[],"url":"https:\/\/quaidesbrumes.com\/ouvrage\/9782329485997\/de-la-sagesse-tome-3"},{"id":"9782329485980","title":"De la sagesse. Tome 1","description":"De la sagesse, trois livres. Tome 1 \/ , par Pierre Charron,... Nouvelle \u00e9dition, publi\u00e9e avec des sommaires et des notes... par Amaury Duval,...\r\nDate de l'\u00e9dition originale : 1820\r\nLe pr\u00e9sent ouvrage s'inscrit dans une politique de conservation patrimoniale des ouvrages de la litt\u00e9rature Fran\u00e7aise mise en place avec la BNF. \r\nHACHETTE LIVRE et la BNF proposent ainsi un catalogue de titres indisponibles, la BNF ayant num\u00e9ris\u00e9 ces oeuvres et HACHETTE LIVRE les imprimant \u00e0 la demande. \r\nCertains de ces ouvrages refl\u00e8tent des courants de pens\u00e9e caract\u00e9ristiques de leur \u00e9poque, mais qui seraient aujourd'hui jug\u00e9s condamnables. \r\nIls n'en appartiennent pas moins \u00e0 l'histoire des id\u00e9es en France et sont susceptibles de pr\u00e9senter un int\u00e9r\u00eat scientifique ou historique. \r\nLe sens de notre d\u00e9marche \u00e9ditoriale consiste ainsi \u00e0 permettre l'acc\u00e8s \u00e0 ces oeuvres sans pour autant que nous en cautionnions en aucune fa\u00e7on le contenu. \r\nPour plus d'informations, rendez-vous sur www.hachettebnf.fr","authors":["Pierre Charron","Amaury Duval","Eloi Johanneau"],"category_codes":["9000000","9080000","9080600"],"visuals":{"large":"https:\/\/quaidesbrumes.com\/img\/book-placeholder.png","medium":"https:\/\/quaidesbrumes.com\/img\/book-placeholder.png","thumbnail":"https:\/\/quaidesbrumes.com\/img\/book-placeholder.png"},"orderable":true,"show_badge":true,"formatted_price":"32,00&nbsp;\u20ac","formatted_published_date":"1er octobre 2020","publisher_availability_label":"Sur commande","short_details":"Pierre Charron, Amaury Duval, Eloi Johanneau \u2014 Hachette BNF","translator":null,"weight":736,"page_count":538,"readership":null,"editor":"Hachette BNF","price":3200,"published_date":"2020-09-30T22:00:00.000000Z","support":"Grand format","publisher_availability":1,"stock":0,"editions":[],"url":"https:\/\/quaidesbrumes.com\/ouvrage\/9782329485980\/de-la-sagesse-tome-1"},{"id":"9782841370306","title":"L'animal politique","description":null,"authors":["Collectif"],"category_codes":["9000000","9080000"],"visuals":{"large":"https:\/\/quaidesbrumes.com\/img\/book-placeholder.png","medium":"https:\/\/quaidesbrumes.com\/img\/book-placeholder.png","thumbnail":"https:\/\/quaidesbrumes.com\/img\/book-placeholder.png"},"orderable":true,"show_badge":true,"formatted_price":"27,80&nbsp;\u20ac","formatted_published_date":"1er novembre 1998","publisher_availability_label":"Sur commande","short_details":"Collectif \u2014 MILLON","translator":null,"weight":588,"page_count":null,"readership":null,"editor":"MILLON","price":2780,"published_date":"1998-10-31T23:00:00.000000Z","support":"Grand format","publisher_availability":1,"stock":0,"editions":[],"url":"https:\/\/quaidesbrumes.com\/ouvrage\/9782841370306\/lanimal-politique"},{"id":"9782019995232","title":"\u00c9tude sur l'espace et le temps","description":"\u00c9tude sur l'espace et le temps, par Georges Lechalas,...\r\nDate de l'\u00e9dition originale : 1909\r\n\r\nLe pr\u00e9sent ouvrage s'inscrit dans une politique de conservation patrimoniale des ouvrages de la litt\u00e9rature Fran\u00e7aise mise en place avec la BNF. \r\nHACHETTE LIVRE et la BNF proposent ainsi un catalogue de titres indisponibles, la BNF ayant num\u00e9ris\u00e9 ces oeuvres et HACHETTE LIVRE les imprimant \u00e0 la demande. \r\nCertains de ces ouvrages refl\u00e8tent des courants de pens\u00e9e caract\u00e9ristiques  de leur \u00e9poque, mais qui seraient aujourd'hui jug\u00e9s condamnables. \r\nIls n'en appartiennent pas moins \u00e0 l'histoire des id\u00e9es en France et sont susceptibles de pr\u00e9senter un int\u00e9r\u00eat scientifique ou historique. \r\nLe sens de notre d\u00e9marche \u00e9ditoriale consiste ainsi \u00e0 permettre l'acc\u00e8s \u00e0 ces oeuvres sans pour autant que nous en cautionnions en aucune fa\u00e7on le contenu. \r\nPour plus d'informations, rendez-vous sur www.hachettebnf.fr","authors":["Lechalas Georges"],"category_codes":["9000000","9080000"],"visuals":{"large":"https:\/\/images.epagine.fr\/232\/9782019995232_1_75.jpg","medium":"https:\/\/images.epagine.fr\/232\/9782019995232_1_m.jpg","thumbnail":"https:\/\/images.epagine.fr\/232\/9782019995232_1_v.jpg"},"orderable":true,"show_badge":true,"formatted_price":"24,50&nbsp;\u20ac","formatted_published_date":"1er mars 2018","publisher_availability_label":"Sur commande","short_details":"Lechalas Georges \u2014 Hachette BNF","translator":null,"weight":476,"page_count":348,"readership":null,"editor":"Hachette BNF","price":2450,"published_date":"2018-02-28T23:00:00.000000Z","support":"Grand format","publisher_availability":1,"stock":0,"editions":[],"url":"https:\/\/quaidesbrumes.com\/ouvrage\/9782019995232\/etude-sur-lespace-et-le-temps"},{"id":"9782296540859","title":"Technique et vie ; biopolitique et philosophie du bios dans la pens\u00e9e de Michel Foucault","description":"Comment Foucault pense-t-il la naissance de la biopolitique ? La r\u00e9ponse \u00e0 cette question est cherch\u00e9e \u00e0 partir du rapport avec Georges Canguilhem, dont les travaux sur le concept de vie ont eu une influence indiscutable sur Foucault. A travers la reconstruction de la ligne bio-\u00e9pist\u00e9mologique, le noeud biopolitique est d\u00e9fait par l'articulation de la relation entre technique et vie.","authors":["Antonella Cutro"],"category_codes":["9000000","9080000","9080200","9080204"],"visuals":{"large":"https:\/\/images.epagine.fr\/859\/9782296540859_1_75.jpg","medium":"https:\/\/images.epagine.fr\/859\/9782296540859_1_m.jpg","thumbnail":"https:\/\/images.epagine.fr\/859\/9782296540859_1_v.jpg"},"orderable":true,"show_badge":true,"formatted_price":"21,50&nbsp;\u20ac","formatted_published_date":"21 janvier 2011","publisher_availability_label":"Sur commande","short_details":"Antonella Cutro \u2014 \u00c9ditions L'Harmattan","translator":null,"weight":260,"page_count":null,"readership":null,"editor":"\u00c9ditions L'Harmattan","price":2150,"published_date":"2011-01-20T23:00:00.000000Z","support":"Grand format","publisher_availability":1,"stock":0,"editions":[],"url":"https:\/\/quaidesbrumes.com\/ouvrage\/9782296540859\/technique-et-vie-biopolitique-et-philosophie-du-bios-dans-la-pensee-de-michel-foucault"},{"id":"9782845195820","title":"Trois opuscules contre Rousseau","description":"Rousseau - \u00ab le souteneur stipendi\u00e9 \u00bb dit aimablement Voltaire - abandonna au moins cinq nouveau-n\u00e9s qu'il eut de Th\u00e9r\u00e8se Levasseur sur le parvis des \u00e9glises tandis qu'il composait ses trait\u00e9s d'\u00e9ducation pour \u00c9mile d'abord, puis pour Sophie. Ces traits de la vie du \u00ab Philosophe \u00bb sont indispensables pour visiter le Panth\u00e9on de la d\u00e9mocratie qui vaut ce que valent ses h\u00e9ros : tous ont oeuvr\u00e9 pour attaquer et d\u00e9truire ce qui est vrai et beau, tous ont men\u00e9 une existence de vices, tous avaient une \u00e2me de malandrin, aucun n'avait d'ami, d'\u00e9pouse, d'enfant qui les respectassent. Ils sont les p\u00e8res du chaos et les complices de la conjuration satanique contre l'homme. Mais leur doctrine ne tient pas l'examen.","authors":["Joseph De (& Mgr De Beaumont & Maistre"],"category_codes":["9000000","9080000"],"visuals":{"large":"https:\/\/images.epagine.fr\/820\/9782845195820_1_75.jpg","medium":"https:\/\/images.epagine.fr\/820\/9782845195820_1_m.jpg","thumbnail":"https:\/\/images.epagine.fr\/820\/9782845195820_1_v.jpg"},"orderable":true,"show_badge":true,"formatted_price":"12,00&nbsp;\u20ac","formatted_published_date":"8 juin 2015","publisher_availability_label":"Sur commande","short_details":"Joseph De (& Mgr De Beaumont & Maistre \u2014 Saint-Remi","translator":null,"weight":0,"page_count":null,"readership":null,"editor":"Saint-Remi","price":1200,"published_date":"2015-06-07T22:00:00.000000Z","support":"Grand format","publisher_availability":1,"stock":0,"editions":[],"url":"https:\/\/quaidesbrumes.com\/ouvrage\/9782845195820\/trois-opuscules-contre-rousseau"},{"id":"9782296542716","title":"L'anthropologie transcendantale de Kant","description":"Qu'est-ce que l'homme ? Cette question, que Kant pose dans la Logique, est au coeur de l'entreprise transcendantale. La philosophie critique de Kant, en tant qu'architectonique, est pens\u00e9e comme anthropologie \"transcendantale\". La \"transcendantalit\u00e9\" de cette anthropologie est interpr\u00e9t\u00e9e ici \u00e0 partir des textes kantiens, mais aussi des texte de M. Heidegger, H. Maldiney, M. Richir, F. Pierobon, qui interviennent comme des d\u00e9tecteurs de probl\u00e8mes dans les textes kantiens.","authors":["Pascal Gaudet"],"category_codes":["9000000","9080000","9080200","9080204"],"visuals":{"large":"https:\/\/images.epagine.fr\/716\/9782296542716_1_75.jpg","medium":"https:\/\/images.epagine.fr\/716\/9782296542716_1_m.jpg","thumbnail":"https:\/\/images.epagine.fr\/716\/9782296542716_1_v.jpg"},"orderable":true,"show_badge":true,"formatted_price":"12,00&nbsp;\u20ac","formatted_published_date":"21 janvier 2011","publisher_availability_label":"Sur commande","short_details":"Pascal Gaudet \u2014 \u00c9ditions L'Harmattan","translator":null,"weight":105,"page_count":null,"readership":null,"editor":"\u00c9ditions L'Harmattan","price":1200,"published_date":"2011-01-20T23:00:00.000000Z","support":"Grand format","publisher_availability":1,"stock":0,"editions":[],"url":"https:\/\/quaidesbrumes.com\/ouvrage\/9782296542716\/lanthropologie-transcendantale-de-kant"},{"id":"9782738453426","title":"Hommages - la tradition discontinue","description":"L'hommage est ici abord\u00e9 dans la perspective de probl\u00e9matiques contemporaines dans les domaines de la litt\u00e9rature, des arts plastiques et de la philosophie. Dans un premier d\u00e9veloppement, l'hommage est trait\u00e9 comme un ph\u00e9nom\u00e8ne profond\u00e9ment inscrit dans l'histoire de la culture, depuis la p\u00e9riode m\u00e9di\u00e9vale jusqu'\u00e0 la modernit\u00e9. Puis les auteurs posent un postulat sur le r\u00f4le et la fonction des mus\u00e9es : l'art moderne a trouv\u00e9 dans le mus\u00e9e son site naturel. Comme le montre l'exposition du Mus\u00e9e de Picardie \u00e0 Amiens, la relation d'hommage conjugue paradoxalement la tradition et la discontinuit\u00e9.","authors":["Jean-louis D\u00e9otte"],"category_codes":["6000000","6010000"],"visuals":{"large":"https:\/\/images.epagine.fr\/426\/9782738453426_1_75.jpg","medium":"https:\/\/images.epagine.fr\/426\/9782738453426_1_m.jpg","thumbnail":"https:\/\/images.epagine.fr\/426\/9782738453426_1_v.jpg"},"orderable":true,"show_badge":true,"formatted_price":"21,00&nbsp;\u20ac","formatted_published_date":"26 mai 1997","publisher_availability_label":"Sur commande","short_details":"Jean-louis D\u00e9otte \u2014 \u00c9ditions L'Harmattan","translator":null,"weight":304,"page_count":null,"readership":null,"editor":"\u00c9ditions L'Harmattan","price":2100,"published_date":"1997-05-25T22:00:00.000000Z","support":"Grand format","publisher_availability":1,"stock":0,"editions":[],"url":"https:\/\/quaidesbrumes.com\/ouvrage\/9782738453426\/hommages-la-tradition-discontinue"},{"id":"9782800415284","title":"Rh\u00e9toriques","description":"Perelman avait l'habitude de publier r\u00e9guli\u00e8rement ses conf\u00e9rences et ses articles en volumes, o\u00f9 se m\u00e9langeaient ses diff\u00e9rents domaines de pr\u00e9dilection tels, entre autres, le droit ou l'histoire. C'est ainsi qu'ont vu le jour successivement Rh\u00e9torique et philosophie (1952), Justice et raison (1963) et Le champ de l'argumentation (1970). Si une telle pr\u00e9sentation permet de suivre l'\u00e9volution de la pens\u00e9e, l'inconv\u00e9nient en est la perte de syst\u00e9maticit\u00e9.\r\nIl nous a donc sembl\u00e9 utile de reprendre tous ces recueils et d'en regrouper les textes fondamentaux par grands th\u00e8mes. Ce volume-ci des Oeuvres de Perelman concerne la rh\u00e9torique, la fa\u00e7on dont il la voyait, son rapport au langage, \u00e0 la logique et \u00e0 la connaissance en g\u00e9n\u00e9ral. Mais aussi, la place qu'elle occupe dans l'histoire de la philosophie, une place sans cesse d\u00e9ni\u00e9e et que Perelman s'est efforc\u00e9 tout au long de sa vie de restaurer, sans oublier d'expliquer ce qui motivait les philosophes depuis Platon \u00e0 traiter la rh\u00e9torique de discipline secondaire ou de dangereuse.","authors":["Cha\u00efm Perelman"],"category_codes":["9000000","9080000","9080200","9080204"],"visuals":{"large":"https:\/\/images.epagine.fr\/284\/9782800415284_1_75.jpg","medium":"https:\/\/images.epagine.fr\/284\/9782800415284_1_m.jpg","thumbnail":"https:\/\/images.epagine.fr\/284\/9782800415284_1_v.jpg"},"orderable":true,"show_badge":true,"formatted_price":"11,00&nbsp;\u20ac","formatted_published_date":"18 septembre 2012","publisher_availability_label":"Sur commande","short_details":"Cha\u00efm Perelman \u2014 Universit\u00e9 de Bruxelles","translator":null,"weight":248,"page_count":402,"readership":null,"editor":"Universit\u00e9 de Bruxelles","price":1100,"published_date":"2012-09-17T22:00:00.000000Z","support":"Grand format","publisher_availability":1,"stock":0,"editions":[],"url":"https:\/\/quaidesbrumes.com\/ouvrage\/9782800415284\/rhetoriques"},{"id":"9782862742069","title":"Librement dit ecrits sur les droits de l'homme","description":null,"authors":["Amnesty Internationa"],"category_codes":["9000000","9080000"],"visuals":{"large":"https:\/\/images.epagine.fr\/069\/9782862742069_1_75.jpg","medium":"https:\/\/images.epagine.fr\/069\/9782862742069_1_m.jpg","thumbnail":"https:\/\/images.epagine.fr\/069\/9782862742069_1_v.jpg"},"orderable":true,"show_badge":true,"formatted_price":"13,20&nbsp;\u20ac","formatted_published_date":"1er septembre 1991","publisher_availability_label":"Sur commande","short_details":"Amnesty Internationa \u2014 Le Cherche Midi","translator":null,"weight":240,"page_count":null,"readership":null,"editor":"Le Cherche Midi","price":1320,"published_date":"1991-08-31T22:00:00.000000Z","support":"Grand format","publisher_availability":1,"stock":0,"editions":[],"url":"https:\/\/quaidesbrumes.com\/ouvrage\/9782862742069\/librement-dit-ecrits-sur-les-droits-de-lhomme"},{"id":"9782019995195","title":"L'\u00c9glise veng\u00e9e par l'histoire contre les sophistes contemporains : philosophie chr\u00e9tienne oppos\u00e9e aux th\u00e9ories rationalistes. 4e \u00e9dition","description":"L'\u00c9glise veng\u00e9e par l'histoire contre les sophistes contemporains : philosophie chr\u00e9tienne oppos\u00e9e aux th\u00e9ories rationalistes, par l'abb\u00e9 J. Jacquinot,... 4e \u00e9dition\r\nDate de l'\u00e9dition originale : 1886\r\n\r\nLe pr\u00e9sent ouvrage s'inscrit dans une politique de conservation patrimoniale des ouvrages de la litt\u00e9rature Fran\u00e7aise mise en place avec la BNF. \r\nHACHETTE LIVRE et la BNF proposent ainsi un catalogue de titres indisponibles, la BNF ayant num\u00e9ris\u00e9 ces oeuvres et HACHETTE LIVRE les imprimant \u00e0 la demande. \r\nCertains de ces ouvrages refl\u00e8tent des courants de pens\u00e9e caract\u00e9ristiques  de leur \u00e9poque, mais qui seraient aujourd'hui jug\u00e9s condamnables. \r\nIls n'en appartiennent pas moins \u00e0 l'histoire des id\u00e9es en France et sont susceptibles de pr\u00e9senter un int\u00e9r\u00eat scientifique ou historique. \r\nLe sens de notre d\u00e9marche \u00e9ditoriale consiste ainsi \u00e0 permettre l'acc\u00e8s \u00e0 ces oeuvres sans pour autant que nous en cautionnions en aucune fa\u00e7on le contenu. \r\nPour plus d'informations, rendez-vous sur www.hachettebnf.fr","authors":["Jacquinot Justin"],"category_codes":["9000000","9080000"],"visuals":{"large":"https:\/\/images.epagine.fr\/195\/9782019995195_1_75.jpg","medium":"https:\/\/images.epagine.fr\/195\/9782019995195_1_m.jpg","thumbnail":"https:\/\/images.epagine.fr\/195\/9782019995195_1_v.jpg"},"orderable":true,"show_badge":true,"formatted_price":"33,00&nbsp;\u20ac","formatted_published_date":"1er mars 2018","publisher_availability_label":"Sur commande","short_details":"Jacquinot Justin \u2014 Hachette BNF","translator":null,"weight":792,"page_count":580,"readership":null,"editor":"Hachette BNF","price":3300,"published_date":"2018-02-28T23:00:00.000000Z","support":"Grand format","publisher_availability":1,"stock":0,"editions":[],"url":"https:\/\/quaidesbrumes.com\/ouvrage\/9782019995195\/leglise-vengee-par-lhistoire-contre-les-sophistes-contemporains-philosophie-chretienne-opposee-aux-theories-rationalistes-4e-edition"},{"id":"9782708239845","title":"La religion de Nietzsche","description":"Quelle est donc la religion de Nietzsche ? Ce philosophe \u00e0 la r\u00e9putation sulfureuse, ne devait gu\u00e8re en avoir ! Et pourtant... Une fr\u00e9quentation de son oeuvre oblige \u00e0 faire ce constat : la question religieuse est omnipr\u00e9sente chez lui. Jeune chr\u00e9tien fervent, Nietzsche se transforme progressivement en pourfendeur quasi obsessionnel du christianisme. Mais il reste attach\u00e9 \u00e0 la question religieuse car il pressent qu'elle tient toutes les autres. Son but : an\u00e9antir toute trace de christianisme en lui car celui-ci concentre son ressentiment sur la religion de son enfance, p\u00e9riode la plus douloureuse de sa vie. Cette t\u00e2che oblige Nietzsche \u00e0 essayer de rendre compte de la puissance du christianisme en particulier, et de celle de la religion en g\u00e9n\u00e9ral. Cela le conduira \u00e0 d\u00e9finir la religion comme \" moralit\u00e9 des moeurs \", structurant la vie psychologique et sociale dans l'histoire. De ce fait, ce qu'il appelle la \" mort de Dieu \" devient un \u00e9v\u00e9nement consid\u00e9rable dont les cons\u00e9quences marqueront le si\u00e8cle dernier et sont encore \u00e0 venir. Nietzsche en effet, a compris que toutes les id\u00e9ologies qui occuperaient le XXe si\u00e8cle se d\u00e9gonfleraient comme des idoles creuses et nous laisseraient face \u00e0 une aurore \u00e9nigmatique o\u00f9 se m\u00ealent pour lui la figure du Christ et celle de Dionysos.","authors":["Philippe Gaudin"],"category_codes":["9000000","9080000","9080200","9080204"],"visuals":{"large":"https:\/\/images.epagine.fr\/845\/9782708239845_1_75.jpg","medium":"https:\/\/images.epagine.fr\/845\/9782708239845_1_m.jpg","thumbnail":"https:\/\/images.epagine.fr\/845\/9782708239845_1_v.jpg"},"orderable":true,"show_badge":true,"formatted_price":"14,90&nbsp;\u20ac","formatted_published_date":"14 f\u00e9vrier 2008","publisher_availability_label":"Sur commande","short_details":"Philippe Gaudin \u2014 Les \u00c9ditions de l'Atelier","translator":null,"weight":156,"page_count":142,"readership":null,"editor":"Les \u00c9ditions de l'Atelier","price":1490,"published_date":"2008-02-13T23:00:00.000000Z","support":"Grand format","publisher_availability":1,"stock":0,"editions":[],"url":"https:\/\/quaidesbrumes.com\/ouvrage\/9782708239845\/la-religion-de-nietzsche"},{"id":"9782868390943","title":"L'Apparition de l'homme : Le point de vue scientifique","description":"170 pp. Collection Science et m\u00e9taphysique .","authors":["Jean Piveteau"],"category_codes":["9000000","9080000"],"visuals":{"large":"https:\/\/quaidesbrumes.com\/img\/book-placeholder.png","medium":"https:\/\/quaidesbrumes.com\/img\/book-placeholder.png","thumbnail":"https:\/\/quaidesbrumes.com\/img\/book-placeholder.png"},"orderable":true,"show_badge":true,"formatted_price":"15,20&nbsp;\u20ac","formatted_published_date":"15 janvier 1990","publisher_availability_label":"Sur commande","short_details":"Jean Piveteau \u2014 Francois-Xavier De Guibert","translator":null,"weight":201,"page_count":null,"readership":null,"editor":"Francois-Xavier De Guibert","price":1520,"published_date":"1990-01-14T23:00:00.000000Z","support":"Grand format","publisher_availability":1,"stock":0,"editions":[],"url":"https:\/\/quaidesbrumes.com\/ouvrage\/9782868390943\/lapparition-de-lhomme-le-point-de-vue-scientifique"},{"id":"9782705669836","title":"Agenda de la pens\u00e9e contemporaine","description":"\u00ab Nous \u00e9tions partis   \u00ab nous \u00bb : des Amis    de ce constat simple : il y a de moins en moins de place, en France, pour pr\u00e9senter les livres de pens\u00e9e et en d\u00e9battre publiquement   effectivement. [...] et, si nous traitons principalement de livres, c'est que nous consid\u00e9rons qu'ils sont les chantiers o\u00f9 se trame et se communique le travail discret, ardu, t\u00eatu, solitaire et solidaire \u00e0 la fois, de la pens\u00e9e. [...] Constance, ou disons endurance : la guerre d'escarmouche que l'Agenda a engag\u00e9e contre la lassitude ne fait, \u00e0 vrai dire, que commencer. \u00bb Fran\u00e7ois Jullien     \u00ab Affirmer qu'aucun accident ne viendra entamer la vie du lettr\u00e9, et en particulier son corps \u00e9tendu, du moins tant que la culture de l'\u00e9crit se maintiendra, est aussi une forme de hauteur de vue, de distance toute lettr\u00e9e. \u00bb T. Samoyault                                                                               Les contributions :                                                                                                                                                                                                                                                                                                                                                                                                                                    \u00ab \u00c0 venir \u00bb par Fran\u00e7ois Julien ;                                                                                                                                                                                                                                                                                                                                                                                                                                                                              \u00ab L'alchimie kolt\u00e8s \u00bb par Andr\u00e9 Job ;                                                                                                                                                                                                                                                                                                                                                                                                   \u00ab Le geste de la po\u00e9sie \u00bb par Philippe Beck ;                                                                                                                                                                                                                                                                                                                                                                                 \u00ab Identit\u00e9s multiples \u00bb par Philippe Raynaud ;                                                                                                                                                                                                                                                                                                                                                                                   \u00ab Avital Ronel : French connexion  \u00bb par J\u00e9r\u00e9mie Majorel ;                                                                                                                                                                                                                                                                                                                                                                                                                                        \u00ab L'analyse sourci\u00e8re \u00bb par Patrick Hochart ;                                                                                                                                                                                                                                                                                                                                                                                         \u00ab Une \u00e9thique du d\u00e9sengagement \u00bb par Tiphaine Samoyault ;                                                                                                                                                                                                                                                                                                                                                             \u00ab Les nuits de Tiepolo \u00bb par Alain Rauwel, Guillaume de Sardes ;                                                                                                                                                                                                                                                                                                                                                      \u00ab Grandeur et malheurs de la psychiatrie I \u00bb par Jean-Loup Motchane.","authors":["Collectif"],"category_codes":["9000000","9080000","9080200","9080204"],"visuals":{"large":"https:\/\/images.epagine.fr\/836\/9782705669836_1_75.jpg","medium":"https:\/\/images.epagine.fr\/836\/9782705669836_1_m.jpg","thumbnail":"https:\/\/images.epagine.fr\/836\/9782705669836_1_v.jpg"},"orderable":true,"show_badge":true,"formatted_price":"25,00&nbsp;\u20ac","formatted_published_date":"14 janvier 2010","publisher_availability_label":"Sur commande","short_details":"Collectif \u2014 Hermann","translator":null,"weight":150,"page_count":125,"readership":null,"editor":"Hermann","price":2500,"published_date":"2010-01-13T23:00:00.000000Z","support":"Grand format","publisher_availability":1,"stock":0,"editions":[],"url":"https:\/\/quaidesbrumes.com\/ouvrage\/9782705669836\/agenda-de-la-pensee-contemporaine"},{"id":"9782868392626","title":"Etudes philosophiques","description":"Voici douze \u00e9tudes philosophiques dont les th\u00e8mes sont d'une incontestable actualit\u00e9 : philosophie et christianisme, le choix d'un ma\u00eetre, classification des sciences, excellence de l'ontologie, existence de Dieu, connaissance divine et libert\u00e9 humaine, origine du monde mat\u00e9riel, \u00e9volution, principe de rincipe de causalit\u00e9, anthropologie, probl\u00e8me du mal, Providence et condition humaine. Ces th\u00e8mes sont trait\u00e9s d'une mani\u00e8re tr\u00e8s personnelle et l'auteur n'h\u00e9site pas \u00e0 rejeter les id\u00e9es re\u00e7ues : il y a des  philosophes chr\u00e9tiens , mais il n'y a pas de  philosophie chr\u00e9tienne  ; il n'y a qu'une d\u00e9monstration rigoureuse et compl\u00e8te de l'existence de Dieu ; la prescience \u00e9ternelle de nos actes libres est impossible ; le monde mat\u00e9riel n'a pas toujours exist\u00e9 ; l'\u00e9volution suppose une Intelligence cr\u00e9atrice ; le mal n'est pas seulement privation d'un bien ; la condition humaine serait absurde et d\u00e9sesp\u00e9rante sans l'au-del\u00e0 de la mort. Tous ces expos\u00e9s portent la marque de la grande clart\u00e9 et de la rigueur qui caract\u00e9risent les travaux du Professeur de Louvain.","authors":["Van Steenberghen F."],"category_codes":["9000000","9080000"],"visuals":{"large":"https:\/\/quaidesbrumes.com\/img\/book-placeholder.png","medium":"https:\/\/quaidesbrumes.com\/img\/book-placeholder.png","thumbnail":"https:\/\/quaidesbrumes.com\/img\/book-placeholder.png"},"orderable":true,"show_badge":true,"formatted_price":"26,30&nbsp;\u20ac","formatted_published_date":"4 mars 1994","publisher_availability_label":"Sur commande","short_details":"Van Steenberghen F. \u2014 Francois-Xavier De Guibert","translator":null,"weight":464,"page_count":314,"readership":null,"editor":"Francois-Xavier De Guibert","price":2630,"published_date":"1994-03-03T23:00:00.000000Z","support":"Grand format","publisher_availability":1,"stock":0,"editions":[],"url":"https:\/\/quaidesbrumes.com\/ouvrage\/9782868392626\/etudes-philosophiques"},{"id":"9782845195486","title":"Les corps c\u00e9lestes dans la philosophie de saint Thomas d'Aquin","description":"Un philosophe doit se garder de deux sortes d'aveuglement : le premier, na\u00eff, qui le porterait \u00e0 croire que S. Thomas retenait comme d\u00e9finitive la cosmologie antique ou m\u00e9di\u00e9vale ; le second, niais celui-l\u00e0, qui le mettrait \u00e0 la remorque du scientisme contemporain, dans les all\u00e9es de l'immense cimeti\u00e8re des th\u00e9ories qui s'enterrent les unes les autres. On se souviendra de quelques v\u00e9rit\u00e9s  : l'impossibilit\u00e9 du VIDE, impossibilit\u00e9 telle que d'un corps c\u00e9leste \u00e0 l'autre il y a quelque chose de r\u00e9el qui se nomme l'\u00e9ther, qui permet et explique pr\u00e9cis\u00e9ment cette distance ou ce parcours d'un corps jusqu'\u00e0 un autre (Physique, 9 \u00e0 14). Ici Saint Thomas n'est pas contredit par la science moderne, au contraire, il la devance","authors":["Thomas Litt"],"category_codes":["9000000","9080000"],"visuals":{"large":"https:\/\/images.epagine.fr\/486\/9782845195486_1_75.jpg","medium":"https:\/\/images.epagine.fr\/486\/9782845195486_1_m.jpg","thumbnail":"https:\/\/images.epagine.fr\/486\/9782845195486_1_v.jpg"},"orderable":true,"show_badge":true,"formatted_price":"25,00&nbsp;\u20ac","formatted_published_date":"8 juin 2015","publisher_availability_label":"Sur commande","short_details":"Thomas Litt \u2014 Saint-Remi","translator":null,"weight":0,"page_count":408,"readership":null,"editor":"Saint-Remi","price":2500,"published_date":"2015-06-07T22:00:00.000000Z","support":"Grand format","publisher_availability":1,"stock":0,"editions":[],"url":"https:\/\/quaidesbrumes.com\/ouvrage\/9782845195486\/les-corps-celestes-dans-la-philosophie-de-saint-thomas-daquin"},{"id":"9782866007638","title":"Malaise dans la pensee","description":null,"authors":["Laval G"],"category_codes":["9000000","9080000","9080200"],"visuals":{"large":"https:\/\/quaidesbrumes.com\/img\/book-placeholder.png","medium":"https:\/\/quaidesbrumes.com\/img\/book-placeholder.png","thumbnail":"https:\/\/quaidesbrumes.com\/img\/book-placeholder.png"},"orderable":true,"show_badge":true,"formatted_price":"30,18&nbsp;\u20ac","formatted_published_date":"8 mars 2003","publisher_availability_label":"Sur commande","short_details":"Laval G \u2014 Publisud","translator":null,"weight":0,"page_count":null,"readership":null,"editor":"Publisud","price":3018,"published_date":"2003-03-07T23:00:00.000000Z","support":"Grand format","publisher_availability":1,"stock":0,"editions":[],"url":"https:\/\/quaidesbrumes.com\/ouvrage\/9782866007638\/malaise-dans-la-pensee"},{"id":"9782738488374","title":"L'imagination de l'origine","description":"Cet ouvrage propose une remise en cause des fondements positivistes de l'anthropologie (Leroi, Gontran et Levi Strauss) et une relecture des moments fondateurs de la philosophie : Platon, Kant, Nietzsche et Heidegger. L'ex\u00e9g\u00e8se de certains textes de Baudelaire, de Mallarm\u00e9, de Proust et de Blanchot sur \" Le regard d'Orph\u00e9e \" illustre finalement l'\u00e9closion de \" l'\u00eatre comme langage \".","authors":["G\u00e9rard Bucher"],"category_codes":["9000000","9080000"],"visuals":{"large":"https:\/\/images.epagine.fr\/374\/9782738488374_1_75.jpg","medium":"https:\/\/images.epagine.fr\/374\/9782738488374_1_m.jpg","thumbnail":"https:\/\/images.epagine.fr\/374\/9782738488374_1_v.jpg"},"orderable":true,"show_badge":true,"formatted_price":"26,00&nbsp;\u20ac","formatted_published_date":"1er mars 2000","publisher_availability_label":"Sur commande","short_details":"G\u00e9rard Bucher \u2014 \u00c9ditions L'Harmattan","translator":null,"weight":378,"page_count":300,"readership":null,"editor":"\u00c9ditions L'Harmattan","price":2600,"published_date":"2000-02-29T23:00:00.000000Z","support":"Grand format","publisher_availability":1,"stock":0,"editions":[],"url":"https:\/\/quaidesbrumes.com\/ouvrage\/9782738488374\/limagination-de-lorigine"},{"id":"9782852480063","title":"Qu'est ce que l'anthroposophie","description":null,"authors":["Frankl-Lundborg O."],"category_codes":["9000000","9080000","9080200","9080204"],"visuals":{"large":"https:\/\/quaidesbrumes.com\/img\/book-placeholder.png","medium":"https:\/\/quaidesbrumes.com\/img\/book-placeholder.png","thumbnail":"https:\/\/quaidesbrumes.com\/img\/book-placeholder.png"},"orderable":true,"show_badge":true,"formatted_price":"4,57&nbsp;\u20ac","formatted_published_date":"8 mars 2003","publisher_availability_label":"Sur commande","short_details":"Frankl-Lundborg O. \u2014 Triades","translator":null,"weight":0,"page_count":null,"readership":null,"editor":"Triades","price":457,"published_date":"2003-03-07T23:00:00.000000Z","support":"Grand format","publisher_availability":1,"stock":0,"editions":[],"url":"https:\/\/quaidesbrumes.com\/ouvrage\/9782852480063\/quest-ce-que-lanthroposophie"},{"id":"9782852480261","title":"Anthroposophie en france t.1","description":null,"authors":["Rihouet-Coroze Simon"],"category_codes":["9000000","9080000","9080200","9080204"],"visuals":{"large":"https:\/\/quaidesbrumes.com\/img\/book-placeholder.png","medium":"https:\/\/quaidesbrumes.com\/img\/book-placeholder.png","thumbnail":"https:\/\/quaidesbrumes.com\/img\/book-placeholder.png"},"orderable":true,"show_badge":true,"formatted_price":"13,72&nbsp;\u20ac","formatted_published_date":"8 mars 2003","publisher_availability_label":"Sur commande","short_details":"Rihouet-Coroze Simon \u2014 Triades","translator":null,"weight":22760,"page_count":null,"readership":null,"editor":"Triades","price":1372,"published_date":"2003-03-07T23:00:00.000000Z","support":"Grand format","publisher_availability":1,"stock":0,"editions":[],"url":"https:\/\/quaidesbrumes.com\/ouvrage\/9782852480261\/anthroposophie-en-france-t1"},{"id":"9782852480278","title":"Anthroposophie en france t.2","description":null,"authors":["Rihouet-Coroze Simon"],"category_codes":["9000000","9080000","9080200","9080204"],"visuals":{"large":"https:\/\/quaidesbrumes.com\/img\/book-placeholder.png","medium":"https:\/\/quaidesbrumes.com\/img\/book-placeholder.png","thumbnail":"https:\/\/quaidesbrumes.com\/img\/book-placeholder.png"},"orderable":true,"show_badge":true,"formatted_price":"16,77&nbsp;\u20ac","formatted_published_date":"8 mars 2003","publisher_availability_label":"Sur commande","short_details":"Rihouet-Coroze Simon \u2014 Triades","translator":null,"weight":22760,"page_count":null,"readership":null,"editor":"Triades","price":1677,"published_date":"2003-03-07T23:00:00.000000Z","support":"Grand format","publisher_availability":1,"stock":0,"editions":[],"url":"https:\/\/quaidesbrumes.com\/ouvrage\/9782852480278\/anthroposophie-en-france-t2"},{"id":"9782852480490","title":"Philosophie De Thomas D'Aquin","description":null,"authors":["Rudolf Steiner"],"category_codes":["9000000","9080000","9080200","9080204"],"visuals":{"large":"https:\/\/quaidesbrumes.com\/img\/book-placeholder.png","medium":"https:\/\/quaidesbrumes.com\/img\/book-placeholder.png","thumbnail":"https:\/\/quaidesbrumes.com\/img\/book-placeholder.png"},"orderable":true,"show_badge":true,"formatted_price":"9,91&nbsp;\u20ac","formatted_published_date":"12 mars 2003","publisher_availability_label":"Sur commande","short_details":"Rudolf Steiner \u2014 Triades","translator":null,"weight":0,"page_count":null,"readership":null,"editor":"Triades","price":991,"published_date":"2003-03-11T23:00:00.000000Z","support":"Grand format","publisher_availability":1,"stock":0,"editions":[],"url":"https:\/\/quaidesbrumes.com\/ouvrage\/9782852480490\/philosophie-de-thomas-daquin"}]}