{"data":[{"id":"9782738432292","title":"Pouvoirs, pouvoir - vol25 - n  25-26","description":"Le pouvoir ne se d\u00e9finit pas hors des rapports de force qui le constituent. Il n'y a pas le pouvoir en tant qu'entit\u00e9 existant comme telle, une entit\u00e9 qui se partagerait et se distribuerait au gr\u00e9 des conflits, pas plus qu'il n'y a du pouvoir comme substance diffuse ou concentr\u00e9e, une substance qu'il faudrait mobiliser ou canaliser. Il n'y a pas lieu de s'interroger sur son essence car il est rapports et seulement rapport de rapports. Il n'a pas d'histoire lin\u00e9aire, univoque, mais bien une histoire multiple avec laquelle il est toujours possible d'\u00e9tablir de nouveaux rapports en la faisant parler autrement, parce qu'elle est toujours autre. L'autre histoire est celle du pouvoir constituant, force qui interrompt les \u00e9quilibres pr\u00e9existants, les continuit\u00e9s que l'on croit fermement \u00e9tablies. Le pouvoir constituant est exigence de d\u00e9mocratie, contre toutes les \u00e9quivoques de la souverainet\u00e9. Il est manifestation du d\u00e9sir irr\u00e9pressible de libert\u00e9, contre les rigidit\u00e9s du politique, enferm\u00e9 dans les limites des pouvoirs cristallis\u00e9s en domination. Il doit \u00eatre saisi comme l'expression de singularit\u00e9s multiples, qui refusent toute cl\u00f4ture et cherchent \u00e0 d\u00e9passer les situations de d\u00e9ficience ou de manque. Il met en crise les temporalit\u00e9s planes et lin\u00e9aires ; il est de ce fait acc\u00e9l\u00e9ration du temps, augmentation de l'intensit\u00e9 des mouvements de la soci\u00e9t\u00e9.\r","authors":[],"category_codes":["9000000","9080000"],"visuals":{"large":"https:\/\/images.epagine.fr\/292\/9782738432292_1_75.jpg","medium":"https:\/\/images.epagine.fr\/292\/9782738432292_1_m.jpg","thumbnail":"https:\/\/images.epagine.fr\/292\/9782738432292_1_v.jpg"},"orderable":true,"show_badge":true,"formatted_price":"27,50&nbsp;\u20ac","formatted_published_date":"3 mai 2000","publisher_availability_label":"Sur commande","short_details":"\u00c9ditions L'Harmattan","translator":null,"weight":392,"page_count":null,"readership":null,"editor":"\u00c9ditions L'Harmattan","price":2750,"published_date":"2000-05-02T22:00:00.000000Z","support":"Grand format","publisher_availability":1,"stock":0,"editions":[],"url":"https:\/\/quaidesbrumes.com\/ouvrage\/9782738432292\/pouvoirs-pouvoir-vol25-n-25-26"},{"id":"9782738433015","title":"Ethiques du d\u00e9senchantement : Essais sur la modernit\u00e9 allemande au d\u00e9but du si\u00e8cle","description":null,"authors":["Philippe Despoix"],"category_codes":["9000000","9080000"],"visuals":{"large":"https:\/\/images.epagine.fr\/015\/9782738433015_1_75.jpg","medium":"https:\/\/images.epagine.fr\/015\/9782738433015_1_m.jpg","thumbnail":"https:\/\/images.epagine.fr\/015\/9782738433015_1_v.jpg"},"orderable":true,"show_badge":true,"formatted_price":"21,00&nbsp;\u20ac","formatted_published_date":"3 mai 2000","publisher_availability_label":"Sur commande","short_details":"Philippe Despoix \u2014 \u00c9ditions L'Harmattan","translator":null,"weight":304,"page_count":216,"readership":null,"editor":"\u00c9ditions L'Harmattan","price":2100,"published_date":"2000-05-02T22:00:00.000000Z","support":"Grand format","publisher_availability":1,"stock":0,"editions":[],"url":"https:\/\/quaidesbrumes.com\/ouvrage\/9782738433015\/ethiques-du-desenchantement-essais-sur-la-modernite-allemande-au-debut-du-siecle"},{"id":"9782738433190","title":"Les saint-simoniens et la tentation coloniale","description":null,"authors":["Michel Reuillard"],"category_codes":["9000000","9080000","9080200","9080204"],"visuals":{"large":"https:\/\/images.epagine.fr\/190\/9782738433190_1_75.jpg","medium":"https:\/\/images.epagine.fr\/190\/9782738433190_1_m.jpg","thumbnail":"https:\/\/images.epagine.fr\/190\/9782738433190_1_v.jpg"},"orderable":true,"show_badge":true,"formatted_price":"55,00&nbsp;\u20ac","formatted_published_date":"3 mai 2000","publisher_availability_label":"Sur commande","short_details":"Michel Reuillard \u2014 \u00c9ditions L'Harmattan","translator":null,"weight":1012,"page_count":580,"readership":null,"editor":"\u00c9ditions L'Harmattan","price":5500,"published_date":"2000-05-02T22:00:00.000000Z","support":"Grand format","publisher_availability":1,"stock":0,"editions":[],"url":"https:\/\/quaidesbrumes.com\/ouvrage\/9782738433190\/les-saint-simoniens-et-la-tentation-coloniale"},{"id":"9782738433787","title":"Kant et la question de l'autorite","description":null,"authors":["Jean-Ernest Joos"],"category_codes":["9000000","9080000"],"visuals":{"large":"https:\/\/images.epagine.fr\/787\/9782738433787_1_75.jpg","medium":"https:\/\/images.epagine.fr\/787\/9782738433787_1_m.jpg","thumbnail":"https:\/\/images.epagine.fr\/787\/9782738433787_1_v.jpg"},"orderable":true,"show_badge":true,"formatted_price":"22,50&nbsp;\u20ac","formatted_published_date":"3 mai 2000","publisher_availability_label":"Sur commande","short_details":"Jean-Ernest Joos \u2014 \u00c9ditions L'Harmattan","translator":null,"weight":306,"page_count":null,"readership":null,"editor":"\u00c9ditions L'Harmattan","price":2250,"published_date":"2000-05-02T22:00:00.000000Z","support":"Grand format","publisher_availability":1,"stock":0,"editions":[],"url":"https:\/\/quaidesbrumes.com\/ouvrage\/9782738433787\/kant-et-la-question-de-lautorite"},{"id":"9782738434845","title":"Ethique et verite - pour une psychanalyse du droit","description":null,"authors":["Jean-Pierre Lalloz"],"category_codes":["9000000","9080000"],"visuals":{"large":"https:\/\/images.epagine.fr\/845\/9782738434845_1_75.jpg","medium":"https:\/\/images.epagine.fr\/845\/9782738434845_1_m.jpg","thumbnail":"https:\/\/images.epagine.fr\/845\/9782738434845_1_v.jpg"},"orderable":true,"show_badge":true,"formatted_price":"16,00&nbsp;\u20ac","formatted_published_date":"3 mai 2000","publisher_availability_label":"Sur commande","short_details":"Jean-Pierre Lalloz \u2014 \u00c9ditions L'Harmattan","translator":null,"weight":218,"page_count":null,"readership":null,"editor":"\u00c9ditions L'Harmattan","price":1600,"published_date":"2000-05-02T22:00:00.000000Z","support":"Grand format","publisher_availability":1,"stock":0,"editions":[],"url":"https:\/\/quaidesbrumes.com\/ouvrage\/9782738434845\/ethique-et-verite-pour-une-psychanalyse-du-droit"},{"id":"9782738435033","title":"Communaut\u00e9 et modernit\u00e9","description":"La communaut\u00e9 n'est pas, contrairement \u00e0 ce qui est g\u00e9n\u00e9ralement admis, une notion pr\u00e9- ou anti-moderne mais bien, comme cet ouvrage s'efforce de le montrer, un op\u00e9rateur logique essentiel dans la mani\u00e8re dont la modernit\u00e9 se pense et, du m\u00eame coup, un enjeu essentiel dans le d\u00e9bat actuel autour de la condition post-moderne.","authors":["G\u00e9rard Raulet","Jean-marie Vaysse"],"category_codes":["9000000","9080000","9080200","9080204"],"visuals":{"large":"https:\/\/images.epagine.fr\/033\/9782738435033_1_75.jpg","medium":"https:\/\/images.epagine.fr\/033\/9782738435033_1_m.jpg","thumbnail":"https:\/\/images.epagine.fr\/033\/9782738435033_1_v.jpg"},"orderable":true,"show_badge":true,"formatted_price":"31,50&nbsp;\u20ac","formatted_published_date":"3 mai 2000","publisher_availability_label":"Sur commande","short_details":"G\u00e9rard Raulet, Jean-marie Vaysse \u2014 \u00c9ditions L'Harmattan","translator":null,"weight":424,"page_count":350,"readership":null,"editor":"\u00c9ditions L'Harmattan","price":3150,"published_date":"2000-05-02T22:00:00.000000Z","support":"Grand format","publisher_availability":1,"stock":0,"editions":[],"url":"https:\/\/quaidesbrumes.com\/ouvrage\/9782738435033\/communaute-et-modernite"},{"id":"9782738435446","title":"Mimes et parades - l'activite symbolique dans la vie sociale","description":null,"authors":["Boulad-Ayoud Josiane"],"category_codes":["9000000","9080000"],"visuals":{"large":"https:\/\/images.epagine.fr\/446\/9782738435446_1_75.jpg","medium":"https:\/\/images.epagine.fr\/446\/9782738435446_1_m.jpg","thumbnail":"https:\/\/images.epagine.fr\/446\/9782738435446_1_v.jpg"},"orderable":true,"show_badge":true,"formatted_price":"33,00&nbsp;\u20ac","formatted_published_date":"21 d\u00e9cembre 1995","publisher_availability_label":"Sur commande","short_details":"Boulad-Ayoud Josiane \u2014 \u00c9ditions L'Harmattan","translator":null,"weight":460,"page_count":null,"readership":null,"editor":"\u00c9ditions L'Harmattan","price":3300,"published_date":"1995-12-20T23:00:00.000000Z","support":"Grand format","publisher_availability":1,"stock":0,"editions":[],"url":"https:\/\/quaidesbrumes.com\/ouvrage\/9782738435446\/mimes-et-parades-lactivite-symbolique-dans-la-vie-sociale"},{"id":"9782738436016","title":"Alain : Apprentissage philosophique et gen\u00e8se de la Revue M\u00e9taphysique et de Morale","description":null,"authors":["Renzo Ragghianti"],"category_codes":["9000000","9080000"],"visuals":{"large":"https:\/\/images.epagine.fr\/016\/9782738436016_1_75.jpg","medium":"https:\/\/images.epagine.fr\/016\/9782738436016_1_m.jpg","thumbnail":"https:\/\/images.epagine.fr\/016\/9782738436016_1_v.jpg"},"orderable":true,"show_badge":true,"formatted_price":"26,00&nbsp;\u20ac","formatted_published_date":"21 d\u00e9cembre 1995","publisher_availability_label":"Sur commande","short_details":"Renzo Ragghianti \u2014 \u00c9ditions L'Harmattan","translator":null,"weight":332,"page_count":270,"readership":null,"editor":"\u00c9ditions L'Harmattan","price":2600,"published_date":"1995-12-20T23:00:00.000000Z","support":"Grand format","publisher_availability":1,"stock":0,"editions":[],"url":"https:\/\/quaidesbrumes.com\/ouvrage\/9782738436016\/alain-apprentissage-philosophique-et-genese-de-la-revue-metaphysique-et-de-morale"},{"id":"9782738436320","title":"Une rencontre philosophique ; Bergson en Russie (1907-1917)","description":null,"authors":["Frances Nethercott"],"category_codes":["9000000","9080000","9080200","9080204"],"visuals":{"large":"https:\/\/images.epagine.fr\/320\/9782738436320_1_75.jpg","medium":"https:\/\/images.epagine.fr\/320\/9782738436320_1_m.jpg","thumbnail":"https:\/\/images.epagine.fr\/320\/9782738436320_1_v.jpg"},"orderable":true,"show_badge":true,"formatted_price":"31,50&nbsp;\u20ac","formatted_published_date":"3 mai 2000","publisher_availability_label":"Sur commande","short_details":"Frances Nethercott \u2014 \u00c9ditions L'Harmattan","translator":null,"weight":418,"page_count":346,"readership":null,"editor":"\u00c9ditions L'Harmattan","price":3150,"published_date":"2000-05-02T22:00:00.000000Z","support":"Grand format","publisher_availability":1,"stock":0,"editions":[],"url":"https:\/\/quaidesbrumes.com\/ouvrage\/9782738436320\/une-rencontre-philosophique-bergson-en-russie-1907-1917"},{"id":"9782738436603","title":"Sur le concept de capital : Id\u00e9e d'une logique dialectique","description":null,"authors":["Ruy Fausto"],"category_codes":["9000000","9080000"],"visuals":{"large":"https:\/\/images.epagine.fr\/603\/9782738436603_1_75.jpg","medium":"https:\/\/images.epagine.fr\/603\/9782738436603_1_m.jpg","thumbnail":"https:\/\/images.epagine.fr\/603\/9782738436603_1_v.jpg"},"orderable":true,"show_badge":true,"formatted_price":"11,00&nbsp;\u20ac","formatted_published_date":"3 mai 2000","publisher_availability_label":"Sur commande","short_details":"Ruy Fausto \u2014 \u00c9ditions L'Harmattan","translator":null,"weight":116,"page_count":88,"readership":null,"editor":"\u00c9ditions L'Harmattan","price":1100,"published_date":"2000-05-02T22:00:00.000000Z","support":"Grand format","publisher_availability":1,"stock":0,"editions":[],"url":"https:\/\/quaidesbrumes.com\/ouvrage\/9782738436603\/sur-le-concept-de-capital-idee-dune-logique-dialectique"},{"id":"9782738437402","title":"Le corps et ses discours","description":null,"authors":["Drovin Hans"],"category_codes":["9000000","9080000"],"visuals":{"large":"https:\/\/images.epagine.fr\/402\/9782738437402_1_75.jpg","medium":"https:\/\/images.epagine.fr\/402\/9782738437402_1_m.jpg","thumbnail":"https:\/\/images.epagine.fr\/402\/9782738437402_1_v.jpg"},"orderable":true,"show_badge":true,"formatted_price":"16,50&nbsp;\u20ac","formatted_published_date":"3 mai 2000","publisher_availability_label":"Sur commande","short_details":"Drovin Hans \u2014 \u00c9ditions L'Harmattan","translator":null,"weight":218,"page_count":null,"readership":null,"editor":"\u00c9ditions L'Harmattan","price":1650,"published_date":"2000-05-02T22:00:00.000000Z","support":"Grand format","publisher_availability":1,"stock":0,"editions":[],"url":"https:\/\/quaidesbrumes.com\/ouvrage\/9782738437402\/le-corps-et-ses-discours"},{"id":"9782738437839","title":"Vers l'originel","description":null,"authors":["Stanislas Breton"],"category_codes":["9000000","9080000"],"visuals":{"large":"https:\/\/images.epagine.fr\/839\/9782738437839_1_75.jpg","medium":"https:\/\/images.epagine.fr\/839\/9782738437839_1_m.jpg","thumbnail":"https:\/\/images.epagine.fr\/839\/9782738437839_1_v.jpg"},"orderable":true,"show_badge":true,"formatted_price":"19,00&nbsp;\u20ac","formatted_published_date":"3 mai 2000","publisher_availability_label":"Sur commande","short_details":"Stanislas Breton \u2014 \u00c9ditions L'Harmattan","translator":null,"weight":236,"page_count":168,"readership":null,"editor":"\u00c9ditions L'Harmattan","price":1900,"published_date":"2000-05-02T22:00:00.000000Z","support":"Grand format","publisher_availability":1,"stock":0,"editions":[],"url":"https:\/\/quaidesbrumes.com\/ouvrage\/9782738437839\/vers-loriginel"},{"id":"9782738439727","title":"Critique de la raison scientifique ou une nouvelle maniere de penser","description":null,"authors":["Jacques Jaffelin"],"category_codes":["9000000","9120000","9120200"],"visuals":{"large":"https:\/\/images.epagine.fr\/727\/9782738439727_1_75.jpg","medium":"https:\/\/images.epagine.fr\/727\/9782738439727_1_m.jpg","thumbnail":"https:\/\/images.epagine.fr\/727\/9782738439727_1_v.jpg"},"orderable":true,"show_badge":true,"formatted_price":"24,00&nbsp;\u20ac","formatted_published_date":"3 mai 2000","publisher_availability_label":"Sur commande","short_details":"Jacques Jaffelin \u2014 \u00c9ditions L'Harmattan","translator":null,"weight":316,"page_count":null,"readership":null,"editor":"\u00c9ditions L'Harmattan","price":2400,"published_date":"2000-05-02T22:00:00.000000Z","support":"Grand format","publisher_availability":1,"stock":0,"editions":[],"url":"https:\/\/quaidesbrumes.com\/ouvrage\/9782738439727\/critique-de-la-raison-scientifique-ou-une-nouvelle-maniere-de-penser"},{"id":"9782738440112","title":"En deuil de franz kafka","description":null,"authors":["Helene Van Camp"],"category_codes":["9000000","9080000"],"visuals":{"large":"https:\/\/images.epagine.fr\/112\/9782738440112_1_75.jpg","medium":"https:\/\/images.epagine.fr\/112\/9782738440112_1_m.jpg","thumbnail":"https:\/\/images.epagine.fr\/112\/9782738440112_1_v.jpg"},"orderable":true,"show_badge":true,"formatted_price":"14,50&nbsp;\u20ac","formatted_published_date":"3 mai 2000","publisher_availability_label":"Sur commande","short_details":"Helene Van Camp \u2014 \u00c9ditions L'Harmattan","translator":null,"weight":192,"page_count":null,"readership":null,"editor":"\u00c9ditions L'Harmattan","price":1450,"published_date":"2000-05-02T22:00:00.000000Z","support":"Grand format","publisher_availability":1,"stock":0,"editions":[],"url":"https:\/\/quaidesbrumes.com\/ouvrage\/9782738440112\/en-deuil-de-franz-kafka"},{"id":"9782738440587","title":"Futur ant\u00e9rieur : Mexique, de Chiapas \u00e0 la crise financi\u00e8re","description":null,"authors":["Collectif"],"category_codes":["9000000","9080000","9080200","9080204"],"visuals":{"large":"https:\/\/images.epagine.fr\/587\/9782738440587_1_75.jpg","medium":"https:\/\/images.epagine.fr\/587\/9782738440587_1_m.jpg","thumbnail":"https:\/\/images.epagine.fr\/587\/9782738440587_1_v.jpg"},"orderable":true,"show_badge":true,"formatted_price":"31,50&nbsp;\u20ac","formatted_published_date":"3 mai 2000","publisher_availability_label":"Sur commande","short_details":"Collectif \u2014 \u00c9ditions L'Harmattan","translator":null,"weight":432,"page_count":null,"readership":null,"editor":"\u00c9ditions L'Harmattan","price":3150,"published_date":"2000-05-02T22:00:00.000000Z","support":"Grand format","publisher_availability":1,"stock":0,"editions":[],"url":"https:\/\/quaidesbrumes.com\/ouvrage\/9782738440587\/futur-anterieur-mexique-de-chiapas-a-la-crise-financiere"},{"id":"9782738440938","title":"La qu\u00eate de l'exil : Pratique de l'exil","description":null,"authors":["Christian Miquel"],"category_codes":["9000000","9080000"],"visuals":{"large":"https:\/\/images.epagine.fr\/938\/9782738440938_1_75.jpg","medium":"https:\/\/images.epagine.fr\/938\/9782738440938_1_m.jpg","thumbnail":"https:\/\/images.epagine.fr\/938\/9782738440938_1_v.jpg"},"orderable":true,"show_badge":true,"formatted_price":"12,00&nbsp;\u20ac","formatted_published_date":"3 mai 2000","publisher_availability_label":"Sur commande","short_details":"Christian Miquel \u2014 \u00c9ditions L'Harmattan","translator":null,"weight":114,"page_count":88,"readership":null,"editor":"\u00c9ditions L'Harmattan","price":1200,"published_date":"2000-05-02T22:00:00.000000Z","support":"Grand format","publisher_availability":1,"stock":0,"editions":[],"url":"https:\/\/quaidesbrumes.com\/ouvrage\/9782738440938\/la-quete-de-lexil-pratique-de-lexil"},{"id":"9782738441393","title":"Sujet et alt\u00e9rit\u00e9 sur Emmanuel Levinas : Suivi de deux dialogues avec Emmanuel Levinas","description":null,"authors":[],"category_codes":["9000000","9080000"],"visuals":{"large":"https:\/\/images.epagine.fr\/393\/9782738441393_1_75.jpg","medium":"https:\/\/images.epagine.fr\/393\/9782738441393_1_m.jpg","thumbnail":"https:\/\/images.epagine.fr\/393\/9782738441393_1_v.jpg"},"orderable":true,"show_badge":true,"formatted_price":"18,00&nbsp;\u20ac","formatted_published_date":"3 mai 2000","publisher_availability_label":"Sur commande","short_details":"\u00c9ditions L'Harmattan","translator":null,"weight":204,"page_count":158,"readership":null,"editor":"\u00c9ditions L'Harmattan","price":1800,"published_date":"2000-05-02T22:00:00.000000Z","support":"Grand format","publisher_availability":1,"stock":0,"editions":[],"url":"https:\/\/quaidesbrumes.com\/ouvrage\/9782738441393\/sujet-et-alterite-sur-emmanuel-levinas-suivi-de-deux-dialogues-avec-emmanuel-levinas"},{"id":"9782738441744","title":"Critique de la raison technocratique","description":null,"authors":["Marcos De La Huerta"],"category_codes":["9000000","9080000"],"visuals":{"large":"https:\/\/images.epagine.fr\/744\/9782738441744_1_75.jpg","medium":"https:\/\/images.epagine.fr\/744\/9782738441744_1_m.jpg","thumbnail":"https:\/\/images.epagine.fr\/744\/9782738441744_1_v.jpg"},"orderable":true,"show_badge":true,"formatted_price":"22,50&nbsp;\u20ac","formatted_published_date":"3 septembre 1997","publisher_availability_label":"Sur commande","short_details":"Marcos De La Huerta \u2014 \u00c9ditions L'Harmattan","translator":null,"weight":304,"page_count":256,"readership":null,"editor":"\u00c9ditions L'Harmattan","price":2250,"published_date":"1997-09-02T22:00:00.000000Z","support":"Grand format","publisher_availability":1,"stock":0,"editions":[],"url":"https:\/\/quaidesbrumes.com\/ouvrage\/9782738441744\/critique-de-la-raison-technocratique"},{"id":"9782738441768","title":"La philosophie de l'exil","description":"L'exil n'est pas qu'ext\u00e9rieur et g\u00e9ographique : il renvoie plus profond\u00e9ment \u00e0 une situation originelle de l'homme qui, excentr\u00e9 du monde et de lui-m\u00eame, \"n'est pas\". Si de nombreuses philosophies modernes (existentielles) et religions (gnostiques) partent de ce constat d'exil \u00e0 soi et d'une absence de fondement, elles ne d\u00e9ploient leur interrogation que pour mieux trouver, enfin, un fondement stable et solide. Est-il possible de mettre en oeuvre une pens\u00e9e de l'exil qui tienne compte de ses multiples dimensions et enjeux internes, sans retomber dans le champ de l'ontologie classique ? C'est le but de cet essai de Philosophie de l'exil, qui tente de penser la condition destinale de l'homme d'une nouvelle mani\u00e8re, en d\u00e9construisant la notion de sujet et la croyance na\u00efve dans le Moi, pour retrouver une vision tout \u00e0 la fois tragique et dionysiaque d'un homme d'embl\u00e9e ouvert aux flux du monde et excentr\u00e9 de lui-m\u00eame, l'exil pourra alors se comprendre d'une nouvelle mani\u00e8re, \u00e0 la fois ind\u00e9passable et lib\u00e9ratrice pour l'homme, ouvrant l'espace \u00e0 une nouvelle pens\u00e9e entre Etre et Non Etre, et peut \u00eatre ultimement, entre Occident et Orient... Ce livre, qui peut se lire de mani\u00e8re parfaitement autonome, fait partie d'une trilogie sur l'exil, publi\u00e9e par L'Harmattan : la Philosophie de l'exil d\u00e9construit le sujet th\u00e9orique pour retrouver la condition exilique interne et originelle de l'homme. La Critique de la modernit\u00e9, sous-titr\u00e9e L'exil et le social, d\u00e9nonce les multiples pi\u00e8ges et manipulations de l'exil qui am\u00e8nent l'homme \u00e0 se r\u00e9fugier dans des arri\u00e8res-mondes illusoires, en le maintenant dans un \"exil de l'exil\". La Qu\u00eate ou Pratique de l'exil invite \u00e0 r\u00e9pondre \u00e0 cet exil dans lequel nous plonge la Soci\u00e9t\u00e9, en le redoublant encore \u00e0 la mani\u00e8re d'un guerrier (s'exiler ultimement hors de l'exil de l'exil).","authors":["Christian Miquel"],"category_codes":["9000000","9080000"],"visuals":{"large":"https:\/\/images.epagine.fr\/768\/9782738441768_1_75.jpg","medium":"https:\/\/images.epagine.fr\/768\/9782738441768_1_m.jpg","thumbnail":"https:\/\/images.epagine.fr\/768\/9782738441768_1_v.jpg"},"orderable":true,"show_badge":true,"formatted_price":"18,50&nbsp;\u20ac","formatted_published_date":"3 mai 2000","publisher_availability_label":"Sur commande","short_details":"Christian Miquel \u2014 \u00c9ditions L'Harmattan","translator":null,"weight":210,"page_count":166,"readership":null,"editor":"\u00c9ditions L'Harmattan","price":1850,"published_date":"2000-05-02T22:00:00.000000Z","support":"Grand format","publisher_availability":1,"stock":0,"editions":[],"url":"https:\/\/quaidesbrumes.com\/ouvrage\/9782738441768\/la-philosophie-de-lexil"},{"id":"9782738442062","title":"Un art des idees","description":null,"authors":["Jacques Schlanger"],"category_codes":["9000000","9080000"],"visuals":{"large":"https:\/\/images.epagine.fr\/062\/9782738442062_1_75.jpg","medium":"https:\/\/images.epagine.fr\/062\/9782738442062_1_m.jpg","thumbnail":"https:\/\/images.epagine.fr\/062\/9782738442062_1_v.jpg"},"orderable":true,"show_badge":true,"formatted_price":"24,00&nbsp;\u20ac","formatted_published_date":"3 mai 2000","publisher_availability_label":"Sur commande","short_details":"Jacques Schlanger \u2014 \u00c9ditions L'Harmattan","translator":null,"weight":312,"page_count":null,"readership":null,"editor":"\u00c9ditions L'Harmattan","price":2400,"published_date":"2000-05-02T22:00:00.000000Z","support":"Grand format","publisher_availability":1,"stock":0,"editions":[],"url":"https:\/\/quaidesbrumes.com\/ouvrage\/9782738442062\/un-art-des-idees"},{"id":"9782855396088","title":"\u00e9tudes birmanes en hommage \u00e0 Denise Bernot","description":"Par son enseignement tout autant que par ses travaux scientifiques, Denise Bernot a marqu\u00e9 les trente derni\u00e8res ann\u00e9es des \u00e9tudes birmanes en France. Les articles de ses \u00e9l\u00e8ves, ses coll\u00e8gues et ses amis, r\u00e9unis dans ce volume refl\u00e8tent la diversit\u00e9 de ses int\u00e9r\u00eats. Vingt-deux contributions se concentrent sur l'histoire, l'arch\u00e9ologie et l'\u00e9pigraphie, l'anthropologie culturelle, la linguistique et la litt\u00e9rature de la Birmanie. Une large place est faite aussi \u00e0 l'Arakan, cette r\u00e9gion charni\u00e8re au creux du golf du Bengale dont le r\u00f4le dans les \u00e9changes commerciaux et culturels a souvent \u00e9t\u00e9 pressenti mais reste difficile \u00e0 pr\u00e9ciser, tandis que plusieurs articles illustrent les contacts des birmans avec d'autres cultures : Portugais et Anglais d'une part, Chinois de l'autre. Le livre se cl\u00f4t sur une liste bibliographique d'ouvrages et d'articles publi\u00e9s sur la Birmanie depuis 1985.\r","authors":["Pierre Pichard","Fran\u00e7ois Robinne"],"category_codes":["9000000","9080000","9080200","9080204"],"visuals":{"large":"https:\/\/images.epagine.fr\/088\/9782855396088_1_75.jpg","medium":"https:\/\/images.epagine.fr\/088\/9782855396088_1_m.jpg","thumbnail":"https:\/\/images.epagine.fr\/088\/9782855396088_1_v.jpg"},"orderable":true,"show_badge":true,"formatted_price":"43,00&nbsp;\u20ac","formatted_published_date":"1er avril 2005","publisher_availability_label":"Sur commande","short_details":"Pierre Pichard, Fran\u00e7ois Robinne \u2014 Ecole Francaise Extreme Orient","translator":null,"weight":1160,"page_count":null,"readership":null,"editor":"Ecole Francaise Extreme Orient","price":4300,"published_date":"2005-03-31T22:00:00.000000Z","support":"Grand format","publisher_availability":1,"stock":0,"editions":[],"url":"https:\/\/quaidesbrumes.com\/ouvrage\/9782855396088\/etudes-birmanes-en-hommage-a-denise-bernot"},{"id":"9782738444271","title":"Chemin faisant avec Jacques Derrida","description":null,"authors":["Helene Van Camp"],"category_codes":["9000000","9080000"],"visuals":{"large":"https:\/\/images.epagine.fr\/271\/9782738444271_1_75.jpg","medium":"https:\/\/images.epagine.fr\/271\/9782738444271_1_m.jpg","thumbnail":"https:\/\/images.epagine.fr\/271\/9782738444271_1_v.jpg"},"orderable":true,"show_badge":true,"formatted_price":"14,50&nbsp;\u20ac","formatted_published_date":"3 mai 2000","publisher_availability_label":"Sur commande","short_details":"Helene Van Camp \u2014 \u00c9ditions L'Harmattan","translator":null,"weight":170,"page_count":130,"readership":null,"editor":"\u00c9ditions L'Harmattan","price":1450,"published_date":"2000-05-02T22:00:00.000000Z","support":"Grand format","publisher_availability":1,"stock":0,"editions":[],"url":"https:\/\/quaidesbrumes.com\/ouvrage\/9782738444271\/chemin-faisant-avec-jacques-derrida"},{"id":"9782747566155","title":"Critique de la philosophie kantienne","description":"Cette critique de la philosophie kantienne n'est en rien une r\u00e9futation. Il s'agit au contraire pour Schopenhauer de d\u00e9gager ce qu'il y a d'essentiel dans la philosophie critique, d'approfondir un kantisme m\u00e9connu, trahi par les philosophes qui se sont pr\u00e9sent\u00e9s abusivement comme les h\u00e9ritiers de Kant (Fichte, Schelling, Hegel). La question que pose ici Schopenhauer est: comment pouvons-nous encore faire de la philosophie apr\u00e8s Kant, sans retomber dans le vieux dogmatique biblique mal cach\u00e9 dans les brumes dialectiques?\r","authors":["Arthur Schopenhauer"],"category_codes":["9000000","9080000"],"visuals":{"large":"https:\/\/images.epagine.fr\/155\/9782747566155_1_75.jpg","medium":"https:\/\/images.epagine.fr\/155\/9782747566155_1_m.jpg","thumbnail":"https:\/\/images.epagine.fr\/155\/9782747566155_1_v.jpg"},"orderable":true,"show_badge":true,"formatted_price":"20,50&nbsp;\u20ac","formatted_published_date":"1er d\u00e9cembre 2004","publisher_availability_label":"Sur commande","short_details":"Arthur Schopenhauer \u2014 \u00c9ditions L'Harmattan","translator":null,"weight":250,"page_count":198,"readership":null,"editor":"\u00c9ditions L'Harmattan","price":2050,"published_date":"2004-11-30T23:00:00.000000Z","support":"Grand format","publisher_availability":1,"stock":0,"editions":[],"url":"https:\/\/quaidesbrumes.com\/ouvrage\/9782747566155\/critique-de-la-philosophie-kantienne"},{"id":"9782855660707","title":"Oeuvres compl\u00e8tes Tome 7 : myst\u00e8res de Iesod","description":null,"authors":["Omraam Mikha\u00ebl A\u00efvanhov"],"category_codes":["9000000","9080000"],"visuals":{"large":"https:\/\/quaidesbrumes.com\/img\/book-placeholder.png","medium":"https:\/\/quaidesbrumes.com\/img\/book-placeholder.png","thumbnail":"https:\/\/quaidesbrumes.com\/img\/book-placeholder.png"},"orderable":true,"show_badge":true,"formatted_price":"15,09&nbsp;\u20ac","formatted_published_date":"3 mai 2000","publisher_availability_label":"Sur commande","short_details":"Omraam Mikha\u00ebl A\u00efvanhov \u2014 Prosveta","translator":null,"weight":400,"page_count":null,"readership":null,"editor":"Prosveta","price":1509,"published_date":"2000-05-02T22:00:00.000000Z","support":"Grand format","publisher_availability":1,"stock":0,"editions":[],"url":"https:\/\/quaidesbrumes.com\/ouvrage\/9782855660707\/oeuvres-completes-tome-7-mysteres-de-iesod"}]}