{"data":[{"id":"9782711601844","title":"Lettres \u00e0 Regius","description":null,"authors":["Ren\u00e9 Descartes"],"category_codes":["9000000","9080000","9080200","9080204"],"visuals":{"large":"https:\/\/quaidesbrumes.com\/img\/book-placeholder.png","medium":"https:\/\/quaidesbrumes.com\/img\/book-placeholder.png","thumbnail":"https:\/\/quaidesbrumes.com\/img\/book-placeholder.png"},"orderable":true,"show_badge":true,"formatted_price":"8,23&nbsp;\u20ac","formatted_published_date":"12 mars 2003","publisher_availability_label":"Sur commande","short_details":"Ren\u00e9 Descartes \u2014 Vrin","translator":null,"weight":0,"page_count":null,"readership":null,"editor":"Vrin","price":823,"published_date":"2003-03-11T23:00:00.000000Z","support":"Grand format","publisher_availability":1,"stock":0,"editions":[],"url":"https:\/\/quaidesbrumes.com\/ouvrage\/9782711601844\/lettres-a-regius"},{"id":"9782711604173","title":"Critique de la raison","description":null,"authors":["Emmanuel Kant"],"category_codes":["9000000","9080000","9080200","9080204"],"visuals":{"large":"https:\/\/quaidesbrumes.com\/img\/book-placeholder.png","medium":"https:\/\/quaidesbrumes.com\/img\/book-placeholder.png","thumbnail":"https:\/\/quaidesbrumes.com\/img\/book-placeholder.png"},"orderable":true,"show_badge":true,"formatted_price":"8,23&nbsp;\u20ac","formatted_published_date":"12 mars 2003","publisher_availability_label":"Sur commande","short_details":"Emmanuel Kant \u2014 Vrin","translator":null,"weight":0,"page_count":null,"readership":null,"editor":"Vrin","price":823,"published_date":"2003-03-11T23:00:00.000000Z","support":"Grand format","publisher_availability":1,"stock":0,"editions":[],"url":"https:\/\/quaidesbrumes.com\/ouvrage\/9782711604173\/critique-de-la-raison"},{"id":"9782711604180","title":"La dissertation de 1770 ; lettre \u00e0 Marcus Herz","description":null,"authors":["Emmanuel Kant"],"category_codes":["9000000","9080000","9080200","9080204"],"visuals":{"large":"https:\/\/quaidesbrumes.com\/img\/book-placeholder.png","medium":"https:\/\/quaidesbrumes.com\/img\/book-placeholder.png","thumbnail":"https:\/\/quaidesbrumes.com\/img\/book-placeholder.png"},"orderable":true,"show_badge":true,"formatted_price":"6,86&nbsp;\u20ac","formatted_published_date":"12 mars 2003","publisher_availability_label":"Sur commande","short_details":"Emmanuel Kant \u2014 Vrin","translator":null,"weight":0,"page_count":null,"readership":null,"editor":"Vrin","price":686,"published_date":"2003-03-11T23:00:00.000000Z","support":"Grand format","publisher_availability":1,"stock":0,"editions":[],"url":"https:\/\/quaidesbrumes.com\/ouvrage\/9782711604180\/la-dissertation-de-1770-lettre-a-marcus-herz"},{"id":"9782711604265","title":"M\u00e9taphysique des moeurs Tome 2 ; doctrine de la vertu","description":null,"authors":["Emmanuel Kant"],"category_codes":["9000000","9080000","9080200","9080204"],"visuals":{"large":"https:\/\/quaidesbrumes.com\/img\/book-placeholder.png","medium":"https:\/\/quaidesbrumes.com\/img\/book-placeholder.png","thumbnail":"https:\/\/quaidesbrumes.com\/img\/book-placeholder.png"},"orderable":true,"show_badge":true,"formatted_price":"13,72&nbsp;\u20ac","formatted_published_date":"13 janvier 2007","publisher_availability_label":"Sur commande","short_details":"Emmanuel Kant \u2014 Vrin","translator":null,"weight":0,"page_count":null,"readership":null,"editor":"Vrin","price":1372,"published_date":"2007-01-12T23:00:00.000000Z","support":"Grand format","publisher_availability":1,"stock":0,"editions":[],"url":"https:\/\/quaidesbrumes.com\/ouvrage\/9782711604265\/metaphysique-des-moeurs-tome-2-doctrine-de-la-vertu"},{"id":"9782711604326","title":"Qu'est-ce que s'orienter dans la presse","description":null,"authors":["Emmanuel Kant"],"category_codes":["9000000","9080000","9080200","9080204"],"visuals":{"large":"https:\/\/quaidesbrumes.com\/img\/book-placeholder.png","medium":"https:\/\/quaidesbrumes.com\/img\/book-placeholder.png","thumbnail":"https:\/\/quaidesbrumes.com\/img\/book-placeholder.png"},"orderable":true,"show_badge":true,"formatted_price":"8,23&nbsp;\u20ac","formatted_published_date":"22 janvier 2004","publisher_availability_label":"Sur commande","short_details":"Emmanuel Kant \u2014 Vrin","translator":null,"weight":0,"page_count":null,"readership":null,"editor":"Vrin","price":823,"published_date":"2004-01-21T23:00:00.000000Z","support":"Grand format","publisher_availability":1,"stock":0,"editions":[],"url":"https:\/\/quaidesbrumes.com\/ouvrage\/9782711604326\/quest-ce-que-sorienter-dans-la-presse"},{"id":"9782738413086","title":"La famine des temps modernes - essais sur le chomeur","description":null,"authors":["Eric Lecerf"],"category_codes":["9000000","9080000"],"visuals":{"large":"https:\/\/images.epagine.fr\/086\/9782738413086_1_75.jpg","medium":"https:\/\/images.epagine.fr\/086\/9782738413086_1_m.jpg","thumbnail":"https:\/\/images.epagine.fr\/086\/9782738413086_1_v.jpg"},"orderable":true,"show_badge":true,"formatted_price":"21,00&nbsp;\u20ac","formatted_published_date":"3 mai 2000","publisher_availability_label":"Sur commande","short_details":"Eric Lecerf \u2014 \u00c9ditions L'Harmattan","translator":null,"weight":276,"page_count":null,"readership":null,"editor":"\u00c9ditions L'Harmattan","price":2100,"published_date":"2000-05-02T22:00:00.000000Z","support":"Grand format","publisher_availability":1,"stock":0,"editions":[],"url":"https:\/\/quaidesbrumes.com\/ouvrage\/9782738413086\/la-famine-des-temps-modernes-essais-sur-le-chomeur"},{"id":"9782738413130","title":"Les figures de la forme","description":null,"authors":["Jean Gayon"],"category_codes":["9000000","9080000"],"visuals":{"large":"https:\/\/images.epagine.fr\/130\/9782738413130_1_75.jpg","medium":"https:\/\/images.epagine.fr\/130\/9782738413130_1_m.jpg","thumbnail":"https:\/\/images.epagine.fr\/130\/9782738413130_1_v.jpg"},"orderable":true,"show_badge":true,"formatted_price":"27,50&nbsp;\u20ac","formatted_published_date":"3 mai 2000","publisher_availability_label":"Sur commande","short_details":"Jean Gayon \u2014 \u00c9ditions L'Harmattan","translator":null,"weight":464,"page_count":null,"readership":null,"editor":"\u00c9ditions L'Harmattan","price":2750,"published_date":"2000-05-02T22:00:00.000000Z","support":"Grand format","publisher_availability":1,"stock":0,"editions":[],"url":"https:\/\/quaidesbrumes.com\/ouvrage\/9782738413130\/les-figures-de-la-forme"},{"id":"9782738413185","title":"Essai de psychologie chinoise ; petite chronique sur bambou","description":null,"authors":["Pierre Bugard"],"category_codes":["9000000","9080000"],"visuals":{"large":"https:\/\/images.epagine.fr\/185\/9782738413185_1_75.jpg","medium":"https:\/\/images.epagine.fr\/185\/9782738413185_1_m.jpg","thumbnail":"https:\/\/images.epagine.fr\/185\/9782738413185_1_v.jpg"},"orderable":true,"show_badge":true,"formatted_price":"27,50&nbsp;\u20ac","formatted_published_date":"3 mai 2000","publisher_availability_label":"Sur commande","short_details":"Pierre Bugard \u2014 \u00c9ditions L'Harmattan","translator":null,"weight":452,"page_count":300,"readership":null,"editor":"\u00c9ditions L'Harmattan","price":2750,"published_date":"2000-05-02T22:00:00.000000Z","support":"Grand format","publisher_availability":1,"stock":0,"editions":[],"url":"https:\/\/quaidesbrumes.com\/ouvrage\/9782738413185\/essai-de-psychologie-chinoise-petite-chronique-sur-bambou"},{"id":"9782011862877","title":"Prol\u00e9gom\u00e8nes \u00e0 toute m\u00e9taphysique future qui aura le droit de se pr\u00e9senter comme science (\u00e9d.1865)","description":"Prol\u00e9gom\u00e8nes \u00e0 toute m\u00e9taphysique future qui aura le droit de se pr\u00e9senter comme science, suivis de deux autres fragments du m\u00eame auteur, relatifs \u00e0 la Critique de la raison pure. Ouvrages traduits de l'allemand d'Emmanuel Kant, par J. Tissot,...\r\nDate de l'\u00e9dition originale : 1865 Ce livre est la reproduction fid\u00e8le d'une oeuvre publi\u00e9e avant 1920 et fait partie d'une collection de livres r\u00e9imprim\u00e9s \u00e0 la demande \u00e9dit\u00e9e par Hachette Livre, dans le cadre d'un partenariat avec la Biblioth\u00e8que nationale de France, offrant l'opportunit\u00e9 d'acc\u00e9der \u00e0 des ouvrages anciens et souvent rares issus des fonds patrimoniaux de la BnF.\r\nLes oeuvres faisant partie de cette collection ont \u00e9t\u00e9 num\u00e9ris\u00e9es par la BnF et sont pr\u00e9sentes sur Gallica, sa biblioth\u00e8que num\u00e9rique.\r\n\r\nEn entreprenant de redonner vie \u00e0 ces ouvrages au travers d'une collection de livres r\u00e9imprim\u00e9s \u00e0 la demande, nous leur donnons la possibilit\u00e9 de rencontrer un public \u00e9largi et participons \u00e0 la transmission de connaissances et de savoirs parfois difficilement accessibles.\r\nNous avons cherch\u00e9 \u00e0 concilier la reproduction fid\u00e8le d'un livre ancien \u00e0 partir de sa version num\u00e9ris\u00e9e avec le souci d'un confort de lecture optimal. Nous esp\u00e9rons que les ouvrages de cette nouvelle collection vous apporteront enti\u00e8re satisfaction.\r\n\r\nPour plus d'informations, rendez-vous sur www.hachettebnf.fr\r","authors":["Emmanuel Kant"],"category_codes":["9000000","9080000","9080300","9080302"],"visuals":{"large":"https:\/\/images.epagine.fr\/877\/9782011862877_1_75.jpg","medium":"https:\/\/images.epagine.fr\/877\/9782011862877_1_m.jpg","thumbnail":"https:\/\/images.epagine.fr\/877\/9782011862877_1_v.jpg"},"orderable":true,"show_badge":true,"formatted_price":"30,00&nbsp;\u20ac","formatted_published_date":"1er avril 2013","publisher_availability_label":"Sur commande","short_details":"Emmanuel Kant \u2014 Hachette BNF","translator":null,"weight":679,"page_count":486,"readership":null,"editor":"Hachette BNF","price":3000,"published_date":"2013-03-31T22:00:00.000000Z","support":"Grand format","publisher_availability":1,"stock":0,"editions":[],"url":"https:\/\/quaidesbrumes.com\/ouvrage\/9782011862877\/prolegomenes-a-toute-metaphysique-future-qui-aura-le-droit-de-se-presenter-comme-science-ed1865"},{"id":"9782711695737","title":"Du sens interne","description":null,"authors":["Emmanuel Kant"],"category_codes":["9000000","9080000","9080200","9080204"],"visuals":{"large":"https:\/\/quaidesbrumes.com\/img\/book-placeholder.png","medium":"https:\/\/quaidesbrumes.com\/img\/book-placeholder.png","thumbnail":"https:\/\/quaidesbrumes.com\/img\/book-placeholder.png"},"orderable":true,"show_badge":true,"formatted_price":"7,77&nbsp;\u20ac","formatted_published_date":"12 mars 2003","publisher_availability_label":"Sur commande","short_details":"Emmanuel Kant \u2014 Vrin","translator":null,"weight":0,"page_count":null,"readership":null,"editor":"Vrin","price":777,"published_date":"2003-03-11T23:00:00.000000Z","support":"Grand format","publisher_availability":1,"stock":0,"editions":[],"url":"https:\/\/quaidesbrumes.com\/ouvrage\/9782711695737\/du-sens-interne"},{"id":"9782738415776","title":"La question du jugement","description":null,"authors":["Josette Lanteigne"],"category_codes":["9000000","9080000"],"visuals":{"large":"https:\/\/images.epagine.fr\/776\/9782738415776_1_75.jpg","medium":"https:\/\/images.epagine.fr\/776\/9782738415776_1_m.jpg","thumbnail":"https:\/\/images.epagine.fr\/776\/9782738415776_1_v.jpg"},"orderable":true,"show_badge":true,"formatted_price":"24,00&nbsp;\u20ac","formatted_published_date":"3 mai 2000","publisher_availability_label":"Sur commande","short_details":"Josette Lanteigne \u2014 \u00c9ditions L'Harmattan","translator":null,"weight":350,"page_count":null,"readership":null,"editor":"\u00c9ditions L'Harmattan","price":2400,"published_date":"2000-05-02T22:00:00.000000Z","support":"Grand format","publisher_availability":1,"stock":0,"editions":[],"url":"https:\/\/quaidesbrumes.com\/ouvrage\/9782738415776\/la-question-du-jugement"},{"id":"9782738416391","title":"L'utopie logique","description":null,"authors":["Pierre-jean Labarri\u00e8re"],"category_codes":["9000000","9080000","9080700"],"visuals":{"large":"https:\/\/images.epagine.fr\/391\/9782738416391_1_75.jpg","medium":"https:\/\/images.epagine.fr\/391\/9782738416391_1_m.jpg","thumbnail":"https:\/\/images.epagine.fr\/391\/9782738416391_1_v.jpg"},"orderable":true,"show_badge":true,"formatted_price":"13,50&nbsp;\u20ac","formatted_published_date":"3 mai 2000","publisher_availability_label":"Sur commande","short_details":"Pierre-jean Labarri\u00e8re \u2014 \u00c9ditions L'Harmattan","translator":null,"weight":208,"page_count":143,"readership":null,"editor":"\u00c9ditions L'Harmattan","price":1350,"published_date":"2000-05-02T22:00:00.000000Z","support":"Grand format","publisher_availability":1,"stock":0,"editions":[],"url":"https:\/\/quaidesbrumes.com\/ouvrage\/9782738416391\/lutopie-logique"},{"id":"9782738417848","title":"L'amour dans la pens\u00e9e de S\u00f8ren Kierkegaard ; pseudonymie et polyonymie","description":null,"authors":["Chantal Anne"],"category_codes":["9000000","9080000"],"visuals":{"large":"https:\/\/images.epagine.fr\/848\/9782738417848_1_75.jpg","medium":"https:\/\/images.epagine.fr\/848\/9782738417848_1_m.jpg","thumbnail":"https:\/\/images.epagine.fr\/848\/9782738417848_1_v.jpg"},"orderable":true,"show_badge":true,"formatted_price":"15,50&nbsp;\u20ac","formatted_published_date":"16 octobre 1991","publisher_availability_label":"Sur commande","short_details":"Chantal Anne \u2014 \u00c9ditions L'Harmattan","translator":null,"weight":200,"page_count":143,"readership":null,"editor":"\u00c9ditions L'Harmattan","price":1550,"published_date":"1991-10-15T23:00:00.000000Z","support":"Grand format","publisher_availability":1,"stock":0,"editions":[],"url":"https:\/\/quaidesbrumes.com\/ouvrage\/9782738417848\/lamour-dans-la-pensee-de-soren-kierkegaard-pseudonymie-et-polyonymie"},{"id":"9782738418180","title":"Le cerveau : la machine-pens\u00e9e","description":null,"authors":["Denys de B\u00e9chillon"],"category_codes":["9000000","9080000"],"visuals":{"large":"https:\/\/images.epagine.fr\/180\/9782738418180_1_75.jpg","medium":"https:\/\/images.epagine.fr\/180\/9782738418180_1_m.jpg","thumbnail":"https:\/\/images.epagine.fr\/180\/9782738418180_1_v.jpg"},"orderable":true,"show_badge":true,"formatted_price":"13,50&nbsp;\u20ac","formatted_published_date":"3 mai 2000","publisher_availability_label":"Sur commande","short_details":"Denys de B\u00e9chillon \u2014 \u00c9ditions L'Harmattan","translator":null,"weight":182,"page_count":null,"readership":null,"editor":"\u00c9ditions L'Harmattan","price":1350,"published_date":"2000-05-02T22:00:00.000000Z","support":"Grand format","publisher_availability":1,"stock":0,"editions":[],"url":"https:\/\/quaidesbrumes.com\/ouvrage\/9782738418180\/le-cerveau-la-machine-pensee"},{"id":"9782738419361","title":"La nature en politique ou enjeu philosophique de l'ecologie","description":null,"authors":[],"category_codes":["9000000","9080000"],"visuals":{"large":"https:\/\/images.epagine.fr\/361\/9782738419361_1_75.jpg","medium":"https:\/\/images.epagine.fr\/361\/9782738419361_1_m.jpg","thumbnail":"https:\/\/images.epagine.fr\/361\/9782738419361_1_v.jpg"},"orderable":true,"show_badge":true,"formatted_price":"19,00&nbsp;\u20ac","formatted_published_date":"3 mai 2000","publisher_availability_label":"Sur commande","short_details":"\u00c9ditions L'Harmattan","translator":null,"weight":246,"page_count":null,"readership":null,"editor":"\u00c9ditions L'Harmattan","price":1900,"published_date":"2000-05-02T22:00:00.000000Z","support":"Grand format","publisher_availability":1,"stock":0,"editions":[],"url":"https:\/\/quaidesbrumes.com\/ouvrage\/9782738419361\/la-nature-en-politique-ou-enjeu-philosophique-de-lecologie"},{"id":"9782738419842","title":"Rationalit\u00e9 et modernit\u00e9","description":null,"authors":["Gunnar Skirbekk"],"category_codes":["9000000","9080000","9080200","9080204"],"visuals":{"large":"https:\/\/images.epagine.fr\/842\/9782738419842_1_75.jpg","medium":"https:\/\/images.epagine.fr\/842\/9782738419842_1_m.jpg","thumbnail":"https:\/\/images.epagine.fr\/842\/9782738419842_1_v.jpg"},"orderable":true,"show_badge":true,"formatted_price":"15,50&nbsp;\u20ac","formatted_published_date":"3 mai 2000","publisher_availability_label":"Sur commande","short_details":"Gunnar Skirbekk \u2014 \u00c9ditions L'Harmattan","translator":null,"weight":218,"page_count":null,"readership":null,"editor":"\u00c9ditions L'Harmattan","price":1550,"published_date":"2000-05-02T22:00:00.000000Z","support":"Grand format","publisher_availability":1,"stock":0,"editions":[],"url":"https:\/\/quaidesbrumes.com\/ouvrage\/9782738419842\/rationalite-et-modernite"},{"id":"9782738420565","title":"Th\u00e9orie allemande et pratique fran\u00e7aise de la libert\u00e9","description":null,"authors":["Solange Marcier-josa"],"category_codes":["9000000","9080000"],"visuals":{"large":"https:\/\/images.epagine.fr\/565\/9782738420565_1_75.jpg","medium":"https:\/\/images.epagine.fr\/565\/9782738420565_1_m.jpg","thumbnail":"https:\/\/images.epagine.fr\/565\/9782738420565_1_v.jpg"},"orderable":true,"show_badge":true,"formatted_price":"33,00&nbsp;\u20ac","formatted_published_date":"3 mai 2000","publisher_availability_label":"Sur commande","short_details":"Solange Marcier-josa \u2014 \u00c9ditions L'Harmattan","translator":null,"weight":424,"page_count":393,"readership":null,"editor":"\u00c9ditions L'Harmattan","price":3300,"published_date":"2000-05-02T22:00:00.000000Z","support":"Grand format","publisher_availability":1,"stock":0,"editions":[],"url":"https:\/\/quaidesbrumes.com\/ouvrage\/9782738420565\/theorie-allemande-et-pratique-francaise-de-la-liberte"},{"id":"9782738420602","title":"La tentative schellingienne","description":null,"authors":["Saverio Ansaldi"],"category_codes":["9000000","9080000","9080200","9080204"],"visuals":{"large":"https:\/\/images.epagine.fr\/602\/9782738420602_1_75.jpg","medium":"https:\/\/images.epagine.fr\/602\/9782738420602_1_m.jpg","thumbnail":"https:\/\/images.epagine.fr\/602\/9782738420602_1_v.jpg"},"orderable":true,"show_badge":true,"formatted_price":"19,00&nbsp;\u20ac","formatted_published_date":"3 mai 2000","publisher_availability_label":"Sur commande","short_details":"Saverio Ansaldi \u2014 \u00c9ditions L'Harmattan","translator":null,"weight":240,"page_count":175,"readership":null,"editor":"\u00c9ditions L'Harmattan","price":1900,"published_date":"2000-05-02T22:00:00.000000Z","support":"Grand format","publisher_availability":1,"stock":0,"editions":[],"url":"https:\/\/quaidesbrumes.com\/ouvrage\/9782738420602\/la-tentative-schellingienne"},{"id":"9782738420756","title":"Quatre saisons de la soci\u00e9t\u00e9 marchande","description":"A l'heure o\u00f9 dans les Balkans, sur le continent europ\u00e9en lui-m\u00eame, il nous est offert le spectacle d'une guerre qui d\u00e9chire les peuples au nom du droit de disposer de telle ou telle parcelle d'un territoire, \u00e0 l'heure o\u00f9 la propri\u00e9t\u00e9 priv\u00e9e triomphe dans cette Russie que l'on nommait il y a peu \"la patrie du socialisme\", en ce temps o\u00f9 l'individualisme et l'argent se montrent les seules valeurs universelles, on doit s'interroger sur les attitudes fondamentales qui sont celles des acteurs du th\u00e9\u00e2tre contemporain. Il est pressant de se r\u00e9f\u00e9rer aux textes que depuis quatre si\u00e8cles r\u00e9citent consciemment ou non les acteurs. Hobbes, Locke, Rousseau, Proudhon, semeurs d'id\u00e9es et auteurs de fictions, ont \u00e9crit et d\u00e9fini les r\u00f4les : Hobbes qui veut porter la paix dans l'univers impitoyable de \"la guerre de tous contre tous\", pour qui tout droit devient une concession de l'Etat souverain, Locke chez qui le travail se voudrait source de l\u00e9gitimit\u00e9 de l'individu, de la propri\u00e9t\u00e9, sinon du territoire, Rousseau qui veut pr\u00e9venir l'in\u00e9galit\u00e9 et les d\u00e9sastres de la civilisation par l'auto\u00adlimitation, la restriction des \u00e9changes, la sauvegarde du monde rural, Proudhon tour \u00e0 tour d\u00e9cha\u00een\u00e9 contre le march\u00e9 et l'Etat, cherchant d\u00e9sesp\u00e9r\u00e9ment un monde stable pour le producteur au-del\u00e0 des d\u00e9sordres de la Propri\u00e9t\u00e9 et de l'empire de la Communaut\u00e9. Hobbes, Locke, Rousseau, Proudhon suivant l'ordre d'entr\u00e9e en sc\u00e8ne et le mouvement de la com\u00e9die sociale que constitue la soci\u00e9t\u00e9 marchande moderne. Hobbes, Locke, Rousseau, Proudhon comme les diff\u00e9rents visages que nous donne \u00e0 contempler et \u00e0 vivre, avec leur cort\u00e8ge de frustrations, le cercle des saisons, toujours recommenc\u00e9.","authors":["Gr\u00e9goire Madjarian"],"category_codes":["9000000","9080000"],"visuals":{"large":"https:\/\/images.epagine.fr\/756\/9782738420756_1_75.jpg","medium":"https:\/\/images.epagine.fr\/756\/9782738420756_1_m.jpg","thumbnail":"https:\/\/images.epagine.fr\/756\/9782738420756_1_v.jpg"},"orderable":true,"show_badge":true,"formatted_price":"15,50&nbsp;\u20ac","formatted_published_date":"3 mai 2000","publisher_availability_label":"Sur commande","short_details":"Gr\u00e9goire Madjarian \u2014 \u00c9ditions L'Harmattan","translator":null,"weight":216,"page_count":176,"readership":null,"editor":"\u00c9ditions L'Harmattan","price":1550,"published_date":"2000-05-02T22:00:00.000000Z","support":"Grand format","publisher_availability":1,"stock":0,"editions":[],"url":"https:\/\/quaidesbrumes.com\/ouvrage\/9782738420756\/quatre-saisons-de-la-societe-marchande"},{"id":"9782738422095","title":"La connaissance et la loi dans la pensee economique liberale classique, 430","description":null,"authors":["Claude Roche"],"category_codes":["9000000","9080000"],"visuals":{"large":"https:\/\/images.epagine.fr\/095\/9782738422095_1_75.jpg","medium":"https:\/\/images.epagine.fr\/095\/9782738422095_1_m.jpg","thumbnail":"https:\/\/images.epagine.fr\/095\/9782738422095_1_v.jpg"},"orderable":true,"show_badge":true,"formatted_price":"38,00&nbsp;\u20ac","formatted_published_date":"3 mai 2000","publisher_availability_label":"Sur commande","short_details":"Claude Roche \u2014 \u00c9ditions L'Harmattan","translator":null,"weight":610,"page_count":null,"readership":null,"editor":"\u00c9ditions L'Harmattan","price":3800,"published_date":"2000-05-02T22:00:00.000000Z","support":"Grand format","publisher_availability":1,"stock":0,"editions":[],"url":"https:\/\/quaidesbrumes.com\/ouvrage\/9782738422095\/la-connaissance-et-la-loi-dans-la-pensee-economique-liberale-classique-430"},{"id":"9782738422194","title":"Futur ant\u00e9rieur : sur althusser passages","description":"Lettre \u00e0 Merab (Louis Althusser) ; Sur la pens\u00e9e marxiste (Louis Althusser) ; La folie, la th\u00e9orie, la politique (Denis Berger) ; Pour Althusser : notes sur l'\u00e9volution de la pens\u00e9e du dernier Althusser (Toni Negri) ; La lecture symptomale chez Althusser (Jean Marie Vincent) ; Note compl\u00e9mentaire \u00e0 \u00ab la lecture symptomale chez Louis Althusser \u00bb (Jean Marie Vincent) ; \u00ab On na\u00eet toujours quelque part \u00bb (Nicole-Edith Th\u00e9venin) ; A propos de Politique et philosophie dans l'oeuvre de Louis Althusser (Bruno Karsenti).\r","authors":["Collectif"],"category_codes":["9000000","9080000","9080200","9080204"],"visuals":{"large":"https:\/\/images.epagine.fr\/194\/9782738422194_1_75.jpg","medium":"https:\/\/images.epagine.fr\/194\/9782738422194_1_m.jpg","thumbnail":"https:\/\/images.epagine.fr\/194\/9782738422194_1_v.jpg"},"orderable":true,"show_badge":true,"formatted_price":"14,50&nbsp;\u20ac","formatted_published_date":"3 mai 2000","publisher_availability_label":"Sur commande","short_details":"Collectif \u2014 \u00c9ditions L'Harmattan","translator":null,"weight":225,"page_count":154,"readership":null,"editor":"\u00c9ditions L'Harmattan","price":1450,"published_date":"2000-05-02T22:00:00.000000Z","support":"Grand format","publisher_availability":1,"stock":0,"editions":[],"url":"https:\/\/quaidesbrumes.com\/ouvrage\/9782738422194\/futur-anterieur-sur-althusser-passages"},{"id":"9782738422545","title":"Synecdoques ; \u00e9tude d'une figure de rh\u00e9torique Tome 1","description":null,"authors":["Bernard Meyer"],"category_codes":["9000000","9080000","9080200","9080204"],"visuals":{"large":"https:\/\/images.epagine.fr\/545\/9782738422545_1_75.jpg","medium":"https:\/\/images.epagine.fr\/545\/9782738422545_1_m.jpg","thumbnail":"https:\/\/images.epagine.fr\/545\/9782738422545_1_v.jpg"},"orderable":true,"show_badge":true,"formatted_price":"24,00&nbsp;\u20ac","formatted_published_date":"3 mai 2000","publisher_availability_label":"Sur commande","short_details":"Bernard Meyer \u2014 \u00c9ditions L'Harmattan","translator":null,"weight":368,"page_count":222,"readership":null,"editor":"\u00c9ditions L'Harmattan","price":2400,"published_date":"2000-05-02T22:00:00.000000Z","support":"Grand format","publisher_availability":1,"stock":0,"editions":[],"url":"https:\/\/quaidesbrumes.com\/ouvrage\/9782738422545\/synecdoques-etude-dune-figure-de-rhetorique-tome-1"},{"id":"9782738424105","title":"Dostoievski, la vie vivante","description":null,"authors":["Philippe Sergeant"],"category_codes":["9000000","9080000"],"visuals":{"large":"https:\/\/images.epagine.fr\/105\/9782738424105_1_75.jpg","medium":"https:\/\/images.epagine.fr\/105\/9782738424105_1_m.jpg","thumbnail":"https:\/\/images.epagine.fr\/105\/9782738424105_1_v.jpg"},"orderable":true,"show_badge":true,"formatted_price":"16,00&nbsp;\u20ac","formatted_published_date":"3 mai 2000","publisher_availability_label":"Sur commande","short_details":"Philippe Sergeant \u2014 \u00c9ditions L'Harmattan","translator":null,"weight":246,"page_count":null,"readership":null,"editor":"\u00c9ditions L'Harmattan","price":1600,"published_date":"2000-05-02T22:00:00.000000Z","support":"Grand format","publisher_availability":1,"stock":0,"editions":[],"url":"https:\/\/quaidesbrumes.com\/ouvrage\/9782738424105\/dostoievski-la-vie-vivante"},{"id":"9782738424167","title":"Ateliers I ; esth\u00e9tique de l'\u00e9cart","description":"Les \u00e9changes r\u00e9unis ici ont eu lieu entre 1986 et 19922 au Coll\u00e8ge international de Philosophie \u00e0 paris. Ils d\u00e9gagent un horizon in\u00e9dit d'interrogation philosophique en soumettant celle-ci \u00e0 l'\u00e9preuve m\u00eame de l'atelier. La r\u00e9flexion qui guide la production picturale teste sa propre rigueur en rapportant le proc\u00e8s perceptif de l'oeuvre en train de se faire, \u00e0 la perception quotidienne , pr\u00e9sum\u00e9e commune \u00e0 tous.","authors":["Jean Borreil","Maurice Mathieu"],"category_codes":["9000000","9080000","9080200","9080204"],"visuals":{"large":"https:\/\/images.epagine.fr\/167\/9782738424167_1_75.jpg","medium":"https:\/\/images.epagine.fr\/167\/9782738424167_1_m.jpg","thumbnail":"https:\/\/images.epagine.fr\/167\/9782738424167_1_v.jpg"},"orderable":true,"show_badge":true,"formatted_price":"27,50&nbsp;\u20ac","formatted_published_date":"28 septembre 1994","publisher_availability_label":"Sur commande","short_details":"Jean Borreil, Maurice Mathieu \u2014 \u00c9ditions L'Harmattan","translator":null,"weight":350,"page_count":250,"readership":null,"editor":"\u00c9ditions L'Harmattan","price":2750,"published_date":"1994-09-27T23:00:00.000000Z","support":"Grand format","publisher_availability":1,"stock":0,"editions":[],"url":"https:\/\/quaidesbrumes.com\/ouvrage\/9782738424167\/ateliers-i-esthetique-de-lecart"}]}