{"data":[{"id":"9782220042800","title":"Penser l'h\u00e9t\u00e9rog\u00e8ne","description":"Les changements acc\u00e9l\u00e9r\u00e9s de notre \u00e9poque mettent en contact brusque des repr\u00e9sentations et des r\u00e9alit\u00e9s, des moeurs et des cultures. Les conflits qui naissent ainsi peuvent conduire soit \u00e0 une homog\u00e9n\u00e9isation forc\u00e9e, soit \u00e0 une euph\u00e9misation plus ou moins laxiste : finalement, tout cela, c'est un peu la m\u00eame chose. Le propos du dialogue pr\u00e9sent\u00e9 ici est d'oser une articulation des h\u00e9t\u00e9rog\u00e9n\u00e9it\u00e9s, un accueil franc de leurs enchev\u00eatrements baroques. De Paul Val\u00e9ry \u00e0 Julien Benda, de Freud \u00e0 Carl Rogers, de Nietzsche \u00e0 Leibniz, de Michel Serres \u00e0 Edgar Morin, de Teilhard de Chardin \u00e0 Spengler, sans oublier Claudel, Sartre et quelques autres, deux amis marqu\u00e9s diff\u00e9remment par la psychologie, la sociologie et la p\u00e9dagogie rebondissent d'auteurs en auteurs, mais aussi d'\u00e9v\u00e9nements sociaux et politiques en pens\u00e9es. Transgressions ou trahisons, concessions ou reconnaissance de l'identit\u00e9 irr\u00e9ductible : en quelle marge peut se situer l'\u00e9quilibre des cultures et de la civilisation nouvelle ?","authors":["Jacques Ardoino","Andr\u00e9 de Peretti"],"category_codes":["9000000","9080000","9080300","9080303"],"visuals":{"large":"https:\/\/images.epagine.fr\/800\/9782220042800_1_75.jpg","medium":"https:\/\/images.epagine.fr\/800\/9782220042800_1_m.jpg","thumbnail":"https:\/\/images.epagine.fr\/800\/9782220042800_1_v.jpg"},"orderable":true,"show_badge":true,"formatted_price":"24,40&nbsp;\u20ac","formatted_published_date":"17 ao\u00fbt 1998","publisher_availability_label":"Sur commande","short_details":"Jacques Ardoino, Andr\u00e9 de Peretti \u2014 Descl\u00e9e de Brouwer","translator":null,"weight":330,"page_count":255,"readership":null,"editor":"Descl\u00e9e de Brouwer","price":2440,"published_date":"1998-08-16T22:00:00.000000Z","support":"Grand format","publisher_availability":1,"stock":0,"editions":[],"url":"https:\/\/quaidesbrumes.com\/ouvrage\/9782220042800\/penser-lheterogene"},{"id":"9782705662561","title":"Le langage meurtrier","description":"Apr\u00e8s ses Langages totalitaires d'il y a un quart de si\u00e8cle, le voici alert\u00e9 par les r\u00e9cents appels au meurtre et leur action n\u00e9faste sur des innocents devenant criminels. Il rappelle comment de simples mots, de saints mots m\u00eame, peuvent engendrer le mal, le mal absolu. \r\nLe langage meurtrier du vingti\u00e8me si\u00e8cle, puisant \u00e0 plusieurs sources ant\u00e9rieures, a fa\u00e7onn\u00e9 des trames meurtri\u00e8res, aussi dangereuses que des armes. Et sans lesquelles les armes n'auraient pas parl\u00e9. Tiss\u00e9es sur la grille lourde des nappes \u00e9conomiques, elles anticipent d\u00e9j\u00e0 sur le r\u00e8gne des m\u00e9dia. Rien n 'arr\u00eate plus, semble-t-il, la machine abominable. Une fois ourdie sur la cha\u00eene de l'Histoire et des dispositifs d'\u00c9tat. Qu'il s'agisse du roman criminel par quoi est produit le Reich nazi   ou d 'autres figures du langage meurtrier. La mont\u00e9e des trames de meurtre, on peut encore l'observer sous des formes diff\u00e9rentes. Il s'agit toujours de d\u00e9truire la parole de l'autre, et d'en arracher l'inscription. La langue de meurtre peut se retourner sur elle-m\u00eame. Pour devenir, au nom pr\u00e9tendu des victimes, la mise \u00e0 mort du principe de paix. C'est pourtant lui, au futur, qui pourra les sauver.","authors":["Jean-Pierre Faye"],"category_codes":["9000000","9080000","9080200","9080204"],"visuals":{"large":"https:\/\/images.epagine.fr\/561\/9782705662561_1_75.jpg","medium":"https:\/\/images.epagine.fr\/561\/9782705662561_1_m.jpg","thumbnail":"https:\/\/images.epagine.fr\/561\/9782705662561_1_v.jpg"},"orderable":true,"show_badge":true,"formatted_price":"34,00&nbsp;\u20ac","formatted_published_date":"7 f\u00e9vrier 1996","publisher_availability_label":"Sur commande","short_details":"Jean-Pierre Faye \u2014 Hermann","translator":null,"weight":369,"page_count":300,"readership":null,"editor":"Hermann","price":3400,"published_date":"1996-02-06T23:00:00.000000Z","support":"Grand format","publisher_availability":1,"stock":0,"editions":[],"url":"https:\/\/quaidesbrumes.com\/ouvrage\/9782705662561\/le-langage-meurtrier"},{"id":"9782738462121","title":"La doctrine classique de la politique \u00e9trang\u00e8re : la cit\u00e9 et les autres","description":"Ce livre pr\u00e9sente la doctrine sur les relations inter\u00e9tatiques en g\u00e9n\u00e9ral et plus particuli\u00e8rement sur la question de la politique \u00e9trang\u00e8re. Les auteurs (Thucydide, X\u00e9nophon, Isocrate, Platon et Aristote) sur lesquels cette \u00e9tude s'appuie ont \u00e9crit pour leurs \u00e9l\u00e8ves, appel\u00e9s eux-m\u00eames \u00e0 devenir soit des \u00e9ducateurs soit des politiques. Cet ouvrage cherche \u00e0 d\u00e9gager la th\u00e9orie-cadre \u00e0 partir de laquelle les relations internationales et la politique \u00e9trang\u00e8re peuvent \u00eatre comprises, aujourd'hui comme \u00e0 l'\u00e9poque classique.\r","authors":["Philippe Constantineau"],"category_codes":["9000000","9080000","9080200","9080204"],"visuals":{"large":"https:\/\/images.epagine.fr\/121\/9782738462121_1_75.jpg","medium":"https:\/\/images.epagine.fr\/121\/9782738462121_1_m.jpg","thumbnail":"https:\/\/images.epagine.fr\/121\/9782738462121_1_v.jpg"},"orderable":true,"show_badge":true,"formatted_price":"25,00&nbsp;\u20ac","formatted_published_date":"3 mai 2000","publisher_availability_label":"Sur commande","short_details":"Philippe Constantineau \u2014 \u00c9ditions L'Harmattan","translator":null,"weight":294,"page_count":240,"readership":null,"editor":"\u00c9ditions L'Harmattan","price":2500,"published_date":"2000-05-02T22:00:00.000000Z","support":"Grand format","publisher_availability":1,"stock":0,"editions":[],"url":"https:\/\/quaidesbrumes.com\/ouvrage\/9782738462121\/la-doctrine-classique-de-la-politique-etrangere-la-cite-et-les-autres"},{"id":"9782246505815","title":"Heidegger et son temps","description":"Qui \u00e9tait vraiment Martin Heidegger ? Un des grands philosophes du si\u00e8cle ? L'auteur de {Sein und Zeit (Etre et Temps)} ? L'homme sans qui Sartre, Foucault, Hans Jonas, l'\u00e9cole de Francfort, seraient impensables ? Un d\u00e9fenseur de l'Allemagne nationale-socialiste ? Celui qu'admirait Sartre ? L'homme qui aimait et qu'aima Hannah Arendt ? Sans doute Heidegger \u00e9tait-il cet homme multiple, contradictoire ; et parce qu'il s'est rang\u00e9, un temps, aux c\u00f4t\u00e9s des nazis, il est devenu, pour l'histoire de la pens\u00e9e, un \"cas\", une blessure. Voici un texte important qui nous dit : qui \u00e9tait vraiment Martin Heidegger ; qui \u00e9taient ses amis, ses ma\u00eetres, ses disciples ; quelle \u00e9tait sa philosophie ; comment sa pens\u00e9e a \u00e9volu\u00e9 ; comment et pourquoi Heidegger s'est engag\u00e9 dans le national-socialisme ; quelle a \u00e9t\u00e9 son influence dans le si\u00e8cle...","authors":["Rudiger Safranski"],"category_codes":["1000000","1070000","1070200"],"visuals":{"large":"https:\/\/images.epagine.fr\/815\/9782246505815_1_75.jpg","medium":"https:\/\/images.epagine.fr\/815\/9782246505815_1_m.jpg","thumbnail":"https:\/\/images.epagine.fr\/815\/9782246505815_1_v.jpg"},"orderable":true,"show_badge":true,"formatted_price":"28,40&nbsp;\u20ac","formatted_published_date":"11 septembre 1996","publisher_availability_label":"Sur commande","short_details":"Rudiger Safranski \u2014 \u00c9ditions Grasset","translator":null,"weight":665,"page_count":480,"readership":null,"editor":"\u00c9ditions Grasset","price":2840,"published_date":"1996-09-10T22:00:00.000000Z","support":"Grand format","publisher_availability":1,"stock":0,"editions":[],"url":"https:\/\/quaidesbrumes.com\/ouvrage\/9782246505815\/heidegger-et-son-temps"},{"id":"9782738465559","title":"Ethique et \u00c9conomie","description":"Dans une p\u00e9riode particuli\u00e8rement marqu\u00e9e par des scandales \u00e0 r\u00e9p\u00e9tition dans les milieux d'affaires, il para\u00eet urgent de mener une r\u00e9flexion approfondie sur les causes de cette immoralit\u00e9. Dans la premi\u00e8re partie de cet ouvrage, l'auteur analyse les bases morales du capitalisme europ\u00e9en et s'interroge sur la finalit\u00e9, le sens de l'activit\u00e9 \u00e9conomique par rapport \u00e0 l'action humaine; dans la seconde partie, elle entre de plus pr\u00e8s dans la vie concr\u00e8te de l'entreprise, en illustrant les aspects \u00e9voqu\u00e9s par de nombreux exemples.\r","authors":["Genevieve Even-Granboulan"],"category_codes":["9000000","9080000"],"visuals":{"large":"https:\/\/images.epagine.fr\/559\/9782738465559_1_75.jpg","medium":"https:\/\/images.epagine.fr\/559\/9782738465559_1_m.jpg","thumbnail":"https:\/\/images.epagine.fr\/559\/9782738465559_1_v.jpg"},"orderable":true,"show_badge":true,"formatted_price":"31,50&nbsp;\u20ac","formatted_published_date":"3 mai 2000","publisher_availability_label":"Sur commande","short_details":"Genevieve Even-Granboulan \u2014 \u00c9ditions L'Harmattan","translator":null,"weight":428,"page_count":348,"readership":null,"editor":"\u00c9ditions L'Harmattan","price":3150,"published_date":"2000-05-02T22:00:00.000000Z","support":"Grand format","publisher_availability":1,"stock":0,"editions":[],"url":"https:\/\/quaidesbrumes.com\/ouvrage\/9782738465559\/ethique-et-economie"},{"id":"9782705664732","title":"50 ans de correspondance math\u00e9matique","description":"Ensemble des lettres scientifiques \u00e9chang\u00e9es entre Paul L\u00e9vy et Maurice Fr\u00e9chet, et retrouv\u00e9es dans les archives de l'Acad\u00e9mie des Sciences de Paris. Cette correspondance passionnante entre deux grandes figures de la math\u00e9matique fran\u00e7aise du vingti\u00e8me si\u00e8cle permet de c\u00f4toyer la pens\u00e9e cr\u00e9atrice si particuli\u00e8re de Paul L\u00e9vy et la gen\u00e8se du calcul des probabilit\u00e9s. Gr\u00e2ce \u00e0 une pr\u00e9sentation g\u00e9n\u00e9rale des principaux th\u00e8mes abord\u00e9s dans ces lettres et \u00e0 de nombreuses notes explicatives, le lecteur peut mieux suivre les d\u00e9tails de l'\u00e9volution d'une discipline alors en plein renouvellement.","authors":["Levy\/Frechet"],"category_codes":["9000000","9080000"],"visuals":{"large":"https:\/\/images.epagine.fr\/732\/9782705664732_1_75.jpg","medium":"https:\/\/images.epagine.fr\/732\/9782705664732_1_m.jpg","thumbnail":"https:\/\/images.epagine.fr\/732\/9782705664732_1_v.jpg"},"orderable":true,"show_badge":true,"formatted_price":"36,00&nbsp;\u20ac","formatted_published_date":"25 mars 2004","publisher_availability_label":"Sur commande","short_details":"Levy\/Frechet \u2014 Hermann","translator":null,"weight":376,"page_count":316,"readership":null,"editor":"Hermann","price":3600,"published_date":"2004-03-24T23:00:00.000000Z","support":"Grand format","publisher_availability":1,"stock":0,"editions":[],"url":"https:\/\/quaidesbrumes.com\/ouvrage\/9782705664732\/50-ans-de-correspondance-mathematique"},{"id":"9782730702508","title":"Oeuvres completes","description":".","authors":[],"category_codes":["9000000","9080000"],"visuals":{"large":"https:\/\/quaidesbrumes.com\/img\/book-placeholder.png","medium":"https:\/\/quaidesbrumes.com\/img\/book-placeholder.png","thumbnail":"https:\/\/quaidesbrumes.com\/img\/book-placeholder.png"},"orderable":true,"show_badge":true,"formatted_price":"24,50&nbsp;\u20ac","formatted_published_date":"12 mars 2001","publisher_availability_label":"Sur commande","short_details":"\u00c9ditions L'Harmattan","translator":null,"weight":388,"page_count":325,"readership":null,"editor":"\u00c9ditions L'Harmattan","price":2450,"published_date":"2001-03-11T23:00:00.000000Z","support":"Grand format","publisher_availability":1,"stock":0,"editions":[],"url":"https:\/\/quaidesbrumes.com\/ouvrage\/9782730702508\/oeuvres-completes"},{"id":"9782738406095","title":"Le champ de bataille ; post-moderne\/n\u00e9o-moderne","description":null,"authors":["Christian Ruby"],"category_codes":["9000000","9080000"],"visuals":{"large":"https:\/\/images.epagine.fr\/095\/9782738406095_1_75.jpg","medium":"https:\/\/images.epagine.fr\/095\/9782738406095_1_m.jpg","thumbnail":"https:\/\/images.epagine.fr\/095\/9782738406095_1_v.jpg"},"orderable":true,"show_badge":true,"formatted_price":"25,00&nbsp;\u20ac","formatted_published_date":"3 mai 2000","publisher_availability_label":"Sur commande","short_details":"Christian Ruby \u2014 \u00c9ditions L'Harmattan","translator":null,"weight":296,"page_count":null,"readership":null,"editor":"\u00c9ditions L'Harmattan","price":2500,"published_date":"2000-05-02T22:00:00.000000Z","support":"Grand format","publisher_availability":1,"stock":0,"editions":[],"url":"https:\/\/quaidesbrumes.com\/ouvrage\/9782738406095\/le-champ-de-bataille-post-moderneneo-moderne"},{"id":"9782738406798","title":"Futur anterieur 2 - vol02","description":"Articles : Du communisme \u00e0 la mise en commun : exp\u00e9rience d'autogestion dans les Quartiers de Moscou (Anne Querrien, Boris Sazonov, Victor Tischenko), Libert\u00e9 et socialit\u00e9 (Jean Marie Vincent), De la transition au pouvoir constituant (Toni Negri), La \"Panth\u00e8re\" et la communication (MauriziLazzarato), L'envers de la croissance \u00e0 la japonaise (Helena Hirata, Satoshi Kamata), Les institutions d\u00e9mocratiques peuvent-elles faire un usage \"efficace\" des ressources morales ? (Claus Offe, Ulrich K. Preuss), Dramatiser un concept en psychanalyse (J.-D. Nasio, Nicole-Edith Th\u00e9venin), Exp\u00e9rience esth\u00e9tique et agir communicationnel : Autour de Habermas et l'esth\u00e9tique (Claude Amey).\r\nLectures : La renaissance h\u00e9g\u00e9lienne am\u00e9ricaine et l'int\u00e9riorisation de conflit (Michael Hardt), Gloses marginales aux Commentaires sur la soci\u00e9t\u00e9 du spectacle (GiorgiAgamben), L'Alg\u00e9rie hors la r\u00e9volution (Denis Berger), \u00c9chec au lib\u00e9ralisme, les jacobins et l'Etat (Fran\u00e7oise M\u00e9lonio).\r","authors":[],"category_codes":["9000000","9080000"],"visuals":{"large":"https:\/\/images.epagine.fr\/798\/9782738406798_1_75.jpg","medium":"https:\/\/images.epagine.fr\/798\/9782738406798_1_m.jpg","thumbnail":"https:\/\/images.epagine.fr\/798\/9782738406798_1_v.jpg"},"orderable":true,"show_badge":true,"formatted_price":"13,50&nbsp;\u20ac","formatted_published_date":"1er janvier 1990","publisher_availability_label":"Sur commande","short_details":"\u00c9ditions L'Harmattan","translator":null,"weight":220,"page_count":null,"readership":null,"editor":"\u00c9ditions L'Harmattan","price":1350,"published_date":"1989-12-31T23:00:00.000000Z","support":"Grand format","publisher_availability":1,"stock":0,"editions":[],"url":"https:\/\/quaidesbrumes.com\/ouvrage\/9782738406798\/futur-anterieur-2-vol02"},{"id":"9782711303526","title":"Du sujet a l'image . une  histoire de l'oeil chez fre","description":null,"authors":["Huot Herve"],"category_codes":["9000000","9080000"],"visuals":{"large":"https:\/\/images.epagine.fr\/526\/9782711303526_1_75.jpg","medium":"https:\/\/images.epagine.fr\/526\/9782711303526_1_m.jpg","thumbnail":"https:\/\/images.epagine.fr\/526\/9782711303526_1_v.jpg"},"orderable":true,"show_badge":true,"formatted_price":"22,35&nbsp;\u20ac","formatted_published_date":"1er d\u00e9cembre 2004","publisher_availability_label":"Sur commande","short_details":"Huot Herve \u2014 \u00c9ditions L'Harmattan","translator":null,"weight":390,"page_count":null,"readership":null,"editor":"\u00c9ditions L'Harmattan","price":2235,"published_date":"2004-11-30T23:00:00.000000Z","support":"Grand format","publisher_availability":1,"stock":0,"editions":[],"url":"https:\/\/quaidesbrumes.com\/ouvrage\/9782711303526\/du-sujet-a-limage-une-histoire-de-loeil-chez-fre"},{"id":"9782711303533","title":"Les voies d'acc\u00e9s de l'inconscient","description":null,"authors":["G\u00e9rard Bonnet"],"category_codes":["9000000","9080000"],"visuals":{"large":"https:\/\/images.epagine.fr\/533\/9782711303533_1_75.jpg","medium":"https:\/\/images.epagine.fr\/533\/9782711303533_1_m.jpg","thumbnail":"https:\/\/images.epagine.fr\/533\/9782711303533_1_v.jpg"},"orderable":true,"show_badge":true,"formatted_price":"22,35&nbsp;\u20ac","formatted_published_date":"1er d\u00e9cembre 2004","publisher_availability_label":"Sur commande","short_details":"G\u00e9rard Bonnet \u2014 \u00c9ditions L'Harmattan","translator":null,"weight":336,"page_count":null,"readership":null,"editor":"\u00c9ditions L'Harmattan","price":2235,"published_date":"2004-11-30T23:00:00.000000Z","support":"Grand format","publisher_availability":1,"stock":0,"editions":[],"url":"https:\/\/quaidesbrumes.com\/ouvrage\/9782711303533\/les-voies-dacces-de-linconscient"},{"id":"9782711303571","title":"Porter un talent porter un sympt\u00f4me","description":null,"authors":["Denise Morel"],"category_codes":["9000000","9080000"],"visuals":{"large":"https:\/\/quaidesbrumes.com\/img\/book-placeholder.png","medium":"https:\/\/quaidesbrumes.com\/img\/book-placeholder.png","thumbnail":"https:\/\/quaidesbrumes.com\/img\/book-placeholder.png"},"orderable":true,"show_badge":true,"formatted_price":"19,30&nbsp;\u20ac","formatted_published_date":"1er d\u00e9cembre 2004","publisher_availability_label":"Sur commande","short_details":"Denise Morel \u2014 \u00c9ditions L'Harmattan","translator":null,"weight":338,"page_count":null,"readership":null,"editor":"\u00c9ditions L'Harmattan","price":1930,"published_date":"2004-11-30T23:00:00.000000Z","support":"Grand format","publisher_availability":1,"stock":0,"editions":[],"url":"https:\/\/quaidesbrumes.com\/ouvrage\/9782711303571\/porter-un-talent-porter-un-symptome"},{"id":"9782711303687","title":"La scientificit\u00e9 de la psychanalyse Tome 1","description":null,"authors":["Jo\u00ebl Dor"],"category_codes":["9000000","9080000"],"visuals":{"large":"https:\/\/quaidesbrumes.com\/img\/book-placeholder.png","medium":"https:\/\/quaidesbrumes.com\/img\/book-placeholder.png","thumbnail":"https:\/\/quaidesbrumes.com\/img\/book-placeholder.png"},"orderable":true,"show_badge":true,"formatted_price":"19,30&nbsp;\u20ac","formatted_published_date":"1er d\u00e9cembre 2004","publisher_availability_label":"Sur commande","short_details":"Jo\u00ebl Dor \u2014 \u00c9ditions L'Harmattan","translator":null,"weight":270,"page_count":null,"readership":null,"editor":"\u00c9ditions L'Harmattan","price":1930,"published_date":"2004-11-30T23:00:00.000000Z","support":"Grand format","publisher_availability":1,"stock":0,"editions":[],"url":"https:\/\/quaidesbrumes.com\/ouvrage\/9782711303687\/la-scientificite-de-la-psychanalyse-tome-1"},{"id":"9782711304394","title":"Violence et meurtre \u00e0 l'adolescence","description":null,"authors":["Giret Genevieve"],"category_codes":["9000000","9080000"],"visuals":{"large":"https:\/\/quaidesbrumes.com\/img\/book-placeholder.png","medium":"https:\/\/quaidesbrumes.com\/img\/book-placeholder.png","thumbnail":"https:\/\/quaidesbrumes.com\/img\/book-placeholder.png"},"orderable":true,"show_badge":true,"formatted_price":"14,25&nbsp;\u20ac","formatted_published_date":"1er d\u00e9cembre 2004","publisher_availability_label":"Sur commande","short_details":"Giret Genevieve \u2014 \u00c9ditions L'Harmattan","translator":null,"weight":230,"page_count":null,"readership":null,"editor":"\u00c9ditions L'Harmattan","price":1425,"published_date":"2004-11-30T23:00:00.000000Z","support":"Grand format","publisher_availability":1,"stock":0,"editions":[],"url":"https:\/\/quaidesbrumes.com\/ouvrage\/9782711304394\/violence-et-meurtre-a-ladolescence"},{"id":"9782711304585","title":"L'adolescence aux mille visages","description":null,"authors":["Braconnier A.\/Marcel"],"category_codes":["9000000","9080000"],"visuals":{"large":"https:\/\/quaidesbrumes.com\/img\/book-placeholder.png","medium":"https:\/\/quaidesbrumes.com\/img\/book-placeholder.png","thumbnail":"https:\/\/quaidesbrumes.com\/img\/book-placeholder.png"},"orderable":true,"show_badge":true,"formatted_price":"14,25&nbsp;\u20ac","formatted_published_date":"1er d\u00e9cembre 2004","publisher_availability_label":"Sur commande","short_details":"Braconnier A.\/Marcel \u2014 \u00c9ditions L'Harmattan","translator":null,"weight":268,"page_count":null,"readership":null,"editor":"\u00c9ditions L'Harmattan","price":1425,"published_date":"2004-11-30T23:00:00.000000Z","support":"Grand format","publisher_availability":1,"stock":0,"editions":[],"url":"https:\/\/quaidesbrumes.com\/ouvrage\/9782711304585\/ladolescence-aux-mille-visages"},{"id":"9782747580328","title":"Les facult\u00e9s de l'\u00e2me consid\u00e9r\u00e9es dans leur nature : Le\u00e7ons de philosophie (I)","description":"Le premier volume des  Le\u00e7ons de Philosophie  (1815) porte sur les facult\u00e9s de l'\u00e2me consid\u00e9r\u00e9es dans leur nature. Pierre Laromigui\u00e8re (1756-1837) y pr\u00e9sente son syst\u00e8me en le comparant \u00e0 celui de Condillac pour en montrer la sup\u00e9riorit\u00e9. C'est sur la question de la gen\u00e8se des facult\u00e9s qu'il va faire \u00e0 la philosophie de Condillac une tr\u00e8s profonde modification ; il prend en effet pour point de d\u00e9part, outre la sensation, facult\u00e9 passive, l'attention, facult\u00e9 active. Le titre de Laromigui\u00e8re en philosophie est d'avoir restitu\u00e9 \u00e0 l'activit\u00e9 son v\u00e9ritable r\u00f4le dans l'\u00e2me humaine.","authors":["Pierre Laromiguiere"],"category_codes":["9000000","9080000"],"visuals":{"large":"https:\/\/images.epagine.fr\/328\/9782747580328_1_75.jpg","medium":"https:\/\/images.epagine.fr\/328\/9782747580328_1_m.jpg","thumbnail":"https:\/\/images.epagine.fr\/328\/9782747580328_1_v.jpg"},"orderable":true,"show_badge":true,"formatted_price":"41,00&nbsp;\u20ac","formatted_published_date":"2 avril 2005","publisher_availability_label":"Sur commande","short_details":"Pierre Laromiguiere \u2014 \u00c9ditions L'Harmattan","translator":null,"weight":500,"page_count":438,"readership":null,"editor":"\u00c9ditions L'Harmattan","price":4100,"published_date":"2005-04-01T22:00:00.000000Z","support":"Grand format","publisher_availability":1,"stock":0,"editions":[],"url":"https:\/\/quaidesbrumes.com\/ouvrage\/9782747580328\/les-facultes-de-lame-considerees-dans-leur-nature-lecons-de-philosophie-i"},{"id":"9782738408860","title":"Le partage de la verite - critiques du jugement philosophique","description":null,"authors":[],"category_codes":["9000000","9080000"],"visuals":{"large":"https:\/\/images.epagine.fr\/860\/9782738408860_1_75.jpg","medium":"https:\/\/images.epagine.fr\/860\/9782738408860_1_m.jpg","thumbnail":"https:\/\/images.epagine.fr\/860\/9782738408860_1_v.jpg"},"orderable":true,"show_badge":true,"formatted_price":"19,00&nbsp;\u20ac","formatted_published_date":"3 mai 2000","publisher_availability_label":"Sur commande","short_details":"\u00c9ditions L'Harmattan","translator":null,"weight":230,"page_count":null,"readership":null,"editor":"\u00c9ditions L'Harmattan","price":1900,"published_date":"2000-05-02T22:00:00.000000Z","support":"Grand format","publisher_availability":1,"stock":0,"editions":[],"url":"https:\/\/quaidesbrumes.com\/ouvrage\/9782738408860\/le-partage-de-la-verite-critiques-du-jugement-philosophique"},{"id":"9782747555593","title":"L'an 3000 - R\u00eave : Essai","description":"A la recherche de la soci\u00e9t\u00e9 juste et heureuse, la seconde moiti\u00e9 du XIX\u00e8me si\u00e8cle a multipli\u00e9 les utopies. L'an 3000 du pathologiste italien Paolo Mantegazza est, en 1887, l'une des ultimes expressions de la confiance en l'effort et dans le g\u00e9nie humain. Lue \u00e0 la lumi\u00e8re des tragiques exp\u00e9riences du XXe si\u00e8cle, cette optimiste vision de l'avenir, pour la premi\u00e8re fois traduite en fran\u00e7ais, prend pour le lecteur moderne les allures inqui\u00e9tantes d'une anti-utopie scientifique o\u00f9 sont \u00e9limin\u00e9s sans remords les \u00eatres inadapt\u00e9s et o\u00f9 la pens\u00e9e m\u00eame est soumise au dirigisme impitoyable de l'Etat.\r","authors":["Paolo Mantegazza"],"category_codes":["9000000","9080000"],"visuals":{"large":"https:\/\/images.epagine.fr\/593\/9782747555593_1_75.jpg","medium":"https:\/\/images.epagine.fr\/593\/9782747555593_1_m.jpg","thumbnail":"https:\/\/images.epagine.fr\/593\/9782747555593_1_v.jpg"},"orderable":true,"show_badge":true,"formatted_price":"16,00&nbsp;\u20ac","formatted_published_date":"1er janvier 2004","publisher_availability_label":"Sur commande","short_details":"Paolo Mantegazza \u2014 \u00c9ditions L'Harmattan","translator":null,"weight":192,"page_count":170,"readership":null,"editor":"\u00c9ditions L'Harmattan","price":1600,"published_date":"2003-12-31T23:00:00.000000Z","support":"Grand format","publisher_availability":1,"stock":0,"editions":[],"url":"https:\/\/quaidesbrumes.com\/ouvrage\/9782747555593\/lan-3000-reve-essai"},{"id":"9782738409355","title":"L'age pragmatique ou l'experimentation totale","description":null,"authors":["Jacques Poulain"],"category_codes":["9000000","9080000"],"visuals":{"large":"https:\/\/images.epagine.fr\/355\/9782738409355_1_75.jpg","medium":"https:\/\/images.epagine.fr\/355\/9782738409355_1_m.jpg","thumbnail":"https:\/\/images.epagine.fr\/355\/9782738409355_1_v.jpg"},"orderable":true,"show_badge":true,"formatted_price":"22,50&nbsp;\u20ac","formatted_published_date":"16 octobre 1991","publisher_availability_label":"Sur commande","short_details":"Jacques Poulain \u2014 \u00c9ditions L'Harmattan","translator":null,"weight":318,"page_count":null,"readership":null,"editor":"\u00c9ditions L'Harmattan","price":2250,"published_date":"1991-10-15T23:00:00.000000Z","support":"Grand format","publisher_availability":1,"stock":0,"editions":[],"url":"https:\/\/quaidesbrumes.com\/ouvrage\/9782738409355\/lage-pragmatique-ou-lexperimentation-totale"},{"id":"9782738410344","title":"Culture, cr\u00e9ativit\u00e9 et d\u00e9veloppement","description":null,"authors":["Th\u00e0nh-Kh\u00f4i Le"],"category_codes":["8000000","8010000","8010800"],"visuals":{"large":"https:\/\/images.epagine.fr\/344\/9782738410344_1_75.jpg","medium":"https:\/\/images.epagine.fr\/344\/9782738410344_1_m.jpg","thumbnail":"https:\/\/images.epagine.fr\/344\/9782738410344_1_v.jpg"},"orderable":true,"show_badge":true,"formatted_price":"21,00&nbsp;\u20ac","formatted_published_date":"3 mai 2000","publisher_availability_label":"Sur commande","short_details":"Th\u00e0nh-Kh\u00f4i Le \u2014 \u00c9ditions L'Harmattan","translator":null,"weight":274,"page_count":224,"readership":null,"editor":"\u00c9ditions L'Harmattan","price":2100,"published_date":"2000-05-02T22:00:00.000000Z","support":"Grand format","publisher_availability":1,"stock":0,"editions":[],"url":"https:\/\/quaidesbrumes.com\/ouvrage\/9782738410344\/culture-creativite-et-developpement"},{"id":"9782738410641","title":"Penser apr\u00e8s Heidegger","description":null,"authors":["Poulain J.\/Schirmach"],"category_codes":["9000000","9080000","9080200","9080204"],"visuals":{"large":"https:\/\/images.epagine.fr\/641\/9782738410641_1_75.jpg","medium":"https:\/\/images.epagine.fr\/641\/9782738410641_1_m.jpg","thumbnail":"https:\/\/images.epagine.fr\/641\/9782738410641_1_v.jpg"},"orderable":true,"show_badge":true,"formatted_price":"31,50&nbsp;\u20ac","formatted_published_date":"3 mai 2000","publisher_availability_label":"Sur commande","short_details":"Poulain J.\/Schirmach \u2014 \u00c9ditions L'Harmattan","translator":null,"weight":440,"page_count":312,"readership":null,"editor":"\u00c9ditions L'Harmattan","price":3150,"published_date":"2000-05-02T22:00:00.000000Z","support":"Grand format","publisher_availability":1,"stock":0,"editions":[],"url":"https:\/\/quaidesbrumes.com\/ouvrage\/9782738410641\/penser-apres-heidegger"},{"id":"9782738410771","title":"Futur ant\u00e9rieur Tome 5","description":"Articles : Travail immat\u00e9riel et subjectivit\u00e9 (Maurizio Lazzarato, Toni Negri), etc.\r","authors":["Collectif"],"category_codes":["9000000","9080000"],"visuals":{"large":"https:\/\/images.epagine.fr\/771\/9782738410771_1_75.jpg","medium":"https:\/\/images.epagine.fr\/771\/9782738410771_1_m.jpg","thumbnail":"https:\/\/images.epagine.fr\/771\/9782738410771_1_v.jpg"},"orderable":true,"show_badge":true,"formatted_price":"13,50&nbsp;\u20ac","formatted_published_date":"3 mai 2000","publisher_availability_label":"Sur commande","short_details":"Collectif \u2014 \u00c9ditions L'Harmattan","translator":null,"weight":213,"page_count":null,"readership":null,"editor":"\u00c9ditions L'Harmattan","price":1350,"published_date":"2000-05-02T22:00:00.000000Z","support":"Grand format","publisher_availability":1,"stock":0,"editions":["9782738409843"],"url":"https:\/\/quaidesbrumes.com\/ouvrage\/9782738410771\/futur-anterieur-tome-5"},{"id":"9782738412140","title":"Charles Fourier ou l'art des passages","description":null,"authors":["Urias Arantes"],"category_codes":["9000000","9080000","9080200","9080204"],"visuals":{"large":"https:\/\/images.epagine.fr\/140\/9782738412140_1_75.jpg","medium":"https:\/\/images.epagine.fr\/140\/9782738412140_1_m.jpg","thumbnail":"https:\/\/images.epagine.fr\/140\/9782738412140_1_v.jpg"},"orderable":true,"show_badge":true,"formatted_price":"21,00&nbsp;\u20ac","formatted_published_date":"16 octobre 1991","publisher_availability_label":"Sur commande","short_details":"Urias Arantes \u2014 \u00c9ditions L'Harmattan","translator":null,"weight":240,"page_count":null,"readership":null,"editor":"\u00c9ditions L'Harmattan","price":2100,"published_date":"1991-10-15T23:00:00.000000Z","support":"Grand format","publisher_availability":1,"stock":0,"editions":[],"url":"https:\/\/quaidesbrumes.com\/ouvrage\/9782738412140\/charles-fourier-ou-lart-des-passages"},{"id":"9782200217785","title":"Les grands courants du lib\u00e9ralisme","description":"Ce livre :\u00b7 \u00e9tablit que, au-del\u00e0 du march\u00e9 et de la tol\u00e9rance - qui n'en sont que des traductions particuli\u00e8res et partielles -, le lib\u00e9ralisme consiste avant tout en une logique de la libert\u00e9 individuelle porteuse de valeurs et principes \u00e0 dimension philosophique concernant la nature de l'homme et de l'ordre social, ainsi que le sens de l'action humaine ;\u00b7 \u00e9claire la nature \u00ab plurielle \u00bb  de la pens\u00e9e lib\u00e9rale, qui se d\u00e9cline en grandes sensibilit\u00e9s historiques, plus que jamais vivantes, ayant toutes une dimension politique et \u00e9conomique ;\u00b7 et souligne que ces grands courants se distinguent par leurs conceptions relatives au pluralisme institutionnel ou soci\u00e9tal, aux droits de l'\u00c9tat et \u00e0 l'\u00e9tat de Droit, \u00e0 l'\u00e9quilibre priv\u00e9\/public, au libre march\u00e9, \u00e0 la propri\u00e9t\u00e9 de soi et \u00e0 la responsabilit\u00e9 individuelle.Introduction :  La tradition lib\u00e9rale et ses d\u00e9clinaisons. Le lib\u00e9ralisme constitutionnel :  Droit naturel et contrat civil : Locke. Le gouvernement mod\u00e9r\u00e9 : Montesquieu. La libert\u00e9 des modernes : Constant. Pluralisme et d\u00e9mocratie : Tocqueville. L'humanisme lib\u00e9ral au XXe si\u00e8cle. L'\u00e9conomie politique du droit naturel :  Le laissez-faire selon Turgot. Le r\u00f4le de l'entrepreneur : J.-B. Say. L'harmonie des int\u00e9r\u00eats : Bastiat. Les \u00ab \u00e9conomistes \u00bb  radicaux. L'\u00e9conomie politique de l'utilit\u00e9 :  La \u00ab main invisible \u00bb  : Adam Smith. Le courant \u00ab autrichien \u00bb  : Mises, Hayek. Le lib\u00e9ralisme social :  L'utilitarisme social de J. S. Mill. La justice sociale dans la libert\u00e9. Le lib\u00e9ralisme radical :  L'individu contre l'\u00c9tat: Spencer. L'\u00c9tat minimal. La privatisation g\u00e9n\u00e9ralis\u00e9e. Conclusion : un lib\u00e9ralisme consensuel et pluriel.","authors":["Alain Laurent"],"category_codes":["9000000","9080000"],"visuals":{"large":"https:\/\/images.epagine.fr\/785\/9782200217785_1_75.jpg","medium":"https:\/\/images.epagine.fr\/785\/9782200217785_1_m.jpg","thumbnail":"https:\/\/images.epagine.fr\/785\/9782200217785_1_v.jpg"},"orderable":true,"show_badge":true,"formatted_price":"12,80&nbsp;\u20ac","formatted_published_date":"1er septembre 1998","publisher_availability_label":"Sur commande","short_details":"Alain Laurent \u2014 Armand Colin","translator":null,"weight":98,"page_count":95,"readership":null,"editor":"Armand Colin","price":1280,"published_date":"1998-08-31T22:00:00.000000Z","support":"Grand format","publisher_availability":1,"stock":0,"editions":[],"url":"https:\/\/quaidesbrumes.com\/ouvrage\/9782200217785\/les-grands-courants-du-liberalisme"}]}