{"data":[{"id":"9782743671044","title":"Ce que disent les fleurs : et autres textes sur la nature","description":"George Sand a toujours accord\u00e9 aux espaces naturels une place de choix au sein de ses oeuvres. Loin d'\u00eatre un simple d\u00e9cor, la nature est au contraire la source de m\u00e9ditations philosophiques mais aussi d'utopies politiques et \u00e9galitaires. Pour elle, la nature est un \u00ab droit \u00bb. Elle s'oppose \u00e0 sa privatisation, jugeant que la for\u00eat ne saurait faire l'objet d'une possession individuelle : les arbres appartiennent au \u00ab domaine public \u00bb. Car le spectacle d'une nature pr\u00e9serv\u00e9e, selon elle, grandit l'homme,   ses id\u00e9es et ses sentiments. Notre recueil permet d'observer la d\u00e9fense par l'\u00e9crivaine, tout au long de sa vie, d'un droit \u00e0 l'\u00e9cologie.","authors":["George Sand","K\u00e9vin Pelladeaud"],"category_codes":["9000000","9080000","9080700"],"visuals":{"large":"https:\/\/images.epagine.fr\/044\/9782743671044_1_75.jpg","medium":"https:\/\/images.epagine.fr\/044\/9782743671044_1_m.jpg","thumbnail":"https:\/\/images.epagine.fr\/044\/9782743671044_1_v.jpg"},"orderable":false,"show_badge":true,"formatted_price":"7,00&nbsp;\u20ac","formatted_published_date":"10 juin 2026","publisher_availability_label":"\u00c0 para\u00eetre","short_details":"George Sand, K\u00e9vin Pelladeaud \u2014 Rivages","translator":null,"weight":0,"page_count":176,"readership":null,"editor":"Rivages","price":700,"published_date":"2026-06-09T22:00:00.000000Z","support":"Poche","publisher_availability":2,"stock":0,"editions":[],"url":"https:\/\/quaidesbrumes.com\/ouvrage\/9782743671044\/ce-que-disent-les-fleurs-et-autres-textes-sur-la-nature"},{"id":"9782855397740","title":"\u00e9tude linguistique de Nissaya Birmans ; traduction comment\u00e9e de textes bouddhiques","description":"Ce livre est fond\u00e9 sur l'\u00e9tude du Bhikkhu-patimokkha (r\u00e8gles des moines) extrait d'un texte du bouddhisme Theravada. Cette \u00e9tude est compl\u00e9t\u00e9e par plusieurs nissaya accompagnant ce Bhikkhu-patimokkha. Le principal nissaya est du moine Munindasara, ayant v\u00e9cu pendant le r\u00e8gne de Bodawpaya (782-1819) et qui suivit l'enseignement de son ma\u00eetre, Dhammabhinanda.\r\n\r\nLes nissaya birmans sont des traductions mot \u00e0 mot des textes bouddhiques en pali et sont les premiers documents ayant servi \u00e0 l'\u00e9tude du bouddhisme en Europe. Les missionnaires catholiques et baptistes, et les colons les ont utilis\u00e9s pour apprendre le birman. Les premiers chapitres de ce livre insistent sur l'importance des nissaya en Birmanie et l'usage de ces textes par les occidentaux au 19\u00e8 si\u00e8cle. Les variantes du contenu de ces textes et l'\u00e9tude linguistique d\u00e9taill\u00e9e des traductions birmanes sont pr\u00e9sent\u00e9e ici. L'utilisation du livre est facilit\u00e9e par un glossaire pali, un glossaire birman, un tableau de l'\u00e9tude linguistique, une liste des termes grammaticaux birmans \u00e9tudi\u00e9s et une liste des termes grammaticaux birmans utilis\u00e9s pour traduire le pali. Des tables d'abr\u00e9viations et de variantes dans l'orthographe et la ponctuation r\u00e9sultent de cette \u00e9tudes.\r\n\r\nUne comparaison des trois manuscrits du texte de Munindasara, dont un tout en abr\u00e9viations, une \u00e9dition moderne de son texte, un autre nissaya manuscrit, un nissaya moderne et une traduction r\u00e9cente du Bhikkhu-patimokkha met en \u00e9vidence la structure de la langue birmane et les difficult\u00e9s de passage entre une langue indo-europ\u00e9enne et une langue tib\u00e9to-birmane. Ces textes dat\u00e9s sont un outil pr\u00e9cieux dans la recherche sur l'histoire et la structure de la langue birmane.\r","authors":["William Pruitt"],"category_codes":["9000000","9080000","9080200","9080204"],"visuals":{"large":"https:\/\/images.epagine.fr\/740\/9782855397740_1_75.jpg","medium":"https:\/\/images.epagine.fr\/740\/9782855397740_1_m.jpg","thumbnail":"https:\/\/images.epagine.fr\/740\/9782855397740_1_v.jpg"},"orderable":true,"show_badge":true,"formatted_price":"23,00&nbsp;\u20ac","formatted_published_date":"1er avril 2005","publisher_availability_label":"Sur commande","short_details":"William Pruitt \u2014 Ecole Francaise Extreme Orient","translator":null,"weight":680,"page_count":null,"readership":null,"editor":"Ecole Francaise Extreme Orient","price":2300,"published_date":"2005-03-31T22:00:00.000000Z","support":"Grand format","publisher_availability":1,"stock":0,"editions":[],"url":"https:\/\/quaidesbrumes.com\/ouvrage\/9782855397740\/etude-linguistique-de-nissaya-birmans-traduction-commentee-de-textes-bouddhiques"},{"id":"3663322136368","title":"Philosophie Magazine n\u00b0199 : A qui appartient mon temps ? - Mai 2026","description":"\u00ab Celui qui n'a pas les deux tiers de sa journ\u00e9e pour lui-m\u00eame est un esclave \u00bb, \u00e9crit Nietzsche. Si la formule fait sourire, il reste qu'aujourd'hui 58 % des Fran\u00e7ais se plaignent encore de manquer de temps. Car le progr\u00e8s technologique ne nous a pas vraiment rendu plus libres : les machines ne travaillent pas \u00e0 notre place mais nous sollicitent sans arr\u00eat. \r\nAlors, comment retrouver un temps \u00e0 soi ?","authors":["Philosophie Magazine"],"category_codes":["9000000","9080000","9080700"],"visuals":{"large":"https:\/\/images.epagine.fr\/368\/3663322136368_1_75.jpg","medium":"https:\/\/images.epagine.fr\/368\/3663322136368_1_m.jpg","thumbnail":"https:\/\/images.epagine.fr\/368\/3663322136368_1_v.jpg"},"orderable":false,"show_badge":true,"formatted_price":"6,90&nbsp;\u20ac","formatted_published_date":"30 avril 2026","publisher_availability_label":"\u00c0 para\u00eetre","short_details":"Philosophie Magazine \u2014 Philosophie magazine \u00c9diteur","translator":null,"weight":257,"page_count":100,"readership":null,"editor":"Philosophie magazine \u00c9diteur","price":690,"published_date":"2026-04-29T22:00:00.000000Z","support":"Grand format","publisher_availability":2,"stock":0,"editions":[],"url":"https:\/\/quaidesbrumes.com\/ouvrage\/3663322136368\/philosophie-magazine-n199-a-qui-appartient-mon-temps-mai-2026"},{"id":"9782366131833","title":"L'incroyable P\u00e8re No\u00ebl","description":"Que serait la magie de No\u00ebl sans le P\u00e8re No\u00ebl\u00a0? \r\nNombreux sont ceux qui se souviennent de ce temps de l'enfance avec une nostalgie gourmande\u00a0!\r\nMais pourtant, la figure du P\u00e8re No\u00ebl peut \u00eatre associ\u00e9e aussi, \u00e9trangement, \u00e0 l'exp\u00e9rience douloureuse et parfois bouleversante de la d\u00e9couverte de son inexistence... \r\nCet essai fait le pari qu'il y a l\u00e0 un \u00e9v\u00e9nement d'une port\u00e9e insoup\u00e7onn\u00e9e\u00a0qu'il s'agit de prendre enfin au s\u00e9rieux.","authors":["Thomas Bourgeois"],"category_codes":["9000000","9080000","9080300","9080303"],"visuals":{"large":"https:\/\/images.epagine.fr\/833\/9782366131833_1_75.jpg","medium":"https:\/\/images.epagine.fr\/833\/9782366131833_1_m.jpg","thumbnail":"https:\/\/images.epagine.fr\/833\/9782366131833_1_v.jpg"},"orderable":false,"show_badge":true,"formatted_price":"10,00&nbsp;\u20ac","formatted_published_date":"8 octobre 2026","publisher_availability_label":"\u00c0 para\u00eetre","short_details":"Thomas Bourgeois \u2014 Peuple Libre","translator":null,"weight":0,"page_count":78,"readership":null,"editor":"Peuple Libre","price":1000,"published_date":"2026-10-07T22:00:00.000000Z","support":"Poche","publisher_availability":2,"stock":0,"editions":[],"url":"https:\/\/quaidesbrumes.com\/ouvrage\/9782366131833\/lincroyable-pere-noel"},{"id":"9782329489254","title":"Apologie des bestes ou leurs connaissance et raisonnement prouv\u00e9s contre le syst\u00e8me des philosophes : cart\u00e9siens, qui pr\u00e9tendent que les brutes ne sont que des machines automates","description":"Apologie des bestes, ou leurs connaissance et raisonnement prouv\u00e9s contre le syst\u00e8me des philosophes cart\u00e9siens, qui pr\u00e9tendent que les brutes ne sont que des machines automates . Ouvrage en vers. Par monsieur Morfouace de Beaumont\r\nDate de l'\u00e9dition originale : 1732\r\nLe pr\u00e9sent ouvrage s'inscrit dans une politique de conservation patrimoniale des ouvrages de la litt\u00e9rature Fran\u00e7aise mise en place avec la BNF. \r\nHACHETTE LIVRE et la BNF proposent ainsi un catalogue de titres indisponibles, la BNF ayant num\u00e9ris\u00e9 ces oeuvres et HACHETTE LIVRE les imprimant \u00e0 la demande. \r\nCertains de ces ouvrages refl\u00e8tent des courants de pens\u00e9e caract\u00e9ristiques de leur \u00e9poque, mais qui seraient aujourd'hui jug\u00e9s condamnables. \r\nIls n'en appartiennent pas moins \u00e0 l'histoire des id\u00e9es en France et sont susceptibles de pr\u00e9senter un int\u00e9r\u00eat scientifique ou historique. \r\nLe sens de notre d\u00e9marche \u00e9ditoriale consiste ainsi \u00e0 permettre l'acc\u00e8s \u00e0 ces oeuvres sans pour autant que nous en cautionnions en aucune fa\u00e7on le contenu. \r\nPour plus d'informations, rendez-vous sur www.hachettebnf.fr","authors":["Gilles Morfouace De Beaumont"],"category_codes":["9000000","9080000","9080600"],"visuals":{"large":"https:\/\/quaidesbrumes.com\/img\/book-placeholder.png","medium":"https:\/\/quaidesbrumes.com\/img\/book-placeholder.png","thumbnail":"https:\/\/quaidesbrumes.com\/img\/book-placeholder.png"},"orderable":true,"show_badge":true,"formatted_price":"20,50&nbsp;\u20ac","formatted_published_date":"1er octobre 2020","publisher_availability_label":"Sur commande","short_details":"Gilles Morfouace De Beaumont \u2014 Hachette BNF","translator":null,"weight":327,"page_count":242,"readership":null,"editor":"Hachette BNF","price":2050,"published_date":"2020-09-30T22:00:00.000000Z","support":"Grand format","publisher_availability":1,"stock":0,"editions":[],"url":"https:\/\/quaidesbrumes.com\/ouvrage\/9782329489254\/apologie-des-bestes-ou-leurs-connaissance-et-raisonnement-prouves-contre-le-systeme-des-philosophes-cartesiens-qui-pretendent-que-les-brutes-ne-sont-que-des-machines-automates"},{"id":"9782747582438","title":"Lire Matisse : La pens\u00e9e des moyens","description":"La peinture est une op\u00e9ration de passage. Elle assure la circulation des affects, le passage de l'affect \u00e0 l'affect. De cette circulation, le texte matissien occulte les traces, ne laissant affleurer que celles, abruptes, d'un mouvement. Une fois pos\u00e9e la n\u00e9cessit\u00e9 du passage, s'impose celle d'une proc\u00e9dure qui permettra au peintre d'en baliser le parcours, d'en r\u00e9gulariser le cours, de tirer part d'un proc\u00e8s qui, de par sa nature m\u00eame, \u00e9ludera toujours celui qui en est \u00e0 la fois le si\u00e8ge et l'agent.\r","authors":["Dominique L\u00e9vy-eisenberg"],"category_codes":["6000000","6050000"],"visuals":{"large":"https:\/\/images.epagine.fr\/438\/9782747582438_1_75.jpg","medium":"https:\/\/images.epagine.fr\/438\/9782747582438_1_m.jpg","thumbnail":"https:\/\/images.epagine.fr\/438\/9782747582438_1_v.jpg"},"orderable":true,"show_badge":true,"formatted_price":"26,50&nbsp;\u20ac","formatted_published_date":"2 avril 2005","publisher_availability_label":"Sur commande","short_details":"Dominique L\u00e9vy-eisenberg \u2014 \u00c9ditions L'Harmattan","translator":null,"weight":380,"page_count":304,"readership":null,"editor":"\u00c9ditions L'Harmattan","price":2650,"published_date":"2005-04-01T22:00:00.000000Z","support":"Grand format","publisher_availability":1,"stock":0,"editions":[],"url":"https:\/\/quaidesbrumes.com\/ouvrage\/9782747582438\/lire-matisse-la-pensee-des-moyens"},{"id":"9782226463784","title":"L'Anarchie des valeurs : Le relativisme est-il fatal?","description":"\"Crise\" des valeurs, \"perte\" des valeurs,\"retour\"de la morale. Sommes-nous irr\u00e9m\u00e9diablement livr\u00e9s au relativisme moral, au repli communautaire dans une soci\u00e9t\u00e9 \u00e9clat\u00e9e, \u00e0 la fin de l'universel, ou bien, pour \u00e9viter le pire, doit-on pr\u00eater l'oreille aux appels \u00e0 une restauration autoritaire de l'ordre ?\r\n    Examinant la pertinence du concept de valeur et son apparition dans l'histoire de la philosophie, notamment au prix d'un certain effacement de l'id\u00e9e ancienne du Bien, mesurant les chances qu'offre cette notion moderne et ses limites dans un monde o\u00f9 chaque communaut\u00e9 revendique la particularit\u00e9 de sa culture, Paul Valadier, j\u00e9suite, professeur de philosophie morale \u00e0 Paris (centre S\u00e8vres) et \u00e0 Lyon (Universit\u00e9 catholique), apporte une importante contribution au d\u00e9bat qui agite notre temps. Evoquer les valeurs dans la r\u00e9flexion morale, c'est souligner l'engagement d'une libert\u00e9, mais aussi courir le risque de laisser penser \u00e0 la toute-puissance d'un individu atomis\u00e9 et source unique de la vie \u00e9thique.\r\n    S'il n'est gu\u00e8re possible de se passer du concept de valeur pour penser la d\u00e9cision morale, Paul Valadier ne se prive pas pour autant d'en faire une analyse critique. Bien comprise, la morale des valeurs porte en elle la r\u00e9conciliation par le haut de la morale du Bien et de celle marqu\u00e9e par le d\u00e9sir.","authors":["Paul Valadier"],"category_codes":["9000000","9080000","9080700"],"visuals":{"large":"https:\/\/images.epagine.fr\/784\/9782226463784_1_75.jpg","medium":"https:\/\/images.epagine.fr\/784\/9782226463784_1_m.jpg","thumbnail":"https:\/\/images.epagine.fr\/784\/9782226463784_1_v.jpg"},"orderable":true,"show_badge":true,"formatted_price":"18,80&nbsp;\u20ac","formatted_published_date":"20 avril 2021","publisher_availability_label":"Sur commande","short_details":"Paul Valadier \u2014 Albin Michel","translator":null,"weight":275,"page_count":224,"readership":null,"editor":"Albin Michel","price":1880,"published_date":"2021-04-19T22:00:00.000000Z","support":"Grand format","publisher_availability":1,"stock":0,"editions":[],"url":"https:\/\/quaidesbrumes.com\/ouvrage\/9782226463784\/lanarchie-des-valeurs-le-relativisme-est-il-fatal"},{"id":"9782700701821","title":"Enigmes et controverses - de quelques problemes en theorie de la connaissance","description":null,"authors":["Largeault Jean"],"category_codes":["9000000","9080000"],"visuals":{"large":"https:\/\/images.epagine.fr\/821\/9782700701821_1_75.jpg","medium":"https:\/\/images.epagine.fr\/821\/9782700701821_1_m.jpg","thumbnail":"https:\/\/images.epagine.fr\/821\/9782700701821_1_v.jpg"},"orderable":true,"show_badge":true,"formatted_price":"12,40&nbsp;\u20ac","formatted_published_date":"8 janvier 1992","publisher_availability_label":"Sur commande","short_details":"Largeault Jean \u2014 AUBIER","translator":null,"weight":225,"page_count":186,"readership":null,"editor":"AUBIER","price":1240,"published_date":"1992-01-07T23:00:00.000000Z","support":"Grand format","publisher_availability":1,"stock":0,"editions":[],"url":"https:\/\/quaidesbrumes.com\/ouvrage\/9782700701821\/enigmes-et-controverses-de-quelques-problemes-en-theorie-de-la-connaissance"},{"id":"9782905357137","title":"Court trait\u00e9 du fragment","description":"\u00c0 la fois partie et tout, ferm\u00e9e sur elle-m\u00eame \u00ab\u00a0comme un h\u00e9risson\u00a0\u00bb et partag\u00e9e, l'oeuvre d'art semble pouvoir \u00eatre appr\u00e9hend\u00e9e sur le mode du fragmentaire. Fragmentaire dont la logique singuli\u00e8re gouverne nos actions quotidiennes.\r\nRompant alors avec la situation traditionnelle de l'oeuvre d'art, le fragment m\u00e8ne \u00e0 une pens\u00e9e de l'oeuvre comme usage\u00a0: l'artiste comme le spectateur sont soumis tous deux aux occasions, al\u00e9as et rumeurs, \u00e0 l'analogie et aux ruptures du sens, au d\u00e9faut de l'explication, en un mot \u00e0 l'ordinaire de la communication.\r\nEn ramenant l'oeuvre d'art \u00e0 une logique du fragment, Anne Cauquelin dessine ici un nouvel espace esth\u00e9tique.\r\nInitialement publi\u00e9 en 1986, introuvable depuis plusieurs ann\u00e9es, Court trait\u00e9 du fragment a marqu\u00e9 la philosophie de l'art en France. Sa r\u00e9\u00e9dition au sein de la collection \u00ab\u00a0Strette\u00a0\u00bb signale l'importance de l'oeuvre d'Anne Cauquelin pour les \u00e9ditions Chemin de ronde, qui proposeront bient\u00f4t plusieurs de ses titres anciens, et des in\u00e9dits.","authors":["Anne Cauquelin"],"category_codes":["6000000","6010000","6010400"],"visuals":{"large":"https:\/\/images.epagine.fr\/137\/9782905357137_1_75.jpg","medium":"https:\/\/images.epagine.fr\/137\/9782905357137_1_m.jpg","thumbnail":"https:\/\/images.epagine.fr\/137\/9782905357137_1_v.jpg"},"orderable":false,"show_badge":true,"formatted_price":"18,00&nbsp;\u20ac","formatted_published_date":null,"publisher_availability_label":"\u00c0 para\u00eetre","short_details":"Anne Cauquelin \u2014 Chemin De Ronde","translator":null,"weight":0,"page_count":192,"readership":null,"editor":"Chemin De Ronde","price":1800,"published_date":null,"support":"Grand format","publisher_availability":2,"stock":0,"editions":[],"url":"https:\/\/quaidesbrumes.com\/ouvrage\/9782905357137\/court-traite-du-fragment"},{"id":"9782234049994","title":"Voyage au centre du cerveau","description":"Voyage au centre du cerveau1300 grammes et des poussi\u00e8res de neurones, de mati\u00e8re grise pliss\u00e9e : le cerveau cache bien sa complexit\u00e9. Il fallait entreprendre un reportage intime pour d\u00e9couvrir cette \"terre inconnue\" de la connaissance. R\u00e9sum\u00e9 du monde, bo\u00eete \u00e0 images, carrousel des \u00e9motions et des souvenirs, le cortex a lib\u00e9r\u00e9 l'esp\u00e8ce humaine de sa condition animale. Si l'homme est un roseau pensant, s'il \u00e9prouve l'\u00e9tranget\u00e9 de son destin, s'il a conscience d'\u00eatre, il le doit \u00e0 son cerveau parcouru de fluides et de courants \u00e9lectriques.Gr\u00e2ce \u00e0 l'imagerie moderne par r\u00e9sonance magn\u00e9tique, il est possible d'observer \"l'organe de la civilisation\" au travail, parlant, calculant, retrouvant des fragments du pass\u00e9 ou formant des hypoth\u00e8ses pour l'avenir. Une surprenante cartographie se dessine, qui m\u00eale les affects \u00e0 l'intellect : un d\u00e9ficit d'\u00e9motions alt\u00e8re gravement la facult\u00e9 de raisonner ; la m\u00e9moire doit \u00eatre \"\u00e9mue\" pour conserver un souvenir. Le cortex a besoin d'\u00eatre stimul\u00e9 d\u00e8s la naissance, comme en t\u00e9moignant, a contrario, la trag\u00e9die des enfants sauvages incapables de langage, ou le regard \"idiot\" des aveugles-n\u00e9s qui intrigua tant Diderot.Ce voyage extraordinaire est une le\u00e7on de philosophie et de libert\u00e9 : l'homme construit lui-m\u00eame son cerveau sur les bases d'un programme g\u00e9n\u00e9ral que l'exp\u00e9rience vient infl\u00e9chir pour y apposer le sceau d'une destin\u00e9e aussi personnelle que des empreintes digitales. La machine c\u00e9r\u00e9brale ins\u00e8re de l'histoire, l'histoire du moi, dans l'histoire du monde.Eric Fottorino, trente-sept ans, est r\u00e9dacteur en chef adjoint au journal Le Monde. Il est l'auteur de plusieurs essais et de trois romans, Rochelle (Fayard), Les Eph\u00e9m\u00e8res (Stock) et Coeur d'Afrique (Stock).","authors":["Eric Fottorino"],"category_codes":["9000000","9080000","9080200","9080204"],"visuals":{"large":"https:\/\/images.epagine.fr\/994\/9782234049994_1_75.jpg","medium":"https:\/\/images.epagine.fr\/994\/9782234049994_1_m.jpg","thumbnail":"https:\/\/images.epagine.fr\/994\/9782234049994_1_v.jpg"},"orderable":true,"show_badge":true,"formatted_price":"20,50&nbsp;\u20ac","formatted_published_date":"3 juin 1998","publisher_availability_label":"Sur commande","short_details":"Eric Fottorino \u2014 Stock","translator":null,"weight":303,"page_count":216,"readership":null,"editor":"Stock","price":2050,"published_date":"1998-06-02T22:00:00.000000Z","support":"Grand format","publisher_availability":1,"stock":0,"editions":[],"url":"https:\/\/quaidesbrumes.com\/ouvrage\/9782234049994\/voyage-au-centre-du-cerveau"},{"id":"9782296077225","title":"La philosophie fran\u00e7aise entre les deux guerres","description":"Louis Lavelle (1883-1951) pr\u00e9sente la philosophie fran\u00e7aise dans les vingt ann\u00e9es qui s\u00e9parent les deux guerres mondiales du XXe si\u00e8cle. Si Bergson et Blondel constituent les deux figures marquantes de cette \u00e9poque, l'origine de cette brillante p\u00e9riode est dans la pens\u00e9e de Descartes, dans les \u00e9tudes cart\u00e9siennes sur la libert\u00e9, l'esprit fran\u00e7ais et la qu\u00eate rationnelle de la sagesse. Si la philosophie chr\u00e9tienne est pr\u00e9sente dans les ann\u00e9es 30, de nouveaux courants \u00e9mergent.\r","authors":["Louis Lavelle"],"category_codes":["9000000","9080000","9080200","9080204"],"visuals":{"large":"https:\/\/images.epagine.fr\/225\/9782296077225_1_75.jpg","medium":"https:\/\/images.epagine.fr\/225\/9782296077225_1_m.jpg","thumbnail":"https:\/\/images.epagine.fr\/225\/9782296077225_1_v.jpg"},"orderable":true,"show_badge":true,"formatted_price":"30,00&nbsp;\u20ac","formatted_published_date":"19 f\u00e9vrier 2009","publisher_availability_label":"Sur commande","short_details":"Louis Lavelle \u2014 \u00c9ditions L'Harmattan","translator":null,"weight":375,"page_count":284,"readership":null,"editor":"\u00c9ditions L'Harmattan","price":3000,"published_date":"2009-02-18T23:00:00.000000Z","support":"Grand format","publisher_availability":1,"stock":0,"editions":[],"url":"https:\/\/quaidesbrumes.com\/ouvrage\/9782296077225\/la-philosophie-francaise-entre-les-deux-guerres"},{"id":"9782700736601","title":"Les corps artificiels - peurs et responsabilites","description":null,"authors":["Marcuzzi Max"],"category_codes":["9000000","9080000"],"visuals":{"large":"https:\/\/quaidesbrumes.com\/img\/book-placeholder.png","medium":"https:\/\/quaidesbrumes.com\/img\/book-placeholder.png","thumbnail":"https:\/\/quaidesbrumes.com\/img\/book-placeholder.png"},"orderable":true,"show_badge":true,"formatted_price":"15,30&nbsp;\u20ac","formatted_published_date":"1er novembre 1998","publisher_availability_label":"Sur commande","short_details":"Marcuzzi Max \u2014 AUBIER","translator":null,"weight":245,"page_count":null,"readership":null,"editor":"AUBIER","price":1530,"published_date":"1998-10-31T23:00:00.000000Z","support":"Grand format","publisher_availability":1,"stock":0,"editions":[],"url":"https:\/\/quaidesbrumes.com\/ouvrage\/9782700736601\/les-corps-artificiels-peurs-et-responsabilites"},{"id":"9782845197596","title":"Petite somme th\u00e9ologique de Saint Thomas d'Aquin, \u00e0 l'usage des eccl\u00e9siastiques et de gens de monde Tome 1","description":"C'est avec la m\u00eame confiance que nous offrons notre petite Somme \u00e0 ceux qui poss\u00e8dent la grande Somme et \u00e0 ceux qui ne la poss\u00e8dent pas, \u00e0 ceux qui l'ont \u00e9tudi\u00e9e et \u00e0 ceux qui ne la connaissent pas. Nous l'offrons aux uns comme une introduction, aux autres comme un r\u00e9sum\u00e9, \u00e0 tous comme un pr\u00e9cis fid\u00e8le du plus beau chef-d'oeuvre th\u00e9ologique qui soit au monde.\r","authors":["Frederic Lebrethon"],"category_codes":["9000000","9080000"],"visuals":{"large":"https:\/\/images.epagine.fr\/596\/9782845197596_1_75.jpg","medium":"https:\/\/images.epagine.fr\/596\/9782845197596_1_m.jpg","thumbnail":"https:\/\/images.epagine.fr\/596\/9782845197596_1_v.jpg"},"orderable":true,"show_badge":true,"formatted_price":"150,00&nbsp;\u20ac","formatted_published_date":"8 juin 2015","publisher_availability_label":"Sur commande","short_details":"Frederic Lebrethon \u2014 Saint-Remi","translator":null,"weight":4,"page_count":2567,"readership":null,"editor":"Saint-Remi","price":15000,"published_date":"2015-06-07T22:00:00.000000Z","support":"Grand format","publisher_availability":1,"stock":0,"editions":[],"url":"https:\/\/quaidesbrumes.com\/ouvrage\/9782845197596\/petite-somme-theologique-de-saint-thomas-daquin-a-lusage-des-ecclesiastiques-et-de-gens-de-monde-tome-1"},{"id":"9782701010298","title":"BAP n\u00b034 - L'h\u00e9ritage de Kant","description":null,"authors":["Regnier Melanges"],"category_codes":["9000000","9080000"],"visuals":{"large":"https:\/\/images.epagine.fr\/298\/9782701010298_1_75.jpg","medium":"https:\/\/images.epagine.fr\/298\/9782701010298_1_m.jpg","thumbnail":"https:\/\/images.epagine.fr\/298\/9782701010298_1_v.jpg"},"orderable":true,"show_badge":true,"formatted_price":"34,00&nbsp;\u20ac","formatted_published_date":"1er avril 1982","publisher_availability_label":"Sur commande","short_details":"Regnier Melanges \u2014 Beauchesne","translator":null,"weight":552,"page_count":512,"readership":null,"editor":"Beauchesne","price":3400,"published_date":"1982-03-31T22:00:00.000000Z","support":"Grand format","publisher_availability":1,"stock":0,"editions":[],"url":"https:\/\/quaidesbrumes.com\/ouvrage\/9782701010298\/bap-n34-lheritage-de-kant"},{"id":"9782701013244","title":"BAP n\u00b059 - Visages de Wittgenstein","description":"M\u00eame si la personnalit\u00e9 hors du commun et le trajet tourment\u00e9 de son auteur ne lui ajoutaient pas une sorte d'aura romantique, l'oeuvre de Wittgenstein appara\u00eetrait d\u00e9j\u00e0 incontestablement, par la diversit\u00e9 des th\u00e8mes qu'elle aborde. l'originalit\u00e9 de la fa\u00e7on dont elle les traite, et l'exigence de radicalit\u00e9 qui est en son coeur, comme l'une des oeuvres philosophiques majeures du XXe si\u00e8cle : l'une de celles dans lesquelles notre \u00e9poque reconna\u00eet le mieux ses aspirations et ses incertitudes. Le fait qu'elle soit de son propre aveu en lutte permanente contre le langage, s'effor\u00e7ant d'exprimer ou de sugg\u00e9rer ce qui ne peut que difficilement \u00eatre dit, lui conf\u00e8re cependant une sorte de myst\u00e8re, qui semble exiger l'\u00e9lucidation par le commentaire critique. Les diff\u00e9rents textes r\u00e9unis dans ce volume - issu d'un colloque de Cerisy, et compl\u00e9t\u00e9 par les contributions d'un certain nombre de sp\u00e9cialistes actuels - visent pr\u00e9cis\u00e9ment \u00e0 jeter sur la pens\u00e9e d\u00e9routante et fascinante de l'auteur du Tractatus et des Investigations philosophiques, un surcro\u00eet de lumi\u00e8re: \u00e0 en \u00e9clairer les diff\u00e9rents visages - m\u00e9taphysiques et th\u00e9ologiques, logiques, psychologiques, esth\u00e9tiques -, et \u00e0 en d\u00e9gager la port\u00e9e philosophique actuelle.\r","authors":["Bouveresse-Quillot R"],"category_codes":["9000000","9080000"],"visuals":{"large":"https:\/\/images.epagine.fr\/244\/9782701013244_1_75.jpg","medium":"https:\/\/images.epagine.fr\/244\/9782701013244_1_m.jpg","thumbnail":"https:\/\/images.epagine.fr\/244\/9782701013244_1_v.jpg"},"orderable":true,"show_badge":true,"formatted_price":"34,00&nbsp;\u20ac","formatted_published_date":"1er avril 1995","publisher_availability_label":"Sur commande","short_details":"Bouveresse-Quillot R \u2014 Beauchesne","translator":null,"weight":504,"page_count":400,"readership":null,"editor":"Beauchesne","price":3400,"published_date":"1995-03-31T22:00:00.000000Z","support":"Grand format","publisher_availability":1,"stock":0,"editions":[],"url":"https:\/\/quaidesbrumes.com\/ouvrage\/9782701013244\/bap-n59-visages-de-wittgenstein"},{"id":"9782844543646","title":"Unit\u00e9 du monde, unit\u00e9 de l'\u00eatre","description":"Y a-t-il une unit\u00e9 de l'homme, du monde, de l'\u00eatre en tant que tel ? Et si oui, y a-t-il une unit\u00e9 de ces diff\u00e9rentes unit\u00e9s, y a-t-il vraiment de l'Un qui transcende la multiplicit\u00e9 des \u00e9tants ? Cette question, pos\u00e9e par Platon, qui innerve la pens\u00e9e de ses successeurs aussi divers que Plotin, le Pseudo-Denys, Scot Erig\u00e8ne, Ma\u00eetre Eckhart, Marsile Ficin, pose le probl\u00e8me du pouvoir de la Raison \u00e0 exprimer son origine, c'est-\u00e0-dire, en fin de compte, \u00e0 exc\u00e9der ses limites, alors m\u00eame que ces limites ont \u00e9t\u00e9 reconnues par une d\u00e9marche rationnelle et par une investigation sans r\u00e9serve de toutes les connaissances. Cette \u00e9ternelle question sur le Principe initial, la source unique de toutes les manifestations, Michel Cazenave la repose aujourd'hui aux meilleurs physiciens et m\u00e9taphysiciens contemporains.","authors":["Michel Cazenave"],"category_codes":["9000000","9080000"],"visuals":{"large":"https:\/\/images.epagine.fr\/646\/9782844543646_1_75.jpg","medium":"https:\/\/images.epagine.fr\/646\/9782844543646_1_m.jpg","thumbnail":"https:\/\/images.epagine.fr\/646\/9782844543646_1_v.jpg"},"orderable":true,"show_badge":true,"formatted_price":"19,27&nbsp;\u20ac","formatted_published_date":"2 mai 2005","publisher_availability_label":"Sur commande","short_details":"Michel Cazenave \u2014 Dervy Almora","translator":null,"weight":420,"page_count":315,"readership":null,"editor":"Dervy Almora","price":1927,"published_date":"2005-05-01T22:00:00.000000Z","support":"Grand format","publisher_availability":1,"stock":0,"editions":[],"url":"https:\/\/quaidesbrumes.com\/ouvrage\/9782844543646\/unite-du-monde-unite-de-letre"},{"id":"9782747584562","title":"L'inisme : Etre \u00e0 l'avant-garde aujourd'hui","description":"Ce volume est publi\u00e9 \u00e0 l'occasion du XXV\u00b0 anniversaire de l'Inisme, mouvement fond\u00e9 \u00e0 Paris le 3 janvier 1980 au Caf\u00e9 de Flore. L'Inisme propose une esth\u00e9tique nouvelle dans tous les domaines de la cr\u00e9ation visuelle, \u00e9crite et sonore. L'emploi de nouvelles \u00e9critures calligraphiques, alphab\u00e9tiques, phon\u00e9tiques et symboliques assume la valeur de cr\u00e9ation et non d'imitation, de connaissance et non de r\u00e9alit\u00e9 que l'on peut photographier. Ces signes, appel\u00e9s \"inies\", veulent \u00eatre une orchestration de sentiments et de pens\u00e9es, la vision multiple et globale que nous offre la vie.\r","authors":["Francois Proia"],"category_codes":["6000000","6010000"],"visuals":{"large":"https:\/\/images.epagine.fr\/562\/9782747584562_1_75.jpg","medium":"https:\/\/images.epagine.fr\/562\/9782747584562_1_m.jpg","thumbnail":"https:\/\/images.epagine.fr\/562\/9782747584562_1_v.jpg"},"orderable":true,"show_badge":true,"formatted_price":"22,50&nbsp;\u20ac","formatted_published_date":"2 mai 2005","publisher_availability_label":"Sur commande","short_details":"Francois Proia \u2014 \u00c9ditions L'Harmattan","translator":null,"weight":260,"page_count":240,"readership":null,"editor":"\u00c9ditions L'Harmattan","price":2250,"published_date":"2005-05-01T22:00:00.000000Z","support":"Grand format","publisher_availability":1,"stock":0,"editions":[],"url":"https:\/\/quaidesbrumes.com\/ouvrage\/9782747584562\/linisme-etre-a-lavant-garde-aujourdhui"},{"id":"9782738104618","title":"Transmettre","description":"Il n'y a pas de culture sans transmission, l'incessant transfert d'un pass\u00e9 vers un avenir. Mais il n'y a pas de transmission qui ne soit une constitution d'h\u00e9ritage, aux conditions fix\u00e9es par les moyens de transmission, o\u00f9 se rangent vecteurs techniques et corps politiques. Transmettre s'attache \u00e0 rendre compte de ce processus complexe, parce qu'\u00e0 la fois mat\u00e9riel et institutionnel, dont il n'est pas exag\u00e9r\u00e9 de dire qu'il est au principe de toute histoire civilis\u00e9e. Cet ouvrage inaugure une collection intitul\u00e9e Le champ m\u00e9diologique, soit la zone cruciale, encore obscure, que dessinent dans notre savoir les intersections et interactions entre Technique et Culture. M\u00e9diologie : sous ce terme nouveau, voudrait s'op\u00e9rer la mise au clair des m\u00e9diations, parfois sous-estim\u00e9es, parfois inaper\u00e7ues, dont d\u00e9pend notre vie religieuse, artistique, id\u00e9ologique ou politique. \u00bb R\u00e9gis Debray.\r","authors":["R\u00e9gis Debray"],"category_codes":["9000000","9080000","9080200","9080204"],"visuals":{"large":"https:\/\/images.epagine.fr\/618\/9782738104618_1_75.jpg","medium":"https:\/\/images.epagine.fr\/618\/9782738104618_1_m.jpg","thumbnail":"https:\/\/images.epagine.fr\/618\/9782738104618_1_v.jpg"},"orderable":true,"show_badge":true,"formatted_price":"23,90&nbsp;\u20ac","formatted_published_date":"25 f\u00e9vrier 1997","publisher_availability_label":"Sur commande","short_details":"R\u00e9gis Debray \u2014 \u00c9ditions Odile Jacob","translator":null,"weight":280,"page_count":208,"readership":null,"editor":"\u00c9ditions Odile Jacob","price":2390,"published_date":"1997-02-24T23:00:00.000000Z","support":"Grand format","publisher_availability":1,"stock":0,"editions":[],"url":"https:\/\/quaidesbrumes.com\/ouvrage\/9782738104618\/transmettre"},{"id":"9782372340267","title":"Esprit n.438 : g\u00e9n\u00e9rations","description":"Un dossier coordonn\u00e9 par le philosophe et anthropologue Marcel H\u00e9naff, qui \u00e9tudie les mutations des liens entre les g\u00e9n\u00e9rations \u00e0 notre \u00e9poque. Les soci\u00e9t\u00e9s traditionnelles les r\u00e9gulaient par l'institution de rites de passage, et par des processus de dons et contre-dons interg\u00e9n\u00e9rationnels, inscrits dans un temps cyclique. Mais l'absorption croissante du social par l'\u00e9conomique, dans le cadre d'une temporalit\u00e9 lin\u00e9aire, provoque une d\u00e9symbolisation acc\u00e9l\u00e9r\u00e9e du statut des tranches d'\u00e2ge, ne laissant plus subsister entre les hommes qu'une diff\u00e9rence structurante : productifs \/ non-productifs. Avec des textes de Marcel H\u00e9naff, Julien Cl\u00e9ment, Fr\u00e9d\u00e9ric Lalou\u00e9, Cecilia Suzzoni.\r","authors":["Revue esprit"],"category_codes":["9000000","9080000","9080200","9080204"],"visuals":{"large":"https:\/\/images.epagine.fr\/267\/9782372340267_1_75.jpg","medium":"https:\/\/images.epagine.fr\/267\/9782372340267_1_m.jpg","thumbnail":"https:\/\/images.epagine.fr\/267\/9782372340267_1_v.jpg"},"orderable":true,"show_badge":true,"formatted_price":"20,00&nbsp;\u20ac","formatted_published_date":"12 octobre 2017","publisher_availability_label":"Sur commande","short_details":"Revue esprit \u2014 Revue Esprit","translator":null,"weight":298,"page_count":192,"readership":null,"editor":"Revue Esprit","price":2000,"published_date":"2017-10-11T22:00:00.000000Z","support":"Revue","publisher_availability":1,"stock":0,"editions":[],"url":"https:\/\/quaidesbrumes.com\/ouvrage\/9782372340267\/esprit-n438-generations"},{"id":"9782908606409","title":"Construction d'un ch\u00e2teau ; comment faire de sa vie une oeuvre","description":"Qu'est-ce que \" soi \" ? qu'est-ce qu'\u00eatre \" ? qu'est-ce \" qu'\u00eatre soi \" et comment construire soi-m\u00eame \" la demeure de l'etre \" ? a travers la construction d'un ch\u00e2teau, comme m\u00e9taphore de la construction de soi, c'est une \u00e9thique de la joie d'\u00eatre qui nous est propos\u00e9e, permettant d'acc\u00e9der au bonheur de vivre pleinement, librement, ici et maintenant.\r\n Ce qui se construit ici, dans l'expression de l'imaginaire et la prolif\u00e9ration baroque de la m\u00e9taphore du ch\u00e2teau, c'est une \" th\u00e9orie de l'all\u00e9gresse \", une discr\u00e8te et subtile invitation \u00e0 un itin\u00e9raire du bonheur d'\u00eatre, en se \" construisant \" en permanence et en tentant de faire de sa vie \" une oeuvre \".  en revenant \u00e0 ce qu'il a de plus intime et singulier en lui, robert misrahi met en oeuvre et approfondit sa philosophie du bonheur.\r\n Dans ce d\u00e9ploiement conceptuel et po\u00e9tique qu'est construction d'un ch\u00e2teau, il offre \u00e0 tous un v\u00e9ritable trait\u00e9 du bonheur, permettant \u00e0 chacun de s'inspirer de l'itin\u00e9raire propos\u00e9 pour inventer son propre chemin.\r","authors":["Robert Misrahi"],"category_codes":["9000000","9080000","9080200","9080204"],"visuals":{"large":"https:\/\/images.epagine.fr\/409\/9782908606409_1_75.jpg","medium":"https:\/\/images.epagine.fr\/409\/9782908606409_1_m.jpg","thumbnail":"https:\/\/images.epagine.fr\/409\/9782908606409_1_v.jpg"},"orderable":true,"show_badge":true,"formatted_price":"14,00&nbsp;\u20ac","formatted_published_date":"31 ao\u00fbt 2006","publisher_availability_label":"Sur commande","short_details":"Robert Misrahi \u2014 Medicis Entrelacs","translator":null,"weight":332,"page_count":170,"readership":null,"editor":"Medicis Entrelacs","price":1400,"published_date":"2006-08-30T22:00:00.000000Z","support":"Grand format","publisher_availability":1,"stock":0,"editions":[],"url":"https:\/\/quaidesbrumes.com\/ouvrage\/9782908606409\/construction-dun-chateau-comment-faire-de-sa-vie-une-oeuvre"},{"id":"9782013375528","title":"Destinee de l'homme","description":"Destin\u00e9e de l'homme \/ par M. l'abb\u00e9 C. Piat,... http:\/\/gallica.bnf.fr\/ark:\/12148\/bpt6k5524821x\r","authors":["Piat Clodius"],"category_codes":["9000000","9080000"],"visuals":{"large":"https:\/\/images.epagine.fr\/528\/9782013375528_1_75.jpg","medium":"https:\/\/images.epagine.fr\/528\/9782013375528_1_m.jpg","thumbnail":"https:\/\/images.epagine.fr\/528\/9782013375528_1_v.jpg"},"orderable":true,"show_badge":true,"formatted_price":"22,00&nbsp;\u20ac","formatted_published_date":"1er septembre 2013","publisher_availability_label":"Sur commande","short_details":"Piat Clodius \u2014 Hachette BNF","translator":null,"weight":406,"page_count":null,"readership":null,"editor":"Hachette BNF","price":2200,"published_date":"2013-08-31T22:00:00.000000Z","support":"Grand format","publisher_availability":1,"stock":0,"editions":[],"url":"https:\/\/quaidesbrumes.com\/ouvrage\/9782013375528\/destinee-de-lhomme"},{"id":"9782296122093","title":"Post ph\u00e9nomenologie in limine \/ post fenomenologia in limine","description":"Proposant une relecture des traditions de pens\u00e9e avec leur style, les auteurs vont au-del\u00e0 d'un simple travail d'arch\u00e9ologie intellectuelle. L'ouvrage n'exprime pas l'appartenance \u00e0 des auteurs provenant de quelques \u00e9coles philosophiques, mais vient de diff\u00e9rentes exp\u00e9riences de recherche et de formation assurant la tenue de tr\u00e8s riches horizons. (Textes en fran\u00e7ais et en italien).\r","authors":["Francesca Dell'orto","Glauco Tiengo","Moreno Valisone"],"category_codes":["9000000","9080000","9080200","9080204"],"visuals":{"large":"https:\/\/images.epagine.fr\/093\/9782296122093_1_75.jpg","medium":"https:\/\/images.epagine.fr\/093\/9782296122093_1_m.jpg","thumbnail":"https:\/\/images.epagine.fr\/093\/9782296122093_1_v.jpg"},"orderable":true,"show_badge":true,"formatted_price":"35,50&nbsp;\u20ac","formatted_published_date":"25 juin 2010","publisher_availability_label":"Sur commande","short_details":"Francesca Dell'orto, Glauco Tiengo, Moreno Valisone \u2014 \u00c9ditions L'Harmattan","translator":null,"weight":340,"page_count":286,"readership":null,"editor":"\u00c9ditions L'Harmattan","price":3550,"published_date":"2010-06-24T22:00:00.000000Z","support":"Grand format","publisher_availability":1,"stock":0,"editions":[],"url":"https:\/\/quaidesbrumes.com\/ouvrage\/9782296122093\/post-phenomenologie-in-limine-post-fenomenologia-in-limine"},{"id":"9782705657710","title":"Le symbolisme en g\u00e9n\u00e9ral","description":"L'auteur recherche les manifestations du symbolisme \u00e0 travers toutes les disciplines. Il y voit l'un des fondements anthropologiques de la libert\u00e9. Le symbolisme cr\u00e9e une orientation culturelle commune aux membres d'une soci\u00e9t\u00e9 sans exclure les diff\u00e9rences d'interpr\u00e9tation individuelle.","authors":["Dan Sperber"],"category_codes":["9000000","9080000"],"visuals":{"large":"https:\/\/images.epagine.fr\/710\/9782705657710_1_75.jpg","medium":"https:\/\/images.epagine.fr\/710\/9782705657710_1_m.jpg","thumbnail":"https:\/\/images.epagine.fr\/710\/9782705657710_1_v.jpg"},"orderable":true,"show_badge":true,"formatted_price":"32,00&nbsp;\u20ac","formatted_published_date":"1er avril 1974","publisher_availability_label":"Sur commande","short_details":"Dan Sperber \u2014 Hermann","translator":null,"weight":207,"page_count":163,"readership":null,"editor":"Hermann","price":3200,"published_date":"1974-03-31T23:00:00.000000Z","support":"Grand format","publisher_availability":1,"stock":0,"editions":[],"url":"https:\/\/quaidesbrumes.com\/ouvrage\/9782705657710\/le-symbolisme-en-general"},{"id":"9782845196520","title":"Les infiltrations kantiennes et protestantes et le clerge fran\u00e7ais","description":"\"Nous r\u00e9prouvons de nouveau ces doctrines qui n'ont de la vraie philosophie que le nom, et qui, \u00e9branlant la base m\u00eame du savoir humain, conduisent logiquement au scepticisme universel et \u00e0 l'irr\u00e9ligion \" (L\u00e9on XIII. Un conseil ne sera peut-\u00eatre pas inutile \u00e0 ceux qui craignent un ouvrage trop technique : celui de d\u00e9buter la lecture par les derniers chapitres (\u00e0 partir de la page 415) ; on verra mieux croyons-nous comment le mal s'est r\u00e9pandu chez les clercs qui d\u00e9shonorent l'\u00c9glise.\r","authors":["J. Fontaine"],"category_codes":["9000000","9080000"],"visuals":{"large":"https:\/\/images.epagine.fr\/520\/9782845196520_1_75.jpg","medium":"https:\/\/images.epagine.fr\/520\/9782845196520_1_m.jpg","thumbnail":"https:\/\/images.epagine.fr\/520\/9782845196520_1_v.jpg"},"orderable":true,"show_badge":true,"formatted_price":"33,00&nbsp;\u20ac","formatted_published_date":"8 juin 2015","publisher_availability_label":"Sur commande","short_details":"J. Fontaine \u2014 Saint-Remi","translator":null,"weight":0,"page_count":null,"readership":null,"editor":"Saint-Remi","price":3300,"published_date":"2015-06-07T22:00:00.000000Z","support":"Grand format","publisher_availability":1,"stock":0,"editions":[],"url":"https:\/\/quaidesbrumes.com\/ouvrage\/9782845196520\/les-infiltrations-kantiennes-et-protestantes-et-le-clerge-francais"}]}