{"data":[{"id":"9782213593029","title":"Traite de la volonte et de ses effets. de l'amour (1818)","description":null,"authors":["Destutt De Tracy A-L"],"category_codes":["9000000","9080000"],"visuals":{"large":"https:\/\/quaidesbrumes.com\/img\/book-placeholder.png","medium":"https:\/\/quaidesbrumes.com\/img\/book-placeholder.png","thumbnail":"https:\/\/quaidesbrumes.com\/img\/book-placeholder.png"},"orderable":true,"show_badge":true,"formatted_price":"37,20&nbsp;\u20ac","formatted_published_date":"21 septembre 1994","publisher_availability_label":"Sur commande","short_details":"Destutt De Tracy A-L \u2014 Fayard","translator":null,"weight":755,"page_count":null,"readership":null,"editor":"Fayard","price":3720,"published_date":"1994-09-20T22:00:00.000000Z","support":"Grand format","publisher_availability":1,"stock":0,"editions":[],"url":"https:\/\/quaidesbrumes.com\/ouvrage\/9782213593029\/traite-de-la-volonte-et-de-ses-effets-de-lamour-1818"},{"id":"9782213594347","title":"L'usage de la raison et de la foi - ou l'accord de la foy et de la raison","description":null,"authors":["Regis Pierre-Sylvain"],"category_codes":["9000000","9080000"],"visuals":{"large":"https:\/\/quaidesbrumes.com\/img\/book-placeholder.png","medium":"https:\/\/quaidesbrumes.com\/img\/book-placeholder.png","thumbnail":"https:\/\/quaidesbrumes.com\/img\/book-placeholder.png"},"orderable":true,"show_badge":true,"formatted_price":"76,10&nbsp;\u20ac","formatted_published_date":"14 f\u00e9vrier 1996","publisher_availability_label":"Sur commande","short_details":"Regis Pierre-Sylvain \u2014 Fayard","translator":null,"weight":1256,"page_count":null,"readership":null,"editor":"Fayard","price":7610,"published_date":"1996-02-13T23:00:00.000000Z","support":"Grand format","publisher_availability":1,"stock":0,"editions":[],"url":"https:\/\/quaidesbrumes.com\/ouvrage\/9782213594347\/lusage-de-la-raison-et-de-la-foi-ou-laccord-de-la-foy-et-de-la-raison"},{"id":"9791041924998","title":"La volont\u00e9 de puissance","description":"\"  Il est c\u00e9l\u00e8bre chez nous et on le conna\u00eet \u00e0 peine. Nomm\u00e9 \u00e0 tout propos, comme son pr\u00e9curseur\r\nSchopenhauer, il partage avec lui cette destin\u00e9e \u00e9trange d'avoir son nom dans toutes les bouches,\r\ntout en restant enti\u00e8rement ignor\u00e9. On cite \u00e0 tout propos ses aphorismes mal compris et son\r\noeuvresecac heen coredanslest\u00e9 n\u00e8bresdel'in connu.\r\nvoulut faire silence autour de lui ; le nombre de ses adh\u00e9rents grandissait toujours davantage, En Allemagne, Nietzsche est en train de devenir auteur de biblioth\u00e8ques. Trop longtemps on\r\nmettant en br\u00e8che les milieux acad\u00e9miques les plus r\u00e9calcitrants et maintenant tout le monde l'a lu, si m\u00eame on ne l'a saisi qu'imparfaitement. Par les soins pieux de Mme Elisabeth Foerster-\r\nNietzsche qui consacre sa vie toute enti\u00e8re aux id\u00e9es de son fr\u00e8re, les oeuvres compl\u00e8tes du philosophe sont en train de para\u00eetre. \"","authors":["Friedrich Nietzsche"],"category_codes":["9000000","9080000","9080600"],"visuals":{"large":"https:\/\/images.epagine.fr\/998\/9791041924998_1_75.jpg","medium":"https:\/\/images.epagine.fr\/998\/9791041924998_1_m.jpg","thumbnail":"https:\/\/images.epagine.fr\/998\/9791041924998_1_v.jpg"},"orderable":true,"show_badge":true,"formatted_price":"19,90&nbsp;\u20ac","formatted_published_date":"4 mai 2023","publisher_availability_label":"Sur commande","short_details":"Friedrich Nietzsche \u2014 Shs Editions","translator":null,"weight":580,"page_count":452,"readership":null,"editor":"Shs Editions","price":1990,"published_date":"2023-05-03T22:00:00.000000Z","support":"Grand format","publisher_availability":1,"stock":0,"editions":[],"url":"https:\/\/quaidesbrumes.com\/ouvrage\/9791041924998\/la-volonte-de-puissance"},{"id":"9782296037328","title":"Les fureurs \u00e0 la renaissance","description":"Ce livre propose un trajet passionnant \u00e0 travers l'h\u00e9ritage et le devenir d'une notion-cl\u00e9 dans l'histoire des id\u00e9es, la fureur, dont la formulation conceptuelle correspond au probl\u00e8me de la subjectivit\u00e9, de la subjectivit\u00e9 cr\u00e9atrice ou des puissances de la subjectivit\u00e9. Le tournant de la Renaissance est de ce point de vue capital, \u00e9tant justement celui de la naissance du \"sujet\" moderne.\r","authors":["Monalisa Carrilho De Macedo"],"category_codes":["9000000","9080000","9080200","9080204"],"visuals":{"large":"https:\/\/images.epagine.fr\/328\/9782296037328_1_75.jpg","medium":"https:\/\/images.epagine.fr\/328\/9782296037328_1_m.jpg","thumbnail":"https:\/\/images.epagine.fr\/328\/9782296037328_1_v.jpg"},"orderable":true,"show_badge":true,"formatted_price":"26,00&nbsp;\u20ac","formatted_published_date":"22 juin 2007","publisher_availability_label":"Sur commande","short_details":"Monalisa Carrilho De Macedo \u2014 \u00c9ditions L'Harmattan","translator":null,"weight":360,"page_count":272,"readership":null,"editor":"\u00c9ditions L'Harmattan","price":2600,"published_date":"2007-06-21T22:00:00.000000Z","support":"Grand format","publisher_availability":1,"stock":0,"editions":[],"url":"https:\/\/quaidesbrumes.com\/ouvrage\/9782296037328\/les-fureurs-a-la-renaissance"},{"id":"9782226074898","title":"La parole et la beaut\u00e9","description":"Interroger la notion de beaut\u00e9 aujourd'hui implique que l'on se retourne vers les Anciens afin de mesurer l'h\u00e9ritage et l'unit\u00e9 de la culture occidentale, issue de la pens\u00e9e de Cid\u00e9ron et traversant les oeuvres de ces t\u00e9moins que sont notamment Jean de Salisbury, Erasme, F\u00e9n\u00e9lon et Baudelaire. C'est le projet d'Alain Michel, professeur \u00e0 la Sorbonne et administrateur de la Soci\u00e9t\u00e9 des \u00e9tudes latines, qui \u00e9labore dans ce livre une histoire de la beaut\u00e9 et des formes litt\u00e9raires, de la rh\u00e9torique et de la po\u00e9tique en particulier.\r\nTout \u00e0 la fois bilan et tableau synoptique de l'esth\u00e9tique occidentale,  La parole et la beaut\u00e9 aide \u00e0 comprendre pourquoi, malgr\u00e9 les coups de la critique contemporaine, l'id\u00e9e de beaut\u00e9 garde se profonde actualit\u00e9.\r","authors":["Alain Michel"],"category_codes":["9000000","9080000","9080200","9080204"],"visuals":{"large":"https:\/\/images.epagine.fr\/898\/9782226074898_1_75.jpg","medium":"https:\/\/images.epagine.fr\/898\/9782226074898_1_m.jpg","thumbnail":"https:\/\/images.epagine.fr\/898\/9782226074898_1_v.jpg"},"orderable":true,"show_badge":true,"formatted_price":"11,20&nbsp;\u20ac","formatted_published_date":"6 octobre 1994","publisher_availability_label":"Sur commande","short_details":"Alain Michel \u2014 Albin Michel","translator":null,"weight":373,"page_count":470,"readership":null,"editor":"Albin Michel","price":1120,"published_date":"1994-10-05T23:00:00.000000Z","support":"Grand format","publisher_availability":1,"stock":0,"editions":[],"url":"https:\/\/quaidesbrumes.com\/ouvrage\/9782226074898\/la-parole-et-la-beaute"},{"id":"9782011621368","title":"Le monde, son origine, et son antiquite. de l'ame et de son immortalite. essai sur la chronologie -","description":"Le Monde, son origine, et son antiquit\u00e9 . De l'\u00e2me et de son immortalit\u00e9. Essai sur la chronologie. Seconde \u00e9dition, corrig\u00e9e avec soin Date de l'\u00e9dition originale : 1778 Comprend : De l'ame et de son immortalit\u00e9 ; Essai sur la chronologie Ce livre est la reproduction fid\u00e8le d'une oeuvre publi\u00e9e avant 1920 et fait partie d'une collection de livres r\u00e9imprim\u00e9s \u00e0 la demande \u00e9dit\u00e9e par Hachette Livre, dans le cadre d'un partenariat avec la Biblioth\u00e8que nationale de France, offrant l'opportunit\u00e9 d'acc\u00e9der \u00e0 des ouvrages anciens et souvent rares issus des fonds patrimoniaux de la BnF.\r\nLes oeuvres faisant partie de cette collection ont \u00e9t\u00e9 num\u00e9ris\u00e9es par la BnF et sont pr\u00e9sentes sur Gallica, sa biblioth\u00e8que num\u00e9rique.\r\n\r\nEn entreprenant de redonner vie \u00e0 ces ouvrages au travers d'une collection de livres r\u00e9imprim\u00e9s \u00e0 la demande, nous leur donnons la possibilit\u00e9 de rencontrer un public \u00e9largi et participons \u00e0 la transmission de connaissances et de savoirs parfois difficilement accessibles.\r\nNous avons cherch\u00e9 \u00e0 concilier la reproduction fid\u00e8le d'un livre ancien \u00e0 partir de sa version num\u00e9ris\u00e9e avec le souci d'un confort de lecture optimal. Nous esp\u00e9rons que les ouvrages de cette nouvelle collection vous apporteront enti\u00e8re satisfaction.\r\n\r\nPour plus d'informations, rendez-vous sur www.hachettebnf.fr\r","authors":[],"category_codes":["9000000","9080000"],"visuals":{"large":"https:\/\/images.epagine.fr\/368\/9782011621368_1_75.jpg","medium":"https:\/\/images.epagine.fr\/368\/9782011621368_1_m.jpg","thumbnail":"https:\/\/images.epagine.fr\/368\/9782011621368_1_v.jpg"},"orderable":true,"show_badge":true,"formatted_price":"24,50&nbsp;\u20ac","formatted_published_date":"1er septembre 2013","publisher_availability_label":"Sur commande","short_details":"Hachette BNF","translator":null,"weight":500,"page_count":null,"readership":null,"editor":"Hachette BNF","price":2450,"published_date":"2013-08-31T22:00:00.000000Z","support":"Grand format","publisher_availability":1,"stock":0,"editions":[],"url":"https:\/\/quaidesbrumes.com\/ouvrage\/9782011621368\/le-monde-son-origine-et-son-antiquite-de-lame-et-de-son-immortalite-essai-sur-la-chronologie"},{"id":"9782858163601","title":"SPINOZA","description":null,"authors":["Collectif"],"category_codes":["9000000","9080000"],"visuals":{"large":"https:\/\/quaidesbrumes.com\/img\/book-placeholder.png","medium":"https:\/\/quaidesbrumes.com\/img\/book-placeholder.png","thumbnail":"https:\/\/quaidesbrumes.com\/img\/book-placeholder.png"},"orderable":true,"show_badge":true,"formatted_price":"14,49&nbsp;\u20ac","formatted_published_date":"1er avril 1998","publisher_availability_label":"Sur commande","short_details":"Collectif \u2014 Pu Du Midi","translator":null,"weight":370,"page_count":null,"readership":null,"editor":"Pu Du Midi","price":1449,"published_date":"1998-03-31T22:00:00.000000Z","support":"Grand format","publisher_availability":1,"stock":0,"editions":[],"url":"https:\/\/quaidesbrumes.com\/ouvrage\/9782858163601\/spinoza"},{"id":"9782843012464","title":"\u00e9loge de la r\u00e9xistence","description":"On peut consid\u00e9rer cet ouvrage comme un manuel de \u00absavoir vivre\u00bb. En effet, apr\u00e8s avoir lu, transcrit et annot\u00e9 les carnets intimes de son p\u00e8re, \u00c9mile Biaggi, Vladimir a compris qu'il d\u00e9couvrait dans ces lignes r\u00e9dig\u00e9es en captivit\u00e9 (\u00e0 partir de 1940) dans un camp de travail, pr\u00e8s de Munich et de Dachau, une \u00e9tonnante le\u00e7on de vie et de survie au quotidien.\r\nLa question se pose ainsi : comment demeurer humain dans un univers d\u00e9shumanis\u00e9 ? Exister, c'est d'abord r\u00e9sister. Telle est la r\u00e9ponse, examin\u00e9e dans un bref essai pr\u00e9liminaire dont Vladimir Biaggi r\u00e9v\u00e8le le sens dans le mot-valise du titre : \u00ab\u00e9loge de la r\u00e9xistence\u00bb.\r","authors":["Vladimir Biaggi"],"category_codes":["9000000","9080000","9080200","9080204"],"visuals":{"large":"https:\/\/images.epagine.fr\/464\/9782843012464_1_75.jpg","medium":"https:\/\/images.epagine.fr\/464\/9782843012464_1_m.jpg","thumbnail":"https:\/\/images.epagine.fr\/464\/9782843012464_1_v.jpg"},"orderable":true,"show_badge":true,"formatted_price":"15,00&nbsp;\u20ac","formatted_published_date":"30 mars 2009","publisher_availability_label":"Sur commande","short_details":"Vladimir Biaggi \u2014 Aleas","translator":null,"weight":200,"page_count":null,"readership":"Tout public","editor":"Aleas","price":1500,"published_date":"2009-03-29T22:00:00.000000Z","support":"Grand format","publisher_availability":1,"stock":0,"editions":[],"url":"https:\/\/quaidesbrumes.com\/ouvrage\/9782843012464\/eloge-de-la-rexistence"},{"id":"9782226462503","title":"L'\u00c9preuve du d\u00e9sastre : Le XXe si\u00e8cle et les camps","description":"L'horreur d'Auschwitz et des crimes staliniens n'a mis un terme ni \u00e0 l'histoire totalitaire, ni \u00e0 celle des exterminations. Le pr\u00e9sent est contamin\u00e9. \r\n L'actualit\u00e9 apporte chaque jour la preuve que la d\u00e9mocratie triomphante n'est pas incompatible avec la perp\u00e9tuation, voire l'extension du monde concentrationnaire. Conserver la m\u00e9moire ne suffit pas. Il faut, pour l'avenir, passer \u00e0 une compr\u00e9hension du XXe si\u00e8cle marqu\u00e9 plus que tout autre par la d\u00e9chirure catastrophique du tissu de la civilisation que la d\u00e9mocratie mondialis\u00e9e ne peut r\u00e9parer.\r\n Alain Brossat, philosophe et enseignant \u00e0 l'universit\u00e9 Paris VIII, a voulu entreprendre cette t\u00e2che en relisant Hannah Arendt et Michel Foucault. Analysant la logique des discours concernant les g\u00e9nocides livr\u00e9s aux \u00e9motions, aux jeux de m\u00e9moire et aux enjeux politiques, il \u00e9labore une histoire compar\u00e9e des diff\u00e9rentes sc\u00e8nes de l'extr\u00eame Auschwitz, la Kolyma, Hiroshima.","authors":["Alain Brossat"],"category_codes":["9000000","9080000","9080700"],"visuals":{"large":"https:\/\/images.epagine.fr\/503\/9782226462503_1_75.jpg","medium":"https:\/\/images.epagine.fr\/503\/9782226462503_1_m.jpg","thumbnail":"https:\/\/images.epagine.fr\/503\/9782226462503_1_v.jpg"},"orderable":true,"show_badge":true,"formatted_price":"26,80&nbsp;\u20ac","formatted_published_date":"20 avril 2021","publisher_availability_label":"Sur commande","short_details":"Alain Brossat \u2014 Albin Michel","translator":null,"weight":607,"page_count":512,"readership":null,"editor":"Albin Michel","price":2680,"published_date":"2021-04-19T22:00:00.000000Z","support":"Grand format","publisher_availability":1,"stock":0,"editions":[],"url":"https:\/\/quaidesbrumes.com\/ouvrage\/9782226462503\/lepreuve-du-desastre-le-xxe-siecle-et-les-camps"},{"id":"9782747516136","title":"LE MOD\u00c8LE JURIDIQUE DEROIT ET HERM\u00c9NEUTIQUE","description":"Pour rendre compte du droit qui est avant tout le mod\u00e8le de la normalit\u00e9 sociale reconnue, les juristes ont \u00e9labor\u00e9 le \" mod\u00e8le du mod\u00e8le \". Celui-ci a pris les formes les plus diverses gravitant autour des deux p\u00f4les du droit positif (le mod\u00e8le explicatif) et du droit naturel (le mod\u00e8le compr\u00e9hensif). Explorant les rapports dialectiques qui existent entre ces deux mod\u00e8les, l'herm\u00e9neutique ou science de l'interpr\u00e9tation permet de r\u00e9sorber la diversit\u00e9 des mod\u00e8les juridiques pour en d\u00e9voiler la profonde unit\u00e9. Une contribution \u00e0 la th\u00e9orie g\u00e9n\u00e9rale du droit et une introduction \u00e0 une v\u00e9ritable science de la morale.\r","authors":["Paul Dubouchet"],"category_codes":["9000000","9080000"],"visuals":{"large":"https:\/\/images.epagine.fr\/136\/9782747516136_1_75.jpg","medium":"https:\/\/images.epagine.fr\/136\/9782747516136_1_m.jpg","thumbnail":"https:\/\/images.epagine.fr\/136\/9782747516136_1_v.jpg"},"orderable":true,"show_badge":true,"formatted_price":"20,00&nbsp;\u20ac","formatted_published_date":"1er novembre 2003","publisher_availability_label":"Sur commande","short_details":"Paul Dubouchet \u2014 \u00c9ditions L'Harmattan","translator":null,"weight":256,"page_count":226,"readership":null,"editor":"\u00c9ditions L'Harmattan","price":2000,"published_date":"2003-10-31T23:00:00.000000Z","support":"Grand format","publisher_availability":1,"stock":0,"editions":[],"url":"https:\/\/quaidesbrumes.com\/ouvrage\/9782747516136\/le-modele-juridique-deroit-et-hermeneutique"},{"id":"9782296034785","title":"Gaston bachelard ou le r\u00eave des origines","description":"\"L'approche de Jean-Luc Pouliquen se distingue par son originalit\u00e9 en r\u00e9v\u00e9lant des aspects de la r\u00e9flexion bachelardienne qui n'avaient pas encore \u00e9t\u00e9 mis en lumi\u00e8re\", \u00e9crit Marly Bulcao dans sa pr\u00e9face. S'appuyant sur des t\u00e9moignages et des documents in\u00e9dits, l'auteur s'emploie \u00e0 faire revivre ces moments-cl\u00e9s o\u00f9 Bachelard a donn\u00e9 corps \u00e0 sa conversion \u00e0 l'imaginaire. Louis Guillaume, Jacques Audiberti, Jean Paulhan, les surr\u00e9alistes, Roger Caillois sont des figures ici \u00e9voqu\u00e9es pour le r\u00f4le qu'elles ont jou\u00e9 dans l'\u00e9panouissement de la pens\u00e9e bachelardienne.\r","authors":["Jean-luc Pouliquen"],"category_codes":["9000000","9080000","9080200","9080204"],"visuals":{"large":"https:\/\/images.epagine.fr\/785\/9782296034785_1_75.jpg","medium":"https:\/\/images.epagine.fr\/785\/9782296034785_1_m.jpg","thumbnail":"https:\/\/images.epagine.fr\/785\/9782296034785_1_v.jpg"},"orderable":true,"show_badge":true,"formatted_price":"14,00&nbsp;\u20ac","formatted_published_date":"22 juin 2007","publisher_availability_label":"Sur commande","short_details":"Jean-luc Pouliquen \u2014 \u00c9ditions L'Harmattan","translator":null,"weight":190,"page_count":144,"readership":null,"editor":"\u00c9ditions L'Harmattan","price":1400,"published_date":"2007-06-21T22:00:00.000000Z","support":"Grand format","publisher_availability":1,"stock":0,"editions":[],"url":"https:\/\/quaidesbrumes.com\/ouvrage\/9782296034785\/gaston-bachelard-ou-le-reve-des-origines"},{"id":"9782130877424","title":"Revue Les \u00e9tudes philosophiques n.4","description":"Le colloque international \"Les sources arabo-musulmanes de la pens\u00e9e de Spinoza\", qui s'est tenu en Sorbonne en novembre 2024, a constitu\u00e9 la premi\u00e8re tentative de prendre pour objet la relation de Spinoza \u00e0 la tradition philosophique arabo-islamique m\u00e9di\u00e9vale (Kalam et Falsafa) : il s'agissait de comprendre les voies de transmissions, d'\u00e9valuer dans quelle mesure les d\u00e9bats, les th\u00e8mes et les concepts caract\u00e9ristiques de cette tradition impr\u00e8gnent la culture et les \u00e9crits de Spinoza, ainsi que d'enrichir le panorama que nous en avions jusqu'ici. \r\n\r\n Sans pr\u00e9tendre \u00e9puiser le sujet, les contributions ont mis en \u00e9vidence la large connaissance que Spinoza avait des th\u00e8mes et des arguments d\u00e9velopp\u00e9s par les penseurs arabo-islamiques (Kalam et Falsafa) qu'il y adh\u00e8re ou non, qu'il s'en inspire pour construire sa propre doctrine ou qu'il en fasse un usage critique. Elles ont montr\u00e9 que le dialogue avec cette tradition concerne tous les champs dans lesquels la philosophie de Spinoza s'est d\u00e9velopp\u00e9e (m\u00e9taphysique, cosmologie, th\u00e9orie de la connaissance, \u00e9thique, philosophie de la religion et politique). \r\n\r\n La publication des actes fera l'objet de deux volumes de la revue. Le premier rassemblera les \u00e9tudes li\u00e9es aux voies de diffusion des oeuvres et des doctrines des penseurs arabo-musulmans au XVIIe s. et dans le cercle de Spinoza; les \u00e9tudes sur le rapport de la pens\u00e9e de Spinoza \u00e0 la tradition du Kalam ainsi que le premier volet du dossier sur le rapport de la pens\u00e9e de Spinoza \u00e0 la Falsafa, consacr\u00e9 aux questions m\u00e9taphysiques. Le second concernera le rapport de la pens\u00e9e de Spinoza \u00e0 la Falsafa sur les questions de cosmologie, de th\u00e9orie de la connaissance et les questions \u00e9thiques, politiques et de philosophie de la religion.","authors":["Collectif"],"category_codes":["9000000","9080000","9080200"],"visuals":{"large":"https:\/\/images.epagine.fr\/424\/9782130877424_1_75.jpg","medium":"https:\/\/images.epagine.fr\/424\/9782130877424_1_m.jpg","thumbnail":"https:\/\/images.epagine.fr\/424\/9782130877424_1_v.jpg"},"orderable":true,"show_badge":true,"formatted_price":"25,00&nbsp;\u20ac","formatted_published_date":"19 mars 2026","publisher_availability_label":"Sur commande","short_details":"Collectif \u2014 PUF","translator":null,"weight":525,"page_count":125,"readership":"Tout public","editor":"PUF","price":2500,"published_date":"2026-03-18T23:00:00.000000Z","support":"Revue","publisher_availability":1,"stock":0,"editions":[],"url":"https:\/\/quaidesbrumes.com\/ouvrage\/9782130877424\/revue-les-etudes-philosophiques-n4"},{"id":"9782747523370","title":"La philosophie de l'histoire chez kant","description":"La philosophie de l'histoire constitue un point critique de la pens\u00e9e kantienne. Sur le plan m\u00e9thodologique, Kant y soumet son concept de finalit\u00e9 \u00e0 l'\u00e9preuve de l'exp\u00e9rience. Sur le plan syst\u00e9matique, il y interpr\u00e8te, de fa\u00e7on probl\u00e9matique, des notions-cl\u00e9s comme le mal moral ou l'esp\u00e9rance, et met ainsi en jeu l'ensemble de sa solution au probl\u00e8me du sens. Le pr\u00e9sent ouvrage analyse ces points n\u00e9vralgiques de la philosophie de l'histoire, avec pour principe de laisser parler les ambigu\u00eft\u00e9s du texte kantien.\r","authors":["Pierre-Etienne Druet"],"category_codes":["9000000","9080000"],"visuals":{"large":"https:\/\/images.epagine.fr\/370\/9782747523370_1_75.jpg","medium":"https:\/\/images.epagine.fr\/370\/9782747523370_1_m.jpg","thumbnail":"https:\/\/images.epagine.fr\/370\/9782747523370_1_v.jpg"},"orderable":true,"show_badge":true,"formatted_price":"28,00&nbsp;\u20ac","formatted_published_date":"1er janvier 2002","publisher_availability_label":"Sur commande","short_details":"Pierre-Etienne Druet \u2014 \u00c9ditions L'Harmattan","translator":null,"weight":404,"page_count":324,"readership":null,"editor":"\u00c9ditions L'Harmattan","price":2800,"published_date":"2001-12-31T23:00:00.000000Z","support":"Grand format","publisher_availability":1,"stock":0,"editions":["9782747532372"],"url":"https:\/\/quaidesbrumes.com\/ouvrage\/9782747523370\/la-philosophie-de-lhistoire-chez-kant"},{"id":"9782312141091","title":"Plaidoyer pour une nature menac\u00e9e : Perspective de la crise \u00e9cologique en RD Congo","description":"\u00c0 ce jour, il est impossible de passer sous silence les probl\u00e8mes \u00e9cologiques entre autres : r\u00e9chauffement climatique, d\u00e9glaciation, extinctions des esp\u00e8ces vivantes, l'\u00e9mission des gaz toxiques, etc. connaissent une crise. La plupart des gens discutent l\u00e0-dessus, puisqu'ils sont une urgence humanitaire. Cette urgence exigence un comportement responsable et une prise de conscience. Ce livre essaye de soulever et d\u00e9crire quelques pistes des r\u00e9flexions li\u00e9es \u00e0 la question de la crise \u00e9cologique comme fondement d'un d\u00e9veloppement et du bien-\u00eatre. L'auteur pr\u00e9sente les enjeux de la crise \u00e9cologique dans son pays (R\u00e9publique D\u00e9mocratique du Congo) et dans la monde en g\u00e9n\u00e9ral.","authors":["Faustin Mbuyu"],"category_codes":["9000000","9080000"],"visuals":{"large":"https:\/\/images.epagine.fr\/091\/9782312141091_1_75.jpg","medium":"https:\/\/images.epagine.fr\/091\/9782312141091_1_m.jpg","thumbnail":"https:\/\/images.epagine.fr\/091\/9782312141091_1_v.jpg"},"orderable":true,"show_badge":true,"formatted_price":"15,00&nbsp;\u20ac","formatted_published_date":"29 novembre 2023","publisher_availability_label":"Sur commande","short_details":"Faustin Mbuyu \u2014 Editions du Net","translator":null,"weight":122,"page_count":76,"readership":null,"editor":"Editions du Net","price":1500,"published_date":"2023-11-28T23:00:00.000000Z","support":"Grand format","publisher_availability":1,"stock":0,"editions":[],"url":"https:\/\/quaidesbrumes.com\/ouvrage\/9782312141091\/plaidoyer-pour-une-nature-menacee-perspective-de-la-crise-ecologique-en-rd-congo"},{"id":"9782845781733","title":"Trait\u00e9 du libre arbitre","description":null,"authors":["Bossuet"],"category_codes":["9000000","9080000","9080200","9080204"],"visuals":{"large":"https:\/\/images.epagine.fr\/733\/9782845781733_1_75.jpg","medium":"https:\/\/images.epagine.fr\/733\/9782845781733_1_m.jpg","thumbnail":"https:\/\/images.epagine.fr\/733\/9782845781733_1_v.jpg"},"orderable":true,"show_badge":true,"formatted_price":"9,99&nbsp;\u20ac","formatted_published_date":"5 septembre 2013","publisher_availability_label":"Sur commande","short_details":"Bossuet \u2014 MANUCIUS","translator":null,"weight":0,"page_count":null,"readership":null,"editor":"MANUCIUS","price":999,"published_date":"2013-09-04T22:00:00.000000Z","support":"Grand format","publisher_availability":1,"stock":0,"editions":[],"url":"https:\/\/quaidesbrumes.com\/ouvrage\/9782845781733\/traite-du-libre-arbitre"},{"id":"9782872091867","title":"Anti fondation en logique et en th\u00e9orie des ensembles","description":null,"authors":["Collectif"],"category_codes":["9000000","9080000","9080200","9080204"],"visuals":{"large":"https:\/\/quaidesbrumes.com\/img\/book-placeholder.png","medium":"https:\/\/quaidesbrumes.com\/img\/book-placeholder.png","thumbnail":"https:\/\/quaidesbrumes.com\/img\/book-placeholder.png"},"orderable":true,"show_badge":true,"formatted_price":"16,00&nbsp;\u20ac","formatted_published_date":"30 octobre 1998","publisher_availability_label":"Sur commande","short_details":"Collectif \u2014 ACADEMIA","translator":null,"weight":160,"page_count":null,"readership":null,"editor":"ACADEMIA","price":1600,"published_date":"1998-10-29T23:00:00.000000Z","support":"Grand format","publisher_availability":1,"stock":0,"editions":[],"url":"https:\/\/quaidesbrumes.com\/ouvrage\/9782872091867\/anti-fondation-en-logique-et-en-theorie-des-ensembles"},{"id":"9782747510981","title":"Penser la poesie","description":"Penser la po\u00e9sie, c'est p\u00e9n\u00e9trer dans un monde de choses, d'objets, d'images, d'exc\u00e8s, dans un ailleurs. Cela signifie p\u00e9n\u00e9trer dans l'\u00e9v\u00e9nement complexe et \u00e9nigmatique qu'est l'oeuvre, qui participe de l'histoire tout en tendant \u00e0 se situer au-del\u00e0 des fronti\u00e8res du r\u00e9el. En parcourant les esth\u00e9tiques et les po\u00e9tiques occidentales, ce livre analyse les transformations secr\u00e8tes de la po\u00e9sie, r\u00e9gie par la loi de l' Ordre et de l'Harmonie, qui transmet au monde d'infinies constellations de sens.\r","authors":["Aldo Trione","Isabelle Lavergne"],"category_codes":["9000000","9080000","9080200","9080204"],"visuals":{"large":"https:\/\/images.epagine.fr\/981\/9782747510981_1_75.jpg","medium":"https:\/\/images.epagine.fr\/981\/9782747510981_1_m.jpg","thumbnail":"https:\/\/images.epagine.fr\/981\/9782747510981_1_v.jpg"},"orderable":true,"show_badge":true,"formatted_price":"16,00&nbsp;\u20ac","formatted_published_date":"1er novembre 2003","publisher_availability_label":"Sur commande","short_details":"Aldo Trione, Isabelle Lavergne \u2014 \u00c9ditions L'Harmattan","translator":"ISABELLE LAVERGNE","weight":216,"page_count":166,"readership":null,"editor":"\u00c9ditions L'Harmattan","price":1600,"published_date":"2003-10-31T23:00:00.000000Z","support":"Grand format","publisher_availability":1,"stock":0,"editions":[],"url":"https:\/\/quaidesbrumes.com\/ouvrage\/9782747510981\/penser-la-poesie"},{"id":"9782012777835","title":"Voyage du monde de descartes (nouv. ed. rev. et augm.) (ed.1702)","description":"Voyage du monde de Descartes (Nouv. \u00e9d. rev. et augm.) \/ nouv. \u00e9d. rev. et augm. d'une cinqui\u00e8me partie... par le P. G. Daniel,... http:\/\/gallica.bnf.fr\/ark:\/12148\/bpt6k64905c\r","authors":["Daniel Gabriel"],"category_codes":["9000000","9080000"],"visuals":{"large":"https:\/\/images.epagine.fr\/835\/9782012777835_1_75.jpg","medium":"https:\/\/images.epagine.fr\/835\/9782012777835_1_m.jpg","thumbnail":"https:\/\/images.epagine.fr\/835\/9782012777835_1_v.jpg"},"orderable":true,"show_badge":true,"formatted_price":"33,00&nbsp;\u20ac","formatted_published_date":"1er mai 2012","publisher_availability_label":"Sur commande","short_details":"Daniel Gabriel \u2014 Hachette BNF","translator":null,"weight":790,"page_count":null,"readership":null,"editor":"Hachette BNF","price":3300,"published_date":"2012-04-30T22:00:00.000000Z","support":"Grand format","publisher_availability":1,"stock":0,"editions":[],"url":"https:\/\/quaidesbrumes.com\/ouvrage\/9782012777835\/voyage-du-monde-de-descartes-nouv-ed-rev-et-augm-ed1702"},{"id":"9782911705175","title":"Clavicule de la philosophie herm\u00e9tique ; ou les myst\u00e8res les plus cach\u00e9s des anciens et modernes sont mis au jour en faveur des enfants de l'art et \u00e0 la gloire de Dieu","description":"Cette Clavicule de la Philosophie Herm\u00e9tique est tr\u00e8s certainement une adaptation de Alchymia denudata (Alchimie d\u00e9nud\u00e9e ou Alchimie d\u00e9voil\u00e9e),  vraisemblablement \u00e9crite par le myst\u00e9rieux Naxagoras, annot\u00e9e peut-\u00eatre par G\u00e9ron lui-m\u00eame et compl\u00e9t\u00e9e d'une pr\u00e9face importante o\u00f9 les principes de base du processus alchimiques sont \u00e9tudi\u00e9s, catalogu\u00e9s, r\u00e9f\u00e9renc\u00e9s.\r\nC'est un ouvrage assez rare et peu connu qui montre plusieurs aspects techniques du Magist\u00e8re et notamment celui de la M\u00e9decine Universelle.\r\nLe texte original \u00e9tant assez difficile \u00e0 lire, il nous a sembl\u00e9 important de proposer une version modernis\u00e9e tout en respectant le style de cette \u00e9poque et la syntaxe. Seule la ponctuation a \u00e9t\u00e9 totalement revue pour une meilleure compr\u00e9hension du texte.\r","authors":["T. f. Geron"],"category_codes":["9000000","9080000","9080200","9080204"],"visuals":{"large":"https:\/\/images.epagine.fr\/175\/9782911705175_1_75.jpg","medium":"https:\/\/images.epagine.fr\/175\/9782911705175_1_m.jpg","thumbnail":"https:\/\/images.epagine.fr\/175\/9782911705175_1_v.jpg"},"orderable":true,"show_badge":true,"formatted_price":"15,00&nbsp;\u20ac","formatted_published_date":"1er janvier 2010","publisher_availability_label":"Sur commande","short_details":"T. f. Geron \u2014 Massanne","translator":null,"weight":234,"page_count":156,"readership":null,"editor":"Massanne","price":1500,"published_date":"2009-12-31T23:00:00.000000Z","support":"Grand format","publisher_availability":1,"stock":0,"editions":[],"url":"https:\/\/quaidesbrumes.com\/ouvrage\/9782911705175\/clavicule-de-la-philosophie-hermetique-ou-les-mysteres-les-plus-caches-des-anciens-et-modernes-sont-mis-au-jour-en-faveur-des-enfants-de-lart-et-a-la-gloire-de-dieu"},{"id":"9782254890422","title":"L'economie au defi de l'ethique","description":null,"authors":["Hugues Puel"],"category_codes":[],"visuals":{"large":"https:\/\/quaidesbrumes.com\/img\/book-placeholder.png","medium":"https:\/\/quaidesbrumes.com\/img\/book-placeholder.png","thumbnail":"https:\/\/quaidesbrumes.com\/img\/book-placeholder.png"},"orderable":true,"show_badge":true,"formatted_price":"11,59&nbsp;\u20ac","formatted_published_date":"12 mars 2003","publisher_availability_label":"Sur commande","short_details":"Hugues Puel \u2014 Cujas","translator":null,"weight":0,"page_count":null,"readership":null,"editor":"Cujas","price":1159,"published_date":"2003-03-11T23:00:00.000000Z","support":"Grand format","publisher_availability":1,"stock":0,"editions":[],"url":"https:\/\/quaidesbrumes.com\/ouvrage\/9782254890422\/leconomie-au-defi-de-lethique"},{"id":"9782911705199","title":"Trait\u00e9 du sel des philosophes en forme de dialogue, en faveur des curieux o\u00f9 sont enseign\u00e9s la pr\u00e9paration, les vertus & l'usage de ce sel merveilleux","description":"Petit trait\u00e9 tr\u00e8s int\u00e9ressant sur le fameux Sel des Philosophes dont l'auteur, Alexandre Le Crom, ne serait autre que Fran\u00e7ois Marie Pomp\u00e9e Colona, alias Crosset de la Haumerie.\r","authors":["Francesco maria pompeo Colonna"],"category_codes":["9000000","9080000","9080200","9080204"],"visuals":{"large":"https:\/\/images.epagine.fr\/199\/9782911705199_1_75.jpg","medium":"https:\/\/images.epagine.fr\/199\/9782911705199_1_m.jpg","thumbnail":"https:\/\/images.epagine.fr\/199\/9782911705199_1_v.jpg"},"orderable":true,"show_badge":true,"formatted_price":"10,00&nbsp;\u20ac","formatted_published_date":"1er janvier 2010","publisher_availability_label":"Sur commande","short_details":"Francesco maria pompeo Colonna \u2014 Massanne","translator":null,"weight":128,"page_count":80,"readership":null,"editor":"Massanne","price":1000,"published_date":"2009-12-31T23:00:00.000000Z","support":"Grand format","publisher_availability":1,"stock":0,"editions":[],"url":"https:\/\/quaidesbrumes.com\/ouvrage\/9782911705199\/traite-du-sel-des-philosophes-en-forme-de-dialogue-en-faveur-des-curieux-ou-sont-enseignes-la-preparation-les-vertus-lusage-de-ce-sel-merveilleux"},{"id":"9782329491042","title":"R\u00e9futation des th\u00e8ses erron\u00e9es d'Antoine Villon, dit le soldat philosophe : et E. de Claves, m\u00e9decin-chimiste, affich\u00e9es publiquement \u00e0 Paris, contre la doctrine d'Aristote","description":"R\u00e9futation des th\u00e8ses erron\u00e9es d'Antoine Villon, dit le soldat philosophe, et Etienne de Claves, m\u00e9decin-chimiste, par eux affich\u00e9es publiquement \u00e0 Paris, contre la doctrine d'Aristote, le 23 ao\u00fbt 1624, \u00e0 l'encontre desquelles y a eu censure de la Sorbonne, et arr\u00eat de la Cour de parlement. O\u00f9 sont doctement trait\u00e9s les vrais principes des corps et plusieurs autres beaux points de la nature... Par Jean Baptiste Morin,...\r\nDate de l'\u00e9dition originale : 1624\r\nLe pr\u00e9sent ouvrage s'inscrit dans une politique de conservation patrimoniale des ouvrages de la litt\u00e9rature Fran\u00e7aise mise en place avec la BNF. \r\nHACHETTE LIVRE et la BNF proposent ainsi un catalogue de titres indisponibles, la BNF ayant num\u00e9ris\u00e9 ces oeuvres et HACHETTE LIVRE les imprimant \u00e0 la demande. \r\nCertains de ces ouvrages refl\u00e8tent des courants de pens\u00e9e caract\u00e9ristiques de leur \u00e9poque, mais qui seraient aujourd'hui jug\u00e9s condamnables. \r\nIls n'en appartiennent pas moins \u00e0 l'histoire des id\u00e9es en France et sont susceptibles de pr\u00e9senter un int\u00e9r\u00eat scientifique ou historique. \r\nLe sens de notre d\u00e9marche \u00e9ditoriale consiste ainsi \u00e0 permettre l'acc\u00e8s \u00e0 ces oeuvres sans pour autant que nous en cautionnions en aucune fa\u00e7on le contenu. \r\nPour plus d'informations, rendez-vous sur www.hachettebnf.fr","authors":["Jean-Baptiste Morin","Antoine Villon"],"category_codes":["9000000","9080000","9080600"],"visuals":{"large":"https:\/\/quaidesbrumes.com\/img\/book-placeholder.png","medium":"https:\/\/quaidesbrumes.com\/img\/book-placeholder.png","thumbnail":"https:\/\/quaidesbrumes.com\/img\/book-placeholder.png"},"orderable":true,"show_badge":true,"formatted_price":"16,50&nbsp;\u20ac","formatted_published_date":"1er octobre 2020","publisher_availability_label":"Sur commande","short_details":"Jean-Baptiste Morin, Antoine Villon \u2014 Hachette BNF","translator":null,"weight":183,"page_count":130,"readership":null,"editor":"Hachette BNF","price":1650,"published_date":"2020-09-30T22:00:00.000000Z","support":"Grand format","publisher_availability":1,"stock":0,"editions":[],"url":"https:\/\/quaidesbrumes.com\/ouvrage\/9782329491042\/refutation-des-theses-erronees-dantoine-villon-dit-le-soldat-philosophe-et-e-de-claves-medecin-chimiste-affichees-publiquement-a-paris-contre-la-doctrine-daristote"},{"id":"9782911705144","title":"Trait\u00e9 du secret de l'art philosophique ou l'arche ouverte, autrement dite la cassette du petit paysan ; dictionnaire abr\u00e9g\u00e9 des termes de l'art","description":"L'ouvrage que nous proposons ici contient deux textes alchimiques : \u00ab L'Arche ouverte ou la Cassette du Petit Paysan \u00bb et le \u00ab Dictionnaire abr\u00e9g\u00e9 des Termes de l'Art\u00bb. Le premier aurait \u00e9t\u00e9 \u00e9crit, selon Ferguson (Bibliotheca Chemica) et Caillet (Manuel Bibliographique des Sciences Psychiques ou Occultes) par un certain Johan Grasshoff, aussi connu sous les noms de Grassaeus, von Chortolasseus et Hermanus Condesyanus.\r\nNous avons l\u00e0 un v\u00e9ritable petit trait\u00e9 op\u00e9ratif qui, sous l'all\u00e9gorie de la rencontre de l'auteur avec l'Homme des Champs (le Paysan), Ma\u00eetre-instructeur en l'Art d'Alchimie, va nous expliquer les diff\u00e9rentes \u00e9tapes du Magist\u00e8re et l'\u00e9tat de conscience de l'Adepte n\u00e9cessaire pour arriver au terme de son oeuvre.\r\nLe deuxi\u00e8me texte est un dictionnaire, chose rare dans le corpus alchimique. M\u00eame si ce \u00ab dictionnaire abr\u00e9g\u00e9 \u00bb ne peut rivaliser avec le \u00ab Dictionnaire Mytho-Herm\u00e9tique \u00bb de dom Pernetty, ou le \u00ab Dictionnaire de Philosophie alchimique \u00bb de Kamala Jnana (Roger CARO), ou bien encore le \"Dictionnaire Herm\u00e9tique\" de Salmon, il apporte n\u00e9anmoins des pr\u00e9cisions int\u00e9ressantes sur des mots disparus de notre langage moderne et sera un petit rayon de lumi\u00e8re suppl\u00e9mentaire \u00e0 l'\u00e9tudiant d\u00e9sireux de trouver de quoi \u00e9clairer le chemin herm\u00e9tique menant \u00e0 la v\u00e9rit\u00e9.\r","authors":["Collectif"],"category_codes":["9000000","9080000","9080200","9080204"],"visuals":{"large":"https:\/\/images.epagine.fr\/144\/9782911705144_1_75.jpg","medium":"https:\/\/images.epagine.fr\/144\/9782911705144_1_m.jpg","thumbnail":"https:\/\/images.epagine.fr\/144\/9782911705144_1_v.jpg"},"orderable":true,"show_badge":true,"formatted_price":"10,00&nbsp;\u20ac","formatted_published_date":"1er janvier 2010","publisher_availability_label":"Sur commande","short_details":"Collectif \u2014 Massanne","translator":null,"weight":128,"page_count":80,"readership":null,"editor":"Massanne","price":1000,"published_date":"2009-12-31T23:00:00.000000Z","support":"Grand format","publisher_availability":1,"stock":0,"editions":[],"url":"https:\/\/quaidesbrumes.com\/ouvrage\/9782911705144\/traite-du-secret-de-lart-philosophique-ou-larche-ouverte-autrement-dite-la-cassette-du-petit-paysan-dictionnaire-abrege-des-termes-de-lart"},{"id":"9782747581110","title":"Invitation \u00e0 la philosophie","description":"L'Invitation \u00e0 la Philosophie r\u00e9pond au voeu le plus secret de l'\u00e2me humaine. Elle nous rappelle que toute pens\u00e9e est un \"dialogue int\u00e9rieur et silencieux de l'\u00e2me avec elle-m\u00eame\" et qu'elle est avant tout l'acte libre d'un esprit cr\u00e9ateur. Cet ouvrage est destin\u00e9 \u00e0 aider nos lecteurs \u00e0 nourrir leur r\u00e9flexion personnelle et \u00e0 susciter en eux l'amour de la philosophie.","authors":["Joseph Juszezak"],"category_codes":["9000000","9080000"],"visuals":{"large":"https:\/\/images.epagine.fr\/110\/9782747581110_1_75.jpg","medium":"https:\/\/images.epagine.fr\/110\/9782747581110_1_m.jpg","thumbnail":"https:\/\/images.epagine.fr\/110\/9782747581110_1_v.jpg"},"orderable":true,"show_badge":true,"formatted_price":"19,00&nbsp;\u20ac","formatted_published_date":"2 avril 2005","publisher_availability_label":"Sur commande","short_details":"Joseph Juszezak \u2014 \u00c9ditions L'Harmattan","translator":null,"weight":265,"page_count":208,"readership":null,"editor":"\u00c9ditions L'Harmattan","price":1900,"published_date":"2005-04-01T22:00:00.000000Z","support":"Grand format","publisher_availability":1,"stock":0,"editions":[],"url":"https:\/\/quaidesbrumes.com\/ouvrage\/9782747581110\/invitation-a-la-philosophie"}]}