{"data":[{"id":"9782213022260","title":"De la justice dans la revolution et dans l'eglise (1860) - volume 1","description":null,"authors":["Proudhon P-J."],"category_codes":["9000000","9080000","9080200","9080204"],"visuals":{"large":"https:\/\/quaidesbrumes.com\/img\/book-placeholder.png","medium":"https:\/\/quaidesbrumes.com\/img\/book-placeholder.png","thumbnail":"https:\/\/quaidesbrumes.com\/img\/book-placeholder.png"},"orderable":true,"show_badge":true,"formatted_price":"34,10&nbsp;\u20ac","formatted_published_date":"8 mars 1989","publisher_availability_label":"Sur commande","short_details":"Proudhon P-J. \u2014 Fayard","translator":null,"weight":797,"page_count":null,"readership":null,"editor":"Fayard","price":3410,"published_date":"1989-03-07T23:00:00.000000Z","support":"Grand format","publisher_availability":1,"stock":0,"editions":[],"url":"https:\/\/quaidesbrumes.com\/ouvrage\/9782213022260\/de-la-justice-dans-la-revolution-et-dans-leglise-1860-volume-1"},{"id":"9782213024264","title":"Oeuvres (1788-1795)","description":null,"authors":["Volney De Chasseboeu"],"category_codes":["9000000","9080000"],"visuals":{"large":"https:\/\/quaidesbrumes.com\/img\/book-placeholder.png","medium":"https:\/\/quaidesbrumes.com\/img\/book-placeholder.png","thumbnail":"https:\/\/quaidesbrumes.com\/img\/book-placeholder.png"},"orderable":true,"show_badge":true,"formatted_price":"43,60&nbsp;\u20ac","formatted_published_date":"3 janvier 1990","publisher_availability_label":"Sur commande","short_details":"Volney De Chasseboeu \u2014 Fayard","translator":null,"weight":938,"page_count":null,"readership":null,"editor":"Fayard","price":4360,"published_date":"1990-01-02T23:00:00.000000Z","support":"Grand format","publisher_availability":1,"stock":0,"editions":[],"url":"https:\/\/quaidesbrumes.com\/ouvrage\/9782213024264\/oeuvres-1788-1795"},{"id":"9782213024271","title":"Oeuvres (1796-1820)","description":null,"authors":["Volney De Chasseboeu"],"category_codes":["9000000","9080000"],"visuals":{"large":"https:\/\/quaidesbrumes.com\/img\/book-placeholder.png","medium":"https:\/\/quaidesbrumes.com\/img\/book-placeholder.png","thumbnail":"https:\/\/quaidesbrumes.com\/img\/book-placeholder.png"},"orderable":true,"show_badge":true,"formatted_price":"32,50&nbsp;\u20ac","formatted_published_date":"3 janvier 1990","publisher_availability_label":"Sur commande","short_details":"Volney De Chasseboeu \u2014 Fayard","translator":null,"weight":710,"page_count":null,"readership":null,"editor":"Fayard","price":3250,"published_date":"1990-01-02T23:00:00.000000Z","support":"Grand format","publisher_availability":1,"stock":0,"editions":[],"url":"https:\/\/quaidesbrumes.com\/ouvrage\/9782213024271\/oeuvres-1796-1820"},{"id":"9782226463005","title":"Utopie et civilisations","description":"L'utopie vient de changer de masques et d'habits sous nos yeux : il y a vingt ans, dans les vacarmes et les promesses de 1968, elle faisait semblant d'\u00eatre douce, amoureuse et libre. Aujourd'hui, sa figure est r\u00e9barbative. Pol Pot et les ordinateurs de l'Occident nous ont ouvert les yeux : bien loin de faire la f\u00eate, l'utopie am\u00e9nage des maisons sans joie, sans amour ni fantaisie. Platon, Thomas More, Cabot, Owen nous avaient cependant pr\u00e9venus. Ils nous avaient enseign\u00e9 que l'utopie est une logique, non une figure po\u00e9tique; un syst\u00e8me clos, non une d\u00e9rive ou une \u00e9vasion. L'utopiste d\u00e9teste le temps et il l'incarc\u00e8re. Il se sauve des horreurs de l'histoire en \u00e9laborant un contre-syst\u00e8me glacial fond\u00e9 sur les mines de la libell\u00e9 humaine.\r\nCe livre parcourt les chemins de l'utopie ; en m\u00eame temps qu'il relit les grandes doctrines, il est \u00e0 l'aff\u00fbt des objets qui, dans le monde r\u00e9el, sont infect\u00e9s par la tentation utopique : les janissaires ou les couvents de saint Beno\u00eet, l'horloge et le cristal, le jeu d'\u00e9checs, les automates, l'art h\u00e9raldique, le navire, les col\u00e9opt\u00e8res... Ces vagabondages sugg\u00e8rent qu'au-dessous des territoires du r\u00e9el s'\u00e9tend un autre sol, le sol morne, silencieux et bl\u00eame de l'utopie : l\u00e0, dans un espace inexauc\u00e9, les \u00eatres, les choses ou les soci\u00e9t\u00e9s s'associent le long d'un r\u00e9seau de lignes enchev\u00eatr\u00e9es, lignes souvent inaper\u00e7ues des hommes de l'histoire.\r\nGilles Lapouge est romancier, journaliste, critique litt\u00e9raire. Ses deux derniers romans, La Bataille de Wagram et Les Folies Koenigsmark, ont \u00e9t\u00e9 de grands succ\u00e8s.","authors":["Gilles Lapouge"],"category_codes":["1000000","1070000","1070200"],"visuals":{"large":"https:\/\/images.epagine.fr\/005\/9782226463005_1_75.jpg","medium":"https:\/\/images.epagine.fr\/005\/9782226463005_1_m.jpg","thumbnail":"https:\/\/images.epagine.fr\/005\/9782226463005_1_v.jpg"},"orderable":true,"show_badge":true,"formatted_price":"20,80&nbsp;\u20ac","formatted_published_date":"11 mai 2021","publisher_availability_label":"Sur commande","short_details":"Gilles Lapouge \u2014 Albin Michel","translator":null,"weight":352,"page_count":288,"readership":null,"editor":"Albin Michel","price":2080,"published_date":"2021-05-10T22:00:00.000000Z","support":"Grand format","publisher_availability":1,"stock":0,"editions":[],"url":"https:\/\/quaidesbrumes.com\/ouvrage\/9782226463005\/utopie-et-civilisations"},{"id":"9782491456108","title":"Un temps 10","description":"Le num\u00e9ro 10 de la revue Un Temps, consacr\u00e9 \u00e0 la conscience...","authors":["Collectif"],"category_codes":["9000000","9080000","9080200","9080204"],"visuals":{"large":"https:\/\/images.epagine.fr\/108\/9782491456108_1_75.jpg","medium":"https:\/\/images.epagine.fr\/108\/9782491456108_1_m.jpg","thumbnail":"https:\/\/images.epagine.fr\/108\/9782491456108_1_v.jpg"},"orderable":true,"show_badge":true,"formatted_price":"14,00&nbsp;\u20ac","formatted_published_date":"10 septembre 2020","publisher_availability_label":"Sur commande","short_details":"Collectif \u2014 ECLOSION","translator":null,"weight":201,"page_count":100,"readership":null,"editor":"ECLOSION","price":1400,"published_date":"2020-09-09T22:00:00.000000Z","support":"Grand format","publisher_availability":1,"stock":0,"editions":[],"url":"https:\/\/quaidesbrumes.com\/ouvrage\/9782491456108\/un-temps-10"},{"id":"9782246641315","title":"LE RELIGIEUX APRES LA RELIGION","description":"Vivons-nous la fin du sacr\u00e9 ou le retour du religieux ? La question n'en finit pas de se poser : d'un c\u00f4t\u00e9, les Eglises et les dogmes s'effacent au profit d'une religion \u00ab \u00e0 la carte \u00bb ; de l'autre - force est de le constater - les int\u00e9grismes et autres fondamentalismes ne se sont jamais aussi bien port\u00e9s. Comment se retrouver dans des tendances aussi contradictoires ?\r\nLuc Ferry et Marcel Gauchet \u00e9clairent notre perplexit\u00e9 par une r\u00e9flexion qui n'h\u00e9site pas \u00e0 convoquer la longue dur\u00e9e. Sur fond d'un accord sur le processus multi-s\u00e9culaire du \u00ab d\u00e9senchantement du monde \u00bb, - tel que l'a d\u00e9crit Max Weber - ils dessinent pour le pr\u00e9sent et le futur deux sc\u00e9narios oppos\u00e9s : pour Gauchet, c'est l'\u00e9puisement du sacr\u00e9 qui se profile, marquant la s\u00e9paration d\u00e9finitive entre l'humain et le divin ; pour Ferry, au contraire, nous assistons davantage \u00e0 une reconfiguration humaniste du sacr\u00e9, \u00e0 une divinisation de l'humain qu'\u00e0 sa disparition. Le monde est-il vou\u00e9 au d\u00e9senchantement, ou promis \u00e0 un r\u00e9enchantement ?","authors":["Ferry\/Gauchet"],"category_codes":["9000000","9080000"],"visuals":{"large":"https:\/\/images.epagine.fr\/315\/9782246641315_1_75.jpg","medium":"https:\/\/images.epagine.fr\/315\/9782246641315_1_m.jpg","thumbnail":"https:\/\/images.epagine.fr\/315\/9782246641315_1_v.jpg"},"orderable":true,"show_badge":true,"formatted_price":"16,90&nbsp;\u20ac","formatted_published_date":"13 octobre 2004","publisher_availability_label":"Sur commande","short_details":"Ferry\/Gauchet \u2014 \u00c9ditions Grasset","translator":null,"weight":135,"page_count":145,"readership":null,"editor":"\u00c9ditions Grasset","price":1690,"published_date":"2004-10-12T22:00:00.000000Z","support":"Grand format","publisher_availability":1,"stock":0,"editions":[],"url":"https:\/\/quaidesbrumes.com\/ouvrage\/9782246641315\/le-religieux-apres-la-religion"},{"id":"9782213027937","title":"Deux verites (les) (1626)","description":null,"authors":["Silhon Jean"],"category_codes":["9000000","9080000","9080200","9080204"],"visuals":{"large":"https:\/\/quaidesbrumes.com\/img\/book-placeholder.png","medium":"https:\/\/quaidesbrumes.com\/img\/book-placeholder.png","thumbnail":"https:\/\/quaidesbrumes.com\/img\/book-placeholder.png"},"orderable":true,"show_badge":true,"formatted_price":"24,90&nbsp;\u20ac","formatted_published_date":"1er novembre 1991","publisher_availability_label":"Sur commande","short_details":"Silhon Jean \u2014 Fayard","translator":null,"weight":417,"page_count":null,"readership":null,"editor":"Fayard","price":2490,"published_date":"1991-10-31T23:00:00.000000Z","support":"Grand format","publisher_availability":1,"stock":0,"editions":[],"url":"https:\/\/quaidesbrumes.com\/ouvrage\/9782213027937\/deux-verites-les-1626"},{"id":"9788429223378","title":"Essai sur l'origine de la mystification","description":"\"Le mot \"\"mystification\"\" a \u00e9t\u00e9 invent\u00e9 au milieu du XVIIIe si\u00e8cle, en plein \u00e9panouissement de la philosophie des Lumi\u00e8res et de la critique du religieux qui lui est associ\u00e9e. Il d\u00e9signe les initiations burlesques pratiqu\u00e9es dans les salons de cette \u00e9poque aux d\u00e9pens de personnes cr\u00e9dules. Pr\u00e9sent\u00e9e comme une forme de l'antiphilosophie, la mystification passe pour \u00eatre en contradiction avec le mouvement des Lumi\u00e8res, alors qu'elle en est une des expressions les plus profondes.\r\nL'originalit\u00e9 de ce livre est de montrer en quoi la pens\u00e9e des Lumi\u00e8res et la question de la mystification sont compl\u00e9mentaires.\"","authors":["Reginald Mcginnis"],"category_codes":["9000000","9080000","9080200","9080204"],"visuals":{"large":"https:\/\/quaidesbrumes.com\/img\/book-placeholder.png","medium":"https:\/\/quaidesbrumes.com\/img\/book-placeholder.png","thumbnail":"https:\/\/quaidesbrumes.com\/img\/book-placeholder.png"},"orderable":true,"show_badge":true,"formatted_price":"20,00&nbsp;\u20ac","formatted_published_date":"1er d\u00e9cembre 2009","publisher_availability_label":"Sur commande","short_details":"Reginald Mcginnis \u2014 Pu De Vincennes","translator":null,"weight":258,"page_count":250,"readership":null,"editor":"Pu De Vincennes","price":2000,"published_date":"2009-11-30T23:00:00.000000Z","support":"Grand format","publisher_availability":1,"stock":0,"editions":["9782842922337"],"url":"https:\/\/quaidesbrumes.com\/ouvrage\/9788429223378\/essai-sur-lorigine-de-la-mystification"},{"id":"9782747584272","title":"Auguste comte - posterite epistemologique et ralliement des nations","description":"La th\u00e9orie de Comte, tant critiqu\u00e9e de nos jours pour son scientisme anachronique, demeure m\u00e9connue. Son travail d'historien des sciences l'am\u00e8ne \u00e0 d\u00e9stabiliser l'id\u00e9e de syst\u00e8me, \u00e0 faire face aux connaissances approch\u00e9es et \u00e0 associer les normes de la certitude \u00e0 celles du relatif. En plus d'une th\u00e9orie de la science Comte d\u00e9veloppe une pens\u00e9e sociale. L'auteur nous rappelle la v\u00e9h\u00e9mence avec laquelle il a condamn\u00e9 l'esclavage moderne associ\u00e9 \u00e0 la colonisation europ\u00e9enne. Pour lui l'universalit\u00e9 des connaissances doit aller de pair avec celle du coeur.","authors":["Ben Said Cherni Z."],"category_codes":["9000000","9080000"],"visuals":{"large":"https:\/\/images.epagine.fr\/272\/9782747584272_1_75.jpg","medium":"https:\/\/images.epagine.fr\/272\/9782747584272_1_m.jpg","thumbnail":"https:\/\/images.epagine.fr\/272\/9782747584272_1_v.jpg"},"orderable":true,"show_badge":true,"formatted_price":"19,00&nbsp;\u20ac","formatted_published_date":"15 mai 2005","publisher_availability_label":"Sur commande","short_details":"Ben Said Cherni Z. \u2014 \u00c9ditions L'Harmattan","translator":null,"weight":220,"page_count":202,"readership":null,"editor":"\u00c9ditions L'Harmattan","price":1900,"published_date":"2005-05-14T22:00:00.000000Z","support":"Grand format","publisher_availability":1,"stock":0,"editions":[],"url":"https:\/\/quaidesbrumes.com\/ouvrage\/9782747584272\/auguste-comte-posterite-epistemologique-et-ralliement-des-nations"},{"id":"9782213030951","title":"Oeuvres compl\u00e8tes ; th\u00e9\u00e2tre et autres textes (1710-1751)","description":null,"authors":["Bernard de Fontenelle"],"category_codes":["9000000","9080000"],"visuals":{"large":"https:\/\/quaidesbrumes.com\/img\/book-placeholder.png","medium":"https:\/\/quaidesbrumes.com\/img\/book-placeholder.png","thumbnail":"https:\/\/quaidesbrumes.com\/img\/book-placeholder.png"},"orderable":true,"show_badge":true,"formatted_price":"45,20&nbsp;\u20ac","formatted_published_date":"18 novembre 1993","publisher_availability_label":"Sur commande","short_details":"Bernard de Fontenelle \u2014 Fayard","translator":null,"weight":877,"page_count":null,"readership":null,"editor":"Fayard","price":4520,"published_date":"1993-11-17T23:00:00.000000Z","support":"Grand format","publisher_availability":1,"stock":0,"editions":[],"url":"https:\/\/quaidesbrumes.com\/ouvrage\/9782213030951\/oeuvres-completes-theatre-et-autres-textes-1710-1751"},{"id":"9782213031002","title":"Sommeil et les reves, et autres textes (le) (1885)","description":null,"authors":["Joseph Delboeuf"],"category_codes":["9000000","9080000","9080200","9080204"],"visuals":{"large":"https:\/\/quaidesbrumes.com\/img\/book-placeholder.png","medium":"https:\/\/quaidesbrumes.com\/img\/book-placeholder.png","thumbnail":"https:\/\/quaidesbrumes.com\/img\/book-placeholder.png"},"orderable":true,"show_badge":true,"formatted_price":"40,30&nbsp;\u20ac","formatted_published_date":"19 janvier 1994","publisher_availability_label":"Sur commande","short_details":"Joseph Delboeuf \u2014 Fayard","translator":null,"weight":705,"page_count":null,"readership":null,"editor":"Fayard","price":4030,"published_date":"1994-01-18T23:00:00.000000Z","support":"Grand format","publisher_availability":1,"stock":0,"editions":[],"url":"https:\/\/quaidesbrumes.com\/ouvrage\/9782213031002\/sommeil-et-les-reves-et-autres-textes-le-1885"},{"id":"9782213593029","title":"Traite de la volonte et de ses effets. de l'amour (1818)","description":null,"authors":["Destutt De Tracy A-L"],"category_codes":["9000000","9080000"],"visuals":{"large":"https:\/\/quaidesbrumes.com\/img\/book-placeholder.png","medium":"https:\/\/quaidesbrumes.com\/img\/book-placeholder.png","thumbnail":"https:\/\/quaidesbrumes.com\/img\/book-placeholder.png"},"orderable":true,"show_badge":true,"formatted_price":"37,20&nbsp;\u20ac","formatted_published_date":"21 septembre 1994","publisher_availability_label":"Sur commande","short_details":"Destutt De Tracy A-L \u2014 Fayard","translator":null,"weight":755,"page_count":null,"readership":null,"editor":"Fayard","price":3720,"published_date":"1994-09-20T22:00:00.000000Z","support":"Grand format","publisher_availability":1,"stock":0,"editions":[],"url":"https:\/\/quaidesbrumes.com\/ouvrage\/9782213593029\/traite-de-la-volonte-et-de-ses-effets-de-lamour-1818"},{"id":"9782213594347","title":"L'usage de la raison et de la foi - ou l'accord de la foy et de la raison","description":null,"authors":["Regis Pierre-Sylvain"],"category_codes":["9000000","9080000"],"visuals":{"large":"https:\/\/quaidesbrumes.com\/img\/book-placeholder.png","medium":"https:\/\/quaidesbrumes.com\/img\/book-placeholder.png","thumbnail":"https:\/\/quaidesbrumes.com\/img\/book-placeholder.png"},"orderable":true,"show_badge":true,"formatted_price":"76,10&nbsp;\u20ac","formatted_published_date":"14 f\u00e9vrier 1996","publisher_availability_label":"Sur commande","short_details":"Regis Pierre-Sylvain \u2014 Fayard","translator":null,"weight":1256,"page_count":null,"readership":null,"editor":"Fayard","price":7610,"published_date":"1996-02-13T23:00:00.000000Z","support":"Grand format","publisher_availability":1,"stock":0,"editions":[],"url":"https:\/\/quaidesbrumes.com\/ouvrage\/9782213594347\/lusage-de-la-raison-et-de-la-foi-ou-laccord-de-la-foy-et-de-la-raison"},{"id":"9791041924998","title":"La volont\u00e9 de puissance","description":"\"  Il est c\u00e9l\u00e8bre chez nous et on le conna\u00eet \u00e0 peine. Nomm\u00e9 \u00e0 tout propos, comme son pr\u00e9curseur\r\nSchopenhauer, il partage avec lui cette destin\u00e9e \u00e9trange d'avoir son nom dans toutes les bouches,\r\ntout en restant enti\u00e8rement ignor\u00e9. On cite \u00e0 tout propos ses aphorismes mal compris et son\r\noeuvresecac heen coredanslest\u00e9 n\u00e8bresdel'in connu.\r\nvoulut faire silence autour de lui ; le nombre de ses adh\u00e9rents grandissait toujours davantage, En Allemagne, Nietzsche est en train de devenir auteur de biblioth\u00e8ques. Trop longtemps on\r\nmettant en br\u00e8che les milieux acad\u00e9miques les plus r\u00e9calcitrants et maintenant tout le monde l'a lu, si m\u00eame on ne l'a saisi qu'imparfaitement. Par les soins pieux de Mme Elisabeth Foerster-\r\nNietzsche qui consacre sa vie toute enti\u00e8re aux id\u00e9es de son fr\u00e8re, les oeuvres compl\u00e8tes du philosophe sont en train de para\u00eetre. \"","authors":["Friedrich Nietzsche"],"category_codes":["9000000","9080000","9080600"],"visuals":{"large":"https:\/\/images.epagine.fr\/998\/9791041924998_1_75.jpg","medium":"https:\/\/images.epagine.fr\/998\/9791041924998_1_m.jpg","thumbnail":"https:\/\/images.epagine.fr\/998\/9791041924998_1_v.jpg"},"orderable":true,"show_badge":true,"formatted_price":"19,90&nbsp;\u20ac","formatted_published_date":"4 mai 2023","publisher_availability_label":"Sur commande","short_details":"Friedrich Nietzsche \u2014 Shs Editions","translator":null,"weight":580,"page_count":452,"readership":null,"editor":"Shs Editions","price":1990,"published_date":"2023-05-03T22:00:00.000000Z","support":"Grand format","publisher_availability":1,"stock":0,"editions":[],"url":"https:\/\/quaidesbrumes.com\/ouvrage\/9791041924998\/la-volonte-de-puissance"},{"id":"9782296037328","title":"Les fureurs \u00e0 la renaissance","description":"Ce livre propose un trajet passionnant \u00e0 travers l'h\u00e9ritage et le devenir d'une notion-cl\u00e9 dans l'histoire des id\u00e9es, la fureur, dont la formulation conceptuelle correspond au probl\u00e8me de la subjectivit\u00e9, de la subjectivit\u00e9 cr\u00e9atrice ou des puissances de la subjectivit\u00e9. Le tournant de la Renaissance est de ce point de vue capital, \u00e9tant justement celui de la naissance du \"sujet\" moderne.","authors":["Monalisa Carrilho De Macedo"],"category_codes":["9000000","9080000","9080200","9080204"],"visuals":{"large":"https:\/\/images.epagine.fr\/328\/9782296037328_1_75.jpg","medium":"https:\/\/images.epagine.fr\/328\/9782296037328_1_m.jpg","thumbnail":"https:\/\/images.epagine.fr\/328\/9782296037328_1_v.jpg"},"orderable":true,"show_badge":true,"formatted_price":"26,00&nbsp;\u20ac","formatted_published_date":"22 juin 2007","publisher_availability_label":"Sur commande","short_details":"Monalisa Carrilho De Macedo \u2014 \u00c9ditions L'Harmattan","translator":null,"weight":360,"page_count":272,"readership":null,"editor":"\u00c9ditions L'Harmattan","price":2600,"published_date":"2007-06-21T22:00:00.000000Z","support":"Grand format","publisher_availability":1,"stock":0,"editions":[],"url":"https:\/\/quaidesbrumes.com\/ouvrage\/9782296037328\/les-fureurs-a-la-renaissance"},{"id":"9782226074898","title":"La parole et la beaut\u00e9","description":"Interroger la notion de beaut\u00e9 aujourd'hui implique que l'on se retourne vers les Anciens afin de mesurer l'h\u00e9ritage et l'unit\u00e9 de la culture occidentale, issue de la pens\u00e9e de Cid\u00e9ron et traversant les oeuvres de ces t\u00e9moins que sont notamment Jean de Salisbury, Erasme, F\u00e9n\u00e9lon et Baudelaire. C'est le projet d'Alain Michel, professeur \u00e0 la Sorbonne et administrateur de la Soci\u00e9t\u00e9 des \u00e9tudes latines, qui \u00e9labore dans ce livre une histoire de la beaut\u00e9 et des formes litt\u00e9raires, de la rh\u00e9torique et de la po\u00e9tique en particulier.\r\nTout \u00e0 la fois bilan et tableau synoptique de l'esth\u00e9tique occidentale,  La parole et la beaut\u00e9 aide \u00e0 comprendre pourquoi, malgr\u00e9 les coups de la critique contemporaine, l'id\u00e9e de beaut\u00e9 garde se profonde actualit\u00e9.","authors":["Alain Michel"],"category_codes":["9000000","9080000","9080200","9080204"],"visuals":{"large":"https:\/\/images.epagine.fr\/898\/9782226074898_1_75.jpg","medium":"https:\/\/images.epagine.fr\/898\/9782226074898_1_m.jpg","thumbnail":"https:\/\/images.epagine.fr\/898\/9782226074898_1_v.jpg"},"orderable":true,"show_badge":true,"formatted_price":"11,20&nbsp;\u20ac","formatted_published_date":"6 octobre 1994","publisher_availability_label":"Sur commande","short_details":"Alain Michel \u2014 Albin Michel","translator":null,"weight":373,"page_count":470,"readership":null,"editor":"Albin Michel","price":1120,"published_date":"1994-10-05T23:00:00.000000Z","support":"Grand format","publisher_availability":1,"stock":0,"editions":[],"url":"https:\/\/quaidesbrumes.com\/ouvrage\/9782226074898\/la-parole-et-la-beaute"},{"id":"9782011621368","title":"Le monde, son origine, et son antiquite. de l'ame et de son immortalite. essai sur la chronologie -","description":"Le Monde, son origine, et son antiquit\u00e9 . De l'\u00e2me et de son immortalit\u00e9. Essai sur la chronologie. Seconde \u00e9dition, corrig\u00e9e avec soin Date de l'\u00e9dition originale : 1778 Comprend : De l'ame et de son immortalit\u00e9 ; Essai sur la chronologie Ce livre est la reproduction fid\u00e8le d'une oeuvre publi\u00e9e avant 1920 et fait partie d'une collection de livres r\u00e9imprim\u00e9s \u00e0 la demande \u00e9dit\u00e9e par Hachette Livre, dans le cadre d'un partenariat avec la Biblioth\u00e8que nationale de France, offrant l'opportunit\u00e9 d'acc\u00e9der \u00e0 des ouvrages anciens et souvent rares issus des fonds patrimoniaux de la BnF.\r\nLes oeuvres faisant partie de cette collection ont \u00e9t\u00e9 num\u00e9ris\u00e9es par la BnF et sont pr\u00e9sentes sur Gallica, sa biblioth\u00e8que num\u00e9rique.\r\n\r\nEn entreprenant de redonner vie \u00e0 ces ouvrages au travers d'une collection de livres r\u00e9imprim\u00e9s \u00e0 la demande, nous leur donnons la possibilit\u00e9 de rencontrer un public \u00e9largi et participons \u00e0 la transmission de connaissances et de savoirs parfois difficilement accessibles.\r\nNous avons cherch\u00e9 \u00e0 concilier la reproduction fid\u00e8le d'un livre ancien \u00e0 partir de sa version num\u00e9ris\u00e9e avec le souci d'un confort de lecture optimal. Nous esp\u00e9rons que les ouvrages de cette nouvelle collection vous apporteront enti\u00e8re satisfaction.\r\n\r\nPour plus d'informations, rendez-vous sur www.hachettebnf.fr","authors":[],"category_codes":["9000000","9080000"],"visuals":{"large":"https:\/\/images.epagine.fr\/368\/9782011621368_1_75.jpg","medium":"https:\/\/images.epagine.fr\/368\/9782011621368_1_m.jpg","thumbnail":"https:\/\/images.epagine.fr\/368\/9782011621368_1_v.jpg"},"orderable":true,"show_badge":true,"formatted_price":"24,50&nbsp;\u20ac","formatted_published_date":"1er septembre 2013","publisher_availability_label":"Sur commande","short_details":"Hachette BNF","translator":null,"weight":500,"page_count":null,"readership":null,"editor":"Hachette BNF","price":2450,"published_date":"2013-08-31T22:00:00.000000Z","support":"Grand format","publisher_availability":1,"stock":0,"editions":[],"url":"https:\/\/quaidesbrumes.com\/ouvrage\/9782011621368\/le-monde-son-origine-et-son-antiquite-de-lame-et-de-son-immortalite-essai-sur-la-chronologie"},{"id":"9782858163601","title":"SPINOZA","description":null,"authors":["Collectif"],"category_codes":["9000000","9080000"],"visuals":{"large":"https:\/\/quaidesbrumes.com\/img\/book-placeholder.png","medium":"https:\/\/quaidesbrumes.com\/img\/book-placeholder.png","thumbnail":"https:\/\/quaidesbrumes.com\/img\/book-placeholder.png"},"orderable":true,"show_badge":true,"formatted_price":"14,49&nbsp;\u20ac","formatted_published_date":"1er avril 1998","publisher_availability_label":"Sur commande","short_details":"Collectif \u2014 Pu Du Midi","translator":null,"weight":370,"page_count":null,"readership":null,"editor":"Pu Du Midi","price":1449,"published_date":"1998-03-31T22:00:00.000000Z","support":"Grand format","publisher_availability":1,"stock":0,"editions":[],"url":"https:\/\/quaidesbrumes.com\/ouvrage\/9782858163601\/spinoza"},{"id":"9782843012464","title":"\u00e9loge de la r\u00e9xistence","description":"On peut consid\u00e9rer cet ouvrage comme un manuel de \u00absavoir vivre\u00bb. En effet, apr\u00e8s avoir lu, transcrit et annot\u00e9 les carnets intimes de son p\u00e8re, \u00c9mile Biaggi, Vladimir a compris qu'il d\u00e9couvrait dans ces lignes r\u00e9dig\u00e9es en captivit\u00e9 (\u00e0 partir de 1940) dans un camp de travail, pr\u00e8s de Munich et de Dachau, une \u00e9tonnante le\u00e7on de vie et de survie au quotidien.\r\nLa question se pose ainsi : comment demeurer humain dans un univers d\u00e9shumanis\u00e9 ? Exister, c'est d'abord r\u00e9sister. Telle est la r\u00e9ponse, examin\u00e9e dans un bref essai pr\u00e9liminaire dont Vladimir Biaggi r\u00e9v\u00e8le le sens dans le mot-valise du titre : \u00ab\u00e9loge de la r\u00e9xistence\u00bb.","authors":["Vladimir Biaggi"],"category_codes":["9000000","9080000","9080200","9080204"],"visuals":{"large":"https:\/\/images.epagine.fr\/464\/9782843012464_1_75.jpg","medium":"https:\/\/images.epagine.fr\/464\/9782843012464_1_m.jpg","thumbnail":"https:\/\/images.epagine.fr\/464\/9782843012464_1_v.jpg"},"orderable":true,"show_badge":true,"formatted_price":"15,00&nbsp;\u20ac","formatted_published_date":"30 mars 2009","publisher_availability_label":"Sur commande","short_details":"Vladimir Biaggi \u2014 Aleas","translator":null,"weight":200,"page_count":null,"readership":"Tout public","editor":"Aleas","price":1500,"published_date":"2009-03-29T22:00:00.000000Z","support":"Grand format","publisher_availability":1,"stock":0,"editions":[],"url":"https:\/\/quaidesbrumes.com\/ouvrage\/9782843012464\/eloge-de-la-rexistence"},{"id":"9782226462503","title":"L'\u00c9preuve du d\u00e9sastre : Le XXe si\u00e8cle et les camps","description":"L'horreur d'Auschwitz et des crimes staliniens n'a mis un terme ni \u00e0 l'histoire totalitaire, ni \u00e0 celle des exterminations. Le pr\u00e9sent est contamin\u00e9. \r\n L'actualit\u00e9 apporte chaque jour la preuve que la d\u00e9mocratie triomphante n'est pas incompatible avec la perp\u00e9tuation, voire l'extension du monde concentrationnaire. Conserver la m\u00e9moire ne suffit pas. Il faut, pour l'avenir, passer \u00e0 une compr\u00e9hension du XXe si\u00e8cle marqu\u00e9 plus que tout autre par la d\u00e9chirure catastrophique du tissu de la civilisation que la d\u00e9mocratie mondialis\u00e9e ne peut r\u00e9parer.\r\n Alain Brossat, philosophe et enseignant \u00e0 l'universit\u00e9 Paris VIII, a voulu entreprendre cette t\u00e2che en relisant Hannah Arendt et Michel Foucault. Analysant la logique des discours concernant les g\u00e9nocides livr\u00e9s aux \u00e9motions, aux jeux de m\u00e9moire et aux enjeux politiques, il \u00e9labore une histoire compar\u00e9e des diff\u00e9rentes sc\u00e8nes de l'extr\u00eame Auschwitz, la Kolyma, Hiroshima.","authors":["Alain Brossat"],"category_codes":["9000000","9080000","9080700"],"visuals":{"large":"https:\/\/images.epagine.fr\/503\/9782226462503_1_75.jpg","medium":"https:\/\/images.epagine.fr\/503\/9782226462503_1_m.jpg","thumbnail":"https:\/\/images.epagine.fr\/503\/9782226462503_1_v.jpg"},"orderable":true,"show_badge":true,"formatted_price":"26,80&nbsp;\u20ac","formatted_published_date":"20 avril 2021","publisher_availability_label":"Sur commande","short_details":"Alain Brossat \u2014 Albin Michel","translator":null,"weight":607,"page_count":512,"readership":null,"editor":"Albin Michel","price":2680,"published_date":"2021-04-19T22:00:00.000000Z","support":"Grand format","publisher_availability":1,"stock":0,"editions":[],"url":"https:\/\/quaidesbrumes.com\/ouvrage\/9782226462503\/lepreuve-du-desastre-le-xxe-siecle-et-les-camps"},{"id":"9782747516136","title":"LE MOD\u00c8LE JURIDIQUE DEROIT ET HERM\u00c9NEUTIQUE","description":"Pour rendre compte du droit qui est avant tout le mod\u00e8le de la normalit\u00e9 sociale reconnue, les juristes ont \u00e9labor\u00e9 le \" mod\u00e8le du mod\u00e8le \". Celui-ci a pris les formes les plus diverses gravitant autour des deux p\u00f4les du droit positif (le mod\u00e8le explicatif) et du droit naturel (le mod\u00e8le compr\u00e9hensif). Explorant les rapports dialectiques qui existent entre ces deux mod\u00e8les, l'herm\u00e9neutique ou science de l'interpr\u00e9tation permet de r\u00e9sorber la diversit\u00e9 des mod\u00e8les juridiques pour en d\u00e9voiler la profonde unit\u00e9. Une contribution \u00e0 la th\u00e9orie g\u00e9n\u00e9rale du droit et une introduction \u00e0 une v\u00e9ritable science de la morale.","authors":["Paul Dubouchet"],"category_codes":["9000000","9080000"],"visuals":{"large":"https:\/\/images.epagine.fr\/136\/9782747516136_1_75.jpg","medium":"https:\/\/images.epagine.fr\/136\/9782747516136_1_m.jpg","thumbnail":"https:\/\/images.epagine.fr\/136\/9782747516136_1_v.jpg"},"orderable":true,"show_badge":true,"formatted_price":"20,00&nbsp;\u20ac","formatted_published_date":"1er novembre 2003","publisher_availability_label":"Sur commande","short_details":"Paul Dubouchet \u2014 \u00c9ditions L'Harmattan","translator":null,"weight":256,"page_count":226,"readership":null,"editor":"\u00c9ditions L'Harmattan","price":2000,"published_date":"2003-10-31T23:00:00.000000Z","support":"Grand format","publisher_availability":1,"stock":0,"editions":[],"url":"https:\/\/quaidesbrumes.com\/ouvrage\/9782747516136\/le-modele-juridique-deroit-et-hermeneutique"},{"id":"9782296034785","title":"Gaston bachelard ou le r\u00eave des origines","description":"\"L'approche de Jean-Luc Pouliquen se distingue par son originalit\u00e9 en r\u00e9v\u00e9lant des aspects de la r\u00e9flexion bachelardienne qui n'avaient pas encore \u00e9t\u00e9 mis en lumi\u00e8re\", \u00e9crit Marly Bulcao dans sa pr\u00e9face. S'appuyant sur des t\u00e9moignages et des documents in\u00e9dits, l'auteur s'emploie \u00e0 faire revivre ces moments-cl\u00e9s o\u00f9 Bachelard a donn\u00e9 corps \u00e0 sa conversion \u00e0 l'imaginaire. Louis Guillaume, Jacques Audiberti, Jean Paulhan, les surr\u00e9alistes, Roger Caillois sont des figures ici \u00e9voqu\u00e9es pour le r\u00f4le qu'elles ont jou\u00e9 dans l'\u00e9panouissement de la pens\u00e9e bachelardienne.","authors":["Jean-luc Pouliquen"],"category_codes":["9000000","9080000","9080200","9080204"],"visuals":{"large":"https:\/\/images.epagine.fr\/785\/9782296034785_1_75.jpg","medium":"https:\/\/images.epagine.fr\/785\/9782296034785_1_m.jpg","thumbnail":"https:\/\/images.epagine.fr\/785\/9782296034785_1_v.jpg"},"orderable":true,"show_badge":true,"formatted_price":"14,00&nbsp;\u20ac","formatted_published_date":"22 juin 2007","publisher_availability_label":"Sur commande","short_details":"Jean-luc Pouliquen \u2014 \u00c9ditions L'Harmattan","translator":null,"weight":190,"page_count":144,"readership":null,"editor":"\u00c9ditions L'Harmattan","price":1400,"published_date":"2007-06-21T22:00:00.000000Z","support":"Grand format","publisher_availability":1,"stock":0,"editions":[],"url":"https:\/\/quaidesbrumes.com\/ouvrage\/9782296034785\/gaston-bachelard-ou-le-reve-des-origines"},{"id":"9782130877424","title":"Revue Les \u00e9tudes philosophiques n.4","description":"Le colloque international \"Les sources arabo-musulmanes de la pens\u00e9e de Spinoza\", qui s'est tenu en Sorbonne en novembre 2024, a constitu\u00e9 la premi\u00e8re tentative de prendre pour objet la relation de Spinoza \u00e0 la tradition philosophique arabo-islamique m\u00e9di\u00e9vale (Kalam et Falsafa) : il s'agissait de comprendre les voies de transmissions, d'\u00e9valuer dans quelle mesure les d\u00e9bats, les th\u00e8mes et les concepts caract\u00e9ristiques de cette tradition impr\u00e8gnent la culture et les \u00e9crits de Spinoza, ainsi que d'enrichir le panorama que nous en avions jusqu'ici. \r\n\r\n Sans pr\u00e9tendre \u00e9puiser le sujet, les contributions ont mis en \u00e9vidence la large connaissance que Spinoza avait des th\u00e8mes et des arguments d\u00e9velopp\u00e9s par les penseurs arabo-islamiques (Kalam et Falsafa) qu'il y adh\u00e8re ou non, qu'il s'en inspire pour construire sa propre doctrine ou qu'il en fasse un usage critique. Elles ont montr\u00e9 que le dialogue avec cette tradition concerne tous les champs dans lesquels la philosophie de Spinoza s'est d\u00e9velopp\u00e9e (m\u00e9taphysique, cosmologie, th\u00e9orie de la connaissance, \u00e9thique, philosophie de la religion et politique). \r\n\r\n La publication des actes fera l'objet de deux volumes de la revue. Le premier rassemblera les \u00e9tudes li\u00e9es aux voies de diffusion des oeuvres et des doctrines des penseurs arabo-musulmans au XVIIe s. et dans le cercle de Spinoza; les \u00e9tudes sur le rapport de la pens\u00e9e de Spinoza \u00e0 la tradition du Kalam ainsi que le premier volet du dossier sur le rapport de la pens\u00e9e de Spinoza \u00e0 la Falsafa, consacr\u00e9 aux questions m\u00e9taphysiques. Le second concernera le rapport de la pens\u00e9e de Spinoza \u00e0 la Falsafa sur les questions de cosmologie, de th\u00e9orie de la connaissance et les questions \u00e9thiques, politiques et de philosophie de la religion.\r","authors":["Collectif"],"category_codes":["9000000","9080000","9080200"],"visuals":{"large":"https:\/\/images.epagine.fr\/424\/9782130877424_1_75.jpg","medium":"https:\/\/images.epagine.fr\/424\/9782130877424_1_m.jpg","thumbnail":"https:\/\/images.epagine.fr\/424\/9782130877424_1_v.jpg"},"orderable":true,"show_badge":true,"formatted_price":"25,00&nbsp;\u20ac","formatted_published_date":"19 mars 2026","publisher_availability_label":"Sur commande","short_details":"Collectif \u2014 PUF","translator":null,"weight":525,"page_count":125,"readership":"Tout public","editor":"PUF","price":2500,"published_date":"2026-03-18T23:00:00.000000Z","support":"Revue","publisher_availability":1,"stock":0,"editions":[],"url":"https:\/\/quaidesbrumes.com\/ouvrage\/9782130877424\/revue-les-etudes-philosophiques-n4"},{"id":"9782747523370","title":"La philosophie de l'histoire chez kant","description":"La philosophie de l'histoire constitue un point critique de la pens\u00e9e kantienne. Sur le plan m\u00e9thodologique, Kant y soumet son concept de finalit\u00e9 \u00e0 l'\u00e9preuve de l'exp\u00e9rience. Sur le plan syst\u00e9matique, il y interpr\u00e8te, de fa\u00e7on probl\u00e9matique, des notions-cl\u00e9s comme le mal moral ou l'esp\u00e9rance, et met ainsi en jeu l'ensemble de sa solution au probl\u00e8me du sens. Le pr\u00e9sent ouvrage analyse ces points n\u00e9vralgiques de la philosophie de l'histoire, avec pour principe de laisser parler les ambigu\u00eft\u00e9s du texte kantien.","authors":["Pierre-Etienne Druet"],"category_codes":["9000000","9080000"],"visuals":{"large":"https:\/\/images.epagine.fr\/370\/9782747523370_1_75.jpg","medium":"https:\/\/images.epagine.fr\/370\/9782747523370_1_m.jpg","thumbnail":"https:\/\/images.epagine.fr\/370\/9782747523370_1_v.jpg"},"orderable":true,"show_badge":true,"formatted_price":"28,00&nbsp;\u20ac","formatted_published_date":"1er janvier 2002","publisher_availability_label":"Sur commande","short_details":"Pierre-Etienne Druet \u2014 \u00c9ditions L'Harmattan","translator":null,"weight":404,"page_count":324,"readership":null,"editor":"\u00c9ditions L'Harmattan","price":2800,"published_date":"2001-12-31T23:00:00.000000Z","support":"Grand format","publisher_availability":1,"stock":0,"editions":["9782747532372"],"url":"https:\/\/quaidesbrumes.com\/ouvrage\/9782747523370\/la-philosophie-de-lhistoire-chez-kant"}]}