{"data":[{"id":"9782343034997","title":"L'art et son myst\u00e8re ; l'art sans minist\u00e8re","description":"Comment rencontrer l'art, aujourd'hui, dans notre monde en mutation et dont le sens \u00e9chappe \u00e0 la raison ? La pens\u00e9e logique traditionnelle devient insuffisante. Le go\u00fbt, le style, l'invention, la cr\u00e9ativit\u00e9...restent des notions vaines, inad\u00e9quates. Une autre pens\u00e9e se cherche \u00e0 travers l'exp\u00e9rience de l'artiste cr\u00e9ateur. Il s'agit d'une migration dans un ailleurs irrationnel qui remet en cause la notion d' \" Art contemporain\", ce dont t\u00e9moigne abondamment l'exposition Van Gogh\/Artaud, au mus\u00e9e d'Orsay, en 2014.\r","authors":["Georges Brunon"],"category_codes":["9000000","9080000","9080200","9080204"],"visuals":{"large":"https:\/\/images.epagine.fr\/997\/9782343034997_1_75.jpg","medium":"https:\/\/images.epagine.fr\/997\/9782343034997_1_m.jpg","thumbnail":"https:\/\/images.epagine.fr\/997\/9782343034997_1_v.jpg"},"orderable":true,"show_badge":true,"formatted_price":"28,00&nbsp;\u20ac","formatted_published_date":"28 avril 2014","publisher_availability_label":"Sur commande","short_details":"Georges Brunon \u2014 \u00c9ditions L'Harmattan","translator":null,"weight":320,"page_count":264,"readership":null,"editor":"\u00c9ditions L'Harmattan","price":2800,"published_date":"2014-04-27T22:00:00.000000Z","support":"Grand format","publisher_availability":1,"stock":0,"editions":[],"url":"https:\/\/quaidesbrumes.com\/ouvrage\/9782343034997\/lart-et-son-mystere-lart-sans-ministere"},{"id":"9782329845876","title":"Le malaise de la pens\u00e9e philosophique","description":"Le malaise de la pens\u00e9e philosophique \/ par Andr\u00e9 Cresson,...\r\nDate de l'\u00e9dition originale : 1905\r\nLe pr\u00e9sent ouvrage s'inscrit dans une politique de conservation patrimoniale des ouvrages de la litt\u00e9rature Fran\u00e7aise mise en place avec la BNF. \r\nHACHETTE LIVRE et la BNF proposent ainsi un catalogue de titres indisponibles, la BNF ayant num\u00e9ris\u00e9 ces oeuvres et HACHETTE LIVRE les imprimant \u00e0 la demande. \r\nCertains de ces ouvrages refl\u00e8tent des courants de pens\u00e9e caract\u00e9ristiques de leur \u00e9poque, mais qui seraient aujourd'hui jug\u00e9s condamnables. \r\nIls n'en appartiennent pas moins \u00e0 l'histoire des id\u00e9es en France et sont susceptibles de pr\u00e9senter un int\u00e9r\u00eat scientifique ou historique. \r\nLe sens de notre d\u00e9marche \u00e9ditoriale consiste ainsi \u00e0 permettre l'acc\u00e8s \u00e0 ces oeuvres sans pour autant que nous en cautionnions en aucune fa\u00e7on le contenu. \r\nPour plus d'informations, rendez-vous sur www.hachettebnf.fr","authors":["Andr\u00e9 Cresson"],"category_codes":["9000000","9080000"],"visuals":{"large":"https:\/\/quaidesbrumes.com\/img\/book-placeholder.png","medium":"https:\/\/quaidesbrumes.com\/img\/book-placeholder.png","thumbnail":"https:\/\/quaidesbrumes.com\/img\/book-placeholder.png"},"orderable":true,"show_badge":true,"formatted_price":"20,50&nbsp;\u20ac","formatted_published_date":"29 d\u00e9cembre 2022","publisher_availability_label":"Sur commande","short_details":"Andr\u00e9 Cresson \u2014 Hachette BNF","translator":null,"weight":332,"page_count":240,"readership":null,"editor":"Hachette BNF","price":2050,"published_date":"2022-12-28T23:00:00.000000Z","support":"Grand format","publisher_availability":1,"stock":0,"editions":[],"url":"https:\/\/quaidesbrumes.com\/ouvrage\/9782329845876\/le-malaise-de-la-pensee-philosophique"},{"id":"9782200213961","title":"Reussir le capes et l'agregation de lettres modernes","description":null,"authors":["Collectif"],"category_codes":["9000000","9080000","9080200"],"visuals":{"large":"https:\/\/quaidesbrumes.com\/img\/book-placeholder.png","medium":"https:\/\/quaidesbrumes.com\/img\/book-placeholder.png","thumbnail":"https:\/\/quaidesbrumes.com\/img\/book-placeholder.png"},"orderable":true,"show_badge":true,"formatted_price":"14,79&nbsp;\u20ac","formatted_published_date":"15 ao\u00fbt 2002","publisher_availability_label":"Sur commande","short_details":"Collectif \u2014 Armand Colin","translator":null,"weight":0,"page_count":null,"readership":null,"editor":"Armand Colin","price":1479,"published_date":"2002-08-14T22:00:00.000000Z","support":"Grand format","publisher_availability":1,"stock":0,"editions":[],"url":"https:\/\/quaidesbrumes.com\/ouvrage\/9782200213961\/reussir-le-capes-et-lagregation-de-lettres-modernes"},{"id":"9782812401626","title":"Oeuvres philosophiques Tome 2 ; 1638-1642","description":"Le tome II des oeuvres Philosophiques de Descartes par F. Alqui\u00e9 (\u00e9dition revue) rassemble les M\u00e9ditations en latin, les M\u00e9ditations, les Objections et les r\u00e9ponses, la seconde \u00e9dition des M\u00e9ditations, les Septi\u00e8mes Objections et r\u00e9ponses, la Recherche de la v\u00e9rit\u00e9 par la lumi\u00e8re naturelle et les lettres qui vont de 1640 \u00e0 1642.\r","authors":["Ren\u00e9 Descartes"],"category_codes":["9000000","9080000","9080200","9080204"],"visuals":{"large":"https:\/\/images.epagine.fr\/626\/9782812401626_1_75.jpg","medium":"https:\/\/images.epagine.fr\/626\/9782812401626_1_m.jpg","thumbnail":"https:\/\/images.epagine.fr\/626\/9782812401626_1_v.jpg"},"orderable":true,"show_badge":true,"formatted_price":"49,00&nbsp;\u20ac","formatted_published_date":"5 juillet 2010","publisher_availability_label":"Sur commande","short_details":"Ren\u00e9 Descartes \u2014 CLASSIQUES GARNIER","translator":null,"weight":1385,"page_count":1148,"readership":null,"editor":"CLASSIQUES GARNIER","price":4900,"published_date":"2010-07-04T22:00:00.000000Z","support":"Grand format","publisher_availability":1,"stock":0,"editions":[],"url":"https:\/\/quaidesbrumes.com\/ouvrage\/9782812401626\/oeuvres-philosophiques-tome-2-1638-1642"},{"id":"9782013373111","title":"Critique de l'idealisme et du criticisme","description":"Critique de l'id\u00e9alisme et du criticisme \/ par A. Ott http:\/\/gallica.bnf.fr\/ark:\/12148\/bpt6k5499723n\r","authors":["Ott Auguste"],"category_codes":["9000000","9080000"],"visuals":{"large":"https:\/\/images.epagine.fr\/111\/9782013373111_1_75.jpg","medium":"https:\/\/images.epagine.fr\/111\/9782013373111_1_m.jpg","thumbnail":"https:\/\/images.epagine.fr\/111\/9782013373111_1_v.jpg"},"orderable":true,"show_badge":true,"formatted_price":"28,50&nbsp;\u20ac","formatted_published_date":"1er septembre 2013","publisher_availability_label":"Sur commande","short_details":"Ott Auguste \u2014 Hachette BNF","translator":null,"weight":627,"page_count":null,"readership":null,"editor":"Hachette BNF","price":2850,"published_date":"2013-08-31T22:00:00.000000Z","support":"Grand format","publisher_availability":1,"stock":0,"editions":[],"url":"https:\/\/quaidesbrumes.com\/ouvrage\/9782013373111\/critique-de-lidealisme-et-du-criticisme"},{"id":"9782738463104","title":"Le comte Joseph de Maistre, 1753-1821 ; itin\u00e9raire intellectuel d'un th\u00e9ologien de la politique","description":"Joseph de Maistre est pass\u00e9 \u00e0 la post\u00e9rit\u00e9 comme la figure majeure du r\u00e9actionnaire. Le syncr\u00e9tisme de sa pens\u00e9e nourrie au fil des exp\u00e9riences historiques constitue la richesse du Comte de Maistre. Ce magistrat savoyard, membre actif de la franc-ma\u00e7onnerie mystique, s'int\u00e9ressa de pr\u00e8s \u00e0 la redistribution du pouvoir au profit des Parlements au point d'\u00eatre soup\u00e7onn\u00e9 tout au long de sa carri\u00e8re administrative d'\u00eatre un lib\u00e9ral d\u00e9guis\u00e9. Malgr\u00e9 son \u00e9chec \u00e0 l'\u00e9chelle de sa vie, Maistre garde toute son \u00e9paisseur historique pour avoir refond\u00e9 l'indissolubilit\u00e9 des liens nourriciers et dangereux entre le pouvoir et le sacr\u00e9.\r","authors":["Franck Lafage"],"category_codes":["9000000","9080000","9080200","9080204"],"visuals":{"large":"https:\/\/images.epagine.fr\/104\/9782738463104_1_75.jpg","medium":"https:\/\/images.epagine.fr\/104\/9782738463104_1_m.jpg","thumbnail":"https:\/\/images.epagine.fr\/104\/9782738463104_1_v.jpg"},"orderable":true,"show_badge":true,"formatted_price":"26,00&nbsp;\u20ac","formatted_published_date":"15 f\u00e9vrier 1998","publisher_availability_label":"Sur commande","short_details":"Franck Lafage \u2014 \u00c9ditions L'Harmattan","translator":null,"weight":398,"page_count":278,"readership":null,"editor":"\u00c9ditions L'Harmattan","price":2600,"published_date":"1998-02-14T23:00:00.000000Z","support":"Grand format","publisher_availability":1,"stock":0,"editions":[],"url":"https:\/\/quaidesbrumes.com\/ouvrage\/9782738463104\/le-comte-joseph-de-maistre-1753-1821-itineraire-intellectuel-dun-theologien-de-la-politique"},{"id":"9782738464880","title":"L'id\u00e9ologie humanitaire ou le spectacle de l'alterit\u00e9 perdue","description":"L'action humanitaire a produit en quelques ann\u00e9es une id\u00e9ologie coh\u00e9rente qui permet de penser de facon homog\u00e8ne le destin des victimes des catastrophes, tant naturelles que politiques. C'est \u00e0 travers la m\u00e9decine humanitaire, en particulier, que cette mondialisation de la gestion des Autres est d\u00e9sormais tellement ritualis\u00e9e par les m\u00e9dias qu'elle est devenue un sentiment virtuel, un \u00e9l\u00e9ment de correction morale universelle. En fait, l'id\u00e9ologie humanitaire se pr\u00e9sente comme la facade \u00e9thique des nouvelles formes d'exploitation \u00e9conomique. Elle sert d'abord \u00e0 rendre acceptable l'iniquit\u00e9 en attirant le regard sur les seules victimes spectaculaires.\r","authors":["Bernard Hours"],"category_codes":["9000000","9080000","9080200","9080204"],"visuals":{"large":"https:\/\/images.epagine.fr\/880\/9782738464880_1_75.jpg","medium":"https:\/\/images.epagine.fr\/880\/9782738464880_1_m.jpg","thumbnail":"https:\/\/images.epagine.fr\/880\/9782738464880_1_v.jpg"},"orderable":true,"show_badge":true,"formatted_price":"18,50&nbsp;\u20ac","formatted_published_date":"3 mai 2000","publisher_availability_label":"Sur commande","short_details":"Bernard Hours \u2014 \u00c9ditions L'Harmattan","translator":null,"weight":218,"page_count":178,"readership":null,"editor":"\u00c9ditions L'Harmattan","price":1850,"published_date":"2000-05-02T22:00:00.000000Z","support":"Grand format","publisher_availability":1,"stock":0,"editions":[],"url":"https:\/\/quaidesbrumes.com\/ouvrage\/9782738464880\/lideologie-humanitaire-ou-le-spectacle-de-lalterite-perdue"},{"id":"9782012773752","title":"Traite de porphyre, touchant l'abstinence de la chair des animaux , avec la vie de plotin (ed.1747)","description":"Trait\u00e9 de Porphyre, touchant l'abstinence de la chair des animaux , avec la Vie de Plotin par ce philosophe, et une Dissertation sur les g\u00e9nies, par M. de Burigny http:\/\/gallica.bnf.fr\/ark:\/12148\/bpt6k75739k\r","authors":["Porphyre"],"category_codes":["9000000","9080000"],"visuals":{"large":"https:\/\/images.epagine.fr\/752\/9782012773752_1_75.jpg","medium":"https:\/\/images.epagine.fr\/752\/9782012773752_1_m.jpg","thumbnail":"https:\/\/images.epagine.fr\/752\/9782012773752_1_v.jpg"},"orderable":true,"show_badge":true,"formatted_price":"31,50&nbsp;\u20ac","formatted_published_date":"1er mai 2012","publisher_availability_label":"Sur commande","short_details":"Porphyre \u2014 Hachette BNF","translator":null,"weight":719,"page_count":null,"readership":null,"editor":"Hachette BNF","price":3150,"published_date":"2012-04-30T22:00:00.000000Z","support":"Grand format","publisher_availability":1,"stock":0,"editions":[],"url":"https:\/\/quaidesbrumes.com\/ouvrage\/9782012773752\/traite-de-porphyre-touchant-labstinence-de-la-chair-des-animaux-avec-la-vie-de-plotin-ed1747"},{"id":"9782013373142","title":"Conscience et science du devoir, introduction a une explication nouvelle du code napoleon. tome 1","description":"Conscience et science du devoir, introduction \u00e0 une explication nouvelle du code Napol\u00e9on, par J. Oudot,.... Tome 1 http:\/\/gallica.bnf.fr\/ark:\/12148\/bpt6k6138754q\r","authors":["Oudot Julien"],"category_codes":["9000000","9080000"],"visuals":{"large":"https:\/\/images.epagine.fr\/142\/9782013373142_1_75.jpg","medium":"https:\/\/images.epagine.fr\/142\/9782013373142_1_m.jpg","thumbnail":"https:\/\/images.epagine.fr\/142\/9782013373142_1_v.jpg"},"orderable":true,"show_badge":true,"formatted_price":"29,00&nbsp;\u20ac","formatted_published_date":"1er septembre 2013","publisher_availability_label":"Sur commande","short_details":"Oudot Julien \u2014 Hachette BNF","translator":null,"weight":644,"page_count":null,"readership":null,"editor":"Hachette BNF","price":2900,"published_date":"2013-08-31T22:00:00.000000Z","support":"Grand format","publisher_availability":1,"stock":0,"editions":[],"url":"https:\/\/quaidesbrumes.com\/ouvrage\/9782013373142\/conscience-et-science-du-devoir-introduction-a-une-explication-nouvelle-du-code-napoleon-tome-1"},{"id":"9782013373159","title":"Conscience et science du devoir, introduction a une explication nouvelle du code napoleon. tome 2","description":"Conscience et science du devoir, introduction \u00e0 une explication nouvelle du code Napol\u00e9on, par J. Oudot,.... Tome 2 http:\/\/gallica.bnf.fr\/ark:\/12148\/bpt6k61422582\r","authors":["Oudot Julien"],"category_codes":["9000000","9080000"],"visuals":{"large":"https:\/\/images.epagine.fr\/159\/9782013373159_1_75.jpg","medium":"https:\/\/images.epagine.fr\/159\/9782013373159_1_m.jpg","thumbnail":"https:\/\/images.epagine.fr\/159\/9782013373159_1_v.jpg"},"orderable":true,"show_badge":true,"formatted_price":"30,50&nbsp;\u20ac","formatted_published_date":"1er septembre 2013","publisher_availability_label":"Sur commande","short_details":"Oudot Julien \u2014 Hachette BNF","translator":null,"weight":700,"page_count":null,"readership":null,"editor":"Hachette BNF","price":3050,"published_date":"2013-08-31T22:00:00.000000Z","support":"Grand format","publisher_availability":1,"stock":0,"editions":[],"url":"https:\/\/quaidesbrumes.com\/ouvrage\/9782013373159\/conscience-et-science-du-devoir-introduction-a-une-explication-nouvelle-du-code-napoleon-tome-2"},{"id":"9782012773851","title":"Traite des causes secondes (ed.1897)","description":"Trait\u00e9 des causes secondes : pr\u00e9c\u00e9d\u00e9 d'une vie de l'auteur, d'une bibliographie et d'une pr\u00e9face, et accompagn\u00e9 de notes... \/ Jean Trith\u00e8me http:\/\/gallica.bnf.fr\/ark:\/12148\/bpt6k1143539\r","authors":["Trithemius Johannes"],"category_codes":["9000000","9080000"],"visuals":{"large":"https:\/\/images.epagine.fr\/851\/9782012773851_1_75.jpg","medium":"https:\/\/images.epagine.fr\/851\/9782012773851_1_m.jpg","thumbnail":"https:\/\/images.epagine.fr\/851\/9782012773851_1_v.jpg"},"orderable":true,"show_badge":true,"formatted_price":"17,50&nbsp;\u20ac","formatted_published_date":"1er avril 2012","publisher_availability_label":"Sur commande","short_details":"Trithemius Johannes \u2014 Hachette BNF","translator":null,"weight":227,"page_count":null,"readership":null,"editor":"Hachette BNF","price":1750,"published_date":"2012-03-31T22:00:00.000000Z","support":"Grand format","publisher_availability":1,"stock":0,"editions":[],"url":"https:\/\/quaidesbrumes.com\/ouvrage\/9782012773851\/traite-des-causes-secondes-ed1897"},{"id":"9782081212381","title":"Une histoire de la memoire","description":"Le fonctionnement de notre m\u00e9moire reste une \u00e9nigme.\r\nDepuis l'Antiquit\u00e9, seules nos m\u00e9moires \" artificielles \" nous permettent de l'appr\u00e9hender. Platon la comparait \u00e0 une tablette de cire ; au Moyen Age, on l'assimilait \u00e0 un livre ; \u00e0 la Renaissance, \u00e0 une chambre noire. Ce n'est qu'avec l'invention de la photographie et du phonographe, au XIXe si\u00e8cle, que l'on comprit comment une repr\u00e9sentation pouvait \u00eatre conserv\u00e9e dans la mati\u00e8re puis r\u00e9activ\u00e9e. Mais par combien de m\u00e9taphores savantes sommes-nous pass\u00e9s, de la biblioth\u00e8que au colombier, de la cave \u00e0 vin au labyrinthe, du puits de mine aux profondeurs marines ? V\u00e9ritable promenade dans le mus\u00e9e des repr\u00e9sentations et des techniques, ce livre r\u00e9v\u00e8le la richesse des discussions scientifiques qui ont \u00e9maill\u00e9 la psychologie de la m\u00e9moire au cours des si\u00e8cles, mettant en relation l'histoire des sciences, la philosophie, les neurosciences, l'informatique, l'intelligence artificielle...\r\nAujourd'hui, nous disposons d'un grand nombre de m\u00e9moires proth\u00e9tiques : ordinateurs, hologrammes, r\u00e9seaux neuronaux, autant d'analogies nouvelles qui assimilent la pens\u00e9e au fonctionnement d'une machine et m\u00e9canisent le psychisme. Mais ce n'est plus la machine qui sert \u00e0 penser la m\u00e9moire, c'est la structure du cerveau qui sert de mod\u00e8le aux machines de demain. Les similitudes entre le tissu neuronal (biologique) et les r\u00e9seaux neuronaux (artificiels), aussi infimes soient-elles, nous aideront-elles \u00e0 percer un jour le myst\u00e8re de notre m\u00e9moire ?\r","authors":["Douwe Draaisma","Bertrand Abraham"],"category_codes":["9000000","9080000","9080200","9080204"],"visuals":{"large":"https:\/\/images.epagine.fr\/381\/9782081212381_1_75.jpg","medium":"https:\/\/images.epagine.fr\/381\/9782081212381_1_m.jpg","thumbnail":"https:\/\/images.epagine.fr\/381\/9782081212381_1_v.jpg"},"orderable":true,"show_badge":true,"formatted_price":"26,40&nbsp;\u20ac","formatted_published_date":"28 ao\u00fbt 2010","publisher_availability_label":"Sur commande","short_details":"Douwe Draaisma, Bertrand Abraham \u2014 Flammarion","translator":"BERTRAND ABRAHAM","weight":514,"page_count":506,"readership":null,"editor":"Flammarion","price":2640,"published_date":"2010-08-27T22:00:00.000000Z","support":"Grand format","publisher_availability":1,"stock":0,"editions":[],"url":"https:\/\/quaidesbrumes.com\/ouvrage\/9782081212381\/une-histoire-de-la-memoire"},{"id":"9782204048910","title":"Indispensable vertu de force ; profession de foi d'un diplomate","description":"La vertu de force, c'est-\u00e0-dire l'aptitude du sujet \u00e0 s'affirmer tout en se dominant, a \u00e9t\u00e9 discern\u00e9e et c\u00e9l\u00e9br\u00e9e par les Grecs et les Romains, puis adopt\u00e9e et baptis\u00e9e \" cardinale \" par les chr\u00e9tiens des premiers \u00e2ges ; elle a \u00e9t\u00e9 exerc\u00e9e aussi par les juifs, les musulmans, les peuples de l'Inde, de la Chine et du Japon, sans qu'aucun d'eux y fasse r\u00e9f\u00e9rence. En Occident, la vertu de force devait subir au cours des si\u00e8cles, chez les penseurs et les acteurs de la vie sociale, politique et \u00e9conomique, une \u00e9rosion douce, puis forte avec l'existentialisme et le positivisme. Comment la vertu de force peut-elle s'exercer parmi les nations ? Comment tenir compte des diversit\u00e9s culturelles ? En quoi et comment peut-elle changer le sort du monde ? Un ambassadeur de France, auteur de plusieurs essais sur les enjeux de l'\u00e9thique et sur la psychologie des peuples, fait part de ses observations, de ses r\u00e9flexions et de sa foi : un t\u00e9moignage.","authors":["Gilles Curien"],"category_codes":["9000000","9080000","9080200","9080204"],"visuals":{"large":"https:\/\/images.epagine.fr\/910\/9782204048910_1_75.jpg","medium":"https:\/\/images.epagine.fr\/910\/9782204048910_1_m.jpg","thumbnail":"https:\/\/images.epagine.fr\/910\/9782204048910_1_v.jpg"},"orderable":true,"show_badge":true,"formatted_price":"27,50&nbsp;\u20ac","formatted_published_date":"18 novembre 1993","publisher_availability_label":"Sur commande","short_details":"Gilles Curien \u2014 Les \u00e9ditions du Cerf","translator":null,"weight":300,"page_count":242,"readership":null,"editor":"Les \u00e9ditions du Cerf","price":2750,"published_date":"1993-11-17T23:00:00.000000Z","support":"Grand format","publisher_availability":1,"stock":0,"editions":[],"url":"https:\/\/quaidesbrumes.com\/ouvrage\/9782204048910\/indispensable-vertu-de-force-profession-de-foi-dun-diplomate"},{"id":"9782213596457","title":"Oeuvres compl\u00e8tes (1751-1761)","description":null,"authors":["Bernard de Fontenelle"],"category_codes":["9000000","9080000"],"visuals":{"large":"https:\/\/quaidesbrumes.com\/img\/book-placeholder.png","medium":"https:\/\/quaidesbrumes.com\/img\/book-placeholder.png","thumbnail":"https:\/\/quaidesbrumes.com\/img\/book-placeholder.png"},"orderable":true,"show_badge":true,"formatted_price":"45,90&nbsp;\u20ac","formatted_published_date":"17 avril 1996","publisher_availability_label":"Sur commande","short_details":"Bernard de Fontenelle \u2014 Fayard","translator":null,"weight":728,"page_count":null,"readership":null,"editor":"Fayard","price":4590,"published_date":"1996-04-16T22:00:00.000000Z","support":"Grand format","publisher_availability":1,"stock":0,"editions":[],"url":"https:\/\/quaidesbrumes.com\/ouvrage\/9782213596457\/oeuvres-completes-1751-1761"},{"id":"9782213597232","title":"Memoires academiques, 1717-1749","description":null,"authors":["Nicolas Fr\u00e9ret"],"category_codes":["9000000","9080000","9080200"],"visuals":{"large":"https:\/\/quaidesbrumes.com\/img\/book-placeholder.png","medium":"https:\/\/quaidesbrumes.com\/img\/book-placeholder.png","thumbnail":"https:\/\/quaidesbrumes.com\/img\/book-placeholder.png"},"orderable":true,"show_badge":true,"formatted_price":"34,10&nbsp;\u20ac","formatted_published_date":"15 janvier 1997","publisher_availability_label":"Sur commande","short_details":"Nicolas Fr\u00e9ret \u2014 Fayard","translator":null,"weight":590,"page_count":null,"readership":null,"editor":"Fayard","price":3410,"published_date":"1997-01-14T23:00:00.000000Z","support":"Grand format","publisher_availability":1,"stock":0,"editions":[],"url":"https:\/\/quaidesbrumes.com\/ouvrage\/9782213597232\/memoires-academiques-1717-1749"},{"id":"9782872099276","title":"L'Institut sup\u00e9rieur de philosophie de Louvain (1889-1968) ; inventaire des archives, introduction historique","description":"L'Institut sup\u00e9rieur de philosophie de Louvain, cr\u00e9\u00e9 en 1889, est n\u00e9 du souci du Pape L\u00e9on XIII de restaurer la pens\u00e9e catholique en s'appuyant sur la pens\u00e9e de Thomas d'Aquin. Son fondateur D\u00e9sir\u00e9 Mercier fait \u00e9voluer ce projet. Les archives rassembl\u00e9es et conserv\u00e9es \u00e0 Louvain-la-Neuve ouvrent \u00e0 l'histoire mat\u00e9rielle et intellectuelle de l'Institut et de ses membres, dont Jean Ladri\u00e8re, et invitent \u00e0 consid\u00e9rer un parcours exemplaire de la philosophie dans l'Occident chr\u00e9tien contemporain.","authors":["Fran\u00e7oise Hiraux","Fran\u00e7oise Mirguet"],"category_codes":["9000000","9080000","9080200","9080204"],"visuals":{"large":"https:\/\/images.epagine.fr\/276\/9782872099276_1_75.jpg","medium":"https:\/\/images.epagine.fr\/276\/9782872099276_1_m.jpg","thumbnail":"https:\/\/images.epagine.fr\/276\/9782872099276_1_v.jpg"},"orderable":true,"show_badge":true,"formatted_price":"62,50&nbsp;\u20ac","formatted_published_date":"17 novembre 2008","publisher_availability_label":"Sur commande","short_details":"Fran\u00e7oise Hiraux, Fran\u00e7oise Mirguet \u2014 ACADEMIA","translator":null,"weight":900,"page_count":520,"readership":null,"editor":"ACADEMIA","price":6250,"published_date":"2008-11-16T23:00:00.000000Z","support":"Grand format","publisher_availability":1,"stock":0,"editions":[],"url":"https:\/\/quaidesbrumes.com\/ouvrage\/9782872099276\/linstitut-superieur-de-philosophie-de-louvain-1889-1968-inventaire-des-archives-introduction-historique"},{"id":"9782747583305","title":"L'Initiation de Faust et de Parzival","description":"Ce livre offre une lecture symbolique du chemin initiatique de Faust et de Parzival, deux grandes figures mythiques de la conscience occidentale, qui nous interpellent en probl\u00e9matisant les questions essentielles de l'existence humaine. Ici, les les images expriment les transformations subtiles de l'\u00e2me et dessinent une voie, un itin\u00e9raire, o\u00f9 l'homme peut lire le sens de son destin.\r","authors":["Aminta Dupuis"],"category_codes":["9000000","9070000","9070200"],"visuals":{"large":"https:\/\/images.epagine.fr\/305\/9782747583305_1_75.jpg","medium":"https:\/\/images.epagine.fr\/305\/9782747583305_1_m.jpg","thumbnail":"https:\/\/images.epagine.fr\/305\/9782747583305_1_v.jpg"},"orderable":true,"show_badge":true,"formatted_price":"17,50&nbsp;\u20ac","formatted_published_date":"1er juin 2005","publisher_availability_label":"Sur commande","short_details":"Aminta Dupuis \u2014 \u00c9ditions L'Harmattan","translator":null,"weight":210,"page_count":186,"readership":null,"editor":"\u00c9ditions L'Harmattan","price":1750,"published_date":"2005-05-31T22:00:00.000000Z","support":"Grand format","publisher_availability":1,"stock":0,"editions":[],"url":"https:\/\/quaidesbrumes.com\/ouvrage\/9782747583305\/linitiation-de-faust-et-de-parzival"},{"id":"9782906757936","title":"Michel Foucault","description":"De l'archiviste au militant Comment exister en \u00e9tant libre et contraint ? Telle est l'une des interrogations pos\u00e9es par Michel Foucault, dont l'?uvre a marqu\u00e9 toute une g\u00e9n\u00e9ration. Chaque livre de Michel Foucault (1926-1984), normalien, docteur en philosophie, a soulev\u00e9 pol\u00e9mique et passion, tant leur aspect iconoclaste et novateur, a boulevers\u00e9 le monde des id\u00e9es. Intellectuel de terrain, il a organis\u00e9 des d\u00e9bats, la conf\u00e9rence de presse Aron-Sartre, m\u00e9diatis\u00e9 les boats people, milit\u00e9 pour Solidarnosc, dirig\u00e9 des collections d'ouvrages... Qui \u00e9tait-il ? Qu'a-t-il apport\u00e9 au monde des id\u00e9es ? Quels furent ses buts ? Quel est l'apport de son ?uvre dans le monde des id\u00e9es ? Voil\u00e0 quelques-unes des questions auxquelles r\u00e9pond ce livre. La collection les Ma\u00eetres \u00e0 penser du XXe si\u00e8cle  est une collection qui s'adresse \u00e0 un public int\u00e9ress\u00e9 par les grands penseurs et les mouvements d'id\u00e9es de leur \u00e9poque.","authors":["Salah Riza"],"category_codes":["9000000","9080000"],"visuals":{"large":"https:\/\/images.epagine.fr\/936\/9782906757936_1_75.jpg","medium":"https:\/\/images.epagine.fr\/936\/9782906757936_1_m.jpg","thumbnail":"https:\/\/images.epagine.fr\/936\/9782906757936_1_v.jpg"},"orderable":true,"show_badge":true,"formatted_price":"10,85&nbsp;\u20ac","formatted_published_date":"20 janvier 1997","publisher_availability_label":"Sur commande","short_details":"Salah Riza \u2014 JOSETTE LYON","translator":null,"weight":150,"page_count":157,"readership":null,"editor":"JOSETTE LYON","price":1085,"published_date":"1997-01-19T23:00:00.000000Z","support":"Poche","publisher_availability":1,"stock":0,"editions":[],"url":"https:\/\/quaidesbrumes.com\/ouvrage\/9782906757936\/michel-foucault"},{"id":"9782700704112","title":"Souvenirs sans \u00e9gards ; derni\u00e8res pens\u00e9es sur l'\u00e9ducation","description":"1947.\r\nLa R\u00e9publique se r\u00e9invente. A pr\u00e8s de quatre-vingts ans. Alain (1868-1951) entreprend l'\u00e9criture de ses souvenirs, ultime testament d'un penseur politique et d'un p\u00e9dagogue engag\u00e9 qui rappelle l'Etat \u00e0 sa vocation d'\u00e9ducateur: il faut instruire le peuple, lui donner le pouvoir de tout comprendre, de dominer l'indignation et la col\u00e8re, toutes les passions qui font la guerre, les ruines et les massacres.\r\nEt d'abord combler l'ab\u00eeme entre I'\u00e9lite et le peuple, que personne ne veut \u00e9duquer et qui ne souhaite pas \u00eatre \u00e9duqu\u00e9. Aujourd'hui comme hier, ce qui fait obstacle \u00e0 la R\u00e9publique. c'est le m\u00e9pris de l'\u00e9galit\u00e9. D'o\u00f9 l'importance accord\u00e9e par Alain \u00e0 la formation intellectuelle des enfants. En t\u00e9moigne le Trait\u00e9 des outils 1925-1928 : il s'agit de fermer l'enfant parla pens\u00e9e de l'\u00e9l\u00e9mentaire. de lui donner les moyens de manier les armes avec lesquelles il mettra sa pens\u00e9e en mouvement et abordera souverainement le jugement \u00e9conomique et politique Du b\u00e2ton, l'outil le plus simple \u00e0 l'a\u00e9roplane.\r\nEn passant par le levier, le treuil, la roue, le cric, la grue on le moulin. Alain nous met dans les pas de cette humanit\u00e9 conqu\u00e9rante, m\u00e8re de l'allumette et de l'\u00e9lectricit\u00e9, du sablier et de l'horloge de la vapeur et du moteur \u00e0 explosion. Les Dix Le\u00e7ons d'astronomie (1910-1911) ont quant \u00e0 elles pour vocation d'accompagner l'instituteur dans sa d\u00e9marche : apprendre \u00e0 l'enfant \u00e0 penser et \u00e0 sentir son appartenance au monde en lui racontant l'irr\u00e9sistible course des \u00e9toiles.\r\nD\u00e9j\u00e0 Main militait pour la pens\u00e9e agissante et r\u00e9volutionnaire. celle qui fait passer le citoyen de l'imagination \u00e0 l'entendement, du croire savoir au vouloir savoir, et du vouloir savoir au vouloir voir. Trois textes in\u00e9dits qui \u00e9taient et demeurent ardemment \u00e0 contre-courant. et maintiennent vive l'esp\u00e9rance du progr\u00e8s social.\r","authors":["Alain"],"category_codes":["9000000","9080000","9080200","9080204"],"visuals":{"large":"https:\/\/images.epagine.fr\/112\/9782700704112_1_75.jpg","medium":"https:\/\/images.epagine.fr\/112\/9782700704112_1_m.jpg","thumbnail":"https:\/\/images.epagine.fr\/112\/9782700704112_1_v.jpg"},"orderable":true,"show_badge":true,"formatted_price":"22,40&nbsp;\u20ac","formatted_published_date":"1er septembre 2010","publisher_availability_label":"Sur commande","short_details":"Alain \u2014 AUBIER","translator":null,"weight":368,"page_count":339,"readership":null,"editor":"AUBIER","price":2240,"published_date":"2010-08-31T22:00:00.000000Z","support":"Grand format","publisher_availability":1,"stock":0,"editions":[],"url":"https:\/\/quaidesbrumes.com\/ouvrage\/9782700704112\/souvenirs-sans-egards-dernieres-pensees-sur-leducation"},{"id":"9782738452573","title":"M\u00e9moire d'images","description":null,"authors":["Collectif"],"category_codes":["9000000","9080000","9080200","9080204"],"visuals":{"large":"https:\/\/images.epagine.fr\/573\/9782738452573_1_75.jpg","medium":"https:\/\/images.epagine.fr\/573\/9782738452573_1_m.jpg","thumbnail":"https:\/\/images.epagine.fr\/573\/9782738452573_1_v.jpg"},"orderable":true,"show_badge":true,"formatted_price":"19,00&nbsp;\u20ac","formatted_published_date":"15 mars 1997","publisher_availability_label":"Sur commande","short_details":"Collectif \u2014 \u00c9ditions L'Harmattan","translator":null,"weight":326,"page_count":null,"readership":null,"editor":"\u00c9ditions L'Harmattan","price":1900,"published_date":"1997-03-14T23:00:00.000000Z","support":"Grand format","publisher_availability":1,"stock":0,"editions":[],"url":"https:\/\/quaidesbrumes.com\/ouvrage\/9782738452573\/memoire-dimages"},{"id":"9782012775893","title":"Venus la populaire ou apologie des maisons de joie (ed.1881)","description":"V\u00e9nus la populaire ou Apologie des maisons de joie http:\/\/gallica.bnf.fr\/ark:\/12148\/bpt6k5651202n\r","authors":["Collectif"],"category_codes":["9000000","9080000"],"visuals":{"large":"https:\/\/images.epagine.fr\/893\/9782012775893_1_75.jpg","medium":"https:\/\/images.epagine.fr\/893\/9782012775893_1_m.jpg","thumbnail":"https:\/\/images.epagine.fr\/893\/9782012775893_1_v.jpg"},"orderable":true,"show_badge":true,"formatted_price":"16,50&nbsp;\u20ac","formatted_published_date":"1er avril 2012","publisher_availability_label":"Sur commande","short_details":"Collectif \u2014 Hachette BNF","translator":null,"weight":190,"page_count":null,"readership":null,"editor":"Hachette BNF","price":1650,"published_date":"2012-03-31T22:00:00.000000Z","support":"Grand format","publisher_availability":1,"stock":0,"editions":[],"url":"https:\/\/quaidesbrumes.com\/ouvrage\/9782012775893\/venus-la-populaire-ou-apologie-des-maisons-de-joie-ed1881"},{"id":"9782012958241","title":"La liberte spirituelle","description":"La Libert\u00e9 spirituelle, par le Dr G. Audiffrent,...\r\nDate de l'\u00e9dition originale : 1895 Ce livre est la reproduction fid\u00e8le d une uvre publi\u00e9e avant 1920 et fait partie d une collection de livres r\u00e9imprim\u00e9s \u00e0 la demande \u00e9dit\u00e9e par Hachette Livre, dans le cadre d un partenariat avec la Biblioth\u00e8que nationale de France, offrant l opportunit\u00e9 d acc\u00e9der \u00e0 des ouvrages anciens et souvent rares issus des fonds patrimoniaux de la BnF.\r\nLes uvres faisant partie de cette collection ont \u00e9t\u00e9 num\u00e9ris\u00e9es par la BnF et sont pr\u00e9sentes sur Gallica, sa biblioth\u00e8que num\u00e9rique.\r\n\r\nEn entreprenant de redonner vie \u00e0 ces ouvrages au travers d une collection de livres r\u00e9imprim\u00e9s \u00e0 la demande, nous leur donnons la possibilit\u00e9 de rencontrer un public \u00e9largi et participons \u00e0 la transmission de connaissances et de savoirs parfois difficilement accessibles.\r\nNous avons cherch\u00e9 \u00e0 concilier la reproduction fid\u00e8le d un livre ancien \u00e0 partir de sa version num\u00e9ris\u00e9e avec le souci d un confort de lecture optimal. Nous esp\u00e9rons que les ouvrages de cette nouvelle collection vous apporteront enti\u00e8re satisfaction.\r\n\r\nPour plus d informations, rendez-vous sur www.hachettebnf.fr\r","authors":["Audiffrent Georges"],"category_codes":["9000000","9080000"],"visuals":{"large":"https:\/\/images.epagine.fr\/241\/9782012958241_1_75.jpg","medium":"https:\/\/images.epagine.fr\/241\/9782012958241_1_m.jpg","thumbnail":"https:\/\/images.epagine.fr\/241\/9782012958241_1_v.jpg"},"orderable":true,"show_badge":true,"formatted_price":"9,50&nbsp;\u20ac","formatted_published_date":"1er juin 2013","publisher_availability_label":"Sur commande","short_details":"Audiffrent Georges \u2014 Hachette BNF","translator":null,"weight":67,"page_count":null,"readership":null,"editor":"Hachette BNF","price":950,"published_date":"2013-05-31T22:00:00.000000Z","support":"Grand format","publisher_availability":1,"stock":0,"editions":[],"url":"https:\/\/quaidesbrumes.com\/ouvrage\/9782012958241\/la-liberte-spirituelle"},{"id":"9782738125736","title":"Comment nous sommes devenus moraux ; une histoire naturelle du bien et du mal","description":"?Qu'est-ce que la morale ? Pourquoi agissons-nous de mani\u00e8re morale ? D'o\u00f9 viennent nos id\u00e9es sur le bien et le mal ? Face \u00e0 ces questions, les philosophes ont longtemps d\u00e9velopp\u00e9 deux strat\u00e9gies. Certains ont cherch\u00e9 \u00e0 ramener nos jugements moraux \u00e0 quelques principes : l'\u00e9quit\u00e9, le bien-\u00eatre, la vertu, etc. Nous agirions ainsi de mani\u00e8re \u00e9quitable, comme si nous avions pass\u00e9 un contrat avec autrui. D'autres se sont pench\u00e9s sur les origines de nos jugements moraux. Constatant que la morale ne r\u00e9sulte pas d'un calcul \u00e9go\u00efste, ils ont postul\u00e9 l'existence d'un sens moral inn\u00e9. Pour eux, nous serions moraux de la m\u00eame fa\u00e7on que nous avons deux bras et deux jambes. Ces deux strat\u00e9gies demeurent insatisfaisantes : d'o\u00f9 vient ce contrat imaginaire que nous semblons respecter ? Pourquoi sommes-nous \u00e9quip\u00e9s d'un sens moral ? Jusqu'\u00e0 pr\u00e9sent, la controverse \u00e9tait rest\u00e9e th\u00e9orique. Mais voil\u00e0 que de nombreuses recherches ont d\u00e9montr\u00e9 l'existence d'une disposition naturelle \u00e0 se comporter moralement. Encore faut-il expliquer pourquoi la morale adopte la logique de l'\u00e9quit\u00e9 qui semble \u00eatre la sienne. C'est ce que propose ce livre.\r\nChercheur en psychologie, en anthropologie et en philosophie, Nicolas Baumard est attach\u00e9 \u00e0 l'Universit\u00e9 d'Oxford.","authors":["Nicolas Baumard"],"category_codes":["9000000","9080000","9080300","9080304"],"visuals":{"large":"https:\/\/images.epagine.fr\/736\/9782738125736_1_75.jpg","medium":"https:\/\/images.epagine.fr\/736\/9782738125736_1_m.jpg","thumbnail":"https:\/\/images.epagine.fr\/736\/9782738125736_1_v.jpg"},"orderable":true,"show_badge":true,"formatted_price":"29,90&nbsp;\u20ac","formatted_published_date":"21 octobre 2010","publisher_availability_label":"Sur commande","short_details":"Nicolas Baumard \u2014 \u00c9ditions Odile Jacob","translator":null,"weight":408,"page_count":321,"readership":null,"editor":"\u00c9ditions Odile Jacob","price":2990,"published_date":"2010-10-20T22:00:00.000000Z","support":"Grand format","publisher_availability":1,"stock":0,"editions":[],"url":"https:\/\/quaidesbrumes.com\/ouvrage\/9782738125736\/comment-nous-sommes-devenus-moraux-une-histoire-naturelle-du-bien-et-du-mal"},{"id":"9782296036369","title":"Le fait et le sens ; esquisse d'une philosophie de la d\u00e9ception","description":"Que ces deux constituants de la m\u00eame r\u00e9alit\u00e9 humaine, le Fait et le Sens, ne parviennent pas \u00e0 co\u00efncider pour former l'unit\u00e9 d'un m\u00eame \u00eatre, qui atteindrait ainsi sa pl\u00e9nitude v\u00e9ritable, voil\u00e0 l'aporie insurmontable de cet \u00eatre dont le Sens est d'\u00eatre Libert\u00e9, et le destin, o\u00f9 s'origine sa tristesse m\u00e9taphysique, une double d\u00e9pendance, au Monde et au Devenir.\r","authors":["Paul Khouri"],"category_codes":["9000000","9080000","9080200","9080204"],"visuals":{"large":"https:\/\/images.epagine.fr\/369\/9782296036369_1_75.jpg","medium":"https:\/\/images.epagine.fr\/369\/9782296036369_1_m.jpg","thumbnail":"https:\/\/images.epagine.fr\/369\/9782296036369_1_v.jpg"},"orderable":true,"show_badge":true,"formatted_price":"16,00&nbsp;\u20ac","formatted_published_date":"22 juin 2007","publisher_availability_label":"Sur commande","short_details":"Paul Khouri \u2014 \u00c9ditions L'Harmattan","translator":null,"weight":220,"page_count":170,"readership":null,"editor":"\u00c9ditions L'Harmattan","price":1600,"published_date":"2007-06-21T22:00:00.000000Z","support":"Grand format","publisher_availability":1,"stock":0,"editions":[],"url":"https:\/\/quaidesbrumes.com\/ouvrage\/9782296036369\/le-fait-et-le-sens-esquisse-dune-philosophie-de-la-deception"}]}