{"data":[{"id":"9782844543233","title":"Thuileur de l'\u00e9cossisme","description":"Le Thuileur de l'\u00c9cossisme (1813 et 1821) est un document de premier plan pour l'histoire de la ma\u00e7onnerie et plus largement pour l'histoire des id\u00e9es. Ce fut entre autres le tuileur de Proudhon et c'est lui qui figure dans la biblioth\u00e8que de George Sand.\r\nC'est un recueil des mots et signes ma\u00e7onniques, mais pas seulement. L'auteur, Delaulnaye (1759-1830), lui a imprim\u00e9 sa marque. Rire de l'absurde et des adeptes cr\u00e9dules, corriger ce qui dans le rite a \u00e9t\u00e9 d\u00e9form\u00e9 par l'oralit\u00e9, y joindre une construction philosophique, cela s'adresse \u00e0 des usagers qui veulent savoir ce qu'ils disent et pourquoi ils le disent. C'est une recherche du sens, qui doit \u00eatre situ\u00e9e dans son temps. Le livre contient un \u00ab Syst\u00e8me de la g\u00e9n\u00e9ration universelle des \u00eatres \u00bb, cens\u00e9 r\u00e9v\u00e9ler le fond m\u00eame des myst\u00e8res antiques et modernes, un mat\u00e9rialisme anim\u00e9 par le mythe du \u00ab Feu g\u00e9n\u00e9rateur \u00bb.\r\nDisciple dissident du citoyen Dupuis (auteur de l'Origine de tous les cultes, ou Religion universelle en 1795), Delaulnaye avait commenc\u00e9 une Histoire des religions et du culte de tous les peuples du monde. Ses \u00e9crits ma\u00e7onniques ambitionnent \u00e0 leur tour de tout rassembler, de r\u00e9capituler tous les mythes : cette pratique de l'interpr\u00e9tation, en qu\u00eate d'universalit\u00e9, caract\u00e9ristique de la fin du XVIIIe si\u00e8cle, il la prolonge et la transmet.\r\nLa pr\u00e9sente \u00e9dition offre le texte de 1821 dans sa forme originale, d\u00e9crit les modifications du texte depuis 1813, pr\u00e9sente le Thuileur et son auteur, et apporte des documents in\u00e9dits. Qui \u00e9tait Delaulnaye ? On d\u00e9couvrira un personnage charni\u00e8re des XVIIIe et XIXe si\u00e8cles, h\u00e9ritier \u00e9tonnant de l'encyclop\u00e9disme de la fin des Lumi\u00e8res et de sa passion pour l'Antiquit\u00e9.\r","authors":["Delaulnaye"],"category_codes":["9000000","9080000","9080200","9080204"],"visuals":{"large":"https:\/\/images.epagine.fr\/233\/9782844543233_1_75.jpg","medium":"https:\/\/images.epagine.fr\/233\/9782844543233_1_m.jpg","thumbnail":"https:\/\/images.epagine.fr\/233\/9782844543233_1_v.jpg"},"orderable":true,"show_badge":true,"formatted_price":"23,83&nbsp;\u20ac","formatted_published_date":"5 novembre 2007","publisher_availability_label":"Sur commande","short_details":"Delaulnaye \u2014 Dervy Almora","translator":null,"weight":802,"page_count":626,"readership":null,"editor":"Dervy Almora","price":2383,"published_date":"2007-11-04T23:00:00.000000Z","support":"Grand format","publisher_availability":1,"stock":0,"editions":[],"url":"https:\/\/quaidesbrumes.com\/ouvrage\/9782844543233\/thuileur-de-lecossisme"},{"id":"9782070740208","title":"Pour en finir avec l'universit\u00e9","description":"Avant-propos \u00abQu'avant d'aller voir la r\u00e9alit\u00e9 de pr\u00e8s, il est bon de se rem\u00e9morer quels r\u00eaves elle suscita...\u00bb Dans de grands b\u00e2timents clairs, trou\u00e9s de verri\u00e8res, qui laissent passer le soleil et l'air de l'oc\u00e9an, p\u00e9n\u00e8trent, en traversant les cours dall\u00e9es o\u00f9 poussent des palmiers, des groupes fraternels d'adolescents et d'adolescentes. Ils se tiennent par la main ou s'enlacent la taille, comme les h\u00e9ros de Hair ou des publicit\u00e9s pour Coca-Cola. Ils sont bien lav\u00e9s, et leurs cheveux propres ondulent au vent. Ils ont d'\u00e9clatants sourires, des yeux brillants et le teint l\u00e9g\u00e8rement h\u00e2l\u00e9. Ils vont par les cours, balan\u00e7ant au bout de leurs doigts des classeurs aux couleurs vives. [...] Armand Dernist.","authors":["Armand Dernist"],"category_codes":["9000000","9080000","9080200"],"visuals":{"large":"https:\/\/images.epagine.fr\/208\/9782070740208_1_75.jpg","medium":"https:\/\/images.epagine.fr\/208\/9782070740208_1_m.jpg","thumbnail":"https:\/\/images.epagine.fr\/208\/9782070740208_1_v.jpg"},"orderable":true,"show_badge":true,"formatted_price":"10,10&nbsp;\u20ac","formatted_published_date":"14 mai 1996","publisher_availability_label":"Sur commande","short_details":"Armand Dernist \u2014 Gallimard","translator":null,"weight":108,"page_count":112,"readership":null,"editor":"Gallimard","price":1010,"published_date":"1996-05-13T22:00:00.000000Z","support":"Grand format","publisher_availability":1,"stock":0,"editions":[],"url":"https:\/\/quaidesbrumes.com\/ouvrage\/9782070740208\/pour-en-finir-avec-luniversite"},{"id":"9782204094801","title":"Husserl et le geostatisme","description":"Nous vivons, spirituellement, dans un monde d\u00e9sormais fa\u00e7onn\u00e9 par les repr\u00e9sentations h\u00e9rit\u00e9es de la science moderne. Depuis Copernic et Galil\u00e9e, nous savons, selon un savoir objectif, que la Terre n'est qu'un corps spatial parmi les autres, en mouvement comme eux. La pens\u00e9e ph\u00e9nom\u00e9nologique, par son exigence hyperrationnelle, nous a appris que ces repr\u00e9sentations de la science \u00e9taient oublieuses de dimensions essentielles et que persiste, irr\u00e9ductiblement, l'exp\u00e9rience subjective du \u00ab monde de la vie \u00bb. \r\n\r\nHusserl rappelle que, dans nos v\u00e9cus primordiaux - et par cons\u00e9quent ind\u00e9passables -, nous ne cessons d'\u00e9prouver que \u00ab l'arche-originaire Terre ne se meut pas \u00bb : \u00e0 chacun de nos pas, la Terre que nous foulons se r\u00e9v\u00e8le selon son immobilit\u00e9 essentielle. Ainsi se dessine une th\u00e9orie pure du g\u00e9ostatisme qu'il ne faut confondre avec aucun g\u00e9ocentrisme. \r\n\r\nCette Terre immobile, qu'il s'agit de d\u00e9crire ph\u00e9nom\u00e9nologiquement en reprenant et en amplifiant les analyses de Husserl, est toujours au-dessous de nos pas et en de\u00e7\u00e0 de nos prises. Elle se r\u00e9v\u00e8le donc indisponible et inappropriable pour l'homme, car son d\u00e9sir d'emprise bute sur elle. Le sens ph\u00e9nom\u00e9nologique de la Terre s'enrichit alors d'une port\u00e9e \u00e9thique dont il faut d\u00e9gager les conditions pour en faire appara\u00eetre les lin\u00e9aments. \r\n\r\n\u00c0 l'heure o\u00f9 l'homme s'enivre de ses propres pouvoirs jusqu'\u00e0 risquer de tout perdre, la pens\u00e9e ph\u00e9nom\u00e9nologico-\u00e9thique de la Terre immobile n'a jamais \u00e9t\u00e9 aussi actuelle ni aussi urgente. Si elle limite la puissance de l'homme, elle n'abandonne pas, bien au contraire, le sens absolument subjectif de notre vie.\r","authors":["Paul Ducros"],"category_codes":["9000000","9080000"],"visuals":{"large":"https:\/\/images.epagine.fr\/801\/9782204094801_1_75.jpg","medium":"https:\/\/images.epagine.fr\/801\/9782204094801_1_m.jpg","thumbnail":"https:\/\/images.epagine.fr\/801\/9782204094801_1_v.jpg"},"orderable":true,"show_badge":true,"formatted_price":"41,80&nbsp;\u20ac","formatted_published_date":"24 novembre 2011","publisher_availability_label":"Sur commande","short_details":"Paul Ducros \u2014 Les \u00e9ditions du Cerf","translator":null,"weight":548,"page_count":421,"readership":null,"editor":"Les \u00e9ditions du Cerf","price":4180,"published_date":"2011-11-23T23:00:00.000000Z","support":"Grand format","publisher_availability":1,"stock":0,"editions":[],"url":"https:\/\/quaidesbrumes.com\/ouvrage\/9782204094801\/husserl-et-le-geostatisme"},{"id":"9782296123717","title":"Anarchisme 1968","description":"Figure de proue de l'anarchisme individualiste espagnol, Miguel Gim\u00e9nez Igualada nous livre ici sa conception de l'anarchisme, qu'il s'agit de consid\u00e9rer plus comme une morale, une \u00e9thique, que comme une doctrine ext\u00e9rieure dont il suffirait de suivre aveugl\u00e9ment les pr\u00e9ceptes. Ennemi f\u00e9roce de tous les dogmatismes abstraits - du communisme au christianisme, sans oublier les r\u00e9gimes militaires brutaux - c'est aussi un pacifiste qui enjoint les hommes \u00e0 tendre toujours plus vers l'amour.","authors":["Miguel Gimenez igualada"],"category_codes":["9000000","9080000"],"visuals":{"large":"https:\/\/images.epagine.fr\/717\/9782296123717_1_75.jpg","medium":"https:\/\/images.epagine.fr\/717\/9782296123717_1_m.jpg","thumbnail":"https:\/\/images.epagine.fr\/717\/9782296123717_1_v.jpg"},"orderable":true,"show_badge":true,"formatted_price":"23,00&nbsp;\u20ac","formatted_published_date":"7 mai 2010","publisher_availability_label":"Sur commande","short_details":"Miguel Gimenez igualada \u2014 \u00c9ditions L'Harmattan","translator":null,"weight":300,"page_count":229,"readership":null,"editor":"\u00c9ditions L'Harmattan","price":2300,"published_date":"2010-05-06T22:00:00.000000Z","support":"Grand format","publisher_availability":1,"stock":0,"editions":[],"url":"https:\/\/quaidesbrumes.com\/ouvrage\/9782296123717\/anarchisme-1968"},{"id":"9782749212173","title":"Psy de banlieue ; conte p\u00e9riurbain","description":"Dans cette fiction-t\u00e9moignage o\u00f9 tout est faux mais tout est vrai, l'auteur psychologue raconte l'ordinaire de son travail clinique, tel qu'elle l'exerce au quotidien dans ces zones dites \u00ab\u00a0sensibles\u00a0\u00bb. Elle \u00e9voque ainsi les diff\u00e9rentes situations auxquelles elle est confront\u00e9e \u00e0 la consultation pluri professionnelle pour femmes enceintes et petits enfants - R\u00eavedemaison -, ou au domicile de familles dont un b\u00e9b\u00e9 est d\u00e9c\u00e9d\u00e9 subitement. Dans son r\u00e9cit o\u00f9 se c\u00f4toient des gens de tous horizons, elle parle de la ville, de la banlieue, de l'exil, de son m\u00e9tier, de son usage non orthodoxe de la psychanalyse comme pratique et comme th\u00e9orie, de ses motivations, de son rapport au territoire, \u00e0 la formation, \u00e0 son identit\u00e9 professionnelle...\r\nUne \u00ab\u00a0clinique incarn\u00e9e\u00a0\u00bb au sein de la banlieue dans tous ses \u00e9tats.\r\nJos\u00e9 Morel Cinq Mars est titulaire d'un DESS de sciences humaines cliniques et\u00a0travaille pour les services de PMI de Seine St Denis .\r\n\u00a0\r","authors":["Jos\u00e9 Morel cinq-mars"],"category_codes":["9000000","9090000"],"visuals":{"large":"https:\/\/images.epagine.fr\/173\/9782749212173_1_75.jpg","medium":"https:\/\/images.epagine.fr\/173\/9782749212173_1_m.jpg","thumbnail":"https:\/\/images.epagine.fr\/173\/9782749212173_1_v.jpg"},"orderable":true,"show_badge":true,"formatted_price":"15,00&nbsp;\u20ac","formatted_published_date":"22 avril 2010","publisher_availability_label":"Sur commande","short_details":"Jos\u00e9 Morel cinq-mars \u2014 Er\u00e8s","translator":null,"weight":170,"page_count":245,"readership":null,"editor":"Er\u00e8s","price":1500,"published_date":"2010-04-21T22:00:00.000000Z","support":"Grand format","publisher_availability":1,"stock":0,"editions":[],"url":"https:\/\/quaidesbrumes.com\/ouvrage\/9782749212173\/psy-de-banlieue-conte-periurbain"},{"id":"9782845198548","title":"Les meilleures pages de Joseph de Maistre 1754-1821 ; extraits de sa correspondance et de ses oeuvres","description":"Joseph de Maistre mourait, voil\u00e0 plus de 188 ans. Tant d'ann\u00e9es, c'est beaucoup plus qu'il ne faut, \u00e0 l'ordinaire, pour que s'\u00e9tende sur nous l'oubli, \u00ab le second linceul des morts \u00bb. Mais, en d\u00e9pit du calendrier, pouvons-nous compter parmi les morts un homme dont la noble et originale physionomie n'a jamais disparu de notre horizon ; le penseur dont les id\u00e9es ont domin\u00e9 la marche du dix-neuvi\u00e8me si\u00e8cle, tant il est vrai que, malgr\u00e9 les d\u00e9couvertes de la science et les inventions modernes, ce sont toujours les id\u00e9es qui m\u00e8nent le monde ; l'\u00e9crivain catholique dont les ouvrages, d'aspect s\u00e9v\u00e8re, et bien qu'ils ne soient jamais, ou trop rarement, recommand\u00e9s par les programmes universitaires, s'imposent toujours \u00e0 l'attention des vrais amis de notre langue ; l'Allobroge qui, chass\u00e9 de chez lui et d\u00e9pouill\u00e9 de ses biens par la France et ne voulant pas, pour les reconqu\u00e9rir, dire adieu \u00e0 sa petite patrie, n'en a pas moins parl\u00e9 de notre pays, de son r\u00f4le et de sa mission divine, aussi bien que le meilleur des Fran\u00e7ais ?\r","authors":["Joseph de Maistre"],"category_codes":["9000000","9080000"],"visuals":{"large":"https:\/\/images.epagine.fr\/548\/9782845198548_1_75.jpg","medium":"https:\/\/images.epagine.fr\/548\/9782845198548_1_m.jpg","thumbnail":"https:\/\/images.epagine.fr\/548\/9782845198548_1_v.jpg"},"orderable":true,"show_badge":true,"formatted_price":"24,00&nbsp;\u20ac","formatted_published_date":"24 juillet 2018","publisher_availability_label":"Sur commande","short_details":"Joseph de Maistre \u2014 Saint-Remi","translator":null,"weight":0,"page_count":376,"readership":null,"editor":"Saint-Remi","price":2400,"published_date":"2018-07-23T22:00:00.000000Z","support":"Grand format","publisher_availability":1,"stock":0,"editions":[],"url":"https:\/\/quaidesbrumes.com\/ouvrage\/9782845198548\/les-meilleures-pages-de-joseph-de-maistre-1754-1821-extraits-de-sa-correspondance-et-de-ses-oeuvres"},{"id":"9782915741650","title":"Heidegger & la m\u00e9taphysique \u00e0 la limite","description":null,"authors":["Dominique Janicaud","Jean-Fran\u00e7ois Matt\u00e9i"],"category_codes":["9000000","9080000","9080200","9080204"],"visuals":{"large":"https:\/\/images.epagine.fr\/650\/9782915741650_1_75.jpg","medium":"https:\/\/images.epagine.fr\/650\/9782915741650_1_m.jpg","thumbnail":"https:\/\/images.epagine.fr\/650\/9782915741650_1_v.jpg"},"orderable":true,"show_badge":true,"formatted_price":"25,40&nbsp;\u20ac","formatted_published_date":"15 septembre 2010","publisher_availability_label":"Sur commande","short_details":"Dominique Janicaud, Jean-Fran\u00e7ois Matt\u00e9i \u2014 Ovadia","translator":null,"weight":340,"page_count":245,"readership":null,"editor":"Ovadia","price":2540,"published_date":"2010-09-14T22:00:00.000000Z","support":"Grand format","publisher_availability":1,"stock":0,"editions":[],"url":"https:\/\/quaidesbrumes.com\/ouvrage\/9782915741650\/heidegger-la-metaphysique-a-la-limite"},{"id":"9782915741711","title":"Almanach de la sagesse populaire","description":"Il y a de la philosophie en chacun de nous, professe Monique Brault, qui a demand\u00e9 une \" phrase \" \u00e0 365 personnes rencontr\u00e9es au hasard chaque jour de l'ann\u00e9e.\r\nElle en a tir\u00e9 une philosophie populaire, abordable, qui donne du sens \u00e0 chaque jour de notre vie. Le brocanteur, l'universitaire, le ch\u00e2telain... tous apportent les \u00e9l\u00e9ments d'un kal\u00e9idoscope d'exp\u00e9riences, de sens, de v\u00e9cus. Elle en tire une fabuleuse le\u00e7on de vie pour chacun d'entre nous. Une lumi\u00e8re particuli\u00e8re, une petite voix, un regard sur la vie, une relation \u00e0 l'autre. Ces 365 le\u00e7ons concernent la nature, la famille, les plaisirs de la table...\r\nCe qui en fait un compagnon de route qui peut se lire de plusieurs fa\u00e7ons. Comme un almanach, on peut distiller chaque jour un feuillet en suivant le temps qui passe. On peut le d\u00e9guster par tranches, par exemple en s'int\u00e9ressant d'abord au couple, puis \u00e0 l'amiti\u00e9, ou bien au \" connais-toi \". Dans tous les cas des propositions qui sortent des sentiers battus pour un bonheur au quotidien.\r","authors":["Monique Brault"],"category_codes":["9000000","9080000","9080200","9080204"],"visuals":{"large":"https:\/\/images.epagine.fr\/711\/9782915741711_1_75.jpg","medium":"https:\/\/images.epagine.fr\/711\/9782915741711_1_m.jpg","thumbnail":"https:\/\/images.epagine.fr\/711\/9782915741711_1_v.jpg"},"orderable":true,"show_badge":true,"formatted_price":"20,30&nbsp;\u20ac","formatted_published_date":"7 mai 2010","publisher_availability_label":"Sur commande","short_details":"Monique Brault \u2014 Ovadia","translator":null,"weight":145,"page_count":null,"readership":null,"editor":"Ovadia","price":2030,"published_date":"2010-05-06T22:00:00.000000Z","support":"Grand format","publisher_availability":1,"stock":0,"editions":[],"url":"https:\/\/quaidesbrumes.com\/ouvrage\/9782915741711\/almanach-de-la-sagesse-populaire"},{"id":"9782296037601","title":"Une odieuse passion ; analyse philosophique de la haine","description":"La haine est souvent donn\u00e9e comme terme dernier d'une explication des conduites agressives, ainsi trait\u00e9e comme un ph\u00e9nom\u00e8ne humain que l'on constate et r\u00e9prouve.\r\n Ne peut-on aller plus loin et en proposer une analyse ? telle est la tentative du pr\u00e9sent ouvrage, qui prend le parti de recourir \u00e0 la tradition philosophique pour d\u00e9composer cette passion en ses \u00e9l\u00e9ments constitutifs.  haines de choses, haines de gens, haines de soi montrent des intentions, des raisons et des \u00e9tats d'\u00e2me \u00e9troitement combin\u00e9s, une passion \u00e9tant peut-\u00eatre une r\u00e9alit\u00e9 plus complexe qu'on ne le croit.\r\n Et une telle analyse, qui met en \u00e9vidence les faiblesses et les forces de cette passion si largement condamn\u00e9e qu'on peut l'estimer \" odieuse \" (c'est-\u00e0-dire \" ha\u00efssable \") invite \u00e0 r\u00e9fl\u00e9chir aux r\u00e9ponses qu'on lui oppose : d\u00e9passer la haine, mais comment ? et comment ne pas se prendre au pi\u00e8ge de l'odium, qui appelle la haine en retour ? ce livre propose, sur la base d'une compr\u00e9hension philosophique de la passion hostile, une vis\u00e9e \u00e9thique appuy\u00e9e sur la g\u00e9n\u00e9rosit\u00e9 et la fermet\u00e9 d'une inqui\u00e9tude du bien ; il entend contribuer ainsi \u00e0 la constitution d'une morale de la r\u00e9sistance, si l'on veut bien entendre sous ce nom charg\u00e9 d'histoire une consistance morale soucieuse de l'avenir.\r","authors":["Philippe Saltel"],"category_codes":["9000000","9080000","9080200","9080204"],"visuals":{"large":"https:\/\/images.epagine.fr\/601\/9782296037601_1_75.jpg","medium":"https:\/\/images.epagine.fr\/601\/9782296037601_1_m.jpg","thumbnail":"https:\/\/images.epagine.fr\/601\/9782296037601_1_v.jpg"},"orderable":true,"show_badge":true,"formatted_price":"32,50&nbsp;\u20ac","formatted_published_date":"23 juillet 2007","publisher_availability_label":"Sur commande","short_details":"Philippe Saltel \u2014 \u00c9ditions L'Harmattan","translator":null,"weight":500,"page_count":370,"readership":null,"editor":"\u00c9ditions L'Harmattan","price":3250,"published_date":"2007-07-22T22:00:00.000000Z","support":"Grand format","publisher_availability":1,"stock":0,"editions":[],"url":"https:\/\/quaidesbrumes.com\/ouvrage\/9782296037601\/une-odieuse-passion-analyse-philosophique-de-la-haine"},{"id":"9782312123400","title":"Poussiere de terriens - suivi de des esprits a la porte du temps","description":"La communaut\u00e9 de Kali d\u00e9couvre sur son sol un \u00e9trange vaisseau venu de l'espace. Des recherches approfondies du d\u00e9partement d'anthropologie de l'universit\u00e9 Kalidor II, la plus importante de Terra Nova, percent le myst\u00e8re du voyageur mort dans l'espace.","authors":["Frances Josiane"],"category_codes":["9000000","9080000"],"visuals":{"large":"https:\/\/images.epagine.fr\/400\/9782312123400_1_75.jpg","medium":"https:\/\/images.epagine.fr\/400\/9782312123400_1_m.jpg","thumbnail":"https:\/\/images.epagine.fr\/400\/9782312123400_1_v.jpg"},"orderable":true,"show_badge":true,"formatted_price":"13,00&nbsp;\u20ac","formatted_published_date":"20 juillet 2022","publisher_availability_label":"Sur commande","short_details":"Frances Josiane \u2014 Editions du Net","translator":null,"weight":88,"page_count":null,"readership":null,"editor":"Editions du Net","price":1300,"published_date":"2022-07-19T22:00:00.000000Z","support":"Poche","publisher_availability":1,"stock":0,"editions":[],"url":"https:\/\/quaidesbrumes.com\/ouvrage\/9782312123400\/poussiere-de-terriens-suivi-de-des-esprits-a-la-porte-du-temps"},{"id":"9782747580120","title":"Comment devient-on universel ? : - Tome 2","description":"L'humanit\u00e9 compte quelques grandes figures universelles. Combien sont-elles ? Elles vivent encore parmi nous, car nous revenons sans cesse \u00e0 elles. Comment l'expliquer ? Anciens ou modernes, fondateurs ou r\u00e9formateurs, ces \"grands hommes\" ont leur place aux sources de la civilisation quel que soit leur \u00e2ge. C'est le cas de Confucius, Socrate, Gandhi, Avicenne, Galil\u00e9e et Bach (tome 1) et \u00e9galement de Shakespeare, Mozart, Luther King, De Vinci, Descartes et Einstein (tome 2). D'o\u00f9 vient que nous les honorions encore, en d\u00e9pit de tout ce qui devrait nous en \u00e9loigner ? Quels sont les ressorts de cette universalit\u00e9 ?\r","authors":["Fondation Ostad Elahi"],"category_codes":["9000000","9080000"],"visuals":{"large":"https:\/\/images.epagine.fr\/120\/9782747580120_1_75.jpg","medium":"https:\/\/images.epagine.fr\/120\/9782747580120_1_m.jpg","thumbnail":"https:\/\/images.epagine.fr\/120\/9782747580120_1_v.jpg"},"orderable":true,"show_badge":true,"formatted_price":"19,00&nbsp;\u20ac","formatted_published_date":"2 avril 2005","publisher_availability_label":"Sur commande","short_details":"Fondation Ostad Elahi \u2014 \u00c9ditions L'Harmattan","translator":null,"weight":200,"page_count":200,"readership":null,"editor":"\u00c9ditions L'Harmattan","price":1900,"published_date":"2005-04-01T22:00:00.000000Z","support":"Grand format","publisher_availability":1,"stock":0,"editions":[],"url":"https:\/\/quaidesbrumes.com\/ouvrage\/9782747580120\/comment-devient-on-universel-tome-2"},{"id":"9782012956186","title":"Essai sur la science et sur la foi philosophique","description":"Essai sur la science et sur la foi philosophique, par Fr\u00e9d\u00e9ric Ancillon,...\r\nDate de l'\u00e9dition originale : 1830 Ce livre est la reproduction fid\u00e8le d une uvre publi\u00e9e avant 1920 et fait partie d une collection de livres r\u00e9imprim\u00e9s \u00e0 la demande \u00e9dit\u00e9e par Hachette Livre, dans le cadre d un partenariat avec la Biblioth\u00e8que nationale de France, offrant l opportunit\u00e9 d acc\u00e9der \u00e0 des ouvrages anciens et souvent rares issus des fonds patrimoniaux de la BnF.\r\nLes uvres faisant partie de cette collection ont \u00e9t\u00e9 num\u00e9ris\u00e9es par la BnF et sont pr\u00e9sentes sur Gallica, sa biblioth\u00e8que num\u00e9rique.\r\n\r\nEn entreprenant de redonner vie \u00e0 ces ouvrages au travers d une collection de livres r\u00e9imprim\u00e9s \u00e0 la demande, nous leur donnons la possibilit\u00e9 de rencontrer un public \u00e9largi et participons \u00e0 la transmission de connaissances et de savoirs parfois difficilement accessibles.\r\nNous avons cherch\u00e9 \u00e0 concilier la reproduction fid\u00e8le d un livre ancien \u00e0 partir de sa version num\u00e9ris\u00e9e avec le souci d un confort de lecture optimal. Nous esp\u00e9rons que les ouvrages de cette nouvelle collection vous apporteront enti\u00e8re satisfaction.\r\n\r\nPour plus d informations, rendez-vous sur www.hachettebnf.fr\r","authors":["Ancillon Frederic"],"category_codes":["9000000","9080000"],"visuals":{"large":"https:\/\/images.epagine.fr\/186\/9782012956186_1_75.jpg","medium":"https:\/\/images.epagine.fr\/186\/9782012956186_1_m.jpg","thumbnail":"https:\/\/images.epagine.fr\/186\/9782012956186_1_v.jpg"},"orderable":true,"show_badge":true,"formatted_price":"22,00&nbsp;\u20ac","formatted_published_date":"1er juin 2013","publisher_availability_label":"Sur commande","short_details":"Ancillon Frederic \u2014 Hachette BNF","translator":null,"weight":406,"page_count":null,"readership":null,"editor":"Hachette BNF","price":2200,"published_date":"2013-05-31T22:00:00.000000Z","support":"Grand format","publisher_availability":1,"stock":0,"editions":[],"url":"https:\/\/quaidesbrumes.com\/ouvrage\/9782012956186\/essai-sur-la-science-et-sur-la-foi-philosophique"},{"id":"9782012772816","title":"Tractatus theologico-politicus continens dissertationes aliquot (ed.1677)","description":"Tractatus theologico-politicus continens dissertationes aliquot, quibus ostenditur libertatem philosophandi non tantum salva pietate, & reipublicae pace posse concedi : sed eandem nisi cum pace reipublicae, ipsaque pietate tolli non posse http:\/\/gallica.bnf.fr\/ark:\/12148\/bpt6k943687\r","authors":["Baruch Spinoza"],"category_codes":["9000000","9080000"],"visuals":{"large":"https:\/\/images.epagine.fr\/816\/9782012772816_1_75.jpg","medium":"https:\/\/images.epagine.fr\/816\/9782012772816_1_m.jpg","thumbnail":"https:\/\/images.epagine.fr\/816\/9782012772816_1_v.jpg"},"orderable":true,"show_badge":true,"formatted_price":"20,50&nbsp;\u20ac","formatted_published_date":"1er avril 2012","publisher_availability_label":"Sur commande","short_details":"Baruch Spinoza \u2014 Hachette BNF","translator":null,"weight":352,"page_count":null,"readership":null,"editor":"Hachette BNF","price":2050,"published_date":"2012-03-31T22:00:00.000000Z","support":"Grand format","publisher_availability":1,"stock":0,"editions":[],"url":"https:\/\/quaidesbrumes.com\/ouvrage\/9782012772816\/tractatus-theologico-politicus-continens-dissertationes-aliquot-ed1677"},{"id":"9782080669155","title":"La philosophie au jour le jour","description":"Rassemble les chroniques philosophiques de R. Maggiori parues dans le suppl\u00e9ment litt\u00e9raire de Lib\u00e9ration, dans lesquelles il nous invite \u00e0 d\u00e9couvrir une pens\u00e9e en perp\u00e9tuel devenir.\r","authors":["Robert Maggiori"],"category_codes":["9000000","9080000","9080200","9080207"],"visuals":{"large":"https:\/\/quaidesbrumes.com\/img\/book-placeholder.png","medium":"https:\/\/quaidesbrumes.com\/img\/book-placeholder.png","thumbnail":"https:\/\/quaidesbrumes.com\/img\/book-placeholder.png"},"orderable":true,"show_badge":true,"formatted_price":"27,90&nbsp;\u20ac","formatted_published_date":"25 janvier 1994","publisher_availability_label":"Sur commande","short_details":"Robert Maggiori \u2014 Flammarion","translator":null,"weight":693,"page_count":512,"readership":null,"editor":"Flammarion","price":2790,"published_date":"1994-01-24T23:00:00.000000Z","support":"Grand format","publisher_availability":1,"stock":0,"editions":[],"url":"https:\/\/quaidesbrumes.com\/ouvrage\/9782080669155\/la-philosophie-au-jour-le-jour"},{"id":"9782747580335","title":"De l'entendement consid\u00e9r\u00e9 dans ses effets : Le\u00e7ons de philosophie (II)","description":"Le second volume des Le\u00e7ons de Philosophie propos\u00e9e ici en fac simile de l'\u00e9dition originale (1818) porte sur l'entendement consid\u00e9r\u00e9 dans ses effets ou plus simplement sur les id\u00e9es. Il recherche d'abord l'origine et la cause des id\u00e9es, et traite ensuite des diff\u00e9rentes esp\u00e8ces d'id\u00e9es.  L'ouvrage est agr\u00e9ment\u00e9 d'une longue introduction sur l'analyse de ce second volume et sur les critiques qui en ont \u00e9t\u00e9 faites \u00e0 l'\u00e9poque par Victor Cousin (1792-1867).","authors":["Pierre Laromiguiere"],"category_codes":["9000000","9080000"],"visuals":{"large":"https:\/\/images.epagine.fr\/335\/9782747580335_1_75.jpg","medium":"https:\/\/images.epagine.fr\/335\/9782747580335_1_m.jpg","thumbnail":"https:\/\/images.epagine.fr\/335\/9782747580335_1_v.jpg"},"orderable":true,"show_badge":true,"formatted_price":"44,50&nbsp;\u20ac","formatted_published_date":"2 avril 2005","publisher_availability_label":"Sur commande","short_details":"Pierre Laromiguiere \u2014 \u00c9ditions L'Harmattan","translator":null,"weight":500,"page_count":480,"readership":null,"editor":"\u00c9ditions L'Harmattan","price":4450,"published_date":"2005-04-01T22:00:00.000000Z","support":"Grand format","publisher_availability":1,"stock":0,"editions":[],"url":"https:\/\/quaidesbrumes.com\/ouvrage\/9782747580335\/de-lentendement-considere-dans-ses-effets-lecons-de-philosophie-ii"},{"id":"9782845193116","title":"Discours sur l'histoire universelle","description":"\"(Nota Bene:texte en vieux fran\u00e7ais dans la langue de Bossuet) C\u00e9l\u00e8bre histoire du monde dans le style magnifique de Bossuet.\"\r","authors":["Bossuet"],"category_codes":["9000000","9050000"],"visuals":{"large":"https:\/\/images.epagine.fr\/116\/9782845193116_1_75.jpg","medium":"https:\/\/images.epagine.fr\/116\/9782845193116_1_m.jpg","thumbnail":"https:\/\/images.epagine.fr\/116\/9782845193116_1_v.jpg"},"orderable":true,"show_badge":true,"formatted_price":"27,00&nbsp;\u20ac","formatted_published_date":"8 juin 2015","publisher_availability_label":"Sur commande","short_details":"Bossuet \u2014 Saint-Remi","translator":null,"weight":0,"page_count":null,"readership":null,"editor":"Saint-Remi","price":2700,"published_date":"2015-06-07T22:00:00.000000Z","support":"Grand format","publisher_availability":1,"stock":0,"editions":[],"url":"https:\/\/quaidesbrumes.com\/ouvrage\/9782845193116\/discours-sur-lhistoire-universelle"},{"id":"9782711612963","title":"Les deux chemins de parmenide : edition critique, traduction, etudes et bibliographie","description":null,"authors":["Nestor-Louis Cordero"],"category_codes":["9000000","9080000","9080200","9080204"],"visuals":{"large":"https:\/\/quaidesbrumes.com\/img\/book-placeholder.png","medium":"https:\/\/quaidesbrumes.com\/img\/book-placeholder.png","thumbnail":"https:\/\/quaidesbrumes.com\/img\/book-placeholder.png"},"orderable":true,"show_badge":true,"formatted_price":"30,18&nbsp;\u20ac","formatted_published_date":"8 mars 2003","publisher_availability_label":"Sur commande","short_details":"Nestor-Louis Cordero \u2014 Vrin","translator":null,"weight":0,"page_count":null,"readership":null,"editor":"Vrin","price":3018,"published_date":"2003-03-07T23:00:00.000000Z","support":"Grand format","publisher_availability":1,"stock":0,"editions":[],"url":"https:\/\/quaidesbrumes.com\/ouvrage\/9782711612963\/les-deux-chemins-de-parmenide-edition-critique-traduction-etudes-et-bibliographie"},{"id":"9782912770097","title":"Cours de philosophie de 1830 \u00e0 l'\u00e9cole normale ; du suicide","description":null,"authors":["Th\u00e9odore Jouffroy"],"category_codes":["9000000","9080000","9080200","9080204"],"visuals":{"large":"https:\/\/images.epagine.fr\/097\/9782912770097_1_75.jpg","medium":"https:\/\/images.epagine.fr\/097\/9782912770097_1_m.jpg","thumbnail":"https:\/\/images.epagine.fr\/097\/9782912770097_1_v.jpg"},"orderable":true,"show_badge":true,"formatted_price":"24,12&nbsp;\u20ac","formatted_published_date":"10 d\u00e9cembre 2007","publisher_availability_label":"Sur commande","short_details":"Th\u00e9odore Jouffroy \u2014 Edidit","translator":null,"weight":400,"page_count":192,"readership":null,"editor":"Edidit","price":2412,"published_date":"2007-12-09T23:00:00.000000Z","support":"Grand format","publisher_availability":1,"stock":0,"editions":[],"url":"https:\/\/quaidesbrumes.com\/ouvrage\/9782912770097\/cours-de-philosophie-de-1830-a-lecole-normale-du-suicide"},{"id":"9782383040897","title":"Id\u00e9es : Introduction \u00e0 la philosophie (Platon - Descartes - Hegel - Comte)","description":"Professeur de philosophie avant d'\u00eatre philosophe lui-m\u00eame, Alain a profond\u00e9ment marqu\u00e9 son \u00e9poque et son entourage par sa mani\u00e8re d'enseigner et de faire vivre la philosophie, pour rendre la mati\u00e8re vivante et actuelle.\r\nDans son introduction \u00e0 la philosophie de Platon, Descartes, Hegel et Auguste Comte, il renouvelle son apprentissage et exprime \u00e0 nouveau son admiration pour les id\u00e9es et les discours de ces grands philosophes, et retrouve lui-m\u00eame un peu du r\u00f4le de Socrate.","authors":[" Alain"],"category_codes":["9000000","9080000"],"visuals":{"large":"https:\/\/images.epagine.fr\/897\/9782383040897_1_75.jpg","medium":"https:\/\/images.epagine.fr\/897\/9782383040897_1_m.jpg","thumbnail":"https:\/\/images.epagine.fr\/897\/9782383040897_1_v.jpg"},"orderable":true,"show_badge":true,"formatted_price":"9,99&nbsp;\u20ac","formatted_published_date":"16 janvier 2023","publisher_availability_label":"Sur commande","short_details":" Alain \u2014 SAMARKAND","translator":null,"weight":250,"page_count":302,"readership":null,"editor":"SAMARKAND","price":999,"published_date":"2023-01-15T23:00:00.000000Z","support":"Grand format","publisher_availability":1,"stock":0,"editions":[],"url":"https:\/\/quaidesbrumes.com\/ouvrage\/9782383040897\/idees-introduction-a-la-philosophie-platon-descartes-hegel-comte"},{"id":"9782296038127","title":"Basile-Jul\u00e9at Fouda ; idiosyncrasie d'un philosophe africain","description":"L'ouvrage tente de saisir, dans son originalit\u00e9, le parcours intellectuel de l'un des pionniers de la pens\u00e9e philosophique n\u00e9gro-africaine contemporaine, dont l'oeuvre de philosophie compar\u00e9e des cultures est vou\u00e9e \u00e0 la recherche d'un \"enracinement extran\u00e9iste\", seul susceptible de lib\u00e9rer la possibilit\u00e9 d'une philosophie \"plurale\", ch\u00e8re \u00e0 Basile-Jul\u00e9at Fouda.\r","authors":["Jacques Chatu\u00e9"],"category_codes":["9000000","9080000","9080200","9080204"],"visuals":{"large":"https:\/\/images.epagine.fr\/127\/9782296038127_1_75.jpg","medium":"https:\/\/images.epagine.fr\/127\/9782296038127_1_m.jpg","thumbnail":"https:\/\/images.epagine.fr\/127\/9782296038127_1_v.jpg"},"orderable":true,"show_badge":true,"formatted_price":"26,00&nbsp;\u20ac","formatted_published_date":"23 juillet 2007","publisher_availability_label":"Sur commande","short_details":"Jacques Chatu\u00e9 \u2014 \u00c9ditions L'Harmattan","translator":null,"weight":310,"page_count":278,"readership":null,"editor":"\u00c9ditions L'Harmattan","price":2600,"published_date":"2007-07-22T22:00:00.000000Z","support":"Grand format","publisher_availability":1,"stock":0,"editions":[],"url":"https:\/\/quaidesbrumes.com\/ouvrage\/9782296038127\/basile-juleat-fouda-idiosyncrasie-dun-philosophe-africain"},{"id":"9782296052352","title":"Ph\u00e9nom\u00e9nologie de la cr\u00e9ation po\u00e9tique","description":"Ce livre expose, sous le nom de \"Po\u00e9tologie premi\u00e8re\", une nouvelle conception de la cr\u00e9ation po\u00e9tique fond\u00e9e sur la mise en \u00e9vidence d'un contenu transcendantal du po\u00e8me, d'un po\u00e8me matriciel. Il forge alors des instruments d'interpr\u00e9tation in\u00e9dits, prenant comme mati\u00e8re de son illustration des po\u00e8mes de Georges Sch\u00e9had\u00e9.\r","authors":["Jad Hatem"],"category_codes":["9000000","9080000","9080200","9080204"],"visuals":{"large":"https:\/\/images.epagine.fr\/352\/9782296052352_1_75.jpg","medium":"https:\/\/images.epagine.fr\/352\/9782296052352_1_m.jpg","thumbnail":"https:\/\/images.epagine.fr\/352\/9782296052352_1_v.jpg"},"orderable":true,"show_badge":true,"formatted_price":"19,50&nbsp;\u20ac","formatted_published_date":"13 f\u00e9vrier 2008","publisher_availability_label":"Sur commande","short_details":"Jad Hatem \u2014 \u00c9ditions L'Harmattan","translator":null,"weight":214,"page_count":192,"readership":null,"editor":"\u00c9ditions L'Harmattan","price":1950,"published_date":"2008-02-12T23:00:00.000000Z","support":"Grand format","publisher_availability":1,"stock":0,"editions":[],"url":"https:\/\/quaidesbrumes.com\/ouvrage\/9782296052352\/phenomenologie-de-la-creation-poetique"},{"id":"9782343164991","title":"Auguste Comte, la religion de l'humanit\u00e9 : l'\u00e9chec d'une transmission","description":"Auguste Comte fut un grand philosophe, concepteur de la sociologie, du positivisme et de la th\u00e9orie des trois \u00e9tats. On oublie cependant qu'il fut aussi \u00e0 l'origine d'une religion personnelle, un culte des morts destin\u00e9 \u00e0 relier et rallier l'humanit\u00e9 tout enti\u00e8re. Mais que reste-t-il de son oeuvre ? Si son influence quasi mondiale n'est plus \u00e0 d\u00e9montrer, comment expliquer l'\u00e9chec de sa religion ?","authors":["Florian Uzan"],"category_codes":["9000000","9080000","9080700"],"visuals":{"large":"https:\/\/images.epagine.fr\/991\/9782343164991_1_75.jpg","medium":"https:\/\/images.epagine.fr\/991\/9782343164991_1_m.jpg","thumbnail":"https:\/\/images.epagine.fr\/991\/9782343164991_1_v.jpg"},"orderable":true,"show_badge":true,"formatted_price":"31,50&nbsp;\u20ac","formatted_published_date":"20 f\u00e9vrier 2019","publisher_availability_label":"Sur commande","short_details":"Florian Uzan \u2014 \u00c9ditions L'Harmattan","translator":null,"weight":349,"page_count":297,"readership":null,"editor":"\u00c9ditions L'Harmattan","price":3150,"published_date":"2019-02-19T23:00:00.000000Z","support":"Grand format","publisher_availability":1,"stock":0,"editions":[],"url":"https:\/\/quaidesbrumes.com\/ouvrage\/9782343164991\/auguste-comte-la-religion-de-lhumanite-lechec-dune-transmission"},{"id":"9782705667597","title":"Le champ des signes : R\u00e9currences d\u00e9rob\u00e9es","description":"\u00ab Je traite les pierres avec d\u00e9f\u00e9rence, mais en min\u00e9raux insensibles qu'elles sont et demeurent. Je tiens les fables pour fables, avec la prudence, l'incertitude et l'incr\u00e9dulit\u00e9 qu'elles commandent. Plus d'une fois, cependant, il m'est arriv\u00e9 de penser qu'il convenait aussi de regarder les pierres comme des sortes de po\u00e8mes et de chercher en revanche dans les fictions la p\u00e9rennit\u00e9 des pierres, leur in\u00e9branlable signification, c'est-\u00e0-dire d'essayer de r\u00e9unir par quelque biais m\u00eame t\u00e9nu les parties disjointes et contrast\u00e9es de notre indivisible univers \u00bb R.C.\r\n\r\nLa premi\u00e8re \u00e9dition dans la presse :\r\n\u00ab Il arrive un moment o\u00f9 la lecture se transforme en quelque chose qui ne la nie pas, mais la compl\u00e8te : la contemplation. Nous le lisons alors comme il lisait les signes grav\u00e9s sur chaque pierre : comme les \u00e9chos et les reflets du temps incorporel. \u00bb Octavio Paz, Le Monde du 14 mai 1991\r\n\u00ab Il m'appara\u00eet \u00e0 l'\u00e9vidence que si un \u00e9crivain a jamais m\u00e9rit\u00e9 le nom d'essayiste, c'est bien lui. \u00bb Robert Br\u00e9chon, Critique n\u00b0391\r\n\r\n\u00ab Pour un peu, je lui en voudrais d'\u00eatre mort. Mais, de ce monde des pierres et des r\u00eaves o\u00f9 il a fini par se fondre, il sait que c'est parce que je l'admirais et parce que je l'aimais. \u00bb Jean d'Ormesson, Le Figaro du 23-24 d\u00e9cembre 1978\r\n\r\n\u00ab Je prends le pari qu'au si\u00e8cle prochain on se penchera encore sur tel paragraphe parfait de ce veilleur po\u00e8te, avec le m\u00eame tremblement ravi que lui-m\u00eame, quand, lunettes au front, il d\u00e9visageait un cristal dans la nuit. \u00bb Bertrand Poirot-Delpech, Le Monde du 8 d\u00e9cembre 1978","authors":["Roger Caillois"],"category_codes":["9000000","9080000"],"visuals":{"large":"https:\/\/images.epagine.fr\/597\/9782705667597_1_75.jpg","medium":"https:\/\/images.epagine.fr\/597\/9782705667597_1_m.jpg","thumbnail":"https:\/\/images.epagine.fr\/597\/9782705667597_1_v.jpg"},"orderable":true,"show_badge":true,"formatted_price":"26,00&nbsp;\u20ac","formatted_published_date":"1er ao\u00fbt 2008","publisher_availability_label":"Sur commande","short_details":"Roger Caillois \u2014 Hermann","translator":null,"weight":136,"page_count":96,"readership":null,"editor":"Hermann","price":2600,"published_date":"2008-07-31T22:00:00.000000Z","support":"Grand format","publisher_availability":1,"stock":0,"editions":[],"url":"https:\/\/quaidesbrumes.com\/ouvrage\/9782705667597\/le-champ-des-signes-recurrences-derobees"},{"id":"9782013662697","title":"Elements de philosophie scientifique et de philosophie morale : rediges conformement - aux programme","description":"\u00c9l\u00e9ments de philosophie scientifique et de philosophie morale : r\u00e9dig\u00e9s conform\u00e9ment aux programmes de math\u00e9matiques \u00e9l\u00e9mentaires et de premi\u00e8re (sciences), \u00e0 l'usage des candidats au baccalaur\u00e9at de math\u00e9matique et au baccalaur\u00e9at de l'enseignement secondaire moderne \/ par Ren\u00e9 Worms,...\r\nDate de l'\u00e9dition originale : 1891 Ce livre est la reproduction fid\u00e8le d'une oeuvre publi\u00e9e avant 1920 et fait partie d'une collection de livres r\u00e9imprim\u00e9s \u00e0 la demande \u00e9dit\u00e9e par Hachette Livre, dans le cadre d'un partenariat avec la Biblioth\u00e8que nationale de France, offrant l'opportunit\u00e9 d'acc\u00e9der \u00e0 des ouvrages anciens et souvent rares issus des fonds patrimoniaux de la BnF.\r\nLes oeuvres faisant partie de cette collection ont \u00e9t\u00e9 num\u00e9ris\u00e9es par la BnF et sont pr\u00e9sentes sur Gallica, sa biblioth\u00e8que num\u00e9rique.\r\n\r\nEn entreprenant de redonner vie \u00e0 ces ouvrages au travers d'une collection de livres r\u00e9imprim\u00e9s \u00e0 la demande, nous leur donnons la possibilit\u00e9 de rencontrer un public \u00e9largi et participons \u00e0 la transmission de connaissances et de savoirs parfois difficilement accessibles.\r\nNous avons cherch\u00e9 \u00e0 concilier la reproduction fid\u00e8le d'un livre ancien \u00e0 partir de sa version num\u00e9ris\u00e9e avec le souci d'un confort de lecture optimal. Nous esp\u00e9rons que les ouvrages de cette nouvelle collection vous apporteront enti\u00e8re satisfaction.\r\n\r\nPour plus d'informations, rendez-vous sur www.hachettebnf.fr http:\/\/gallica.bnf.fr\/ark:\/12148\/bpt6k54694298\r","authors":["Worms-R"],"category_codes":["9000000","9080000"],"visuals":{"large":"https:\/\/images.epagine.fr\/697\/9782013662697_1_75.jpg","medium":"https:\/\/images.epagine.fr\/697\/9782013662697_1_m.jpg","thumbnail":"https:\/\/images.epagine.fr\/697\/9782013662697_1_v.jpg"},"orderable":true,"show_badge":true,"formatted_price":"16,50&nbsp;\u20ac","formatted_published_date":"1er janvier 2013","publisher_availability_label":"Sur commande","short_details":"Worms-R \u2014 Hachette BNF","translator":null,"weight":200,"page_count":null,"readership":null,"editor":"Hachette BNF","price":1650,"published_date":"2012-12-31T23:00:00.000000Z","support":"Grand format","publisher_availability":1,"stock":0,"editions":[],"url":"https:\/\/quaidesbrumes.com\/ouvrage\/9782013662697\/elements-de-philosophie-scientifique-et-de-philosophie-morale-rediges-conformement-aux-programme"}]}