{"data":[{"id":"9782271070272","title":"La sortie du XX si\u00e8cle","description":"Gilbert Durand La sortie du XXe si\u00e8cle. En bref Une somme regroupant quatre ouvrages essentiels de Gilbert Durant, pr\u00e9fac\u00e9e par Michel Maffesoli\u00a0:\r\nL'introduction \u00e0 la mythodologie (1996) Figures mythiques et visages de l'oeuvre (1993) L'\u00e2me tigr\u00e9e (1980) Un conte sous l'acacia\u00a0: Joseph de Maistre (1999) Le livre La r\u00e9\u00e9dition des quatre oeuvres majeures d'un penseur de renomm\u00e9e mondiale, th\u00e9oricien du \u00ab\u00a0geste pulsionnel\u00a0\u00bb et des \u00ab\u00a0divinit\u00e9s plurielles\u00a0\u00bb, sociologue inspir\u00e9 des structures de l'imaginaire, inventeur de voies d'autant plus nouvelles qu'elles sont, paradoxalement, plus anciennes, et donc plus fondamentales, dans la m\u00e9moire de l'humanit\u00e9. En scrutant les repr\u00e9sentations que les hommes se sont forg\u00e9s d'eux-m\u00eames en r\u00e9ponse \u00e0 leurs d\u00e9sirs, Gilbert Durand retrouve en effet les figures de l'homme traditionnel\u00a0: une conception unitaire du savoir s'opposant au dualisme et \u00e0 l'intol\u00e9rance des sch\u00e9mas culturalistes, positivistes ou psychologisant. Cette approche radicalement nouvelle, qui a r\u00e9volutionn\u00e9 les sciences sociales, l'am\u00e8ne \u00e0 rep\u00e9rer de vastes constellations d'images, structur\u00e9es par des symboles convergents\u00a0: symboles phalliques, digestifs, rythmiques, copulatifs, diurnes et nocturnes. Une philosophie du r\u00e9enchantement et de la soif po\u00e9tique. Une anthropologie du merveilleux, du l\u00e9gendaire, des Arts et des Dieux au miroir de l'humanit\u00e9.\r\nL'oeuvre du dernier grand sociologue de la g\u00e9n\u00e9ration de L\u00e9vi-Strauss. Gilbert Durand est agr\u00e9g\u00e9 de philosophie, et mondialement connu pour ses travaux sur l'imaginaire et la mythologie. Il est notamment l'auteur de Les Structures anthropologiques de l'imaginaire, paru au PUF en 1960.","authors":["Gilbert Durand"],"category_codes":["9000000","9080000","9080200","9080204"],"visuals":{"large":"https:\/\/images.epagine.fr\/272\/9782271070272_1_75.jpg","medium":"https:\/\/images.epagine.fr\/272\/9782271070272_1_m.jpg","thumbnail":"https:\/\/images.epagine.fr\/272\/9782271070272_1_v.jpg"},"orderable":true,"show_badge":true,"formatted_price":"30,00&nbsp;\u20ac","formatted_published_date":"2 septembre 2010","publisher_availability_label":"Sur commande","short_details":"Gilbert Durand \u2014 CNRS","translator":null,"weight":920,"page_count":770,"readership":null,"editor":"CNRS","price":3000,"published_date":"2010-09-01T22:00:00.000000Z","support":"Grand format","publisher_availability":1,"stock":0,"editions":[],"url":"https:\/\/quaidesbrumes.com\/ouvrage\/9782271070272\/la-sortie-du-xx-siecle"},{"id":"9782200261917","title":"La pens\u00e9e vive ; essai sur l'inspiration philosophique","description":"La philosophie moderne a rejet\u00e9 l'inspiration pour d\u00e9limiter l'usage sain d'une raison autonome. N'est-ce pas m\u00e9conna\u00eetre l'\u00e9blouissement de certaines id\u00e9es ou lectures, le saisissement du penseur mobilis\u00e9 pour y r\u00e9pondre, la force d'appel d'une philosophie qui sait aussi inspirer ses lecteurs ? Affrontant ces questions, cet essai r\u00e9\u00e9value l'inspiration par-del\u00e0 les suspicions. Certaines exp\u00e9riences philosophiques d\u00e9cisives prouvent sa vigueur, celles de Socrate, Pascal, Rousseau ou Nietzsche entre autres. En t\u00e9moignent aussi le surgissement d'id\u00e9es inopin\u00e9es, le processus rythm\u00e9 d'une pens\u00e9e fait de vigilance et d'intuition, de surprises et de reprises, de lectures m\u00e9dit\u00e9es et d'inventivit\u00e9. De l'extraordinaire \u00e0 l'ordinaire, ce livre r\u00e9habilite l'\u00e9preuve vivifiante de l'inspiration philosophique.","authors":["Marianne Massin"],"category_codes":["9000000","9080000","9080200","9080204"],"visuals":{"large":"https:\/\/images.epagine.fr\/917\/9782200261917_1_75.jpg","medium":"https:\/\/images.epagine.fr\/917\/9782200261917_1_m.jpg","thumbnail":"https:\/\/images.epagine.fr\/917\/9782200261917_1_v.jpg"},"orderable":true,"show_badge":true,"formatted_price":"32,00&nbsp;\u20ac","formatted_published_date":"24 octobre 2007","publisher_availability_label":"Sur commande","short_details":"Marianne Massin \u2014 Armand Colin","translator":null,"weight":262,"page_count":227,"readership":null,"editor":"Armand Colin","price":3200,"published_date":"2007-10-23T22:00:00.000000Z","support":"Grand format","publisher_availability":1,"stock":0,"editions":[],"url":"https:\/\/quaidesbrumes.com\/ouvrage\/9782200261917\/la-pensee-vive-essai-sur-linspiration-philosophique"},{"id":"9782296040076","title":"Simone Weil et la Gr\u00e8ce","description":"Le but de ce livre est de montrer l'influence d\u00e9cisive de la pens\u00e9e grecque sur l'oeuvre de Simone Weil.\r\nA partir de la notion weilienne de \" lecture \", l'auteur essaie d'exposer en d\u00e9tail la fa\u00e7on dont Simone Weil s'approprie la tradition grecque. En fait, c'est toute cette tradition qui dans sa grande diversit\u00e9 cr\u00e9atrice - l'histoire, l'art, la litt\u00e9rature, la science et la philosophie - lui fournit les \u00e9l\u00e9ments qui illustreront les diff\u00e9rents niveaux de lecture par elle con\u00e7us : la n\u00e9cessit\u00e9, l'ordre et Dieu.\r\nAinsi, conna\u00eetre la Gr\u00e8ce de Simone Weil devient pour le lecteur une condition presque indispensable pour mieux conna\u00eetre la philosophie weilienne elle-m\u00eame. Ce que Simone Weil nous propose au long de ses r\u00e9flexions tr\u00e8s originales et profondes n'est pas, pourtant, un simple retour romantique \u00e0 la Gr\u00e8ce, mais surtout un aller vers la Gr\u00e8ce, c'est-\u00e0-dire, un aller vers sa Gr\u00e8ce. La Gr\u00e8ce de la force, de la n\u00e9cessit\u00e9 et du malheur, bien s\u00fbr, mais aussi la Gr\u00e8ce de la beaut\u00e9, de la gr\u00e2ce et de la recherche de Dieu par l'homme.","authors":["Fernando Rey puente"],"category_codes":["9000000","9080000","9080200","9080204"],"visuals":{"large":"https:\/\/images.epagine.fr\/076\/9782296040076_1_75.jpg","medium":"https:\/\/images.epagine.fr\/076\/9782296040076_1_m.jpg","thumbnail":"https:\/\/images.epagine.fr\/076\/9782296040076_1_v.jpg"},"orderable":true,"show_badge":true,"formatted_price":"22,50&nbsp;\u20ac","formatted_published_date":"30 juillet 2007","publisher_availability_label":"Sur commande","short_details":"Fernando Rey puente \u2014 \u00c9ditions L'Harmattan","translator":null,"weight":314,"page_count":246,"readership":null,"editor":"\u00c9ditions L'Harmattan","price":2250,"published_date":"2007-07-29T22:00:00.000000Z","support":"Grand format","publisher_availability":1,"stock":0,"editions":[],"url":"https:\/\/quaidesbrumes.com\/ouvrage\/9782296040076\/simone-weil-et-la-grece"},{"id":"9782705664879","title":"Deleuze \u00e9pars : Approches et portraits","description":"Textes recueillis par Andr\u00e9 Bernold et Richard Pinhas\r\n\r\nIl y a dix ans, Gilles Deleuze est mort. Quelques ami(e)s se reprennent \u00e0 parler de lui, et du chantier qu'est devenue, dans le monde entier, son oeuvre, avec une sobri\u00e9t\u00e9 (Jean Pierre Faye) qui tol\u00e8re l'\u00e9motion du souvenir (Jeannette Colombel, Roger-Pol Droit, Pascale Criton) et s'engage dans les chemins d'une \u00e9rudition teint\u00e9e d'humour (Philippe Choulet, Richard Zrehen, Charles J. Stivale, Andr\u00e9 Bernold) ou d'humeur pol\u00e9mique (Arnaud Villani), voire dans ceux du r\u00eave (Raymond Bellour). Un ethnomusicologue (J\u00e9r\u00f4me Cler) explique comment Mille Plateaux l'ont fait devenir ce qu'il est. Jean-Claude Dumoncel nous fait les honneurs du nouveau jardin, deleuzien, de Raymond Roussel. Jean-Luc Nancy ouvre enfin la m\u00e9ditation conjointe de Deleuze avec Derrida, et Ren\u00e9 Sch\u00e9rer explore ce que peut \u00eatre un mysticisme ath\u00e9e. Simon Hanta\u00ef envoie un Pli en triple \u00e9tat, H\u00e9l\u00e8ne Bamberger et Marie-Laure de Decker des photos in\u00e9dites. Richard Pinhas nous montre un manuscrit qui lui fut confi\u00e9. Timothy S. Murphy scelle le tout de sa minutieuse bibliographie. Deleuze \u00e9pars ? Non. Deleuze est tout entier rassembl\u00e9 dans les multiplicit\u00e9s d'une intempestive audace. C'est nous qui sommes \u00e9pars autour de lui.\r\n\r\nLes contributions :\r\n\u00ab Les diff\u00e9rences parall\u00e8les. Deleuze et Derrida \u00bb par Jean-Luc Nancy ;\r\n\u00ab Un mysticisme ath\u00e9e \u00bb par Ren\u00e9 Sch\u00e9rer ;\r\n\u00ab Deleuze-Sartre : pistes \u00bb par Jeannette Colombel ;\r\n\u00ab Images-Deleuze \u00bb par Roger-Pol Droit ;\r\n\u00ab L'invitation \u00bb par Pascale Citron ;\r\n\u00ab Deleuze dos \u00e0 dos et de face \u00bb par Jean-Pierre Faye ;\r\n\u00ab Comment peut-on \u00eatre deleuzien ? \u00bb par Arnaud Villani ;\r\n\u00ab L'empirisme comme ap\u00e9ritif (une persistance de Deleuze) \u00bb par Philippe Choulet ;\r\n\u00ab Mauvaises fr\u00e9quentations \u00bb par Richard Zrehen ;\r\n\u00ab Le r\u00eave de la Vall\u00e9e des Reines \u00bb par Reymond Bellour ;\r\n\u00ab Locus Altus \u00bb par Jean-Claude Dumoncel ;\r\n\u00ab Deleuze mill\u00e9naire, ou Au-del\u00e0 du tombeau \u00bb par Charles J. Stivale ;\r\n\u00ab Pays de danseurs, et de rythmes boiteux \u00bb par J\u00e9r\u00f4me Cler ;\r\n\u00ab Dialogue entre Hylas et Philonous sur Geer van Velde \u00bb par Andr\u00e9 Bernold ;\r\n\u00ab Bibliographie raisonn\u00e9e de Gilles Deleuze, 1953-2003 \u00bb par Timothy S. Murphy ;\r\n\u00ab Th\u00e9orie des multiplicit\u00e9s chez Bergson \u00bb, Extraits en Fac-simil\u00e9 d'une conf\u00e9rence de Gilles Deleuze.","authors":["Andr\u00e9 Bernold"],"category_codes":["9000000","9080000"],"visuals":{"large":"https:\/\/images.epagine.fr\/879\/9782705664879_1_75.jpg","medium":"https:\/\/images.epagine.fr\/879\/9782705664879_1_m.jpg","thumbnail":"https:\/\/images.epagine.fr\/879\/9782705664879_1_v.jpg"},"orderable":true,"show_badge":true,"formatted_price":"44,00&nbsp;\u20ac","formatted_published_date":"19 octobre 2005","publisher_availability_label":"Sur commande","short_details":"Andr\u00e9 Bernold \u2014 Hermann","translator":null,"weight":520,"page_count":238,"readership":null,"editor":"Hermann","price":4400,"published_date":"2005-10-18T22:00:00.000000Z","support":"Grand format","publisher_availability":1,"stock":0,"editions":[],"url":"https:\/\/quaidesbrumes.com\/ouvrage\/9782705664879\/deleuze-epars-approches-et-portraits"},{"id":"9782296063136","title":"Le philosophe & la biblioth\u00e8que ; \u00e9tude de moeurs scolaires, administratives voire intellectuelles","description":"On sait que les philosophes ne font rien \"comme tout le monde\", \u00e0 l'instar de leur patron Socrate qui l'a cher pay\u00e9. Comment, par exemple, utilisent-ils les livres ? En font-ils m\u00eame quelque chose ? Pourrait-on philosopher sans livres ? Une contribution sur les pratiques culturelles effectives de notre temps qui se veut inventaire et \u00e9tat des lieux.","authors":["Michel Piquet"],"category_codes":["9000000","9080000","9080200","9080204"],"visuals":{"large":"https:\/\/images.epagine.fr\/136\/9782296063136_1_75.jpg","medium":"https:\/\/images.epagine.fr\/136\/9782296063136_1_m.jpg","thumbnail":"https:\/\/images.epagine.fr\/136\/9782296063136_1_v.jpg"},"orderable":true,"show_badge":true,"formatted_price":"24,00&nbsp;\u20ac","formatted_published_date":"22 octobre 2008","publisher_availability_label":"Sur commande","short_details":"Michel Piquet \u2014 \u00c9ditions L'Harmattan","translator":null,"weight":305,"page_count":246,"readership":null,"editor":"\u00c9ditions L'Harmattan","price":2400,"published_date":"2008-10-21T22:00:00.000000Z","support":"Grand format","publisher_availability":1,"stock":0,"editions":[],"url":"https:\/\/quaidesbrumes.com\/ouvrage\/9782296063136\/le-philosophe-la-bibliotheque-etude-de-moeurs-scolaires-administratives-voire-intellectuelles"},{"id":"9782296027725","title":"Le virage social de l'\u00e9ducation ; essai sur la nouvelle condition enseignante","description":"L'\u00e9cole, durement expos\u00e9e \u00e0 la gravit\u00e9 des crises sociales de ces derni\u00e8res ann\u00e9es, a \u00e9t\u00e9 injustement prise \u00e0 partie par l'agressivit\u00e9 des politiques et de l'opinion. En se mettant au service de la massification, l'\u00e9cole change. On lui fait subir la vindicte des masses, on lui demande de r\u00e9parer un tissu humain de plus en plus endommag\u00e9, on la charge des missions les plus irr\u00e9alisables. Il s'agit ici de donner quelques outils d'analyse pour penser les enjeux de l'\u00e9cole par-del\u00e0 l'angoisse sociale de notre temps.","authors":["Philippe Cadiou"],"category_codes":["12000000","12240000","12240400"],"visuals":{"large":"https:\/\/images.epagine.fr\/725\/9782296027725_1_75.jpg","medium":"https:\/\/images.epagine.fr\/725\/9782296027725_1_m.jpg","thumbnail":"https:\/\/images.epagine.fr\/725\/9782296027725_1_v.jpg"},"orderable":true,"show_badge":true,"formatted_price":"12,00&nbsp;\u20ac","formatted_published_date":"1er mars 2007","publisher_availability_label":"Sur commande","short_details":"Philippe Cadiou \u2014 \u00c9ditions L'Harmattan","translator":null,"weight":120,"page_count":100,"readership":null,"editor":"\u00c9ditions L'Harmattan","price":1200,"published_date":"2007-02-28T23:00:00.000000Z","support":"Grand format","publisher_availability":1,"stock":0,"editions":[],"url":"https:\/\/quaidesbrumes.com\/ouvrage\/9782296027725\/le-virage-social-de-leducation-essai-sur-la-nouvelle-condition-enseignante"},{"id":"9782200345983","title":"Les cl\u00f4tures de la modernit\u00e9","description":"Voici une essai philosophique pour repenser les d\u00e9bats contemporains de notre monde - en particulier les rapports science, technique, libert\u00e9, sous la plume d'un \u00e9pist\u00e9mologue et historien des sciences de premier rang, auteur d'une oeuvre tr\u00e8s personnelle qui convoque philosophie, science et esth\u00e9tique. Michel Blay montre que la \u00ab modernit\u00e9 \u00bb comme \u00e9mancipation de l'homme pens\u00e9e et impuls\u00e9e depuis la Renaissance, est rest\u00e9e bloqu\u00e9e. \u00c0 travers un travail de synth\u00e8se sur une large p\u00e9riode historique (XVII-XXe si\u00e8cles), il analyse les raisons de ce blocage, d\u00e9cortique les points de r\u00e9sistance, puis s'efforce d'ouvrir l'avenir.","authors":["Michel Blay"],"category_codes":["9000000","9080000","9080200","9080204"],"visuals":{"large":"https:\/\/images.epagine.fr\/983\/9782200345983_1_75.jpg","medium":"https:\/\/images.epagine.fr\/983\/9782200345983_1_m.jpg","thumbnail":"https:\/\/images.epagine.fr\/983\/9782200345983_1_v.jpg"},"orderable":true,"show_badge":true,"formatted_price":"28,00&nbsp;\u20ac","formatted_published_date":"24 octobre 2007","publisher_availability_label":"Sur commande","short_details":"Michel Blay \u2014 Armand Colin","translator":null,"weight":206,"page_count":174,"readership":null,"editor":"Armand Colin","price":2800,"published_date":"2007-10-23T22:00:00.000000Z","support":"Grand format","publisher_availability":1,"stock":0,"editions":[],"url":"https:\/\/quaidesbrumes.com\/ouvrage\/9782200345983\/les-clotures-de-la-modernite"},{"id":"9782070753086","title":"Ultima verba ; entretiens avec G\u00e9rard Pr\u00e9vost","description":"\u00abLa parole et le regard furent au centre des questions que ces dialogues suscitent : Jean Guitton pense le monde les yeux ouverts. Chez lui, le regard porte la pens\u00e9e : il l'accompagne, l'\u00e9claire, la concentre, puis l'offre \u00e0 ses interlocuteurs. Sa pens\u00e9e est de lumi\u00e8re, la nuit y est absente ; le rire, plus que la tristesse, accompagne souvent la voix. Certes, parfois, l'inqui\u00e9tude trouble le geste et la vigueur du ton : alors l'\u00e9motion, fluette, discr\u00e8te, mais \u00f4 combien p\u00e9n\u00e9trante, fait acc\u00e9der \u00e0 ce myst\u00e8re, o\u00f9 le discours se change en pri\u00e8re, alors que les yeux, devenus fixes, semblent implorer une r\u00e9ponse qui comblerait le coeur plus que l'esprit.\u00bb G\u00e9rard Pr\u00e9vost.","authors":["Jean Guitton"],"category_codes":["9000000","9080000","9080200","9080204"],"visuals":{"large":"https:\/\/images.epagine.fr\/086\/9782070753086_1_75.jpg","medium":"https:\/\/images.epagine.fr\/086\/9782070753086_1_m.jpg","thumbnail":"https:\/\/images.epagine.fr\/086\/9782070753086_1_v.jpg"},"orderable":true,"show_badge":true,"formatted_price":"13,15&nbsp;\u20ac","formatted_published_date":"16 octobre 1998","publisher_availability_label":"Sur commande","short_details":"Jean Guitton \u2014 Gallimard","translator":null,"weight":174,"page_count":120,"readership":null,"editor":"Gallimard","price":1315,"published_date":"1998-10-15T22:00:00.000000Z","support":"Grand format","publisher_availability":1,"stock":0,"editions":[],"url":"https:\/\/quaidesbrumes.com\/ouvrage\/9782070753086\/ultima-verba-entretiens-avec-gerard-prevost"},{"id":"9782012771420","title":"Tableau des passions humaines, de leurs causes et de leurs effets (ed.1620)","description":"Tableau des passions humaines, de leurs causes et de leurs effets \/ par... F. N. Co\u00ebffeteau,... http:\/\/gallica.bnf.fr\/ark:\/12148\/bpt6k73127f","authors":["Nicolas Coeffeteau"],"category_codes":["9000000","9080000"],"visuals":{"large":"https:\/\/images.epagine.fr\/420\/9782012771420_1_75.jpg","medium":"https:\/\/images.epagine.fr\/420\/9782012771420_1_m.jpg","thumbnail":"https:\/\/images.epagine.fr\/420\/9782012771420_1_v.jpg"},"orderable":true,"show_badge":true,"formatted_price":"37,90&nbsp;\u20ac","formatted_published_date":"1er mai 2012","publisher_availability_label":"Sur commande","short_details":"Nicolas Coeffeteau \u2014 Hachette BNF","translator":null,"weight":982,"page_count":null,"readership":null,"editor":"Hachette BNF","price":3790,"published_date":"2012-04-30T22:00:00.000000Z","support":"Grand format","publisher_availability":1,"stock":0,"editions":[],"url":"https:\/\/quaidesbrumes.com\/ouvrage\/9782012771420\/tableau-des-passions-humaines-de-leurs-causes-et-de-leurs-effets-ed1620"},{"id":"9782019229191","title":"La Science universelle de Sorel. Remonstrance sur les erreurs et les vices : Proposition de la science universelle. Introduction \u00e0 la science universelle","description":"La Science universelle de Sorel. - Remonstrance sur les erreurs et les vices. - Proposition de la science universelle. - Introduction \u00e0 la science universelle\r\nDate de l'\u00e9dition originale : 1641\r\n[Science universelle (fran\u00e7ais)]\r\n\r\nLe pr\u00e9sent ouvrage s'inscrit dans une politique de conservation patrimoniale des ouvrages de la litt\u00e9rature Fran\u00e7aise mise en place avec la BNF. \r\nHACHETTE LIVRE et la BNF proposent ainsi un catalogue de titres indisponibles, la BNF ayant num\u00e9ris\u00e9 ces oeuvres et HACHETTE LIVRE les imprimant \u00e0 la demande. \r\nCertains de ces ouvrages refl\u00e8tent des courants de pens\u00e9e caract\u00e9ristiques  de leur \u00e9poque, mais qui seraient aujourd'hui jug\u00e9s condamnables. \r\nIls n'en appartiennent pas moins \u00e0 l'histoire des id\u00e9es en France et sont susceptibles de pr\u00e9senter un int\u00e9r\u00eat scientifique ou historique. \r\nLe sens de notre d\u00e9marche \u00e9ditoriale consiste ainsi \u00e0 permettre l'acc\u00e8s \u00e0 ces oeuvres sans pour autant que nous en cautionnions en aucune fa\u00e7on le contenu. \r\nPour plus d'informations, rendez-vous sur www.hachettebnf.fr","authors":["Charles Sorel"],"category_codes":["9000000","9080000"],"visuals":{"large":"https:\/\/images.epagine.fr\/191\/9782019229191_1_75.jpg","medium":"https:\/\/images.epagine.fr\/191\/9782019229191_1_m.jpg","thumbnail":"https:\/\/images.epagine.fr\/191\/9782019229191_1_v.jpg"},"orderable":true,"show_badge":true,"formatted_price":"28,50&nbsp;\u20ac","formatted_published_date":"1er mars 2018","publisher_availability_label":"Sur commande","short_details":"Charles Sorel \u2014 Hachette BNF","translator":null,"weight":614,"page_count":454,"readership":null,"editor":"Hachette BNF","price":2850,"published_date":"2018-02-28T23:00:00.000000Z","support":"Grand format","publisher_availability":1,"stock":0,"editions":[],"url":"https:\/\/quaidesbrumes.com\/ouvrage\/9782019229191\/la-science-universelle-de-sorel-remonstrance-sur-les-erreurs-et-les-vices-proposition-de-la-science-universelle-introduction-a-la-science-universelle"},{"id":"9782406101321","title":"L'\u00e2me comme livre : \u00e9tude sur une image platonicienne","description":"Dans le Phil\u00e8be, Platon \u00e9labore une image de notre \u00e2me comme livre o\u00f9 un \u00e9crivain et un peintre sont constamment au travail. Cet ouvrage examine les pr\u00e9misses implicites de cette image et met en cause une coupure g\u00e9n\u00e9rale entre la phantasia des Anciens et l'imagination des Modernes.","authors":["Karel Thein"],"category_codes":["9000000","9080000","9080400","9080403"],"visuals":{"large":"https:\/\/images.epagine.fr\/321\/9782406101321_1_75.jpg","medium":"https:\/\/images.epagine.fr\/321\/9782406101321_1_m.jpg","thumbnail":"https:\/\/images.epagine.fr\/321\/9782406101321_1_v.jpg"},"orderable":true,"show_badge":true,"formatted_price":"65,00&nbsp;\u20ac","formatted_published_date":"9 juin 2021","publisher_availability_label":"Sur commande","short_details":"Karel Thein \u2014 CLASSIQUES GARNIER","translator":null,"weight":372,"page_count":174,"readership":null,"editor":"CLASSIQUES GARNIER","price":6500,"published_date":"2021-06-08T22:00:00.000000Z","support":"Grand format","publisher_availability":1,"stock":0,"editions":["9782406101314"],"url":"https:\/\/quaidesbrumes.com\/ouvrage\/9782406101321\/lame-comme-livre-etude-sur-une-image-platonicienne"},{"id":"9782296120334","title":"Les bases m\u00e9taphysiques de la pens\u00e9e n\u00e9gro-africaine","description":"Fuyant le r\u00e9ductionnisme occidental, qu'il soit spiritualiste ou mat\u00e9rialiste, la culture traditionnelle installe le Noir africain dans le pluralisme, tel qu'enseign\u00e9 par le R.P. HEBGA. Le retour aux sources s'effectue ici dans cet esprit de symbiose et de comp\u00e9n\u00e9tration qui caract\u00e9rise la pens\u00e9e n\u00e9gro-africaine. Une red\u00e9finition des concepts dans la philosophie de l'\u00eatre permet une approche diff\u00e9rente des notions de substance, d'essence et d'existence.","authors":["Ernest Menyomo"],"category_codes":["9000000","9080000"],"visuals":{"large":"https:\/\/images.epagine.fr\/334\/9782296120334_1_75.jpg","medium":"https:\/\/images.epagine.fr\/334\/9782296120334_1_m.jpg","thumbnail":"https:\/\/images.epagine.fr\/334\/9782296120334_1_v.jpg"},"orderable":true,"show_badge":true,"formatted_price":"15,50&nbsp;\u20ac","formatted_published_date":"3 mai 2010","publisher_availability_label":"Sur commande","short_details":"Ernest Menyomo \u2014 \u00c9ditions L'Harmattan","translator":null,"weight":190,"page_count":null,"readership":null,"editor":"\u00c9ditions L'Harmattan","price":1550,"published_date":"2010-05-02T22:00:00.000000Z","support":"Grand format","publisher_availability":1,"stock":0,"editions":[],"url":"https:\/\/quaidesbrumes.com\/ouvrage\/9782296120334\/les-bases-metaphysiques-de-la-pensee-negro-africaine"},{"id":"9782012771475","title":"Tableau historique de la philosophie grecque avant socrate (ed.1900)","description":"Tableau historique de la philosophie grecque avant Socrate \/ par M. Charles Waddington,... http:\/\/gallica.bnf.fr\/ark:\/12148\/bpt6k55459429","authors":["Waddington C-P."],"category_codes":["9000000","9080000"],"visuals":{"large":"https:\/\/images.epagine.fr\/475\/9782012771475_1_75.jpg","medium":"https:\/\/images.epagine.fr\/475\/9782012771475_1_m.jpg","thumbnail":"https:\/\/images.epagine.fr\/475\/9782012771475_1_v.jpg"},"orderable":true,"show_badge":true,"formatted_price":"11,00&nbsp;\u20ac","formatted_published_date":"1er mai 2012","publisher_availability_label":"Sur commande","short_details":"Waddington C-P. \u2014 Hachette BNF","translator":null,"weight":97,"page_count":null,"readership":null,"editor":"Hachette BNF","price":1100,"published_date":"2012-04-30T22:00:00.000000Z","support":"Grand format","publisher_availability":1,"stock":0,"editions":[],"url":"https:\/\/quaidesbrumes.com\/ouvrage\/9782012771475\/tableau-historique-de-la-philosophie-grecque-avant-socrate-ed1900"},{"id":"9782296120396","title":"Bacchus de la civilisation pomp\u00e9ienne au monde m\u00e9di\u00e9val","description":"Parmi les dieux du panth\u00e9on grec, Dionysos, Bacchus chez les romains offre un int\u00e9r\u00eat particulier. Isol\u00e9 des autres Dieux, il incarne l'absolu du plaisir, de la cruaut\u00e9 et de la souffrance. Il est \u00e0 l'origine d'un nouveau mod\u00e8le religieux, social et politique o\u00f9 les femmes ont droit de cit\u00e9. Proscrit par la religion dominante, c'est \u00e0 travers les arts et les traditions populaires m\u00e9di\u00e9vales qu'il surv\u00e9cut. Ce dieu des ivresses spirituelles et corporelles incarne l'Homme dans son entier. Nous interrogeant sur le d\u00e9sir de tout \u00eatre humain de se d\u00e9passer et de se m\u00e9tamorphoser en dieu, il nous aide \u00e0 comprendre l'homme et le sacr\u00e9.","authors":["C\u00e9line Moretti maqua"],"category_codes":["9000000","9080000","9080200"],"visuals":{"large":"https:\/\/images.epagine.fr\/396\/9782296120396_1_75.jpg","medium":"https:\/\/images.epagine.fr\/396\/9782296120396_1_m.jpg","thumbnail":"https:\/\/images.epagine.fr\/396\/9782296120396_1_v.jpg"},"orderable":true,"show_badge":true,"formatted_price":"12,00&nbsp;\u20ac","formatted_published_date":"16 juin 2010","publisher_availability_label":"Sur commande","short_details":"C\u00e9line Moretti maqua \u2014 \u00c9ditions L'Harmattan","translator":null,"weight":138,"page_count":100,"readership":null,"editor":"\u00c9ditions L'Harmattan","price":1200,"published_date":"2010-06-15T22:00:00.000000Z","support":"Grand format","publisher_availability":1,"stock":0,"editions":[],"url":"https:\/\/quaidesbrumes.com\/ouvrage\/9782296120396\/bacchus-de-la-civilisation-pompeienne-au-monde-medieval"},{"id":"9782204091039","title":"Fragments d'inconnu ; pour une histoire du sujet","description":"La figure de l'individu, qui a domin\u00e9 la philosophie et les sciences sociales au cours des trois derni\u00e8res d\u00e9cennies, semble \u00e0 bout de souffle. Partout, singuliers et collectifs cherchent \u00e0 d\u00e9passer la simple adaptation au monde fluide impos\u00e9 par le capitalisme mondialis\u00e9 et \u00e0 redevenir les agents de leur propre vie. Au nord comme au sud, un immense d\u00e9sir de subjectivation est en train de gagner nos soci\u00e9t\u00e9s. Pourtant, la figure du sujet reste confuse. Longtemps identifi\u00e9e \u00e0 une entit\u00e9 naturelle, hors de l'histoire, elle p\u00e2tit aujourd'hui \u00e9galement des repr\u00e9sentations, tout aussi n\u00e9fastes, qui concluent de l'historicit\u00e9 radicale du sujet \u00e0 sa relativit\u00e9 \u00e9thique et politique, voire \u00e0 son inexistence. Ce livre reprend, \u00e0 la racine, la r\u00e9flexion sur les relations entre sujet et histoire, en y r\u00e9introduisant une tradition oubli\u00e9e, sinon refoul\u00e9e par la philosophie : celle qui commence avec Humboldt, se poursuit chez Saussure, Benveniste et Meschonnic. En d\u00e9finissant le langage comme activit\u00e9 et comme mise en circulation de puissances po\u00e9tiques, cette tradition fournit les bases d'une nouvelle anthropologie historique du sujet.","authors":["Pascal Michon"],"category_codes":["9000000","9080000","9080200","9080204"],"visuals":{"large":"https:\/\/images.epagine.fr\/039\/9782204091039_1_75.jpg","medium":"https:\/\/images.epagine.fr\/039\/9782204091039_1_m.jpg","thumbnail":"https:\/\/images.epagine.fr\/039\/9782204091039_1_v.jpg"},"orderable":true,"show_badge":true,"formatted_price":"38,50&nbsp;\u20ac","formatted_published_date":"16 avril 2010","publisher_availability_label":"Sur commande","short_details":"Pascal Michon \u2014 Les \u00e9ditions du Cerf","translator":null,"weight":382,"page_count":251,"readership":null,"editor":"Les \u00e9ditions du Cerf","price":3850,"published_date":"2010-04-15T22:00:00.000000Z","support":"Grand format","publisher_availability":1,"stock":0,"editions":[],"url":"https:\/\/quaidesbrumes.com\/ouvrage\/9782204091039\/fragments-dinconnu-pour-une-histoire-du-sujet"},{"id":"9782296073326","title":"La marche vers la libert\u00e9","description":"Premchand \u00e9tait un contemporain de Gandhi et se d\u00e9finissait comme un soldat de la plume. Plusieurs de ses nouvelles visaient \u00e0 pr\u00e9parer l'Inde \u00e0 l'Ind\u00e9pendance, en corrigeant certains travers de la soci\u00e9t\u00e9 indienne et en s'attaquant \u00e0 diff\u00e9rentes formes d'oppression fond\u00e9es sur la tradition ou la religion. Dans cet ouvrage, certaines nouvelles \u00e9voquent des situations li\u00e9es au mouvement gandhien de mobilisation des masses pour obtenir l'ind\u00e9pendance par des moyens non violents.","authors":["Premchand","Fernand Ouellet"],"category_codes":["9000000","9080000","9080200","9080204"],"visuals":{"large":"https:\/\/images.epagine.fr\/326\/9782296073326_1_75.jpg","medium":"https:\/\/images.epagine.fr\/326\/9782296073326_1_m.jpg","thumbnail":"https:\/\/images.epagine.fr\/326\/9782296073326_1_v.jpg"},"orderable":true,"show_badge":true,"formatted_price":"31,50&nbsp;\u20ac","formatted_published_date":"11 d\u00e9cembre 2008","publisher_availability_label":"Sur commande","short_details":"Premchand, Fernand Ouellet \u2014 \u00c9ditions L'Harmattan","translator":"FERNAND OUELLET","weight":395,"page_count":304,"readership":null,"editor":"\u00c9ditions L'Harmattan","price":3150,"published_date":"2008-12-10T23:00:00.000000Z","support":"Grand format","publisher_availability":1,"stock":0,"editions":[],"url":"https:\/\/quaidesbrumes.com\/ouvrage\/9782296073326\/la-marche-vers-la-liberte"},{"id":"9782917715055","title":"D\u00e9senchantement et esp\u00e9rance","description":"Age d'or ou paradis, ce qui nous a \u00e9t\u00e9 d\u00e9crit comme perdu chez Rousseau ou dans les Ecritures, semble constituer le principal d\u00e9s-enchantement d'un monde o\u00f9 l'homme a aussi perdu son innocence et parfois toute raison d'esp\u00e9rer.\r\n \r\nD\u00e9senchantement et esp\u00e9rance constitue la confrontation in\u00e9dite de deux penseurs contemporains dont les r\u00e9flexions nous donnent quelques raisons de vivre heureux, que ces raisons se nomment engagement chez Henri Pe\u00f1a-Ruiz, la\u00efc et r\u00e9publicain, ou esp\u00e9rance pour Monseigneur Dagens, repr\u00e9sentant de l'Eglise catholique.","authors":["Pena-Ruiz\/Dagens"],"category_codes":["9000000","9080000","9080200","9080204"],"visuals":{"large":"https:\/\/images.epagine.fr\/055\/9782917715055_1_75.jpg","medium":"https:\/\/images.epagine.fr\/055\/9782917715055_1_m.jpg","thumbnail":"https:\/\/images.epagine.fr\/055\/9782917715055_1_v.jpg"},"orderable":true,"show_badge":true,"formatted_price":"11,00&nbsp;\u20ac","formatted_published_date":"2 avril 2010","publisher_availability_label":"Sur commande","short_details":"Pena-Ruiz\/Dagens \u2014 Abeille Et Castor","translator":null,"weight":80,"page_count":44,"readership":null,"editor":"Abeille Et Castor","price":1100,"published_date":"2010-04-01T22:00:00.000000Z","support":"Grand format","publisher_availability":1,"stock":0,"editions":[],"url":"https:\/\/quaidesbrumes.com\/ouvrage\/9782917715055\/desenchantement-et-esperance"},{"id":"9782711606474","title":"Liber exceptionum","description":null,"authors":["De Saint Victor"],"category_codes":["9000000","9080000","9080500"],"visuals":{"large":"https:\/\/quaidesbrumes.com\/img\/book-placeholder.png","medium":"https:\/\/quaidesbrumes.com\/img\/book-placeholder.png","thumbnail":"https:\/\/quaidesbrumes.com\/img\/book-placeholder.png"},"orderable":true,"show_badge":true,"formatted_price":"51,00&nbsp;\u20ac","formatted_published_date":"7 octobre 2002","publisher_availability_label":"Sur commande","short_details":"De Saint Victor \u2014 Vrin","translator":null,"weight":920,"page_count":548,"readership":null,"editor":"Vrin","price":5100,"published_date":"2002-10-06T22:00:00.000000Z","support":"Grand format","publisher_availability":1,"stock":0,"editions":[],"url":"https:\/\/quaidesbrumes.com\/ouvrage\/9782711606474\/liber-exceptionum"},{"id":"9782343016436","title":"Essai sur la d\u00e9termination et les implications philosophiques du concept de \"libert\u00e9 humaine\"","description":"Comment donner la parole \u00e0 une libert\u00e9 envisag\u00e9e comme pure joie ? Dans ce livre, l'auteur s'interroge sur les fondements philosophiques de ce concept de libert\u00e9. \u00c0 l'\u00e9gard de l'id\u00e9al humaniste d'un individu parfaitement ind\u00e9pendant, autonome, donc libre et ma\u00eetre de lui-m\u00eame, l'auteur analyse de mani\u00e8re g\u00e9n\u00e9rale ce concept de libert\u00e9 de l'homme dans toutes les implications philosophiques, politiques et sociales.","authors":["Ndzimba Ganyanad"],"category_codes":["9000000","9080000","9080200","9080204"],"visuals":{"large":"https:\/\/images.epagine.fr\/436\/9782343016436_1_75.jpg","medium":"https:\/\/images.epagine.fr\/436\/9782343016436_1_m.jpg","thumbnail":"https:\/\/images.epagine.fr\/436\/9782343016436_1_v.jpg"},"orderable":true,"show_badge":true,"formatted_price":"25,00&nbsp;\u20ac","formatted_published_date":"25 avril 2014","publisher_availability_label":"Sur commande","short_details":"Ndzimba Ganyanad \u2014 \u00c9ditions L'Harmattan","translator":null,"weight":280,"page_count":228,"readership":null,"editor":"\u00c9ditions L'Harmattan","price":2500,"published_date":"2014-04-24T22:00:00.000000Z","support":"Grand format","publisher_availability":1,"stock":0,"editions":[],"url":"https:\/\/quaidesbrumes.com\/ouvrage\/9782343016436\/essai-sur-la-determination-et-les-implications-philosophiques-du-concept-de-liberte-humaine"},{"id":"9782234059313","title":"Stupidity","description":"Qu'est-ce que la b\u00eatise ? O\u00f9 commence-t-elle ? O\u00f9 s'arr\u00eate-t-elle ? Est-elle l'autre de l'intelligence -  ou les confins de celle-ci ? Est-elle la n\u00e9gation de la raison - ou le seuil qui y m\u00e8ne ? C'est \u00e0 toutes ces questions que tente de r\u00e9pondre, dans cet essai stimulant, la philosophe Avital Ronell, en revisitant les po\u00e8tes et les \u00e9crivains que la b\u00eatise fascina et qui ne sortirent pas toujours indemnes de cette attraction souvent r\u00e9ciproque - Barthes, Holderlin, Flaubert, Kafka, Musil, Michaux, Pynchon -, mais aussi les philosophes qui, parfois, crurent s'en d\u00e9tourner alors qu'ils ne faisaient que mieux l'embrasser - Kant, Hegel, Heidegger. Mais au-del\u00e0 de la litt\u00e9rature et de la philosophie, Avital Ronell montre aussi que la d\u00e9finition de la b\u00eatise est d'abord une question politique, une marque de distinction et de s\u00e9gr\u00e9gation  sociale, qui permet d'exclure des groupes et des individus de leur participation \u00e0 la vie de la cit\u00e9 - et de conforter les autres dans la ma\u00eetrise et la possession des crit\u00e8res d\u00e9finissant l'intelligence et l'octroi des pouvoirs et des privil\u00e8ges qui s'y rattachent ind\u00e9fectiblement.","authors":["Ronell-A"],"category_codes":["9000000","9080000","9080200","9080204"],"visuals":{"large":"https:\/\/images.epagine.fr\/313\/9782234059313_1_75.jpg","medium":"https:\/\/images.epagine.fr\/313\/9782234059313_1_m.jpg","thumbnail":"https:\/\/images.epagine.fr\/313\/9782234059313_1_v.jpg"},"orderable":true,"show_badge":true,"formatted_price":"24,00&nbsp;\u20ac","formatted_published_date":"27 septembre 2006","publisher_availability_label":"Sur commande","short_details":"Ronell-A \u2014 Stock","translator":null,"weight":396,"page_count":250,"readership":null,"editor":"Stock","price":2400,"published_date":"2006-09-26T22:00:00.000000Z","support":"Grand format","publisher_availability":1,"stock":0,"editions":[],"url":"https:\/\/quaidesbrumes.com\/ouvrage\/9782234059313\/stupidity"},{"id":"9782012771680","title":"Telliamed, ou entretiens d'un philosophe indien avec un missionnaire francais. t 1 (ed.1748)","description":"Telliamed, ou Entretiens d'un philosophe indien avec un missionnaire fran\u00e7ais sur la diminution de la mer, la formation de la terre, l'origine de l'homme, etc.. Tome 1 \/ ,mis en ordre sur les M\u00e9moires de feu M. de M***, par J.-A. Guer,... http:\/\/gallica.bnf.fr\/ark:\/12148\/bpt6k862745","authors":["Maillet Benoit"],"category_codes":["9000000","9080000"],"visuals":{"large":"https:\/\/images.epagine.fr\/680\/9782012771680_1_75.jpg","medium":"https:\/\/images.epagine.fr\/680\/9782012771680_1_m.jpg","thumbnail":"https:\/\/images.epagine.fr\/680\/9782012771680_1_v.jpg"},"orderable":true,"show_badge":true,"formatted_price":"22,50&nbsp;\u20ac","formatted_published_date":"1er avril 2012","publisher_availability_label":"Sur commande","short_details":"Maillet Benoit \u2014 Hachette BNF","translator":null,"weight":414,"page_count":null,"readership":null,"editor":"Hachette BNF","price":2250,"published_date":"2012-03-31T22:00:00.000000Z","support":"Grand format","publisher_availability":1,"stock":0,"editions":[],"url":"https:\/\/quaidesbrumes.com\/ouvrage\/9782012771680\/telliamed-ou-entretiens-dun-philosophe-indien-avec-un-missionnaire-francais-t-1-ed1748"},{"id":"9782738465832","title":"Bergson ; professeur au lyc\u00e9e de Clermont-Ferrand ; cours 1885-1886","description":"Le cours de Bergson dont il est ici question, donn\u00e9 au Lyc\u00e9e Blaise Pascal durant l'ann\u00e9e scolaire 1885-1886, sera envisag\u00e9 sous l'angle de la responsabilit\u00e9 que tout philosophe contracte en pratiquant la philosophie, transmettre aux \"nouveaux\", comme disait Platon, cet usage de la raison qui est le meilleur garant de la v\u00e9rit\u00e9, de la justice et de la libert\u00e9. On y voir Bergson instruire ceux qui lui sont confi\u00e9s, transmettre les connaissances qu'il a re\u00e7ues, former leur jugement, aiguiser leur sens critique par un discours exigeant, rigoureux, susciter le souci de la v\u00e9rit\u00e9, le go\u00fbt des sciences et leur enseigner les chemins qu'\u00e0 suivis cette extraordinaire aventure de la pens\u00e9e commenc\u00e9e en Gr\u00e8ce il y a 2500 ans.","authors":["Jean Bardy"],"category_codes":["9000000","9080000"],"visuals":{"large":"https:\/\/images.epagine.fr\/832\/9782738465832_1_75.jpg","medium":"https:\/\/images.epagine.fr\/832\/9782738465832_1_m.jpg","thumbnail":"https:\/\/images.epagine.fr\/832\/9782738465832_1_v.jpg"},"orderable":true,"show_badge":true,"formatted_price":"22,50&nbsp;\u20ac","formatted_published_date":"3 mai 2000","publisher_availability_label":"Sur commande","short_details":"Jean Bardy \u2014 \u00c9ditions L'Harmattan","translator":null,"weight":274,"page_count":218,"readership":null,"editor":"\u00c9ditions L'Harmattan","price":2250,"published_date":"2000-05-02T22:00:00.000000Z","support":"Grand format","publisher_availability":1,"stock":0,"editions":[],"url":"https:\/\/quaidesbrumes.com\/ouvrage\/9782738465832\/bergson-professeur-au-lycee-de-clermont-ferrand-cours-1885-1886"},{"id":"9782708709362","title":"L'afrique dans la philosophie - introduction a la philosophie africaine pharaonique","description":null,"authors":["Somet Yoporeka"],"category_codes":["9000000","9080000","9080200","9080208"],"visuals":{"large":"https:\/\/images.epagine.fr\/362\/9782708709362_1_75.jpg","medium":"https:\/\/images.epagine.fr\/362\/9782708709362_1_m.jpg","thumbnail":"https:\/\/images.epagine.fr\/362\/9782708709362_1_v.jpg"},"orderable":true,"show_badge":true,"formatted_price":"18,00&nbsp;\u20ac","formatted_published_date":"15 avril 2019","publisher_availability_label":"Sur commande","short_details":"Somet Yoporeka \u2014 PRESENCE AFRICAINE","translator":null,"weight":320,"page_count":null,"readership":null,"editor":"PRESENCE AFRICAINE","price":1800,"published_date":"2019-04-14T22:00:00.000000Z","support":"Grand format","publisher_availability":1,"stock":0,"editions":[],"url":"https:\/\/quaidesbrumes.com\/ouvrage\/9782708709362\/lafrique-dans-la-philosophie-introduction-a-la-philosophie-africaine-pharaonique"},{"id":"9782747592697","title":"Le marxisme dans les grands recits : essai d'analyse du discours","description":"Il importe de reprendre la question du marxisme comme orthodoxie id\u00e9ologique et comme objet de croyance totale. Cet ouvrage cherche \u00e0 savoir ce que fut cette id\u00e9ologie, quelle en a \u00e9t\u00e9 la force de persuasion et de mobilisation ; il convient de la d\u00e9chiffrer dans sa logique. Le marxisme, ph\u00e9nom\u00e8ne central du si\u00e8cle pass\u00e9 et du XIX\u00e8me, est l'objet d'un discr\u00e9dit actuel qui succ\u00e8de \u00e0 d'abondantes publications apolog\u00e9tiques et d\u00e9votieuses ou bien pol\u00e9miques et r\u00e9futatives. Le moment est venu de l'examiner comme un fait marquant de l'histoire moderne qui reste \u00e0 interpr\u00e9ter.","authors":["Marc Angenot"],"category_codes":["9000000","9110000","9110200","9110204"],"visuals":{"large":"https:\/\/quaidesbrumes.com\/img\/book-placeholder.png","medium":"https:\/\/quaidesbrumes.com\/img\/book-placeholder.png","thumbnail":"https:\/\/quaidesbrumes.com\/img\/book-placeholder.png"},"orderable":true,"show_badge":true,"formatted_price":"36,00&nbsp;\u20ac","formatted_published_date":"16 janvier 2006","publisher_availability_label":"Sur commande","short_details":"Marc Angenot \u2014 \u00c9ditions L'Harmattan","translator":null,"weight":0,"page_count":466,"readership":null,"editor":"\u00c9ditions L'Harmattan","price":3600,"published_date":"2006-01-15T23:00:00.000000Z","support":"Grand format","publisher_availability":1,"stock":0,"editions":[],"url":"https:\/\/quaidesbrumes.com\/ouvrage\/9782747592697\/le-marxisme-dans-les-grands-recits-essai-danalyse-du-discours"}]}