{"data":[{"id":"9782296119857","title":"Descartes et les africains","description":"La m\u00e9ditation philosophique fait converser les vivants avec les morts. C'est dans ces conditions que, malgr\u00e9 leurs diff\u00e9rences, nous avons permis ici le dialogue des Africains avec Descartes. Tout Africain est en effet fils de deux cultures et le \"ma\u00eetre fran\u00e7ais\" est le mieux indiqu\u00e9 pour entamer ce genre de discours. Ont particip\u00e9 \u00e0 cette conversation douze auteurs : Amo, Blyden, Nkrumah, Senghor, C\u00e9saire, Fanon, Cabral, Kane, Eboussi, Towa, Hountondji, Njoh Mouelle.\r","authors":["Ernest Menyomo"],"category_codes":["9000000","9080000","9080200","9080204"],"visuals":{"large":"https:\/\/images.epagine.fr\/857\/9782296119857_1_75.jpg","medium":"https:\/\/images.epagine.fr\/857\/9782296119857_1_m.jpg","thumbnail":"https:\/\/images.epagine.fr\/857\/9782296119857_1_v.jpg"},"orderable":true,"show_badge":true,"formatted_price":"23,00&nbsp;\u20ac","formatted_published_date":"2 avril 2010","publisher_availability_label":"Sur commande","short_details":"Ernest Menyomo \u2014 \u00c9ditions L'Harmattan","translator":null,"weight":280,"page_count":null,"readership":null,"editor":"\u00c9ditions L'Harmattan","price":2300,"published_date":"2010-04-01T22:00:00.000000Z","support":"Grand format","publisher_availability":1,"stock":0,"editions":[],"url":"https:\/\/quaidesbrumes.com\/ouvrage\/9782296119857\/descartes-et-les-africains"},{"id":"9782012769519","title":"Simplicii in aristotelis de caelo commentaria (ed.1894)","description":"Simplicii in Aristotelis de Caelo Commentaria \/ consilio et auctoritate Academiae Litterarum Regiae Borussicae ; ed. I. L. Heiberg http:\/\/gallica.bnf.fr\/ark:\/12148\/bpt6k25507c\r","authors":["Simplicius"],"category_codes":["9000000","9080000"],"visuals":{"large":"https:\/\/images.epagine.fr\/519\/9782012769519_1_75.jpg","medium":"https:\/\/images.epagine.fr\/519\/9782012769519_1_m.jpg","thumbnail":"https:\/\/images.epagine.fr\/519\/9782012769519_1_v.jpg"},"orderable":true,"show_badge":true,"formatted_price":"41,00&nbsp;\u20ac","formatted_published_date":"1er mai 2012","publisher_availability_label":"Sur commande","short_details":"Simplicius \u2014 Hachette BNF","translator":null,"weight":1104,"page_count":null,"readership":null,"editor":"Hachette BNF","price":4100,"published_date":"2012-04-30T22:00:00.000000Z","support":"Grand format","publisher_availability":1,"stock":0,"editions":[],"url":"https:\/\/quaidesbrumes.com\/ouvrage\/9782012769519\/simplicii-in-aristotelis-de-caelo-commentaria-ed1894"},{"id":"9782271066596","title":"Leibowitz ; une pens\u00e9e de la religion","description":"Yeshayahou Leibowitz (1903-1994) ? Certainement l'une des plus grandes figures intellectuelles mais aussi des plus contestataires et des plus contest\u00e9es de la vie publique isra\u00e9lienne. Car c'est en ma\u00eetre du politiquement incorrect que ce philosophe, h\u00e9ritier de la grande tradition europ\u00e9enne, a accompagn\u00e9 la naissance, puis l'essor de l'\u00c9tat h\u00e9breu. \r\n \r\n \r\nPr\u00e9sentant la destin\u00e9e et l'ouvre, de Vilnius \u00e0 J\u00e9rusalem, Jean-Marc Joubert s'attache \u00e0 en r\u00e9v\u00e9ler la face cach\u00e9e qui en est \u00e0 la source: la pens\u00e9e religieuse, qui est aussi une philosophie de la religion. \r\n \r\n \r\nPrimat de la pratique sur les id\u00e9es, indiff\u00e9rence du savoir par rapport \u00e0 la foi et \u00e0 l'\u00e9thique, s\u00e9paration du juda\u00efsme et du christianisme: telles sont les th\u00e8ses que pr\u00e9sente cette \u00e9tude sans pr\u00e9c\u00e9dent o\u00f9 l'on croisera aussi le Talmud, Ma\u00efmonide, Wittgenstein. \r\n \r\n \r\nUn livre d\u00e9couverte d'une personnalit\u00e9 isra\u00e9lienne d\u00e9fiant les pr\u00e9jug\u00e9s et les id\u00e9es re\u00e7ues.","authors":["Jean-marc Joubert"],"category_codes":["9000000","9080000"],"visuals":{"large":"https:\/\/images.epagine.fr\/596\/9782271066596_1_75.jpg","medium":"https:\/\/images.epagine.fr\/596\/9782271066596_1_m.jpg","thumbnail":"https:\/\/images.epagine.fr\/596\/9782271066596_1_v.jpg"},"orderable":true,"show_badge":true,"formatted_price":"29,00&nbsp;\u20ac","formatted_published_date":"13 mars 2008","publisher_availability_label":"Sur commande","short_details":"Jean-marc Joubert \u2014 CNRS","translator":null,"weight":510,"page_count":335,"readership":null,"editor":"CNRS","price":2900,"published_date":"2008-03-12T23:00:00.000000Z","support":"Grand format","publisher_availability":1,"stock":0,"editions":[],"url":"https:\/\/quaidesbrumes.com\/ouvrage\/9782271066596\/leibowitz-une-pensee-de-la-religion"},{"id":"9782296049840","title":"Corruption et gouvernance","description":"Cette analyse ph\u00e9nom\u00e9nologique et \u00e9tiologique de la corruption met en relief son aspect ludique et po\u00e9tique, de par la m\u00e9diocrit\u00e9 des protagonistes et leur m\u00e9tamorphose fr\u00e9quente en h\u00e9ros. L'ampleur de ce ph\u00e9nom\u00e8ne, dont les causes sont d'ordre \u00e9conomique, socio-politique, psychologique ou moral, peut \u00eatre r\u00e9duite par la promotion d'une \u00e9thique r\u00e9publicaine. Celle-ci doit \u00eatre sous-tendue par une p\u00e9dagogie citoyenne dont l'objectif majeur serait de promouvoir l'existence de la raison dans les institutions publiques.\r","authors":["Lucien Ayissi"],"category_codes":["9000000","9080000","9080200","9080204"],"visuals":{"large":"https:\/\/images.epagine.fr\/840\/9782296049840_1_75.jpg","medium":"https:\/\/images.epagine.fr\/840\/9782296049840_1_m.jpg","thumbnail":"https:\/\/images.epagine.fr\/840\/9782296049840_1_v.jpg"},"orderable":true,"show_badge":true,"formatted_price":"21,50&nbsp;\u20ac","formatted_published_date":"8 f\u00e9vrier 2008","publisher_availability_label":"Sur commande","short_details":"Lucien Ayissi \u2014 \u00c9ditions L'Harmattan","translator":null,"weight":234,"page_count":212,"readership":null,"editor":"\u00c9ditions L'Harmattan","price":2150,"published_date":"2008-02-07T23:00:00.000000Z","support":"Grand format","publisher_availability":1,"stock":0,"editions":[],"url":"https:\/\/quaidesbrumes.com\/ouvrage\/9782296049840\/corruption-et-gouvernance"},{"id":"9782363450388","title":"De l'amour","description":"Aphrodite fait l'unit\u00e9 de ce livre : elle est l'objet de la nouvelle Pr\u00e9face, ainsi que de l'Appendice, o\u00f9 l'on voit son r\u00f4le dans l'Iliade ; et elle triomphe dans la deuxi\u00e8me partie du livre, qui n'existait pas dans les \u00e9ditions pr\u00e9c\u00e9dentes, et a \u00e9t\u00e9 inspir\u00e9e par les \u00e9pigrammes amoureuses de l'Anthologie palatine.\r\n\u00ab De l'amour \u00bb : quel amour ? Dans ce petit livre, il s'agit avant tout d'Aphrodite. L'amour familial, l'amour marital, l'amour-affection (storg\u00e8), l'amour-amiti\u00e9 (philia), l'amour-charit\u00e9 (agap\u00e8) sont des amours limit\u00e9s \u00e0 l'humain (on ne saurait \u00e9prouver tel ou tel d'entre eux pour des animaux, sinon de mani\u00e8re m\u00e9taphorique). L'amour qu'inspire Aphrodite a un caract\u00e8re cosmique, et Er\u00f4s, le fils, selon la tradition classique, de l'un de ses amours, est, \u00e0 l'origine, un principe cosmogonique. Citons H\u00e9siode, Th\u00e9ogonie, 120 (trad. Mazon) : \u00ab Avant tout fut Ab\u00eeme, puis Terre aux larges flancs [...] et Amour, le plus beau parmi les dieux immortels, celui qui rompt les membres et qui, dans la poitrine de tout dieu comme de tout homme, dompte le coeur et le sage vouloir. \u00bb\r","authors":["Marcel Conche"],"category_codes":["9000000","9080000","9080200","9080204"],"visuals":{"large":"https:\/\/images.epagine.fr\/388\/9782363450388_1_75.jpg","medium":"https:\/\/images.epagine.fr\/388\/9782363450388_1_m.jpg","thumbnail":"https:\/\/images.epagine.fr\/388\/9782363450388_1_v.jpg"},"orderable":true,"show_badge":true,"formatted_price":"19,00&nbsp;\u20ac","formatted_published_date":"4 mars 2014","publisher_availability_label":"Sur commande","short_details":"Marcel Conche \u2014 H Diffusion","translator":null,"weight":134,"page_count":120,"readership":null,"editor":"H Diffusion","price":1900,"published_date":"2014-03-03T23:00:00.000000Z","support":"Grand format","publisher_availability":1,"stock":0,"editions":[],"url":"https:\/\/quaidesbrumes.com\/ouvrage\/9782363450388\/de-lamour"},{"id":"9782357480360","title":"Bergson Tome 1","description":"Le Bergson de Henri Hude offre une relecture pr\u00e9cieuse de la philosophie de Bergson gr\u00e2ce \u00e0 un \u00e9clairage r\u00e9ciproque de ses oeuvres et de ses cours. Ce premier tome pr\u00e9sente une certaine image globale de Bergson, de sa pens\u00e9e et de ses origines intellectuelles, ainsi que la relecture de l'Essai sur les Donn\u00e9es Imm\u00e9diates de la Conscience \u00e0 la lumi\u00e8re de ses Cours.","authors":["Henri Hude"],"category_codes":["9000000","9080000","9080200","9080204"],"visuals":{"large":"https:\/\/images.epagine.fr\/360\/9782357480360_1_75.jpg","medium":"https:\/\/images.epagine.fr\/360\/9782357480360_1_m.jpg","thumbnail":"https:\/\/images.epagine.fr\/360\/9782357480360_1_v.jpg"},"orderable":true,"show_badge":true,"formatted_price":"25,00&nbsp;\u20ac","formatted_published_date":"9 septembre 2009","publisher_availability_label":"Sur commande","short_details":"Henri Hude \u2014 Kareline","translator":null,"weight":270,"page_count":192,"readership":null,"editor":"Kareline","price":2500,"published_date":"2009-09-08T22:00:00.000000Z","support":"Grand format","publisher_availability":1,"stock":0,"editions":[],"url":"https:\/\/quaidesbrumes.com\/ouvrage\/9782357480360\/bergson-tome-1"},{"id":"9782357480377","title":"Bergson Tome 2","description":"Le Bergson de Henri Hude offre une relecture pr\u00e9cieuse de la philosophie de Bergson gr\u00e2ce \u00e0 un \u00e9clairage r\u00e9ciproque de ses oeuvres et de ses cours. Ce deuxi\u00e8me tome est consacr\u00e9 \u00e0 la relecture de Mati\u00e8re et M\u00e9moire, L'Evolution cr\u00e9atrice, Les Deux Sources de la Morale et de la Religion.","authors":["Henri Hude"],"category_codes":["9000000","9080000","9080200","9080204"],"visuals":{"large":"https:\/\/images.epagine.fr\/377\/9782357480377_1_75.jpg","medium":"https:\/\/images.epagine.fr\/377\/9782357480377_1_m.jpg","thumbnail":"https:\/\/images.epagine.fr\/377\/9782357480377_1_v.jpg"},"orderable":true,"show_badge":true,"formatted_price":"28,00&nbsp;\u20ac","formatted_published_date":"9 septembre 2009","publisher_availability_label":"Sur commande","short_details":"Henri Hude \u2014 Kareline","translator":null,"weight":295,"page_count":210,"readership":null,"editor":"Kareline","price":2800,"published_date":"2009-09-08T22:00:00.000000Z","support":"Grand format","publisher_availability":1,"stock":0,"editions":[],"url":"https:\/\/quaidesbrumes.com\/ouvrage\/9782357480377\/bergson-tome-2"},{"id":"9782357480414","title":"Vico ; oeuvres choisies","description":"Cet ouvrage nous livre la vie, la m\u00e9thode, le secret m\u00eame des transformations par lesquelles passa le grand-esprit de ce philosophe du 17e si\u00e8cle, \u00e0 travers ses M\u00e9moires ainsi que les autres opuscules r\u00e9unis dans le pr\u00e9sent volume. La m\u00e9thode suivie par Vico est d'autant plus importante \u00e0 observer qu'il n'est peut-\u00eatre aucun inventeur dont on puisse moins indiquer les pr\u00e9c\u00e9dents. Avant lui, le premier mot n'\u00e9tait pas dit ; apr\u00e8s lui, la science \u00e9tait, sinon faite, au moins fond\u00e9e ; le principe \u00e9tait donn\u00e9, les grandes applications indiqu\u00e9es.\r","authors":["Vico"],"category_codes":["9000000","9080000","9080200","9080204"],"visuals":{"large":"https:\/\/images.epagine.fr\/414\/9782357480414_1_75.jpg","medium":"https:\/\/images.epagine.fr\/414\/9782357480414_1_m.jpg","thumbnail":"https:\/\/images.epagine.fr\/414\/9782357480414_1_v.jpg"},"orderable":true,"show_badge":true,"formatted_price":"74,00&nbsp;\u20ac","formatted_published_date":"30 juillet 2009","publisher_availability_label":"Sur commande","short_details":"Vico \u2014 Kareline","translator":null,"weight":674,"page_count":648,"readership":null,"editor":"Kareline","price":7400,"published_date":"2009-07-29T22:00:00.000000Z","support":"Grand format","publisher_availability":1,"stock":0,"editions":[],"url":"https:\/\/quaidesbrumes.com\/ouvrage\/9782357480414\/vico-oeuvres-choisies"},{"id":"9782296117037","title":"Proust-Joyce, Deleuze-Lacan : lectures crois\u00e9es","description":"Proust et Joyce sont lus par Deleuze. Mais Joyce l'est aussi par Lacan : quels sont les principes mutuels de leur lecture ? Qu'est-ce qui r\u00e9ellement les oppose ? Pour tous les deux, il y a un point, point de fuite, qui est \u00e0 l'origine de l'oeuvre litt\u00e9raire, fuite du sens, non-sens. En quoi la \" ligne de fuite \" deleuzienne a-t-elle n\u00e9anmoins besoin d'\u00eatre re-\u00e9labor\u00e9e dans son rapport \u00e0 ce qui \" fuit \" ? Qu'en est-il de ce R\u00e9el que chacun invoque ? Et du litt\u00e9ral dont chacun se r\u00e9clame ?\r","authors":["Philippe Mengu\u00e9"],"category_codes":["9000000","9080000","9080200","9080204"],"visuals":{"large":"https:\/\/images.epagine.fr\/037\/9782296117037_1_75.jpg","medium":"https:\/\/images.epagine.fr\/037\/9782296117037_1_m.jpg","thumbnail":"https:\/\/images.epagine.fr\/037\/9782296117037_1_v.jpg"},"orderable":true,"show_badge":true,"formatted_price":"14,50&nbsp;\u20ac","formatted_published_date":"10 mars 2010","publisher_availability_label":"Sur commande","short_details":"Philippe Mengu\u00e9 \u2014 \u00c9ditions L'Harmattan","translator":null,"weight":185,"page_count":null,"readership":null,"editor":"\u00c9ditions L'Harmattan","price":1450,"published_date":"2010-03-09T23:00:00.000000Z","support":"Grand format","publisher_availability":1,"stock":0,"editions":[],"url":"https:\/\/quaidesbrumes.com\/ouvrage\/9782296117037\/proust-joyce-deleuze-lacan-lectures-croisees"},{"id":"9782012769649","title":"Soirees de saint-petersbourg, precedees d'une etude et d'une notice, (ed.1895)","description":"Soir\u00e9es de Saint-P\u00e9tersbourg, pr\u00e9c\u00e9d\u00e9es d'une \u00e9tude et d'une notice, par E. de Pompery http:\/\/gallica.bnf.fr\/ark:\/12148\/bpt6k5780037x\r","authors":["Maistre Joseph"],"category_codes":["9000000","9080000"],"visuals":{"large":"https:\/\/images.epagine.fr\/649\/9782012769649_1_75.jpg","medium":"https:\/\/images.epagine.fr\/649\/9782012769649_1_m.jpg","thumbnail":"https:\/\/images.epagine.fr\/649\/9782012769649_1_v.jpg"},"orderable":true,"show_badge":true,"formatted_price":"19,00&nbsp;\u20ac","formatted_published_date":"1er avril 2012","publisher_availability_label":"Sur commande","short_details":"Maistre Joseph \u2014 Hachette BNF","translator":null,"weight":283,"page_count":null,"readership":null,"editor":"Hachette BNF","price":1900,"published_date":"2012-03-31T22:00:00.000000Z","support":"Grand format","publisher_availability":1,"stock":0,"editions":[],"url":"https:\/\/quaidesbrumes.com\/ouvrage\/9782012769649\/soirees-de-saint-petersbourg-precedees-dune-etude-et-dune-notice-ed1895"},{"id":"9782849240496","title":"Philosophie du m\u00e9nage","description":"Pourquoi faisons-nous le m\u00e9nage ? Telle est la question. La philosophie ayant la r\u00e9putation de pouvoir s'emparer de tous les sujets, elle se devait de s'emparer de cette activit\u00e9 trop oubli\u00e9e et m\u00e9pris\u00e9e qu'est le m\u00e9nage. Ce petit livre a donc pour intention de r\u00e9pondre \u00e0 cette question, sans s'arr\u00eater \u00e0 la recherche d'ordre et de propret\u00e9. Car le m\u00e9nage est une activit\u00e9 captivante philosophiquement : quelles sont les motivations m\u00e9nag\u00e8res secr\u00e8tes qui nous poussent \u00e0 le faire, quelles relations existent entre notre maison et nous-m\u00eames, comment r\u00e9soudre le probl\u00e8me quotidien du m\u00e9nage \u00e0 plusieurs, qu'est-ce que le propre et l'ordre, pourquoi prendre une femme de m\u00e9nage etc. ?\r\n\r\nTout ce qui constitue une activit\u00e9 aussi courante que le m\u00e9nage r\u00e9v\u00e8le en r\u00e9alit\u00e9 bien des traits importants de notre caract\u00e8re, de nos habitudes, de ce que nous sommes en d\u00e9finitive. C'est cela que la philosophie du m\u00e9nage d\u00e9poussi\u00e8re.\r","authors":["S\u00e9bastien Groyer"],"category_codes":["9000000","9080000","9080200","9080204"],"visuals":{"large":"https:\/\/images.epagine.fr\/496\/9782849240496_1_75.jpg","medium":"https:\/\/images.epagine.fr\/496\/9782849240496_1_m.jpg","thumbnail":"https:\/\/images.epagine.fr\/496\/9782849240496_1_v.jpg"},"orderable":true,"show_badge":true,"formatted_price":"9,50&nbsp;\u20ac","formatted_published_date":"12 septembre 2007","publisher_availability_label":"Sur commande","short_details":"S\u00e9bastien Groyer \u2014 Editions Du Cygne","translator":null,"weight":100,"page_count":null,"readership":null,"editor":"Editions Du Cygne","price":950,"published_date":"2007-09-11T22:00:00.000000Z","support":"Grand format","publisher_availability":1,"stock":0,"editions":[],"url":"https:\/\/quaidesbrumes.com\/ouvrage\/9782849240496\/philosophie-du-menage"},{"id":"9782357480513","title":"\u00e9tat subsidiaire","description":"Cet ouvrage analyse le principe de subsidiarit\u00e9 sous l'angle historique et philosophique.\r\nSous cette appellation, le principe de subsidiarit\u00e9 est r\u00e9cent puisqu'il date du XIXe si\u00e8cle. Mais l'id\u00e9e remonte aux origines de la culture europ\u00e9enne, pr\u00e9cis\u00e9ment \u00e0 Aristote. On trouvera ici un historique de l'id\u00e9e qui passe par Thomas d'Aquin, Althusius, Hegel et bien d'autres. L'id\u00e9e subit aussi des d\u00e9viations et des perversions, elle est r\u00e9cup\u00e9r\u00e9e par des courants de pens\u00e9e divers qui parfois contribuent \u00e0 en salir la r\u00e9putation. L'ouvrage analyse l'anthropologie du principe de subsidiarit\u00e9, qui repose sur l'image d'un homme autonome et capable, libre en somme. Et le type de soci\u00e9t\u00e9 induite par le principe, soci\u00e9t\u00e9 des contrats multiples et des autonomies embo\u00eet\u00e9es. Enfin, il met en valeur les applications contemporaines du principe, au moment de la mise en place des institutions europ\u00e9ennes.","authors":["Chantal Delsol"],"category_codes":["9000000","9080000","9080200","9080204"],"visuals":{"large":"https:\/\/images.epagine.fr\/513\/9782357480513_1_75.jpg","medium":"https:\/\/images.epagine.fr\/513\/9782357480513_1_m.jpg","thumbnail":"https:\/\/images.epagine.fr\/513\/9782357480513_1_v.jpg"},"orderable":true,"show_badge":true,"formatted_price":"28,00&nbsp;\u20ac","formatted_published_date":"24 f\u00e9vrier 2010","publisher_availability_label":"Sur commande","short_details":"Chantal Delsol \u2014 Kareline","translator":null,"weight":425,"page_count":234,"readership":null,"editor":"Kareline","price":2800,"published_date":"2010-02-23T23:00:00.000000Z","support":"Grand format","publisher_availability":1,"stock":0,"editions":[],"url":"https:\/\/quaidesbrumes.com\/ouvrage\/9782357480513\/etat-subsidiaire"},{"id":"9782738464415","title":"Le probl\u00e8me de la v\u00e9rit\u00e9 scientifique dans la philosophie fran\u00e7aise contemporaine ; la rupture et l'\u00e9v\u00e9nement","description":"De quelle fa\u00e7on la philosophie fran\u00e7aise du XX\u00e8me si\u00e8cle s'est-elle confront\u00e9e \u00e0 la science ? La philosophie fran\u00e7aise a-t-elle \u00e9labor\u00e9 un rapport \u00e0 la science qui la diff\u00e9rencie des autres traditions nationales de pens\u00e9e - des traditions allemande et anglo-saxonne par exemple ? Et ce rapport singulier \u00e0 la science, quelles cons\u00e9quences a t-il pour la pens\u00e9e si on consid\u00e8re la philosophie \u00e0 l'horizon de ses enjeux les plus vastes oeQuelles cons\u00e9quences en d\u00e9rivent pour la pens\u00e9e de l'art, de la politique, de l'homme et de la soci\u00e9t\u00e9 contemporaine ?\r","authors":["Alberto Gualandi"],"category_codes":["9000000","9080000","9080200","9080204"],"visuals":{"large":"https:\/\/images.epagine.fr\/415\/9782738464415_1_75.jpg","medium":"https:\/\/images.epagine.fr\/415\/9782738464415_1_m.jpg","thumbnail":"https:\/\/images.epagine.fr\/415\/9782738464415_1_v.jpg"},"orderable":true,"show_badge":true,"formatted_price":"24,00&nbsp;\u20ac","formatted_published_date":"3 mai 2000","publisher_availability_label":"Sur commande","short_details":"Alberto Gualandi \u2014 \u00c9ditions L'Harmattan","translator":null,"weight":314,"page_count":256,"readership":null,"editor":"\u00c9ditions L'Harmattan","price":2400,"published_date":"2000-05-02T22:00:00.000000Z","support":"Grand format","publisher_availability":1,"stock":0,"editions":[],"url":"https:\/\/quaidesbrumes.com\/ouvrage\/9782738464415\/le-probleme-de-la-verite-scientifique-dans-la-philosophie-francaise-contemporaine-la-rupture-et-levenement"},{"id":"9782296007949","title":"Apr\u00e8s l'utopie, qu'est-ce que vivre ensemble ?","description":"Quand le politique aspire \u00e0 l'objectivit\u00e9 scientifique et s'y effondre via les totalitarismes du XXe si\u00e8cle, et qu'aucun mode nouveau de connaissance ne surgit des d\u00e9combres, comment vivre ensemble\r","authors":["Sabine Ainoux"],"category_codes":["9000000","9080000","9080200","9080204"],"visuals":{"large":"https:\/\/images.epagine.fr\/949\/9782296007949_1_75.jpg","medium":"https:\/\/images.epagine.fr\/949\/9782296007949_1_m.jpg","thumbnail":"https:\/\/images.epagine.fr\/949\/9782296007949_1_v.jpg"},"orderable":true,"show_badge":true,"formatted_price":"12,00&nbsp;\u20ac","formatted_published_date":"15 mai 2006","publisher_availability_label":"Sur commande","short_details":"Sabine Ainoux \u2014 \u00c9ditions L'Harmattan","translator":null,"weight":118,"page_count":84,"readership":null,"editor":"\u00c9ditions L'Harmattan","price":1200,"published_date":"2006-05-14T22:00:00.000000Z","support":"Grand format","publisher_availability":1,"stock":0,"editions":[],"url":"https:\/\/quaidesbrumes.com\/ouvrage\/9782296007949\/apres-lutopie-quest-ce-que-vivre-ensemble"},{"id":"9782329843841","title":"Le rire, essai sur la signification du comique","description":"Le rire : essai sur la signification du comique \/ par Henri Bergson,...\r\nDate de l'\u00e9dition originale : 1900\r\nLe pr\u00e9sent ouvrage s'inscrit dans une politique de conservation patrimoniale des ouvrages de la litt\u00e9rature Fran\u00e7aise mise en place avec la BNF. \r\nHACHETTE LIVRE et la BNF proposent ainsi un catalogue de titres indisponibles, la BNF ayant num\u00e9ris\u00e9 ces oeuvres et HACHETTE LIVRE les imprimant \u00e0 la demande. \r\nCertains de ces ouvrages refl\u00e8tent des courants de pens\u00e9e caract\u00e9ristiques de leur \u00e9poque, mais qui seraient aujourd'hui jug\u00e9s condamnables. \r\nIls n'en appartiennent pas moins \u00e0 l'histoire des id\u00e9es en France et sont susceptibles de pr\u00e9senter un int\u00e9r\u00eat scientifique ou historique. \r\nLe sens de notre d\u00e9marche \u00e9ditoriale consiste ainsi \u00e0 permettre l'acc\u00e8s \u00e0 ces oeuvres sans pour autant que nous en cautionnions en aucune fa\u00e7on le contenu. \r\nPour plus d'informations, rendez-vous sur www.hachettebnf.fr","authors":["Jules Bergson"],"category_codes":["9000000","9080000","9080600"],"visuals":{"large":"https:\/\/quaidesbrumes.com\/img\/book-placeholder.png","medium":"https:\/\/quaidesbrumes.com\/img\/book-placeholder.png","thumbnail":"https:\/\/quaidesbrumes.com\/img\/book-placeholder.png"},"orderable":true,"show_badge":true,"formatted_price":"20,50&nbsp;\u20ac","formatted_published_date":"29 d\u00e9cembre 2022","publisher_availability_label":"Sur commande","short_details":"Jules Bergson \u2014 Hachette BNF","translator":null,"weight":313,"page_count":244,"readership":null,"editor":"Hachette BNF","price":2050,"published_date":"2022-12-28T23:00:00.000000Z","support":"Grand format","publisher_availability":1,"stock":0,"editions":[],"url":"https:\/\/quaidesbrumes.com\/ouvrage\/9782329843841\/le-rire-essai-sur-la-signification-du-comique"},{"id":"9782846812443","title":"Pourquoi des th\u00e9ories ?","description":"Pour sa premi\u00e8re ann\u00e9e d'existence\u201a le Groupe de Recherches Th\u00e9oriques de l'universit\u00e9 Paris-Sorbonne a voulu s'interroger sur la notion de th\u00e9orie, telle qu'on l'utilise en particulier dans les sciences humaines. Le go\u00fbt de la th\u00e9orie et des th\u00e9orisations\u201a qui fut tellement en faveur dans un pass\u00e9 r\u00e9cent\u201a peut para\u00eetre aujourd'hui objet d'une certaine m\u00e9fiance. Le GRT a sollicit\u00e9 des chercheurs de divers pays qui ont accept\u00e9 de r\u00e9pondre\u201a par l'exemple de leur recherche en cours\u201a \u00e0 la question de l'utilit\u00e9\u201a ou de la l\u00e9gitimit\u00e9\u201a des constructions th\u00e9oriques dans la marche de la pens\u00e9e vivante.\r\n\r\nCe volume r\u00e9unit sept essais Denis Gu\u00e9noun : Dramaturgie du football et question nationale Marcello Vitali Rosati : R\u00e9flexions pour une res\u00e9mantisation du concept de virtuel Bernard Stiegler : Devenir ceux que nous sommes Sarah Kay : La po\u00e9sie, la v\u00e9rit\u00e9, et le sujet suppos\u00e9 savoir Thomas Dommange : Pourquoi une th\u00e9orie de l'espace musical ?\r\nMichel Deguy : Po\u00e9tique & th\u00e9orie Judith Butler : La question de la non-violence\r","authors":["Collectif"],"category_codes":["9000000","9080000","9080200","9080204"],"visuals":{"large":"https:\/\/images.epagine.fr\/443\/9782846812443_1_75.jpg","medium":"https:\/\/images.epagine.fr\/443\/9782846812443_1_m.jpg","thumbnail":"https:\/\/images.epagine.fr\/443\/9782846812443_1_v.jpg"},"orderable":true,"show_badge":true,"formatted_price":"19,00&nbsp;\u20ac","formatted_published_date":"5 f\u00e9vrier 2009","publisher_availability_label":"Sur commande","short_details":"Collectif \u2014 \u00c9ditions Les Solitaires Intempestifs","translator":null,"weight":205,"page_count":224,"readership":null,"editor":"\u00c9ditions Les Solitaires Intempestifs","price":1900,"published_date":"2009-02-04T23:00:00.000000Z","support":"Grand format","publisher_availability":1,"stock":0,"editions":[],"url":"https:\/\/quaidesbrumes.com\/ouvrage\/9782846812443\/pourquoi-des-theories"},{"id":"9782908016987","title":"Philosophie de la creation artistique","description":null,"authors":["Yann Giapis"],"category_codes":["9000000","9080000","9080200","9080204"],"visuals":{"large":"https:\/\/quaidesbrumes.com\/img\/book-placeholder.png","medium":"https:\/\/quaidesbrumes.com\/img\/book-placeholder.png","thumbnail":"https:\/\/quaidesbrumes.com\/img\/book-placeholder.png"},"orderable":true,"show_badge":true,"formatted_price":"19,06&nbsp;\u20ac","formatted_published_date":"20 mars 1998","publisher_availability_label":"Sur commande","short_details":"Yann Giapis \u2014 Aleas","translator":null,"weight":401,"page_count":null,"readership":null,"editor":"Aleas","price":1906,"published_date":"1998-03-19T23:00:00.000000Z","support":"Grand format","publisher_availability":1,"stock":0,"editions":[],"url":"https:\/\/quaidesbrumes.com\/ouvrage\/9782908016987\/philosophie-de-la-creation-artistique"},{"id":"9782350881867","title":"Ma vie ant\u00e9rieure","description":"Apr\u00e8s une enfance et une adolescence \u00ab en pays sauvage \u00bb (Montaigne), mais qui, malgr\u00e9 la place qu'y tint le fastidieux travail, ne furent pas des pires, le temps de la guerre et de la lib\u00e9ration, bien que n'ayant pris part ni \u00e0 l'une ni \u00e0 l'autre, fut celui o\u00f9 je v\u00e9cus de la vie la plus intense, o\u00f9 je manifestai le plus d'\u00e9nergie et o\u00f9 je connus les plus grands bonheurs. Les choix de la jeunesse d\u00e9cident de toute la vie. J'ai eu la chance de prendre, au moment opportun, les d\u00e9cisions pour moi les meilleures, deux surtout, celle de me vouer exclusivement \u00e0 la philosophie, celle de choisir la compagne la mieux accord\u00e9e \u00e0 mon caract\u00e8re et \u00e0 mon destin. Il ne s'agit d'ailleurs ici que de moi-m\u00eame et de ma vie si li\u00e9e soit-elle \u00e0 d'autres vies. Je n'ai fait que suivre le vieux conseil de se conna\u00eetre soi-m\u00eame et, cela \u00e9tant, de vivre selon sa v\u00e9rit\u00e9, dans l'ind\u00e9pendance \u00e0 l'\u00e9gard des influences et des pouvoirs. Je suis tent\u00e9 de reprendre les mots de Montaigne : \u00ab Si j'avais \u00e0 revivre, je revivrais comme j'ai v\u00e9cu. \u00bb Mais n'a-t-il pas observ\u00e9 aussi : \u00ab Personne n'est exempt de dire des fadaises \u00bb ?","authors":["Marcel Conche"],"category_codes":["1000000","1070000","1070200"],"visuals":{"large":"https:\/\/images.epagine.fr\/867\/9782350881867_1_75.jpg","medium":"https:\/\/images.epagine.fr\/867\/9782350881867_1_m.jpg","thumbnail":"https:\/\/images.epagine.fr\/867\/9782350881867_1_v.jpg"},"orderable":true,"show_badge":true,"formatted_price":"21,00&nbsp;\u20ac","formatted_published_date":"28 d\u00e9cembre 2020","publisher_availability_label":"Sur commande","short_details":"Marcel Conche \u2014 Encre Marine","translator":null,"weight":140,"page_count":130,"readership":null,"editor":"Encre Marine","price":2100,"published_date":"2020-12-27T23:00:00.000000Z","support":"Grand format","publisher_availability":1,"stock":0,"editions":[],"url":"https:\/\/quaidesbrumes.com\/ouvrage\/9782350881867\/ma-vie-anterieure"},{"id":"9782296046498","title":"L'enthousiasme de madame de Sta\u00ebl","description":"Qu'est-ce que l'enthousiasme, selon Madame de Sta\u00ebl ? Fondatrice, avec Benjamin Constant, du lib\u00e9ralisme politique, Germaine de Sta\u00ebl produit une oeuvre multiforme : philosophique, litt\u00e9raire, politique. L'id\u00e9e d'enthousiasme, qui est \u00e9tudi\u00e9e dans cet ouvrage, r\u00e9v\u00e8le l'aspect sociologique des \u00e9crits de Mme de Sta\u00ebl : \u00e9clairer aussi bien les transformations sociales et politiques en 1789, que le renouveau des droits (selon la Charte de 1789), qu'elle pense trouver en Grande-Bretagne dans les ann\u00e9es 1814.\r","authors":["Louis Moreau de Bellaing"],"category_codes":["9000000","9080000","9080200","9080204"],"visuals":{"large":"https:\/\/images.epagine.fr\/498\/9782296046498_1_75.jpg","medium":"https:\/\/images.epagine.fr\/498\/9782296046498_1_m.jpg","thumbnail":"https:\/\/images.epagine.fr\/498\/9782296046498_1_v.jpg"},"orderable":true,"show_badge":true,"formatted_price":"16,50&nbsp;\u20ac","formatted_published_date":"3 d\u00e9cembre 2007","publisher_availability_label":"Sur commande","short_details":"Louis Moreau de Bellaing \u2014 \u00c9ditions L'Harmattan","translator":null,"weight":215,"page_count":150,"readership":null,"editor":"\u00c9ditions L'Harmattan","price":1650,"published_date":"2007-12-02T23:00:00.000000Z","support":"Grand format","publisher_availability":1,"stock":0,"editions":[],"url":"https:\/\/quaidesbrumes.com\/ouvrage\/9782296046498\/lenthousiasme-de-madame-de-stael"},{"id":"9782705669997","title":"Conscience et finitude ; l'hypoth\u00e8se de la surfinitude","description":"Les concepts de fini et d'infini ont traditionnellement \u00e9t\u00e9 li\u00e9s l'un \u00e0 l'autre par les philosophes. Dans les approches philosophiques de ce couple conceptuel, on peut distinguer deux \u00e9coles.\r\nLa premi\u00e8re consid\u00e8re que le p\u00f4le de la finitude domine toute la relation et que le concept d'infini n'est qu'un d\u00e9riv\u00e9 du fini. En ce cas, l'infini n'est pas autre chose qu'une repr\u00e9sentation \u00e9manent d'une conscience particuli\u00e8re, par essence finie. La seconde \u00e9cole de pens\u00e9e consid\u00e8re en revanche l'infini comme premier : l'infini n'est plus une excroissance \u00ab illimit\u00e9e du fini \u00bb. Tel est ce que l'auteur nomme, suivant la terminologie kantienne, l'antinomie du fini et de l'infini. Le pr\u00e9sent trait\u00e9 propose une voie pour r\u00e9soudre cette antinomie, par l'introduction d'un troisi\u00e8me terme, celui de \u00ab surfinitude \u00bb. Ce nouveau concept d\u00e9signe un mode de pr\u00e9sence sp\u00e9cifique de l'infini dans le fini. Ainsi forg\u00e9, ce concept de surfinitude permet, entre autres, d'expliquer la gen\u00e8se de la conscience pensante et des repr\u00e9sentations qu'elle peut avoir.","authors":["Jean-Louis Ch\u00e9din"],"category_codes":["9000000","9080000","9080200","9080204"],"visuals":{"large":"https:\/\/images.epagine.fr\/997\/9782705669997_1_75.jpg","medium":"https:\/\/images.epagine.fr\/997\/9782705669997_1_m.jpg","thumbnail":"https:\/\/images.epagine.fr\/997\/9782705669997_1_v.jpg"},"orderable":true,"show_badge":true,"formatted_price":"30,00&nbsp;\u20ac","formatted_published_date":"22 mai 2010","publisher_availability_label":"Sur commande","short_details":"Jean-Louis Ch\u00e9din \u2014 Hermann","translator":null,"weight":274,"page_count":223,"readership":null,"editor":"Hermann","price":3000,"published_date":"2010-05-21T22:00:00.000000Z","support":"Grand format","publisher_availability":1,"stock":0,"editions":[],"url":"https:\/\/quaidesbrumes.com\/ouvrage\/9782705669997\/conscience-et-finitude-lhypothese-de-la-surfinitude"},{"id":"9782842923563","title":"Penser la guerre","description":"Pourquoi les philosophes du XVIIe si\u00e8cle ont-ils exclu la guerre de leur champ de th\u00e9orisation alors qu'elle appara\u00eet dans les \u00e9crits philosophiques de l'\u00e9poque ?\r\nLes auteurs de ce volume ont tent\u00e9 d'\u00e9clairer la place et le statut de la notion de guerre dans la pens\u00e9e du XVIIe si\u00e8cle, dans de nombreux espaces th\u00e9matiques (le droit, la dialectique) comme g\u00e9ographiques: Grande-Bretagne, Espagne, Les Provinces-Unies, Taiwan.\r","authors":["Collectif"],"category_codes":["9000000","9080000","9080200","9080204"],"visuals":{"large":"https:\/\/images.epagine.fr\/563\/9782842923563_1_75.jpg","medium":"https:\/\/images.epagine.fr\/563\/9782842923563_1_m.jpg","thumbnail":"https:\/\/images.epagine.fr\/563\/9782842923563_1_v.jpg"},"orderable":true,"show_badge":true,"formatted_price":"21,00&nbsp;\u20ac","formatted_published_date":"17 janvier 2013","publisher_availability_label":"Sur commande","short_details":"Collectif \u2014 Pu De Vincennes","translator":null,"weight":355,"page_count":248,"readership":null,"editor":"Pu De Vincennes","price":2100,"published_date":"2013-01-16T23:00:00.000000Z","support":"Grand format","publisher_availability":1,"stock":0,"editions":[],"url":"https:\/\/quaidesbrumes.com\/ouvrage\/9782842923563\/penser-la-guerre"},{"id":"9782271070272","title":"La sortie du XX si\u00e8cle","description":"Gilbert Durand La sortie du XXe si\u00e8cle. En bref Une somme regroupant quatre ouvrages essentiels de Gilbert Durant, pr\u00e9fac\u00e9e par Michel Maffesoli\u00a0:\r\nL'introduction \u00e0 la mythodologie (1996) Figures mythiques et visages de l'oeuvre (1993) L'\u00e2me tigr\u00e9e (1980) Un conte sous l'acacia\u00a0: Joseph de Maistre (1999) Le livre La r\u00e9\u00e9dition des quatre oeuvres majeures d'un penseur de renomm\u00e9e mondiale, th\u00e9oricien du \u00ab\u00a0geste pulsionnel\u00a0\u00bb et des \u00ab\u00a0divinit\u00e9s plurielles\u00a0\u00bb, sociologue inspir\u00e9 des structures de l'imaginaire, inventeur de voies d'autant plus nouvelles qu'elles sont, paradoxalement, plus anciennes, et donc plus fondamentales, dans la m\u00e9moire de l'humanit\u00e9. En scrutant les repr\u00e9sentations que les hommes se sont forg\u00e9s d'eux-m\u00eames en r\u00e9ponse \u00e0 leurs d\u00e9sirs, Gilbert Durand retrouve en effet les figures de l'homme traditionnel\u00a0: une conception unitaire du savoir s'opposant au dualisme et \u00e0 l'intol\u00e9rance des sch\u00e9mas culturalistes, positivistes ou psychologisant. Cette approche radicalement nouvelle, qui a r\u00e9volutionn\u00e9 les sciences sociales, l'am\u00e8ne \u00e0 rep\u00e9rer de vastes constellations d'images, structur\u00e9es par des symboles convergents\u00a0: symboles phalliques, digestifs, rythmiques, copulatifs, diurnes et nocturnes. Une philosophie du r\u00e9enchantement et de la soif po\u00e9tique. Une anthropologie du merveilleux, du l\u00e9gendaire, des Arts et des Dieux au miroir de l'humanit\u00e9.\r\nL'oeuvre du dernier grand sociologue de la g\u00e9n\u00e9ration de L\u00e9vi-Strauss. Gilbert Durand est agr\u00e9g\u00e9 de philosophie, et mondialement connu pour ses travaux sur l'imaginaire et la mythologie. Il est notamment l'auteur de Les Structures anthropologiques de l'imaginaire, paru au PUF en 1960.\r","authors":["Gilbert Durand"],"category_codes":["9000000","9080000","9080200","9080204"],"visuals":{"large":"https:\/\/images.epagine.fr\/272\/9782271070272_1_75.jpg","medium":"https:\/\/images.epagine.fr\/272\/9782271070272_1_m.jpg","thumbnail":"https:\/\/images.epagine.fr\/272\/9782271070272_1_v.jpg"},"orderable":true,"show_badge":true,"formatted_price":"30,00&nbsp;\u20ac","formatted_published_date":"2 septembre 2010","publisher_availability_label":"Sur commande","short_details":"Gilbert Durand \u2014 CNRS","translator":null,"weight":920,"page_count":770,"readership":null,"editor":"CNRS","price":3000,"published_date":"2010-09-01T22:00:00.000000Z","support":"Grand format","publisher_availability":1,"stock":0,"editions":[],"url":"https:\/\/quaidesbrumes.com\/ouvrage\/9782271070272\/la-sortie-du-xx-siecle"},{"id":"9782200261917","title":"La pens\u00e9e vive ; essai sur l'inspiration philosophique","description":"La philosophie moderne a rejet\u00e9 l'inspiration pour d\u00e9limiter l'usage sain d'une raison autonome. N'est-ce pas m\u00e9conna\u00eetre l'\u00e9blouissement de certaines id\u00e9es ou lectures, le saisissement du penseur mobilis\u00e9 pour y r\u00e9pondre, la force d'appel d'une philosophie qui sait aussi inspirer ses lecteurs ? Affrontant ces questions, cet essai r\u00e9\u00e9value l'inspiration par-del\u00e0 les suspicions. Certaines exp\u00e9riences philosophiques d\u00e9cisives prouvent sa vigueur, celles de Socrate, Pascal, Rousseau ou Nietzsche entre autres. En t\u00e9moignent aussi le surgissement d'id\u00e9es inopin\u00e9es, le processus rythm\u00e9 d'une pens\u00e9e fait de vigilance et d'intuition, de surprises et de reprises, de lectures m\u00e9dit\u00e9es et d'inventivit\u00e9. De l'extraordinaire \u00e0 l'ordinaire, ce livre r\u00e9habilite l'\u00e9preuve vivifiante de l'inspiration philosophique.","authors":["Marianne Massin"],"category_codes":["9000000","9080000","9080200","9080204"],"visuals":{"large":"https:\/\/images.epagine.fr\/917\/9782200261917_1_75.jpg","medium":"https:\/\/images.epagine.fr\/917\/9782200261917_1_m.jpg","thumbnail":"https:\/\/images.epagine.fr\/917\/9782200261917_1_v.jpg"},"orderable":true,"show_badge":true,"formatted_price":"32,00&nbsp;\u20ac","formatted_published_date":"24 octobre 2007","publisher_availability_label":"Sur commande","short_details":"Marianne Massin \u2014 Armand Colin","translator":null,"weight":262,"page_count":227,"readership":null,"editor":"Armand Colin","price":3200,"published_date":"2007-10-23T22:00:00.000000Z","support":"Grand format","publisher_availability":1,"stock":0,"editions":[],"url":"https:\/\/quaidesbrumes.com\/ouvrage\/9782200261917\/la-pensee-vive-essai-sur-linspiration-philosophique"},{"id":"9782296040076","title":"Simone Weil et la Gr\u00e8ce","description":"Le but de ce livre est de montrer l'influence d\u00e9cisive de la pens\u00e9e grecque sur l'oeuvre de Simone Weil.\r\nA partir de la notion weilienne de \" lecture \", l'auteur essaie d'exposer en d\u00e9tail la fa\u00e7on dont Simone Weil s'approprie la tradition grecque. En fait, c'est toute cette tradition qui dans sa grande diversit\u00e9 cr\u00e9atrice - l'histoire, l'art, la litt\u00e9rature, la science et la philosophie - lui fournit les \u00e9l\u00e9ments qui illustreront les diff\u00e9rents niveaux de lecture par elle con\u00e7us : la n\u00e9cessit\u00e9, l'ordre et Dieu.\r\nAinsi, conna\u00eetre la Gr\u00e8ce de Simone Weil devient pour le lecteur une condition presque indispensable pour mieux conna\u00eetre la philosophie weilienne elle-m\u00eame. Ce que Simone Weil nous propose au long de ses r\u00e9flexions tr\u00e8s originales et profondes n'est pas, pourtant, un simple retour romantique \u00e0 la Gr\u00e8ce, mais surtout un aller vers la Gr\u00e8ce, c'est-\u00e0-dire, un aller vers sa Gr\u00e8ce. La Gr\u00e8ce de la force, de la n\u00e9cessit\u00e9 et du malheur, bien s\u00fbr, mais aussi la Gr\u00e8ce de la beaut\u00e9, de la gr\u00e2ce et de la recherche de Dieu par l'homme.\r","authors":["Fernando Rey puente"],"category_codes":["9000000","9080000","9080200","9080204"],"visuals":{"large":"https:\/\/images.epagine.fr\/076\/9782296040076_1_75.jpg","medium":"https:\/\/images.epagine.fr\/076\/9782296040076_1_m.jpg","thumbnail":"https:\/\/images.epagine.fr\/076\/9782296040076_1_v.jpg"},"orderable":true,"show_badge":true,"formatted_price":"22,50&nbsp;\u20ac","formatted_published_date":"30 juillet 2007","publisher_availability_label":"Sur commande","short_details":"Fernando Rey puente \u2014 \u00c9ditions L'Harmattan","translator":null,"weight":314,"page_count":246,"readership":null,"editor":"\u00c9ditions L'Harmattan","price":2250,"published_date":"2007-07-29T22:00:00.000000Z","support":"Grand format","publisher_availability":1,"stock":0,"editions":[],"url":"https:\/\/quaidesbrumes.com\/ouvrage\/9782296040076\/simone-weil-et-la-grece"}]}