{"data":[{"id":"9782877233521","title":"Ernst cassirer : la vie de l'esprit","description":null,"authors":["Steve Lofts"],"category_codes":["9000000","9080000","9080200","9080204"],"visuals":{"large":"https:\/\/quaidesbrumes.com\/img\/book-placeholder.png","medium":"https:\/\/quaidesbrumes.com\/img\/book-placeholder.png","thumbnail":"https:\/\/quaidesbrumes.com\/img\/book-placeholder.png"},"orderable":true,"show_badge":true,"formatted_price":"17,07&nbsp;\u20ac","formatted_published_date":"10 mars 1998","publisher_availability_label":"Sur commande","short_details":"Steve Lofts \u2014 Peeters","translator":null,"weight":0,"page_count":null,"readership":null,"editor":"Peeters","price":1707,"published_date":"1998-03-09T23:00:00.000000Z","support":"Grand format","publisher_availability":1,"stock":0,"editions":[],"url":"https:\/\/quaidesbrumes.com\/ouvrage\/9782877233521\/ernst-cassirer-la-vie-de-lesprit"},{"id":"9782019987923","title":"Nouveaux M\u00e9langes philosophiques, historiques, critiques. Partie I","description":"Nouveaux M\u00e9langes philosophiques, historiques, critiques, etc., etc. Premi\u00e8re [-Troisi\u00e8me] partie\r\nDate de l'\u00e9dition originale : 1765\r\n\r\nLe pr\u00e9sent ouvrage s'inscrit dans une politique de conservation patrimoniale des ouvrages de la litt\u00e9rature Fran\u00e7aise mise en place avec la BNF. \r\nHACHETTE LIVRE et la BNF proposent ainsi un catalogue de titres indisponibles, la BNF ayant num\u00e9ris\u00e9 ces oeuvres et HACHETTE LIVRE les imprimant \u00e0 la demande. \r\nCertains de ces ouvrages refl\u00e8tent des courants de pens\u00e9e caract\u00e9ristiques  de leur \u00e9poque, mais qui seraient aujourd'hui jug\u00e9s condamnables. \r\nIls n'en appartiennent pas moins \u00e0 l'histoire des id\u00e9es en France et sont susceptibles de pr\u00e9senter un int\u00e9r\u00eat scientifique ou historique. \r\nLe sens de notre d\u00e9marche \u00e9ditoriale consiste ainsi \u00e0 permettre l'acc\u00e8s \u00e0 ces oeuvres sans pour autant que nous en cautionnions en aucune fa\u00e7on le contenu. \r\nPour plus d'informations, rendez-vous sur www.hachettebnf.fr","authors":["Voltaire"],"category_codes":["9000000","9080000"],"visuals":{"large":"https:\/\/images.epagine.fr\/923\/9782019987923_1_75.jpg","medium":"https:\/\/images.epagine.fr\/923\/9782019987923_1_m.jpg","thumbnail":"https:\/\/images.epagine.fr\/923\/9782019987923_1_v.jpg"},"orderable":true,"show_badge":true,"formatted_price":"28,50&nbsp;\u20ac","formatted_published_date":"1er mars 2018","publisher_availability_label":"Sur commande","short_details":"Voltaire \u2014 Hachette BNF","translator":null,"weight":614,"page_count":448,"readership":null,"editor":"Hachette BNF","price":2850,"published_date":"2018-02-28T23:00:00.000000Z","support":"Grand format","publisher_availability":1,"stock":0,"editions":[],"url":"https:\/\/quaidesbrumes.com\/ouvrage\/9782019987923\/nouveaux-melanges-philosophiques-historiques-critiques-partie-i"},{"id":"9782759314973","title":"Sigmund Freud (\u00e9tude et analyse compl\u00e8te de sa pens\u00e9e)","description":"Venez d\u00e9couvrir la pens\u00e9e de Sigmund Freud gr\u00e2ce \u00e0 une analyse philosophique de r\u00e9f\u00e9rence ! \u00c9crite par un sp\u00e9cialiste universitaire, cette \u00e9tude est recommand\u00e9e par de nombreux enseignants. Cet ouvrage contient notamment la biographie du philosophe, le r\u00e9sum\u00e9 d\u00e9taill\u00e9 de sa pens\u00e9e, ainsi que l'analyse de son courant philosophique. Retrouvez tous nos titres sur : www.fichedelecture.fr.","authors":["Sigmund Freud"],"category_codes":["9000000","9080000","9080200","9080204"],"visuals":{"large":"https:\/\/images.epagine.fr\/973\/9782759314973_1_75.jpg","medium":"https:\/\/images.epagine.fr\/973\/9782759314973_1_m.jpg","thumbnail":"https:\/\/images.epagine.fr\/973\/9782759314973_1_v.jpg"},"orderable":true,"show_badge":true,"formatted_price":"19,90&nbsp;\u20ac","formatted_published_date":"10 mai 2022","publisher_availability_label":"Sur commande","short_details":"Sigmund Freud \u2014 COMPRENDRE LA PHILOSOPHIE","translator":null,"weight":60,"page_count":46,"readership":null,"editor":"COMPRENDRE LA PHILOSOPHIE","price":1990,"published_date":"2022-05-09T22:00:00.000000Z","support":"Grand format","publisher_availability":1,"stock":0,"editions":[],"url":"https:\/\/quaidesbrumes.com\/ouvrage\/9782759314973\/sigmund-freud-etude-et-analyse-complete-de-sa-pensee"},{"id":"9782738462831","title":"Les Lieux de l'intersubjectivit\u00e9","description":"S\u00e9lim Abou, recteur de l'universit\u00e9 Saint-Joseph (Beyrouth), est l'auteur d'une oeuvre marquante dans les domaines de la linguistique, de l'anthropologie et de la philosophie. A l'intersection de ces disciplines, son apport d\u00e9cisif porte sur l'interaction des cultures: choc et passage de l'une \u00e0 l'autre, dialogue et compl\u00e9mentarit\u00e9, fusion originale et rejet. Une premi\u00e8re partie s'articule autour de l'oeuvre de S\u00e9lim Abou dont elle explore les divers champs et atteste l'unit\u00e9. La deuxi\u00e8me partie est centr\u00e9e sur le d\u00e9bat actuel de la culture tant en anthropologie qu'en philosophie. La troisi\u00e8me concerne le dialogue des langues: plurilinguisme, traduction, essence de la parole. Dans la quatri\u00e8me, sont examin\u00e9s la qu\u00eate de soi et les rapports du m\u00eame et de l'autre.","authors":["Jad Hatem"],"category_codes":["9000000","9120000","9120200"],"visuals":{"large":"https:\/\/images.epagine.fr\/831\/9782738462831_1_75.jpg","medium":"https:\/\/images.epagine.fr\/831\/9782738462831_1_m.jpg","thumbnail":"https:\/\/images.epagine.fr\/831\/9782738462831_1_v.jpg"},"orderable":true,"show_badge":true,"formatted_price":"33,00&nbsp;\u20ac","formatted_published_date":"15 f\u00e9vrier 1998","publisher_availability_label":"Sur commande","short_details":"Jad Hatem \u2014 \u00c9ditions L'Harmattan","translator":null,"weight":460,"page_count":250,"readership":null,"editor":"\u00c9ditions L'Harmattan","price":3300,"published_date":"1998-02-14T23:00:00.000000Z","support":"Grand format","publisher_availability":1,"stock":0,"editions":[],"url":"https:\/\/quaidesbrumes.com\/ouvrage\/9782738462831\/les-lieux-de-lintersubjectivite"},{"id":"9782296110991","title":"Le premier Lyotard : philosophie critique et politique","description":"L'auteur nous propose une \u00e9tude sur la philosophie critique d\u00e9velopp\u00e9e par Jean-Fran\u00e7ois Lyotard (1924-1998), de ses premi\u00e8res r\u00e9flexions jusqu'\u00e0 la naissance de la pratique des d\u00e9rives, au d\u00e9but des ann\u00e9es 1970. La question de la critique est centrale dans l'ensemble de la pens\u00e9e du philosophe et \u00e9troitement li\u00e9e \u00e0 celle de la politique. Des concepts centraux sont ainsi abord\u00e9s tels que le d\u00e9sir et la r\u00e9sistance, l'\u00e9coute et la dette, l'ind\u00e9termin\u00e9, le totalitarisme, le diff\u00e9rend...","authors":["Amparo Vega"],"category_codes":["9000000","9080000","9080200","9080204"],"visuals":{"large":"https:\/\/images.epagine.fr\/991\/9782296110991_1_75.jpg","medium":"https:\/\/images.epagine.fr\/991\/9782296110991_1_m.jpg","thumbnail":"https:\/\/images.epagine.fr\/991\/9782296110991_1_v.jpg"},"orderable":true,"show_badge":true,"formatted_price":"30,00&nbsp;\u20ac","formatted_published_date":"26 avril 2010","publisher_availability_label":"Sur commande","short_details":"Amparo Vega \u2014 \u00c9ditions L'Harmattan","translator":null,"weight":465,"page_count":288,"readership":null,"editor":"\u00c9ditions L'Harmattan","price":3000,"published_date":"2010-04-25T22:00:00.000000Z","support":"Grand format","publisher_availability":1,"stock":0,"editions":[],"url":"https:\/\/quaidesbrumes.com\/ouvrage\/9782296110991\/le-premier-lyotard-philosophie-critique-et-politique"},{"id":"9782755403756","title":"Montagne rendu aux siens Tome 3 ; vivre heureusement","description":"Dans l'un de ses premiers textes, Pascal d\u00e9signe Montaigne comme \" l'incomparable auteur de L'art de conf\u00e9rer \".\r\nIl sugg\u00e8re ainsi que le chapitre VIII du livre III des Essais qui porte ce titre est essentiel, et rayonne toute la sagesse chr\u00e9tienne de Michel Eyquem. Dans ce livre III, Montaigne s'occupe un peu plus pr\u00e9cis\u00e9ment de lui-m\u00eame. Il s'y dit humaniste dans un sens tout charitable : \" Mon \u00eatre se construit au contact des autres hommes... des proches que Dieu nous donne. \" Car Montaigne n'est pas un chr\u00e9tien humanitariste \u00e0 la mode \" d\u00e9structur\u00e9e \" d'aujourd'hui.\r\nPour lui, comme pour saint Augustin (celui du De agone christiano), la vie du chr\u00e9tien est un combat h\u00e9ro\u00efque, mais c'est aussi, par l\u00e0 m\u00eame et sans paradoxe, un combat joyeux qui procure un vivre heureusement hautement pr\u00e9f\u00e9rable au mourir heureusement des sto\u00efciens. Voil\u00e0 l'enseignement capital du troisi\u00e8me livre de Michel Bouvier: la joie qu'il y a \u00e0 chercher vigoureusement la sagesse, c'est-\u00e0-dire \u00e0 chercher son \u00e2me v\u00e9ritable et la v\u00e9rit\u00e9 qui y si\u00e8ge.\r\nAvec Montaigne, le chr\u00e9tien doit donc essayer d'\u00eatre fort... car c'est cet essai m\u00eame qui rend fort.","authors":["Michel Bouvier"],"category_codes":["9000000","9080000","9080200","9080204"],"visuals":{"large":"https:\/\/images.epagine.fr\/756\/9782755403756_1_75.jpg","medium":"https:\/\/images.epagine.fr\/756\/9782755403756_1_m.jpg","thumbnail":"https:\/\/images.epagine.fr\/756\/9782755403756_1_v.jpg"},"orderable":true,"show_badge":true,"formatted_price":"25,40&nbsp;\u20ac","formatted_published_date":"16 avril 2010","publisher_availability_label":"Sur commande","short_details":"Michel Bouvier \u2014 Francois-Xavier De Guibert","translator":null,"weight":420,"page_count":259,"readership":"Tout public","editor":"Francois-Xavier De Guibert","price":2540,"published_date":"2010-04-15T22:00:00.000000Z","support":"Grand format","publisher_availability":1,"stock":0,"editions":[],"url":"https:\/\/quaidesbrumes.com\/ouvrage\/9782755403756\/montagne-rendu-aux-siens-tome-3-vivre-heureusement"},{"id":"9782329842806","title":"De l'invention dans les arts, dans les sciences et dans la pratique de la vertu","description":"De l'invention dans les arts, dans les sciences et dans la pratique de la vertu \/ par E. Joyau,...\r\nDate de l'\u00e9dition originale : 1879\r\nLe pr\u00e9sent ouvrage s'inscrit dans une politique de conservation patrimoniale des ouvrages de la litt\u00e9rature Fran\u00e7aise mise en place avec la BNF. \r\nHACHETTE LIVRE et la BNF proposent ainsi un catalogue de titres indisponibles, la BNF ayant num\u00e9ris\u00e9 ces oeuvres et HACHETTE LIVRE les imprimant \u00e0 la demande. \r\nCertains de ces ouvrages refl\u00e8tent des courants de pens\u00e9e caract\u00e9ristiques de leur \u00e9poque, mais qui seraient aujourd'hui jug\u00e9s condamnables. \r\nIls n'en appartiennent pas moins \u00e0 l'histoire des id\u00e9es en France et sont susceptibles de pr\u00e9senter un int\u00e9r\u00eat scientifique ou historique. \r\nLe sens de notre d\u00e9marche \u00e9ditoriale consiste ainsi \u00e0 permettre l'acc\u00e8s \u00e0 ces oeuvres sans pour autant que nous en cautionnions en aucune fa\u00e7on le contenu. \r\nPour plus d'informations, rendez-vous sur www.hachettebnf.fr","authors":["F.-J. Joyau"],"category_codes":["9000000","9080000"],"visuals":{"large":"https:\/\/quaidesbrumes.com\/img\/book-placeholder.png","medium":"https:\/\/quaidesbrumes.com\/img\/book-placeholder.png","thumbnail":"https:\/\/quaidesbrumes.com\/img\/book-placeholder.png"},"orderable":true,"show_badge":true,"formatted_price":"20,50&nbsp;\u20ac","formatted_published_date":"29 d\u00e9cembre 2022","publisher_availability_label":"Sur commande","short_details":"F.-J. Joyau \u2014 Hachette BNF","translator":null,"weight":332,"page_count":244,"readership":null,"editor":"Hachette BNF","price":2050,"published_date":"2022-12-28T23:00:00.000000Z","support":"Grand format","publisher_availability":1,"stock":0,"editions":[],"url":"https:\/\/quaidesbrumes.com\/ouvrage\/9782329842806\/de-linvention-dans-les-arts-dans-les-sciences-et-dans-la-pratique-de-la-vertu"},{"id":"9791097279233","title":"Libert\u00e9 num\u00e9rique, une illusion ? discours de la servitude num\u00e9rique","description":"L'expansion en apparence illimit\u00e9e des dispositifs num\u00e9riques engendre des transformations importantes des structures de nos vies, tant en mati\u00e8re sociale, \u00e9conomique que politique. Pour autant, ces modifications, impos\u00e9es sous couvert de n\u00e9cessit\u00e9, ne font jamais l'objet de discussions entre les citoyens pour d\u00e9terminer si elles sont indispensables ou simplement souhaitables.\r\n\r\nEt si l'orientation vers le \u00ab tout num\u00e9rique \u00bb cachait en r\u00e9alit\u00e9 un dessein plus inqui\u00e9tant ? Si, derri\u00e8re la mythologie du progr\u00e8s technique, se dissimulait une servitude r\u00e9elle bas\u00e9e sur nos aspirations primitives et un m\u00e9canisme bien huil\u00e9 de tyrannie technologique ?\r\n\r\nL'enjeu de cette analyse est de questionner le rapport que nous entretenons avec la technique, individuellement mais \u00e9galement et surtout collectivement, politiquement, et de montrer comment et pourquoi il n'est pas absurde de d\u00e9noncer une forme de servitude num\u00e9rique \u00e0 l'oeuvre, \u00e0 la fois volontaire et subie, en en d\u00e9crivant les arcanes qui permettent de l'identifier et en s'interrogeant sur les formes que pourrait rev\u00eatir une lib\u00e9ration de cette violence du pouvoir num\u00e9rique.","authors":["Dominique Poitevin"],"category_codes":["9000000","9080000","9080700","9080701"],"visuals":{"large":"https:\/\/images.epagine.fr\/233\/9791097279233_1_75.jpg","medium":"https:\/\/images.epagine.fr\/233\/9791097279233_1_m.jpg","thumbnail":"https:\/\/images.epagine.fr\/233\/9791097279233_1_v.jpg"},"orderable":true,"show_badge":true,"formatted_price":"20,00&nbsp;\u20ac","formatted_published_date":"4 janvier 2023","publisher_availability_label":"Sur commande","short_details":"Dominique Poitevin \u2014 Otrante","translator":null,"weight":185,"page_count":145,"readership":null,"editor":"Otrante","price":2000,"published_date":"2023-01-03T23:00:00.000000Z","support":"Grand format","publisher_availability":1,"stock":0,"editions":[],"url":"https:\/\/quaidesbrumes.com\/ouvrage\/9791097279233\/liberte-numerique-une-illusion-discours-de-la-servitude-numerique"},{"id":"9782852483064","title":"Le seuil du monde spirituel","description":"Note de l'\u00e9diteur \u00ab Ce petit \u00e9crit pr\u00e9sente, sous forme aphoristique, quelques descriptions des parties du monde et de l'\u00eatre humain que l'on contemple lorsque la connaissance franchit le seuil qui s\u00e9pare le monde des sens du monde de l'esprit. J'ai tent\u00e9 de le pr\u00e9senter de telle fa\u00e7on qu'il puisse \u00eatre lu pour lui-m\u00eame, m\u00eame si l'on ne conna\u00eet pas mes autres livres. Par des \u00e9crits comme celui-l\u00e0, je voudrais aider ceux qui prennent au s\u00e9rieux la qu\u00eate de l'esprit. On y trouvera aussi des contenus de m\u00e9ditation destin\u00e9s \u00e0 ceux qui cherchent \u00e0 d\u00e9velopper leur vision de l'esprit. \u00bb (Rudolf Steiner) Sommaire de l'ouvrage - Le penser et la m\u00e9ditation - Le monde \u00e9l\u00e9mentaire - Le monde spirituel - Les \u00eatres lucif\u00e9riens - Les \u00eatres ahrimaniens - Le vrai \u00ab Je suis \u00bb - Les entit\u00e9s spirituelles - La facult\u00e9 d'amour de l'\u00e2me humaine.","authors":["Rudolf Steiner"],"category_codes":["9000000","9080000","9080200","9080204"],"visuals":{"large":"https:\/\/images.epagine.fr\/064\/9782852483064_1_75.jpg","medium":"https:\/\/images.epagine.fr\/064\/9782852483064_1_m.jpg","thumbnail":"https:\/\/images.epagine.fr\/064\/9782852483064_1_v.jpg"},"orderable":true,"show_badge":true,"formatted_price":"12,00&nbsp;\u20ac","formatted_published_date":"24 mars 2009","publisher_availability_label":"Sur commande","short_details":"Rudolf Steiner \u2014 Triades","translator":null,"weight":94,"page_count":250,"readership":null,"editor":"Triades","price":1200,"published_date":"2009-03-23T23:00:00.000000Z","support":"Grand format","publisher_availability":1,"stock":0,"editions":[],"url":"https:\/\/quaidesbrumes.com\/ouvrage\/9782852483064\/le-seuil-du-monde-spirituel"},{"id":"9782952613149","title":"La fin des disciplines ?","description":null,"authors":["Laurent Dubreuil"],"category_codes":["9000000","9080000","9080200","9080204"],"visuals":{"large":"https:\/\/images.epagine.fr\/149\/9782952613149_1_75.jpg","medium":"https:\/\/images.epagine.fr\/149\/9782952613149_1_m.jpg","thumbnail":"https:\/\/images.epagine.fr\/149\/9782952613149_1_v.jpg"},"orderable":true,"show_badge":true,"formatted_price":"10,00&nbsp;\u20ac","formatted_published_date":"13 juin 2007","publisher_availability_label":"Sur commande","short_details":"Laurent Dubreuil \u2014 Labyrinthe","translator":null,"weight":200,"page_count":null,"readership":null,"editor":"Labyrinthe","price":1000,"published_date":"2007-06-12T22:00:00.000000Z","support":"Grand format","publisher_availability":1,"stock":0,"editions":[],"url":"https:\/\/quaidesbrumes.com\/ouvrage\/9782952613149\/la-fin-des-disciplines"},{"id":"9782705669454","title":"La science n'est pas l'art ; br\u00e8ves rencontres...","description":"L'id\u00e9e la plus courante aujourd'hui, parfois explicite, mais le plus souvent implicite, sur la nature des rapports entre les arts d'un c\u00f4t\u00e9, les sciences et les techniques de l'autre, est de consid\u00e9rer le probl\u00e8me \u00e0 l'ordre du jour comme celui d'une r\u00e9conciliation : il s'agirait de favoriser la convergence de la cr\u00e9ation artistique et de la recherche technoscientifique, afin d'att\u00e9nuer, ou d'abolir une coupure douloureuse. Mais l'histoire de l'humanit\u00e9, dans sa dimension culturelle en particulier, n'est-elle pr\u00e9cis\u00e9ment pas celle de la s\u00e9paration de ses divers champs d'activit\u00e9, de leur autonomisation ? L'id\u00e9e d'une r\u00e9unification oecum\u00e9nique, des grandes retrouvailles de l'art et de la science, me para\u00eet relever d'une nostalgie na\u00efve plus que d'un projet inform\u00e9, fut-il utopique. Et puis, je dois l'avouer, cette s\u00e9paration ne m'est nullement p\u00e9nible. Peut \u00eatre est-ce une affaire de temp\u00e9rament personnel, mais je me trouve fort bien de la diff\u00e9rence essentielle entre l'Art et la Science   et de leurs diversit\u00e9s propres (les arts et les sciences) au surplus. Si, scientifique professionnel, mon int\u00e9r\u00eat pour l'art aboutissait \u00e0 m'y faire retrouver des attitudes et des oeuvres semblables \u00e0 celles que je connais (trop) bien, cet int\u00e9r\u00eat s'\u00e9mousserait vite...\r\nL'art, et l'art contemporain en particulier, m'attire en raison directe de ses diff\u00e9rences avec la science, et non pas de leurs \u00e9ventuelles similarit\u00e9s. Je n'ai aucunement la nostalgie d'une Unit\u00e9 perdue de la cr\u00e9ation   pas plus naturelle (c'est la diversit\u00e9 du monde des pierres, des fleurs, des oiseaux qui en fait la beaut\u00e9) qu'humaine.","authors":["Jean-Marc L\u00e9vy-Leblond"],"category_codes":["9000000","9080000","9080300","9080304"],"visuals":{"large":"https:\/\/images.epagine.fr\/454\/9782705669454_1_75.jpg","medium":"https:\/\/images.epagine.fr\/454\/9782705669454_1_m.jpg","thumbnail":"https:\/\/images.epagine.fr\/454\/9782705669454_1_v.jpg"},"orderable":true,"show_badge":true,"formatted_price":"26,00&nbsp;\u20ac","formatted_published_date":"13 octobre 2010","publisher_availability_label":"Sur commande","short_details":"Jean-Marc L\u00e9vy-Leblond \u2014 Hermann","translator":null,"weight":218,"page_count":119,"readership":null,"editor":"Hermann","price":2600,"published_date":"2010-10-12T22:00:00.000000Z","support":"Grand format","publisher_availability":1,"stock":0,"editions":[],"url":"https:\/\/quaidesbrumes.com\/ouvrage\/9782705669454\/la-science-nest-pas-lart-breves-rencontres"},{"id":"9782019993788","title":"Oeuvres. Pens\u00e9es. Lettres et Opuscules divers avec la Vie de Pascal et le Plan des Pens\u00e9es","description":"Oeuvres de Pascal. Pens\u00e9es. Lettres et Opuscules divers [avec la Vie de Pascal, par Gilberte Perier, et le Plan des \"Pens\u00e9es\", \u00e9crit par \u00c9tienne Perier]\r\nDate de l'\u00e9dition originale : 1886\r\n\r\nLe pr\u00e9sent ouvrage s'inscrit dans une politique de conservation patrimoniale des ouvrages de la litt\u00e9rature Fran\u00e7aise mise en place avec la BNF. \r\nHACHETTE LIVRE et la BNF proposent ainsi un catalogue de titres indisponibles, la BNF ayant num\u00e9ris\u00e9 ces oeuvres et HACHETTE LIVRE les imprimant \u00e0 la demande. \r\nCertains de ces ouvrages refl\u00e8tent des courants de pens\u00e9e caract\u00e9ristiques  de leur \u00e9poque, mais qui seraient aujourd'hui jug\u00e9s condamnables. \r\nIls n'en appartiennent pas moins \u00e0 l'histoire des id\u00e9es en France et sont susceptibles de pr\u00e9senter un int\u00e9r\u00eat scientifique ou historique. \r\nLe sens de notre d\u00e9marche \u00e9ditoriale consiste ainsi \u00e0 permettre l'acc\u00e8s \u00e0 ces oeuvres sans pour autant que nous en cautionnions en aucune fa\u00e7on le contenu. \r\nPour plus d'informations, rendez-vous sur www.hachettebnf.fr","authors":["Blaise Pascal"],"category_codes":["9000000","9080000"],"visuals":{"large":"https:\/\/images.epagine.fr\/788\/9782019993788_1_75.jpg","medium":"https:\/\/images.epagine.fr\/788\/9782019993788_1_m.jpg","thumbnail":"https:\/\/images.epagine.fr\/788\/9782019993788_1_v.jpg"},"orderable":true,"show_badge":true,"formatted_price":"29,50&nbsp;\u20ac","formatted_published_date":"1er mars 2018","publisher_availability_label":"Sur commande","short_details":"Blaise Pascal \u2014 Hachette BNF","translator":null,"weight":652,"page_count":472,"readership":null,"editor":"Hachette BNF","price":2950,"published_date":"2018-02-28T23:00:00.000000Z","support":"Grand format","publisher_availability":1,"stock":0,"editions":[],"url":"https:\/\/quaidesbrumes.com\/ouvrage\/9782019993788\/oeuvres-pensees-lettres-et-opuscules-divers-avec-la-vie-de-pascal-et-le-plan-des-pensees"},{"id":"9782296118409","title":"Heidegger contre Hegel ; les irr\u00e9conciliables","description":"Cet ouvrage est une \u00e9tude du d\u00e9saccord philosophique entre Hegel et Heidegger mais aussi un essai sur le conflit comme m\u00e9thode philosophique. Ceux-ci sont irr\u00e9conciliables : ils se rejettent d'autant plus qu'une affinit\u00e9 souterraine les rapproche. L'auteur examine les diff\u00e9rents types de dialogue que Heidegger m\u00e8ne avec Hegel, tout en indiquant sa dette envers l'histoire h\u00e9g\u00e9lienne de la philosophie. Condition m\u00eame du dialogue des philosophes, l'historialit\u00e9 est rest\u00e9e l'enjeu implicite de l'explication la plus risqu\u00e9e de Heidegger avec Hegel.","authors":["Susanna Lindberg"],"category_codes":["9000000","9080000","9080200","9080204"],"visuals":{"large":"https:\/\/images.epagine.fr\/409\/9782296118409_1_75.jpg","medium":"https:\/\/images.epagine.fr\/409\/9782296118409_1_m.jpg","thumbnail":"https:\/\/images.epagine.fr\/409\/9782296118409_1_v.jpg"},"orderable":true,"show_badge":true,"formatted_price":"22,50&nbsp;\u20ac","formatted_published_date":"26 avril 2010","publisher_availability_label":"Sur commande","short_details":"Susanna Lindberg \u2014 \u00c9ditions L'Harmattan","translator":null,"weight":282,"page_count":222,"readership":null,"editor":"\u00c9ditions L'Harmattan","price":2250,"published_date":"2010-04-25T22:00:00.000000Z","support":"Grand format","publisher_availability":1,"stock":0,"editions":[],"url":"https:\/\/quaidesbrumes.com\/ouvrage\/9782296118409\/heidegger-contre-hegel-les-irreconciliables"},{"id":"9782012769144","title":"Schelling, ou la philosophie de la nature et la philosophie de la revelation (n ed) (ed.1845)","description":"Schelling, ou La philosophie de la nature et la philosophie de la r\u00e9v\u00e9lation (Noivelle \u00e9dition, consid\u00e9rablement augment\u00e9e) \/ par M. Matter,... http:\/\/gallica.bnf.fr\/ark:\/12148\/bpt6k5400771f","authors":["Matter Jacques"],"category_codes":["9000000","9080000"],"visuals":{"large":"https:\/\/images.epagine.fr\/144\/9782012769144_1_75.jpg","medium":"https:\/\/images.epagine.fr\/144\/9782012769144_1_m.jpg","thumbnail":"https:\/\/images.epagine.fr\/144\/9782012769144_1_v.jpg"},"orderable":true,"show_badge":true,"formatted_price":"23,90&nbsp;\u20ac","formatted_published_date":"1er juin 2012","publisher_availability_label":"Sur commande","short_details":"Matter Jacques \u2014 Hachette BNF","translator":null,"weight":449,"page_count":null,"readership":null,"editor":"Hachette BNF","price":2390,"published_date":"2012-05-31T22:00:00.000000Z","support":"Grand format","publisher_availability":1,"stock":0,"editions":[],"url":"https:\/\/quaidesbrumes.com\/ouvrage\/9782012769144\/schelling-ou-la-philosophie-de-la-nature-et-la-philosophie-de-la-revelation-n-ed-ed1845"},{"id":"9982296054534","title":"Du Sphinx au Mvett","description":"Cet ouvrage montre avec clart\u00e9 les filiations qu'il y a entre le Mvett, livre de sagesse des Ekang (Fang) du Gabon, de Guin\u00e9e Equatoriale, du Cameroun, du Congo et la sagesse des anciens Egyptiens, symbolis\u00e9s par le Sphinx.","authors":["Alain Ellou\u00e9-engoune"],"category_codes":["9000000","9080000","9080200","9080204"],"visuals":{"large":"https:\/\/quaidesbrumes.com\/img\/book-placeholder.png","medium":"https:\/\/quaidesbrumes.com\/img\/book-placeholder.png","thumbnail":"https:\/\/quaidesbrumes.com\/img\/book-placeholder.png"},"orderable":true,"show_badge":true,"formatted_price":"15,50&nbsp;\u20ac","formatted_published_date":"16 avril 2008","publisher_availability_label":"Sur commande","short_details":"Alain Ellou\u00e9-engoune \u2014 \u00c9ditions L'Harmattan","translator":null,"weight":0,"page_count":169,"readership":null,"editor":"\u00c9ditions L'Harmattan","price":1550,"published_date":"2008-04-15T22:00:00.000000Z","support":"Grand format","publisher_availability":1,"stock":0,"editions":[],"url":"https:\/\/quaidesbrumes.com\/ouvrage\/9982296054534\/du-sphinx-au-mvett"},{"id":"9782012769168","title":"Science et materialisme (ed.1879)","description":"Science et mat\u00e9rialisme \/ par Ch. Letourneau http:\/\/gallica.bnf.fr\/ark:\/12148\/bpt6k54339158","authors":["Letourneau C-J-M."],"category_codes":["9000000","9080000"],"visuals":{"large":"https:\/\/images.epagine.fr\/168\/9782012769168_1_75.jpg","medium":"https:\/\/images.epagine.fr\/168\/9782012769168_1_m.jpg","thumbnail":"https:\/\/images.epagine.fr\/168\/9782012769168_1_v.jpg"},"orderable":true,"show_badge":true,"formatted_price":"30,00&nbsp;\u20ac","formatted_published_date":"1er juin 2012","publisher_availability_label":"Sur commande","short_details":"Letourneau C-J-M. \u2014 Hachette BNF","translator":null,"weight":679,"page_count":null,"readership":null,"editor":"Hachette BNF","price":3000,"published_date":"2012-05-31T22:00:00.000000Z","support":"Grand format","publisher_availability":1,"stock":0,"editions":[],"url":"https:\/\/quaidesbrumes.com\/ouvrage\/9782012769168\/science-et-materialisme-ed1879"},{"id":"9782705669829","title":"L'imagination et l'intuition dans les sciences","description":"Au cours d'un colloque en 2008, des personnalit\u00e9s venant des sciences pures ou appliqu\u00e9es dialoguent avec des historiens et philosophes des sciences afin d'\u00e9tudier le processus de la cr\u00e9ation et de la d\u00e9couverte scientifique, d'\u00e9tablir dans quelle mesure l'imagination et l'intuition y jouent un r\u00f4le. Les questions sont d\u00e9battues \u00e0 l'aide d'exemples historiques et contemporains.","authors":["Collectif"],"category_codes":["9000000","9080000","9080300","9080304"],"visuals":{"large":"https:\/\/images.epagine.fr\/829\/9782705669829_1_75.jpg","medium":"https:\/\/images.epagine.fr\/829\/9782705669829_1_m.jpg","thumbnail":"https:\/\/images.epagine.fr\/829\/9782705669829_1_v.jpg"},"orderable":true,"show_badge":true,"formatted_price":"59,00&nbsp;\u20ac","formatted_published_date":"14 janvier 2010","publisher_availability_label":"Sur commande","short_details":"Collectif \u2014 Hermann","translator":null,"weight":504,"page_count":266,"readership":null,"editor":"Hermann","price":5900,"published_date":"2010-01-13T23:00:00.000000Z","support":"Grand format","publisher_availability":1,"stock":0,"editions":[],"url":"https:\/\/quaidesbrumes.com\/ouvrage\/9782705669829\/limagination-et-lintuition-dans-les-sciences"},{"id":"9789042913356","title":"La tradition m\u00e9di\u00e9vale des cat\u00e9gories (XII-XV si\u00e8cles)","description":null,"authors":["Collectif"],"category_codes":["9000000","9080000","9080200","9080204"],"visuals":{"large":"https:\/\/quaidesbrumes.com\/img\/book-placeholder.png","medium":"https:\/\/quaidesbrumes.com\/img\/book-placeholder.png","thumbnail":"https:\/\/quaidesbrumes.com\/img\/book-placeholder.png"},"orderable":true,"show_badge":true,"formatted_price":"91,00&nbsp;\u20ac","formatted_published_date":"1er janvier 2003","publisher_availability_label":"Sur commande","short_details":"Collectif \u2014 Peeters","translator":null,"weight":795,"page_count":null,"readership":null,"editor":"Peeters","price":9100,"published_date":"2002-12-31T23:00:00.000000Z","support":"Grand format","publisher_availability":1,"stock":0,"editions":[],"url":"https:\/\/quaidesbrumes.com\/ouvrage\/9789042913356\/la-tradition-medievale-des-categories-xii-xv-siecles"},{"id":"9782212547115","title":"La consultation philosophique ; l'art d'\u00e9clairer l'existence","description":"Cr\u00e9\u00e9e en 1981 par Gerd Achenbach, la consultation philosophique utilise l'approche et la culture philosophiques pour \u00e9clairer l'existence.\r\nCet \u00e9clairement ne vise pas le mieux-\u00eatre mais la libert\u00e9. Il s'agit pour l'individu d'interroger les situations de sa vie pour ne pas les subir mais, au contraire, les utiliser afin de construire avec les autres dans un monde qui nous est commun. En pr\u00e9sentant l'exercice d'une nouvelle pratique r\u00e9mun\u00e9r\u00e9e de la philosophie, l'auteur de cet essai souhaite partager une exp\u00e9rience, soulever certaines questions, ouvrir quelques pistes utiles au consultant philosophe.\r\nLe r\u00e9cit de diverses consultations philosophiques met en relief les leviers d'une m\u00e9thode d'intervention (conceptualisation, clarification, probl\u00e9matisation, improvisation cadr\u00e9e...). Sont abord\u00e9es \u00e9galement les questions propres au m\u00e9tier de consultant philosophe : la posture, la r\u00e9mun\u00e9ration, la relation au client, ainsi que les sp\u00e9cificit\u00e9s par rapport aux autres approches : psy, d\u00e9veloppement personnel, coaching, enseignement.","authors":["Eug\u00e9nie Vegleris"],"category_codes":["9000000","9080000","9080200","9080204"],"visuals":{"large":"https:\/\/images.epagine.fr\/115\/9782212547115_1_75.jpg","medium":"https:\/\/images.epagine.fr\/115\/9782212547115_1_m.jpg","thumbnail":"https:\/\/images.epagine.fr\/115\/9782212547115_1_v.jpg"},"orderable":true,"show_badge":true,"formatted_price":"23,30&nbsp;\u20ac","formatted_published_date":"16 septembre 2010","publisher_availability_label":"Sur commande","short_details":"Eug\u00e9nie Vegleris \u2014 Organisation","translator":null,"weight":473,"page_count":350,"readership":null,"editor":"Organisation","price":2330,"published_date":"2010-09-15T22:00:00.000000Z","support":"Grand format","publisher_availability":1,"stock":0,"editions":[],"url":"https:\/\/quaidesbrumes.com\/ouvrage\/9782212547115\/la-consultation-philosophique-lart-declairer-lexistence"},{"id":"9782916010236","title":"Heidegger ou le national-essentialisme","description":"Ce livre travaille \u00e0 une po\u00e9tique et une politique de la pens\u00e9e du langage et de la soci\u00e9t\u00e9. Il s'agit d'un crit\u00e8re de lecture nouveau. Le langage, l'\u00e9thique, le politique sont pens\u00e9s dans leur interaction, et les deux points de vue que sont le r\u00e9alisme des essentialisations et le nominalisme des individus, traditionnellement restreints \u00e0 la logique, ouvrent sur leurs cons\u00e9quences \u00e9thiques et politiques. Le point de d\u00e9part de cette ouverture est une mani\u00e8re neuve de penser la Bible, non plus comme une origine mais comme un fonctionnement. La vis\u00e9e n'est pas seulement Heidegger, qui multiplie les essentialisations, elle passe par Levinas, Jaspers, Husserl, Gadamer, Leo Strauss, Hannah Arendt, Agamben, et d'autres. R\u00e9alisme et nominalisme nous concernent tous. Ce livre veut le montrer.","authors":["Henri Meschonnic"],"category_codes":["9000000","9080000","9080200","9080204"],"visuals":{"large":"https:\/\/images.epagine.fr\/236\/9782916010236_1_75.jpg","medium":"https:\/\/images.epagine.fr\/236\/9782916010236_1_m.jpg","thumbnail":"https:\/\/images.epagine.fr\/236\/9782916010236_1_v.jpg"},"orderable":true,"show_badge":true,"formatted_price":"14,00&nbsp;\u20ac","formatted_published_date":"11 octobre 2007","publisher_availability_label":"Sur commande","short_details":"Henri Meschonnic \u2014 Corlevour","translator":null,"weight":254,"page_count":189,"readership":null,"editor":"Corlevour","price":1400,"published_date":"2007-10-10T22:00:00.000000Z","support":"Grand format","publisher_availability":1,"stock":0,"editions":[],"url":"https:\/\/quaidesbrumes.com\/ouvrage\/9782916010236\/heidegger-ou-le-national-essentialisme"},{"id":"9782854464634","title":"Jacob ou l'\u00eatre du possible","description":"La figure de Jacob est une figure de l'\u00eatre aux prises avec le r\u00e9el. Ses p\u00e9r\u00e9grinations et sa lutte avec l'inconnu rev\u00eatent un int\u00e9r\u00eat philosophique essentiel, car il s'agit du sujet tel qu'il se manifeste dans l'acte de se \u00ab choisir \u00bb lui-m\u00eame, selon le terme de Kierkegaard. \r\nSon \u00e9treinte avec l'autre est une greffe de l'instant sur l'\u00e9ternit\u00e9.\r\nApr\u00e8s une \u00e9tude des versets bibliques consacr\u00e9s au personnage de Jacob et des commentaires ult\u00e9rieurs, Anne Mounic examine les r\u00e9f\u00e9rences \u00e0 Jacob dans la litt\u00e9rature et tente de cerner la valeur po\u00e9tique et philosophique du mod\u00e8le.","authors":["Anne Mounic"],"category_codes":["9000000","9080000","9080200","9080204"],"visuals":{"large":"https:\/\/images.epagine.fr\/634\/9782854464634_1_75.jpg","medium":"https:\/\/images.epagine.fr\/634\/9782854464634_1_m.jpg","thumbnail":"https:\/\/images.epagine.fr\/634\/9782854464634_1_v.jpg"},"orderable":true,"show_badge":true,"formatted_price":"25,00&nbsp;\u20ac","formatted_published_date":"30 avril 2009","publisher_availability_label":"Sur commande","short_details":"Anne Mounic \u2014 Caracteres","translator":null,"weight":310,"page_count":294,"readership":null,"editor":"Caracteres","price":2500,"published_date":"2009-04-29T22:00:00.000000Z","support":"Grand format","publisher_availability":1,"stock":0,"editions":[],"url":"https:\/\/quaidesbrumes.com\/ouvrage\/9782854464634\/jacob-ou-letre-du-possible"},{"id":"9782013404228","title":"Examen de la philosophie de bacon t. i - ou l'on traite differentes questions de philosophie rationn","description":"Examen de la philosophie de Bacon : o\u00f9 l'on traite diff\u00e9rentes questions de philosophie rationnelle. T. I \/ ouvrage posthume du Cte Joseph de Maistre,...\r\nDate de l'\u00e9dition originale : 1864 Sujet de l'ouvrage : Bacon, Francis (1561-1626) Ce livre est la reproduction fid\u00e8le d une uvre publi\u00e9e avant 1920 et fait partie d une collection de livres r\u00e9imprim\u00e9s \u00e0 la demande \u00e9dit\u00e9e par Hachette Livre, dans le cadre d un partenariat avec la Biblioth\u00e8que nationale de France, offrant l opportunit\u00e9 d acc\u00e9der \u00e0 des ouvrages anciens et souvent rares issus des fonds patrimoniaux de la BnF.\r\nLes uvres faisant partie de cette collection ont \u00e9t\u00e9 num\u00e9ris\u00e9es par la BnF et sont pr\u00e9sentes sur Gallica, sa biblioth\u00e8que num\u00e9rique.\r\n\r\nEn entreprenant de redonner vie \u00e0 ces ouvrages au travers d une collection de livres r\u00e9imprim\u00e9s \u00e0 la demande, nous leur donnons la possibilit\u00e9 de rencontrer un public \u00e9largi et participons \u00e0 la transmission de connaissances et de savoirs parfois difficilement accessibles.\r\nNous avons cherch\u00e9 \u00e0 concilier la reproduction fid\u00e8le d un livre ancien \u00e0 partir de sa version num\u00e9ris\u00e9e avec le souci d un confort de lecture optimal. Nous esp\u00e9rons que les ouvrages de cette nouvelle collection vous apporteront enti\u00e8re satisfaction.\r\n\r\nPour plus d informations, rendez-vous sur www.hachettebnf.fr","authors":["Maistre Joseph"],"category_codes":["9000000","9080000","9080600"],"visuals":{"large":"https:\/\/images.epagine.fr\/228\/9782013404228_1_75.jpg","medium":"https:\/\/images.epagine.fr\/228\/9782013404228_1_m.jpg","thumbnail":"https:\/\/images.epagine.fr\/228\/9782013404228_1_v.jpg"},"orderable":true,"show_badge":true,"formatted_price":"24,00&nbsp;\u20ac","formatted_published_date":"1er septembre 2014","publisher_availability_label":"Sur commande","short_details":"Maistre Joseph \u2014 Hachette BNF","translator":null,"weight":462,"page_count":null,"readership":null,"editor":"Hachette BNF","price":2400,"published_date":"2014-08-31T22:00:00.000000Z","support":"Grand format","publisher_availability":1,"stock":0,"editions":[],"url":"https:\/\/quaidesbrumes.com\/ouvrage\/9782013404228\/examen-de-la-philosophie-de-bacon-t-i-ou-lon-traite-differentes-questions-de-philosophie-rationn"},{"id":"9782013404235","title":"Examen de la philosophie de bacon t. ii - ou l'on traite differentes questions de philosophie ration","description":"Examen de la philosophie de Bacon : o\u00f9 l'on traite diff\u00e9rentes questions de philosophie rationnelle. T. II \/ ouvrage posthume du Cte Joseph de Maistre,...\r\nDate de l'\u00e9dition originale : 1864 Sujet de l'ouvrage : Bacon, Francis (1561-1626) Ce livre est la reproduction fid\u00e8le d une uvre publi\u00e9e avant 1920 et fait partie d une collection de livres r\u00e9imprim\u00e9s \u00e0 la demande \u00e9dit\u00e9e par Hachette Livre, dans le cadre d un partenariat avec la Biblioth\u00e8que nationale de France, offrant l opportunit\u00e9 d acc\u00e9der \u00e0 des ouvrages anciens et souvent rares issus des fonds patrimoniaux de la BnF.\r\nLes uvres faisant partie de cette collection ont \u00e9t\u00e9 num\u00e9ris\u00e9es par la BnF et sont pr\u00e9sentes sur Gallica, sa biblioth\u00e8que num\u00e9rique.\r\n\r\nEn entreprenant de redonner vie \u00e0 ces ouvrages au travers d une collection de livres r\u00e9imprim\u00e9s \u00e0 la demande, nous leur donnons la possibilit\u00e9 de rencontrer un public \u00e9largi et participons \u00e0 la transmission de connaissances et de savoirs parfois difficilement accessibles.\r\nNous avons cherch\u00e9 \u00e0 concilier la reproduction fid\u00e8le d un livre ancien \u00e0 partir de sa version num\u00e9ris\u00e9e avec le souci d un confort de lecture optimal. Nous esp\u00e9rons que les ouvrages de cette nouvelle collection vous apporteront enti\u00e8re satisfaction.\r\n\r\nPour plus d informations, rendez-vous sur www.hachettebnf.fr","authors":["Maistre Joseph"],"category_codes":["9000000","9080000","9080600"],"visuals":{"large":"https:\/\/images.epagine.fr\/235\/9782013404235_1_75.jpg","medium":"https:\/\/images.epagine.fr\/235\/9782013404235_1_m.jpg","thumbnail":"https:\/\/images.epagine.fr\/235\/9782013404235_1_v.jpg"},"orderable":true,"show_badge":true,"formatted_price":"25,50&nbsp;\u20ac","formatted_published_date":"1er septembre 2014","publisher_availability_label":"Sur commande","short_details":"Maistre Joseph \u2014 Hachette BNF","translator":null,"weight":538,"page_count":null,"readership":null,"editor":"Hachette BNF","price":2550,"published_date":"2014-08-31T22:00:00.000000Z","support":"Grand format","publisher_availability":1,"stock":0,"editions":[],"url":"https:\/\/quaidesbrumes.com\/ouvrage\/9782013404235\/examen-de-la-philosophie-de-bacon-t-ii-ou-lon-traite-differentes-questions-de-philosophie-ration"},{"id":"9782019990664","title":"\u00c9tudes philosophiques, politiques et sociales. Le pot de chambre","description":"\u00c9tudes philosophiques, politiques et sociales. Le pot de chambre, par Adh\u00e9mard Lesfargues-Lagrange\r\nDate de l'\u00e9dition originale : 1879\r\n\r\nLe pr\u00e9sent ouvrage s'inscrit dans une politique de conservation patrimoniale des ouvrages de la litt\u00e9rature Fran\u00e7aise mise en place avec la BNF. \r\nHACHETTE LIVRE et la BNF proposent ainsi un catalogue de titres indisponibles, la BNF ayant num\u00e9ris\u00e9 ces oeuvres et HACHETTE LIVRE les imprimant \u00e0 la demande. \r\nCertains de ces ouvrages refl\u00e8tent des courants de pens\u00e9e caract\u00e9ristiques  de leur \u00e9poque, mais qui seraient aujourd'hui jug\u00e9s condamnables. \r\nIls n'en appartiennent pas moins \u00e0 l'histoire des id\u00e9es en France et sont susceptibles de pr\u00e9senter un int\u00e9r\u00eat scientifique ou historique. \r\nLe sens de notre d\u00e9marche \u00e9ditoriale consiste ainsi \u00e0 permettre l'acc\u00e8s \u00e0 ces oeuvres sans pour autant que nous en cautionnions en aucune fa\u00e7on le contenu. \r\nPour plus d'informations, rendez-vous sur www.hachettebnf.fr","authors":["Lesfargues-Lagrange"],"category_codes":["9000000","9080000"],"visuals":{"large":"https:\/\/images.epagine.fr\/664\/9782019990664_1_75.jpg","medium":"https:\/\/images.epagine.fr\/664\/9782019990664_1_m.jpg","thumbnail":"https:\/\/images.epagine.fr\/664\/9782019990664_1_v.jpg"},"orderable":true,"show_badge":true,"formatted_price":"14,90&nbsp;\u20ac","formatted_published_date":"1er mars 2018","publisher_availability_label":"Sur commande","short_details":"Lesfargues-Lagrange \u2014 Hachette BNF","translator":null,"weight":154,"page_count":98,"readership":null,"editor":"Hachette BNF","price":1490,"published_date":"2018-02-28T23:00:00.000000Z","support":"Grand format","publisher_availability":1,"stock":0,"editions":[],"url":"https:\/\/quaidesbrumes.com\/ouvrage\/9782019990664\/etudes-philosophiques-politiques-et-sociales-le-pot-de-chambre"}]}