{"data":[{"id":"9782747584111","title":"Une idee d'un systeme de la liberte fichte et schelling","description":"Face \u00e0 la grandiose tentative men\u00e9e par Hegel d'inscrire la libert\u00e9 au coeur m\u00eame de la logique du syst\u00e8me de la n\u00e9cessit\u00e9 que constitue le savoir, les philosophies de Fichte et Schelling n'apparaissent trop souvent que comme des \u00e9tapes du trajet menant de Kant \u00e0 Hegel, soit de la finitude th\u00e9orique impos\u00e9e par la raison con\u00e7ue comme finie au savoir absolu permis par la raison dialectique. Philosopher avec Fichte et s'astreindre \u00e0 exercer sa pens\u00e9e \u00e0 la doctrine de la science c'est ainsi justifier cet infond\u00e9 que tout \u00eatre raisonnable fini trouve en soi: le sentiment de la libert\u00e9.\r","authors":[],"category_codes":["9000000","9080000"],"visuals":{"large":"https:\/\/images.epagine.fr\/111\/9782747584111_1_75.jpg","medium":"https:\/\/images.epagine.fr\/111\/9782747584111_1_m.jpg","thumbnail":"https:\/\/images.epagine.fr\/111\/9782747584111_1_v.jpg"},"orderable":true,"show_badge":true,"formatted_price":"14,50&nbsp;\u20ac","formatted_published_date":"2 mai 2005","publisher_availability_label":"Sur commande","short_details":"\u00c9ditions L'Harmattan","translator":null,"weight":195,"page_count":148,"readership":null,"editor":"\u00c9ditions L'Harmattan","price":1450,"published_date":"2005-05-01T22:00:00.000000Z","support":"Grand format","publisher_availability":1,"stock":0,"editions":[],"url":"https:\/\/quaidesbrumes.com\/ouvrage\/9782747584111\/une-idee-dun-systeme-de-la-liberte-fichte-et-schelling"},{"id":"9788790493707","title":"La mort et ses rites pour tous","description":null,"authors":["Charles-Emmanuel Deuzeune"],"category_codes":["9000000","9080000","9080200","9080204"],"visuals":{"large":"https:\/\/quaidesbrumes.com\/img\/book-placeholder.png","medium":"https:\/\/quaidesbrumes.com\/img\/book-placeholder.png","thumbnail":"https:\/\/quaidesbrumes.com\/img\/book-placeholder.png"},"orderable":true,"show_badge":true,"formatted_price":"19,90&nbsp;\u20ac","formatted_published_date":"15 septembre 2003","publisher_availability_label":"Sur commande","short_details":"Charles-Emmanuel Deuzeune \u2014 Le Plein Des Sens","translator":null,"weight":0,"page_count":286,"readership":null,"editor":"Le Plein Des Sens","price":1990,"published_date":"2003-09-14T22:00:00.000000Z","support":"Grand format","publisher_availability":1,"stock":0,"editions":[],"url":"https:\/\/quaidesbrumes.com\/ouvrage\/9788790493707\/la-mort-et-ses-rites-pour-tous"},{"id":"9782738463937","title":"Le Double Jeu du Temps \u00e0 la Lumi\u00e8re de l'exp\u00e9rience Humaine","description":"La description de la structure du temps qui est ici propos\u00e9e y distingue un temps cyclique et r\u00e9versible, d'un temps unilin\u00e9aire et irr\u00e9versible. Gr\u00e2ce \u00e0 cet effet produit par la rupture de l'engrenage temporel, synchronisant jusqu'alors les deux directions du temps, tout ce qui est cens\u00e9 dispara\u00eetre peut rester n\u00e9anmoins \" pr\u00e9sent \". M\u00eame si nous ne sommes plus li\u00e9s \"historiquement\" aux \u00e9v\u00e9nements puisqu'ils se situent maintenant tous derni\u00e8re nous et que nous ne savons plus les transporter et les transformer, nous savons en faire quelque chose d'in\u00e9dit : nous savons les garder pr\u00e9sents, disponibles et communicables, comme s'ils \u00e9taient mont\u00e9s sur une plaque tournante du temps cyclique et r\u00e9p\u00e9titif, une fois celui-ci d\u00e9connect\u00e9 du temps lin\u00e9aire et irr\u00e9vocable.","authors":["Wolfgang Kaempfer"],"category_codes":["9000000","9080000"],"visuals":{"large":"https:\/\/images.epagine.fr\/937\/9782738463937_1_75.jpg","medium":"https:\/\/images.epagine.fr\/937\/9782738463937_1_m.jpg","thumbnail":"https:\/\/images.epagine.fr\/937\/9782738463937_1_v.jpg"},"orderable":true,"show_badge":true,"formatted_price":"22,50&nbsp;\u20ac","formatted_published_date":"3 mai 2000","publisher_availability_label":"Sur commande","short_details":"Wolfgang Kaempfer \u2014 \u00c9ditions L'Harmattan","translator":null,"weight":366,"page_count":246,"readership":null,"editor":"\u00c9ditions L'Harmattan","price":2250,"published_date":"2000-05-02T22:00:00.000000Z","support":"Grand format","publisher_availability":1,"stock":0,"editions":[],"url":"https:\/\/quaidesbrumes.com\/ouvrage\/9782738463937\/le-double-jeu-du-temps-a-la-lumiere-de-lexperience-humaine"},{"id":"9782329458342","title":"Cours de droit naturel ou de philosophie du droit. 5e \u00e9dition","description":"Cours de droit naturel ou de philosophie du droit fait d'apr\u00e8s l'\u00e9tat actuel de cette science en Allemagne (5e \u00e9dition, revue et consid\u00e9rablement augment\u00e9e) \/ par H. Ahrens,...\r\nDate de l'\u00e9dition originale : 1860\r\nLe pr\u00e9sent ouvrage s'inscrit dans une politique de conservation patrimoniale des ouvrages de la litt\u00e9rature Fran\u00e7aise mise en place avec la BNF. \r\nHACHETTE LIVRE et la BNF proposent ainsi un catalogue de titres indisponibles, la BNF ayant num\u00e9ris\u00e9 ces oeuvres et HACHETTE LIVRE les imprimant \u00e0 la demande. \r\nCertains de ces ouvrages refl\u00e8tent des courants de pens\u00e9e caract\u00e9ristiques de leur \u00e9poque, mais qui seraient aujourd'hui jug\u00e9s condamnables. \r\nIls n'en appartiennent pas moins \u00e0 l'histoire des id\u00e9es en France et sont susceptibles de pr\u00e9senter un int\u00e9r\u00eat scientifique ou historique. \r\nLe sens de notre d\u00e9marche \u00e9ditoriale consiste ainsi \u00e0 permettre l'acc\u00e8s \u00e0 ces oeuvres sans pour autant que nous en cautionnions en aucune fa\u00e7on le contenu. \r\nPour plus d'informations, rendez-vous sur www.hachettebnf.fr","authors":["Heinrich Ahrens"],"category_codes":["9000000","9080000"],"visuals":{"large":"https:\/\/quaidesbrumes.com\/img\/book-placeholder.png","medium":"https:\/\/quaidesbrumes.com\/img\/book-placeholder.png","thumbnail":"https:\/\/quaidesbrumes.com\/img\/book-placeholder.png"},"orderable":true,"show_badge":true,"formatted_price":"33,00&nbsp;\u20ac","formatted_published_date":"1er septembre 2020","publisher_availability_label":"Sur commande","short_details":"Heinrich Ahrens \u2014 Hachette BNF","translator":null,"weight":798,"page_count":586,"readership":null,"editor":"Hachette BNF","price":3300,"published_date":"2020-08-31T22:00:00.000000Z","support":"Grand format","publisher_availability":1,"stock":0,"editions":[],"url":"https:\/\/quaidesbrumes.com\/ouvrage\/9782329458342\/cours-de-droit-naturel-ou-de-philosophie-du-droit-5e-edition"},{"id":"9782296090859","title":"Charles-Louis Philippe ; entre Nietzsche & Dosto\u00efevski","description":"Les auteurs qu'affectionne Charles-Louis Philippe, Nietzsche et Dosto\u00efevski, disent le d\u00e9senchantement provoqu\u00e9 par l'abandon de l'onirisme scientifique. Si Philippe exalte \"l'homme fort\", il participe cependant \u00e0 la \"r\u00e9volution par les humbles\", qui fait une large place aux images de l'intimit\u00e9, \u00e0 l'enjolivement, \u00e0 la \"rar\u00e9faction\", et qui remet ainsi en question les habitudes de penser du classicisme romanesque. Les mythologies de la D\u00e9cadence apparaissent comme un d\u00e9chirement sans lequel une culture ne peut se maintenir. De ce d\u00e9chirement, l'oeuvre de Philippe porte t\u00e9moignage.\r","authors":["Claude Herzfeld"],"category_codes":["9000000","9080000","9080200","9080204"],"visuals":{"large":"https:\/\/images.epagine.fr\/859\/9782296090859_1_75.jpg","medium":"https:\/\/images.epagine.fr\/859\/9782296090859_1_m.jpg","thumbnail":"https:\/\/images.epagine.fr\/859\/9782296090859_1_v.jpg"},"orderable":true,"show_badge":true,"formatted_price":"13,00&nbsp;\u20ac","formatted_published_date":"29 mai 2009","publisher_availability_label":"Sur commande","short_details":"Claude Herzfeld \u2014 \u00c9ditions L'Harmattan","translator":null,"weight":170,"page_count":116,"readership":null,"editor":"\u00c9ditions L'Harmattan","price":1300,"published_date":"2009-05-28T22:00:00.000000Z","support":"Grand format","publisher_availability":1,"stock":0,"editions":[],"url":"https:\/\/quaidesbrumes.com\/ouvrage\/9782296090859\/charles-louis-philippe-entre-nietzsche-dostoievski"},{"id":"9782296044067","title":"La vision de l'homme chez deux philosophes syriaques ; Bardesane (154-222) Ahoudemmeh (VI si\u00e8cle)","description":"Deux philosophes syriaques, Bardesane (154-222) et Ahoudemmeh (VI\u00e8 si\u00e8cle) offrent leur vision originale de l'homme, \u00eatre dou\u00e9 de libert\u00e9 qui peut faire face au destin. Bardesane con\u00e7oit la sagesse comme la connaissance des lois qui r\u00e9gissent, non seulement la conduite des hommes mais l'univers entier. Ahoudemmeh voit en l'homme un prodige de composition. Il souligne l'unit\u00e9 de sa personnalit\u00e9 dans ses actes, ses oeuvres et ses paroles. Tous deux donnent un vrai r\u00f4le \u00e0 la libert\u00e9 et \u00e0 la volont\u00e9 de l'homme.\r","authors":["Ahoudemmeh","Bardesane","Fran\u00e7ois Nau"],"category_codes":["9000000","9080000","9080200","9080204"],"visuals":{"large":"https:\/\/images.epagine.fr\/067\/9782296044067_1_75.jpg","medium":"https:\/\/images.epagine.fr\/067\/9782296044067_1_m.jpg","thumbnail":"https:\/\/images.epagine.fr\/067\/9782296044067_1_v.jpg"},"orderable":true,"show_badge":true,"formatted_price":"12,50&nbsp;\u20ac","formatted_published_date":"31 octobre 2007","publisher_availability_label":"Sur commande","short_details":"Ahoudemmeh, Bardesane, Fran\u00e7ois Nau \u2014 \u00c9ditions L'Harmattan","translator":"FRANCOIS NAU","weight":160,"page_count":114,"readership":null,"editor":"\u00c9ditions L'Harmattan","price":1250,"published_date":"2007-10-30T23:00:00.000000Z","support":"Grand format","publisher_availability":1,"stock":0,"editions":[],"url":"https:\/\/quaidesbrumes.com\/ouvrage\/9782296044067\/la-vision-de-lhomme-chez-deux-philosophes-syriaques-bardesane-154-222-ahoudemmeh-vi-siecle"},{"id":"9782296073746","title":"Le reconnaissance : r\u00e9ponse \u00e0 quels probl\u00e8mes ?","description":"Avec le d\u00e9veloppement de l'exigence de justice culturelle, dans le monde contemporain, la notion de reconnaissance est en train d'acqu\u00e9rir une importance nouvelle dans la vie des personnes, des groupes et des soci\u00e9t\u00e9s.\r\nDans de nombreux pays o\u00f9 les institutions publiques sont partiellement remodel\u00e9es en vue d'int\u00e9grer le fait de la diversit\u00e9 culturelle, la \" reconnaissance \" devient une cat\u00e9gorie centrale dans les domaines de l'\u00e9thique, du politique et du droit. En partant de diff\u00e9rents lieux de la reconnaissance - le corps, la culture, la condition sociale -, les \u00e9tudes qui composent ce livre proposent de repenser la notion de reconnaissance, en interrogeant les liens qui la rattachent \u00e0 des conceptions sp\u00e9cifiques de \" l'identit\u00e9 \" et de la subjectivit\u00e9.\r","authors":["Alfredo Gomez-muller"],"category_codes":["9000000","9080000","9080200","9080204"],"visuals":{"large":"https:\/\/images.epagine.fr\/746\/9782296073746_1_75.jpg","medium":"https:\/\/images.epagine.fr\/746\/9782296073746_1_m.jpg","thumbnail":"https:\/\/images.epagine.fr\/746\/9782296073746_1_v.jpg"},"orderable":true,"show_badge":true,"formatted_price":"18,00&nbsp;\u20ac","formatted_published_date":"6 f\u00e9vrier 2009","publisher_availability_label":"Sur commande","short_details":"Alfredo Gomez-muller \u2014 \u00c9ditions L'Harmattan","translator":null,"weight":250,"page_count":196,"readership":null,"editor":"\u00c9ditions L'Harmattan","price":1800,"published_date":"2009-02-05T23:00:00.000000Z","support":"Grand format","publisher_availability":1,"stock":0,"editions":[],"url":"https:\/\/quaidesbrumes.com\/ouvrage\/9782296073746\/le-reconnaissance-reponse-a-quels-problemes"},{"id":"9782296550452","title":"Cahiers simondon Tome 3","description":"Ce troisi\u00e8me num\u00e9ro dresse d'abord un bilan de la red\u00e9couverte r\u00e9cente du lien central de Deleuze \u00e0 Simondon. Il confronte ensuite Simondon \u00e0 Arendt sur la question d\u00e9cisive du travail, \u00e0 Dufrenne sur celle de l'esth\u00e9tique. Enfin, Jean-Hugues Barth\u00e9l\u00e9my dialogue avec le dernier ouvrage de Xavier Guchet \u00e0 propos du mode d'unit\u00e9 de l'ensemble de l'oeuvre, et Vincent Bontems cl\u00f4t ce volume en \u00e9voquant les activit\u00e9s de l'Atelier Simondon qu'il anime \u00e0 l'\u00c9cole normale sup\u00e9rieure de Paris.\r","authors":["Jean-hugues Barth\u00e9lemy"],"category_codes":["9000000","9080000","9080200","9080204"],"visuals":{"large":"https:\/\/images.epagine.fr\/452\/9782296550452_1_75.jpg","medium":"https:\/\/images.epagine.fr\/452\/9782296550452_1_m.jpg","thumbnail":"https:\/\/images.epagine.fr\/452\/9782296550452_1_v.jpg"},"orderable":true,"show_badge":true,"formatted_price":"16,50&nbsp;\u20ac","formatted_published_date":"20 avril 2011","publisher_availability_label":"Sur commande","short_details":"Jean-hugues Barth\u00e9lemy \u2014 \u00c9ditions L'Harmattan","translator":null,"weight":204,"page_count":155,"readership":null,"editor":"\u00c9ditions L'Harmattan","price":1650,"published_date":"2011-04-19T22:00:00.000000Z","support":"Grand format","publisher_availability":1,"stock":0,"editions":[],"url":"https:\/\/quaidesbrumes.com\/ouvrage\/9782296550452\/cahiers-simondon-tome-3"},{"id":"9782296095441","title":"L'unique n\u00e9cessaire","description":"Comenius ne fut pas seulement un des plus grands spitituels et p\u00e9dagogues de tous les temps.\r\nIl fut aussi un grand voyageur. Mais l'exil et les pers\u00e9cutions furent son lot au cours de toutes ses p\u00e9r\u00e9grinations. Il fit ses \u00e9tudes \u00e0 Herborn et Heidelberg, ou il peut certaine, ment connaissance d'une premi\u00e8re version de la \" Fama Fraternitatis \". Chass\u00e9 de son pays natal, il se r\u00e9fugia tout d'abord en Pologne o\u00f9 il fonda un Lyc\u00e9e (encore en activit\u00e9). Puis Jean Valentin d'Andrea lui confia la direction de la deuxi\u00e8me vague de l\u00e0 Rose-Croix classique, et il parcourut toute l'Europe, r\u00e9pandant la lumi\u00e8re pour son temps : Angleterre, o\u00f9 il devait fonder le coll\u00e8ge universelle la Lumi\u00e8re.\r\n(les circonstances politiques ne le permirent pas), Pays-Bas, Su\u00e8de, Hongrie, etc. Au moment o\u00f9 il \u00e9crit cet ouvrage, il est \u00e0 la fin de sa vie \u00e0 Amsterdam.\r","authors":["Jan amos Comenius"],"category_codes":["9000000","9080000","9080200","9080204"],"visuals":{"large":"https:\/\/images.epagine.fr\/441\/9782296095441_1_75.jpg","medium":"https:\/\/images.epagine.fr\/441\/9782296095441_1_m.jpg","thumbnail":"https:\/\/images.epagine.fr\/441\/9782296095441_1_v.jpg"},"orderable":true,"show_badge":true,"formatted_price":"19,50&nbsp;\u20ac","formatted_published_date":"3 juin 2009","publisher_availability_label":"Sur commande","short_details":"Jan amos Comenius \u2014 \u00c9ditions L'Harmattan","translator":null,"weight":210,"page_count":192,"readership":null,"editor":"\u00c9ditions L'Harmattan","price":1950,"published_date":"2009-06-02T22:00:00.000000Z","support":"Grand format","publisher_availability":1,"stock":0,"editions":[],"url":"https:\/\/quaidesbrumes.com\/ouvrage\/9782296095441\/lunique-necessaire"},{"id":"9782040209087","title":"L'Utopie","description":"Notre temps manque d'utopie.\r\n C'est une \u00e9vidence.  il s'agit ici d'approcher le concept dans sa rigueur.  quelles repr\u00e9sentations de l'homme, de la soci\u00e9t\u00e9, du bonheur, de la loi, du d\u00e9sir, de la raison sont \u00e0 l'oeuvre dans l'utopie ? loin du sens courant qui y voit un projet s\u00e9duisant mais irr\u00e9alisable, l'utopie rel\u00e8ve d'une nouvelle mani\u00e8re de faire de la philosophie, pour laquelle l'existence est premi\u00e8re.  l'ouvrage prend pour r\u00e9f\u00e9rence le roman de thomas more, l'utopie (1516).\r\n A sa lumi\u00e8re sont examin\u00e9s quelques utopies c\u00e9l\u00e8bres (comme la cit\u00e9 du soleil de campanella) et quelques grands utopistes (comme fourrier).  sont aussi \u00e9valu\u00e9es quelques anti-utopies classiques (le meilleur des mondes, 1984, etc. ).  l'originalit\u00e9 voulue du livre est de rechercher les utopismes philosophiques, de platon \u00e0 la philosophie contemporaine, en passant par les philosophies m\u00e9di\u00e9vales, pour tenter de r\u00e9pondre \u00e0 la seule question qui, peut-\u00eatre, vaille : que peuvent les hommes sur terre ?.\r","authors":["Jean-yves Lacroix"],"category_codes":["9000000","9080000","9080200","9080204"],"visuals":{"large":"https:\/\/images.epagine.fr\/087\/9782040209087_1_75.jpg","medium":"https:\/\/images.epagine.fr\/087\/9782040209087_1_m.jpg","thumbnail":"https:\/\/images.epagine.fr\/087\/9782040209087_1_v.jpg"},"orderable":true,"show_badge":true,"formatted_price":"9,76&nbsp;\u20ac","formatted_published_date":"8 mars 1999","publisher_availability_label":"Sur commande","short_details":"Jean-yves Lacroix \u2014 \u00c9ditions Bordas","translator":null,"weight":160,"page_count":null,"readership":null,"editor":"\u00c9ditions Bordas","price":976,"published_date":"1999-03-07T23:00:00.000000Z","support":"Poche","publisher_availability":1,"stock":0,"editions":[],"url":"https:\/\/quaidesbrumes.com\/ouvrage\/9782040209087\/lutopie"},{"id":"9782012766341","title":"Recueil de pensees et maximes morales a l'usage des familles et des ecoles (ed.1895)","description":"Recueil de pens\u00e9es et maximes morales \u00e0 l'usage des familles et des \u00e9coles de tous les degr\u00e9s : une bonne pens\u00e9e par jour \/ par V. Martel,... http:\/\/gallica.bnf.fr\/ark:\/12148\/bpt6k55105377\r","authors":["Martel Vincent"],"category_codes":["9000000","9080000"],"visuals":{"large":"https:\/\/images.epagine.fr\/341\/9782012766341_1_75.jpg","medium":"https:\/\/images.epagine.fr\/341\/9782012766341_1_m.jpg","thumbnail":"https:\/\/images.epagine.fr\/341\/9782012766341_1_v.jpg"},"orderable":true,"show_badge":true,"formatted_price":"22,50&nbsp;\u20ac","formatted_published_date":"1er mai 2012","publisher_availability_label":"Sur commande","short_details":"Martel Vincent \u2014 Hachette BNF","translator":null,"weight":414,"page_count":null,"readership":null,"editor":"Hachette BNF","price":2250,"published_date":"2012-04-30T22:00:00.000000Z","support":"Grand format","publisher_availability":1,"stock":0,"editions":[],"url":"https:\/\/quaidesbrumes.com\/ouvrage\/9782012766341\/recueil-de-pensees-et-maximes-morales-a-lusage-des-familles-et-des-ecoles-ed1895"},{"id":"9782343211510","title":"Philosophie de l'\u00e9pidemie ; le temps de l'\u00e9mergence","description":"Eph\u00e9m\u00e8res et r\u00e9currentes, les \u00e9pid\u00e9mies conservent leur immuable pouvoir de sid\u00e9ration. \u00c0 travers elles s'expriment le d\u00e9sordre du monde et l'\u00e9nigmatique nouveaut\u00e9, qui sans cesse d\u00e9fient notre savoir. Laboratoires biopolitiques depuis l'exclusion de la l\u00e8pre et le quadrillage de la peste, elles sont aujourd'hui au centre du d\u00e9bat \u00e9thique, \u00e9pist\u00e9mologique et politique de l'\u00e9mergence. La COVID-19, premi\u00e8re grande pand\u00e9mie de la mondialisation triomphante, s'est manifest\u00e9e tout \u00e0 la fois comme une r\u00e9p\u00e9tition des pr\u00e9c\u00e9dentes et comme le surgissement d'un changement radical, le d\u00e9ploiement d'un monde que rien ne laissait pr\u00e9voir. Elle s'offre ainsi comme un nouvel objet philosophique, \u00e9pisode presque banal de l'histoire des \u00e9pid\u00e9mies et pourtant \u00e9pop\u00e9e d'une absolue singularit\u00e9 mena\u00e7ant la survie d'un monde soudain devenu ancien.","authors":["Jean Lombard","Bernard Vandewalle"],"category_codes":["9000000","9080000","9080700"],"visuals":{"large":"https:\/\/images.epagine.fr\/510\/9782343211510_1_75.jpg","medium":"https:\/\/images.epagine.fr\/510\/9782343211510_1_m.jpg","thumbnail":"https:\/\/images.epagine.fr\/510\/9782343211510_1_v.jpg"},"orderable":true,"show_badge":true,"formatted_price":"22,00&nbsp;\u20ac","formatted_published_date":"6 octobre 2020","publisher_availability_label":"Sur commande","short_details":"Jean Lombard, Bernard Vandewalle \u2014 \u00c9ditions L'Harmattan","translator":null,"weight":300,"page_count":248,"readership":null,"editor":"\u00c9ditions L'Harmattan","price":2200,"published_date":"2020-10-05T22:00:00.000000Z","support":"Grand format","publisher_availability":1,"stock":0,"editions":[],"url":"https:\/\/quaidesbrumes.com\/ouvrage\/9782343211510\/philosophie-de-lepidemie-le-temps-de-lemergence"},{"id":"9782296075108","title":"Morts et r\u00e9surrection de la philosophie ; libres propos sur quelques probl\u00e8mes du mill\u00e9naire nouveau","description":"A partir de la pens\u00e9e religieuse, aux origines imm\u00e9moriales, la cr\u00e9ation po\u00e9tique et artistique, le g\u00e9nie scientifique et technique et la philosophie sont devenus autonomes selon un mouvement de divergences qui a finalement abouti \u00e0 la crise g\u00e9n\u00e9rale de l'esprit moderne. Au-del\u00e0 de cette crise, les religions ont commenc\u00e9 \u00e0 d\u00e9couvrir leur pluralit\u00e9. Ces convergences annonceraient l'\u00e8re nouvelle, celle de la mondialisation-globalisation, qui exigerait pour \u00eatre ma\u00eetris\u00e9e le d\u00e9ploiement d'une \"nouvelle pens\u00e9e\", \u00e0 la fois \"cosmique, ludique et d\u00e9miurgique.\r","authors":["Pierre Fougeyrollas"],"category_codes":["9000000","9080000","9080200","9080204"],"visuals":{"large":"https:\/\/images.epagine.fr\/108\/9782296075108_1_75.jpg","medium":"https:\/\/images.epagine.fr\/108\/9782296075108_1_m.jpg","thumbnail":"https:\/\/images.epagine.fr\/108\/9782296075108_1_v.jpg"},"orderable":true,"show_badge":true,"formatted_price":"31,50&nbsp;\u20ac","formatted_published_date":"23 janvier 2009","publisher_availability_label":"Sur commande","short_details":"Pierre Fougeyrollas \u2014 \u00c9ditions L'Harmattan","translator":null,"weight":490,"page_count":null,"readership":null,"editor":"\u00c9ditions L'Harmattan","price":3150,"published_date":"2009-01-22T23:00:00.000000Z","support":"Grand format","publisher_availability":1,"stock":0,"editions":[],"url":"https:\/\/quaidesbrumes.com\/ouvrage\/9782296075108\/morts-et-resurrection-de-la-philosophie-libres-propos-sur-quelques-problemes-du-millenaire-nouveau"},{"id":"9782012767102","title":"Refutation des principes hasardes dans le traite des delits et peines (ed.1767)","description":"R\u00e9futation des principes hasard\u00e9s dans le Trait\u00e9 des d\u00e9lits et peines, traduit de l'italien, par M. Muyart de Vouglans, avocat au parlement. http:\/\/gallica.bnf.fr\/ark:\/12148\/bpt6k5601103b\r","authors":["Muyart De Vouglans"],"category_codes":["9000000","9080000"],"visuals":{"large":"https:\/\/images.epagine.fr\/102\/9782012767102_1_75.jpg","medium":"https:\/\/images.epagine.fr\/102\/9782012767102_1_m.jpg","thumbnail":"https:\/\/images.epagine.fr\/102\/9782012767102_1_v.jpg"},"orderable":true,"show_badge":true,"formatted_price":"16,50&nbsp;\u20ac","formatted_published_date":"1er mai 2012","publisher_availability_label":"Sur commande","short_details":"Muyart De Vouglans \u2014 Hachette BNF","translator":null,"weight":190,"page_count":null,"readership":null,"editor":"Hachette BNF","price":1650,"published_date":"2012-04-30T22:00:00.000000Z","support":"Grand format","publisher_availability":1,"stock":0,"editions":[],"url":"https:\/\/quaidesbrumes.com\/ouvrage\/9782012767102\/refutation-des-principes-hasardes-dans-le-traite-des-delits-et-peines-ed1767"},{"id":"9782012767119","title":"Refutation inedite de spinoza (ed.1854)","description":"R\u00e9futation in\u00e9dite de Spinoza \/ par Leibniz. pr\u00e9c\u00e9d\u00e9e d'un M\u00e9moire \/ par A. Foucher de Careil http:\/\/gallica.bnf.fr\/ark:\/12148\/bpt6k114921c\r","authors":["Leibniz G W."],"category_codes":["9000000","9080000"],"visuals":{"large":"https:\/\/images.epagine.fr\/119\/9782012767119_1_75.jpg","medium":"https:\/\/images.epagine.fr\/119\/9782012767119_1_m.jpg","thumbnail":"https:\/\/images.epagine.fr\/119\/9782012767119_1_v.jpg"},"orderable":true,"show_badge":true,"formatted_price":"19,00&nbsp;\u20ac","formatted_published_date":"1er juin 2012","publisher_availability_label":"Sur commande","short_details":"Leibniz G W. \u2014 Hachette BNF","translator":null,"weight":286,"page_count":null,"readership":null,"editor":"Hachette BNF","price":1900,"published_date":"2012-05-31T22:00:00.000000Z","support":"Grand format","publisher_availability":1,"stock":0,"editions":[],"url":"https:\/\/quaidesbrumes.com\/ouvrage\/9782012767119\/refutation-inedite-de-spinoza-ed1854"},{"id":"9782296047389","title":"Chroniques philosophiques ; Ath\u00e8nes 1944, Barb\u00e8s 1961","description":"Recherche pluridisciplinaire d\u00e9ployant des lieux et des liens entre anthropologie et philosophie, cet essai choisit des \u00e9v\u00e9nements de la guerre civile grecque qui suivit la Deuxi\u00e8me Guerre mondiale, afin de faire conna\u00eetre ce passage si m\u00e9connu de l'histoire de la Gr\u00e8ce contemporaine, \u00e0 travers enqu\u00eates et documents in\u00e9dits contextualisant cette lutte pour la libert\u00e9.\r","authors":["Stavroula Bellos"],"category_codes":["9000000","9080000","9080200","9080204"],"visuals":{"large":"https:\/\/images.epagine.fr\/389\/9782296047389_1_75.jpg","medium":"https:\/\/images.epagine.fr\/389\/9782296047389_1_m.jpg","thumbnail":"https:\/\/images.epagine.fr\/389\/9782296047389_1_v.jpg"},"orderable":true,"show_badge":true,"formatted_price":"24,50&nbsp;\u20ac","formatted_published_date":"16 janvier 2008","publisher_availability_label":"Sur commande","short_details":"Stavroula Bellos \u2014 \u00c9ditions L'Harmattan","translator":null,"weight":320,"page_count":236,"readership":null,"editor":"\u00c9ditions L'Harmattan","price":2450,"published_date":"2008-01-15T23:00:00.000000Z","support":"Grand format","publisher_availability":1,"stock":0,"editions":[],"url":"https:\/\/quaidesbrumes.com\/ouvrage\/9782296047389\/chroniques-philosophiques-athenes-1944-barbes-1961"},{"id":"9782296049666","title":"Comprendre les textes philosophiques ; concepts en contexte","description":"C'est par la singularit\u00e9 des textes que l'on peut se donner les moyens de mieux saisir la sp\u00e9cificit\u00e9 des concepts. C'est par un va-et-vient entre le concept et le texte que peut progresser l'analyse philosophique. Les concepts sont la chair des textes et les textes la chair des pens\u00e9es. En r\u00e9alit\u00e9, ils sont envelopp\u00e9s l'un dans l'autre.\r","authors":["Olivier Abiteboul"],"category_codes":["9000000","9080000","9080200","9080204"],"visuals":{"large":"https:\/\/images.epagine.fr\/666\/9782296049666_1_75.jpg","medium":"https:\/\/images.epagine.fr\/666\/9782296049666_1_m.jpg","thumbnail":"https:\/\/images.epagine.fr\/666\/9782296049666_1_v.jpg"},"orderable":true,"show_badge":true,"formatted_price":"14,00&nbsp;\u20ac","formatted_published_date":"28 janvier 2008","publisher_availability_label":"Sur commande","short_details":"Olivier Abiteboul \u2014 \u00c9ditions L'Harmattan","translator":null,"weight":150,"page_count":132,"readership":null,"editor":"\u00c9ditions L'Harmattan","price":1400,"published_date":"2008-01-27T23:00:00.000000Z","support":"Grand format","publisher_availability":1,"stock":0,"editions":[],"url":"https:\/\/quaidesbrumes.com\/ouvrage\/9782296049666\/comprendre-les-textes-philosophiques-concepts-en-contexte"},{"id":"9782249622052","title":"Erasme ; une intelligence au service de la paix","description":"Dans des pages destin\u00e9es \u00e0 un large public, voici l'\u00e9tonnante personnalit\u00e9 du philosophe de Rotterdam, \u00e9minent repr\u00e9sentant du mouvement humaniste chr\u00e9tien qui se d\u00e9veloppa \u00e0 la charni\u00e8re des XIVe et XVe si\u00e8cles. Alors que l'Europe est en feu, l'homme est curieux de tout et toujours pr\u00eat \u00e0 prendre la plume: intellectuel ouvert aux id\u00e9es nouvelles, moine qui souffre de voir son Eglise dans un \u00e9tat exigeant d'urgentes r\u00e9formes - L'Eloge de la folie lui permet, avec habilet\u00e9, de \"dire leur fait aux papes, pr\u00eatres, th\u00e9ologiens, moines, princes, et autres puissants...\" sans se d\u00e9voiler --- ; pacifiste qui se demande o\u00f9 s'arr\u00eateront les Turcs parvenus aux portes de Vienne ; philosophe qui croit aux valeurs de l'homme et de la libert\u00e9 ; Europ\u00e9ens qui, par ses voyages de Rotterdam \u00e0 Paris, de Londres \u00e0 Fribourg en passant par l'Italie, appelle la chr\u00e9tient\u00e9 d\u00e9chir\u00e9e \u00e0 la concorde... Surtout, le plus fondamental \u00e0 ses yeux est la r\u00e9flexion sur les rapports entre la raison et la foi : la libert\u00e9 humaine tient-elle une place dans l'acte de foi ? Et si oui, que devient la gr\u00e2ce de Dieu \"? Ses d\u00e9bats avec Luther vinrent enrichir une question de fond qui a tant marqu\u00e9 les th\u00e9ologiens et l'Eglise de saint Augustin au concile Vatican II, et qui r\u00e9appara\u00eet sans cesse aujourd'hui. Avec bonheur, l'auteur nous peint la richesse et les multiples facettes d'un homme \u00e9tonnament moderne.\r","authors":["Aim\u00e9 Richardt"],"category_codes":["9000000","9080000","9080200","9080204"],"visuals":{"large":"https:\/\/images.epagine.fr\/052\/9782249622052_1_75.jpg","medium":"https:\/\/images.epagine.fr\/052\/9782249622052_1_m.jpg","thumbnail":"https:\/\/images.epagine.fr\/052\/9782249622052_1_v.jpg"},"orderable":true,"show_badge":true,"formatted_price":"18,30&nbsp;\u20ac","formatted_published_date":"1er octobre 2010","publisher_availability_label":"Sur commande","short_details":"Aim\u00e9 Richardt \u2014 LETHIELLEUX","translator":null,"weight":374,"page_count":226,"readership":null,"editor":"LETHIELLEUX","price":1830,"published_date":"2010-09-30T22:00:00.000000Z","support":"Grand format","publisher_availability":1,"stock":0,"editions":[],"url":"https:\/\/quaidesbrumes.com\/ouvrage\/9782249622052\/erasme-une-intelligence-au-service-de-la-paix"},{"id":"9782019985981","title":"Nouveau trait\u00e9 de la civilit\u00e9 qui se pratique en France parmi les honnestes gens","description":"Nouveau trait\u00e9 de la civilit\u00e9 qui se pratique en France parmi les honnestes gens (par Ant. de Courtin)\r\nDate de l'\u00e9dition originale : 1695\r\nBnF-Partenariats, Livre Ancien - ProQuest - EEBAvec mode texte\r\n\r\nLe pr\u00e9sent ouvrage s'inscrit dans une politique de conservation patrimoniale des ouvrages de la litt\u00e9rature Fran\u00e7aise mise en place avec la BNF. \r\nHACHETTE LIVRE et la BNF proposent ainsi un catalogue de titres indisponibles, la BNF ayant num\u00e9ris\u00e9 ces oeuvres et HACHETTE LIVRE les imprimant \u00e0 la demande. \r\nCertains de ces ouvrages refl\u00e8tent des courants de pens\u00e9e caract\u00e9ristiques  de leur \u00e9poque, mais qui seraient aujourd'hui jug\u00e9s condamnables. \r\nIls n'en appartiennent pas moins \u00e0 l'histoire des id\u00e9es en France et sont susceptibles de pr\u00e9senter un int\u00e9r\u00eat scientifique ou historique. \r\nLe sens de notre d\u00e9marche \u00e9ditoriale consiste ainsi \u00e0 permettre l'acc\u00e8s \u00e0 ces oeuvres sans pour autant que nous en cautionnions en aucune fa\u00e7on le contenu. \r\nPour plus d'informations, rendez-vous sur www.hachettebnf.fr","authors":["Courtin Antoine"],"category_codes":["9000000","9080000"],"visuals":{"large":"https:\/\/images.epagine.fr\/981\/9782019985981_1_75.jpg","medium":"https:\/\/images.epagine.fr\/981\/9782019985981_1_m.jpg","thumbnail":"https:\/\/images.epagine.fr\/981\/9782019985981_1_v.jpg"},"orderable":true,"show_badge":true,"formatted_price":"23,00&nbsp;\u20ac","formatted_published_date":"1er mars 2018","publisher_availability_label":"Sur commande","short_details":"Courtin Antoine \u2014 Hachette BNF","translator":null,"weight":414,"page_count":302,"readership":null,"editor":"Hachette BNF","price":2300,"published_date":"2018-02-28T23:00:00.000000Z","support":"Grand format","publisher_availability":1,"stock":0,"editions":["9782329386799"],"url":"https:\/\/quaidesbrumes.com\/ouvrage\/9782019985981\/nouveau-traite-de-la-civilite-qui-se-pratique-en-france-parmi-les-honnestes-gens"},{"id":"9782296041967","title":"Pr\u00e9cis d'un cours \u00e9l\u00e9mentaire de philosophie","description":"Voici r\u00e9\u00e9dit\u00e9 un des plus fameux manuels de philosophie du XIXe si\u00e8cle, inspir\u00e9 par la doctrine \u00e9clectique de Victor Cousin. Charles B\u00e9nard (1807-1898) y d\u00e9finit la psychologie comme l'\u00e9tude des facult\u00e9s intellectuelles et morales de l'homme, la science du moi et des faits int\u00e9rieurs saisis par la conscience, et lui conf\u00e8re une ind\u00e9pendance fondatrice.\r","authors":["Charles Benard"],"category_codes":["9000000","9080000","9080200","9080204"],"visuals":{"large":"https:\/\/images.epagine.fr\/967\/9782296041967_1_75.jpg","medium":"https:\/\/images.epagine.fr\/967\/9782296041967_1_m.jpg","thumbnail":"https:\/\/images.epagine.fr\/967\/9782296041967_1_v.jpg"},"orderable":true,"show_badge":true,"formatted_price":"38,00&nbsp;\u20ac","formatted_published_date":"12 novembre 2007","publisher_availability_label":"Sur commande","short_details":"Charles Benard \u2014 \u00c9ditions L'Harmattan","translator":null,"weight":500,"page_count":442,"readership":null,"editor":"\u00c9ditions L'Harmattan","price":3800,"published_date":"2007-11-11T23:00:00.000000Z","support":"Grand format","publisher_availability":1,"stock":0,"editions":[],"url":"https:\/\/quaidesbrumes.com\/ouvrage\/9782296041967\/precis-dun-cours-elementaire-de-philosophie"},{"id":"9782312017594","title":"L'arbre du Tractatus","description":"Le Tractatus, le seule livre que Wittgenstein a voulu publier, est, proprement parlant, un roman \u00e0 cl\u00e9. Wittgenstein a conclu son parcours d'ing\u00e9nierie en enregistrant, \u00e0 l'\u00e2ge de 22 ans, le brevet d'un turbopropulseur qui \u00e9tait compos\u00e9 d'une seule pi\u00e8ce. Sept ans apr\u00e8s, au contraire, il nous a consign\u00e9 une oeuvre de philosophie compos\u00e9e de 526 pi\u00e8ces, plus les instructions pour les mettre ensemble par nous-m\u00eames, en un parfait jeux de montage. Malheureusement, nous nous sommes obstin\u00e9s \u00e0 lire l'inventaire de magazine, en ordre alphab\u00e9tique de code, sans \u00e9chafauder ni pouvoir observer la machine r\u00e9ellement marchante. Le livre de Bazzocchi r\u00e9v\u00e8le les surprenants m\u00e9canismes de chaque partie de l'invention wittgensteinienne, avec l'histoire aventureuse de sa distillation dans le pr\u00e9somptif labyrinthe du cahier de projections. Aujourd'hui, nous pouvons jouir d'une oeuvre philosophique finalement claire et clairvoyante, sans l'embaras des vieilles discussions bas\u00e9es sur le \"faux\" livre. Dans le vrai livre, il y a beaucoup d'allusions encore \u00e0 d\u00e9couvrir, outre les suggestions, les jeux de mots et les \u00ab tableaux vivants \u00bb ici montr\u00e9s. Mais si une oeuvre de philosophie a pour but de \u00ab dissoudre les probl\u00e8mes \u00bb, ce pamphlet de Bazzocchi est un v\u00e9ritable prototype de philosophie herm\u00e9neutique.\r","authors":["Luciano Bazzochi"],"category_codes":["9000000","9080000","9080200","9080204"],"visuals":{"large":"https:\/\/images.epagine.fr\/594\/9782312017594_1_75.jpg","medium":"https:\/\/images.epagine.fr\/594\/9782312017594_1_m.jpg","thumbnail":"https:\/\/images.epagine.fr\/594\/9782312017594_1_v.jpg"},"orderable":true,"show_badge":true,"formatted_price":"23,00&nbsp;\u20ac","formatted_published_date":"17 d\u00e9cembre 2013","publisher_availability_label":"Sur commande","short_details":"Luciano Bazzochi \u2014 Editions du Net","translator":null,"weight":392,"page_count":218,"readership":null,"editor":"Editions du Net","price":2300,"published_date":"2013-12-16T23:00:00.000000Z","support":"Grand format","publisher_availability":1,"stock":0,"editions":[],"url":"https:\/\/quaidesbrumes.com\/ouvrage\/9782312017594\/larbre-du-tractatus"},{"id":"9782329595399","title":"Trait\u00e9 de la connoissance des animaux : o\u00f9 tout ce qui a est\u00e9 dict pour et contre le raisonnement des bestes","description":"Trait\u00e9 de la connoissance des animaux, o\u00f9 tout ce qui a est\u00e9 dict pour et contre le raisonnement des bestes est examin\u00e9 par le sieur (M. Cureau) de La Chambre,...\r\nDate de l'\u00e9dition originale : 1662\r\nLe pr\u00e9sent ouvrage s'inscrit dans une politique de conservation patrimoniale des ouvrages de la litt\u00e9rature Fran\u00e7aise mise en place avec la BNF. \r\nHACHETTE LIVRE et la BNF proposent ainsi un catalogue de titres indisponibles, la BNF ayant num\u00e9ris\u00e9 ces oeuvres et HACHETTE LIVRE les imprimant \u00e0 la demande. \r\nCertains de ces ouvrages refl\u00e8tent des courants de pens\u00e9e caract\u00e9ristiques de leur \u00e9poque, mais qui seraient aujourd'hui jug\u00e9s condamnables. \r\nIls n'en appartiennent pas moins \u00e0 l'histoire des id\u00e9es en France et sont susceptibles de pr\u00e9senter un int\u00e9r\u00eat scientifique ou historique. \r\nLe sens de notre d\u00e9marche \u00e9ditoriale consiste ainsi \u00e0 permettre l'acc\u00e8s \u00e0 ces oeuvres sans pour autant que nous en cautionnions en aucune fa\u00e7on le contenu. \r\nPour plus d'informations, rendez-vous sur www.hachettebnf.fr","authors":["Marin Cureau De La Chambre"],"category_codes":["9000000","9080000"],"visuals":{"large":"https:\/\/quaidesbrumes.com\/img\/book-placeholder.png","medium":"https:\/\/quaidesbrumes.com\/img\/book-placeholder.png","thumbnail":"https:\/\/quaidesbrumes.com\/img\/book-placeholder.png"},"orderable":true,"show_badge":true,"formatted_price":"28,00&nbsp;\u20ac","formatted_published_date":"1er mars 2021","publisher_availability_label":"Sur commande","short_details":"Marin Cureau De La Chambre \u2014 Hachette BNF","translator":null,"weight":611,"page_count":436,"readership":null,"editor":"Hachette BNF","price":2800,"published_date":"2021-02-28T23:00:00.000000Z","support":"Grand format","publisher_availability":1,"stock":0,"editions":[],"url":"https:\/\/quaidesbrumes.com\/ouvrage\/9782329595399\/traite-de-la-connoissance-des-animaux-ou-tout-ce-qui-a-este-dict-pour-et-contre-le-raisonnement-des-bestes"},{"id":"9782849413319","title":"Comment va Marianne ? conte philosophique et r\u00e9publicain","description":"Marianne est malade. Elle se repose \u00e0 La Fontaine, un village de montagne situ\u00e9 dans les Hautes Alpes. Elle s'interroge sur la cause de son mal-\u00eatre. Son \u00e9tat refl\u00e8terait-il celui de la R\u00e9publique ? Encore faible, elle convoque ses \u00e9missaires, des animaux, et leur demande de parcourir le pays pour sonder ses habitants. De retour \u00e0 La Fontaine, ils lui font le r\u00e9cit de leur voyage. Ils sont bient\u00f4t rejoints par les chats philosophes, d'anciens philosophes r\u00e9incarn\u00e9s en chats. Tous pr\u00e9parent le festin v\u00e9g\u00e9tarien du 14 juillet. Ils y chanteront une autre version de la Marseillaise, o\u00f9 l'appel \u00e0 la guerre et \u00e0 la vengeance sera remplac\u00e9 par des paroles correspondant davantage \u00e0 ce que les citoyens attendent.\r","authors":["Corinne Pelluchon"],"category_codes":["9000000","9080000","9080200","9080204"],"visuals":{"large":"https:\/\/images.epagine.fr\/319\/9782849413319_1_75.jpg","medium":"https:\/\/images.epagine.fr\/319\/9782849413319_1_m.jpg","thumbnail":"https:\/\/images.epagine.fr\/319\/9782849413319_1_v.jpg"},"orderable":true,"show_badge":true,"formatted_price":"19,00&nbsp;\u20ac","formatted_published_date":"31 mai 2012","publisher_availability_label":"Sur commande","short_details":"Corinne Pelluchon \u2014 \u00c9ditions Les P\u00e9r\u00e9grines","translator":null,"weight":375,"page_count":272,"readership":null,"editor":"\u00c9ditions Les P\u00e9r\u00e9grines","price":1900,"published_date":"2012-05-30T22:00:00.000000Z","support":"Grand format","publisher_availability":1,"stock":0,"editions":[],"url":"https:\/\/quaidesbrumes.com\/ouvrage\/9782849413319\/comment-va-marianne-conte-philosophique-et-republicain"},{"id":"9782016191040","title":"Lettre d'un ecolier de philosophie a monsieur j. j. rousseau","description":"Lettre d'un \u00e9colier de philosophie a monsieur J. J. Rousseau , citoyen de Gen\u00eave & habitant de Montmorency. En r\u00e9ponse \u00e0 sa lettre \u00e0 M. d'Alembert sur les spectacles Date de l'\u00e9dition originale : 1759 Ce livre est la reproduction fid\u00e8le d'une oeuvre publi\u00e9e avant 1920 et fait partie d'une collection de livres r\u00e9imprim\u00e9s \u00e0 la demande \u00e9dit\u00e9e par Hachette Livre, dans le cadre d'un partenariat avec la Biblioth\u00e8que nationale de France, offrant l'opportunit\u00e9 d'acc\u00e9der \u00e0 des ouvrages anciens et souvent rares issus des fonds patrimoniaux de la BnF.\r\nLes oeuvres faisant partie de cette collection ont \u00e9t\u00e9 num\u00e9ris\u00e9es par la BnF et sont pr\u00e9sentes sur Gallica, sa biblioth\u00e8que num\u00e9rique.\r\n\r\nEn entreprenant de redonner vie \u00e0 ces ouvrages au travers d'une collection de livres r\u00e9imprim\u00e9s \u00e0 la demande, nous leur donnons la possibilit\u00e9 de rencontrer un public \u00e9largi et participons \u00e0 la transmission de connaissances et de savoirs parfois difficilement accessibles.\r\nNous avons cherch\u00e9 \u00e0 concilier la reproduction fid\u00e8le d'un livre ancien \u00e0 partir de sa version num\u00e9ris\u00e9e avec le souci d'un confort de lecture optimal. Nous esp\u00e9rons que les ouvrages de cette nouvelle collection vous apporteront enti\u00e8re satisfaction.\r\n\r\nPour plus d'informations, rendez-vous sur www.hachettebnf.fr\r","authors":["Villaret Claude"],"category_codes":["9000000","9080000","9080600"],"visuals":{"large":"https:\/\/images.epagine.fr\/040\/9782016191040_1_75.jpg","medium":"https:\/\/images.epagine.fr\/040\/9782016191040_1_m.jpg","thumbnail":"https:\/\/images.epagine.fr\/040\/9782016191040_1_v.jpg"},"orderable":true,"show_badge":true,"formatted_price":"13,90&nbsp;\u20ac","formatted_published_date":"1er d\u00e9cembre 2016","publisher_availability_label":"Sur commande","short_details":"Villaret Claude \u2014 Hachette BNF","translator":null,"weight":135,"page_count":null,"readership":null,"editor":"Hachette BNF","price":1390,"published_date":"2016-11-30T23:00:00.000000Z","support":"Grand format","publisher_availability":1,"stock":0,"editions":[],"url":"https:\/\/quaidesbrumes.com\/ouvrage\/9782016191040\/lettre-dun-ecolier-de-philosophie-a-monsieur-j-j-rousseau"}]}