{"data":[{"id":"9782329460642","title":"Pens\u00e9es diverses sur l'homme","description":"Pens\u00e9es diverses sur l'homme\r\nDate de l'\u00e9dition originale : 1738\r\nLe pr\u00e9sent ouvrage s'inscrit dans une politique de conservation patrimoniale des ouvrages de la litt\u00e9rature Fran\u00e7aise mise en place avec la BNF. \r\nHACHETTE LIVRE et la BNF proposent ainsi un catalogue de titres indisponibles, la BNF ayant num\u00e9ris\u00e9 ces oeuvres et HACHETTE LIVRE les imprimant \u00e0 la demande. \r\nCertains de ces ouvrages refl\u00e8tent des courants de pens\u00e9e caract\u00e9ristiques de leur \u00e9poque, mais qui seraient aujourd'hui jug\u00e9s condamnables. \r\nIls n'en appartiennent pas moins \u00e0 l'histoire des id\u00e9es en France et sont susceptibles de pr\u00e9senter un int\u00e9r\u00eat scientifique ou historique. \r\nLe sens de notre d\u00e9marche \u00e9ditoriale consiste ainsi \u00e0 permettre l'acc\u00e8s \u00e0 ces oeuvres sans pour autant que nous en cautionnions en aucune fa\u00e7on le contenu. \r\nPour plus d'informations, rendez-vous sur www.hachettebnf.fr","authors":["Antoine Pecquet"],"category_codes":["9000000","9080000"],"visuals":{"large":"https:\/\/quaidesbrumes.com\/img\/book-placeholder.png","medium":"https:\/\/quaidesbrumes.com\/img\/book-placeholder.png","thumbnail":"https:\/\/quaidesbrumes.com\/img\/book-placeholder.png"},"orderable":true,"show_badge":true,"formatted_price":"24,50&nbsp;\u20ac","formatted_published_date":"1er septembre 2020","publisher_availability_label":"Sur commande","short_details":"Antoine Pecquet \u2014 Hachette BNF","translator":null,"weight":481,"page_count":356,"readership":null,"editor":"Hachette BNF","price":2450,"published_date":"2020-08-31T22:00:00.000000Z","support":"Grand format","publisher_availability":1,"stock":0,"editions":[],"url":"https:\/\/quaidesbrumes.com\/ouvrage\/9782329460642\/pensees-diverses-sur-lhomme"},{"id":"9782329459165","title":"La beste transform\u00e9e en machine, dissertations prononc\u00e9es \u00e0 Amsterdam","description":"La beste transform\u00e9e en machine : divis\u00e9e en deux dissertations prononc\u00e9es \u00e0 Amsterdam \/ par J. Darmanson...\r\nDate de l'\u00e9dition originale : 1684\r\nLe pr\u00e9sent ouvrage s'inscrit dans une politique de conservation patrimoniale des ouvrages de la litt\u00e9rature Fran\u00e7aise mise en place avec la BNF. \r\nHACHETTE LIVRE et la BNF proposent ainsi un catalogue de titres indisponibles, la BNF ayant num\u00e9ris\u00e9 ces oeuvres et HACHETTE LIVRE les imprimant \u00e0 la demande. \r\nCertains de ces ouvrages refl\u00e8tent des courants de pens\u00e9e caract\u00e9ristiques de leur \u00e9poque, mais qui seraient aujourd'hui jug\u00e9s condamnables. \r\nIls n'en appartiennent pas moins \u00e0 l'histoire des id\u00e9es en France et sont susceptibles de pr\u00e9senter un int\u00e9r\u00eat scientifique ou historique. \r\nLe sens de notre d\u00e9marche \u00e9ditoriale consiste ainsi \u00e0 permettre l'acc\u00e8s \u00e0 ces oeuvres sans pour autant que nous en cautionnions en aucune fa\u00e7on le contenu. \r\nPour plus d'informations, rendez-vous sur www.hachettebnf.fr","authors":["Jean Darmanson"],"category_codes":["9000000","9080000","9080600"],"visuals":{"large":"https:\/\/quaidesbrumes.com\/img\/book-placeholder.png","medium":"https:\/\/quaidesbrumes.com\/img\/book-placeholder.png","thumbnail":"https:\/\/quaidesbrumes.com\/img\/book-placeholder.png"},"orderable":true,"show_badge":true,"formatted_price":"16,00&nbsp;\u20ac","formatted_published_date":"1er septembre 2020","publisher_availability_label":"Sur commande","short_details":"Jean Darmanson \u2014 Hachette BNF","translator":null,"weight":162,"page_count":118,"readership":null,"editor":"Hachette BNF","price":1600,"published_date":"2020-08-31T22:00:00.000000Z","support":"Grand format","publisher_availability":1,"stock":0,"editions":[],"url":"https:\/\/quaidesbrumes.com\/ouvrage\/9782329459165\/la-beste-transformee-en-machine-dissertations-prononcees-a-amsterdam"},{"id":"9782012523371","title":"Apologie de Socrate (3e \u00e9dition revue, corrig\u00e9e et augment\u00e9e) (\u00c9d.1896)","description":"Apologie de Socrate (3e \u00e9dition revue, corrig\u00e9e et augment\u00e9e) \/ Platon ; texte grec publi\u00e9 avec notice et notes par M. l'abb\u00e9 Maunoury. Date de l'\u00e9dition originale : 1896[Apologie de Socrate (grec ancien). 1896]. Le pr\u00e9sent ouvrage s'inscrit dans une politique de conservation patrimoniale des ouvrages de la litt\u00e9rature Fran\u00e7aise mise en place avec la BNF. HACHETTE LIVRE et la BNF proposent ainsi un catalogue de titres indisponibles, la BNF ayant num\u00e9ris\u00e9 ces oeuvres et HACHETTE LIVRE les imprimant \u00e0 la demande. Certains de ces ouvrages refl\u00e8tent des courants de pens\u00e9e caract\u00e9ristiques de leur \u00e9poque, mais qui seraient aujourd'hui jug\u00e9s condamnables. Ils n'en appartiennent pas moins \u00e0 l'histoire des id\u00e9es en France et sont susceptibles de pr\u00e9senter un int\u00e9r\u00eat scientifique ou historique. Le sens de notre d\u00e9marche \u00e9ditoriale consiste ainsi \u00e0 permettre l'acc\u00e8s \u00e0 ces oeuvres sans pour autant que nous en cautionnions en aucune fa\u00e7on le contenu.\r\nPour plus d'informations, rendez-vous sur www.hachettebnf.fr","authors":["Platon"],"category_codes":["9000000","9080000"],"visuals":{"large":"https:\/\/images.epagine.fr\/371\/9782012523371_1_75.jpg","medium":"https:\/\/images.epagine.fr\/371\/9782012523371_1_m.jpg","thumbnail":"https:\/\/images.epagine.fr\/371\/9782012523371_1_v.jpg"},"orderable":true,"show_badge":true,"formatted_price":"16,00&nbsp;\u20ac","formatted_published_date":"1er avril 2012","publisher_availability_label":"Sur commande","short_details":"Platon \u2014 Hachette BNF","translator":null,"weight":165,"page_count":106,"readership":null,"editor":"Hachette BNF","price":1600,"published_date":"2012-03-31T22:00:00.000000Z","support":"Grand format","publisher_availability":1,"stock":0,"editions":[],"url":"https:\/\/quaidesbrumes.com\/ouvrage\/9782012523371\/apologie-de-socrate-3e-edition-revue-corrigee-et-augmentee-ed1896"},{"id":"9782705669683","title":"Les penseurs allemands et autrichiens \u00e0 l'\u00e9preuve de l'exil","description":"Les exil\u00e9s qui fuirent le national-socialisme ont essay\u00e9 tant bien que mal de prendre pied dans les terres d'asile qui les ont accueillis. S'ils ont au d\u00e9but succomb\u00e9 \u00e0 l'illusion que le national-socialisme pourrait \u00eatre vaincu par l'action concert\u00e9e des forces d\u00e9mocratiques et s'ils ont majoritairement donn\u00e9 leur soutien aux strat\u00e9gies de front populaire, il leur est apparu bien vite que le r\u00e9gime se r\u00e9v\u00e9lait \u00eatre plus solide qu'ils ne l'imaginaient et que l'id\u00e9e d'un retour imminent ou \u00e0 moyen terme dans leur patrie n'\u00e9tait plus \u00e0 l'ordre du jour. M\u00eame si leur regard \u00e9tait toujours tourn\u00e9 vers l'Allemagne, ils avaient pour la plupart pris conscience du fait que leur s\u00e9jour en France, en Grande-Bretagne, en Tch\u00e9coslovaquie, aux \u00c9tats-Unis, en Am\u00e9rique du Sud, en Palestine, \u00e0 Shanghai, allait durer bien longtemps et qu'ils devaient tenter de s'acclimater parmi les peuples qui leur offraient aide et protection. On est pass\u00e9 ainsi imperceptiblement d'un regard encore distanci\u00e9 par rapport \u00e0 la culture de l'autre \u00e0 une tentative d'appropriation de cette culture dans tous ses aspects, m\u00eame s'il n'\u00e9tait pas question non plus pour la majorit\u00e9 des exil\u00e9s de passer par profits et pertes les apports de la germanit\u00e9 \u00e0 la civilisation occidentale. Ce balancement entre simple transfert sans adh\u00e9sion profonde et appropriation sans renoncement \u00e0 la culture d'origine peut \u00eatre observ\u00e9 dans tous les domaines de la culture : la litt\u00e9rature, les sciences sociales, la philosophie, l'\u00e9conomie, l'histoire, l'histoire de l'art, etc. et fait l'objet des dix-huit contributions de ce volume. C'est surtout en effet dans le domaine de l'histoire des id\u00e9es que la greffe a le mieux pris. Les exemples sont nombreux de Hannah Arendt \u00e0 Siegfried Kracauer, de Norbert Elias \u00e0 Gunther Anders, sans oublier Erwin Panofsky ou Ludwig von Mises et d'autres penseurs moins connus comme Alfred Sohn-Rethel ou Emil Fackenheim.\r\n\r\nLes auteurs de ce volume se sont appliqu\u00e9s \u00e0 mettre au jour les chasses-crois\u00e9s, les transferts, les influences r\u00e9ciproques entre pays d'origine et terre d'asile (qui fut pour la plupart le lieu d\u00e9finitif de leur installation). L'appropriation de la culture de l'autre en faisant le moins de concessions possibles : telles sont les bornes extr\u00eames du champ de recherche que nous avons souhait\u00e9 baliser.","authors":["Collectif"],"category_codes":["9000000","9080000","9080200","9080204"],"visuals":{"large":"https:\/\/images.epagine.fr\/683\/9782705669683_1_75.jpg","medium":"https:\/\/images.epagine.fr\/683\/9782705669683_1_m.jpg","thumbnail":"https:\/\/images.epagine.fr\/683\/9782705669683_1_v.jpg"},"orderable":true,"show_badge":true,"formatted_price":"58,00&nbsp;\u20ac","formatted_published_date":"19 juin 2010","publisher_availability_label":"Sur commande","short_details":"Collectif \u2014 Hermann","translator":null,"weight":594,"page_count":500,"readership":null,"editor":"Hermann","price":5800,"published_date":"2010-06-18T22:00:00.000000Z","support":"Grand format","publisher_availability":1,"stock":0,"editions":[],"url":"https:\/\/quaidesbrumes.com\/ouvrage\/9782705669683\/les-penseurs-allemands-et-autrichiens-a-lepreuve-de-lexil"},{"id":"9782849412244","title":"Nous animaux et humains","description":"Quelque chose a bascul\u00e9 dans le rapport que nous entretenons avec les animaux. m\u00eame celui qui n'est pas v\u00e9g\u00e9tarien, qui ne se reconna\u00eet pas dans l'activisme pour la reconnaissance du droits des animaux, hume dans l'air du temps un dr\u00f4le de changement. nous avons franchi le rubicon qui s\u00e9parait l'esp\u00e8ce humaine et l'esp\u00e8ce animale et permettait \u00e0 l'une de se d\u00e9finir au miroir de l'autre. le premier \u00e0 l'avoir compris fut le philosophe J\u00e9r\u00e9my Bentham. D\u00e8s 1789, dans son introduction aux principes de morale et de l\u00e9gislation, le fondateur de la doctrine utilitariste, consacrait un paragraphe devenu c\u00e9l\u00e8bre \u00e0 l'ill\u00e9gitimit\u00e9 des cruaut\u00e9s impos\u00e9es aux esp\u00e8ces animales. mais il fut aussi le premier \u00e0 mettre en lumi\u00e8re les limites de l'extension aux animaux des droits constitutifs de l'humanit\u00e9. De quel droit tracer entre nous et les autres animaux une \u00ab ligne infranchissable \u00bb ? Comment se fait-il que nous y parvenions de moins en moins ? pourquoi le coeur nous porte-t-il vers tous les autres \u00eatres sensibles quand les raisonnements nous en s\u00e9parent ? pourquoi, inversement, les raisonnements qui nous en rapprochent ne parviennent-ils jamais \u00e0 emporter tout \u00e0 fait notre adh\u00e9sion, \u00e0 vaincre notre sentiment que ce que nous infligeons de douloureux \u00e0 d'autres animaux ne vaut jamais vraiment ce que nous infligeons d'injuste \u00e0 d'autres hommes ? Ces questions sur notre conception morale de l'animalit\u00e9 font toute l'actualit\u00e9 de Bentham aujourd'hui.\r","authors":["Tristan Garcia"],"category_codes":["9000000","9080000","9080200","9080204"],"visuals":{"large":"https:\/\/images.epagine.fr\/244\/9782849412244_1_75.jpg","medium":"https:\/\/images.epagine.fr\/244\/9782849412244_1_m.jpg","thumbnail":"https:\/\/images.epagine.fr\/244\/9782849412244_1_v.jpg"},"orderable":true,"show_badge":true,"formatted_price":"21,00&nbsp;\u20ac","formatted_published_date":"3 mars 2011","publisher_availability_label":"Sur commande","short_details":"Tristan Garcia \u2014 \u00c9ditions Les P\u00e9r\u00e9grines","translator":null,"weight":254,"page_count":203,"readership":null,"editor":"\u00c9ditions Les P\u00e9r\u00e9grines","price":2100,"published_date":"2011-03-02T23:00:00.000000Z","support":"Grand format","publisher_availability":1,"stock":0,"editions":[],"url":"https:\/\/quaidesbrumes.com\/ouvrage\/9782849412244\/nous-animaux-et-humains"},{"id":"9782012352810","title":"Regards sur l'\u00e9thique des sciences","description":"Depuis la Seconde Guerre mondiale, la n\u00e9cessit\u00e9 est apparue d'une r\u00e9flexion collective sur l'\u00e9thique des sciences. \r\nEn 1955, le manifeste Russell-Einstein donna naissance au mouvement Pugwash, dont les \"Conf\u00e9rences sur la science et les affaires mondiales \" ont voulu \u00eatre \"la conscience morale des scientifiques\". Elles ont constitu\u00e9 un forum r\u00e9gulier, tol\u00e9rant, ouvert aux savants et aux citoyens concern\u00e9s, et contribu\u00e9 \u00e0 \u00e9carter le spectre de l'apocalypse nucl\u00e9aire. Elles ont bien m\u00e9rit\u00e9 leur prix Nobel de la paix (1995). \r\nDe nos jours, l'\u00e9thique des sciences, c'est d'abord la bio\u00e9thique. Les progr\u00e8s de la m\u00e9decine et de la biologie offrent une capacit\u00e9 croissante de manipulation du vivant. Le corps peut \u00eatre d\u00e9membr\u00e9, trait\u00e9 comme un mat\u00e9riau. Le g\u00e9nie g\u00e9n\u00e9tique se r\u00e9v\u00e8le capable de fabriquer du vivant, quasiment \u00e0 fa\u00e7on. Aucune barri\u00e8re technique ne prot\u00e8ge plus l'intimit\u00e9 du corps et la dignit\u00e9 de la personne humaine. Il est devenu urgent de ma\u00eetriser le savoir en \u00e9difiant des bornes juridiques ou \u00e9thiques. \r\nD'autres pr\u00e9occupations sous-tendent le mouvement \u00e9thique dans les sciences, qui concernent la d\u00e9ontologie du chercheur. Des cas d'inconduite pendables (fraude, plagiat) ont donn\u00e9 l'alarme quant \u00e0 la possible d\u00e9t\u00e9rioration des normes de la profession. Ils ont aussi attir\u00e9 l'attention sur des \"pratiques douteuses \". \r\nComme la plupart des grands pays, la France a mis en place divers comit\u00e9s d'\u00e9thique. \r\nQuel doit \u00eatre leur r\u00f4le aujourd'hui ? Plus concr\u00e8tement, comment d\u00e9finir une voie moyenne et raisonnable, entre deux \u00e9cueils : le danger d'en faire trop (d\u00e9rive \"\u00e9thiquement correcte\") et le risque de n'en faire pas assez (comit\u00e9 alibi, d\u00e9coratif) ? \r\nSur ce sujet important, G\u00e9rard Toulouse a \u00e9crit un livre riche de r\u00e9flexion et d'anecdotes, plein d'humour, qui donne un aper\u00e7u tr\u00e8s vivant de la recherche. Il s'appuie aussi sur des documents essentiels. \r\n\r\nG\u00e9rard Toulouse, physicien, directeur de recherche \u00e0 l'ENS-Ulm, fut parmi les premiers membres du Comit\u00e9 d'\u00e9thique pour les sciences (CNRS), cr\u00e9\u00e9 en 1994. Ses th\u00e8mes de recherche ont \u00e9t\u00e9 vari\u00e9s, depuis la physique de la mati\u00e8re condens\u00e9e jusqu'aux \u00e9tudes du cerveau et de la cognition, et ses travaux lui ont valu une notori\u00e9t\u00e9 internationale.","authors":["Gerard Toulouse"],"category_codes":["9000000","9120000","9120200"],"visuals":{"large":"https:\/\/images.epagine.fr\/810\/9782012352810_1_75.jpg","medium":"https:\/\/images.epagine.fr\/810\/9782012352810_1_m.jpg","thumbnail":"https:\/\/images.epagine.fr\/810\/9782012352810_1_v.jpg"},"orderable":true,"show_badge":true,"formatted_price":"26,30&nbsp;\u20ac","formatted_published_date":"1er avril 1998","publisher_availability_label":"Sur commande","short_details":"Gerard Toulouse \u2014 Hachette Litteratures","translator":null,"weight":275,"page_count":240,"readership":null,"editor":"Hachette Litteratures","price":2630,"published_date":"1998-03-31T22:00:00.000000Z","support":"Grand format","publisher_availability":1,"stock":0,"editions":[],"url":"https:\/\/quaidesbrumes.com\/ouvrage\/9782012352810\/regards-sur-lethique-des-sciences"},{"id":"9782213600802","title":"Traite de la liberte de conscience, 1687 - ou de l'autorite des souverains sur la religion des peupl","description":null,"authors":["Verse Aubert"],"category_codes":["9000000","9080000"],"visuals":{"large":"https:\/\/quaidesbrumes.com\/img\/book-placeholder.png","medium":"https:\/\/quaidesbrumes.com\/img\/book-placeholder.png","thumbnail":"https:\/\/quaidesbrumes.com\/img\/book-placeholder.png"},"orderable":true,"show_badge":true,"formatted_price":"24,90&nbsp;\u20ac","formatted_published_date":"15 avril 1998","publisher_availability_label":"Sur commande","short_details":"Verse Aubert \u2014 Fayard","translator":null,"weight":345,"page_count":null,"readership":null,"editor":"Fayard","price":2490,"published_date":"1998-04-14T22:00:00.000000Z","support":"Grand format","publisher_availability":1,"stock":0,"editions":[],"url":"https:\/\/quaidesbrumes.com\/ouvrage\/9782213600802\/traite-de-la-liberte-de-conscience-1687-ou-de-lautorite-des-souverains-sur-la-religion-des-peupl"},{"id":"9782296049260","title":"Herm\u00e9neutique et sciences de gestion","description":"Cet ouvrage propose une r\u00e9flexion \u00e9pist\u00e9mologique novatrice dans le domaine des sciences de gestion. Il s'\u00e9loigne de l'\u00e9ternelle opposition entre subjectivisme et objectivisme en d\u00e9veloppant une approche herm\u00e9neutique de la discipline, soucieuse de respecter l'humanit\u00e9 de la personne, la relativit\u00e9 de la v\u00e9rit\u00e9 et la primaut\u00e9 du sens.\r","authors":["Baptiste Rappin"],"category_codes":["9000000","9080000","9080200","9080204"],"visuals":{"large":"https:\/\/images.epagine.fr\/260\/9782296049260_1_75.jpg","medium":"https:\/\/images.epagine.fr\/260\/9782296049260_1_m.jpg","thumbnail":"https:\/\/images.epagine.fr\/260\/9782296049260_1_v.jpg"},"orderable":true,"show_badge":true,"formatted_price":"23,00&nbsp;\u20ac","formatted_published_date":"28 janvier 2008","publisher_availability_label":"Sur commande","short_details":"Baptiste Rappin \u2014 \u00c9ditions L'Harmattan","translator":null,"weight":290,"page_count":230,"readership":null,"editor":"\u00c9ditions L'Harmattan","price":2300,"published_date":"2008-01-27T23:00:00.000000Z","support":"Grand format","publisher_availability":1,"stock":0,"editions":[],"url":"https:\/\/quaidesbrumes.com\/ouvrage\/9782296049260\/hermeneutique-et-sciences-de-gestion"},{"id":"9782847550931","title":"Lettres d amour a aimee d alton","description":null,"authors":["Alfred de Musset"],"category_codes":[],"visuals":{"large":"https:\/\/quaidesbrumes.com\/img\/book-placeholder.png","medium":"https:\/\/quaidesbrumes.com\/img\/book-placeholder.png","thumbnail":"https:\/\/quaidesbrumes.com\/img\/book-placeholder.png"},"orderable":true,"show_badge":true,"formatted_price":"10,50&nbsp;\u20ac","formatted_published_date":"15 f\u00e9vrier 2010","publisher_availability_label":"Sur commande","short_details":"Alfred de Musset \u2014 De Saint Mont","translator":null,"weight":100,"page_count":null,"readership":null,"editor":"De Saint Mont","price":1050,"published_date":"2010-02-14T23:00:00.000000Z","support":"Grand format","publisher_availability":1,"stock":0,"editions":["9791041926497"],"url":"https:\/\/quaidesbrumes.com\/ouvrage\/9782847550931\/lettres-d-amour-a-aimee-d-alton"},{"id":"9782013657686","title":"Memoires d'un cadet de famille. tome 1","description":"M\u00e9moires d'un cadet de famille. Tome 1 \/ , par Trelawney,... Traduit par Floran...\r\nDate de l'\u00e9dition originale : 1833 Ce livre est la reproduction fid\u00e8le d'une oeuvre publi\u00e9e avant 1920 et fait partie d'une collection de livres r\u00e9imprim\u00e9s \u00e0 la demande \u00e9dit\u00e9e par Hachette Livre, dans le cadre d'un partenariat avec la Biblioth\u00e8que nationale de France, offrant l'opportunit\u00e9 d'acc\u00e9der \u00e0 des ouvrages anciens et souvent rares issus des fonds patrimoniaux de la BnF.\r\nLes oeuvres faisant partie de cette collection ont \u00e9t\u00e9 num\u00e9ris\u00e9es par la BnF et sont pr\u00e9sentes sur Gallica, sa biblioth\u00e8que num\u00e9rique.\r\n\r\nEn entreprenant de redonner vie \u00e0 ces ouvrages au travers d'une collection de livres r\u00e9imprim\u00e9s \u00e0 la demande, nous leur donnons la possibilit\u00e9 de rencontrer un public \u00e9largi et participons \u00e0 la transmission de connaissances et de savoirs parfois difficilement accessibles.\r\nNous avons cherch\u00e9 \u00e0 concilier la reproduction fid\u00e8le d'un livre ancien \u00e0 partir de sa version num\u00e9ris\u00e9e avec le souci d'un confort de lecture optimal. Nous esp\u00e9rons que les ouvrages de cette nouvelle collection vous apporteront enti\u00e8re satisfaction.\r\n\r\nPour plus d'informations, rendez-vous sur www.hachettebnf.fr http:\/\/gallica.bnf.fr\/ark:\/12148\/bpt6k5746280c\r","authors":["Trelawny-E"],"category_codes":["9000000","9080000"],"visuals":{"large":"https:\/\/images.epagine.fr\/686\/9782013657686_1_75.jpg","medium":"https:\/\/images.epagine.fr\/686\/9782013657686_1_m.jpg","thumbnail":"https:\/\/images.epagine.fr\/686\/9782013657686_1_v.jpg"},"orderable":true,"show_badge":true,"formatted_price":"28,50&nbsp;\u20ac","formatted_published_date":"1er janvier 2013","publisher_availability_label":"Sur commande","short_details":"Trelawny-E \u2014 Hachette BNF","translator":null,"weight":622,"page_count":null,"readership":null,"editor":"Hachette BNF","price":2850,"published_date":"2012-12-31T23:00:00.000000Z","support":"Grand format","publisher_availability":1,"stock":0,"editions":[],"url":"https:\/\/quaidesbrumes.com\/ouvrage\/9782013657686\/memoires-dun-cadet-de-famille-tome-1"},{"id":"9782012523395","title":"Apparition du Christ au calvaire de Verdelais, pr\u00e8s Bordeaux. Proph\u00e9tie sur la France (\u00c9d.1872)","description":"Apparition du Christ au calvaire de Verdelais, pr\u00e8s Bordeaux... Proph\u00e9tie sur la France\r\nDate de l'\u00e9dition originale : 1872\r\n\r\nLe pr\u00e9sent ouvrage s'inscrit dans une politique de conservation patrimoniale des ouvrages de la litt\u00e9rature Fran\u00e7aise mise en place avec la BNF.\r\nHACHETTE LIVRE et la BNF proposent ainsi un catalogue de titres indisponibles, la BNF ayant num\u00e9ris\u00e9 ces oeuvres et HACHETTE LIVRE les imprimant \u00e0 la demande.\r\nCertains de ces ouvrages refl\u00e8tent des courants de pens\u00e9e caract\u00e9ristiques de leur \u00e9poque, mais qui seraient aujourd'hui jug\u00e9s condamnables.\r\nIls n'en appartiennent pas moins \u00e0 l'histoire des id\u00e9es en France et sont susceptibles de pr\u00e9senter un int\u00e9r\u00eat scientifique ou historique.\r\nLe sens de notre d\u00e9marche \u00e9ditoriale consiste ainsi \u00e0 permettre l'acc\u00e8s \u00e0 ces oeuvres sans pour autant que nous en cautionnions en aucune fa\u00e7on le contenu.\r\n\r\nPour plus d'informations, rendez-vous sur www.hachettebnf.fr","authors":["Emmanuel"],"category_codes":["9000000","9080000"],"visuals":{"large":"https:\/\/images.epagine.fr\/395\/9782012523395_1_75.jpg","medium":"https:\/\/images.epagine.fr\/395\/9782012523395_1_m.jpg","thumbnail":"https:\/\/images.epagine.fr\/395\/9782012523395_1_v.jpg"},"orderable":true,"show_badge":true,"formatted_price":"16,00&nbsp;\u20ac","formatted_published_date":"1er avril 2012","publisher_availability_label":"Sur commande","short_details":"Emmanuel \u2014 Hachette BNF","translator":null,"weight":154,"page_count":100,"readership":null,"editor":"Hachette BNF","price":1600,"published_date":"2012-03-31T22:00:00.000000Z","support":"Grand format","publisher_availability":1,"stock":0,"editions":[],"url":"https:\/\/quaidesbrumes.com\/ouvrage\/9782012523395\/apparition-du-christ-au-calvaire-de-verdelais-pres-bordeaux-prophetie-sur-la-france-ed1872"},{"id":"9782329460185","title":"Les arguments de la raison en faveur de la philosophie, de la religion et du sacerdoce","description":"Les arguments de la raison en faveur de la philosophie, de la religion et du sacerdoce, ou Examen de l'Homme de M. H\u00e9lv\u00e9tius ; par M. l'abb\u00e9 Pichon,...\r\nDate de l'\u00e9dition originale : 1776\r\nLe pr\u00e9sent ouvrage s'inscrit dans une politique de conservation patrimoniale des ouvrages de la litt\u00e9rature Fran\u00e7aise mise en place avec la BNF. \r\nHACHETTE LIVRE et la BNF proposent ainsi un catalogue de titres indisponibles, la BNF ayant num\u00e9ris\u00e9 ces oeuvres et HACHETTE LIVRE les imprimant \u00e0 la demande. \r\nCertains de ces ouvrages refl\u00e8tent des courants de pens\u00e9e caract\u00e9ristiques de leur \u00e9poque, mais qui seraient aujourd'hui jug\u00e9s condamnables. \r\nIls n'en appartiennent pas moins \u00e0 l'histoire des id\u00e9es en France et sont susceptibles de pr\u00e9senter un int\u00e9r\u00eat scientifique ou historique. \r\nLe sens de notre d\u00e9marche \u00e9ditoriale consiste ainsi \u00e0 permettre l'acc\u00e8s \u00e0 ces oeuvres sans pour autant que nous en cautionnions en aucune fa\u00e7on le contenu. \r\nPour plus d'informations, rendez-vous sur www.hachettebnf.fr","authors":["Thomas-Jean Pichon"],"category_codes":["9000000","9080000"],"visuals":{"large":"https:\/\/quaidesbrumes.com\/img\/book-placeholder.png","medium":"https:\/\/quaidesbrumes.com\/img\/book-placeholder.png","thumbnail":"https:\/\/quaidesbrumes.com\/img\/book-placeholder.png"},"orderable":true,"show_badge":true,"formatted_price":"26,00&nbsp;\u20ac","formatted_published_date":"1er septembre 2020","publisher_availability_label":"Sur commande","short_details":"Thomas-Jean Pichon \u2014 Hachette BNF","translator":null,"weight":535,"page_count":396,"readership":null,"editor":"Hachette BNF","price":2600,"published_date":"2020-08-31T22:00:00.000000Z","support":"Grand format","publisher_availability":1,"stock":0,"editions":[],"url":"https:\/\/quaidesbrumes.com\/ouvrage\/9782329460185\/les-arguments-de-la-raison-en-faveur-de-la-philosophie-de-la-religion-et-du-sacerdoce"},{"id":"9782012765092","title":"Quod nihil scitur (ed.1581)","description":"Quod nihil scitur http:\/\/gallica.bnf.fr\/ark:\/12148\/bpt6k49823t\r","authors":["Sanchez Francisco"],"category_codes":["9000000","9080000"],"visuals":{"large":"https:\/\/images.epagine.fr\/092\/9782012765092_1_75.jpg","medium":"https:\/\/images.epagine.fr\/092\/9782012765092_1_m.jpg","thumbnail":"https:\/\/images.epagine.fr\/092\/9782012765092_1_v.jpg"},"orderable":true,"show_badge":true,"formatted_price":"16,00&nbsp;\u20ac","formatted_published_date":"1er mai 2012","publisher_availability_label":"Sur commande","short_details":"Sanchez Francisco \u2014 Hachette BNF","translator":null,"weight":167,"page_count":null,"readership":null,"editor":"Hachette BNF","price":1600,"published_date":"2012-04-30T22:00:00.000000Z","support":"Grand format","publisher_availability":1,"stock":0,"editions":[],"url":"https:\/\/quaidesbrumes.com\/ouvrage\/9782012765092\/quod-nihil-scitur-ed1581"},{"id":"9782296044913","title":"Richard Rorty ; la fin de la m\u00e9taphysique et la pragmatique de la science","description":"Le n\u00e9opragmatisme de Rorty, oppos\u00e9 au r\u00e9alisme m\u00e9taphysique classique, invite \u00e0 penser la v\u00e9rit\u00e9 comme une pure question de solidarit\u00e9, et fait du d\u00e9sir de solidarit\u00e9 le seul et ultime confort de la soci\u00e9t\u00e9 occidentale, postulant que la v\u00e9rit\u00e9 se fabrique plut\u00f4t qu'elle ne se d\u00e9couvre. L'ouvrage relativise cependant ce constructivisme qui court-circuite l'\u00e9thique objectiviste de la science.\r","authors":["Angue","Jean-rodrigue-\u00e9lis\u00e9e Eyene-mba"],"category_codes":["9000000","9080000","9080200","9080204"],"visuals":{"large":"https:\/\/images.epagine.fr\/913\/9782296044913_1_75.jpg","medium":"https:\/\/images.epagine.fr\/913\/9782296044913_1_m.jpg","thumbnail":"https:\/\/images.epagine.fr\/913\/9782296044913_1_v.jpg"},"orderable":true,"show_badge":true,"formatted_price":"25,00&nbsp;\u20ac","formatted_published_date":"13 novembre 2007","publisher_availability_label":"Sur commande","short_details":"Angue, Jean-rodrigue-\u00e9lis\u00e9e Eyene-mba \u2014 \u00c9ditions L'Harmattan","translator":null,"weight":320,"page_count":238,"readership":null,"editor":"\u00c9ditions L'Harmattan","price":2500,"published_date":"2007-11-12T23:00:00.000000Z","support":"Grand format","publisher_availability":1,"stock":0,"editions":[],"url":"https:\/\/quaidesbrumes.com\/ouvrage\/9782296044913\/richard-rorty-la-fin-de-la-metaphysique-et-la-pragmatique-de-la-science"},{"id":"9782013657693","title":"Memoires d'un cadet de famille. tome 2","description":"M\u00e9moires d'un cadet de famille. Tome 2 \/ , par Trelawney,... Traduit par Floran...\r\nDate de l'\u00e9dition originale : 1833 Ce livre est la reproduction fid\u00e8le d'une oeuvre publi\u00e9e avant 1920 et fait partie d'une collection de livres r\u00e9imprim\u00e9s \u00e0 la demande \u00e9dit\u00e9e par Hachette Livre, dans le cadre d'un partenariat avec la Biblioth\u00e8que nationale de France, offrant l'opportunit\u00e9 d'acc\u00e9der \u00e0 des ouvrages anciens et souvent rares issus des fonds patrimoniaux de la BnF.\r\nLes oeuvres faisant partie de cette collection ont \u00e9t\u00e9 num\u00e9ris\u00e9es par la BnF et sont pr\u00e9sentes sur Gallica, sa biblioth\u00e8que num\u00e9rique.\r\n\r\nEn entreprenant de redonner vie \u00e0 ces ouvrages au travers d'une collection de livres r\u00e9imprim\u00e9s \u00e0 la demande, nous leur donnons la possibilit\u00e9 de rencontrer un public \u00e9largi et participons \u00e0 la transmission de connaissances et de savoirs parfois difficilement accessibles.\r\nNous avons cherch\u00e9 \u00e0 concilier la reproduction fid\u00e8le d'un livre ancien \u00e0 partir de sa version num\u00e9ris\u00e9e avec le souci d'un confort de lecture optimal. Nous esp\u00e9rons que les ouvrages de cette nouvelle collection vous apporteront enti\u00e8re satisfaction.\r\n\r\nPour plus d'informations, rendez-vous sur www.hachettebnf.fr http:\/\/gallica.bnf.fr\/ark:\/12148\/bpt6k57448172\r","authors":["Trelawny-E"],"category_codes":["9000000","9080000"],"visuals":{"large":"https:\/\/images.epagine.fr\/693\/9782013657693_1_75.jpg","medium":"https:\/\/images.epagine.fr\/693\/9782013657693_1_m.jpg","thumbnail":"https:\/\/images.epagine.fr\/693\/9782013657693_1_v.jpg"},"orderable":true,"show_badge":true,"formatted_price":"27,00&nbsp;\u20ac","formatted_published_date":"1er janvier 2013","publisher_availability_label":"Sur commande","short_details":"Trelawny-E \u2014 Hachette BNF","translator":null,"weight":595,"page_count":null,"readership":null,"editor":"Hachette BNF","price":2700,"published_date":"2012-12-31T23:00:00.000000Z","support":"Grand format","publisher_availability":1,"stock":0,"editions":[],"url":"https:\/\/quaidesbrumes.com\/ouvrage\/9782013657693\/memoires-dun-cadet-de-famille-tome-2"},{"id":"9782013657709","title":"Memoires d'un cadet de famille. tome 3","description":"M\u00e9moires d'un cadet de famille. Volume 3 \/ , par Trelawney,... Traduit par Floran...\r\nDate de l'\u00e9dition originale : 1833 Ce livre est la reproduction fid\u00e8le d'une oeuvre publi\u00e9e avant 1920 et fait partie d'une collection de livres r\u00e9imprim\u00e9s \u00e0 la demande \u00e9dit\u00e9e par Hachette Livre, dans le cadre d'un partenariat avec la Biblioth\u00e8que nationale de France, offrant l'opportunit\u00e9 d'acc\u00e9der \u00e0 des ouvrages anciens et souvent rares issus des fonds patrimoniaux de la BnF.\r\nLes oeuvres faisant partie de cette collection ont \u00e9t\u00e9 num\u00e9ris\u00e9es par la BnF et sont pr\u00e9sentes sur Gallica, sa biblioth\u00e8que num\u00e9rique.\r\n\r\nEn entreprenant de redonner vie \u00e0 ces ouvrages au travers d'une collection de livres r\u00e9imprim\u00e9s \u00e0 la demande, nous leur donnons la possibilit\u00e9 de rencontrer un public \u00e9largi et participons \u00e0 la transmission de connaissances et de savoirs parfois difficilement accessibles.\r\nNous avons cherch\u00e9 \u00e0 concilier la reproduction fid\u00e8le d'un livre ancien \u00e0 partir de sa version num\u00e9ris\u00e9e avec le souci d'un confort de lecture optimal. Nous esp\u00e9rons que les ouvrages de cette nouvelle collection vous apporteront enti\u00e8re satisfaction.\r\n\r\nPour plus d'informations, rendez-vous sur www.hachettebnf.fr http:\/\/gallica.bnf.fr\/ark:\/12148\/bpt6k5625002c\r","authors":["Trelawny-E"],"category_codes":["9000000","9080000"],"visuals":{"large":"https:\/\/images.epagine.fr\/709\/9782013657709_1_75.jpg","medium":"https:\/\/images.epagine.fr\/709\/9782013657709_1_m.jpg","thumbnail":"https:\/\/images.epagine.fr\/709\/9782013657709_1_v.jpg"},"orderable":true,"show_badge":true,"formatted_price":"27,00&nbsp;\u20ac","formatted_published_date":"1er janvier 2013","publisher_availability_label":"Sur commande","short_details":"Trelawny-E \u2014 Hachette BNF","translator":null,"weight":595,"page_count":null,"readership":null,"editor":"Hachette BNF","price":2700,"published_date":"2012-12-31T23:00:00.000000Z","support":"Grand format","publisher_availability":1,"stock":0,"editions":[],"url":"https:\/\/quaidesbrumes.com\/ouvrage\/9782013657709\/memoires-dun-cadet-de-famille-tome-3"},{"id":"9782312026848","title":"L'Afrique dans la philosophie h\u00e9gelienne de l'histoire ; \u00e9valuation critique de sa vision par les philosophes africains","description":"L'histoire de la philosophie nous apprend qu'au XIXe si\u00e8cle l'activit\u00e9 spirituelle \u00e9tait dominante. A cette m\u00eame \u00e9.poque, se d\u00e9veloppait l'esprit de nationalit\u00e9 et l'id\u00e9ologie fond\u00e9e sur la croyance en une hi\u00e9rarchie des races humaines. Cette id\u00e9ologie a \u00e9t\u00e9 soutenue par plusieurs th\u00e9oriciens parmi lesquels on a l'habitude de placer le philosophe allemand Hegel. Pour Hegel, l'Africain n'a pas d'histoire, car il n'a ni \u00e9criture et poss\u00e8de un esprit pr\u00e9logique : Pour reprendre Ki-Zerbo dans son livre : \u00ab ces peuples n'ont rien donn\u00e9 \u00e0 l'humanit\u00e9, ...ils n'ont rien produit, ni Euclide, ni Aristote, ni Galil\u00e9e, ni Lavoisier, ni Pasteur... \u00bb (Histoire de l'Afrique noire : d'hier \u00e0 demain, Hatier, Paris, 1978,p.56-57). Pour contredire cette th\u00e8se h\u00e9g\u00e9lienne, on a vu na\u00eetre l'intelligentia africaine. L'auteur propose d'entrer dans ce vieux d\u00e9bat pour faire ressortir les questions actuelles de la philosophie africaine...\r","authors":["Alin Djeckabe"],"category_codes":["9000000","9080000","9080200","9080204"],"visuals":{"large":"https:\/\/images.epagine.fr\/848\/9782312026848_1_75.jpg","medium":"https:\/\/images.epagine.fr\/848\/9782312026848_1_m.jpg","thumbnail":"https:\/\/images.epagine.fr\/848\/9782312026848_1_v.jpg"},"orderable":true,"show_badge":true,"formatted_price":"11,00&nbsp;\u20ac","formatted_published_date":"7 janvier 2014","publisher_availability_label":"Sur commande","short_details":"Alin Djeckabe \u2014 Editions du Net","translator":null,"weight":150,"page_count":140,"readership":null,"editor":"Editions du Net","price":1100,"published_date":"2014-01-06T23:00:00.000000Z","support":"Grand format","publisher_availability":1,"stock":0,"editions":[],"url":"https:\/\/quaidesbrumes.com\/ouvrage\/9782312026848\/lafrique-dans-la-philosophie-hegelienne-de-lhistoire-evaluation-critique-de-sa-vision-par-les-philosophes-africains"},{"id":"9782329457963","title":"Essai de philosophie religieuse","description":"Essai de philosophie religieuse \/ par \u00c9mile Saisset\r\nDate de l'\u00e9dition originale : 1859\r\nLe pr\u00e9sent ouvrage s'inscrit dans une politique de conservation patrimoniale des ouvrages de la litt\u00e9rature Fran\u00e7aise mise en place avec la BNF. \r\nHACHETTE LIVRE et la BNF proposent ainsi un catalogue de titres indisponibles, la BNF ayant num\u00e9ris\u00e9 ces oeuvres et HACHETTE LIVRE les imprimant \u00e0 la demande. \r\nCertains de ces ouvrages refl\u00e8tent des courants de pens\u00e9e caract\u00e9ristiques de leur \u00e9poque, mais qui seraient aujourd'hui jug\u00e9s condamnables. \r\nIls n'en appartiennent pas moins \u00e0 l'histoire des id\u00e9es en France et sont susceptibles de pr\u00e9senter un int\u00e9r\u00eat scientifique ou historique. \r\nLe sens de notre d\u00e9marche \u00e9ditoriale consiste ainsi \u00e0 permettre l'acc\u00e8s \u00e0 ces oeuvres sans pour autant que nous en cautionnions en aucune fa\u00e7on le contenu. \r\nPour plus d'informations, rendez-vous sur www.hachettebnf.fr","authors":["Emile Saisset"],"category_codes":["9000000","9080000"],"visuals":{"large":"https:\/\/quaidesbrumes.com\/img\/book-placeholder.png","medium":"https:\/\/quaidesbrumes.com\/img\/book-placeholder.png","thumbnail":"https:\/\/quaidesbrumes.com\/img\/book-placeholder.png"},"orderable":true,"show_badge":true,"formatted_price":"32,50&nbsp;\u20ac","formatted_published_date":"1er septembre 2020","publisher_availability_label":"Sur commande","short_details":"Emile Saisset \u2014 Hachette BNF","translator":null,"weight":733,"page_count":546,"readership":null,"editor":"Hachette BNF","price":3250,"published_date":"2020-08-31T22:00:00.000000Z","support":"Grand format","publisher_availability":1,"stock":0,"editions":[],"url":"https:\/\/quaidesbrumes.com\/ouvrage\/9782329457963\/essai-de-philosophie-religieuse"},{"id":"9782013402620","title":"De la cosmogonie de moise, comparee aux faits geologiques. tome 1","description":"De la cosmogonie de Mo\u00efse, compar\u00e9e aux faits g\u00e9ologiques. Tome 1 \/ par Marcel de Serres,...\r\nDate de l'\u00e9dition originale : 1859 Sujet de l'ouvrage : Bible et g\u00e9ologieCycles g\u00e9ologiques Ce livre est la reproduction fid\u00e8le d une uvre publi\u00e9e avant 1920 et fait partie d une collection de livres r\u00e9imprim\u00e9s \u00e0 la demande \u00e9dit\u00e9e par Hachette Livre, dans le cadre d un partenariat avec la Biblioth\u00e8que nationale de France, offrant l opportunit\u00e9 d acc\u00e9der \u00e0 des ouvrages anciens et souvent rares issus des fonds patrimoniaux de la BnF.\r\nLes uvres faisant partie de cette collection ont \u00e9t\u00e9 num\u00e9ris\u00e9es par la BnF et sont pr\u00e9sentes sur Gallica, sa biblioth\u00e8que num\u00e9rique.\r\n\r\nEn entreprenant de redonner vie \u00e0 ces ouvrages au travers d une collection de livres r\u00e9imprim\u00e9s \u00e0 la demande, nous leur donnons la possibilit\u00e9 de rencontrer un public \u00e9largi et participons \u00e0 la transmission de connaissances et de savoirs parfois difficilement accessibles.\r\nNous avons cherch\u00e9 \u00e0 concilier la reproduction fid\u00e8le d un livre ancien \u00e0 partir de sa version num\u00e9ris\u00e9e avec le souci d un confort de lecture optimal. Nous esp\u00e9rons que les ouvrages de cette nouvelle collection vous apporteront enti\u00e8re satisfaction.\r\n\r\nPour plus d informations, rendez-vous sur www.hachettebnf.fr\r","authors":["Serres Marcel De"],"category_codes":["9000000","9080000"],"visuals":{"large":"https:\/\/images.epagine.fr\/620\/9782013402620_1_75.jpg","medium":"https:\/\/images.epagine.fr\/620\/9782013402620_1_m.jpg","thumbnail":"https:\/\/images.epagine.fr\/620\/9782013402620_1_v.jpg"},"orderable":true,"show_badge":true,"formatted_price":"31,00&nbsp;\u20ac","formatted_published_date":"1er septembre 2014","publisher_availability_label":"Sur commande","short_details":"Serres Marcel De \u2014 Hachette BNF","translator":null,"weight":703,"page_count":null,"readership":null,"editor":"Hachette BNF","price":3100,"published_date":"2014-08-31T22:00:00.000000Z","support":"Grand format","publisher_availability":1,"stock":0,"editions":[],"url":"https:\/\/quaidesbrumes.com\/ouvrage\/9782013402620\/de-la-cosmogonie-de-moise-comparee-aux-faits-geologiques-tome-1"},{"id":"9783035803709","title":"The last mask : Hamann's theater of the grotesque","description":"Une relecture philologique et th\u00e9orique de l'oeuvre tardive de Johann Georg Hamann (1730-1788).\r","authors":["Brian Alkire"],"category_codes":["9000000","9080000","9080600"],"visuals":{"large":"https:\/\/images.epagine.fr\/709\/9783035803709_1_75.jpg","medium":"https:\/\/images.epagine.fr\/709\/9783035803709_1_m.jpg","thumbnail":"https:\/\/images.epagine.fr\/709\/9783035803709_1_v.jpg"},"orderable":true,"show_badge":true,"formatted_price":"18,00&nbsp;\u20ac","formatted_published_date":"24 mars 2021","publisher_availability_label":"Sur commande","short_details":"Brian Alkire \u2014 Diaphanes","translator":null,"weight":195,"page_count":128,"readership":null,"editor":"Diaphanes","price":1800,"published_date":"2021-03-23T23:00:00.000000Z","support":"Grand format","publisher_availability":1,"stock":0,"editions":[],"url":"https:\/\/quaidesbrumes.com\/ouvrage\/9783035803709\/the-last-mask-hamanns-theater-of-the-grotesque"},{"id":"9782016188637","title":"La tradition cosmique. tome 3","description":"La tradition cosmique.... 3 Date de l'\u00e9dition originale : 1903-1920 Ce livre est la reproduction fid\u00e8le d'une oeuvre publi\u00e9e avant 1920 et fait partie d'une collection de livres r\u00e9imprim\u00e9s \u00e0 la demande \u00e9dit\u00e9e par Hachette Livre, dans le cadre d'un partenariat avec la Biblioth\u00e8que nationale de France, offrant l'opportunit\u00e9 d'acc\u00e9der \u00e0 des ouvrages anciens et souvent rares issus des fonds patrimoniaux de la BnF.\r\nLes oeuvres faisant partie de cette collection ont \u00e9t\u00e9 num\u00e9ris\u00e9es par la BnF et sont pr\u00e9sentes sur Gallica, sa biblioth\u00e8que num\u00e9rique.\r\n\r\nEn entreprenant de redonner vie \u00e0 ces ouvrages au travers d'une collection de livres r\u00e9imprim\u00e9s \u00e0 la demande, nous leur donnons la possibilit\u00e9 de rencontrer un public \u00e9largi et participons \u00e0 la transmission de connaissances et de savoirs parfois difficilement accessibles.\r\nNous avons cherch\u00e9 \u00e0 concilier la reproduction fid\u00e8le d'un livre ancien \u00e0 partir de sa version num\u00e9ris\u00e9e avec le souci d'un confort de lecture optimal. Nous esp\u00e9rons que les ouvrages de cette nouvelle collection vous apporteront enti\u00e8re satisfaction.\r\n\r\nPour plus d'informations, rendez-vous sur www.hachettebnf.fr\r","authors":["Theon Max"],"category_codes":["9000000","9080000"],"visuals":{"large":"https:\/\/images.epagine.fr\/637\/9782016188637_1_75.jpg","medium":"https:\/\/images.epagine.fr\/637\/9782016188637_1_m.jpg","thumbnail":"https:\/\/images.epagine.fr\/637\/9782016188637_1_v.jpg"},"orderable":true,"show_badge":true,"formatted_price":"25,50&nbsp;\u20ac","formatted_published_date":"1er d\u00e9cembre 2016","publisher_availability_label":"Sur commande","short_details":"Theon Max \u2014 Hachette BNF","translator":null,"weight":540,"page_count":null,"readership":null,"editor":"Hachette BNF","price":2550,"published_date":"2016-11-30T23:00:00.000000Z","support":"Grand format","publisher_availability":1,"stock":0,"editions":[],"url":"https:\/\/quaidesbrumes.com\/ouvrage\/9782016188637\/la-tradition-cosmique-tome-3"},{"id":"9782296042742","title":"Vivre la philosophie","description":"Ce livre propose, dans un langage accessible \u00e0 tous, quelques itin\u00e9raires permettant \u00e0 chacun d'interroger son rapport au monde, au savoir, au langage et \u00e0 lui-m\u00eame afin de le transformer et de tracer son chemin vers ce que l'on appelle la sagesse.\r","authors":["Mich\u00e8le Pichon"],"category_codes":["9000000","9080000","9080200","9080204"],"visuals":{"large":"https:\/\/images.epagine.fr\/742\/9782296042742_1_75.jpg","medium":"https:\/\/images.epagine.fr\/742\/9782296042742_1_m.jpg","thumbnail":"https:\/\/images.epagine.fr\/742\/9782296042742_1_v.jpg"},"orderable":true,"show_badge":true,"formatted_price":"19,00&nbsp;\u20ac","formatted_published_date":"31 octobre 2007","publisher_availability_label":"Sur commande","short_details":"Mich\u00e8le Pichon \u2014 \u00c9ditions L'Harmattan","translator":null,"weight":220,"page_count":200,"readership":null,"editor":"\u00c9ditions L'Harmattan","price":1900,"published_date":"2007-10-30T23:00:00.000000Z","support":"Grand format","publisher_availability":1,"stock":0,"editions":[],"url":"https:\/\/quaidesbrumes.com\/ouvrage\/9782296042742\/vivre-la-philosophie"},{"id":"9782806602831","title":"Esth\u00e9tique et spiritualit\u00e9 Tome 1 ; enjeux identitaires","description":"S\u00e9minaire transfrontalier co-organis\u00e9 par l'\u00c9cole doctorale en Langues et Lettres de la Communaut\u00e9 fran\u00e7aise de Belgique (ED3) et l'\u00c9cole doctorale SHS Lille-Nord de France, consacr\u00e9 en 2010 aux enjeux identitaires de la spiritualit\u00e9 dans les h\u00e9ritages culturels et la cr\u00e9ation. La collection \u00ab Esth\u00e9tique et Spiritualit\u00e9 \u00bb entend combler une lacune de l'historiographie litt\u00e9raire et artistique en consid\u00e9rant de concert l'\u00e9volution des sensibilit\u00e9s esth\u00e9tiques et celle des formes et ancrages...","authors":["Collectif"],"category_codes":["9000000","9080000","9080200","9080204"],"visuals":{"large":"https:\/\/images.epagine.fr\/831\/9782806602831_1_75.jpg","medium":"https:\/\/images.epagine.fr\/831\/9782806602831_1_m.jpg","thumbnail":"https:\/\/images.epagine.fr\/831\/9782806602831_1_v.jpg"},"orderable":true,"show_badge":true,"formatted_price":"25,00&nbsp;\u20ac","formatted_published_date":"23 mars 2012","publisher_availability_label":"Sur commande","short_details":"Collectif \u2014 EME EDITIONS","translator":null,"weight":250,"page_count":178,"readership":null,"editor":"EME EDITIONS","price":2500,"published_date":"2012-03-22T23:00:00.000000Z","support":"Grand format","publisher_availability":1,"stock":0,"editions":[],"url":"https:\/\/quaidesbrumes.com\/ouvrage\/9782806602831\/esthetique-et-spiritualite-tome-1-enjeux-identitaires"},{"id":"9782806602992","title":"Esth\u00e9tique et spiritualit\u00e9 Tome 2 ; circulation des mod\u00e8les en Europe","description":"S\u00e9minaire transfrontalier co-organis\u00e9 par l'\u00c9cole doctorale en Langues et Lettres de la Communaut\u00e9 fran\u00e7aise de Belgique (ED3) et l'\u00c9cole doctorale SHS Lille-Nord de France, consacr\u00e9 en 2011 \u00e0 la circulation des mod\u00e8les qui ont fond\u00e9 les valeurs et l'identit\u00e9 de l'Europe. La collection \u00ab Esth\u00e9tique et Spiritualit\u00e9 \u00bb entend combler une lacune de l'historiographie litt\u00e9raire et artistique en consid\u00e9rant de concert l'\u00e9volution des sensibilit\u00e9s esth\u00e9tiques...","authors":["Maignant Decharneux"],"category_codes":["9000000","9080000","9080200","9080204"],"visuals":{"large":"https:\/\/images.epagine.fr\/992\/9782806602992_1_75.jpg","medium":"https:\/\/images.epagine.fr\/992\/9782806602992_1_m.jpg","thumbnail":"https:\/\/images.epagine.fr\/992\/9782806602992_1_v.jpg"},"orderable":true,"show_badge":true,"formatted_price":"34,50&nbsp;\u20ac","formatted_published_date":"23 mars 2012","publisher_availability_label":"Sur commande","short_details":"Maignant Decharneux \u2014 EME EDITIONS","translator":null,"weight":450,"page_count":346,"readership":null,"editor":"EME EDITIONS","price":3450,"published_date":"2012-03-22T23:00:00.000000Z","support":"Grand format","publisher_availability":1,"stock":0,"editions":[],"url":"https:\/\/quaidesbrumes.com\/ouvrage\/9782806602992\/esthetique-et-spiritualite-tome-2-circulation-des-modeles-en-europe"}]}